{"id":87736,"date":"2025-05-15T22:42:12","date_gmt":"2025-05-15T19:42:12","guid":{"rendered":"https:\/\/denizcankizil.tr\/uncategorized-tr\/bursa-niluferden-konakliya-800-zeytin-fidani\/"},"modified":"2025-05-15T22:42:12","modified_gmt":"2025-05-15T19:42:12","slug":"bursa-niluferden-konakliya-800-zeytin-fidani","status":"publish","type":"post","link":"http:\/\/denizcankizil.tr\/uk\/haberler\/gundem\/bursa-niluferden-konakliya-800-zeytin-fidani\/","title":{"rendered":"Bursa Nil\u00fcfer&#8217;den Konakl\u0131\u2019ya 800 zeytin fidan\u0131"},"content":{"rendered":"<p>Bursa&#8217;da Nil\u00fcfer Belediyesi, Konakl\u0131 Mahallesi\u2019nde 800 zeytin fidan\u0131n\u0131 toprakla bulu\u015fturdu. Nil\u00fcfer Belediye Ba\u015fkan\u0131 \u015eadi \u00d6zdemir, Nil\u00fcfer\u2019deki zeytinlerin y\u00fczde 40\u2019\u0131n\u0131n Konakl\u0131\u2019da \u00fcretildi\u011fine dikkat \u00e7ekerek, \u201cBiz de burada at\u0131l durumdaki arazimize fidanlar\u0131m\u0131z\u0131 dikiyoruz\u201d dedi.BURSA (\u0130GFA) &#8211;  Nil\u00fcfer Belediyesi, tar\u0131m alanlar\u0131n\u0131n korunmas\u0131, \u00fcretimin te\u015fvik edilmesi, temiz g\u0131daya eri\u015fim alan\u0131ndaki projelerine bir yenisini daha ekledi.<br \/>\nBelediyenin at\u0131l durumdaki arazilerini tar\u0131msal \u00fcretime ay\u0131ran Nil\u00fcfer Belediyesi, Konakl\u0131 Mahallesi\u2019nde 23 dekarl\u0131k araziye 800 zeytin fidan\u0131 dikti. Fidan dikiminde, Nil\u00fcfer Belediye Ba\u015fkan\u0131 \u015eadi \u00d6zdemir\u2019in yan\u0131 s\u0131ra Nil\u00fcfer Belediye Ba\u015fkan Yard\u0131mc\u0131lar\u0131, Nil\u00fcfer Belediye Meclis \u00dcyeleri, Nil\u00fcfer Tar\u0131msal Kalk\u0131nma Kooperatifi (N\u0130LKOOP) Ba\u015fkan\u0131 S\u00fcleyman Ayy\u0131lmaz ve Konakl\u0131 Mahalle Muhtar\u0131 Hasan Tosun da yer ald\u0131. Ba\u015fkan \u015eadi \u00d6zdemir de zeytin fidan\u0131 dikti. Fidana ilk can suyunu veren Ba\u015fkan \u015eadi \u00d6zdemir, \u00fcretimin bereketli olmas\u0131n\u0131 diledi.<\/p>\n<p>ZEYT\u0130N\u0130N Y\u00dcZDE 40\u2019I KONAKLI\u2019DA<br \/>\nNil\u00fcfer Belediye Ba\u015fkan\u0131 \u015eadi \u00d6zdemir, Bursa\u2019n\u0131n zeytin \u00fcretiminde T\u00fcrkiye\u2019de 6\u2019\u0131nc\u0131 s\u0131rada yer ald\u0131\u011f\u0131n\u0131 s\u00f6yledi. Nil\u00fcfer\u2019in de \u00f6nemli \u00fcretim merkezlerinden biri oldu\u011funu dile getiren Ba\u015fkan \u015eadi \u00d6zdemir, \u201cZeytin hem bar\u0131\u015f\u0131n hem de bereketin simgesi. Nil\u00fcfer\u2019de \u00fcretilen zeytinlerin y\u00fczde 40\u2019\u0131 Konakl\u0131\u2019da \u00fcretiliyor. Biz de burada at\u0131l durumdaki arazimize zeytin fidanlar\u0131m\u0131z\u0131 dikiyoruz. Bu \u015fekilde \u00fcretimi de destekliyoruz\u201d dedi.<br \/>\nNil\u00fcfer\u2019in bereketli topraklar\u0131nda tar\u0131m\u0131 destekleyici politikalar \u00fcretmeye devam edeceklerini anlatan Ba\u015fkan \u015eadi \u00d6zdemir, \u201cYeni \u00fcretim modelleri deniyoruz. \u00d6rnek \u00fcretimler yap\u0131yoruz. Kooperatifleri destekliyoruz. Bunun \u00fczerinden de \u00fcretilen \u00fcr\u00fcnleri alma vaadinde bulunuyoruz. T\u00fcketim mekanizmalar\u0131n\u0131 da olu\u015fturuyoruz. Nil\u00fcfer\u2019in k\u00f6yl\u00fcs\u00fc Nil\u00fcfer\u2019in efendisi olsun istiyoruz\u201d diye konu\u015ftu.<\/p>\n<p>\u200bBursa&#8217;da Nil\u00fcfer Belediyesi, Konakl\u0131 Mahallesi\u2019nde 800 zeytin fidan\u0131n\u0131 toprakla bulu\u015fturdu. Nil\u00fcfer Belediye Ba\u015fkan\u0131 \u015eadi \u00d6zdemir, Nil\u00fcfer\u2019deki zeytinlerin y\u00fczde 40\u2019\u0131n\u0131n Konakl\u0131\u2019da \u00fcretildi\u011fine dikkat \u00e7ekerek, \u201cBiz de burada at\u0131l durumdaki arazimize fidanlar\u0131m\u0131z\u0131 dikiyoruz\u201d dedi.BURSA (\u0130GFA) &#8211;  Nil\u00fcfer Belediyesi, tar\u0131m alanlar\u0131n\u0131n korunmas\u0131, \u00fcretimin te\u015fvik edilmesi, temiz g\u0131daya eri\u015fim alan\u0131ndaki projelerine bir yenisini daha ekledi.<br \/>\nBelediyenin at\u0131l durumdaki arazilerini tar\u0131msal \u00fcretime ay\u0131ran Nil\u00fcfer Belediyesi, Konakl\u0131 Mahallesi\u2019nde 23 dekarl\u0131k araziye 800 zeytin fidan\u0131 dikti. Fidan dikiminde, Nil\u00fcfer Belediye Ba\u015fkan\u0131 \u015eadi \u00d6zdemir\u2019in yan\u0131 s\u0131ra Nil\u00fcfer Belediye Ba\u015fkan Yard\u0131mc\u0131lar\u0131, Nil\u00fcfer Belediye Meclis \u00dcyeleri, Nil\u00fcfer Tar\u0131msal Kalk\u0131nma Kooperatifi (N\u0130LKOOP) Ba\u015fkan\u0131 S\u00fcleyman Ayy\u0131lmaz ve Konakl\u0131 Mahalle Muhtar\u0131 Hasan Tosun da yer ald\u0131. Ba\u015fkan \u015eadi \u00d6zdemir de zeytin fidan\u0131 dikti. Fidana ilk can suyunu veren Ba\u015fkan \u015eadi \u00d6zdemir, \u00fcretimin bereketli olmas\u0131n\u0131 diledi.<\/p>\n<p>ZEYT\u0130N\u0130N Y\u00dcZDE 40\u2019I KONAKLI\u2019DA<br \/>\nNil\u00fcfer Belediye Ba\u015fkan\u0131 \u015eadi \u00d6zdemir, Bursa\u2019n\u0131n zeytin \u00fcretiminde T\u00fcrkiye\u2019de 6\u2019\u0131nc\u0131 s\u0131rada yer ald\u0131\u011f\u0131n\u0131 s\u00f6yledi. Nil\u00fcfer\u2019in de \u00f6nemli \u00fcretim merkezlerinden biri oldu\u011funu dile getiren Ba\u015fkan \u015eadi \u00d6zdemir, \u201cZeytin hem bar\u0131\u015f\u0131n hem de bereketin simgesi. Nil\u00fcfer\u2019de \u00fcretilen zeytinlerin y\u00fczde 40\u2019\u0131 Konakl\u0131\u2019da \u00fcretiliyor. Biz de burada at\u0131l durumdaki arazimize zeytin fidanlar\u0131m\u0131z\u0131 dikiyoruz. Bu \u015fekilde \u00fcretimi de destekliyoruz\u201d dedi.<br \/>\nNil\u00fcfer\u2019in bereketli topraklar\u0131nda tar\u0131m\u0131 destekleyici politikalar \u00fcretmeye devam edeceklerini anlatan Ba\u015fkan \u015eadi \u00d6zdemir, \u201cYeni \u00fcretim modelleri deniyoruz. \u00d6rnek \u00fcretimler yap\u0131yoruz. Kooperatifleri destekliyoruz. Bunun \u00fczerinden de \u00fcretilen \u00fcr\u00fcnleri alma vaadinde bulunuyoruz. T\u00fcketim mekanizmalar\u0131n\u0131 da olu\u015fturuyoruz. Nil\u00fcfer\u2019in k\u00f6yl\u00fcs\u00fc Nil\u00fcfer\u2019in efendisi olsun istiyoruz\u201d diye konu\u015ftu.\u00a0<\/p>\n<p>\u200bHaberin Al\u0131nt\u0131land\u0131\u011f\u0131 Kaynak: www.iskenderun.org<\/p>","protected":false},"excerpt":{"rendered":"<p>Bursa&#8217;da Nil\u00fcfer Belediyesi, Konakl\u0131 Mahallesi\u2019nde 800 zeytin fidan\u0131n\u0131 toprakla bulu\u015fturdu. Nil\u00fcfer Belediye Ba\u015fkan\u0131 \u015eadi \u00d6zdemir, Nil\u00fcfer\u2019deki zeytinlerin y\u00fczde 40\u2019\u0131n\u0131n Konakl\u0131\u2019da \u00fcretildi\u011fine dikkat \u00e7ekerek, \u201cBiz de burada at\u0131l durumdaki arazimize fidanlar\u0131m\u0131z\u0131 dikiyoruz\u201d dedi.BURSA (\u0130GFA) &#8211; Nil\u00fcfer Belediyesi, tar\u0131m alanlar\u0131n\u0131n korunmas\u0131, \u00fcretimin te\u015fvik edilmesi, temiz g\u0131daya eri\u015fim alan\u0131ndaki projelerine bir yenisini daha ekledi. Belediyenin at\u0131l durumdaki arazilerini tar\u0131msal \u00fcretime ay\u0131ran Nil\u00fcfer Belediyesi, Konakl\u0131 Mahallesi\u2019nde 23 dekarl\u0131k araziye 800 zeytin fidan\u0131 dikti. Fidan dikiminde, Nil\u00fcfer Belediye Ba\u015fkan\u0131 \u015eadi \u00d6zdemir\u2019in yan\u0131 s\u0131ra Nil\u00fcfer Belediye Ba\u015fkan Yard\u0131mc\u0131lar\u0131, Nil\u00fcfer Belediye Meclis \u00dcyeleri, Nil\u00fcfer Tar\u0131msal Kalk\u0131nma Kooperatifi (N\u0130LKOOP) Ba\u015fkan\u0131 S\u00fcleyman Ayy\u0131lmaz ve Konakl\u0131 Mahalle Muhtar\u0131 Hasan Tosun da yer ald\u0131. Ba\u015fkan \u015eadi \u00d6zdemir de zeytin fidan\u0131 dikti. Fidana ilk can suyunu veren Ba\u015fkan \u015eadi \u00d6zdemir, \u00fcretimin bereketli olmas\u0131n\u0131 diledi. ZEYT\u0130N\u0130N Y\u00dcZDE 40\u2019I KONAKLI\u2019DA Nil\u00fcfer Belediye Ba\u015fkan\u0131 \u015eadi \u00d6zdemir, Bursa\u2019n\u0131n zeytin \u00fcretiminde T\u00fcrkiye\u2019de 6\u2019\u0131nc\u0131 s\u0131rada yer ald\u0131\u011f\u0131n\u0131 s\u00f6yledi. Nil\u00fcfer\u2019in de \u00f6nemli \u00fcretim merkezlerinden biri oldu\u011funu dile getiren Ba\u015fkan \u015eadi \u00d6zdemir, \u201cZeytin hem bar\u0131\u015f\u0131n hem de bereketin simgesi. Nil\u00fcfer\u2019de \u00fcretilen zeytinlerin y\u00fczde 40\u2019\u0131 Konakl\u0131\u2019da \u00fcretiliyor. Biz de burada at\u0131l durumdaki arazimize zeytin fidanlar\u0131m\u0131z\u0131 dikiyoruz. Bu \u015fekilde \u00fcretimi de destekliyoruz\u201d dedi. Nil\u00fcfer\u2019in bereketli topraklar\u0131nda tar\u0131m\u0131 destekleyici politikalar \u00fcretmeye devam edeceklerini anlatan Ba\u015fkan \u015eadi \u00d6zdemir, \u201cYeni \u00fcretim modelleri deniyoruz. \u00d6rnek \u00fcretimler &hellip;<\/p>","protected":false},"author":1,"featured_media":0,"comment_status":"","ping_status":"open","sticky":false,"template":"","format":"standard","meta":{"_acf_changed":false,"footnotes":""},"categories":[24],"tags":[],"class_list":["post-87736","post","type-post","status-publish","format-standard","has-post-thumbnail","hentry","category-gundem"],"acf":[],"yoast_head":"<!-- This site is optimized with the Yoast SEO Premium plugin v26.6 (Yoast SEO v27.1.1) - https:\/\/yoast.com\/product\/yoast-seo-premium-wordpress\/ -->\n<title>Bursa Nil\u00fcfer&#039;den Konakl\u0131\u2019ya 800 zeytin fidan\u0131 - Av. Deniz Can K\u0131z\u0131l<\/title>\n<meta name=\"robots\" content=\"index, follow, max-snippet:-1, max-image-preview:large, max-video-preview:-1\" \/>\n<link rel=\"canonical\" href=\"https:\/\/denizcankizil.tr\/uk\/haberler\/gundem\/bursa-niluferden-konakliya-800-zeytin-fidani\/\" \/>\n<meta property=\"og:locale\" content=\"uk_UA\" \/>\n<meta property=\"og:type\" content=\"article\" \/>\n<meta property=\"og:title\" content=\"Bursa Nil\u00fcfer&#039;den Konakl\u0131\u2019ya 800 zeytin fidan\u0131\" \/>\n<meta property=\"og:description\" content=\"Bursa&#8217;da Nil\u00fcfer Belediyesi, Konakl\u0131 Mahallesi\u2019nde 800 zeytin fidan\u0131n\u0131 toprakla bulu\u015fturdu. Nil\u00fcfer Belediye Ba\u015fkan\u0131 \u015eadi \u00d6zdemir, Nil\u00fcfer\u2019deki zeytinlerin y\u00fczde 40\u2019\u0131n\u0131n Konakl\u0131\u2019da \u00fcretildi\u011fine dikkat \u00e7ekerek, \u201cBiz de burada at\u0131l durumdaki arazimize fidanlar\u0131m\u0131z\u0131 dikiyoruz\u201d dedi.BURSA (\u0130GFA) &#8211; Nil\u00fcfer Belediyesi, tar\u0131m alanlar\u0131n\u0131n korunmas\u0131, \u00fcretimin te\u015fvik edilmesi, temiz g\u0131daya eri\u015fim alan\u0131ndaki projelerine bir yenisini daha ekledi. Belediyenin at\u0131l durumdaki arazilerini tar\u0131msal \u00fcretime ay\u0131ran Nil\u00fcfer Belediyesi, Konakl\u0131 Mahallesi\u2019nde 23 dekarl\u0131k araziye 800 zeytin fidan\u0131 dikti. Fidan dikiminde, Nil\u00fcfer Belediye Ba\u015fkan\u0131 \u015eadi \u00d6zdemir\u2019in yan\u0131 s\u0131ra Nil\u00fcfer Belediye Ba\u015fkan Yard\u0131mc\u0131lar\u0131, Nil\u00fcfer Belediye Meclis \u00dcyeleri, Nil\u00fcfer Tar\u0131msal Kalk\u0131nma Kooperatifi (N\u0130LKOOP) Ba\u015fkan\u0131 S\u00fcleyman Ayy\u0131lmaz ve Konakl\u0131 Mahalle Muhtar\u0131 Hasan Tosun da yer ald\u0131. Ba\u015fkan \u015eadi \u00d6zdemir de zeytin fidan\u0131 dikti. Fidana ilk can suyunu veren Ba\u015fkan \u015eadi \u00d6zdemir, \u00fcretimin bereketli olmas\u0131n\u0131 diledi. ZEYT\u0130N\u0130N Y\u00dcZDE 40\u2019I KONAKLI\u2019DA Nil\u00fcfer Belediye Ba\u015fkan\u0131 \u015eadi \u00d6zdemir, Bursa\u2019n\u0131n zeytin \u00fcretiminde T\u00fcrkiye\u2019de 6\u2019\u0131nc\u0131 s\u0131rada yer ald\u0131\u011f\u0131n\u0131 s\u00f6yledi. Nil\u00fcfer\u2019in de \u00f6nemli \u00fcretim merkezlerinden biri oldu\u011funu dile getiren Ba\u015fkan \u015eadi \u00d6zdemir, \u201cZeytin hem bar\u0131\u015f\u0131n hem de bereketin simgesi. Nil\u00fcfer\u2019de \u00fcretilen zeytinlerin y\u00fczde 40\u2019\u0131 Konakl\u0131\u2019da \u00fcretiliyor. Biz de burada at\u0131l durumdaki arazimize zeytin fidanlar\u0131m\u0131z\u0131 dikiyoruz. Bu \u015fekilde \u00fcretimi de destekliyoruz\u201d dedi. Nil\u00fcfer\u2019in bereketli topraklar\u0131nda tar\u0131m\u0131 destekleyici politikalar \u00fcretmeye devam edeceklerini anlatan Ba\u015fkan \u015eadi \u00d6zdemir, \u201cYeni \u00fcretim modelleri deniyoruz. \u00d6rnek \u00fcretimler &hellip;\" \/>\n<meta property=\"og:url\" content=\"https:\/\/denizcankizil.tr\/uk\/haberler\/gundem\/bursa-niluferden-konakliya-800-zeytin-fidani\/\" \/>\n<meta property=\"og:site_name\" content=\"Av. Deniz Can K\u0131z\u0131l\" \/>\n<meta property=\"article:published_time\" content=\"2025-05-15T19:42:12+00:00\" \/>\n<meta name=\"author\" content=\"admin\" \/>\n<meta name=\"twitter:card\" content=\"summary_large_image\" \/>\n<meta name=\"twitter:label1\" content=\"\u041d\u0430\u043f\u0438\u0441\u0430\u043d\u043e\" \/>\n\t<meta name=\"twitter:data1\" content=\"admin\" \/>\n\t<meta name=\"twitter:label2\" content=\"\u041f\u0440\u0438\u0431\u043b. \u0447\u0430\u0441 \u0447\u0438\u0442\u0430\u043d\u043d\u044f\" \/>\n\t<meta name=\"twitter:data2\" content=\"3 \u0445\u0432\u0438\u043b\u0438\u043d\u0438\" \/>\n<script type=\"application\/ld+json\" class=\"yoast-schema-graph\">{\"@context\":\"https:\/\/schema.org\",\"@graph\":[{\"@type\":\"Article\",\"@id\":\"https:\/\/denizcankizil.tr\/ru\/haberler\/gundem\/bursa-niluferden-konakliya-800-zeytin-fidani\/#article\",\"isPartOf\":{\"@id\":\"https:\/\/denizcankizil.tr\/ru\/haberler\/gundem\/bursa-niluferden-konakliya-800-zeytin-fidani\/\"},\"author\":{\"name\":\"admin\",\"@id\":\"https:\/\/denizcankizil.tr\/#\/schema\/person\/be3c05fe6a12686905512445d8185489\"},\"headline\":\"Bursa Nil\u00fcfer&#8217;den Konakl\u0131\u2019ya 800 zeytin fidan\u0131\",\"datePublished\":\"2025-05-15T19:42:12+00:00\",\"mainEntityOfPage\":{\"@id\":\"https:\/\/denizcankizil.tr\/ru\/haberler\/gundem\/bursa-niluferden-konakliya-800-zeytin-fidani\/\"},\"wordCount\":638,\"publisher\":{\"@id\":\"https:\/\/denizcankizil.tr\/#organization\"},\"articleSection\":[\"G\u00fcndem\"],\"inLanguage\":\"uk\"},{\"@type\":\"WebPage\",\"@id\":\"https:\/\/denizcankizil.tr\/ru\/haberler\/gundem\/bursa-niluferden-konakliya-800-zeytin-fidani\/\",\"url\":\"https:\/\/denizcankizil.tr\/ru\/haberler\/gundem\/bursa-niluferden-konakliya-800-zeytin-fidani\/\",\"name\":\"Bursa Nil\u00fcfer'den Konakl\u0131\u2019ya 800 zeytin fidan\u0131 - Av. Deniz Can K\u0131z\u0131l\",\"isPartOf\":{\"@id\":\"https:\/\/denizcankizil.tr\/#website\"},\"datePublished\":\"2025-05-15T19:42:12+00:00\",\"breadcrumb\":{\"@id\":\"https:\/\/denizcankizil.tr\/ru\/haberler\/gundem\/bursa-niluferden-konakliya-800-zeytin-fidani\/#breadcrumb\"},\"inLanguage\":\"uk\",\"potentialAction\":[{\"@type\":\"ReadAction\",\"target\":[\"https:\/\/denizcankizil.tr\/ru\/haberler\/gundem\/bursa-niluferden-konakliya-800-zeytin-fidani\/\"]}]},{\"@type\":\"BreadcrumbList\",\"@id\":\"https:\/\/denizcankizil.tr\/ru\/haberler\/gundem\/bursa-niluferden-konakliya-800-zeytin-fidani\/#breadcrumb\",\"itemListElement\":[{\"@type\":\"ListItem\",\"position\":1,\"name\":\"Home\",\"item\":\"https:\/\/denizcankizil.tr\/de\/\"},{\"@type\":\"ListItem\",\"position\":2,\"name\":\"Bursa Nil\u00fcfer&#8217;den Konakl\u0131\u2019ya 800 zeytin fidan\u0131\"}]},{\"@type\":\"WebSite\",\"@id\":\"https:\/\/denizcankizil.tr\/#website\",\"url\":\"https:\/\/denizcankizil.tr\/\",\"name\":\"Av. Deniz Can K\u0131z\u0131l\",\"description\":\"Avukat Deniz Can K\u0131z\u0131l Antalya Barosu\",\"publisher\":{\"@id\":\"https:\/\/denizcankizil.tr\/#organization\"},\"potentialAction\":[{\"@type\":\"SearchAction\",\"target\":{\"@type\":\"EntryPoint\",\"urlTemplate\":\"https:\/\/denizcankizil.tr\/?s={search_term_string}\"},\"query-input\":{\"@type\":\"PropertyValueSpecification\",\"valueRequired\":true,\"valueName\":\"search_term_string\"}}],\"inLanguage\":\"uk\"},{\"@type\":\"Organization\",\"@id\":\"https:\/\/denizcankizil.tr\/#organization\",\"name\":\"Av. Deniz Can K\u0131z\u0131l\",\"url\":\"https:\/\/denizcankizil.tr\/\",\"logo\":{\"@type\":\"ImageObject\",\"inLanguage\":\"uk\",\"@id\":\"https:\/\/denizcankizil.tr\/#\/schema\/logo\/image\/\",\"url\":\"http:\/\/denizcankizil.tr\/wp-content\/uploads\/2024\/10\/siyah-logo-svg.svg\",\"contentUrl\":\"http:\/\/denizcankizil.tr\/wp-content\/uploads\/2024\/10\/siyah-logo-svg.svg\",\"width\":1080,\"height\":1080,\"caption\":\"Av. Deniz Can K\u0131z\u0131l\"},\"image\":{\"@id\":\"https:\/\/denizcankizil.tr\/#\/schema\/logo\/image\/\"}},{\"@type\":\"Person\",\"@id\":\"https:\/\/denizcankizil.tr\/#\/schema\/person\/be3c05fe6a12686905512445d8185489\",\"name\":\"admin\",\"image\":{\"@type\":\"ImageObject\",\"inLanguage\":\"uk\",\"@id\":\"https:\/\/denizcankizil.tr\/#\/schema\/person\/image\/\",\"url\":\"https:\/\/secure.gravatar.com\/avatar\/c1fce94c830dc79107e174f890d7210541c4a63e8e5d816341794a2151c9d58c?s=96&d=mm&r=g\",\"contentUrl\":\"https:\/\/secure.gravatar.com\/avatar\/c1fce94c830dc79107e174f890d7210541c4a63e8e5d816341794a2151c9d58c?s=96&d=mm&r=g\",\"caption\":\"admin\"},\"sameAs\":[\"http:\/\/denizcankizil.tr\"],\"url\":\"https:\/\/www.iskenderun.org\/bursa-niluferden-konakliya-800-zeytin-fidani\"}]}<\/script>\n<!-- \/ Yoast SEO Premium plugin. -->","yoast_head_json":{"title":"Bursa Nil\u00fcfer'den Konakl\u0131\u2019ya 800 zeytin fidan\u0131 - Av. Deniz Can K\u0131z\u0131l","robots":{"index":"index","follow":"follow","max-snippet":"max-snippet:-1","max-image-preview":"max-image-preview:large","max-video-preview":"max-video-preview:-1"},"canonical":"https:\/\/denizcankizil.tr\/uk\/haberler\/gundem\/bursa-niluferden-konakliya-800-zeytin-fidani\/","og_locale":"uk_UA","og_type":"article","og_title":"Bursa Nil\u00fcfer'den Konakl\u0131\u2019ya 800 zeytin fidan\u0131","og_description":"Bursa&#8217;da Nil\u00fcfer Belediyesi, Konakl\u0131 Mahallesi\u2019nde 800 zeytin fidan\u0131n\u0131 toprakla bulu\u015fturdu. Nil\u00fcfer Belediye Ba\u015fkan\u0131 \u015eadi \u00d6zdemir, Nil\u00fcfer\u2019deki zeytinlerin y\u00fczde 40\u2019\u0131n\u0131n Konakl\u0131\u2019da \u00fcretildi\u011fine dikkat \u00e7ekerek, \u201cBiz de burada at\u0131l durumdaki arazimize fidanlar\u0131m\u0131z\u0131 dikiyoruz\u201d dedi.BURSA (\u0130GFA) &#8211; Nil\u00fcfer Belediyesi, tar\u0131m alanlar\u0131n\u0131n korunmas\u0131, \u00fcretimin te\u015fvik edilmesi, temiz g\u0131daya eri\u015fim alan\u0131ndaki projelerine bir yenisini daha ekledi. Belediyenin at\u0131l durumdaki arazilerini tar\u0131msal \u00fcretime ay\u0131ran Nil\u00fcfer Belediyesi, Konakl\u0131 Mahallesi\u2019nde 23 dekarl\u0131k araziye 800 zeytin fidan\u0131 dikti. Fidan dikiminde, Nil\u00fcfer Belediye Ba\u015fkan\u0131 \u015eadi \u00d6zdemir\u2019in yan\u0131 s\u0131ra Nil\u00fcfer Belediye Ba\u015fkan Yard\u0131mc\u0131lar\u0131, Nil\u00fcfer Belediye Meclis \u00dcyeleri, Nil\u00fcfer Tar\u0131msal Kalk\u0131nma Kooperatifi (N\u0130LKOOP) Ba\u015fkan\u0131 S\u00fcleyman Ayy\u0131lmaz ve Konakl\u0131 Mahalle Muhtar\u0131 Hasan Tosun da yer ald\u0131. Ba\u015fkan \u015eadi \u00d6zdemir de zeytin fidan\u0131 dikti. Fidana ilk can suyunu veren Ba\u015fkan \u015eadi \u00d6zdemir, \u00fcretimin bereketli olmas\u0131n\u0131 diledi. ZEYT\u0130N\u0130N Y\u00dcZDE 40\u2019I KONAKLI\u2019DA Nil\u00fcfer Belediye Ba\u015fkan\u0131 \u015eadi \u00d6zdemir, Bursa\u2019n\u0131n zeytin \u00fcretiminde T\u00fcrkiye\u2019de 6\u2019\u0131nc\u0131 s\u0131rada yer ald\u0131\u011f\u0131n\u0131 s\u00f6yledi. Nil\u00fcfer\u2019in de \u00f6nemli \u00fcretim merkezlerinden biri oldu\u011funu dile getiren Ba\u015fkan \u015eadi \u00d6zdemir, \u201cZeytin hem bar\u0131\u015f\u0131n hem de bereketin simgesi. Nil\u00fcfer\u2019de \u00fcretilen zeytinlerin y\u00fczde 40\u2019\u0131 Konakl\u0131\u2019da \u00fcretiliyor. Biz de burada at\u0131l durumdaki arazimize zeytin fidanlar\u0131m\u0131z\u0131 dikiyoruz. Bu \u015fekilde \u00fcretimi de destekliyoruz\u201d dedi. Nil\u00fcfer\u2019in bereketli topraklar\u0131nda tar\u0131m\u0131 destekleyici politikalar \u00fcretmeye devam edeceklerini anlatan Ba\u015fkan \u015eadi \u00d6zdemir, \u201cYeni \u00fcretim modelleri deniyoruz. \u00d6rnek \u00fcretimler &hellip;","og_url":"https:\/\/denizcankizil.tr\/uk\/haberler\/gundem\/bursa-niluferden-konakliya-800-zeytin-fidani\/","og_site_name":"Av. Deniz Can K\u0131z\u0131l","article_published_time":"2025-05-15T19:42:12+00:00","author":"admin","twitter_card":"summary_large_image","twitter_misc":{"\u041d\u0430\u043f\u0438\u0441\u0430\u043d\u043e":"admin","\u041f\u0440\u0438\u0431\u043b. \u0447\u0430\u0441 \u0447\u0438\u0442\u0430\u043d\u043d\u044f":"3 \u0445\u0432\u0438\u043b\u0438\u043d\u0438"},"schema":{"@context":"https:\/\/schema.org","@graph":[{"@type":"Article","@id":"https:\/\/denizcankizil.tr\/ru\/haberler\/gundem\/bursa-niluferden-konakliya-800-zeytin-fidani\/#article","isPartOf":{"@id":"https:\/\/denizcankizil.tr\/ru\/haberler\/gundem\/bursa-niluferden-konakliya-800-zeytin-fidani\/"},"author":{"name":"admin","@id":"https:\/\/denizcankizil.tr\/#\/schema\/person\/be3c05fe6a12686905512445d8185489"},"headline":"Bursa Nil\u00fcfer&#8217;den Konakl\u0131\u2019ya 800 zeytin fidan\u0131","datePublished":"2025-05-15T19:42:12+00:00","mainEntityOfPage":{"@id":"https:\/\/denizcankizil.tr\/ru\/haberler\/gundem\/bursa-niluferden-konakliya-800-zeytin-fidani\/"},"wordCount":638,"publisher":{"@id":"https:\/\/denizcankizil.tr\/#organization"},"articleSection":["G\u00fcndem"],"inLanguage":"uk"},{"@type":"WebPage","@id":"https:\/\/denizcankizil.tr\/ru\/haberler\/gundem\/bursa-niluferden-konakliya-800-zeytin-fidani\/","url":"https:\/\/denizcankizil.tr\/ru\/haberler\/gundem\/bursa-niluferden-konakliya-800-zeytin-fidani\/","name":"Bursa Nil\u00fcfer'den Konakl\u0131\u2019ya 800 zeytin fidan\u0131 - Av. Deniz Can K\u0131z\u0131l","isPartOf":{"@id":"https:\/\/denizcankizil.tr\/#website"},"datePublished":"2025-05-15T19:42:12+00:00","breadcrumb":{"@id":"https:\/\/denizcankizil.tr\/ru\/haberler\/gundem\/bursa-niluferden-konakliya-800-zeytin-fidani\/#breadcrumb"},"inLanguage":"uk","potentialAction":[{"@type":"ReadAction","target":["https:\/\/denizcankizil.tr\/ru\/haberler\/gundem\/bursa-niluferden-konakliya-800-zeytin-fidani\/"]}]},{"@type":"BreadcrumbList","@id":"https:\/\/denizcankizil.tr\/ru\/haberler\/gundem\/bursa-niluferden-konakliya-800-zeytin-fidani\/#breadcrumb","itemListElement":[{"@type":"ListItem","position":1,"name":"Home","item":"https:\/\/denizcankizil.tr\/de\/"},{"@type":"ListItem","position":2,"name":"Bursa Nil\u00fcfer&#8217;den Konakl\u0131\u2019ya 800 zeytin fidan\u0131"}]},{"@type":"WebSite","@id":"https:\/\/denizcankizil.tr\/#website","url":"https:\/\/denizcankizil.tr\/","name":"Av. Deniz Can K\u0131z\u0131l","description":"Avukat Deniz Can K\u0131z\u0131l Antalya Barosu","publisher":{"@id":"https:\/\/denizcankizil.tr\/#organization"},"potentialAction":[{"@type":"SearchAction","target":{"@type":"EntryPoint","urlTemplate":"https:\/\/denizcankizil.tr\/?s={search_term_string}"},"query-input":{"@type":"PropertyValueSpecification","valueRequired":true,"valueName":"search_term_string"}}],"inLanguage":"uk"},{"@type":"Organization","@id":"https:\/\/denizcankizil.tr\/#organization","name":"Av. Deniz Can K\u0131z\u0131l","url":"https:\/\/denizcankizil.tr\/","logo":{"@type":"ImageObject","inLanguage":"uk","@id":"https:\/\/denizcankizil.tr\/#\/schema\/logo\/image\/","url":"http:\/\/denizcankizil.tr\/wp-content\/uploads\/2024\/10\/siyah-logo-svg.svg","contentUrl":"http:\/\/denizcankizil.tr\/wp-content\/uploads\/2024\/10\/siyah-logo-svg.svg","width":1080,"height":1080,"caption":"Av. Deniz Can K\u0131z\u0131l"},"image":{"@id":"https:\/\/denizcankizil.tr\/#\/schema\/logo\/image\/"}},{"@type":"Person","@id":"https:\/\/denizcankizil.tr\/#\/schema\/person\/be3c05fe6a12686905512445d8185489","name":"\u0430\u0434\u043c\u0456\u043d","image":{"@type":"ImageObject","inLanguage":"uk","@id":"https:\/\/denizcankizil.tr\/#\/schema\/person\/image\/","url":"https:\/\/secure.gravatar.com\/avatar\/c1fce94c830dc79107e174f890d7210541c4a63e8e5d816341794a2151c9d58c?s=96&d=mm&r=g","contentUrl":"https:\/\/secure.gravatar.com\/avatar\/c1fce94c830dc79107e174f890d7210541c4a63e8e5d816341794a2151c9d58c?s=96&d=mm&r=g","caption":"admin"},"sameAs":["http:\/\/denizcankizil.tr"],"url":"https:\/\/www.iskenderun.org\/bursa-niluferden-konakliya-800-zeytin-fidani"}]}},"_links":{"self":[{"href":"http:\/\/denizcankizil.tr\/uk\/wp-json\/wp\/v2\/posts\/87736","targetHints":{"allow":["GET"]}}],"collection":[{"href":"http:\/\/denizcankizil.tr\/uk\/wp-json\/wp\/v2\/posts"}],"about":[{"href":"http:\/\/denizcankizil.tr\/uk\/wp-json\/wp\/v2\/types\/post"}],"author":[{"embeddable":true,"href":"http:\/\/denizcankizil.tr\/uk\/wp-json\/wp\/v2\/users\/1"}],"replies":[{"embeddable":true,"href":"http:\/\/denizcankizil.tr\/uk\/wp-json\/wp\/v2\/comments?post=87736"}],"version-history":[{"count":0,"href":"http:\/\/denizcankizil.tr\/uk\/wp-json\/wp\/v2\/posts\/87736\/revisions"}],"wp:attachment":[{"href":"http:\/\/denizcankizil.tr\/uk\/wp-json\/wp\/v2\/media?parent=87736"}],"wp:term":[{"taxonomy":"category","embeddable":true,"href":"http:\/\/denizcankizil.tr\/uk\/wp-json\/wp\/v2\/categories?post=87736"},{"taxonomy":"post_tag","embeddable":true,"href":"http:\/\/denizcankizil.tr\/uk\/wp-json\/wp\/v2\/tags?post=87736"}],"curies":[{"name":"wp","href":"https:\/\/api.w.org\/{rel}","templated":true}]}}