{"id":8545,"date":"2024-10-26T22:41:34","date_gmt":"2024-10-26T19:41:34","guid":{"rendered":"https:\/\/denizcankizil.tr\/uncategorized-tr\/antalya-kitap-fuarina-bu-tartisma-damga-vurdu-ergenekon-fethullah-gulen\/"},"modified":"2024-10-26T22:41:34","modified_gmt":"2024-10-26T19:41:34","slug":"antalya-kitap-fuarina-bu-tartisma-damga-vurdu-ergenekon-fethullah-gulen","status":"publish","type":"post","link":"http:\/\/denizcankizil.tr\/uk\/haberler\/gundem\/antalya-kitap-fuarina-bu-tartisma-damga-vurdu-ergenekon-fethullah-gulen\/","title":{"rendered":"\u0426\u044f \u0434\u0438\u0441\u043a\u0443\u0441\u0456\u044f \u0431\u0443\u043b\u0430 \u0432\u0456\u0434\u0437\u043d\u0430\u0447\u0435\u043d\u0430 \u043d\u0430 \u043a\u043d\u0438\u0436\u043a\u043e\u0432\u043e\u043c\u0443 \u044f\u0440\u043c\u0430\u0440\u043a\u0443 \u0432 \u0410\u043d\u0442\u0430\u043b\u0456\u0457! &#034;\u0415\u0440\u0433\u0435\u043d\u0435\u043a\u043e\u043d, \u0424\u0435\u0442\u0445\u0443\u043b\u043b\u0430\u0445 \u0413\u044e\u043b\u0435\u043d...&#034;"},"content":{"rendered":"<p>Bu y\u0131l 14&#8217;\u00fcnc\u00fcs\u00fc d\u00fczenlenen Antalya Kitap Fuar\u0131, kitapseverleri a\u011f\u0131rlamaya devam ediyor. Cam Piramit Fuar Alan\u0131&#8217;nda ger\u00e7ekle\u015ftirilen ve bu y\u0131l 14&#8217;\u00fcnc\u00fcs\u00fc d\u00fczenlenen Antalya Kitap Fuar\u0131&#8217;nda \u00fcnl\u00fc yazarlar da kitapseverlerle bir araya gelerek, kitaplar\u0131n\u0131 imzal\u0131yor. 26&#8217;nc\u0131 Genelkurmay Ba\u015fkan\u0131 ve yazar Org. \u0130lker Ba\u015fbu\u011f da &#8216;Cumhuriyet&#8217;in Dayand\u0131\u011f\u0131 Temel \u0130lkeler&#8217; konulu s\u00f6yle\u015fiye kat\u0131ld\u0131. D\u00fcden Salonu&#8217;nda konu\u015fan \u0130lker Ba\u015fbu\u011f, insan ili\u015fkilerini ele\u015ftirdi.<\/p>\n<p>&#8220;KA\u00c7 K\u0130\u015e\u0130 SESL\u0130 OLARAK YAKINLARINI ARIYOR?&#8221;\u00a0<\/p>\n<p>Teknolojik alandaki ilerlemenin insan ili\u015fkilerini zay\u0131flatt\u0131\u011f\u0131n\u0131 belirten Ba\u015fbu\u011f, &#8220;Maalesef etraf\u0131m\u0131za bakt\u0131\u011f\u0131m\u0131zda insanl\u0131\u011f\u0131n ileri gidece\u011fine teknolojik alandaki geli\u015fmeleri ayr\u0131 bir yere koyal\u0131m ama insan ili\u015fkileri nerede? Buraya bakt\u0131\u011f\u0131m\u0131z zaman tam teknolojik geli\u015fmelere g\u00f6re z\u0131t bir noktaday\u0131z. Teknolojik geli\u015fmeler de bir noktada insan ili\u015fkilerini zay\u0131flatan bir neden mi? Kesinlikle ben de o kanaatteyim. \u0130nsanlar sabah y\u00fcr\u00fcrken bile telefonda bir yerleri izliyor. Telefonla ka\u00e7 ki\u015fi sesli olarak yak\u0131nlar\u0131n\u0131 ar\u0131yor? Bu berbat bir olay. Sesli ileti\u015fim bile de\u011ferini kaybetti. \u0130nsanlar yak\u0131nlar\u0131n\u0131n sesini duymaya muhta\u00e7 duruma geldi&#8221; dedi.<\/p>\n<p>OKUL \u00d6NCES\u0130 E\u011e\u0130T\u0130M\u0130N \u00d6NEM\u0130NE VURGU YAPTI\u00a0<\/p>\n<p>Kitaba olan ilginin son 15 y\u0131lda artt\u0131\u011f\u0131n\u0131 g\u00f6rd\u00fc\u011f\u00fcn\u00fc belirten Ba\u015fbu\u011f, okumayan bir insan\u0131n biraz eksik oldu\u011funu d\u00fc\u015f\u00fcnd\u00fc\u011f\u00fcn\u00fc s\u00f6yledi. Okul \u00f6ncesi e\u011fitimin \u00e7ok \u00f6nemli oldu\u011funu da belirten Ba\u015fbu\u011f, &#8220;D\u00fcnyadaki ba\u015far\u0131l\u0131 e\u011fitim seviyesi, y\u00fcksek \u00fclkelere bakt\u0131\u011f\u0131n\u0131zda temel nokta \u00e7\u0131k\u0131yor. Okul \u00f6ncesi e\u011fitim. T\u00fcrkiye&#8217;nin okul \u00f6ncesi e\u011fitime ay\u0131rd\u0131\u011f\u0131 kayna\u011fa bak\u0131nca Avrupa \u00fclkelerinin \u00e7ok gerisinde&#8221; diye konu\u015ftu.<\/p>\n<p>&#8220;KEMAL\u0130ST ASKERLER NEDEN GRUP KURMADINIZ?&#8221;\u00a0<\/p>\n<p>S\u00f6yle\u015fiye kat\u0131lan Ahmet \u00d6nder, Ba\u015fbu\u011f&#8217;a, &#8220;Okuman\u0131n \u00f6nemi tart\u0131\u015f\u0131lmaz ama okumu\u015f, ahlak\u0131 bozuk insanlar s\u0131radan, k\u00f6yl\u00fc insanlar\u0131n verdi\u011fi zarar\u0131n milyonlarca kat\u0131n\u0131 verdi. Siz y\u0131llarca asker oldunuz, Genelkurmay Ba\u015fkan\u0131 oldunuz. Neticesinde bu memleketi FET\u00d6&#8217;ye teslim ettiniz. Ergenekon&#8217;dan hapse t\u0131k\u0131l\u0131nca oyunca\u011f\u0131 al\u0131nm\u0131\u015f \u00e7ocuk gibi a\u011flad\u0131n\u0131z. Fetullah G\u00fclen b\u00fct\u00fcn memlekete s\u0131zarken siz ne yap\u0131yordunuz? Kemalist askerler neden grup kurmad\u0131n\u0131z?&#8221; dedi. Bunun \u00fczerine \u0130lker Ba\u015fbu\u011f, &#8220;Fikirlerine sayg\u0131 duyuyorum. Ne dedim ba\u015fta? &#8216;Okumak&#8217; de\u011fil mi? &#8216;Ergenekon&#8217;dan \u00c7\u0131k\u0131\u015f&#8217; diye bir kitap var. Al onu oku, ondan sonra konu\u015fal\u0131m&#8221; yan\u0131t\u0131n\u0131 verdi. Konu\u015fmas\u0131na devam etmek isteyen Ahmet \u00d6nder&#8217;e, salondaki baz\u0131 kat\u0131l\u0131mc\u0131lar da &#8220;Yanl\u0131\u015f ki\u015fiye soruyorsun&#8221; diyerek tepki g\u00f6sterdi. \u00d6nder, g\u00f6revliler taraf\u0131ndan salondan \u00e7\u0131kar\u0131ld\u0131.<\/p>\n<p>\u200bAntalya Kitap Fuar\u0131&#8217;nda s\u00f6yle\u015fiye kat\u0131lan 26&#8217;nc\u0131 Genelkurmay Ba\u015fkan\u0131 ve Yazar Orgeneral \u0130lker Ba\u015fbu\u011f&#8217;a, s\u00f6z alan bir vatanda\u015f tepki g\u00f6sterdi. &#8220;Ergenekon&#8217;dan hapse t\u0131k\u0131l\u0131nca oyunca\u011f\u0131 al\u0131nm\u0131\u015f \u00e7ocuk gibi a\u011flad\u0131n\u0131z. Fethullah G\u00fclen b\u00fct\u00fcn memlekete s\u0131zarken siz ne yap\u0131yordunuz?&#8221; diyen kat\u0131l\u0131mc\u0131ya, Ba\u015fbu\u011f, &#8220;Fikirlerine sayg\u0131 duyuyorum. &#8216;Ergenekon&#8217;dan \u00c7\u0131k\u0131\u015f&#8217; diye bir kitap var. Al onu oku, ondan sonra konu\u015fal\u0131m&#8221; yan\u0131t\u0131n\u0131 verdi. Ba\u015fbu\u011f&#8217;a soru soran vatanda\u015f, g\u00f6revliler taraf\u0131ndan salondan \u00e7\u0131kar\u0131ld\u0131\u00a0<\/p>\n<p>\u200bHaberin Al\u0131nt\u0131land\u0131\u011f\u0131 Kaynak: www.antalyakorfez.com<\/p>","protected":false},"excerpt":{"rendered":"<p>Bu y\u0131l 14&#8217;\u00fcnc\u00fcs\u00fc d\u00fczenlenen Antalya Kitap Fuar\u0131, kitapseverleri a\u011f\u0131rlamaya devam ediyor. Cam Piramit Fuar Alan\u0131&#8217;nda ger\u00e7ekle\u015ftirilen ve bu y\u0131l 14&#8217;\u00fcnc\u00fcs\u00fc d\u00fczenlenen Antalya Kitap Fuar\u0131&#8217;nda \u00fcnl\u00fc yazarlar da kitapseverlerle bir araya gelerek, kitaplar\u0131n\u0131 imzal\u0131yor. 26&#8217;nc\u0131 Genelkurmay Ba\u015fkan\u0131 ve yazar Org. \u0130lker Ba\u015fbu\u011f da &#8216;Cumhuriyet&#8217;in Dayand\u0131\u011f\u0131 Temel \u0130lkeler&#8217; konulu s\u00f6yle\u015fiye kat\u0131ld\u0131. D\u00fcden Salonu&#8217;nda konu\u015fan \u0130lker Ba\u015fbu\u011f, insan ili\u015fkilerini ele\u015ftirdi. &#8220;KA\u00c7 K\u0130\u015e\u0130 SESL\u0130 OLARAK YAKINLARINI ARIYOR?&#8221;\u00a0 Teknolojik alandaki ilerlemenin insan ili\u015fkilerini zay\u0131flatt\u0131\u011f\u0131n\u0131 belirten Ba\u015fbu\u011f, &#8220;Maalesef etraf\u0131m\u0131za bakt\u0131\u011f\u0131m\u0131zda insanl\u0131\u011f\u0131n ileri gidece\u011fine teknolojik alandaki geli\u015fmeleri ayr\u0131 bir yere koyal\u0131m ama insan ili\u015fkileri nerede? Buraya bakt\u0131\u011f\u0131m\u0131z zaman tam teknolojik geli\u015fmelere g\u00f6re z\u0131t bir noktaday\u0131z. Teknolojik geli\u015fmeler de bir noktada insan ili\u015fkilerini zay\u0131flatan bir neden mi? Kesinlikle ben de o kanaatteyim. \u0130nsanlar sabah y\u00fcr\u00fcrken bile telefonda bir yerleri izliyor. Telefonla ka\u00e7 ki\u015fi sesli olarak yak\u0131nlar\u0131n\u0131 ar\u0131yor? Bu berbat bir olay. Sesli ileti\u015fim bile de\u011ferini kaybetti. \u0130nsanlar yak\u0131nlar\u0131n\u0131n sesini duymaya muhta\u00e7 duruma geldi&#8221; dedi. OKUL \u00d6NCES\u0130 E\u011e\u0130T\u0130M\u0130N \u00d6NEM\u0130NE VURGU YAPTI\u00a0 Kitaba olan ilginin son 15 y\u0131lda artt\u0131\u011f\u0131n\u0131 g\u00f6rd\u00fc\u011f\u00fcn\u00fc belirten Ba\u015fbu\u011f, okumayan bir insan\u0131n biraz eksik oldu\u011funu d\u00fc\u015f\u00fcnd\u00fc\u011f\u00fcn\u00fc s\u00f6yledi. Okul \u00f6ncesi e\u011fitimin \u00e7ok \u00f6nemli oldu\u011funu da belirten Ba\u015fbu\u011f, &#8220;D\u00fcnyadaki ba\u015far\u0131l\u0131 e\u011fitim seviyesi, y\u00fcksek \u00fclkelere bakt\u0131\u011f\u0131n\u0131zda temel nokta \u00e7\u0131k\u0131yor. Okul \u00f6ncesi e\u011fitim. T\u00fcrkiye&#8217;nin okul \u00f6ncesi e\u011fitime ay\u0131rd\u0131\u011f\u0131 kayna\u011fa bak\u0131nca Avrupa &hellip;<\/p>","protected":false},"author":0,"featured_media":0,"comment_status":"open","ping_status":"open","sticky":false,"template":"","format":"standard","meta":{"_acf_changed":false,"footnotes":""},"categories":[24,535],"tags":[],"class_list":["post-8545","post","type-post","status-publish","format-standard","has-post-thumbnail","hentry","category-gundem","category-uncategorized-tr"],"acf":[],"yoast_head":"<!-- This site is optimized with the Yoast SEO Premium plugin v26.6 (Yoast SEO v27.1.1) - https:\/\/yoast.com\/product\/yoast-seo-premium-wordpress\/ -->\n<title>Antalya Kitap Fuar\u0131&#039;na bu tart\u0131\u015fma damga vurdu! &quot;Ergenekon, Fethullah G\u00fclen...&quot; - Av. Deniz Can K\u0131z\u0131l<\/title>\n<meta name=\"robots\" content=\"index, follow, max-snippet:-1, max-image-preview:large, max-video-preview:-1\" \/>\n<link rel=\"canonical\" href=\"https:\/\/denizcankizil.tr\/uk\/haberler\/gundem\/antalya-kitap-fuarina-bu-tartisma-damga-vurdu-ergenekon-fethullah-gulen\/\" \/>\n<meta property=\"og:locale\" content=\"uk_UA\" \/>\n<meta property=\"og:type\" content=\"article\" \/>\n<meta property=\"og:title\" content=\"Antalya Kitap Fuar\u0131&#039;na bu tart\u0131\u015fma damga vurdu! &quot;Ergenekon, Fethullah G\u00fclen...&quot;\" \/>\n<meta property=\"og:description\" content=\"Bu y\u0131l 14&#8217;\u00fcnc\u00fcs\u00fc d\u00fczenlenen Antalya Kitap Fuar\u0131, kitapseverleri a\u011f\u0131rlamaya devam ediyor. Cam Piramit Fuar Alan\u0131&#8217;nda ger\u00e7ekle\u015ftirilen ve bu y\u0131l 14&#8217;\u00fcnc\u00fcs\u00fc d\u00fczenlenen Antalya Kitap Fuar\u0131&#8217;nda \u00fcnl\u00fc yazarlar da kitapseverlerle bir araya gelerek, kitaplar\u0131n\u0131 imzal\u0131yor. 26&#8217;nc\u0131 Genelkurmay Ba\u015fkan\u0131 ve yazar Org. \u0130lker Ba\u015fbu\u011f da &#8216;Cumhuriyet&#8217;in Dayand\u0131\u011f\u0131 Temel \u0130lkeler&#8217; konulu s\u00f6yle\u015fiye kat\u0131ld\u0131. D\u00fcden Salonu&#8217;nda konu\u015fan \u0130lker Ba\u015fbu\u011f, insan ili\u015fkilerini ele\u015ftirdi. &#8220;KA\u00c7 K\u0130\u015e\u0130 SESL\u0130 OLARAK YAKINLARINI ARIYOR?&#8221;\u00a0 Teknolojik alandaki ilerlemenin insan ili\u015fkilerini zay\u0131flatt\u0131\u011f\u0131n\u0131 belirten Ba\u015fbu\u011f, &#8220;Maalesef etraf\u0131m\u0131za bakt\u0131\u011f\u0131m\u0131zda insanl\u0131\u011f\u0131n ileri gidece\u011fine teknolojik alandaki geli\u015fmeleri ayr\u0131 bir yere koyal\u0131m ama insan ili\u015fkileri nerede? Buraya bakt\u0131\u011f\u0131m\u0131z zaman tam teknolojik geli\u015fmelere g\u00f6re z\u0131t bir noktaday\u0131z. Teknolojik geli\u015fmeler de bir noktada insan ili\u015fkilerini zay\u0131flatan bir neden mi? Kesinlikle ben de o kanaatteyim. \u0130nsanlar sabah y\u00fcr\u00fcrken bile telefonda bir yerleri izliyor. Telefonla ka\u00e7 ki\u015fi sesli olarak yak\u0131nlar\u0131n\u0131 ar\u0131yor? Bu berbat bir olay. Sesli ileti\u015fim bile de\u011ferini kaybetti. \u0130nsanlar yak\u0131nlar\u0131n\u0131n sesini duymaya muhta\u00e7 duruma geldi&#8221; dedi. OKUL \u00d6NCES\u0130 E\u011e\u0130T\u0130M\u0130N \u00d6NEM\u0130NE VURGU YAPTI\u00a0 Kitaba olan ilginin son 15 y\u0131lda artt\u0131\u011f\u0131n\u0131 g\u00f6rd\u00fc\u011f\u00fcn\u00fc belirten Ba\u015fbu\u011f, okumayan bir insan\u0131n biraz eksik oldu\u011funu d\u00fc\u015f\u00fcnd\u00fc\u011f\u00fcn\u00fc s\u00f6yledi. Okul \u00f6ncesi e\u011fitimin \u00e7ok \u00f6nemli oldu\u011funu da belirten Ba\u015fbu\u011f, &#8220;D\u00fcnyadaki ba\u015far\u0131l\u0131 e\u011fitim seviyesi, y\u00fcksek \u00fclkelere bakt\u0131\u011f\u0131n\u0131zda temel nokta \u00e7\u0131k\u0131yor. Okul \u00f6ncesi e\u011fitim. T\u00fcrkiye&#8217;nin okul \u00f6ncesi e\u011fitime ay\u0131rd\u0131\u011f\u0131 kayna\u011fa bak\u0131nca Avrupa &hellip;\" \/>\n<meta property=\"og:url\" content=\"https:\/\/denizcankizil.tr\/uk\/haberler\/gundem\/antalya-kitap-fuarina-bu-tartisma-damga-vurdu-ergenekon-fethullah-gulen\/\" \/>\n<meta property=\"og:site_name\" content=\"Av. Deniz Can K\u0131z\u0131l\" \/>\n<meta property=\"article:published_time\" content=\"2024-10-26T19:41:34+00:00\" \/>\n<meta name=\"twitter:card\" content=\"summary_large_image\" \/>\n<meta name=\"twitter:label1\" content=\"\u041f\u0440\u0438\u0431\u043b. \u0447\u0430\u0441 \u0447\u0438\u0442\u0430\u043d\u043d\u044f\" \/>\n\t<meta name=\"twitter:data1\" content=\"3 \u0445\u0432\u0438\u043b\u0438\u043d\u0438\" \/>\n<script type=\"application\/ld+json\" class=\"yoast-schema-graph\">{\"@context\":\"https:\/\/schema.org\",\"@graph\":[{\"@type\":\"Article\",\"@id\":\"https:\/\/denizcankizil.tr\/ru\/haberler\/gundem\/antalya-kitap-fuarina-bu-tartisma-damga-vurdu-ergenekon-fethullah-gulen\/#article\",\"isPartOf\":{\"@id\":\"https:\/\/denizcankizil.tr\/ru\/haberler\/gundem\/antalya-kitap-fuarina-bu-tartisma-damga-vurdu-ergenekon-fethullah-gulen\/\"},\"author\":{\"name\":\"\",\"@id\":\"\"},\"headline\":\"Antalya Kitap Fuar\u0131&#8217;na bu tart\u0131\u015fma damga vurdu! &#8220;Ergenekon, Fethullah G\u00fclen&#8230;&#8221;\",\"datePublished\":\"2024-10-26T19:41:34+00:00\",\"mainEntityOfPage\":{\"@id\":\"https:\/\/denizcankizil.tr\/ru\/haberler\/gundem\/antalya-kitap-fuarina-bu-tartisma-damga-vurdu-ergenekon-fethullah-gulen\/\"},\"wordCount\":575,\"commentCount\":0,\"publisher\":{\"@id\":\"https:\/\/denizcankizil.tr\/#organization\"},\"articleSection\":[\"G\u00fcndem\",\"Uncategorized\"],\"inLanguage\":\"uk\",\"potentialAction\":[{\"@type\":\"CommentAction\",\"name\":\"Comment\",\"target\":[\"https:\/\/denizcankizil.tr\/ru\/haberler\/gundem\/antalya-kitap-fuarina-bu-tartisma-damga-vurdu-ergenekon-fethullah-gulen\/#respond\"]}]},{\"@type\":\"WebPage\",\"@id\":\"https:\/\/denizcankizil.tr\/ru\/haberler\/gundem\/antalya-kitap-fuarina-bu-tartisma-damga-vurdu-ergenekon-fethullah-gulen\/\",\"url\":\"https:\/\/denizcankizil.tr\/ru\/haberler\/gundem\/antalya-kitap-fuarina-bu-tartisma-damga-vurdu-ergenekon-fethullah-gulen\/\",\"name\":\"Antalya Kitap Fuar\u0131'na bu tart\u0131\u015fma damga vurdu! \\\"Ergenekon, Fethullah G\u00fclen...\\\" - Av. Deniz Can K\u0131z\u0131l\",\"isPartOf\":{\"@id\":\"https:\/\/denizcankizil.tr\/#website\"},\"datePublished\":\"2024-10-26T19:41:34+00:00\",\"breadcrumb\":{\"@id\":\"https:\/\/denizcankizil.tr\/ru\/haberler\/gundem\/antalya-kitap-fuarina-bu-tartisma-damga-vurdu-ergenekon-fethullah-gulen\/#breadcrumb\"},\"inLanguage\":\"uk\",\"potentialAction\":[{\"@type\":\"ReadAction\",\"target\":[\"https:\/\/denizcankizil.tr\/ru\/haberler\/gundem\/antalya-kitap-fuarina-bu-tartisma-damga-vurdu-ergenekon-fethullah-gulen\/\"]}]},{\"@type\":\"BreadcrumbList\",\"@id\":\"https:\/\/denizcankizil.tr\/ru\/haberler\/gundem\/antalya-kitap-fuarina-bu-tartisma-damga-vurdu-ergenekon-fethullah-gulen\/#breadcrumb\",\"itemListElement\":[{\"@type\":\"ListItem\",\"position\":1,\"name\":\"Home\",\"item\":\"https:\/\/denizcankizil.tr\/de\/\"},{\"@type\":\"ListItem\",\"position\":2,\"name\":\"Antalya Kitap Fuar\u0131&#8217;na bu tart\u0131\u015fma damga vurdu! &#8220;Ergenekon, Fethullah G\u00fclen&#8230;&#8221;\"}]},{\"@type\":\"WebSite\",\"@id\":\"https:\/\/denizcankizil.tr\/#website\",\"url\":\"https:\/\/denizcankizil.tr\/\",\"name\":\"Av. Deniz Can K\u0131z\u0131l\",\"description\":\"Avukat Deniz Can K\u0131z\u0131l Antalya Barosu\",\"publisher\":{\"@id\":\"https:\/\/denizcankizil.tr\/#organization\"},\"potentialAction\":[{\"@type\":\"SearchAction\",\"target\":{\"@type\":\"EntryPoint\",\"urlTemplate\":\"https:\/\/denizcankizil.tr\/?s={search_term_string}\"},\"query-input\":{\"@type\":\"PropertyValueSpecification\",\"valueRequired\":true,\"valueName\":\"search_term_string\"}}],\"inLanguage\":\"uk\"},{\"@type\":\"Organization\",\"@id\":\"https:\/\/denizcankizil.tr\/#organization\",\"name\":\"Av. Deniz Can K\u0131z\u0131l\",\"url\":\"https:\/\/denizcankizil.tr\/\",\"logo\":{\"@type\":\"ImageObject\",\"inLanguage\":\"uk\",\"@id\":\"https:\/\/denizcankizil.tr\/#\/schema\/logo\/image\/\",\"url\":\"http:\/\/denizcankizil.tr\/wp-content\/uploads\/2024\/10\/siyah-logo-svg.svg\",\"contentUrl\":\"http:\/\/denizcankizil.tr\/wp-content\/uploads\/2024\/10\/siyah-logo-svg.svg\",\"width\":1080,\"height\":1080,\"caption\":\"Av. Deniz Can K\u0131z\u0131l\"},\"image\":{\"@id\":\"https:\/\/denizcankizil.tr\/#\/schema\/logo\/image\/\"}}]}<\/script>\n<!-- \/ Yoast SEO Premium plugin. -->","yoast_head_json":{"title":"Antalya Kitap Fuar\u0131'na bu tart\u0131\u015fma damga vurdu! \"Ergenekon, Fethullah G\u00fclen...\" - Av. Deniz Can K\u0131z\u0131l","robots":{"index":"index","follow":"follow","max-snippet":"max-snippet:-1","max-image-preview":"max-image-preview:large","max-video-preview":"max-video-preview:-1"},"canonical":"https:\/\/denizcankizil.tr\/uk\/haberler\/gundem\/antalya-kitap-fuarina-bu-tartisma-damga-vurdu-ergenekon-fethullah-gulen\/","og_locale":"uk_UA","og_type":"article","og_title":"Antalya Kitap Fuar\u0131'na bu tart\u0131\u015fma damga vurdu! \"Ergenekon, Fethullah G\u00fclen...\"","og_description":"Bu y\u0131l 14&#8217;\u00fcnc\u00fcs\u00fc d\u00fczenlenen Antalya Kitap Fuar\u0131, kitapseverleri a\u011f\u0131rlamaya devam ediyor. Cam Piramit Fuar Alan\u0131&#8217;nda ger\u00e7ekle\u015ftirilen ve bu y\u0131l 14&#8217;\u00fcnc\u00fcs\u00fc d\u00fczenlenen Antalya Kitap Fuar\u0131&#8217;nda \u00fcnl\u00fc yazarlar da kitapseverlerle bir araya gelerek, kitaplar\u0131n\u0131 imzal\u0131yor. 26&#8217;nc\u0131 Genelkurmay Ba\u015fkan\u0131 ve yazar Org. \u0130lker Ba\u015fbu\u011f da &#8216;Cumhuriyet&#8217;in Dayand\u0131\u011f\u0131 Temel \u0130lkeler&#8217; konulu s\u00f6yle\u015fiye kat\u0131ld\u0131. D\u00fcden Salonu&#8217;nda konu\u015fan \u0130lker Ba\u015fbu\u011f, insan ili\u015fkilerini ele\u015ftirdi. &#8220;KA\u00c7 K\u0130\u015e\u0130 SESL\u0130 OLARAK YAKINLARINI ARIYOR?&#8221;\u00a0 Teknolojik alandaki ilerlemenin insan ili\u015fkilerini zay\u0131flatt\u0131\u011f\u0131n\u0131 belirten Ba\u015fbu\u011f, &#8220;Maalesef etraf\u0131m\u0131za bakt\u0131\u011f\u0131m\u0131zda insanl\u0131\u011f\u0131n ileri gidece\u011fine teknolojik alandaki geli\u015fmeleri ayr\u0131 bir yere koyal\u0131m ama insan ili\u015fkileri nerede? Buraya bakt\u0131\u011f\u0131m\u0131z zaman tam teknolojik geli\u015fmelere g\u00f6re z\u0131t bir noktaday\u0131z. Teknolojik geli\u015fmeler de bir noktada insan ili\u015fkilerini zay\u0131flatan bir neden mi? Kesinlikle ben de o kanaatteyim. \u0130nsanlar sabah y\u00fcr\u00fcrken bile telefonda bir yerleri izliyor. Telefonla ka\u00e7 ki\u015fi sesli olarak yak\u0131nlar\u0131n\u0131 ar\u0131yor? Bu berbat bir olay. Sesli ileti\u015fim bile de\u011ferini kaybetti. \u0130nsanlar yak\u0131nlar\u0131n\u0131n sesini duymaya muhta\u00e7 duruma geldi&#8221; dedi. OKUL \u00d6NCES\u0130 E\u011e\u0130T\u0130M\u0130N \u00d6NEM\u0130NE VURGU YAPTI\u00a0 Kitaba olan ilginin son 15 y\u0131lda artt\u0131\u011f\u0131n\u0131 g\u00f6rd\u00fc\u011f\u00fcn\u00fc belirten Ba\u015fbu\u011f, okumayan bir insan\u0131n biraz eksik oldu\u011funu d\u00fc\u015f\u00fcnd\u00fc\u011f\u00fcn\u00fc s\u00f6yledi. Okul \u00f6ncesi e\u011fitimin \u00e7ok \u00f6nemli oldu\u011funu da belirten Ba\u015fbu\u011f, &#8220;D\u00fcnyadaki ba\u015far\u0131l\u0131 e\u011fitim seviyesi, y\u00fcksek \u00fclkelere bakt\u0131\u011f\u0131n\u0131zda temel nokta \u00e7\u0131k\u0131yor. Okul \u00f6ncesi e\u011fitim. T\u00fcrkiye&#8217;nin okul \u00f6ncesi e\u011fitime ay\u0131rd\u0131\u011f\u0131 kayna\u011fa bak\u0131nca Avrupa &hellip;","og_url":"https:\/\/denizcankizil.tr\/uk\/haberler\/gundem\/antalya-kitap-fuarina-bu-tartisma-damga-vurdu-ergenekon-fethullah-gulen\/","og_site_name":"Av. Deniz Can K\u0131z\u0131l","article_published_time":"2024-10-26T19:41:34+00:00","twitter_card":"summary_large_image","twitter_misc":{"\u041f\u0440\u0438\u0431\u043b. \u0447\u0430\u0441 \u0447\u0438\u0442\u0430\u043d\u043d\u044f":"3 \u0445\u0432\u0438\u043b\u0438\u043d\u0438"},"schema":{"@context":"https:\/\/schema.org","@graph":[{"@type":"Article","@id":"https:\/\/denizcankizil.tr\/ru\/haberler\/gundem\/antalya-kitap-fuarina-bu-tartisma-damga-vurdu-ergenekon-fethullah-gulen\/#article","isPartOf":{"@id":"https:\/\/denizcankizil.tr\/ru\/haberler\/gundem\/antalya-kitap-fuarina-bu-tartisma-damga-vurdu-ergenekon-fethullah-gulen\/"},"author":{"name":"","@id":""},"headline":"Antalya Kitap Fuar\u0131&#8217;na bu tart\u0131\u015fma damga vurdu! &#8220;Ergenekon, Fethullah G\u00fclen&#8230;&#8221;","datePublished":"2024-10-26T19:41:34+00:00","mainEntityOfPage":{"@id":"https:\/\/denizcankizil.tr\/ru\/haberler\/gundem\/antalya-kitap-fuarina-bu-tartisma-damga-vurdu-ergenekon-fethullah-gulen\/"},"wordCount":575,"commentCount":0,"publisher":{"@id":"https:\/\/denizcankizil.tr\/#organization"},"articleSection":["G\u00fcndem","Uncategorized"],"inLanguage":"uk","potentialAction":[{"@type":"CommentAction","name":"Comment","target":["https:\/\/denizcankizil.tr\/ru\/haberler\/gundem\/antalya-kitap-fuarina-bu-tartisma-damga-vurdu-ergenekon-fethullah-gulen\/#respond"]}]},{"@type":"WebPage","@id":"https:\/\/denizcankizil.tr\/ru\/haberler\/gundem\/antalya-kitap-fuarina-bu-tartisma-damga-vurdu-ergenekon-fethullah-gulen\/","url":"https:\/\/denizcankizil.tr\/ru\/haberler\/gundem\/antalya-kitap-fuarina-bu-tartisma-damga-vurdu-ergenekon-fethullah-gulen\/","name":"Antalya Kitap Fuar\u0131'na bu tart\u0131\u015fma damga vurdu! \"Ergenekon, Fethullah G\u00fclen...\" - Av. Deniz Can K\u0131z\u0131l","isPartOf":{"@id":"https:\/\/denizcankizil.tr\/#website"},"datePublished":"2024-10-26T19:41:34+00:00","breadcrumb":{"@id":"https:\/\/denizcankizil.tr\/ru\/haberler\/gundem\/antalya-kitap-fuarina-bu-tartisma-damga-vurdu-ergenekon-fethullah-gulen\/#breadcrumb"},"inLanguage":"uk","potentialAction":[{"@type":"ReadAction","target":["https:\/\/denizcankizil.tr\/ru\/haberler\/gundem\/antalya-kitap-fuarina-bu-tartisma-damga-vurdu-ergenekon-fethullah-gulen\/"]}]},{"@type":"BreadcrumbList","@id":"https:\/\/denizcankizil.tr\/ru\/haberler\/gundem\/antalya-kitap-fuarina-bu-tartisma-damga-vurdu-ergenekon-fethullah-gulen\/#breadcrumb","itemListElement":[{"@type":"ListItem","position":1,"name":"Home","item":"https:\/\/denizcankizil.tr\/de\/"},{"@type":"ListItem","position":2,"name":"Antalya Kitap Fuar\u0131&#8217;na bu tart\u0131\u015fma damga vurdu! &#8220;Ergenekon, Fethullah G\u00fclen&#8230;&#8221;"}]},{"@type":"WebSite","@id":"https:\/\/denizcankizil.tr\/#website","url":"https:\/\/denizcankizil.tr\/","name":"Av. Deniz Can K\u0131z\u0131l","description":"Avukat Deniz Can K\u0131z\u0131l Antalya Barosu","publisher":{"@id":"https:\/\/denizcankizil.tr\/#organization"},"potentialAction":[{"@type":"SearchAction","target":{"@type":"EntryPoint","urlTemplate":"https:\/\/denizcankizil.tr\/?s={search_term_string}"},"query-input":{"@type":"PropertyValueSpecification","valueRequired":true,"valueName":"search_term_string"}}],"inLanguage":"uk"},{"@type":"Organization","@id":"https:\/\/denizcankizil.tr\/#organization","name":"Av. Deniz Can K\u0131z\u0131l","url":"https:\/\/denizcankizil.tr\/","logo":{"@type":"ImageObject","inLanguage":"uk","@id":"https:\/\/denizcankizil.tr\/#\/schema\/logo\/image\/","url":"http:\/\/denizcankizil.tr\/wp-content\/uploads\/2024\/10\/siyah-logo-svg.svg","contentUrl":"http:\/\/denizcankizil.tr\/wp-content\/uploads\/2024\/10\/siyah-logo-svg.svg","width":1080,"height":1080,"caption":"Av. Deniz Can K\u0131z\u0131l"},"image":{"@id":"https:\/\/denizcankizil.tr\/#\/schema\/logo\/image\/"}}]}},"_links":{"self":[{"href":"http:\/\/denizcankizil.tr\/uk\/wp-json\/wp\/v2\/posts\/8545","targetHints":{"allow":["GET"]}}],"collection":[{"href":"http:\/\/denizcankizil.tr\/uk\/wp-json\/wp\/v2\/posts"}],"about":[{"href":"http:\/\/denizcankizil.tr\/uk\/wp-json\/wp\/v2\/types\/post"}],"replies":[{"embeddable":true,"href":"http:\/\/denizcankizil.tr\/uk\/wp-json\/wp\/v2\/comments?post=8545"}],"version-history":[{"count":0,"href":"http:\/\/denizcankizil.tr\/uk\/wp-json\/wp\/v2\/posts\/8545\/revisions"}],"wp:attachment":[{"href":"http:\/\/denizcankizil.tr\/uk\/wp-json\/wp\/v2\/media?parent=8545"}],"wp:term":[{"taxonomy":"category","embeddable":true,"href":"http:\/\/denizcankizil.tr\/uk\/wp-json\/wp\/v2\/categories?post=8545"},{"taxonomy":"post_tag","embeddable":true,"href":"http:\/\/denizcankizil.tr\/uk\/wp-json\/wp\/v2\/tags?post=8545"}],"curies":[{"name":"wp","href":"https:\/\/api.w.org\/{rel}","templated":true}]}}