{"id":84493,"date":"2025-05-12T21:42:08","date_gmt":"2025-05-12T18:42:08","guid":{"rendered":"https:\/\/denizcankizil.tr\/uncategorized-tr\/tbmmde-yeni-duzenlemeler-gundemde-bu-hafta-neler-gorusulecek\/"},"modified":"2025-05-12T21:42:08","modified_gmt":"2025-05-12T18:42:08","slug":"tbmmde-yeni-duzenlemeler-gundemde-bu-hafta-neler-gorusulecek","status":"publish","type":"post","link":"http:\/\/denizcankizil.tr\/uk\/haberler\/gundem\/tbmmde-yeni-duzenlemeler-gundemde-bu-hafta-neler-gorusulecek\/","title":{"rendered":"TBMM&#8217;de yeni d\u00fczenlemeler g\u00fcndemde&#8230; Bu hafta neler g\u00f6r\u00fc\u015f\u00fclecek?"},"content":{"rendered":"<p>Haftal\u0131k \u00e7al\u0131\u015fmas\u0131na 13 May\u0131s Sal\u0131 g\u00fcn\u00fc ba\u015flayacak TBMM Genel Kurul, Anayasa Mahkemesi&#8217;nin iptal kararlar\u0131 do\u011frultusunda haz\u0131rlanan baz\u0131 kanunlar ile 375 say\u0131l\u0131 KHK&#8217;de de\u011fi\u015fiklikler \u00f6ng\u00f6ren kanun teklifini ele alacak.ANKARA (\u0130GFA) &#8211; TBMM Genel Kurulu, Baz\u0131 Kanunlar ile 375 Say\u0131l\u0131 Kanun H\u00fckm\u00fcnde Kararnamede (KHK) De\u011fi\u015fiklik Yap\u0131lmas\u0131na Dair Kanun Teklifi&#8217;ni g\u00f6r\u00fc\u015fmeyi bu hafta da s\u00fcrd\u00fcrecek.<br \/>\nTeklife g\u00f6re, kanunlarla veya Cumhurba\u015fkanl\u0131\u011f\u0131 kararnameleriyle kurulmu\u015f di\u011fer kamu kurum, kurul, \u00fcst kurul ve kurulu\u015flar\u0131 taraf\u0131ndan mesle\u011fe \u00f6zel yar\u0131\u015fma s\u0131nav\u0131na tabi tutulmak suretiyle yap\u0131lacak al\u0131mlarda da 35 ya\u015f s\u0131n\u0131r\u0131 aranacak.<br \/>\nUyu\u015fmazl\u0131k Mahkemesi Ba\u015fkan\u0131, Anayasa Mahkemesince kendi \u00fcyeleri aras\u0131ndan se\u00e7ilecek.<br \/>\nKamu idarelerine ait ta\u015f\u0131nmazlar ile devletin h\u00fck\u00fcm ve tasarrufu alt\u0131nda bulunan yerler, g\u00f6rev ve faaliyetlerinde kullan\u0131lmak \u00fczere TRT&#8217;ye bedelsiz tahsis edilebilecek.<br \/>\n\u00d6te yandan \u0130htisas ve ara\u015ft\u0131rma komisyonlar\u0131 da toplanarak g\u00fcndemdeki konular\u0131 ele alacak.<br \/>\nTBMM&#8217;nin resmi internet sitesinde yer alan haftal\u0131k g\u00fcndem program\u0131na g\u00f6re; Plan ve B\u00fct\u00e7e Komisyonu, Baz\u0131 Kanunlarda ve 660 say\u0131l\u0131 Kanun H\u00fckm\u00fcnde Kararnamede De\u011fi\u015fiklik Yap\u0131lmas\u0131na Dair Kanun Teklifi&#8217;ni g\u00f6r\u00fc\u015fecek. Bu teklife g\u00f6re, hac ve umre seyahatleri ile ilgili i\u015f ve i\u015flemler ile Hac ve Umre Hesab\u0131ndan yap\u0131lan b\u00fct\u00fcn harcamalar, her y\u0131l hac mevsimi sonunda Diyanet \u0130\u015fleri Ba\u015fkanl\u0131\u011f\u0131 ve gerekti\u011finde Cumhurba\u015fkanl\u0131\u011f\u0131nca g\u00f6revlendirilecek denetim elemanlar\u0131 taraf\u0131ndan denetlenecek.<br \/>\nDin \u0130\u015fleri Y\u00fcksek Kurulu, Kur&#8217;an-\u0131 Kerim meallerini Ba\u015fkanl\u0131k ile di\u011fer kamu kurumlar\u0131, \u00f6zel ki\u015fi ve kurulu\u015flar\u0131n talebi \u00fczerine veya resen inceleyecek ya da incelettirecek.<br \/>\nMaden Kanunu ile T\u00fcrk Petrol Kanunu kapsam\u0131nda ruhsat ve hak sahibi olanlar\u0131n, aktif edilmi\u015f tebligata esas KEP kullanmalar\u0131 zorunlu olacak, y\u00fck\u00fcml\u00fcl\u00fc\u011f\u00fc yerine getirmeyenlere, y\u00fck\u00fcml\u00fcl\u00fcklerini yerine getirmedikleri her 3 ay i\u00e7in 300 bin lira idari para cezas\u0131 uygulanacak. MAPEG ve TENMAK&#8217;\u0131n b\u00fct\u00fcn mal ve varl\u0131klar\u0131 devlet mal\u0131 h\u00fckm\u00fcnde olacak ve haczedilemeyecek.<br \/>\nKartalkaya Kayak Merkezi&#8217;ndeki Otel Yang\u0131n\u0131n\u0131 Ara\u015ft\u0131rma Komisyonu, Grand Kartal Otel&#8217;deki yang\u0131nla ilgili Bolu Valili\u011fi yetkililerini dinleyecek.<br \/>\nKamu \u0130ktisadi Te\u015febb\u00fcsleri (K\u0130T) Komisyonu&#8217;nda, kurumlar\u0131n 2021 ve 2022 y\u0131llar\u0131na ait bilan\u00e7o ve netice hesaplar\u0131n\u0131n g\u00f6r\u00fc\u015fmelerine devam edilecek.<br \/>\nKomisyon, bu haftaki toplant\u0131lar\u0131nda, Elektrik \u00dcretim A.\u015e (E\u00dcA\u015e), T\u00fcrkiye N\u00fckleer Enerji A.\u015e (T\u00dcNA\u015e), T\u00fcrkiye Elektromekanik Sanayi Genel M\u00fcd\u00fcrl\u00fc\u011f\u00fc, N\u00fckleer Teknik Destek A.\u015e (N\u00dcTED A.\u015e), Posta ve Telgraf Te\u015fkilat\u0131 A.\u015e ve ba\u011fl\u0131 ortakl\u0131klar\u0131 ile Ziraat Bankas\u0131 ve ba\u011fl\u0131 kurulu\u015flar\u0131n\u0131n bilan\u00e7o ve netice hesaplar\u0131n\u0131 ele alacak.<br \/>\nDilek\u00e7e Komisyonunda, itiraza u\u011frayan Ba\u015fkanl\u0131k Divan\u0131 kararlar\u0131 de\u011ferlendirilecek.<br \/>\nDilek\u00e7e Komisyonu ile \u0130nsan Haklar\u0131n\u0131 \u0130nceleme Komisyonu \u00dcyelerinden Olu\u015fan Karma Alt Komisyon, kamu denet\u00e7ilerini dinleyecek.<br \/>\nYapay Zeka Ara\u015ft\u0131rma Komisyonu, haz\u0131rlanacak raporda yer verilecek konular\u0131 de\u011ferlendirecek, \u00f6nerileri alacak.<\/p>\n<p>\u200bHaftal\u0131k \u00e7al\u0131\u015fmas\u0131na 13 May\u0131s Sal\u0131 g\u00fcn\u00fc ba\u015flayacak TBMM Genel Kurul, Anayasa Mahkemesi&#8217;nin iptal kararlar\u0131 do\u011frultusunda haz\u0131rlanan baz\u0131 kanunlar ile 375 say\u0131l\u0131 KHK&#8217;de de\u011fi\u015fiklikler \u00f6ng\u00f6ren kanun teklifini ele alacak.ANKARA (\u0130GFA) &#8211; TBMM Genel Kurulu, Baz\u0131 Kanunlar ile 375 Say\u0131l\u0131 Kanun H\u00fckm\u00fcnde Kararnamede (KHK) De\u011fi\u015fiklik Yap\u0131lmas\u0131na Dair Kanun Teklifi&#8217;ni g\u00f6r\u00fc\u015fmeyi bu hafta da s\u00fcrd\u00fcrecek.<br \/>\nTeklife g\u00f6re, kanunlarla veya Cumhurba\u015fkanl\u0131\u011f\u0131 kararnameleriyle kurulmu\u015f di\u011fer kamu kurum, kurul, \u00fcst kurul ve kurulu\u015flar\u0131 taraf\u0131ndan mesle\u011fe \u00f6zel yar\u0131\u015fma s\u0131nav\u0131na tabi tutulmak suretiyle yap\u0131lacak al\u0131mlarda da 35 ya\u015f s\u0131n\u0131r\u0131 aranacak.<br \/>\nUyu\u015fmazl\u0131k Mahkemesi Ba\u015fkan\u0131, Anayasa Mahkemesince kendi \u00fcyeleri aras\u0131ndan se\u00e7ilecek.<br \/>\nKamu idarelerine ait ta\u015f\u0131nmazlar ile devletin h\u00fck\u00fcm ve tasarrufu alt\u0131nda bulunan yerler, g\u00f6rev ve faaliyetlerinde kullan\u0131lmak \u00fczere TRT&#8217;ye bedelsiz tahsis edilebilecek.<br \/>\n\u00d6te yandan \u0130htisas ve ara\u015ft\u0131rma komisyonlar\u0131 da toplanarak g\u00fcndemdeki konular\u0131 ele alacak.<br \/>\nTBMM&#8217;nin resmi internet sitesinde yer alan haftal\u0131k g\u00fcndem program\u0131na g\u00f6re; Plan ve B\u00fct\u00e7e Komisyonu, Baz\u0131 Kanunlarda ve 660 say\u0131l\u0131 Kanun H\u00fckm\u00fcnde Kararnamede De\u011fi\u015fiklik Yap\u0131lmas\u0131na Dair Kanun Teklifi&#8217;ni g\u00f6r\u00fc\u015fecek. Bu teklife g\u00f6re, hac ve umre seyahatleri ile ilgili i\u015f ve i\u015flemler ile Hac ve Umre Hesab\u0131ndan yap\u0131lan b\u00fct\u00fcn harcamalar, her y\u0131l hac mevsimi sonunda Diyanet \u0130\u015fleri Ba\u015fkanl\u0131\u011f\u0131 ve gerekti\u011finde Cumhurba\u015fkanl\u0131\u011f\u0131nca g\u00f6revlendirilecek denetim elemanlar\u0131 taraf\u0131ndan denetlenecek.<br \/>\nDin \u0130\u015fleri Y\u00fcksek Kurulu, Kur&#8217;an-\u0131 Kerim meallerini Ba\u015fkanl\u0131k ile di\u011fer kamu kurumlar\u0131, \u00f6zel ki\u015fi ve kurulu\u015flar\u0131n talebi \u00fczerine veya resen inceleyecek ya da incelettirecek.<br \/>\nMaden Kanunu ile T\u00fcrk Petrol Kanunu kapsam\u0131nda ruhsat ve hak sahibi olanlar\u0131n, aktif edilmi\u015f tebligata esas KEP kullanmalar\u0131 zorunlu olacak, y\u00fck\u00fcml\u00fcl\u00fc\u011f\u00fc yerine getirmeyenlere, y\u00fck\u00fcml\u00fcl\u00fcklerini yerine getirmedikleri her 3 ay i\u00e7in 300 bin lira idari para cezas\u0131 uygulanacak. MAPEG ve TENMAK&#8217;\u0131n b\u00fct\u00fcn mal ve varl\u0131klar\u0131 devlet mal\u0131 h\u00fckm\u00fcnde olacak ve haczedilemeyecek.<br \/>\nKartalkaya Kayak Merkezi&#8217;ndeki Otel Yang\u0131n\u0131n\u0131 Ara\u015ft\u0131rma Komisyonu, Grand Kartal Otel&#8217;deki yang\u0131nla ilgili Bolu Valili\u011fi yetkililerini dinleyecek.<br \/>\nKamu \u0130ktisadi Te\u015febb\u00fcsleri (K\u0130T) Komisyonu&#8217;nda, kurumlar\u0131n 2021 ve 2022 y\u0131llar\u0131na ait bilan\u00e7o ve netice hesaplar\u0131n\u0131n g\u00f6r\u00fc\u015fmelerine devam edilecek.<br \/>\nKomisyon, bu haftaki toplant\u0131lar\u0131nda, Elektrik \u00dcretim A.\u015e (E\u00dcA\u015e), T\u00fcrkiye N\u00fckleer Enerji A.\u015e (T\u00dcNA\u015e), T\u00fcrkiye Elektromekanik Sanayi Genel M\u00fcd\u00fcrl\u00fc\u011f\u00fc, N\u00fckleer Teknik Destek A.\u015e (N\u00dcTED A.\u015e), Posta ve Telgraf Te\u015fkilat\u0131 A.\u015e ve ba\u011fl\u0131 ortakl\u0131klar\u0131 ile Ziraat Bankas\u0131 ve ba\u011fl\u0131 kurulu\u015flar\u0131n\u0131n bilan\u00e7o ve netice hesaplar\u0131n\u0131 ele alacak.<br \/>\nDilek\u00e7e Komisyonunda, itiraza u\u011frayan Ba\u015fkanl\u0131k Divan\u0131 kararlar\u0131 de\u011ferlendirilecek.<br \/>\nDilek\u00e7e Komisyonu ile \u0130nsan Haklar\u0131n\u0131 \u0130nceleme Komisyonu \u00dcyelerinden Olu\u015fan Karma Alt Komisyon, kamu denet\u00e7ilerini dinleyecek.<br \/>\nYapay Zeka Ara\u015ft\u0131rma Komisyonu, haz\u0131rlanacak raporda yer verilecek konular\u0131 de\u011ferlendirecek, \u00f6nerileri alacak.\u00a0<\/p>\n<p>\u200bHaberin Al\u0131nt\u0131land\u0131\u011f\u0131 Kaynak: www.iskenderun.org<\/p>","protected":false},"excerpt":{"rendered":"<p>Haftal\u0131k \u00e7al\u0131\u015fmas\u0131na 13 May\u0131s Sal\u0131 g\u00fcn\u00fc ba\u015flayacak TBMM Genel Kurul, Anayasa Mahkemesi&#8217;nin iptal kararlar\u0131 do\u011frultusunda haz\u0131rlanan baz\u0131 kanunlar ile 375 say\u0131l\u0131 KHK&#8217;de de\u011fi\u015fiklikler \u00f6ng\u00f6ren kanun teklifini ele alacak.ANKARA (\u0130GFA) &#8211; TBMM Genel Kurulu, Baz\u0131 Kanunlar ile 375 Say\u0131l\u0131 Kanun H\u00fckm\u00fcnde Kararnamede (KHK) De\u011fi\u015fiklik Yap\u0131lmas\u0131na Dair Kanun Teklifi&#8217;ni g\u00f6r\u00fc\u015fmeyi bu hafta da s\u00fcrd\u00fcrecek. Teklife g\u00f6re, kanunlarla veya Cumhurba\u015fkanl\u0131\u011f\u0131 kararnameleriyle kurulmu\u015f di\u011fer kamu kurum, kurul, \u00fcst kurul ve kurulu\u015flar\u0131 taraf\u0131ndan mesle\u011fe \u00f6zel yar\u0131\u015fma s\u0131nav\u0131na tabi tutulmak suretiyle yap\u0131lacak al\u0131mlarda da 35 ya\u015f s\u0131n\u0131r\u0131 aranacak. Uyu\u015fmazl\u0131k Mahkemesi Ba\u015fkan\u0131, Anayasa Mahkemesince kendi \u00fcyeleri aras\u0131ndan se\u00e7ilecek. Kamu idarelerine ait ta\u015f\u0131nmazlar ile devletin h\u00fck\u00fcm ve tasarrufu alt\u0131nda bulunan yerler, g\u00f6rev ve faaliyetlerinde kullan\u0131lmak \u00fczere TRT&#8217;ye bedelsiz tahsis edilebilecek. \u00d6te yandan \u0130htisas ve ara\u015ft\u0131rma komisyonlar\u0131 da toplanarak g\u00fcndemdeki konular\u0131 ele alacak. TBMM&#8217;nin resmi internet sitesinde yer alan haftal\u0131k g\u00fcndem program\u0131na g\u00f6re; Plan ve B\u00fct\u00e7e Komisyonu, Baz\u0131 Kanunlarda ve 660 say\u0131l\u0131 Kanun H\u00fckm\u00fcnde Kararnamede De\u011fi\u015fiklik Yap\u0131lmas\u0131na Dair Kanun Teklifi&#8217;ni g\u00f6r\u00fc\u015fecek. Bu teklife g\u00f6re, hac ve umre seyahatleri ile ilgili i\u015f ve i\u015flemler ile Hac ve Umre Hesab\u0131ndan yap\u0131lan b\u00fct\u00fcn harcamalar, her y\u0131l hac mevsimi sonunda Diyanet \u0130\u015fleri Ba\u015fkanl\u0131\u011f\u0131 ve gerekti\u011finde Cumhurba\u015fkanl\u0131\u011f\u0131nca g\u00f6revlendirilecek denetim elemanlar\u0131 taraf\u0131ndan denetlenecek. Din \u0130\u015fleri Y\u00fcksek Kurulu, Kur&#8217;an-\u0131 Kerim meallerini Ba\u015fkanl\u0131k ile di\u011fer kamu kurumlar\u0131, &hellip;<\/p>","protected":false},"author":1,"featured_media":0,"comment_status":"","ping_status":"open","sticky":false,"template":"","format":"standard","meta":{"_acf_changed":false,"footnotes":""},"categories":[24],"tags":[],"class_list":["post-84493","post","type-post","status-publish","format-standard","has-post-thumbnail","hentry","category-gundem"],"acf":[],"yoast_head":"<!-- This site is optimized with the Yoast SEO Premium plugin v26.6 (Yoast SEO v27.1.1) - https:\/\/yoast.com\/product\/yoast-seo-premium-wordpress\/ -->\n<title>TBMM&#039;de yeni d\u00fczenlemeler g\u00fcndemde... Bu hafta neler g\u00f6r\u00fc\u015f\u00fclecek? - Av. Deniz Can K\u0131z\u0131l<\/title>\n<meta name=\"robots\" content=\"index, follow, max-snippet:-1, max-image-preview:large, max-video-preview:-1\" \/>\n<link rel=\"canonical\" href=\"https:\/\/denizcankizil.tr\/uk\/haberler\/gundem\/tbmmde-yeni-duzenlemeler-gundemde-bu-hafta-neler-gorusulecek\/\" \/>\n<meta property=\"og:locale\" content=\"uk_UA\" \/>\n<meta property=\"og:type\" content=\"article\" \/>\n<meta property=\"og:title\" content=\"TBMM&#039;de yeni d\u00fczenlemeler g\u00fcndemde... Bu hafta neler g\u00f6r\u00fc\u015f\u00fclecek?\" \/>\n<meta property=\"og:description\" content=\"Haftal\u0131k \u00e7al\u0131\u015fmas\u0131na 13 May\u0131s Sal\u0131 g\u00fcn\u00fc ba\u015flayacak TBMM Genel Kurul, Anayasa Mahkemesi&#8217;nin iptal kararlar\u0131 do\u011frultusunda haz\u0131rlanan baz\u0131 kanunlar ile 375 say\u0131l\u0131 KHK&#8217;de de\u011fi\u015fiklikler \u00f6ng\u00f6ren kanun teklifini ele alacak.ANKARA (\u0130GFA) &#8211; TBMM Genel Kurulu, Baz\u0131 Kanunlar ile 375 Say\u0131l\u0131 Kanun H\u00fckm\u00fcnde Kararnamede (KHK) De\u011fi\u015fiklik Yap\u0131lmas\u0131na Dair Kanun Teklifi&#8217;ni g\u00f6r\u00fc\u015fmeyi bu hafta da s\u00fcrd\u00fcrecek. Teklife g\u00f6re, kanunlarla veya Cumhurba\u015fkanl\u0131\u011f\u0131 kararnameleriyle kurulmu\u015f di\u011fer kamu kurum, kurul, \u00fcst kurul ve kurulu\u015flar\u0131 taraf\u0131ndan mesle\u011fe \u00f6zel yar\u0131\u015fma s\u0131nav\u0131na tabi tutulmak suretiyle yap\u0131lacak al\u0131mlarda da 35 ya\u015f s\u0131n\u0131r\u0131 aranacak. Uyu\u015fmazl\u0131k Mahkemesi Ba\u015fkan\u0131, Anayasa Mahkemesince kendi \u00fcyeleri aras\u0131ndan se\u00e7ilecek. Kamu idarelerine ait ta\u015f\u0131nmazlar ile devletin h\u00fck\u00fcm ve tasarrufu alt\u0131nda bulunan yerler, g\u00f6rev ve faaliyetlerinde kullan\u0131lmak \u00fczere TRT&#8217;ye bedelsiz tahsis edilebilecek. \u00d6te yandan \u0130htisas ve ara\u015ft\u0131rma komisyonlar\u0131 da toplanarak g\u00fcndemdeki konular\u0131 ele alacak. TBMM&#8217;nin resmi internet sitesinde yer alan haftal\u0131k g\u00fcndem program\u0131na g\u00f6re; Plan ve B\u00fct\u00e7e Komisyonu, Baz\u0131 Kanunlarda ve 660 say\u0131l\u0131 Kanun H\u00fckm\u00fcnde Kararnamede De\u011fi\u015fiklik Yap\u0131lmas\u0131na Dair Kanun Teklifi&#8217;ni g\u00f6r\u00fc\u015fecek. Bu teklife g\u00f6re, hac ve umre seyahatleri ile ilgili i\u015f ve i\u015flemler ile Hac ve Umre Hesab\u0131ndan yap\u0131lan b\u00fct\u00fcn harcamalar, her y\u0131l hac mevsimi sonunda Diyanet \u0130\u015fleri Ba\u015fkanl\u0131\u011f\u0131 ve gerekti\u011finde Cumhurba\u015fkanl\u0131\u011f\u0131nca g\u00f6revlendirilecek denetim elemanlar\u0131 taraf\u0131ndan denetlenecek. Din \u0130\u015fleri Y\u00fcksek Kurulu, Kur&#8217;an-\u0131 Kerim meallerini Ba\u015fkanl\u0131k ile di\u011fer kamu kurumlar\u0131, &hellip;\" \/>\n<meta property=\"og:url\" content=\"https:\/\/denizcankizil.tr\/uk\/haberler\/gundem\/tbmmde-yeni-duzenlemeler-gundemde-bu-hafta-neler-gorusulecek\/\" \/>\n<meta property=\"og:site_name\" content=\"Av. Deniz Can K\u0131z\u0131l\" \/>\n<meta property=\"article:published_time\" content=\"2025-05-12T18:42:08+00:00\" \/>\n<meta name=\"author\" content=\"admin\" \/>\n<meta name=\"twitter:card\" content=\"summary_large_image\" \/>\n<meta name=\"twitter:label1\" content=\"\u041d\u0430\u043f\u0438\u0441\u0430\u043d\u043e\" \/>\n\t<meta name=\"twitter:data1\" content=\"admin\" \/>\n\t<meta name=\"twitter:label2\" content=\"\u041f\u0440\u0438\u0431\u043b. \u0447\u0430\u0441 \u0447\u0438\u0442\u0430\u043d\u043d\u044f\" \/>\n\t<meta name=\"twitter:data2\" content=\"5 \u0445\u0432\u0438\u043b\u0438\u043d\" \/>\n<script type=\"application\/ld+json\" class=\"yoast-schema-graph\">{\"@context\":\"https:\/\/schema.org\",\"@graph\":[{\"@type\":\"Article\",\"@id\":\"https:\/\/denizcankizil.tr\/ru\/haberler\/gundem\/tbmmde-yeni-duzenlemeler-gundemde-bu-hafta-neler-gorusulecek\/#article\",\"isPartOf\":{\"@id\":\"https:\/\/denizcankizil.tr\/ru\/haberler\/gundem\/tbmmde-yeni-duzenlemeler-gundemde-bu-hafta-neler-gorusulecek\/\"},\"author\":{\"name\":\"admin\",\"@id\":\"https:\/\/denizcankizil.tr\/de\/#\/schema\/person\/be3c05fe6a12686905512445d8185489\"},\"headline\":\"TBMM&#8217;de yeni d\u00fczenlemeler g\u00fcndemde&#8230; Bu hafta neler g\u00f6r\u00fc\u015f\u00fclecek?\",\"datePublished\":\"2025-05-12T18:42:08+00:00\",\"mainEntityOfPage\":{\"@id\":\"https:\/\/denizcankizil.tr\/ru\/haberler\/gundem\/tbmmde-yeni-duzenlemeler-gundemde-bu-hafta-neler-gorusulecek\/\"},\"wordCount\":1079,\"publisher\":{\"@id\":\"https:\/\/denizcankizil.tr\/de\/#organization\"},\"articleSection\":[\"G\u00fcndem\"],\"inLanguage\":\"uk\"},{\"@type\":\"WebPage\",\"@id\":\"https:\/\/denizcankizil.tr\/ru\/haberler\/gundem\/tbmmde-yeni-duzenlemeler-gundemde-bu-hafta-neler-gorusulecek\/\",\"url\":\"https:\/\/denizcankizil.tr\/ru\/haberler\/gundem\/tbmmde-yeni-duzenlemeler-gundemde-bu-hafta-neler-gorusulecek\/\",\"name\":\"TBMM'de yeni d\u00fczenlemeler g\u00fcndemde... Bu hafta neler g\u00f6r\u00fc\u015f\u00fclecek? - Av. Deniz Can K\u0131z\u0131l\",\"isPartOf\":{\"@id\":\"https:\/\/denizcankizil.tr\/de\/#website\"},\"datePublished\":\"2025-05-12T18:42:08+00:00\",\"breadcrumb\":{\"@id\":\"https:\/\/denizcankizil.tr\/ru\/haberler\/gundem\/tbmmde-yeni-duzenlemeler-gundemde-bu-hafta-neler-gorusulecek\/#breadcrumb\"},\"inLanguage\":\"uk\",\"potentialAction\":[{\"@type\":\"ReadAction\",\"target\":[\"https:\/\/denizcankizil.tr\/ru\/haberler\/gundem\/tbmmde-yeni-duzenlemeler-gundemde-bu-hafta-neler-gorusulecek\/\"]}]},{\"@type\":\"BreadcrumbList\",\"@id\":\"https:\/\/denizcankizil.tr\/ru\/haberler\/gundem\/tbmmde-yeni-duzenlemeler-gundemde-bu-hafta-neler-gorusulecek\/#breadcrumb\",\"itemListElement\":[{\"@type\":\"ListItem\",\"position\":1,\"name\":\"Home\",\"item\":\"https:\/\/denizcankizil.tr\/de\/\"},{\"@type\":\"ListItem\",\"position\":2,\"name\":\"TBMM&#8217;de yeni d\u00fczenlemeler g\u00fcndemde&#8230; Bu hafta neler g\u00f6r\u00fc\u015f\u00fclecek?\"}]},{\"@type\":\"WebSite\",\"@id\":\"https:\/\/denizcankizil.tr\/de\/#website\",\"url\":\"https:\/\/denizcankizil.tr\/de\/\",\"name\":\"Av. Deniz Can K\u0131z\u0131l\",\"description\":\"Avukat Deniz Can K\u0131z\u0131l Antalya Barosu\",\"publisher\":{\"@id\":\"https:\/\/denizcankizil.tr\/de\/#organization\"},\"potentialAction\":[{\"@type\":\"SearchAction\",\"target\":{\"@type\":\"EntryPoint\",\"urlTemplate\":\"https:\/\/denizcankizil.tr\/de\/?s={search_term_string}\"},\"query-input\":{\"@type\":\"PropertyValueSpecification\",\"valueRequired\":true,\"valueName\":\"search_term_string\"}}],\"inLanguage\":\"uk\"},{\"@type\":\"Organization\",\"@id\":\"https:\/\/denizcankizil.tr\/de\/#organization\",\"name\":\"Av. Deniz Can K\u0131z\u0131l\",\"url\":\"https:\/\/denizcankizil.tr\/de\/\",\"logo\":{\"@type\":\"ImageObject\",\"inLanguage\":\"uk\",\"@id\":\"https:\/\/denizcankizil.tr\/de\/#\/schema\/logo\/image\/\",\"url\":\"http:\/\/denizcankizil.tr\/wp-content\/uploads\/2024\/10\/siyah-logo-svg.svg\",\"contentUrl\":\"http:\/\/denizcankizil.tr\/wp-content\/uploads\/2024\/10\/siyah-logo-svg.svg\",\"width\":1080,\"height\":1080,\"caption\":\"Av. Deniz Can K\u0131z\u0131l\"},\"image\":{\"@id\":\"https:\/\/denizcankizil.tr\/de\/#\/schema\/logo\/image\/\"}},{\"@type\":\"Person\",\"@id\":\"https:\/\/denizcankizil.tr\/de\/#\/schema\/person\/be3c05fe6a12686905512445d8185489\",\"name\":\"admin\",\"image\":{\"@type\":\"ImageObject\",\"inLanguage\":\"uk\",\"@id\":\"https:\/\/denizcankizil.tr\/de\/#\/schema\/person\/image\/\",\"url\":\"https:\/\/secure.gravatar.com\/avatar\/c1fce94c830dc79107e174f890d7210541c4a63e8e5d816341794a2151c9d58c?s=96&d=mm&r=g\",\"contentUrl\":\"https:\/\/secure.gravatar.com\/avatar\/c1fce94c830dc79107e174f890d7210541c4a63e8e5d816341794a2151c9d58c?s=96&d=mm&r=g\",\"caption\":\"admin\"},\"sameAs\":[\"http:\/\/denizcankizil.tr\"],\"url\":\"https:\/\/www.iskenderun.org\/tbmmde-yeni-duzenlemeler-gundemde-bu-hafta-neler-gorusulecek\"}]}<\/script>\n<!-- \/ Yoast SEO Premium plugin. -->","yoast_head_json":{"title":"TBMM'de yeni d\u00fczenlemeler g\u00fcndemde... Bu hafta neler g\u00f6r\u00fc\u015f\u00fclecek? - Av. Deniz Can K\u0131z\u0131l","robots":{"index":"index","follow":"follow","max-snippet":"max-snippet:-1","max-image-preview":"max-image-preview:large","max-video-preview":"max-video-preview:-1"},"canonical":"https:\/\/denizcankizil.tr\/uk\/haberler\/gundem\/tbmmde-yeni-duzenlemeler-gundemde-bu-hafta-neler-gorusulecek\/","og_locale":"uk_UA","og_type":"article","og_title":"TBMM'de yeni d\u00fczenlemeler g\u00fcndemde... Bu hafta neler g\u00f6r\u00fc\u015f\u00fclecek?","og_description":"Haftal\u0131k \u00e7al\u0131\u015fmas\u0131na 13 May\u0131s Sal\u0131 g\u00fcn\u00fc ba\u015flayacak TBMM Genel Kurul, Anayasa Mahkemesi&#8217;nin iptal kararlar\u0131 do\u011frultusunda haz\u0131rlanan baz\u0131 kanunlar ile 375 say\u0131l\u0131 KHK&#8217;de de\u011fi\u015fiklikler \u00f6ng\u00f6ren kanun teklifini ele alacak.ANKARA (\u0130GFA) &#8211; TBMM Genel Kurulu, Baz\u0131 Kanunlar ile 375 Say\u0131l\u0131 Kanun H\u00fckm\u00fcnde Kararnamede (KHK) De\u011fi\u015fiklik Yap\u0131lmas\u0131na Dair Kanun Teklifi&#8217;ni g\u00f6r\u00fc\u015fmeyi bu hafta da s\u00fcrd\u00fcrecek. Teklife g\u00f6re, kanunlarla veya Cumhurba\u015fkanl\u0131\u011f\u0131 kararnameleriyle kurulmu\u015f di\u011fer kamu kurum, kurul, \u00fcst kurul ve kurulu\u015flar\u0131 taraf\u0131ndan mesle\u011fe \u00f6zel yar\u0131\u015fma s\u0131nav\u0131na tabi tutulmak suretiyle yap\u0131lacak al\u0131mlarda da 35 ya\u015f s\u0131n\u0131r\u0131 aranacak. Uyu\u015fmazl\u0131k Mahkemesi Ba\u015fkan\u0131, Anayasa Mahkemesince kendi \u00fcyeleri aras\u0131ndan se\u00e7ilecek. Kamu idarelerine ait ta\u015f\u0131nmazlar ile devletin h\u00fck\u00fcm ve tasarrufu alt\u0131nda bulunan yerler, g\u00f6rev ve faaliyetlerinde kullan\u0131lmak \u00fczere TRT&#8217;ye bedelsiz tahsis edilebilecek. \u00d6te yandan \u0130htisas ve ara\u015ft\u0131rma komisyonlar\u0131 da toplanarak g\u00fcndemdeki konular\u0131 ele alacak. TBMM&#8217;nin resmi internet sitesinde yer alan haftal\u0131k g\u00fcndem program\u0131na g\u00f6re; Plan ve B\u00fct\u00e7e Komisyonu, Baz\u0131 Kanunlarda ve 660 say\u0131l\u0131 Kanun H\u00fckm\u00fcnde Kararnamede De\u011fi\u015fiklik Yap\u0131lmas\u0131na Dair Kanun Teklifi&#8217;ni g\u00f6r\u00fc\u015fecek. Bu teklife g\u00f6re, hac ve umre seyahatleri ile ilgili i\u015f ve i\u015flemler ile Hac ve Umre Hesab\u0131ndan yap\u0131lan b\u00fct\u00fcn harcamalar, her y\u0131l hac mevsimi sonunda Diyanet \u0130\u015fleri Ba\u015fkanl\u0131\u011f\u0131 ve gerekti\u011finde Cumhurba\u015fkanl\u0131\u011f\u0131nca g\u00f6revlendirilecek denetim elemanlar\u0131 taraf\u0131ndan denetlenecek. Din \u0130\u015fleri Y\u00fcksek Kurulu, Kur&#8217;an-\u0131 Kerim meallerini Ba\u015fkanl\u0131k ile di\u011fer kamu kurumlar\u0131, &hellip;","og_url":"https:\/\/denizcankizil.tr\/uk\/haberler\/gundem\/tbmmde-yeni-duzenlemeler-gundemde-bu-hafta-neler-gorusulecek\/","og_site_name":"Av. Deniz Can K\u0131z\u0131l","article_published_time":"2025-05-12T18:42:08+00:00","author":"admin","twitter_card":"summary_large_image","twitter_misc":{"\u041d\u0430\u043f\u0438\u0441\u0430\u043d\u043e":"admin","\u041f\u0440\u0438\u0431\u043b. \u0447\u0430\u0441 \u0447\u0438\u0442\u0430\u043d\u043d\u044f":"5 \u0445\u0432\u0438\u043b\u0438\u043d"},"schema":{"@context":"https:\/\/schema.org","@graph":[{"@type":"Article","@id":"https:\/\/denizcankizil.tr\/ru\/haberler\/gundem\/tbmmde-yeni-duzenlemeler-gundemde-bu-hafta-neler-gorusulecek\/#article","isPartOf":{"@id":"https:\/\/denizcankizil.tr\/ru\/haberler\/gundem\/tbmmde-yeni-duzenlemeler-gundemde-bu-hafta-neler-gorusulecek\/"},"author":{"name":"admin","@id":"https:\/\/denizcankizil.tr\/de\/#\/schema\/person\/be3c05fe6a12686905512445d8185489"},"headline":"TBMM&#8217;de yeni d\u00fczenlemeler g\u00fcndemde&#8230; Bu hafta neler g\u00f6r\u00fc\u015f\u00fclecek?","datePublished":"2025-05-12T18:42:08+00:00","mainEntityOfPage":{"@id":"https:\/\/denizcankizil.tr\/ru\/haberler\/gundem\/tbmmde-yeni-duzenlemeler-gundemde-bu-hafta-neler-gorusulecek\/"},"wordCount":1079,"publisher":{"@id":"https:\/\/denizcankizil.tr\/de\/#organization"},"articleSection":["G\u00fcndem"],"inLanguage":"uk"},{"@type":"WebPage","@id":"https:\/\/denizcankizil.tr\/ru\/haberler\/gundem\/tbmmde-yeni-duzenlemeler-gundemde-bu-hafta-neler-gorusulecek\/","url":"https:\/\/denizcankizil.tr\/ru\/haberler\/gundem\/tbmmde-yeni-duzenlemeler-gundemde-bu-hafta-neler-gorusulecek\/","name":"TBMM'de yeni d\u00fczenlemeler g\u00fcndemde... Bu hafta neler g\u00f6r\u00fc\u015f\u00fclecek? - Av. Deniz Can K\u0131z\u0131l","isPartOf":{"@id":"https:\/\/denizcankizil.tr\/de\/#website"},"datePublished":"2025-05-12T18:42:08+00:00","breadcrumb":{"@id":"https:\/\/denizcankizil.tr\/ru\/haberler\/gundem\/tbmmde-yeni-duzenlemeler-gundemde-bu-hafta-neler-gorusulecek\/#breadcrumb"},"inLanguage":"uk","potentialAction":[{"@type":"ReadAction","target":["https:\/\/denizcankizil.tr\/ru\/haberler\/gundem\/tbmmde-yeni-duzenlemeler-gundemde-bu-hafta-neler-gorusulecek\/"]}]},{"@type":"BreadcrumbList","@id":"https:\/\/denizcankizil.tr\/ru\/haberler\/gundem\/tbmmde-yeni-duzenlemeler-gundemde-bu-hafta-neler-gorusulecek\/#breadcrumb","itemListElement":[{"@type":"ListItem","position":1,"name":"Home","item":"https:\/\/denizcankizil.tr\/de\/"},{"@type":"ListItem","position":2,"name":"TBMM&#8217;de yeni d\u00fczenlemeler g\u00fcndemde&#8230; Bu hafta neler g\u00f6r\u00fc\u015f\u00fclecek?"}]},{"@type":"WebSite","@id":"https:\/\/denizcankizil.tr\/de\/#website","url":"https:\/\/denizcankizil.tr\/de\/","name":"Av. Deniz Can K\u0131z\u0131l","description":"Avukat Deniz Can K\u0131z\u0131l Antalya Barosu","publisher":{"@id":"https:\/\/denizcankizil.tr\/de\/#organization"},"potentialAction":[{"@type":"SearchAction","target":{"@type":"EntryPoint","urlTemplate":"https:\/\/denizcankizil.tr\/de\/?s={search_term_string}"},"query-input":{"@type":"PropertyValueSpecification","valueRequired":true,"valueName":"search_term_string"}}],"inLanguage":"uk"},{"@type":"Organization","@id":"https:\/\/denizcankizil.tr\/de\/#organization","name":"Av. Deniz Can K\u0131z\u0131l","url":"https:\/\/denizcankizil.tr\/de\/","logo":{"@type":"ImageObject","inLanguage":"uk","@id":"https:\/\/denizcankizil.tr\/de\/#\/schema\/logo\/image\/","url":"http:\/\/denizcankizil.tr\/wp-content\/uploads\/2024\/10\/siyah-logo-svg.svg","contentUrl":"http:\/\/denizcankizil.tr\/wp-content\/uploads\/2024\/10\/siyah-logo-svg.svg","width":1080,"height":1080,"caption":"Av. Deniz Can K\u0131z\u0131l"},"image":{"@id":"https:\/\/denizcankizil.tr\/de\/#\/schema\/logo\/image\/"}},{"@type":"Person","@id":"https:\/\/denizcankizil.tr\/de\/#\/schema\/person\/be3c05fe6a12686905512445d8185489","name":"\u0430\u0434\u043c\u0456\u043d","image":{"@type":"ImageObject","inLanguage":"uk","@id":"https:\/\/denizcankizil.tr\/de\/#\/schema\/person\/image\/","url":"https:\/\/secure.gravatar.com\/avatar\/c1fce94c830dc79107e174f890d7210541c4a63e8e5d816341794a2151c9d58c?s=96&d=mm&r=g","contentUrl":"https:\/\/secure.gravatar.com\/avatar\/c1fce94c830dc79107e174f890d7210541c4a63e8e5d816341794a2151c9d58c?s=96&d=mm&r=g","caption":"admin"},"sameAs":["http:\/\/denizcankizil.tr"],"url":"https:\/\/www.iskenderun.org\/tbmmde-yeni-duzenlemeler-gundemde-bu-hafta-neler-gorusulecek"}]}},"_links":{"self":[{"href":"http:\/\/denizcankizil.tr\/uk\/wp-json\/wp\/v2\/posts\/84493","targetHints":{"allow":["GET"]}}],"collection":[{"href":"http:\/\/denizcankizil.tr\/uk\/wp-json\/wp\/v2\/posts"}],"about":[{"href":"http:\/\/denizcankizil.tr\/uk\/wp-json\/wp\/v2\/types\/post"}],"author":[{"embeddable":true,"href":"http:\/\/denizcankizil.tr\/uk\/wp-json\/wp\/v2\/users\/1"}],"replies":[{"embeddable":true,"href":"http:\/\/denizcankizil.tr\/uk\/wp-json\/wp\/v2\/comments?post=84493"}],"version-history":[{"count":0,"href":"http:\/\/denizcankizil.tr\/uk\/wp-json\/wp\/v2\/posts\/84493\/revisions"}],"wp:attachment":[{"href":"http:\/\/denizcankizil.tr\/uk\/wp-json\/wp\/v2\/media?parent=84493"}],"wp:term":[{"taxonomy":"category","embeddable":true,"href":"http:\/\/denizcankizil.tr\/uk\/wp-json\/wp\/v2\/categories?post=84493"},{"taxonomy":"post_tag","embeddable":true,"href":"http:\/\/denizcankizil.tr\/uk\/wp-json\/wp\/v2\/tags?post=84493"}],"curies":[{"name":"wp","href":"https:\/\/api.w.org\/{rel}","templated":true}]}}