{"id":84115,"date":"2025-05-12T12:42:14","date_gmt":"2025-05-12T09:42:14","guid":{"rendered":"https:\/\/denizcankizil.tr\/uncategorized-tr\/eu-dacka-son-saniyede-kazandi\/"},"modified":"2025-05-12T12:42:14","modified_gmt":"2025-05-12T09:42:14","slug":"eu-dacka-son-saniyede-kazandi","status":"publish","type":"post","link":"http:\/\/denizcankizil.tr\/uk\/haberler\/gundem\/eu-dacka-son-saniyede-kazandi\/","title":{"rendered":"E\u00dc DA\u00c7KA son saniyede kazand\u0131!"},"content":{"rendered":"<p>T\u00fcrkiye Basketbol 2. Ligi Final Grubunda m\u00fccadele eden Ege \u00dcniversitesi DA\u00c7KA, kendi evinde Ada Yem U\u015fak Basketbol\u2019u a\u011f\u0131rlad\u0131. Son topta kazanan\u0131n belli oldu\u011fu ma\u00e7ta, \u00c7a\u011fda\u015f Atba\u015f\u2019\u0131n son saniye basketiyle ev sahibi Ege \u00dcniversitesi DA\u00c7KA galibiyete uzand\u0131.\u00a0 E\u00dc DA\u00c7KA,\u00a0 bu galibiyetle birlikte final grubundaki galibiyet say\u0131s\u0131n\u0131 d\u00f6rde \u00e7\u0131karm\u0131\u015f oldu.<\/p>\n<p>\u200bT\u00fcrkiye Basketbol 2. Ligi Final Grubunda m\u00fccadele eden Ege \u00dcniversitesi DA\u00c7KA, kendi evinde Ada Yem U\u015fak Basketbol\u2019u a\u011f\u0131rlad\u0131. Son topta kazanan\u0131n belli oldu\u011fu ma\u00e7ta, \u00c7a\u011fda\u015f Atba\u015f\u2019\u0131n son saniye basketiyle ev sahibi Ege \u00dcniversitesi DA\u00c7KA galibiyete uzand\u0131.\u00a0 E\u00dc DA\u00c7KA,\u00a0 bu galibiyetle birlikte final grubundaki galibiyet say\u0131s\u0131n\u0131 d\u00f6rde \u00e7\u0131karm\u0131\u015f oldu.\u00a0<\/p>\n<p>\u200bHaberin Al\u0131nt\u0131land\u0131\u011f\u0131 Kaynak: www.iskenderun.org<\/p>","protected":false},"excerpt":{"rendered":"<p>T\u00fcrkiye Basketbol 2. Ligi Final Grubunda m\u00fccadele eden Ege \u00dcniversitesi DA\u00c7KA, kendi evinde Ada Yem U\u015fak Basketbol\u2019u a\u011f\u0131rlad\u0131. Son topta kazanan\u0131n belli oldu\u011fu ma\u00e7ta, \u00c7a\u011fda\u015f Atba\u015f\u2019\u0131n son saniye basketiyle ev sahibi Ege \u00dcniversitesi DA\u00c7KA galibiyete uzand\u0131.\u00a0 E\u00dc DA\u00c7KA,\u00a0 bu galibiyetle birlikte final grubundaki galibiyet say\u0131s\u0131n\u0131 d\u00f6rde \u00e7\u0131karm\u0131\u015f oldu. \u200bT\u00fcrkiye Basketbol 2. Ligi Final Grubunda m\u00fccadele eden Ege \u00dcniversitesi DA\u00c7KA, kendi evinde Ada Yem U\u015fak Basketbol\u2019u a\u011f\u0131rlad\u0131. Son topta kazanan\u0131n belli oldu\u011fu ma\u00e7ta, \u00c7a\u011fda\u015f Atba\u015f\u2019\u0131n son saniye basketiyle ev sahibi Ege \u00dcniversitesi DA\u00c7KA galibiyete uzand\u0131.\u00a0 E\u00dc DA\u00c7KA,\u00a0 bu galibiyetle birlikte final grubundaki galibiyet say\u0131s\u0131n\u0131 d\u00f6rde \u00e7\u0131karm\u0131\u015f oldu.\u00a0 \u200bHaberin Al\u0131nt\u0131land\u0131\u011f\u0131 Kaynak: www.iskenderun.org<\/p>","protected":false},"author":1,"featured_media":0,"comment_status":"","ping_status":"open","sticky":false,"template":"","format":"standard","meta":{"_acf_changed":false,"footnotes":""},"categories":[24],"tags":[],"class_list":["post-84115","post","type-post","status-publish","format-standard","has-post-thumbnail","hentry","category-gundem"],"acf":[],"yoast_head":"<!-- This site is optimized with the Yoast SEO Premium plugin v26.6 (Yoast SEO v27.1.1) - https:\/\/yoast.com\/product\/yoast-seo-premium-wordpress\/ -->\n<title>E\u00dc DA\u00c7KA son saniyede kazand\u0131! - Av. Deniz Can K\u0131z\u0131l<\/title>\n<meta name=\"robots\" content=\"index, follow, max-snippet:-1, max-image-preview:large, max-video-preview:-1\" \/>\n<link rel=\"canonical\" href=\"http:\/\/denizcankizil.tr\/uk\/haberler\/gundem\/eu-dacka-son-saniyede-kazandi\/\" \/>\n<meta property=\"og:locale\" content=\"uk_UA\" \/>\n<meta property=\"og:type\" content=\"article\" \/>\n<meta property=\"og:title\" content=\"E\u00dc DA\u00c7KA son saniyede kazand\u0131!\" \/>\n<meta property=\"og:description\" content=\"T\u00fcrkiye Basketbol 2. Ligi Final Grubunda m\u00fccadele eden Ege \u00dcniversitesi DA\u00c7KA, kendi evinde Ada Yem U\u015fak Basketbol\u2019u a\u011f\u0131rlad\u0131. Son topta kazanan\u0131n belli oldu\u011fu ma\u00e7ta, \u00c7a\u011fda\u015f Atba\u015f\u2019\u0131n son saniye basketiyle ev sahibi Ege \u00dcniversitesi DA\u00c7KA galibiyete uzand\u0131.\u00a0 E\u00dc DA\u00c7KA,\u00a0 bu galibiyetle birlikte final grubundaki galibiyet say\u0131s\u0131n\u0131 d\u00f6rde \u00e7\u0131karm\u0131\u015f oldu. \u200bT\u00fcrkiye Basketbol 2. Ligi Final Grubunda m\u00fccadele eden Ege \u00dcniversitesi DA\u00c7KA, kendi evinde Ada Yem U\u015fak Basketbol\u2019u a\u011f\u0131rlad\u0131. Son topta kazanan\u0131n belli oldu\u011fu ma\u00e7ta, \u00c7a\u011fda\u015f Atba\u015f\u2019\u0131n son saniye basketiyle ev sahibi Ege \u00dcniversitesi DA\u00c7KA galibiyete uzand\u0131.\u00a0 E\u00dc DA\u00c7KA,\u00a0 bu galibiyetle birlikte final grubundaki galibiyet say\u0131s\u0131n\u0131 d\u00f6rde \u00e7\u0131karm\u0131\u015f oldu.\u00a0 \u200bHaberin Al\u0131nt\u0131land\u0131\u011f\u0131 Kaynak: www.iskenderun.org\" \/>\n<meta property=\"og:url\" content=\"http:\/\/denizcankizil.tr\/uk\/haberler\/gundem\/eu-dacka-son-saniyede-kazandi\/\" \/>\n<meta property=\"og:site_name\" content=\"Av. Deniz Can K\u0131z\u0131l\" \/>\n<meta property=\"article:published_time\" content=\"2025-05-12T09:42:14+00:00\" \/>\n<meta name=\"author\" content=\"admin\" \/>\n<meta name=\"twitter:card\" content=\"summary_large_image\" \/>\n<meta name=\"twitter:label1\" content=\"\u041d\u0430\u043f\u0438\u0441\u0430\u043d\u043e\" \/>\n\t<meta name=\"twitter:data1\" content=\"admin\" \/>\n\t<meta name=\"twitter:label2\" content=\"\u041f\u0440\u0438\u0431\u043b. \u0447\u0430\u0441 \u0447\u0438\u0442\u0430\u043d\u043d\u044f\" \/>\n\t<meta name=\"twitter:data2\" content=\"1 \u0445\u0432\u0438\u043b\u0438\u043d\u0430\" \/>\n<script type=\"application\/ld+json\" class=\"yoast-schema-graph\">{\"@context\":\"https:\/\/schema.org\",\"@graph\":[{\"@type\":\"Article\",\"@id\":\"http:\/\/denizcankizil.tr\/de\/haberler\/gundem\/eu-dacka-son-saniyede-kazandi\/#article\",\"isPartOf\":{\"@id\":\"http:\/\/denizcankizil.tr\/de\/haberler\/gundem\/eu-dacka-son-saniyede-kazandi\/\"},\"author\":{\"name\":\"admin\",\"@id\":\"https:\/\/denizcankizil.tr\/de\/#\/schema\/person\/be3c05fe6a12686905512445d8185489\"},\"headline\":\"E\u00dc DA\u00c7KA son saniyede kazand\u0131!\",\"datePublished\":\"2025-05-12T09:42:14+00:00\",\"mainEntityOfPage\":{\"@id\":\"http:\/\/denizcankizil.tr\/de\/haberler\/gundem\/eu-dacka-son-saniyede-kazandi\/\"},\"wordCount\":140,\"publisher\":{\"@id\":\"https:\/\/denizcankizil.tr\/de\/#organization\"},\"articleSection\":[\"G\u00fcndem\"],\"inLanguage\":\"uk\"},{\"@type\":\"WebPage\",\"@id\":\"http:\/\/denizcankizil.tr\/de\/haberler\/gundem\/eu-dacka-son-saniyede-kazandi\/\",\"url\":\"http:\/\/denizcankizil.tr\/de\/haberler\/gundem\/eu-dacka-son-saniyede-kazandi\/\",\"name\":\"E\u00dc DA\u00c7KA son saniyede kazand\u0131! - Av. Deniz Can K\u0131z\u0131l\",\"isPartOf\":{\"@id\":\"https:\/\/denizcankizil.tr\/de\/#website\"},\"datePublished\":\"2025-05-12T09:42:14+00:00\",\"breadcrumb\":{\"@id\":\"http:\/\/denizcankizil.tr\/de\/haberler\/gundem\/eu-dacka-son-saniyede-kazandi\/#breadcrumb\"},\"inLanguage\":\"uk\",\"potentialAction\":[{\"@type\":\"ReadAction\",\"target\":[\"http:\/\/denizcankizil.tr\/de\/haberler\/gundem\/eu-dacka-son-saniyede-kazandi\/\"]}]},{\"@type\":\"BreadcrumbList\",\"@id\":\"http:\/\/denizcankizil.tr\/de\/haberler\/gundem\/eu-dacka-son-saniyede-kazandi\/#breadcrumb\",\"itemListElement\":[{\"@type\":\"ListItem\",\"position\":1,\"name\":\"Home\",\"item\":\"https:\/\/denizcankizil.tr\/de\/\"},{\"@type\":\"ListItem\",\"position\":2,\"name\":\"E\u00dc DA\u00c7KA son saniyede kazand\u0131!\"}]},{\"@type\":\"WebSite\",\"@id\":\"https:\/\/denizcankizil.tr\/de\/#website\",\"url\":\"https:\/\/denizcankizil.tr\/de\/\",\"name\":\"Av. Deniz Can K\u0131z\u0131l\",\"description\":\"Avukat Deniz Can K\u0131z\u0131l Antalya Barosu\",\"publisher\":{\"@id\":\"https:\/\/denizcankizil.tr\/de\/#organization\"},\"potentialAction\":[{\"@type\":\"SearchAction\",\"target\":{\"@type\":\"EntryPoint\",\"urlTemplate\":\"https:\/\/denizcankizil.tr\/de\/?s={search_term_string}\"},\"query-input\":{\"@type\":\"PropertyValueSpecification\",\"valueRequired\":true,\"valueName\":\"search_term_string\"}}],\"inLanguage\":\"uk\"},{\"@type\":\"Organization\",\"@id\":\"https:\/\/denizcankizil.tr\/de\/#organization\",\"name\":\"Av. Deniz Can K\u0131z\u0131l\",\"url\":\"https:\/\/denizcankizil.tr\/de\/\",\"logo\":{\"@type\":\"ImageObject\",\"inLanguage\":\"uk\",\"@id\":\"https:\/\/denizcankizil.tr\/de\/#\/schema\/logo\/image\/\",\"url\":\"http:\/\/denizcankizil.tr\/wp-content\/uploads\/2024\/10\/siyah-logo-svg.svg\",\"contentUrl\":\"http:\/\/denizcankizil.tr\/wp-content\/uploads\/2024\/10\/siyah-logo-svg.svg\",\"width\":1080,\"height\":1080,\"caption\":\"Av. Deniz Can K\u0131z\u0131l\"},\"image\":{\"@id\":\"https:\/\/denizcankizil.tr\/de\/#\/schema\/logo\/image\/\"}},{\"@type\":\"Person\",\"@id\":\"https:\/\/denizcankizil.tr\/de\/#\/schema\/person\/be3c05fe6a12686905512445d8185489\",\"name\":\"admin\",\"image\":{\"@type\":\"ImageObject\",\"inLanguage\":\"uk\",\"@id\":\"https:\/\/denizcankizil.tr\/de\/#\/schema\/person\/image\/\",\"url\":\"https:\/\/secure.gravatar.com\/avatar\/c1fce94c830dc79107e174f890d7210541c4a63e8e5d816341794a2151c9d58c?s=96&d=mm&r=g\",\"contentUrl\":\"https:\/\/secure.gravatar.com\/avatar\/c1fce94c830dc79107e174f890d7210541c4a63e8e5d816341794a2151c9d58c?s=96&d=mm&r=g\",\"caption\":\"admin\"},\"sameAs\":[\"http:\/\/denizcankizil.tr\"],\"url\":\"https:\/\/www.iskenderun.org\/eu-dacka-son-saniyede-kazandi\"}]}<\/script>\n<!-- \/ Yoast SEO Premium plugin. -->","yoast_head_json":{"title":"E\u00dc DA\u00c7KA son saniyede kazand\u0131! - Av. Deniz Can K\u0131z\u0131l","robots":{"index":"index","follow":"follow","max-snippet":"max-snippet:-1","max-image-preview":"max-image-preview:large","max-video-preview":"max-video-preview:-1"},"canonical":"http:\/\/denizcankizil.tr\/uk\/haberler\/gundem\/eu-dacka-son-saniyede-kazandi\/","og_locale":"uk_UA","og_type":"article","og_title":"E\u00dc DA\u00c7KA son saniyede kazand\u0131!","og_description":"T\u00fcrkiye Basketbol 2. Ligi Final Grubunda m\u00fccadele eden Ege \u00dcniversitesi DA\u00c7KA, kendi evinde Ada Yem U\u015fak Basketbol\u2019u a\u011f\u0131rlad\u0131. Son topta kazanan\u0131n belli oldu\u011fu ma\u00e7ta, \u00c7a\u011fda\u015f Atba\u015f\u2019\u0131n son saniye basketiyle ev sahibi Ege \u00dcniversitesi DA\u00c7KA galibiyete uzand\u0131.\u00a0 E\u00dc DA\u00c7KA,\u00a0 bu galibiyetle birlikte final grubundaki galibiyet say\u0131s\u0131n\u0131 d\u00f6rde \u00e7\u0131karm\u0131\u015f oldu. \u200bT\u00fcrkiye Basketbol 2. Ligi Final Grubunda m\u00fccadele eden Ege \u00dcniversitesi DA\u00c7KA, kendi evinde Ada Yem U\u015fak Basketbol\u2019u a\u011f\u0131rlad\u0131. Son topta kazanan\u0131n belli oldu\u011fu ma\u00e7ta, \u00c7a\u011fda\u015f Atba\u015f\u2019\u0131n son saniye basketiyle ev sahibi Ege \u00dcniversitesi DA\u00c7KA galibiyete uzand\u0131.\u00a0 E\u00dc DA\u00c7KA,\u00a0 bu galibiyetle birlikte final grubundaki galibiyet say\u0131s\u0131n\u0131 d\u00f6rde \u00e7\u0131karm\u0131\u015f oldu.\u00a0 \u200bHaberin Al\u0131nt\u0131land\u0131\u011f\u0131 Kaynak: www.iskenderun.org","og_url":"http:\/\/denizcankizil.tr\/uk\/haberler\/gundem\/eu-dacka-son-saniyede-kazandi\/","og_site_name":"Av. Deniz Can K\u0131z\u0131l","article_published_time":"2025-05-12T09:42:14+00:00","author":"admin","twitter_card":"summary_large_image","twitter_misc":{"\u041d\u0430\u043f\u0438\u0441\u0430\u043d\u043e":"admin","\u041f\u0440\u0438\u0431\u043b. \u0447\u0430\u0441 \u0447\u0438\u0442\u0430\u043d\u043d\u044f":"1 \u0445\u0432\u0438\u043b\u0438\u043d\u0430"},"schema":{"@context":"https:\/\/schema.org","@graph":[{"@type":"Article","@id":"http:\/\/denizcankizil.tr\/de\/haberler\/gundem\/eu-dacka-son-saniyede-kazandi\/#article","isPartOf":{"@id":"http:\/\/denizcankizil.tr\/de\/haberler\/gundem\/eu-dacka-son-saniyede-kazandi\/"},"author":{"name":"admin","@id":"https:\/\/denizcankizil.tr\/de\/#\/schema\/person\/be3c05fe6a12686905512445d8185489"},"headline":"E\u00dc DA\u00c7KA son saniyede kazand\u0131!","datePublished":"2025-05-12T09:42:14+00:00","mainEntityOfPage":{"@id":"http:\/\/denizcankizil.tr\/de\/haberler\/gundem\/eu-dacka-son-saniyede-kazandi\/"},"wordCount":140,"publisher":{"@id":"https:\/\/denizcankizil.tr\/de\/#organization"},"articleSection":["G\u00fcndem"],"inLanguage":"uk"},{"@type":"WebPage","@id":"http:\/\/denizcankizil.tr\/de\/haberler\/gundem\/eu-dacka-son-saniyede-kazandi\/","url":"http:\/\/denizcankizil.tr\/de\/haberler\/gundem\/eu-dacka-son-saniyede-kazandi\/","name":"E\u00dc DA\u00c7KA son saniyede kazand\u0131! - Av. Deniz Can K\u0131z\u0131l","isPartOf":{"@id":"https:\/\/denizcankizil.tr\/de\/#website"},"datePublished":"2025-05-12T09:42:14+00:00","breadcrumb":{"@id":"http:\/\/denizcankizil.tr\/de\/haberler\/gundem\/eu-dacka-son-saniyede-kazandi\/#breadcrumb"},"inLanguage":"uk","potentialAction":[{"@type":"ReadAction","target":["http:\/\/denizcankizil.tr\/de\/haberler\/gundem\/eu-dacka-son-saniyede-kazandi\/"]}]},{"@type":"BreadcrumbList","@id":"http:\/\/denizcankizil.tr\/de\/haberler\/gundem\/eu-dacka-son-saniyede-kazandi\/#breadcrumb","itemListElement":[{"@type":"ListItem","position":1,"name":"Home","item":"https:\/\/denizcankizil.tr\/de\/"},{"@type":"ListItem","position":2,"name":"E\u00dc DA\u00c7KA son saniyede kazand\u0131!"}]},{"@type":"WebSite","@id":"https:\/\/denizcankizil.tr\/de\/#website","url":"https:\/\/denizcankizil.tr\/de\/","name":"Av. Deniz Can K\u0131z\u0131l","description":"Avukat Deniz Can K\u0131z\u0131l Antalya Barosu","publisher":{"@id":"https:\/\/denizcankizil.tr\/de\/#organization"},"potentialAction":[{"@type":"SearchAction","target":{"@type":"EntryPoint","urlTemplate":"https:\/\/denizcankizil.tr\/de\/?s={search_term_string}"},"query-input":{"@type":"PropertyValueSpecification","valueRequired":true,"valueName":"search_term_string"}}],"inLanguage":"uk"},{"@type":"Organization","@id":"https:\/\/denizcankizil.tr\/de\/#organization","name":"Av. Deniz Can K\u0131z\u0131l","url":"https:\/\/denizcankizil.tr\/de\/","logo":{"@type":"ImageObject","inLanguage":"uk","@id":"https:\/\/denizcankizil.tr\/de\/#\/schema\/logo\/image\/","url":"http:\/\/denizcankizil.tr\/wp-content\/uploads\/2024\/10\/siyah-logo-svg.svg","contentUrl":"http:\/\/denizcankizil.tr\/wp-content\/uploads\/2024\/10\/siyah-logo-svg.svg","width":1080,"height":1080,"caption":"Av. Deniz Can K\u0131z\u0131l"},"image":{"@id":"https:\/\/denizcankizil.tr\/de\/#\/schema\/logo\/image\/"}},{"@type":"Person","@id":"https:\/\/denizcankizil.tr\/de\/#\/schema\/person\/be3c05fe6a12686905512445d8185489","name":"\u0430\u0434\u043c\u0456\u043d","image":{"@type":"ImageObject","inLanguage":"uk","@id":"https:\/\/denizcankizil.tr\/de\/#\/schema\/person\/image\/","url":"https:\/\/secure.gravatar.com\/avatar\/c1fce94c830dc79107e174f890d7210541c4a63e8e5d816341794a2151c9d58c?s=96&d=mm&r=g","contentUrl":"https:\/\/secure.gravatar.com\/avatar\/c1fce94c830dc79107e174f890d7210541c4a63e8e5d816341794a2151c9d58c?s=96&d=mm&r=g","caption":"admin"},"sameAs":["http:\/\/denizcankizil.tr"],"url":"https:\/\/www.iskenderun.org\/eu-dacka-son-saniyede-kazandi"}]}},"_links":{"self":[{"href":"http:\/\/denizcankizil.tr\/uk\/wp-json\/wp\/v2\/posts\/84115","targetHints":{"allow":["GET"]}}],"collection":[{"href":"http:\/\/denizcankizil.tr\/uk\/wp-json\/wp\/v2\/posts"}],"about":[{"href":"http:\/\/denizcankizil.tr\/uk\/wp-json\/wp\/v2\/types\/post"}],"author":[{"embeddable":true,"href":"http:\/\/denizcankizil.tr\/uk\/wp-json\/wp\/v2\/users\/1"}],"replies":[{"embeddable":true,"href":"http:\/\/denizcankizil.tr\/uk\/wp-json\/wp\/v2\/comments?post=84115"}],"version-history":[{"count":0,"href":"http:\/\/denizcankizil.tr\/uk\/wp-json\/wp\/v2\/posts\/84115\/revisions"}],"wp:attachment":[{"href":"http:\/\/denizcankizil.tr\/uk\/wp-json\/wp\/v2\/media?parent=84115"}],"wp:term":[{"taxonomy":"category","embeddable":true,"href":"http:\/\/denizcankizil.tr\/uk\/wp-json\/wp\/v2\/categories?post=84115"},{"taxonomy":"post_tag","embeddable":true,"href":"http:\/\/denizcankizil.tr\/uk\/wp-json\/wp\/v2\/tags?post=84115"}],"curies":[{"name":"wp","href":"https:\/\/api.w.org\/{rel}","templated":true}]}}