{"id":84109,"date":"2025-05-12T12:42:06","date_gmt":"2025-05-12T09:42:06","guid":{"rendered":"https:\/\/denizcankizil.tr\/uncategorized-tr\/avcilarda-anneler-gunu-sevgiyle-kutlandi\/"},"modified":"2025-05-12T12:42:06","modified_gmt":"2025-05-12T09:42:06","slug":"avcilarda-anneler-gunu-sevgiyle-kutlandi","status":"publish","type":"post","link":"http:\/\/denizcankizil.tr\/uk\/haberler\/gundem\/avcilarda-anneler-gunu-sevgiyle-kutlandi\/","title":{"rendered":"Avc\u0131lar\u2019da Anneler G\u00fcn\u00fc Sevgiyle Kutland\u0131"},"content":{"rendered":"<p>Avc\u0131lar Belediyesi, Anneler G\u00fcn\u00fc\u2019n\u00fc birbirinden renkli ve anlaml\u0131 etkinliklerle kutlad\u0131. Firuzk\u00f6y Atat\u00fcrk Stadyumu\u2019nda d\u00fczenlenen futbol ma\u00e7\u0131 ve Mare\u015fal Caddesi\u2019ndeki m\u00fczikli kutlamalarla anneler hem sahada hem sokakta unutulmaz bir g\u00fcn ya\u015fad\u0131.<\/p>\n<p>\u200bAvc\u0131lar Belediyesi, Anneler G\u00fcn\u00fc\u2019n\u00fc birbirinden renkli ve anlaml\u0131 etkinliklerle kutlad\u0131. Firuzk\u00f6y Atat\u00fcrk Stadyumu\u2019nda d\u00fczenlenen futbol ma\u00e7\u0131 ve Mare\u015fal Caddesi\u2019ndeki m\u00fczikli kutlamalarla anneler hem sahada hem sokakta unutulmaz bir g\u00fcn ya\u015fad\u0131.\u00a0<\/p>\n<p>\u200bHaberin Al\u0131nt\u0131land\u0131\u011f\u0131 Kaynak: www.iskenderun.org<\/p>","protected":false},"excerpt":{"rendered":"<p>Avc\u0131lar Belediyesi, Anneler G\u00fcn\u00fc\u2019n\u00fc birbirinden renkli ve anlaml\u0131 etkinliklerle kutlad\u0131. Firuzk\u00f6y Atat\u00fcrk Stadyumu\u2019nda d\u00fczenlenen futbol ma\u00e7\u0131 ve Mare\u015fal Caddesi\u2019ndeki m\u00fczikli kutlamalarla anneler hem sahada hem sokakta unutulmaz bir g\u00fcn ya\u015fad\u0131. \u200bAvc\u0131lar Belediyesi, Anneler G\u00fcn\u00fc\u2019n\u00fc birbirinden renkli ve anlaml\u0131 etkinliklerle kutlad\u0131. Firuzk\u00f6y Atat\u00fcrk Stadyumu\u2019nda d\u00fczenlenen futbol ma\u00e7\u0131 ve Mare\u015fal Caddesi\u2019ndeki m\u00fczikli kutlamalarla anneler hem sahada hem sokakta unutulmaz bir g\u00fcn ya\u015fad\u0131.\u00a0 \u200bHaberin Al\u0131nt\u0131land\u0131\u011f\u0131 Kaynak: www.iskenderun.org<\/p>","protected":false},"author":1,"featured_media":0,"comment_status":"","ping_status":"open","sticky":false,"template":"","format":"standard","meta":{"_acf_changed":false,"footnotes":""},"categories":[24],"tags":[],"class_list":["post-84109","post","type-post","status-publish","format-standard","has-post-thumbnail","hentry","category-gundem"],"acf":[],"yoast_head":"<!-- This site is optimized with the Yoast SEO Premium plugin v26.6 (Yoast SEO v27.1.1) - https:\/\/yoast.com\/product\/yoast-seo-premium-wordpress\/ -->\n<title>Avc\u0131lar\u2019da Anneler G\u00fcn\u00fc Sevgiyle Kutland\u0131 - Av. Deniz Can K\u0131z\u0131l<\/title>\n<meta name=\"robots\" content=\"index, follow, max-snippet:-1, max-image-preview:large, max-video-preview:-1\" \/>\n<link rel=\"canonical\" href=\"http:\/\/denizcankizil.tr\/uk\/haberler\/gundem\/avcilarda-anneler-gunu-sevgiyle-kutlandi\/\" \/>\n<meta property=\"og:locale\" content=\"uk_UA\" \/>\n<meta property=\"og:type\" content=\"article\" \/>\n<meta property=\"og:title\" content=\"Avc\u0131lar\u2019da Anneler G\u00fcn\u00fc Sevgiyle Kutland\u0131\" \/>\n<meta property=\"og:description\" content=\"Avc\u0131lar Belediyesi, Anneler G\u00fcn\u00fc\u2019n\u00fc birbirinden renkli ve anlaml\u0131 etkinliklerle kutlad\u0131. Firuzk\u00f6y Atat\u00fcrk Stadyumu\u2019nda d\u00fczenlenen futbol ma\u00e7\u0131 ve Mare\u015fal Caddesi\u2019ndeki m\u00fczikli kutlamalarla anneler hem sahada hem sokakta unutulmaz bir g\u00fcn ya\u015fad\u0131. \u200bAvc\u0131lar Belediyesi, Anneler G\u00fcn\u00fc\u2019n\u00fc birbirinden renkli ve anlaml\u0131 etkinliklerle kutlad\u0131. Firuzk\u00f6y Atat\u00fcrk Stadyumu\u2019nda d\u00fczenlenen futbol ma\u00e7\u0131 ve Mare\u015fal Caddesi\u2019ndeki m\u00fczikli kutlamalarla anneler hem sahada hem sokakta unutulmaz bir g\u00fcn ya\u015fad\u0131.\u00a0 \u200bHaberin Al\u0131nt\u0131land\u0131\u011f\u0131 Kaynak: www.iskenderun.org\" \/>\n<meta property=\"og:url\" content=\"http:\/\/denizcankizil.tr\/uk\/haberler\/gundem\/avcilarda-anneler-gunu-sevgiyle-kutlandi\/\" \/>\n<meta property=\"og:site_name\" content=\"Av. Deniz Can K\u0131z\u0131l\" \/>\n<meta property=\"article:published_time\" content=\"2025-05-12T09:42:06+00:00\" \/>\n<meta name=\"author\" content=\"admin\" \/>\n<meta name=\"twitter:card\" content=\"summary_large_image\" \/>\n<meta name=\"twitter:label1\" content=\"\u041d\u0430\u043f\u0438\u0441\u0430\u043d\u043e\" \/>\n\t<meta name=\"twitter:data1\" content=\"admin\" \/>\n<script type=\"application\/ld+json\" class=\"yoast-schema-graph\">{\"@context\":\"https:\/\/schema.org\",\"@graph\":[{\"@type\":\"Article\",\"@id\":\"http:\/\/denizcankizil.tr\/uk\/haberler\/gundem\/avcilarda-anneler-gunu-sevgiyle-kutlandi\/#article\",\"isPartOf\":{\"@id\":\"http:\/\/denizcankizil.tr\/uk\/haberler\/gundem\/avcilarda-anneler-gunu-sevgiyle-kutlandi\/\"},\"author\":{\"name\":\"admin\",\"@id\":\"https:\/\/denizcankizil.tr\/#\/schema\/person\/be3c05fe6a12686905512445d8185489\"},\"headline\":\"Avc\u0131lar\u2019da Anneler G\u00fcn\u00fc Sevgiyle Kutland\u0131\",\"datePublished\":\"2025-05-12T09:42:06+00:00\",\"mainEntityOfPage\":{\"@id\":\"http:\/\/denizcankizil.tr\/uk\/haberler\/gundem\/avcilarda-anneler-gunu-sevgiyle-kutlandi\/\"},\"wordCount\":100,\"publisher\":{\"@id\":\"https:\/\/denizcankizil.tr\/#organization\"},\"articleSection\":[\"G\u00fcndem\"],\"inLanguage\":\"uk\"},{\"@type\":\"WebPage\",\"@id\":\"http:\/\/denizcankizil.tr\/uk\/haberler\/gundem\/avcilarda-anneler-gunu-sevgiyle-kutlandi\/\",\"url\":\"http:\/\/denizcankizil.tr\/uk\/haberler\/gundem\/avcilarda-anneler-gunu-sevgiyle-kutlandi\/\",\"name\":\"Avc\u0131lar\u2019da Anneler G\u00fcn\u00fc Sevgiyle Kutland\u0131 - Av. Deniz Can K\u0131z\u0131l\",\"isPartOf\":{\"@id\":\"https:\/\/denizcankizil.tr\/#website\"},\"datePublished\":\"2025-05-12T09:42:06+00:00\",\"breadcrumb\":{\"@id\":\"http:\/\/denizcankizil.tr\/uk\/haberler\/gundem\/avcilarda-anneler-gunu-sevgiyle-kutlandi\/#breadcrumb\"},\"inLanguage\":\"uk\",\"potentialAction\":[{\"@type\":\"ReadAction\",\"target\":[\"http:\/\/denizcankizil.tr\/uk\/haberler\/gundem\/avcilarda-anneler-gunu-sevgiyle-kutlandi\/\"]}]},{\"@type\":\"BreadcrumbList\",\"@id\":\"http:\/\/denizcankizil.tr\/uk\/haberler\/gundem\/avcilarda-anneler-gunu-sevgiyle-kutlandi\/#breadcrumb\",\"itemListElement\":[{\"@type\":\"ListItem\",\"position\":1,\"name\":\"Home\",\"item\":\"https:\/\/denizcankizil.tr\/uk\/\"},{\"@type\":\"ListItem\",\"position\":2,\"name\":\"Avc\u0131lar\u2019da Anneler G\u00fcn\u00fc Sevgiyle Kutland\u0131\"}]},{\"@type\":\"WebSite\",\"@id\":\"https:\/\/denizcankizil.tr\/#website\",\"url\":\"https:\/\/denizcankizil.tr\/\",\"name\":\"Av. Deniz Can K\u0131z\u0131l\",\"description\":\"Avukat Deniz Can K\u0131z\u0131l Antalya Barosu\",\"publisher\":{\"@id\":\"https:\/\/denizcankizil.tr\/#organization\"},\"potentialAction\":[{\"@type\":\"SearchAction\",\"target\":{\"@type\":\"EntryPoint\",\"urlTemplate\":\"https:\/\/denizcankizil.tr\/?s={search_term_string}\"},\"query-input\":{\"@type\":\"PropertyValueSpecification\",\"valueRequired\":true,\"valueName\":\"search_term_string\"}}],\"inLanguage\":\"uk\"},{\"@type\":\"Organization\",\"@id\":\"https:\/\/denizcankizil.tr\/#organization\",\"name\":\"Av. Deniz Can K\u0131z\u0131l\",\"url\":\"https:\/\/denizcankizil.tr\/\",\"logo\":{\"@type\":\"ImageObject\",\"inLanguage\":\"uk\",\"@id\":\"https:\/\/denizcankizil.tr\/#\/schema\/logo\/image\/\",\"url\":\"http:\/\/denizcankizil.tr\/wp-content\/uploads\/2024\/10\/siyah-logo-svg.svg\",\"contentUrl\":\"http:\/\/denizcankizil.tr\/wp-content\/uploads\/2024\/10\/siyah-logo-svg.svg\",\"width\":1080,\"height\":1080,\"caption\":\"Av. Deniz Can K\u0131z\u0131l\"},\"image\":{\"@id\":\"https:\/\/denizcankizil.tr\/#\/schema\/logo\/image\/\"}},{\"@type\":\"Person\",\"@id\":\"https:\/\/denizcankizil.tr\/#\/schema\/person\/be3c05fe6a12686905512445d8185489\",\"name\":\"admin\",\"image\":{\"@type\":\"ImageObject\",\"inLanguage\":\"uk\",\"@id\":\"https:\/\/denizcankizil.tr\/#\/schema\/person\/image\/\",\"url\":\"https:\/\/secure.gravatar.com\/avatar\/c1fce94c830dc79107e174f890d7210541c4a63e8e5d816341794a2151c9d58c?s=96&d=mm&r=g\",\"contentUrl\":\"https:\/\/secure.gravatar.com\/avatar\/c1fce94c830dc79107e174f890d7210541c4a63e8e5d816341794a2151c9d58c?s=96&d=mm&r=g\",\"caption\":\"admin\"},\"sameAs\":[\"http:\/\/denizcankizil.tr\"],\"url\":\"https:\/\/www.iskenderun.org\/avcilarda-anneler-gunu-sevgiyle-kutlandi\"}]}<\/script>\n<!-- \/ Yoast SEO Premium plugin. -->","yoast_head_json":{"title":"Avc\u0131lar\u2019da Anneler G\u00fcn\u00fc Sevgiyle Kutland\u0131 - Av. Deniz Can K\u0131z\u0131l","robots":{"index":"index","follow":"follow","max-snippet":"max-snippet:-1","max-image-preview":"max-image-preview:large","max-video-preview":"max-video-preview:-1"},"canonical":"http:\/\/denizcankizil.tr\/uk\/haberler\/gundem\/avcilarda-anneler-gunu-sevgiyle-kutlandi\/","og_locale":"uk_UA","og_type":"article","og_title":"Avc\u0131lar\u2019da Anneler G\u00fcn\u00fc Sevgiyle Kutland\u0131","og_description":"Avc\u0131lar Belediyesi, Anneler G\u00fcn\u00fc\u2019n\u00fc birbirinden renkli ve anlaml\u0131 etkinliklerle kutlad\u0131. Firuzk\u00f6y Atat\u00fcrk Stadyumu\u2019nda d\u00fczenlenen futbol ma\u00e7\u0131 ve Mare\u015fal Caddesi\u2019ndeki m\u00fczikli kutlamalarla anneler hem sahada hem sokakta unutulmaz bir g\u00fcn ya\u015fad\u0131. \u200bAvc\u0131lar Belediyesi, Anneler G\u00fcn\u00fc\u2019n\u00fc birbirinden renkli ve anlaml\u0131 etkinliklerle kutlad\u0131. Firuzk\u00f6y Atat\u00fcrk Stadyumu\u2019nda d\u00fczenlenen futbol ma\u00e7\u0131 ve Mare\u015fal Caddesi\u2019ndeki m\u00fczikli kutlamalarla anneler hem sahada hem sokakta unutulmaz bir g\u00fcn ya\u015fad\u0131.\u00a0 \u200bHaberin Al\u0131nt\u0131land\u0131\u011f\u0131 Kaynak: www.iskenderun.org","og_url":"http:\/\/denizcankizil.tr\/uk\/haberler\/gundem\/avcilarda-anneler-gunu-sevgiyle-kutlandi\/","og_site_name":"Av. Deniz Can K\u0131z\u0131l","article_published_time":"2025-05-12T09:42:06+00:00","author":"admin","twitter_card":"summary_large_image","twitter_misc":{"\u041d\u0430\u043f\u0438\u0441\u0430\u043d\u043e":"admin"},"schema":{"@context":"https:\/\/schema.org","@graph":[{"@type":"Article","@id":"http:\/\/denizcankizil.tr\/uk\/haberler\/gundem\/avcilarda-anneler-gunu-sevgiyle-kutlandi\/#article","isPartOf":{"@id":"http:\/\/denizcankizil.tr\/uk\/haberler\/gundem\/avcilarda-anneler-gunu-sevgiyle-kutlandi\/"},"author":{"name":"admin","@id":"https:\/\/denizcankizil.tr\/#\/schema\/person\/be3c05fe6a12686905512445d8185489"},"headline":"Avc\u0131lar\u2019da Anneler G\u00fcn\u00fc Sevgiyle Kutland\u0131","datePublished":"2025-05-12T09:42:06+00:00","mainEntityOfPage":{"@id":"http:\/\/denizcankizil.tr\/uk\/haberler\/gundem\/avcilarda-anneler-gunu-sevgiyle-kutlandi\/"},"wordCount":100,"publisher":{"@id":"https:\/\/denizcankizil.tr\/#organization"},"articleSection":["G\u00fcndem"],"inLanguage":"uk"},{"@type":"WebPage","@id":"http:\/\/denizcankizil.tr\/uk\/haberler\/gundem\/avcilarda-anneler-gunu-sevgiyle-kutlandi\/","url":"http:\/\/denizcankizil.tr\/uk\/haberler\/gundem\/avcilarda-anneler-gunu-sevgiyle-kutlandi\/","name":"Avc\u0131lar\u2019da Anneler G\u00fcn\u00fc Sevgiyle Kutland\u0131 - Av. Deniz Can K\u0131z\u0131l","isPartOf":{"@id":"https:\/\/denizcankizil.tr\/#website"},"datePublished":"2025-05-12T09:42:06+00:00","breadcrumb":{"@id":"http:\/\/denizcankizil.tr\/uk\/haberler\/gundem\/avcilarda-anneler-gunu-sevgiyle-kutlandi\/#breadcrumb"},"inLanguage":"uk","potentialAction":[{"@type":"ReadAction","target":["http:\/\/denizcankizil.tr\/uk\/haberler\/gundem\/avcilarda-anneler-gunu-sevgiyle-kutlandi\/"]}]},{"@type":"BreadcrumbList","@id":"http:\/\/denizcankizil.tr\/uk\/haberler\/gundem\/avcilarda-anneler-gunu-sevgiyle-kutlandi\/#breadcrumb","itemListElement":[{"@type":"ListItem","position":1,"name":"Home","item":"https:\/\/denizcankizil.tr\/uk\/"},{"@type":"ListItem","position":2,"name":"Avc\u0131lar\u2019da Anneler G\u00fcn\u00fc Sevgiyle Kutland\u0131"}]},{"@type":"WebSite","@id":"https:\/\/denizcankizil.tr\/#website","url":"https:\/\/denizcankizil.tr\/","name":"Av. Deniz Can K\u0131z\u0131l","description":"Avukat Deniz Can K\u0131z\u0131l Antalya Barosu","publisher":{"@id":"https:\/\/denizcankizil.tr\/#organization"},"potentialAction":[{"@type":"SearchAction","target":{"@type":"EntryPoint","urlTemplate":"https:\/\/denizcankizil.tr\/?s={search_term_string}"},"query-input":{"@type":"PropertyValueSpecification","valueRequired":true,"valueName":"search_term_string"}}],"inLanguage":"uk"},{"@type":"Organization","@id":"https:\/\/denizcankizil.tr\/#organization","name":"Av. Deniz Can K\u0131z\u0131l","url":"https:\/\/denizcankizil.tr\/","logo":{"@type":"ImageObject","inLanguage":"uk","@id":"https:\/\/denizcankizil.tr\/#\/schema\/logo\/image\/","url":"http:\/\/denizcankizil.tr\/wp-content\/uploads\/2024\/10\/siyah-logo-svg.svg","contentUrl":"http:\/\/denizcankizil.tr\/wp-content\/uploads\/2024\/10\/siyah-logo-svg.svg","width":1080,"height":1080,"caption":"Av. Deniz Can K\u0131z\u0131l"},"image":{"@id":"https:\/\/denizcankizil.tr\/#\/schema\/logo\/image\/"}},{"@type":"Person","@id":"https:\/\/denizcankizil.tr\/#\/schema\/person\/be3c05fe6a12686905512445d8185489","name":"\u0430\u0434\u043c\u0456\u043d","image":{"@type":"ImageObject","inLanguage":"uk","@id":"https:\/\/denizcankizil.tr\/#\/schema\/person\/image\/","url":"https:\/\/secure.gravatar.com\/avatar\/c1fce94c830dc79107e174f890d7210541c4a63e8e5d816341794a2151c9d58c?s=96&d=mm&r=g","contentUrl":"https:\/\/secure.gravatar.com\/avatar\/c1fce94c830dc79107e174f890d7210541c4a63e8e5d816341794a2151c9d58c?s=96&d=mm&r=g","caption":"admin"},"sameAs":["http:\/\/denizcankizil.tr"],"url":"https:\/\/www.iskenderun.org\/avcilarda-anneler-gunu-sevgiyle-kutlandi"}]}},"_links":{"self":[{"href":"http:\/\/denizcankizil.tr\/uk\/wp-json\/wp\/v2\/posts\/84109","targetHints":{"allow":["GET"]}}],"collection":[{"href":"http:\/\/denizcankizil.tr\/uk\/wp-json\/wp\/v2\/posts"}],"about":[{"href":"http:\/\/denizcankizil.tr\/uk\/wp-json\/wp\/v2\/types\/post"}],"author":[{"embeddable":true,"href":"http:\/\/denizcankizil.tr\/uk\/wp-json\/wp\/v2\/users\/1"}],"replies":[{"embeddable":true,"href":"http:\/\/denizcankizil.tr\/uk\/wp-json\/wp\/v2\/comments?post=84109"}],"version-history":[{"count":0,"href":"http:\/\/denizcankizil.tr\/uk\/wp-json\/wp\/v2\/posts\/84109\/revisions"}],"wp:attachment":[{"href":"http:\/\/denizcankizil.tr\/uk\/wp-json\/wp\/v2\/media?parent=84109"}],"wp:term":[{"taxonomy":"category","embeddable":true,"href":"http:\/\/denizcankizil.tr\/uk\/wp-json\/wp\/v2\/categories?post=84109"},{"taxonomy":"post_tag","embeddable":true,"href":"http:\/\/denizcankizil.tr\/uk\/wp-json\/wp\/v2\/tags?post=84109"}],"curies":[{"name":"wp","href":"https:\/\/api.w.org\/{rel}","templated":true}]}}