{"id":82369,"date":"2025-05-10T17:42:11","date_gmt":"2025-05-10T14:42:11","guid":{"rendered":"https:\/\/denizcankizil.tr\/uncategorized-tr\/29-ulkeden-2-bin-606-sporcu-cesmede-kosacak\/"},"modified":"2025-05-10T17:42:11","modified_gmt":"2025-05-10T14:42:11","slug":"29-ulkeden-2-bin-606-sporcu-cesmede-kosacak","status":"publish","type":"post","link":"http:\/\/denizcankizil.tr\/uk\/haberler\/gundem\/29-ulkeden-2-bin-606-sporcu-cesmede-kosacak\/","title":{"rendered":"29 \u00fclkeden 2 bin 606 sporcu \u00c7e\u015fme\u2019de ko\u015facak"},"content":{"rendered":"<p>Salomon \u00c7e\u015fme Maratonu Bas\u0131n Toplant\u0131s\u0131\u2019nda, \u00c7e\u015fme Belediye Ba\u015fkan Yard\u0131mc\u0131s\u0131 Emre Can Durmaz, sporun birle\u015ftirici g\u00fcc\u00fcne inand\u0131klar\u0131n\u0131 dile getirerek, \u201cYa\u015fam kalitesine yapt\u0131\u011f\u0131 katk\u0131ya inan\u0131yor, sporla, k\u00fclt\u00fcrle, do\u011fayla i\u00e7 i\u00e7e, y\u0131l\u0131n her d\u00f6neminde ya\u015fayan bir \u00c7e\u015fme hedefiyle \u00e7al\u0131\u015fmalar\u0131m\u0131z\u0131 s\u00fcrd\u00fcr\u00fcyoruz\u201d dedi.\u00a0<\/p>\n<p>\u200bSalomon \u00c7e\u015fme Maratonu Bas\u0131n Toplant\u0131s\u0131\u2019nda, \u00c7e\u015fme Belediye Ba\u015fkan Yard\u0131mc\u0131s\u0131 Emre Can Durmaz, sporun birle\u015ftirici g\u00fcc\u00fcne inand\u0131klar\u0131n\u0131 dile getirerek, \u201cYa\u015fam kalitesine yapt\u0131\u011f\u0131 katk\u0131ya inan\u0131yor, sporla, k\u00fclt\u00fcrle, do\u011fayla i\u00e7 i\u00e7e, y\u0131l\u0131n her d\u00f6neminde ya\u015fayan bir \u00c7e\u015fme hedefiyle \u00e7al\u0131\u015fmalar\u0131m\u0131z\u0131 s\u00fcrd\u00fcr\u00fcyoruz\u201d dedi.\u00a0\u00a0<\/p>\n<p>\u200bHaberin Al\u0131nt\u0131land\u0131\u011f\u0131 Kaynak: www.iskenderun.org<\/p>","protected":false},"excerpt":{"rendered":"<p>Salomon \u00c7e\u015fme Maratonu Bas\u0131n Toplant\u0131s\u0131\u2019nda, \u00c7e\u015fme Belediye Ba\u015fkan Yard\u0131mc\u0131s\u0131 Emre Can Durmaz, sporun birle\u015ftirici g\u00fcc\u00fcne inand\u0131klar\u0131n\u0131 dile getirerek, \u201cYa\u015fam kalitesine yapt\u0131\u011f\u0131 katk\u0131ya inan\u0131yor, sporla, k\u00fclt\u00fcrle, do\u011fayla i\u00e7 i\u00e7e, y\u0131l\u0131n her d\u00f6neminde ya\u015fayan bir \u00c7e\u015fme hedefiyle \u00e7al\u0131\u015fmalar\u0131m\u0131z\u0131 s\u00fcrd\u00fcr\u00fcyoruz\u201d dedi.\u00a0 \u200bSalomon \u00c7e\u015fme Maratonu Bas\u0131n Toplant\u0131s\u0131\u2019nda, \u00c7e\u015fme Belediye Ba\u015fkan Yard\u0131mc\u0131s\u0131 Emre Can Durmaz, sporun birle\u015ftirici g\u00fcc\u00fcne inand\u0131klar\u0131n\u0131 dile getirerek, \u201cYa\u015fam kalitesine yapt\u0131\u011f\u0131 katk\u0131ya inan\u0131yor, sporla, k\u00fclt\u00fcrle, do\u011fayla i\u00e7 i\u00e7e, y\u0131l\u0131n her d\u00f6neminde ya\u015fayan bir \u00c7e\u015fme hedefiyle \u00e7al\u0131\u015fmalar\u0131m\u0131z\u0131 s\u00fcrd\u00fcr\u00fcyoruz\u201d dedi.\u00a0\u00a0 \u200bHaberin Al\u0131nt\u0131land\u0131\u011f\u0131 Kaynak: www.iskenderun.org<\/p>","protected":false},"author":1,"featured_media":0,"comment_status":"","ping_status":"open","sticky":false,"template":"","format":"standard","meta":{"_acf_changed":false,"footnotes":""},"categories":[24],"tags":[],"class_list":["post-82369","post","type-post","status-publish","format-standard","has-post-thumbnail","hentry","category-gundem"],"acf":[],"yoast_head":"<!-- This site is optimized with the Yoast SEO Premium plugin v26.6 (Yoast SEO v27.1.1) - https:\/\/yoast.com\/product\/yoast-seo-premium-wordpress\/ -->\n<title>29 \u00fclkeden 2 bin 606 sporcu \u00c7e\u015fme\u2019de ko\u015facak - Av. Deniz Can K\u0131z\u0131l<\/title>\n<meta name=\"robots\" content=\"index, follow, max-snippet:-1, max-image-preview:large, max-video-preview:-1\" \/>\n<link rel=\"canonical\" href=\"http:\/\/denizcankizil.tr\/uk\/haberler\/gundem\/29-ulkeden-2-bin-606-sporcu-cesmede-kosacak\/\" \/>\n<meta property=\"og:locale\" content=\"uk_UA\" \/>\n<meta property=\"og:type\" content=\"article\" \/>\n<meta property=\"og:title\" content=\"29 \u00fclkeden 2 bin 606 sporcu \u00c7e\u015fme\u2019de ko\u015facak\" \/>\n<meta property=\"og:description\" content=\"Salomon \u00c7e\u015fme Maratonu Bas\u0131n Toplant\u0131s\u0131\u2019nda, \u00c7e\u015fme Belediye Ba\u015fkan Yard\u0131mc\u0131s\u0131 Emre Can Durmaz, sporun birle\u015ftirici g\u00fcc\u00fcne inand\u0131klar\u0131n\u0131 dile getirerek, \u201cYa\u015fam kalitesine yapt\u0131\u011f\u0131 katk\u0131ya inan\u0131yor, sporla, k\u00fclt\u00fcrle, do\u011fayla i\u00e7 i\u00e7e, y\u0131l\u0131n her d\u00f6neminde ya\u015fayan bir \u00c7e\u015fme hedefiyle \u00e7al\u0131\u015fmalar\u0131m\u0131z\u0131 s\u00fcrd\u00fcr\u00fcyoruz\u201d dedi.\u00a0 \u200bSalomon \u00c7e\u015fme Maratonu Bas\u0131n Toplant\u0131s\u0131\u2019nda, \u00c7e\u015fme Belediye Ba\u015fkan Yard\u0131mc\u0131s\u0131 Emre Can Durmaz, sporun birle\u015ftirici g\u00fcc\u00fcne inand\u0131klar\u0131n\u0131 dile getirerek, \u201cYa\u015fam kalitesine yapt\u0131\u011f\u0131 katk\u0131ya inan\u0131yor, sporla, k\u00fclt\u00fcrle, do\u011fayla i\u00e7 i\u00e7e, y\u0131l\u0131n her d\u00f6neminde ya\u015fayan bir \u00c7e\u015fme hedefiyle \u00e7al\u0131\u015fmalar\u0131m\u0131z\u0131 s\u00fcrd\u00fcr\u00fcyoruz\u201d dedi.\u00a0\u00a0 \u200bHaberin Al\u0131nt\u0131land\u0131\u011f\u0131 Kaynak: www.iskenderun.org\" \/>\n<meta property=\"og:url\" content=\"http:\/\/denizcankizil.tr\/uk\/haberler\/gundem\/29-ulkeden-2-bin-606-sporcu-cesmede-kosacak\/\" \/>\n<meta property=\"og:site_name\" content=\"Av. Deniz Can K\u0131z\u0131l\" \/>\n<meta property=\"article:published_time\" content=\"2025-05-10T14:42:11+00:00\" \/>\n<meta name=\"author\" content=\"admin\" \/>\n<meta name=\"twitter:card\" content=\"summary_large_image\" \/>\n<meta name=\"twitter:label1\" content=\"\u041d\u0430\u043f\u0438\u0441\u0430\u043d\u043e\" \/>\n\t<meta name=\"twitter:data1\" content=\"admin\" \/>\n\t<meta name=\"twitter:label2\" content=\"\u041f\u0440\u0438\u0431\u043b. \u0447\u0430\u0441 \u0447\u0438\u0442\u0430\u043d\u043d\u044f\" \/>\n\t<meta name=\"twitter:data2\" content=\"1 \u0445\u0432\u0438\u043b\u0438\u043d\u0430\" \/>\n<script type=\"application\/ld+json\" class=\"yoast-schema-graph\">{\"@context\":\"https:\/\/schema.org\",\"@graph\":[{\"@type\":\"Article\",\"@id\":\"http:\/\/denizcankizil.tr\/uk\/haberler\/gundem\/29-ulkeden-2-bin-606-sporcu-cesmede-kosacak\/#article\",\"isPartOf\":{\"@id\":\"http:\/\/denizcankizil.tr\/uk\/haberler\/gundem\/29-ulkeden-2-bin-606-sporcu-cesmede-kosacak\/\"},\"author\":{\"name\":\"admin\",\"@id\":\"https:\/\/denizcankizil.tr\/#\/schema\/person\/be3c05fe6a12686905512445d8185489\"},\"headline\":\"29 \u00fclkeden 2 bin 606 sporcu \u00c7e\u015fme\u2019de ko\u015facak\",\"datePublished\":\"2025-05-10T14:42:11+00:00\",\"mainEntityOfPage\":{\"@id\":\"http:\/\/denizcankizil.tr\/uk\/haberler\/gundem\/29-ulkeden-2-bin-606-sporcu-cesmede-kosacak\/\"},\"wordCount\":154,\"publisher\":{\"@id\":\"https:\/\/denizcankizil.tr\/#organization\"},\"articleSection\":[\"G\u00fcndem\"],\"inLanguage\":\"uk\"},{\"@type\":\"WebPage\",\"@id\":\"http:\/\/denizcankizil.tr\/uk\/haberler\/gundem\/29-ulkeden-2-bin-606-sporcu-cesmede-kosacak\/\",\"url\":\"http:\/\/denizcankizil.tr\/uk\/haberler\/gundem\/29-ulkeden-2-bin-606-sporcu-cesmede-kosacak\/\",\"name\":\"29 \u00fclkeden 2 bin 606 sporcu \u00c7e\u015fme\u2019de ko\u015facak - Av. Deniz Can K\u0131z\u0131l\",\"isPartOf\":{\"@id\":\"https:\/\/denizcankizil.tr\/#website\"},\"datePublished\":\"2025-05-10T14:42:11+00:00\",\"breadcrumb\":{\"@id\":\"http:\/\/denizcankizil.tr\/uk\/haberler\/gundem\/29-ulkeden-2-bin-606-sporcu-cesmede-kosacak\/#breadcrumb\"},\"inLanguage\":\"uk\",\"potentialAction\":[{\"@type\":\"ReadAction\",\"target\":[\"http:\/\/denizcankizil.tr\/uk\/haberler\/gundem\/29-ulkeden-2-bin-606-sporcu-cesmede-kosacak\/\"]}]},{\"@type\":\"BreadcrumbList\",\"@id\":\"http:\/\/denizcankizil.tr\/uk\/haberler\/gundem\/29-ulkeden-2-bin-606-sporcu-cesmede-kosacak\/#breadcrumb\",\"itemListElement\":[{\"@type\":\"ListItem\",\"position\":1,\"name\":\"Home\",\"item\":\"https:\/\/denizcankizil.tr\/de\/\"},{\"@type\":\"ListItem\",\"position\":2,\"name\":\"29 \u00fclkeden 2 bin 606 sporcu \u00c7e\u015fme\u2019de ko\u015facak\"}]},{\"@type\":\"WebSite\",\"@id\":\"https:\/\/denizcankizil.tr\/#website\",\"url\":\"https:\/\/denizcankizil.tr\/\",\"name\":\"Av. Deniz Can K\u0131z\u0131l\",\"description\":\"Avukat Deniz Can K\u0131z\u0131l Antalya Barosu\",\"publisher\":{\"@id\":\"https:\/\/denizcankizil.tr\/#organization\"},\"potentialAction\":[{\"@type\":\"SearchAction\",\"target\":{\"@type\":\"EntryPoint\",\"urlTemplate\":\"https:\/\/denizcankizil.tr\/?s={search_term_string}\"},\"query-input\":{\"@type\":\"PropertyValueSpecification\",\"valueRequired\":true,\"valueName\":\"search_term_string\"}}],\"inLanguage\":\"uk\"},{\"@type\":\"Organization\",\"@id\":\"https:\/\/denizcankizil.tr\/#organization\",\"name\":\"Av. Deniz Can K\u0131z\u0131l\",\"url\":\"https:\/\/denizcankizil.tr\/\",\"logo\":{\"@type\":\"ImageObject\",\"inLanguage\":\"uk\",\"@id\":\"https:\/\/denizcankizil.tr\/#\/schema\/logo\/image\/\",\"url\":\"http:\/\/denizcankizil.tr\/wp-content\/uploads\/2024\/10\/siyah-logo-svg.svg\",\"contentUrl\":\"http:\/\/denizcankizil.tr\/wp-content\/uploads\/2024\/10\/siyah-logo-svg.svg\",\"width\":1080,\"height\":1080,\"caption\":\"Av. Deniz Can K\u0131z\u0131l\"},\"image\":{\"@id\":\"https:\/\/denizcankizil.tr\/#\/schema\/logo\/image\/\"}},{\"@type\":\"Person\",\"@id\":\"https:\/\/denizcankizil.tr\/#\/schema\/person\/be3c05fe6a12686905512445d8185489\",\"name\":\"admin\",\"image\":{\"@type\":\"ImageObject\",\"inLanguage\":\"uk\",\"@id\":\"https:\/\/denizcankizil.tr\/#\/schema\/person\/image\/\",\"url\":\"https:\/\/secure.gravatar.com\/avatar\/c1fce94c830dc79107e174f890d7210541c4a63e8e5d816341794a2151c9d58c?s=96&d=mm&r=g\",\"contentUrl\":\"https:\/\/secure.gravatar.com\/avatar\/c1fce94c830dc79107e174f890d7210541c4a63e8e5d816341794a2151c9d58c?s=96&d=mm&r=g\",\"caption\":\"admin\"},\"sameAs\":[\"http:\/\/denizcankizil.tr\"],\"url\":\"https:\/\/www.iskenderun.org\/29-ulkeden-2-bin-606-sporcu-cesmede-kosacak\"}]}<\/script>\n<!-- \/ Yoast SEO Premium plugin. -->","yoast_head_json":{"title":"29 \u00fclkeden 2 bin 606 sporcu \u00c7e\u015fme\u2019de ko\u015facak - Av. Deniz Can K\u0131z\u0131l","robots":{"index":"index","follow":"follow","max-snippet":"max-snippet:-1","max-image-preview":"max-image-preview:large","max-video-preview":"max-video-preview:-1"},"canonical":"http:\/\/denizcankizil.tr\/uk\/haberler\/gundem\/29-ulkeden-2-bin-606-sporcu-cesmede-kosacak\/","og_locale":"uk_UA","og_type":"article","og_title":"29 \u00fclkeden 2 bin 606 sporcu \u00c7e\u015fme\u2019de ko\u015facak","og_description":"Salomon \u00c7e\u015fme Maratonu Bas\u0131n Toplant\u0131s\u0131\u2019nda, \u00c7e\u015fme Belediye Ba\u015fkan Yard\u0131mc\u0131s\u0131 Emre Can Durmaz, sporun birle\u015ftirici g\u00fcc\u00fcne inand\u0131klar\u0131n\u0131 dile getirerek, \u201cYa\u015fam kalitesine yapt\u0131\u011f\u0131 katk\u0131ya inan\u0131yor, sporla, k\u00fclt\u00fcrle, do\u011fayla i\u00e7 i\u00e7e, y\u0131l\u0131n her d\u00f6neminde ya\u015fayan bir \u00c7e\u015fme hedefiyle \u00e7al\u0131\u015fmalar\u0131m\u0131z\u0131 s\u00fcrd\u00fcr\u00fcyoruz\u201d dedi.\u00a0 \u200bSalomon \u00c7e\u015fme Maratonu Bas\u0131n Toplant\u0131s\u0131\u2019nda, \u00c7e\u015fme Belediye Ba\u015fkan Yard\u0131mc\u0131s\u0131 Emre Can Durmaz, sporun birle\u015ftirici g\u00fcc\u00fcne inand\u0131klar\u0131n\u0131 dile getirerek, \u201cYa\u015fam kalitesine yapt\u0131\u011f\u0131 katk\u0131ya inan\u0131yor, sporla, k\u00fclt\u00fcrle, do\u011fayla i\u00e7 i\u00e7e, y\u0131l\u0131n her d\u00f6neminde ya\u015fayan bir \u00c7e\u015fme hedefiyle \u00e7al\u0131\u015fmalar\u0131m\u0131z\u0131 s\u00fcrd\u00fcr\u00fcyoruz\u201d dedi.\u00a0\u00a0 \u200bHaberin Al\u0131nt\u0131land\u0131\u011f\u0131 Kaynak: www.iskenderun.org","og_url":"http:\/\/denizcankizil.tr\/uk\/haberler\/gundem\/29-ulkeden-2-bin-606-sporcu-cesmede-kosacak\/","og_site_name":"Av. Deniz Can K\u0131z\u0131l","article_published_time":"2025-05-10T14:42:11+00:00","author":"admin","twitter_card":"summary_large_image","twitter_misc":{"\u041d\u0430\u043f\u0438\u0441\u0430\u043d\u043e":"admin","\u041f\u0440\u0438\u0431\u043b. \u0447\u0430\u0441 \u0447\u0438\u0442\u0430\u043d\u043d\u044f":"1 \u0445\u0432\u0438\u043b\u0438\u043d\u0430"},"schema":{"@context":"https:\/\/schema.org","@graph":[{"@type":"Article","@id":"http:\/\/denizcankizil.tr\/uk\/haberler\/gundem\/29-ulkeden-2-bin-606-sporcu-cesmede-kosacak\/#article","isPartOf":{"@id":"http:\/\/denizcankizil.tr\/uk\/haberler\/gundem\/29-ulkeden-2-bin-606-sporcu-cesmede-kosacak\/"},"author":{"name":"admin","@id":"https:\/\/denizcankizil.tr\/#\/schema\/person\/be3c05fe6a12686905512445d8185489"},"headline":"29 \u00fclkeden 2 bin 606 sporcu \u00c7e\u015fme\u2019de ko\u015facak","datePublished":"2025-05-10T14:42:11+00:00","mainEntityOfPage":{"@id":"http:\/\/denizcankizil.tr\/uk\/haberler\/gundem\/29-ulkeden-2-bin-606-sporcu-cesmede-kosacak\/"},"wordCount":154,"publisher":{"@id":"https:\/\/denizcankizil.tr\/#organization"},"articleSection":["G\u00fcndem"],"inLanguage":"uk"},{"@type":"WebPage","@id":"http:\/\/denizcankizil.tr\/uk\/haberler\/gundem\/29-ulkeden-2-bin-606-sporcu-cesmede-kosacak\/","url":"http:\/\/denizcankizil.tr\/uk\/haberler\/gundem\/29-ulkeden-2-bin-606-sporcu-cesmede-kosacak\/","name":"29 \u00fclkeden 2 bin 606 sporcu \u00c7e\u015fme\u2019de ko\u015facak - Av. Deniz Can K\u0131z\u0131l","isPartOf":{"@id":"https:\/\/denizcankizil.tr\/#website"},"datePublished":"2025-05-10T14:42:11+00:00","breadcrumb":{"@id":"http:\/\/denizcankizil.tr\/uk\/haberler\/gundem\/29-ulkeden-2-bin-606-sporcu-cesmede-kosacak\/#breadcrumb"},"inLanguage":"uk","potentialAction":[{"@type":"ReadAction","target":["http:\/\/denizcankizil.tr\/uk\/haberler\/gundem\/29-ulkeden-2-bin-606-sporcu-cesmede-kosacak\/"]}]},{"@type":"BreadcrumbList","@id":"http:\/\/denizcankizil.tr\/uk\/haberler\/gundem\/29-ulkeden-2-bin-606-sporcu-cesmede-kosacak\/#breadcrumb","itemListElement":[{"@type":"ListItem","position":1,"name":"Home","item":"https:\/\/denizcankizil.tr\/de\/"},{"@type":"ListItem","position":2,"name":"29 \u00fclkeden 2 bin 606 sporcu \u00c7e\u015fme\u2019de ko\u015facak"}]},{"@type":"WebSite","@id":"https:\/\/denizcankizil.tr\/#website","url":"https:\/\/denizcankizil.tr\/","name":"Av. Deniz Can K\u0131z\u0131l","description":"Avukat Deniz Can K\u0131z\u0131l Antalya Barosu","publisher":{"@id":"https:\/\/denizcankizil.tr\/#organization"},"potentialAction":[{"@type":"SearchAction","target":{"@type":"EntryPoint","urlTemplate":"https:\/\/denizcankizil.tr\/?s={search_term_string}"},"query-input":{"@type":"PropertyValueSpecification","valueRequired":true,"valueName":"search_term_string"}}],"inLanguage":"uk"},{"@type":"Organization","@id":"https:\/\/denizcankizil.tr\/#organization","name":"Av. Deniz Can K\u0131z\u0131l","url":"https:\/\/denizcankizil.tr\/","logo":{"@type":"ImageObject","inLanguage":"uk","@id":"https:\/\/denizcankizil.tr\/#\/schema\/logo\/image\/","url":"http:\/\/denizcankizil.tr\/wp-content\/uploads\/2024\/10\/siyah-logo-svg.svg","contentUrl":"http:\/\/denizcankizil.tr\/wp-content\/uploads\/2024\/10\/siyah-logo-svg.svg","width":1080,"height":1080,"caption":"Av. Deniz Can K\u0131z\u0131l"},"image":{"@id":"https:\/\/denizcankizil.tr\/#\/schema\/logo\/image\/"}},{"@type":"Person","@id":"https:\/\/denizcankizil.tr\/#\/schema\/person\/be3c05fe6a12686905512445d8185489","name":"\u0430\u0434\u043c\u0456\u043d","image":{"@type":"ImageObject","inLanguage":"uk","@id":"https:\/\/denizcankizil.tr\/#\/schema\/person\/image\/","url":"https:\/\/secure.gravatar.com\/avatar\/c1fce94c830dc79107e174f890d7210541c4a63e8e5d816341794a2151c9d58c?s=96&d=mm&r=g","contentUrl":"https:\/\/secure.gravatar.com\/avatar\/c1fce94c830dc79107e174f890d7210541c4a63e8e5d816341794a2151c9d58c?s=96&d=mm&r=g","caption":"admin"},"sameAs":["http:\/\/denizcankizil.tr"],"url":"https:\/\/www.iskenderun.org\/29-ulkeden-2-bin-606-sporcu-cesmede-kosacak"}]}},"_links":{"self":[{"href":"http:\/\/denizcankizil.tr\/uk\/wp-json\/wp\/v2\/posts\/82369","targetHints":{"allow":["GET"]}}],"collection":[{"href":"http:\/\/denizcankizil.tr\/uk\/wp-json\/wp\/v2\/posts"}],"about":[{"href":"http:\/\/denizcankizil.tr\/uk\/wp-json\/wp\/v2\/types\/post"}],"author":[{"embeddable":true,"href":"http:\/\/denizcankizil.tr\/uk\/wp-json\/wp\/v2\/users\/1"}],"replies":[{"embeddable":true,"href":"http:\/\/denizcankizil.tr\/uk\/wp-json\/wp\/v2\/comments?post=82369"}],"version-history":[{"count":0,"href":"http:\/\/denizcankizil.tr\/uk\/wp-json\/wp\/v2\/posts\/82369\/revisions"}],"wp:attachment":[{"href":"http:\/\/denizcankizil.tr\/uk\/wp-json\/wp\/v2\/media?parent=82369"}],"wp:term":[{"taxonomy":"category","embeddable":true,"href":"http:\/\/denizcankizil.tr\/uk\/wp-json\/wp\/v2\/categories?post=82369"},{"taxonomy":"post_tag","embeddable":true,"href":"http:\/\/denizcankizil.tr\/uk\/wp-json\/wp\/v2\/tags?post=82369"}],"curies":[{"name":"wp","href":"https:\/\/api.w.org\/{rel}","templated":true}]}}