{"id":82149,"date":"2025-05-10T12:42:15","date_gmt":"2025-05-10T09:42:15","guid":{"rendered":"https:\/\/denizcankizil.tr\/uncategorized-tr\/4-foodfest-antalya-uluslararasi-gastronomi-festivalinde-ceylan-ertem-ruzgari\/"},"modified":"2025-05-10T12:42:15","modified_gmt":"2025-05-10T09:42:15","slug":"4-foodfest-antalya-uluslararasi-gastronomi-festivalinde-ceylan-ertem-ruzgari","status":"publish","type":"post","link":"http:\/\/denizcankizil.tr\/uk\/haberler\/gundem\/4-foodfest-antalya-uluslararasi-gastronomi-festivalinde-ceylan-ertem-ruzgari\/","title":{"rendered":"4. FoodFest Antalya Uluslararas\u0131 Gastronomi Festivali\u2019nde Ceylan Ertem r\u00fczgar\u0131"},"content":{"rendered":"<p>Antalya\u2019n\u0131n yerel lezzetlerinin d\u00fcnyaya tan\u0131t\u0131ld\u0131\u011f\u0131 4. FoodFest Antalya Uluslararas\u0131 Gastronomi Festivali\u2019nde g\u00fcn boyu lezzet \u015f\u00f6leni ya\u015fan\u0131rken, festival kapsam\u0131nda sahne alan \u00fcnl\u00fc sanat\u00e7\u0131 Ceylan Ertem, Antalyal\u0131lara keyifli bir ak\u015fam ya\u015fatt\u0131.<\/p>\n<p>\u200bAntalya\u2019n\u0131n yerel lezzetlerinin d\u00fcnyaya tan\u0131t\u0131ld\u0131\u011f\u0131 4. FoodFest Antalya Uluslararas\u0131 Gastronomi Festivali\u2019nde g\u00fcn boyu lezzet \u015f\u00f6leni ya\u015fan\u0131rken, festival kapsam\u0131nda sahne alan \u00fcnl\u00fc sanat\u00e7\u0131 Ceylan Ertem, Antalyal\u0131lara keyifli bir ak\u015fam ya\u015fatt\u0131.\u00a0<\/p>\n<p>\u200bHaberin Al\u0131nt\u0131land\u0131\u011f\u0131 Kaynak: www.iskenderun.org<\/p>","protected":false},"excerpt":{"rendered":"<p>Antalya\u2019n\u0131n yerel lezzetlerinin d\u00fcnyaya tan\u0131t\u0131ld\u0131\u011f\u0131 4. FoodFest Antalya Uluslararas\u0131 Gastronomi Festivali\u2019nde g\u00fcn boyu lezzet \u015f\u00f6leni ya\u015fan\u0131rken, festival kapsam\u0131nda sahne alan \u00fcnl\u00fc sanat\u00e7\u0131 Ceylan Ertem, Antalyal\u0131lara keyifli bir ak\u015fam ya\u015fatt\u0131. \u200bAntalya\u2019n\u0131n yerel lezzetlerinin d\u00fcnyaya tan\u0131t\u0131ld\u0131\u011f\u0131 4. FoodFest Antalya Uluslararas\u0131 Gastronomi Festivali\u2019nde g\u00fcn boyu lezzet \u015f\u00f6leni ya\u015fan\u0131rken, festival kapsam\u0131nda sahne alan \u00fcnl\u00fc sanat\u00e7\u0131 Ceylan Ertem, Antalyal\u0131lara keyifli bir ak\u015fam ya\u015fatt\u0131.\u00a0 \u200bHaberin Al\u0131nt\u0131land\u0131\u011f\u0131 Kaynak: www.iskenderun.org<\/p>","protected":false},"author":1,"featured_media":0,"comment_status":"","ping_status":"open","sticky":false,"template":"","format":"standard","meta":{"_acf_changed":false,"footnotes":""},"categories":[24],"tags":[],"class_list":["post-82149","post","type-post","status-publish","format-standard","has-post-thumbnail","hentry","category-gundem"],"acf":[],"yoast_head":"<!-- This site is optimized with the Yoast SEO Premium plugin v26.6 (Yoast SEO v27.1.1) - https:\/\/yoast.com\/product\/yoast-seo-premium-wordpress\/ -->\n<title>4. FoodFest Antalya Uluslararas\u0131 Gastronomi Festivali\u2019nde Ceylan Ertem r\u00fczgar\u0131 - Av. Deniz Can K\u0131z\u0131l<\/title>\n<meta name=\"robots\" content=\"index, follow, max-snippet:-1, max-image-preview:large, max-video-preview:-1\" \/>\n<link rel=\"canonical\" href=\"https:\/\/denizcankizil.tr\/uk\/haberler\/gundem\/4-foodfest-antalya-uluslararasi-gastronomi-festivalinde-ceylan-ertem-ruzgari\/\" \/>\n<meta property=\"og:locale\" content=\"uk_UA\" \/>\n<meta property=\"og:type\" content=\"article\" \/>\n<meta property=\"og:title\" content=\"4. FoodFest Antalya Uluslararas\u0131 Gastronomi Festivali\u2019nde Ceylan Ertem r\u00fczgar\u0131\" \/>\n<meta property=\"og:description\" content=\"Antalya\u2019n\u0131n yerel lezzetlerinin d\u00fcnyaya tan\u0131t\u0131ld\u0131\u011f\u0131 4. FoodFest Antalya Uluslararas\u0131 Gastronomi Festivali\u2019nde g\u00fcn boyu lezzet \u015f\u00f6leni ya\u015fan\u0131rken, festival kapsam\u0131nda sahne alan \u00fcnl\u00fc sanat\u00e7\u0131 Ceylan Ertem, Antalyal\u0131lara keyifli bir ak\u015fam ya\u015fatt\u0131. \u200bAntalya\u2019n\u0131n yerel lezzetlerinin d\u00fcnyaya tan\u0131t\u0131ld\u0131\u011f\u0131 4. FoodFest Antalya Uluslararas\u0131 Gastronomi Festivali\u2019nde g\u00fcn boyu lezzet \u015f\u00f6leni ya\u015fan\u0131rken, festival kapsam\u0131nda sahne alan \u00fcnl\u00fc sanat\u00e7\u0131 Ceylan Ertem, Antalyal\u0131lara keyifli bir ak\u015fam ya\u015fatt\u0131.\u00a0 \u200bHaberin Al\u0131nt\u0131land\u0131\u011f\u0131 Kaynak: www.iskenderun.org\" \/>\n<meta property=\"og:url\" content=\"https:\/\/denizcankizil.tr\/uk\/haberler\/gundem\/4-foodfest-antalya-uluslararasi-gastronomi-festivalinde-ceylan-ertem-ruzgari\/\" \/>\n<meta property=\"og:site_name\" content=\"Av. Deniz Can K\u0131z\u0131l\" \/>\n<meta property=\"article:published_time\" content=\"2025-05-10T09:42:15+00:00\" \/>\n<meta name=\"author\" content=\"admin\" \/>\n<meta name=\"twitter:card\" content=\"summary_large_image\" \/>\n<meta name=\"twitter:label1\" content=\"\u041d\u0430\u043f\u0438\u0441\u0430\u043d\u043e\" \/>\n\t<meta name=\"twitter:data1\" content=\"admin\" \/>\n<script type=\"application\/ld+json\" class=\"yoast-schema-graph\">{\"@context\":\"https:\/\/schema.org\",\"@graph\":[{\"@type\":\"Article\",\"@id\":\"https:\/\/denizcankizil.tr\/ru\/haberler\/gundem\/4-foodfest-antalya-uluslararasi-gastronomi-festivalinde-ceylan-ertem-ruzgari\/#article\",\"isPartOf\":{\"@id\":\"https:\/\/denizcankizil.tr\/ru\/haberler\/gundem\/4-foodfest-antalya-uluslararasi-gastronomi-festivalinde-ceylan-ertem-ruzgari\/\"},\"author\":{\"name\":\"admin\",\"@id\":\"https:\/\/denizcankizil.tr\/de\/#\/schema\/person\/be3c05fe6a12686905512445d8185489\"},\"headline\":\"4. FoodFest Antalya Uluslararas\u0131 Gastronomi Festivali\u2019nde Ceylan Ertem r\u00fczgar\u0131\",\"datePublished\":\"2025-05-10T09:42:15+00:00\",\"mainEntityOfPage\":{\"@id\":\"https:\/\/denizcankizil.tr\/ru\/haberler\/gundem\/4-foodfest-antalya-uluslararasi-gastronomi-festivalinde-ceylan-ertem-ruzgari\/\"},\"wordCount\":100,\"publisher\":{\"@id\":\"https:\/\/denizcankizil.tr\/de\/#organization\"},\"articleSection\":[\"G\u00fcndem\"],\"inLanguage\":\"uk\"},{\"@type\":\"WebPage\",\"@id\":\"https:\/\/denizcankizil.tr\/ru\/haberler\/gundem\/4-foodfest-antalya-uluslararasi-gastronomi-festivalinde-ceylan-ertem-ruzgari\/\",\"url\":\"https:\/\/denizcankizil.tr\/ru\/haberler\/gundem\/4-foodfest-antalya-uluslararasi-gastronomi-festivalinde-ceylan-ertem-ruzgari\/\",\"name\":\"4. FoodFest Antalya Uluslararas\u0131 Gastronomi Festivali\u2019nde Ceylan Ertem r\u00fczgar\u0131 - Av. Deniz Can K\u0131z\u0131l\",\"isPartOf\":{\"@id\":\"https:\/\/denizcankizil.tr\/de\/#website\"},\"datePublished\":\"2025-05-10T09:42:15+00:00\",\"breadcrumb\":{\"@id\":\"https:\/\/denizcankizil.tr\/ru\/haberler\/gundem\/4-foodfest-antalya-uluslararasi-gastronomi-festivalinde-ceylan-ertem-ruzgari\/#breadcrumb\"},\"inLanguage\":\"uk\",\"potentialAction\":[{\"@type\":\"ReadAction\",\"target\":[\"https:\/\/denizcankizil.tr\/ru\/haberler\/gundem\/4-foodfest-antalya-uluslararasi-gastronomi-festivalinde-ceylan-ertem-ruzgari\/\"]}]},{\"@type\":\"BreadcrumbList\",\"@id\":\"https:\/\/denizcankizil.tr\/ru\/haberler\/gundem\/4-foodfest-antalya-uluslararasi-gastronomi-festivalinde-ceylan-ertem-ruzgari\/#breadcrumb\",\"itemListElement\":[{\"@type\":\"ListItem\",\"position\":1,\"name\":\"Home\",\"item\":\"https:\/\/denizcankizil.tr\/de\/\"},{\"@type\":\"ListItem\",\"position\":2,\"name\":\"4. FoodFest Antalya Uluslararas\u0131 Gastronomi Festivali\u2019nde Ceylan Ertem r\u00fczgar\u0131\"}]},{\"@type\":\"WebSite\",\"@id\":\"https:\/\/denizcankizil.tr\/de\/#website\",\"url\":\"https:\/\/denizcankizil.tr\/de\/\",\"name\":\"Av. Deniz Can K\u0131z\u0131l\",\"description\":\"Avukat Deniz Can K\u0131z\u0131l Antalya Barosu\",\"publisher\":{\"@id\":\"https:\/\/denizcankizil.tr\/de\/#organization\"},\"potentialAction\":[{\"@type\":\"SearchAction\",\"target\":{\"@type\":\"EntryPoint\",\"urlTemplate\":\"https:\/\/denizcankizil.tr\/de\/?s={search_term_string}\"},\"query-input\":{\"@type\":\"PropertyValueSpecification\",\"valueRequired\":true,\"valueName\":\"search_term_string\"}}],\"inLanguage\":\"uk\"},{\"@type\":\"Organization\",\"@id\":\"https:\/\/denizcankizil.tr\/de\/#organization\",\"name\":\"Av. Deniz Can K\u0131z\u0131l\",\"url\":\"https:\/\/denizcankizil.tr\/de\/\",\"logo\":{\"@type\":\"ImageObject\",\"inLanguage\":\"uk\",\"@id\":\"https:\/\/denizcankizil.tr\/de\/#\/schema\/logo\/image\/\",\"url\":\"http:\/\/denizcankizil.tr\/wp-content\/uploads\/2024\/10\/siyah-logo-svg.svg\",\"contentUrl\":\"http:\/\/denizcankizil.tr\/wp-content\/uploads\/2024\/10\/siyah-logo-svg.svg\",\"width\":1080,\"height\":1080,\"caption\":\"Av. Deniz Can K\u0131z\u0131l\"},\"image\":{\"@id\":\"https:\/\/denizcankizil.tr\/de\/#\/schema\/logo\/image\/\"}},{\"@type\":\"Person\",\"@id\":\"https:\/\/denizcankizil.tr\/de\/#\/schema\/person\/be3c05fe6a12686905512445d8185489\",\"name\":\"admin\",\"image\":{\"@type\":\"ImageObject\",\"inLanguage\":\"uk\",\"@id\":\"https:\/\/denizcankizil.tr\/de\/#\/schema\/person\/image\/\",\"url\":\"https:\/\/secure.gravatar.com\/avatar\/c1fce94c830dc79107e174f890d7210541c4a63e8e5d816341794a2151c9d58c?s=96&d=mm&r=g\",\"contentUrl\":\"https:\/\/secure.gravatar.com\/avatar\/c1fce94c830dc79107e174f890d7210541c4a63e8e5d816341794a2151c9d58c?s=96&d=mm&r=g\",\"caption\":\"admin\"},\"sameAs\":[\"http:\/\/denizcankizil.tr\"],\"url\":\"https:\/\/www.iskenderun.org\/4-foodfest-antalya-uluslararasi-gastronomi-festivalinde-ceylan-ertem-ruzgari\"}]}<\/script>\n<!-- \/ Yoast SEO Premium plugin. -->","yoast_head_json":{"title":"4. FoodFest Antalya Uluslararas\u0131 Gastronomi Festivali\u2019nde Ceylan Ertem r\u00fczgar\u0131 - Av. Deniz Can K\u0131z\u0131l","robots":{"index":"index","follow":"follow","max-snippet":"max-snippet:-1","max-image-preview":"max-image-preview:large","max-video-preview":"max-video-preview:-1"},"canonical":"https:\/\/denizcankizil.tr\/uk\/haberler\/gundem\/4-foodfest-antalya-uluslararasi-gastronomi-festivalinde-ceylan-ertem-ruzgari\/","og_locale":"uk_UA","og_type":"article","og_title":"4. FoodFest Antalya Uluslararas\u0131 Gastronomi Festivali\u2019nde Ceylan Ertem r\u00fczgar\u0131","og_description":"Antalya\u2019n\u0131n yerel lezzetlerinin d\u00fcnyaya tan\u0131t\u0131ld\u0131\u011f\u0131 4. FoodFest Antalya Uluslararas\u0131 Gastronomi Festivali\u2019nde g\u00fcn boyu lezzet \u015f\u00f6leni ya\u015fan\u0131rken, festival kapsam\u0131nda sahne alan \u00fcnl\u00fc sanat\u00e7\u0131 Ceylan Ertem, Antalyal\u0131lara keyifli bir ak\u015fam ya\u015fatt\u0131. \u200bAntalya\u2019n\u0131n yerel lezzetlerinin d\u00fcnyaya tan\u0131t\u0131ld\u0131\u011f\u0131 4. FoodFest Antalya Uluslararas\u0131 Gastronomi Festivali\u2019nde g\u00fcn boyu lezzet \u015f\u00f6leni ya\u015fan\u0131rken, festival kapsam\u0131nda sahne alan \u00fcnl\u00fc sanat\u00e7\u0131 Ceylan Ertem, Antalyal\u0131lara keyifli bir ak\u015fam ya\u015fatt\u0131.\u00a0 \u200bHaberin Al\u0131nt\u0131land\u0131\u011f\u0131 Kaynak: www.iskenderun.org","og_url":"https:\/\/denizcankizil.tr\/uk\/haberler\/gundem\/4-foodfest-antalya-uluslararasi-gastronomi-festivalinde-ceylan-ertem-ruzgari\/","og_site_name":"Av. Deniz Can K\u0131z\u0131l","article_published_time":"2025-05-10T09:42:15+00:00","author":"admin","twitter_card":"summary_large_image","twitter_misc":{"\u041d\u0430\u043f\u0438\u0441\u0430\u043d\u043e":"admin"},"schema":{"@context":"https:\/\/schema.org","@graph":[{"@type":"Article","@id":"https:\/\/denizcankizil.tr\/ru\/haberler\/gundem\/4-foodfest-antalya-uluslararasi-gastronomi-festivalinde-ceylan-ertem-ruzgari\/#article","isPartOf":{"@id":"https:\/\/denizcankizil.tr\/ru\/haberler\/gundem\/4-foodfest-antalya-uluslararasi-gastronomi-festivalinde-ceylan-ertem-ruzgari\/"},"author":{"name":"admin","@id":"https:\/\/denizcankizil.tr\/de\/#\/schema\/person\/be3c05fe6a12686905512445d8185489"},"headline":"4. FoodFest Antalya Uluslararas\u0131 Gastronomi Festivali\u2019nde Ceylan Ertem r\u00fczgar\u0131","datePublished":"2025-05-10T09:42:15+00:00","mainEntityOfPage":{"@id":"https:\/\/denizcankizil.tr\/ru\/haberler\/gundem\/4-foodfest-antalya-uluslararasi-gastronomi-festivalinde-ceylan-ertem-ruzgari\/"},"wordCount":100,"publisher":{"@id":"https:\/\/denizcankizil.tr\/de\/#organization"},"articleSection":["G\u00fcndem"],"inLanguage":"uk"},{"@type":"WebPage","@id":"https:\/\/denizcankizil.tr\/ru\/haberler\/gundem\/4-foodfest-antalya-uluslararasi-gastronomi-festivalinde-ceylan-ertem-ruzgari\/","url":"https:\/\/denizcankizil.tr\/ru\/haberler\/gundem\/4-foodfest-antalya-uluslararasi-gastronomi-festivalinde-ceylan-ertem-ruzgari\/","name":"4. FoodFest Antalya Uluslararas\u0131 Gastronomi Festivali\u2019nde Ceylan Ertem r\u00fczgar\u0131 - Av. Deniz Can K\u0131z\u0131l","isPartOf":{"@id":"https:\/\/denizcankizil.tr\/de\/#website"},"datePublished":"2025-05-10T09:42:15+00:00","breadcrumb":{"@id":"https:\/\/denizcankizil.tr\/ru\/haberler\/gundem\/4-foodfest-antalya-uluslararasi-gastronomi-festivalinde-ceylan-ertem-ruzgari\/#breadcrumb"},"inLanguage":"uk","potentialAction":[{"@type":"ReadAction","target":["https:\/\/denizcankizil.tr\/ru\/haberler\/gundem\/4-foodfest-antalya-uluslararasi-gastronomi-festivalinde-ceylan-ertem-ruzgari\/"]}]},{"@type":"BreadcrumbList","@id":"https:\/\/denizcankizil.tr\/ru\/haberler\/gundem\/4-foodfest-antalya-uluslararasi-gastronomi-festivalinde-ceylan-ertem-ruzgari\/#breadcrumb","itemListElement":[{"@type":"ListItem","position":1,"name":"Home","item":"https:\/\/denizcankizil.tr\/de\/"},{"@type":"ListItem","position":2,"name":"4. FoodFest Antalya Uluslararas\u0131 Gastronomi Festivali\u2019nde Ceylan Ertem r\u00fczgar\u0131"}]},{"@type":"WebSite","@id":"https:\/\/denizcankizil.tr\/de\/#website","url":"https:\/\/denizcankizil.tr\/de\/","name":"Av. Deniz Can K\u0131z\u0131l","description":"Avukat Deniz Can K\u0131z\u0131l Antalya Barosu","publisher":{"@id":"https:\/\/denizcankizil.tr\/de\/#organization"},"potentialAction":[{"@type":"SearchAction","target":{"@type":"EntryPoint","urlTemplate":"https:\/\/denizcankizil.tr\/de\/?s={search_term_string}"},"query-input":{"@type":"PropertyValueSpecification","valueRequired":true,"valueName":"search_term_string"}}],"inLanguage":"uk"},{"@type":"Organization","@id":"https:\/\/denizcankizil.tr\/de\/#organization","name":"Av. Deniz Can K\u0131z\u0131l","url":"https:\/\/denizcankizil.tr\/de\/","logo":{"@type":"ImageObject","inLanguage":"uk","@id":"https:\/\/denizcankizil.tr\/de\/#\/schema\/logo\/image\/","url":"http:\/\/denizcankizil.tr\/wp-content\/uploads\/2024\/10\/siyah-logo-svg.svg","contentUrl":"http:\/\/denizcankizil.tr\/wp-content\/uploads\/2024\/10\/siyah-logo-svg.svg","width":1080,"height":1080,"caption":"Av. Deniz Can K\u0131z\u0131l"},"image":{"@id":"https:\/\/denizcankizil.tr\/de\/#\/schema\/logo\/image\/"}},{"@type":"Person","@id":"https:\/\/denizcankizil.tr\/de\/#\/schema\/person\/be3c05fe6a12686905512445d8185489","name":"\u0430\u0434\u043c\u0456\u043d","image":{"@type":"ImageObject","inLanguage":"uk","@id":"https:\/\/denizcankizil.tr\/de\/#\/schema\/person\/image\/","url":"https:\/\/secure.gravatar.com\/avatar\/c1fce94c830dc79107e174f890d7210541c4a63e8e5d816341794a2151c9d58c?s=96&d=mm&r=g","contentUrl":"https:\/\/secure.gravatar.com\/avatar\/c1fce94c830dc79107e174f890d7210541c4a63e8e5d816341794a2151c9d58c?s=96&d=mm&r=g","caption":"admin"},"sameAs":["http:\/\/denizcankizil.tr"],"url":"https:\/\/www.iskenderun.org\/4-foodfest-antalya-uluslararasi-gastronomi-festivalinde-ceylan-ertem-ruzgari"}]}},"_links":{"self":[{"href":"http:\/\/denizcankizil.tr\/uk\/wp-json\/wp\/v2\/posts\/82149","targetHints":{"allow":["GET"]}}],"collection":[{"href":"http:\/\/denizcankizil.tr\/uk\/wp-json\/wp\/v2\/posts"}],"about":[{"href":"http:\/\/denizcankizil.tr\/uk\/wp-json\/wp\/v2\/types\/post"}],"author":[{"embeddable":true,"href":"http:\/\/denizcankizil.tr\/uk\/wp-json\/wp\/v2\/users\/1"}],"replies":[{"embeddable":true,"href":"http:\/\/denizcankizil.tr\/uk\/wp-json\/wp\/v2\/comments?post=82149"}],"version-history":[{"count":0,"href":"http:\/\/denizcankizil.tr\/uk\/wp-json\/wp\/v2\/posts\/82149\/revisions"}],"wp:attachment":[{"href":"http:\/\/denizcankizil.tr\/uk\/wp-json\/wp\/v2\/media?parent=82149"}],"wp:term":[{"taxonomy":"category","embeddable":true,"href":"http:\/\/denizcankizil.tr\/uk\/wp-json\/wp\/v2\/categories?post=82149"},{"taxonomy":"post_tag","embeddable":true,"href":"http:\/\/denizcankizil.tr\/uk\/wp-json\/wp\/v2\/tags?post=82149"}],"curies":[{"name":"wp","href":"https:\/\/api.w.org\/{rel}","templated":true}]}}