{"id":8055,"date":"2024-10-25T17:41:31","date_gmt":"2024-10-25T14:41:31","guid":{"rendered":"https:\/\/denizcankizil.tr\/uncategorized-tr\/meb-robotik-yarismasidan-konyaya-5-odulle-donduler\/"},"modified":"2024-10-25T17:41:31","modified_gmt":"2024-10-25T14:41:31","slug":"meb-robotik-yarismasidan-konyaya-5-odulle-donduler","status":"publish","type":"post","link":"http:\/\/denizcankizil.tr\/uk\/haberler\/gundem\/meb-robotik-yarismasidan-konyaya-5-odulle-donduler\/","title":{"rendered":"MEB Robotik Yar\u0131\u015fmas\u0131&#8217;dan Konya&#8217;ya 5 \u00f6d\u00fclle d\u00f6nd\u00fcler"},"content":{"rendered":"<p>Konya B\u00fcy\u00fck\u015fehir Belediyesi Kaps\u00fcl Teknoloji Platformu taraf\u0131ndan desteklenen tak\u0131mlar, 16. Milli E\u011fitim Bakanl\u0131\u011f\u0131 (MEB) Robotik Yar\u0131\u015fmas\u0131&#8217;na damga vurdu.KONYA (\u0130GFA) &#8211; T\u00fcrkiye&#8217;nin teknoloji tabanl\u0131 gelece\u011fini \u015fekillendirmek, gen\u00e7leri ulusal ve uluslararas\u0131 d\u00fczeyde ba\u015far\u0131ya ta\u015f\u0131mak amac\u0131yla bu y\u0131l MEB Robotik Yar\u0131\u015fmas\u0131\u2019n\u0131n 16\u2019nc\u0131s\u0131 Erzurum\u2019da d\u00fczenlendi.<br \/>\nYar\u0131\u015fmada Konya\u2019ya kazand\u0131r\u0131lan 8 \u00f6d\u00fclden 5\u2019i Kaps\u00fcl Teknoloji Platformu\u2019nun \u00e7e\u015fitli ortaokul ve liselerde destekledi\u011fi tak\u0131mlardan geldi. Farkl\u0131 kategorilerde zorlu rakiplere kar\u015f\u0131 verilen m\u00fccadele sonucunda; \u201cSu Alt\u0131\u201d kategorisinde Karatay Fen Lisesi ikinci, Karatay Bilsem \u00fc\u00e7\u00fcnc\u00fc, \u201cTasarla \u00c7al\u0131\u015ft\u0131r\u201d kategorisinde K\u0131l\u0131\u00e7arslan MTAL \u00fc\u00e7\u00fcnc\u00fc, \u201cTozkoparan\u201d kategorisinde Karatay Bilsem ikinci, Sel\u00e7uklu KTP S\u00fcleyman \u00c7elebi Ortaokulu \u00fc\u00e7\u00fcnc\u00fcl\u00fck elde etti.<br \/>\nKAPS\u00dcL TEKNOLOJ\u0130 PLATFORMU\u2019NDAN M\u0130LL\u0130 TEKNOLOJ\u0130 HAMLES\u0130\u2019NE TAM DESTEK<br \/>\nKonya B\u00fcy\u00fck\u015fehir Belediyesi b\u00fcnyesinde faaliyetlerini s\u00fcrd\u00fcren Kaps\u00fcl Teknoloji Platformu, gen\u00e7lerin potansiyellerini en \u00fcst d\u00fczeyde kullanmalar\u0131na destek vererek, kendilerini geli\u015ftirme imkan\u0131 sunuyor.<br \/>\nTeknoloji ve inovasyonun yayg\u0131nla\u015ft\u0131r\u0131lmas\u0131na y\u00f6nelik \u00e7al\u0131\u015fmalar y\u00fcr\u00fcten Kaps\u00fcl Teknoloji Platformu, yar\u0131\u015fma kapsam\u0131nda destekledi\u011fi tak\u0131mlara at\u00f6lye ve \u00e7al\u0131\u015fma alanlar\u0131ndan teknik e\u011fitim ve kamplara, mekanik \u00fcretim deste\u011finden ekipman ve mentorluk hizmetlerine kadar geni\u015f kapsaml\u0131 destek sa\u011fl\u0131yor.<br \/>\nKaps\u00fcl Teknoloji Platformu, elde edilen ba\u015far\u0131larla gen\u00e7lerin teknolojiye olan ilgisini art\u0131rmak ve onlar\u0131 daha b\u00fcy\u00fck ba\u015far\u0131lara y\u00f6nlendirmek ad\u0131na desteklerine devam edecek.<\/p>\n<p>\u200bKonya B\u00fcy\u00fck\u015fehir Belediyesi Kaps\u00fcl Teknoloji Platformu taraf\u0131ndan desteklenen tak\u0131mlar, 16  Milli E\u011fitim Bakanl\u0131\u011f\u0131 (MEB) Robotik Yar\u0131\u015fmas\u0131&#8217;na damga vurdu\u00a0<\/p>\n<p>\u200bHaberin Al\u0131nt\u0131land\u0131\u011f\u0131 Kaynak: www.iskenderun.org<\/p>","protected":false},"excerpt":{"rendered":"<p>Konya B\u00fcy\u00fck\u015fehir Belediyesi Kaps\u00fcl Teknoloji Platformu taraf\u0131ndan desteklenen tak\u0131mlar, 16. Milli E\u011fitim Bakanl\u0131\u011f\u0131 (MEB) Robotik Yar\u0131\u015fmas\u0131&#8217;na damga vurdu.KONYA (\u0130GFA) &#8211; T\u00fcrkiye&#8217;nin teknoloji tabanl\u0131 gelece\u011fini \u015fekillendirmek, gen\u00e7leri ulusal ve uluslararas\u0131 d\u00fczeyde ba\u015far\u0131ya ta\u015f\u0131mak amac\u0131yla bu y\u0131l MEB Robotik Yar\u0131\u015fmas\u0131\u2019n\u0131n 16\u2019nc\u0131s\u0131 Erzurum\u2019da d\u00fczenlendi. Yar\u0131\u015fmada Konya\u2019ya kazand\u0131r\u0131lan 8 \u00f6d\u00fclden 5\u2019i Kaps\u00fcl Teknoloji Platformu\u2019nun \u00e7e\u015fitli ortaokul ve liselerde destekledi\u011fi tak\u0131mlardan geldi. Farkl\u0131 kategorilerde zorlu rakiplere kar\u015f\u0131 verilen m\u00fccadele sonucunda; \u201cSu Alt\u0131\u201d kategorisinde Karatay Fen Lisesi ikinci, Karatay Bilsem \u00fc\u00e7\u00fcnc\u00fc, \u201cTasarla \u00c7al\u0131\u015ft\u0131r\u201d kategorisinde K\u0131l\u0131\u00e7arslan MTAL \u00fc\u00e7\u00fcnc\u00fc, \u201cTozkoparan\u201d kategorisinde Karatay Bilsem ikinci, Sel\u00e7uklu KTP S\u00fcleyman \u00c7elebi Ortaokulu \u00fc\u00e7\u00fcnc\u00fcl\u00fck elde etti. KAPS\u00dcL TEKNOLOJ\u0130 PLATFORMU\u2019NDAN M\u0130LL\u0130 TEKNOLOJ\u0130 HAMLES\u0130\u2019NE TAM DESTEK Konya B\u00fcy\u00fck\u015fehir Belediyesi b\u00fcnyesinde faaliyetlerini s\u00fcrd\u00fcren Kaps\u00fcl Teknoloji Platformu, gen\u00e7lerin potansiyellerini en \u00fcst d\u00fczeyde kullanmalar\u0131na destek vererek, kendilerini geli\u015ftirme imkan\u0131 sunuyor. Teknoloji ve inovasyonun yayg\u0131nla\u015ft\u0131r\u0131lmas\u0131na y\u00f6nelik \u00e7al\u0131\u015fmalar y\u00fcr\u00fcten Kaps\u00fcl Teknoloji Platformu, yar\u0131\u015fma kapsam\u0131nda destekledi\u011fi tak\u0131mlara at\u00f6lye ve \u00e7al\u0131\u015fma alanlar\u0131ndan teknik e\u011fitim ve kamplara, mekanik \u00fcretim deste\u011finden ekipman ve mentorluk hizmetlerine kadar geni\u015f kapsaml\u0131 destek sa\u011fl\u0131yor. Kaps\u00fcl Teknoloji Platformu, elde edilen ba\u015far\u0131larla gen\u00e7lerin teknolojiye olan ilgisini art\u0131rmak ve onlar\u0131 daha b\u00fcy\u00fck ba\u015far\u0131lara y\u00f6nlendirmek ad\u0131na desteklerine devam edecek. \u200bKonya B\u00fcy\u00fck\u015fehir Belediyesi Kaps\u00fcl Teknoloji Platformu taraf\u0131ndan desteklenen tak\u0131mlar, 16 Milli E\u011fitim Bakanl\u0131\u011f\u0131 (MEB) Robotik Yar\u0131\u015fmas\u0131&#8217;na damga vurdu\u00a0 \u200bHaberin Al\u0131nt\u0131land\u0131\u011f\u0131 Kaynak: www.iskenderun.org<\/p>","protected":false},"author":0,"featured_media":0,"comment_status":"open","ping_status":"open","sticky":false,"template":"","format":"standard","meta":{"_acf_changed":false,"footnotes":""},"categories":[24,535],"tags":[],"class_list":["post-8055","post","type-post","status-publish","format-standard","has-post-thumbnail","hentry","category-gundem","category-uncategorized-tr"],"acf":[],"yoast_head":"<!-- This site is optimized with the Yoast SEO Premium plugin v26.6 (Yoast SEO v27.1.1) - https:\/\/yoast.com\/product\/yoast-seo-premium-wordpress\/ -->\n<title>MEB Robotik Yar\u0131\u015fmas\u0131&#039;dan Konya&#039;ya 5 \u00f6d\u00fclle d\u00f6nd\u00fcler - Av. Deniz Can K\u0131z\u0131l<\/title>\n<meta name=\"robots\" content=\"index, follow, max-snippet:-1, max-image-preview:large, max-video-preview:-1\" \/>\n<link rel=\"canonical\" href=\"http:\/\/denizcankizil.tr\/uk\/haberler\/gundem\/meb-robotik-yarismasidan-konyaya-5-odulle-donduler\/\" \/>\n<meta property=\"og:locale\" content=\"uk_UA\" \/>\n<meta property=\"og:type\" content=\"article\" \/>\n<meta property=\"og:title\" content=\"MEB Robotik Yar\u0131\u015fmas\u0131&#039;dan Konya&#039;ya 5 \u00f6d\u00fclle d\u00f6nd\u00fcler\" \/>\n<meta property=\"og:description\" content=\"Konya B\u00fcy\u00fck\u015fehir Belediyesi Kaps\u00fcl Teknoloji Platformu taraf\u0131ndan desteklenen tak\u0131mlar, 16. Milli E\u011fitim Bakanl\u0131\u011f\u0131 (MEB) Robotik Yar\u0131\u015fmas\u0131&#8217;na damga vurdu.KONYA (\u0130GFA) &#8211; T\u00fcrkiye&#8217;nin teknoloji tabanl\u0131 gelece\u011fini \u015fekillendirmek, gen\u00e7leri ulusal ve uluslararas\u0131 d\u00fczeyde ba\u015far\u0131ya ta\u015f\u0131mak amac\u0131yla bu y\u0131l MEB Robotik Yar\u0131\u015fmas\u0131\u2019n\u0131n 16\u2019nc\u0131s\u0131 Erzurum\u2019da d\u00fczenlendi. Yar\u0131\u015fmada Konya\u2019ya kazand\u0131r\u0131lan 8 \u00f6d\u00fclden 5\u2019i Kaps\u00fcl Teknoloji Platformu\u2019nun \u00e7e\u015fitli ortaokul ve liselerde destekledi\u011fi tak\u0131mlardan geldi. Farkl\u0131 kategorilerde zorlu rakiplere kar\u015f\u0131 verilen m\u00fccadele sonucunda; \u201cSu Alt\u0131\u201d kategorisinde Karatay Fen Lisesi ikinci, Karatay Bilsem \u00fc\u00e7\u00fcnc\u00fc, \u201cTasarla \u00c7al\u0131\u015ft\u0131r\u201d kategorisinde K\u0131l\u0131\u00e7arslan MTAL \u00fc\u00e7\u00fcnc\u00fc, \u201cTozkoparan\u201d kategorisinde Karatay Bilsem ikinci, Sel\u00e7uklu KTP S\u00fcleyman \u00c7elebi Ortaokulu \u00fc\u00e7\u00fcnc\u00fcl\u00fck elde etti. KAPS\u00dcL TEKNOLOJ\u0130 PLATFORMU\u2019NDAN M\u0130LL\u0130 TEKNOLOJ\u0130 HAMLES\u0130\u2019NE TAM DESTEK Konya B\u00fcy\u00fck\u015fehir Belediyesi b\u00fcnyesinde faaliyetlerini s\u00fcrd\u00fcren Kaps\u00fcl Teknoloji Platformu, gen\u00e7lerin potansiyellerini en \u00fcst d\u00fczeyde kullanmalar\u0131na destek vererek, kendilerini geli\u015ftirme imkan\u0131 sunuyor. Teknoloji ve inovasyonun yayg\u0131nla\u015ft\u0131r\u0131lmas\u0131na y\u00f6nelik \u00e7al\u0131\u015fmalar y\u00fcr\u00fcten Kaps\u00fcl Teknoloji Platformu, yar\u0131\u015fma kapsam\u0131nda destekledi\u011fi tak\u0131mlara at\u00f6lye ve \u00e7al\u0131\u015fma alanlar\u0131ndan teknik e\u011fitim ve kamplara, mekanik \u00fcretim deste\u011finden ekipman ve mentorluk hizmetlerine kadar geni\u015f kapsaml\u0131 destek sa\u011fl\u0131yor. Kaps\u00fcl Teknoloji Platformu, elde edilen ba\u015far\u0131larla gen\u00e7lerin teknolojiye olan ilgisini art\u0131rmak ve onlar\u0131 daha b\u00fcy\u00fck ba\u015far\u0131lara y\u00f6nlendirmek ad\u0131na desteklerine devam edecek. \u200bKonya B\u00fcy\u00fck\u015fehir Belediyesi Kaps\u00fcl Teknoloji Platformu taraf\u0131ndan desteklenen tak\u0131mlar, 16 Milli E\u011fitim Bakanl\u0131\u011f\u0131 (MEB) Robotik Yar\u0131\u015fmas\u0131&#8217;na damga vurdu\u00a0 \u200bHaberin Al\u0131nt\u0131land\u0131\u011f\u0131 Kaynak: www.iskenderun.org\" \/>\n<meta property=\"og:url\" content=\"http:\/\/denizcankizil.tr\/uk\/haberler\/gundem\/meb-robotik-yarismasidan-konyaya-5-odulle-donduler\/\" \/>\n<meta property=\"og:site_name\" content=\"Av. Deniz Can K\u0131z\u0131l\" \/>\n<meta property=\"article:published_time\" content=\"2024-10-25T14:41:31+00:00\" \/>\n<meta name=\"twitter:card\" content=\"summary_large_image\" \/>\n<meta name=\"twitter:label1\" content=\"\u041f\u0440\u0438\u0431\u043b. \u0447\u0430\u0441 \u0447\u0438\u0442\u0430\u043d\u043d\u044f\" \/>\n\t<meta name=\"twitter:data1\" content=\"2 \u0445\u0432\u0438\u043b\u0438\u043d\u0438\" \/>\n<script type=\"application\/ld+json\" class=\"yoast-schema-graph\">{\"@context\":\"https:\/\/schema.org\",\"@graph\":[{\"@type\":\"Article\",\"@id\":\"http:\/\/denizcankizil.tr\/uk\/haberler\/gundem\/meb-robotik-yarismasidan-konyaya-5-odulle-donduler\/#article\",\"isPartOf\":{\"@id\":\"http:\/\/denizcankizil.tr\/uk\/haberler\/gundem\/meb-robotik-yarismasidan-konyaya-5-odulle-donduler\/\"},\"author\":{\"name\":\"\",\"@id\":\"\"},\"headline\":\"MEB Robotik Yar\u0131\u015fmas\u0131&#8217;dan Konya&#8217;ya 5 \u00f6d\u00fclle d\u00f6nd\u00fcler\",\"datePublished\":\"2024-10-25T14:41:31+00:00\",\"mainEntityOfPage\":{\"@id\":\"http:\/\/denizcankizil.tr\/uk\/haberler\/gundem\/meb-robotik-yarismasidan-konyaya-5-odulle-donduler\/\"},\"wordCount\":314,\"commentCount\":0,\"publisher\":{\"@id\":\"https:\/\/denizcankizil.tr\/#organization\"},\"articleSection\":[\"G\u00fcndem\",\"Uncategorized\"],\"inLanguage\":\"uk\",\"potentialAction\":[{\"@type\":\"CommentAction\",\"name\":\"Comment\",\"target\":[\"http:\/\/denizcankizil.tr\/uk\/haberler\/gundem\/meb-robotik-yarismasidan-konyaya-5-odulle-donduler\/#respond\"]}]},{\"@type\":\"WebPage\",\"@id\":\"http:\/\/denizcankizil.tr\/uk\/haberler\/gundem\/meb-robotik-yarismasidan-konyaya-5-odulle-donduler\/\",\"url\":\"http:\/\/denizcankizil.tr\/uk\/haberler\/gundem\/meb-robotik-yarismasidan-konyaya-5-odulle-donduler\/\",\"name\":\"MEB Robotik Yar\u0131\u015fmas\u0131'dan Konya'ya 5 \u00f6d\u00fclle d\u00f6nd\u00fcler - Av. Deniz Can K\u0131z\u0131l\",\"isPartOf\":{\"@id\":\"https:\/\/denizcankizil.tr\/#website\"},\"datePublished\":\"2024-10-25T14:41:31+00:00\",\"breadcrumb\":{\"@id\":\"http:\/\/denizcankizil.tr\/uk\/haberler\/gundem\/meb-robotik-yarismasidan-konyaya-5-odulle-donduler\/#breadcrumb\"},\"inLanguage\":\"uk\",\"potentialAction\":[{\"@type\":\"ReadAction\",\"target\":[\"http:\/\/denizcankizil.tr\/uk\/haberler\/gundem\/meb-robotik-yarismasidan-konyaya-5-odulle-donduler\/\"]}]},{\"@type\":\"BreadcrumbList\",\"@id\":\"http:\/\/denizcankizil.tr\/uk\/haberler\/gundem\/meb-robotik-yarismasidan-konyaya-5-odulle-donduler\/#breadcrumb\",\"itemListElement\":[{\"@type\":\"ListItem\",\"position\":1,\"name\":\"Home\",\"item\":\"https:\/\/denizcankizil.tr\/de\/\"},{\"@type\":\"ListItem\",\"position\":2,\"name\":\"MEB Robotik Yar\u0131\u015fmas\u0131&#8217;dan Konya&#8217;ya 5 \u00f6d\u00fclle d\u00f6nd\u00fcler\"}]},{\"@type\":\"WebSite\",\"@id\":\"https:\/\/denizcankizil.tr\/#website\",\"url\":\"https:\/\/denizcankizil.tr\/\",\"name\":\"Av. Deniz Can K\u0131z\u0131l\",\"description\":\"Avukat Deniz Can K\u0131z\u0131l Antalya Barosu\",\"publisher\":{\"@id\":\"https:\/\/denizcankizil.tr\/#organization\"},\"potentialAction\":[{\"@type\":\"SearchAction\",\"target\":{\"@type\":\"EntryPoint\",\"urlTemplate\":\"https:\/\/denizcankizil.tr\/?s={search_term_string}\"},\"query-input\":{\"@type\":\"PropertyValueSpecification\",\"valueRequired\":true,\"valueName\":\"search_term_string\"}}],\"inLanguage\":\"uk\"},{\"@type\":\"Organization\",\"@id\":\"https:\/\/denizcankizil.tr\/#organization\",\"name\":\"Av. Deniz Can K\u0131z\u0131l\",\"url\":\"https:\/\/denizcankizil.tr\/\",\"logo\":{\"@type\":\"ImageObject\",\"inLanguage\":\"uk\",\"@id\":\"https:\/\/denizcankizil.tr\/#\/schema\/logo\/image\/\",\"url\":\"http:\/\/denizcankizil.tr\/wp-content\/uploads\/2024\/10\/siyah-logo-svg.svg\",\"contentUrl\":\"http:\/\/denizcankizil.tr\/wp-content\/uploads\/2024\/10\/siyah-logo-svg.svg\",\"width\":1080,\"height\":1080,\"caption\":\"Av. Deniz Can K\u0131z\u0131l\"},\"image\":{\"@id\":\"https:\/\/denizcankizil.tr\/#\/schema\/logo\/image\/\"}}]}<\/script>\n<!-- \/ Yoast SEO Premium plugin. -->","yoast_head_json":{"title":"MEB Robotik Yar\u0131\u015fmas\u0131'dan Konya'ya 5 \u00f6d\u00fclle d\u00f6nd\u00fcler - Av. Deniz Can K\u0131z\u0131l","robots":{"index":"index","follow":"follow","max-snippet":"max-snippet:-1","max-image-preview":"max-image-preview:large","max-video-preview":"max-video-preview:-1"},"canonical":"http:\/\/denizcankizil.tr\/uk\/haberler\/gundem\/meb-robotik-yarismasidan-konyaya-5-odulle-donduler\/","og_locale":"uk_UA","og_type":"article","og_title":"MEB Robotik Yar\u0131\u015fmas\u0131'dan Konya'ya 5 \u00f6d\u00fclle d\u00f6nd\u00fcler","og_description":"Konya B\u00fcy\u00fck\u015fehir Belediyesi Kaps\u00fcl Teknoloji Platformu taraf\u0131ndan desteklenen tak\u0131mlar, 16. Milli E\u011fitim Bakanl\u0131\u011f\u0131 (MEB) Robotik Yar\u0131\u015fmas\u0131&#8217;na damga vurdu.KONYA (\u0130GFA) &#8211; T\u00fcrkiye&#8217;nin teknoloji tabanl\u0131 gelece\u011fini \u015fekillendirmek, gen\u00e7leri ulusal ve uluslararas\u0131 d\u00fczeyde ba\u015far\u0131ya ta\u015f\u0131mak amac\u0131yla bu y\u0131l MEB Robotik Yar\u0131\u015fmas\u0131\u2019n\u0131n 16\u2019nc\u0131s\u0131 Erzurum\u2019da d\u00fczenlendi. Yar\u0131\u015fmada Konya\u2019ya kazand\u0131r\u0131lan 8 \u00f6d\u00fclden 5\u2019i Kaps\u00fcl Teknoloji Platformu\u2019nun \u00e7e\u015fitli ortaokul ve liselerde destekledi\u011fi tak\u0131mlardan geldi. Farkl\u0131 kategorilerde zorlu rakiplere kar\u015f\u0131 verilen m\u00fccadele sonucunda; \u201cSu Alt\u0131\u201d kategorisinde Karatay Fen Lisesi ikinci, Karatay Bilsem \u00fc\u00e7\u00fcnc\u00fc, \u201cTasarla \u00c7al\u0131\u015ft\u0131r\u201d kategorisinde K\u0131l\u0131\u00e7arslan MTAL \u00fc\u00e7\u00fcnc\u00fc, \u201cTozkoparan\u201d kategorisinde Karatay Bilsem ikinci, Sel\u00e7uklu KTP S\u00fcleyman \u00c7elebi Ortaokulu \u00fc\u00e7\u00fcnc\u00fcl\u00fck elde etti. KAPS\u00dcL TEKNOLOJ\u0130 PLATFORMU\u2019NDAN M\u0130LL\u0130 TEKNOLOJ\u0130 HAMLES\u0130\u2019NE TAM DESTEK Konya B\u00fcy\u00fck\u015fehir Belediyesi b\u00fcnyesinde faaliyetlerini s\u00fcrd\u00fcren Kaps\u00fcl Teknoloji Platformu, gen\u00e7lerin potansiyellerini en \u00fcst d\u00fczeyde kullanmalar\u0131na destek vererek, kendilerini geli\u015ftirme imkan\u0131 sunuyor. Teknoloji ve inovasyonun yayg\u0131nla\u015ft\u0131r\u0131lmas\u0131na y\u00f6nelik \u00e7al\u0131\u015fmalar y\u00fcr\u00fcten Kaps\u00fcl Teknoloji Platformu, yar\u0131\u015fma kapsam\u0131nda destekledi\u011fi tak\u0131mlara at\u00f6lye ve \u00e7al\u0131\u015fma alanlar\u0131ndan teknik e\u011fitim ve kamplara, mekanik \u00fcretim deste\u011finden ekipman ve mentorluk hizmetlerine kadar geni\u015f kapsaml\u0131 destek sa\u011fl\u0131yor. Kaps\u00fcl Teknoloji Platformu, elde edilen ba\u015far\u0131larla gen\u00e7lerin teknolojiye olan ilgisini art\u0131rmak ve onlar\u0131 daha b\u00fcy\u00fck ba\u015far\u0131lara y\u00f6nlendirmek ad\u0131na desteklerine devam edecek. \u200bKonya B\u00fcy\u00fck\u015fehir Belediyesi Kaps\u00fcl Teknoloji Platformu taraf\u0131ndan desteklenen tak\u0131mlar, 16 Milli E\u011fitim Bakanl\u0131\u011f\u0131 (MEB) Robotik Yar\u0131\u015fmas\u0131&#8217;na damga vurdu\u00a0 \u200bHaberin Al\u0131nt\u0131land\u0131\u011f\u0131 Kaynak: www.iskenderun.org","og_url":"http:\/\/denizcankizil.tr\/uk\/haberler\/gundem\/meb-robotik-yarismasidan-konyaya-5-odulle-donduler\/","og_site_name":"Av. Deniz Can K\u0131z\u0131l","article_published_time":"2024-10-25T14:41:31+00:00","twitter_card":"summary_large_image","twitter_misc":{"\u041f\u0440\u0438\u0431\u043b. \u0447\u0430\u0441 \u0447\u0438\u0442\u0430\u043d\u043d\u044f":"2 \u0445\u0432\u0438\u043b\u0438\u043d\u0438"},"schema":{"@context":"https:\/\/schema.org","@graph":[{"@type":"Article","@id":"http:\/\/denizcankizil.tr\/uk\/haberler\/gundem\/meb-robotik-yarismasidan-konyaya-5-odulle-donduler\/#article","isPartOf":{"@id":"http:\/\/denizcankizil.tr\/uk\/haberler\/gundem\/meb-robotik-yarismasidan-konyaya-5-odulle-donduler\/"},"author":{"name":"","@id":""},"headline":"MEB Robotik Yar\u0131\u015fmas\u0131&#8217;dan Konya&#8217;ya 5 \u00f6d\u00fclle d\u00f6nd\u00fcler","datePublished":"2024-10-25T14:41:31+00:00","mainEntityOfPage":{"@id":"http:\/\/denizcankizil.tr\/uk\/haberler\/gundem\/meb-robotik-yarismasidan-konyaya-5-odulle-donduler\/"},"wordCount":314,"commentCount":0,"publisher":{"@id":"https:\/\/denizcankizil.tr\/#organization"},"articleSection":["G\u00fcndem","Uncategorized"],"inLanguage":"uk","potentialAction":[{"@type":"CommentAction","name":"Comment","target":["http:\/\/denizcankizil.tr\/uk\/haberler\/gundem\/meb-robotik-yarismasidan-konyaya-5-odulle-donduler\/#respond"]}]},{"@type":"WebPage","@id":"http:\/\/denizcankizil.tr\/uk\/haberler\/gundem\/meb-robotik-yarismasidan-konyaya-5-odulle-donduler\/","url":"http:\/\/denizcankizil.tr\/uk\/haberler\/gundem\/meb-robotik-yarismasidan-konyaya-5-odulle-donduler\/","name":"MEB Robotik Yar\u0131\u015fmas\u0131'dan Konya'ya 5 \u00f6d\u00fclle d\u00f6nd\u00fcler - Av. Deniz Can K\u0131z\u0131l","isPartOf":{"@id":"https:\/\/denizcankizil.tr\/#website"},"datePublished":"2024-10-25T14:41:31+00:00","breadcrumb":{"@id":"http:\/\/denizcankizil.tr\/uk\/haberler\/gundem\/meb-robotik-yarismasidan-konyaya-5-odulle-donduler\/#breadcrumb"},"inLanguage":"uk","potentialAction":[{"@type":"ReadAction","target":["http:\/\/denizcankizil.tr\/uk\/haberler\/gundem\/meb-robotik-yarismasidan-konyaya-5-odulle-donduler\/"]}]},{"@type":"BreadcrumbList","@id":"http:\/\/denizcankizil.tr\/uk\/haberler\/gundem\/meb-robotik-yarismasidan-konyaya-5-odulle-donduler\/#breadcrumb","itemListElement":[{"@type":"ListItem","position":1,"name":"Home","item":"https:\/\/denizcankizil.tr\/de\/"},{"@type":"ListItem","position":2,"name":"MEB Robotik Yar\u0131\u015fmas\u0131&#8217;dan Konya&#8217;ya 5 \u00f6d\u00fclle d\u00f6nd\u00fcler"}]},{"@type":"WebSite","@id":"https:\/\/denizcankizil.tr\/#website","url":"https:\/\/denizcankizil.tr\/","name":"Av. Deniz Can K\u0131z\u0131l","description":"Avukat Deniz Can K\u0131z\u0131l Antalya Barosu","publisher":{"@id":"https:\/\/denizcankizil.tr\/#organization"},"potentialAction":[{"@type":"SearchAction","target":{"@type":"EntryPoint","urlTemplate":"https:\/\/denizcankizil.tr\/?s={search_term_string}"},"query-input":{"@type":"PropertyValueSpecification","valueRequired":true,"valueName":"search_term_string"}}],"inLanguage":"uk"},{"@type":"Organization","@id":"https:\/\/denizcankizil.tr\/#organization","name":"Av. Deniz Can K\u0131z\u0131l","url":"https:\/\/denizcankizil.tr\/","logo":{"@type":"ImageObject","inLanguage":"uk","@id":"https:\/\/denizcankizil.tr\/#\/schema\/logo\/image\/","url":"http:\/\/denizcankizil.tr\/wp-content\/uploads\/2024\/10\/siyah-logo-svg.svg","contentUrl":"http:\/\/denizcankizil.tr\/wp-content\/uploads\/2024\/10\/siyah-logo-svg.svg","width":1080,"height":1080,"caption":"Av. Deniz Can K\u0131z\u0131l"},"image":{"@id":"https:\/\/denizcankizil.tr\/#\/schema\/logo\/image\/"}}]}},"_links":{"self":[{"href":"http:\/\/denizcankizil.tr\/uk\/wp-json\/wp\/v2\/posts\/8055","targetHints":{"allow":["GET"]}}],"collection":[{"href":"http:\/\/denizcankizil.tr\/uk\/wp-json\/wp\/v2\/posts"}],"about":[{"href":"http:\/\/denizcankizil.tr\/uk\/wp-json\/wp\/v2\/types\/post"}],"replies":[{"embeddable":true,"href":"http:\/\/denizcankizil.tr\/uk\/wp-json\/wp\/v2\/comments?post=8055"}],"version-history":[{"count":0,"href":"http:\/\/denizcankizil.tr\/uk\/wp-json\/wp\/v2\/posts\/8055\/revisions"}],"wp:attachment":[{"href":"http:\/\/denizcankizil.tr\/uk\/wp-json\/wp\/v2\/media?parent=8055"}],"wp:term":[{"taxonomy":"category","embeddable":true,"href":"http:\/\/denizcankizil.tr\/uk\/wp-json\/wp\/v2\/categories?post=8055"},{"taxonomy":"post_tag","embeddable":true,"href":"http:\/\/denizcankizil.tr\/uk\/wp-json\/wp\/v2\/tags?post=8055"}],"curies":[{"name":"wp","href":"https:\/\/api.w.org\/{rel}","templated":true}]}}