{"id":79376,"date":"2025-05-06T12:36:00","date_gmt":"2025-05-06T09:36:00","guid":{"rendered":"https:\/\/denizcankizil.tr\/uncategorized-tr\/hukukun-askiya-alindigi-donemlerde-idamlar-ve-deniz-gezmisin-gizli-aski\/"},"modified":"2025-05-06T12:36:00","modified_gmt":"2025-05-06T09:36:00","slug":"hukukun-askiya-alindigi-donemlerde-idamlar-ve-deniz-gezmisin-gizli-aski","status":"publish","type":"post","link":"http:\/\/denizcankizil.tr\/uk\/hukukihaber\/hukukun-askiya-alindigi-donemlerde-idamlar-ve-deniz-gezmisin-gizli-aski\/","title":{"rendered":"HUKUKUN ASKIYA\u00a0 ALINDI\u011eI D\u00d6NEMLERDE \u0130DAMLAR ve DEN\u0130Z GEZM\u0130\u015e\u0130N G\u0130ZL\u0130 A\u015eKI"},"content":{"rendered":"<p>Bu sabah Joaqu\u00edn Rodrigo\u2019nun bestelerken g\u00f6zlerinin g\u00f6rmedi\u011fi o \u00fcnl\u00fc gitar kon\u00e7ertosunu bir kez daha dara\u011fac\u0131ndaki \u00fc\u00e7 fidan ve fidanlar i\u00e7in dinledim.<\/p>\n<p>\u0130dama giden bir gencin son isteklerinden biri bu kon\u00e7ertoyu dinlemek istemesi dinlerken insan\u0131 b\u00fcy\u00fcleyen bu g\u00f6rkemli ezgileri \u00e7ok daha anlaml\u0131 hale getiriyor.<\/p>\n<p>O \u00fc\u00e7 fidandan biri olan Deniz Gezmi\u015f, ya\u015fam boyu kar\u015f\u0131 \u00e7\u0131kt\u0131\u011f\u0131m idam cezas\u0131n\u0131 beklerken \u015f\u00f6yle demi\u015fti:<\/p>\n<p>\u201c\u0130dam g\u00fcn\u00fc gelip \u00e7at\u0131nca, o sevdi\u011fim, al\u0131\u015ft\u0131\u011f\u0131m giysilerimi giyece\u011fim: postallar\u0131m\u0131, parkam\u0131. Beyaz \u00f6l\u00fcm g\u00f6mle\u011fi giydirmek isteyecekler, giymeyece\u011fim. Kesin. direnece\u011fim ve giymeyece\u011fim. \u00d6yle her zamanki eyleme gidi\u015f tavr\u0131mla gidece\u011fim. Yok, t\u0131ra\u015f falan da olmayaca\u011f\u0131m. Gidip, oturup, \u00f6nce bir sigara yakaca\u011f\u0131m orada. Sonra demli, s\u0131cak, g\u00fczel bir \u00e7ay i\u00e7ece\u011fim. Ha bak, rodrigo&#8217;nun o \u00fcnl\u00fc gitar kon\u00e7ertosunu dinlemek isterim orada. San\u0131r\u0131m, as\u0131lacak bir adam\u0131n\ufeff son arzusunu geri \u00e7evirmezler.\u201d<\/p>\n<p>O g\u00fcnlerde Ankara Bah\u00e7elievler Halkevinde bir avu\u00e7 arkada\u015fla \u0130dam Cezalar\u0131n\u0131 protesto eden k\u00fc\u00e7\u00fck bir gazete \u00e7\u0131karm\u0131\u015ft\u0131k. Ben de \u201c\u0130dam cezalar\u0131na hay\u0131r\u201d diye bir makale yazm\u0131\u015ft\u0131m. Gazetenin bask\u0131s\u0131 \u00e7ok zor olmu\u015ftu. \u00c7\u00fcnk\u00fc matbaalar basmak istemedi\u011fi gibi toplad\u0131\u011f\u0131m\u0131z para da \u00e7ok azd\u0131. Nereden bulduk \u015fimdi an\u0131msam\u0131yorum ya\u015fl\u0131 ve emekli bir matbaac\u0131 gazeteyi \u00e7\u0131karmay\u0131 kabul etti.<\/p>\n<p>\u0130NSAN haklar\u0131n\u0131n hi\u00e7e say\u0131ld\u0131\u011f\u0131, demokrasiye paydos denildi\u011fi, hukukun ask\u0131ya al\u0131nd\u0131\u011f\u0131 d\u00f6nemlerde yarg\u0131\u00e7lar\u0131n s\u00f6ylemleri de birbirlerine \u00e7ok benziyor. Bizim baz\u0131 de\u011ferli yarg\u0131\u00e7lar\u0131m\u0131z i\u00e7in s\u00f6z\u00fcm meclisten d\u0131\u015far\u0131 olmak \u00fczere i\u015fte iki k\u00fc\u00e7\u00fck \u00f6rnek: Yarg\u0131\u00e7 Ronald Freisler, Hitler\u2019e yazd\u0131\u011f\u0131 bir mektupta, \u201cF\u00fchrerim, halk mahkemeleri bundan b\u00f6yle bir karar verirken, sizin nas\u0131l karar verece\u011finize inan\u0131yorsa, o y\u00f6nde bir karar vermeye \u00e7al\u0131\u015facakt\u0131r\u201d diye yaz\u0131yordu.<\/p>\n<p>Yass\u0131ada yarg\u0131lamalar\u0131nda kurulan Y\u00fcksek Adalet Divan\u0131 Ba\u015fkan\u0131 Salim Ba\u015fol da g\u00f6revi s\u0131ras\u0131nda Ba\u015fbakan Adnan Menderes\u2019in tutukluluk ko\u015fullar\u0131na itiraz etmesi \u00fczerine cevap olarak s\u00f6yledi\u011fi \u201cSizi buraya t\u0131kan g\u00fc\u00e7 b\u00f6yle istiyor\u201d s\u00f6z\u00fc ile an\u0131l\u0131r.<\/p>\n<p>Deniz Gezmi\u015f, H\u00fcseyin \u0130nan ve Yusuf Aslan; T\u00fcrkiye Cumhuriyeti &#8220;Te\u015fkilat\u0131 Esasiye Kanununun tamam\u0131n\u0131 veya bir k\u0131sm\u0131n\u0131&#8221; ortadan kald\u0131rma su\u00e7una idam cezas\u0131 \u00f6ng\u00f6ren T\u00fcrk Ceza Kanunu&#8217;nun 146&#8217;nc\u0131 maddesi uyar\u0131nca su\u00e7lu bulundular ve idam cezas\u0131na \u00e7arpt\u0131r\u0131ld\u0131lar.<\/p>\n<p>Daha sonra idam karar\u0131 T\u00fcrkiye B\u00fcy\u00fck Millet Meclisi (TBMM) taraf\u0131ndan da onayland\u0131.<\/p>\n<p>\u015eimdi sormak gerekmez mi? Bu idealleri u\u011fruna idama giden bu gen\u00e7lerin elinde \u201cTe\u015fkilat\u0131 Esasiye Kanunu\u201d de\u011fi\u015ftirecek nas\u0131l bir g\u00fc\u00e7 vard\u0131?<\/p>\n<p>Yass\u0131ada\u2019da savunmas\u0131n\u0131 okuyan Hasan Polatkan\u2019a h\u00e2kim,<\/p>\n<p>\u201cK\u0131sa ge\u00e7 yeme\u011fe gidece\u011fiz. Sizi buraya getiren g\u00fc\u00e7 cezaland\u0131r\u0131lman\u0131z\u0131 istiyor\u201d demi\u015ftir.<\/p>\n<p>Savunmaya ve adil yarg\u0131lanmay\u0131 hi\u00e7e sayan bir yarg\u0131\u00e7lar\u0131n bo\u011faz\u0131ndan o yemek\u00a0 nas\u0131l ge\u00e7er? O d\u00f6nemlerde yemekten sonra tatl\u0131 yemek ve \u00fczerine kahve i\u00e7mek al\u0131\u015fkanl\u0131\u011f\u0131 da vard\u0131.<\/p>\n<p>\u00a012 Eyl\u00fcl\u2019de Evrenin, \u201c\u00c7ok solcu ast\u0131k, biraz da \u00fclk\u00fcc\u00fc as\u0131n\u201d diye direktifi unutulur mu?<\/p>\n<p>\u0130dam cezas\u0131 verildikten sonra bir de bu cezan\u0131n infaz\u0131n\u0131n i\u015fkenceye d\u00f6n\u00fc\u015fmesi var.<\/p>\n<p>\u201c\u0130dam edilirken son i\u015fkenceler\u201d ba\u015fl\u0131kl\u0131 yaz\u0131m\u0131n linki a\u015fa\u011f\u0131da olup bu konuya ait g\u00f6r\u00fc\u015flerimi i\u00e7ermektedir.<\/p>\n<p>Dara\u011fac\u0131nda \u00dc\u00e7 fidan\u0131n yani Deniz Gezmi\u015f, H\u00fcseyin \u0130nan ve Yusuf Aslan&#8217;\u0131n idamlar\u0131 da i\u015fkenceye d\u00f6n\u00fc\u015fm\u00fc\u015ft\u00fcr.<\/p>\n<p>\u00c7\u00fcnk\u00fc biri idam edilirken bu infaz s\u0131ras\u0131n\u0131 bekleyen di\u011ferine izletilmi\u015fti.<\/p>\n<p>Ayr\u0131ca Deniz Gezmi\u015f\u2019in boyu uzun oldu\u011fundan, ayaklar\u0131 yere de\u011fmi\u015f ve \u00f6lmesi 25 dakika s\u00fcrm\u00fc\u015ft\u00fc.<\/p>\n<p>Deniz Gezmi\u015f\u2019in gizli a\u015fk\u0131 m\u0131?<\/p>\n<p>Hayri Cem\u2019in T24\u2019 deki k\u00f6\u015fe yaz\u0131s\u0131nda okudum. Deniz Gezmi\u015f hakk\u0131nda \u00e7\u0131kan yeni bir haber tart\u0131\u015f\u0131lm\u0131\u015f,. Ayg\u00fcn Kevrina isimli bir han\u0131m \u201cS\u0131rlar\u0131m \u0130pte As\u0131l\u0131 Kald\u0131 Bal\u0131m\u201d adl\u0131 bir kitap yazm\u0131\u015f. Kitab\u0131n konusu, Ayg\u00fcn Han\u0131m ile Deniz Gezmi\u015f aras\u0131nda ya\u015fand\u0131\u011f\u0131 iddia edilen bir a\u015fk!<\/p>\n<p>Hayri Cem yaz\u0131s\u0131n\u0131 \u015f\u00f6yle s\u00fcrd\u00fcr\u00fcyor:<\/p>\n<p>\u201c68 ku\u015fa\u011f\u0131n\u0131n \u00f6nderlerinden ve Deniz Gezmi\u015f\u2019in en yak\u0131n arkada\u015flar\u0131ndan biri olan Mustafa L\u00fctf\u00fc K\u0131y\u0131c\u0131 ve e\u015fi Hale ile g\u00f6r\u00fc\u015ft\u00fcm. Uzun y\u0131llar\u0131n\u0131 cezaevinde ge\u00e7irmi\u015f olan bu iki dostum, Ayg\u00fcn Kevrina\u2019y\u0131 tan\u0131mad\u0131klar\u0131n\u0131 ve Deniz Gezmi\u015f\u2019in b\u00f6yle bir ili\u015fki ya\u015fad\u0131\u011f\u0131n\u0131 bilmediklerini s\u00f6ylediler. O d\u00f6nemde devrimcilerin g\u00f6n\u00fcl ili\u015fkilerini yak\u0131n arkada\u015flar\u0131yla payla\u015fmaktan \u00e7ekinmediklerini, Deniz b\u00f6yle bir a\u015fk ya\u015fasayd\u0131 mutlaka kendileriyle payla\u015faca\u011f\u0131n\u0131 \u00f6zellikle vurgulad\u0131lar&#8230;.<\/p>\n<p>Bunun \u00fczerine Deniz Gezmi\u015fin bir ba\u015fka yak\u0131n arkada\u015f\u0131 olan Mustafa Z\u00fclkadiro\u011flu ile ve isimlerini payla\u015fma izni almad\u0131\u011f\u0131m iki yak\u0131n arkada\u015f\u0131yla daha g\u00f6r\u00fc\u015ft\u00fcm. Onlar da Mustafa K\u0131y\u0131c\u0131\u2019n\u0131n s\u00f6ylediklerini do\u011frulayan ifadelerde bulundular.\u201d<\/p>\n<p>Deniz Gezmi\u015f ve arkada\u015flar\u0131 i\u00e7in yaz\u0131lan \u015fiirlerin baz\u0131lar\u0131 da bestelenmi\u015ftir.<\/p>\n<p>Mahur Beste, Attil\u00e2 \u0130lhan&#8217;\u0131n Deniz Gezmi\u015f ve arkada\u015flar\u0131n\u0131n idam\u0131n\u0131 \u00f6\u011frendikten sonra yazmaya ba\u015flad\u0131\u011f\u0131 bir \u015fiirdir.<\/p>\n<p>Deniz Gezmi\u015f, Yusuf Aslan ve H\u00fcseyin \u0130nan&#8217;\u0131n idam edildi\u011fini radyodan duyan Attil\u00e2 \u0130lhan, \u015fiiri Kar\u015f\u0131yaka&#8217;dan \u0130zmir&#8217;e ge\u00e7mek i\u00e7in bindi\u011fi vapurda olu\u015fturmaya ba\u015flam\u0131\u015ft\u0131r.<\/p>\n<p>Ahmet Kaya \u015fiiri besteleyerek Nisan 1993&#8217;te \u00e7\u0131kan Tedirgin alb\u00fcm\u00fcnde s\u00f6ylemi\u015ftir.<\/p>\n<p>MARE NOSTRUM ya da Bizim Deniz ise Can Y\u00fccel\u2019in \u015fiiridir:<\/p>\n<p>En uzun ko\u015fuysa elbet T\u00fcrkiye&#8217;de de devrim<\/p>\n<p>O, onun en g\u00fczel y\u00fcz metresini ko\u015ftu<\/p>\n<p>En sekmez l\u00fcverin namlusundan f\u0131rlayarak&#8230;<\/p>\n<p>En h\u0131zl\u0131s\u0131yd\u0131 hepimizin<\/p>\n<p>En \u00f6nce o g\u00f6\u011f\u00fcsledi ipi&#8230;<\/p>\n<p>Ac\u0131yorsam sana anam avrad\u0131m olsun<\/p>\n<p>Ama a\u015fk olsun sana \u00e7ocuk, a\u015fk olsun!<\/p>\n<p>Bu \u015fiirde sondan ikinci dizeyi de istemeyerek yazd\u0131\u011f\u0131m\u0131 \u00f6zellikle belirtmek isterim.<\/p>\n<p>\u200bBu sabah Joaqu\u00edn Rodrigo\u2019nun bestelerken g\u00f6zlerinin g\u00f6rmedi\u011fi o \u00fcnl\u00fc gitar kon\u00e7ertosunu bir kez daha dara\u011fac\u0131ndaki \u00fc\u00e7 fidan ve fidanlar i\u00e7in dinledim.<\/p>\n<p>\u0130dama giden bir gencin son isteklerinden biri bu kon\u00e7ertoyu dinlemek istemesi dinlerken insan\u0131 b\u00fcy\u00fcleyen bu g\u00f6rkemli ezgileri \u00e7ok daha anlaml\u0131 hale getiriyor.<\/p>\n<p>O \u00fc\u00e7 fidandan biri olan Deniz Gezmi\u015f, ya\u015fam boyu kar\u015f\u0131 \u00e7\u0131kt\u0131\u011f\u0131m idam cezas\u0131n\u0131 beklerken \u015f\u00f6yle demi\u015fti:<\/p>\n<p>\u201c\u0130dam g\u00fcn\u00fc gelip \u00e7at\u0131nca, o sevdi\u011fim, al\u0131\u015ft\u0131\u011f\u0131m giysilerimi giyece\u011fim: postallar\u0131m\u0131, parkam\u0131. Beyaz \u00f6l\u00fcm g\u00f6mle\u011fi giydirmek isteyecekler, giymeyece\u011fim. Kesin. direnece\u011fim ve giymeyece\u011fim. \u00d6yle her zamanki eyleme gidi\u015f tavr\u0131mla gidece\u011fim. Yok, t\u0131ra\u015f falan da olmayaca\u011f\u0131m. Gidip, oturup, \u00f6nce bir sigara yakaca\u011f\u0131m orada. Sonra demli, s\u0131cak, g\u00fczel bir \u00e7ay i\u00e7ece\u011fim. Ha bak, rodrigo&#8217;nun o \u00fcnl\u00fc gitar kon\u00e7ertosunu dinlemek isterim orada. San\u0131r\u0131m, as\u0131lacak bir adam\u0131n\ufeff son arzusunu geri \u00e7evirmezler.\u201d<\/p>\n<p>O g\u00fcnlerde Ankara Bah\u00e7elievler Halkevinde bir avu\u00e7 arkada\u015fla \u0130dam Cezalar\u0131n\u0131 protesto eden k\u00fc\u00e7\u00fck bir gazete \u00e7\u0131karm\u0131\u015ft\u0131k. Ben de \u201c\u0130dam cezalar\u0131na hay\u0131r\u201d diye bir makale yazm\u0131\u015ft\u0131m. Gazetenin bask\u0131s\u0131 \u00e7ok zor olmu\u015ftu. \u00c7\u00fcnk\u00fc matbaalar basmak istemedi\u011fi gibi toplad\u0131\u011f\u0131m\u0131z para da \u00e7ok azd\u0131. Nereden bulduk \u015fimdi an\u0131msam\u0131yorum ya\u015fl\u0131 ve emekli bir matbaac\u0131 gazeteyi \u00e7\u0131karmay\u0131 kabul etti.<\/p>\n<p>\u0130NSAN haklar\u0131n\u0131n hi\u00e7e say\u0131ld\u0131\u011f\u0131, demokrasiye paydos denildi\u011fi, hukukun ask\u0131ya al\u0131nd\u0131\u011f\u0131 d\u00f6nemlerde yarg\u0131\u00e7lar\u0131n s\u00f6ylemleri de birbirlerine \u00e7ok benziyor. Bizim baz\u0131 de\u011ferli yarg\u0131\u00e7lar\u0131m\u0131z i\u00e7in s\u00f6z\u00fcm meclisten d\u0131\u015far\u0131 olmak \u00fczere i\u015fte iki k\u00fc\u00e7\u00fck \u00f6rnek: Yarg\u0131\u00e7 Ronald Freisler, Hitler\u2019e yazd\u0131\u011f\u0131 bir mektupta, \u201cF\u00fchrerim, halk mahkemeleri bundan b\u00f6yle bir karar verirken, sizin nas\u0131l karar verece\u011finize inan\u0131yorsa, o y\u00f6nde bir karar vermeye \u00e7al\u0131\u015facakt\u0131r\u201d diye yaz\u0131yordu.<\/p>\n<p>Yass\u0131ada yarg\u0131lamalar\u0131nda kurulan Y\u00fcksek Adalet Divan\u0131 Ba\u015fkan\u0131 Salim Ba\u015fol da g\u00f6revi s\u0131ras\u0131nda Ba\u015fbakan Adnan Menderes\u2019in tutukluluk ko\u015fullar\u0131na itiraz etmesi \u00fczerine cevap olarak s\u00f6yledi\u011fi \u201cSizi buraya t\u0131kan g\u00fc\u00e7 b\u00f6yle istiyor\u201d s\u00f6z\u00fc ile an\u0131l\u0131r.<\/p>\n<p>Deniz Gezmi\u015f, H\u00fcseyin \u0130nan ve Yusuf Aslan; T\u00fcrkiye Cumhuriyeti &#8220;Te\u015fkilat\u0131 Esasiye Kanununun tamam\u0131n\u0131 veya bir k\u0131sm\u0131n\u0131&#8221; ortadan kald\u0131rma su\u00e7una idam cezas\u0131 \u00f6ng\u00f6ren T\u00fcrk Ceza Kanunu&#8217;nun 146&#8217;nc\u0131 maddesi uyar\u0131nca su\u00e7lu bulundular ve idam cezas\u0131na \u00e7arpt\u0131r\u0131ld\u0131lar.<\/p>\n<p>Daha sonra idam karar\u0131 T\u00fcrkiye B\u00fcy\u00fck Millet Meclisi (TBMM) taraf\u0131ndan da onayland\u0131.<\/p>\n<p>\u015eimdi sormak gerekmez mi? Bu idealleri u\u011fruna idama giden bu gen\u00e7lerin elinde \u201cTe\u015fkilat\u0131 Esasiye Kanunu\u201d de\u011fi\u015ftirecek nas\u0131l bir g\u00fc\u00e7 vard\u0131?<\/p>\n<p>Yass\u0131ada\u2019da savunmas\u0131n\u0131 okuyan Hasan Polatkan\u2019a h\u00e2kim,<\/p>\n<p>\u201cK\u0131sa ge\u00e7 yeme\u011fe gidece\u011fiz. Sizi buraya getiren g\u00fc\u00e7 cezaland\u0131r\u0131lman\u0131z\u0131 istiyor\u201d demi\u015ftir.<\/p>\n<p>Savunmaya ve adil yarg\u0131lanmay\u0131 hi\u00e7e sayan bir yarg\u0131\u00e7lar\u0131n bo\u011faz\u0131ndan o yemek\u00a0 nas\u0131l ge\u00e7er? O d\u00f6nemlerde yemekten sonra tatl\u0131 yemek ve \u00fczerine kahve i\u00e7mek al\u0131\u015fkanl\u0131\u011f\u0131 da vard\u0131.<\/p>\n<p>\u00a012 Eyl\u00fcl\u2019de Evrenin, \u201c\u00c7ok solcu ast\u0131k, biraz da \u00fclk\u00fcc\u00fc as\u0131n\u201d diye direktifi unutulur mu?<\/p>\n<p>\u0130dam cezas\u0131 verildikten sonra bir de bu cezan\u0131n infaz\u0131n\u0131n i\u015fkenceye d\u00f6n\u00fc\u015fmesi var.<\/p>\n<p>\u201c\u0130dam edilirken son i\u015fkenceler\u201d ba\u015fl\u0131kl\u0131 yaz\u0131m\u0131n linki a\u015fa\u011f\u0131da olup bu konuya ait g\u00f6r\u00fc\u015flerimi i\u00e7ermektedir.<\/p>\n<p>Dara\u011fac\u0131nda \u00dc\u00e7 fidan\u0131n yani Deniz Gezmi\u015f, H\u00fcseyin \u0130nan ve Yusuf Aslan&#8217;\u0131n idamlar\u0131 da i\u015fkenceye d\u00f6n\u00fc\u015fm\u00fc\u015ft\u00fcr.<\/p>\n<p>\u00c7\u00fcnk\u00fc biri idam edilirken bu infaz s\u0131ras\u0131n\u0131 bekleyen di\u011ferine izletilmi\u015fti.<\/p>\n<p>Ayr\u0131ca Deniz Gezmi\u015f\u2019in boyu uzun oldu\u011fundan, ayaklar\u0131 yere de\u011fmi\u015f ve \u00f6lmesi 25 dakika s\u00fcrm\u00fc\u015ft\u00fc.<\/p>\n<p>Deniz Gezmi\u015f\u2019in gizli a\u015fk\u0131 m\u0131?<\/p>\n<p>Hayri Cem\u2019in T24\u2019 deki k\u00f6\u015fe yaz\u0131s\u0131nda okudum. Deniz Gezmi\u015f hakk\u0131nda \u00e7\u0131kan yeni bir haber tart\u0131\u015f\u0131lm\u0131\u015f,. Ayg\u00fcn Kevrina isimli bir han\u0131m \u201cS\u0131rlar\u0131m \u0130pte As\u0131l\u0131 Kald\u0131 Bal\u0131m\u201d adl\u0131 bir kitap yazm\u0131\u015f. Kitab\u0131n konusu, Ayg\u00fcn Han\u0131m ile Deniz Gezmi\u015f aras\u0131nda ya\u015fand\u0131\u011f\u0131 iddia edilen bir a\u015fk!<\/p>\n<p>Hayri Cem yaz\u0131s\u0131n\u0131 \u015f\u00f6yle s\u00fcrd\u00fcr\u00fcyor:<\/p>\n<p>\u201c68 ku\u015fa\u011f\u0131n\u0131n \u00f6nderlerinden ve Deniz Gezmi\u015f\u2019in en yak\u0131n arkada\u015flar\u0131ndan biri olan Mustafa L\u00fctf\u00fc K\u0131y\u0131c\u0131 ve e\u015fi Hale ile g\u00f6r\u00fc\u015ft\u00fcm. Uzun y\u0131llar\u0131n\u0131 cezaevinde ge\u00e7irmi\u015f olan bu iki dostum, Ayg\u00fcn Kevrina\u2019y\u0131 tan\u0131mad\u0131klar\u0131n\u0131 ve Deniz Gezmi\u015f\u2019in b\u00f6yle bir ili\u015fki ya\u015fad\u0131\u011f\u0131n\u0131 bilmediklerini s\u00f6ylediler. O d\u00f6nemde devrimcilerin g\u00f6n\u00fcl ili\u015fkilerini yak\u0131n arkada\u015flar\u0131yla payla\u015fmaktan \u00e7ekinmediklerini, Deniz b\u00f6yle bir a\u015fk ya\u015fasayd\u0131 mutlaka kendileriyle payla\u015faca\u011f\u0131n\u0131 \u00f6zellikle vurgulad\u0131lar&#8230;.<\/p>\n<p>Bunun \u00fczerine Deniz Gezmi\u015fin bir ba\u015fka yak\u0131n arkada\u015f\u0131 olan Mustafa Z\u00fclkadiro\u011flu ile ve isimlerini payla\u015fma izni almad\u0131\u011f\u0131m iki yak\u0131n arkada\u015f\u0131yla daha g\u00f6r\u00fc\u015ft\u00fcm. Onlar da Mustafa K\u0131y\u0131c\u0131\u2019n\u0131n s\u00f6ylediklerini do\u011frulayan ifadelerde bulundular.\u201d<\/p>\n<p>Deniz Gezmi\u015f ve arkada\u015flar\u0131 i\u00e7in yaz\u0131lan \u015fiirlerin baz\u0131lar\u0131 da bestelenmi\u015ftir.<\/p>\n<p>Mahur Beste, Attil\u00e2 \u0130lhan&#8217;\u0131n Deniz Gezmi\u015f ve arkada\u015flar\u0131n\u0131n idam\u0131n\u0131 \u00f6\u011frendikten sonra yazmaya ba\u015flad\u0131\u011f\u0131 bir \u015fiirdir.<\/p>\n<p>Deniz Gezmi\u015f, Yusuf Aslan ve H\u00fcseyin \u0130nan&#8217;\u0131n idam edildi\u011fini radyodan duyan Attil\u00e2 \u0130lhan, \u015fiiri Kar\u015f\u0131yaka&#8217;dan \u0130zmir&#8217;e ge\u00e7mek i\u00e7in bindi\u011fi vapurda olu\u015fturmaya ba\u015flam\u0131\u015ft\u0131r.<\/p>\n<p>Ahmet Kaya \u015fiiri besteleyerek Nisan 1993&#8217;te \u00e7\u0131kan Tedirgin alb\u00fcm\u00fcnde s\u00f6ylemi\u015ftir.<\/p>\n<p>MARE NOSTRUM ya da Bizim Deniz ise Can Y\u00fccel\u2019in \u015fiiridir:<\/p>\n<p>En uzun ko\u015fuysa elbet T\u00fcrkiye&#8217;de de devrim<\/p>\n<p>O, onun en g\u00fczel y\u00fcz metresini ko\u015ftu<\/p>\n<p>En sekmez l\u00fcverin namlusundan f\u0131rlayarak&#8230;<\/p>\n<p>En h\u0131zl\u0131s\u0131yd\u0131 hepimizin<\/p>\n<p>En \u00f6nce o g\u00f6\u011f\u00fcsledi ipi&#8230;<\/p>\n<p>Ac\u0131yorsam sana anam avrad\u0131m olsun<\/p>\n<p>Ama a\u015fk olsun sana \u00e7ocuk, a\u015fk olsun!<\/p>\n<p>Bu \u015fiirde sondan ikinci dizeyi de istemeyerek yazd\u0131\u011f\u0131m\u0131 \u00f6zellikle belirtmek isterim.\u00a0Hukuki Haber<\/p>\n<p>Haberin Al\u0131nt\u0131land\u0131\u011f\u0131 Kaynak: www.hukukihaber.net<\/p>","protected":false},"excerpt":{"rendered":"<p>Bu sabah Joaqu\u00edn Rodrigo\u2019nun bestelerken g\u00f6zlerinin g\u00f6rmedi\u011fi o \u00fcnl\u00fc gitar kon\u00e7ertosunu bir kez daha dara\u011fac\u0131ndaki \u00fc\u00e7 fidan ve fidanlar i\u00e7in dinledim. \u0130dama giden bir gencin son isteklerinden biri bu kon\u00e7ertoyu dinlemek istemesi dinlerken insan\u0131 b\u00fcy\u00fcleyen bu g\u00f6rkemli ezgileri \u00e7ok daha anlaml\u0131 hale getiriyor. O \u00fc\u00e7 fidandan biri olan Deniz Gezmi\u015f, ya\u015fam boyu kar\u015f\u0131 \u00e7\u0131kt\u0131\u011f\u0131m idam cezas\u0131n\u0131 beklerken \u015f\u00f6yle demi\u015fti: \u201c\u0130dam g\u00fcn\u00fc gelip \u00e7at\u0131nca, o sevdi\u011fim, al\u0131\u015ft\u0131\u011f\u0131m giysilerimi giyece\u011fim: postallar\u0131m\u0131, parkam\u0131. Beyaz \u00f6l\u00fcm g\u00f6mle\u011fi giydirmek isteyecekler, giymeyece\u011fim. Kesin. direnece\u011fim ve giymeyece\u011fim. \u00d6yle her zamanki eyleme gidi\u015f tavr\u0131mla gidece\u011fim. Yok, t\u0131ra\u015f falan da olmayaca\u011f\u0131m. Gidip, oturup, \u00f6nce bir sigara yakaca\u011f\u0131m orada. Sonra demli, s\u0131cak, g\u00fczel bir \u00e7ay i\u00e7ece\u011fim. Ha bak, rodrigo&#8217;nun o \u00fcnl\u00fc gitar kon\u00e7ertosunu dinlemek isterim orada. San\u0131r\u0131m, as\u0131lacak bir adam\u0131n\ufeff son arzusunu geri \u00e7evirmezler.\u201d O g\u00fcnlerde Ankara Bah\u00e7elievler Halkevinde bir avu\u00e7 arkada\u015fla \u0130dam Cezalar\u0131n\u0131 protesto eden k\u00fc\u00e7\u00fck bir gazete \u00e7\u0131karm\u0131\u015ft\u0131k. Ben de \u201c\u0130dam cezalar\u0131na hay\u0131r\u201d diye bir makale yazm\u0131\u015ft\u0131m. Gazetenin bask\u0131s\u0131 \u00e7ok zor olmu\u015ftu. \u00c7\u00fcnk\u00fc matbaalar basmak istemedi\u011fi gibi toplad\u0131\u011f\u0131m\u0131z para da \u00e7ok azd\u0131. Nereden bulduk \u015fimdi an\u0131msam\u0131yorum ya\u015fl\u0131 ve emekli bir matbaac\u0131 gazeteyi \u00e7\u0131karmay\u0131 kabul etti. \u0130NSAN haklar\u0131n\u0131n hi\u00e7e say\u0131ld\u0131\u011f\u0131, demokrasiye paydos denildi\u011fi, hukukun ask\u0131ya al\u0131nd\u0131\u011f\u0131 d\u00f6nemlerde yarg\u0131\u00e7lar\u0131n s\u00f6ylemleri de birbirlerine \u00e7ok benziyor. Bizim baz\u0131 de\u011ferli yarg\u0131\u00e7lar\u0131m\u0131z i\u00e7in s\u00f6z\u00fcm &hellip;<\/p>","protected":false},"author":3,"featured_media":0,"comment_status":"","ping_status":"open","sticky":false,"template":"","format":"standard","meta":{"_acf_changed":false,"footnotes":""},"categories":[27],"tags":[],"class_list":["post-79376","post","type-post","status-publish","format-standard","has-post-thumbnail","hentry","category-hukukihaber"],"acf":[],"yoast_head":"<!-- This site is optimized with the Yoast SEO Premium plugin v26.6 (Yoast SEO v27.1.1) - https:\/\/yoast.com\/product\/yoast-seo-premium-wordpress\/ -->\n<title>HUKUKUN ASKIYA\u00a0 ALINDI\u011eI D\u00d6NEMLERDE \u0130DAMLAR ve DEN\u0130Z GEZM\u0130\u015e\u0130N G\u0130ZL\u0130 A\u015eKI - Av. Deniz Can K\u0131z\u0131l<\/title>\n<meta name=\"robots\" content=\"index, follow, max-snippet:-1, max-image-preview:large, max-video-preview:-1\" \/>\n<link rel=\"canonical\" href=\"http:\/\/denizcankizil.tr\/uk\/hukukihaber\/hukukun-askiya-alindigi-donemlerde-idamlar-ve-deniz-gezmisin-gizli-aski\/\" \/>\n<meta property=\"og:locale\" content=\"uk_UA\" \/>\n<meta property=\"og:type\" content=\"article\" \/>\n<meta property=\"og:title\" content=\"HUKUKUN ASKIYA\u00a0 ALINDI\u011eI D\u00d6NEMLERDE \u0130DAMLAR ve DEN\u0130Z GEZM\u0130\u015e\u0130N G\u0130ZL\u0130 A\u015eKI\" \/>\n<meta property=\"og:description\" content=\"Bu sabah Joaqu\u00edn Rodrigo\u2019nun bestelerken g\u00f6zlerinin g\u00f6rmedi\u011fi o \u00fcnl\u00fc gitar kon\u00e7ertosunu bir kez daha dara\u011fac\u0131ndaki \u00fc\u00e7 fidan ve fidanlar i\u00e7in dinledim. \u0130dama giden bir gencin son isteklerinden biri bu kon\u00e7ertoyu dinlemek istemesi dinlerken insan\u0131 b\u00fcy\u00fcleyen bu g\u00f6rkemli ezgileri \u00e7ok daha anlaml\u0131 hale getiriyor. O \u00fc\u00e7 fidandan biri olan Deniz Gezmi\u015f, ya\u015fam boyu kar\u015f\u0131 \u00e7\u0131kt\u0131\u011f\u0131m idam cezas\u0131n\u0131 beklerken \u015f\u00f6yle demi\u015fti: \u201c\u0130dam g\u00fcn\u00fc gelip \u00e7at\u0131nca, o sevdi\u011fim, al\u0131\u015ft\u0131\u011f\u0131m giysilerimi giyece\u011fim: postallar\u0131m\u0131, parkam\u0131. Beyaz \u00f6l\u00fcm g\u00f6mle\u011fi giydirmek isteyecekler, giymeyece\u011fim. Kesin. direnece\u011fim ve giymeyece\u011fim. \u00d6yle her zamanki eyleme gidi\u015f tavr\u0131mla gidece\u011fim. Yok, t\u0131ra\u015f falan da olmayaca\u011f\u0131m. Gidip, oturup, \u00f6nce bir sigara yakaca\u011f\u0131m orada. Sonra demli, s\u0131cak, g\u00fczel bir \u00e7ay i\u00e7ece\u011fim. Ha bak, rodrigo&#8217;nun o \u00fcnl\u00fc gitar kon\u00e7ertosunu dinlemek isterim orada. San\u0131r\u0131m, as\u0131lacak bir adam\u0131n\ufeff son arzusunu geri \u00e7evirmezler.\u201d O g\u00fcnlerde Ankara Bah\u00e7elievler Halkevinde bir avu\u00e7 arkada\u015fla \u0130dam Cezalar\u0131n\u0131 protesto eden k\u00fc\u00e7\u00fck bir gazete \u00e7\u0131karm\u0131\u015ft\u0131k. Ben de \u201c\u0130dam cezalar\u0131na hay\u0131r\u201d diye bir makale yazm\u0131\u015ft\u0131m. Gazetenin bask\u0131s\u0131 \u00e7ok zor olmu\u015ftu. \u00c7\u00fcnk\u00fc matbaalar basmak istemedi\u011fi gibi toplad\u0131\u011f\u0131m\u0131z para da \u00e7ok azd\u0131. Nereden bulduk \u015fimdi an\u0131msam\u0131yorum ya\u015fl\u0131 ve emekli bir matbaac\u0131 gazeteyi \u00e7\u0131karmay\u0131 kabul etti. \u0130NSAN haklar\u0131n\u0131n hi\u00e7e say\u0131ld\u0131\u011f\u0131, demokrasiye paydos denildi\u011fi, hukukun ask\u0131ya al\u0131nd\u0131\u011f\u0131 d\u00f6nemlerde yarg\u0131\u00e7lar\u0131n s\u00f6ylemleri de birbirlerine \u00e7ok benziyor. Bizim baz\u0131 de\u011ferli yarg\u0131\u00e7lar\u0131m\u0131z i\u00e7in s\u00f6z\u00fcm &hellip;\" \/>\n<meta property=\"og:url\" content=\"http:\/\/denizcankizil.tr\/uk\/hukukihaber\/hukukun-askiya-alindigi-donemlerde-idamlar-ve-deniz-gezmisin-gizli-aski\/\" \/>\n<meta property=\"og:site_name\" content=\"Av. Deniz Can K\u0131z\u0131l\" \/>\n<meta property=\"article:published_time\" content=\"2025-05-06T09:36:00+00:00\" \/>\n<meta name=\"author\" content=\"Hukuki Haber.net\" \/>\n<meta name=\"twitter:card\" content=\"summary_large_image\" \/>\n<meta name=\"twitter:label1\" content=\"\u041d\u0430\u043f\u0438\u0441\u0430\u043d\u043e\" \/>\n\t<meta name=\"twitter:data1\" content=\"Hukuki Haber.net\" \/>\n\t<meta name=\"twitter:label2\" content=\"\u041f\u0440\u0438\u0431\u043b. \u0447\u0430\u0441 \u0447\u0438\u0442\u0430\u043d\u043d\u044f\" \/>\n\t<meta name=\"twitter:data2\" content=\"10 \u0445\u0432\u0438\u043b\u0438\u043d\" \/>\n<script type=\"application\/ld+json\" class=\"yoast-schema-graph\">{\"@context\":\"https:\/\/schema.org\",\"@graph\":[{\"@type\":\"Article\",\"@id\":\"http:\/\/denizcankizil.tr\/uk\/hukukihaber\/hukukun-askiya-alindigi-donemlerde-idamlar-ve-deniz-gezmisin-gizli-aski\/#article\",\"isPartOf\":{\"@id\":\"http:\/\/denizcankizil.tr\/uk\/hukukihaber\/hukukun-askiya-alindigi-donemlerde-idamlar-ve-deniz-gezmisin-gizli-aski\/\"},\"author\":{\"name\":\"Hukuki Haber.net\",\"@id\":\"https:\/\/denizcankizil.tr\/de\/#\/schema\/person\/001a271de994a0aa3f90eea084424822\"},\"headline\":\"HUKUKUN ASKIYA\u00a0 ALINDI\u011eI D\u00d6NEMLERDE \u0130DAMLAR ve DEN\u0130Z GEZM\u0130\u015e\u0130N G\u0130ZL\u0130 A\u015eKI\",\"datePublished\":\"2025-05-06T09:36:00+00:00\",\"mainEntityOfPage\":{\"@id\":\"http:\/\/denizcankizil.tr\/uk\/hukukihaber\/hukukun-askiya-alindigi-donemlerde-idamlar-ve-deniz-gezmisin-gizli-aski\/\"},\"wordCount\":2116,\"publisher\":{\"@id\":\"https:\/\/denizcankizil.tr\/de\/#organization\"},\"articleSection\":[\"Hukuki Haberler\"],\"inLanguage\":\"uk\"},{\"@type\":\"WebPage\",\"@id\":\"http:\/\/denizcankizil.tr\/uk\/hukukihaber\/hukukun-askiya-alindigi-donemlerde-idamlar-ve-deniz-gezmisin-gizli-aski\/\",\"url\":\"http:\/\/denizcankizil.tr\/uk\/hukukihaber\/hukukun-askiya-alindigi-donemlerde-idamlar-ve-deniz-gezmisin-gizli-aski\/\",\"name\":\"HUKUKUN ASKIYA\u00a0 ALINDI\u011eI D\u00d6NEMLERDE \u0130DAMLAR ve DEN\u0130Z GEZM\u0130\u015e\u0130N G\u0130ZL\u0130 A\u015eKI - Av. Deniz Can K\u0131z\u0131l\",\"isPartOf\":{\"@id\":\"https:\/\/denizcankizil.tr\/de\/#website\"},\"datePublished\":\"2025-05-06T09:36:00+00:00\",\"breadcrumb\":{\"@id\":\"http:\/\/denizcankizil.tr\/uk\/hukukihaber\/hukukun-askiya-alindigi-donemlerde-idamlar-ve-deniz-gezmisin-gizli-aski\/#breadcrumb\"},\"inLanguage\":\"uk\",\"potentialAction\":[{\"@type\":\"ReadAction\",\"target\":[\"http:\/\/denizcankizil.tr\/uk\/hukukihaber\/hukukun-askiya-alindigi-donemlerde-idamlar-ve-deniz-gezmisin-gizli-aski\/\"]}]},{\"@type\":\"BreadcrumbList\",\"@id\":\"http:\/\/denizcankizil.tr\/uk\/hukukihaber\/hukukun-askiya-alindigi-donemlerde-idamlar-ve-deniz-gezmisin-gizli-aski\/#breadcrumb\",\"itemListElement\":[{\"@type\":\"ListItem\",\"position\":1,\"name\":\"Home\",\"item\":\"https:\/\/denizcankizil.tr\/de\/\"},{\"@type\":\"ListItem\",\"position\":2,\"name\":\"HUKUKUN ASKIYA\u00a0 ALINDI\u011eI D\u00d6NEMLERDE \u0130DAMLAR ve DEN\u0130Z GEZM\u0130\u015e\u0130N G\u0130ZL\u0130 A\u015eKI\"}]},{\"@type\":\"WebSite\",\"@id\":\"https:\/\/denizcankizil.tr\/de\/#website\",\"url\":\"https:\/\/denizcankizil.tr\/de\/\",\"name\":\"Av. Deniz Can K\u0131z\u0131l\",\"description\":\"Avukat Deniz Can K\u0131z\u0131l Antalya Barosu\",\"publisher\":{\"@id\":\"https:\/\/denizcankizil.tr\/de\/#organization\"},\"potentialAction\":[{\"@type\":\"SearchAction\",\"target\":{\"@type\":\"EntryPoint\",\"urlTemplate\":\"https:\/\/denizcankizil.tr\/de\/?s={search_term_string}\"},\"query-input\":{\"@type\":\"PropertyValueSpecification\",\"valueRequired\":true,\"valueName\":\"search_term_string\"}}],\"inLanguage\":\"uk\"},{\"@type\":\"Organization\",\"@id\":\"https:\/\/denizcankizil.tr\/de\/#organization\",\"name\":\"Av. Deniz Can K\u0131z\u0131l\",\"url\":\"https:\/\/denizcankizil.tr\/de\/\",\"logo\":{\"@type\":\"ImageObject\",\"inLanguage\":\"uk\",\"@id\":\"https:\/\/denizcankizil.tr\/de\/#\/schema\/logo\/image\/\",\"url\":\"http:\/\/denizcankizil.tr\/wp-content\/uploads\/2024\/10\/siyah-logo-svg.svg\",\"contentUrl\":\"http:\/\/denizcankizil.tr\/wp-content\/uploads\/2024\/10\/siyah-logo-svg.svg\",\"width\":1080,\"height\":1080,\"caption\":\"Av. Deniz Can K\u0131z\u0131l\"},\"image\":{\"@id\":\"https:\/\/denizcankizil.tr\/de\/#\/schema\/logo\/image\/\"}},{\"@type\":\"Person\",\"@id\":\"https:\/\/denizcankizil.tr\/de\/#\/schema\/person\/001a271de994a0aa3f90eea084424822\",\"name\":\"Hukuki Haber.net\",\"image\":{\"@type\":\"ImageObject\",\"inLanguage\":\"uk\",\"@id\":\"https:\/\/denizcankizil.tr\/de\/#\/schema\/person\/image\/\",\"url\":\"https:\/\/secure.gravatar.com\/avatar\/57d8a49151495586611a149d29fc42865b951dc053a84709a3172ccb5abf3118?s=96&d=mm&r=g\",\"contentUrl\":\"https:\/\/secure.gravatar.com\/avatar\/57d8a49151495586611a149d29fc42865b951dc053a84709a3172ccb5abf3118?s=96&d=mm&r=g\",\"caption\":\"Hukuki Haber.net\"},\"sameAs\":[\"http:\/\/www.hukukihaber.net\"],\"url\":\"https:\/\/www.hukukihaber.net\/hukukun-askiya-alindigi-donemlerde-idamlar-ve-deniz-gezmisin-gizli-aski\"}]}<\/script>\n<!-- \/ Yoast SEO Premium plugin. -->","yoast_head_json":{"title":"HUKUKUN ASKIYA\u00a0 ALINDI\u011eI D\u00d6NEMLERDE \u0130DAMLAR ve DEN\u0130Z GEZM\u0130\u015e\u0130N G\u0130ZL\u0130 A\u015eKI - Av. Deniz Can K\u0131z\u0131l","robots":{"index":"index","follow":"follow","max-snippet":"max-snippet:-1","max-image-preview":"max-image-preview:large","max-video-preview":"max-video-preview:-1"},"canonical":"http:\/\/denizcankizil.tr\/uk\/hukukihaber\/hukukun-askiya-alindigi-donemlerde-idamlar-ve-deniz-gezmisin-gizli-aski\/","og_locale":"uk_UA","og_type":"article","og_title":"HUKUKUN ASKIYA\u00a0 ALINDI\u011eI D\u00d6NEMLERDE \u0130DAMLAR ve DEN\u0130Z GEZM\u0130\u015e\u0130N G\u0130ZL\u0130 A\u015eKI","og_description":"Bu sabah Joaqu\u00edn Rodrigo\u2019nun bestelerken g\u00f6zlerinin g\u00f6rmedi\u011fi o \u00fcnl\u00fc gitar kon\u00e7ertosunu bir kez daha dara\u011fac\u0131ndaki \u00fc\u00e7 fidan ve fidanlar i\u00e7in dinledim. \u0130dama giden bir gencin son isteklerinden biri bu kon\u00e7ertoyu dinlemek istemesi dinlerken insan\u0131 b\u00fcy\u00fcleyen bu g\u00f6rkemli ezgileri \u00e7ok daha anlaml\u0131 hale getiriyor. O \u00fc\u00e7 fidandan biri olan Deniz Gezmi\u015f, ya\u015fam boyu kar\u015f\u0131 \u00e7\u0131kt\u0131\u011f\u0131m idam cezas\u0131n\u0131 beklerken \u015f\u00f6yle demi\u015fti: \u201c\u0130dam g\u00fcn\u00fc gelip \u00e7at\u0131nca, o sevdi\u011fim, al\u0131\u015ft\u0131\u011f\u0131m giysilerimi giyece\u011fim: postallar\u0131m\u0131, parkam\u0131. Beyaz \u00f6l\u00fcm g\u00f6mle\u011fi giydirmek isteyecekler, giymeyece\u011fim. Kesin. direnece\u011fim ve giymeyece\u011fim. \u00d6yle her zamanki eyleme gidi\u015f tavr\u0131mla gidece\u011fim. Yok, t\u0131ra\u015f falan da olmayaca\u011f\u0131m. Gidip, oturup, \u00f6nce bir sigara yakaca\u011f\u0131m orada. Sonra demli, s\u0131cak, g\u00fczel bir \u00e7ay i\u00e7ece\u011fim. Ha bak, rodrigo&#8217;nun o \u00fcnl\u00fc gitar kon\u00e7ertosunu dinlemek isterim orada. San\u0131r\u0131m, as\u0131lacak bir adam\u0131n\ufeff son arzusunu geri \u00e7evirmezler.\u201d O g\u00fcnlerde Ankara Bah\u00e7elievler Halkevinde bir avu\u00e7 arkada\u015fla \u0130dam Cezalar\u0131n\u0131 protesto eden k\u00fc\u00e7\u00fck bir gazete \u00e7\u0131karm\u0131\u015ft\u0131k. Ben de \u201c\u0130dam cezalar\u0131na hay\u0131r\u201d diye bir makale yazm\u0131\u015ft\u0131m. Gazetenin bask\u0131s\u0131 \u00e7ok zor olmu\u015ftu. \u00c7\u00fcnk\u00fc matbaalar basmak istemedi\u011fi gibi toplad\u0131\u011f\u0131m\u0131z para da \u00e7ok azd\u0131. Nereden bulduk \u015fimdi an\u0131msam\u0131yorum ya\u015fl\u0131 ve emekli bir matbaac\u0131 gazeteyi \u00e7\u0131karmay\u0131 kabul etti. \u0130NSAN haklar\u0131n\u0131n hi\u00e7e say\u0131ld\u0131\u011f\u0131, demokrasiye paydos denildi\u011fi, hukukun ask\u0131ya al\u0131nd\u0131\u011f\u0131 d\u00f6nemlerde yarg\u0131\u00e7lar\u0131n s\u00f6ylemleri de birbirlerine \u00e7ok benziyor. Bizim baz\u0131 de\u011ferli yarg\u0131\u00e7lar\u0131m\u0131z i\u00e7in s\u00f6z\u00fcm &hellip;","og_url":"http:\/\/denizcankizil.tr\/uk\/hukukihaber\/hukukun-askiya-alindigi-donemlerde-idamlar-ve-deniz-gezmisin-gizli-aski\/","og_site_name":"Av. Deniz Can K\u0131z\u0131l","article_published_time":"2025-05-06T09:36:00+00:00","author":"Hukuki Haber.net","twitter_card":"summary_large_image","twitter_misc":{"\u041d\u0430\u043f\u0438\u0441\u0430\u043d\u043e":"Hukuki Haber.net","\u041f\u0440\u0438\u0431\u043b. \u0447\u0430\u0441 \u0447\u0438\u0442\u0430\u043d\u043d\u044f":"10 \u0445\u0432\u0438\u043b\u0438\u043d"},"schema":{"@context":"https:\/\/schema.org","@graph":[{"@type":"Article","@id":"http:\/\/denizcankizil.tr\/uk\/hukukihaber\/hukukun-askiya-alindigi-donemlerde-idamlar-ve-deniz-gezmisin-gizli-aski\/#article","isPartOf":{"@id":"http:\/\/denizcankizil.tr\/uk\/hukukihaber\/hukukun-askiya-alindigi-donemlerde-idamlar-ve-deniz-gezmisin-gizli-aski\/"},"author":{"name":"Hukuki Haber.net","@id":"https:\/\/denizcankizil.tr\/de\/#\/schema\/person\/001a271de994a0aa3f90eea084424822"},"headline":"HUKUKUN ASKIYA\u00a0 ALINDI\u011eI D\u00d6NEMLERDE \u0130DAMLAR ve DEN\u0130Z GEZM\u0130\u015e\u0130N G\u0130ZL\u0130 A\u015eKI","datePublished":"2025-05-06T09:36:00+00:00","mainEntityOfPage":{"@id":"http:\/\/denizcankizil.tr\/uk\/hukukihaber\/hukukun-askiya-alindigi-donemlerde-idamlar-ve-deniz-gezmisin-gizli-aski\/"},"wordCount":2116,"publisher":{"@id":"https:\/\/denizcankizil.tr\/de\/#organization"},"articleSection":["Hukuki Haberler"],"inLanguage":"uk"},{"@type":"WebPage","@id":"http:\/\/denizcankizil.tr\/uk\/hukukihaber\/hukukun-askiya-alindigi-donemlerde-idamlar-ve-deniz-gezmisin-gizli-aski\/","url":"http:\/\/denizcankizil.tr\/uk\/hukukihaber\/hukukun-askiya-alindigi-donemlerde-idamlar-ve-deniz-gezmisin-gizli-aski\/","name":"HUKUKUN ASKIYA\u00a0 ALINDI\u011eI D\u00d6NEMLERDE \u0130DAMLAR ve DEN\u0130Z GEZM\u0130\u015e\u0130N G\u0130ZL\u0130 A\u015eKI - Av. Deniz Can K\u0131z\u0131l","isPartOf":{"@id":"https:\/\/denizcankizil.tr\/de\/#website"},"datePublished":"2025-05-06T09:36:00+00:00","breadcrumb":{"@id":"http:\/\/denizcankizil.tr\/uk\/hukukihaber\/hukukun-askiya-alindigi-donemlerde-idamlar-ve-deniz-gezmisin-gizli-aski\/#breadcrumb"},"inLanguage":"uk","potentialAction":[{"@type":"ReadAction","target":["http:\/\/denizcankizil.tr\/uk\/hukukihaber\/hukukun-askiya-alindigi-donemlerde-idamlar-ve-deniz-gezmisin-gizli-aski\/"]}]},{"@type":"BreadcrumbList","@id":"http:\/\/denizcankizil.tr\/uk\/hukukihaber\/hukukun-askiya-alindigi-donemlerde-idamlar-ve-deniz-gezmisin-gizli-aski\/#breadcrumb","itemListElement":[{"@type":"ListItem","position":1,"name":"Home","item":"https:\/\/denizcankizil.tr\/de\/"},{"@type":"ListItem","position":2,"name":"HUKUKUN ASKIYA\u00a0 ALINDI\u011eI D\u00d6NEMLERDE \u0130DAMLAR ve DEN\u0130Z GEZM\u0130\u015e\u0130N G\u0130ZL\u0130 A\u015eKI"}]},{"@type":"WebSite","@id":"https:\/\/denizcankizil.tr\/de\/#website","url":"https:\/\/denizcankizil.tr\/de\/","name":"Av. Deniz Can K\u0131z\u0131l","description":"Avukat Deniz Can K\u0131z\u0131l Antalya Barosu","publisher":{"@id":"https:\/\/denizcankizil.tr\/de\/#organization"},"potentialAction":[{"@type":"SearchAction","target":{"@type":"EntryPoint","urlTemplate":"https:\/\/denizcankizil.tr\/de\/?s={search_term_string}"},"query-input":{"@type":"PropertyValueSpecification","valueRequired":true,"valueName":"search_term_string"}}],"inLanguage":"uk"},{"@type":"Organization","@id":"https:\/\/denizcankizil.tr\/de\/#organization","name":"Av. Deniz Can K\u0131z\u0131l","url":"https:\/\/denizcankizil.tr\/de\/","logo":{"@type":"ImageObject","inLanguage":"uk","@id":"https:\/\/denizcankizil.tr\/de\/#\/schema\/logo\/image\/","url":"http:\/\/denizcankizil.tr\/wp-content\/uploads\/2024\/10\/siyah-logo-svg.svg","contentUrl":"http:\/\/denizcankizil.tr\/wp-content\/uploads\/2024\/10\/siyah-logo-svg.svg","width":1080,"height":1080,"caption":"Av. Deniz Can K\u0131z\u0131l"},"image":{"@id":"https:\/\/denizcankizil.tr\/de\/#\/schema\/logo\/image\/"}},{"@type":"Person","@id":"https:\/\/denizcankizil.tr\/de\/#\/schema\/person\/001a271de994a0aa3f90eea084424822","name":"Hukuki Haber.net","image":{"@type":"ImageObject","inLanguage":"uk","@id":"https:\/\/denizcankizil.tr\/de\/#\/schema\/person\/image\/","url":"https:\/\/secure.gravatar.com\/avatar\/57d8a49151495586611a149d29fc42865b951dc053a84709a3172ccb5abf3118?s=96&d=mm&r=g","contentUrl":"https:\/\/secure.gravatar.com\/avatar\/57d8a49151495586611a149d29fc42865b951dc053a84709a3172ccb5abf3118?s=96&d=mm&r=g","caption":"Hukuki Haber.net"},"sameAs":["http:\/\/www.hukukihaber.net"],"url":"https:\/\/www.hukukihaber.net\/hukukun-askiya-alindigi-donemlerde-idamlar-ve-deniz-gezmisin-gizli-aski"}]}},"_links":{"self":[{"href":"http:\/\/denizcankizil.tr\/uk\/wp-json\/wp\/v2\/posts\/79376","targetHints":{"allow":["GET"]}}],"collection":[{"href":"http:\/\/denizcankizil.tr\/uk\/wp-json\/wp\/v2\/posts"}],"about":[{"href":"http:\/\/denizcankizil.tr\/uk\/wp-json\/wp\/v2\/types\/post"}],"author":[{"embeddable":true,"href":"http:\/\/denizcankizil.tr\/uk\/wp-json\/wp\/v2\/users\/3"}],"replies":[{"embeddable":true,"href":"http:\/\/denizcankizil.tr\/uk\/wp-json\/wp\/v2\/comments?post=79376"}],"version-history":[{"count":0,"href":"http:\/\/denizcankizil.tr\/uk\/wp-json\/wp\/v2\/posts\/79376\/revisions"}],"wp:attachment":[{"href":"http:\/\/denizcankizil.tr\/uk\/wp-json\/wp\/v2\/media?parent=79376"}],"wp:term":[{"taxonomy":"category","embeddable":true,"href":"http:\/\/denizcankizil.tr\/uk\/wp-json\/wp\/v2\/categories?post=79376"},{"taxonomy":"post_tag","embeddable":true,"href":"http:\/\/denizcankizil.tr\/uk\/wp-json\/wp\/v2\/tags?post=79376"}],"curies":[{"name":"wp","href":"https:\/\/api.w.org\/{rel}","templated":true}]}}