{"id":78943,"date":"2025-05-07T13:58:00","date_gmt":"2025-05-07T10:58:00","guid":{"rendered":"https:\/\/denizcankizil.tr\/uncategorized-tr\/beraat-eden-ve-vekil-veya-mudafi-ile-temsil-edilen-sanik-yararina-hazine-aleyhine-maktu-avukatlik-ucretine-hukmedilecegi\/"},"modified":"2025-05-07T13:58:00","modified_gmt":"2025-05-07T10:58:00","slug":"beraat-eden-ve-vekil-veya-mudafi-ile-temsil-edilen-sanik-yararina-hazine-aleyhine-maktu-avukatlik-ucretine-hukmedilecegi","status":"publish","type":"post","link":"http:\/\/denizcankizil.tr\/uk\/hukukihaber\/beraat-eden-ve-vekil-veya-mudafi-ile-temsil-edilen-sanik-yararina-hazine-aleyhine-maktu-avukatlik-ucretine-hukmedilecegi\/","title":{"rendered":"BERAAT EDEN VE VEK\u0130L VEYA M\u00dcDAF\u0130 \u0130LE TEMS\u0130L ED\u0130LEN SANIK YARARINA HAZ\u0130NE ALEYH\u0130NE MAKTU AVUKATLIK \u00dcCRET\u0130NE H\u00dcKMED\u0130LECE\u011e\u0130"},"content":{"rendered":"<p>T.C.<\/p>\n<p>YARGITAY<\/p>\n<p>3. CEZA DA\u0130RES\u0130<\/p>\n<p>Esas Numaras\u0131: 2024\/11927<\/p>\n<p>Karar Numaras\u0131: 2025\/2971<\/p>\n<p>Karar Tarihi: 05.02.2025<\/p>\n<p>MAKTU AVUKATLIK \u00dcCRET\u0130<\/p>\n<p>AVUKATLIK ASGAR\u0130 \u00dcCRET TAR\u0130FES\u0130<\/p>\n<p>BERAAT EDEN VE VEK\u0130L VEYA M\u00dcDAF\u0130 \u0130LE TEMS\u0130L ED\u0130LEN SANIK YARARINA HAZ\u0130NE ALEYH\u0130NE MAKTU AVUKATLIK \u00dcCRET\u0130NE H\u00dcKMED\u0130LECE\u011e\u0130<\/p>\n<p>\u00d6ZET\u0130: Beraat eden ve vekil veya m\u00fcdafi ile temsil edilen san\u0131k yarar\u0131na Hazine aleyhine maktu avukatl\u0131k \u00fccretine h\u00fckmedilir. Bu h\u00fck\u00fcm, san\u0131\u011f\u0131n Ceza Muhakemesi Kanunu gere\u011fince g\u00f6revlendirilen m\u00fcdafii bulunmas\u0131 durumunda kovu\u015fturma i\u00e7in Hazineden al\u0131nan \u00fccretin mahsubu suretiyle uygulan\u0131r bi\u00e7imindeki d\u00fczenleme dikkate al\u0131nd\u0131\u011f\u0131nda kendisine Ceza Muhakemesi Kanunu gere\u011fince m\u00fcdafi g\u00f6revlendirilen ve \u0130lk Derece Mahkemesince beraatine karar verilen san\u0131k lehine h\u00fck\u00fcm tarihi itibariyle y\u00fcr\u00fcrl\u00fckte bulunan Avukatl\u0131k Asgari \u00dccret Tarifesi ile Ceza Muhakemesi Kanunu Gere\u011fince G\u00f6revlendirilen M\u00fcdafi ve Vekillere Yap\u0131lacak \u00d6demelere \u0130li\u015fkin 2023 Y\u0131l\u0131 Tarifesi h\u00fck\u00fcmlerine g\u00f6re, Ceza Muhakemesi Kanunu gere\u011fince g\u00f6revlendirilen m\u00fcdafi durumunda kovu\u015fturma i\u00e7in Hazineden al\u0131nan \u00fccretin mahsubu suretiyle maktu avukatl\u0131k \u00fccretine h\u00fckmedilmesi gerekmektedir.<\/p>\n<p>MAHKEMES\u0130 : \u0130zmir B\u00f6lge Adliye Mahkemesi 2. Ceza Dairesi<\/p>\n<p>SAYISI : 2023\/315 E., 2023\/1019 K.<\/p>\n<p>\u0130LK DERECE MAHKEMES\u0130 : \u0130zmir 18. A\u011f\u0131r Ceza Mahkemesi<\/p>\n<p>SAYISI : 2021\/94 E., 2023\/109 K.<\/p>\n<p>TEBL\u0130\u011eNAME G\u00d6R\u00dc\u015e\u00dc : Onama<\/p>\n<p>B\u00f6lge Adliye Mahkemesince verilen h\u00fck\u00fcm temyiz edilmekle;<\/p>\n<p>Temyiz edenin s\u0131fat\u0131, ba\u015fvurunun s\u00fcresi, karar\u0131n niteli\u011fi ve temyiz sebeplerine g\u00f6re dosya incelendi, gere\u011fi d\u00fc\u015f\u00fcn\u00fcld\u00fc;<\/p>\n<p>Temyiz talebinin reddi nedenleri bulunmad\u0131\u011f\u0131ndan i\u015fin esas\u0131na ge\u00e7ildi;<\/p>\n<p>San\u0131k m\u00fcdafiinin temyiz talebinin sadece vekalet \u00fccretiyle s\u0131n\u0131rl\u0131 oldu\u011fu belirlenerek yap\u0131lan incelemede;<\/p>\n<p>1136 say\u0131l\u0131 Avukatl\u0131k Kanunu\u2019nun 168 ve h\u00fck\u00fcm tarihinde y\u00fcr\u00fcrl\u00fckte bulunan Avukatl\u0131k Asgari \u00dccret Tarifesi\u2019nin 14\/4 \u00fcnc\u00fc maddesinde yer alan \u201cBeraat eden ve vekil veya m\u00fcdafi ile temsil edilen san\u0131k yarar\u0131na Hazine aleyhine maktu avukatl\u0131k \u00fccretine h\u00fckmedilir. Bu h\u00fck\u00fcm, san\u0131\u011f\u0131n 4.12.2004 tarihli ve 5271 say\u0131l\u0131 Ceza Muhakemesi Kanunu gere\u011fince g\u00f6revlendirilen m\u00fcdafii bulunmas\u0131 durumunda kovu\u015fturma i\u00e7in Hazineden al\u0131nan \u00fccretin mahsubu suretiyle uygulan\u0131r\u201d bi\u00e7imindeki d\u00fczenleme dikkate al\u0131nd\u0131\u011f\u0131nda kendisine 5271 say\u0131l\u0131 CMK gere\u011fince m\u00fcdafi g\u00f6revlendirilen ve \u0130lk Derece Mahkemesince beraatine karar verilen san\u0131k lehine h\u00fck\u00fcm tarihi itibariyle y\u00fcr\u00fcrl\u00fckte bulunan Avukatl\u0131k Asgari \u00dccret Tarifesi ile Ceza Muhakemesi Kanunu Gere\u011fince G\u00f6revlendirilen M\u00fcdafi ve Vekillere Yap\u0131lacak \u00d6demelere \u0130li\u015fkin 2023 Y\u0131l\u0131 Tarifesi h\u00fck\u00fcmlerine g\u00f6re, 5271 say\u0131l\u0131 CMK gere\u011fince g\u00f6revlendirilen m\u00fcdafi durumunda kovu\u015fturma i\u00e7in Hazineden al\u0131nan \u00fccretin mahsubu suretiyle maktu avukatl\u0131k \u00fccretine h\u00fckmedilmesi gerekti\u011finin g\u00f6zetilmemesi,<\/p>\n<p>Kanuna ayk\u0131r\u0131, san\u0131k m\u00fcdafiinin temyiz istemi bu itibarla yerinde g\u00f6r\u00fclm\u00fc\u015f oldu\u011fundan, h\u00fckm\u00fcn bu nedenle BOZULMASINA, ancak yeniden duru\u015fma yap\u0131lmas\u0131n\u0131 gerektirmeyen bu hususun 5271 say\u0131l\u0131 CMK\u2019n\u0131n 303\/1 inci maddesi uyar\u0131nca d\u00fczeltilmesi m\u00fcmk\u00fcn bulundu\u011fundan, h\u00fck\u00fcm f\u0131kras\u0131na \u201cSan\u0131\u011f\u0131n 5271 say\u0131l\u0131 CMK gere\u011fince m\u00fcdafi ile temsil edildi\u011finden, h\u00fck\u00fcm tarihinde y\u00fcr\u00fcrl\u00fckte bulunan Avukatl\u0131k Asgari \u00dccret Tarifesi ile Ceza Muhakemesi Kanunu Gere\u011fince G\u00f6revlendirilen M\u00fcdafi ve Vekillere Yap\u0131lacak \u00d6demelere \u0130li\u015fkin 2023 Y\u0131l\u0131 Tarifesi h\u00fck\u00fcmlerine g\u00f6re 17.400,00 TL maktu vekalet \u00fccretinin Hazineden al\u0131narak san\u0131\u011fa verilmesine\u201d ibarelerin eklenmesi suretiyle di\u011fer y\u00f6nleri usul ve kanuna uygun bulunan h\u00fckm\u00fcn Tebli\u011fname&#8217;ye k\u0131smen uygun olarak D\u00dcZELT\u0130LEREK ONANMASI, dava dosyas\u0131n\u0131n, 5271 say\u0131l\u0131 CMK\u2019n\u0131n 304. maddesi uyar\u0131nca \u0130zmir 18. A\u011f\u0131r Ceza Mahkemesine, Yarg\u0131tay il\u00e2m\u0131n\u0131n bir \u00f6rne\u011finin ise \u0130zmir B\u00f6lge Adliye Mahkemesi 2. Ceza Dairesine g\u00f6nderilmek \u00fczere Yarg\u0131tay Cumhuriyet Ba\u015fsavc\u0131l\u0131\u011f\u0131na TEVD\u0130\u0130NE, 05.02.2025 tarihinde oy birli\u011fiyle karar verildi.<\/p>\n<p>legalbank.net<\/p>\n<p>\u200bBeraat eden ve vekil veya m\u00fcdafi ile temsil edilen san\u0131k yarar\u0131na Hazine aleyhine maktu avukatl\u0131k \u00fccretine h\u00fckmedilir. Bu h\u00fck\u00fcm, san\u0131\u011f\u0131n Ceza Muhakemesi Kanunu gere\u011fince g\u00f6revlendirilen m\u00fcdafii bulunmas\u0131 durumunda kovu\u015fturma i\u00e7in Hazineden al\u0131nan \u00fccretin mahsubu suretiyle uygulan\u0131r bi\u00e7imindeki d\u00fczenleme dikkate al\u0131nd\u0131\u011f\u0131nda kendisine Ceza Muhakemesi Kanunu gere\u011fince m\u00fcdafi g\u00f6revlendirilen&#8230;\u00a0Hukuki Haber<\/p>\n<p>Haberin Al\u0131nt\u0131land\u0131\u011f\u0131 Kaynak: www.hukukihaber.net<\/p>","protected":false},"excerpt":{"rendered":"<p>T.C. YARGITAY 3. CEZA DA\u0130RES\u0130 Esas Numaras\u0131: 2024\/11927 Karar Numaras\u0131: 2025\/2971 Karar Tarihi: 05.02.2025 MAKTU AVUKATLIK \u00dcCRET\u0130 AVUKATLIK ASGAR\u0130 \u00dcCRET TAR\u0130FES\u0130 BERAAT EDEN VE VEK\u0130L VEYA M\u00dcDAF\u0130 \u0130LE TEMS\u0130L ED\u0130LEN SANIK YARARINA HAZ\u0130NE ALEYH\u0130NE MAKTU AVUKATLIK \u00dcCRET\u0130NE H\u00dcKMED\u0130LECE\u011e\u0130 \u00d6ZET\u0130: Beraat eden ve vekil veya m\u00fcdafi ile temsil edilen san\u0131k yarar\u0131na Hazine aleyhine maktu avukatl\u0131k \u00fccretine h\u00fckmedilir. Bu h\u00fck\u00fcm, san\u0131\u011f\u0131n Ceza Muhakemesi Kanunu gere\u011fince g\u00f6revlendirilen m\u00fcdafii bulunmas\u0131 durumunda kovu\u015fturma i\u00e7in Hazineden al\u0131nan \u00fccretin mahsubu suretiyle uygulan\u0131r bi\u00e7imindeki d\u00fczenleme dikkate al\u0131nd\u0131\u011f\u0131nda kendisine Ceza Muhakemesi Kanunu gere\u011fince m\u00fcdafi g\u00f6revlendirilen ve \u0130lk Derece Mahkemesince beraatine karar verilen san\u0131k lehine h\u00fck\u00fcm tarihi itibariyle y\u00fcr\u00fcrl\u00fckte bulunan Avukatl\u0131k Asgari \u00dccret Tarifesi ile Ceza Muhakemesi Kanunu Gere\u011fince G\u00f6revlendirilen M\u00fcdafi ve Vekillere Yap\u0131lacak \u00d6demelere \u0130li\u015fkin 2023 Y\u0131l\u0131 Tarifesi h\u00fck\u00fcmlerine g\u00f6re, Ceza Muhakemesi Kanunu gere\u011fince g\u00f6revlendirilen m\u00fcdafi durumunda kovu\u015fturma i\u00e7in Hazineden al\u0131nan \u00fccretin mahsubu suretiyle maktu avukatl\u0131k \u00fccretine h\u00fckmedilmesi gerekmektedir. MAHKEMES\u0130 : \u0130zmir B\u00f6lge Adliye Mahkemesi 2. Ceza Dairesi SAYISI : 2023\/315 E., 2023\/1019 K. \u0130LK DERECE MAHKEMES\u0130 : \u0130zmir 18. A\u011f\u0131r Ceza Mahkemesi SAYISI : 2021\/94 E., 2023\/109 K. TEBL\u0130\u011eNAME G\u00d6R\u00dc\u015e\u00dc : Onama B\u00f6lge Adliye Mahkemesince verilen h\u00fck\u00fcm temyiz edilmekle; Temyiz edenin s\u0131fat\u0131, ba\u015fvurunun s\u00fcresi, karar\u0131n niteli\u011fi ve temyiz sebeplerine g\u00f6re dosya incelendi, gere\u011fi d\u00fc\u015f\u00fcn\u00fcld\u00fc; Temyiz talebinin reddi nedenleri &hellip;<\/p>","protected":false},"author":3,"featured_media":0,"comment_status":"","ping_status":"open","sticky":false,"template":"","format":"standard","meta":{"_acf_changed":false,"footnotes":""},"categories":[27],"tags":[],"class_list":["post-78943","post","type-post","status-publish","format-standard","has-post-thumbnail","hentry","category-hukukihaber"],"acf":[],"yoast_head":"<!-- This site is optimized with the Yoast SEO Premium plugin v26.6 (Yoast SEO v27.1.1) - https:\/\/yoast.com\/product\/yoast-seo-premium-wordpress\/ -->\n<title>BERAAT EDEN VE VEK\u0130L VEYA M\u00dcDAF\u0130 \u0130LE TEMS\u0130L ED\u0130LEN SANIK YARARINA HAZ\u0130NE ALEYH\u0130NE MAKTU AVUKATLIK \u00dcCRET\u0130NE H\u00dcKMED\u0130LECE\u011e\u0130 - Av. Deniz Can K\u0131z\u0131l<\/title>\n<meta name=\"robots\" content=\"index, follow, max-snippet:-1, max-image-preview:large, max-video-preview:-1\" \/>\n<link rel=\"canonical\" href=\"http:\/\/denizcankizil.tr\/uk\/hukukihaber\/beraat-eden-ve-vekil-veya-mudafi-ile-temsil-edilen-sanik-yararina-hazine-aleyhine-maktu-avukatlik-ucretine-hukmedilecegi\/\" \/>\n<meta property=\"og:locale\" content=\"uk_UA\" \/>\n<meta property=\"og:type\" content=\"article\" \/>\n<meta property=\"og:title\" content=\"BERAAT EDEN VE VEK\u0130L VEYA M\u00dcDAF\u0130 \u0130LE TEMS\u0130L ED\u0130LEN SANIK YARARINA HAZ\u0130NE ALEYH\u0130NE MAKTU AVUKATLIK \u00dcCRET\u0130NE H\u00dcKMED\u0130LECE\u011e\u0130\" \/>\n<meta property=\"og:description\" content=\"T.C. YARGITAY 3. CEZA DA\u0130RES\u0130 Esas Numaras\u0131: 2024\/11927 Karar Numaras\u0131: 2025\/2971 Karar Tarihi: 05.02.2025 MAKTU AVUKATLIK \u00dcCRET\u0130 AVUKATLIK ASGAR\u0130 \u00dcCRET TAR\u0130FES\u0130 BERAAT EDEN VE VEK\u0130L VEYA M\u00dcDAF\u0130 \u0130LE TEMS\u0130L ED\u0130LEN SANIK YARARINA HAZ\u0130NE ALEYH\u0130NE MAKTU AVUKATLIK \u00dcCRET\u0130NE H\u00dcKMED\u0130LECE\u011e\u0130 \u00d6ZET\u0130: Beraat eden ve vekil veya m\u00fcdafi ile temsil edilen san\u0131k yarar\u0131na Hazine aleyhine maktu avukatl\u0131k \u00fccretine h\u00fckmedilir. Bu h\u00fck\u00fcm, san\u0131\u011f\u0131n Ceza Muhakemesi Kanunu gere\u011fince g\u00f6revlendirilen m\u00fcdafii bulunmas\u0131 durumunda kovu\u015fturma i\u00e7in Hazineden al\u0131nan \u00fccretin mahsubu suretiyle uygulan\u0131r bi\u00e7imindeki d\u00fczenleme dikkate al\u0131nd\u0131\u011f\u0131nda kendisine Ceza Muhakemesi Kanunu gere\u011fince m\u00fcdafi g\u00f6revlendirilen ve \u0130lk Derece Mahkemesince beraatine karar verilen san\u0131k lehine h\u00fck\u00fcm tarihi itibariyle y\u00fcr\u00fcrl\u00fckte bulunan Avukatl\u0131k Asgari \u00dccret Tarifesi ile Ceza Muhakemesi Kanunu Gere\u011fince G\u00f6revlendirilen M\u00fcdafi ve Vekillere Yap\u0131lacak \u00d6demelere \u0130li\u015fkin 2023 Y\u0131l\u0131 Tarifesi h\u00fck\u00fcmlerine g\u00f6re, Ceza Muhakemesi Kanunu gere\u011fince g\u00f6revlendirilen m\u00fcdafi durumunda kovu\u015fturma i\u00e7in Hazineden al\u0131nan \u00fccretin mahsubu suretiyle maktu avukatl\u0131k \u00fccretine h\u00fckmedilmesi gerekmektedir. MAHKEMES\u0130 : \u0130zmir B\u00f6lge Adliye Mahkemesi 2. Ceza Dairesi SAYISI : 2023\/315 E., 2023\/1019 K. \u0130LK DERECE MAHKEMES\u0130 : \u0130zmir 18. A\u011f\u0131r Ceza Mahkemesi SAYISI : 2021\/94 E., 2023\/109 K. TEBL\u0130\u011eNAME G\u00d6R\u00dc\u015e\u00dc : Onama B\u00f6lge Adliye Mahkemesince verilen h\u00fck\u00fcm temyiz edilmekle; Temyiz edenin s\u0131fat\u0131, ba\u015fvurunun s\u00fcresi, karar\u0131n niteli\u011fi ve temyiz sebeplerine g\u00f6re dosya incelendi, gere\u011fi d\u00fc\u015f\u00fcn\u00fcld\u00fc; Temyiz talebinin reddi nedenleri &hellip;\" \/>\n<meta property=\"og:url\" content=\"http:\/\/denizcankizil.tr\/uk\/hukukihaber\/beraat-eden-ve-vekil-veya-mudafi-ile-temsil-edilen-sanik-yararina-hazine-aleyhine-maktu-avukatlik-ucretine-hukmedilecegi\/\" \/>\n<meta property=\"og:site_name\" content=\"Av. Deniz Can K\u0131z\u0131l\" \/>\n<meta property=\"article:published_time\" content=\"2025-05-07T10:58:00+00:00\" \/>\n<meta name=\"author\" content=\"Hukuki Haber.net\" \/>\n<meta name=\"twitter:card\" content=\"summary_large_image\" \/>\n<meta name=\"twitter:label1\" content=\"\u041d\u0430\u043f\u0438\u0441\u0430\u043d\u043e\" \/>\n\t<meta name=\"twitter:data1\" content=\"Hukuki Haber.net\" \/>\n\t<meta name=\"twitter:label2\" content=\"\u041f\u0440\u0438\u0431\u043b. \u0447\u0430\u0441 \u0447\u0438\u0442\u0430\u043d\u043d\u044f\" \/>\n\t<meta name=\"twitter:data2\" content=\"4 \u0445\u0432\u0438\u043b\u0438\u043d\u0438\" \/>\n<script type=\"application\/ld+json\" class=\"yoast-schema-graph\">{\"@context\":\"https:\/\/schema.org\",\"@graph\":[{\"@type\":\"Article\",\"@id\":\"http:\/\/denizcankizil.tr\/uk\/hukukihaber\/beraat-eden-ve-vekil-veya-mudafi-ile-temsil-edilen-sanik-yararina-hazine-aleyhine-maktu-avukatlik-ucretine-hukmedilecegi\/#article\",\"isPartOf\":{\"@id\":\"http:\/\/denizcankizil.tr\/uk\/hukukihaber\/beraat-eden-ve-vekil-veya-mudafi-ile-temsil-edilen-sanik-yararina-hazine-aleyhine-maktu-avukatlik-ucretine-hukmedilecegi\/\"},\"author\":{\"name\":\"Hukuki Haber.net\",\"@id\":\"https:\/\/denizcankizil.tr\/de\/#\/schema\/person\/001a271de994a0aa3f90eea084424822\"},\"headline\":\"BERAAT EDEN VE VEK\u0130L VEYA M\u00dcDAF\u0130 \u0130LE TEMS\u0130L ED\u0130LEN SANIK YARARINA HAZ\u0130NE ALEYH\u0130NE MAKTU AVUKATLIK \u00dcCRET\u0130NE H\u00dcKMED\u0130LECE\u011e\u0130\",\"datePublished\":\"2025-05-07T10:58:00+00:00\",\"mainEntityOfPage\":{\"@id\":\"http:\/\/denizcankizil.tr\/uk\/hukukihaber\/beraat-eden-ve-vekil-veya-mudafi-ile-temsil-edilen-sanik-yararina-hazine-aleyhine-maktu-avukatlik-ucretine-hukmedilecegi\/\"},\"wordCount\":765,\"publisher\":{\"@id\":\"https:\/\/denizcankizil.tr\/de\/#organization\"},\"articleSection\":[\"Hukuki Haberler\"],\"inLanguage\":\"uk\"},{\"@type\":\"WebPage\",\"@id\":\"http:\/\/denizcankizil.tr\/uk\/hukukihaber\/beraat-eden-ve-vekil-veya-mudafi-ile-temsil-edilen-sanik-yararina-hazine-aleyhine-maktu-avukatlik-ucretine-hukmedilecegi\/\",\"url\":\"http:\/\/denizcankizil.tr\/uk\/hukukihaber\/beraat-eden-ve-vekil-veya-mudafi-ile-temsil-edilen-sanik-yararina-hazine-aleyhine-maktu-avukatlik-ucretine-hukmedilecegi\/\",\"name\":\"BERAAT EDEN VE VEK\u0130L VEYA M\u00dcDAF\u0130 \u0130LE TEMS\u0130L ED\u0130LEN SANIK YARARINA HAZ\u0130NE ALEYH\u0130NE MAKTU AVUKATLIK \u00dcCRET\u0130NE H\u00dcKMED\u0130LECE\u011e\u0130 - Av. Deniz Can K\u0131z\u0131l\",\"isPartOf\":{\"@id\":\"https:\/\/denizcankizil.tr\/de\/#website\"},\"datePublished\":\"2025-05-07T10:58:00+00:00\",\"breadcrumb\":{\"@id\":\"http:\/\/denizcankizil.tr\/uk\/hukukihaber\/beraat-eden-ve-vekil-veya-mudafi-ile-temsil-edilen-sanik-yararina-hazine-aleyhine-maktu-avukatlik-ucretine-hukmedilecegi\/#breadcrumb\"},\"inLanguage\":\"uk\",\"potentialAction\":[{\"@type\":\"ReadAction\",\"target\":[\"http:\/\/denizcankizil.tr\/uk\/hukukihaber\/beraat-eden-ve-vekil-veya-mudafi-ile-temsil-edilen-sanik-yararina-hazine-aleyhine-maktu-avukatlik-ucretine-hukmedilecegi\/\"]}]},{\"@type\":\"BreadcrumbList\",\"@id\":\"http:\/\/denizcankizil.tr\/uk\/hukukihaber\/beraat-eden-ve-vekil-veya-mudafi-ile-temsil-edilen-sanik-yararina-hazine-aleyhine-maktu-avukatlik-ucretine-hukmedilecegi\/#breadcrumb\",\"itemListElement\":[{\"@type\":\"ListItem\",\"position\":1,\"name\":\"Home\",\"item\":\"https:\/\/denizcankizil.tr\/de\/\"},{\"@type\":\"ListItem\",\"position\":2,\"name\":\"BERAAT EDEN VE VEK\u0130L VEYA M\u00dcDAF\u0130 \u0130LE TEMS\u0130L ED\u0130LEN SANIK YARARINA HAZ\u0130NE ALEYH\u0130NE MAKTU AVUKATLIK \u00dcCRET\u0130NE H\u00dcKMED\u0130LECE\u011e\u0130\"}]},{\"@type\":\"WebSite\",\"@id\":\"https:\/\/denizcankizil.tr\/de\/#website\",\"url\":\"https:\/\/denizcankizil.tr\/de\/\",\"name\":\"Av. Deniz Can K\u0131z\u0131l\",\"description\":\"Avukat Deniz Can K\u0131z\u0131l Antalya Barosu\",\"publisher\":{\"@id\":\"https:\/\/denizcankizil.tr\/de\/#organization\"},\"potentialAction\":[{\"@type\":\"SearchAction\",\"target\":{\"@type\":\"EntryPoint\",\"urlTemplate\":\"https:\/\/denizcankizil.tr\/de\/?s={search_term_string}\"},\"query-input\":{\"@type\":\"PropertyValueSpecification\",\"valueRequired\":true,\"valueName\":\"search_term_string\"}}],\"inLanguage\":\"uk\"},{\"@type\":\"Organization\",\"@id\":\"https:\/\/denizcankizil.tr\/de\/#organization\",\"name\":\"Av. Deniz Can K\u0131z\u0131l\",\"url\":\"https:\/\/denizcankizil.tr\/de\/\",\"logo\":{\"@type\":\"ImageObject\",\"inLanguage\":\"uk\",\"@id\":\"https:\/\/denizcankizil.tr\/de\/#\/schema\/logo\/image\/\",\"url\":\"http:\/\/denizcankizil.tr\/wp-content\/uploads\/2024\/10\/siyah-logo-svg.svg\",\"contentUrl\":\"http:\/\/denizcankizil.tr\/wp-content\/uploads\/2024\/10\/siyah-logo-svg.svg\",\"width\":1080,\"height\":1080,\"caption\":\"Av. Deniz Can K\u0131z\u0131l\"},\"image\":{\"@id\":\"https:\/\/denizcankizil.tr\/de\/#\/schema\/logo\/image\/\"}},{\"@type\":\"Person\",\"@id\":\"https:\/\/denizcankizil.tr\/de\/#\/schema\/person\/001a271de994a0aa3f90eea084424822\",\"name\":\"Hukuki Haber.net\",\"image\":{\"@type\":\"ImageObject\",\"inLanguage\":\"uk\",\"@id\":\"https:\/\/denizcankizil.tr\/de\/#\/schema\/person\/image\/\",\"url\":\"https:\/\/secure.gravatar.com\/avatar\/57d8a49151495586611a149d29fc42865b951dc053a84709a3172ccb5abf3118?s=96&d=mm&r=g\",\"contentUrl\":\"https:\/\/secure.gravatar.com\/avatar\/57d8a49151495586611a149d29fc42865b951dc053a84709a3172ccb5abf3118?s=96&d=mm&r=g\",\"caption\":\"Hukuki Haber.net\"},\"sameAs\":[\"http:\/\/www.hukukihaber.net\"],\"url\":\"http:\/\/denizcankizil.tr\/uk\/author\/hukukihabernet\/\"}]}<\/script>\n<!-- \/ Yoast SEO Premium plugin. -->","yoast_head_json":{"title":"BERAAT EDEN VE VEK\u0130L VEYA M\u00dcDAF\u0130 \u0130LE TEMS\u0130L ED\u0130LEN SANIK YARARINA HAZ\u0130NE ALEYH\u0130NE MAKTU AVUKATLIK \u00dcCRET\u0130NE H\u00dcKMED\u0130LECE\u011e\u0130 - Av. Deniz Can K\u0131z\u0131l","robots":{"index":"index","follow":"follow","max-snippet":"max-snippet:-1","max-image-preview":"max-image-preview:large","max-video-preview":"max-video-preview:-1"},"canonical":"http:\/\/denizcankizil.tr\/uk\/hukukihaber\/beraat-eden-ve-vekil-veya-mudafi-ile-temsil-edilen-sanik-yararina-hazine-aleyhine-maktu-avukatlik-ucretine-hukmedilecegi\/","og_locale":"uk_UA","og_type":"article","og_title":"BERAAT EDEN VE VEK\u0130L VEYA M\u00dcDAF\u0130 \u0130LE TEMS\u0130L ED\u0130LEN SANIK YARARINA HAZ\u0130NE ALEYH\u0130NE MAKTU AVUKATLIK \u00dcCRET\u0130NE H\u00dcKMED\u0130LECE\u011e\u0130","og_description":"T.C. YARGITAY 3. CEZA DA\u0130RES\u0130 Esas Numaras\u0131: 2024\/11927 Karar Numaras\u0131: 2025\/2971 Karar Tarihi: 05.02.2025 MAKTU AVUKATLIK \u00dcCRET\u0130 AVUKATLIK ASGAR\u0130 \u00dcCRET TAR\u0130FES\u0130 BERAAT EDEN VE VEK\u0130L VEYA M\u00dcDAF\u0130 \u0130LE TEMS\u0130L ED\u0130LEN SANIK YARARINA HAZ\u0130NE ALEYH\u0130NE MAKTU AVUKATLIK \u00dcCRET\u0130NE H\u00dcKMED\u0130LECE\u011e\u0130 \u00d6ZET\u0130: Beraat eden ve vekil veya m\u00fcdafi ile temsil edilen san\u0131k yarar\u0131na Hazine aleyhine maktu avukatl\u0131k \u00fccretine h\u00fckmedilir. Bu h\u00fck\u00fcm, san\u0131\u011f\u0131n Ceza Muhakemesi Kanunu gere\u011fince g\u00f6revlendirilen m\u00fcdafii bulunmas\u0131 durumunda kovu\u015fturma i\u00e7in Hazineden al\u0131nan \u00fccretin mahsubu suretiyle uygulan\u0131r bi\u00e7imindeki d\u00fczenleme dikkate al\u0131nd\u0131\u011f\u0131nda kendisine Ceza Muhakemesi Kanunu gere\u011fince m\u00fcdafi g\u00f6revlendirilen ve \u0130lk Derece Mahkemesince beraatine karar verilen san\u0131k lehine h\u00fck\u00fcm tarihi itibariyle y\u00fcr\u00fcrl\u00fckte bulunan Avukatl\u0131k Asgari \u00dccret Tarifesi ile Ceza Muhakemesi Kanunu Gere\u011fince G\u00f6revlendirilen M\u00fcdafi ve Vekillere Yap\u0131lacak \u00d6demelere \u0130li\u015fkin 2023 Y\u0131l\u0131 Tarifesi h\u00fck\u00fcmlerine g\u00f6re, Ceza Muhakemesi Kanunu gere\u011fince g\u00f6revlendirilen m\u00fcdafi durumunda kovu\u015fturma i\u00e7in Hazineden al\u0131nan \u00fccretin mahsubu suretiyle maktu avukatl\u0131k \u00fccretine h\u00fckmedilmesi gerekmektedir. MAHKEMES\u0130 : \u0130zmir B\u00f6lge Adliye Mahkemesi 2. Ceza Dairesi SAYISI : 2023\/315 E., 2023\/1019 K. \u0130LK DERECE MAHKEMES\u0130 : \u0130zmir 18. A\u011f\u0131r Ceza Mahkemesi SAYISI : 2021\/94 E., 2023\/109 K. TEBL\u0130\u011eNAME G\u00d6R\u00dc\u015e\u00dc : Onama B\u00f6lge Adliye Mahkemesince verilen h\u00fck\u00fcm temyiz edilmekle; Temyiz edenin s\u0131fat\u0131, ba\u015fvurunun s\u00fcresi, karar\u0131n niteli\u011fi ve temyiz sebeplerine g\u00f6re dosya incelendi, gere\u011fi d\u00fc\u015f\u00fcn\u00fcld\u00fc; Temyiz talebinin reddi nedenleri &hellip;","og_url":"http:\/\/denizcankizil.tr\/uk\/hukukihaber\/beraat-eden-ve-vekil-veya-mudafi-ile-temsil-edilen-sanik-yararina-hazine-aleyhine-maktu-avukatlik-ucretine-hukmedilecegi\/","og_site_name":"Av. Deniz Can K\u0131z\u0131l","article_published_time":"2025-05-07T10:58:00+00:00","author":"Hukuki Haber.net","twitter_card":"summary_large_image","twitter_misc":{"\u041d\u0430\u043f\u0438\u0441\u0430\u043d\u043e":"Hukuki Haber.net","\u041f\u0440\u0438\u0431\u043b. \u0447\u0430\u0441 \u0447\u0438\u0442\u0430\u043d\u043d\u044f":"4 \u0445\u0432\u0438\u043b\u0438\u043d\u0438"},"schema":{"@context":"https:\/\/schema.org","@graph":[{"@type":"Article","@id":"http:\/\/denizcankizil.tr\/uk\/hukukihaber\/beraat-eden-ve-vekil-veya-mudafi-ile-temsil-edilen-sanik-yararina-hazine-aleyhine-maktu-avukatlik-ucretine-hukmedilecegi\/#article","isPartOf":{"@id":"http:\/\/denizcankizil.tr\/uk\/hukukihaber\/beraat-eden-ve-vekil-veya-mudafi-ile-temsil-edilen-sanik-yararina-hazine-aleyhine-maktu-avukatlik-ucretine-hukmedilecegi\/"},"author":{"name":"Hukuki Haber.net","@id":"https:\/\/denizcankizil.tr\/de\/#\/schema\/person\/001a271de994a0aa3f90eea084424822"},"headline":"BERAAT EDEN VE VEK\u0130L VEYA M\u00dcDAF\u0130 \u0130LE TEMS\u0130L ED\u0130LEN SANIK YARARINA HAZ\u0130NE ALEYH\u0130NE MAKTU AVUKATLIK \u00dcCRET\u0130NE H\u00dcKMED\u0130LECE\u011e\u0130","datePublished":"2025-05-07T10:58:00+00:00","mainEntityOfPage":{"@id":"http:\/\/denizcankizil.tr\/uk\/hukukihaber\/beraat-eden-ve-vekil-veya-mudafi-ile-temsil-edilen-sanik-yararina-hazine-aleyhine-maktu-avukatlik-ucretine-hukmedilecegi\/"},"wordCount":765,"publisher":{"@id":"https:\/\/denizcankizil.tr\/de\/#organization"},"articleSection":["Hukuki Haberler"],"inLanguage":"uk"},{"@type":"WebPage","@id":"http:\/\/denizcankizil.tr\/uk\/hukukihaber\/beraat-eden-ve-vekil-veya-mudafi-ile-temsil-edilen-sanik-yararina-hazine-aleyhine-maktu-avukatlik-ucretine-hukmedilecegi\/","url":"http:\/\/denizcankizil.tr\/uk\/hukukihaber\/beraat-eden-ve-vekil-veya-mudafi-ile-temsil-edilen-sanik-yararina-hazine-aleyhine-maktu-avukatlik-ucretine-hukmedilecegi\/","name":"BERAAT EDEN VE VEK\u0130L VEYA M\u00dcDAF\u0130 \u0130LE TEMS\u0130L ED\u0130LEN SANIK YARARINA HAZ\u0130NE ALEYH\u0130NE MAKTU AVUKATLIK \u00dcCRET\u0130NE H\u00dcKMED\u0130LECE\u011e\u0130 - Av. Deniz Can K\u0131z\u0131l","isPartOf":{"@id":"https:\/\/denizcankizil.tr\/de\/#website"},"datePublished":"2025-05-07T10:58:00+00:00","breadcrumb":{"@id":"http:\/\/denizcankizil.tr\/uk\/hukukihaber\/beraat-eden-ve-vekil-veya-mudafi-ile-temsil-edilen-sanik-yararina-hazine-aleyhine-maktu-avukatlik-ucretine-hukmedilecegi\/#breadcrumb"},"inLanguage":"uk","potentialAction":[{"@type":"ReadAction","target":["http:\/\/denizcankizil.tr\/uk\/hukukihaber\/beraat-eden-ve-vekil-veya-mudafi-ile-temsil-edilen-sanik-yararina-hazine-aleyhine-maktu-avukatlik-ucretine-hukmedilecegi\/"]}]},{"@type":"BreadcrumbList","@id":"http:\/\/denizcankizil.tr\/uk\/hukukihaber\/beraat-eden-ve-vekil-veya-mudafi-ile-temsil-edilen-sanik-yararina-hazine-aleyhine-maktu-avukatlik-ucretine-hukmedilecegi\/#breadcrumb","itemListElement":[{"@type":"ListItem","position":1,"name":"Home","item":"https:\/\/denizcankizil.tr\/de\/"},{"@type":"ListItem","position":2,"name":"BERAAT EDEN VE VEK\u0130L VEYA M\u00dcDAF\u0130 \u0130LE TEMS\u0130L ED\u0130LEN SANIK YARARINA HAZ\u0130NE ALEYH\u0130NE MAKTU AVUKATLIK \u00dcCRET\u0130NE H\u00dcKMED\u0130LECE\u011e\u0130"}]},{"@type":"WebSite","@id":"https:\/\/denizcankizil.tr\/de\/#website","url":"https:\/\/denizcankizil.tr\/de\/","name":"Av. Deniz Can K\u0131z\u0131l","description":"Avukat Deniz Can K\u0131z\u0131l Antalya Barosu","publisher":{"@id":"https:\/\/denizcankizil.tr\/de\/#organization"},"potentialAction":[{"@type":"SearchAction","target":{"@type":"EntryPoint","urlTemplate":"https:\/\/denizcankizil.tr\/de\/?s={search_term_string}"},"query-input":{"@type":"PropertyValueSpecification","valueRequired":true,"valueName":"search_term_string"}}],"inLanguage":"uk"},{"@type":"Organization","@id":"https:\/\/denizcankizil.tr\/de\/#organization","name":"Av. Deniz Can K\u0131z\u0131l","url":"https:\/\/denizcankizil.tr\/de\/","logo":{"@type":"ImageObject","inLanguage":"uk","@id":"https:\/\/denizcankizil.tr\/de\/#\/schema\/logo\/image\/","url":"http:\/\/denizcankizil.tr\/wp-content\/uploads\/2024\/10\/siyah-logo-svg.svg","contentUrl":"http:\/\/denizcankizil.tr\/wp-content\/uploads\/2024\/10\/siyah-logo-svg.svg","width":1080,"height":1080,"caption":"Av. Deniz Can K\u0131z\u0131l"},"image":{"@id":"https:\/\/denizcankizil.tr\/de\/#\/schema\/logo\/image\/"}},{"@type":"Person","@id":"https:\/\/denizcankizil.tr\/de\/#\/schema\/person\/001a271de994a0aa3f90eea084424822","name":"Hukuki Haber.net","image":{"@type":"ImageObject","inLanguage":"uk","@id":"https:\/\/denizcankizil.tr\/de\/#\/schema\/person\/image\/","url":"https:\/\/secure.gravatar.com\/avatar\/57d8a49151495586611a149d29fc42865b951dc053a84709a3172ccb5abf3118?s=96&d=mm&r=g","contentUrl":"https:\/\/secure.gravatar.com\/avatar\/57d8a49151495586611a149d29fc42865b951dc053a84709a3172ccb5abf3118?s=96&d=mm&r=g","caption":"Hukuki Haber.net"},"sameAs":["http:\/\/www.hukukihaber.net"],"url":"http:\/\/denizcankizil.tr\/uk\/author\/hukukihabernet\/"}]}},"_links":{"self":[{"href":"http:\/\/denizcankizil.tr\/uk\/wp-json\/wp\/v2\/posts\/78943","targetHints":{"allow":["GET"]}}],"collection":[{"href":"http:\/\/denizcankizil.tr\/uk\/wp-json\/wp\/v2\/posts"}],"about":[{"href":"http:\/\/denizcankizil.tr\/uk\/wp-json\/wp\/v2\/types\/post"}],"author":[{"embeddable":true,"href":"http:\/\/denizcankizil.tr\/uk\/wp-json\/wp\/v2\/users\/3"}],"replies":[{"embeddable":true,"href":"http:\/\/denizcankizil.tr\/uk\/wp-json\/wp\/v2\/comments?post=78943"}],"version-history":[{"count":0,"href":"http:\/\/denizcankizil.tr\/uk\/wp-json\/wp\/v2\/posts\/78943\/revisions"}],"wp:attachment":[{"href":"http:\/\/denizcankizil.tr\/uk\/wp-json\/wp\/v2\/media?parent=78943"}],"wp:term":[{"taxonomy":"category","embeddable":true,"href":"http:\/\/denizcankizil.tr\/uk\/wp-json\/wp\/v2\/categories?post=78943"},{"taxonomy":"post_tag","embeddable":true,"href":"http:\/\/denizcankizil.tr\/uk\/wp-json\/wp\/v2\/tags?post=78943"}],"curies":[{"name":"wp","href":"https:\/\/api.w.org\/{rel}","templated":true}]}}