{"id":76812,"date":"2025-05-05T13:42:16","date_gmt":"2025-05-05T10:42:16","guid":{"rendered":"https:\/\/denizcankizil.tr\/uncategorized-tr\/aykut-kaya-antalyanin-sorunlarini-ve-cozum-onerilerini-raporlastirdi\/"},"modified":"2025-05-05T13:42:16","modified_gmt":"2025-05-05T10:42:16","slug":"aykut-kaya-antalyanin-sorunlarini-ve-cozum-onerilerini-raporlastirdi","status":"publish","type":"post","link":"http:\/\/denizcankizil.tr\/uk\/haberler\/gundem\/aykut-kaya-antalyanin-sorunlarini-ve-cozum-onerilerini-raporlastirdi\/","title":{"rendered":"Aykut Kaya, Antalya&#8217;n\u0131n sorunlar\u0131n\u0131 ve \u00e7\u00f6z\u00fcm \u00f6nerilerini raporla\u015ft\u0131rd\u0131"},"content":{"rendered":"<p>CHP Antalya Milletvekili Aykut Kaya, Antalya\u2019n\u0131n b\u00fct\u00fcn sorunlar\u0131n\u0131 derleyip ayn\u0131 zaman \u00e7\u00f6z\u00fcm \u00f6nerileri sundu\u011fu Antalya \u0130li Kalk\u0131nma Stratejisi Raporu\u2019nu a\u00e7\u0131klamak i\u00e7in bir bas\u0131n toplant\u0131s\u0131 d\u00fczenledi. D\u00fczenlenen bas\u0131n toplant\u0131s\u0131na Antalya Gazeteciler Cemiyeti Ba\u015fkan\u0131 \u0130dris ta\u015f ve bas\u0131n mensuplar\u0131 kat\u0131ld\u0131.<\/p>\n<p>ANTALYA \u0130L\u0130 KALKINMA STRATEJ\u0130S\u0130 RAPORU<\/p>\n<p>Raporun haz\u0131rlanma amac\u0131 hakk\u0131nda konu\u015fan Kaya, \u201cB\u00f6lgesel kalk\u0131nma \u00fclkemizin somut ad\u0131mlar atmas\u0131 gereken en \u00f6nemli yap\u0131sal sorun alanlar\u0131ndan biri ve bu alanda ilerlemek i\u00e7in il ve hatta il\u00e7e d\u00fczeyinde yeni stratejilere ihtiyac\u0131m\u0131z var. Merkezi y\u00f6netimin bug\u00fcne kadar att\u0131\u011f\u0131 ad\u0131mlar illerimiz aras\u0131ndaki farklar\u0131 kapatmak bir yana bu farklar\u0131 daha da kat\u0131la\u015ft\u0131rm\u0131\u015ft\u0131r. Ben de Antalya milletvekili olarak kendi ilim i\u00e7in alan\u0131nda uzman bir ekiple \u00e7al\u0131\u015farak elimi ta\u015f\u0131n alt\u0131na koymaya karar verdim. \u0130\u015fte sizlerle bug\u00fcn ana hatlar\u0131n\u0131 payla\u015faca\u011f\u0131m bu rapor, Antalya&#8217;n\u0131n potansiyeline duyulan inanc\u0131n ve Antalya i\u00e7in duydu\u011fum mesuliyetin bir yans\u0131mas\u0131d\u0131r. Nitekim, bu strateji raporundaki t\u00fcm tespitler ve \u00f6neriler, Antalya&#8217;m\u0131z\u0131n sahip oldu\u011fu b\u00fcy\u00fck potansiyeli ortaya koymakta ve kentin ekonomik, sosyal ve k\u00fclt\u00fcrel gelecek vizyonuna dair somut ad\u0131mlar da sunmaktad\u0131r\u201d dedi.<\/p>\n<p>20240 YILINA KADAR ULA\u015eIM SORUNLARI \u00c7\u00d6Z\u00dcLECEK <\/p>\n<p>Antalya B\u00fcy\u00fck\u015fehir Belediyesi\u2019nin hayata ge\u00e7irece\u011fine Ula\u015ft\u0131rma Master Plan\u0131 sayesinde 2040 y\u0131l\u0131na kadar Antalya\u2019n\u0131n b\u00fct\u00fcn trafik sorunlar\u0131n\u0131n \u00e7\u00f6z\u00fclece\u011fine de\u011finen Aykut Kaya, \u201cAntalya B\u00fcy\u00fck\u015fehir Beleye Ba\u015fkan\u0131 Muhittin B\u00f6cek ile s\u00fcrelik isti\u015fare halindeyim. Kendisi de sa\u011f olsun bize her konuda destek oluyor. Projeler anlam\u0131nda hepimiz hem fikiriz kald\u0131 ki B\u00fcy\u00fck\u015fehir Belediye Ba\u015fkan\u0131m\u0131zla Antalya\u2019daki bu trafik sorunu \u00e7\u00f6zmek i\u00e7in bir\u00e7ok projeyi ortaya koyuyoruz. Ula\u015ft\u0131rma Master Plan\u0131 haz\u0131rlan\u0131yor \u015fu anda. A\u011fustos ay\u0131nda ba\u015flad\u0131 Eyl\u00fcl-Ekim gibi bitecek. Uzman bir ekiple 2040 y\u0131l\u0131na kadar Antalya\u2019n\u0131n ula\u015f\u0131mdaki b\u00fct\u00fcn sorunlar\u0131 nokta nokta \u00e7\u00f6z\u00fclecek\u201d diye konu\u015ftu.<\/p>\n<p>4.ETAP NE ZAMAN BA\u015eLAYACAK?<\/p>\n<p>4.Etap Rayl\u0131 Sistem Projesi hakk\u0131nda bilgiler veren Kaya, \u201cBunun yan\u0131nda B\u00fcy\u00fck\u015fehir Belediyesi\u2019nin 4.Etap Rayl\u0131 Sistemi uygulama projesi bitti ama 2025 Yat\u0131r\u0131m Program\u0131na ne yaz\u0131k ki merkezi h\u00fck\u00fcmet taraf\u0131ndan al\u0131nmad\u0131. Bizim y\u00fczde 15 kendi \u00f6z kayna\u011f\u0131m\u0131z var. Y\u00fczde 85\u2019de d\u0131\u015f kaynakl\u0131 bir krediye ihtiyac\u0131m\u0131z var. Muhtemelen Temmuz ay\u0131nda bu yat\u0131r\u0131m program\u0131na al\u0131nd\u0131\u011f\u0131 zaman biz bir an \u00f6nce bu projeyi hayata ge\u00e7irece\u011fiz. 4.Etap Rayl\u0131 Sistem Projesi\u2019nde 6 tane k\u00f6pr\u00fcl\u00fc kav\u015fak projesi var. Bunlar\u0131 5 tanesi Konyaalt\u0131\u2019nda 1 tanesi de Zeytink\u00f6y kav\u015fa\u011f\u0131, Kepez Belediyesi\u2019nde giden o yol \u00fczerinde. B\u00fct\u00fcn bunlar\u0131n Yat\u0131r\u0131m Program\u0131\u2019na al\u0131nmas\u0131n\u0131 bekliyoruz\u201d ifadelerini kulland\u0131.<\/p>\n<p>5 VE6. ETAP TRAMVAY HATLARI<\/p>\n<p>5 ve 6. Etap Rayl\u0131 Sistemleri i\u00e7in fizibilite \u00e7al\u0131\u015fmalar\u0131n\u0131n ba\u015flad\u0131\u011f\u0131na dikkat \u00e7eken Kaya, \u201c5.Etap Rayl\u0131 Sistemi i\u00e7in de uygulama projeleri yap\u0131l\u0131yor. Bakanl\u0131kta buna dahil onay al\u0131nm\u0131\u015f durumda ama bu proje bakanl\u0131kta 1 y\u0131l bekledi. Yan bu Kundu-Konyaalt\u0131 hatt\u0131n\u0131n trafi\u011fi rahatlatacak. O da sand\u0131r\u0131n 22 kilometrelik bir etap. 4 tane katl\u0131 k\u00f6pr\u00fcl\u00fc kav\u015fak yap\u0131lacak. Bir de 6.Etap var. O da D\u00f6\u015femealt\u0131 ile Organize Sanayi\u2019yi ba\u011flayacak. Bu proje ile alakal\u0131 da fizibilite \u00e7al\u0131\u015fmamalar\u0131 devam ediyor\u201d s\u00f6zlerini kaydetti.<\/p>\n<p>ANTALYA B\u00d6LGES\u0130N\u0130N LOKOMOT\u0130F\u0130D\u0130R <\/p>\n<p>Antalya\u2019n\u0131n sadece turizmle an\u0131lan bir \u015fehir de\u011fil tar\u0131mla da an\u0131lan bir \u015fehir oldu\u011funa vurgu yapan Kaya, \u201cAntalya bug\u00fcn sadece \u00fclkemizin de\u011fil d\u00fcnyan\u0131n da dikkatle takip etti\u011fi bir \u015fehirdir. 2,7 milyonluk n\u00fcfusuyla T\u00fcrkiye&#8217;nin en kalabal\u0131k 5. ili olan Antalya, her y\u0131l milyonlarca turisti a\u011f\u0131rlayarak d\u00fcnya turizm liginde \u00fcst s\u0131ralarda yer almaktad\u0131r. \u00dclkemizin tar\u0131m ve turizm alanlar\u0131ndaki potansiyelini en iyi yans\u0131tan \u015fehirlerinden biri olan Antalya, Akdeniz&#8217;in parlayan ekonomik merkezlerinden biridir. Turizmde elde etti\u011fi ba\u015far\u0131larla ad\u0131ndan s\u00f6z ettiren Antalya, ayn\u0131 zamanda tar\u0131msal \u00fcretimiyle T\u00fcrkiye&#8217;nin ya\u015f meyve-sebze deposu konumundad\u0131r. K\u0131sacas\u0131, Antalya hem turizmin ba\u015fkenti hem de b\u00f6lgesinin ekonomik lokomotifidir\u201d diye konu\u015ftu.<\/p>\n<p>\u201c\u0130L\u00c7ELER ARASINDA B\u00dcY\u00dcK FARKLAR VAR\u201d<\/p>\n<p>Antalya\u2019n\u0131n il\u00e7elerinin k\u0131yaslayan ve geli\u015fmi\u015flik endeksinde b\u00fcy\u00fck farklar oldu\u011funa dikkat \u00e7eken Kaya, \u201cMuratpa\u015fa il\u00e7emiz ile G\u00fcndo\u011fmu\u015f aras\u0131nda dikkate de\u011fer bir geli\u015fmi\u015flik u\u00e7urumu s\u00f6z konusudur. SEGE 2022 sonu\u00e7lar\u0131na g\u00f6re \u00fclkemizdeki 973 il\u00e7e aras\u0131nda Muratpa\u015fa 15, G\u00fcndo\u011fmu\u015f ise 848. s\u0131rada yer al\u0131yor. Bak\u0131n, bu iki il\u00e7enin merkezleri aras\u0131ndaki karayolu mesafesi 138 km ama kalk\u0131nma a\u00e7\u0131s\u0131ndan ikisinin aras\u0131nda 832 il\u00e7e yer al\u0131yor. Bir ilin kalk\u0131nmas\u0131, t\u00fcm il\u00e7elerinin birbirini tamamlayan ve bir arada g\u00fc\u00e7lenen bir yap\u0131ya kavu\u015fmas\u0131yla m\u00fcmk\u00fcnd\u00fcr. Sadece turizm merkezlerinin veya deniz k\u0131y\u0131s\u0131ndaki il\u00e7elerin marifetiyle b\u00fcy\u00fcyen bir Antalya, \u015fehrin ger\u00e7ek kapasitesini asla tam anlam\u0131yla kullanamaz. \u00d6nemli olan, her il\u00e7eyi bir cazibe merkezi haline getirecek planlamay\u0131 yapmak ve bu il\u00e7eler aras\u0131ndaki etkile\u015fimi art\u0131rmakt\u0131r\u201d ifadelerini kulland\u0131.<\/p>\n<p>\u201cANTALYA B\u00dcY\u00dcK B\u0130R POTANS\u0130YELE SAH\u0130P\u201d<\/p>\n<p>Antalya\u2019n\u0131n b\u00fcy\u00fck bir potansiyel sahip oldu\u011funu ama bu potansiyelini bir t\u00fcrl\u00fc yans\u0131tamad\u0131\u011f\u0131na de\u011finen Kaya, \u201cAntalya&#8217;n\u0131n, son yirmi y\u0131lda T\u00fcrkiye ortalamas\u0131n\u0131n \u00fczerinde bir b\u00fcy\u00fcme performans\u0131 sergiledi\u011fini g\u00f6r\u00fcyoruz. Bununla birlikte, bu b\u00fcy\u00fcmenin b\u00fcy\u00fck \u00f6l\u00e7\u00fcde turizm ve tar\u0131m sekt\u00f6rlerine dayal\u0131 olmas\u0131 k\u0131r\u0131lganl\u0131\u011f\u0131 art\u0131r\u0131yor. 2016&#8217;daki kriz ve 2020&#8217;deki pandemi s\u00fcreci, turizme ba\u011f\u0131ml\u0131 olan ekonomimizin d\u0131\u015f \u015foklara ne kadar a\u00e7\u0131k oldu\u011funu g\u00f6stermi\u015ftir. Di\u011fer yandan, Antalya&#8217;n\u0131n merkezi b\u00fct\u00e7eye yapt\u0131\u011f\u0131 y\u00fcksek katk\u0131 ile kamudan ald\u0131\u011f\u0131 pay aras\u0131ndaki dengesizlik de dikkat \u00e7ekicidir. Bu adaletsizli\u011fin, ilimizin altyap\u0131 yat\u0131r\u0131mlar\u0131nda gecikmelere yol a\u00e7t\u0131\u011f\u0131 sonucu net bi\u00e7imde ortaya \u00e7\u0131kmaktad\u0131r. Antalya&#8217;n\u0131n verimli topraklar\u0131 ve serac\u0131l\u0131k tekniklerindeki uzmanl\u0131\u011f\u0131ndan kaynaklanan tar\u0131msal g\u00fcc\u00fc irdeleniyor. \u015eehir, T\u00fcrkiye&#8217;nin ya\u015f meyve ve sebze ihracat\u0131nda \u00f6nemli bir paya sahip. Bu g\u00fc\u00e7l\u00fc yan\u0131m\u0131z\u0131 daha da ileri g\u00f6t\u00fcrmek i\u00e7in dijital tar\u0131m uygulamalar\u0131n\u0131n, iklim dostu \u00fcretim pratiklerinin ve katma de\u011feri y\u00fcksek \u00fcr\u00fcnlere y\u00f6nelmenin \u00f6nemi vurgulan\u0131yor\u201d dedi.<\/p>\n<p>HIZLI TREN PROJELER\u0130<\/p>\n<p>Uzun zaman \u00f6ncesi ba\u015flamas\u0131 gereken ama bir t\u00fcrl\u00fc ba\u015flamayan tren projeleri hakk\u0131nda da konu\u015fan Kaya, \u201cAntalya&#8217;n\u0131n merkezi b\u00fct\u00e7eye katk\u0131s\u0131na kar\u015f\u0131l\u0131k ald\u0131\u011f\u0131 kamusal yat\u0131r\u0131m pay\u0131n\u0131n yetersizli\u011fini derinlemesine irdeliyor. Ula\u015f\u0131m altyap\u0131s\u0131, h\u0131zl\u0131 tren projeleri ve otoyol ba\u011flant\u0131lar\u0131 gibi b\u00fcy\u00fck \u00f6l\u00e7ekli projelerin gecikmesi, hem i\u00e7 kesimlerdeki il\u00e7elerin geli\u015fimini frenliyor hem de sahil b\u00f6lgelerindeki potansiyelin tam kullan\u0131lamamas\u0131na neden oluyor. Antalya-Kayseri h\u0131zl\u0131 tren projesi, g\u00fcney-kuzey otoyol ba\u011flant\u0131lar\u0131 ve lojistik \u00fcss\u00fc yat\u0131r\u0131mlar\u0131 gibi bir t\u00fcrl\u00fc ba\u015flayamayan veya y\u0131llard\u0131r bitirilemeyen bir\u00e7ok proje kamu deste\u011finin artt\u0131r\u0131lmas\u0131yla h\u0131z kazanmal\u0131. Hem k\u0131rsal il\u00e7eler hem de \u015fehir merkezine k\u0131y\u0131da\u015f olan il\u00e7e ve beldeler, bu b\u00fct\u00fcnc\u00fcl projeler sayesinde ileriye ta\u015f\u0131nmal\u0131d\u0131r\u201d s\u00f6zlerini kaydetti.<\/p>\n<p>B\u00dcT\u00dcN \u00c7\u00d6Z\u00dcMLER BURADA<\/p>\n<p>Sayd\u0131\u011f\u0131 bu problemlerinin \u00e7\u00f6z\u00fcmlerinin haz\u0131rlad\u0131klar\u0131 raporda oldu\u011funa dikkat \u00e7eken Aykut Kaya, \u201cB\u00fct\u00fcn bu tespitler \u0131\u015f\u0131\u011f\u0131nda kapsam\u0131 bir yol ha \u00f6zetleniyor. Tar\u0131mda teknoloji entegrasyonu ve verimlilik hem de turizmde \u00e7e\u015fitlili\u011fi art\u0131rarak mevsimsellik sorununu hafifletmek teknoloji yat\u0131r\u0131mlar\u0131n\u0131 \u00e7ekerek sanayide katma de\u011feri y\u00fckselmek ve h etti\u011fimiz kamu kaynaklar\u0131n\u0131 \u015fehrimize kazand\u0131rmak kurumlar aras\u0131 koordinasyon ve il\u00e7eler aras\u0131 uyum olmadan ba\u015far\u0131ya ula\u015famaz. Dolay\u0131s\u0131yla il\u00e7e belediyeleri, kamu kurumlan, \u00fcniversiteler ve sivil toplum kurulu\u015flar\u0131 kapsay\u0131c\u0131 bir platformda bir araya gelmeli. Her il\u00e7enin farkl\u0131 g\u00fc\u00e7l\u00fc yanlar\u0131n\u0131 ortaya \u00e7\u0131kararak, Antalya&#8217;n\u0131n her k\u00f6\u015fesini e\u015fit \u00f6l\u00e7\u00fcde kalk\u0131nd\u0131rmak ana hedefimizdir. Bu rapor, i\u015fte bu hedefe ula\u015fmak i\u00e7in somut proje fikirleri ve planlama \u00f6nerileri sunuyor\u201d dedi.<\/p>\n<p>\u200bCHP Antalya Milletvekili Aykut Kaya, Antalya\u2019n\u0131n sorunlar\u0131 ve \u00e7\u00f6z\u00fcmlerine y\u00f6nelik haz\u0131rlad\u0131\u011f\u0131 Antalya \u0130li Kalk\u0131nma Stratejisi Raporu hakk\u0131nda bilgiler verdi.\u00a0<\/p>\n<p>\u200bHaberin Al\u0131nt\u0131land\u0131\u011f\u0131 Kaynak: www.antalyakorfez.com<\/p>","protected":false},"excerpt":{"rendered":"<p>CHP Antalya Milletvekili Aykut Kaya, Antalya\u2019n\u0131n b\u00fct\u00fcn sorunlar\u0131n\u0131 derleyip ayn\u0131 zaman \u00e7\u00f6z\u00fcm \u00f6nerileri sundu\u011fu Antalya \u0130li Kalk\u0131nma Stratejisi Raporu\u2019nu a\u00e7\u0131klamak i\u00e7in bir bas\u0131n toplant\u0131s\u0131 d\u00fczenledi. D\u00fczenlenen bas\u0131n toplant\u0131s\u0131na Antalya Gazeteciler Cemiyeti Ba\u015fkan\u0131 \u0130dris ta\u015f ve bas\u0131n mensuplar\u0131 kat\u0131ld\u0131. ANTALYA \u0130L\u0130 KALKINMA STRATEJ\u0130S\u0130 RAPORU Raporun haz\u0131rlanma amac\u0131 hakk\u0131nda konu\u015fan Kaya, \u201cB\u00f6lgesel kalk\u0131nma \u00fclkemizin somut ad\u0131mlar atmas\u0131 gereken en \u00f6nemli yap\u0131sal sorun alanlar\u0131ndan biri ve bu alanda ilerlemek i\u00e7in il ve hatta il\u00e7e d\u00fczeyinde yeni stratejilere ihtiyac\u0131m\u0131z var. Merkezi y\u00f6netimin bug\u00fcne kadar att\u0131\u011f\u0131 ad\u0131mlar illerimiz aras\u0131ndaki farklar\u0131 kapatmak bir yana bu farklar\u0131 daha da kat\u0131la\u015ft\u0131rm\u0131\u015ft\u0131r. Ben de Antalya milletvekili olarak kendi ilim i\u00e7in alan\u0131nda uzman bir ekiple \u00e7al\u0131\u015farak elimi ta\u015f\u0131n alt\u0131na koymaya karar verdim. \u0130\u015fte sizlerle bug\u00fcn ana hatlar\u0131n\u0131 payla\u015faca\u011f\u0131m bu rapor, Antalya&#8217;n\u0131n potansiyeline duyulan inanc\u0131n ve Antalya i\u00e7in duydu\u011fum mesuliyetin bir yans\u0131mas\u0131d\u0131r. Nitekim, bu strateji raporundaki t\u00fcm tespitler ve \u00f6neriler, Antalya&#8217;m\u0131z\u0131n sahip oldu\u011fu b\u00fcy\u00fck potansiyeli ortaya koymakta ve kentin ekonomik, sosyal ve k\u00fclt\u00fcrel gelecek vizyonuna dair somut ad\u0131mlar da sunmaktad\u0131r\u201d dedi. 20240 YILINA KADAR ULA\u015eIM SORUNLARI \u00c7\u00d6Z\u00dcLECEK Antalya B\u00fcy\u00fck\u015fehir Belediyesi\u2019nin hayata ge\u00e7irece\u011fine Ula\u015ft\u0131rma Master Plan\u0131 sayesinde 2040 y\u0131l\u0131na kadar Antalya\u2019n\u0131n b\u00fct\u00fcn trafik sorunlar\u0131n\u0131n \u00e7\u00f6z\u00fclece\u011fine de\u011finen Aykut Kaya, \u201cAntalya B\u00fcy\u00fck\u015fehir Beleye Ba\u015fkan\u0131 Muhittin B\u00f6cek ile s\u00fcrelik isti\u015fare halindeyim. Kendisi de sa\u011f olsun &hellip;<\/p>","protected":false},"author":5,"featured_media":0,"comment_status":"","ping_status":"open","sticky":false,"template":"","format":"standard","meta":{"_acf_changed":false,"footnotes":""},"categories":[24],"tags":[],"class_list":["post-76812","post","type-post","status-publish","format-standard","has-post-thumbnail","hentry","category-gundem"],"acf":[],"yoast_head":"<!-- This site is optimized with the Yoast SEO Premium plugin v26.6 (Yoast SEO v27.1.1) - https:\/\/yoast.com\/product\/yoast-seo-premium-wordpress\/ -->\n<title>Aykut Kaya, Antalya&#039;n\u0131n sorunlar\u0131n\u0131 ve \u00e7\u00f6z\u00fcm \u00f6nerilerini raporla\u015ft\u0131rd\u0131 - Av. Deniz Can K\u0131z\u0131l<\/title>\n<meta name=\"robots\" content=\"index, follow, max-snippet:-1, max-image-preview:large, max-video-preview:-1\" \/>\n<link rel=\"canonical\" href=\"http:\/\/denizcankizil.tr\/uk\/haberler\/gundem\/aykut-kaya-antalyanin-sorunlarini-ve-cozum-onerilerini-raporlastirdi\/\" \/>\n<meta property=\"og:locale\" content=\"uk_UA\" \/>\n<meta property=\"og:type\" content=\"article\" \/>\n<meta property=\"og:title\" content=\"Aykut Kaya, Antalya&#039;n\u0131n sorunlar\u0131n\u0131 ve \u00e7\u00f6z\u00fcm \u00f6nerilerini raporla\u015ft\u0131rd\u0131\" \/>\n<meta property=\"og:description\" content=\"CHP Antalya Milletvekili Aykut Kaya, Antalya\u2019n\u0131n b\u00fct\u00fcn sorunlar\u0131n\u0131 derleyip ayn\u0131 zaman \u00e7\u00f6z\u00fcm \u00f6nerileri sundu\u011fu Antalya \u0130li Kalk\u0131nma Stratejisi Raporu\u2019nu a\u00e7\u0131klamak i\u00e7in bir bas\u0131n toplant\u0131s\u0131 d\u00fczenledi. D\u00fczenlenen bas\u0131n toplant\u0131s\u0131na Antalya Gazeteciler Cemiyeti Ba\u015fkan\u0131 \u0130dris ta\u015f ve bas\u0131n mensuplar\u0131 kat\u0131ld\u0131. ANTALYA \u0130L\u0130 KALKINMA STRATEJ\u0130S\u0130 RAPORU Raporun haz\u0131rlanma amac\u0131 hakk\u0131nda konu\u015fan Kaya, \u201cB\u00f6lgesel kalk\u0131nma \u00fclkemizin somut ad\u0131mlar atmas\u0131 gereken en \u00f6nemli yap\u0131sal sorun alanlar\u0131ndan biri ve bu alanda ilerlemek i\u00e7in il ve hatta il\u00e7e d\u00fczeyinde yeni stratejilere ihtiyac\u0131m\u0131z var. Merkezi y\u00f6netimin bug\u00fcne kadar att\u0131\u011f\u0131 ad\u0131mlar illerimiz aras\u0131ndaki farklar\u0131 kapatmak bir yana bu farklar\u0131 daha da kat\u0131la\u015ft\u0131rm\u0131\u015ft\u0131r. Ben de Antalya milletvekili olarak kendi ilim i\u00e7in alan\u0131nda uzman bir ekiple \u00e7al\u0131\u015farak elimi ta\u015f\u0131n alt\u0131na koymaya karar verdim. \u0130\u015fte sizlerle bug\u00fcn ana hatlar\u0131n\u0131 payla\u015faca\u011f\u0131m bu rapor, Antalya&#8217;n\u0131n potansiyeline duyulan inanc\u0131n ve Antalya i\u00e7in duydu\u011fum mesuliyetin bir yans\u0131mas\u0131d\u0131r. Nitekim, bu strateji raporundaki t\u00fcm tespitler ve \u00f6neriler, Antalya&#8217;m\u0131z\u0131n sahip oldu\u011fu b\u00fcy\u00fck potansiyeli ortaya koymakta ve kentin ekonomik, sosyal ve k\u00fclt\u00fcrel gelecek vizyonuna dair somut ad\u0131mlar da sunmaktad\u0131r\u201d dedi. 20240 YILINA KADAR ULA\u015eIM SORUNLARI \u00c7\u00d6Z\u00dcLECEK Antalya B\u00fcy\u00fck\u015fehir Belediyesi\u2019nin hayata ge\u00e7irece\u011fine Ula\u015ft\u0131rma Master Plan\u0131 sayesinde 2040 y\u0131l\u0131na kadar Antalya\u2019n\u0131n b\u00fct\u00fcn trafik sorunlar\u0131n\u0131n \u00e7\u00f6z\u00fclece\u011fine de\u011finen Aykut Kaya, \u201cAntalya B\u00fcy\u00fck\u015fehir Beleye Ba\u015fkan\u0131 Muhittin B\u00f6cek ile s\u00fcrelik isti\u015fare halindeyim. Kendisi de sa\u011f olsun &hellip;\" \/>\n<meta property=\"og:url\" content=\"http:\/\/denizcankizil.tr\/uk\/haberler\/gundem\/aykut-kaya-antalyanin-sorunlarini-ve-cozum-onerilerini-raporlastirdi\/\" \/>\n<meta property=\"og:site_name\" content=\"Av. Deniz Can K\u0131z\u0131l\" \/>\n<meta property=\"article:published_time\" content=\"2025-05-05T10:42:16+00:00\" \/>\n<meta name=\"author\" content=\"Antalya K\u00f6rfez\" \/>\n<meta name=\"twitter:card\" content=\"summary_large_image\" \/>\n<meta name=\"twitter:label1\" content=\"\u041d\u0430\u043f\u0438\u0441\u0430\u043d\u043e\" \/>\n\t<meta name=\"twitter:data1\" content=\"Antalya K\u00f6rfez\" \/>\n\t<meta name=\"twitter:label2\" content=\"\u041f\u0440\u0438\u0431\u043b. \u0447\u0430\u0441 \u0447\u0438\u0442\u0430\u043d\u043d\u044f\" \/>\n\t<meta name=\"twitter:data2\" content=\"7 \u0445\u0432\u0438\u043b\u0438\u043d\" \/>\n<script type=\"application\/ld+json\" class=\"yoast-schema-graph\">{\"@context\":\"https:\/\/schema.org\",\"@graph\":[{\"@type\":\"Article\",\"@id\":\"http:\/\/denizcankizil.tr\/uk\/haberler\/gundem\/aykut-kaya-antalyanin-sorunlarini-ve-cozum-onerilerini-raporlastirdi\/#article\",\"isPartOf\":{\"@id\":\"http:\/\/denizcankizil.tr\/uk\/haberler\/gundem\/aykut-kaya-antalyanin-sorunlarini-ve-cozum-onerilerini-raporlastirdi\/\"},\"author\":{\"name\":\"Antalya K\u00f6rfez\",\"@id\":\"https:\/\/denizcankizil.tr\/de\/#\/schema\/person\/e1eb71bb4dd684d46563f0af307e1234\"},\"headline\":\"Aykut Kaya, Antalya&#8217;n\u0131n sorunlar\u0131n\u0131 ve \u00e7\u00f6z\u00fcm \u00f6nerilerini raporla\u015ft\u0131rd\u0131\",\"datePublished\":\"2025-05-05T10:42:16+00:00\",\"mainEntityOfPage\":{\"@id\":\"http:\/\/denizcankizil.tr\/uk\/haberler\/gundem\/aykut-kaya-antalyanin-sorunlarini-ve-cozum-onerilerini-raporlastirdi\/\"},\"wordCount\":1507,\"publisher\":{\"@id\":\"https:\/\/denizcankizil.tr\/de\/#organization\"},\"articleSection\":[\"G\u00fcndem\"],\"inLanguage\":\"uk\"},{\"@type\":\"WebPage\",\"@id\":\"http:\/\/denizcankizil.tr\/uk\/haberler\/gundem\/aykut-kaya-antalyanin-sorunlarini-ve-cozum-onerilerini-raporlastirdi\/\",\"url\":\"http:\/\/denizcankizil.tr\/uk\/haberler\/gundem\/aykut-kaya-antalyanin-sorunlarini-ve-cozum-onerilerini-raporlastirdi\/\",\"name\":\"Aykut Kaya, Antalya'n\u0131n sorunlar\u0131n\u0131 ve \u00e7\u00f6z\u00fcm \u00f6nerilerini raporla\u015ft\u0131rd\u0131 - Av. Deniz Can K\u0131z\u0131l\",\"isPartOf\":{\"@id\":\"https:\/\/denizcankizil.tr\/de\/#website\"},\"datePublished\":\"2025-05-05T10:42:16+00:00\",\"breadcrumb\":{\"@id\":\"http:\/\/denizcankizil.tr\/uk\/haberler\/gundem\/aykut-kaya-antalyanin-sorunlarini-ve-cozum-onerilerini-raporlastirdi\/#breadcrumb\"},\"inLanguage\":\"uk\",\"potentialAction\":[{\"@type\":\"ReadAction\",\"target\":[\"http:\/\/denizcankizil.tr\/uk\/haberler\/gundem\/aykut-kaya-antalyanin-sorunlarini-ve-cozum-onerilerini-raporlastirdi\/\"]}]},{\"@type\":\"BreadcrumbList\",\"@id\":\"http:\/\/denizcankizil.tr\/uk\/haberler\/gundem\/aykut-kaya-antalyanin-sorunlarini-ve-cozum-onerilerini-raporlastirdi\/#breadcrumb\",\"itemListElement\":[{\"@type\":\"ListItem\",\"position\":1,\"name\":\"Home\",\"item\":\"https:\/\/denizcankizil.tr\/de\/\"},{\"@type\":\"ListItem\",\"position\":2,\"name\":\"Aykut Kaya, Antalya&#8217;n\u0131n sorunlar\u0131n\u0131 ve \u00e7\u00f6z\u00fcm \u00f6nerilerini raporla\u015ft\u0131rd\u0131\"}]},{\"@type\":\"WebSite\",\"@id\":\"https:\/\/denizcankizil.tr\/de\/#website\",\"url\":\"https:\/\/denizcankizil.tr\/de\/\",\"name\":\"Av. Deniz Can K\u0131z\u0131l\",\"description\":\"Avukat Deniz Can K\u0131z\u0131l Antalya Barosu\",\"publisher\":{\"@id\":\"https:\/\/denizcankizil.tr\/de\/#organization\"},\"potentialAction\":[{\"@type\":\"SearchAction\",\"target\":{\"@type\":\"EntryPoint\",\"urlTemplate\":\"https:\/\/denizcankizil.tr\/de\/?s={search_term_string}\"},\"query-input\":{\"@type\":\"PropertyValueSpecification\",\"valueRequired\":true,\"valueName\":\"search_term_string\"}}],\"inLanguage\":\"uk\"},{\"@type\":\"Organization\",\"@id\":\"https:\/\/denizcankizil.tr\/de\/#organization\",\"name\":\"Av. Deniz Can K\u0131z\u0131l\",\"url\":\"https:\/\/denizcankizil.tr\/de\/\",\"logo\":{\"@type\":\"ImageObject\",\"inLanguage\":\"uk\",\"@id\":\"https:\/\/denizcankizil.tr\/de\/#\/schema\/logo\/image\/\",\"url\":\"http:\/\/denizcankizil.tr\/wp-content\/uploads\/2024\/10\/siyah-logo-svg.svg\",\"contentUrl\":\"http:\/\/denizcankizil.tr\/wp-content\/uploads\/2024\/10\/siyah-logo-svg.svg\",\"width\":1080,\"height\":1080,\"caption\":\"Av. Deniz Can K\u0131z\u0131l\"},\"image\":{\"@id\":\"https:\/\/denizcankizil.tr\/de\/#\/schema\/logo\/image\/\"}},{\"@type\":\"Person\",\"@id\":\"https:\/\/denizcankizil.tr\/de\/#\/schema\/person\/e1eb71bb4dd684d46563f0af307e1234\",\"name\":\"Antalya K\u00f6rfez\",\"image\":{\"@type\":\"ImageObject\",\"inLanguage\":\"uk\",\"@id\":\"https:\/\/denizcankizil.tr\/de\/#\/schema\/person\/image\/\",\"url\":\"https:\/\/secure.gravatar.com\/avatar\/42b01982558a48a0b501fdcab6a408d3717ea5919095ee2e67b0e521799c5905?s=96&d=mm&r=g\",\"contentUrl\":\"https:\/\/secure.gravatar.com\/avatar\/42b01982558a48a0b501fdcab6a408d3717ea5919095ee2e67b0e521799c5905?s=96&d=mm&r=g\",\"caption\":\"Antalya K\u00f6rfez\"},\"sameAs\":[\"http:\/\/www.antalyakorfez.com\"],\"url\":\"https:\/\/www.antalyakorfez.com\/aykut-kaya-antalyanin-sorunlarini-ve-cozum-onerilerini-raporlastirdi\"}]}<\/script>\n<!-- \/ Yoast SEO Premium plugin. -->","yoast_head_json":{"title":"Aykut Kaya, Antalya'n\u0131n sorunlar\u0131n\u0131 ve \u00e7\u00f6z\u00fcm \u00f6nerilerini raporla\u015ft\u0131rd\u0131 - Av. Deniz Can K\u0131z\u0131l","robots":{"index":"index","follow":"follow","max-snippet":"max-snippet:-1","max-image-preview":"max-image-preview:large","max-video-preview":"max-video-preview:-1"},"canonical":"http:\/\/denizcankizil.tr\/uk\/haberler\/gundem\/aykut-kaya-antalyanin-sorunlarini-ve-cozum-onerilerini-raporlastirdi\/","og_locale":"uk_UA","og_type":"article","og_title":"Aykut Kaya, Antalya'n\u0131n sorunlar\u0131n\u0131 ve \u00e7\u00f6z\u00fcm \u00f6nerilerini raporla\u015ft\u0131rd\u0131","og_description":"CHP Antalya Milletvekili Aykut Kaya, Antalya\u2019n\u0131n b\u00fct\u00fcn sorunlar\u0131n\u0131 derleyip ayn\u0131 zaman \u00e7\u00f6z\u00fcm \u00f6nerileri sundu\u011fu Antalya \u0130li Kalk\u0131nma Stratejisi Raporu\u2019nu a\u00e7\u0131klamak i\u00e7in bir bas\u0131n toplant\u0131s\u0131 d\u00fczenledi. D\u00fczenlenen bas\u0131n toplant\u0131s\u0131na Antalya Gazeteciler Cemiyeti Ba\u015fkan\u0131 \u0130dris ta\u015f ve bas\u0131n mensuplar\u0131 kat\u0131ld\u0131. ANTALYA \u0130L\u0130 KALKINMA STRATEJ\u0130S\u0130 RAPORU Raporun haz\u0131rlanma amac\u0131 hakk\u0131nda konu\u015fan Kaya, \u201cB\u00f6lgesel kalk\u0131nma \u00fclkemizin somut ad\u0131mlar atmas\u0131 gereken en \u00f6nemli yap\u0131sal sorun alanlar\u0131ndan biri ve bu alanda ilerlemek i\u00e7in il ve hatta il\u00e7e d\u00fczeyinde yeni stratejilere ihtiyac\u0131m\u0131z var. Merkezi y\u00f6netimin bug\u00fcne kadar att\u0131\u011f\u0131 ad\u0131mlar illerimiz aras\u0131ndaki farklar\u0131 kapatmak bir yana bu farklar\u0131 daha da kat\u0131la\u015ft\u0131rm\u0131\u015ft\u0131r. Ben de Antalya milletvekili olarak kendi ilim i\u00e7in alan\u0131nda uzman bir ekiple \u00e7al\u0131\u015farak elimi ta\u015f\u0131n alt\u0131na koymaya karar verdim. \u0130\u015fte sizlerle bug\u00fcn ana hatlar\u0131n\u0131 payla\u015faca\u011f\u0131m bu rapor, Antalya&#8217;n\u0131n potansiyeline duyulan inanc\u0131n ve Antalya i\u00e7in duydu\u011fum mesuliyetin bir yans\u0131mas\u0131d\u0131r. Nitekim, bu strateji raporundaki t\u00fcm tespitler ve \u00f6neriler, Antalya&#8217;m\u0131z\u0131n sahip oldu\u011fu b\u00fcy\u00fck potansiyeli ortaya koymakta ve kentin ekonomik, sosyal ve k\u00fclt\u00fcrel gelecek vizyonuna dair somut ad\u0131mlar da sunmaktad\u0131r\u201d dedi. 20240 YILINA KADAR ULA\u015eIM SORUNLARI \u00c7\u00d6Z\u00dcLECEK Antalya B\u00fcy\u00fck\u015fehir Belediyesi\u2019nin hayata ge\u00e7irece\u011fine Ula\u015ft\u0131rma Master Plan\u0131 sayesinde 2040 y\u0131l\u0131na kadar Antalya\u2019n\u0131n b\u00fct\u00fcn trafik sorunlar\u0131n\u0131n \u00e7\u00f6z\u00fclece\u011fine de\u011finen Aykut Kaya, \u201cAntalya B\u00fcy\u00fck\u015fehir Beleye Ba\u015fkan\u0131 Muhittin B\u00f6cek ile s\u00fcrelik isti\u015fare halindeyim. Kendisi de sa\u011f olsun &hellip;","og_url":"http:\/\/denizcankizil.tr\/uk\/haberler\/gundem\/aykut-kaya-antalyanin-sorunlarini-ve-cozum-onerilerini-raporlastirdi\/","og_site_name":"Av. Deniz Can K\u0131z\u0131l","article_published_time":"2025-05-05T10:42:16+00:00","author":"Antalya K\u00f6rfez","twitter_card":"summary_large_image","twitter_misc":{"\u041d\u0430\u043f\u0438\u0441\u0430\u043d\u043e":"Antalya K\u00f6rfez","\u041f\u0440\u0438\u0431\u043b. \u0447\u0430\u0441 \u0447\u0438\u0442\u0430\u043d\u043d\u044f":"7 \u0445\u0432\u0438\u043b\u0438\u043d"},"schema":{"@context":"https:\/\/schema.org","@graph":[{"@type":"Article","@id":"http:\/\/denizcankizil.tr\/uk\/haberler\/gundem\/aykut-kaya-antalyanin-sorunlarini-ve-cozum-onerilerini-raporlastirdi\/#article","isPartOf":{"@id":"http:\/\/denizcankizil.tr\/uk\/haberler\/gundem\/aykut-kaya-antalyanin-sorunlarini-ve-cozum-onerilerini-raporlastirdi\/"},"author":{"name":"Antalya K\u00f6rfez","@id":"https:\/\/denizcankizil.tr\/de\/#\/schema\/person\/e1eb71bb4dd684d46563f0af307e1234"},"headline":"Aykut Kaya, Antalya&#8217;n\u0131n sorunlar\u0131n\u0131 ve \u00e7\u00f6z\u00fcm \u00f6nerilerini raporla\u015ft\u0131rd\u0131","datePublished":"2025-05-05T10:42:16+00:00","mainEntityOfPage":{"@id":"http:\/\/denizcankizil.tr\/uk\/haberler\/gundem\/aykut-kaya-antalyanin-sorunlarini-ve-cozum-onerilerini-raporlastirdi\/"},"wordCount":1507,"publisher":{"@id":"https:\/\/denizcankizil.tr\/de\/#organization"},"articleSection":["G\u00fcndem"],"inLanguage":"uk"},{"@type":"WebPage","@id":"http:\/\/denizcankizil.tr\/uk\/haberler\/gundem\/aykut-kaya-antalyanin-sorunlarini-ve-cozum-onerilerini-raporlastirdi\/","url":"http:\/\/denizcankizil.tr\/uk\/haberler\/gundem\/aykut-kaya-antalyanin-sorunlarini-ve-cozum-onerilerini-raporlastirdi\/","name":"Aykut Kaya, Antalya'n\u0131n sorunlar\u0131n\u0131 ve \u00e7\u00f6z\u00fcm \u00f6nerilerini raporla\u015ft\u0131rd\u0131 - Av. Deniz Can K\u0131z\u0131l","isPartOf":{"@id":"https:\/\/denizcankizil.tr\/de\/#website"},"datePublished":"2025-05-05T10:42:16+00:00","breadcrumb":{"@id":"http:\/\/denizcankizil.tr\/uk\/haberler\/gundem\/aykut-kaya-antalyanin-sorunlarini-ve-cozum-onerilerini-raporlastirdi\/#breadcrumb"},"inLanguage":"uk","potentialAction":[{"@type":"ReadAction","target":["http:\/\/denizcankizil.tr\/uk\/haberler\/gundem\/aykut-kaya-antalyanin-sorunlarini-ve-cozum-onerilerini-raporlastirdi\/"]}]},{"@type":"BreadcrumbList","@id":"http:\/\/denizcankizil.tr\/uk\/haberler\/gundem\/aykut-kaya-antalyanin-sorunlarini-ve-cozum-onerilerini-raporlastirdi\/#breadcrumb","itemListElement":[{"@type":"ListItem","position":1,"name":"Home","item":"https:\/\/denizcankizil.tr\/de\/"},{"@type":"ListItem","position":2,"name":"Aykut Kaya, Antalya&#8217;n\u0131n sorunlar\u0131n\u0131 ve \u00e7\u00f6z\u00fcm \u00f6nerilerini raporla\u015ft\u0131rd\u0131"}]},{"@type":"WebSite","@id":"https:\/\/denizcankizil.tr\/de\/#website","url":"https:\/\/denizcankizil.tr\/de\/","name":"Av. Deniz Can K\u0131z\u0131l","description":"Avukat Deniz Can K\u0131z\u0131l Antalya Barosu","publisher":{"@id":"https:\/\/denizcankizil.tr\/de\/#organization"},"potentialAction":[{"@type":"SearchAction","target":{"@type":"EntryPoint","urlTemplate":"https:\/\/denizcankizil.tr\/de\/?s={search_term_string}"},"query-input":{"@type":"PropertyValueSpecification","valueRequired":true,"valueName":"search_term_string"}}],"inLanguage":"uk"},{"@type":"Organization","@id":"https:\/\/denizcankizil.tr\/de\/#organization","name":"Av. Deniz Can K\u0131z\u0131l","url":"https:\/\/denizcankizil.tr\/de\/","logo":{"@type":"ImageObject","inLanguage":"uk","@id":"https:\/\/denizcankizil.tr\/de\/#\/schema\/logo\/image\/","url":"http:\/\/denizcankizil.tr\/wp-content\/uploads\/2024\/10\/siyah-logo-svg.svg","contentUrl":"http:\/\/denizcankizil.tr\/wp-content\/uploads\/2024\/10\/siyah-logo-svg.svg","width":1080,"height":1080,"caption":"Av. Deniz Can K\u0131z\u0131l"},"image":{"@id":"https:\/\/denizcankizil.tr\/de\/#\/schema\/logo\/image\/"}},{"@type":"Person","@id":"https:\/\/denizcankizil.tr\/de\/#\/schema\/person\/e1eb71bb4dd684d46563f0af307e1234","name":"Antalya K\u00f6rfez","image":{"@type":"ImageObject","inLanguage":"uk","@id":"https:\/\/denizcankizil.tr\/de\/#\/schema\/person\/image\/","url":"https:\/\/secure.gravatar.com\/avatar\/42b01982558a48a0b501fdcab6a408d3717ea5919095ee2e67b0e521799c5905?s=96&d=mm&r=g","contentUrl":"https:\/\/secure.gravatar.com\/avatar\/42b01982558a48a0b501fdcab6a408d3717ea5919095ee2e67b0e521799c5905?s=96&d=mm&r=g","caption":"Antalya K\u00f6rfez"},"sameAs":["http:\/\/www.antalyakorfez.com"],"url":"https:\/\/www.antalyakorfez.com\/aykut-kaya-antalyanin-sorunlarini-ve-cozum-onerilerini-raporlastirdi"}]}},"_links":{"self":[{"href":"http:\/\/denizcankizil.tr\/uk\/wp-json\/wp\/v2\/posts\/76812","targetHints":{"allow":["GET"]}}],"collection":[{"href":"http:\/\/denizcankizil.tr\/uk\/wp-json\/wp\/v2\/posts"}],"about":[{"href":"http:\/\/denizcankizil.tr\/uk\/wp-json\/wp\/v2\/types\/post"}],"author":[{"embeddable":true,"href":"http:\/\/denizcankizil.tr\/uk\/wp-json\/wp\/v2\/users\/5"}],"replies":[{"embeddable":true,"href":"http:\/\/denizcankizil.tr\/uk\/wp-json\/wp\/v2\/comments?post=76812"}],"version-history":[{"count":0,"href":"http:\/\/denizcankizil.tr\/uk\/wp-json\/wp\/v2\/posts\/76812\/revisions"}],"wp:attachment":[{"href":"http:\/\/denizcankizil.tr\/uk\/wp-json\/wp\/v2\/media?parent=76812"}],"wp:term":[{"taxonomy":"category","embeddable":true,"href":"http:\/\/denizcankizil.tr\/uk\/wp-json\/wp\/v2\/categories?post=76812"},{"taxonomy":"post_tag","embeddable":true,"href":"http:\/\/denizcankizil.tr\/uk\/wp-json\/wp\/v2\/tags?post=76812"}],"curies":[{"name":"wp","href":"https:\/\/api.w.org\/{rel}","templated":true}]}}