{"id":7465,"date":"2024-10-24T12:41:29","date_gmt":"2024-10-24T09:41:29","guid":{"rendered":"https:\/\/denizcankizil.tr\/uncategorized-tr\/teror-saldirisi-nedeniyle-havalimanlarindaki-guvenlik-onlemleri-artirildi\/"},"modified":"2024-10-24T12:41:29","modified_gmt":"2024-10-24T09:41:29","slug":"teror-saldirisi-nedeniyle-havalimanlarindaki-guvenlik-onlemleri-artirildi","status":"publish","type":"post","link":"http:\/\/denizcankizil.tr\/uk\/haberler\/gundem\/teror-saldirisi-nedeniyle-havalimanlarindaki-guvenlik-onlemleri-artirildi\/","title":{"rendered":"Ter\u00f6r sald\u0131r\u0131s\u0131 nedeniyle havalimanlar\u0131ndaki g\u00fcvenlik \u00f6nlemleri art\u0131r\u0131ld\u0131"},"content":{"rendered":"<p>TUSA\u015e&#8217;\u0131n Ankara&#8217;n\u0131n Kahramankazan il\u00e7esindeki tesislerine y\u00f6nelik ter\u00f6r sald\u0131r\u0131s\u0131 ger\u00e7ekle\u015ftirilmesinin ard\u0131ndan T\u00fcrkiye geneli g\u00fcvenlik \u00f6nlemleri artt\u0131r\u0131ld\u0131. Ter\u00f6r \u00f6rg\u00fct\u00fcn\u00fcn havalimanlar\u0131na y\u00f6nelik sald\u0131r\u0131 planlar\u0131na ili\u015fkin olarak havalimanlar\u0131nda \u00f6nlemler turuncu alarm seviyesine \u00e7\u0131kar\u0131ld\u0131. Al\u0131nan karar\u0131n\u0131n ard\u0131ndan Sabiha G\u00f6k\u00e7en, \u0130stanbul Havaliman\u0131&#8217;na ve Antalya Havaliman\u0131\u2019na giri\u015f ve \u00e7\u0131k\u0131\u015flarda \u00f6nlemler art\u0131r\u0131ld\u0131. Havaliman\u0131na giri\u015f \u00e7\u0131k\u0131\u015f yapan ara\u00e7lar didik didik aran\u0131rken, yolcular\u0131n ise kimlik kontrol\u00fc yap\u0131l\u0131yor.<\/p>\n<p>U\u00c7U\u015eLARINDAN EN AZ 3 SAAT \u00d6NCE TERM\u0130NALE G\u0130D\u0130LMEL\u0130 \u00a0<\/p>\n<p>G\u00fcvenlik \u00f6nlemlerinin art\u0131r\u0131lmas\u0131na ili\u015fkin olarak Sabiha G\u00f6k\u00e7en Havaliman\u0131&#8217;ndan yap\u0131lan a\u00e7\u0131klamada, \u201cYolcular\u0131m\u0131z\u0131n dikkatine, Havalimanlar\u0131nda al\u0131nan ek \u00f6nlemler sebebiyle olu\u015fabilecek zaman kay\u0131plar\u0131na kar\u015f\u0131, yolcular\u0131m\u0131z\u0131n u\u00e7u\u015flar\u0131ndan en az 3 saat \u00f6nce terminale gelmeleri \u00f6nerilmektedir\u201d denildi.\u00a0<\/p>\n<p>\u00a0 \u00a0 \u00a0 \u00a0 \u00a0 \u00a0 \u00a0 \u00a0 \u00a0 \u00a0 \u00a0\u00a0<br \/>\n\u00a0<\/p>\n<p>\u200bAnkara Kahramankazan\u2019da T\u00fcrk Havac\u0131l\u0131k ve Uzay Sanayi (TUSA\u015e)&#8217;a ger\u00e7ekle\u015ftirilen ter\u00f6r sald\u0131r\u0131s\u0131 sonucu T\u00fcrkiye&#8217;deki b\u00fct\u00fcn havalimanlar\u0131 turuncu alarm verdi. Havaliman\u0131 giri\u015f ve \u00e7\u0131k\u0131\u015flar\u0131nda vatanda\u015flar ile ara\u00e7lar hassas \u015fekilde aran\u0131rken, yolcular\u0131n u\u00e7u\u015flardan en az 3 saat \u00f6nce havaliman\u0131nda olmas\u0131 isteniyor\u00a0<\/p>\n<p>\u200bHaberin Al\u0131nt\u0131land\u0131\u011f\u0131 Kaynak: www.antalyakorfez.com<\/p>","protected":false},"excerpt":{"rendered":"<p>TUSA\u015e&#8217;\u0131n Ankara&#8217;n\u0131n Kahramankazan il\u00e7esindeki tesislerine y\u00f6nelik ter\u00f6r sald\u0131r\u0131s\u0131 ger\u00e7ekle\u015ftirilmesinin ard\u0131ndan T\u00fcrkiye geneli g\u00fcvenlik \u00f6nlemleri artt\u0131r\u0131ld\u0131. Ter\u00f6r \u00f6rg\u00fct\u00fcn\u00fcn havalimanlar\u0131na y\u00f6nelik sald\u0131r\u0131 planlar\u0131na ili\u015fkin olarak havalimanlar\u0131nda \u00f6nlemler turuncu alarm seviyesine \u00e7\u0131kar\u0131ld\u0131. Al\u0131nan karar\u0131n\u0131n ard\u0131ndan Sabiha G\u00f6k\u00e7en, \u0130stanbul Havaliman\u0131&#8217;na ve Antalya Havaliman\u0131\u2019na giri\u015f ve \u00e7\u0131k\u0131\u015flarda \u00f6nlemler art\u0131r\u0131ld\u0131. Havaliman\u0131na giri\u015f \u00e7\u0131k\u0131\u015f yapan ara\u00e7lar didik didik aran\u0131rken, yolcular\u0131n ise kimlik kontrol\u00fc yap\u0131l\u0131yor. U\u00c7U\u015eLARINDAN EN AZ 3 SAAT \u00d6NCE TERM\u0130NALE G\u0130D\u0130LMEL\u0130 \u00a0 G\u00fcvenlik \u00f6nlemlerinin art\u0131r\u0131lmas\u0131na ili\u015fkin olarak Sabiha G\u00f6k\u00e7en Havaliman\u0131&#8217;ndan yap\u0131lan a\u00e7\u0131klamada, \u201cYolcular\u0131m\u0131z\u0131n dikkatine, Havalimanlar\u0131nda al\u0131nan ek \u00f6nlemler sebebiyle olu\u015fabilecek zaman kay\u0131plar\u0131na kar\u015f\u0131, yolcular\u0131m\u0131z\u0131n u\u00e7u\u015flar\u0131ndan en az 3 saat \u00f6nce terminale gelmeleri \u00f6nerilmektedir\u201d denildi.\u00a0 \u00a0 \u00a0 \u00a0 \u00a0 \u00a0 \u00a0 \u00a0 \u00a0 \u00a0 \u00a0 \u00a0\u00a0 \u00a0 \u200bAnkara Kahramankazan\u2019da T\u00fcrk Havac\u0131l\u0131k ve Uzay Sanayi (TUSA\u015e)&#8217;a ger\u00e7ekle\u015ftirilen ter\u00f6r sald\u0131r\u0131s\u0131 sonucu T\u00fcrkiye&#8217;deki b\u00fct\u00fcn havalimanlar\u0131 turuncu alarm verdi. Havaliman\u0131 giri\u015f ve \u00e7\u0131k\u0131\u015flar\u0131nda vatanda\u015flar ile ara\u00e7lar hassas \u015fekilde aran\u0131rken, yolcular\u0131n u\u00e7u\u015flardan en az 3 saat \u00f6nce havaliman\u0131nda olmas\u0131 isteniyor\u00a0 \u200bHaberin Al\u0131nt\u0131land\u0131\u011f\u0131 Kaynak: www.antalyakorfez.com<\/p>","protected":false},"author":0,"featured_media":0,"comment_status":"open","ping_status":"open","sticky":false,"template":"","format":"standard","meta":{"_acf_changed":false,"footnotes":""},"categories":[24,535],"tags":[],"class_list":["post-7465","post","type-post","status-publish","format-standard","has-post-thumbnail","hentry","category-gundem","category-uncategorized-tr"],"acf":[],"yoast_head":"<!-- This site is optimized with the Yoast SEO Premium plugin v26.6 (Yoast SEO v27.1.1) - https:\/\/yoast.com\/product\/yoast-seo-premium-wordpress\/ -->\n<title>Ter\u00f6r sald\u0131r\u0131s\u0131 nedeniyle havalimanlar\u0131ndaki g\u00fcvenlik \u00f6nlemleri art\u0131r\u0131ld\u0131 - Av. Deniz Can K\u0131z\u0131l<\/title>\n<meta name=\"robots\" content=\"index, follow, max-snippet:-1, max-image-preview:large, max-video-preview:-1\" \/>\n<link rel=\"canonical\" href=\"http:\/\/denizcankizil.tr\/uk\/haberler\/gundem\/teror-saldirisi-nedeniyle-havalimanlarindaki-guvenlik-onlemleri-artirildi\/\" \/>\n<meta property=\"og:locale\" content=\"uk_UA\" \/>\n<meta property=\"og:type\" content=\"article\" \/>\n<meta property=\"og:title\" content=\"Ter\u00f6r sald\u0131r\u0131s\u0131 nedeniyle havalimanlar\u0131ndaki g\u00fcvenlik \u00f6nlemleri art\u0131r\u0131ld\u0131\" \/>\n<meta property=\"og:description\" content=\"TUSA\u015e&#8217;\u0131n Ankara&#8217;n\u0131n Kahramankazan il\u00e7esindeki tesislerine y\u00f6nelik ter\u00f6r sald\u0131r\u0131s\u0131 ger\u00e7ekle\u015ftirilmesinin ard\u0131ndan T\u00fcrkiye geneli g\u00fcvenlik \u00f6nlemleri artt\u0131r\u0131ld\u0131. Ter\u00f6r \u00f6rg\u00fct\u00fcn\u00fcn havalimanlar\u0131na y\u00f6nelik sald\u0131r\u0131 planlar\u0131na ili\u015fkin olarak havalimanlar\u0131nda \u00f6nlemler turuncu alarm seviyesine \u00e7\u0131kar\u0131ld\u0131. Al\u0131nan karar\u0131n\u0131n ard\u0131ndan Sabiha G\u00f6k\u00e7en, \u0130stanbul Havaliman\u0131&#8217;na ve Antalya Havaliman\u0131\u2019na giri\u015f ve \u00e7\u0131k\u0131\u015flarda \u00f6nlemler art\u0131r\u0131ld\u0131. Havaliman\u0131na giri\u015f \u00e7\u0131k\u0131\u015f yapan ara\u00e7lar didik didik aran\u0131rken, yolcular\u0131n ise kimlik kontrol\u00fc yap\u0131l\u0131yor. U\u00c7U\u015eLARINDAN EN AZ 3 SAAT \u00d6NCE TERM\u0130NALE G\u0130D\u0130LMEL\u0130 \u00a0 G\u00fcvenlik \u00f6nlemlerinin art\u0131r\u0131lmas\u0131na ili\u015fkin olarak Sabiha G\u00f6k\u00e7en Havaliman\u0131&#8217;ndan yap\u0131lan a\u00e7\u0131klamada, \u201cYolcular\u0131m\u0131z\u0131n dikkatine, Havalimanlar\u0131nda al\u0131nan ek \u00f6nlemler sebebiyle olu\u015fabilecek zaman kay\u0131plar\u0131na kar\u015f\u0131, yolcular\u0131m\u0131z\u0131n u\u00e7u\u015flar\u0131ndan en az 3 saat \u00f6nce terminale gelmeleri \u00f6nerilmektedir\u201d denildi.\u00a0 \u00a0 \u00a0 \u00a0 \u00a0 \u00a0 \u00a0 \u00a0 \u00a0 \u00a0 \u00a0 \u00a0\u00a0 \u00a0 \u200bAnkara Kahramankazan\u2019da T\u00fcrk Havac\u0131l\u0131k ve Uzay Sanayi (TUSA\u015e)&#8217;a ger\u00e7ekle\u015ftirilen ter\u00f6r sald\u0131r\u0131s\u0131 sonucu T\u00fcrkiye&#8217;deki b\u00fct\u00fcn havalimanlar\u0131 turuncu alarm verdi. Havaliman\u0131 giri\u015f ve \u00e7\u0131k\u0131\u015flar\u0131nda vatanda\u015flar ile ara\u00e7lar hassas \u015fekilde aran\u0131rken, yolcular\u0131n u\u00e7u\u015flardan en az 3 saat \u00f6nce havaliman\u0131nda olmas\u0131 isteniyor\u00a0 \u200bHaberin Al\u0131nt\u0131land\u0131\u011f\u0131 Kaynak: www.antalyakorfez.com\" \/>\n<meta property=\"og:url\" content=\"http:\/\/denizcankizil.tr\/uk\/haberler\/gundem\/teror-saldirisi-nedeniyle-havalimanlarindaki-guvenlik-onlemleri-artirildi\/\" \/>\n<meta property=\"og:site_name\" content=\"Av. Deniz Can K\u0131z\u0131l\" \/>\n<meta property=\"article:published_time\" content=\"2024-10-24T09:41:29+00:00\" \/>\n<meta name=\"twitter:card\" content=\"summary_large_image\" \/>\n<meta name=\"twitter:label1\" content=\"\u041f\u0440\u0438\u0431\u043b. \u0447\u0430\u0441 \u0447\u0438\u0442\u0430\u043d\u043d\u044f\" \/>\n\t<meta name=\"twitter:data1\" content=\"1 \u0445\u0432\u0438\u043b\u0438\u043d\u0430\" \/>\n<script type=\"application\/ld+json\" class=\"yoast-schema-graph\">{\"@context\":\"https:\/\/schema.org\",\"@graph\":[{\"@type\":\"Article\",\"@id\":\"http:\/\/denizcankizil.tr\/uk\/haberler\/gundem\/teror-saldirisi-nedeniyle-havalimanlarindaki-guvenlik-onlemleri-artirildi\/#article\",\"isPartOf\":{\"@id\":\"http:\/\/denizcankizil.tr\/uk\/haberler\/gundem\/teror-saldirisi-nedeniyle-havalimanlarindaki-guvenlik-onlemleri-artirildi\/\"},\"author\":{\"name\":\"\",\"@id\":\"\"},\"headline\":\"Ter\u00f6r sald\u0131r\u0131s\u0131 nedeniyle havalimanlar\u0131ndaki g\u00fcvenlik \u00f6nlemleri art\u0131r\u0131ld\u0131\",\"datePublished\":\"2024-10-24T09:41:29+00:00\",\"mainEntityOfPage\":{\"@id\":\"http:\/\/denizcankizil.tr\/uk\/haberler\/gundem\/teror-saldirisi-nedeniyle-havalimanlarindaki-guvenlik-onlemleri-artirildi\/\"},\"wordCount\":249,\"commentCount\":0,\"publisher\":{\"@id\":\"https:\/\/denizcankizil.tr\/#organization\"},\"articleSection\":[\"G\u00fcndem\",\"Uncategorized\"],\"inLanguage\":\"uk\",\"potentialAction\":[{\"@type\":\"CommentAction\",\"name\":\"Comment\",\"target\":[\"http:\/\/denizcankizil.tr\/uk\/haberler\/gundem\/teror-saldirisi-nedeniyle-havalimanlarindaki-guvenlik-onlemleri-artirildi\/#respond\"]}]},{\"@type\":\"WebPage\",\"@id\":\"http:\/\/denizcankizil.tr\/uk\/haberler\/gundem\/teror-saldirisi-nedeniyle-havalimanlarindaki-guvenlik-onlemleri-artirildi\/\",\"url\":\"http:\/\/denizcankizil.tr\/uk\/haberler\/gundem\/teror-saldirisi-nedeniyle-havalimanlarindaki-guvenlik-onlemleri-artirildi\/\",\"name\":\"Ter\u00f6r sald\u0131r\u0131s\u0131 nedeniyle havalimanlar\u0131ndaki g\u00fcvenlik \u00f6nlemleri art\u0131r\u0131ld\u0131 - Av. Deniz Can K\u0131z\u0131l\",\"isPartOf\":{\"@id\":\"https:\/\/denizcankizil.tr\/#website\"},\"datePublished\":\"2024-10-24T09:41:29+00:00\",\"breadcrumb\":{\"@id\":\"http:\/\/denizcankizil.tr\/uk\/haberler\/gundem\/teror-saldirisi-nedeniyle-havalimanlarindaki-guvenlik-onlemleri-artirildi\/#breadcrumb\"},\"inLanguage\":\"uk\",\"potentialAction\":[{\"@type\":\"ReadAction\",\"target\":[\"http:\/\/denizcankizil.tr\/uk\/haberler\/gundem\/teror-saldirisi-nedeniyle-havalimanlarindaki-guvenlik-onlemleri-artirildi\/\"]}]},{\"@type\":\"BreadcrumbList\",\"@id\":\"http:\/\/denizcankizil.tr\/uk\/haberler\/gundem\/teror-saldirisi-nedeniyle-havalimanlarindaki-guvenlik-onlemleri-artirildi\/#breadcrumb\",\"itemListElement\":[{\"@type\":\"ListItem\",\"position\":1,\"name\":\"Home\",\"item\":\"https:\/\/denizcankizil.tr\/de\/\"},{\"@type\":\"ListItem\",\"position\":2,\"name\":\"Ter\u00f6r sald\u0131r\u0131s\u0131 nedeniyle havalimanlar\u0131ndaki g\u00fcvenlik \u00f6nlemleri art\u0131r\u0131ld\u0131\"}]},{\"@type\":\"WebSite\",\"@id\":\"https:\/\/denizcankizil.tr\/#website\",\"url\":\"https:\/\/denizcankizil.tr\/\",\"name\":\"Av. Deniz Can K\u0131z\u0131l\",\"description\":\"Avukat Deniz Can K\u0131z\u0131l Antalya Barosu\",\"publisher\":{\"@id\":\"https:\/\/denizcankizil.tr\/#organization\"},\"potentialAction\":[{\"@type\":\"SearchAction\",\"target\":{\"@type\":\"EntryPoint\",\"urlTemplate\":\"https:\/\/denizcankizil.tr\/?s={search_term_string}\"},\"query-input\":{\"@type\":\"PropertyValueSpecification\",\"valueRequired\":true,\"valueName\":\"search_term_string\"}}],\"inLanguage\":\"uk\"},{\"@type\":\"Organization\",\"@id\":\"https:\/\/denizcankizil.tr\/#organization\",\"name\":\"Av. Deniz Can K\u0131z\u0131l\",\"url\":\"https:\/\/denizcankizil.tr\/\",\"logo\":{\"@type\":\"ImageObject\",\"inLanguage\":\"uk\",\"@id\":\"https:\/\/denizcankizil.tr\/#\/schema\/logo\/image\/\",\"url\":\"http:\/\/denizcankizil.tr\/wp-content\/uploads\/2024\/10\/siyah-logo-svg.svg\",\"contentUrl\":\"http:\/\/denizcankizil.tr\/wp-content\/uploads\/2024\/10\/siyah-logo-svg.svg\",\"width\":1080,\"height\":1080,\"caption\":\"Av. Deniz Can K\u0131z\u0131l\"},\"image\":{\"@id\":\"https:\/\/denizcankizil.tr\/#\/schema\/logo\/image\/\"}}]}<\/script>\n<!-- \/ Yoast SEO Premium plugin. -->","yoast_head_json":{"title":"Ter\u00f6r sald\u0131r\u0131s\u0131 nedeniyle havalimanlar\u0131ndaki g\u00fcvenlik \u00f6nlemleri art\u0131r\u0131ld\u0131 - Av. Deniz Can K\u0131z\u0131l","robots":{"index":"index","follow":"follow","max-snippet":"max-snippet:-1","max-image-preview":"max-image-preview:large","max-video-preview":"max-video-preview:-1"},"canonical":"http:\/\/denizcankizil.tr\/uk\/haberler\/gundem\/teror-saldirisi-nedeniyle-havalimanlarindaki-guvenlik-onlemleri-artirildi\/","og_locale":"uk_UA","og_type":"article","og_title":"Ter\u00f6r sald\u0131r\u0131s\u0131 nedeniyle havalimanlar\u0131ndaki g\u00fcvenlik \u00f6nlemleri art\u0131r\u0131ld\u0131","og_description":"TUSA\u015e&#8217;\u0131n Ankara&#8217;n\u0131n Kahramankazan il\u00e7esindeki tesislerine y\u00f6nelik ter\u00f6r sald\u0131r\u0131s\u0131 ger\u00e7ekle\u015ftirilmesinin ard\u0131ndan T\u00fcrkiye geneli g\u00fcvenlik \u00f6nlemleri artt\u0131r\u0131ld\u0131. Ter\u00f6r \u00f6rg\u00fct\u00fcn\u00fcn havalimanlar\u0131na y\u00f6nelik sald\u0131r\u0131 planlar\u0131na ili\u015fkin olarak havalimanlar\u0131nda \u00f6nlemler turuncu alarm seviyesine \u00e7\u0131kar\u0131ld\u0131. Al\u0131nan karar\u0131n\u0131n ard\u0131ndan Sabiha G\u00f6k\u00e7en, \u0130stanbul Havaliman\u0131&#8217;na ve Antalya Havaliman\u0131\u2019na giri\u015f ve \u00e7\u0131k\u0131\u015flarda \u00f6nlemler art\u0131r\u0131ld\u0131. Havaliman\u0131na giri\u015f \u00e7\u0131k\u0131\u015f yapan ara\u00e7lar didik didik aran\u0131rken, yolcular\u0131n ise kimlik kontrol\u00fc yap\u0131l\u0131yor. U\u00c7U\u015eLARINDAN EN AZ 3 SAAT \u00d6NCE TERM\u0130NALE G\u0130D\u0130LMEL\u0130 \u00a0 G\u00fcvenlik \u00f6nlemlerinin art\u0131r\u0131lmas\u0131na ili\u015fkin olarak Sabiha G\u00f6k\u00e7en Havaliman\u0131&#8217;ndan yap\u0131lan a\u00e7\u0131klamada, \u201cYolcular\u0131m\u0131z\u0131n dikkatine, Havalimanlar\u0131nda al\u0131nan ek \u00f6nlemler sebebiyle olu\u015fabilecek zaman kay\u0131plar\u0131na kar\u015f\u0131, yolcular\u0131m\u0131z\u0131n u\u00e7u\u015flar\u0131ndan en az 3 saat \u00f6nce terminale gelmeleri \u00f6nerilmektedir\u201d denildi.\u00a0 \u00a0 \u00a0 \u00a0 \u00a0 \u00a0 \u00a0 \u00a0 \u00a0 \u00a0 \u00a0 \u00a0\u00a0 \u00a0 \u200bAnkara Kahramankazan\u2019da T\u00fcrk Havac\u0131l\u0131k ve Uzay Sanayi (TUSA\u015e)&#8217;a ger\u00e7ekle\u015ftirilen ter\u00f6r sald\u0131r\u0131s\u0131 sonucu T\u00fcrkiye&#8217;deki b\u00fct\u00fcn havalimanlar\u0131 turuncu alarm verdi. Havaliman\u0131 giri\u015f ve \u00e7\u0131k\u0131\u015flar\u0131nda vatanda\u015flar ile ara\u00e7lar hassas \u015fekilde aran\u0131rken, yolcular\u0131n u\u00e7u\u015flardan en az 3 saat \u00f6nce havaliman\u0131nda olmas\u0131 isteniyor\u00a0 \u200bHaberin Al\u0131nt\u0131land\u0131\u011f\u0131 Kaynak: www.antalyakorfez.com","og_url":"http:\/\/denizcankizil.tr\/uk\/haberler\/gundem\/teror-saldirisi-nedeniyle-havalimanlarindaki-guvenlik-onlemleri-artirildi\/","og_site_name":"Av. Deniz Can K\u0131z\u0131l","article_published_time":"2024-10-24T09:41:29+00:00","twitter_card":"summary_large_image","twitter_misc":{"\u041f\u0440\u0438\u0431\u043b. \u0447\u0430\u0441 \u0447\u0438\u0442\u0430\u043d\u043d\u044f":"1 \u0445\u0432\u0438\u043b\u0438\u043d\u0430"},"schema":{"@context":"https:\/\/schema.org","@graph":[{"@type":"Article","@id":"http:\/\/denizcankizil.tr\/uk\/haberler\/gundem\/teror-saldirisi-nedeniyle-havalimanlarindaki-guvenlik-onlemleri-artirildi\/#article","isPartOf":{"@id":"http:\/\/denizcankizil.tr\/uk\/haberler\/gundem\/teror-saldirisi-nedeniyle-havalimanlarindaki-guvenlik-onlemleri-artirildi\/"},"author":{"name":"","@id":""},"headline":"Ter\u00f6r sald\u0131r\u0131s\u0131 nedeniyle havalimanlar\u0131ndaki g\u00fcvenlik \u00f6nlemleri art\u0131r\u0131ld\u0131","datePublished":"2024-10-24T09:41:29+00:00","mainEntityOfPage":{"@id":"http:\/\/denizcankizil.tr\/uk\/haberler\/gundem\/teror-saldirisi-nedeniyle-havalimanlarindaki-guvenlik-onlemleri-artirildi\/"},"wordCount":249,"commentCount":0,"publisher":{"@id":"https:\/\/denizcankizil.tr\/#organization"},"articleSection":["G\u00fcndem","Uncategorized"],"inLanguage":"uk","potentialAction":[{"@type":"CommentAction","name":"Comment","target":["http:\/\/denizcankizil.tr\/uk\/haberler\/gundem\/teror-saldirisi-nedeniyle-havalimanlarindaki-guvenlik-onlemleri-artirildi\/#respond"]}]},{"@type":"WebPage","@id":"http:\/\/denizcankizil.tr\/uk\/haberler\/gundem\/teror-saldirisi-nedeniyle-havalimanlarindaki-guvenlik-onlemleri-artirildi\/","url":"http:\/\/denizcankizil.tr\/uk\/haberler\/gundem\/teror-saldirisi-nedeniyle-havalimanlarindaki-guvenlik-onlemleri-artirildi\/","name":"Ter\u00f6r sald\u0131r\u0131s\u0131 nedeniyle havalimanlar\u0131ndaki g\u00fcvenlik \u00f6nlemleri art\u0131r\u0131ld\u0131 - Av. Deniz Can K\u0131z\u0131l","isPartOf":{"@id":"https:\/\/denizcankizil.tr\/#website"},"datePublished":"2024-10-24T09:41:29+00:00","breadcrumb":{"@id":"http:\/\/denizcankizil.tr\/uk\/haberler\/gundem\/teror-saldirisi-nedeniyle-havalimanlarindaki-guvenlik-onlemleri-artirildi\/#breadcrumb"},"inLanguage":"uk","potentialAction":[{"@type":"ReadAction","target":["http:\/\/denizcankizil.tr\/uk\/haberler\/gundem\/teror-saldirisi-nedeniyle-havalimanlarindaki-guvenlik-onlemleri-artirildi\/"]}]},{"@type":"BreadcrumbList","@id":"http:\/\/denizcankizil.tr\/uk\/haberler\/gundem\/teror-saldirisi-nedeniyle-havalimanlarindaki-guvenlik-onlemleri-artirildi\/#breadcrumb","itemListElement":[{"@type":"ListItem","position":1,"name":"Home","item":"https:\/\/denizcankizil.tr\/de\/"},{"@type":"ListItem","position":2,"name":"Ter\u00f6r sald\u0131r\u0131s\u0131 nedeniyle havalimanlar\u0131ndaki g\u00fcvenlik \u00f6nlemleri art\u0131r\u0131ld\u0131"}]},{"@type":"WebSite","@id":"https:\/\/denizcankizil.tr\/#website","url":"https:\/\/denizcankizil.tr\/","name":"Av. Deniz Can K\u0131z\u0131l","description":"Avukat Deniz Can K\u0131z\u0131l Antalya Barosu","publisher":{"@id":"https:\/\/denizcankizil.tr\/#organization"},"potentialAction":[{"@type":"SearchAction","target":{"@type":"EntryPoint","urlTemplate":"https:\/\/denizcankizil.tr\/?s={search_term_string}"},"query-input":{"@type":"PropertyValueSpecification","valueRequired":true,"valueName":"search_term_string"}}],"inLanguage":"uk"},{"@type":"Organization","@id":"https:\/\/denizcankizil.tr\/#organization","name":"Av. Deniz Can K\u0131z\u0131l","url":"https:\/\/denizcankizil.tr\/","logo":{"@type":"ImageObject","inLanguage":"uk","@id":"https:\/\/denizcankizil.tr\/#\/schema\/logo\/image\/","url":"http:\/\/denizcankizil.tr\/wp-content\/uploads\/2024\/10\/siyah-logo-svg.svg","contentUrl":"http:\/\/denizcankizil.tr\/wp-content\/uploads\/2024\/10\/siyah-logo-svg.svg","width":1080,"height":1080,"caption":"Av. Deniz Can K\u0131z\u0131l"},"image":{"@id":"https:\/\/denizcankizil.tr\/#\/schema\/logo\/image\/"}}]}},"_links":{"self":[{"href":"http:\/\/denizcankizil.tr\/uk\/wp-json\/wp\/v2\/posts\/7465","targetHints":{"allow":["GET"]}}],"collection":[{"href":"http:\/\/denizcankizil.tr\/uk\/wp-json\/wp\/v2\/posts"}],"about":[{"href":"http:\/\/denizcankizil.tr\/uk\/wp-json\/wp\/v2\/types\/post"}],"replies":[{"embeddable":true,"href":"http:\/\/denizcankizil.tr\/uk\/wp-json\/wp\/v2\/comments?post=7465"}],"version-history":[{"count":0,"href":"http:\/\/denizcankizil.tr\/uk\/wp-json\/wp\/v2\/posts\/7465\/revisions"}],"wp:attachment":[{"href":"http:\/\/denizcankizil.tr\/uk\/wp-json\/wp\/v2\/media?parent=7465"}],"wp:term":[{"taxonomy":"category","embeddable":true,"href":"http:\/\/denizcankizil.tr\/uk\/wp-json\/wp\/v2\/categories?post=7465"},{"taxonomy":"post_tag","embeddable":true,"href":"http:\/\/denizcankizil.tr\/uk\/wp-json\/wp\/v2\/tags?post=7465"}],"curies":[{"name":"wp","href":"https:\/\/api.w.org\/{rel}","templated":true}]}}