{"id":73971,"date":"2025-05-02T21:41:16","date_gmt":"2025-05-02T18:41:16","guid":{"rendered":"https:\/\/denizcankizil.tr\/uncategorized-tr\/antalya-denizcilikte-stratejik-us-olma-yolunda-ilerliyor\/"},"modified":"2025-05-02T21:41:16","modified_gmt":"2025-05-02T18:41:16","slug":"antalya-denizcilikte-stratejik-us-olma-yolunda-ilerliyor","status":"publish","type":"post","link":"http:\/\/denizcankizil.tr\/uk\/haberler\/gundem\/antalya-denizcilikte-stratejik-us-olma-yolunda-ilerliyor\/","title":{"rendered":"Antalya, denizcilikte stratejik \u00fcs olma yolunda ilerliyor"},"content":{"rendered":"<p>\u0130stanbul ve Marmara, Ege, Akdeniz, Karadeniz b\u00f6lgeleri (\u0130MEAK) Deniz Ticaret Odas\u0131 (DTO) Antalya \u015eubesi&#8217;nin yeni hizmet binas\u0131n\u0131n a\u00e7\u0131l\u0131\u015f\u0131nda konu\u015fan Antalya Esnaf ve Sanatkarlar Odalar\u0131 Birli\u011fi (AESOB) Ba\u015fkan\u0131 Adl\u0131han Dere, denizcilik sekt\u00f6r\u00fcn\u00fcn Antalya a\u00e7\u0131s\u0131ndan stratejik bir \u00f6neme sahip oldu\u011funu belirtti. Dere, bu alandaki yat\u0131r\u0131mlar\u0131n b\u00f6lgenin kalk\u0131nmas\u0131n\u0131 h\u0131zland\u0131raca\u011f\u0131n\u0131 ve denizcilik camias\u0131n\u0131n ihtiya\u00e7lar\u0131na uzun y\u0131llar yan\u0131t verece\u011fini ifade etti.<\/p>\n<p>A\u00c7ILI\u015eA \u00c7OK SAYIDA SEKT\u00d6R PAYDA\u015eI KATILDI <\/p>\n<p>\u0130MEAK Deniz Ticaret Odas\u0131 (DTO) Antalya \u015eubesi&#8217;nin yeni hizmet binas\u0131, sekt\u00f6r temsilcileri ve kamu protokol\u00fcn\u00fcn kat\u0131l\u0131m\u0131yla d\u00fczenlenen t\u00f6renle a\u00e7\u0131ld\u0131. A\u00e7\u0131l\u0131\u015fa; Ula\u015ft\u0131rma ve Altyap\u0131 Bakan Yard\u0131mc\u0131s\u0131 Osman Boyraz, TOBB Ba\u015fkan Yard\u0131mc\u0131s\u0131 ve \u0130MEAK DTO Y\u00f6netim Kurulu Ba\u015fkan\u0131 Tamer K\u0131ran, Antalya Vali Yard\u0131mc\u0131lar\u0131 Hulusi Arat ve Dr. Suat Seyito\u011flu, belediye temsilcileri, il\u00e7e kaymakamlar\u0131, oda ve borsa ba\u015fkanlar\u0131 ile \u00e7ok say\u0131da davetli kat\u0131ld\u0131.<\/p>\n<p>&#8220;ANTALYA DEN\u0130Z T\u0130CARET\u0130NDE DAHA G\u00dc\u00c7L\u00dc OLACAK&#8221;<\/p>\n<p>A\u00e7\u0131l\u0131\u015fa kat\u0131lan Antalya Esnaf ve Sanatkarlar Odalar\u0131 Birli\u011fi (AESOB) Ba\u015fkan\u0131 Adl\u0131han Dere, denizcilik sekt\u00f6r\u00fcn\u00fcn Antalya i\u00e7in ta\u015f\u0131d\u0131\u011f\u0131 stratejik \u00f6neme dikkat \u00e7ekti. A\u00e7\u0131lan yeni binan\u0131n b\u00f6lgedeki denizcilik camias\u0131n\u0131n ihtiya\u00e7lar\u0131na uzun y\u0131llar \u00e7a\u011fda\u015f ve g\u00fc\u00e7l\u00fc bir \u015fekilde yan\u0131t verece\u011fini ifade eden Dere, \u015funlar\u0131 s\u00f6yledi:<\/p>\n<p>&#8220;Antalyam\u0131z i\u00e7in denizcilik sekt\u00f6r\u00fcn\u00fcn ta\u015f\u0131d\u0131\u011f\u0131 stratejik \u00f6nemin ve bu alandaki potansiyelin daha etkin de\u011ferlendirilmesi ad\u0131na \u0130MEAK DTO Antalya \u015eubesi&#8217;nin hizmete a\u00e7\u0131lan yeni binas\u0131, b\u00f6lgedeki denizcilik camias\u0131n\u0131n ihtiya\u00e7lar\u0131na uzun y\u0131llar boyunca \u00e7a\u011fda\u015f ve g\u00fc\u00e7l\u00fc bir \u015fekilde cevap verecektir.&#8221;<\/p>\n<p>SEKT\u00d6REL KALKINMA VE \u0130\u015e B\u0130RL\u0130\u011e\u0130 VURGUSU <\/p>\n<p>AESOB Ba\u015fkan\u0131 Adl\u0131han Dere, konu\u015fmas\u0131nda ayr\u0131ca yeni hizmet binas\u0131n\u0131n, Antalya&#8217;n\u0131n denizcilik faaliyetlerinde kurumsal kapasitesini artt\u0131raca\u011f\u0131na dikkat \u00e7ekti. Dere, denizcilik alan\u0131ndaki yat\u0131r\u0131mlar\u0131n b\u00f6lgesel kalk\u0131nmay\u0131 h\u0131zland\u0131raca\u011f\u0131n\u0131 belirterek, DTO Antalya \u015eube Ba\u015fkan\u0131 Ahmet \u00c7etin ba\u015fta olmak \u00fczere eme\u011fi ge\u00e7en herkese te\u015fekk\u00fcr etti.<\/p>\n<p>SEKT\u00d6R TEMS\u0130LC\u0130LER\u0130 B\u0130R ARAYA GELD\u0130 <\/p>\n<p>T\u00f6rende konu\u015fan Ula\u015ft\u0131rma ve Altyap\u0131 Bakan Yard\u0131mc\u0131s\u0131 Osman Boyraz ve \u0130MEAK DTO Ba\u015fkan\u0131 Tamer K\u0131ran da yeni hizmet binas\u0131n\u0131n, Antalya&#8217;n\u0131n denizcilik alan\u0131ndaki ivmesini destekleyece\u011fini belirtti. A\u00e7\u0131l\u0131\u015f\u0131n ard\u0131ndan davetliler yeni binay\u0131 gezdi ve hat\u0131ra foto\u011fraf\u0131 \u00e7ektirdi.<\/p>\n<p>\u200bAntalya&#8217;n\u0131n deniz ticaretindeki g\u00fcc\u00fcn\u00fc artt\u0131racak \u0130MEAK Deniz Ticaret Odas\u0131 Antalya \u015eubesi&#8217;nin yeni hizmet binas\u0131 a\u00e7\u0131ld\u0131. AESOB Ba\u015fkan\u0131 Adl\u0131han Dere, denizcilik yat\u0131r\u0131mlar\u0131n\u0131n b\u00f6lgesel kalk\u0131nmay\u0131 h\u0131zland\u0131raca\u011f\u0131n\u0131 ve sekt\u00f6r\u00fcn stratejik \u00f6nemini daha da g\u00f6r\u00fcn\u00fcr k\u0131laca\u011f\u0131n\u0131 vurgulad\u0131\u00a0<\/p>\n<p>\u200bHaberin Al\u0131nt\u0131land\u0131\u011f\u0131 Kaynak: www.antalyakorfez.com<\/p>","protected":false},"excerpt":{"rendered":"<p>\u0130stanbul ve Marmara, Ege, Akdeniz, Karadeniz b\u00f6lgeleri (\u0130MEAK) Deniz Ticaret Odas\u0131 (DTO) Antalya \u015eubesi&#8217;nin yeni hizmet binas\u0131n\u0131n a\u00e7\u0131l\u0131\u015f\u0131nda konu\u015fan Antalya Esnaf ve Sanatkarlar Odalar\u0131 Birli\u011fi (AESOB) Ba\u015fkan\u0131 Adl\u0131han Dere, denizcilik sekt\u00f6r\u00fcn\u00fcn Antalya a\u00e7\u0131s\u0131ndan stratejik bir \u00f6neme sahip oldu\u011funu belirtti. Dere, bu alandaki yat\u0131r\u0131mlar\u0131n b\u00f6lgenin kalk\u0131nmas\u0131n\u0131 h\u0131zland\u0131raca\u011f\u0131n\u0131 ve denizcilik camias\u0131n\u0131n ihtiya\u00e7lar\u0131na uzun y\u0131llar yan\u0131t verece\u011fini ifade etti. A\u00c7ILI\u015eA \u00c7OK SAYIDA SEKT\u00d6R PAYDA\u015eI KATILDI \u0130MEAK Deniz Ticaret Odas\u0131 (DTO) Antalya \u015eubesi&#8217;nin yeni hizmet binas\u0131, sekt\u00f6r temsilcileri ve kamu protokol\u00fcn\u00fcn kat\u0131l\u0131m\u0131yla d\u00fczenlenen t\u00f6renle a\u00e7\u0131ld\u0131. A\u00e7\u0131l\u0131\u015fa; Ula\u015ft\u0131rma ve Altyap\u0131 Bakan Yard\u0131mc\u0131s\u0131 Osman Boyraz, TOBB Ba\u015fkan Yard\u0131mc\u0131s\u0131 ve \u0130MEAK DTO Y\u00f6netim Kurulu Ba\u015fkan\u0131 Tamer K\u0131ran, Antalya Vali Yard\u0131mc\u0131lar\u0131 Hulusi Arat ve Dr. Suat Seyito\u011flu, belediye temsilcileri, il\u00e7e kaymakamlar\u0131, oda ve borsa ba\u015fkanlar\u0131 ile \u00e7ok say\u0131da davetli kat\u0131ld\u0131. &#8220;ANTALYA DEN\u0130Z T\u0130CARET\u0130NDE DAHA G\u00dc\u00c7L\u00dc OLACAK&#8221; A\u00e7\u0131l\u0131\u015fa kat\u0131lan Antalya Esnaf ve Sanatkarlar Odalar\u0131 Birli\u011fi (AESOB) Ba\u015fkan\u0131 Adl\u0131han Dere, denizcilik sekt\u00f6r\u00fcn\u00fcn Antalya i\u00e7in ta\u015f\u0131d\u0131\u011f\u0131 stratejik \u00f6neme dikkat \u00e7ekti. A\u00e7\u0131lan yeni binan\u0131n b\u00f6lgedeki denizcilik camias\u0131n\u0131n ihtiya\u00e7lar\u0131na uzun y\u0131llar \u00e7a\u011fda\u015f ve g\u00fc\u00e7l\u00fc bir \u015fekilde yan\u0131t verece\u011fini ifade eden Dere, \u015funlar\u0131 s\u00f6yledi: &#8220;Antalyam\u0131z i\u00e7in denizcilik sekt\u00f6r\u00fcn\u00fcn ta\u015f\u0131d\u0131\u011f\u0131 stratejik \u00f6nemin ve bu alandaki potansiyelin daha etkin de\u011ferlendirilmesi ad\u0131na \u0130MEAK DTO Antalya \u015eubesi&#8217;nin hizmete a\u00e7\u0131lan yeni binas\u0131, b\u00f6lgedeki denizcilik camias\u0131n\u0131n ihtiya\u00e7lar\u0131na uzun y\u0131llar boyunca &hellip;<\/p>","protected":false},"author":5,"featured_media":0,"comment_status":"","ping_status":"open","sticky":false,"template":"","format":"standard","meta":{"_acf_changed":false,"footnotes":""},"categories":[24],"tags":[],"class_list":["post-73971","post","type-post","status-publish","format-standard","has-post-thumbnail","hentry","category-gundem"],"acf":[],"yoast_head":"<!-- This site is optimized with the Yoast SEO Premium plugin v26.6 (Yoast SEO v27.1.1) - https:\/\/yoast.com\/product\/yoast-seo-premium-wordpress\/ -->\n<title>Antalya, denizcilikte stratejik \u00fcs olma yolunda ilerliyor - Av. Deniz Can K\u0131z\u0131l<\/title>\n<meta name=\"robots\" content=\"index, follow, max-snippet:-1, max-image-preview:large, max-video-preview:-1\" \/>\n<link rel=\"canonical\" href=\"https:\/\/denizcankizil.tr\/uk\/haberler\/gundem\/antalya-denizcilikte-stratejik-us-olma-yolunda-ilerliyor\/\" \/>\n<meta property=\"og:locale\" content=\"uk_UA\" \/>\n<meta property=\"og:type\" content=\"article\" \/>\n<meta property=\"og:title\" content=\"Antalya, denizcilikte stratejik \u00fcs olma yolunda ilerliyor\" \/>\n<meta property=\"og:description\" content=\"\u0130stanbul ve Marmara, Ege, Akdeniz, Karadeniz b\u00f6lgeleri (\u0130MEAK) Deniz Ticaret Odas\u0131 (DTO) Antalya \u015eubesi&#8217;nin yeni hizmet binas\u0131n\u0131n a\u00e7\u0131l\u0131\u015f\u0131nda konu\u015fan Antalya Esnaf ve Sanatkarlar Odalar\u0131 Birli\u011fi (AESOB) Ba\u015fkan\u0131 Adl\u0131han Dere, denizcilik sekt\u00f6r\u00fcn\u00fcn Antalya a\u00e7\u0131s\u0131ndan stratejik bir \u00f6neme sahip oldu\u011funu belirtti. Dere, bu alandaki yat\u0131r\u0131mlar\u0131n b\u00f6lgenin kalk\u0131nmas\u0131n\u0131 h\u0131zland\u0131raca\u011f\u0131n\u0131 ve denizcilik camias\u0131n\u0131n ihtiya\u00e7lar\u0131na uzun y\u0131llar yan\u0131t verece\u011fini ifade etti. A\u00c7ILI\u015eA \u00c7OK SAYIDA SEKT\u00d6R PAYDA\u015eI KATILDI \u0130MEAK Deniz Ticaret Odas\u0131 (DTO) Antalya \u015eubesi&#8217;nin yeni hizmet binas\u0131, sekt\u00f6r temsilcileri ve kamu protokol\u00fcn\u00fcn kat\u0131l\u0131m\u0131yla d\u00fczenlenen t\u00f6renle a\u00e7\u0131ld\u0131. A\u00e7\u0131l\u0131\u015fa; Ula\u015ft\u0131rma ve Altyap\u0131 Bakan Yard\u0131mc\u0131s\u0131 Osman Boyraz, TOBB Ba\u015fkan Yard\u0131mc\u0131s\u0131 ve \u0130MEAK DTO Y\u00f6netim Kurulu Ba\u015fkan\u0131 Tamer K\u0131ran, Antalya Vali Yard\u0131mc\u0131lar\u0131 Hulusi Arat ve Dr. Suat Seyito\u011flu, belediye temsilcileri, il\u00e7e kaymakamlar\u0131, oda ve borsa ba\u015fkanlar\u0131 ile \u00e7ok say\u0131da davetli kat\u0131ld\u0131. &#8220;ANTALYA DEN\u0130Z T\u0130CARET\u0130NDE DAHA G\u00dc\u00c7L\u00dc OLACAK&#8221; A\u00e7\u0131l\u0131\u015fa kat\u0131lan Antalya Esnaf ve Sanatkarlar Odalar\u0131 Birli\u011fi (AESOB) Ba\u015fkan\u0131 Adl\u0131han Dere, denizcilik sekt\u00f6r\u00fcn\u00fcn Antalya i\u00e7in ta\u015f\u0131d\u0131\u011f\u0131 stratejik \u00f6neme dikkat \u00e7ekti. A\u00e7\u0131lan yeni binan\u0131n b\u00f6lgedeki denizcilik camias\u0131n\u0131n ihtiya\u00e7lar\u0131na uzun y\u0131llar \u00e7a\u011fda\u015f ve g\u00fc\u00e7l\u00fc bir \u015fekilde yan\u0131t verece\u011fini ifade eden Dere, \u015funlar\u0131 s\u00f6yledi: &#8220;Antalyam\u0131z i\u00e7in denizcilik sekt\u00f6r\u00fcn\u00fcn ta\u015f\u0131d\u0131\u011f\u0131 stratejik \u00f6nemin ve bu alandaki potansiyelin daha etkin de\u011ferlendirilmesi ad\u0131na \u0130MEAK DTO Antalya \u015eubesi&#8217;nin hizmete a\u00e7\u0131lan yeni binas\u0131, b\u00f6lgedeki denizcilik camias\u0131n\u0131n ihtiya\u00e7lar\u0131na uzun y\u0131llar boyunca &hellip;\" \/>\n<meta property=\"og:url\" content=\"https:\/\/denizcankizil.tr\/uk\/haberler\/gundem\/antalya-denizcilikte-stratejik-us-olma-yolunda-ilerliyor\/\" \/>\n<meta property=\"og:site_name\" content=\"Av. Deniz Can K\u0131z\u0131l\" \/>\n<meta property=\"article:published_time\" content=\"2025-05-02T18:41:16+00:00\" \/>\n<meta name=\"author\" content=\"Antalya K\u00f6rfez\" \/>\n<meta name=\"twitter:card\" content=\"summary_large_image\" \/>\n<meta name=\"twitter:label1\" content=\"\u041d\u0430\u043f\u0438\u0441\u0430\u043d\u043e\" \/>\n\t<meta name=\"twitter:data1\" content=\"Antalya K\u00f6rfez\" \/>\n\t<meta name=\"twitter:label2\" content=\"\u041f\u0440\u0438\u0431\u043b. \u0447\u0430\u0441 \u0447\u0438\u0442\u0430\u043d\u043d\u044f\" \/>\n\t<meta name=\"twitter:data2\" content=\"3 \u0445\u0432\u0438\u043b\u0438\u043d\u0438\" \/>\n<script type=\"application\/ld+json\" class=\"yoast-schema-graph\">{\"@context\":\"https:\/\/schema.org\",\"@graph\":[{\"@type\":\"Article\",\"@id\":\"https:\/\/denizcankizil.tr\/en\/haberler\/gundem\/antalya-denizcilikte-stratejik-us-olma-yolunda-ilerliyor\/#article\",\"isPartOf\":{\"@id\":\"https:\/\/denizcankizil.tr\/en\/haberler\/gundem\/antalya-denizcilikte-stratejik-us-olma-yolunda-ilerliyor\/\"},\"author\":{\"name\":\"Antalya K\u00f6rfez\",\"@id\":\"https:\/\/denizcankizil.tr\/de\/#\/schema\/person\/e1eb71bb4dd684d46563f0af307e1234\"},\"headline\":\"Antalya, denizcilikte stratejik \u00fcs olma yolunda ilerliyor\",\"datePublished\":\"2025-05-02T18:41:16+00:00\",\"mainEntityOfPage\":{\"@id\":\"https:\/\/denizcankizil.tr\/en\/haberler\/gundem\/antalya-denizcilikte-stratejik-us-olma-yolunda-ilerliyor\/\"},\"wordCount\":526,\"publisher\":{\"@id\":\"https:\/\/denizcankizil.tr\/de\/#organization\"},\"articleSection\":[\"G\u00fcndem\"],\"inLanguage\":\"uk\"},{\"@type\":\"WebPage\",\"@id\":\"https:\/\/denizcankizil.tr\/en\/haberler\/gundem\/antalya-denizcilikte-stratejik-us-olma-yolunda-ilerliyor\/\",\"url\":\"https:\/\/denizcankizil.tr\/en\/haberler\/gundem\/antalya-denizcilikte-stratejik-us-olma-yolunda-ilerliyor\/\",\"name\":\"Antalya, denizcilikte stratejik \u00fcs olma yolunda ilerliyor - Av. Deniz Can K\u0131z\u0131l\",\"isPartOf\":{\"@id\":\"https:\/\/denizcankizil.tr\/de\/#website\"},\"datePublished\":\"2025-05-02T18:41:16+00:00\",\"breadcrumb\":{\"@id\":\"https:\/\/denizcankizil.tr\/en\/haberler\/gundem\/antalya-denizcilikte-stratejik-us-olma-yolunda-ilerliyor\/#breadcrumb\"},\"inLanguage\":\"uk\",\"potentialAction\":[{\"@type\":\"ReadAction\",\"target\":[\"https:\/\/denizcankizil.tr\/en\/haberler\/gundem\/antalya-denizcilikte-stratejik-us-olma-yolunda-ilerliyor\/\"]}]},{\"@type\":\"BreadcrumbList\",\"@id\":\"https:\/\/denizcankizil.tr\/en\/haberler\/gundem\/antalya-denizcilikte-stratejik-us-olma-yolunda-ilerliyor\/#breadcrumb\",\"itemListElement\":[{\"@type\":\"ListItem\",\"position\":1,\"name\":\"Home\",\"item\":\"https:\/\/denizcankizil.tr\/de\/\"},{\"@type\":\"ListItem\",\"position\":2,\"name\":\"Antalya, denizcilikte stratejik \u00fcs olma yolunda ilerliyor\"}]},{\"@type\":\"WebSite\",\"@id\":\"https:\/\/denizcankizil.tr\/de\/#website\",\"url\":\"https:\/\/denizcankizil.tr\/de\/\",\"name\":\"Av. Deniz Can K\u0131z\u0131l\",\"description\":\"Avukat Deniz Can K\u0131z\u0131l Antalya Barosu\",\"publisher\":{\"@id\":\"https:\/\/denizcankizil.tr\/de\/#organization\"},\"potentialAction\":[{\"@type\":\"SearchAction\",\"target\":{\"@type\":\"EntryPoint\",\"urlTemplate\":\"https:\/\/denizcankizil.tr\/de\/?s={search_term_string}\"},\"query-input\":{\"@type\":\"PropertyValueSpecification\",\"valueRequired\":true,\"valueName\":\"search_term_string\"}}],\"inLanguage\":\"uk\"},{\"@type\":\"Organization\",\"@id\":\"https:\/\/denizcankizil.tr\/de\/#organization\",\"name\":\"Av. Deniz Can K\u0131z\u0131l\",\"url\":\"https:\/\/denizcankizil.tr\/de\/\",\"logo\":{\"@type\":\"ImageObject\",\"inLanguage\":\"uk\",\"@id\":\"https:\/\/denizcankizil.tr\/de\/#\/schema\/logo\/image\/\",\"url\":\"http:\/\/denizcankizil.tr\/wp-content\/uploads\/2024\/10\/siyah-logo-svg.svg\",\"contentUrl\":\"http:\/\/denizcankizil.tr\/wp-content\/uploads\/2024\/10\/siyah-logo-svg.svg\",\"width\":1080,\"height\":1080,\"caption\":\"Av. Deniz Can K\u0131z\u0131l\"},\"image\":{\"@id\":\"https:\/\/denizcankizil.tr\/de\/#\/schema\/logo\/image\/\"}},{\"@type\":\"Person\",\"@id\":\"https:\/\/denizcankizil.tr\/de\/#\/schema\/person\/e1eb71bb4dd684d46563f0af307e1234\",\"name\":\"Antalya K\u00f6rfez\",\"image\":{\"@type\":\"ImageObject\",\"inLanguage\":\"uk\",\"@id\":\"https:\/\/denizcankizil.tr\/de\/#\/schema\/person\/image\/\",\"url\":\"https:\/\/secure.gravatar.com\/avatar\/42b01982558a48a0b501fdcab6a408d3717ea5919095ee2e67b0e521799c5905?s=96&d=mm&r=g\",\"contentUrl\":\"https:\/\/secure.gravatar.com\/avatar\/42b01982558a48a0b501fdcab6a408d3717ea5919095ee2e67b0e521799c5905?s=96&d=mm&r=g\",\"caption\":\"Antalya K\u00f6rfez\"},\"sameAs\":[\"http:\/\/www.antalyakorfez.com\"],\"url\":\"https:\/\/www.antalyakorfez.com\/antalya-denizcilikte-stratejik-us-olma-yolunda-ilerliyor\"}]}<\/script>\n<!-- \/ Yoast SEO Premium plugin. -->","yoast_head_json":{"title":"Antalya, denizcilikte stratejik \u00fcs olma yolunda ilerliyor - Av. Deniz Can K\u0131z\u0131l","robots":{"index":"index","follow":"follow","max-snippet":"max-snippet:-1","max-image-preview":"max-image-preview:large","max-video-preview":"max-video-preview:-1"},"canonical":"https:\/\/denizcankizil.tr\/uk\/haberler\/gundem\/antalya-denizcilikte-stratejik-us-olma-yolunda-ilerliyor\/","og_locale":"uk_UA","og_type":"article","og_title":"Antalya, denizcilikte stratejik \u00fcs olma yolunda ilerliyor","og_description":"\u0130stanbul ve Marmara, Ege, Akdeniz, Karadeniz b\u00f6lgeleri (\u0130MEAK) Deniz Ticaret Odas\u0131 (DTO) Antalya \u015eubesi&#8217;nin yeni hizmet binas\u0131n\u0131n a\u00e7\u0131l\u0131\u015f\u0131nda konu\u015fan Antalya Esnaf ve Sanatkarlar Odalar\u0131 Birli\u011fi (AESOB) Ba\u015fkan\u0131 Adl\u0131han Dere, denizcilik sekt\u00f6r\u00fcn\u00fcn Antalya a\u00e7\u0131s\u0131ndan stratejik bir \u00f6neme sahip oldu\u011funu belirtti. Dere, bu alandaki yat\u0131r\u0131mlar\u0131n b\u00f6lgenin kalk\u0131nmas\u0131n\u0131 h\u0131zland\u0131raca\u011f\u0131n\u0131 ve denizcilik camias\u0131n\u0131n ihtiya\u00e7lar\u0131na uzun y\u0131llar yan\u0131t verece\u011fini ifade etti. A\u00c7ILI\u015eA \u00c7OK SAYIDA SEKT\u00d6R PAYDA\u015eI KATILDI \u0130MEAK Deniz Ticaret Odas\u0131 (DTO) Antalya \u015eubesi&#8217;nin yeni hizmet binas\u0131, sekt\u00f6r temsilcileri ve kamu protokol\u00fcn\u00fcn kat\u0131l\u0131m\u0131yla d\u00fczenlenen t\u00f6renle a\u00e7\u0131ld\u0131. A\u00e7\u0131l\u0131\u015fa; Ula\u015ft\u0131rma ve Altyap\u0131 Bakan Yard\u0131mc\u0131s\u0131 Osman Boyraz, TOBB Ba\u015fkan Yard\u0131mc\u0131s\u0131 ve \u0130MEAK DTO Y\u00f6netim Kurulu Ba\u015fkan\u0131 Tamer K\u0131ran, Antalya Vali Yard\u0131mc\u0131lar\u0131 Hulusi Arat ve Dr. Suat Seyito\u011flu, belediye temsilcileri, il\u00e7e kaymakamlar\u0131, oda ve borsa ba\u015fkanlar\u0131 ile \u00e7ok say\u0131da davetli kat\u0131ld\u0131. &#8220;ANTALYA DEN\u0130Z T\u0130CARET\u0130NDE DAHA G\u00dc\u00c7L\u00dc OLACAK&#8221; A\u00e7\u0131l\u0131\u015fa kat\u0131lan Antalya Esnaf ve Sanatkarlar Odalar\u0131 Birli\u011fi (AESOB) Ba\u015fkan\u0131 Adl\u0131han Dere, denizcilik sekt\u00f6r\u00fcn\u00fcn Antalya i\u00e7in ta\u015f\u0131d\u0131\u011f\u0131 stratejik \u00f6neme dikkat \u00e7ekti. A\u00e7\u0131lan yeni binan\u0131n b\u00f6lgedeki denizcilik camias\u0131n\u0131n ihtiya\u00e7lar\u0131na uzun y\u0131llar \u00e7a\u011fda\u015f ve g\u00fc\u00e7l\u00fc bir \u015fekilde yan\u0131t verece\u011fini ifade eden Dere, \u015funlar\u0131 s\u00f6yledi: &#8220;Antalyam\u0131z i\u00e7in denizcilik sekt\u00f6r\u00fcn\u00fcn ta\u015f\u0131d\u0131\u011f\u0131 stratejik \u00f6nemin ve bu alandaki potansiyelin daha etkin de\u011ferlendirilmesi ad\u0131na \u0130MEAK DTO Antalya \u015eubesi&#8217;nin hizmete a\u00e7\u0131lan yeni binas\u0131, b\u00f6lgedeki denizcilik camias\u0131n\u0131n ihtiya\u00e7lar\u0131na uzun y\u0131llar boyunca &hellip;","og_url":"https:\/\/denizcankizil.tr\/uk\/haberler\/gundem\/antalya-denizcilikte-stratejik-us-olma-yolunda-ilerliyor\/","og_site_name":"Av. Deniz Can K\u0131z\u0131l","article_published_time":"2025-05-02T18:41:16+00:00","author":"Antalya K\u00f6rfez","twitter_card":"summary_large_image","twitter_misc":{"\u041d\u0430\u043f\u0438\u0441\u0430\u043d\u043e":"Antalya K\u00f6rfez","\u041f\u0440\u0438\u0431\u043b. \u0447\u0430\u0441 \u0447\u0438\u0442\u0430\u043d\u043d\u044f":"3 \u0445\u0432\u0438\u043b\u0438\u043d\u0438"},"schema":{"@context":"https:\/\/schema.org","@graph":[{"@type":"Article","@id":"https:\/\/denizcankizil.tr\/en\/haberler\/gundem\/antalya-denizcilikte-stratejik-us-olma-yolunda-ilerliyor\/#article","isPartOf":{"@id":"https:\/\/denizcankizil.tr\/en\/haberler\/gundem\/antalya-denizcilikte-stratejik-us-olma-yolunda-ilerliyor\/"},"author":{"name":"Antalya K\u00f6rfez","@id":"https:\/\/denizcankizil.tr\/de\/#\/schema\/person\/e1eb71bb4dd684d46563f0af307e1234"},"headline":"Antalya, denizcilikte stratejik \u00fcs olma yolunda ilerliyor","datePublished":"2025-05-02T18:41:16+00:00","mainEntityOfPage":{"@id":"https:\/\/denizcankizil.tr\/en\/haberler\/gundem\/antalya-denizcilikte-stratejik-us-olma-yolunda-ilerliyor\/"},"wordCount":526,"publisher":{"@id":"https:\/\/denizcankizil.tr\/de\/#organization"},"articleSection":["G\u00fcndem"],"inLanguage":"uk"},{"@type":"WebPage","@id":"https:\/\/denizcankizil.tr\/en\/haberler\/gundem\/antalya-denizcilikte-stratejik-us-olma-yolunda-ilerliyor\/","url":"https:\/\/denizcankizil.tr\/en\/haberler\/gundem\/antalya-denizcilikte-stratejik-us-olma-yolunda-ilerliyor\/","name":"Antalya, denizcilikte stratejik \u00fcs olma yolunda ilerliyor - Av. Deniz Can K\u0131z\u0131l","isPartOf":{"@id":"https:\/\/denizcankizil.tr\/de\/#website"},"datePublished":"2025-05-02T18:41:16+00:00","breadcrumb":{"@id":"https:\/\/denizcankizil.tr\/en\/haberler\/gundem\/antalya-denizcilikte-stratejik-us-olma-yolunda-ilerliyor\/#breadcrumb"},"inLanguage":"uk","potentialAction":[{"@type":"ReadAction","target":["https:\/\/denizcankizil.tr\/en\/haberler\/gundem\/antalya-denizcilikte-stratejik-us-olma-yolunda-ilerliyor\/"]}]},{"@type":"BreadcrumbList","@id":"https:\/\/denizcankizil.tr\/en\/haberler\/gundem\/antalya-denizcilikte-stratejik-us-olma-yolunda-ilerliyor\/#breadcrumb","itemListElement":[{"@type":"ListItem","position":1,"name":"Home","item":"https:\/\/denizcankizil.tr\/de\/"},{"@type":"ListItem","position":2,"name":"Antalya, denizcilikte stratejik \u00fcs olma yolunda ilerliyor"}]},{"@type":"WebSite","@id":"https:\/\/denizcankizil.tr\/de\/#website","url":"https:\/\/denizcankizil.tr\/de\/","name":"Av. Deniz Can K\u0131z\u0131l","description":"Avukat Deniz Can K\u0131z\u0131l Antalya Barosu","publisher":{"@id":"https:\/\/denizcankizil.tr\/de\/#organization"},"potentialAction":[{"@type":"SearchAction","target":{"@type":"EntryPoint","urlTemplate":"https:\/\/denizcankizil.tr\/de\/?s={search_term_string}"},"query-input":{"@type":"PropertyValueSpecification","valueRequired":true,"valueName":"search_term_string"}}],"inLanguage":"uk"},{"@type":"Organization","@id":"https:\/\/denizcankizil.tr\/de\/#organization","name":"Av. Deniz Can K\u0131z\u0131l","url":"https:\/\/denizcankizil.tr\/de\/","logo":{"@type":"ImageObject","inLanguage":"uk","@id":"https:\/\/denizcankizil.tr\/de\/#\/schema\/logo\/image\/","url":"http:\/\/denizcankizil.tr\/wp-content\/uploads\/2024\/10\/siyah-logo-svg.svg","contentUrl":"http:\/\/denizcankizil.tr\/wp-content\/uploads\/2024\/10\/siyah-logo-svg.svg","width":1080,"height":1080,"caption":"Av. Deniz Can K\u0131z\u0131l"},"image":{"@id":"https:\/\/denizcankizil.tr\/de\/#\/schema\/logo\/image\/"}},{"@type":"Person","@id":"https:\/\/denizcankizil.tr\/de\/#\/schema\/person\/e1eb71bb4dd684d46563f0af307e1234","name":"Antalya K\u00f6rfez","image":{"@type":"ImageObject","inLanguage":"uk","@id":"https:\/\/denizcankizil.tr\/de\/#\/schema\/person\/image\/","url":"https:\/\/secure.gravatar.com\/avatar\/42b01982558a48a0b501fdcab6a408d3717ea5919095ee2e67b0e521799c5905?s=96&d=mm&r=g","contentUrl":"https:\/\/secure.gravatar.com\/avatar\/42b01982558a48a0b501fdcab6a408d3717ea5919095ee2e67b0e521799c5905?s=96&d=mm&r=g","caption":"Antalya K\u00f6rfez"},"sameAs":["http:\/\/www.antalyakorfez.com"],"url":"https:\/\/www.antalyakorfez.com\/antalya-denizcilikte-stratejik-us-olma-yolunda-ilerliyor"}]}},"_links":{"self":[{"href":"http:\/\/denizcankizil.tr\/uk\/wp-json\/wp\/v2\/posts\/73971","targetHints":{"allow":["GET"]}}],"collection":[{"href":"http:\/\/denizcankizil.tr\/uk\/wp-json\/wp\/v2\/posts"}],"about":[{"href":"http:\/\/denizcankizil.tr\/uk\/wp-json\/wp\/v2\/types\/post"}],"author":[{"embeddable":true,"href":"http:\/\/denizcankizil.tr\/uk\/wp-json\/wp\/v2\/users\/5"}],"replies":[{"embeddable":true,"href":"http:\/\/denizcankizil.tr\/uk\/wp-json\/wp\/v2\/comments?post=73971"}],"version-history":[{"count":0,"href":"http:\/\/denizcankizil.tr\/uk\/wp-json\/wp\/v2\/posts\/73971\/revisions"}],"wp:attachment":[{"href":"http:\/\/denizcankizil.tr\/uk\/wp-json\/wp\/v2\/media?parent=73971"}],"wp:term":[{"taxonomy":"category","embeddable":true,"href":"http:\/\/denizcankizil.tr\/uk\/wp-json\/wp\/v2\/categories?post=73971"},{"taxonomy":"post_tag","embeddable":true,"href":"http:\/\/denizcankizil.tr\/uk\/wp-json\/wp\/v2\/tags?post=73971"}],"curies":[{"name":"wp","href":"https:\/\/api.w.org\/{rel}","templated":true}]}}