{"id":73401,"date":"2025-05-02T08:42:17","date_gmt":"2025-05-02T05:42:17","guid":{"rendered":"https:\/\/denizcankizil.tr\/uncategorized-tr\/baskan-sahin-belediye-calisanlariyla-bir-araya-geldi\/"},"modified":"2025-05-02T08:42:17","modified_gmt":"2025-05-02T05:42:17","slug":"baskan-sahin-belediye-calisanlariyla-bir-araya-geldi","status":"publish","type":"post","link":"http:\/\/denizcankizil.tr\/uk\/haberler\/gundem\/baskan-sahin-belediye-calisanlariyla-bir-araya-geldi\/","title":{"rendered":"Ba\u015fkan \u015eahin belediye \u00e7al\u0131\u015fanlar\u0131yla bir araya geldi"},"content":{"rendered":"<p>Gaziantep B\u00fcy\u00fck\u015fehir Belediye Ba\u015fkan\u0131 Fatma \u015eahin, 1 May\u0131s Emek ve Dayan\u0131\u015fma G\u00fcn\u00fc kapsam\u0131nda belediye \u00e7al\u0131\u015fanlar\u0131yla bir araya geldi, belediyenin g\u00f6rev \u015fehitlerinin kabirlerini ziyaret etti.<br \/>\nGAZ\u0130ANTEP (\u0130GFA) &#8211;\u00a0Kent genelinde altyap\u0131, \u00fcst yap\u0131 ve sosyal alanlar ba\u015fta olmak \u00fczere Gaziantep B\u00fcy\u00fck\u015fehir Belediyesi\u2019nin g\u00f6rev alan personelleriyle bir araya gelen Ba\u015fkan Fatma \u015eahin, kurumu \u201c\u00c7ok g\u00fc\u00e7l\u00fc ve g\u00fcvenilir bir aile\u201d olarak nitelendirerek ulusal ve uluslararas\u0131 alanda yakalanan ba\u015far\u0131n\u0131n bir ekip i\u015fi oldu\u011funu vurgulad\u0131.<br \/>\nG\u00fcn\u00fcn erken saatlerinde belediye \u00e7al\u0131\u015fanlar\u0131yla kahvalt\u0131da bir araya gelen Ba\u015fkan \u015eahin, burada \u00e7al\u0131\u015fanlara karanfiller da\u011f\u0131tt\u0131. Program\u0131n devam\u0131nda Asri Mezarl\u0131k\u2019ta bulunan \u015fehitli\u011fi ziyaret eden \u015eahin, g\u00f6revi ba\u015f\u0131nda \u015fehit olan B\u00fcy\u00fck\u015fehir Belediyesi personelleri ve \u015fehitlerin kabirlerini ziyaret ederek dua etti.<br \/>\nVATANDA\u015e GAZ\u0130ULA\u015e PERSONELLER\u0130NDEN MEMNUN<br \/>\nBa\u015fkan Fatma \u015eahin ayr\u0131ca Gaziula\u015f\u2019\u0131n Otob\u00fcs \u0130\u015fletme alan\u0131na ziyarette bulunarak burada \u015fof\u00f6rlerle bir araya geldi. Onlarla sohbet eden \u015eahin, \u00e7al\u0131\u015fanlar\u0131n g\u00fcn\u00fcn\u00fc kutlad\u0131. Ba\u015fkan \u015eahin, son 10 y\u0131lda yap\u0131lan yat\u0131r\u0131mlar ve gayretli \u00e7al\u0131\u015fmalarla g\u00fcnl\u00fck yolcu kapasitesini 30 binden 250 bine \u00e7\u0131kt\u0131\u011f\u0131n\u0131 aktar\u0131rken belediye ara\u00e7lar\u0131 ve \u00e7al\u0131\u015fanlar\u0131 i\u00e7in halk\u0131n b\u00fcy\u00fck bir memnuniyeti ve olumlu d\u00f6n\u00fc\u015f\u00fc oldu\u011funu vurgulad\u0131.<br \/>\n\u015eAH\u0130N: BU EK\u0130P HALKIN VE HAKKIN RIZASI \u0130\u00c7\u0130N \u00c7ALI\u015eTI<br \/>\nProgramlar kapsam\u0131nda yapt\u0131\u011f\u0131 konu\u015fmada B\u00fcy\u00fck\u015fehir Belediyesi\u2019nin 11 y\u0131lda hayata ge\u00e7irdi\u011fi D\u00fczba\u011f, GAZ\u0130RAY, D\u00fcl\u00fck-OSB T\u00fcneli projelerinin bir ekip i\u015fi oldu\u011funu ve ba\u015far\u0131n\u0131n beraber yakaland\u0131\u011f\u0131n\u0131 aktararak \u015funlar\u0131 s\u00f6yledi:<br \/>\n\u201cSevgi emektir. Emek \u00e7ekti\u011fin \u015feyi seversin. Bu \u015fehrin g\u00fczelle\u015fmesi, altyap\u0131s\u0131 \u00fcst yap\u0131s\u0131 i\u00e7in b\u00fcy\u00fck bir emek \u00e7ekiliyor, gayret g\u00f6steriliyor. Aile olmak b\u00f6yle bir \u015fey. Biz \u00e7ok g\u00fc\u00e7l\u00fc ve g\u00fcvenilir bir aileyiz. Bu \u015fehir bize g\u00fcveniyor. \u2018Halka hizmet hakka hizmet\u2019 anlay\u0131\u015f\u0131yla yola \u00e7\u0131kt\u0131k. Bu \u015fehir uluslararas\u0131 alanda zorluklara ra\u011fmen OECD\u2019nin \u015eampiyon \u015eehri oldu. \u015eampiyon olan ba\u015fkan de\u011fil b\u00fct\u00fcn ekibimiz. EBRD\u2019nin Ye\u015fil \u015eehri olduk. Bunu siz \u00e7al\u0131\u015fanlar\u0131m\u0131z ba\u015fard\u0131. Biz ayr\u0131ca Euro Prize\u2019\u0131 ald\u0131k. Yapt\u0131\u011f\u0131m\u0131z \u00e7al\u0131\u015fmalar\u0131 anlatt\u0131k. Avrupa\u2019da yap\u0131lan projelerde en iyisinin bizim yapt\u0131\u011f\u0131m\u0131z\u0131 g\u00f6sterdik. Bunun sonunda bize b\u00fcy\u00fck \u00f6d\u00fcl geldi. Bu b\u00fcy\u00fck \u00f6d\u00fcl \u00e7al\u0131\u015fanlar\u0131m\u0131za geldi. Bu ekip halk\u0131n ve hakk\u0131n r\u0131zas\u0131 i\u00e7in \u00e7al\u0131\u015ft\u0131. Bu ekip \u015fehri medeniyet, \u015fehri dua, \u015fehri ensar oldu. Bunlar\u0131 ba\u015faran iman\u0131, a\u015fk\u0131, muhabbeti, karde\u015flik ruhuyla i\u015fine sahip \u00e7\u0131kan buradaki can karde\u015flerimiz oldu.\u201d\u00a0<br \/>\nBU HEP\u0130M\u0130Z\u0130N, BU B\u00dcY\u00dcK A\u0130LEN\u0130N BA\u015eARISI<br \/>\nBa\u015fkan \u015eahin ayr\u0131ca \u015fof\u00f6rlerle bir araya geldi\u011finde yapt\u0131\u011f\u0131 konu\u015fmada b\u00fcy\u00fck bir sorumlulukla g\u00f6revlerinin ba\u015f\u0131nda \u00e7al\u0131\u015ft\u0131klar\u0131n\u0131 ifade ederek \u015funlar\u0131 s\u00f6yledi:<br \/>\n\u201c\u0130nsanlar\u0131n can\u0131, ailesi, gelece\u011fi sizlere emanet. Sizler de b\u00fcy\u00fck bir emek veriyorsunuz. Halk\u0131n r\u0131zas\u0131n\u0131 ald\u0131\u011f\u0131n\u0131z zaman bu dua m\u00fcminin silah\u0131. \u015eehir insan\u0131n insan \u015fehrin aynas\u0131d\u0131r. Bu \u015fehir \u00e7ok k\u0131ymetli bir \u015fehir, Gazi \u015fehir. \u015eehirler v\u00fccutlara benzer iki \u015feyi ak\u0131tmam\u0131z laz\u0131m. Birincisi su ikincisi ula\u015f\u0131m. \u2018\u0130man varsa imkan vard\u0131r\u2019 derseniz ba\u015far\u0131rs\u0131n\u0131z. Zor d\u00f6nemlerde fedakarca \u00e7al\u0131\u015ft\u0131n\u0131z. B\u00fcy\u00fck bir memnuniyet var. Biz de sizden raz\u0131y\u0131z. En zoru geride kald\u0131. Bizim anlataca\u011f\u0131m\u0131z bir ba\u015far\u0131 hikayesi var. Bu hepimizin, bu b\u00fcy\u00fck ailenin ba\u015far\u0131s\u0131.\u201d\u00a0<br \/>\nGaziula\u015f Genel M\u00fcd\u00fcr\u00fc Aykut \u00c7ak\u0131ro\u011flu ise \u00e7al\u0131\u015fmalarda son durum ve gelecek projeler i\u00e7in bilgiler verdi.<\/p>\n<p>\u200bGaziantep B\u00fcy\u00fck\u015fehir Belediye Ba\u015fkan\u0131 Fatma \u015eahin, 1 May\u0131s Emek ve Dayan\u0131\u015fma G\u00fcn\u00fc kapsam\u0131nda belediye \u00e7al\u0131\u015fanlar\u0131yla bir araya geldi, belediyenin g\u00f6rev \u015fehitlerinin kabirlerini ziyaret etti.<br \/>\nGAZ\u0130ANTEP (\u0130GFA) &#8211;\u00a0Kent genelinde altyap\u0131, \u00fcst yap\u0131 ve sosyal alanlar ba\u015fta olmak \u00fczere Gaziantep B\u00fcy\u00fck\u015fehir Belediyesi\u2019nin g\u00f6rev alan personelleriyle bir araya gelen Ba\u015fkan Fatma \u015eahin, kurumu \u201c\u00c7ok g\u00fc\u00e7l\u00fc ve g\u00fcvenilir bir aile\u201d olarak nitelendirerek ulusal ve uluslararas\u0131 alanda yakalanan ba\u015far\u0131n\u0131n bir ekip i\u015fi oldu\u011funu vurgulad\u0131.<br \/>\nG\u00fcn\u00fcn erken saatlerinde belediye \u00e7al\u0131\u015fanlar\u0131yla kahvalt\u0131da bir araya gelen Ba\u015fkan \u015eahin, burada \u00e7al\u0131\u015fanlara karanfiller da\u011f\u0131tt\u0131. Program\u0131n devam\u0131nda Asri Mezarl\u0131k\u2019ta bulunan \u015fehitli\u011fi ziyaret eden \u015eahin, g\u00f6revi ba\u015f\u0131nda \u015fehit olan B\u00fcy\u00fck\u015fehir Belediyesi personelleri ve \u015fehitlerin kabirlerini ziyaret ederek dua etti.<br \/>\nVATANDA\u015e GAZ\u0130ULA\u015e PERSONELLER\u0130NDEN MEMNUN<br \/>\nBa\u015fkan Fatma \u015eahin ayr\u0131ca Gaziula\u015f\u2019\u0131n Otob\u00fcs \u0130\u015fletme alan\u0131na ziyarette bulunarak burada \u015fof\u00f6rlerle bir araya geldi. Onlarla sohbet eden \u015eahin, \u00e7al\u0131\u015fanlar\u0131n g\u00fcn\u00fcn\u00fc kutlad\u0131. Ba\u015fkan \u015eahin, son 10 y\u0131lda yap\u0131lan yat\u0131r\u0131mlar ve gayretli \u00e7al\u0131\u015fmalarla g\u00fcnl\u00fck yolcu kapasitesini 30 binden 250 bine \u00e7\u0131kt\u0131\u011f\u0131n\u0131 aktar\u0131rken belediye ara\u00e7lar\u0131 ve \u00e7al\u0131\u015fanlar\u0131 i\u00e7in halk\u0131n b\u00fcy\u00fck bir memnuniyeti ve olumlu d\u00f6n\u00fc\u015f\u00fc oldu\u011funu vurgulad\u0131.<br \/>\n\u015eAH\u0130N: BU EK\u0130P HALKIN VE HAKKIN RIZASI \u0130\u00c7\u0130N \u00c7ALI\u015eTI<br \/>\nProgramlar kapsam\u0131nda yapt\u0131\u011f\u0131 konu\u015fmada B\u00fcy\u00fck\u015fehir Belediyesi\u2019nin 11 y\u0131lda hayata ge\u00e7irdi\u011fi D\u00fczba\u011f, GAZ\u0130RAY, D\u00fcl\u00fck-OSB T\u00fcneli projelerinin bir ekip i\u015fi oldu\u011funu ve ba\u015far\u0131n\u0131n beraber yakaland\u0131\u011f\u0131n\u0131 aktararak \u015funlar\u0131 s\u00f6yledi:<br \/>\n\u201cSevgi emektir. Emek \u00e7ekti\u011fin \u015feyi seversin. Bu \u015fehrin g\u00fczelle\u015fmesi, altyap\u0131s\u0131 \u00fcst yap\u0131s\u0131 i\u00e7in b\u00fcy\u00fck bir emek \u00e7ekiliyor, gayret g\u00f6steriliyor. Aile olmak b\u00f6yle bir \u015fey. Biz \u00e7ok g\u00fc\u00e7l\u00fc ve g\u00fcvenilir bir aileyiz. Bu \u015fehir bize g\u00fcveniyor. \u2018Halka hizmet hakka hizmet\u2019 anlay\u0131\u015f\u0131yla yola \u00e7\u0131kt\u0131k. Bu \u015fehir uluslararas\u0131 alanda zorluklara ra\u011fmen OECD\u2019nin \u015eampiyon \u015eehri oldu. \u015eampiyon olan ba\u015fkan de\u011fil b\u00fct\u00fcn ekibimiz. EBRD\u2019nin Ye\u015fil \u015eehri olduk. Bunu siz \u00e7al\u0131\u015fanlar\u0131m\u0131z ba\u015fard\u0131. Biz ayr\u0131ca Euro Prize\u2019\u0131 ald\u0131k. Yapt\u0131\u011f\u0131m\u0131z \u00e7al\u0131\u015fmalar\u0131 anlatt\u0131k. Avrupa\u2019da yap\u0131lan projelerde en iyisinin bizim yapt\u0131\u011f\u0131m\u0131z\u0131 g\u00f6sterdik. Bunun sonunda bize b\u00fcy\u00fck \u00f6d\u00fcl geldi. Bu b\u00fcy\u00fck \u00f6d\u00fcl \u00e7al\u0131\u015fanlar\u0131m\u0131za geldi. Bu ekip halk\u0131n ve hakk\u0131n r\u0131zas\u0131 i\u00e7in \u00e7al\u0131\u015ft\u0131. Bu ekip \u015fehri medeniyet, \u015fehri dua, \u015fehri ensar oldu. Bunlar\u0131 ba\u015faran iman\u0131, a\u015fk\u0131, muhabbeti, karde\u015flik ruhuyla i\u015fine sahip \u00e7\u0131kan buradaki can karde\u015flerimiz oldu.\u201d\u00a0<br \/>\nBU HEP\u0130M\u0130Z\u0130N, BU B\u00dcY\u00dcK A\u0130LEN\u0130N BA\u015eARISI<br \/>\nBa\u015fkan \u015eahin ayr\u0131ca \u015fof\u00f6rlerle bir araya geldi\u011finde yapt\u0131\u011f\u0131 konu\u015fmada b\u00fcy\u00fck bir sorumlulukla g\u00f6revlerinin ba\u015f\u0131nda \u00e7al\u0131\u015ft\u0131klar\u0131n\u0131 ifade ederek \u015funlar\u0131 s\u00f6yledi:<br \/>\n\u201c\u0130nsanlar\u0131n can\u0131, ailesi, gelece\u011fi sizlere emanet. Sizler de b\u00fcy\u00fck bir emek veriyorsunuz. Halk\u0131n r\u0131zas\u0131n\u0131 ald\u0131\u011f\u0131n\u0131z zaman bu dua m\u00fcminin silah\u0131. \u015eehir insan\u0131n insan \u015fehrin aynas\u0131d\u0131r. Bu \u015fehir \u00e7ok k\u0131ymetli bir \u015fehir, Gazi \u015fehir. \u015eehirler v\u00fccutlara benzer iki \u015feyi ak\u0131tmam\u0131z laz\u0131m. Birincisi su ikincisi ula\u015f\u0131m. \u2018\u0130man varsa imkan vard\u0131r\u2019 derseniz ba\u015far\u0131rs\u0131n\u0131z. Zor d\u00f6nemlerde fedakarca \u00e7al\u0131\u015ft\u0131n\u0131z. B\u00fcy\u00fck bir memnuniyet var. Biz de sizden raz\u0131y\u0131z. En zoru geride kald\u0131. Bizim anlataca\u011f\u0131m\u0131z bir ba\u015far\u0131 hikayesi var. Bu hepimizin, bu b\u00fcy\u00fck ailenin ba\u015far\u0131s\u0131.\u201d\u00a0<br \/>\nGaziula\u015f Genel M\u00fcd\u00fcr\u00fc Aykut \u00c7ak\u0131ro\u011flu ise \u00e7al\u0131\u015fmalarda son durum ve gelecek projeler i\u00e7in bilgiler verdi.\u00a0<\/p>\n<p>\u200bHaberin Al\u0131nt\u0131land\u0131\u011f\u0131 Kaynak: www.iskenderun.org<\/p>","protected":false},"excerpt":{"rendered":"<p>Gaziantep B\u00fcy\u00fck\u015fehir Belediye Ba\u015fkan\u0131 Fatma \u015eahin, 1 May\u0131s Emek ve Dayan\u0131\u015fma G\u00fcn\u00fc kapsam\u0131nda belediye \u00e7al\u0131\u015fanlar\u0131yla bir araya geldi, belediyenin g\u00f6rev \u015fehitlerinin kabirlerini ziyaret etti. GAZ\u0130ANTEP (\u0130GFA) &#8211;\u00a0Kent genelinde altyap\u0131, \u00fcst yap\u0131 ve sosyal alanlar ba\u015fta olmak \u00fczere Gaziantep B\u00fcy\u00fck\u015fehir Belediyesi\u2019nin g\u00f6rev alan personelleriyle bir araya gelen Ba\u015fkan Fatma \u015eahin, kurumu \u201c\u00c7ok g\u00fc\u00e7l\u00fc ve g\u00fcvenilir bir aile\u201d olarak nitelendirerek ulusal ve uluslararas\u0131 alanda yakalanan ba\u015far\u0131n\u0131n bir ekip i\u015fi oldu\u011funu vurgulad\u0131. G\u00fcn\u00fcn erken saatlerinde belediye \u00e7al\u0131\u015fanlar\u0131yla kahvalt\u0131da bir araya gelen Ba\u015fkan \u015eahin, burada \u00e7al\u0131\u015fanlara karanfiller da\u011f\u0131tt\u0131. Program\u0131n devam\u0131nda Asri Mezarl\u0131k\u2019ta bulunan \u015fehitli\u011fi ziyaret eden \u015eahin, g\u00f6revi ba\u015f\u0131nda \u015fehit olan B\u00fcy\u00fck\u015fehir Belediyesi personelleri ve \u015fehitlerin kabirlerini ziyaret ederek dua etti. VATANDA\u015e GAZ\u0130ULA\u015e PERSONELLER\u0130NDEN MEMNUN Ba\u015fkan Fatma \u015eahin ayr\u0131ca Gaziula\u015f\u2019\u0131n Otob\u00fcs \u0130\u015fletme alan\u0131na ziyarette bulunarak burada \u015fof\u00f6rlerle bir araya geldi. Onlarla sohbet eden \u015eahin, \u00e7al\u0131\u015fanlar\u0131n g\u00fcn\u00fcn\u00fc kutlad\u0131. Ba\u015fkan \u015eahin, son 10 y\u0131lda yap\u0131lan yat\u0131r\u0131mlar ve gayretli \u00e7al\u0131\u015fmalarla g\u00fcnl\u00fck yolcu kapasitesini 30 binden 250 bine \u00e7\u0131kt\u0131\u011f\u0131n\u0131 aktar\u0131rken belediye ara\u00e7lar\u0131 ve \u00e7al\u0131\u015fanlar\u0131 i\u00e7in halk\u0131n b\u00fcy\u00fck bir memnuniyeti ve olumlu d\u00f6n\u00fc\u015f\u00fc oldu\u011funu vurgulad\u0131. \u015eAH\u0130N: BU EK\u0130P HALKIN VE HAKKIN RIZASI \u0130\u00c7\u0130N \u00c7ALI\u015eTI Programlar kapsam\u0131nda yapt\u0131\u011f\u0131 konu\u015fmada B\u00fcy\u00fck\u015fehir Belediyesi\u2019nin 11 y\u0131lda hayata ge\u00e7irdi\u011fi D\u00fczba\u011f, GAZ\u0130RAY, D\u00fcl\u00fck-OSB T\u00fcneli projelerinin bir ekip i\u015fi oldu\u011funu ve ba\u015far\u0131n\u0131n beraber yakaland\u0131\u011f\u0131n\u0131 aktararak \u015funlar\u0131 &hellip;<\/p>","protected":false},"author":1,"featured_media":0,"comment_status":"","ping_status":"open","sticky":false,"template":"","format":"standard","meta":{"_acf_changed":false,"footnotes":""},"categories":[24],"tags":[],"class_list":["post-73401","post","type-post","status-publish","format-standard","has-post-thumbnail","hentry","category-gundem"],"acf":[],"yoast_head":"<!-- This site is optimized with the Yoast SEO Premium plugin v26.6 (Yoast SEO v27.1.1) - https:\/\/yoast.com\/product\/yoast-seo-premium-wordpress\/ -->\n<title>Ba\u015fkan \u015eahin belediye \u00e7al\u0131\u015fanlar\u0131yla bir araya geldi - Av. Deniz Can K\u0131z\u0131l<\/title>\n<meta name=\"robots\" content=\"index, follow, max-snippet:-1, max-image-preview:large, max-video-preview:-1\" \/>\n<link rel=\"canonical\" href=\"https:\/\/denizcankizil.tr\/uk\/haberler\/gundem\/baskan-sahin-belediye-calisanlariyla-bir-araya-geldi\/\" \/>\n<meta property=\"og:locale\" content=\"uk_UA\" \/>\n<meta property=\"og:type\" content=\"article\" \/>\n<meta property=\"og:title\" content=\"Ba\u015fkan \u015eahin belediye \u00e7al\u0131\u015fanlar\u0131yla bir araya geldi\" \/>\n<meta property=\"og:description\" content=\"Gaziantep B\u00fcy\u00fck\u015fehir Belediye Ba\u015fkan\u0131 Fatma \u015eahin, 1 May\u0131s Emek ve Dayan\u0131\u015fma G\u00fcn\u00fc kapsam\u0131nda belediye \u00e7al\u0131\u015fanlar\u0131yla bir araya geldi, belediyenin g\u00f6rev \u015fehitlerinin kabirlerini ziyaret etti. GAZ\u0130ANTEP (\u0130GFA) &#8211;\u00a0Kent genelinde altyap\u0131, \u00fcst yap\u0131 ve sosyal alanlar ba\u015fta olmak \u00fczere Gaziantep B\u00fcy\u00fck\u015fehir Belediyesi\u2019nin g\u00f6rev alan personelleriyle bir araya gelen Ba\u015fkan Fatma \u015eahin, kurumu \u201c\u00c7ok g\u00fc\u00e7l\u00fc ve g\u00fcvenilir bir aile\u201d olarak nitelendirerek ulusal ve uluslararas\u0131 alanda yakalanan ba\u015far\u0131n\u0131n bir ekip i\u015fi oldu\u011funu vurgulad\u0131. G\u00fcn\u00fcn erken saatlerinde belediye \u00e7al\u0131\u015fanlar\u0131yla kahvalt\u0131da bir araya gelen Ba\u015fkan \u015eahin, burada \u00e7al\u0131\u015fanlara karanfiller da\u011f\u0131tt\u0131. Program\u0131n devam\u0131nda Asri Mezarl\u0131k\u2019ta bulunan \u015fehitli\u011fi ziyaret eden \u015eahin, g\u00f6revi ba\u015f\u0131nda \u015fehit olan B\u00fcy\u00fck\u015fehir Belediyesi personelleri ve \u015fehitlerin kabirlerini ziyaret ederek dua etti. VATANDA\u015e GAZ\u0130ULA\u015e PERSONELLER\u0130NDEN MEMNUN Ba\u015fkan Fatma \u015eahin ayr\u0131ca Gaziula\u015f\u2019\u0131n Otob\u00fcs \u0130\u015fletme alan\u0131na ziyarette bulunarak burada \u015fof\u00f6rlerle bir araya geldi. Onlarla sohbet eden \u015eahin, \u00e7al\u0131\u015fanlar\u0131n g\u00fcn\u00fcn\u00fc kutlad\u0131. Ba\u015fkan \u015eahin, son 10 y\u0131lda yap\u0131lan yat\u0131r\u0131mlar ve gayretli \u00e7al\u0131\u015fmalarla g\u00fcnl\u00fck yolcu kapasitesini 30 binden 250 bine \u00e7\u0131kt\u0131\u011f\u0131n\u0131 aktar\u0131rken belediye ara\u00e7lar\u0131 ve \u00e7al\u0131\u015fanlar\u0131 i\u00e7in halk\u0131n b\u00fcy\u00fck bir memnuniyeti ve olumlu d\u00f6n\u00fc\u015f\u00fc oldu\u011funu vurgulad\u0131. \u015eAH\u0130N: BU EK\u0130P HALKIN VE HAKKIN RIZASI \u0130\u00c7\u0130N \u00c7ALI\u015eTI Programlar kapsam\u0131nda yapt\u0131\u011f\u0131 konu\u015fmada B\u00fcy\u00fck\u015fehir Belediyesi\u2019nin 11 y\u0131lda hayata ge\u00e7irdi\u011fi D\u00fczba\u011f, GAZ\u0130RAY, D\u00fcl\u00fck-OSB T\u00fcneli projelerinin bir ekip i\u015fi oldu\u011funu ve ba\u015far\u0131n\u0131n beraber yakaland\u0131\u011f\u0131n\u0131 aktararak \u015funlar\u0131 &hellip;\" \/>\n<meta property=\"og:url\" content=\"https:\/\/denizcankizil.tr\/uk\/haberler\/gundem\/baskan-sahin-belediye-calisanlariyla-bir-araya-geldi\/\" \/>\n<meta property=\"og:site_name\" content=\"Av. Deniz Can K\u0131z\u0131l\" \/>\n<meta property=\"article:published_time\" content=\"2025-05-02T05:42:17+00:00\" \/>\n<meta name=\"author\" content=\"admin\" \/>\n<meta name=\"twitter:card\" content=\"summary_large_image\" \/>\n<meta name=\"twitter:label1\" content=\"\u041d\u0430\u043f\u0438\u0441\u0430\u043d\u043e\" \/>\n\t<meta name=\"twitter:data1\" content=\"admin\" \/>\n\t<meta name=\"twitter:label2\" content=\"\u041f\u0440\u0438\u0431\u043b. \u0447\u0430\u0441 \u0447\u0438\u0442\u0430\u043d\u043d\u044f\" \/>\n\t<meta name=\"twitter:data2\" content=\"7 \u0445\u0432\u0438\u043b\u0438\u043d\" \/>\n<script type=\"application\/ld+json\" class=\"yoast-schema-graph\">{\"@context\":\"https:\/\/schema.org\",\"@graph\":[{\"@type\":\"Article\",\"@id\":\"https:\/\/denizcankizil.tr\/ru\/haberler\/gundem\/baskan-sahin-belediye-calisanlariyla-bir-araya-geldi\/#article\",\"isPartOf\":{\"@id\":\"https:\/\/denizcankizil.tr\/ru\/haberler\/gundem\/baskan-sahin-belediye-calisanlariyla-bir-araya-geldi\/\"},\"author\":{\"name\":\"admin\",\"@id\":\"https:\/\/denizcankizil.tr\/de\/#\/schema\/person\/be3c05fe6a12686905512445d8185489\"},\"headline\":\"Ba\u015fkan \u015eahin belediye \u00e7al\u0131\u015fanlar\u0131yla bir araya geldi\",\"datePublished\":\"2025-05-02T05:42:17+00:00\",\"mainEntityOfPage\":{\"@id\":\"https:\/\/denizcankizil.tr\/ru\/haberler\/gundem\/baskan-sahin-belediye-calisanlariyla-bir-araya-geldi\/\"},\"wordCount\":1338,\"publisher\":{\"@id\":\"https:\/\/denizcankizil.tr\/de\/#organization\"},\"articleSection\":[\"G\u00fcndem\"],\"inLanguage\":\"uk\"},{\"@type\":\"WebPage\",\"@id\":\"https:\/\/denizcankizil.tr\/ru\/haberler\/gundem\/baskan-sahin-belediye-calisanlariyla-bir-araya-geldi\/\",\"url\":\"https:\/\/denizcankizil.tr\/ru\/haberler\/gundem\/baskan-sahin-belediye-calisanlariyla-bir-araya-geldi\/\",\"name\":\"Ba\u015fkan \u015eahin belediye \u00e7al\u0131\u015fanlar\u0131yla bir araya geldi - Av. Deniz Can K\u0131z\u0131l\",\"isPartOf\":{\"@id\":\"https:\/\/denizcankizil.tr\/de\/#website\"},\"datePublished\":\"2025-05-02T05:42:17+00:00\",\"breadcrumb\":{\"@id\":\"https:\/\/denizcankizil.tr\/ru\/haberler\/gundem\/baskan-sahin-belediye-calisanlariyla-bir-araya-geldi\/#breadcrumb\"},\"inLanguage\":\"uk\",\"potentialAction\":[{\"@type\":\"ReadAction\",\"target\":[\"https:\/\/denizcankizil.tr\/ru\/haberler\/gundem\/baskan-sahin-belediye-calisanlariyla-bir-araya-geldi\/\"]}]},{\"@type\":\"BreadcrumbList\",\"@id\":\"https:\/\/denizcankizil.tr\/ru\/haberler\/gundem\/baskan-sahin-belediye-calisanlariyla-bir-araya-geldi\/#breadcrumb\",\"itemListElement\":[{\"@type\":\"ListItem\",\"position\":1,\"name\":\"Home\",\"item\":\"https:\/\/denizcankizil.tr\/de\/\"},{\"@type\":\"ListItem\",\"position\":2,\"name\":\"Ba\u015fkan \u015eahin belediye \u00e7al\u0131\u015fanlar\u0131yla bir araya geldi\"}]},{\"@type\":\"WebSite\",\"@id\":\"https:\/\/denizcankizil.tr\/de\/#website\",\"url\":\"https:\/\/denizcankizil.tr\/de\/\",\"name\":\"Av. Deniz Can K\u0131z\u0131l\",\"description\":\"Avukat Deniz Can K\u0131z\u0131l Antalya Barosu\",\"publisher\":{\"@id\":\"https:\/\/denizcankizil.tr\/de\/#organization\"},\"potentialAction\":[{\"@type\":\"SearchAction\",\"target\":{\"@type\":\"EntryPoint\",\"urlTemplate\":\"https:\/\/denizcankizil.tr\/de\/?s={search_term_string}\"},\"query-input\":{\"@type\":\"PropertyValueSpecification\",\"valueRequired\":true,\"valueName\":\"search_term_string\"}}],\"inLanguage\":\"uk\"},{\"@type\":\"Organization\",\"@id\":\"https:\/\/denizcankizil.tr\/de\/#organization\",\"name\":\"Av. Deniz Can K\u0131z\u0131l\",\"url\":\"https:\/\/denizcankizil.tr\/de\/\",\"logo\":{\"@type\":\"ImageObject\",\"inLanguage\":\"uk\",\"@id\":\"https:\/\/denizcankizil.tr\/de\/#\/schema\/logo\/image\/\",\"url\":\"http:\/\/denizcankizil.tr\/wp-content\/uploads\/2024\/10\/siyah-logo-svg.svg\",\"contentUrl\":\"http:\/\/denizcankizil.tr\/wp-content\/uploads\/2024\/10\/siyah-logo-svg.svg\",\"width\":1080,\"height\":1080,\"caption\":\"Av. Deniz Can K\u0131z\u0131l\"},\"image\":{\"@id\":\"https:\/\/denizcankizil.tr\/de\/#\/schema\/logo\/image\/\"}},{\"@type\":\"Person\",\"@id\":\"https:\/\/denizcankizil.tr\/de\/#\/schema\/person\/be3c05fe6a12686905512445d8185489\",\"name\":\"admin\",\"image\":{\"@type\":\"ImageObject\",\"inLanguage\":\"uk\",\"@id\":\"https:\/\/denizcankizil.tr\/de\/#\/schema\/person\/image\/\",\"url\":\"https:\/\/secure.gravatar.com\/avatar\/c1fce94c830dc79107e174f890d7210541c4a63e8e5d816341794a2151c9d58c?s=96&d=mm&r=g\",\"contentUrl\":\"https:\/\/secure.gravatar.com\/avatar\/c1fce94c830dc79107e174f890d7210541c4a63e8e5d816341794a2151c9d58c?s=96&d=mm&r=g\",\"caption\":\"admin\"},\"sameAs\":[\"http:\/\/denizcankizil.tr\"],\"url\":\"https:\/\/www.iskenderun.org\/baskan-sahin-belediye-calisanlariyla-bir-araya-geldi\"}]}<\/script>\n<!-- \/ Yoast SEO Premium plugin. -->","yoast_head_json":{"title":"Ba\u015fkan \u015eahin belediye \u00e7al\u0131\u015fanlar\u0131yla bir araya geldi - Av. Deniz Can K\u0131z\u0131l","robots":{"index":"index","follow":"follow","max-snippet":"max-snippet:-1","max-image-preview":"max-image-preview:large","max-video-preview":"max-video-preview:-1"},"canonical":"https:\/\/denizcankizil.tr\/uk\/haberler\/gundem\/baskan-sahin-belediye-calisanlariyla-bir-araya-geldi\/","og_locale":"uk_UA","og_type":"article","og_title":"Ba\u015fkan \u015eahin belediye \u00e7al\u0131\u015fanlar\u0131yla bir araya geldi","og_description":"Gaziantep B\u00fcy\u00fck\u015fehir Belediye Ba\u015fkan\u0131 Fatma \u015eahin, 1 May\u0131s Emek ve Dayan\u0131\u015fma G\u00fcn\u00fc kapsam\u0131nda belediye \u00e7al\u0131\u015fanlar\u0131yla bir araya geldi, belediyenin g\u00f6rev \u015fehitlerinin kabirlerini ziyaret etti. GAZ\u0130ANTEP (\u0130GFA) &#8211;\u00a0Kent genelinde altyap\u0131, \u00fcst yap\u0131 ve sosyal alanlar ba\u015fta olmak \u00fczere Gaziantep B\u00fcy\u00fck\u015fehir Belediyesi\u2019nin g\u00f6rev alan personelleriyle bir araya gelen Ba\u015fkan Fatma \u015eahin, kurumu \u201c\u00c7ok g\u00fc\u00e7l\u00fc ve g\u00fcvenilir bir aile\u201d olarak nitelendirerek ulusal ve uluslararas\u0131 alanda yakalanan ba\u015far\u0131n\u0131n bir ekip i\u015fi oldu\u011funu vurgulad\u0131. G\u00fcn\u00fcn erken saatlerinde belediye \u00e7al\u0131\u015fanlar\u0131yla kahvalt\u0131da bir araya gelen Ba\u015fkan \u015eahin, burada \u00e7al\u0131\u015fanlara karanfiller da\u011f\u0131tt\u0131. Program\u0131n devam\u0131nda Asri Mezarl\u0131k\u2019ta bulunan \u015fehitli\u011fi ziyaret eden \u015eahin, g\u00f6revi ba\u015f\u0131nda \u015fehit olan B\u00fcy\u00fck\u015fehir Belediyesi personelleri ve \u015fehitlerin kabirlerini ziyaret ederek dua etti. VATANDA\u015e GAZ\u0130ULA\u015e PERSONELLER\u0130NDEN MEMNUN Ba\u015fkan Fatma \u015eahin ayr\u0131ca Gaziula\u015f\u2019\u0131n Otob\u00fcs \u0130\u015fletme alan\u0131na ziyarette bulunarak burada \u015fof\u00f6rlerle bir araya geldi. Onlarla sohbet eden \u015eahin, \u00e7al\u0131\u015fanlar\u0131n g\u00fcn\u00fcn\u00fc kutlad\u0131. Ba\u015fkan \u015eahin, son 10 y\u0131lda yap\u0131lan yat\u0131r\u0131mlar ve gayretli \u00e7al\u0131\u015fmalarla g\u00fcnl\u00fck yolcu kapasitesini 30 binden 250 bine \u00e7\u0131kt\u0131\u011f\u0131n\u0131 aktar\u0131rken belediye ara\u00e7lar\u0131 ve \u00e7al\u0131\u015fanlar\u0131 i\u00e7in halk\u0131n b\u00fcy\u00fck bir memnuniyeti ve olumlu d\u00f6n\u00fc\u015f\u00fc oldu\u011funu vurgulad\u0131. \u015eAH\u0130N: BU EK\u0130P HALKIN VE HAKKIN RIZASI \u0130\u00c7\u0130N \u00c7ALI\u015eTI Programlar kapsam\u0131nda yapt\u0131\u011f\u0131 konu\u015fmada B\u00fcy\u00fck\u015fehir Belediyesi\u2019nin 11 y\u0131lda hayata ge\u00e7irdi\u011fi D\u00fczba\u011f, GAZ\u0130RAY, D\u00fcl\u00fck-OSB T\u00fcneli projelerinin bir ekip i\u015fi oldu\u011funu ve ba\u015far\u0131n\u0131n beraber yakaland\u0131\u011f\u0131n\u0131 aktararak \u015funlar\u0131 &hellip;","og_url":"https:\/\/denizcankizil.tr\/uk\/haberler\/gundem\/baskan-sahin-belediye-calisanlariyla-bir-araya-geldi\/","og_site_name":"Av. Deniz Can K\u0131z\u0131l","article_published_time":"2025-05-02T05:42:17+00:00","author":"admin","twitter_card":"summary_large_image","twitter_misc":{"\u041d\u0430\u043f\u0438\u0441\u0430\u043d\u043e":"admin","\u041f\u0440\u0438\u0431\u043b. \u0447\u0430\u0441 \u0447\u0438\u0442\u0430\u043d\u043d\u044f":"7 \u0445\u0432\u0438\u043b\u0438\u043d"},"schema":{"@context":"https:\/\/schema.org","@graph":[{"@type":"Article","@id":"https:\/\/denizcankizil.tr\/ru\/haberler\/gundem\/baskan-sahin-belediye-calisanlariyla-bir-araya-geldi\/#article","isPartOf":{"@id":"https:\/\/denizcankizil.tr\/ru\/haberler\/gundem\/baskan-sahin-belediye-calisanlariyla-bir-araya-geldi\/"},"author":{"name":"admin","@id":"https:\/\/denizcankizil.tr\/de\/#\/schema\/person\/be3c05fe6a12686905512445d8185489"},"headline":"Ba\u015fkan \u015eahin belediye \u00e7al\u0131\u015fanlar\u0131yla bir araya geldi","datePublished":"2025-05-02T05:42:17+00:00","mainEntityOfPage":{"@id":"https:\/\/denizcankizil.tr\/ru\/haberler\/gundem\/baskan-sahin-belediye-calisanlariyla-bir-araya-geldi\/"},"wordCount":1338,"publisher":{"@id":"https:\/\/denizcankizil.tr\/de\/#organization"},"articleSection":["G\u00fcndem"],"inLanguage":"uk"},{"@type":"WebPage","@id":"https:\/\/denizcankizil.tr\/ru\/haberler\/gundem\/baskan-sahin-belediye-calisanlariyla-bir-araya-geldi\/","url":"https:\/\/denizcankizil.tr\/ru\/haberler\/gundem\/baskan-sahin-belediye-calisanlariyla-bir-araya-geldi\/","name":"Ba\u015fkan \u015eahin belediye \u00e7al\u0131\u015fanlar\u0131yla bir araya geldi - Av. Deniz Can K\u0131z\u0131l","isPartOf":{"@id":"https:\/\/denizcankizil.tr\/de\/#website"},"datePublished":"2025-05-02T05:42:17+00:00","breadcrumb":{"@id":"https:\/\/denizcankizil.tr\/ru\/haberler\/gundem\/baskan-sahin-belediye-calisanlariyla-bir-araya-geldi\/#breadcrumb"},"inLanguage":"uk","potentialAction":[{"@type":"ReadAction","target":["https:\/\/denizcankizil.tr\/ru\/haberler\/gundem\/baskan-sahin-belediye-calisanlariyla-bir-araya-geldi\/"]}]},{"@type":"BreadcrumbList","@id":"https:\/\/denizcankizil.tr\/ru\/haberler\/gundem\/baskan-sahin-belediye-calisanlariyla-bir-araya-geldi\/#breadcrumb","itemListElement":[{"@type":"ListItem","position":1,"name":"Home","item":"https:\/\/denizcankizil.tr\/de\/"},{"@type":"ListItem","position":2,"name":"Ba\u015fkan \u015eahin belediye \u00e7al\u0131\u015fanlar\u0131yla bir araya geldi"}]},{"@type":"WebSite","@id":"https:\/\/denizcankizil.tr\/de\/#website","url":"https:\/\/denizcankizil.tr\/de\/","name":"Av. Deniz Can K\u0131z\u0131l","description":"Avukat Deniz Can K\u0131z\u0131l Antalya Barosu","publisher":{"@id":"https:\/\/denizcankizil.tr\/de\/#organization"},"potentialAction":[{"@type":"SearchAction","target":{"@type":"EntryPoint","urlTemplate":"https:\/\/denizcankizil.tr\/de\/?s={search_term_string}"},"query-input":{"@type":"PropertyValueSpecification","valueRequired":true,"valueName":"search_term_string"}}],"inLanguage":"uk"},{"@type":"Organization","@id":"https:\/\/denizcankizil.tr\/de\/#organization","name":"Av. Deniz Can K\u0131z\u0131l","url":"https:\/\/denizcankizil.tr\/de\/","logo":{"@type":"ImageObject","inLanguage":"uk","@id":"https:\/\/denizcankizil.tr\/de\/#\/schema\/logo\/image\/","url":"http:\/\/denizcankizil.tr\/wp-content\/uploads\/2024\/10\/siyah-logo-svg.svg","contentUrl":"http:\/\/denizcankizil.tr\/wp-content\/uploads\/2024\/10\/siyah-logo-svg.svg","width":1080,"height":1080,"caption":"Av. Deniz Can K\u0131z\u0131l"},"image":{"@id":"https:\/\/denizcankizil.tr\/de\/#\/schema\/logo\/image\/"}},{"@type":"Person","@id":"https:\/\/denizcankizil.tr\/de\/#\/schema\/person\/be3c05fe6a12686905512445d8185489","name":"\u0430\u0434\u043c\u0456\u043d","image":{"@type":"ImageObject","inLanguage":"uk","@id":"https:\/\/denizcankizil.tr\/de\/#\/schema\/person\/image\/","url":"https:\/\/secure.gravatar.com\/avatar\/c1fce94c830dc79107e174f890d7210541c4a63e8e5d816341794a2151c9d58c?s=96&d=mm&r=g","contentUrl":"https:\/\/secure.gravatar.com\/avatar\/c1fce94c830dc79107e174f890d7210541c4a63e8e5d816341794a2151c9d58c?s=96&d=mm&r=g","caption":"admin"},"sameAs":["http:\/\/denizcankizil.tr"],"url":"https:\/\/www.iskenderun.org\/baskan-sahin-belediye-calisanlariyla-bir-araya-geldi"}]}},"_links":{"self":[{"href":"http:\/\/denizcankizil.tr\/uk\/wp-json\/wp\/v2\/posts\/73401","targetHints":{"allow":["GET"]}}],"collection":[{"href":"http:\/\/denizcankizil.tr\/uk\/wp-json\/wp\/v2\/posts"}],"about":[{"href":"http:\/\/denizcankizil.tr\/uk\/wp-json\/wp\/v2\/types\/post"}],"author":[{"embeddable":true,"href":"http:\/\/denizcankizil.tr\/uk\/wp-json\/wp\/v2\/users\/1"}],"replies":[{"embeddable":true,"href":"http:\/\/denizcankizil.tr\/uk\/wp-json\/wp\/v2\/comments?post=73401"}],"version-history":[{"count":0,"href":"http:\/\/denizcankizil.tr\/uk\/wp-json\/wp\/v2\/posts\/73401\/revisions"}],"wp:attachment":[{"href":"http:\/\/denizcankizil.tr\/uk\/wp-json\/wp\/v2\/media?parent=73401"}],"wp:term":[{"taxonomy":"category","embeddable":true,"href":"http:\/\/denizcankizil.tr\/uk\/wp-json\/wp\/v2\/categories?post=73401"},{"taxonomy":"post_tag","embeddable":true,"href":"http:\/\/denizcankizil.tr\/uk\/wp-json\/wp\/v2\/tags?post=73401"}],"curies":[{"name":"wp","href":"https:\/\/api.w.org\/{rel}","templated":true}]}}