{"id":73397,"date":"2025-05-02T08:42:09","date_gmt":"2025-05-02T05:42:09","guid":{"rendered":"https:\/\/denizcankizil.tr\/uncategorized-tr\/meteorolojiden-kuvvetli-uyari-5\/"},"modified":"2025-05-02T08:42:09","modified_gmt":"2025-05-02T05:42:09","slug":"meteorolojiden-kuvvetli-uyari-5","status":"publish","type":"post","link":"http:\/\/denizcankizil.tr\/uk\/haberler\/gundem\/meteorolojiden-kuvvetli-uyari-5\/","title":{"rendered":"Meteoroloji&#8217;den &#8216;kuvvetli&#8217; uyar\u0131!"},"content":{"rendered":"<p>Meteoroloji Genel M\u00fcd\u00fcrl\u00fc\u011f\u00fc, Marmara\u2019n\u0131n do\u011fusu, G\u00fcney ve \u0130\u00e7 Ege, Akdeniz, \u0130\u00e7 Anadolu, Karadeniz, Do\u011fu ve G\u00fcneydo\u011fu Anadolu b\u00f6lgeleri i\u00e7in \u00f6\u011fle saatlerinden sonra kuvvetli ya\u011f\u0131\u015f uyar\u0131s\u0131nda bulundu.ANKARA (\u0130GFA) &#8211;\u00a0Meteoroloji Genel M\u00fcd\u00fcrl\u00fc\u011f\u00fc, 02 May\u0131s\u00a0Cuma g\u00fcn\u00fcne ili\u015fkin hava tahmin raporunu yay\u0131mlad\u0131.\u00a0<br \/>\nMeteoroloji Genel M\u00fcd\u00fcrl\u00fc\u011f\u00fc taraf\u0131ndan yap\u0131lan tahminlere g\u00f6re, yurdun genelinin par\u00e7al\u0131 ve \u00e7ok bulutlu, Marmara\u2019n\u0131n do\u011fusu, G\u00fcney ve \u0130\u00e7 Ege, Akdeniz, \u0130\u00e7 Anadolu, Karadeniz, Do\u011fu ve G\u00fcneydo\u011fu Anadolu ile \u00f6\u011fle saatlerinden sonra Tekirda\u011f ve \u00c7anakkale \u00e7evrelerinin aral\u0131kl\u0131 sa\u011fanak ve g\u00f6k g\u00fcr\u00fclt\u00fcl\u00fc sa\u011fanak ya\u011f\u0131\u015fl\u0131 ge\u00e7ece\u011fi tahmin ediliyor.<br \/>\nYa\u011f\u0131\u015flar\u0131n, Orta ve Do\u011fu Karadeniz, Do\u011fu Anadolu (Malatya, Van ve I\u011fd\u0131r hari\u00e7) ile Mu\u011fla, Ayd\u0131n, U\u015fak, Denizli, Afyonkarahisar, Antalya\u2019n\u0131n bat\u0131 i\u00e7 kesimleri, Isparta ve Burdur&#8217;un bat\u0131s\u0131, Ankara, Eski\u015fehir&#8217;in do\u011fusu, \u00c7ank\u0131r\u0131, K\u0131r\u015fehir, Yozgat, K\u0131r\u0131kkale&#8217;nin kuzeyi, Sivas, Karab\u00fck&#8217;\u00fcn do\u011fusu, Kastamonu, Ad\u0131yaman, \u015e. Urfa&#8217;n\u0131n kuzeyi, Diyarbak\u0131r, Batman ve Siirt \u00e7evrelerinde yer yer kuvvetli olmas\u0131 bekleniyor. Do\u011fu Anadolu&#8217;nun do\u011fusu ile G\u00fcneydo\u011fu Anadolu&#8217;da toz ta\u015f\u0131n\u0131m\u0131 bekleniyor.<\/p>\n<p>Hava s\u0131cakl\u0131\u011f\u0131n\u0131n, do\u011fu kesimlerde biraz azalaca\u011f\u0131, \u00dclkemiz genelinde mevsim normalleri civar\u0131nda seyredece\u011fi tahmin ediliyor.<br \/>\nR\u00fczgar Bat\u0131 kesimlerde kuzeyli, do\u011fu kesimlerde g\u00fcneyli y\u00f6nlerden hafif, ara s\u0131ra orta kuvvette, Marmara&#8217;n\u0131n bat\u0131s\u0131 ile Kuzey Ege k\u0131y\u0131lar\u0131nda kuzey ve kuzeydo\u011fu y\u00f6nlerden kuvvetli (40-60 km\/sa), Do\u011fu Anadolu\u2019nun g\u00fcneydo\u011fusu \u0130le G\u00fcneydo\u011fu Anadolu&#8217;nun do\u011fusunda g\u00fcney ve g\u00fcneydo\u011fu y\u00f6nlerden kuvvetli ve f\u0131rt\u0131na(50-80 km\/saat) \u015feklinde esece\u011fi tahmin ediliyor.<\/p>\n<p>KUVVETL\u0130 YA\u011eI\u015e UYARISI:<br \/>\nYa\u011f\u0131\u015flar\u0131n Orta ve Do\u011fu Karadeniz, Do\u011fu Anadolu (Malatya, Van ve I\u011fd\u0131r hari\u00e7) ile Mu\u011fla, Ayd\u0131n, U\u015fak, Denizli, Afyonkarahisar, Antalya\u2019n\u0131n bat\u0131 i\u00e7 kesimleri, Isparta ve Burdur&#8217;un bat\u0131s\u0131, Ankara, Eski\u015fehir&#8217;in do\u011fusu, \u00c7ank\u0131r\u0131, K\u0131r\u015fehir, Yozgat, K\u0131r\u0131kkale&#8217;nin kuzeyi, Sivas, Karab\u00fck&#8217;\u00fcn do\u011fusu, Kastamonu, Ad\u0131yaman, \u015e. Urfa&#8217;n\u0131n kuzeyi, Diyarbak\u0131r, Batman ve Siirt \u00e7evrelerinde yer yer kuvvetli olmas\u0131 beklendi\u011finden ani sel, su bask\u0131n\u0131, y\u0131ld\u0131r\u0131m, dolu ya\u011f\u0131\u015f\u0131, hortum, ya\u011f\u0131\u015f an\u0131nda kuvvetli r\u00fczgar ve f\u0131rt\u0131na ile ula\u015f\u0131mda aksamalar gibi ya\u015fanabilecek olumsuzluklara kar\u015f\u0131 dikkatli ve tedbirli olunmas\u0131 gerekmektedir.<br \/>\nKUVVETL\u0130 R\u00dcZG\u00c2R UYARISI:<br \/>\nR\u00fczg\u00e2r\u0131n, Marmara&#8217;n\u0131n bat\u0131s\u0131 ile Kuzey Ege k\u0131y\u0131lar\u0131nda kuzey ve kuzeydo\u011fu y\u00f6nlerden kuvvetli (40-60 km\/sa), Do\u011fu Anadolu\u2019nun g\u00fcneydo\u011fusu \u0130le G\u00fcneydo\u011fu Anadolu&#8217;nun do\u011fusunda g\u00fcney ve g\u00fcneydo\u011fu y\u00f6nlerden kuvvetli ve f\u0131rt\u0131na(50-80 km\/saat) \u015feklinde esmesi beklendi\u011finden ula\u015f\u0131mda aksamalar, a\u011fa\u00e7 ve direklerin devrilmesi, \u00e7at\u0131 u\u00e7mas\u0131, toz savrulmas\u0131 gibi ya\u015fanabilecek olumsuzluklara kar\u015f\u0131 dikkatli ve tedbirli olunmas\u0131 gerekmektedir.<br \/>\nTOZ TA\u015eINIMI UYARISI:<br \/>\nDo\u011fu Anadolu&#8217;nun do\u011fusu ile G\u00fcneydo\u011fu Anadolu\u2019da toz ta\u015f\u0131n\u0131m\u0131 beklendi\u011finden ula\u015f\u0131mda aksamalar, hava kalitesinde azalama, g\u00f6r\u00fc\u015f mesafesinde d\u00fc\u015fme, \u00e7amur \u015feklinde ya\u011f\u0131\u015f gibi olumsuzluklara kar\u015f\u0131 dikkatli ve tedbirli olunmas\u0131 gerekmektedir.<\/p>\n<p>\u200bMeteoroloji Genel M\u00fcd\u00fcrl\u00fc\u011f\u00fc, Marmara\u2019n\u0131n do\u011fusu, G\u00fcney ve \u0130\u00e7 Ege, Akdeniz, \u0130\u00e7 Anadolu, Karadeniz, Do\u011fu ve G\u00fcneydo\u011fu Anadolu b\u00f6lgeleri i\u00e7in \u00f6\u011fle saatlerinden sonra kuvvetli ya\u011f\u0131\u015f uyar\u0131s\u0131nda bulundu.ANKARA (\u0130GFA) &#8211;\u00a0Meteoroloji Genel M\u00fcd\u00fcrl\u00fc\u011f\u00fc, 02 May\u0131s\u00a0Cuma g\u00fcn\u00fcne ili\u015fkin hava tahmin raporunu yay\u0131mlad\u0131.\u00a0<br \/>\nMeteoroloji Genel M\u00fcd\u00fcrl\u00fc\u011f\u00fc taraf\u0131ndan yap\u0131lan tahminlere g\u00f6re, yurdun genelinin par\u00e7al\u0131 ve \u00e7ok bulutlu, Marmara\u2019n\u0131n do\u011fusu, G\u00fcney ve \u0130\u00e7 Ege, Akdeniz, \u0130\u00e7 Anadolu, Karadeniz, Do\u011fu ve G\u00fcneydo\u011fu Anadolu ile \u00f6\u011fle saatlerinden sonra Tekirda\u011f ve \u00c7anakkale \u00e7evrelerinin aral\u0131kl\u0131 sa\u011fanak ve g\u00f6k g\u00fcr\u00fclt\u00fcl\u00fc sa\u011fanak ya\u011f\u0131\u015fl\u0131 ge\u00e7ece\u011fi tahmin ediliyor.<br \/>\nYa\u011f\u0131\u015flar\u0131n, Orta ve Do\u011fu Karadeniz, Do\u011fu Anadolu (Malatya, Van ve I\u011fd\u0131r hari\u00e7) ile Mu\u011fla, Ayd\u0131n, U\u015fak, Denizli, Afyonkarahisar, Antalya\u2019n\u0131n bat\u0131 i\u00e7 kesimleri, Isparta ve Burdur&#8217;un bat\u0131s\u0131, Ankara, Eski\u015fehir&#8217;in do\u011fusu, \u00c7ank\u0131r\u0131, K\u0131r\u015fehir, Yozgat, K\u0131r\u0131kkale&#8217;nin kuzeyi, Sivas, Karab\u00fck&#8217;\u00fcn do\u011fusu, Kastamonu, Ad\u0131yaman, \u015e. Urfa&#8217;n\u0131n kuzeyi, Diyarbak\u0131r, Batman ve Siirt \u00e7evrelerinde yer yer kuvvetli olmas\u0131 bekleniyor. Do\u011fu Anadolu&#8217;nun do\u011fusu ile G\u00fcneydo\u011fu Anadolu&#8217;da toz ta\u015f\u0131n\u0131m\u0131 bekleniyor.<\/p>\n<p>Hava s\u0131cakl\u0131\u011f\u0131n\u0131n, do\u011fu kesimlerde biraz azalaca\u011f\u0131, \u00dclkemiz genelinde mevsim normalleri civar\u0131nda seyredece\u011fi tahmin ediliyor.<br \/>\nR\u00fczgar Bat\u0131 kesimlerde kuzeyli, do\u011fu kesimlerde g\u00fcneyli y\u00f6nlerden hafif, ara s\u0131ra orta kuvvette, Marmara&#8217;n\u0131n bat\u0131s\u0131 ile Kuzey Ege k\u0131y\u0131lar\u0131nda kuzey ve kuzeydo\u011fu y\u00f6nlerden kuvvetli (40-60 km\/sa), Do\u011fu Anadolu\u2019nun g\u00fcneydo\u011fusu \u0130le G\u00fcneydo\u011fu Anadolu&#8217;nun do\u011fusunda g\u00fcney ve g\u00fcneydo\u011fu y\u00f6nlerden kuvvetli ve f\u0131rt\u0131na(50-80 km\/saat) \u015feklinde esece\u011fi tahmin ediliyor.<\/p>\n<p>KUVVETL\u0130 YA\u011eI\u015e UYARISI:<br \/>\nYa\u011f\u0131\u015flar\u0131n Orta ve Do\u011fu Karadeniz, Do\u011fu Anadolu (Malatya, Van ve I\u011fd\u0131r hari\u00e7) ile Mu\u011fla, Ayd\u0131n, U\u015fak, Denizli, Afyonkarahisar, Antalya\u2019n\u0131n bat\u0131 i\u00e7 kesimleri, Isparta ve Burdur&#8217;un bat\u0131s\u0131, Ankara, Eski\u015fehir&#8217;in do\u011fusu, \u00c7ank\u0131r\u0131, K\u0131r\u015fehir, Yozgat, K\u0131r\u0131kkale&#8217;nin kuzeyi, Sivas, Karab\u00fck&#8217;\u00fcn do\u011fusu, Kastamonu, Ad\u0131yaman, \u015e. Urfa&#8217;n\u0131n kuzeyi, Diyarbak\u0131r, Batman ve Siirt \u00e7evrelerinde yer yer kuvvetli olmas\u0131 beklendi\u011finden ani sel, su bask\u0131n\u0131, y\u0131ld\u0131r\u0131m, dolu ya\u011f\u0131\u015f\u0131, hortum, ya\u011f\u0131\u015f an\u0131nda kuvvetli r\u00fczgar ve f\u0131rt\u0131na ile ula\u015f\u0131mda aksamalar gibi ya\u015fanabilecek olumsuzluklara kar\u015f\u0131 dikkatli ve tedbirli olunmas\u0131 gerekmektedir.<br \/>\nKUVVETL\u0130 R\u00dcZG\u00c2R UYARISI:<br \/>\nR\u00fczg\u00e2r\u0131n, Marmara&#8217;n\u0131n bat\u0131s\u0131 ile Kuzey Ege k\u0131y\u0131lar\u0131nda kuzey ve kuzeydo\u011fu y\u00f6nlerden kuvvetli (40-60 km\/sa), Do\u011fu Anadolu\u2019nun g\u00fcneydo\u011fusu \u0130le G\u00fcneydo\u011fu Anadolu&#8217;nun do\u011fusunda g\u00fcney ve g\u00fcneydo\u011fu y\u00f6nlerden kuvvetli ve f\u0131rt\u0131na(50-80 km\/saat) \u015feklinde esmesi beklendi\u011finden ula\u015f\u0131mda aksamalar, a\u011fa\u00e7 ve direklerin devrilmesi, \u00e7at\u0131 u\u00e7mas\u0131, toz savrulmas\u0131 gibi ya\u015fanabilecek olumsuzluklara kar\u015f\u0131 dikkatli ve tedbirli olunmas\u0131 gerekmektedir.<br \/>\nTOZ TA\u015eINIMI UYARISI:<br \/>\nDo\u011fu Anadolu&#8217;nun do\u011fusu ile G\u00fcneydo\u011fu Anadolu\u2019da toz ta\u015f\u0131n\u0131m\u0131 beklendi\u011finden ula\u015f\u0131mda aksamalar, hava kalitesinde azalama, g\u00f6r\u00fc\u015f mesafesinde d\u00fc\u015fme, \u00e7amur \u015feklinde ya\u011f\u0131\u015f gibi olumsuzluklara kar\u015f\u0131 dikkatli ve tedbirli olunmas\u0131 gerekmektedir.\u00a0<\/p>\n<p>\u200bHaberin Al\u0131nt\u0131land\u0131\u011f\u0131 Kaynak: www.iskenderun.org<\/p>","protected":false},"excerpt":{"rendered":"<p>Meteoroloji Genel M\u00fcd\u00fcrl\u00fc\u011f\u00fc, Marmara\u2019n\u0131n do\u011fusu, G\u00fcney ve \u0130\u00e7 Ege, Akdeniz, \u0130\u00e7 Anadolu, Karadeniz, Do\u011fu ve G\u00fcneydo\u011fu Anadolu b\u00f6lgeleri i\u00e7in \u00f6\u011fle saatlerinden sonra kuvvetli ya\u011f\u0131\u015f uyar\u0131s\u0131nda bulundu.ANKARA (\u0130GFA) &#8211;\u00a0Meteoroloji Genel M\u00fcd\u00fcrl\u00fc\u011f\u00fc, 02 May\u0131s\u00a0Cuma g\u00fcn\u00fcne ili\u015fkin hava tahmin raporunu yay\u0131mlad\u0131.\u00a0 Meteoroloji Genel M\u00fcd\u00fcrl\u00fc\u011f\u00fc taraf\u0131ndan yap\u0131lan tahminlere g\u00f6re, yurdun genelinin par\u00e7al\u0131 ve \u00e7ok bulutlu, Marmara\u2019n\u0131n do\u011fusu, G\u00fcney ve \u0130\u00e7 Ege, Akdeniz, \u0130\u00e7 Anadolu, Karadeniz, Do\u011fu ve G\u00fcneydo\u011fu Anadolu ile \u00f6\u011fle saatlerinden sonra Tekirda\u011f ve \u00c7anakkale \u00e7evrelerinin aral\u0131kl\u0131 sa\u011fanak ve g\u00f6k g\u00fcr\u00fclt\u00fcl\u00fc sa\u011fanak ya\u011f\u0131\u015fl\u0131 ge\u00e7ece\u011fi tahmin ediliyor. Ya\u011f\u0131\u015flar\u0131n, Orta ve Do\u011fu Karadeniz, Do\u011fu Anadolu (Malatya, Van ve I\u011fd\u0131r hari\u00e7) ile Mu\u011fla, Ayd\u0131n, U\u015fak, Denizli, Afyonkarahisar, Antalya\u2019n\u0131n bat\u0131 i\u00e7 kesimleri, Isparta ve Burdur&#8217;un bat\u0131s\u0131, Ankara, Eski\u015fehir&#8217;in do\u011fusu, \u00c7ank\u0131r\u0131, K\u0131r\u015fehir, Yozgat, K\u0131r\u0131kkale&#8217;nin kuzeyi, Sivas, Karab\u00fck&#8217;\u00fcn do\u011fusu, Kastamonu, Ad\u0131yaman, \u015e. Urfa&#8217;n\u0131n kuzeyi, Diyarbak\u0131r, Batman ve Siirt \u00e7evrelerinde yer yer kuvvetli olmas\u0131 bekleniyor. Do\u011fu Anadolu&#8217;nun do\u011fusu ile G\u00fcneydo\u011fu Anadolu&#8217;da toz ta\u015f\u0131n\u0131m\u0131 bekleniyor. Hava s\u0131cakl\u0131\u011f\u0131n\u0131n, do\u011fu kesimlerde biraz azalaca\u011f\u0131, \u00dclkemiz genelinde mevsim normalleri civar\u0131nda seyredece\u011fi tahmin ediliyor. R\u00fczgar Bat\u0131 kesimlerde kuzeyli, do\u011fu kesimlerde g\u00fcneyli y\u00f6nlerden hafif, ara s\u0131ra orta kuvvette, Marmara&#8217;n\u0131n bat\u0131s\u0131 ile Kuzey Ege k\u0131y\u0131lar\u0131nda kuzey ve kuzeydo\u011fu y\u00f6nlerden kuvvetli (40-60 km\/sa), Do\u011fu Anadolu\u2019nun g\u00fcneydo\u011fusu \u0130le G\u00fcneydo\u011fu Anadolu&#8217;nun do\u011fusunda g\u00fcney ve g\u00fcneydo\u011fu y\u00f6nlerden kuvvetli ve f\u0131rt\u0131na(50-80 km\/saat) \u015feklinde &hellip;<\/p>","protected":false},"author":1,"featured_media":0,"comment_status":"","ping_status":"open","sticky":false,"template":"","format":"standard","meta":{"_acf_changed":false,"footnotes":""},"categories":[24],"tags":[],"class_list":["post-73397","post","type-post","status-publish","format-standard","has-post-thumbnail","hentry","category-gundem"],"acf":[],"yoast_head":"<!-- This site is optimized with the Yoast SEO Premium plugin v26.6 (Yoast SEO v27.1.1) - https:\/\/yoast.com\/product\/yoast-seo-premium-wordpress\/ -->\n<title>Meteoroloji&#039;den &#039;kuvvetli&#039; uyar\u0131! - Av. Deniz Can K\u0131z\u0131l<\/title>\n<meta name=\"robots\" content=\"index, follow, max-snippet:-1, max-image-preview:large, max-video-preview:-1\" \/>\n<link rel=\"canonical\" href=\"http:\/\/denizcankizil.tr\/uk\/haberler\/gundem\/meteorolojiden-kuvvetli-uyari-5\/\" \/>\n<meta property=\"og:locale\" content=\"uk_UA\" \/>\n<meta property=\"og:type\" content=\"article\" \/>\n<meta property=\"og:title\" content=\"Meteoroloji&#039;den &#039;kuvvetli&#039; uyar\u0131!\" \/>\n<meta property=\"og:description\" content=\"Meteoroloji Genel M\u00fcd\u00fcrl\u00fc\u011f\u00fc, Marmara\u2019n\u0131n do\u011fusu, G\u00fcney ve \u0130\u00e7 Ege, Akdeniz, \u0130\u00e7 Anadolu, Karadeniz, Do\u011fu ve G\u00fcneydo\u011fu Anadolu b\u00f6lgeleri i\u00e7in \u00f6\u011fle saatlerinden sonra kuvvetli ya\u011f\u0131\u015f uyar\u0131s\u0131nda bulundu.ANKARA (\u0130GFA) &#8211;\u00a0Meteoroloji Genel M\u00fcd\u00fcrl\u00fc\u011f\u00fc, 02 May\u0131s\u00a0Cuma g\u00fcn\u00fcne ili\u015fkin hava tahmin raporunu yay\u0131mlad\u0131.\u00a0 Meteoroloji Genel M\u00fcd\u00fcrl\u00fc\u011f\u00fc taraf\u0131ndan yap\u0131lan tahminlere g\u00f6re, yurdun genelinin par\u00e7al\u0131 ve \u00e7ok bulutlu, Marmara\u2019n\u0131n do\u011fusu, G\u00fcney ve \u0130\u00e7 Ege, Akdeniz, \u0130\u00e7 Anadolu, Karadeniz, Do\u011fu ve G\u00fcneydo\u011fu Anadolu ile \u00f6\u011fle saatlerinden sonra Tekirda\u011f ve \u00c7anakkale \u00e7evrelerinin aral\u0131kl\u0131 sa\u011fanak ve g\u00f6k g\u00fcr\u00fclt\u00fcl\u00fc sa\u011fanak ya\u011f\u0131\u015fl\u0131 ge\u00e7ece\u011fi tahmin ediliyor. Ya\u011f\u0131\u015flar\u0131n, Orta ve Do\u011fu Karadeniz, Do\u011fu Anadolu (Malatya, Van ve I\u011fd\u0131r hari\u00e7) ile Mu\u011fla, Ayd\u0131n, U\u015fak, Denizli, Afyonkarahisar, Antalya\u2019n\u0131n bat\u0131 i\u00e7 kesimleri, Isparta ve Burdur&#8217;un bat\u0131s\u0131, Ankara, Eski\u015fehir&#8217;in do\u011fusu, \u00c7ank\u0131r\u0131, K\u0131r\u015fehir, Yozgat, K\u0131r\u0131kkale&#8217;nin kuzeyi, Sivas, Karab\u00fck&#8217;\u00fcn do\u011fusu, Kastamonu, Ad\u0131yaman, \u015e. Urfa&#8217;n\u0131n kuzeyi, Diyarbak\u0131r, Batman ve Siirt \u00e7evrelerinde yer yer kuvvetli olmas\u0131 bekleniyor. Do\u011fu Anadolu&#8217;nun do\u011fusu ile G\u00fcneydo\u011fu Anadolu&#8217;da toz ta\u015f\u0131n\u0131m\u0131 bekleniyor. Hava s\u0131cakl\u0131\u011f\u0131n\u0131n, do\u011fu kesimlerde biraz azalaca\u011f\u0131, \u00dclkemiz genelinde mevsim normalleri civar\u0131nda seyredece\u011fi tahmin ediliyor. R\u00fczgar Bat\u0131 kesimlerde kuzeyli, do\u011fu kesimlerde g\u00fcneyli y\u00f6nlerden hafif, ara s\u0131ra orta kuvvette, Marmara&#8217;n\u0131n bat\u0131s\u0131 ile Kuzey Ege k\u0131y\u0131lar\u0131nda kuzey ve kuzeydo\u011fu y\u00f6nlerden kuvvetli (40-60 km\/sa), Do\u011fu Anadolu\u2019nun g\u00fcneydo\u011fusu \u0130le G\u00fcneydo\u011fu Anadolu&#8217;nun do\u011fusunda g\u00fcney ve g\u00fcneydo\u011fu y\u00f6nlerden kuvvetli ve f\u0131rt\u0131na(50-80 km\/saat) \u015feklinde &hellip;\" \/>\n<meta property=\"og:url\" content=\"http:\/\/denizcankizil.tr\/uk\/haberler\/gundem\/meteorolojiden-kuvvetli-uyari-5\/\" \/>\n<meta property=\"og:site_name\" content=\"Av. Deniz Can K\u0131z\u0131l\" \/>\n<meta property=\"article:published_time\" content=\"2025-05-02T05:42:09+00:00\" \/>\n<meta name=\"author\" content=\"admin\" \/>\n<meta name=\"twitter:card\" content=\"summary_large_image\" \/>\n<meta name=\"twitter:label1\" content=\"\u041d\u0430\u043f\u0438\u0441\u0430\u043d\u043e\" \/>\n\t<meta name=\"twitter:data1\" content=\"admin\" \/>\n\t<meta name=\"twitter:label2\" content=\"\u041f\u0440\u0438\u0431\u043b. \u0447\u0430\u0441 \u0447\u0438\u0442\u0430\u043d\u043d\u044f\" \/>\n\t<meta name=\"twitter:data2\" content=\"6 \u0445\u0432\u0438\u043b\u0438\u043d\" \/>\n<script type=\"application\/ld+json\" class=\"yoast-schema-graph\">{\"@context\":\"https:\/\/schema.org\",\"@graph\":[{\"@type\":\"Article\",\"@id\":\"http:\/\/denizcankizil.tr\/en\/haberler\/gundem\/meteorolojiden-kuvvetli-uyari-5\/#article\",\"isPartOf\":{\"@id\":\"http:\/\/denizcankizil.tr\/en\/haberler\/gundem\/meteorolojiden-kuvvetli-uyari-5\/\"},\"author\":{\"name\":\"admin\",\"@id\":\"https:\/\/denizcankizil.tr\/#\/schema\/person\/be3c05fe6a12686905512445d8185489\"},\"headline\":\"Meteoroloji&#8217;den &#8216;kuvvetli&#8217; uyar\u0131!\",\"datePublished\":\"2025-05-02T05:42:09+00:00\",\"mainEntityOfPage\":{\"@id\":\"http:\/\/denizcankizil.tr\/en\/haberler\/gundem\/meteorolojiden-kuvvetli-uyari-5\/\"},\"wordCount\":1154,\"publisher\":{\"@id\":\"https:\/\/denizcankizil.tr\/#organization\"},\"articleSection\":[\"G\u00fcndem\"],\"inLanguage\":\"uk\"},{\"@type\":\"WebPage\",\"@id\":\"http:\/\/denizcankizil.tr\/en\/haberler\/gundem\/meteorolojiden-kuvvetli-uyari-5\/\",\"url\":\"http:\/\/denizcankizil.tr\/en\/haberler\/gundem\/meteorolojiden-kuvvetli-uyari-5\/\",\"name\":\"Meteoroloji'den 'kuvvetli' uyar\u0131! - Av. Deniz Can K\u0131z\u0131l\",\"isPartOf\":{\"@id\":\"https:\/\/denizcankizil.tr\/#website\"},\"datePublished\":\"2025-05-02T05:42:09+00:00\",\"breadcrumb\":{\"@id\":\"http:\/\/denizcankizil.tr\/en\/haberler\/gundem\/meteorolojiden-kuvvetli-uyari-5\/#breadcrumb\"},\"inLanguage\":\"uk\",\"potentialAction\":[{\"@type\":\"ReadAction\",\"target\":[\"http:\/\/denizcankizil.tr\/en\/haberler\/gundem\/meteorolojiden-kuvvetli-uyari-5\/\"]}]},{\"@type\":\"BreadcrumbList\",\"@id\":\"http:\/\/denizcankizil.tr\/en\/haberler\/gundem\/meteorolojiden-kuvvetli-uyari-5\/#breadcrumb\",\"itemListElement\":[{\"@type\":\"ListItem\",\"position\":1,\"name\":\"Home\",\"item\":\"https:\/\/denizcankizil.tr\/de\/\"},{\"@type\":\"ListItem\",\"position\":2,\"name\":\"Meteoroloji&#8217;den &#8216;kuvvetli&#8217; uyar\u0131!\"}]},{\"@type\":\"WebSite\",\"@id\":\"https:\/\/denizcankizil.tr\/#website\",\"url\":\"https:\/\/denizcankizil.tr\/\",\"name\":\"Av. Deniz Can K\u0131z\u0131l\",\"description\":\"Avukat Deniz Can K\u0131z\u0131l Antalya Barosu\",\"publisher\":{\"@id\":\"https:\/\/denizcankizil.tr\/#organization\"},\"potentialAction\":[{\"@type\":\"SearchAction\",\"target\":{\"@type\":\"EntryPoint\",\"urlTemplate\":\"https:\/\/denizcankizil.tr\/?s={search_term_string}\"},\"query-input\":{\"@type\":\"PropertyValueSpecification\",\"valueRequired\":true,\"valueName\":\"search_term_string\"}}],\"inLanguage\":\"uk\"},{\"@type\":\"Organization\",\"@id\":\"https:\/\/denizcankizil.tr\/#organization\",\"name\":\"Av. Deniz Can K\u0131z\u0131l\",\"url\":\"https:\/\/denizcankizil.tr\/\",\"logo\":{\"@type\":\"ImageObject\",\"inLanguage\":\"uk\",\"@id\":\"https:\/\/denizcankizil.tr\/#\/schema\/logo\/image\/\",\"url\":\"http:\/\/denizcankizil.tr\/wp-content\/uploads\/2024\/10\/siyah-logo-svg.svg\",\"contentUrl\":\"http:\/\/denizcankizil.tr\/wp-content\/uploads\/2024\/10\/siyah-logo-svg.svg\",\"width\":1080,\"height\":1080,\"caption\":\"Av. Deniz Can K\u0131z\u0131l\"},\"image\":{\"@id\":\"https:\/\/denizcankizil.tr\/#\/schema\/logo\/image\/\"}},{\"@type\":\"Person\",\"@id\":\"https:\/\/denizcankizil.tr\/#\/schema\/person\/be3c05fe6a12686905512445d8185489\",\"name\":\"admin\",\"image\":{\"@type\":\"ImageObject\",\"inLanguage\":\"uk\",\"@id\":\"https:\/\/denizcankizil.tr\/#\/schema\/person\/image\/\",\"url\":\"https:\/\/secure.gravatar.com\/avatar\/c1fce94c830dc79107e174f890d7210541c4a63e8e5d816341794a2151c9d58c?s=96&d=mm&r=g\",\"contentUrl\":\"https:\/\/secure.gravatar.com\/avatar\/c1fce94c830dc79107e174f890d7210541c4a63e8e5d816341794a2151c9d58c?s=96&d=mm&r=g\",\"caption\":\"admin\"},\"sameAs\":[\"http:\/\/denizcankizil.tr\"],\"url\":\"https:\/\/www.iskenderun.org\/meteorolojiden-kuvvetli-uyari-8\"}]}<\/script>\n<!-- \/ Yoast SEO Premium plugin. -->","yoast_head_json":{"title":"Meteoroloji'den 'kuvvetli' uyar\u0131! - Av. Deniz Can K\u0131z\u0131l","robots":{"index":"index","follow":"follow","max-snippet":"max-snippet:-1","max-image-preview":"max-image-preview:large","max-video-preview":"max-video-preview:-1"},"canonical":"http:\/\/denizcankizil.tr\/uk\/haberler\/gundem\/meteorolojiden-kuvvetli-uyari-5\/","og_locale":"uk_UA","og_type":"article","og_title":"Meteoroloji'den 'kuvvetli' uyar\u0131!","og_description":"Meteoroloji Genel M\u00fcd\u00fcrl\u00fc\u011f\u00fc, Marmara\u2019n\u0131n do\u011fusu, G\u00fcney ve \u0130\u00e7 Ege, Akdeniz, \u0130\u00e7 Anadolu, Karadeniz, Do\u011fu ve G\u00fcneydo\u011fu Anadolu b\u00f6lgeleri i\u00e7in \u00f6\u011fle saatlerinden sonra kuvvetli ya\u011f\u0131\u015f uyar\u0131s\u0131nda bulundu.ANKARA (\u0130GFA) &#8211;\u00a0Meteoroloji Genel M\u00fcd\u00fcrl\u00fc\u011f\u00fc, 02 May\u0131s\u00a0Cuma g\u00fcn\u00fcne ili\u015fkin hava tahmin raporunu yay\u0131mlad\u0131.\u00a0 Meteoroloji Genel M\u00fcd\u00fcrl\u00fc\u011f\u00fc taraf\u0131ndan yap\u0131lan tahminlere g\u00f6re, yurdun genelinin par\u00e7al\u0131 ve \u00e7ok bulutlu, Marmara\u2019n\u0131n do\u011fusu, G\u00fcney ve \u0130\u00e7 Ege, Akdeniz, \u0130\u00e7 Anadolu, Karadeniz, Do\u011fu ve G\u00fcneydo\u011fu Anadolu ile \u00f6\u011fle saatlerinden sonra Tekirda\u011f ve \u00c7anakkale \u00e7evrelerinin aral\u0131kl\u0131 sa\u011fanak ve g\u00f6k g\u00fcr\u00fclt\u00fcl\u00fc sa\u011fanak ya\u011f\u0131\u015fl\u0131 ge\u00e7ece\u011fi tahmin ediliyor. Ya\u011f\u0131\u015flar\u0131n, Orta ve Do\u011fu Karadeniz, Do\u011fu Anadolu (Malatya, Van ve I\u011fd\u0131r hari\u00e7) ile Mu\u011fla, Ayd\u0131n, U\u015fak, Denizli, Afyonkarahisar, Antalya\u2019n\u0131n bat\u0131 i\u00e7 kesimleri, Isparta ve Burdur&#8217;un bat\u0131s\u0131, Ankara, Eski\u015fehir&#8217;in do\u011fusu, \u00c7ank\u0131r\u0131, K\u0131r\u015fehir, Yozgat, K\u0131r\u0131kkale&#8217;nin kuzeyi, Sivas, Karab\u00fck&#8217;\u00fcn do\u011fusu, Kastamonu, Ad\u0131yaman, \u015e. Urfa&#8217;n\u0131n kuzeyi, Diyarbak\u0131r, Batman ve Siirt \u00e7evrelerinde yer yer kuvvetli olmas\u0131 bekleniyor. Do\u011fu Anadolu&#8217;nun do\u011fusu ile G\u00fcneydo\u011fu Anadolu&#8217;da toz ta\u015f\u0131n\u0131m\u0131 bekleniyor. Hava s\u0131cakl\u0131\u011f\u0131n\u0131n, do\u011fu kesimlerde biraz azalaca\u011f\u0131, \u00dclkemiz genelinde mevsim normalleri civar\u0131nda seyredece\u011fi tahmin ediliyor. R\u00fczgar Bat\u0131 kesimlerde kuzeyli, do\u011fu kesimlerde g\u00fcneyli y\u00f6nlerden hafif, ara s\u0131ra orta kuvvette, Marmara&#8217;n\u0131n bat\u0131s\u0131 ile Kuzey Ege k\u0131y\u0131lar\u0131nda kuzey ve kuzeydo\u011fu y\u00f6nlerden kuvvetli (40-60 km\/sa), Do\u011fu Anadolu\u2019nun g\u00fcneydo\u011fusu \u0130le G\u00fcneydo\u011fu Anadolu&#8217;nun do\u011fusunda g\u00fcney ve g\u00fcneydo\u011fu y\u00f6nlerden kuvvetli ve f\u0131rt\u0131na(50-80 km\/saat) \u015feklinde &hellip;","og_url":"http:\/\/denizcankizil.tr\/uk\/haberler\/gundem\/meteorolojiden-kuvvetli-uyari-5\/","og_site_name":"Av. Deniz Can K\u0131z\u0131l","article_published_time":"2025-05-02T05:42:09+00:00","author":"admin","twitter_card":"summary_large_image","twitter_misc":{"\u041d\u0430\u043f\u0438\u0441\u0430\u043d\u043e":"admin","\u041f\u0440\u0438\u0431\u043b. \u0447\u0430\u0441 \u0447\u0438\u0442\u0430\u043d\u043d\u044f":"6 \u0445\u0432\u0438\u043b\u0438\u043d"},"schema":{"@context":"https:\/\/schema.org","@graph":[{"@type":"Article","@id":"http:\/\/denizcankizil.tr\/en\/haberler\/gundem\/meteorolojiden-kuvvetli-uyari-5\/#article","isPartOf":{"@id":"http:\/\/denizcankizil.tr\/en\/haberler\/gundem\/meteorolojiden-kuvvetli-uyari-5\/"},"author":{"name":"admin","@id":"https:\/\/denizcankizil.tr\/#\/schema\/person\/be3c05fe6a12686905512445d8185489"},"headline":"Meteoroloji&#8217;den &#8216;kuvvetli&#8217; uyar\u0131!","datePublished":"2025-05-02T05:42:09+00:00","mainEntityOfPage":{"@id":"http:\/\/denizcankizil.tr\/en\/haberler\/gundem\/meteorolojiden-kuvvetli-uyari-5\/"},"wordCount":1154,"publisher":{"@id":"https:\/\/denizcankizil.tr\/#organization"},"articleSection":["G\u00fcndem"],"inLanguage":"uk"},{"@type":"WebPage","@id":"http:\/\/denizcankizil.tr\/en\/haberler\/gundem\/meteorolojiden-kuvvetli-uyari-5\/","url":"http:\/\/denizcankizil.tr\/en\/haberler\/gundem\/meteorolojiden-kuvvetli-uyari-5\/","name":"Meteoroloji'den 'kuvvetli' uyar\u0131! - Av. Deniz Can K\u0131z\u0131l","isPartOf":{"@id":"https:\/\/denizcankizil.tr\/#website"},"datePublished":"2025-05-02T05:42:09+00:00","breadcrumb":{"@id":"http:\/\/denizcankizil.tr\/en\/haberler\/gundem\/meteorolojiden-kuvvetli-uyari-5\/#breadcrumb"},"inLanguage":"uk","potentialAction":[{"@type":"ReadAction","target":["http:\/\/denizcankizil.tr\/en\/haberler\/gundem\/meteorolojiden-kuvvetli-uyari-5\/"]}]},{"@type":"BreadcrumbList","@id":"http:\/\/denizcankizil.tr\/en\/haberler\/gundem\/meteorolojiden-kuvvetli-uyari-5\/#breadcrumb","itemListElement":[{"@type":"ListItem","position":1,"name":"Home","item":"https:\/\/denizcankizil.tr\/de\/"},{"@type":"ListItem","position":2,"name":"Meteoroloji&#8217;den &#8216;kuvvetli&#8217; uyar\u0131!"}]},{"@type":"WebSite","@id":"https:\/\/denizcankizil.tr\/#website","url":"https:\/\/denizcankizil.tr\/","name":"Av. Deniz Can K\u0131z\u0131l","description":"Avukat Deniz Can K\u0131z\u0131l Antalya Barosu","publisher":{"@id":"https:\/\/denizcankizil.tr\/#organization"},"potentialAction":[{"@type":"SearchAction","target":{"@type":"EntryPoint","urlTemplate":"https:\/\/denizcankizil.tr\/?s={search_term_string}"},"query-input":{"@type":"PropertyValueSpecification","valueRequired":true,"valueName":"search_term_string"}}],"inLanguage":"uk"},{"@type":"Organization","@id":"https:\/\/denizcankizil.tr\/#organization","name":"Av. Deniz Can K\u0131z\u0131l","url":"https:\/\/denizcankizil.tr\/","logo":{"@type":"ImageObject","inLanguage":"uk","@id":"https:\/\/denizcankizil.tr\/#\/schema\/logo\/image\/","url":"http:\/\/denizcankizil.tr\/wp-content\/uploads\/2024\/10\/siyah-logo-svg.svg","contentUrl":"http:\/\/denizcankizil.tr\/wp-content\/uploads\/2024\/10\/siyah-logo-svg.svg","width":1080,"height":1080,"caption":"Av. Deniz Can K\u0131z\u0131l"},"image":{"@id":"https:\/\/denizcankizil.tr\/#\/schema\/logo\/image\/"}},{"@type":"Person","@id":"https:\/\/denizcankizil.tr\/#\/schema\/person\/be3c05fe6a12686905512445d8185489","name":"\u0430\u0434\u043c\u0456\u043d","image":{"@type":"ImageObject","inLanguage":"uk","@id":"https:\/\/denizcankizil.tr\/#\/schema\/person\/image\/","url":"https:\/\/secure.gravatar.com\/avatar\/c1fce94c830dc79107e174f890d7210541c4a63e8e5d816341794a2151c9d58c?s=96&d=mm&r=g","contentUrl":"https:\/\/secure.gravatar.com\/avatar\/c1fce94c830dc79107e174f890d7210541c4a63e8e5d816341794a2151c9d58c?s=96&d=mm&r=g","caption":"admin"},"sameAs":["http:\/\/denizcankizil.tr"],"url":"https:\/\/www.iskenderun.org\/meteorolojiden-kuvvetli-uyari-8"}]}},"_links":{"self":[{"href":"http:\/\/denizcankizil.tr\/uk\/wp-json\/wp\/v2\/posts\/73397","targetHints":{"allow":["GET"]}}],"collection":[{"href":"http:\/\/denizcankizil.tr\/uk\/wp-json\/wp\/v2\/posts"}],"about":[{"href":"http:\/\/denizcankizil.tr\/uk\/wp-json\/wp\/v2\/types\/post"}],"author":[{"embeddable":true,"href":"http:\/\/denizcankizil.tr\/uk\/wp-json\/wp\/v2\/users\/1"}],"replies":[{"embeddable":true,"href":"http:\/\/denizcankizil.tr\/uk\/wp-json\/wp\/v2\/comments?post=73397"}],"version-history":[{"count":0,"href":"http:\/\/denizcankizil.tr\/uk\/wp-json\/wp\/v2\/posts\/73397\/revisions"}],"wp:attachment":[{"href":"http:\/\/denizcankizil.tr\/uk\/wp-json\/wp\/v2\/media?parent=73397"}],"wp:term":[{"taxonomy":"category","embeddable":true,"href":"http:\/\/denizcankizil.tr\/uk\/wp-json\/wp\/v2\/categories?post=73397"},{"taxonomy":"post_tag","embeddable":true,"href":"http:\/\/denizcankizil.tr\/uk\/wp-json\/wp\/v2\/tags?post=73397"}],"curies":[{"name":"wp","href":"https:\/\/api.w.org\/{rel}","templated":true}]}}