{"id":72392,"date":"2025-05-01T10:43:08","date_gmt":"2025-05-01T07:43:08","guid":{"rendered":"https:\/\/denizcankizil.tr\/uncategorized-tr\/kocaelide-139-araca-ceza-9-araca-trafikten-men\/"},"modified":"2025-05-01T10:43:08","modified_gmt":"2025-05-01T07:43:08","slug":"kocaelide-139-araca-ceza-9-araca-trafikten-men","status":"publish","type":"post","link":"http:\/\/denizcankizil.tr\/uk\/haberler\/gundem\/kocaelide-139-araca-ceza-9-araca-trafikten-men\/","title":{"rendered":"Kocaeli&#8217;de 139 araca ceza, 9 araca trafikten men"},"content":{"rendered":"<p>Kocaeli B\u00fcy\u00fck\u015fehir Enc\u00fcmeni, yolcu g\u00fcvenli\u011fini tehlikeye atan 9 s\u00fcr\u00fcc\u00fcn\u00fcn arac\u0131n\u0131 trafikten men etti, y\u00f6netmeli\u011fe ayk\u0131r\u0131 hareket eden 139 araca toplam 410 bin TL ceza kestiKOCAEL\u0130 (\u0130GFA) &#8211; Kocaeli B\u00fcy\u00fck\u015fehir Belediye Enc\u00fcmeni\u2019nin Nisan ay\u0131 son toplant\u0131s\u0131nda toplu ta\u015f\u0131maya y\u00f6nelik \u00f6nemli kararlar al\u0131nd\u0131. Yolcu g\u00fcvenli\u011fini tehlikeye atan 9 s\u00fcr\u00fcc\u00fcn\u00fcn arac\u0131 trafikten men edildi, y\u00f6netmeli\u011fe ayk\u0131r\u0131 hareket eden 139 araca toplam 410 bin TL ceza kesildi.<br \/>\nKocaeli B\u00fcy\u00fck\u015fehir Belediyesi, Nisan ay\u0131n\u0131n son enc\u00fcmen toplant\u0131s\u0131nda toplu ta\u015f\u0131maya y\u00f6nelik \u00f6nemli kararlar ald\u0131. Toplu Ta\u015f\u0131ma \u015eube M\u00fcd\u00fcrl\u00fc\u011f\u00fc taraf\u0131ndan g\u00fcndeme getirilen olaylar \u00e7er\u00e7evesinde, 9 toplu ta\u015f\u0131ma arac\u0131 s\u00fcr\u00fcc\u00fcs\u00fcn\u00fcn yolcularla ya\u015fad\u0131\u011f\u0131 m\u00fcnaka\u015falar sonucu fiziki m\u00fcdahalede bulunmalar\u0131 ve olaylar\u0131n b\u00fcy\u00fcmesi nedeniyle ara\u00e7lar\u0131n ba\u011flanmas\u0131na karar verildi.<br \/>\n\u015eikayetler \u00fczerine Ula\u015f\u0131m Y\u00f6netim Merkezi (UYM) taraf\u0131ndan kamera kay\u0131tlar\u0131n\u0131n incelenmesiyle haz\u0131rlanan rapor do\u011frultusunda, olaylara kar\u0131\u015ft\u0131\u011f\u0131 tespit edilen s\u00fcr\u00fcc\u00fcler hakk\u0131nda i\u015flem ba\u015flat\u0131ld\u0131. Belediye enc\u00fcmeni, kamu d\u00fczeni ve yolcu g\u00fcvenli\u011fi gerek\u00e7esiyle ara\u00e7lar\u0131n trafikten men edilmesini kararla\u015ft\u0131rd\u0131.<br \/>\n139 ARACA 410 B\u0130N TL CEZA<br \/>\n\u00d6te yandan, toplu ta\u015f\u0131ma ara\u00e7lar\u0131 \u00e7al\u0131\u015fma y\u00f6netmeli\u011finin ilgili maddelerine ayk\u0131r\u0131 hareket etti\u011fi tespit edilen 139 toplu ta\u015f\u0131ma arac\u0131na da, her biri i\u00e7in 2.953 TL olmak \u00fczere toplamda 410.467 TL idari para cezas\u0131 uygulanmas\u0131na h\u00fckmedildi. Toplant\u0131da toplam 151 g\u00fcndem maddesi g\u00f6r\u00fc\u015f\u00fclerek karara ba\u011fland\u0131.<\/p>\n<p>\u200bKocaeli B\u00fcy\u00fck\u015fehir Enc\u00fcmeni, yolcu g\u00fcvenli\u011fini tehlikeye atan 9 s\u00fcr\u00fcc\u00fcn\u00fcn arac\u0131n\u0131 trafikten men etti, y\u00f6netmeli\u011fe ayk\u0131r\u0131 hareket eden 139 araca toplam 410 bin TL ceza kestiKOCAEL\u0130 (\u0130GFA) &#8211; Kocaeli B\u00fcy\u00fck\u015fehir Belediye Enc\u00fcmeni\u2019nin Nisan ay\u0131 son toplant\u0131s\u0131nda toplu ta\u015f\u0131maya y\u00f6nelik \u00f6nemli kararlar al\u0131nd\u0131. Yolcu g\u00fcvenli\u011fini tehlikeye atan 9 s\u00fcr\u00fcc\u00fcn\u00fcn arac\u0131 trafikten men edildi, y\u00f6netmeli\u011fe ayk\u0131r\u0131 hareket eden 139 araca toplam 410 bin TL ceza kesildi.<br \/>\nKocaeli B\u00fcy\u00fck\u015fehir Belediyesi, Nisan ay\u0131n\u0131n son enc\u00fcmen toplant\u0131s\u0131nda toplu ta\u015f\u0131maya y\u00f6nelik \u00f6nemli kararlar ald\u0131. Toplu Ta\u015f\u0131ma \u015eube M\u00fcd\u00fcrl\u00fc\u011f\u00fc taraf\u0131ndan g\u00fcndeme getirilen olaylar \u00e7er\u00e7evesinde, 9 toplu ta\u015f\u0131ma arac\u0131 s\u00fcr\u00fcc\u00fcs\u00fcn\u00fcn yolcularla ya\u015fad\u0131\u011f\u0131 m\u00fcnaka\u015falar sonucu fiziki m\u00fcdahalede bulunmalar\u0131 ve olaylar\u0131n b\u00fcy\u00fcmesi nedeniyle ara\u00e7lar\u0131n ba\u011flanmas\u0131na karar verildi.<br \/>\n\u015eikayetler \u00fczerine Ula\u015f\u0131m Y\u00f6netim Merkezi (UYM) taraf\u0131ndan kamera kay\u0131tlar\u0131n\u0131n incelenmesiyle haz\u0131rlanan rapor do\u011frultusunda, olaylara kar\u0131\u015ft\u0131\u011f\u0131 tespit edilen s\u00fcr\u00fcc\u00fcler hakk\u0131nda i\u015flem ba\u015flat\u0131ld\u0131. Belediye enc\u00fcmeni, kamu d\u00fczeni ve yolcu g\u00fcvenli\u011fi gerek\u00e7esiyle ara\u00e7lar\u0131n trafikten men edilmesini kararla\u015ft\u0131rd\u0131.<br \/>\n139 ARACA 410 B\u0130N TL CEZA<br \/>\n\u00d6te yandan, toplu ta\u015f\u0131ma ara\u00e7lar\u0131 \u00e7al\u0131\u015fma y\u00f6netmeli\u011finin ilgili maddelerine ayk\u0131r\u0131 hareket etti\u011fi tespit edilen 139 toplu ta\u015f\u0131ma arac\u0131na da, her biri i\u00e7in 2.953 TL olmak \u00fczere toplamda 410.467 TL idari para cezas\u0131 uygulanmas\u0131na h\u00fckmedildi. Toplant\u0131da toplam 151 g\u00fcndem maddesi g\u00f6r\u00fc\u015f\u00fclerek karara ba\u011fland\u0131.\u00a0<\/p>\n<p>\u200bHaberin Al\u0131nt\u0131land\u0131\u011f\u0131 Kaynak: www.iskenderun.org<\/p>","protected":false},"excerpt":{"rendered":"<p>Kocaeli B\u00fcy\u00fck\u015fehir Enc\u00fcmeni, yolcu g\u00fcvenli\u011fini tehlikeye atan 9 s\u00fcr\u00fcc\u00fcn\u00fcn arac\u0131n\u0131 trafikten men etti, y\u00f6netmeli\u011fe ayk\u0131r\u0131 hareket eden 139 araca toplam 410 bin TL ceza kestiKOCAEL\u0130 (\u0130GFA) &#8211; Kocaeli B\u00fcy\u00fck\u015fehir Belediye Enc\u00fcmeni\u2019nin Nisan ay\u0131 son toplant\u0131s\u0131nda toplu ta\u015f\u0131maya y\u00f6nelik \u00f6nemli kararlar al\u0131nd\u0131. Yolcu g\u00fcvenli\u011fini tehlikeye atan 9 s\u00fcr\u00fcc\u00fcn\u00fcn arac\u0131 trafikten men edildi, y\u00f6netmeli\u011fe ayk\u0131r\u0131 hareket eden 139 araca toplam 410 bin TL ceza kesildi. Kocaeli B\u00fcy\u00fck\u015fehir Belediyesi, Nisan ay\u0131n\u0131n son enc\u00fcmen toplant\u0131s\u0131nda toplu ta\u015f\u0131maya y\u00f6nelik \u00f6nemli kararlar ald\u0131. Toplu Ta\u015f\u0131ma \u015eube M\u00fcd\u00fcrl\u00fc\u011f\u00fc taraf\u0131ndan g\u00fcndeme getirilen olaylar \u00e7er\u00e7evesinde, 9 toplu ta\u015f\u0131ma arac\u0131 s\u00fcr\u00fcc\u00fcs\u00fcn\u00fcn yolcularla ya\u015fad\u0131\u011f\u0131 m\u00fcnaka\u015falar sonucu fiziki m\u00fcdahalede bulunmalar\u0131 ve olaylar\u0131n b\u00fcy\u00fcmesi nedeniyle ara\u00e7lar\u0131n ba\u011flanmas\u0131na karar verildi. \u015eikayetler \u00fczerine Ula\u015f\u0131m Y\u00f6netim Merkezi (UYM) taraf\u0131ndan kamera kay\u0131tlar\u0131n\u0131n incelenmesiyle haz\u0131rlanan rapor do\u011frultusunda, olaylara kar\u0131\u015ft\u0131\u011f\u0131 tespit edilen s\u00fcr\u00fcc\u00fcler hakk\u0131nda i\u015flem ba\u015flat\u0131ld\u0131. Belediye enc\u00fcmeni, kamu d\u00fczeni ve yolcu g\u00fcvenli\u011fi gerek\u00e7esiyle ara\u00e7lar\u0131n trafikten men edilmesini kararla\u015ft\u0131rd\u0131. 139 ARACA 410 B\u0130N TL CEZA \u00d6te yandan, toplu ta\u015f\u0131ma ara\u00e7lar\u0131 \u00e7al\u0131\u015fma y\u00f6netmeli\u011finin ilgili maddelerine ayk\u0131r\u0131 hareket etti\u011fi tespit edilen 139 toplu ta\u015f\u0131ma arac\u0131na da, her biri i\u00e7in 2.953 TL olmak \u00fczere toplamda 410.467 TL idari para cezas\u0131 uygulanmas\u0131na h\u00fckmedildi. Toplant\u0131da toplam 151 g\u00fcndem maddesi g\u00f6r\u00fc\u015f\u00fclerek karara ba\u011fland\u0131. \u200bKocaeli B\u00fcy\u00fck\u015fehir Enc\u00fcmeni, yolcu g\u00fcvenli\u011fini tehlikeye atan 9 s\u00fcr\u00fcc\u00fcn\u00fcn arac\u0131n\u0131 trafikten men &hellip;<\/p>","protected":false},"author":1,"featured_media":0,"comment_status":"","ping_status":"open","sticky":false,"template":"","format":"standard","meta":{"_acf_changed":false,"footnotes":""},"categories":[24],"tags":[],"class_list":["post-72392","post","type-post","status-publish","format-standard","has-post-thumbnail","hentry","category-gundem"],"acf":[],"yoast_head":"<!-- This site is optimized with the Yoast SEO Premium plugin v26.6 (Yoast SEO v27.1.1) - https:\/\/yoast.com\/product\/yoast-seo-premium-wordpress\/ -->\n<title>Kocaeli&#039;de 139 araca ceza, 9 araca trafikten men - Av. Deniz Can K\u0131z\u0131l<\/title>\n<meta name=\"robots\" content=\"index, follow, max-snippet:-1, max-image-preview:large, max-video-preview:-1\" \/>\n<link rel=\"canonical\" href=\"https:\/\/denizcankizil.tr\/uk\/haberler\/gundem\/kocaelide-139-araca-ceza-9-araca-trafikten-men\/\" \/>\n<meta property=\"og:locale\" content=\"uk_UA\" \/>\n<meta property=\"og:type\" content=\"article\" \/>\n<meta property=\"og:title\" content=\"Kocaeli&#039;de 139 araca ceza, 9 araca trafikten men\" \/>\n<meta property=\"og:description\" content=\"Kocaeli B\u00fcy\u00fck\u015fehir Enc\u00fcmeni, yolcu g\u00fcvenli\u011fini tehlikeye atan 9 s\u00fcr\u00fcc\u00fcn\u00fcn arac\u0131n\u0131 trafikten men etti, y\u00f6netmeli\u011fe ayk\u0131r\u0131 hareket eden 139 araca toplam 410 bin TL ceza kestiKOCAEL\u0130 (\u0130GFA) &#8211; Kocaeli B\u00fcy\u00fck\u015fehir Belediye Enc\u00fcmeni\u2019nin Nisan ay\u0131 son toplant\u0131s\u0131nda toplu ta\u015f\u0131maya y\u00f6nelik \u00f6nemli kararlar al\u0131nd\u0131. Yolcu g\u00fcvenli\u011fini tehlikeye atan 9 s\u00fcr\u00fcc\u00fcn\u00fcn arac\u0131 trafikten men edildi, y\u00f6netmeli\u011fe ayk\u0131r\u0131 hareket eden 139 araca toplam 410 bin TL ceza kesildi. Kocaeli B\u00fcy\u00fck\u015fehir Belediyesi, Nisan ay\u0131n\u0131n son enc\u00fcmen toplant\u0131s\u0131nda toplu ta\u015f\u0131maya y\u00f6nelik \u00f6nemli kararlar ald\u0131. Toplu Ta\u015f\u0131ma \u015eube M\u00fcd\u00fcrl\u00fc\u011f\u00fc taraf\u0131ndan g\u00fcndeme getirilen olaylar \u00e7er\u00e7evesinde, 9 toplu ta\u015f\u0131ma arac\u0131 s\u00fcr\u00fcc\u00fcs\u00fcn\u00fcn yolcularla ya\u015fad\u0131\u011f\u0131 m\u00fcnaka\u015falar sonucu fiziki m\u00fcdahalede bulunmalar\u0131 ve olaylar\u0131n b\u00fcy\u00fcmesi nedeniyle ara\u00e7lar\u0131n ba\u011flanmas\u0131na karar verildi. \u015eikayetler \u00fczerine Ula\u015f\u0131m Y\u00f6netim Merkezi (UYM) taraf\u0131ndan kamera kay\u0131tlar\u0131n\u0131n incelenmesiyle haz\u0131rlanan rapor do\u011frultusunda, olaylara kar\u0131\u015ft\u0131\u011f\u0131 tespit edilen s\u00fcr\u00fcc\u00fcler hakk\u0131nda i\u015flem ba\u015flat\u0131ld\u0131. Belediye enc\u00fcmeni, kamu d\u00fczeni ve yolcu g\u00fcvenli\u011fi gerek\u00e7esiyle ara\u00e7lar\u0131n trafikten men edilmesini kararla\u015ft\u0131rd\u0131. 139 ARACA 410 B\u0130N TL CEZA \u00d6te yandan, toplu ta\u015f\u0131ma ara\u00e7lar\u0131 \u00e7al\u0131\u015fma y\u00f6netmeli\u011finin ilgili maddelerine ayk\u0131r\u0131 hareket etti\u011fi tespit edilen 139 toplu ta\u015f\u0131ma arac\u0131na da, her biri i\u00e7in 2.953 TL olmak \u00fczere toplamda 410.467 TL idari para cezas\u0131 uygulanmas\u0131na h\u00fckmedildi. Toplant\u0131da toplam 151 g\u00fcndem maddesi g\u00f6r\u00fc\u015f\u00fclerek karara ba\u011fland\u0131. \u200bKocaeli B\u00fcy\u00fck\u015fehir Enc\u00fcmeni, yolcu g\u00fcvenli\u011fini tehlikeye atan 9 s\u00fcr\u00fcc\u00fcn\u00fcn arac\u0131n\u0131 trafikten men &hellip;\" \/>\n<meta property=\"og:url\" content=\"https:\/\/denizcankizil.tr\/uk\/haberler\/gundem\/kocaelide-139-araca-ceza-9-araca-trafikten-men\/\" \/>\n<meta property=\"og:site_name\" content=\"Av. Deniz Can K\u0131z\u0131l\" \/>\n<meta property=\"article:published_time\" content=\"2025-05-01T07:43:08+00:00\" \/>\n<meta name=\"author\" content=\"admin\" \/>\n<meta name=\"twitter:card\" content=\"summary_large_image\" \/>\n<meta name=\"twitter:label1\" content=\"\u041d\u0430\u043f\u0438\u0441\u0430\u043d\u043e\" \/>\n\t<meta name=\"twitter:data1\" content=\"admin\" \/>\n\t<meta name=\"twitter:label2\" content=\"\u041f\u0440\u0438\u0431\u043b. \u0447\u0430\u0441 \u0447\u0438\u0442\u0430\u043d\u043d\u044f\" \/>\n\t<meta name=\"twitter:data2\" content=\"3 \u0445\u0432\u0438\u043b\u0438\u043d\u0438\" \/>\n<script type=\"application\/ld+json\" class=\"yoast-schema-graph\">{\"@context\":\"https:\/\/schema.org\",\"@graph\":[{\"@type\":\"Article\",\"@id\":\"https:\/\/denizcankizil.tr\/en\/haberler\/gundem\/kocaelide-139-araca-ceza-9-araca-trafikten-men\/#article\",\"isPartOf\":{\"@id\":\"https:\/\/denizcankizil.tr\/en\/haberler\/gundem\/kocaelide-139-araca-ceza-9-araca-trafikten-men\/\"},\"author\":{\"name\":\"admin\",\"@id\":\"https:\/\/denizcankizil.tr\/de\/#\/schema\/person\/be3c05fe6a12686905512445d8185489\"},\"headline\":\"Kocaeli&#8217;de 139 araca ceza, 9 araca trafikten men\",\"datePublished\":\"2025-05-01T07:43:08+00:00\",\"mainEntityOfPage\":{\"@id\":\"https:\/\/denizcankizil.tr\/en\/haberler\/gundem\/kocaelide-139-araca-ceza-9-araca-trafikten-men\/\"},\"wordCount\":583,\"publisher\":{\"@id\":\"https:\/\/denizcankizil.tr\/de\/#organization\"},\"articleSection\":[\"G\u00fcndem\"],\"inLanguage\":\"uk\"},{\"@type\":\"WebPage\",\"@id\":\"https:\/\/denizcankizil.tr\/en\/haberler\/gundem\/kocaelide-139-araca-ceza-9-araca-trafikten-men\/\",\"url\":\"https:\/\/denizcankizil.tr\/en\/haberler\/gundem\/kocaelide-139-araca-ceza-9-araca-trafikten-men\/\",\"name\":\"Kocaeli'de 139 araca ceza, 9 araca trafikten men - Av. Deniz Can K\u0131z\u0131l\",\"isPartOf\":{\"@id\":\"https:\/\/denizcankizil.tr\/de\/#website\"},\"datePublished\":\"2025-05-01T07:43:08+00:00\",\"breadcrumb\":{\"@id\":\"https:\/\/denizcankizil.tr\/en\/haberler\/gundem\/kocaelide-139-araca-ceza-9-araca-trafikten-men\/#breadcrumb\"},\"inLanguage\":\"uk\",\"potentialAction\":[{\"@type\":\"ReadAction\",\"target\":[\"https:\/\/denizcankizil.tr\/en\/haberler\/gundem\/kocaelide-139-araca-ceza-9-araca-trafikten-men\/\"]}]},{\"@type\":\"BreadcrumbList\",\"@id\":\"https:\/\/denizcankizil.tr\/en\/haberler\/gundem\/kocaelide-139-araca-ceza-9-araca-trafikten-men\/#breadcrumb\",\"itemListElement\":[{\"@type\":\"ListItem\",\"position\":1,\"name\":\"Home\",\"item\":\"https:\/\/denizcankizil.tr\/de\/\"},{\"@type\":\"ListItem\",\"position\":2,\"name\":\"Kocaeli&#8217;de 139 araca ceza, 9 araca trafikten men\"}]},{\"@type\":\"WebSite\",\"@id\":\"https:\/\/denizcankizil.tr\/de\/#website\",\"url\":\"https:\/\/denizcankizil.tr\/de\/\",\"name\":\"Av. Deniz Can K\u0131z\u0131l\",\"description\":\"Avukat Deniz Can K\u0131z\u0131l Antalya Barosu\",\"publisher\":{\"@id\":\"https:\/\/denizcankizil.tr\/de\/#organization\"},\"potentialAction\":[{\"@type\":\"SearchAction\",\"target\":{\"@type\":\"EntryPoint\",\"urlTemplate\":\"https:\/\/denizcankizil.tr\/de\/?s={search_term_string}\"},\"query-input\":{\"@type\":\"PropertyValueSpecification\",\"valueRequired\":true,\"valueName\":\"search_term_string\"}}],\"inLanguage\":\"uk\"},{\"@type\":\"Organization\",\"@id\":\"https:\/\/denizcankizil.tr\/de\/#organization\",\"name\":\"Av. Deniz Can K\u0131z\u0131l\",\"url\":\"https:\/\/denizcankizil.tr\/de\/\",\"logo\":{\"@type\":\"ImageObject\",\"inLanguage\":\"uk\",\"@id\":\"https:\/\/denizcankizil.tr\/de\/#\/schema\/logo\/image\/\",\"url\":\"http:\/\/denizcankizil.tr\/wp-content\/uploads\/2024\/10\/siyah-logo-svg.svg\",\"contentUrl\":\"http:\/\/denizcankizil.tr\/wp-content\/uploads\/2024\/10\/siyah-logo-svg.svg\",\"width\":1080,\"height\":1080,\"caption\":\"Av. Deniz Can K\u0131z\u0131l\"},\"image\":{\"@id\":\"https:\/\/denizcankizil.tr\/de\/#\/schema\/logo\/image\/\"}},{\"@type\":\"Person\",\"@id\":\"https:\/\/denizcankizil.tr\/de\/#\/schema\/person\/be3c05fe6a12686905512445d8185489\",\"name\":\"admin\",\"image\":{\"@type\":\"ImageObject\",\"inLanguage\":\"uk\",\"@id\":\"https:\/\/denizcankizil.tr\/de\/#\/schema\/person\/image\/\",\"url\":\"https:\/\/secure.gravatar.com\/avatar\/c1fce94c830dc79107e174f890d7210541c4a63e8e5d816341794a2151c9d58c?s=96&d=mm&r=g\",\"contentUrl\":\"https:\/\/secure.gravatar.com\/avatar\/c1fce94c830dc79107e174f890d7210541c4a63e8e5d816341794a2151c9d58c?s=96&d=mm&r=g\",\"caption\":\"admin\"},\"sameAs\":[\"http:\/\/denizcankizil.tr\"],\"url\":\"https:\/\/www.iskenderun.org\/kocaelide-139-araca-ceza-9-araca-trafikten-men\"}]}<\/script>\n<!-- \/ Yoast SEO Premium plugin. -->","yoast_head_json":{"title":"Kocaeli'de 139 araca ceza, 9 araca trafikten men - Av. Deniz Can K\u0131z\u0131l","robots":{"index":"index","follow":"follow","max-snippet":"max-snippet:-1","max-image-preview":"max-image-preview:large","max-video-preview":"max-video-preview:-1"},"canonical":"https:\/\/denizcankizil.tr\/uk\/haberler\/gundem\/kocaelide-139-araca-ceza-9-araca-trafikten-men\/","og_locale":"uk_UA","og_type":"article","og_title":"Kocaeli'de 139 araca ceza, 9 araca trafikten men","og_description":"Kocaeli B\u00fcy\u00fck\u015fehir Enc\u00fcmeni, yolcu g\u00fcvenli\u011fini tehlikeye atan 9 s\u00fcr\u00fcc\u00fcn\u00fcn arac\u0131n\u0131 trafikten men etti, y\u00f6netmeli\u011fe ayk\u0131r\u0131 hareket eden 139 araca toplam 410 bin TL ceza kestiKOCAEL\u0130 (\u0130GFA) &#8211; Kocaeli B\u00fcy\u00fck\u015fehir Belediye Enc\u00fcmeni\u2019nin Nisan ay\u0131 son toplant\u0131s\u0131nda toplu ta\u015f\u0131maya y\u00f6nelik \u00f6nemli kararlar al\u0131nd\u0131. Yolcu g\u00fcvenli\u011fini tehlikeye atan 9 s\u00fcr\u00fcc\u00fcn\u00fcn arac\u0131 trafikten men edildi, y\u00f6netmeli\u011fe ayk\u0131r\u0131 hareket eden 139 araca toplam 410 bin TL ceza kesildi. Kocaeli B\u00fcy\u00fck\u015fehir Belediyesi, Nisan ay\u0131n\u0131n son enc\u00fcmen toplant\u0131s\u0131nda toplu ta\u015f\u0131maya y\u00f6nelik \u00f6nemli kararlar ald\u0131. Toplu Ta\u015f\u0131ma \u015eube M\u00fcd\u00fcrl\u00fc\u011f\u00fc taraf\u0131ndan g\u00fcndeme getirilen olaylar \u00e7er\u00e7evesinde, 9 toplu ta\u015f\u0131ma arac\u0131 s\u00fcr\u00fcc\u00fcs\u00fcn\u00fcn yolcularla ya\u015fad\u0131\u011f\u0131 m\u00fcnaka\u015falar sonucu fiziki m\u00fcdahalede bulunmalar\u0131 ve olaylar\u0131n b\u00fcy\u00fcmesi nedeniyle ara\u00e7lar\u0131n ba\u011flanmas\u0131na karar verildi. \u015eikayetler \u00fczerine Ula\u015f\u0131m Y\u00f6netim Merkezi (UYM) taraf\u0131ndan kamera kay\u0131tlar\u0131n\u0131n incelenmesiyle haz\u0131rlanan rapor do\u011frultusunda, olaylara kar\u0131\u015ft\u0131\u011f\u0131 tespit edilen s\u00fcr\u00fcc\u00fcler hakk\u0131nda i\u015flem ba\u015flat\u0131ld\u0131. Belediye enc\u00fcmeni, kamu d\u00fczeni ve yolcu g\u00fcvenli\u011fi gerek\u00e7esiyle ara\u00e7lar\u0131n trafikten men edilmesini kararla\u015ft\u0131rd\u0131. 139 ARACA 410 B\u0130N TL CEZA \u00d6te yandan, toplu ta\u015f\u0131ma ara\u00e7lar\u0131 \u00e7al\u0131\u015fma y\u00f6netmeli\u011finin ilgili maddelerine ayk\u0131r\u0131 hareket etti\u011fi tespit edilen 139 toplu ta\u015f\u0131ma arac\u0131na da, her biri i\u00e7in 2.953 TL olmak \u00fczere toplamda 410.467 TL idari para cezas\u0131 uygulanmas\u0131na h\u00fckmedildi. Toplant\u0131da toplam 151 g\u00fcndem maddesi g\u00f6r\u00fc\u015f\u00fclerek karara ba\u011fland\u0131. \u200bKocaeli B\u00fcy\u00fck\u015fehir Enc\u00fcmeni, yolcu g\u00fcvenli\u011fini tehlikeye atan 9 s\u00fcr\u00fcc\u00fcn\u00fcn arac\u0131n\u0131 trafikten men &hellip;","og_url":"https:\/\/denizcankizil.tr\/uk\/haberler\/gundem\/kocaelide-139-araca-ceza-9-araca-trafikten-men\/","og_site_name":"Av. Deniz Can K\u0131z\u0131l","article_published_time":"2025-05-01T07:43:08+00:00","author":"admin","twitter_card":"summary_large_image","twitter_misc":{"\u041d\u0430\u043f\u0438\u0441\u0430\u043d\u043e":"admin","\u041f\u0440\u0438\u0431\u043b. \u0447\u0430\u0441 \u0447\u0438\u0442\u0430\u043d\u043d\u044f":"3 \u0445\u0432\u0438\u043b\u0438\u043d\u0438"},"schema":{"@context":"https:\/\/schema.org","@graph":[{"@type":"Article","@id":"https:\/\/denizcankizil.tr\/en\/haberler\/gundem\/kocaelide-139-araca-ceza-9-araca-trafikten-men\/#article","isPartOf":{"@id":"https:\/\/denizcankizil.tr\/en\/haberler\/gundem\/kocaelide-139-araca-ceza-9-araca-trafikten-men\/"},"author":{"name":"admin","@id":"https:\/\/denizcankizil.tr\/de\/#\/schema\/person\/be3c05fe6a12686905512445d8185489"},"headline":"Kocaeli&#8217;de 139 araca ceza, 9 araca trafikten men","datePublished":"2025-05-01T07:43:08+00:00","mainEntityOfPage":{"@id":"https:\/\/denizcankizil.tr\/en\/haberler\/gundem\/kocaelide-139-araca-ceza-9-araca-trafikten-men\/"},"wordCount":583,"publisher":{"@id":"https:\/\/denizcankizil.tr\/de\/#organization"},"articleSection":["G\u00fcndem"],"inLanguage":"uk"},{"@type":"WebPage","@id":"https:\/\/denizcankizil.tr\/en\/haberler\/gundem\/kocaelide-139-araca-ceza-9-araca-trafikten-men\/","url":"https:\/\/denizcankizil.tr\/en\/haberler\/gundem\/kocaelide-139-araca-ceza-9-araca-trafikten-men\/","name":"Kocaeli'de 139 araca ceza, 9 araca trafikten men - Av. Deniz Can K\u0131z\u0131l","isPartOf":{"@id":"https:\/\/denizcankizil.tr\/de\/#website"},"datePublished":"2025-05-01T07:43:08+00:00","breadcrumb":{"@id":"https:\/\/denizcankizil.tr\/en\/haberler\/gundem\/kocaelide-139-araca-ceza-9-araca-trafikten-men\/#breadcrumb"},"inLanguage":"uk","potentialAction":[{"@type":"ReadAction","target":["https:\/\/denizcankizil.tr\/en\/haberler\/gundem\/kocaelide-139-araca-ceza-9-araca-trafikten-men\/"]}]},{"@type":"BreadcrumbList","@id":"https:\/\/denizcankizil.tr\/en\/haberler\/gundem\/kocaelide-139-araca-ceza-9-araca-trafikten-men\/#breadcrumb","itemListElement":[{"@type":"ListItem","position":1,"name":"Home","item":"https:\/\/denizcankizil.tr\/de\/"},{"@type":"ListItem","position":2,"name":"Kocaeli&#8217;de 139 araca ceza, 9 araca trafikten men"}]},{"@type":"WebSite","@id":"https:\/\/denizcankizil.tr\/de\/#website","url":"https:\/\/denizcankizil.tr\/de\/","name":"Av. Deniz Can K\u0131z\u0131l","description":"Avukat Deniz Can K\u0131z\u0131l Antalya Barosu","publisher":{"@id":"https:\/\/denizcankizil.tr\/de\/#organization"},"potentialAction":[{"@type":"SearchAction","target":{"@type":"EntryPoint","urlTemplate":"https:\/\/denizcankizil.tr\/de\/?s={search_term_string}"},"query-input":{"@type":"PropertyValueSpecification","valueRequired":true,"valueName":"search_term_string"}}],"inLanguage":"uk"},{"@type":"Organization","@id":"https:\/\/denizcankizil.tr\/de\/#organization","name":"Av. Deniz Can K\u0131z\u0131l","url":"https:\/\/denizcankizil.tr\/de\/","logo":{"@type":"ImageObject","inLanguage":"uk","@id":"https:\/\/denizcankizil.tr\/de\/#\/schema\/logo\/image\/","url":"http:\/\/denizcankizil.tr\/wp-content\/uploads\/2024\/10\/siyah-logo-svg.svg","contentUrl":"http:\/\/denizcankizil.tr\/wp-content\/uploads\/2024\/10\/siyah-logo-svg.svg","width":1080,"height":1080,"caption":"Av. Deniz Can K\u0131z\u0131l"},"image":{"@id":"https:\/\/denizcankizil.tr\/de\/#\/schema\/logo\/image\/"}},{"@type":"Person","@id":"https:\/\/denizcankizil.tr\/de\/#\/schema\/person\/be3c05fe6a12686905512445d8185489","name":"\u0430\u0434\u043c\u0456\u043d","image":{"@type":"ImageObject","inLanguage":"uk","@id":"https:\/\/denizcankizil.tr\/de\/#\/schema\/person\/image\/","url":"https:\/\/secure.gravatar.com\/avatar\/c1fce94c830dc79107e174f890d7210541c4a63e8e5d816341794a2151c9d58c?s=96&d=mm&r=g","contentUrl":"https:\/\/secure.gravatar.com\/avatar\/c1fce94c830dc79107e174f890d7210541c4a63e8e5d816341794a2151c9d58c?s=96&d=mm&r=g","caption":"admin"},"sameAs":["http:\/\/denizcankizil.tr"],"url":"https:\/\/www.iskenderun.org\/kocaelide-139-araca-ceza-9-araca-trafikten-men"}]}},"_links":{"self":[{"href":"http:\/\/denizcankizil.tr\/uk\/wp-json\/wp\/v2\/posts\/72392","targetHints":{"allow":["GET"]}}],"collection":[{"href":"http:\/\/denizcankizil.tr\/uk\/wp-json\/wp\/v2\/posts"}],"about":[{"href":"http:\/\/denizcankizil.tr\/uk\/wp-json\/wp\/v2\/types\/post"}],"author":[{"embeddable":true,"href":"http:\/\/denizcankizil.tr\/uk\/wp-json\/wp\/v2\/users\/1"}],"replies":[{"embeddable":true,"href":"http:\/\/denizcankizil.tr\/uk\/wp-json\/wp\/v2\/comments?post=72392"}],"version-history":[{"count":0,"href":"http:\/\/denizcankizil.tr\/uk\/wp-json\/wp\/v2\/posts\/72392\/revisions"}],"wp:attachment":[{"href":"http:\/\/denizcankizil.tr\/uk\/wp-json\/wp\/v2\/media?parent=72392"}],"wp:term":[{"taxonomy":"category","embeddable":true,"href":"http:\/\/denizcankizil.tr\/uk\/wp-json\/wp\/v2\/categories?post=72392"},{"taxonomy":"post_tag","embeddable":true,"href":"http:\/\/denizcankizil.tr\/uk\/wp-json\/wp\/v2\/tags?post=72392"}],"curies":[{"name":"wp","href":"https:\/\/api.w.org\/{rel}","templated":true}]}}