{"id":7212,"date":"2024-10-23T19:41:19","date_gmt":"2024-10-23T16:41:19","guid":{"rendered":"https:\/\/denizcankizil.tr\/uncategorized-tr\/teror-saldirisina-antalyadan-kinama\/"},"modified":"2024-10-23T19:41:19","modified_gmt":"2024-10-23T16:41:19","slug":"teror-saldirisina-antalyadan-kinama","status":"publish","type":"post","link":"http:\/\/denizcankizil.tr\/uk\/haberler\/gundem\/teror-saldirisina-antalyadan-kinama\/","title":{"rendered":"Ter\u00f6r sald\u0131r\u0131s\u0131na Antalya\u2019dan k\u0131nama!"},"content":{"rendered":"<p>Antalya protokol\u00fcn\u00fcn \u00f6nde gelen isimleri, Ankara&#8217;n\u0131n Kahramankazan il\u00e7esindeki T\u00fcrk Havac\u0131l\u0131k ve Uzay Sanayii A.\u015e.&#8217;ye (TUSA\u015e) yap\u0131lan ter\u00f6r sald\u0131r\u0131s\u0131n\u0131 sert bir \u015fekilde k\u0131nad\u0131. Ter\u00f6re lanet okuyan mesajlarda \u201cm\u00fczakere\u201d yerine \u201cm\u00fccadele\u201d ifadelerine vurgu yap\u0131ld\u0131.<\/p>\n<p>\u0130S\u0130MLER FARKLI ACININ RENG\u0130 AYNI<\/p>\n<p>Ankara\u2019da ya\u015fanan ter\u00f6r sald\u0131r\u0131s\u0131, Antalya&#8217;da da derin bir \u00fcz\u00fcnt\u00fcyle kar\u015f\u0131land\u0131. Antalya B\u00fcy\u00fck\u015fehir Belediye Ba\u015fkan\u0131 Muhittin B\u00f6cek, Muratpa\u015fa Belediye Ba\u015fkan\u0131 \u00dcmit Uysal, Konyaalt\u0131 Belediye Ba\u015fkan\u0131 Cem Kotan, Kepez Belediye Ba\u015fkan\u0131 Mesut Kocag\u00f6z, Manavgat Belediye Ba\u015fkan\u0131 Niyazi Nefi Kara, Finike Belediye Ba\u015fkan\u0131 Mustafa Geyik\u00e7i, Antalya Ticaret ve Sayani Odas\u0131 (ATSO) Y\u00f6netim Kurulu Ba\u015fkan\u0131 Yusuf Hac\u0131s\u00fcleyman, Antalya Ticaret Borsas\u0131 (ATB) Y\u00f6netim Kurulu Ba\u015fkan\u0131 Ali \u00c7and\u0131r, AK Parti Antalya \u0130l Ba\u015fkan\u0131 Ali \u00c7etin, Cumhuriyet Halk Partisi (CHP) Antalya \u0130l Ba\u015fkan\u0131 Nail Kamac\u0131 ve Antalyaspor Y\u00f6netim Kurulu resmi sosyal medya hesaplar\u0131 Twitter (X) arac\u0131l\u0131\u011f\u0131yla duygu ve d\u00fc\u015f\u00fcncelerini kaleme ald\u0131.<\/p>\n<p>\u0130\u015fte ya\u015fanan hain ter\u00f6r sald\u0131r\u0131s\u0131 sonras\u0131 kamuoyu ile payla\u015f\u0131lan ifadeler:<\/p>\n<p>ANTALYA B\u00dcY\u00dcK\u015eEH\u0130R BELED\u0130YE BA\u015eKANI MUH\u0130TT\u0130N B\u00d6CEK<\/p>\n<p>T\u00fcrk Havac\u0131l\u0131k ve Uzay Sanayii A\u015e. (TUSA\u015e) Ankara Kahramankazan tesislerine d\u00fczenlenen ter\u00f6r sald\u0131r\u0131s\u0131nda \u015fehit olan kahramanlar\u0131m\u0131za Allah\u2019tan rahmet, ailelerine sab\u0131r, yaral\u0131lara acil \u015fifalar diliyorum. Ter\u00f6r\u00fcn her t\u00fcrl\u00fcs\u00fcne lanet olsun. Milletimizin ba\u015f\u0131 sa\u011f olsun.<\/p>\n<p>MURATPA\u015eA BELED\u0130YE BA\u015eKANI \u00dcM\u0130T UYSAL<\/p>\n<p>Ankara Kahramankazan&#8217;da bulunan TUSA\u015e tesislerini hedef alan hain ter\u00f6r sald\u0131r\u0131s\u0131n\u0131 lanetliyor, \u015fehitlerimize Allah\u2019tan rahmet, yaral\u0131lara acil \u015fifalar diliyorum. Hepimizin ba\u015f\u0131 sa\u011f olsun.<\/p>\n<p>KEPEZ BELED\u0130YE BA\u015eKANI MESUT KOCAG\u00d6Z<\/p>\n<p>T\u00fcrk Havac\u0131l\u0131k ve Uzay Sanayii A\u015e. (TUSA\u015e) Ankara Kahramankazan&#8217;daki tesislerine yap\u0131lan hain ter\u00f6r sald\u0131r\u0131s\u0131n\u0131 \u015fiddetle k\u0131n\u0131yorum! Devletimizin b\u00f6l\u00fcnmez b\u00fct\u00fcnl\u00fc\u011f\u00fcne kasteden unsurlara millet olarak ge\u00e7it vermeyece\u011fimizi herkesin bilmesi gerekir. \u015eehitlerimize Allah&#8217;tan rahmet, yaral\u0131lar\u0131m\u0131za acil \u015fifalar diliyorum. Rehinelerimizin en k\u0131sa zamanda sa\u011f salim kurtar\u0131laca\u011f\u0131ndan \u015f\u00fcphemiz yoktur. Ter\u00f6re kar\u015f\u0131 millet olarak dimdik ayaktay\u0131z.<\/p>\n<p>KONYAALTI BELED\u0130YE BA\u015eKANI CEM KOTAN<\/p>\n<p>T\u00fcrk Havac\u0131l\u0131k ve Uzay Sanayii A.\u015e. (TUSA\u015e) tesislerinde ya\u015fanan ter\u00f6r sald\u0131r\u0131s\u0131n\u0131 k\u0131n\u0131yorum. Ya\u015fanan sald\u0131r\u0131da \u015fehit olanlara Allah&#8217;tan rahmet, yaral\u0131lara acil \u015fifalar diliyorum. Milletimizin ba\u015f\u0131 sa\u011f olsun.<\/p>\n<p>MANAVGAT BELED\u0130YE BA\u015eKANI N\u0130YAZ\u0130 NEF\u0130 KARA<\/p>\n<p>Ankara&#8217;n\u0131n Kahramankazan il\u00e7esinde bulunan T\u00fcrk U\u00e7ak Sanayii Anonim Ortakl\u0131\u011f\u0131 (TUSA\u015e) tesisine y\u00f6nelik hain sald\u0131r\u0131y\u0131 k\u0131n\u0131yorum. \u015eehitlerimize Allah\u2019tan rahmet, yaral\u0131lar\u0131m\u0131za acil \u015fifalar diliyorum. T\u00fcrkiye Cumhuriyeti, ter\u00f6re ve onun destek\u00e7ilerine ge\u00e7it vermeyecektir. Ba\u015f\u0131m\u0131z sa\u011f olsun.<\/p>\n<p>F\u0130N\u0130KE BELED\u0130YE BA\u015eKANI MUSTAFA GEY\u0130K\u00c7\u0130<\/p>\n<p>T\u00fcrk Havac\u0131l\u0131k ve Uzay Sanayii A.\u015e. (TUSA\u015e) Ankara Kahramankazan tesislerine d\u00fczenlenen ter\u00f6r sald\u0131r\u0131s\u0131nda \u015fehit olan kahramanlar\u0131m\u0131za Allah\u2019tan rahmet, sevenlerine sab\u0131r, yaral\u0131lara acil \u015fifalar diliyorum. Milletimizin ba\u015f\u0131 sa\u011f olsun.<\/p>\n<p>ANTALYA T\u0130CARET VE SAYAN\u0130 ODASI (ATSO) Y\u00d6NET\u0130M KURULU BA\u015eKANI YUSUF HACIS\u00dcLEYMAN<\/p>\n<p>T\u00fcrk Havac\u0131l\u0131k ve Uzay Sanayii A.\u015e.&#8217;nin (TUSA\u015e) Ankara Kahramankazan&#8217;daki tesislerine yap\u0131lan hain ter\u00f6r sald\u0131r\u0131s\u0131n\u0131 lanetliyorum. \u00dclkemizin g\u00fcvenli\u011fine ve gelece\u011fini hedef alan bu t\u00fcr sald\u0131r\u0131lar asla amac\u0131na ula\u015famayacakt\u0131r. \u0130\u015f d\u00fcnyas\u0131 olarak, ter\u00f6rizmin her t\u00fcrl\u00fc \u015fekline kar\u015f\u0131 devletimizin yan\u0131nda olmaya ve milletimizle dayan\u0131\u015fma i\u00e7inde kalmaya devam edece\u011fiz. Sald\u0131r\u0131da hayat\u0131n\u0131 kaybeden kahraman \u015fehitlerimize Allah\u2019tan rahmet, ailelerine ve yak\u0131nlar\u0131na sab\u0131r ve ba\u015fsa\u011fl\u0131\u011f\u0131 diliyorum.<\/p>\n<p>ANTALYA T\u0130CARET BORSASI (ATB) Y\u00d6NET\u0130M KURULU BA\u015eKANI AL\u0130 \u00c7ANDIR<\/p>\n<p>T\u00fcrk Havac\u0131l\u0131k ve Uzay Sanayii (TUSA\u015e) Ankara Kahramankazan tesislerine y\u00f6nelik soysuz ter\u00f6r sald\u0131r\u0131s\u0131n\u0131 lanetliyor, \u015fehitlerimize Allah\u2019tan rahmet, yaral\u0131lara acil \u015fifa diliyorum. #Ter\u00f6reLanetOlsun<\/p>\n<p>AK PART\u0130 ANTALYA \u0130L BA\u015eKANI AL\u0130 \u00c7ET\u0130N <\/p>\n<p>T\u00fcrk Havac\u0131l\u0131k ve Uzay Sanayii A\u015e. (TUSA\u015e) Ankara Kahramankazan tesislerine y\u00f6nelik ter\u00f6r sald\u0131r\u0131s\u0131nda \u015eehitlerimize Allah&#8217;tan rahmet, yaral\u0131lar\u0131m\u0131za acil \u015fifalar diliyorum. Milletimizin ba\u015f\u0131 sa\u011f olsun.<\/p>\n<p>CUMHUR\u0130YET HALK PART\u0130S\u0130 (CHP) ANTALYA \u0130L BA\u015eKANI NA\u0130L KAMACI <\/p>\n<p>T\u00fcrk Havac\u0131l\u0131k ve Uzay Sanayii A\u015e. (TUSA\u015e) Ankara Kahramankazan tesislerine y\u00f6nelik yap\u0131lan ter\u00f6r sald\u0131r\u0131s\u0131n\u0131 k\u0131n\u0131yorum. Ter\u00f6rle, ter\u00f6ristle m\u00fczakere de\u011fil, m\u00fccadele edilir!<\/p>\n<p>ANTALYASPOR Y\u00d6NET\u0130M KURULU <\/p>\n<p>Ba\u015f\u0131m\u0131z sa\u011f olsun! T\u00fcrk Havac\u0131l\u0131k ve Uzay Sanayii A.\u015e. (TUSA\u015e) Ankara Kahramankazan Tesislerine y\u00f6nelik ger\u00e7ekle\u015fen ter\u00f6r sald\u0131r\u0131s\u0131nda hayat\u0131n\u0131 kaybeden \u015fehitlerimize Allah&#8217;tan rahmet, yaral\u0131lar\u0131m\u0131za acil \u015fifalar diliyoruz.<\/p>\n<p>\u00a0<\/p>\n<p>\u200bAntalya protokol\u00fcnde yer alan isimler, Ankara&#8217;n\u0131n Kahramankazan il\u00e7esinde bulunan T\u00fcrk Havac\u0131l\u0131k ve Uzay Sanayii A.\u015e.&#8217;ye (TUSA\u015e) ger\u00e7ekle\u015ftirilen ter\u00f6r sald\u0131r\u0131s\u0131n\u0131 k\u0131nad\u0131\u00a0<\/p>\n<p>\u200bHaberin Al\u0131nt\u0131land\u0131\u011f\u0131 Kaynak: www.antalyakorfez.com<\/p>","protected":false},"excerpt":{"rendered":"<p>Antalya protokol\u00fcn\u00fcn \u00f6nde gelen isimleri, Ankara&#8217;n\u0131n Kahramankazan il\u00e7esindeki T\u00fcrk Havac\u0131l\u0131k ve Uzay Sanayii A.\u015e.&#8217;ye (TUSA\u015e) yap\u0131lan ter\u00f6r sald\u0131r\u0131s\u0131n\u0131 sert bir \u015fekilde k\u0131nad\u0131. Ter\u00f6re lanet okuyan mesajlarda \u201cm\u00fczakere\u201d yerine \u201cm\u00fccadele\u201d ifadelerine vurgu yap\u0131ld\u0131. \u0130S\u0130MLER FARKLI ACININ RENG\u0130 AYNI Ankara\u2019da ya\u015fanan ter\u00f6r sald\u0131r\u0131s\u0131, Antalya&#8217;da da derin bir \u00fcz\u00fcnt\u00fcyle kar\u015f\u0131land\u0131. Antalya B\u00fcy\u00fck\u015fehir Belediye Ba\u015fkan\u0131 Muhittin B\u00f6cek, Muratpa\u015fa Belediye Ba\u015fkan\u0131 \u00dcmit Uysal, Konyaalt\u0131 Belediye Ba\u015fkan\u0131 Cem Kotan, Kepez Belediye Ba\u015fkan\u0131 Mesut Kocag\u00f6z, Manavgat Belediye Ba\u015fkan\u0131 Niyazi Nefi Kara, Finike Belediye Ba\u015fkan\u0131 Mustafa Geyik\u00e7i, Antalya Ticaret ve Sayani Odas\u0131 (ATSO) Y\u00f6netim Kurulu Ba\u015fkan\u0131 Yusuf Hac\u0131s\u00fcleyman, Antalya Ticaret Borsas\u0131 (ATB) Y\u00f6netim Kurulu Ba\u015fkan\u0131 Ali \u00c7and\u0131r, AK Parti Antalya \u0130l Ba\u015fkan\u0131 Ali \u00c7etin, Cumhuriyet Halk Partisi (CHP) Antalya \u0130l Ba\u015fkan\u0131 Nail Kamac\u0131 ve Antalyaspor Y\u00f6netim Kurulu resmi sosyal medya hesaplar\u0131 Twitter (X) arac\u0131l\u0131\u011f\u0131yla duygu ve d\u00fc\u015f\u00fcncelerini kaleme ald\u0131. \u0130\u015fte ya\u015fanan hain ter\u00f6r sald\u0131r\u0131s\u0131 sonras\u0131 kamuoyu ile payla\u015f\u0131lan ifadeler: ANTALYA B\u00dcY\u00dcK\u015eEH\u0130R BELED\u0130YE BA\u015eKANI MUH\u0130TT\u0130N B\u00d6CEK T\u00fcrk Havac\u0131l\u0131k ve Uzay Sanayii A\u015e. (TUSA\u015e) Ankara Kahramankazan tesislerine d\u00fczenlenen ter\u00f6r sald\u0131r\u0131s\u0131nda \u015fehit olan kahramanlar\u0131m\u0131za Allah\u2019tan rahmet, ailelerine sab\u0131r, yaral\u0131lara acil \u015fifalar diliyorum. Ter\u00f6r\u00fcn her t\u00fcrl\u00fcs\u00fcne lanet olsun. Milletimizin ba\u015f\u0131 sa\u011f olsun. MURATPA\u015eA BELED\u0130YE BA\u015eKANI \u00dcM\u0130T UYSAL Ankara Kahramankazan&#8217;da bulunan TUSA\u015e tesislerini hedef alan hain ter\u00f6r sald\u0131r\u0131s\u0131n\u0131 lanetliyor, \u015fehitlerimize Allah\u2019tan rahmet, yaral\u0131lara &hellip;<\/p>","protected":false},"author":0,"featured_media":0,"comment_status":"open","ping_status":"open","sticky":false,"template":"","format":"standard","meta":{"_acf_changed":false,"footnotes":""},"categories":[24,535],"tags":[],"class_list":["post-7212","post","type-post","status-publish","format-standard","has-post-thumbnail","hentry","category-gundem","category-uncategorized-tr"],"acf":[],"yoast_head":"<!-- This site is optimized with the Yoast SEO Premium plugin v26.6 (Yoast SEO v27.1.1) - https:\/\/yoast.com\/product\/yoast-seo-premium-wordpress\/ -->\n<title>Ter\u00f6r sald\u0131r\u0131s\u0131na Antalya\u2019dan k\u0131nama! - Av. Deniz Can K\u0131z\u0131l<\/title>\n<meta name=\"robots\" content=\"index, follow, max-snippet:-1, max-image-preview:large, max-video-preview:-1\" \/>\n<link rel=\"canonical\" href=\"http:\/\/denizcankizil.tr\/uk\/haberler\/gundem\/teror-saldirisina-antalyadan-kinama\/\" \/>\n<meta property=\"og:locale\" content=\"uk_UA\" \/>\n<meta property=\"og:type\" content=\"article\" \/>\n<meta property=\"og:title\" content=\"Ter\u00f6r sald\u0131r\u0131s\u0131na Antalya\u2019dan k\u0131nama!\" \/>\n<meta property=\"og:description\" content=\"Antalya protokol\u00fcn\u00fcn \u00f6nde gelen isimleri, Ankara&#8217;n\u0131n Kahramankazan il\u00e7esindeki T\u00fcrk Havac\u0131l\u0131k ve Uzay Sanayii A.\u015e.&#8217;ye (TUSA\u015e) yap\u0131lan ter\u00f6r sald\u0131r\u0131s\u0131n\u0131 sert bir \u015fekilde k\u0131nad\u0131. Ter\u00f6re lanet okuyan mesajlarda \u201cm\u00fczakere\u201d yerine \u201cm\u00fccadele\u201d ifadelerine vurgu yap\u0131ld\u0131. \u0130S\u0130MLER FARKLI ACININ RENG\u0130 AYNI Ankara\u2019da ya\u015fanan ter\u00f6r sald\u0131r\u0131s\u0131, Antalya&#8217;da da derin bir \u00fcz\u00fcnt\u00fcyle kar\u015f\u0131land\u0131. Antalya B\u00fcy\u00fck\u015fehir Belediye Ba\u015fkan\u0131 Muhittin B\u00f6cek, Muratpa\u015fa Belediye Ba\u015fkan\u0131 \u00dcmit Uysal, Konyaalt\u0131 Belediye Ba\u015fkan\u0131 Cem Kotan, Kepez Belediye Ba\u015fkan\u0131 Mesut Kocag\u00f6z, Manavgat Belediye Ba\u015fkan\u0131 Niyazi Nefi Kara, Finike Belediye Ba\u015fkan\u0131 Mustafa Geyik\u00e7i, Antalya Ticaret ve Sayani Odas\u0131 (ATSO) Y\u00f6netim Kurulu Ba\u015fkan\u0131 Yusuf Hac\u0131s\u00fcleyman, Antalya Ticaret Borsas\u0131 (ATB) Y\u00f6netim Kurulu Ba\u015fkan\u0131 Ali \u00c7and\u0131r, AK Parti Antalya \u0130l Ba\u015fkan\u0131 Ali \u00c7etin, Cumhuriyet Halk Partisi (CHP) Antalya \u0130l Ba\u015fkan\u0131 Nail Kamac\u0131 ve Antalyaspor Y\u00f6netim Kurulu resmi sosyal medya hesaplar\u0131 Twitter (X) arac\u0131l\u0131\u011f\u0131yla duygu ve d\u00fc\u015f\u00fcncelerini kaleme ald\u0131. \u0130\u015fte ya\u015fanan hain ter\u00f6r sald\u0131r\u0131s\u0131 sonras\u0131 kamuoyu ile payla\u015f\u0131lan ifadeler: ANTALYA B\u00dcY\u00dcK\u015eEH\u0130R BELED\u0130YE BA\u015eKANI MUH\u0130TT\u0130N B\u00d6CEK T\u00fcrk Havac\u0131l\u0131k ve Uzay Sanayii A\u015e. (TUSA\u015e) Ankara Kahramankazan tesislerine d\u00fczenlenen ter\u00f6r sald\u0131r\u0131s\u0131nda \u015fehit olan kahramanlar\u0131m\u0131za Allah\u2019tan rahmet, ailelerine sab\u0131r, yaral\u0131lara acil \u015fifalar diliyorum. Ter\u00f6r\u00fcn her t\u00fcrl\u00fcs\u00fcne lanet olsun. Milletimizin ba\u015f\u0131 sa\u011f olsun. MURATPA\u015eA BELED\u0130YE BA\u015eKANI \u00dcM\u0130T UYSAL Ankara Kahramankazan&#8217;da bulunan TUSA\u015e tesislerini hedef alan hain ter\u00f6r sald\u0131r\u0131s\u0131n\u0131 lanetliyor, \u015fehitlerimize Allah\u2019tan rahmet, yaral\u0131lara &hellip;\" \/>\n<meta property=\"og:url\" content=\"http:\/\/denizcankizil.tr\/uk\/haberler\/gundem\/teror-saldirisina-antalyadan-kinama\/\" \/>\n<meta property=\"og:site_name\" content=\"Av. Deniz Can K\u0131z\u0131l\" \/>\n<meta property=\"article:published_time\" content=\"2024-10-23T16:41:19+00:00\" \/>\n<meta name=\"twitter:card\" content=\"summary_large_image\" \/>\n<meta name=\"twitter:label1\" content=\"\u041f\u0440\u0438\u0431\u043b. \u0447\u0430\u0441 \u0447\u0438\u0442\u0430\u043d\u043d\u044f\" \/>\n\t<meta name=\"twitter:data1\" content=\"4 \u0445\u0432\u0438\u043b\u0438\u043d\u0438\" \/>\n<script type=\"application\/ld+json\" class=\"yoast-schema-graph\">{\"@context\":\"https:\/\/schema.org\",\"@graph\":[{\"@type\":\"Article\",\"@id\":\"http:\/\/denizcankizil.tr\/uk\/haberler\/gundem\/teror-saldirisina-antalyadan-kinama\/#article\",\"isPartOf\":{\"@id\":\"http:\/\/denizcankizil.tr\/uk\/haberler\/gundem\/teror-saldirisina-antalyadan-kinama\/\"},\"author\":{\"name\":\"\",\"@id\":\"\"},\"headline\":\"Ter\u00f6r sald\u0131r\u0131s\u0131na Antalya\u2019dan k\u0131nama!\",\"datePublished\":\"2024-10-23T16:41:19+00:00\",\"mainEntityOfPage\":{\"@id\":\"http:\/\/denizcankizil.tr\/uk\/haberler\/gundem\/teror-saldirisina-antalyadan-kinama\/\"},\"wordCount\":902,\"commentCount\":0,\"publisher\":{\"@id\":\"https:\/\/denizcankizil.tr\/#organization\"},\"articleSection\":[\"G\u00fcndem\",\"Uncategorized\"],\"inLanguage\":\"uk\",\"potentialAction\":[{\"@type\":\"CommentAction\",\"name\":\"Comment\",\"target\":[\"http:\/\/denizcankizil.tr\/uk\/haberler\/gundem\/teror-saldirisina-antalyadan-kinama\/#respond\"]}]},{\"@type\":\"WebPage\",\"@id\":\"http:\/\/denizcankizil.tr\/uk\/haberler\/gundem\/teror-saldirisina-antalyadan-kinama\/\",\"url\":\"http:\/\/denizcankizil.tr\/uk\/haberler\/gundem\/teror-saldirisina-antalyadan-kinama\/\",\"name\":\"Ter\u00f6r sald\u0131r\u0131s\u0131na Antalya\u2019dan k\u0131nama! - Av. Deniz Can K\u0131z\u0131l\",\"isPartOf\":{\"@id\":\"https:\/\/denizcankizil.tr\/#website\"},\"datePublished\":\"2024-10-23T16:41:19+00:00\",\"breadcrumb\":{\"@id\":\"http:\/\/denizcankizil.tr\/uk\/haberler\/gundem\/teror-saldirisina-antalyadan-kinama\/#breadcrumb\"},\"inLanguage\":\"uk\",\"potentialAction\":[{\"@type\":\"ReadAction\",\"target\":[\"http:\/\/denizcankizil.tr\/uk\/haberler\/gundem\/teror-saldirisina-antalyadan-kinama\/\"]}]},{\"@type\":\"BreadcrumbList\",\"@id\":\"http:\/\/denizcankizil.tr\/uk\/haberler\/gundem\/teror-saldirisina-antalyadan-kinama\/#breadcrumb\",\"itemListElement\":[{\"@type\":\"ListItem\",\"position\":1,\"name\":\"Home\",\"item\":\"https:\/\/denizcankizil.tr\/de\/\"},{\"@type\":\"ListItem\",\"position\":2,\"name\":\"Ter\u00f6r sald\u0131r\u0131s\u0131na Antalya\u2019dan k\u0131nama!\"}]},{\"@type\":\"WebSite\",\"@id\":\"https:\/\/denizcankizil.tr\/#website\",\"url\":\"https:\/\/denizcankizil.tr\/\",\"name\":\"Av. Deniz Can K\u0131z\u0131l\",\"description\":\"Avukat Deniz Can K\u0131z\u0131l Antalya Barosu\",\"publisher\":{\"@id\":\"https:\/\/denizcankizil.tr\/#organization\"},\"potentialAction\":[{\"@type\":\"SearchAction\",\"target\":{\"@type\":\"EntryPoint\",\"urlTemplate\":\"https:\/\/denizcankizil.tr\/?s={search_term_string}\"},\"query-input\":{\"@type\":\"PropertyValueSpecification\",\"valueRequired\":true,\"valueName\":\"search_term_string\"}}],\"inLanguage\":\"uk\"},{\"@type\":\"Organization\",\"@id\":\"https:\/\/denizcankizil.tr\/#organization\",\"name\":\"Av. Deniz Can K\u0131z\u0131l\",\"url\":\"https:\/\/denizcankizil.tr\/\",\"logo\":{\"@type\":\"ImageObject\",\"inLanguage\":\"uk\",\"@id\":\"https:\/\/denizcankizil.tr\/#\/schema\/logo\/image\/\",\"url\":\"http:\/\/denizcankizil.tr\/wp-content\/uploads\/2024\/10\/siyah-logo-svg.svg\",\"contentUrl\":\"http:\/\/denizcankizil.tr\/wp-content\/uploads\/2024\/10\/siyah-logo-svg.svg\",\"width\":1080,\"height\":1080,\"caption\":\"Av. Deniz Can K\u0131z\u0131l\"},\"image\":{\"@id\":\"https:\/\/denizcankizil.tr\/#\/schema\/logo\/image\/\"}}]}<\/script>\n<!-- \/ Yoast SEO Premium plugin. -->","yoast_head_json":{"title":"Ter\u00f6r sald\u0131r\u0131s\u0131na Antalya\u2019dan k\u0131nama! - Av. Deniz Can K\u0131z\u0131l","robots":{"index":"index","follow":"follow","max-snippet":"max-snippet:-1","max-image-preview":"max-image-preview:large","max-video-preview":"max-video-preview:-1"},"canonical":"http:\/\/denizcankizil.tr\/uk\/haberler\/gundem\/teror-saldirisina-antalyadan-kinama\/","og_locale":"uk_UA","og_type":"article","og_title":"Ter\u00f6r sald\u0131r\u0131s\u0131na Antalya\u2019dan k\u0131nama!","og_description":"Antalya protokol\u00fcn\u00fcn \u00f6nde gelen isimleri, Ankara&#8217;n\u0131n Kahramankazan il\u00e7esindeki T\u00fcrk Havac\u0131l\u0131k ve Uzay Sanayii A.\u015e.&#8217;ye (TUSA\u015e) yap\u0131lan ter\u00f6r sald\u0131r\u0131s\u0131n\u0131 sert bir \u015fekilde k\u0131nad\u0131. Ter\u00f6re lanet okuyan mesajlarda \u201cm\u00fczakere\u201d yerine \u201cm\u00fccadele\u201d ifadelerine vurgu yap\u0131ld\u0131. \u0130S\u0130MLER FARKLI ACININ RENG\u0130 AYNI Ankara\u2019da ya\u015fanan ter\u00f6r sald\u0131r\u0131s\u0131, Antalya&#8217;da da derin bir \u00fcz\u00fcnt\u00fcyle kar\u015f\u0131land\u0131. Antalya B\u00fcy\u00fck\u015fehir Belediye Ba\u015fkan\u0131 Muhittin B\u00f6cek, Muratpa\u015fa Belediye Ba\u015fkan\u0131 \u00dcmit Uysal, Konyaalt\u0131 Belediye Ba\u015fkan\u0131 Cem Kotan, Kepez Belediye Ba\u015fkan\u0131 Mesut Kocag\u00f6z, Manavgat Belediye Ba\u015fkan\u0131 Niyazi Nefi Kara, Finike Belediye Ba\u015fkan\u0131 Mustafa Geyik\u00e7i, Antalya Ticaret ve Sayani Odas\u0131 (ATSO) Y\u00f6netim Kurulu Ba\u015fkan\u0131 Yusuf Hac\u0131s\u00fcleyman, Antalya Ticaret Borsas\u0131 (ATB) Y\u00f6netim Kurulu Ba\u015fkan\u0131 Ali \u00c7and\u0131r, AK Parti Antalya \u0130l Ba\u015fkan\u0131 Ali \u00c7etin, Cumhuriyet Halk Partisi (CHP) Antalya \u0130l Ba\u015fkan\u0131 Nail Kamac\u0131 ve Antalyaspor Y\u00f6netim Kurulu resmi sosyal medya hesaplar\u0131 Twitter (X) arac\u0131l\u0131\u011f\u0131yla duygu ve d\u00fc\u015f\u00fcncelerini kaleme ald\u0131. \u0130\u015fte ya\u015fanan hain ter\u00f6r sald\u0131r\u0131s\u0131 sonras\u0131 kamuoyu ile payla\u015f\u0131lan ifadeler: ANTALYA B\u00dcY\u00dcK\u015eEH\u0130R BELED\u0130YE BA\u015eKANI MUH\u0130TT\u0130N B\u00d6CEK T\u00fcrk Havac\u0131l\u0131k ve Uzay Sanayii A\u015e. (TUSA\u015e) Ankara Kahramankazan tesislerine d\u00fczenlenen ter\u00f6r sald\u0131r\u0131s\u0131nda \u015fehit olan kahramanlar\u0131m\u0131za Allah\u2019tan rahmet, ailelerine sab\u0131r, yaral\u0131lara acil \u015fifalar diliyorum. Ter\u00f6r\u00fcn her t\u00fcrl\u00fcs\u00fcne lanet olsun. Milletimizin ba\u015f\u0131 sa\u011f olsun. MURATPA\u015eA BELED\u0130YE BA\u015eKANI \u00dcM\u0130T UYSAL Ankara Kahramankazan&#8217;da bulunan TUSA\u015e tesislerini hedef alan hain ter\u00f6r sald\u0131r\u0131s\u0131n\u0131 lanetliyor, \u015fehitlerimize Allah\u2019tan rahmet, yaral\u0131lara &hellip;","og_url":"http:\/\/denizcankizil.tr\/uk\/haberler\/gundem\/teror-saldirisina-antalyadan-kinama\/","og_site_name":"Av. Deniz Can K\u0131z\u0131l","article_published_time":"2024-10-23T16:41:19+00:00","twitter_card":"summary_large_image","twitter_misc":{"\u041f\u0440\u0438\u0431\u043b. \u0447\u0430\u0441 \u0447\u0438\u0442\u0430\u043d\u043d\u044f":"4 \u0445\u0432\u0438\u043b\u0438\u043d\u0438"},"schema":{"@context":"https:\/\/schema.org","@graph":[{"@type":"Article","@id":"http:\/\/denizcankizil.tr\/uk\/haberler\/gundem\/teror-saldirisina-antalyadan-kinama\/#article","isPartOf":{"@id":"http:\/\/denizcankizil.tr\/uk\/haberler\/gundem\/teror-saldirisina-antalyadan-kinama\/"},"author":{"name":"","@id":""},"headline":"Ter\u00f6r sald\u0131r\u0131s\u0131na Antalya\u2019dan k\u0131nama!","datePublished":"2024-10-23T16:41:19+00:00","mainEntityOfPage":{"@id":"http:\/\/denizcankizil.tr\/uk\/haberler\/gundem\/teror-saldirisina-antalyadan-kinama\/"},"wordCount":902,"commentCount":0,"publisher":{"@id":"https:\/\/denizcankizil.tr\/#organization"},"articleSection":["G\u00fcndem","Uncategorized"],"inLanguage":"uk","potentialAction":[{"@type":"CommentAction","name":"Comment","target":["http:\/\/denizcankizil.tr\/uk\/haberler\/gundem\/teror-saldirisina-antalyadan-kinama\/#respond"]}]},{"@type":"WebPage","@id":"http:\/\/denizcankizil.tr\/uk\/haberler\/gundem\/teror-saldirisina-antalyadan-kinama\/","url":"http:\/\/denizcankizil.tr\/uk\/haberler\/gundem\/teror-saldirisina-antalyadan-kinama\/","name":"Ter\u00f6r sald\u0131r\u0131s\u0131na Antalya\u2019dan k\u0131nama! - Av. Deniz Can K\u0131z\u0131l","isPartOf":{"@id":"https:\/\/denizcankizil.tr\/#website"},"datePublished":"2024-10-23T16:41:19+00:00","breadcrumb":{"@id":"http:\/\/denizcankizil.tr\/uk\/haberler\/gundem\/teror-saldirisina-antalyadan-kinama\/#breadcrumb"},"inLanguage":"uk","potentialAction":[{"@type":"ReadAction","target":["http:\/\/denizcankizil.tr\/uk\/haberler\/gundem\/teror-saldirisina-antalyadan-kinama\/"]}]},{"@type":"BreadcrumbList","@id":"http:\/\/denizcankizil.tr\/uk\/haberler\/gundem\/teror-saldirisina-antalyadan-kinama\/#breadcrumb","itemListElement":[{"@type":"ListItem","position":1,"name":"Home","item":"https:\/\/denizcankizil.tr\/de\/"},{"@type":"ListItem","position":2,"name":"Ter\u00f6r sald\u0131r\u0131s\u0131na Antalya\u2019dan k\u0131nama!"}]},{"@type":"WebSite","@id":"https:\/\/denizcankizil.tr\/#website","url":"https:\/\/denizcankizil.tr\/","name":"Av. Deniz Can K\u0131z\u0131l","description":"Avukat Deniz Can K\u0131z\u0131l Antalya Barosu","publisher":{"@id":"https:\/\/denizcankizil.tr\/#organization"},"potentialAction":[{"@type":"SearchAction","target":{"@type":"EntryPoint","urlTemplate":"https:\/\/denizcankizil.tr\/?s={search_term_string}"},"query-input":{"@type":"PropertyValueSpecification","valueRequired":true,"valueName":"search_term_string"}}],"inLanguage":"uk"},{"@type":"Organization","@id":"https:\/\/denizcankizil.tr\/#organization","name":"Av. Deniz Can K\u0131z\u0131l","url":"https:\/\/denizcankizil.tr\/","logo":{"@type":"ImageObject","inLanguage":"uk","@id":"https:\/\/denizcankizil.tr\/#\/schema\/logo\/image\/","url":"http:\/\/denizcankizil.tr\/wp-content\/uploads\/2024\/10\/siyah-logo-svg.svg","contentUrl":"http:\/\/denizcankizil.tr\/wp-content\/uploads\/2024\/10\/siyah-logo-svg.svg","width":1080,"height":1080,"caption":"Av. Deniz Can K\u0131z\u0131l"},"image":{"@id":"https:\/\/denizcankizil.tr\/#\/schema\/logo\/image\/"}}]}},"_links":{"self":[{"href":"http:\/\/denizcankizil.tr\/uk\/wp-json\/wp\/v2\/posts\/7212","targetHints":{"allow":["GET"]}}],"collection":[{"href":"http:\/\/denizcankizil.tr\/uk\/wp-json\/wp\/v2\/posts"}],"about":[{"href":"http:\/\/denizcankizil.tr\/uk\/wp-json\/wp\/v2\/types\/post"}],"replies":[{"embeddable":true,"href":"http:\/\/denizcankizil.tr\/uk\/wp-json\/wp\/v2\/comments?post=7212"}],"version-history":[{"count":0,"href":"http:\/\/denizcankizil.tr\/uk\/wp-json\/wp\/v2\/posts\/7212\/revisions"}],"wp:attachment":[{"href":"http:\/\/denizcankizil.tr\/uk\/wp-json\/wp\/v2\/media?parent=7212"}],"wp:term":[{"taxonomy":"category","embeddable":true,"href":"http:\/\/denizcankizil.tr\/uk\/wp-json\/wp\/v2\/categories?post=7212"},{"taxonomy":"post_tag","embeddable":true,"href":"http:\/\/denizcankizil.tr\/uk\/wp-json\/wp\/v2\/tags?post=7212"}],"curies":[{"name":"wp","href":"https:\/\/api.w.org\/{rel}","templated":true}]}}