{"id":7177,"date":"2024-10-23T17:41:31","date_gmt":"2024-10-23T14:41:31","guid":{"rendered":"https:\/\/denizcankizil.tr\/uncategorized-tr\/tahliye-taahhutnamesi-3-cocuklu-bir-anneyi-davalik-etti\/"},"modified":"2024-10-23T17:41:31","modified_gmt":"2024-10-23T14:41:31","slug":"tahliye-taahhutnamesi-3-cocuklu-bir-anneyi-davalik-etti","status":"publish","type":"post","link":"http:\/\/denizcankizil.tr\/uk\/haberler\/gundem\/tahliye-taahhutnamesi-3-cocuklu-bir-anneyi-davalik-etti\/","title":{"rendered":"Tahliye taahh\u00fctnamesi 3 \u00e7ocuklu bir anneyi daval\u0131k etti"},"content":{"rendered":"<p>3 \u00e7ocuk annesi A.S. 5 y\u0131l \u00f6nce \u00e7ocuklar\u0131n\u0131n okuluna olan yak\u0131nl\u0131\u011f\u0131ndan dolay\u0131 Adan\u0131n \u00c7ukurova il\u00e7esine ba\u011fl\u0131 Mahfes\u0131\u011fmaz Mahallesi\u2019nde A.C.\u2019nin evini kiralad\u0131. A.S. \u00e7ocuklar\u0131n\u0131n okulu i\u00e7in bu evi tutu\u011funu ve in\u015faat halinde olan evlerinin bitimine kadar bu evde oturacaklar\u0131 s\u00f6yleyerek ev sahibiyle anla\u015ft\u0131. Hatta bu s\u00fcre\u00e7te ev sahibi kirac\u0131s\u0131n\u0131n erken \u00e7\u0131kmas\u0131 halinde maddi bir zarar u\u011frayaca\u011f\u0131n\u0131 d\u00fc\u015f\u00fcnerek tahliye taahh\u00fctnamesi imzalatt\u0131. \u0130mzalad\u0131 bu taahh\u00fctname kirac\u0131 kad\u0131n\u0131n ilerde ba\u015f\u0131n\u0131 \u00e7ok a\u011fr\u0131tacakt\u0131.\u00a0<\/p>\n<p>K\u0130RALARDAK\u0130 Y\u00dcKSEL\u0130\u015e KADINI MA\u011eDUR ETT\u0130<\/p>\n<p>Araya pandeminin girmesiyle beraber kira fiyatlar\u0131n\u0131n y\u00fckseli\u015fi A.S.\u2019yi de etkiledi. Ev sahibi ile huzursuzluklar ya\u015fayan A.S., bu s\u00fcre\u00e7 boyunca ev sahibin kendisini y\u0131pratmak i\u00e7in t\u00fcrl\u00fc yollar ba\u015fvurdu\u011funu s\u00f6yledi. E\u015finden bo\u015fanan ve 3 \u00e7ocu\u011fu ile ya\u015fayan A.S. ev sahibinin \u201cGece eve erkek ald\u0131\u011f\u0131n\u0131 ve ge\u00e7 saatlerde eve d\u00f6nd\u00fc\u011f\u00fcn\u00fc\u201d s\u00f6yleyerek kendisini y\u0131pratmak i\u00e7in b\u00f6yle \u00e7irkin iftaralar ba\u015fvurdu\u011funu iddia etti.\u00a0<\/p>\n<p>\u0130MZALADI\u011eI EVRAKIN ESAS HAL\u0130N\u0130 G\u00d6NDERMED\u0130LER \u00a0<\/p>\n<p>Ev sahibinin y\u0131pratmalar\u0131 sonu\u00e7 vermeyince ve kirac\u0131 kad\u0131n da kira \u00f6demelerini d\u00fczg\u00fcn verdi\u011fi i\u00e7in ev sahibi bu kez 5 y\u0131l \u00f6nce imzalana tahliye taahh\u00fctnamesini i\u015fleme ald\u0131. A.S. bu konuyla alakal\u0131, \u201c5 y\u0131l \u00f6nce evi tuttu\u011fum zaman ben bu evrak\u0131 imzalad\u0131m. O s\u00fcre\u00e7 boyunca ev sahibine kendisine defalarca mesaj atarak, evrak\u0131n esas halini talep ettim. Fakat \u00e7e\u015fitli sebeplerden \u00f6t\u00fcr\u00fc bana bu evrak\u0131n esas hali g\u00f6nderilmedi. Sonrada ev sahibi bana dava a\u00e7t\u0131\u201d a\u00e7\u0131klamalar\u0131nda bulundu.<\/p>\n<p>\u2018DEFALARCA SUNDU\u011eUM T\u00dcM DEL\u0130LLER G\u00d6RMEZDEN GEL\u0130ND\u0130\u2019<\/p>\n<p>Dava s\u00fcrecinin ard\u0131ndan mahkemeye giden A.S. burada \u00e7e\u015fitli hukuksuzluklar ya\u015fad\u0131\u011f\u0131n\u0131 iddia etti. A.S. mahkemeye sundu\u011fu delilerin g\u00f6rmezden gelindi\u011fini s\u00f6yleyerek, \u201c Ev sahibimle olu\u015fan davada t\u00fcm delillerim ve beyanlar\u0131m dikkate al\u0131nmam\u0131\u015f hatta ilk duru\u015fmada hakim bana kendimi savunma hakk\u0131 dahi vermemi\u015ftir. Davan\u0131n en ba\u015f\u0131ndan dahi gerek cevap dilek\u00e7esi gerekse delilerim de bariz olarak her bak\u0131mdan ge\u00e7ersiz say\u0131lmas\u0131 gereken belge sebebini bilmedi\u011fim \u015fekilde ge\u00e7erli say\u0131lm\u0131\u015f ve delillerimi hakime neden ge\u00e7ersiz sayd\u0131\u011f\u0131n\u0131 dahi gerek\u00e7eli olarak bildirmemi\u015ftir\u201d dedi.\u00a0<\/p>\n<p>KEND\u0130M\u0130 \u0130FADE EDEMED\u0130M\u00a0<\/p>\n<p>A.S a\u00e7\u0131klamas\u0131na \u015f\u00f6yle devam etti: \u201c\u0130lk duru\u015fmada \u2018Her \u015feyi neden aceleye getiriyorsunuz? Bana savunma hakk\u0131m\u0131 neden tan\u0131m\u0131yorsunuz? S\u00f6yleyeceklerim ve sunacaklar\u0131m var\u2019 dememe ra\u011fmen hakime sadece, \u2018ne gibi&#8221; diyerek, belgedeki karalama, tahribat\u0131 dile getirip, yaz\u0131\u015fmalar\u0131 sordu\u011fumda ise bana; o \u2018beni ilgilendirmez, git su\u00e7 duyurusunda bulun\u201d diyerek duru\u015fmay\u0131 sonland\u0131rm\u0131\u015ft\u0131r. Kendimi mahkeme ne kadar dile getirsem de hakime taraf\u0131ndan tahliye taahh\u00fctl\u00fcndeki tahribat i\u00e7in inceleme talebim g\u00f6z ard\u0131 edilmi\u015ftir ve adli tip raporunda ise genel evrak tahkikat yap\u0131lmas\u0131na ra\u011fmen, defalarca sundu\u011fum t\u00fcm deliller g\u00f6rmezden gelinmi\u015f ve beni zor durumda b\u0131rakm\u0131\u015ft\u0131r.&#8221;<\/p>\n<p>\u00dcST MAHKEMEYE G\u0130DECEK<\/p>\n<p>A.S. ya\u015fanan bu hukuksuzlu\u011fu kabul etmeyip m\u00fccadelesini \u00fcst mahkemeye ta\u015f\u0131yaca\u011f\u0131n\u0131 vurgulayarak, bar\u0131nma sorunun bir anca \u00e7\u00f6z\u00fclmesinin ve art\u0131k ev sahibi ile kirac\u0131 aras\u0131nda ya\u015fanan bu sorunlar\u0131n sona ermesini istedi\u011fini belirtti. \u00a0<\/p>\n<p>\u200bEv sahibi ve kirac\u0131lar aras\u0131ndaki kavgalara bir yenisi daha eklendi. Adana \u00c7ukurova\u2019da 5 y\u0131l \u00f6nce \u00e7ocuklar\u0131n\u0131n okuluna yak\u0131n ev tutan kad\u0131n kirac\u0131n\u0131n imzalad\u0131\u011f\u0131 tahliye taahh\u00fctnamesi ba\u015f\u0131na i\u015f a\u00e7t\u0131. 3 \u00e7ocuk annesi kad\u0131n, imzalad\u0131\u011f\u0131 s\u00f6zle\u015fmenin tarihinin de\u011fi\u015ftirildi\u011fini ve mahkemede sundu\u011fu delillerin g\u00f6rmezden gelindi\u011fini iddia etti.\u00a0<\/p>\n<p>\u200bHaberin Al\u0131nt\u0131land\u0131\u011f\u0131 Kaynak: www.antalyakorfez.com<\/p>","protected":false},"excerpt":{"rendered":"<p>3 \u00e7ocuk annesi A.S. 5 y\u0131l \u00f6nce \u00e7ocuklar\u0131n\u0131n okuluna olan yak\u0131nl\u0131\u011f\u0131ndan dolay\u0131 Adan\u0131n \u00c7ukurova il\u00e7esine ba\u011fl\u0131 Mahfes\u0131\u011fmaz Mahallesi\u2019nde A.C.\u2019nin evini kiralad\u0131. A.S. \u00e7ocuklar\u0131n\u0131n okulu i\u00e7in bu evi tutu\u011funu ve in\u015faat halinde olan evlerinin bitimine kadar bu evde oturacaklar\u0131 s\u00f6yleyerek ev sahibiyle anla\u015ft\u0131. Hatta bu s\u00fcre\u00e7te ev sahibi kirac\u0131s\u0131n\u0131n erken \u00e7\u0131kmas\u0131 halinde maddi bir zarar u\u011frayaca\u011f\u0131n\u0131 d\u00fc\u015f\u00fcnerek tahliye taahh\u00fctnamesi imzalatt\u0131. \u0130mzalad\u0131 bu taahh\u00fctname kirac\u0131 kad\u0131n\u0131n ilerde ba\u015f\u0131n\u0131 \u00e7ok a\u011fr\u0131tacakt\u0131.\u00a0 K\u0130RALARDAK\u0130 Y\u00dcKSEL\u0130\u015e KADINI MA\u011eDUR ETT\u0130 Araya pandeminin girmesiyle beraber kira fiyatlar\u0131n\u0131n y\u00fckseli\u015fi A.S.\u2019yi de etkiledi. Ev sahibi ile huzursuzluklar ya\u015fayan A.S., bu s\u00fcre\u00e7 boyunca ev sahibin kendisini y\u0131pratmak i\u00e7in t\u00fcrl\u00fc yollar ba\u015fvurdu\u011funu s\u00f6yledi. E\u015finden bo\u015fanan ve 3 \u00e7ocu\u011fu ile ya\u015fayan A.S. ev sahibinin \u201cGece eve erkek ald\u0131\u011f\u0131n\u0131 ve ge\u00e7 saatlerde eve d\u00f6nd\u00fc\u011f\u00fcn\u00fc\u201d s\u00f6yleyerek kendisini y\u0131pratmak i\u00e7in b\u00f6yle \u00e7irkin iftaralar ba\u015fvurdu\u011funu iddia etti.\u00a0 \u0130MZALADI\u011eI EVRAKIN ESAS HAL\u0130N\u0130 G\u00d6NDERMED\u0130LER \u00a0 Ev sahibinin y\u0131pratmalar\u0131 sonu\u00e7 vermeyince ve kirac\u0131 kad\u0131n da kira \u00f6demelerini d\u00fczg\u00fcn verdi\u011fi i\u00e7in ev sahibi bu kez 5 y\u0131l \u00f6nce imzalana tahliye taahh\u00fctnamesini i\u015fleme ald\u0131. A.S. bu konuyla alakal\u0131, \u201c5 y\u0131l \u00f6nce evi tuttu\u011fum zaman ben bu evrak\u0131 imzalad\u0131m. O s\u00fcre\u00e7 boyunca ev sahibine kendisine defalarca mesaj atarak, evrak\u0131n esas halini talep ettim. Fakat \u00e7e\u015fitli sebeplerden \u00f6t\u00fcr\u00fc bana bu evrak\u0131n esas hali g\u00f6nderilmedi. &hellip;<\/p>","protected":false},"author":0,"featured_media":0,"comment_status":"open","ping_status":"open","sticky":false,"template":"","format":"standard","meta":{"_acf_changed":false,"footnotes":""},"categories":[24,535],"tags":[],"class_list":["post-7177","post","type-post","status-publish","format-standard","has-post-thumbnail","hentry","category-gundem","category-uncategorized-tr"],"acf":[],"yoast_head":"<!-- This site is optimized with the Yoast SEO Premium plugin v26.6 (Yoast SEO v27.1.1) - https:\/\/yoast.com\/product\/yoast-seo-premium-wordpress\/ -->\n<title>Tahliye taahh\u00fctnamesi 3 \u00e7ocuklu bir anneyi daval\u0131k etti - Av. Deniz Can K\u0131z\u0131l<\/title>\n<meta name=\"robots\" content=\"index, follow, max-snippet:-1, max-image-preview:large, max-video-preview:-1\" \/>\n<link rel=\"canonical\" href=\"http:\/\/denizcankizil.tr\/uk\/haberler\/gundem\/tahliye-taahhutnamesi-3-cocuklu-bir-anneyi-davalik-etti\/\" \/>\n<meta property=\"og:locale\" content=\"uk_UA\" \/>\n<meta property=\"og:type\" content=\"article\" \/>\n<meta property=\"og:title\" content=\"Tahliye taahh\u00fctnamesi 3 \u00e7ocuklu bir anneyi daval\u0131k etti\" \/>\n<meta property=\"og:description\" content=\"3 \u00e7ocuk annesi A.S. 5 y\u0131l \u00f6nce \u00e7ocuklar\u0131n\u0131n okuluna olan yak\u0131nl\u0131\u011f\u0131ndan dolay\u0131 Adan\u0131n \u00c7ukurova il\u00e7esine ba\u011fl\u0131 Mahfes\u0131\u011fmaz Mahallesi\u2019nde A.C.\u2019nin evini kiralad\u0131. A.S. \u00e7ocuklar\u0131n\u0131n okulu i\u00e7in bu evi tutu\u011funu ve in\u015faat halinde olan evlerinin bitimine kadar bu evde oturacaklar\u0131 s\u00f6yleyerek ev sahibiyle anla\u015ft\u0131. Hatta bu s\u00fcre\u00e7te ev sahibi kirac\u0131s\u0131n\u0131n erken \u00e7\u0131kmas\u0131 halinde maddi bir zarar u\u011frayaca\u011f\u0131n\u0131 d\u00fc\u015f\u00fcnerek tahliye taahh\u00fctnamesi imzalatt\u0131. \u0130mzalad\u0131 bu taahh\u00fctname kirac\u0131 kad\u0131n\u0131n ilerde ba\u015f\u0131n\u0131 \u00e7ok a\u011fr\u0131tacakt\u0131.\u00a0 K\u0130RALARDAK\u0130 Y\u00dcKSEL\u0130\u015e KADINI MA\u011eDUR ETT\u0130 Araya pandeminin girmesiyle beraber kira fiyatlar\u0131n\u0131n y\u00fckseli\u015fi A.S.\u2019yi de etkiledi. Ev sahibi ile huzursuzluklar ya\u015fayan A.S., bu s\u00fcre\u00e7 boyunca ev sahibin kendisini y\u0131pratmak i\u00e7in t\u00fcrl\u00fc yollar ba\u015fvurdu\u011funu s\u00f6yledi. E\u015finden bo\u015fanan ve 3 \u00e7ocu\u011fu ile ya\u015fayan A.S. ev sahibinin \u201cGece eve erkek ald\u0131\u011f\u0131n\u0131 ve ge\u00e7 saatlerde eve d\u00f6nd\u00fc\u011f\u00fcn\u00fc\u201d s\u00f6yleyerek kendisini y\u0131pratmak i\u00e7in b\u00f6yle \u00e7irkin iftaralar ba\u015fvurdu\u011funu iddia etti.\u00a0 \u0130MZALADI\u011eI EVRAKIN ESAS HAL\u0130N\u0130 G\u00d6NDERMED\u0130LER \u00a0 Ev sahibinin y\u0131pratmalar\u0131 sonu\u00e7 vermeyince ve kirac\u0131 kad\u0131n da kira \u00f6demelerini d\u00fczg\u00fcn verdi\u011fi i\u00e7in ev sahibi bu kez 5 y\u0131l \u00f6nce imzalana tahliye taahh\u00fctnamesini i\u015fleme ald\u0131. A.S. bu konuyla alakal\u0131, \u201c5 y\u0131l \u00f6nce evi tuttu\u011fum zaman ben bu evrak\u0131 imzalad\u0131m. O s\u00fcre\u00e7 boyunca ev sahibine kendisine defalarca mesaj atarak, evrak\u0131n esas halini talep ettim. Fakat \u00e7e\u015fitli sebeplerden \u00f6t\u00fcr\u00fc bana bu evrak\u0131n esas hali g\u00f6nderilmedi. &hellip;\" \/>\n<meta property=\"og:url\" content=\"http:\/\/denizcankizil.tr\/uk\/haberler\/gundem\/tahliye-taahhutnamesi-3-cocuklu-bir-anneyi-davalik-etti\/\" \/>\n<meta property=\"og:site_name\" content=\"Av. Deniz Can K\u0131z\u0131l\" \/>\n<meta property=\"article:published_time\" content=\"2024-10-23T14:41:31+00:00\" \/>\n<meta name=\"twitter:card\" content=\"summary_large_image\" \/>\n<meta name=\"twitter:label1\" content=\"\u041f\u0440\u0438\u0431\u043b. \u0447\u0430\u0441 \u0447\u0438\u0442\u0430\u043d\u043d\u044f\" \/>\n\t<meta name=\"twitter:data1\" content=\"3 \u0445\u0432\u0438\u043b\u0438\u043d\u0438\" \/>\n<script type=\"application\/ld+json\" class=\"yoast-schema-graph\">{\"@context\":\"https:\/\/schema.org\",\"@graph\":[{\"@type\":\"Article\",\"@id\":\"http:\/\/denizcankizil.tr\/en\/haberler\/gundem\/tahliye-taahhutnamesi-3-cocuklu-bir-anneyi-davalik-etti\/#article\",\"isPartOf\":{\"@id\":\"http:\/\/denizcankizil.tr\/en\/haberler\/gundem\/tahliye-taahhutnamesi-3-cocuklu-bir-anneyi-davalik-etti\/\"},\"author\":{\"name\":\"\",\"@id\":\"\"},\"headline\":\"Tahliye taahh\u00fctnamesi 3 \u00e7ocuklu bir anneyi daval\u0131k etti\",\"datePublished\":\"2024-10-23T14:41:31+00:00\",\"mainEntityOfPage\":{\"@id\":\"http:\/\/denizcankizil.tr\/en\/haberler\/gundem\/tahliye-taahhutnamesi-3-cocuklu-bir-anneyi-davalik-etti\/\"},\"wordCount\":660,\"commentCount\":0,\"publisher\":{\"@id\":\"https:\/\/denizcankizil.tr\/de\/#organization\"},\"articleSection\":[\"G\u00fcndem\",\"Uncategorized\"],\"inLanguage\":\"uk\",\"potentialAction\":[{\"@type\":\"CommentAction\",\"name\":\"Comment\",\"target\":[\"http:\/\/denizcankizil.tr\/en\/haberler\/gundem\/tahliye-taahhutnamesi-3-cocuklu-bir-anneyi-davalik-etti\/#respond\"]}]},{\"@type\":\"WebPage\",\"@id\":\"http:\/\/denizcankizil.tr\/en\/haberler\/gundem\/tahliye-taahhutnamesi-3-cocuklu-bir-anneyi-davalik-etti\/\",\"url\":\"http:\/\/denizcankizil.tr\/en\/haberler\/gundem\/tahliye-taahhutnamesi-3-cocuklu-bir-anneyi-davalik-etti\/\",\"name\":\"Tahliye taahh\u00fctnamesi 3 \u00e7ocuklu bir anneyi daval\u0131k etti - Av. Deniz Can K\u0131z\u0131l\",\"isPartOf\":{\"@id\":\"https:\/\/denizcankizil.tr\/de\/#website\"},\"datePublished\":\"2024-10-23T14:41:31+00:00\",\"breadcrumb\":{\"@id\":\"http:\/\/denizcankizil.tr\/en\/haberler\/gundem\/tahliye-taahhutnamesi-3-cocuklu-bir-anneyi-davalik-etti\/#breadcrumb\"},\"inLanguage\":\"uk\",\"potentialAction\":[{\"@type\":\"ReadAction\",\"target\":[\"http:\/\/denizcankizil.tr\/en\/haberler\/gundem\/tahliye-taahhutnamesi-3-cocuklu-bir-anneyi-davalik-etti\/\"]}]},{\"@type\":\"BreadcrumbList\",\"@id\":\"http:\/\/denizcankizil.tr\/en\/haberler\/gundem\/tahliye-taahhutnamesi-3-cocuklu-bir-anneyi-davalik-etti\/#breadcrumb\",\"itemListElement\":[{\"@type\":\"ListItem\",\"position\":1,\"name\":\"Home\",\"item\":\"https:\/\/denizcankizil.tr\/de\/\"},{\"@type\":\"ListItem\",\"position\":2,\"name\":\"Tahliye taahh\u00fctnamesi 3 \u00e7ocuklu bir anneyi daval\u0131k etti\"}]},{\"@type\":\"WebSite\",\"@id\":\"https:\/\/denizcankizil.tr\/de\/#website\",\"url\":\"https:\/\/denizcankizil.tr\/de\/\",\"name\":\"Av. Deniz Can K\u0131z\u0131l\",\"description\":\"Avukat Deniz Can K\u0131z\u0131l Antalya Barosu\",\"publisher\":{\"@id\":\"https:\/\/denizcankizil.tr\/de\/#organization\"},\"potentialAction\":[{\"@type\":\"SearchAction\",\"target\":{\"@type\":\"EntryPoint\",\"urlTemplate\":\"https:\/\/denizcankizil.tr\/de\/?s={search_term_string}\"},\"query-input\":{\"@type\":\"PropertyValueSpecification\",\"valueRequired\":true,\"valueName\":\"search_term_string\"}}],\"inLanguage\":\"uk\"},{\"@type\":\"Organization\",\"@id\":\"https:\/\/denizcankizil.tr\/de\/#organization\",\"name\":\"Av. Deniz Can K\u0131z\u0131l\",\"url\":\"https:\/\/denizcankizil.tr\/de\/\",\"logo\":{\"@type\":\"ImageObject\",\"inLanguage\":\"uk\",\"@id\":\"https:\/\/denizcankizil.tr\/de\/#\/schema\/logo\/image\/\",\"url\":\"http:\/\/denizcankizil.tr\/wp-content\/uploads\/2024\/10\/siyah-logo-svg.svg\",\"contentUrl\":\"http:\/\/denizcankizil.tr\/wp-content\/uploads\/2024\/10\/siyah-logo-svg.svg\",\"width\":1080,\"height\":1080,\"caption\":\"Av. Deniz Can K\u0131z\u0131l\"},\"image\":{\"@id\":\"https:\/\/denizcankizil.tr\/de\/#\/schema\/logo\/image\/\"}}]}<\/script>\n<!-- \/ Yoast SEO Premium plugin. -->","yoast_head_json":{"title":"Tahliye taahh\u00fctnamesi 3 \u00e7ocuklu bir anneyi daval\u0131k etti - Av. Deniz Can K\u0131z\u0131l","robots":{"index":"index","follow":"follow","max-snippet":"max-snippet:-1","max-image-preview":"max-image-preview:large","max-video-preview":"max-video-preview:-1"},"canonical":"http:\/\/denizcankizil.tr\/uk\/haberler\/gundem\/tahliye-taahhutnamesi-3-cocuklu-bir-anneyi-davalik-etti\/","og_locale":"uk_UA","og_type":"article","og_title":"Tahliye taahh\u00fctnamesi 3 \u00e7ocuklu bir anneyi daval\u0131k etti","og_description":"3 \u00e7ocuk annesi A.S. 5 y\u0131l \u00f6nce \u00e7ocuklar\u0131n\u0131n okuluna olan yak\u0131nl\u0131\u011f\u0131ndan dolay\u0131 Adan\u0131n \u00c7ukurova il\u00e7esine ba\u011fl\u0131 Mahfes\u0131\u011fmaz Mahallesi\u2019nde A.C.\u2019nin evini kiralad\u0131. A.S. \u00e7ocuklar\u0131n\u0131n okulu i\u00e7in bu evi tutu\u011funu ve in\u015faat halinde olan evlerinin bitimine kadar bu evde oturacaklar\u0131 s\u00f6yleyerek ev sahibiyle anla\u015ft\u0131. Hatta bu s\u00fcre\u00e7te ev sahibi kirac\u0131s\u0131n\u0131n erken \u00e7\u0131kmas\u0131 halinde maddi bir zarar u\u011frayaca\u011f\u0131n\u0131 d\u00fc\u015f\u00fcnerek tahliye taahh\u00fctnamesi imzalatt\u0131. \u0130mzalad\u0131 bu taahh\u00fctname kirac\u0131 kad\u0131n\u0131n ilerde ba\u015f\u0131n\u0131 \u00e7ok a\u011fr\u0131tacakt\u0131.\u00a0 K\u0130RALARDAK\u0130 Y\u00dcKSEL\u0130\u015e KADINI MA\u011eDUR ETT\u0130 Araya pandeminin girmesiyle beraber kira fiyatlar\u0131n\u0131n y\u00fckseli\u015fi A.S.\u2019yi de etkiledi. Ev sahibi ile huzursuzluklar ya\u015fayan A.S., bu s\u00fcre\u00e7 boyunca ev sahibin kendisini y\u0131pratmak i\u00e7in t\u00fcrl\u00fc yollar ba\u015fvurdu\u011funu s\u00f6yledi. E\u015finden bo\u015fanan ve 3 \u00e7ocu\u011fu ile ya\u015fayan A.S. ev sahibinin \u201cGece eve erkek ald\u0131\u011f\u0131n\u0131 ve ge\u00e7 saatlerde eve d\u00f6nd\u00fc\u011f\u00fcn\u00fc\u201d s\u00f6yleyerek kendisini y\u0131pratmak i\u00e7in b\u00f6yle \u00e7irkin iftaralar ba\u015fvurdu\u011funu iddia etti.\u00a0 \u0130MZALADI\u011eI EVRAKIN ESAS HAL\u0130N\u0130 G\u00d6NDERMED\u0130LER \u00a0 Ev sahibinin y\u0131pratmalar\u0131 sonu\u00e7 vermeyince ve kirac\u0131 kad\u0131n da kira \u00f6demelerini d\u00fczg\u00fcn verdi\u011fi i\u00e7in ev sahibi bu kez 5 y\u0131l \u00f6nce imzalana tahliye taahh\u00fctnamesini i\u015fleme ald\u0131. A.S. bu konuyla alakal\u0131, \u201c5 y\u0131l \u00f6nce evi tuttu\u011fum zaman ben bu evrak\u0131 imzalad\u0131m. O s\u00fcre\u00e7 boyunca ev sahibine kendisine defalarca mesaj atarak, evrak\u0131n esas halini talep ettim. Fakat \u00e7e\u015fitli sebeplerden \u00f6t\u00fcr\u00fc bana bu evrak\u0131n esas hali g\u00f6nderilmedi. &hellip;","og_url":"http:\/\/denizcankizil.tr\/uk\/haberler\/gundem\/tahliye-taahhutnamesi-3-cocuklu-bir-anneyi-davalik-etti\/","og_site_name":"Av. Deniz Can K\u0131z\u0131l","article_published_time":"2024-10-23T14:41:31+00:00","twitter_card":"summary_large_image","twitter_misc":{"\u041f\u0440\u0438\u0431\u043b. \u0447\u0430\u0441 \u0447\u0438\u0442\u0430\u043d\u043d\u044f":"3 \u0445\u0432\u0438\u043b\u0438\u043d\u0438"},"schema":{"@context":"https:\/\/schema.org","@graph":[{"@type":"Article","@id":"http:\/\/denizcankizil.tr\/en\/haberler\/gundem\/tahliye-taahhutnamesi-3-cocuklu-bir-anneyi-davalik-etti\/#article","isPartOf":{"@id":"http:\/\/denizcankizil.tr\/en\/haberler\/gundem\/tahliye-taahhutnamesi-3-cocuklu-bir-anneyi-davalik-etti\/"},"author":{"name":"","@id":""},"headline":"Tahliye taahh\u00fctnamesi 3 \u00e7ocuklu bir anneyi daval\u0131k etti","datePublished":"2024-10-23T14:41:31+00:00","mainEntityOfPage":{"@id":"http:\/\/denizcankizil.tr\/en\/haberler\/gundem\/tahliye-taahhutnamesi-3-cocuklu-bir-anneyi-davalik-etti\/"},"wordCount":660,"commentCount":0,"publisher":{"@id":"https:\/\/denizcankizil.tr\/de\/#organization"},"articleSection":["G\u00fcndem","Uncategorized"],"inLanguage":"uk","potentialAction":[{"@type":"CommentAction","name":"Comment","target":["http:\/\/denizcankizil.tr\/en\/haberler\/gundem\/tahliye-taahhutnamesi-3-cocuklu-bir-anneyi-davalik-etti\/#respond"]}]},{"@type":"WebPage","@id":"http:\/\/denizcankizil.tr\/en\/haberler\/gundem\/tahliye-taahhutnamesi-3-cocuklu-bir-anneyi-davalik-etti\/","url":"http:\/\/denizcankizil.tr\/en\/haberler\/gundem\/tahliye-taahhutnamesi-3-cocuklu-bir-anneyi-davalik-etti\/","name":"Tahliye taahh\u00fctnamesi 3 \u00e7ocuklu bir anneyi daval\u0131k etti - Av. Deniz Can K\u0131z\u0131l","isPartOf":{"@id":"https:\/\/denizcankizil.tr\/de\/#website"},"datePublished":"2024-10-23T14:41:31+00:00","breadcrumb":{"@id":"http:\/\/denizcankizil.tr\/en\/haberler\/gundem\/tahliye-taahhutnamesi-3-cocuklu-bir-anneyi-davalik-etti\/#breadcrumb"},"inLanguage":"uk","potentialAction":[{"@type":"ReadAction","target":["http:\/\/denizcankizil.tr\/en\/haberler\/gundem\/tahliye-taahhutnamesi-3-cocuklu-bir-anneyi-davalik-etti\/"]}]},{"@type":"BreadcrumbList","@id":"http:\/\/denizcankizil.tr\/en\/haberler\/gundem\/tahliye-taahhutnamesi-3-cocuklu-bir-anneyi-davalik-etti\/#breadcrumb","itemListElement":[{"@type":"ListItem","position":1,"name":"Home","item":"https:\/\/denizcankizil.tr\/de\/"},{"@type":"ListItem","position":2,"name":"Tahliye taahh\u00fctnamesi 3 \u00e7ocuklu bir anneyi daval\u0131k etti"}]},{"@type":"WebSite","@id":"https:\/\/denizcankizil.tr\/de\/#website","url":"https:\/\/denizcankizil.tr\/de\/","name":"Av. Deniz Can K\u0131z\u0131l","description":"Avukat Deniz Can K\u0131z\u0131l Antalya Barosu","publisher":{"@id":"https:\/\/denizcankizil.tr\/de\/#organization"},"potentialAction":[{"@type":"SearchAction","target":{"@type":"EntryPoint","urlTemplate":"https:\/\/denizcankizil.tr\/de\/?s={search_term_string}"},"query-input":{"@type":"PropertyValueSpecification","valueRequired":true,"valueName":"search_term_string"}}],"inLanguage":"uk"},{"@type":"Organization","@id":"https:\/\/denizcankizil.tr\/de\/#organization","name":"Av. Deniz Can K\u0131z\u0131l","url":"https:\/\/denizcankizil.tr\/de\/","logo":{"@type":"ImageObject","inLanguage":"uk","@id":"https:\/\/denizcankizil.tr\/de\/#\/schema\/logo\/image\/","url":"http:\/\/denizcankizil.tr\/wp-content\/uploads\/2024\/10\/siyah-logo-svg.svg","contentUrl":"http:\/\/denizcankizil.tr\/wp-content\/uploads\/2024\/10\/siyah-logo-svg.svg","width":1080,"height":1080,"caption":"Av. Deniz Can K\u0131z\u0131l"},"image":{"@id":"https:\/\/denizcankizil.tr\/de\/#\/schema\/logo\/image\/"}}]}},"_links":{"self":[{"href":"http:\/\/denizcankizil.tr\/uk\/wp-json\/wp\/v2\/posts\/7177","targetHints":{"allow":["GET"]}}],"collection":[{"href":"http:\/\/denizcankizil.tr\/uk\/wp-json\/wp\/v2\/posts"}],"about":[{"href":"http:\/\/denizcankizil.tr\/uk\/wp-json\/wp\/v2\/types\/post"}],"replies":[{"embeddable":true,"href":"http:\/\/denizcankizil.tr\/uk\/wp-json\/wp\/v2\/comments?post=7177"}],"version-history":[{"count":0,"href":"http:\/\/denizcankizil.tr\/uk\/wp-json\/wp\/v2\/posts\/7177\/revisions"}],"wp:attachment":[{"href":"http:\/\/denizcankizil.tr\/uk\/wp-json\/wp\/v2\/media?parent=7177"}],"wp:term":[{"taxonomy":"category","embeddable":true,"href":"http:\/\/denizcankizil.tr\/uk\/wp-json\/wp\/v2\/categories?post=7177"},{"taxonomy":"post_tag","embeddable":true,"href":"http:\/\/denizcankizil.tr\/uk\/wp-json\/wp\/v2\/tags?post=7177"}],"curies":[{"name":"wp","href":"https:\/\/api.w.org\/{rel}","templated":true}]}}