{"id":70432,"date":"2025-04-29T15:42:47","date_gmt":"2025-04-29T12:42:47","guid":{"rendered":"https:\/\/denizcankizil.tr\/uncategorized-tr\/antakya-serinyol-karayolunda-trafik-kazasi\/"},"modified":"2025-04-29T15:42:47","modified_gmt":"2025-04-29T12:42:47","slug":"antakya-serinyol-karayolunda-trafik-kazasi","status":"publish","type":"post","link":"http:\/\/denizcankizil.tr\/uk\/haberler\/gundem\/antakya-serinyol-karayolunda-trafik-kazasi\/","title":{"rendered":"Antakya-Serinyol karayolunda trafik kazas\u0131\u2026"},"content":{"rendered":"<p>Edinilen bilgilere g\u00f6re kaza, \u00f6\u011flen saatlerinde Antakya-\u0130skenderun karayolu Serinyol mevkiinde meydana geldi. Trafik \u0131\u015f\u0131klar\u0131nda ye\u015fil \u0131\u015f\u0131kta ilerledi\u011fi s\u0131rada bir otomobil yola \u00e7\u0131kan bir ba\u015fka ara\u00e7la \u00e7arp\u0131\u015ft\u0131. \u00c7arp\u0131\u015fman\u0131n etkisiyle her iki ara\u00e7ta da maddi hasar meydana gelirken, kazada bir ki\u015fi hafif \u015fekilde yaraland\u0131.<\/p>\n<p>\u0130hbar \u00fczerine olay yerine sa\u011fl\u0131k ve itfaiye ekipleri sevk edildi. \u0130tfaiye ekipleri ara\u00e7larda g\u00fcvenlik kontrol\u00fc yaparken, yaral\u0131 ki\u015fiye ilk m\u00fcdahale sa\u011fl\u0131k ekipleri taraf\u0131ndan olay yerinde ger\u00e7ekle\u015ftirildi. Kazayla ilgili soru\u015fturma ba\u015flat\u0131ld\u0131\u011f\u0131 \u00f6\u011frenildi.<\/p>\n<p>\u200bHatay\u2019\u0131n Antakya il\u00e7esi Serinyol mevkiinde ye\u015fil \u0131\u015f\u0131kta seyir halindeki bir otomobil tali yoldan \u00e7\u0131kan ba\u015fka bir araca \u00e7arpt\u0131\u011f\u0131 maddi hasarl\u0131 kazay\u0131 bir ki\u015fi hafif yaralanmayla atlatt\u0131.\u00a0<\/p>\n<p>\u200bHaberin Al\u0131nt\u0131land\u0131\u011f\u0131 Kaynak: www.iskenderun.org<\/p>","protected":false},"excerpt":{"rendered":"<p>Edinilen bilgilere g\u00f6re kaza, \u00f6\u011flen saatlerinde Antakya-\u0130skenderun karayolu Serinyol mevkiinde meydana geldi. Trafik \u0131\u015f\u0131klar\u0131nda ye\u015fil \u0131\u015f\u0131kta ilerledi\u011fi s\u0131rada bir otomobil yola \u00e7\u0131kan bir ba\u015fka ara\u00e7la \u00e7arp\u0131\u015ft\u0131. \u00c7arp\u0131\u015fman\u0131n etkisiyle her iki ara\u00e7ta da maddi hasar meydana gelirken, kazada bir ki\u015fi hafif \u015fekilde yaraland\u0131. \u0130hbar \u00fczerine olay yerine sa\u011fl\u0131k ve itfaiye ekipleri sevk edildi. \u0130tfaiye ekipleri ara\u00e7larda g\u00fcvenlik kontrol\u00fc yaparken, yaral\u0131 ki\u015fiye ilk m\u00fcdahale sa\u011fl\u0131k ekipleri taraf\u0131ndan olay yerinde ger\u00e7ekle\u015ftirildi. Kazayla ilgili soru\u015fturma ba\u015flat\u0131ld\u0131\u011f\u0131 \u00f6\u011frenildi. \u200bHatay\u2019\u0131n Antakya il\u00e7esi Serinyol mevkiinde ye\u015fil \u0131\u015f\u0131kta seyir halindeki bir otomobil tali yoldan \u00e7\u0131kan ba\u015fka bir araca \u00e7arpt\u0131\u011f\u0131 maddi hasarl\u0131 kazay\u0131 bir ki\u015fi hafif yaralanmayla atlatt\u0131.\u00a0 \u200bHaberin Al\u0131nt\u0131land\u0131\u011f\u0131 Kaynak: www.iskenderun.org<\/p>","protected":false},"author":1,"featured_media":0,"comment_status":"","ping_status":"open","sticky":false,"template":"","format":"standard","meta":{"_acf_changed":false,"footnotes":""},"categories":[24],"tags":[],"class_list":["post-70432","post","type-post","status-publish","format-standard","has-post-thumbnail","hentry","category-gundem"],"acf":[],"yoast_head":"<!-- This site is optimized with the Yoast SEO Premium plugin v26.6 (Yoast SEO v27.1.1) - https:\/\/yoast.com\/product\/yoast-seo-premium-wordpress\/ -->\n<title>Antakya-Serinyol karayolunda trafik kazas\u0131\u2026 - Av. Deniz Can K\u0131z\u0131l<\/title>\n<meta name=\"robots\" content=\"index, follow, max-snippet:-1, max-image-preview:large, max-video-preview:-1\" \/>\n<link rel=\"canonical\" href=\"https:\/\/denizcankizil.tr\/uk\/haberler\/gundem\/antakya-serinyol-karayolunda-trafik-kazasi\/\" \/>\n<meta property=\"og:locale\" content=\"uk_UA\" \/>\n<meta property=\"og:type\" content=\"article\" \/>\n<meta property=\"og:title\" content=\"Antakya-Serinyol karayolunda trafik kazas\u0131\u2026\" \/>\n<meta property=\"og:description\" content=\"Edinilen bilgilere g\u00f6re kaza, \u00f6\u011flen saatlerinde Antakya-\u0130skenderun karayolu Serinyol mevkiinde meydana geldi. Trafik \u0131\u015f\u0131klar\u0131nda ye\u015fil \u0131\u015f\u0131kta ilerledi\u011fi s\u0131rada bir otomobil yola \u00e7\u0131kan bir ba\u015fka ara\u00e7la \u00e7arp\u0131\u015ft\u0131. \u00c7arp\u0131\u015fman\u0131n etkisiyle her iki ara\u00e7ta da maddi hasar meydana gelirken, kazada bir ki\u015fi hafif \u015fekilde yaraland\u0131. \u0130hbar \u00fczerine olay yerine sa\u011fl\u0131k ve itfaiye ekipleri sevk edildi. \u0130tfaiye ekipleri ara\u00e7larda g\u00fcvenlik kontrol\u00fc yaparken, yaral\u0131 ki\u015fiye ilk m\u00fcdahale sa\u011fl\u0131k ekipleri taraf\u0131ndan olay yerinde ger\u00e7ekle\u015ftirildi. Kazayla ilgili soru\u015fturma ba\u015flat\u0131ld\u0131\u011f\u0131 \u00f6\u011frenildi. \u200bHatay\u2019\u0131n Antakya il\u00e7esi Serinyol mevkiinde ye\u015fil \u0131\u015f\u0131kta seyir halindeki bir otomobil tali yoldan \u00e7\u0131kan ba\u015fka bir araca \u00e7arpt\u0131\u011f\u0131 maddi hasarl\u0131 kazay\u0131 bir ki\u015fi hafif yaralanmayla atlatt\u0131.\u00a0 \u200bHaberin Al\u0131nt\u0131land\u0131\u011f\u0131 Kaynak: www.iskenderun.org\" \/>\n<meta property=\"og:url\" content=\"https:\/\/denizcankizil.tr\/uk\/haberler\/gundem\/antakya-serinyol-karayolunda-trafik-kazasi\/\" \/>\n<meta property=\"og:site_name\" content=\"Av. Deniz Can K\u0131z\u0131l\" \/>\n<meta property=\"article:published_time\" content=\"2025-04-29T12:42:47+00:00\" \/>\n<meta name=\"author\" content=\"admin\" \/>\n<meta name=\"twitter:card\" content=\"summary_large_image\" \/>\n<meta name=\"twitter:label1\" content=\"\u041d\u0430\u043f\u0438\u0441\u0430\u043d\u043e\" \/>\n\t<meta name=\"twitter:data1\" content=\"admin\" \/>\n\t<meta name=\"twitter:label2\" content=\"\u041f\u0440\u0438\u0431\u043b. \u0447\u0430\u0441 \u0447\u0438\u0442\u0430\u043d\u043d\u044f\" \/>\n\t<meta name=\"twitter:data2\" content=\"1 \u0445\u0432\u0438\u043b\u0438\u043d\u0430\" \/>\n<script type=\"application\/ld+json\" class=\"yoast-schema-graph\">{\"@context\":\"https:\/\/schema.org\",\"@graph\":[{\"@type\":\"Article\",\"@id\":\"https:\/\/denizcankizil.tr\/ru\/haberler\/gundem\/antakya-serinyol-karayolunda-trafik-kazasi\/#article\",\"isPartOf\":{\"@id\":\"https:\/\/denizcankizil.tr\/ru\/haberler\/gundem\/antakya-serinyol-karayolunda-trafik-kazasi\/\"},\"author\":{\"name\":\"admin\",\"@id\":\"https:\/\/denizcankizil.tr\/de\/#\/schema\/person\/be3c05fe6a12686905512445d8185489\"},\"headline\":\"Antakya-Serinyol karayolunda trafik kazas\u0131\u2026\",\"datePublished\":\"2025-04-29T12:42:47+00:00\",\"mainEntityOfPage\":{\"@id\":\"https:\/\/denizcankizil.tr\/ru\/haberler\/gundem\/antakya-serinyol-karayolunda-trafik-kazasi\/\"},\"wordCount\":143,\"publisher\":{\"@id\":\"https:\/\/denizcankizil.tr\/de\/#organization\"},\"articleSection\":[\"G\u00fcndem\"],\"inLanguage\":\"uk\"},{\"@type\":\"WebPage\",\"@id\":\"https:\/\/denizcankizil.tr\/ru\/haberler\/gundem\/antakya-serinyol-karayolunda-trafik-kazasi\/\",\"url\":\"https:\/\/denizcankizil.tr\/ru\/haberler\/gundem\/antakya-serinyol-karayolunda-trafik-kazasi\/\",\"name\":\"Antakya-Serinyol karayolunda trafik kazas\u0131\u2026 - Av. Deniz Can K\u0131z\u0131l\",\"isPartOf\":{\"@id\":\"https:\/\/denizcankizil.tr\/de\/#website\"},\"datePublished\":\"2025-04-29T12:42:47+00:00\",\"breadcrumb\":{\"@id\":\"https:\/\/denizcankizil.tr\/ru\/haberler\/gundem\/antakya-serinyol-karayolunda-trafik-kazasi\/#breadcrumb\"},\"inLanguage\":\"uk\",\"potentialAction\":[{\"@type\":\"ReadAction\",\"target\":[\"https:\/\/denizcankizil.tr\/ru\/haberler\/gundem\/antakya-serinyol-karayolunda-trafik-kazasi\/\"]}]},{\"@type\":\"BreadcrumbList\",\"@id\":\"https:\/\/denizcankizil.tr\/ru\/haberler\/gundem\/antakya-serinyol-karayolunda-trafik-kazasi\/#breadcrumb\",\"itemListElement\":[{\"@type\":\"ListItem\",\"position\":1,\"name\":\"Home\",\"item\":\"https:\/\/denizcankizil.tr\/de\/\"},{\"@type\":\"ListItem\",\"position\":2,\"name\":\"Antakya-Serinyol karayolunda trafik kazas\u0131\u2026\"}]},{\"@type\":\"WebSite\",\"@id\":\"https:\/\/denizcankizil.tr\/de\/#website\",\"url\":\"https:\/\/denizcankizil.tr\/de\/\",\"name\":\"Av. Deniz Can K\u0131z\u0131l\",\"description\":\"Avukat Deniz Can K\u0131z\u0131l Antalya Barosu\",\"publisher\":{\"@id\":\"https:\/\/denizcankizil.tr\/de\/#organization\"},\"potentialAction\":[{\"@type\":\"SearchAction\",\"target\":{\"@type\":\"EntryPoint\",\"urlTemplate\":\"https:\/\/denizcankizil.tr\/de\/?s={search_term_string}\"},\"query-input\":{\"@type\":\"PropertyValueSpecification\",\"valueRequired\":true,\"valueName\":\"search_term_string\"}}],\"inLanguage\":\"uk\"},{\"@type\":\"Organization\",\"@id\":\"https:\/\/denizcankizil.tr\/de\/#organization\",\"name\":\"Av. Deniz Can K\u0131z\u0131l\",\"url\":\"https:\/\/denizcankizil.tr\/de\/\",\"logo\":{\"@type\":\"ImageObject\",\"inLanguage\":\"uk\",\"@id\":\"https:\/\/denizcankizil.tr\/de\/#\/schema\/logo\/image\/\",\"url\":\"http:\/\/denizcankizil.tr\/wp-content\/uploads\/2024\/10\/siyah-logo-svg.svg\",\"contentUrl\":\"http:\/\/denizcankizil.tr\/wp-content\/uploads\/2024\/10\/siyah-logo-svg.svg\",\"width\":1080,\"height\":1080,\"caption\":\"Av. Deniz Can K\u0131z\u0131l\"},\"image\":{\"@id\":\"https:\/\/denizcankizil.tr\/de\/#\/schema\/logo\/image\/\"}},{\"@type\":\"Person\",\"@id\":\"https:\/\/denizcankizil.tr\/de\/#\/schema\/person\/be3c05fe6a12686905512445d8185489\",\"name\":\"admin\",\"image\":{\"@type\":\"ImageObject\",\"inLanguage\":\"uk\",\"@id\":\"https:\/\/denizcankizil.tr\/de\/#\/schema\/person\/image\/\",\"url\":\"https:\/\/secure.gravatar.com\/avatar\/c1fce94c830dc79107e174f890d7210541c4a63e8e5d816341794a2151c9d58c?s=96&d=mm&r=g\",\"contentUrl\":\"https:\/\/secure.gravatar.com\/avatar\/c1fce94c830dc79107e174f890d7210541c4a63e8e5d816341794a2151c9d58c?s=96&d=mm&r=g\",\"caption\":\"admin\"},\"sameAs\":[\"http:\/\/denizcankizil.tr\"],\"url\":\"https:\/\/www.iskenderun.org\/antakya-serinyol-karayolunda-trafik-kazasi\"}]}<\/script>\n<!-- \/ Yoast SEO Premium plugin. -->","yoast_head_json":{"title":"Antakya-Serinyol karayolunda trafik kazas\u0131\u2026 - Av. Deniz Can K\u0131z\u0131l","robots":{"index":"index","follow":"follow","max-snippet":"max-snippet:-1","max-image-preview":"max-image-preview:large","max-video-preview":"max-video-preview:-1"},"canonical":"https:\/\/denizcankizil.tr\/uk\/haberler\/gundem\/antakya-serinyol-karayolunda-trafik-kazasi\/","og_locale":"uk_UA","og_type":"article","og_title":"Antakya-Serinyol karayolunda trafik kazas\u0131\u2026","og_description":"Edinilen bilgilere g\u00f6re kaza, \u00f6\u011flen saatlerinde Antakya-\u0130skenderun karayolu Serinyol mevkiinde meydana geldi. Trafik \u0131\u015f\u0131klar\u0131nda ye\u015fil \u0131\u015f\u0131kta ilerledi\u011fi s\u0131rada bir otomobil yola \u00e7\u0131kan bir ba\u015fka ara\u00e7la \u00e7arp\u0131\u015ft\u0131. \u00c7arp\u0131\u015fman\u0131n etkisiyle her iki ara\u00e7ta da maddi hasar meydana gelirken, kazada bir ki\u015fi hafif \u015fekilde yaraland\u0131. \u0130hbar \u00fczerine olay yerine sa\u011fl\u0131k ve itfaiye ekipleri sevk edildi. \u0130tfaiye ekipleri ara\u00e7larda g\u00fcvenlik kontrol\u00fc yaparken, yaral\u0131 ki\u015fiye ilk m\u00fcdahale sa\u011fl\u0131k ekipleri taraf\u0131ndan olay yerinde ger\u00e7ekle\u015ftirildi. Kazayla ilgili soru\u015fturma ba\u015flat\u0131ld\u0131\u011f\u0131 \u00f6\u011frenildi. \u200bHatay\u2019\u0131n Antakya il\u00e7esi Serinyol mevkiinde ye\u015fil \u0131\u015f\u0131kta seyir halindeki bir otomobil tali yoldan \u00e7\u0131kan ba\u015fka bir araca \u00e7arpt\u0131\u011f\u0131 maddi hasarl\u0131 kazay\u0131 bir ki\u015fi hafif yaralanmayla atlatt\u0131.\u00a0 \u200bHaberin Al\u0131nt\u0131land\u0131\u011f\u0131 Kaynak: www.iskenderun.org","og_url":"https:\/\/denizcankizil.tr\/uk\/haberler\/gundem\/antakya-serinyol-karayolunda-trafik-kazasi\/","og_site_name":"Av. Deniz Can K\u0131z\u0131l","article_published_time":"2025-04-29T12:42:47+00:00","author":"admin","twitter_card":"summary_large_image","twitter_misc":{"\u041d\u0430\u043f\u0438\u0441\u0430\u043d\u043e":"admin","\u041f\u0440\u0438\u0431\u043b. \u0447\u0430\u0441 \u0447\u0438\u0442\u0430\u043d\u043d\u044f":"1 \u0445\u0432\u0438\u043b\u0438\u043d\u0430"},"schema":{"@context":"https:\/\/schema.org","@graph":[{"@type":"Article","@id":"https:\/\/denizcankizil.tr\/ru\/haberler\/gundem\/antakya-serinyol-karayolunda-trafik-kazasi\/#article","isPartOf":{"@id":"https:\/\/denizcankizil.tr\/ru\/haberler\/gundem\/antakya-serinyol-karayolunda-trafik-kazasi\/"},"author":{"name":"admin","@id":"https:\/\/denizcankizil.tr\/de\/#\/schema\/person\/be3c05fe6a12686905512445d8185489"},"headline":"Antakya-Serinyol karayolunda trafik kazas\u0131\u2026","datePublished":"2025-04-29T12:42:47+00:00","mainEntityOfPage":{"@id":"https:\/\/denizcankizil.tr\/ru\/haberler\/gundem\/antakya-serinyol-karayolunda-trafik-kazasi\/"},"wordCount":143,"publisher":{"@id":"https:\/\/denizcankizil.tr\/de\/#organization"},"articleSection":["G\u00fcndem"],"inLanguage":"uk"},{"@type":"WebPage","@id":"https:\/\/denizcankizil.tr\/ru\/haberler\/gundem\/antakya-serinyol-karayolunda-trafik-kazasi\/","url":"https:\/\/denizcankizil.tr\/ru\/haberler\/gundem\/antakya-serinyol-karayolunda-trafik-kazasi\/","name":"Antakya-Serinyol karayolunda trafik kazas\u0131\u2026 - Av. Deniz Can K\u0131z\u0131l","isPartOf":{"@id":"https:\/\/denizcankizil.tr\/de\/#website"},"datePublished":"2025-04-29T12:42:47+00:00","breadcrumb":{"@id":"https:\/\/denizcankizil.tr\/ru\/haberler\/gundem\/antakya-serinyol-karayolunda-trafik-kazasi\/#breadcrumb"},"inLanguage":"uk","potentialAction":[{"@type":"ReadAction","target":["https:\/\/denizcankizil.tr\/ru\/haberler\/gundem\/antakya-serinyol-karayolunda-trafik-kazasi\/"]}]},{"@type":"BreadcrumbList","@id":"https:\/\/denizcankizil.tr\/ru\/haberler\/gundem\/antakya-serinyol-karayolunda-trafik-kazasi\/#breadcrumb","itemListElement":[{"@type":"ListItem","position":1,"name":"Home","item":"https:\/\/denizcankizil.tr\/de\/"},{"@type":"ListItem","position":2,"name":"Antakya-Serinyol karayolunda trafik kazas\u0131\u2026"}]},{"@type":"WebSite","@id":"https:\/\/denizcankizil.tr\/de\/#website","url":"https:\/\/denizcankizil.tr\/de\/","name":"Av. Deniz Can K\u0131z\u0131l","description":"Avukat Deniz Can K\u0131z\u0131l Antalya Barosu","publisher":{"@id":"https:\/\/denizcankizil.tr\/de\/#organization"},"potentialAction":[{"@type":"SearchAction","target":{"@type":"EntryPoint","urlTemplate":"https:\/\/denizcankizil.tr\/de\/?s={search_term_string}"},"query-input":{"@type":"PropertyValueSpecification","valueRequired":true,"valueName":"search_term_string"}}],"inLanguage":"uk"},{"@type":"Organization","@id":"https:\/\/denizcankizil.tr\/de\/#organization","name":"Av. Deniz Can K\u0131z\u0131l","url":"https:\/\/denizcankizil.tr\/de\/","logo":{"@type":"ImageObject","inLanguage":"uk","@id":"https:\/\/denizcankizil.tr\/de\/#\/schema\/logo\/image\/","url":"http:\/\/denizcankizil.tr\/wp-content\/uploads\/2024\/10\/siyah-logo-svg.svg","contentUrl":"http:\/\/denizcankizil.tr\/wp-content\/uploads\/2024\/10\/siyah-logo-svg.svg","width":1080,"height":1080,"caption":"Av. Deniz Can K\u0131z\u0131l"},"image":{"@id":"https:\/\/denizcankizil.tr\/de\/#\/schema\/logo\/image\/"}},{"@type":"Person","@id":"https:\/\/denizcankizil.tr\/de\/#\/schema\/person\/be3c05fe6a12686905512445d8185489","name":"\u0430\u0434\u043c\u0456\u043d","image":{"@type":"ImageObject","inLanguage":"uk","@id":"https:\/\/denizcankizil.tr\/de\/#\/schema\/person\/image\/","url":"https:\/\/secure.gravatar.com\/avatar\/c1fce94c830dc79107e174f890d7210541c4a63e8e5d816341794a2151c9d58c?s=96&d=mm&r=g","contentUrl":"https:\/\/secure.gravatar.com\/avatar\/c1fce94c830dc79107e174f890d7210541c4a63e8e5d816341794a2151c9d58c?s=96&d=mm&r=g","caption":"admin"},"sameAs":["http:\/\/denizcankizil.tr"],"url":"https:\/\/www.iskenderun.org\/antakya-serinyol-karayolunda-trafik-kazasi"}]}},"_links":{"self":[{"href":"http:\/\/denizcankizil.tr\/uk\/wp-json\/wp\/v2\/posts\/70432","targetHints":{"allow":["GET"]}}],"collection":[{"href":"http:\/\/denizcankizil.tr\/uk\/wp-json\/wp\/v2\/posts"}],"about":[{"href":"http:\/\/denizcankizil.tr\/uk\/wp-json\/wp\/v2\/types\/post"}],"author":[{"embeddable":true,"href":"http:\/\/denizcankizil.tr\/uk\/wp-json\/wp\/v2\/users\/1"}],"replies":[{"embeddable":true,"href":"http:\/\/denizcankizil.tr\/uk\/wp-json\/wp\/v2\/comments?post=70432"}],"version-history":[{"count":0,"href":"http:\/\/denizcankizil.tr\/uk\/wp-json\/wp\/v2\/posts\/70432\/revisions"}],"wp:attachment":[{"href":"http:\/\/denizcankizil.tr\/uk\/wp-json\/wp\/v2\/media?parent=70432"}],"wp:term":[{"taxonomy":"category","embeddable":true,"href":"http:\/\/denizcankizil.tr\/uk\/wp-json\/wp\/v2\/categories?post=70432"},{"taxonomy":"post_tag","embeddable":true,"href":"http:\/\/denizcankizil.tr\/uk\/wp-json\/wp\/v2\/tags?post=70432"}],"curies":[{"name":"wp","href":"https:\/\/api.w.org\/{rel}","templated":true}]}}