{"id":6997,"date":"2024-10-23T10:41:51","date_gmt":"2024-10-23T07:41:51","guid":{"rendered":"https:\/\/denizcankizil.tr\/uncategorized-tr\/diyanet-genclik-merkezi-temeli-atildi\/"},"modified":"2024-10-23T10:41:51","modified_gmt":"2024-10-23T07:41:51","slug":"diyanet-genclik-merkezi-temeli-atildi","status":"publish","type":"post","link":"http:\/\/denizcankizil.tr\/uk\/haberler\/gundem\/diyanet-genclik-merkezi-temeli-atildi\/","title":{"rendered":"Diyanet Gen\u00e7lik merkezi Temeli At\u0131ld\u0131"},"content":{"rendered":"<p>\u0130lk olarak Yahyal\u0131l\u0131 Mustafa Koyuncu Camii\u2019ndeki yap\u0131m\u0131 tamamlanan 40 caminin toplu a\u00e7\u0131l\u0131\u015f t\u00f6reninde konu\u015fan Ba\u015fkan Erba\u015f, depremde \u00e7ok say\u0131da caminin y\u0131k\u0131ld\u0131\u011f\u0131n\u0131 ve camilerden ezan sesinin gelmedi\u011fini hat\u0131rlatarak, \u201cAntakya\u2019da vatanda\u015flar\u0131m\u0131zdan birisi evinin balkonuna \u00e7\u0131kt\u0131 ve oradan ezan okudu, g\u00f6zya\u015flar\u0131yla seyretmi\u015ftik o haberi. Bir \u015fehrin ezana ne kadar ihtiyac\u0131 oldu\u011funu, o karde\u015fimizin balkonuna \u00e7\u0131karak okudu\u011fu ezanla fark etmi\u015ftik. \u0130\u015fte bug\u00fcn eme\u011fi ge\u00e7en herkesten Allah raz\u0131 olsun.\u201d dedi.<\/p>\n<p>Ba\u015fkan Erba\u015f, devletimiz b\u00fcy\u00fck ve g\u00fc\u00e7l\u00fcd\u00fcr diyerek, \u201cCamiler bir taraftan, minareler, binalar bir taraftan yap\u0131l\u0131yor, Allah\u2019a ne kadar \u015f\u00fckretsek azd\u0131r. Milletimizin birli\u011fi, beraberli\u011fi, karde\u015fli\u011fi, dayan\u0131\u015fmas\u0131yla ne kadar iftihar etsek azd\u0131r. \u0130\u015fte bizim milletimize yak\u0131\u015fan da budur. Biz ilham\u0131m\u0131z\u0131 Kur\u2019an\u2019dan, Peygamber Efendimizin (s.a.s.) hadis-i \u015feriflerinden al\u0131r\u0131z.\u201d diye konu\u015ftu.<\/p>\n<p>15 B\u0130N HOCAMIZ DEPREM B\u00d6LGES\u0130NDEYD\u0130<\/p>\n<p>Deprem d\u00f6neminde T\u00fcrkiye\u2019deki yard\u0131mla\u015fmaya dikkati \u00e7eken Ba\u015fkan Erba\u015f, \u015f\u00f6yle konu\u015ftu:<\/p>\n<p>\u201cKumbaralar\u0131nda har\u00e7l\u0131klar\u0131n\u0131 toplayan \u00e7ocuklar\u0131m\u0131z\u0131n medeniyetimizden, b\u00fcy\u00fcklerinden \u00f6\u011frendi\u011fi o ruhla o k\u00fc\u00e7\u00fcc\u00fck har\u00e7l\u0131klar\u0131n\u0131 bile deprem b\u00f6lgelerine g\u00f6nderdiklerine \u015fahit olduk. Unutulmaz \u00f6rnekler ya\u015fad\u0131k. \u0130lk saatlerden itibaren Diyanet \u0130\u015fleri Ba\u015fkanl\u0131\u011f\u0131m\u0131z dahil devletimizin b\u00fct\u00fcn kurumlar\u0131 buralardayd\u0131. 15 bin hocam\u0131z deprem b\u00f6lgesinde vatanda\u015flar\u0131m\u0131z\u0131n yan\u0131nda oldular ve onlar\u0131n \u00e7ocuklar\u0131na, gen\u00e7lerine manevi destek verdiler.\u201d<\/p>\n<p>Ba\u015fkan Erba\u015f, camilerin bina olarak imar\u0131 ne kadar \u00f6nemliyse i\u00e7inin imar\u0131n\u0131n da o kadar \u00f6nemli oldu\u011funa i\u015faret ederek, \u201cCamilerimizin d\u0131\u015f k\u0131sm\u0131, binalar, duvarlar\u0131 her \u015feyi yap\u0131ld\u0131, \u015fimdi i\u00e7inde derslerle, cami dersleriyle, Kur\u2019an dersleriyle\u2026 Sadece ibadet i\u00e7in kullanmayaca\u011f\u0131z camilerimizi bir mektep olarak kullanaca\u011f\u0131z. Camiler medeniyet merkezlerimizdir.\u201d ifadelerini kulland\u0131.<\/p>\n<p>Konu\u015fmas\u0131n\u0131n ard\u0131ndan camilerin yap\u0131m\u0131nda eme\u011fi ge\u00e7enlere te\u015fekk\u00fcr eden Ba\u015fkan Erba\u015f, beraberindekilerle a\u00e7\u0131l\u0131\u015f kurdelesini kesti.<\/p>\n<p>Diyanet \u0130\u015fleri Ba\u015fkan\u0131 Erba\u015f, daha sonra Hac\u0131 Naciye Alag\u00f6z 4-6 Ya\u015f Kur\u2019an Kursu\u2019nda d\u00fczenlenen \u201c9 Kur\u2019an Kursunun Toplu A\u00e7\u0131l\u0131\u015f\u0131 ve M\u00fcft\u00fc \u00d6mer Faruk Bilgili Diyanet Gen\u00e7lik Merkezi Temel Atma T\u00f6reni\u201dne kat\u0131ld\u0131.<\/p>\n<p>\u00a0\u201cSizin en hay\u0131rl\u0131n\u0131z Kur\u2019an-\u0131 \u00f6\u011frenen ve \u00f6\u011fretenlerinizdir\u201d hadis-i \u015ferifini hat\u0131rlatan Ba\u015fkan Erba\u015f, \u201cKur\u2019an\u2019\u0131n \u00f6\u011frenilece\u011fi ve \u00f6\u011fretilece\u011fi 9 Kur\u2019an kursumuzu a\u00e7\u0131yoruz. Ne mutlu Kur\u2019an kursuna destek olana, yapt\u0131rana, katk\u0131 sunana\u2026 Onlar da en hay\u0131rl\u0131 olarak m\u00fcjdelenen kimseler aras\u0131ndan yer al\u0131rlar in\u015fallah.\u201d \u015feklinde konu\u015ftu.<\/p>\n<p>YAZ KUR\u2019AN KURSLARIMIZDA 3 M\u0130LYONU A\u015eKIN \u00c7OCU\u011eUMUZ, GENC\u0130M\u0130Z, \u0130ST\u0130FADE ED\u0130YOR<\/p>\n<p>Ba\u015fkan Erba\u015f, 4 ya\u015f\u0131ndan ba\u015flamak \u00fczere her ya\u015ftan vatanda\u015flara Kur\u2019an kurslar\u0131n\u0131n a\u00e7\u0131k oldu\u011funu kaydederek, s\u00f6zlerine \u015f\u00f6yle devam etti:<\/p>\n<p>\u201c4-6 ya\u015f Kur\u2019an kurslar\u0131m\u0131zda bir y\u0131lda 250 bin kadar \u00e7ocu\u011fumuz de\u011ferlerimizi \u00f6\u011freniyor. Hoca han\u0131mlar\u0131m\u0131z \u00e7ocuklar\u0131m\u0131za anne \u015fefkatiyle yakla\u015f\u0131yorlar. \u00c7ocuk geli\u015fim sertifikas\u0131na sahip ilahiyat fak\u00fcltesi mezunu hoca han\u0131mlar \u00e7ocuklar\u0131m\u0131z\u0131, de\u011ferlerimize en g\u00fczel \u015fekilde uysunlar, onlar\u0131 \u00f6\u011frensinler d\u00fc\u015f\u00fcncesi i\u00e7erisinde yeti\u015ftirmeye gayret ediyorlar. Haf\u0131zl\u0131k Kur\u2019an kurslar\u0131m\u0131zda 85 bin kadar gencimiz haf\u0131zl\u0131k yap\u0131yorlar. Yeti\u015fkinlere y\u00f6nelik ihtiya\u00e7 odakl\u0131 Kur\u2019an kurslar\u0131m\u0131za 500 bin civar\u0131nda vatanda\u015f\u0131m\u0131z devam ediyor. O y\u00fczden Kur\u2019an kurslar\u0131m\u0131z\u0131n de\u011feri \u00e7ok \u00f6nemli. Y\u0131ll\u0131k 1 milyon civar\u0131nda \u00f6\u011frencimiz Kur\u2019an kurslar\u0131m\u0131zdan istifade ediyor. Hele yaz Kur\u2019an kurslar\u0131m\u0131zda 3 milyonu a\u015fk\u0131n \u00e7ocu\u011fumuz, gencimiz, vatanda\u015f\u0131m\u0131z kurslar\u0131m\u0131zdan istifade ediyor.\u201d<\/p>\n<p>Kur\u2019an kurslar\u0131n\u0131n yap\u0131m\u0131nda ve onar\u0131m\u0131nda eme\u011fi ge\u00e7enlere te\u015fekk\u00fcr eden Ba\u015fkan Erba\u015f, konu\u015fmas\u0131n\u0131n ard\u0131ndan beraberindekilerle 9 Kur\u2019an kursunun a\u00e7\u0131l\u0131\u015f kurdelesini kesti ve M\u00fcft\u00fc \u00d6mer Faruk Bilgili Diyanet Gen\u00e7lik Merkezi\u2019nin yap\u0131m\u0131na ba\u015flanmas\u0131 i\u00e7in de butona basarak, temel at\u0131m\u0131n\u0131 ger\u00e7ekle\u015ftirdi.<\/p>\n<p>Ba\u015fkan Erba\u015f, daha sonra a\u00e7\u0131l\u0131\u015f\u0131 yap\u0131lan Hac\u0131 Naciye Alag\u00f6z 4-6 Ya\u015f Kur\u2019an Kursu\u2019nu ziyaret ederek, burada \u00f6\u011frencilerle sohbet etti.<\/p>\n<p>T\u00f6renlere, Hatay Valisi Mustafa Masatl\u0131, Diyanet \u0130\u015fleri Ba\u015fkanl\u0131\u011f\u0131 Mushaflar\u0131 \u0130nceleme ve K\u0131raat Kurulu Ba\u015fkan\u0131 Y\u00f6netim Hizmetleri Genel M\u00fcd\u00fcr\u00fc B\u00fcnyamin Kahraman, Hatay \u0130l M\u00fcft\u00fcs\u00fc Mevl\u00fct Top\u00e7u ile vatanda\u015flar kat\u0131ld\u0131.<\/p>\n<p>\u200bDiyanet \u0130\u015fleri Ba\u015fkan\u0131 Prof. Dr. Ali Erba\u015f, Hatay\u2019da yap\u0131m\u0131 tamamlanan 40 cami ve 9 Kur\u2019an kursunun a\u00e7\u0131l\u0131\u015f\u0131 ile M\u00fcft\u00fc \u00d6mer Faruk Bilgili Diyanet Gen\u00e7lik Merkezi\u2019nin temelini d\u00fczenlenen t\u00f6renle att\u0131.\u00a0<\/p>\n<p>\u200bHaberin Al\u0131nt\u0131land\u0131\u011f\u0131 Kaynak: www.iskenderun.org<\/p>","protected":false},"excerpt":{"rendered":"<p>\u0130lk olarak Yahyal\u0131l\u0131 Mustafa Koyuncu Camii\u2019ndeki yap\u0131m\u0131 tamamlanan 40 caminin toplu a\u00e7\u0131l\u0131\u015f t\u00f6reninde konu\u015fan Ba\u015fkan Erba\u015f, depremde \u00e7ok say\u0131da caminin y\u0131k\u0131ld\u0131\u011f\u0131n\u0131 ve camilerden ezan sesinin gelmedi\u011fini hat\u0131rlatarak, \u201cAntakya\u2019da vatanda\u015flar\u0131m\u0131zdan birisi evinin balkonuna \u00e7\u0131kt\u0131 ve oradan ezan okudu, g\u00f6zya\u015flar\u0131yla seyretmi\u015ftik o haberi. Bir \u015fehrin ezana ne kadar ihtiyac\u0131 oldu\u011funu, o karde\u015fimizin balkonuna \u00e7\u0131karak okudu\u011fu ezanla fark etmi\u015ftik. \u0130\u015fte bug\u00fcn eme\u011fi ge\u00e7en herkesten Allah raz\u0131 olsun.\u201d dedi. Ba\u015fkan Erba\u015f, devletimiz b\u00fcy\u00fck ve g\u00fc\u00e7l\u00fcd\u00fcr diyerek, \u201cCamiler bir taraftan, minareler, binalar bir taraftan yap\u0131l\u0131yor, Allah\u2019a ne kadar \u015f\u00fckretsek azd\u0131r. Milletimizin birli\u011fi, beraberli\u011fi, karde\u015fli\u011fi, dayan\u0131\u015fmas\u0131yla ne kadar iftihar etsek azd\u0131r. \u0130\u015fte bizim milletimize yak\u0131\u015fan da budur. Biz ilham\u0131m\u0131z\u0131 Kur\u2019an\u2019dan, Peygamber Efendimizin (s.a.s.) hadis-i \u015feriflerinden al\u0131r\u0131z.\u201d diye konu\u015ftu. 15 B\u0130N HOCAMIZ DEPREM B\u00d6LGES\u0130NDEYD\u0130 Deprem d\u00f6neminde T\u00fcrkiye\u2019deki yard\u0131mla\u015fmaya dikkati \u00e7eken Ba\u015fkan Erba\u015f, \u015f\u00f6yle konu\u015ftu: \u201cKumbaralar\u0131nda har\u00e7l\u0131klar\u0131n\u0131 toplayan \u00e7ocuklar\u0131m\u0131z\u0131n medeniyetimizden, b\u00fcy\u00fcklerinden \u00f6\u011frendi\u011fi o ruhla o k\u00fc\u00e7\u00fcc\u00fck har\u00e7l\u0131klar\u0131n\u0131 bile deprem b\u00f6lgelerine g\u00f6nderdiklerine \u015fahit olduk. Unutulmaz \u00f6rnekler ya\u015fad\u0131k. \u0130lk saatlerden itibaren Diyanet \u0130\u015fleri Ba\u015fkanl\u0131\u011f\u0131m\u0131z dahil devletimizin b\u00fct\u00fcn kurumlar\u0131 buralardayd\u0131. 15 bin hocam\u0131z deprem b\u00f6lgesinde vatanda\u015flar\u0131m\u0131z\u0131n yan\u0131nda oldular ve onlar\u0131n \u00e7ocuklar\u0131na, gen\u00e7lerine manevi destek verdiler.\u201d Ba\u015fkan Erba\u015f, camilerin bina olarak imar\u0131 ne kadar \u00f6nemliyse i\u00e7inin imar\u0131n\u0131n da o kadar \u00f6nemli oldu\u011funa i\u015faret ederek, \u201cCamilerimizin d\u0131\u015f k\u0131sm\u0131, binalar, duvarlar\u0131 her \u015feyi yap\u0131ld\u0131, &hellip;<\/p>","protected":false},"author":0,"featured_media":0,"comment_status":"open","ping_status":"open","sticky":false,"template":"","format":"standard","meta":{"_acf_changed":false,"footnotes":""},"categories":[24,535],"tags":[],"class_list":["post-6997","post","type-post","status-publish","format-standard","has-post-thumbnail","hentry","category-gundem","category-uncategorized-tr"],"acf":[],"yoast_head":"<!-- This site is optimized with the Yoast SEO Premium plugin v26.6 (Yoast SEO v27.1.1) - https:\/\/yoast.com\/product\/yoast-seo-premium-wordpress\/ -->\n<title>Diyanet Gen\u00e7lik merkezi Temeli At\u0131ld\u0131 - Av. Deniz Can K\u0131z\u0131l<\/title>\n<meta name=\"robots\" content=\"index, follow, max-snippet:-1, max-image-preview:large, max-video-preview:-1\" \/>\n<link rel=\"canonical\" href=\"http:\/\/denizcankizil.tr\/uk\/haberler\/gundem\/diyanet-genclik-merkezi-temeli-atildi\/\" \/>\n<meta property=\"og:locale\" content=\"uk_UA\" \/>\n<meta property=\"og:type\" content=\"article\" \/>\n<meta property=\"og:title\" content=\"Diyanet Gen\u00e7lik merkezi Temeli At\u0131ld\u0131\" \/>\n<meta property=\"og:description\" content=\"\u0130lk olarak Yahyal\u0131l\u0131 Mustafa Koyuncu Camii\u2019ndeki yap\u0131m\u0131 tamamlanan 40 caminin toplu a\u00e7\u0131l\u0131\u015f t\u00f6reninde konu\u015fan Ba\u015fkan Erba\u015f, depremde \u00e7ok say\u0131da caminin y\u0131k\u0131ld\u0131\u011f\u0131n\u0131 ve camilerden ezan sesinin gelmedi\u011fini hat\u0131rlatarak, \u201cAntakya\u2019da vatanda\u015flar\u0131m\u0131zdan birisi evinin balkonuna \u00e7\u0131kt\u0131 ve oradan ezan okudu, g\u00f6zya\u015flar\u0131yla seyretmi\u015ftik o haberi. Bir \u015fehrin ezana ne kadar ihtiyac\u0131 oldu\u011funu, o karde\u015fimizin balkonuna \u00e7\u0131karak okudu\u011fu ezanla fark etmi\u015ftik. \u0130\u015fte bug\u00fcn eme\u011fi ge\u00e7en herkesten Allah raz\u0131 olsun.\u201d dedi. Ba\u015fkan Erba\u015f, devletimiz b\u00fcy\u00fck ve g\u00fc\u00e7l\u00fcd\u00fcr diyerek, \u201cCamiler bir taraftan, minareler, binalar bir taraftan yap\u0131l\u0131yor, Allah\u2019a ne kadar \u015f\u00fckretsek azd\u0131r. Milletimizin birli\u011fi, beraberli\u011fi, karde\u015fli\u011fi, dayan\u0131\u015fmas\u0131yla ne kadar iftihar etsek azd\u0131r. \u0130\u015fte bizim milletimize yak\u0131\u015fan da budur. Biz ilham\u0131m\u0131z\u0131 Kur\u2019an\u2019dan, Peygamber Efendimizin (s.a.s.) hadis-i \u015feriflerinden al\u0131r\u0131z.\u201d diye konu\u015ftu. 15 B\u0130N HOCAMIZ DEPREM B\u00d6LGES\u0130NDEYD\u0130 Deprem d\u00f6neminde T\u00fcrkiye\u2019deki yard\u0131mla\u015fmaya dikkati \u00e7eken Ba\u015fkan Erba\u015f, \u015f\u00f6yle konu\u015ftu: \u201cKumbaralar\u0131nda har\u00e7l\u0131klar\u0131n\u0131 toplayan \u00e7ocuklar\u0131m\u0131z\u0131n medeniyetimizden, b\u00fcy\u00fcklerinden \u00f6\u011frendi\u011fi o ruhla o k\u00fc\u00e7\u00fcc\u00fck har\u00e7l\u0131klar\u0131n\u0131 bile deprem b\u00f6lgelerine g\u00f6nderdiklerine \u015fahit olduk. Unutulmaz \u00f6rnekler ya\u015fad\u0131k. \u0130lk saatlerden itibaren Diyanet \u0130\u015fleri Ba\u015fkanl\u0131\u011f\u0131m\u0131z dahil devletimizin b\u00fct\u00fcn kurumlar\u0131 buralardayd\u0131. 15 bin hocam\u0131z deprem b\u00f6lgesinde vatanda\u015flar\u0131m\u0131z\u0131n yan\u0131nda oldular ve onlar\u0131n \u00e7ocuklar\u0131na, gen\u00e7lerine manevi destek verdiler.\u201d Ba\u015fkan Erba\u015f, camilerin bina olarak imar\u0131 ne kadar \u00f6nemliyse i\u00e7inin imar\u0131n\u0131n da o kadar \u00f6nemli oldu\u011funa i\u015faret ederek, \u201cCamilerimizin d\u0131\u015f k\u0131sm\u0131, binalar, duvarlar\u0131 her \u015feyi yap\u0131ld\u0131, &hellip;\" \/>\n<meta property=\"og:url\" content=\"http:\/\/denizcankizil.tr\/uk\/haberler\/gundem\/diyanet-genclik-merkezi-temeli-atildi\/\" \/>\n<meta property=\"og:site_name\" content=\"Av. Deniz Can K\u0131z\u0131l\" \/>\n<meta property=\"article:published_time\" content=\"2024-10-23T07:41:51+00:00\" \/>\n<meta name=\"twitter:card\" content=\"summary_large_image\" \/>\n<meta name=\"twitter:label1\" content=\"\u041f\u0440\u0438\u0431\u043b. \u0447\u0430\u0441 \u0447\u0438\u0442\u0430\u043d\u043d\u044f\" \/>\n\t<meta name=\"twitter:data1\" content=\"4 \u0445\u0432\u0438\u043b\u0438\u043d\u0438\" \/>\n<script type=\"application\/ld+json\" class=\"yoast-schema-graph\">{\"@context\":\"https:\/\/schema.org\",\"@graph\":[{\"@type\":\"Article\",\"@id\":\"http:\/\/denizcankizil.tr\/uk\/haberler\/gundem\/diyanet-genclik-merkezi-temeli-atildi\/#article\",\"isPartOf\":{\"@id\":\"http:\/\/denizcankizil.tr\/uk\/haberler\/gundem\/diyanet-genclik-merkezi-temeli-atildi\/\"},\"author\":{\"name\":\"\",\"@id\":\"\"},\"headline\":\"Diyanet Gen\u00e7lik merkezi Temeli At\u0131ld\u0131\",\"datePublished\":\"2024-10-23T07:41:51+00:00\",\"mainEntityOfPage\":{\"@id\":\"http:\/\/denizcankizil.tr\/uk\/haberler\/gundem\/diyanet-genclik-merkezi-temeli-atildi\/\"},\"wordCount\":834,\"commentCount\":0,\"publisher\":{\"@id\":\"https:\/\/denizcankizil.tr\/de\/#organization\"},\"articleSection\":[\"G\u00fcndem\",\"Uncategorized\"],\"inLanguage\":\"uk\",\"potentialAction\":[{\"@type\":\"CommentAction\",\"name\":\"Comment\",\"target\":[\"http:\/\/denizcankizil.tr\/uk\/haberler\/gundem\/diyanet-genclik-merkezi-temeli-atildi\/#respond\"]}]},{\"@type\":\"WebPage\",\"@id\":\"http:\/\/denizcankizil.tr\/uk\/haberler\/gundem\/diyanet-genclik-merkezi-temeli-atildi\/\",\"url\":\"http:\/\/denizcankizil.tr\/uk\/haberler\/gundem\/diyanet-genclik-merkezi-temeli-atildi\/\",\"name\":\"Diyanet Gen\u00e7lik merkezi Temeli At\u0131ld\u0131 - Av. Deniz Can K\u0131z\u0131l\",\"isPartOf\":{\"@id\":\"https:\/\/denizcankizil.tr\/de\/#website\"},\"datePublished\":\"2024-10-23T07:41:51+00:00\",\"breadcrumb\":{\"@id\":\"http:\/\/denizcankizil.tr\/uk\/haberler\/gundem\/diyanet-genclik-merkezi-temeli-atildi\/#breadcrumb\"},\"inLanguage\":\"uk\",\"potentialAction\":[{\"@type\":\"ReadAction\",\"target\":[\"http:\/\/denizcankizil.tr\/uk\/haberler\/gundem\/diyanet-genclik-merkezi-temeli-atildi\/\"]}]},{\"@type\":\"BreadcrumbList\",\"@id\":\"http:\/\/denizcankizil.tr\/uk\/haberler\/gundem\/diyanet-genclik-merkezi-temeli-atildi\/#breadcrumb\",\"itemListElement\":[{\"@type\":\"ListItem\",\"position\":1,\"name\":\"Home\",\"item\":\"https:\/\/denizcankizil.tr\/de\/\"},{\"@type\":\"ListItem\",\"position\":2,\"name\":\"Diyanet Gen\u00e7lik merkezi Temeli At\u0131ld\u0131\"}]},{\"@type\":\"WebSite\",\"@id\":\"https:\/\/denizcankizil.tr\/de\/#website\",\"url\":\"https:\/\/denizcankizil.tr\/de\/\",\"name\":\"Av. Deniz Can K\u0131z\u0131l\",\"description\":\"Avukat Deniz Can K\u0131z\u0131l Antalya Barosu\",\"publisher\":{\"@id\":\"https:\/\/denizcankizil.tr\/de\/#organization\"},\"potentialAction\":[{\"@type\":\"SearchAction\",\"target\":{\"@type\":\"EntryPoint\",\"urlTemplate\":\"https:\/\/denizcankizil.tr\/de\/?s={search_term_string}\"},\"query-input\":{\"@type\":\"PropertyValueSpecification\",\"valueRequired\":true,\"valueName\":\"search_term_string\"}}],\"inLanguage\":\"uk\"},{\"@type\":\"Organization\",\"@id\":\"https:\/\/denizcankizil.tr\/de\/#organization\",\"name\":\"Av. Deniz Can K\u0131z\u0131l\",\"url\":\"https:\/\/denizcankizil.tr\/de\/\",\"logo\":{\"@type\":\"ImageObject\",\"inLanguage\":\"uk\",\"@id\":\"https:\/\/denizcankizil.tr\/de\/#\/schema\/logo\/image\/\",\"url\":\"http:\/\/denizcankizil.tr\/wp-content\/uploads\/2024\/10\/siyah-logo-svg.svg\",\"contentUrl\":\"http:\/\/denizcankizil.tr\/wp-content\/uploads\/2024\/10\/siyah-logo-svg.svg\",\"width\":1080,\"height\":1080,\"caption\":\"Av. Deniz Can K\u0131z\u0131l\"},\"image\":{\"@id\":\"https:\/\/denizcankizil.tr\/de\/#\/schema\/logo\/image\/\"}}]}<\/script>\n<!-- \/ Yoast SEO Premium plugin. -->","yoast_head_json":{"title":"Diyanet Gen\u00e7lik merkezi Temeli At\u0131ld\u0131 - Av. Deniz Can K\u0131z\u0131l","robots":{"index":"index","follow":"follow","max-snippet":"max-snippet:-1","max-image-preview":"max-image-preview:large","max-video-preview":"max-video-preview:-1"},"canonical":"http:\/\/denizcankizil.tr\/uk\/haberler\/gundem\/diyanet-genclik-merkezi-temeli-atildi\/","og_locale":"uk_UA","og_type":"article","og_title":"Diyanet Gen\u00e7lik merkezi Temeli At\u0131ld\u0131","og_description":"\u0130lk olarak Yahyal\u0131l\u0131 Mustafa Koyuncu Camii\u2019ndeki yap\u0131m\u0131 tamamlanan 40 caminin toplu a\u00e7\u0131l\u0131\u015f t\u00f6reninde konu\u015fan Ba\u015fkan Erba\u015f, depremde \u00e7ok say\u0131da caminin y\u0131k\u0131ld\u0131\u011f\u0131n\u0131 ve camilerden ezan sesinin gelmedi\u011fini hat\u0131rlatarak, \u201cAntakya\u2019da vatanda\u015flar\u0131m\u0131zdan birisi evinin balkonuna \u00e7\u0131kt\u0131 ve oradan ezan okudu, g\u00f6zya\u015flar\u0131yla seyretmi\u015ftik o haberi. Bir \u015fehrin ezana ne kadar ihtiyac\u0131 oldu\u011funu, o karde\u015fimizin balkonuna \u00e7\u0131karak okudu\u011fu ezanla fark etmi\u015ftik. \u0130\u015fte bug\u00fcn eme\u011fi ge\u00e7en herkesten Allah raz\u0131 olsun.\u201d dedi. Ba\u015fkan Erba\u015f, devletimiz b\u00fcy\u00fck ve g\u00fc\u00e7l\u00fcd\u00fcr diyerek, \u201cCamiler bir taraftan, minareler, binalar bir taraftan yap\u0131l\u0131yor, Allah\u2019a ne kadar \u015f\u00fckretsek azd\u0131r. Milletimizin birli\u011fi, beraberli\u011fi, karde\u015fli\u011fi, dayan\u0131\u015fmas\u0131yla ne kadar iftihar etsek azd\u0131r. \u0130\u015fte bizim milletimize yak\u0131\u015fan da budur. Biz ilham\u0131m\u0131z\u0131 Kur\u2019an\u2019dan, Peygamber Efendimizin (s.a.s.) hadis-i \u015feriflerinden al\u0131r\u0131z.\u201d diye konu\u015ftu. 15 B\u0130N HOCAMIZ DEPREM B\u00d6LGES\u0130NDEYD\u0130 Deprem d\u00f6neminde T\u00fcrkiye\u2019deki yard\u0131mla\u015fmaya dikkati \u00e7eken Ba\u015fkan Erba\u015f, \u015f\u00f6yle konu\u015ftu: \u201cKumbaralar\u0131nda har\u00e7l\u0131klar\u0131n\u0131 toplayan \u00e7ocuklar\u0131m\u0131z\u0131n medeniyetimizden, b\u00fcy\u00fcklerinden \u00f6\u011frendi\u011fi o ruhla o k\u00fc\u00e7\u00fcc\u00fck har\u00e7l\u0131klar\u0131n\u0131 bile deprem b\u00f6lgelerine g\u00f6nderdiklerine \u015fahit olduk. Unutulmaz \u00f6rnekler ya\u015fad\u0131k. \u0130lk saatlerden itibaren Diyanet \u0130\u015fleri Ba\u015fkanl\u0131\u011f\u0131m\u0131z dahil devletimizin b\u00fct\u00fcn kurumlar\u0131 buralardayd\u0131. 15 bin hocam\u0131z deprem b\u00f6lgesinde vatanda\u015flar\u0131m\u0131z\u0131n yan\u0131nda oldular ve onlar\u0131n \u00e7ocuklar\u0131na, gen\u00e7lerine manevi destek verdiler.\u201d Ba\u015fkan Erba\u015f, camilerin bina olarak imar\u0131 ne kadar \u00f6nemliyse i\u00e7inin imar\u0131n\u0131n da o kadar \u00f6nemli oldu\u011funa i\u015faret ederek, \u201cCamilerimizin d\u0131\u015f k\u0131sm\u0131, binalar, duvarlar\u0131 her \u015feyi yap\u0131ld\u0131, &hellip;","og_url":"http:\/\/denizcankizil.tr\/uk\/haberler\/gundem\/diyanet-genclik-merkezi-temeli-atildi\/","og_site_name":"Av. Deniz Can K\u0131z\u0131l","article_published_time":"2024-10-23T07:41:51+00:00","twitter_card":"summary_large_image","twitter_misc":{"\u041f\u0440\u0438\u0431\u043b. \u0447\u0430\u0441 \u0447\u0438\u0442\u0430\u043d\u043d\u044f":"4 \u0445\u0432\u0438\u043b\u0438\u043d\u0438"},"schema":{"@context":"https:\/\/schema.org","@graph":[{"@type":"Article","@id":"http:\/\/denizcankizil.tr\/uk\/haberler\/gundem\/diyanet-genclik-merkezi-temeli-atildi\/#article","isPartOf":{"@id":"http:\/\/denizcankizil.tr\/uk\/haberler\/gundem\/diyanet-genclik-merkezi-temeli-atildi\/"},"author":{"name":"","@id":""},"headline":"Diyanet Gen\u00e7lik merkezi Temeli At\u0131ld\u0131","datePublished":"2024-10-23T07:41:51+00:00","mainEntityOfPage":{"@id":"http:\/\/denizcankizil.tr\/uk\/haberler\/gundem\/diyanet-genclik-merkezi-temeli-atildi\/"},"wordCount":834,"commentCount":0,"publisher":{"@id":"https:\/\/denizcankizil.tr\/de\/#organization"},"articleSection":["G\u00fcndem","Uncategorized"],"inLanguage":"uk","potentialAction":[{"@type":"CommentAction","name":"Comment","target":["http:\/\/denizcankizil.tr\/uk\/haberler\/gundem\/diyanet-genclik-merkezi-temeli-atildi\/#respond"]}]},{"@type":"WebPage","@id":"http:\/\/denizcankizil.tr\/uk\/haberler\/gundem\/diyanet-genclik-merkezi-temeli-atildi\/","url":"http:\/\/denizcankizil.tr\/uk\/haberler\/gundem\/diyanet-genclik-merkezi-temeli-atildi\/","name":"Diyanet Gen\u00e7lik merkezi Temeli At\u0131ld\u0131 - Av. Deniz Can K\u0131z\u0131l","isPartOf":{"@id":"https:\/\/denizcankizil.tr\/de\/#website"},"datePublished":"2024-10-23T07:41:51+00:00","breadcrumb":{"@id":"http:\/\/denizcankizil.tr\/uk\/haberler\/gundem\/diyanet-genclik-merkezi-temeli-atildi\/#breadcrumb"},"inLanguage":"uk","potentialAction":[{"@type":"ReadAction","target":["http:\/\/denizcankizil.tr\/uk\/haberler\/gundem\/diyanet-genclik-merkezi-temeli-atildi\/"]}]},{"@type":"BreadcrumbList","@id":"http:\/\/denizcankizil.tr\/uk\/haberler\/gundem\/diyanet-genclik-merkezi-temeli-atildi\/#breadcrumb","itemListElement":[{"@type":"ListItem","position":1,"name":"Home","item":"https:\/\/denizcankizil.tr\/de\/"},{"@type":"ListItem","position":2,"name":"Diyanet Gen\u00e7lik merkezi Temeli At\u0131ld\u0131"}]},{"@type":"WebSite","@id":"https:\/\/denizcankizil.tr\/de\/#website","url":"https:\/\/denizcankizil.tr\/de\/","name":"Av. Deniz Can K\u0131z\u0131l","description":"Avukat Deniz Can K\u0131z\u0131l Antalya Barosu","publisher":{"@id":"https:\/\/denizcankizil.tr\/de\/#organization"},"potentialAction":[{"@type":"SearchAction","target":{"@type":"EntryPoint","urlTemplate":"https:\/\/denizcankizil.tr\/de\/?s={search_term_string}"},"query-input":{"@type":"PropertyValueSpecification","valueRequired":true,"valueName":"search_term_string"}}],"inLanguage":"uk"},{"@type":"Organization","@id":"https:\/\/denizcankizil.tr\/de\/#organization","name":"Av. Deniz Can K\u0131z\u0131l","url":"https:\/\/denizcankizil.tr\/de\/","logo":{"@type":"ImageObject","inLanguage":"uk","@id":"https:\/\/denizcankizil.tr\/de\/#\/schema\/logo\/image\/","url":"http:\/\/denizcankizil.tr\/wp-content\/uploads\/2024\/10\/siyah-logo-svg.svg","contentUrl":"http:\/\/denizcankizil.tr\/wp-content\/uploads\/2024\/10\/siyah-logo-svg.svg","width":1080,"height":1080,"caption":"Av. Deniz Can K\u0131z\u0131l"},"image":{"@id":"https:\/\/denizcankizil.tr\/de\/#\/schema\/logo\/image\/"}}]}},"_links":{"self":[{"href":"http:\/\/denizcankizil.tr\/uk\/wp-json\/wp\/v2\/posts\/6997","targetHints":{"allow":["GET"]}}],"collection":[{"href":"http:\/\/denizcankizil.tr\/uk\/wp-json\/wp\/v2\/posts"}],"about":[{"href":"http:\/\/denizcankizil.tr\/uk\/wp-json\/wp\/v2\/types\/post"}],"replies":[{"embeddable":true,"href":"http:\/\/denizcankizil.tr\/uk\/wp-json\/wp\/v2\/comments?post=6997"}],"version-history":[{"count":0,"href":"http:\/\/denizcankizil.tr\/uk\/wp-json\/wp\/v2\/posts\/6997\/revisions"}],"wp:attachment":[{"href":"http:\/\/denizcankizil.tr\/uk\/wp-json\/wp\/v2\/media?parent=6997"}],"wp:term":[{"taxonomy":"category","embeddable":true,"href":"http:\/\/denizcankizil.tr\/uk\/wp-json\/wp\/v2\/categories?post=6997"},{"taxonomy":"post_tag","embeddable":true,"href":"http:\/\/denizcankizil.tr\/uk\/wp-json\/wp\/v2\/tags?post=6997"}],"curies":[{"name":"wp","href":"https:\/\/api.w.org\/{rel}","templated":true}]}}