{"id":69585,"date":"2025-04-28T22:41:19","date_gmt":"2025-04-28T19:41:19","guid":{"rendered":"https:\/\/denizcankizil.tr\/uncategorized-tr\/turkiyede-cifte-tehlike-dogurganlik-hizi-dusuyor-kisirlik-artiyor\/"},"modified":"2025-04-28T22:41:19","modified_gmt":"2025-04-28T19:41:19","slug":"turkiyede-cifte-tehlike-dogurganlik-hizi-dusuyor-kisirlik-artiyor","status":"publish","type":"post","link":"http:\/\/denizcankizil.tr\/uk\/haberler\/gundem\/turkiyede-cifte-tehlike-dogurganlik-hizi-dusuyor-kisirlik-artiyor\/","title":{"rendered":"T\u00fcrkiye&#8217;de \u00e7ifte tehlike: Do\u011furganl\u0131k h\u0131z\u0131 d\u00fc\u015f\u00fcyor, k\u0131s\u0131rl\u0131k art\u0131yor"},"content":{"rendered":"<p>T\u00fcrkiye, do\u011furganl\u0131k oranlar\u0131ndaki h\u0131zl\u0131 d\u00fc\u015f\u00fc\u015f\u00fcn yan\u0131 s\u0131ra, artan k\u0131s\u0131rl\u0131k vakalar\u0131yla da kar\u015f\u0131 kar\u015f\u0131ya. T\u00dc\u0130K&#8217;in do\u011fum istatistikleri, n\u00fcfus gelece\u011fi a\u00e7\u0131s\u0131ndan ciddi uyar\u0131lar\u0131 i\u00e7erirken, uzmanlar k\u0131s\u0131rl\u0131k oran\u0131ndaki art\u0131\u015fa dikkat \u00e7ekiyor.<\/p>\n<p>VER\u0130LER, DO\u011eURGANLIK HIZININ AZALDI\u011eINI KANITLIYOR <\/p>\n<p>Cumhurba\u015fkan\u0131 Recep Tayyip Erdo\u011fan, son a\u00e7\u0131klamas\u0131nda do\u011fum oranlar\u0131ndaki d\u00fc\u015f\u00fc\u015f\u00fc &#8220;varolu\u015fsal bir tehdit&#8221; ve &#8220;bir felaket&#8221; olarak nitelendirerek, konunun ciddiyetine dikkat \u00e7ekti. T\u00dc\u0130K verileri de, do\u011furganl\u0131k h\u0131z\u0131nda istikrarl\u0131 bir azalma ya\u015fand\u0131\u011f\u0131n\u0131 ortaya koyuyor.<\/p>\n<p>&#8220;\u0130NFERT\u0130L A\u0130LELER YILLARDIR DEVLET DESTE\u011e\u0130NDEN MAHRUM KALIYORLAR&#8221;<\/p>\n<p>\u00d6te yandan, \u0130nfertilite (k\u0131s\u0131rl\u0131k) ile M\u00fccadele Ara\u015ft\u0131rma ve Dayan\u0131\u015fma Derne\u011fi&#8217;nden (\u0130MAD-DER) yap\u0131lan a\u00e7\u0131klamada, d\u00fcnya genelinde y\u00fczde 24 olarak kaydedilen k\u0131s\u0131rl\u0131k oran\u0131n\u0131n T\u00fcrkiye&#8217;de y\u00fczde 20 seviyelerine ula\u015ft\u0131\u011f\u0131 bildirildi. Dernek, infertil ailelerin y\u0131llard\u0131r devlet deste\u011finden mahrum kald\u0131\u011f\u0131n\u0131 vurgulayarak, &#8220;SGK kapsam\u0131 d\u0131\u015f\u0131nda b\u0131rak\u0131lan ila\u00e7lar, zor al\u0131nan hastal\u0131k raporlar\u0131 ve kar\u015f\u0131l\u0131ks\u0131z kalan \u00e7\u00f6z\u00fcm \u00f6nerilerimiz, tedavi s\u00fcre\u00e7lerini daha da g\u00fc\u00e7le\u015ftiriyor&#8221; a\u00e7\u0131klamas\u0131n\u0131 yapt\u0131.<\/p>\n<p>\u0130MAD-DER&#8217;DEN \u0130\u015e B\u0130RL\u0130\u011e\u0130 \u00c7A\u011eRISI <\/p>\n<p>\u0130MAD-DER yetkililer, ilgili kurumlarla i\u015f birli\u011fi ve ortak komisyon kurulmas\u0131 \u00e7a\u011fr\u0131s\u0131nda bulunarak, infertil ailelerin yaln\u0131z b\u0131rak\u0131lmamas\u0131 gerekti\u011fini belirtti. Yetkililer, do\u011furganl\u0131k oranlar\u0131n\u0131 art\u0131rabilmek i\u00e7in hem aile destek politikalar\u0131n\u0131n hem de k\u0131s\u0131rl\u0131kla m\u00fccadelede etkin \u00e7\u00f6z\u00fcmlerin hayata ge\u00e7irilmesi gerekti\u011finin alt\u0131n\u0131 \u00e7izdi.<\/p>\n<p>\u200bT\u00dc\u0130K verilerine g\u00f6re do\u011fum oranlar\u0131 azal\u0131rken, \u0130MAD-DER T\u00fcrkiye&#8217;de k\u0131s\u0131rl\u0131k oran\u0131n\u0131n y\u00fczde 20&#8217;ye ula\u015ft\u0131\u011f\u0131n\u0131 a\u00e7\u0131klad\u0131. Uzmanlar, yetkililere \u00e7\u00f6z\u00fcm i\u00e7in i\u015f birli\u011fi \u00e7a\u011fr\u0131s\u0131 yapt\u0131.\u00a0<\/p>\n<p>\u200bHaberin Al\u0131nt\u0131land\u0131\u011f\u0131 Kaynak: www.antalyakorfez.com<\/p>","protected":false},"excerpt":{"rendered":"<p>T\u00fcrkiye, do\u011furganl\u0131k oranlar\u0131ndaki h\u0131zl\u0131 d\u00fc\u015f\u00fc\u015f\u00fcn yan\u0131 s\u0131ra, artan k\u0131s\u0131rl\u0131k vakalar\u0131yla da kar\u015f\u0131 kar\u015f\u0131ya. T\u00dc\u0130K&#8217;in do\u011fum istatistikleri, n\u00fcfus gelece\u011fi a\u00e7\u0131s\u0131ndan ciddi uyar\u0131lar\u0131 i\u00e7erirken, uzmanlar k\u0131s\u0131rl\u0131k oran\u0131ndaki art\u0131\u015fa dikkat \u00e7ekiyor. VER\u0130LER, DO\u011eURGANLIK HIZININ AZALDI\u011eINI KANITLIYOR Cumhurba\u015fkan\u0131 Recep Tayyip Erdo\u011fan, son a\u00e7\u0131klamas\u0131nda do\u011fum oranlar\u0131ndaki d\u00fc\u015f\u00fc\u015f\u00fc &#8220;varolu\u015fsal bir tehdit&#8221; ve &#8220;bir felaket&#8221; olarak nitelendirerek, konunun ciddiyetine dikkat \u00e7ekti. T\u00dc\u0130K verileri de, do\u011furganl\u0131k h\u0131z\u0131nda istikrarl\u0131 bir azalma ya\u015fand\u0131\u011f\u0131n\u0131 ortaya koyuyor. &#8220;\u0130NFERT\u0130L A\u0130LELER YILLARDIR DEVLET DESTE\u011e\u0130NDEN MAHRUM KALIYORLAR&#8221; \u00d6te yandan, \u0130nfertilite (k\u0131s\u0131rl\u0131k) ile M\u00fccadele Ara\u015ft\u0131rma ve Dayan\u0131\u015fma Derne\u011fi&#8217;nden (\u0130MAD-DER) yap\u0131lan a\u00e7\u0131klamada, d\u00fcnya genelinde y\u00fczde 24 olarak kaydedilen k\u0131s\u0131rl\u0131k oran\u0131n\u0131n T\u00fcrkiye&#8217;de y\u00fczde 20 seviyelerine ula\u015ft\u0131\u011f\u0131 bildirildi. Dernek, infertil ailelerin y\u0131llard\u0131r devlet deste\u011finden mahrum kald\u0131\u011f\u0131n\u0131 vurgulayarak, &#8220;SGK kapsam\u0131 d\u0131\u015f\u0131nda b\u0131rak\u0131lan ila\u00e7lar, zor al\u0131nan hastal\u0131k raporlar\u0131 ve kar\u015f\u0131l\u0131ks\u0131z kalan \u00e7\u00f6z\u00fcm \u00f6nerilerimiz, tedavi s\u00fcre\u00e7lerini daha da g\u00fc\u00e7le\u015ftiriyor&#8221; a\u00e7\u0131klamas\u0131n\u0131 yapt\u0131. \u0130MAD-DER&#8217;DEN \u0130\u015e B\u0130RL\u0130\u011e\u0130 \u00c7A\u011eRISI \u0130MAD-DER yetkililer, ilgili kurumlarla i\u015f birli\u011fi ve ortak komisyon kurulmas\u0131 \u00e7a\u011fr\u0131s\u0131nda bulunarak, infertil ailelerin yaln\u0131z b\u0131rak\u0131lmamas\u0131 gerekti\u011fini belirtti. Yetkililer, do\u011furganl\u0131k oranlar\u0131n\u0131 art\u0131rabilmek i\u00e7in hem aile destek politikalar\u0131n\u0131n hem de k\u0131s\u0131rl\u0131kla m\u00fccadelede etkin \u00e7\u00f6z\u00fcmlerin hayata ge\u00e7irilmesi gerekti\u011finin alt\u0131n\u0131 \u00e7izdi. \u200bT\u00dc\u0130K verilerine g\u00f6re do\u011fum oranlar\u0131 azal\u0131rken, \u0130MAD-DER T\u00fcrkiye&#8217;de k\u0131s\u0131rl\u0131k oran\u0131n\u0131n y\u00fczde 20&#8217;ye ula\u015ft\u0131\u011f\u0131n\u0131 a\u00e7\u0131klad\u0131. Uzmanlar, yetkililere \u00e7\u00f6z\u00fcm i\u00e7in i\u015f birli\u011fi \u00e7a\u011fr\u0131s\u0131 yapt\u0131.\u00a0 \u200bHaberin Al\u0131nt\u0131land\u0131\u011f\u0131 Kaynak: www.antalyakorfez.com<\/p>","protected":false},"author":5,"featured_media":0,"comment_status":"","ping_status":"open","sticky":false,"template":"","format":"standard","meta":{"_acf_changed":false,"footnotes":""},"categories":[24],"tags":[],"class_list":["post-69585","post","type-post","status-publish","format-standard","has-post-thumbnail","hentry","category-gundem"],"acf":[],"yoast_head":"<!-- This site is optimized with the Yoast SEO Premium plugin v26.6 (Yoast SEO v27.1.1) - https:\/\/yoast.com\/product\/yoast-seo-premium-wordpress\/ -->\n<title>T\u00fcrkiye&#039;de \u00e7ifte tehlike: Do\u011furganl\u0131k h\u0131z\u0131 d\u00fc\u015f\u00fcyor, k\u0131s\u0131rl\u0131k art\u0131yor - Av. Deniz Can K\u0131z\u0131l<\/title>\n<meta name=\"robots\" content=\"index, follow, max-snippet:-1, max-image-preview:large, max-video-preview:-1\" \/>\n<link rel=\"canonical\" href=\"http:\/\/denizcankizil.tr\/uk\/haberler\/gundem\/turkiyede-cifte-tehlike-dogurganlik-hizi-dusuyor-kisirlik-artiyor\/\" \/>\n<meta property=\"og:locale\" content=\"uk_UA\" \/>\n<meta property=\"og:type\" content=\"article\" \/>\n<meta property=\"og:title\" content=\"T\u00fcrkiye&#039;de \u00e7ifte tehlike: Do\u011furganl\u0131k h\u0131z\u0131 d\u00fc\u015f\u00fcyor, k\u0131s\u0131rl\u0131k art\u0131yor\" \/>\n<meta property=\"og:description\" content=\"T\u00fcrkiye, do\u011furganl\u0131k oranlar\u0131ndaki h\u0131zl\u0131 d\u00fc\u015f\u00fc\u015f\u00fcn yan\u0131 s\u0131ra, artan k\u0131s\u0131rl\u0131k vakalar\u0131yla da kar\u015f\u0131 kar\u015f\u0131ya. T\u00dc\u0130K&#8217;in do\u011fum istatistikleri, n\u00fcfus gelece\u011fi a\u00e7\u0131s\u0131ndan ciddi uyar\u0131lar\u0131 i\u00e7erirken, uzmanlar k\u0131s\u0131rl\u0131k oran\u0131ndaki art\u0131\u015fa dikkat \u00e7ekiyor. VER\u0130LER, DO\u011eURGANLIK HIZININ AZALDI\u011eINI KANITLIYOR Cumhurba\u015fkan\u0131 Recep Tayyip Erdo\u011fan, son a\u00e7\u0131klamas\u0131nda do\u011fum oranlar\u0131ndaki d\u00fc\u015f\u00fc\u015f\u00fc &#8220;varolu\u015fsal bir tehdit&#8221; ve &#8220;bir felaket&#8221; olarak nitelendirerek, konunun ciddiyetine dikkat \u00e7ekti. T\u00dc\u0130K verileri de, do\u011furganl\u0131k h\u0131z\u0131nda istikrarl\u0131 bir azalma ya\u015fand\u0131\u011f\u0131n\u0131 ortaya koyuyor. &#8220;\u0130NFERT\u0130L A\u0130LELER YILLARDIR DEVLET DESTE\u011e\u0130NDEN MAHRUM KALIYORLAR&#8221; \u00d6te yandan, \u0130nfertilite (k\u0131s\u0131rl\u0131k) ile M\u00fccadele Ara\u015ft\u0131rma ve Dayan\u0131\u015fma Derne\u011fi&#8217;nden (\u0130MAD-DER) yap\u0131lan a\u00e7\u0131klamada, d\u00fcnya genelinde y\u00fczde 24 olarak kaydedilen k\u0131s\u0131rl\u0131k oran\u0131n\u0131n T\u00fcrkiye&#8217;de y\u00fczde 20 seviyelerine ula\u015ft\u0131\u011f\u0131 bildirildi. Dernek, infertil ailelerin y\u0131llard\u0131r devlet deste\u011finden mahrum kald\u0131\u011f\u0131n\u0131 vurgulayarak, &#8220;SGK kapsam\u0131 d\u0131\u015f\u0131nda b\u0131rak\u0131lan ila\u00e7lar, zor al\u0131nan hastal\u0131k raporlar\u0131 ve kar\u015f\u0131l\u0131ks\u0131z kalan \u00e7\u00f6z\u00fcm \u00f6nerilerimiz, tedavi s\u00fcre\u00e7lerini daha da g\u00fc\u00e7le\u015ftiriyor&#8221; a\u00e7\u0131klamas\u0131n\u0131 yapt\u0131. \u0130MAD-DER&#8217;DEN \u0130\u015e B\u0130RL\u0130\u011e\u0130 \u00c7A\u011eRISI \u0130MAD-DER yetkililer, ilgili kurumlarla i\u015f birli\u011fi ve ortak komisyon kurulmas\u0131 \u00e7a\u011fr\u0131s\u0131nda bulunarak, infertil ailelerin yaln\u0131z b\u0131rak\u0131lmamas\u0131 gerekti\u011fini belirtti. Yetkililer, do\u011furganl\u0131k oranlar\u0131n\u0131 art\u0131rabilmek i\u00e7in hem aile destek politikalar\u0131n\u0131n hem de k\u0131s\u0131rl\u0131kla m\u00fccadelede etkin \u00e7\u00f6z\u00fcmlerin hayata ge\u00e7irilmesi gerekti\u011finin alt\u0131n\u0131 \u00e7izdi. \u200bT\u00dc\u0130K verilerine g\u00f6re do\u011fum oranlar\u0131 azal\u0131rken, \u0130MAD-DER T\u00fcrkiye&#8217;de k\u0131s\u0131rl\u0131k oran\u0131n\u0131n y\u00fczde 20&#8217;ye ula\u015ft\u0131\u011f\u0131n\u0131 a\u00e7\u0131klad\u0131. Uzmanlar, yetkililere \u00e7\u00f6z\u00fcm i\u00e7in i\u015f birli\u011fi \u00e7a\u011fr\u0131s\u0131 yapt\u0131.\u00a0 \u200bHaberin Al\u0131nt\u0131land\u0131\u011f\u0131 Kaynak: www.antalyakorfez.com\" \/>\n<meta property=\"og:url\" content=\"http:\/\/denizcankizil.tr\/uk\/haberler\/gundem\/turkiyede-cifte-tehlike-dogurganlik-hizi-dusuyor-kisirlik-artiyor\/\" \/>\n<meta property=\"og:site_name\" content=\"Av. Deniz Can K\u0131z\u0131l\" \/>\n<meta property=\"article:published_time\" content=\"2025-04-28T19:41:19+00:00\" \/>\n<meta name=\"author\" content=\"Antalya K\u00f6rfez\" \/>\n<meta name=\"twitter:card\" content=\"summary_large_image\" \/>\n<meta name=\"twitter:label1\" content=\"\u041d\u0430\u043f\u0438\u0441\u0430\u043d\u043e\" \/>\n\t<meta name=\"twitter:data1\" content=\"Antalya K\u00f6rfez\" \/>\n\t<meta name=\"twitter:label2\" content=\"\u041f\u0440\u0438\u0431\u043b. \u0447\u0430\u0441 \u0447\u0438\u0442\u0430\u043d\u043d\u044f\" \/>\n\t<meta name=\"twitter:data2\" content=\"2 \u0445\u0432\u0438\u043b\u0438\u043d\u0438\" \/>\n<script type=\"application\/ld+json\" class=\"yoast-schema-graph\">{\"@context\":\"https:\/\/schema.org\",\"@graph\":[{\"@type\":\"Article\",\"@id\":\"http:\/\/denizcankizil.tr\/uk\/haberler\/gundem\/turkiyede-cifte-tehlike-dogurganlik-hizi-dusuyor-kisirlik-artiyor\/#article\",\"isPartOf\":{\"@id\":\"http:\/\/denizcankizil.tr\/uk\/haberler\/gundem\/turkiyede-cifte-tehlike-dogurganlik-hizi-dusuyor-kisirlik-artiyor\/\"},\"author\":{\"name\":\"Antalya K\u00f6rfez\",\"@id\":\"https:\/\/denizcankizil.tr\/de\/#\/schema\/person\/e1eb71bb4dd684d46563f0af307e1234\"},\"headline\":\"T\u00fcrkiye&#8217;de \u00e7ifte tehlike: Do\u011furganl\u0131k h\u0131z\u0131 d\u00fc\u015f\u00fcyor, k\u0131s\u0131rl\u0131k art\u0131yor\",\"datePublished\":\"2025-04-28T19:41:19+00:00\",\"mainEntityOfPage\":{\"@id\":\"http:\/\/denizcankizil.tr\/uk\/haberler\/gundem\/turkiyede-cifte-tehlike-dogurganlik-hizi-dusuyor-kisirlik-artiyor\/\"},\"wordCount\":350,\"publisher\":{\"@id\":\"https:\/\/denizcankizil.tr\/de\/#organization\"},\"articleSection\":[\"G\u00fcndem\"],\"inLanguage\":\"uk\"},{\"@type\":\"WebPage\",\"@id\":\"http:\/\/denizcankizil.tr\/uk\/haberler\/gundem\/turkiyede-cifte-tehlike-dogurganlik-hizi-dusuyor-kisirlik-artiyor\/\",\"url\":\"http:\/\/denizcankizil.tr\/uk\/haberler\/gundem\/turkiyede-cifte-tehlike-dogurganlik-hizi-dusuyor-kisirlik-artiyor\/\",\"name\":\"T\u00fcrkiye'de \u00e7ifte tehlike: Do\u011furganl\u0131k h\u0131z\u0131 d\u00fc\u015f\u00fcyor, k\u0131s\u0131rl\u0131k art\u0131yor - Av. Deniz Can K\u0131z\u0131l\",\"isPartOf\":{\"@id\":\"https:\/\/denizcankizil.tr\/de\/#website\"},\"datePublished\":\"2025-04-28T19:41:19+00:00\",\"breadcrumb\":{\"@id\":\"http:\/\/denizcankizil.tr\/uk\/haberler\/gundem\/turkiyede-cifte-tehlike-dogurganlik-hizi-dusuyor-kisirlik-artiyor\/#breadcrumb\"},\"inLanguage\":\"uk\",\"potentialAction\":[{\"@type\":\"ReadAction\",\"target\":[\"http:\/\/denizcankizil.tr\/uk\/haberler\/gundem\/turkiyede-cifte-tehlike-dogurganlik-hizi-dusuyor-kisirlik-artiyor\/\"]}]},{\"@type\":\"BreadcrumbList\",\"@id\":\"http:\/\/denizcankizil.tr\/uk\/haberler\/gundem\/turkiyede-cifte-tehlike-dogurganlik-hizi-dusuyor-kisirlik-artiyor\/#breadcrumb\",\"itemListElement\":[{\"@type\":\"ListItem\",\"position\":1,\"name\":\"Home\",\"item\":\"https:\/\/denizcankizil.tr\/de\/\"},{\"@type\":\"ListItem\",\"position\":2,\"name\":\"T\u00fcrkiye&#8217;de \u00e7ifte tehlike: Do\u011furganl\u0131k h\u0131z\u0131 d\u00fc\u015f\u00fcyor, k\u0131s\u0131rl\u0131k art\u0131yor\"}]},{\"@type\":\"WebSite\",\"@id\":\"https:\/\/denizcankizil.tr\/de\/#website\",\"url\":\"https:\/\/denizcankizil.tr\/de\/\",\"name\":\"Av. Deniz Can K\u0131z\u0131l\",\"description\":\"Avukat Deniz Can K\u0131z\u0131l Antalya Barosu\",\"publisher\":{\"@id\":\"https:\/\/denizcankizil.tr\/de\/#organization\"},\"potentialAction\":[{\"@type\":\"SearchAction\",\"target\":{\"@type\":\"EntryPoint\",\"urlTemplate\":\"https:\/\/denizcankizil.tr\/de\/?s={search_term_string}\"},\"query-input\":{\"@type\":\"PropertyValueSpecification\",\"valueRequired\":true,\"valueName\":\"search_term_string\"}}],\"inLanguage\":\"uk\"},{\"@type\":\"Organization\",\"@id\":\"https:\/\/denizcankizil.tr\/de\/#organization\",\"name\":\"Av. Deniz Can K\u0131z\u0131l\",\"url\":\"https:\/\/denizcankizil.tr\/de\/\",\"logo\":{\"@type\":\"ImageObject\",\"inLanguage\":\"uk\",\"@id\":\"https:\/\/denizcankizil.tr\/de\/#\/schema\/logo\/image\/\",\"url\":\"http:\/\/denizcankizil.tr\/wp-content\/uploads\/2024\/10\/siyah-logo-svg.svg\",\"contentUrl\":\"http:\/\/denizcankizil.tr\/wp-content\/uploads\/2024\/10\/siyah-logo-svg.svg\",\"width\":1080,\"height\":1080,\"caption\":\"Av. Deniz Can K\u0131z\u0131l\"},\"image\":{\"@id\":\"https:\/\/denizcankizil.tr\/de\/#\/schema\/logo\/image\/\"}},{\"@type\":\"Person\",\"@id\":\"https:\/\/denizcankizil.tr\/de\/#\/schema\/person\/e1eb71bb4dd684d46563f0af307e1234\",\"name\":\"Antalya K\u00f6rfez\",\"image\":{\"@type\":\"ImageObject\",\"inLanguage\":\"uk\",\"@id\":\"https:\/\/denizcankizil.tr\/de\/#\/schema\/person\/image\/\",\"url\":\"https:\/\/secure.gravatar.com\/avatar\/42b01982558a48a0b501fdcab6a408d3717ea5919095ee2e67b0e521799c5905?s=96&d=mm&r=g\",\"contentUrl\":\"https:\/\/secure.gravatar.com\/avatar\/42b01982558a48a0b501fdcab6a408d3717ea5919095ee2e67b0e521799c5905?s=96&d=mm&r=g\",\"caption\":\"Antalya K\u00f6rfez\"},\"sameAs\":[\"http:\/\/www.antalyakorfez.com\"],\"url\":\"https:\/\/www.antalyakorfez.com\/turkiyede-cifte-tehlike-dogurganlik-hizi-dusuyor-kisirlik-artiyor\"}]}<\/script>\n<!-- \/ Yoast SEO Premium plugin. -->","yoast_head_json":{"title":"T\u00fcrkiye'de \u00e7ifte tehlike: Do\u011furganl\u0131k h\u0131z\u0131 d\u00fc\u015f\u00fcyor, k\u0131s\u0131rl\u0131k art\u0131yor - Av. Deniz Can K\u0131z\u0131l","robots":{"index":"index","follow":"follow","max-snippet":"max-snippet:-1","max-image-preview":"max-image-preview:large","max-video-preview":"max-video-preview:-1"},"canonical":"http:\/\/denizcankizil.tr\/uk\/haberler\/gundem\/turkiyede-cifte-tehlike-dogurganlik-hizi-dusuyor-kisirlik-artiyor\/","og_locale":"uk_UA","og_type":"article","og_title":"T\u00fcrkiye'de \u00e7ifte tehlike: Do\u011furganl\u0131k h\u0131z\u0131 d\u00fc\u015f\u00fcyor, k\u0131s\u0131rl\u0131k art\u0131yor","og_description":"T\u00fcrkiye, do\u011furganl\u0131k oranlar\u0131ndaki h\u0131zl\u0131 d\u00fc\u015f\u00fc\u015f\u00fcn yan\u0131 s\u0131ra, artan k\u0131s\u0131rl\u0131k vakalar\u0131yla da kar\u015f\u0131 kar\u015f\u0131ya. T\u00dc\u0130K&#8217;in do\u011fum istatistikleri, n\u00fcfus gelece\u011fi a\u00e7\u0131s\u0131ndan ciddi uyar\u0131lar\u0131 i\u00e7erirken, uzmanlar k\u0131s\u0131rl\u0131k oran\u0131ndaki art\u0131\u015fa dikkat \u00e7ekiyor. VER\u0130LER, DO\u011eURGANLIK HIZININ AZALDI\u011eINI KANITLIYOR Cumhurba\u015fkan\u0131 Recep Tayyip Erdo\u011fan, son a\u00e7\u0131klamas\u0131nda do\u011fum oranlar\u0131ndaki d\u00fc\u015f\u00fc\u015f\u00fc &#8220;varolu\u015fsal bir tehdit&#8221; ve &#8220;bir felaket&#8221; olarak nitelendirerek, konunun ciddiyetine dikkat \u00e7ekti. T\u00dc\u0130K verileri de, do\u011furganl\u0131k h\u0131z\u0131nda istikrarl\u0131 bir azalma ya\u015fand\u0131\u011f\u0131n\u0131 ortaya koyuyor. &#8220;\u0130NFERT\u0130L A\u0130LELER YILLARDIR DEVLET DESTE\u011e\u0130NDEN MAHRUM KALIYORLAR&#8221; \u00d6te yandan, \u0130nfertilite (k\u0131s\u0131rl\u0131k) ile M\u00fccadele Ara\u015ft\u0131rma ve Dayan\u0131\u015fma Derne\u011fi&#8217;nden (\u0130MAD-DER) yap\u0131lan a\u00e7\u0131klamada, d\u00fcnya genelinde y\u00fczde 24 olarak kaydedilen k\u0131s\u0131rl\u0131k oran\u0131n\u0131n T\u00fcrkiye&#8217;de y\u00fczde 20 seviyelerine ula\u015ft\u0131\u011f\u0131 bildirildi. Dernek, infertil ailelerin y\u0131llard\u0131r devlet deste\u011finden mahrum kald\u0131\u011f\u0131n\u0131 vurgulayarak, &#8220;SGK kapsam\u0131 d\u0131\u015f\u0131nda b\u0131rak\u0131lan ila\u00e7lar, zor al\u0131nan hastal\u0131k raporlar\u0131 ve kar\u015f\u0131l\u0131ks\u0131z kalan \u00e7\u00f6z\u00fcm \u00f6nerilerimiz, tedavi s\u00fcre\u00e7lerini daha da g\u00fc\u00e7le\u015ftiriyor&#8221; a\u00e7\u0131klamas\u0131n\u0131 yapt\u0131. \u0130MAD-DER&#8217;DEN \u0130\u015e B\u0130RL\u0130\u011e\u0130 \u00c7A\u011eRISI \u0130MAD-DER yetkililer, ilgili kurumlarla i\u015f birli\u011fi ve ortak komisyon kurulmas\u0131 \u00e7a\u011fr\u0131s\u0131nda bulunarak, infertil ailelerin yaln\u0131z b\u0131rak\u0131lmamas\u0131 gerekti\u011fini belirtti. Yetkililer, do\u011furganl\u0131k oranlar\u0131n\u0131 art\u0131rabilmek i\u00e7in hem aile destek politikalar\u0131n\u0131n hem de k\u0131s\u0131rl\u0131kla m\u00fccadelede etkin \u00e7\u00f6z\u00fcmlerin hayata ge\u00e7irilmesi gerekti\u011finin alt\u0131n\u0131 \u00e7izdi. \u200bT\u00dc\u0130K verilerine g\u00f6re do\u011fum oranlar\u0131 azal\u0131rken, \u0130MAD-DER T\u00fcrkiye&#8217;de k\u0131s\u0131rl\u0131k oran\u0131n\u0131n y\u00fczde 20&#8217;ye ula\u015ft\u0131\u011f\u0131n\u0131 a\u00e7\u0131klad\u0131. Uzmanlar, yetkililere \u00e7\u00f6z\u00fcm i\u00e7in i\u015f birli\u011fi \u00e7a\u011fr\u0131s\u0131 yapt\u0131.\u00a0 \u200bHaberin Al\u0131nt\u0131land\u0131\u011f\u0131 Kaynak: www.antalyakorfez.com","og_url":"http:\/\/denizcankizil.tr\/uk\/haberler\/gundem\/turkiyede-cifte-tehlike-dogurganlik-hizi-dusuyor-kisirlik-artiyor\/","og_site_name":"Av. Deniz Can K\u0131z\u0131l","article_published_time":"2025-04-28T19:41:19+00:00","author":"Antalya K\u00f6rfez","twitter_card":"summary_large_image","twitter_misc":{"\u041d\u0430\u043f\u0438\u0441\u0430\u043d\u043e":"Antalya K\u00f6rfez","\u041f\u0440\u0438\u0431\u043b. \u0447\u0430\u0441 \u0447\u0438\u0442\u0430\u043d\u043d\u044f":"2 \u0445\u0432\u0438\u043b\u0438\u043d\u0438"},"schema":{"@context":"https:\/\/schema.org","@graph":[{"@type":"Article","@id":"http:\/\/denizcankizil.tr\/uk\/haberler\/gundem\/turkiyede-cifte-tehlike-dogurganlik-hizi-dusuyor-kisirlik-artiyor\/#article","isPartOf":{"@id":"http:\/\/denizcankizil.tr\/uk\/haberler\/gundem\/turkiyede-cifte-tehlike-dogurganlik-hizi-dusuyor-kisirlik-artiyor\/"},"author":{"name":"Antalya K\u00f6rfez","@id":"https:\/\/denizcankizil.tr\/de\/#\/schema\/person\/e1eb71bb4dd684d46563f0af307e1234"},"headline":"T\u00fcrkiye&#8217;de \u00e7ifte tehlike: Do\u011furganl\u0131k h\u0131z\u0131 d\u00fc\u015f\u00fcyor, k\u0131s\u0131rl\u0131k art\u0131yor","datePublished":"2025-04-28T19:41:19+00:00","mainEntityOfPage":{"@id":"http:\/\/denizcankizil.tr\/uk\/haberler\/gundem\/turkiyede-cifte-tehlike-dogurganlik-hizi-dusuyor-kisirlik-artiyor\/"},"wordCount":350,"publisher":{"@id":"https:\/\/denizcankizil.tr\/de\/#organization"},"articleSection":["G\u00fcndem"],"inLanguage":"uk"},{"@type":"WebPage","@id":"http:\/\/denizcankizil.tr\/uk\/haberler\/gundem\/turkiyede-cifte-tehlike-dogurganlik-hizi-dusuyor-kisirlik-artiyor\/","url":"http:\/\/denizcankizil.tr\/uk\/haberler\/gundem\/turkiyede-cifte-tehlike-dogurganlik-hizi-dusuyor-kisirlik-artiyor\/","name":"T\u00fcrkiye'de \u00e7ifte tehlike: Do\u011furganl\u0131k h\u0131z\u0131 d\u00fc\u015f\u00fcyor, k\u0131s\u0131rl\u0131k art\u0131yor - Av. Deniz Can K\u0131z\u0131l","isPartOf":{"@id":"https:\/\/denizcankizil.tr\/de\/#website"},"datePublished":"2025-04-28T19:41:19+00:00","breadcrumb":{"@id":"http:\/\/denizcankizil.tr\/uk\/haberler\/gundem\/turkiyede-cifte-tehlike-dogurganlik-hizi-dusuyor-kisirlik-artiyor\/#breadcrumb"},"inLanguage":"uk","potentialAction":[{"@type":"ReadAction","target":["http:\/\/denizcankizil.tr\/uk\/haberler\/gundem\/turkiyede-cifte-tehlike-dogurganlik-hizi-dusuyor-kisirlik-artiyor\/"]}]},{"@type":"BreadcrumbList","@id":"http:\/\/denizcankizil.tr\/uk\/haberler\/gundem\/turkiyede-cifte-tehlike-dogurganlik-hizi-dusuyor-kisirlik-artiyor\/#breadcrumb","itemListElement":[{"@type":"ListItem","position":1,"name":"Home","item":"https:\/\/denizcankizil.tr\/de\/"},{"@type":"ListItem","position":2,"name":"T\u00fcrkiye&#8217;de \u00e7ifte tehlike: Do\u011furganl\u0131k h\u0131z\u0131 d\u00fc\u015f\u00fcyor, k\u0131s\u0131rl\u0131k art\u0131yor"}]},{"@type":"WebSite","@id":"https:\/\/denizcankizil.tr\/de\/#website","url":"https:\/\/denizcankizil.tr\/de\/","name":"Av. Deniz Can K\u0131z\u0131l","description":"Avukat Deniz Can K\u0131z\u0131l Antalya Barosu","publisher":{"@id":"https:\/\/denizcankizil.tr\/de\/#organization"},"potentialAction":[{"@type":"SearchAction","target":{"@type":"EntryPoint","urlTemplate":"https:\/\/denizcankizil.tr\/de\/?s={search_term_string}"},"query-input":{"@type":"PropertyValueSpecification","valueRequired":true,"valueName":"search_term_string"}}],"inLanguage":"uk"},{"@type":"Organization","@id":"https:\/\/denizcankizil.tr\/de\/#organization","name":"Av. Deniz Can K\u0131z\u0131l","url":"https:\/\/denizcankizil.tr\/de\/","logo":{"@type":"ImageObject","inLanguage":"uk","@id":"https:\/\/denizcankizil.tr\/de\/#\/schema\/logo\/image\/","url":"http:\/\/denizcankizil.tr\/wp-content\/uploads\/2024\/10\/siyah-logo-svg.svg","contentUrl":"http:\/\/denizcankizil.tr\/wp-content\/uploads\/2024\/10\/siyah-logo-svg.svg","width":1080,"height":1080,"caption":"Av. Deniz Can K\u0131z\u0131l"},"image":{"@id":"https:\/\/denizcankizil.tr\/de\/#\/schema\/logo\/image\/"}},{"@type":"Person","@id":"https:\/\/denizcankizil.tr\/de\/#\/schema\/person\/e1eb71bb4dd684d46563f0af307e1234","name":"Antalya K\u00f6rfez","image":{"@type":"ImageObject","inLanguage":"uk","@id":"https:\/\/denizcankizil.tr\/de\/#\/schema\/person\/image\/","url":"https:\/\/secure.gravatar.com\/avatar\/42b01982558a48a0b501fdcab6a408d3717ea5919095ee2e67b0e521799c5905?s=96&d=mm&r=g","contentUrl":"https:\/\/secure.gravatar.com\/avatar\/42b01982558a48a0b501fdcab6a408d3717ea5919095ee2e67b0e521799c5905?s=96&d=mm&r=g","caption":"Antalya K\u00f6rfez"},"sameAs":["http:\/\/www.antalyakorfez.com"],"url":"https:\/\/www.antalyakorfez.com\/turkiyede-cifte-tehlike-dogurganlik-hizi-dusuyor-kisirlik-artiyor"}]}},"_links":{"self":[{"href":"http:\/\/denizcankizil.tr\/uk\/wp-json\/wp\/v2\/posts\/69585","targetHints":{"allow":["GET"]}}],"collection":[{"href":"http:\/\/denizcankizil.tr\/uk\/wp-json\/wp\/v2\/posts"}],"about":[{"href":"http:\/\/denizcankizil.tr\/uk\/wp-json\/wp\/v2\/types\/post"}],"author":[{"embeddable":true,"href":"http:\/\/denizcankizil.tr\/uk\/wp-json\/wp\/v2\/users\/5"}],"replies":[{"embeddable":true,"href":"http:\/\/denizcankizil.tr\/uk\/wp-json\/wp\/v2\/comments?post=69585"}],"version-history":[{"count":0,"href":"http:\/\/denizcankizil.tr\/uk\/wp-json\/wp\/v2\/posts\/69585\/revisions"}],"wp:attachment":[{"href":"http:\/\/denizcankizil.tr\/uk\/wp-json\/wp\/v2\/media?parent=69585"}],"wp:term":[{"taxonomy":"category","embeddable":true,"href":"http:\/\/denizcankizil.tr\/uk\/wp-json\/wp\/v2\/categories?post=69585"},{"taxonomy":"post_tag","embeddable":true,"href":"http:\/\/denizcankizil.tr\/uk\/wp-json\/wp\/v2\/tags?post=69585"}],"curies":[{"name":"wp","href":"https:\/\/api.w.org\/{rel}","templated":true}]}}