{"id":69164,"date":"2025-04-28T12:42:45","date_gmt":"2025-04-28T09:42:45","guid":{"rendered":"https:\/\/denizcankizil.tr\/uncategorized-tr\/kazada-otomobil-direkle-duvar-arasinda-sikisti\/"},"modified":"2025-04-28T12:42:45","modified_gmt":"2025-04-28T09:42:45","slug":"kazada-otomobil-direkle-duvar-arasinda-sikisti","status":"publish","type":"post","link":"http:\/\/denizcankizil.tr\/uk\/haberler\/gundem\/kazada-otomobil-direkle-duvar-arasinda-sikisti\/","title":{"rendered":"Kazada otomobil direkle duvar aras\u0131nda s\u0131k\u0131\u015ft\u0131!"},"content":{"rendered":"<p>Edinilen bilgilere g\u00f6re kaza, Meydan Mahallesi Ya\u015far Do\u011fu Caddesi \u00fczerinde Deniz Lojmanlar\u0131 d\u0131\u015f kald\u0131r\u0131m\u0131nda meydana geldi. \u0130skenderun\u2019dan Karaa\u011fa\u00e7 istikametine seyir halindeki otomobil, bilinmeyen bir nedenle s\u00fcr\u00fcc\u00fcn\u00fcn kontrol\u00fcnden \u00e7\u0131karak kald\u0131r\u0131ma \u00e7\u0131kt\u0131 ve Askeri lojmanlar\u0131n duvar\u0131na \u00e7arpt\u0131. Otomobil kald\u0131r\u0131mdaki ayd\u0131nlatma dire\u011fi ile duvar aras\u0131na s\u0131k\u0131\u015ft\u0131. Kazada kad\u0131n s\u00fcr\u00fcc\u00fc ara\u00e7 i\u00e7inde s\u0131k\u0131\u015ft\u0131.<\/p>\n<p>\u00c7evredeki vatanda\u015flar\u0131n durumu 112 Acil \u00c7a\u011fr\u0131 Merkezi\u2019ne bildirmesi \u00fczerine b\u00f6lgeye h\u0131zla sa\u011fl\u0131k ve itfaiye ekipleri sevk edildi. Hatay B\u00fcy\u00fck\u015fehir Belediyesi \u0130tfaiye Daire Ba\u015fkanl\u0131\u011f\u0131 ekipleri, ara\u00e7ta s\u0131k\u0131\u015fan yaral\u0131 kad\u0131n\u0131 dikkatli bir \u015fekilde bulundu\u011fu yerden \u00e7\u0131kartarak, sa\u011fl\u0131k ekiplerine teslim etti.<\/p>\n<p>Yaral\u0131 s\u00fcr\u00fcc\u00fcn\u00fcn sa\u011fl\u0131k durumuna ili\u015fkin hen\u00fcz resmi bir a\u00e7\u0131klama yap\u0131lmazken, kazayla ilgili soru\u015fturma ba\u015flat\u0131ld\u0131\u011f\u0131 bildirildi.<\/p>\n<p>Bu arada \u00e7evredekiler, ayn\u0131 noktada bilinmeyen bir nedenle s\u00fcrekli tek tarafl\u0131 kazalar meydana geldi\u011fini hat\u0131rlatt\u0131. \u00a0\u00a0<\/p>\n<p>\u200bHatay\u2019\u0131n \u0130skenderun il\u00e7esinde meydana gelen trafik kazas\u0131nda, direksiyon hakimiyetini kaybeden s\u00fcr\u00fcc\u00fc duvara \u00e7arpt\u0131. Kazada ara\u00e7 i\u00e7erisinde s\u0131k\u0131\u015fan kad\u0131n s\u00fcr\u00fcc\u00fc, itfaiye ekiplerinin m\u00fcdahalesiyle kurtar\u0131ld\u0131.\u00a0<\/p>\n<p>\u200bHaberin Al\u0131nt\u0131land\u0131\u011f\u0131 Kaynak: www.iskenderun.org<\/p>","protected":false},"excerpt":{"rendered":"<p>Edinilen bilgilere g\u00f6re kaza, Meydan Mahallesi Ya\u015far Do\u011fu Caddesi \u00fczerinde Deniz Lojmanlar\u0131 d\u0131\u015f kald\u0131r\u0131m\u0131nda meydana geldi. \u0130skenderun\u2019dan Karaa\u011fa\u00e7 istikametine seyir halindeki otomobil, bilinmeyen bir nedenle s\u00fcr\u00fcc\u00fcn\u00fcn kontrol\u00fcnden \u00e7\u0131karak kald\u0131r\u0131ma \u00e7\u0131kt\u0131 ve Askeri lojmanlar\u0131n duvar\u0131na \u00e7arpt\u0131. Otomobil kald\u0131r\u0131mdaki ayd\u0131nlatma dire\u011fi ile duvar aras\u0131na s\u0131k\u0131\u015ft\u0131. Kazada kad\u0131n s\u00fcr\u00fcc\u00fc ara\u00e7 i\u00e7inde s\u0131k\u0131\u015ft\u0131. \u00c7evredeki vatanda\u015flar\u0131n durumu 112 Acil \u00c7a\u011fr\u0131 Merkezi\u2019ne bildirmesi \u00fczerine b\u00f6lgeye h\u0131zla sa\u011fl\u0131k ve itfaiye ekipleri sevk edildi. Hatay B\u00fcy\u00fck\u015fehir Belediyesi \u0130tfaiye Daire Ba\u015fkanl\u0131\u011f\u0131 ekipleri, ara\u00e7ta s\u0131k\u0131\u015fan yaral\u0131 kad\u0131n\u0131 dikkatli bir \u015fekilde bulundu\u011fu yerden \u00e7\u0131kartarak, sa\u011fl\u0131k ekiplerine teslim etti. Yaral\u0131 s\u00fcr\u00fcc\u00fcn\u00fcn sa\u011fl\u0131k durumuna ili\u015fkin hen\u00fcz resmi bir a\u00e7\u0131klama yap\u0131lmazken, kazayla ilgili soru\u015fturma ba\u015flat\u0131ld\u0131\u011f\u0131 bildirildi. Bu arada \u00e7evredekiler, ayn\u0131 noktada bilinmeyen bir nedenle s\u00fcrekli tek tarafl\u0131 kazalar meydana geldi\u011fini hat\u0131rlatt\u0131. \u00a0\u00a0 \u200bHatay\u2019\u0131n \u0130skenderun il\u00e7esinde meydana gelen trafik kazas\u0131nda, direksiyon hakimiyetini kaybeden s\u00fcr\u00fcc\u00fc duvara \u00e7arpt\u0131. Kazada ara\u00e7 i\u00e7erisinde s\u0131k\u0131\u015fan kad\u0131n s\u00fcr\u00fcc\u00fc, itfaiye ekiplerinin m\u00fcdahalesiyle kurtar\u0131ld\u0131.\u00a0 \u200bHaberin Al\u0131nt\u0131land\u0131\u011f\u0131 Kaynak: www.iskenderun.org<\/p>","protected":false},"author":1,"featured_media":0,"comment_status":"","ping_status":"open","sticky":false,"template":"","format":"standard","meta":{"_acf_changed":false,"footnotes":""},"categories":[24],"tags":[],"class_list":["post-69164","post","type-post","status-publish","format-standard","has-post-thumbnail","hentry","category-gundem"],"acf":[],"yoast_head":"<!-- This site is optimized with the Yoast SEO Premium plugin v26.6 (Yoast SEO v27.1.1) - https:\/\/yoast.com\/product\/yoast-seo-premium-wordpress\/ -->\n<title>Kazada otomobil direkle duvar aras\u0131nda s\u0131k\u0131\u015ft\u0131! - Av. Deniz Can K\u0131z\u0131l<\/title>\n<meta name=\"robots\" content=\"index, follow, max-snippet:-1, max-image-preview:large, max-video-preview:-1\" \/>\n<link rel=\"canonical\" href=\"http:\/\/denizcankizil.tr\/uk\/haberler\/gundem\/kazada-otomobil-direkle-duvar-arasinda-sikisti\/\" \/>\n<meta property=\"og:locale\" content=\"uk_UA\" \/>\n<meta property=\"og:type\" content=\"article\" \/>\n<meta property=\"og:title\" content=\"Kazada otomobil direkle duvar aras\u0131nda s\u0131k\u0131\u015ft\u0131!\" \/>\n<meta property=\"og:description\" content=\"Edinilen bilgilere g\u00f6re kaza, Meydan Mahallesi Ya\u015far Do\u011fu Caddesi \u00fczerinde Deniz Lojmanlar\u0131 d\u0131\u015f kald\u0131r\u0131m\u0131nda meydana geldi. \u0130skenderun\u2019dan Karaa\u011fa\u00e7 istikametine seyir halindeki otomobil, bilinmeyen bir nedenle s\u00fcr\u00fcc\u00fcn\u00fcn kontrol\u00fcnden \u00e7\u0131karak kald\u0131r\u0131ma \u00e7\u0131kt\u0131 ve Askeri lojmanlar\u0131n duvar\u0131na \u00e7arpt\u0131. Otomobil kald\u0131r\u0131mdaki ayd\u0131nlatma dire\u011fi ile duvar aras\u0131na s\u0131k\u0131\u015ft\u0131. Kazada kad\u0131n s\u00fcr\u00fcc\u00fc ara\u00e7 i\u00e7inde s\u0131k\u0131\u015ft\u0131. \u00c7evredeki vatanda\u015flar\u0131n durumu 112 Acil \u00c7a\u011fr\u0131 Merkezi\u2019ne bildirmesi \u00fczerine b\u00f6lgeye h\u0131zla sa\u011fl\u0131k ve itfaiye ekipleri sevk edildi. Hatay B\u00fcy\u00fck\u015fehir Belediyesi \u0130tfaiye Daire Ba\u015fkanl\u0131\u011f\u0131 ekipleri, ara\u00e7ta s\u0131k\u0131\u015fan yaral\u0131 kad\u0131n\u0131 dikkatli bir \u015fekilde bulundu\u011fu yerden \u00e7\u0131kartarak, sa\u011fl\u0131k ekiplerine teslim etti. Yaral\u0131 s\u00fcr\u00fcc\u00fcn\u00fcn sa\u011fl\u0131k durumuna ili\u015fkin hen\u00fcz resmi bir a\u00e7\u0131klama yap\u0131lmazken, kazayla ilgili soru\u015fturma ba\u015flat\u0131ld\u0131\u011f\u0131 bildirildi. Bu arada \u00e7evredekiler, ayn\u0131 noktada bilinmeyen bir nedenle s\u00fcrekli tek tarafl\u0131 kazalar meydana geldi\u011fini hat\u0131rlatt\u0131. \u00a0\u00a0 \u200bHatay\u2019\u0131n \u0130skenderun il\u00e7esinde meydana gelen trafik kazas\u0131nda, direksiyon hakimiyetini kaybeden s\u00fcr\u00fcc\u00fc duvara \u00e7arpt\u0131. Kazada ara\u00e7 i\u00e7erisinde s\u0131k\u0131\u015fan kad\u0131n s\u00fcr\u00fcc\u00fc, itfaiye ekiplerinin m\u00fcdahalesiyle kurtar\u0131ld\u0131.\u00a0 \u200bHaberin Al\u0131nt\u0131land\u0131\u011f\u0131 Kaynak: www.iskenderun.org\" \/>\n<meta property=\"og:url\" content=\"http:\/\/denizcankizil.tr\/uk\/haberler\/gundem\/kazada-otomobil-direkle-duvar-arasinda-sikisti\/\" \/>\n<meta property=\"og:site_name\" content=\"Av. Deniz Can K\u0131z\u0131l\" \/>\n<meta property=\"article:published_time\" content=\"2025-04-28T09:42:45+00:00\" \/>\n<meta name=\"author\" content=\"admin\" \/>\n<meta name=\"twitter:card\" content=\"summary_large_image\" \/>\n<meta name=\"twitter:label1\" content=\"\u041d\u0430\u043f\u0438\u0441\u0430\u043d\u043e\" \/>\n\t<meta name=\"twitter:data1\" content=\"admin\" \/>\n\t<meta name=\"twitter:label2\" content=\"\u041f\u0440\u0438\u0431\u043b. \u0447\u0430\u0441 \u0447\u0438\u0442\u0430\u043d\u043d\u044f\" \/>\n\t<meta name=\"twitter:data2\" content=\"1 \u0445\u0432\u0438\u043b\u0438\u043d\u0430\" \/>\n<script type=\"application\/ld+json\" class=\"yoast-schema-graph\">{\"@context\":\"https:\/\/schema.org\",\"@graph\":[{\"@type\":\"Article\",\"@id\":\"http:\/\/denizcankizil.tr\/de\/haberler\/gundem\/kazada-otomobil-direkle-duvar-arasinda-sikisti\/#article\",\"isPartOf\":{\"@id\":\"http:\/\/denizcankizil.tr\/de\/haberler\/gundem\/kazada-otomobil-direkle-duvar-arasinda-sikisti\/\"},\"author\":{\"name\":\"admin\",\"@id\":\"https:\/\/denizcankizil.tr\/#\/schema\/person\/be3c05fe6a12686905512445d8185489\"},\"headline\":\"Kazada otomobil direkle duvar aras\u0131nda s\u0131k\u0131\u015ft\u0131!\",\"datePublished\":\"2025-04-28T09:42:45+00:00\",\"mainEntityOfPage\":{\"@id\":\"http:\/\/denizcankizil.tr\/de\/haberler\/gundem\/kazada-otomobil-direkle-duvar-arasinda-sikisti\/\"},\"wordCount\":234,\"publisher\":{\"@id\":\"https:\/\/denizcankizil.tr\/#organization\"},\"articleSection\":[\"G\u00fcndem\"],\"inLanguage\":\"uk\"},{\"@type\":\"WebPage\",\"@id\":\"http:\/\/denizcankizil.tr\/de\/haberler\/gundem\/kazada-otomobil-direkle-duvar-arasinda-sikisti\/\",\"url\":\"http:\/\/denizcankizil.tr\/de\/haberler\/gundem\/kazada-otomobil-direkle-duvar-arasinda-sikisti\/\",\"name\":\"Kazada otomobil direkle duvar aras\u0131nda s\u0131k\u0131\u015ft\u0131! - Av. Deniz Can K\u0131z\u0131l\",\"isPartOf\":{\"@id\":\"https:\/\/denizcankizil.tr\/#website\"},\"datePublished\":\"2025-04-28T09:42:45+00:00\",\"breadcrumb\":{\"@id\":\"http:\/\/denizcankizil.tr\/de\/haberler\/gundem\/kazada-otomobil-direkle-duvar-arasinda-sikisti\/#breadcrumb\"},\"inLanguage\":\"uk\",\"potentialAction\":[{\"@type\":\"ReadAction\",\"target\":[\"http:\/\/denizcankizil.tr\/de\/haberler\/gundem\/kazada-otomobil-direkle-duvar-arasinda-sikisti\/\"]}]},{\"@type\":\"BreadcrumbList\",\"@id\":\"http:\/\/denizcankizil.tr\/de\/haberler\/gundem\/kazada-otomobil-direkle-duvar-arasinda-sikisti\/#breadcrumb\",\"itemListElement\":[{\"@type\":\"ListItem\",\"position\":1,\"name\":\"Home\",\"item\":\"https:\/\/denizcankizil.tr\/de\/\"},{\"@type\":\"ListItem\",\"position\":2,\"name\":\"Kazada otomobil direkle duvar aras\u0131nda s\u0131k\u0131\u015ft\u0131!\"}]},{\"@type\":\"WebSite\",\"@id\":\"https:\/\/denizcankizil.tr\/#website\",\"url\":\"https:\/\/denizcankizil.tr\/\",\"name\":\"Av. Deniz Can K\u0131z\u0131l\",\"description\":\"Avukat Deniz Can K\u0131z\u0131l Antalya Barosu\",\"publisher\":{\"@id\":\"https:\/\/denizcankizil.tr\/#organization\"},\"potentialAction\":[{\"@type\":\"SearchAction\",\"target\":{\"@type\":\"EntryPoint\",\"urlTemplate\":\"https:\/\/denizcankizil.tr\/?s={search_term_string}\"},\"query-input\":{\"@type\":\"PropertyValueSpecification\",\"valueRequired\":true,\"valueName\":\"search_term_string\"}}],\"inLanguage\":\"uk\"},{\"@type\":\"Organization\",\"@id\":\"https:\/\/denizcankizil.tr\/#organization\",\"name\":\"Av. Deniz Can K\u0131z\u0131l\",\"url\":\"https:\/\/denizcankizil.tr\/\",\"logo\":{\"@type\":\"ImageObject\",\"inLanguage\":\"uk\",\"@id\":\"https:\/\/denizcankizil.tr\/#\/schema\/logo\/image\/\",\"url\":\"http:\/\/denizcankizil.tr\/wp-content\/uploads\/2024\/10\/siyah-logo-svg.svg\",\"contentUrl\":\"http:\/\/denizcankizil.tr\/wp-content\/uploads\/2024\/10\/siyah-logo-svg.svg\",\"width\":1080,\"height\":1080,\"caption\":\"Av. Deniz Can K\u0131z\u0131l\"},\"image\":{\"@id\":\"https:\/\/denizcankizil.tr\/#\/schema\/logo\/image\/\"}},{\"@type\":\"Person\",\"@id\":\"https:\/\/denizcankizil.tr\/#\/schema\/person\/be3c05fe6a12686905512445d8185489\",\"name\":\"admin\",\"image\":{\"@type\":\"ImageObject\",\"inLanguage\":\"uk\",\"@id\":\"https:\/\/denizcankizil.tr\/#\/schema\/person\/image\/\",\"url\":\"https:\/\/secure.gravatar.com\/avatar\/c1fce94c830dc79107e174f890d7210541c4a63e8e5d816341794a2151c9d58c?s=96&d=mm&r=g\",\"contentUrl\":\"https:\/\/secure.gravatar.com\/avatar\/c1fce94c830dc79107e174f890d7210541c4a63e8e5d816341794a2151c9d58c?s=96&d=mm&r=g\",\"caption\":\"admin\"},\"sameAs\":[\"http:\/\/denizcankizil.tr\"],\"url\":\"https:\/\/www.iskenderun.org\/kazada-otomobil-direkle-duvar-arasinda-sikisti\"}]}<\/script>\n<!-- \/ Yoast SEO Premium plugin. -->","yoast_head_json":{"title":"Kazada otomobil direkle duvar aras\u0131nda s\u0131k\u0131\u015ft\u0131! - Av. Deniz Can K\u0131z\u0131l","robots":{"index":"index","follow":"follow","max-snippet":"max-snippet:-1","max-image-preview":"max-image-preview:large","max-video-preview":"max-video-preview:-1"},"canonical":"http:\/\/denizcankizil.tr\/uk\/haberler\/gundem\/kazada-otomobil-direkle-duvar-arasinda-sikisti\/","og_locale":"uk_UA","og_type":"article","og_title":"Kazada otomobil direkle duvar aras\u0131nda s\u0131k\u0131\u015ft\u0131!","og_description":"Edinilen bilgilere g\u00f6re kaza, Meydan Mahallesi Ya\u015far Do\u011fu Caddesi \u00fczerinde Deniz Lojmanlar\u0131 d\u0131\u015f kald\u0131r\u0131m\u0131nda meydana geldi. \u0130skenderun\u2019dan Karaa\u011fa\u00e7 istikametine seyir halindeki otomobil, bilinmeyen bir nedenle s\u00fcr\u00fcc\u00fcn\u00fcn kontrol\u00fcnden \u00e7\u0131karak kald\u0131r\u0131ma \u00e7\u0131kt\u0131 ve Askeri lojmanlar\u0131n duvar\u0131na \u00e7arpt\u0131. Otomobil kald\u0131r\u0131mdaki ayd\u0131nlatma dire\u011fi ile duvar aras\u0131na s\u0131k\u0131\u015ft\u0131. Kazada kad\u0131n s\u00fcr\u00fcc\u00fc ara\u00e7 i\u00e7inde s\u0131k\u0131\u015ft\u0131. \u00c7evredeki vatanda\u015flar\u0131n durumu 112 Acil \u00c7a\u011fr\u0131 Merkezi\u2019ne bildirmesi \u00fczerine b\u00f6lgeye h\u0131zla sa\u011fl\u0131k ve itfaiye ekipleri sevk edildi. Hatay B\u00fcy\u00fck\u015fehir Belediyesi \u0130tfaiye Daire Ba\u015fkanl\u0131\u011f\u0131 ekipleri, ara\u00e7ta s\u0131k\u0131\u015fan yaral\u0131 kad\u0131n\u0131 dikkatli bir \u015fekilde bulundu\u011fu yerden \u00e7\u0131kartarak, sa\u011fl\u0131k ekiplerine teslim etti. Yaral\u0131 s\u00fcr\u00fcc\u00fcn\u00fcn sa\u011fl\u0131k durumuna ili\u015fkin hen\u00fcz resmi bir a\u00e7\u0131klama yap\u0131lmazken, kazayla ilgili soru\u015fturma ba\u015flat\u0131ld\u0131\u011f\u0131 bildirildi. Bu arada \u00e7evredekiler, ayn\u0131 noktada bilinmeyen bir nedenle s\u00fcrekli tek tarafl\u0131 kazalar meydana geldi\u011fini hat\u0131rlatt\u0131. \u00a0\u00a0 \u200bHatay\u2019\u0131n \u0130skenderun il\u00e7esinde meydana gelen trafik kazas\u0131nda, direksiyon hakimiyetini kaybeden s\u00fcr\u00fcc\u00fc duvara \u00e7arpt\u0131. Kazada ara\u00e7 i\u00e7erisinde s\u0131k\u0131\u015fan kad\u0131n s\u00fcr\u00fcc\u00fc, itfaiye ekiplerinin m\u00fcdahalesiyle kurtar\u0131ld\u0131.\u00a0 \u200bHaberin Al\u0131nt\u0131land\u0131\u011f\u0131 Kaynak: www.iskenderun.org","og_url":"http:\/\/denizcankizil.tr\/uk\/haberler\/gundem\/kazada-otomobil-direkle-duvar-arasinda-sikisti\/","og_site_name":"Av. Deniz Can K\u0131z\u0131l","article_published_time":"2025-04-28T09:42:45+00:00","author":"admin","twitter_card":"summary_large_image","twitter_misc":{"\u041d\u0430\u043f\u0438\u0441\u0430\u043d\u043e":"admin","\u041f\u0440\u0438\u0431\u043b. \u0447\u0430\u0441 \u0447\u0438\u0442\u0430\u043d\u043d\u044f":"1 \u0445\u0432\u0438\u043b\u0438\u043d\u0430"},"schema":{"@context":"https:\/\/schema.org","@graph":[{"@type":"Article","@id":"http:\/\/denizcankizil.tr\/de\/haberler\/gundem\/kazada-otomobil-direkle-duvar-arasinda-sikisti\/#article","isPartOf":{"@id":"http:\/\/denizcankizil.tr\/de\/haberler\/gundem\/kazada-otomobil-direkle-duvar-arasinda-sikisti\/"},"author":{"name":"admin","@id":"https:\/\/denizcankizil.tr\/#\/schema\/person\/be3c05fe6a12686905512445d8185489"},"headline":"Kazada otomobil direkle duvar aras\u0131nda s\u0131k\u0131\u015ft\u0131!","datePublished":"2025-04-28T09:42:45+00:00","mainEntityOfPage":{"@id":"http:\/\/denizcankizil.tr\/de\/haberler\/gundem\/kazada-otomobil-direkle-duvar-arasinda-sikisti\/"},"wordCount":234,"publisher":{"@id":"https:\/\/denizcankizil.tr\/#organization"},"articleSection":["G\u00fcndem"],"inLanguage":"uk"},{"@type":"WebPage","@id":"http:\/\/denizcankizil.tr\/de\/haberler\/gundem\/kazada-otomobil-direkle-duvar-arasinda-sikisti\/","url":"http:\/\/denizcankizil.tr\/de\/haberler\/gundem\/kazada-otomobil-direkle-duvar-arasinda-sikisti\/","name":"Kazada otomobil direkle duvar aras\u0131nda s\u0131k\u0131\u015ft\u0131! - Av. Deniz Can K\u0131z\u0131l","isPartOf":{"@id":"https:\/\/denizcankizil.tr\/#website"},"datePublished":"2025-04-28T09:42:45+00:00","breadcrumb":{"@id":"http:\/\/denizcankizil.tr\/de\/haberler\/gundem\/kazada-otomobil-direkle-duvar-arasinda-sikisti\/#breadcrumb"},"inLanguage":"uk","potentialAction":[{"@type":"ReadAction","target":["http:\/\/denizcankizil.tr\/de\/haberler\/gundem\/kazada-otomobil-direkle-duvar-arasinda-sikisti\/"]}]},{"@type":"BreadcrumbList","@id":"http:\/\/denizcankizil.tr\/de\/haberler\/gundem\/kazada-otomobil-direkle-duvar-arasinda-sikisti\/#breadcrumb","itemListElement":[{"@type":"ListItem","position":1,"name":"Home","item":"https:\/\/denizcankizil.tr\/de\/"},{"@type":"ListItem","position":2,"name":"Kazada otomobil direkle duvar aras\u0131nda s\u0131k\u0131\u015ft\u0131!"}]},{"@type":"WebSite","@id":"https:\/\/denizcankizil.tr\/#website","url":"https:\/\/denizcankizil.tr\/","name":"Av. Deniz Can K\u0131z\u0131l","description":"Avukat Deniz Can K\u0131z\u0131l Antalya Barosu","publisher":{"@id":"https:\/\/denizcankizil.tr\/#organization"},"potentialAction":[{"@type":"SearchAction","target":{"@type":"EntryPoint","urlTemplate":"https:\/\/denizcankizil.tr\/?s={search_term_string}"},"query-input":{"@type":"PropertyValueSpecification","valueRequired":true,"valueName":"search_term_string"}}],"inLanguage":"uk"},{"@type":"Organization","@id":"https:\/\/denizcankizil.tr\/#organization","name":"Av. Deniz Can K\u0131z\u0131l","url":"https:\/\/denizcankizil.tr\/","logo":{"@type":"ImageObject","inLanguage":"uk","@id":"https:\/\/denizcankizil.tr\/#\/schema\/logo\/image\/","url":"http:\/\/denizcankizil.tr\/wp-content\/uploads\/2024\/10\/siyah-logo-svg.svg","contentUrl":"http:\/\/denizcankizil.tr\/wp-content\/uploads\/2024\/10\/siyah-logo-svg.svg","width":1080,"height":1080,"caption":"Av. Deniz Can K\u0131z\u0131l"},"image":{"@id":"https:\/\/denizcankizil.tr\/#\/schema\/logo\/image\/"}},{"@type":"Person","@id":"https:\/\/denizcankizil.tr\/#\/schema\/person\/be3c05fe6a12686905512445d8185489","name":"\u0430\u0434\u043c\u0456\u043d","image":{"@type":"ImageObject","inLanguage":"uk","@id":"https:\/\/denizcankizil.tr\/#\/schema\/person\/image\/","url":"https:\/\/secure.gravatar.com\/avatar\/c1fce94c830dc79107e174f890d7210541c4a63e8e5d816341794a2151c9d58c?s=96&d=mm&r=g","contentUrl":"https:\/\/secure.gravatar.com\/avatar\/c1fce94c830dc79107e174f890d7210541c4a63e8e5d816341794a2151c9d58c?s=96&d=mm&r=g","caption":"admin"},"sameAs":["http:\/\/denizcankizil.tr"],"url":"https:\/\/www.iskenderun.org\/kazada-otomobil-direkle-duvar-arasinda-sikisti"}]}},"_links":{"self":[{"href":"http:\/\/denizcankizil.tr\/uk\/wp-json\/wp\/v2\/posts\/69164","targetHints":{"allow":["GET"]}}],"collection":[{"href":"http:\/\/denizcankizil.tr\/uk\/wp-json\/wp\/v2\/posts"}],"about":[{"href":"http:\/\/denizcankizil.tr\/uk\/wp-json\/wp\/v2\/types\/post"}],"author":[{"embeddable":true,"href":"http:\/\/denizcankizil.tr\/uk\/wp-json\/wp\/v2\/users\/1"}],"replies":[{"embeddable":true,"href":"http:\/\/denizcankizil.tr\/uk\/wp-json\/wp\/v2\/comments?post=69164"}],"version-history":[{"count":0,"href":"http:\/\/denizcankizil.tr\/uk\/wp-json\/wp\/v2\/posts\/69164\/revisions"}],"wp:attachment":[{"href":"http:\/\/denizcankizil.tr\/uk\/wp-json\/wp\/v2\/media?parent=69164"}],"wp:term":[{"taxonomy":"category","embeddable":true,"href":"http:\/\/denizcankizil.tr\/uk\/wp-json\/wp\/v2\/categories?post=69164"},{"taxonomy":"post_tag","embeddable":true,"href":"http:\/\/denizcankizil.tr\/uk\/wp-json\/wp\/v2\/tags?post=69164"}],"curies":[{"name":"wp","href":"https:\/\/api.w.org\/{rel}","templated":true}]}}