{"id":64863,"date":"2025-04-24T11:41:14","date_gmt":"2025-04-24T08:41:14","guid":{"rendered":"https:\/\/denizcankizil.tr\/uncategorized-tr\/ipekin-hedefi-avrupa-sampiyonasi\/"},"modified":"2025-04-24T11:41:14","modified_gmt":"2025-04-24T08:41:14","slug":"ipekin-hedefi-avrupa-sampiyonasi","status":"publish","type":"post","link":"http:\/\/denizcankizil.tr\/uk\/haberler\/antalya\/ipekin-hedefi-avrupa-sampiyonasi\/","title":{"rendered":"\u0130pek&#8217;in hedefi Avrupa \u015eampiyonas\u0131"},"content":{"rendered":"<p>Elmal\u0131&#8217;da ya\u015fayan \u0130pek \u00d6zmen, 3&#8217;\u00fcnc\u00fc s\u0131n\u0131fta tekvando sporuna ba\u015flad\u0131. \u00d6zmen, ilk senesinde olmas\u0131na ra\u011fmen y\u0131ld\u0131zlar kategorisinde milli tak\u0131ma se\u00e7ildi. Avrupa\u2019n\u0131n en zorlu a\u00e7\u0131k tekvando turnuvas\u0131 olan T\u00fcrkiye Open&#8217;da 2&#8217;nci olan \u00d6zmen, s\u0131kletinin en iyileri aras\u0131nda kendisine yer buldu. Spora ba\u015flad\u0131\u011f\u0131 g\u00fcnden bu yana Antalya&#8217;da hen\u00fcz ma\u00e7 kaybetmeyen \u00d6zmen, ge\u00e7en sene Arnavutluk\u2019ta minikler kategorisinde Avrupa 5&#8217;incisi oldu.<\/p>\n<p>Bu sene Y\u0131ld\u0131zlar kategorisinde 29 kilogramda Avrupa\u2019n\u0131n en iyi 20 sporcusunun davet edildi\u011fi Estonya\u2019da d\u00fczenlenen Grand Prix turnuvas\u0131na kat\u0131lan tek T\u00fcrk sporcu olan \u00d6zmen, \u015fampiyon olup Avrupa \u015eampiyonas\u0131 finallerine direkt kat\u0131l\u0131m hakk\u0131 elde etti ve hanesine 80 puan yazd\u0131rd\u0131.<\/p>\n<p>\u0130pek \u00d6zmen&#8217;in antren\u00f6r\u00fc Berkcan S\u00fcng\u00fc, &#8220;3-6 Aral\u0131k&#8217;ta Bosna Hersek&#8217;te yap\u0131lacak Avrupa Tekvando \u015eampiyonas\u0131 finallerinde hedefimiz \u015fampiyonluk. Hedefimiz \u0130pek&#8217;i Avrupa ve d\u00fcnyan\u0131n zirvesinde g\u00f6rmek. Benim 2 Avrupa \u015fampiyonlu\u011fu, 2 d\u00fcnya \u00fc\u00e7\u00fcnc\u00fcl\u00fc\u011f\u00fcm var. \u0130pek&#8217;in beni ge\u00e7ece\u011finden hi\u00e7 \u015f\u00fcphem yok&#8221; diye konu\u015ftu.<\/p>\n<p>Kaynak: www.kanalv.com.tr Haber Sitesinden Al\u0131nm\u0131\u015ft\u0131r.<\/p>","protected":false},"excerpt":{"rendered":"<p>Elmal\u0131&#8217;da ya\u015fayan \u0130pek \u00d6zmen, 3&#8217;\u00fcnc\u00fc s\u0131n\u0131fta tekvando sporuna ba\u015flad\u0131. \u00d6zmen, ilk senesinde olmas\u0131na ra\u011fmen y\u0131ld\u0131zlar kategorisinde milli tak\u0131ma se\u00e7ildi. Avrupa\u2019n\u0131n en zorlu a\u00e7\u0131k tekvando turnuvas\u0131 olan T\u00fcrkiye Open&#8217;da 2&#8217;nci olan \u00d6zmen, s\u0131kletinin en iyileri aras\u0131nda kendisine yer buldu. Spora ba\u015flad\u0131\u011f\u0131 g\u00fcnden bu yana Antalya&#8217;da hen\u00fcz ma\u00e7 kaybetmeyen \u00d6zmen, ge\u00e7en sene Arnavutluk\u2019ta minikler kategorisinde Avrupa 5&#8217;incisi oldu. Bu sene Y\u0131ld\u0131zlar kategorisinde 29 kilogramda Avrupa\u2019n\u0131n en iyi 20 sporcusunun davet edildi\u011fi Estonya\u2019da d\u00fczenlenen Grand Prix turnuvas\u0131na kat\u0131lan tek T\u00fcrk sporcu olan \u00d6zmen, \u015fampiyon olup Avrupa \u015eampiyonas\u0131 finallerine direkt kat\u0131l\u0131m hakk\u0131 elde etti ve hanesine 80 puan yazd\u0131rd\u0131. \u0130pek \u00d6zmen&#8217;in antren\u00f6r\u00fc Berkcan S\u00fcng\u00fc, &#8220;3-6 Aral\u0131k&#8217;ta Bosna Hersek&#8217;te yap\u0131lacak Avrupa Tekvando \u015eampiyonas\u0131 finallerinde hedefimiz \u015fampiyonluk. Hedefimiz \u0130pek&#8217;i Avrupa ve d\u00fcnyan\u0131n zirvesinde g\u00f6rmek. Benim 2 Avrupa \u015fampiyonlu\u011fu, 2 d\u00fcnya \u00fc\u00e7\u00fcnc\u00fcl\u00fc\u011f\u00fcm var. \u0130pek&#8217;in beni ge\u00e7ece\u011finden hi\u00e7 \u015f\u00fcphem yok&#8221; diye konu\u015ftu. Kaynak: www.kanalv.com.tr Haber Sitesinden Al\u0131nm\u0131\u015ft\u0131r.<\/p>","protected":false},"author":4,"featured_media":0,"comment_status":"","ping_status":"open","sticky":false,"template":"","format":"standard","meta":{"_acf_changed":false,"footnotes":""},"categories":[26],"tags":[],"class_list":["post-64863","post","type-post","status-publish","format-standard","hentry","category-antalya"],"acf":[],"yoast_head":"<!-- This site is optimized with the Yoast SEO Premium plugin v26.6 (Yoast SEO v27.1.1) - https:\/\/yoast.com\/product\/yoast-seo-premium-wordpress\/ -->\n<title>\u0130pek&#039;in hedefi Avrupa \u015eampiyonas\u0131 - Av. Deniz Can K\u0131z\u0131l<\/title>\n<meta name=\"robots\" content=\"index, follow, max-snippet:-1, max-image-preview:large, max-video-preview:-1\" \/>\n<link rel=\"canonical\" href=\"http:\/\/denizcankizil.tr\/uk\/haberler\/antalya\/ipekin-hedefi-avrupa-sampiyonasi\/\" \/>\n<meta property=\"og:locale\" content=\"uk_UA\" \/>\n<meta property=\"og:type\" content=\"article\" \/>\n<meta property=\"og:title\" content=\"\u0130pek&#039;in hedefi Avrupa \u015eampiyonas\u0131\" \/>\n<meta property=\"og:description\" content=\"Elmal\u0131&#8217;da ya\u015fayan \u0130pek \u00d6zmen, 3&#8217;\u00fcnc\u00fc s\u0131n\u0131fta tekvando sporuna ba\u015flad\u0131. \u00d6zmen, ilk senesinde olmas\u0131na ra\u011fmen y\u0131ld\u0131zlar kategorisinde milli tak\u0131ma se\u00e7ildi. Avrupa\u2019n\u0131n en zorlu a\u00e7\u0131k tekvando turnuvas\u0131 olan T\u00fcrkiye Open&#8217;da 2&#8217;nci olan \u00d6zmen, s\u0131kletinin en iyileri aras\u0131nda kendisine yer buldu. Spora ba\u015flad\u0131\u011f\u0131 g\u00fcnden bu yana Antalya&#8217;da hen\u00fcz ma\u00e7 kaybetmeyen \u00d6zmen, ge\u00e7en sene Arnavutluk\u2019ta minikler kategorisinde Avrupa 5&#8217;incisi oldu. Bu sene Y\u0131ld\u0131zlar kategorisinde 29 kilogramda Avrupa\u2019n\u0131n en iyi 20 sporcusunun davet edildi\u011fi Estonya\u2019da d\u00fczenlenen Grand Prix turnuvas\u0131na kat\u0131lan tek T\u00fcrk sporcu olan \u00d6zmen, \u015fampiyon olup Avrupa \u015eampiyonas\u0131 finallerine direkt kat\u0131l\u0131m hakk\u0131 elde etti ve hanesine 80 puan yazd\u0131rd\u0131. \u0130pek \u00d6zmen&#8217;in antren\u00f6r\u00fc Berkcan S\u00fcng\u00fc, &#8220;3-6 Aral\u0131k&#8217;ta Bosna Hersek&#8217;te yap\u0131lacak Avrupa Tekvando \u015eampiyonas\u0131 finallerinde hedefimiz \u015fampiyonluk. Hedefimiz \u0130pek&#8217;i Avrupa ve d\u00fcnyan\u0131n zirvesinde g\u00f6rmek. Benim 2 Avrupa \u015fampiyonlu\u011fu, 2 d\u00fcnya \u00fc\u00e7\u00fcnc\u00fcl\u00fc\u011f\u00fcm var. \u0130pek&#8217;in beni ge\u00e7ece\u011finden hi\u00e7 \u015f\u00fcphem yok&#8221; diye konu\u015ftu. Kaynak: www.kanalv.com.tr Haber Sitesinden Al\u0131nm\u0131\u015ft\u0131r.\" \/>\n<meta property=\"og:url\" content=\"http:\/\/denizcankizil.tr\/uk\/haberler\/antalya\/ipekin-hedefi-avrupa-sampiyonasi\/\" \/>\n<meta property=\"og:site_name\" content=\"Av. Deniz Can K\u0131z\u0131l\" \/>\n<meta property=\"article:published_time\" content=\"2025-04-24T08:41:14+00:00\" \/>\n<meta name=\"author\" content=\"Av. Deniz Can K\u0131z\u0131l\" \/>\n<meta name=\"twitter:card\" content=\"summary_large_image\" \/>\n<meta name=\"twitter:label1\" content=\"\u041d\u0430\u043f\u0438\u0441\u0430\u043d\u043e\" \/>\n\t<meta name=\"twitter:data1\" content=\"Av. Deniz Can K\u0131z\u0131l\" \/>\n\t<meta name=\"twitter:label2\" content=\"\u041f\u0440\u0438\u0431\u043b. \u0447\u0430\u0441 \u0447\u0438\u0442\u0430\u043d\u043d\u044f\" \/>\n\t<meta name=\"twitter:data2\" content=\"1 \u0445\u0432\u0438\u043b\u0438\u043d\u0430\" \/>\n<script type=\"application\/ld+json\" class=\"yoast-schema-graph\">{\"@context\":\"https:\/\/schema.org\",\"@graph\":[{\"@type\":\"Article\",\"@id\":\"http:\/\/denizcankizil.tr\/uk\/haberler\/antalya\/ipekin-hedefi-avrupa-sampiyonasi\/#article\",\"isPartOf\":{\"@id\":\"http:\/\/denizcankizil.tr\/uk\/haberler\/antalya\/ipekin-hedefi-avrupa-sampiyonasi\/\"},\"author\":{\"name\":\"Av. Deniz Can K\u0131z\u0131l\",\"@id\":\"https:\/\/denizcankizil.tr\/de\/#\/schema\/person\/5dc1b22991bd7ac833867c10afc9b0ff\"},\"headline\":\"\u0130pek&#8217;in hedefi Avrupa \u015eampiyonas\u0131\",\"datePublished\":\"2025-04-24T08:41:14+00:00\",\"mainEntityOfPage\":{\"@id\":\"http:\/\/denizcankizil.tr\/uk\/haberler\/antalya\/ipekin-hedefi-avrupa-sampiyonasi\/\"},\"wordCount\":201,\"publisher\":{\"@id\":\"https:\/\/denizcankizil.tr\/de\/#organization\"},\"articleSection\":[\"Antalya\"],\"inLanguage\":\"uk\"},{\"@type\":\"WebPage\",\"@id\":\"http:\/\/denizcankizil.tr\/uk\/haberler\/antalya\/ipekin-hedefi-avrupa-sampiyonasi\/\",\"url\":\"http:\/\/denizcankizil.tr\/uk\/haberler\/antalya\/ipekin-hedefi-avrupa-sampiyonasi\/\",\"name\":\"\u0130pek'in hedefi Avrupa \u015eampiyonas\u0131 - Av. Deniz Can K\u0131z\u0131l\",\"isPartOf\":{\"@id\":\"https:\/\/denizcankizil.tr\/de\/#website\"},\"datePublished\":\"2025-04-24T08:41:14+00:00\",\"breadcrumb\":{\"@id\":\"http:\/\/denizcankizil.tr\/uk\/haberler\/antalya\/ipekin-hedefi-avrupa-sampiyonasi\/#breadcrumb\"},\"inLanguage\":\"uk\",\"potentialAction\":[{\"@type\":\"ReadAction\",\"target\":[\"http:\/\/denizcankizil.tr\/uk\/haberler\/antalya\/ipekin-hedefi-avrupa-sampiyonasi\/\"]}]},{\"@type\":\"BreadcrumbList\",\"@id\":\"http:\/\/denizcankizil.tr\/uk\/haberler\/antalya\/ipekin-hedefi-avrupa-sampiyonasi\/#breadcrumb\",\"itemListElement\":[{\"@type\":\"ListItem\",\"position\":1,\"name\":\"Home\",\"item\":\"https:\/\/denizcankizil.tr\/de\/\"},{\"@type\":\"ListItem\",\"position\":2,\"name\":\"\u0130pek&#8217;in hedefi Avrupa \u015eampiyonas\u0131\"}]},{\"@type\":\"WebSite\",\"@id\":\"https:\/\/denizcankizil.tr\/de\/#website\",\"url\":\"https:\/\/denizcankizil.tr\/de\/\",\"name\":\"Av. Deniz Can K\u0131z\u0131l\",\"description\":\"Avukat Deniz Can K\u0131z\u0131l Antalya Barosu\",\"publisher\":{\"@id\":\"https:\/\/denizcankizil.tr\/de\/#organization\"},\"potentialAction\":[{\"@type\":\"SearchAction\",\"target\":{\"@type\":\"EntryPoint\",\"urlTemplate\":\"https:\/\/denizcankizil.tr\/de\/?s={search_term_string}\"},\"query-input\":{\"@type\":\"PropertyValueSpecification\",\"valueRequired\":true,\"valueName\":\"search_term_string\"}}],\"inLanguage\":\"uk\"},{\"@type\":\"Organization\",\"@id\":\"https:\/\/denizcankizil.tr\/de\/#organization\",\"name\":\"Av. Deniz Can K\u0131z\u0131l\",\"url\":\"https:\/\/denizcankizil.tr\/de\/\",\"logo\":{\"@type\":\"ImageObject\",\"inLanguage\":\"uk\",\"@id\":\"https:\/\/denizcankizil.tr\/de\/#\/schema\/logo\/image\/\",\"url\":\"http:\/\/denizcankizil.tr\/wp-content\/uploads\/2024\/10\/siyah-logo-svg.svg\",\"contentUrl\":\"http:\/\/denizcankizil.tr\/wp-content\/uploads\/2024\/10\/siyah-logo-svg.svg\",\"width\":1080,\"height\":1080,\"caption\":\"Av. Deniz Can K\u0131z\u0131l\"},\"image\":{\"@id\":\"https:\/\/denizcankizil.tr\/de\/#\/schema\/logo\/image\/\"}},{\"@type\":\"Person\",\"@id\":\"https:\/\/denizcankizil.tr\/de\/#\/schema\/person\/5dc1b22991bd7ac833867c10afc9b0ff\",\"name\":\"Av. Deniz Can K\u0131z\u0131l\",\"image\":{\"@type\":\"ImageObject\",\"inLanguage\":\"uk\",\"@id\":\"https:\/\/denizcankizil.tr\/de\/#\/schema\/person\/image\/\",\"url\":\"https:\/\/secure.gravatar.com\/avatar\/a0b128fb9855c79efc976d5640eedb31dc35ec297594d6016d2cf7c60e975bb6?s=96&d=mm&r=g\",\"contentUrl\":\"https:\/\/secure.gravatar.com\/avatar\/a0b128fb9855c79efc976d5640eedb31dc35ec297594d6016d2cf7c60e975bb6?s=96&d=mm&r=g\",\"caption\":\"Av. Deniz Can K\u0131z\u0131l\"},\"sameAs\":[\"http:\/\/www.denizcankizil.tr\"],\"url\":\"http:\/\/denizcankizil.tr\/uk\/author\/denizcankizil\/\"}]}<\/script>\n<!-- \/ Yoast SEO Premium plugin. -->","yoast_head_json":{"title":"\u0130pek'in hedefi Avrupa \u015eampiyonas\u0131 - Av. Deniz Can K\u0131z\u0131l","robots":{"index":"index","follow":"follow","max-snippet":"max-snippet:-1","max-image-preview":"max-image-preview:large","max-video-preview":"max-video-preview:-1"},"canonical":"http:\/\/denizcankizil.tr\/uk\/haberler\/antalya\/ipekin-hedefi-avrupa-sampiyonasi\/","og_locale":"uk_UA","og_type":"article","og_title":"\u0130pek'in hedefi Avrupa \u015eampiyonas\u0131","og_description":"Elmal\u0131&#8217;da ya\u015fayan \u0130pek \u00d6zmen, 3&#8217;\u00fcnc\u00fc s\u0131n\u0131fta tekvando sporuna ba\u015flad\u0131. \u00d6zmen, ilk senesinde olmas\u0131na ra\u011fmen y\u0131ld\u0131zlar kategorisinde milli tak\u0131ma se\u00e7ildi. Avrupa\u2019n\u0131n en zorlu a\u00e7\u0131k tekvando turnuvas\u0131 olan T\u00fcrkiye Open&#8217;da 2&#8217;nci olan \u00d6zmen, s\u0131kletinin en iyileri aras\u0131nda kendisine yer buldu. Spora ba\u015flad\u0131\u011f\u0131 g\u00fcnden bu yana Antalya&#8217;da hen\u00fcz ma\u00e7 kaybetmeyen \u00d6zmen, ge\u00e7en sene Arnavutluk\u2019ta minikler kategorisinde Avrupa 5&#8217;incisi oldu. Bu sene Y\u0131ld\u0131zlar kategorisinde 29 kilogramda Avrupa\u2019n\u0131n en iyi 20 sporcusunun davet edildi\u011fi Estonya\u2019da d\u00fczenlenen Grand Prix turnuvas\u0131na kat\u0131lan tek T\u00fcrk sporcu olan \u00d6zmen, \u015fampiyon olup Avrupa \u015eampiyonas\u0131 finallerine direkt kat\u0131l\u0131m hakk\u0131 elde etti ve hanesine 80 puan yazd\u0131rd\u0131. \u0130pek \u00d6zmen&#8217;in antren\u00f6r\u00fc Berkcan S\u00fcng\u00fc, &#8220;3-6 Aral\u0131k&#8217;ta Bosna Hersek&#8217;te yap\u0131lacak Avrupa Tekvando \u015eampiyonas\u0131 finallerinde hedefimiz \u015fampiyonluk. Hedefimiz \u0130pek&#8217;i Avrupa ve d\u00fcnyan\u0131n zirvesinde g\u00f6rmek. Benim 2 Avrupa \u015fampiyonlu\u011fu, 2 d\u00fcnya \u00fc\u00e7\u00fcnc\u00fcl\u00fc\u011f\u00fcm var. \u0130pek&#8217;in beni ge\u00e7ece\u011finden hi\u00e7 \u015f\u00fcphem yok&#8221; diye konu\u015ftu. Kaynak: www.kanalv.com.tr Haber Sitesinden Al\u0131nm\u0131\u015ft\u0131r.","og_url":"http:\/\/denizcankizil.tr\/uk\/haberler\/antalya\/ipekin-hedefi-avrupa-sampiyonasi\/","og_site_name":"Av. Deniz Can K\u0131z\u0131l","article_published_time":"2025-04-24T08:41:14+00:00","author":"Av. Deniz Can K\u0131z\u0131l","twitter_card":"summary_large_image","twitter_misc":{"\u041d\u0430\u043f\u0438\u0441\u0430\u043d\u043e":"Av. Deniz Can K\u0131z\u0131l","\u041f\u0440\u0438\u0431\u043b. \u0447\u0430\u0441 \u0447\u0438\u0442\u0430\u043d\u043d\u044f":"1 \u0445\u0432\u0438\u043b\u0438\u043d\u0430"},"schema":{"@context":"https:\/\/schema.org","@graph":[{"@type":"Article","@id":"http:\/\/denizcankizil.tr\/uk\/haberler\/antalya\/ipekin-hedefi-avrupa-sampiyonasi\/#article","isPartOf":{"@id":"http:\/\/denizcankizil.tr\/uk\/haberler\/antalya\/ipekin-hedefi-avrupa-sampiyonasi\/"},"author":{"name":"Av. Deniz Can K\u0131z\u0131l","@id":"https:\/\/denizcankizil.tr\/de\/#\/schema\/person\/5dc1b22991bd7ac833867c10afc9b0ff"},"headline":"\u0130pek&#8217;in hedefi Avrupa \u015eampiyonas\u0131","datePublished":"2025-04-24T08:41:14+00:00","mainEntityOfPage":{"@id":"http:\/\/denizcankizil.tr\/uk\/haberler\/antalya\/ipekin-hedefi-avrupa-sampiyonasi\/"},"wordCount":201,"publisher":{"@id":"https:\/\/denizcankizil.tr\/de\/#organization"},"articleSection":["Antalya"],"inLanguage":"uk"},{"@type":"WebPage","@id":"http:\/\/denizcankizil.tr\/uk\/haberler\/antalya\/ipekin-hedefi-avrupa-sampiyonasi\/","url":"http:\/\/denizcankizil.tr\/uk\/haberler\/antalya\/ipekin-hedefi-avrupa-sampiyonasi\/","name":"\u0130pek'in hedefi Avrupa \u015eampiyonas\u0131 - Av. Deniz Can K\u0131z\u0131l","isPartOf":{"@id":"https:\/\/denizcankizil.tr\/de\/#website"},"datePublished":"2025-04-24T08:41:14+00:00","breadcrumb":{"@id":"http:\/\/denizcankizil.tr\/uk\/haberler\/antalya\/ipekin-hedefi-avrupa-sampiyonasi\/#breadcrumb"},"inLanguage":"uk","potentialAction":[{"@type":"ReadAction","target":["http:\/\/denizcankizil.tr\/uk\/haberler\/antalya\/ipekin-hedefi-avrupa-sampiyonasi\/"]}]},{"@type":"BreadcrumbList","@id":"http:\/\/denizcankizil.tr\/uk\/haberler\/antalya\/ipekin-hedefi-avrupa-sampiyonasi\/#breadcrumb","itemListElement":[{"@type":"ListItem","position":1,"name":"Home","item":"https:\/\/denizcankizil.tr\/de\/"},{"@type":"ListItem","position":2,"name":"\u0130pek&#8217;in hedefi Avrupa \u015eampiyonas\u0131"}]},{"@type":"WebSite","@id":"https:\/\/denizcankizil.tr\/de\/#website","url":"https:\/\/denizcankizil.tr\/de\/","name":"Av. Deniz Can K\u0131z\u0131l","description":"Avukat Deniz Can K\u0131z\u0131l Antalya Barosu","publisher":{"@id":"https:\/\/denizcankizil.tr\/de\/#organization"},"potentialAction":[{"@type":"SearchAction","target":{"@type":"EntryPoint","urlTemplate":"https:\/\/denizcankizil.tr\/de\/?s={search_term_string}"},"query-input":{"@type":"PropertyValueSpecification","valueRequired":true,"valueName":"search_term_string"}}],"inLanguage":"uk"},{"@type":"Organization","@id":"https:\/\/denizcankizil.tr\/de\/#organization","name":"Av. Deniz Can K\u0131z\u0131l","url":"https:\/\/denizcankizil.tr\/de\/","logo":{"@type":"ImageObject","inLanguage":"uk","@id":"https:\/\/denizcankizil.tr\/de\/#\/schema\/logo\/image\/","url":"http:\/\/denizcankizil.tr\/wp-content\/uploads\/2024\/10\/siyah-logo-svg.svg","contentUrl":"http:\/\/denizcankizil.tr\/wp-content\/uploads\/2024\/10\/siyah-logo-svg.svg","width":1080,"height":1080,"caption":"Av. Deniz Can K\u0131z\u0131l"},"image":{"@id":"https:\/\/denizcankizil.tr\/de\/#\/schema\/logo\/image\/"}},{"@type":"Person","@id":"https:\/\/denizcankizil.tr\/de\/#\/schema\/person\/5dc1b22991bd7ac833867c10afc9b0ff","name":"Av. Deniz Can K\u0131z\u0131l","image":{"@type":"ImageObject","inLanguage":"uk","@id":"https:\/\/denizcankizil.tr\/de\/#\/schema\/person\/image\/","url":"https:\/\/secure.gravatar.com\/avatar\/a0b128fb9855c79efc976d5640eedb31dc35ec297594d6016d2cf7c60e975bb6?s=96&d=mm&r=g","contentUrl":"https:\/\/secure.gravatar.com\/avatar\/a0b128fb9855c79efc976d5640eedb31dc35ec297594d6016d2cf7c60e975bb6?s=96&d=mm&r=g","caption":"Av. Deniz Can K\u0131z\u0131l"},"sameAs":["http:\/\/www.denizcankizil.tr"],"url":"http:\/\/denizcankizil.tr\/uk\/author\/denizcankizil\/"}]}},"_links":{"self":[{"href":"http:\/\/denizcankizil.tr\/uk\/wp-json\/wp\/v2\/posts\/64863","targetHints":{"allow":["GET"]}}],"collection":[{"href":"http:\/\/denizcankizil.tr\/uk\/wp-json\/wp\/v2\/posts"}],"about":[{"href":"http:\/\/denizcankizil.tr\/uk\/wp-json\/wp\/v2\/types\/post"}],"author":[{"embeddable":true,"href":"http:\/\/denizcankizil.tr\/uk\/wp-json\/wp\/v2\/users\/4"}],"replies":[{"embeddable":true,"href":"http:\/\/denizcankizil.tr\/uk\/wp-json\/wp\/v2\/comments?post=64863"}],"version-history":[{"count":0,"href":"http:\/\/denizcankizil.tr\/uk\/wp-json\/wp\/v2\/posts\/64863\/revisions"}],"wp:attachment":[{"href":"http:\/\/denizcankizil.tr\/uk\/wp-json\/wp\/v2\/media?parent=64863"}],"wp:term":[{"taxonomy":"category","embeddable":true,"href":"http:\/\/denizcankizil.tr\/uk\/wp-json\/wp\/v2\/categories?post=64863"},{"taxonomy":"post_tag","embeddable":true,"href":"http:\/\/denizcankizil.tr\/uk\/wp-json\/wp\/v2\/tags?post=64863"}],"curies":[{"name":"wp","href":"https:\/\/api.w.org\/{rel}","templated":true}]}}