{"id":62761,"date":"2025-04-22T10:43:14","date_gmt":"2025-04-22T07:43:14","guid":{"rendered":"https:\/\/denizcankizil.tr\/uncategorized-tr\/zehir-tacirlerine-gecit-yok\/"},"modified":"2025-04-22T10:43:14","modified_gmt":"2025-04-22T07:43:14","slug":"zehir-tacirlerine-gecit-yok","status":"publish","type":"post","link":"http:\/\/denizcankizil.tr\/uk\/haberler\/gundem\/zehir-tacirlerine-gecit-yok\/","title":{"rendered":"Zehir tacirlerine ge\u00e7it yok!"},"content":{"rendered":"<p>\u0130stanbul&#8217;un Arnavutk\u00f6y il\u00e7esinde d\u00fczenlenen zehir tacirlerine y\u00f6nelik d\u00fczenlenen operasyonda 801,5 kilogram metamfetamin ele ge\u00e7irilirken, 2 \u015f\u00fcpheli yakaland\u0131.ANKARA (\u0130GFA) &#8211; \u0130\u00e7i\u015fleri Bakanl\u0131\u011f\u0131&#8217;n\u0131n zehir tacirlerine kar\u015f\u0131 s\u00fcrd\u00fcrd\u00fc\u011f\u00fc ba\u015far\u0131l\u0131 operasyonlardan biri \u0130stanbul&#8217;da ger\u00e7ekle\u015ftirildi.<br \/>\n\u201c801,5 kg Metamfetamin Ele Ge\u00e7irdik\u201d diyerek son operasyonun ayr\u0131nt\u0131lar\u0131n\u0131 \u0130\u00e7i\u015fleri Bakan\u0131 Ali Yerlikaya, sosyal medya hesab\u0131ndan duyurdu.<br \/>\nBakan Yerlikaya, \u0130stanbul&#8217;un Arnavutk\u00f6y il\u00e7esinde d\u00fczenledi\u011fimiz operasyonda; 29 par\u00e7a halinde 773 kg s\u0131v\u0131 metamfetamin ile Kristal halde 28,5 kg metamfetamin uyu\u015fturucu maddesi ele ge\u00e7irildi\u011fini, 2 \u015f\u00fcpheli zehir tacirinin yakaland\u0131\u011f\u0131n\u0131 a\u00e7\u0131klad\u0131.<\/p>\n<p><blockquote class=\"twitter-tweet\" data-width=\"550\" data-dnt=\"true\"><p lang=\"tr\" dir=\"ltr\">\u201c801,5 kg Metamfetamin Ele Ge\u00e7irdik\u201d<br><br>\u0130stanbul&#39;un Arnavutk\u00f6y il\u00e7esinde d\u00fczenledi\u011fimiz operasyonda; <br>\ud83d\udd3b29 par\u00e7a halinde 773 kg s\u0131v\u0131 metamfetamin ile<br>\ud83d\udd3bKristal halde 28,5 kg metamfetamin uyu\u015fturucu maddesi ele ge\u00e7irdik.<br><br>\u27a1\ufe0f 2 \u015f\u00fcpheli Zehir Taciri yakaland\u0131.<br><br>Gaziosmanpa\u015fa\u2026 <a href=\"https:\/\/t.co\/cvTG6SmGWg\">pic.twitter.com\/cvTG6SmGWg<\/a><\/p>&mdash; Ali Yerlikaya (@AliYerlikaya) <a href=\"https:\/\/twitter.com\/AliYerlikaya\/status\/1914539997291569163?ref_src=twsrc%5Etfw\">April 22, 2025<\/a><\/blockquote><script async src=\"https:\/\/platform.twitter.com\/widgets.js\" charset=\"utf-8\"><\/script><\/p>\n<p>Bakan Yerlikaya, Gaziosmanpa\u015fa Cumhuriyet Ba\u015fsavc\u0131l\u0131\u011f\u0131 ile Emniyet Genel M\u00fcd\u00fcrl\u00fc\u011f\u00fc Narkotik Su\u00e7larla M\u00fccadele Ba\u015fkanl\u0131\u011f\u0131 koordinesinde; \u0130stanbul \u0130l Emniyet M\u00fcd\u00fcrl\u00fc\u011f\u00fc Narkotik Su\u00e7larla M\u00fccadele \u015eube M\u00fcd\u00fcrl\u00fc\u011f\u00fcnce yap\u0131lan \u00e7al\u0131\u015fmalar sonucu Arnavutk\u00f6y&#8217;de d\u00fczenlenen operasyonu koordine eden Gaziosmanpa\u015fa Cumhuriyet Ba\u015fsavc\u0131l\u0131\u011f\u0131 ile operasyonu ger\u00e7ekle\u015ftiren \u0130stanbul \u0130l Emniyet M\u00fcd\u00fcrl\u00fc\u011f\u00fc ve kahraman polisleri tebrik etti.\u00a0<br \/>\nUyu\u015fturucunun insanl\u0131\u011f\u0131n en b\u00fcy\u00fck d\u00fc\u015fman\u0131 oldu\u011funu belirten Bakan Yerlikaya, &#8220;Buna c\u00fcret eden zehir tacirleriyle \u00fclkemiz ve insanl\u0131k ad\u0131na m\u00fccadele etmeye devam edece\u011fiz&#8221; mesaj\u0131n\u0131 yineledi.<\/p>\n<p>\u200b\u0130stanbul&#8217;un Arnavutk\u00f6y il\u00e7esinde d\u00fczenlenen zehir tacirlerine y\u00f6nelik d\u00fczenlenen operasyonda 801,5 kilogram metamfetamin ele ge\u00e7irilirken, 2 \u015f\u00fcpheli yakaland\u0131.ANKARA (\u0130GFA) &#8211; \u0130\u00e7i\u015fleri Bakanl\u0131\u011f\u0131&#8217;n\u0131n zehir tacirlerine kar\u015f\u0131 s\u00fcrd\u00fcrd\u00fc\u011f\u00fc ba\u015far\u0131l\u0131 operasyonlardan biri \u0130stanbul&#8217;da ger\u00e7ekle\u015ftirildi.<br \/>\n\u201c801,5 kg Metamfetamin Ele Ge\u00e7irdik\u201d diyerek son operasyonun ayr\u0131nt\u0131lar\u0131n\u0131 \u0130\u00e7i\u015fleri Bakan\u0131 Ali Yerlikaya, sosyal medya hesab\u0131ndan duyurdu.<br \/>\nBakan Yerlikaya, \u0130stanbul&#8217;un Arnavutk\u00f6y il\u00e7esinde d\u00fczenledi\u011fimiz operasyonda; 29 par\u00e7a halinde 773 kg s\u0131v\u0131 metamfetamin ile Kristal halde 28,5 kg metamfetamin uyu\u015fturucu maddesi ele ge\u00e7irildi\u011fini, 2 \u015f\u00fcpheli zehir tacirinin yakaland\u0131\u011f\u0131n\u0131 a\u00e7\u0131klad\u0131.<\/p>\n<p><blockquote class=\"twitter-tweet\" data-width=\"550\" data-dnt=\"true\"><p lang=\"tr\" dir=\"ltr\">\u201c801,5 kg Metamfetamin Ele Ge\u00e7irdik\u201d<br><br>\u0130stanbul&#39;un Arnavutk\u00f6y il\u00e7esinde d\u00fczenledi\u011fimiz operasyonda; <br>\ud83d\udd3b29 par\u00e7a halinde 773 kg s\u0131v\u0131 metamfetamin ile<br>\ud83d\udd3bKristal halde 28,5 kg metamfetamin uyu\u015fturucu maddesi ele ge\u00e7irdik.<br><br>\u27a1\ufe0f 2 \u015f\u00fcpheli Zehir Taciri yakaland\u0131.<br><br>Gaziosmanpa\u015fa\u2026 <a href=\"https:\/\/t.co\/cvTG6SmGWg\">pic.twitter.com\/cvTG6SmGWg<\/a><\/p>&mdash; Ali Yerlikaya (@AliYerlikaya) <a href=\"https:\/\/twitter.com\/AliYerlikaya\/status\/1914539997291569163?ref_src=twsrc%5Etfw\">April 22, 2025<\/a><\/blockquote><script async src=\"https:\/\/platform.twitter.com\/widgets.js\" charset=\"utf-8\"><\/script><\/p>\n<p>Bakan Yerlikaya, Gaziosmanpa\u015fa Cumhuriyet Ba\u015fsavc\u0131l\u0131\u011f\u0131 ile Emniyet Genel M\u00fcd\u00fcrl\u00fc\u011f\u00fc Narkotik Su\u00e7larla M\u00fccadele Ba\u015fkanl\u0131\u011f\u0131 koordinesinde; \u0130stanbul \u0130l Emniyet M\u00fcd\u00fcrl\u00fc\u011f\u00fc Narkotik Su\u00e7larla M\u00fccadele \u015eube M\u00fcd\u00fcrl\u00fc\u011f\u00fcnce yap\u0131lan \u00e7al\u0131\u015fmalar sonucu Arnavutk\u00f6y&#8217;de d\u00fczenlenen operasyonu koordine eden Gaziosmanpa\u015fa Cumhuriyet Ba\u015fsavc\u0131l\u0131\u011f\u0131 ile operasyonu ger\u00e7ekle\u015ftiren \u0130stanbul \u0130l Emniyet M\u00fcd\u00fcrl\u00fc\u011f\u00fc ve kahraman polisleri tebrik etti.\u00a0<br \/>\nUyu\u015fturucunun insanl\u0131\u011f\u0131n en b\u00fcy\u00fck d\u00fc\u015fman\u0131 oldu\u011funu belirten Bakan Yerlikaya, &#8220;Buna c\u00fcret eden zehir tacirleriyle \u00fclkemiz ve insanl\u0131k ad\u0131na m\u00fccadele etmeye devam edece\u011fiz&#8221; mesaj\u0131n\u0131 yineledi.\u00a0<\/p>\n<p>\u200bHaberin Al\u0131nt\u0131land\u0131\u011f\u0131 Kaynak: www.iskenderun.org<\/p>","protected":false},"excerpt":{"rendered":"<p>\u0130stanbul&#8217;un Arnavutk\u00f6y il\u00e7esinde d\u00fczenlenen zehir tacirlerine y\u00f6nelik d\u00fczenlenen operasyonda 801,5 kilogram metamfetamin ele ge\u00e7irilirken, 2 \u015f\u00fcpheli yakaland\u0131.ANKARA (\u0130GFA) &#8211; \u0130\u00e7i\u015fleri Bakanl\u0131\u011f\u0131&#8217;n\u0131n zehir tacirlerine kar\u015f\u0131 s\u00fcrd\u00fcrd\u00fc\u011f\u00fc ba\u015far\u0131l\u0131 operasyonlardan biri \u0130stanbul&#8217;da ger\u00e7ekle\u015ftirildi. \u201c801,5 kg Metamfetamin Ele Ge\u00e7irdik\u201d diyerek son operasyonun ayr\u0131nt\u0131lar\u0131n\u0131 \u0130\u00e7i\u015fleri Bakan\u0131 Ali Yerlikaya, sosyal medya hesab\u0131ndan duyurdu. Bakan Yerlikaya, \u0130stanbul&#8217;un Arnavutk\u00f6y il\u00e7esinde d\u00fczenledi\u011fimiz operasyonda; 29 par\u00e7a halinde 773 kg s\u0131v\u0131 metamfetamin ile Kristal halde 28,5 kg metamfetamin uyu\u015fturucu maddesi ele ge\u00e7irildi\u011fini, 2 \u015f\u00fcpheli zehir tacirinin yakaland\u0131\u011f\u0131n\u0131 a\u00e7\u0131klad\u0131. \u201c801,5 kg Metamfetamin Ele Ge\u00e7irdik\u201d \u0130stanbul&#39;un Arnavutk\u00f6y il\u00e7esinde d\u00fczenledi\u011fimiz operasyonda; \ud83d\udd3b29 par\u00e7a halinde 773 kg s\u0131v\u0131 metamfetamin ile\ud83d\udd3bKristal halde 28,5 kg metamfetamin uyu\u015fturucu maddesi ele ge\u00e7irdik. \u27a1\ufe0f 2 \u015f\u00fcpheli Zehir Taciri yakaland\u0131. Gaziosmanpa\u015fa\u2026 pic.twitter.com\/cvTG6SmGWg &mdash; Ali Yerlikaya (@AliYerlikaya) April 22, 2025 Bakan Yerlikaya, Gaziosmanpa\u015fa Cumhuriyet Ba\u015fsavc\u0131l\u0131\u011f\u0131 ile Emniyet Genel M\u00fcd\u00fcrl\u00fc\u011f\u00fc Narkotik Su\u00e7larla M\u00fccadele Ba\u015fkanl\u0131\u011f\u0131 koordinesinde; \u0130stanbul \u0130l Emniyet M\u00fcd\u00fcrl\u00fc\u011f\u00fc Narkotik Su\u00e7larla M\u00fccadele \u015eube M\u00fcd\u00fcrl\u00fc\u011f\u00fcnce yap\u0131lan \u00e7al\u0131\u015fmalar sonucu Arnavutk\u00f6y&#8217;de d\u00fczenlenen operasyonu koordine eden Gaziosmanpa\u015fa Cumhuriyet Ba\u015fsavc\u0131l\u0131\u011f\u0131 ile operasyonu ger\u00e7ekle\u015ftiren \u0130stanbul \u0130l Emniyet M\u00fcd\u00fcrl\u00fc\u011f\u00fc ve kahraman polisleri tebrik etti.\u00a0 Uyu\u015fturucunun insanl\u0131\u011f\u0131n en b\u00fcy\u00fck d\u00fc\u015fman\u0131 oldu\u011funu belirten Bakan Yerlikaya, &#8220;Buna c\u00fcret eden zehir tacirleriyle \u00fclkemiz ve insanl\u0131k ad\u0131na m\u00fccadele etmeye devam edece\u011fiz&#8221; mesaj\u0131n\u0131 yineledi. \u200b\u0130stanbul&#8217;un Arnavutk\u00f6y il\u00e7esinde d\u00fczenlenen zehir tacirlerine y\u00f6nelik d\u00fczenlenen operasyonda 801,5 kilogram metamfetamin &hellip;<\/p>","protected":false},"author":1,"featured_media":0,"comment_status":"","ping_status":"open","sticky":false,"template":"","format":"standard","meta":{"_acf_changed":false,"footnotes":""},"categories":[24],"tags":[],"class_list":["post-62761","post","type-post","status-publish","format-standard","has-post-thumbnail","hentry","category-gundem"],"acf":[],"yoast_head":"<!-- This site is optimized with the Yoast SEO Premium plugin v26.6 (Yoast SEO v27.1.1) - https:\/\/yoast.com\/product\/yoast-seo-premium-wordpress\/ -->\n<title>Zehir tacirlerine ge\u00e7it yok! - Av. Deniz Can K\u0131z\u0131l<\/title>\n<meta name=\"robots\" content=\"index, follow, max-snippet:-1, max-image-preview:large, max-video-preview:-1\" \/>\n<link rel=\"canonical\" href=\"http:\/\/denizcankizil.tr\/uk\/haberler\/gundem\/zehir-tacirlerine-gecit-yok\/\" \/>\n<meta property=\"og:locale\" content=\"uk_UA\" \/>\n<meta property=\"og:type\" content=\"article\" \/>\n<meta property=\"og:title\" content=\"Zehir tacirlerine ge\u00e7it yok!\" \/>\n<meta property=\"og:description\" content=\"\u0130stanbul&#8217;un Arnavutk\u00f6y il\u00e7esinde d\u00fczenlenen zehir tacirlerine y\u00f6nelik d\u00fczenlenen operasyonda 801,5 kilogram metamfetamin ele ge\u00e7irilirken, 2 \u015f\u00fcpheli yakaland\u0131.ANKARA (\u0130GFA) &#8211; \u0130\u00e7i\u015fleri Bakanl\u0131\u011f\u0131&#8217;n\u0131n zehir tacirlerine kar\u015f\u0131 s\u00fcrd\u00fcrd\u00fc\u011f\u00fc ba\u015far\u0131l\u0131 operasyonlardan biri \u0130stanbul&#8217;da ger\u00e7ekle\u015ftirildi. \u201c801,5 kg Metamfetamin Ele Ge\u00e7irdik\u201d diyerek son operasyonun ayr\u0131nt\u0131lar\u0131n\u0131 \u0130\u00e7i\u015fleri Bakan\u0131 Ali Yerlikaya, sosyal medya hesab\u0131ndan duyurdu. Bakan Yerlikaya, \u0130stanbul&#8217;un Arnavutk\u00f6y il\u00e7esinde d\u00fczenledi\u011fimiz operasyonda; 29 par\u00e7a halinde 773 kg s\u0131v\u0131 metamfetamin ile Kristal halde 28,5 kg metamfetamin uyu\u015fturucu maddesi ele ge\u00e7irildi\u011fini, 2 \u015f\u00fcpheli zehir tacirinin yakaland\u0131\u011f\u0131n\u0131 a\u00e7\u0131klad\u0131. \u201c801,5 kg Metamfetamin Ele Ge\u00e7irdik\u201d \u0130stanbul&#039;un Arnavutk\u00f6y il\u00e7esinde d\u00fczenledi\u011fimiz operasyonda; \ud83d\udd3b29 par\u00e7a halinde 773 kg s\u0131v\u0131 metamfetamin ile\ud83d\udd3bKristal halde 28,5 kg metamfetamin uyu\u015fturucu maddesi ele ge\u00e7irdik. \u27a1\ufe0f 2 \u015f\u00fcpheli Zehir Taciri yakaland\u0131. Gaziosmanpa\u015fa\u2026 pic.twitter.com\/cvTG6SmGWg &mdash; Ali Yerlikaya (@AliYerlikaya) April 22, 2025 Bakan Yerlikaya, Gaziosmanpa\u015fa Cumhuriyet Ba\u015fsavc\u0131l\u0131\u011f\u0131 ile Emniyet Genel M\u00fcd\u00fcrl\u00fc\u011f\u00fc Narkotik Su\u00e7larla M\u00fccadele Ba\u015fkanl\u0131\u011f\u0131 koordinesinde; \u0130stanbul \u0130l Emniyet M\u00fcd\u00fcrl\u00fc\u011f\u00fc Narkotik Su\u00e7larla M\u00fccadele \u015eube M\u00fcd\u00fcrl\u00fc\u011f\u00fcnce yap\u0131lan \u00e7al\u0131\u015fmalar sonucu Arnavutk\u00f6y&#8217;de d\u00fczenlenen operasyonu koordine eden Gaziosmanpa\u015fa Cumhuriyet Ba\u015fsavc\u0131l\u0131\u011f\u0131 ile operasyonu ger\u00e7ekle\u015ftiren \u0130stanbul \u0130l Emniyet M\u00fcd\u00fcrl\u00fc\u011f\u00fc ve kahraman polisleri tebrik etti.\u00a0 Uyu\u015fturucunun insanl\u0131\u011f\u0131n en b\u00fcy\u00fck d\u00fc\u015fman\u0131 oldu\u011funu belirten Bakan Yerlikaya, &#8220;Buna c\u00fcret eden zehir tacirleriyle \u00fclkemiz ve insanl\u0131k ad\u0131na m\u00fccadele etmeye devam edece\u011fiz&#8221; mesaj\u0131n\u0131 yineledi. \u200b\u0130stanbul&#8217;un Arnavutk\u00f6y il\u00e7esinde d\u00fczenlenen zehir tacirlerine y\u00f6nelik d\u00fczenlenen operasyonda 801,5 kilogram metamfetamin &hellip;\" \/>\n<meta property=\"og:url\" content=\"http:\/\/denizcankizil.tr\/uk\/haberler\/gundem\/zehir-tacirlerine-gecit-yok\/\" \/>\n<meta property=\"og:site_name\" content=\"Av. Deniz Can K\u0131z\u0131l\" \/>\n<meta property=\"article:published_time\" content=\"2025-04-22T07:43:14+00:00\" \/>\n<meta name=\"author\" content=\"admin\" \/>\n<meta name=\"twitter:card\" content=\"summary_large_image\" \/>\n<meta name=\"twitter:label1\" content=\"\u041d\u0430\u043f\u0438\u0441\u0430\u043d\u043e\" \/>\n\t<meta name=\"twitter:data1\" content=\"admin\" \/>\n\t<meta name=\"twitter:label2\" content=\"\u041f\u0440\u0438\u0431\u043b. \u0447\u0430\u0441 \u0447\u0438\u0442\u0430\u043d\u043d\u044f\" \/>\n\t<meta name=\"twitter:data2\" content=\"2 \u0445\u0432\u0438\u043b\u0438\u043d\u0438\" \/>\n<script type=\"application\/ld+json\" class=\"yoast-schema-graph\">{\"@context\":\"https:\/\/schema.org\",\"@graph\":[{\"@type\":\"Article\",\"@id\":\"http:\/\/denizcankizil.tr\/uk\/haberler\/gundem\/zehir-tacirlerine-gecit-yok\/#article\",\"isPartOf\":{\"@id\":\"http:\/\/denizcankizil.tr\/uk\/haberler\/gundem\/zehir-tacirlerine-gecit-yok\/\"},\"author\":{\"name\":\"admin\",\"@id\":\"https:\/\/denizcankizil.tr\/de\/#\/schema\/person\/be3c05fe6a12686905512445d8185489\"},\"headline\":\"Zehir tacirlerine ge\u00e7it yok!\",\"datePublished\":\"2025-04-22T07:43:14+00:00\",\"mainEntityOfPage\":{\"@id\":\"http:\/\/denizcankizil.tr\/uk\/haberler\/gundem\/zehir-tacirlerine-gecit-yok\/\"},\"wordCount\":453,\"publisher\":{\"@id\":\"https:\/\/denizcankizil.tr\/de\/#organization\"},\"articleSection\":[\"G\u00fcndem\"],\"inLanguage\":\"uk\"},{\"@type\":\"WebPage\",\"@id\":\"http:\/\/denizcankizil.tr\/uk\/haberler\/gundem\/zehir-tacirlerine-gecit-yok\/\",\"url\":\"http:\/\/denizcankizil.tr\/uk\/haberler\/gundem\/zehir-tacirlerine-gecit-yok\/\",\"name\":\"Zehir tacirlerine ge\u00e7it yok! - Av. Deniz Can K\u0131z\u0131l\",\"isPartOf\":{\"@id\":\"https:\/\/denizcankizil.tr\/de\/#website\"},\"datePublished\":\"2025-04-22T07:43:14+00:00\",\"breadcrumb\":{\"@id\":\"http:\/\/denizcankizil.tr\/uk\/haberler\/gundem\/zehir-tacirlerine-gecit-yok\/#breadcrumb\"},\"inLanguage\":\"uk\",\"potentialAction\":[{\"@type\":\"ReadAction\",\"target\":[\"http:\/\/denizcankizil.tr\/uk\/haberler\/gundem\/zehir-tacirlerine-gecit-yok\/\"]}]},{\"@type\":\"BreadcrumbList\",\"@id\":\"http:\/\/denizcankizil.tr\/uk\/haberler\/gundem\/zehir-tacirlerine-gecit-yok\/#breadcrumb\",\"itemListElement\":[{\"@type\":\"ListItem\",\"position\":1,\"name\":\"Home\",\"item\":\"https:\/\/denizcankizil.tr\/de\/\"},{\"@type\":\"ListItem\",\"position\":2,\"name\":\"Zehir tacirlerine ge\u00e7it yok!\"}]},{\"@type\":\"WebSite\",\"@id\":\"https:\/\/denizcankizil.tr\/de\/#website\",\"url\":\"https:\/\/denizcankizil.tr\/de\/\",\"name\":\"Av. Deniz Can K\u0131z\u0131l\",\"description\":\"Avukat Deniz Can K\u0131z\u0131l Antalya Barosu\",\"publisher\":{\"@id\":\"https:\/\/denizcankizil.tr\/de\/#organization\"},\"potentialAction\":[{\"@type\":\"SearchAction\",\"target\":{\"@type\":\"EntryPoint\",\"urlTemplate\":\"https:\/\/denizcankizil.tr\/de\/?s={search_term_string}\"},\"query-input\":{\"@type\":\"PropertyValueSpecification\",\"valueRequired\":true,\"valueName\":\"search_term_string\"}}],\"inLanguage\":\"uk\"},{\"@type\":\"Organization\",\"@id\":\"https:\/\/denizcankizil.tr\/de\/#organization\",\"name\":\"Av. Deniz Can K\u0131z\u0131l\",\"url\":\"https:\/\/denizcankizil.tr\/de\/\",\"logo\":{\"@type\":\"ImageObject\",\"inLanguage\":\"uk\",\"@id\":\"https:\/\/denizcankizil.tr\/de\/#\/schema\/logo\/image\/\",\"url\":\"http:\/\/denizcankizil.tr\/wp-content\/uploads\/2024\/10\/siyah-logo-svg.svg\",\"contentUrl\":\"http:\/\/denizcankizil.tr\/wp-content\/uploads\/2024\/10\/siyah-logo-svg.svg\",\"width\":1080,\"height\":1080,\"caption\":\"Av. Deniz Can K\u0131z\u0131l\"},\"image\":{\"@id\":\"https:\/\/denizcankizil.tr\/de\/#\/schema\/logo\/image\/\"}},{\"@type\":\"Person\",\"@id\":\"https:\/\/denizcankizil.tr\/de\/#\/schema\/person\/be3c05fe6a12686905512445d8185489\",\"name\":\"admin\",\"image\":{\"@type\":\"ImageObject\",\"inLanguage\":\"uk\",\"@id\":\"https:\/\/denizcankizil.tr\/de\/#\/schema\/person\/image\/\",\"url\":\"https:\/\/secure.gravatar.com\/avatar\/c1fce94c830dc79107e174f890d7210541c4a63e8e5d816341794a2151c9d58c?s=96&d=mm&r=g\",\"contentUrl\":\"https:\/\/secure.gravatar.com\/avatar\/c1fce94c830dc79107e174f890d7210541c4a63e8e5d816341794a2151c9d58c?s=96&d=mm&r=g\",\"caption\":\"admin\"},\"sameAs\":[\"http:\/\/denizcankizil.tr\"],\"url\":\"https:\/\/www.iskenderun.org\/zehir-tacirlerine-gecit-yok-1\"}]}<\/script>\n<!-- \/ Yoast SEO Premium plugin. -->","yoast_head_json":{"title":"Zehir tacirlerine ge\u00e7it yok! - Av. Deniz Can K\u0131z\u0131l","robots":{"index":"index","follow":"follow","max-snippet":"max-snippet:-1","max-image-preview":"max-image-preview:large","max-video-preview":"max-video-preview:-1"},"canonical":"http:\/\/denizcankizil.tr\/uk\/haberler\/gundem\/zehir-tacirlerine-gecit-yok\/","og_locale":"uk_UA","og_type":"article","og_title":"Zehir tacirlerine ge\u00e7it yok!","og_description":"\u0130stanbul&#8217;un Arnavutk\u00f6y il\u00e7esinde d\u00fczenlenen zehir tacirlerine y\u00f6nelik d\u00fczenlenen operasyonda 801,5 kilogram metamfetamin ele ge\u00e7irilirken, 2 \u015f\u00fcpheli yakaland\u0131.ANKARA (\u0130GFA) &#8211; \u0130\u00e7i\u015fleri Bakanl\u0131\u011f\u0131&#8217;n\u0131n zehir tacirlerine kar\u015f\u0131 s\u00fcrd\u00fcrd\u00fc\u011f\u00fc ba\u015far\u0131l\u0131 operasyonlardan biri \u0130stanbul&#8217;da ger\u00e7ekle\u015ftirildi. \u201c801,5 kg Metamfetamin Ele Ge\u00e7irdik\u201d diyerek son operasyonun ayr\u0131nt\u0131lar\u0131n\u0131 \u0130\u00e7i\u015fleri Bakan\u0131 Ali Yerlikaya, sosyal medya hesab\u0131ndan duyurdu. Bakan Yerlikaya, \u0130stanbul&#8217;un Arnavutk\u00f6y il\u00e7esinde d\u00fczenledi\u011fimiz operasyonda; 29 par\u00e7a halinde 773 kg s\u0131v\u0131 metamfetamin ile Kristal halde 28,5 kg metamfetamin uyu\u015fturucu maddesi ele ge\u00e7irildi\u011fini, 2 \u015f\u00fcpheli zehir tacirinin yakaland\u0131\u011f\u0131n\u0131 a\u00e7\u0131klad\u0131. \u201c801,5 kg Metamfetamin Ele Ge\u00e7irdik\u201d \u0130stanbul&#39;un Arnavutk\u00f6y il\u00e7esinde d\u00fczenledi\u011fimiz operasyonda; \ud83d\udd3b29 par\u00e7a halinde 773 kg s\u0131v\u0131 metamfetamin ile\ud83d\udd3bKristal halde 28,5 kg metamfetamin uyu\u015fturucu maddesi ele ge\u00e7irdik. \u27a1\ufe0f 2 \u015f\u00fcpheli Zehir Taciri yakaland\u0131. Gaziosmanpa\u015fa\u2026 pic.twitter.com\/cvTG6SmGWg &mdash; Ali Yerlikaya (@AliYerlikaya) April 22, 2025 Bakan Yerlikaya, Gaziosmanpa\u015fa Cumhuriyet Ba\u015fsavc\u0131l\u0131\u011f\u0131 ile Emniyet Genel M\u00fcd\u00fcrl\u00fc\u011f\u00fc Narkotik Su\u00e7larla M\u00fccadele Ba\u015fkanl\u0131\u011f\u0131 koordinesinde; \u0130stanbul \u0130l Emniyet M\u00fcd\u00fcrl\u00fc\u011f\u00fc Narkotik Su\u00e7larla M\u00fccadele \u015eube M\u00fcd\u00fcrl\u00fc\u011f\u00fcnce yap\u0131lan \u00e7al\u0131\u015fmalar sonucu Arnavutk\u00f6y&#8217;de d\u00fczenlenen operasyonu koordine eden Gaziosmanpa\u015fa Cumhuriyet Ba\u015fsavc\u0131l\u0131\u011f\u0131 ile operasyonu ger\u00e7ekle\u015ftiren \u0130stanbul \u0130l Emniyet M\u00fcd\u00fcrl\u00fc\u011f\u00fc ve kahraman polisleri tebrik etti.\u00a0 Uyu\u015fturucunun insanl\u0131\u011f\u0131n en b\u00fcy\u00fck d\u00fc\u015fman\u0131 oldu\u011funu belirten Bakan Yerlikaya, &#8220;Buna c\u00fcret eden zehir tacirleriyle \u00fclkemiz ve insanl\u0131k ad\u0131na m\u00fccadele etmeye devam edece\u011fiz&#8221; mesaj\u0131n\u0131 yineledi. \u200b\u0130stanbul&#8217;un Arnavutk\u00f6y il\u00e7esinde d\u00fczenlenen zehir tacirlerine y\u00f6nelik d\u00fczenlenen operasyonda 801,5 kilogram metamfetamin &hellip;","og_url":"http:\/\/denizcankizil.tr\/uk\/haberler\/gundem\/zehir-tacirlerine-gecit-yok\/","og_site_name":"Av. Deniz Can K\u0131z\u0131l","article_published_time":"2025-04-22T07:43:14+00:00","author":"admin","twitter_card":"summary_large_image","twitter_misc":{"\u041d\u0430\u043f\u0438\u0441\u0430\u043d\u043e":"admin","\u041f\u0440\u0438\u0431\u043b. \u0447\u0430\u0441 \u0447\u0438\u0442\u0430\u043d\u043d\u044f":"2 \u0445\u0432\u0438\u043b\u0438\u043d\u0438"},"schema":{"@context":"https:\/\/schema.org","@graph":[{"@type":"Article","@id":"http:\/\/denizcankizil.tr\/uk\/haberler\/gundem\/zehir-tacirlerine-gecit-yok\/#article","isPartOf":{"@id":"http:\/\/denizcankizil.tr\/uk\/haberler\/gundem\/zehir-tacirlerine-gecit-yok\/"},"author":{"name":"admin","@id":"https:\/\/denizcankizil.tr\/de\/#\/schema\/person\/be3c05fe6a12686905512445d8185489"},"headline":"Zehir tacirlerine ge\u00e7it yok!","datePublished":"2025-04-22T07:43:14+00:00","mainEntityOfPage":{"@id":"http:\/\/denizcankizil.tr\/uk\/haberler\/gundem\/zehir-tacirlerine-gecit-yok\/"},"wordCount":453,"publisher":{"@id":"https:\/\/denizcankizil.tr\/de\/#organization"},"articleSection":["G\u00fcndem"],"inLanguage":"uk"},{"@type":"WebPage","@id":"http:\/\/denizcankizil.tr\/uk\/haberler\/gundem\/zehir-tacirlerine-gecit-yok\/","url":"http:\/\/denizcankizil.tr\/uk\/haberler\/gundem\/zehir-tacirlerine-gecit-yok\/","name":"Zehir tacirlerine ge\u00e7it yok! - Av. Deniz Can K\u0131z\u0131l","isPartOf":{"@id":"https:\/\/denizcankizil.tr\/de\/#website"},"datePublished":"2025-04-22T07:43:14+00:00","breadcrumb":{"@id":"http:\/\/denizcankizil.tr\/uk\/haberler\/gundem\/zehir-tacirlerine-gecit-yok\/#breadcrumb"},"inLanguage":"uk","potentialAction":[{"@type":"ReadAction","target":["http:\/\/denizcankizil.tr\/uk\/haberler\/gundem\/zehir-tacirlerine-gecit-yok\/"]}]},{"@type":"BreadcrumbList","@id":"http:\/\/denizcankizil.tr\/uk\/haberler\/gundem\/zehir-tacirlerine-gecit-yok\/#breadcrumb","itemListElement":[{"@type":"ListItem","position":1,"name":"Home","item":"https:\/\/denizcankizil.tr\/de\/"},{"@type":"ListItem","position":2,"name":"Zehir tacirlerine ge\u00e7it yok!"}]},{"@type":"WebSite","@id":"https:\/\/denizcankizil.tr\/de\/#website","url":"https:\/\/denizcankizil.tr\/de\/","name":"Av. Deniz Can K\u0131z\u0131l","description":"Avukat Deniz Can K\u0131z\u0131l Antalya Barosu","publisher":{"@id":"https:\/\/denizcankizil.tr\/de\/#organization"},"potentialAction":[{"@type":"SearchAction","target":{"@type":"EntryPoint","urlTemplate":"https:\/\/denizcankizil.tr\/de\/?s={search_term_string}"},"query-input":{"@type":"PropertyValueSpecification","valueRequired":true,"valueName":"search_term_string"}}],"inLanguage":"uk"},{"@type":"Organization","@id":"https:\/\/denizcankizil.tr\/de\/#organization","name":"Av. Deniz Can K\u0131z\u0131l","url":"https:\/\/denizcankizil.tr\/de\/","logo":{"@type":"ImageObject","inLanguage":"uk","@id":"https:\/\/denizcankizil.tr\/de\/#\/schema\/logo\/image\/","url":"http:\/\/denizcankizil.tr\/wp-content\/uploads\/2024\/10\/siyah-logo-svg.svg","contentUrl":"http:\/\/denizcankizil.tr\/wp-content\/uploads\/2024\/10\/siyah-logo-svg.svg","width":1080,"height":1080,"caption":"Av. Deniz Can K\u0131z\u0131l"},"image":{"@id":"https:\/\/denizcankizil.tr\/de\/#\/schema\/logo\/image\/"}},{"@type":"Person","@id":"https:\/\/denizcankizil.tr\/de\/#\/schema\/person\/be3c05fe6a12686905512445d8185489","name":"\u0430\u0434\u043c\u0456\u043d","image":{"@type":"ImageObject","inLanguage":"uk","@id":"https:\/\/denizcankizil.tr\/de\/#\/schema\/person\/image\/","url":"https:\/\/secure.gravatar.com\/avatar\/c1fce94c830dc79107e174f890d7210541c4a63e8e5d816341794a2151c9d58c?s=96&d=mm&r=g","contentUrl":"https:\/\/secure.gravatar.com\/avatar\/c1fce94c830dc79107e174f890d7210541c4a63e8e5d816341794a2151c9d58c?s=96&d=mm&r=g","caption":"admin"},"sameAs":["http:\/\/denizcankizil.tr"],"url":"https:\/\/www.iskenderun.org\/zehir-tacirlerine-gecit-yok-1"}]}},"_links":{"self":[{"href":"http:\/\/denizcankizil.tr\/uk\/wp-json\/wp\/v2\/posts\/62761","targetHints":{"allow":["GET"]}}],"collection":[{"href":"http:\/\/denizcankizil.tr\/uk\/wp-json\/wp\/v2\/posts"}],"about":[{"href":"http:\/\/denizcankizil.tr\/uk\/wp-json\/wp\/v2\/types\/post"}],"author":[{"embeddable":true,"href":"http:\/\/denizcankizil.tr\/uk\/wp-json\/wp\/v2\/users\/1"}],"replies":[{"embeddable":true,"href":"http:\/\/denizcankizil.tr\/uk\/wp-json\/wp\/v2\/comments?post=62761"}],"version-history":[{"count":0,"href":"http:\/\/denizcankizil.tr\/uk\/wp-json\/wp\/v2\/posts\/62761\/revisions"}],"wp:attachment":[{"href":"http:\/\/denizcankizil.tr\/uk\/wp-json\/wp\/v2\/media?parent=62761"}],"wp:term":[{"taxonomy":"category","embeddable":true,"href":"http:\/\/denizcankizil.tr\/uk\/wp-json\/wp\/v2\/categories?post=62761"},{"taxonomy":"post_tag","embeddable":true,"href":"http:\/\/denizcankizil.tr\/uk\/wp-json\/wp\/v2\/tags?post=62761"}],"curies":[{"name":"wp","href":"https:\/\/api.w.org\/{rel}","templated":true}]}}