{"id":62756,"date":"2025-04-22T10:43:08","date_gmt":"2025-04-22T07:43:08","guid":{"rendered":"https:\/\/denizcankizil.tr\/uncategorized-tr\/kaza-kamerada\/"},"modified":"2025-04-22T10:43:08","modified_gmt":"2025-04-22T07:43:08","slug":"kaza-kamerada","status":"publish","type":"post","link":"http:\/\/denizcankizil.tr\/uk\/haberler\/gundem\/kaza-kamerada\/","title":{"rendered":"Kaza Kamerada"},"content":{"rendered":"<p>Kaza \u0130l\u00e7enin Yeni\u015fehir G\u00f6l\u00fc\u2019ne giri\u015f yolunda, sosyal tesisler yak\u0131n\u0131nda ya\u015fand\u0131. Gecenin ilerleyen saatlerinde s\u00fcr\u00fcc\u00fcn\u00fcn direksiyon hakimiyetini kaybetti\u011fi kazada otomobil \u00f6nce y\u00fcksek kald\u0131r\u0131ma \u00e7\u0131kt\u0131, daha sonra takla atarak yaya yoluna d\u00fc\u015ft\u00fc. Kazada s\u00fcr\u00fcc\u00fc hafif \u015fekilde yaraland\u0131.<\/p>\n<p>\u200bHatay\u2019\u0131n Reyhanl\u0131 il\u00e7esinde, kontrolden \u00e7\u0131kan otomobil kald\u0131r\u0131ma \u00e7\u0131kt\u0131ktan sonra takla atarak park alan\u0131na d\u00fc\u015ft\u00fc, kazada bir ki\u015fi yaraland\u0131. O anlar ise kameraya yans\u0131d\u0131.\u00a0<\/p>\n<p>\u200bHaberin Al\u0131nt\u0131land\u0131\u011f\u0131 Kaynak: www.iskenderun.org<\/p>","protected":false},"excerpt":{"rendered":"<p>Kaza \u0130l\u00e7enin Yeni\u015fehir G\u00f6l\u00fc\u2019ne giri\u015f yolunda, sosyal tesisler yak\u0131n\u0131nda ya\u015fand\u0131. Gecenin ilerleyen saatlerinde s\u00fcr\u00fcc\u00fcn\u00fcn direksiyon hakimiyetini kaybetti\u011fi kazada otomobil \u00f6nce y\u00fcksek kald\u0131r\u0131ma \u00e7\u0131kt\u0131, daha sonra takla atarak yaya yoluna d\u00fc\u015ft\u00fc. Kazada s\u00fcr\u00fcc\u00fc hafif \u015fekilde yaraland\u0131. \u200bHatay\u2019\u0131n Reyhanl\u0131 il\u00e7esinde, kontrolden \u00e7\u0131kan otomobil kald\u0131r\u0131ma \u00e7\u0131kt\u0131ktan sonra takla atarak park alan\u0131na d\u00fc\u015ft\u00fc, kazada bir ki\u015fi yaraland\u0131. O anlar ise kameraya yans\u0131d\u0131.\u00a0 \u200bHaberin Al\u0131nt\u0131land\u0131\u011f\u0131 Kaynak: www.iskenderun.org<\/p>","protected":false},"author":1,"featured_media":0,"comment_status":"","ping_status":"open","sticky":false,"template":"","format":"standard","meta":{"_acf_changed":false,"footnotes":""},"categories":[24],"tags":[],"class_list":["post-62756","post","type-post","status-publish","format-standard","has-post-thumbnail","hentry","category-gundem"],"acf":[],"yoast_head":"<!-- This site is optimized with the Yoast SEO Premium plugin v26.6 (Yoast SEO v27.1.1) - https:\/\/yoast.com\/product\/yoast-seo-premium-wordpress\/ -->\n<title>Kaza Kamerada - Av. Deniz Can K\u0131z\u0131l<\/title>\n<meta name=\"robots\" content=\"index, follow, max-snippet:-1, max-image-preview:large, max-video-preview:-1\" \/>\n<link rel=\"canonical\" href=\"http:\/\/denizcankizil.tr\/uk\/haberler\/gundem\/kaza-kamerada\/\" \/>\n<meta property=\"og:locale\" content=\"uk_UA\" \/>\n<meta property=\"og:type\" content=\"article\" \/>\n<meta property=\"og:title\" content=\"Kaza Kamerada\" \/>\n<meta property=\"og:description\" content=\"Kaza \u0130l\u00e7enin Yeni\u015fehir G\u00f6l\u00fc\u2019ne giri\u015f yolunda, sosyal tesisler yak\u0131n\u0131nda ya\u015fand\u0131. Gecenin ilerleyen saatlerinde s\u00fcr\u00fcc\u00fcn\u00fcn direksiyon hakimiyetini kaybetti\u011fi kazada otomobil \u00f6nce y\u00fcksek kald\u0131r\u0131ma \u00e7\u0131kt\u0131, daha sonra takla atarak yaya yoluna d\u00fc\u015ft\u00fc. Kazada s\u00fcr\u00fcc\u00fc hafif \u015fekilde yaraland\u0131. \u200bHatay\u2019\u0131n Reyhanl\u0131 il\u00e7esinde, kontrolden \u00e7\u0131kan otomobil kald\u0131r\u0131ma \u00e7\u0131kt\u0131ktan sonra takla atarak park alan\u0131na d\u00fc\u015ft\u00fc, kazada bir ki\u015fi yaraland\u0131. O anlar ise kameraya yans\u0131d\u0131.\u00a0 \u200bHaberin Al\u0131nt\u0131land\u0131\u011f\u0131 Kaynak: www.iskenderun.org\" \/>\n<meta property=\"og:url\" content=\"http:\/\/denizcankizil.tr\/uk\/haberler\/gundem\/kaza-kamerada\/\" \/>\n<meta property=\"og:site_name\" content=\"Av. Deniz Can K\u0131z\u0131l\" \/>\n<meta property=\"article:published_time\" content=\"2025-04-22T07:43:08+00:00\" \/>\n<meta name=\"author\" content=\"admin\" \/>\n<meta name=\"twitter:card\" content=\"summary_large_image\" \/>\n<meta name=\"twitter:label1\" content=\"\u041d\u0430\u043f\u0438\u0441\u0430\u043d\u043e\" \/>\n\t<meta name=\"twitter:data1\" content=\"admin\" \/>\n<script type=\"application\/ld+json\" class=\"yoast-schema-graph\">{\"@context\":\"https:\/\/schema.org\",\"@graph\":[{\"@type\":\"Article\",\"@id\":\"http:\/\/denizcankizil.tr\/uk\/haberler\/gundem\/kaza-kamerada\/#article\",\"isPartOf\":{\"@id\":\"http:\/\/denizcankizil.tr\/uk\/haberler\/gundem\/kaza-kamerada\/\"},\"author\":{\"name\":\"admin\",\"@id\":\"https:\/\/denizcankizil.tr\/#\/schema\/person\/be3c05fe6a12686905512445d8185489\"},\"headline\":\"Kaza Kamerada\",\"datePublished\":\"2025-04-22T07:43:08+00:00\",\"mainEntityOfPage\":{\"@id\":\"http:\/\/denizcankizil.tr\/uk\/haberler\/gundem\/kaza-kamerada\/\"},\"wordCount\":95,\"publisher\":{\"@id\":\"https:\/\/denizcankizil.tr\/#organization\"},\"articleSection\":[\"G\u00fcndem\"],\"inLanguage\":\"uk\"},{\"@type\":\"WebPage\",\"@id\":\"http:\/\/denizcankizil.tr\/uk\/haberler\/gundem\/kaza-kamerada\/\",\"url\":\"http:\/\/denizcankizil.tr\/uk\/haberler\/gundem\/kaza-kamerada\/\",\"name\":\"Kaza Kamerada - Av. Deniz Can K\u0131z\u0131l\",\"isPartOf\":{\"@id\":\"https:\/\/denizcankizil.tr\/#website\"},\"datePublished\":\"2025-04-22T07:43:08+00:00\",\"breadcrumb\":{\"@id\":\"http:\/\/denizcankizil.tr\/uk\/haberler\/gundem\/kaza-kamerada\/#breadcrumb\"},\"inLanguage\":\"uk\",\"potentialAction\":[{\"@type\":\"ReadAction\",\"target\":[\"http:\/\/denizcankizil.tr\/uk\/haberler\/gundem\/kaza-kamerada\/\"]}]},{\"@type\":\"BreadcrumbList\",\"@id\":\"http:\/\/denizcankizil.tr\/uk\/haberler\/gundem\/kaza-kamerada\/#breadcrumb\",\"itemListElement\":[{\"@type\":\"ListItem\",\"position\":1,\"name\":\"Home\",\"item\":\"https:\/\/denizcankizil.tr\/de\/\"},{\"@type\":\"ListItem\",\"position\":2,\"name\":\"Kaza Kamerada\"}]},{\"@type\":\"WebSite\",\"@id\":\"https:\/\/denizcankizil.tr\/#website\",\"url\":\"https:\/\/denizcankizil.tr\/\",\"name\":\"Av. Deniz Can K\u0131z\u0131l\",\"description\":\"Avukat Deniz Can K\u0131z\u0131l Antalya Barosu\",\"publisher\":{\"@id\":\"https:\/\/denizcankizil.tr\/#organization\"},\"potentialAction\":[{\"@type\":\"SearchAction\",\"target\":{\"@type\":\"EntryPoint\",\"urlTemplate\":\"https:\/\/denizcankizil.tr\/?s={search_term_string}\"},\"query-input\":{\"@type\":\"PropertyValueSpecification\",\"valueRequired\":true,\"valueName\":\"search_term_string\"}}],\"inLanguage\":\"uk\"},{\"@type\":\"Organization\",\"@id\":\"https:\/\/denizcankizil.tr\/#organization\",\"name\":\"Av. Deniz Can K\u0131z\u0131l\",\"url\":\"https:\/\/denizcankizil.tr\/\",\"logo\":{\"@type\":\"ImageObject\",\"inLanguage\":\"uk\",\"@id\":\"https:\/\/denizcankizil.tr\/#\/schema\/logo\/image\/\",\"url\":\"http:\/\/denizcankizil.tr\/wp-content\/uploads\/2024\/10\/siyah-logo-svg.svg\",\"contentUrl\":\"http:\/\/denizcankizil.tr\/wp-content\/uploads\/2024\/10\/siyah-logo-svg.svg\",\"width\":1080,\"height\":1080,\"caption\":\"Av. Deniz Can K\u0131z\u0131l\"},\"image\":{\"@id\":\"https:\/\/denizcankizil.tr\/#\/schema\/logo\/image\/\"}},{\"@type\":\"Person\",\"@id\":\"https:\/\/denizcankizil.tr\/#\/schema\/person\/be3c05fe6a12686905512445d8185489\",\"name\":\"admin\",\"image\":{\"@type\":\"ImageObject\",\"inLanguage\":\"uk\",\"@id\":\"https:\/\/denizcankizil.tr\/#\/schema\/person\/image\/\",\"url\":\"https:\/\/secure.gravatar.com\/avatar\/c1fce94c830dc79107e174f890d7210541c4a63e8e5d816341794a2151c9d58c?s=96&d=mm&r=g\",\"contentUrl\":\"https:\/\/secure.gravatar.com\/avatar\/c1fce94c830dc79107e174f890d7210541c4a63e8e5d816341794a2151c9d58c?s=96&d=mm&r=g\",\"caption\":\"admin\"},\"sameAs\":[\"http:\/\/denizcankizil.tr\"],\"url\":\"https:\/\/www.iskenderun.org\/kaza-kamerada\"}]}<\/script>\n<!-- \/ Yoast SEO Premium plugin. -->","yoast_head_json":{"title":"Kaza Kamerada - Av. Deniz Can K\u0131z\u0131l","robots":{"index":"index","follow":"follow","max-snippet":"max-snippet:-1","max-image-preview":"max-image-preview:large","max-video-preview":"max-video-preview:-1"},"canonical":"http:\/\/denizcankizil.tr\/uk\/haberler\/gundem\/kaza-kamerada\/","og_locale":"uk_UA","og_type":"article","og_title":"Kaza Kamerada","og_description":"Kaza \u0130l\u00e7enin Yeni\u015fehir G\u00f6l\u00fc\u2019ne giri\u015f yolunda, sosyal tesisler yak\u0131n\u0131nda ya\u015fand\u0131. Gecenin ilerleyen saatlerinde s\u00fcr\u00fcc\u00fcn\u00fcn direksiyon hakimiyetini kaybetti\u011fi kazada otomobil \u00f6nce y\u00fcksek kald\u0131r\u0131ma \u00e7\u0131kt\u0131, daha sonra takla atarak yaya yoluna d\u00fc\u015ft\u00fc. Kazada s\u00fcr\u00fcc\u00fc hafif \u015fekilde yaraland\u0131. \u200bHatay\u2019\u0131n Reyhanl\u0131 il\u00e7esinde, kontrolden \u00e7\u0131kan otomobil kald\u0131r\u0131ma \u00e7\u0131kt\u0131ktan sonra takla atarak park alan\u0131na d\u00fc\u015ft\u00fc, kazada bir ki\u015fi yaraland\u0131. O anlar ise kameraya yans\u0131d\u0131.\u00a0 \u200bHaberin Al\u0131nt\u0131land\u0131\u011f\u0131 Kaynak: www.iskenderun.org","og_url":"http:\/\/denizcankizil.tr\/uk\/haberler\/gundem\/kaza-kamerada\/","og_site_name":"Av. Deniz Can K\u0131z\u0131l","article_published_time":"2025-04-22T07:43:08+00:00","author":"admin","twitter_card":"summary_large_image","twitter_misc":{"\u041d\u0430\u043f\u0438\u0441\u0430\u043d\u043e":"admin"},"schema":{"@context":"https:\/\/schema.org","@graph":[{"@type":"Article","@id":"http:\/\/denizcankizil.tr\/uk\/haberler\/gundem\/kaza-kamerada\/#article","isPartOf":{"@id":"http:\/\/denizcankizil.tr\/uk\/haberler\/gundem\/kaza-kamerada\/"},"author":{"name":"admin","@id":"https:\/\/denizcankizil.tr\/#\/schema\/person\/be3c05fe6a12686905512445d8185489"},"headline":"Kaza Kamerada","datePublished":"2025-04-22T07:43:08+00:00","mainEntityOfPage":{"@id":"http:\/\/denizcankizil.tr\/uk\/haberler\/gundem\/kaza-kamerada\/"},"wordCount":95,"publisher":{"@id":"https:\/\/denizcankizil.tr\/#organization"},"articleSection":["G\u00fcndem"],"inLanguage":"uk"},{"@type":"WebPage","@id":"http:\/\/denizcankizil.tr\/uk\/haberler\/gundem\/kaza-kamerada\/","url":"http:\/\/denizcankizil.tr\/uk\/haberler\/gundem\/kaza-kamerada\/","name":"Kaza Kamerada - Av. Deniz Can K\u0131z\u0131l","isPartOf":{"@id":"https:\/\/denizcankizil.tr\/#website"},"datePublished":"2025-04-22T07:43:08+00:00","breadcrumb":{"@id":"http:\/\/denizcankizil.tr\/uk\/haberler\/gundem\/kaza-kamerada\/#breadcrumb"},"inLanguage":"uk","potentialAction":[{"@type":"ReadAction","target":["http:\/\/denizcankizil.tr\/uk\/haberler\/gundem\/kaza-kamerada\/"]}]},{"@type":"BreadcrumbList","@id":"http:\/\/denizcankizil.tr\/uk\/haberler\/gundem\/kaza-kamerada\/#breadcrumb","itemListElement":[{"@type":"ListItem","position":1,"name":"Home","item":"https:\/\/denizcankizil.tr\/de\/"},{"@type":"ListItem","position":2,"name":"Kaza Kamerada"}]},{"@type":"WebSite","@id":"https:\/\/denizcankizil.tr\/#website","url":"https:\/\/denizcankizil.tr\/","name":"Av. Deniz Can K\u0131z\u0131l","description":"Avukat Deniz Can K\u0131z\u0131l Antalya Barosu","publisher":{"@id":"https:\/\/denizcankizil.tr\/#organization"},"potentialAction":[{"@type":"SearchAction","target":{"@type":"EntryPoint","urlTemplate":"https:\/\/denizcankizil.tr\/?s={search_term_string}"},"query-input":{"@type":"PropertyValueSpecification","valueRequired":true,"valueName":"search_term_string"}}],"inLanguage":"uk"},{"@type":"Organization","@id":"https:\/\/denizcankizil.tr\/#organization","name":"Av. Deniz Can K\u0131z\u0131l","url":"https:\/\/denizcankizil.tr\/","logo":{"@type":"ImageObject","inLanguage":"uk","@id":"https:\/\/denizcankizil.tr\/#\/schema\/logo\/image\/","url":"http:\/\/denizcankizil.tr\/wp-content\/uploads\/2024\/10\/siyah-logo-svg.svg","contentUrl":"http:\/\/denizcankizil.tr\/wp-content\/uploads\/2024\/10\/siyah-logo-svg.svg","width":1080,"height":1080,"caption":"Av. Deniz Can K\u0131z\u0131l"},"image":{"@id":"https:\/\/denizcankizil.tr\/#\/schema\/logo\/image\/"}},{"@type":"Person","@id":"https:\/\/denizcankizil.tr\/#\/schema\/person\/be3c05fe6a12686905512445d8185489","name":"\u0430\u0434\u043c\u0456\u043d","image":{"@type":"ImageObject","inLanguage":"uk","@id":"https:\/\/denizcankizil.tr\/#\/schema\/person\/image\/","url":"https:\/\/secure.gravatar.com\/avatar\/c1fce94c830dc79107e174f890d7210541c4a63e8e5d816341794a2151c9d58c?s=96&d=mm&r=g","contentUrl":"https:\/\/secure.gravatar.com\/avatar\/c1fce94c830dc79107e174f890d7210541c4a63e8e5d816341794a2151c9d58c?s=96&d=mm&r=g","caption":"admin"},"sameAs":["http:\/\/denizcankizil.tr"],"url":"https:\/\/www.iskenderun.org\/kaza-kamerada"}]}},"_links":{"self":[{"href":"http:\/\/denizcankizil.tr\/uk\/wp-json\/wp\/v2\/posts\/62756","targetHints":{"allow":["GET"]}}],"collection":[{"href":"http:\/\/denizcankizil.tr\/uk\/wp-json\/wp\/v2\/posts"}],"about":[{"href":"http:\/\/denizcankizil.tr\/uk\/wp-json\/wp\/v2\/types\/post"}],"author":[{"embeddable":true,"href":"http:\/\/denizcankizil.tr\/uk\/wp-json\/wp\/v2\/users\/1"}],"replies":[{"embeddable":true,"href":"http:\/\/denizcankizil.tr\/uk\/wp-json\/wp\/v2\/comments?post=62756"}],"version-history":[{"count":0,"href":"http:\/\/denizcankizil.tr\/uk\/wp-json\/wp\/v2\/posts\/62756\/revisions"}],"wp:attachment":[{"href":"http:\/\/denizcankizil.tr\/uk\/wp-json\/wp\/v2\/media?parent=62756"}],"wp:term":[{"taxonomy":"category","embeddable":true,"href":"http:\/\/denizcankizil.tr\/uk\/wp-json\/wp\/v2\/categories?post=62756"},{"taxonomy":"post_tag","embeddable":true,"href":"http:\/\/denizcankizil.tr\/uk\/wp-json\/wp\/v2\/tags?post=62756"}],"curies":[{"name":"wp","href":"https:\/\/api.w.org\/{rel}","templated":true}]}}