{"id":58397,"date":"2025-04-17T12:41:52","date_gmt":"2025-04-17T09:41:52","guid":{"rendered":"https:\/\/denizcankizil.tr\/uncategorized-tr\/antalyada-muze-gerilimi-kentin-hafizasina-vurulacak-kulturel-darbe\/"},"modified":"2025-04-17T12:41:52","modified_gmt":"2025-04-17T09:41:52","slug":"antalyada-muze-gerilimi-kentin-hafizasina-vurulacak-kulturel-darbe","status":"publish","type":"post","link":"http:\/\/denizcankizil.tr\/uk\/haberler\/gundem\/antalyada-muze-gerilimi-kentin-hafizasina-vurulacak-kulturel-darbe\/","title":{"rendered":"Antalya\u2019da m\u00fcze gerilimi! Kentin haf\u0131zas\u0131na vurulacak k\u00fclt\u00fcrel darbe"},"content":{"rendered":"<p>Antalya\u2019da y\u0131k\u0131lmas\u0131 g\u00fcndemde olan Antalya Arkeoloji M\u00fczesi g\u00fcndemdeki yerini korumaya devam ediyor. Mimarlar Odas\u0131 Antalya \u015eubesi Antalya Arkeoloji M\u00fczesi\u2019ni korunmas\u0131na y\u00f6nelik \u00f6nemli bir \u00e7a\u011fr\u0131da bulundu. K\u00fclt\u00fcr ve Turizm Bakanl\u0131\u011f\u0131na da yaz\u0131l\u0131 olarak iletilen talepte Antalya Arkeoloji M\u00fczesi\u2019ni d\u00fcnyadaki say\u0131l\u0131 m\u00fczelerden birisi oldu\u011fu ve korunmas\u0131 gerekti\u011fi talep edildi. CHP\u2019li Co\u015far ise Antalya\u2019n\u0131n k\u00fclt\u00fcrel miras\u0131 ve kent haf\u0131zas\u0131n\u0131n bir par\u00e7as\u0131 olarak g\u00f6r\u00fclen Antalya Arkeoloji M\u00fczesi\u2019nin y\u0131k\u0131lma \u00e7abas\u0131n\u0131n AK Parti\u2019nin yeni rant projelerinin devam\u0131 oldu\u011funu belirtti.<\/p>\n<p>GEREKL\u0130 \u00d6ZEN\u0130N G\u00d6STER\u0130LMED\u0130<\/p>\n<p>Mimarlar Odas\u0131 Antalya \u015eubesi taraf\u0131ndan yap\u0131lan yaz\u0131l\u0131 a\u00e7\u0131klamada, Antalya m\u00fczesine K\u00fclt\u00fcr ve Turizm Bakanl\u0131\u011f\u0131nca uzun y\u0131llard\u0131r gerekli \u00f6zenin g\u00f6sterilmedi\u011fine dikkat \u00e7ekildi. A\u00e7\u0131klamada, \u201cAncak bu d\u00f6nem bu g\u00fcnlerde kentte tart\u0131\u015f\u0131ld\u0131\u011f\u0131 gibi kentimizde bakanl\u0131k\u00e7a yeni bir m\u00fcze yap\u0131lmas\u0131 giri\u015fimleri taraf\u0131m\u0131zdan \u00f6nemli ve olumlu kar\u015f\u0131lanmakta. M\u00fczede Paleolitik \u00e7a\u011fdan g\u00fcn\u00fcm\u00fcze kadar olduk\u00e7a fazla d\u00f6nemlere ait eserlerin bulunmas\u0131 d\u00fcnyadaki \u00f6nemini art\u0131r\u0131yor. Bilindi\u011fi gibi Antalya antik kentlerinde kaz\u0131lar devam ediyor. Hatta kaz\u0131 \u00e7al\u0131\u015fmalar\u0131 ba\u015flamam\u0131\u015f antik kentler de bulunuyor\u201d denildi.<\/p>\n<p>M\u00dcZE ALANININ ARTIRILMASI GEREK\u0130YOR<\/p>\n<p>Kaz\u0131 \u00e7al\u0131\u015fmalar\u0131n devam etti\u011fi alanlarda \u00e7ok say\u0131da eserin \u00e7\u0131kar\u0131lma ihtimalinin oldu\u011funu de\u011ferlendiren Mimarlar Odas\u0131 Antalya \u015eubesi, \u201cDi\u011fer yandan Bakanl\u0131\u011f\u0131n giri\u015fimleri ile \u00fclkemizin topraklar\u0131ndan ka\u00e7\u0131r\u0131lan eserlerin, yap\u0131ld\u0131\u011f\u0131 ve bulundu\u011fu topraklara geri d\u00f6nd\u00fcr\u00fclmesi \u00e7al\u0131\u015fmalar\u0131n\u0131n devam edece\u011fi ve daha ka\u00e7\u0131r\u0131lm\u0131\u015f \u00f6nemli eserlerin geri al\u0131narak yeni Antalya m\u00fczesinde sergilenece\u011fi de d\u00fc\u015f\u00fcn\u00fclmektedir. Bu ba\u011flamda m\u00fcze alan\u0131n\u0131n art\u0131r\u0131lmas\u0131 gerekiyor\u201d denildi.<\/p>\n<p>KORUNMASI ZORUNLULUK<\/p>\n<p>Antalya Arkeoloji M\u00fczesi\u2019nin Cumhuriyet d\u00f6neminin \u00f6nemli yap\u0131lar\u0131ndan birisi olmas\u0131 \u00f6zelli\u011fini s\u00fcrd\u00fcrd\u00fc\u011f\u00fcne dikkat \u00e7ekilen a\u00e7\u0131klamada, \u201cDi\u011fer yandan, Antalyal\u0131lar\u0131n ve ziyaret\u00e7ilerin an\u0131lar\u0131nda yer etmi\u015f toplumsal bellek a\u00e7\u0131s\u0131ndan da \u00f6nemli bir yap\u0131d\u0131r. Antalya yeni m\u00fcze binas\u0131 d\u00fc\u015f\u00fcn\u00fcl\u00fcrken var olan m\u00fcze, \u00e7e\u015fitli zamanlarda yap\u0131lm\u0131\u015f bir\u00e7ok eklentisi, \u00f6zellikle de taklit Antik Mezar eki kald\u0131r\u0131larak, yeni yap\u0131lacak projeyle entegre edilerek korunmal\u0131d\u0131r. Hi\u00e7 olmazsa bir b\u00f6l\u00fcm\u00fcn\u00fcn tarihinin ve an\u0131 de\u011ferinin gelecek ku\u015faklara aktar\u0131lmak \u00fczere korunmas\u0131 zorunluluk\u201d ifadelerine yer verildi.<\/p>\n<p>YEN\u0130 RANT PROJELER\u0130N\u0130N DEVAMI<\/p>\n<p>Cumhuriyet Halk Partisi Antalya Milletvekili Aliye Co\u015far ise depreme dayan\u0131ks\u0131z oldu\u011fu gerek\u00e7esi ile y\u0131k\u0131lmak istenen Antalya Arkeoloji M\u00fczesi\u2019nin verdi\u011fi soru \u00f6nergesi ile TBMM g\u00fcndemine ta\u015f\u0131d\u0131. K\u00fclt\u00fcr ve Turizm Bakan\u0131 Mehmet Nuri Ersoy\u2019un yan\u0131tlamas\u0131 istemiyle verilen soru \u00f6nerge sonras\u0131 yapt\u0131\u011f\u0131 a\u00e7\u0131klamada CHP\u2019li Co\u015far, Antalya\u2019n\u0131n k\u00fclt\u00fcrel miras\u0131 ve kent haf\u0131zas\u0131n\u0131n bir par\u00e7as\u0131 olarak g\u00f6r\u00fclen Antalya Arkeoloji M\u00fczesi\u2019nin y\u0131k\u0131lma \u00e7abas\u0131n\u0131n AK Parti\u2019nin yine yanda\u015flar\u0131na verdi\u011fi yeni rant projelerinin devam\u0131 oldu\u011funu belirtti. Co\u015far a\u00e7\u0131klamas\u0131n\u0131n devam\u0131nda \u015funlar\u0131 ifade etti.<\/p>\n<p>BA\u015eVURULAR OLUMSUZ SONU\u00c7LANDI<\/p>\n<p>Co\u015far, \u201cAntalya Arkeoloji M\u00fczesi, tarih boyunca bir\u00e7ok medeniyete ev sahipli\u011fi yapm\u0131\u015f Antalya\u2019n\u0131n k\u00fclt\u00fcrel miras\u0131n\u0131n y\u0131llarca korundu\u011fu ve sergilendi\u011fi, \u00e7a\u011fda\u015f mimarimizde bir kamu binas\u0131d\u0131r. Antalya Arkeoloji M\u00fczesi depreme dayan\u0131ks\u0131z oldu\u011fu gerek\u00e7esi ile y\u0131k\u0131laca\u011f\u0131 ve yerine yanda\u015f bir firma taraf\u0131ndan yap\u0131lan proje ile yeni m\u00fcze binas\u0131 in\u015fa edilece\u011fi iddia edilmektedir. Kentin tarihi dokusuna ve ge\u00e7mi\u015fine sahip \u00e7\u0131kan sivil toplum kurulu\u015flar\u0131ndan olan Antalya K\u00fclt\u00fcrel Miras Derne\u011fi, Antalya Arkeoloji M\u00fczesi\u2019nin k\u00fclt\u00fcr varl\u0131\u011f\u0131 olarak koruma alt\u0131na al\u0131nmas\u0131 talebiyle Antalya K\u00fclt\u00fcr Varl\u0131klar\u0131n\u0131 Koruma B\u00f6lge Kurulu\u2019na yapt\u0131\u011f\u0131 ba\u015fvurularda ne yaz\u0131k ki olumsuz sonu\u00e7land\u0131\u201d dedi.<\/p>\n<p>K\u00dcLT\u00dcREL B\u0130R DARBED\u0130R<\/p>\n<p>Antalya Arkeoloji M\u00fczesi\u2019nin \u00f6d\u00fcll\u00fc \u00f6zg\u00fcn mimarisinin korunarak restorasyonu ve depreme kar\u015f\u0131 g\u00fc\u00e7lendirilmesi yap\u0131larak koruma alt\u0131na al\u0131nmas\u0131n\u0131n m\u00fcmk\u00fcn oldu\u011funu ifade eden Co\u015far, \u201cRant ve cumhuriyetimizin \u00e7a\u011fda\u015f mimari \u00f6rne\u011fini yok etmek amac\u0131yla depreme dayan\u0131ks\u0131zl\u0131k gerek\u00e7esi ile Antalya Arkeoloji M\u00fczesi\u2019nin y\u0131k\u0131lmas\u0131 kentin haf\u0131zas\u0131na vurulacak k\u00fclt\u00fcrel bir darbedir. \u0130n\u015faat M\u00fchendisleri Odas\u0131 gibi ilgili meslek odalar\u0131 ile dahi mevcut m\u00fczenin yap\u0131 durumuna dair raporlar\u0131n payla\u015f\u0131lmad\u0131\u011f\u0131 bilinmekte, ilgili meslek kurulu\u015flar\u0131n\u0131n mevcut proje maliyetini y\u00fcksek buldu\u011fu ve mevcut m\u00fczenin g\u00fc\u00e7lendirilmesinin m\u00fcmk\u00fcn oldu\u011fu a\u00e7\u0131klamalar\u0131 kamuoyuna yans\u0131d\u0131. Mimarlarda Antalya Arkeoloji M\u00fczesi\u2019nin korunmas\u0131 gerekti\u011fini belirtiyor. Antalya kamuoyu Antalya Arkeoloji M\u00fczesi\u2019nin y\u0131k\u0131lma karar\u0131n\u0131 kayg\u0131 ile takip ediyor ve bu yanl\u0131\u015f karardan vazge\u00e7ilmesini bekliyor.\u201d a\u00e7\u0131klamas\u0131na yer verdi.<\/p>\n<p>BAKANLI\u011eIN G\u00dcNDEM\u0130NE GELM\u0130YOR<\/p>\n<p>Co\u015far s\u00f6zlerini, \u201cAKP iktidar\u0131 kentin tarihi ve k\u00fclt\u00fcrel haf\u0131zas\u0131n\u0131 yok etmek, yenisini yapma iddias\u0131 ile yeni rant kap\u0131lar\u0131 a\u00e7mak \u00fczerine kurulu bir d\u00fczen yaratm\u0131\u015ft\u0131r. K\u00fclt\u00fcr ve Turizm Bakan\u0131\u2019na ait otelin mimar\u0131 yeni m\u00fczenin projesini yap\u0131yor. \u00d6d\u00fcll\u00fc mimariye sahip m\u00fcze binas\u0131 yerine, yanda\u015flar \u00f6d\u00fcllendiriyor. 2 bu\u00e7uk milyar lira maliyetle yeni m\u00fcze binas\u0131 yapmak yerine, mevcut m\u00fczeyi depreme kar\u015f\u0131 g\u00fc\u00e7lendirmek ve restore etmek K\u00fclt\u00fcr ve Turizm Bakanl\u0131\u011f\u0131\u2019n\u0131n g\u00fcndemine gelmiyor. Kentin k\u00fclt\u00fcrel varl\u0131klar\u0131na sahip \u00e7\u0131kan Antalya halk\u0131 ve sivil toplum kurulu\u015flar\u0131n\u0131 yok sayan siyasi iktidar\u0131n atanm\u0131\u015f bakanlar\u0131 ve b\u00fcrokratlar\u0131 tarihimize dair yanl\u0131\u015f kararlar\u0131n alt\u0131na imza at\u0131yor. Antalya AKP iktidar\u0131n\u0131n talan ve rant i\u00e7in tarihini, do\u011fas\u0131n\u0131 ve k\u00fclt\u00fcr\u00fcn\u00fc yok edebilece\u011fi bir yer de\u011fildir. Antalya halk\u0131 tarihine, k\u00fclt\u00fcrel miras\u0131n\u0131 korumaya ve ona sahip \u00e7\u0131kmaya devam edecek\u201d diyerek tamamlad\u0131.<\/p>\n<p>\u200bAntalya\u2019da Arkeoloji M\u00fczesi binas\u0131n\u0131n y\u0131k\u0131larak yeni bir bina yap\u0131lmak istenmesi tepkileri beraberinde getirdi. Mimarlar Odas\u0131 Antalya \u015eubesi m\u00fcze binas\u0131n\u0131n yeni yap\u0131lacak projeyle entegre edilmesini istedi. Antalya Milletvekili Aliye Co\u015far ise m\u00fczenin y\u0131k\u0131lmas\u0131n\u0131n kentin haf\u0131zas\u0131na vurulacak k\u00fclt\u00fcrel bir darbe olarak niteledi.\u00a0<\/p>\n<p>\u200bHaberin Al\u0131nt\u0131land\u0131\u011f\u0131 Kaynak: www.antalyakorfez.com<\/p>","protected":false},"excerpt":{"rendered":"<p>Antalya\u2019da y\u0131k\u0131lmas\u0131 g\u00fcndemde olan Antalya Arkeoloji M\u00fczesi g\u00fcndemdeki yerini korumaya devam ediyor. Mimarlar Odas\u0131 Antalya \u015eubesi Antalya Arkeoloji M\u00fczesi\u2019ni korunmas\u0131na y\u00f6nelik \u00f6nemli bir \u00e7a\u011fr\u0131da bulundu. K\u00fclt\u00fcr ve Turizm Bakanl\u0131\u011f\u0131na da yaz\u0131l\u0131 olarak iletilen talepte Antalya Arkeoloji M\u00fczesi\u2019ni d\u00fcnyadaki say\u0131l\u0131 m\u00fczelerden birisi oldu\u011fu ve korunmas\u0131 gerekti\u011fi talep edildi. CHP\u2019li Co\u015far ise Antalya\u2019n\u0131n k\u00fclt\u00fcrel miras\u0131 ve kent haf\u0131zas\u0131n\u0131n bir par\u00e7as\u0131 olarak g\u00f6r\u00fclen Antalya Arkeoloji M\u00fczesi\u2019nin y\u0131k\u0131lma \u00e7abas\u0131n\u0131n AK Parti\u2019nin yeni rant projelerinin devam\u0131 oldu\u011funu belirtti. GEREKL\u0130 \u00d6ZEN\u0130N G\u00d6STER\u0130LMED\u0130 Mimarlar Odas\u0131 Antalya \u015eubesi taraf\u0131ndan yap\u0131lan yaz\u0131l\u0131 a\u00e7\u0131klamada, Antalya m\u00fczesine K\u00fclt\u00fcr ve Turizm Bakanl\u0131\u011f\u0131nca uzun y\u0131llard\u0131r gerekli \u00f6zenin g\u00f6sterilmedi\u011fine dikkat \u00e7ekildi. A\u00e7\u0131klamada, \u201cAncak bu d\u00f6nem bu g\u00fcnlerde kentte tart\u0131\u015f\u0131ld\u0131\u011f\u0131 gibi kentimizde bakanl\u0131k\u00e7a yeni bir m\u00fcze yap\u0131lmas\u0131 giri\u015fimleri taraf\u0131m\u0131zdan \u00f6nemli ve olumlu kar\u015f\u0131lanmakta. M\u00fczede Paleolitik \u00e7a\u011fdan g\u00fcn\u00fcm\u00fcze kadar olduk\u00e7a fazla d\u00f6nemlere ait eserlerin bulunmas\u0131 d\u00fcnyadaki \u00f6nemini art\u0131r\u0131yor. Bilindi\u011fi gibi Antalya antik kentlerinde kaz\u0131lar devam ediyor. Hatta kaz\u0131 \u00e7al\u0131\u015fmalar\u0131 ba\u015flamam\u0131\u015f antik kentler de bulunuyor\u201d denildi. M\u00dcZE ALANININ ARTIRILMASI GEREK\u0130YOR Kaz\u0131 \u00e7al\u0131\u015fmalar\u0131n devam etti\u011fi alanlarda \u00e7ok say\u0131da eserin \u00e7\u0131kar\u0131lma ihtimalinin oldu\u011funu de\u011ferlendiren Mimarlar Odas\u0131 Antalya \u015eubesi, \u201cDi\u011fer yandan Bakanl\u0131\u011f\u0131n giri\u015fimleri ile \u00fclkemizin topraklar\u0131ndan ka\u00e7\u0131r\u0131lan eserlerin, yap\u0131ld\u0131\u011f\u0131 ve bulundu\u011fu topraklara geri d\u00f6nd\u00fcr\u00fclmesi \u00e7al\u0131\u015fmalar\u0131n\u0131n devam edece\u011fi ve daha ka\u00e7\u0131r\u0131lm\u0131\u015f \u00f6nemli eserlerin geri al\u0131narak yeni Antalya m\u00fczesinde sergilenece\u011fi de d\u00fc\u015f\u00fcn\u00fclmektedir. &hellip;<\/p>","protected":false},"author":5,"featured_media":0,"comment_status":"","ping_status":"open","sticky":false,"template":"","format":"standard","meta":{"_acf_changed":false,"footnotes":""},"categories":[24],"tags":[],"class_list":["post-58397","post","type-post","status-publish","format-standard","has-post-thumbnail","hentry","category-gundem"],"acf":[],"yoast_head":"<!-- This site is optimized with the Yoast SEO Premium plugin v26.6 (Yoast SEO v27.1.1) - https:\/\/yoast.com\/product\/yoast-seo-premium-wordpress\/ -->\n<title>Antalya\u2019da m\u00fcze gerilimi! Kentin haf\u0131zas\u0131na vurulacak k\u00fclt\u00fcrel darbe - Av. Deniz Can K\u0131z\u0131l<\/title>\n<meta name=\"robots\" content=\"index, follow, max-snippet:-1, max-image-preview:large, max-video-preview:-1\" \/>\n<link rel=\"canonical\" href=\"https:\/\/denizcankizil.tr\/uk\/haberler\/gundem\/antalyada-muze-gerilimi-kentin-hafizasina-vurulacak-kulturel-darbe\/\" \/>\n<meta property=\"og:locale\" content=\"uk_UA\" \/>\n<meta property=\"og:type\" content=\"article\" \/>\n<meta property=\"og:title\" content=\"Antalya\u2019da m\u00fcze gerilimi! Kentin haf\u0131zas\u0131na vurulacak k\u00fclt\u00fcrel darbe\" \/>\n<meta property=\"og:description\" content=\"Antalya\u2019da y\u0131k\u0131lmas\u0131 g\u00fcndemde olan Antalya Arkeoloji M\u00fczesi g\u00fcndemdeki yerini korumaya devam ediyor. Mimarlar Odas\u0131 Antalya \u015eubesi Antalya Arkeoloji M\u00fczesi\u2019ni korunmas\u0131na y\u00f6nelik \u00f6nemli bir \u00e7a\u011fr\u0131da bulundu. K\u00fclt\u00fcr ve Turizm Bakanl\u0131\u011f\u0131na da yaz\u0131l\u0131 olarak iletilen talepte Antalya Arkeoloji M\u00fczesi\u2019ni d\u00fcnyadaki say\u0131l\u0131 m\u00fczelerden birisi oldu\u011fu ve korunmas\u0131 gerekti\u011fi talep edildi. CHP\u2019li Co\u015far ise Antalya\u2019n\u0131n k\u00fclt\u00fcrel miras\u0131 ve kent haf\u0131zas\u0131n\u0131n bir par\u00e7as\u0131 olarak g\u00f6r\u00fclen Antalya Arkeoloji M\u00fczesi\u2019nin y\u0131k\u0131lma \u00e7abas\u0131n\u0131n AK Parti\u2019nin yeni rant projelerinin devam\u0131 oldu\u011funu belirtti. GEREKL\u0130 \u00d6ZEN\u0130N G\u00d6STER\u0130LMED\u0130 Mimarlar Odas\u0131 Antalya \u015eubesi taraf\u0131ndan yap\u0131lan yaz\u0131l\u0131 a\u00e7\u0131klamada, Antalya m\u00fczesine K\u00fclt\u00fcr ve Turizm Bakanl\u0131\u011f\u0131nca uzun y\u0131llard\u0131r gerekli \u00f6zenin g\u00f6sterilmedi\u011fine dikkat \u00e7ekildi. A\u00e7\u0131klamada, \u201cAncak bu d\u00f6nem bu g\u00fcnlerde kentte tart\u0131\u015f\u0131ld\u0131\u011f\u0131 gibi kentimizde bakanl\u0131k\u00e7a yeni bir m\u00fcze yap\u0131lmas\u0131 giri\u015fimleri taraf\u0131m\u0131zdan \u00f6nemli ve olumlu kar\u015f\u0131lanmakta. M\u00fczede Paleolitik \u00e7a\u011fdan g\u00fcn\u00fcm\u00fcze kadar olduk\u00e7a fazla d\u00f6nemlere ait eserlerin bulunmas\u0131 d\u00fcnyadaki \u00f6nemini art\u0131r\u0131yor. Bilindi\u011fi gibi Antalya antik kentlerinde kaz\u0131lar devam ediyor. Hatta kaz\u0131 \u00e7al\u0131\u015fmalar\u0131 ba\u015flamam\u0131\u015f antik kentler de bulunuyor\u201d denildi. M\u00dcZE ALANININ ARTIRILMASI GEREK\u0130YOR Kaz\u0131 \u00e7al\u0131\u015fmalar\u0131n devam etti\u011fi alanlarda \u00e7ok say\u0131da eserin \u00e7\u0131kar\u0131lma ihtimalinin oldu\u011funu de\u011ferlendiren Mimarlar Odas\u0131 Antalya \u015eubesi, \u201cDi\u011fer yandan Bakanl\u0131\u011f\u0131n giri\u015fimleri ile \u00fclkemizin topraklar\u0131ndan ka\u00e7\u0131r\u0131lan eserlerin, yap\u0131ld\u0131\u011f\u0131 ve bulundu\u011fu topraklara geri d\u00f6nd\u00fcr\u00fclmesi \u00e7al\u0131\u015fmalar\u0131n\u0131n devam edece\u011fi ve daha ka\u00e7\u0131r\u0131lm\u0131\u015f \u00f6nemli eserlerin geri al\u0131narak yeni Antalya m\u00fczesinde sergilenece\u011fi de d\u00fc\u015f\u00fcn\u00fclmektedir. &hellip;\" \/>\n<meta property=\"og:url\" content=\"https:\/\/denizcankizil.tr\/uk\/haberler\/gundem\/antalyada-muze-gerilimi-kentin-hafizasina-vurulacak-kulturel-darbe\/\" \/>\n<meta property=\"og:site_name\" content=\"Av. Deniz Can K\u0131z\u0131l\" \/>\n<meta property=\"article:published_time\" content=\"2025-04-17T09:41:52+00:00\" \/>\n<meta name=\"author\" content=\"Antalya K\u00f6rfez\" \/>\n<meta name=\"twitter:card\" content=\"summary_large_image\" \/>\n<meta name=\"twitter:label1\" content=\"\u041d\u0430\u043f\u0438\u0441\u0430\u043d\u043e\" \/>\n\t<meta name=\"twitter:data1\" content=\"Antalya K\u00f6rfez\" \/>\n\t<meta name=\"twitter:label2\" content=\"\u041f\u0440\u0438\u0431\u043b. \u0447\u0430\u0441 \u0447\u0438\u0442\u0430\u043d\u043d\u044f\" \/>\n\t<meta name=\"twitter:data2\" content=\"6 \u0445\u0432\u0438\u043b\u0438\u043d\" \/>\n<script type=\"application\/ld+json\" class=\"yoast-schema-graph\">{\"@context\":\"https:\/\/schema.org\",\"@graph\":[{\"@type\":\"Article\",\"@id\":\"https:\/\/denizcankizil.tr\/de\/haberler\/gundem\/antalyada-muze-gerilimi-kentin-hafizasina-vurulacak-kulturel-darbe\/#article\",\"isPartOf\":{\"@id\":\"https:\/\/denizcankizil.tr\/de\/haberler\/gundem\/antalyada-muze-gerilimi-kentin-hafizasina-vurulacak-kulturel-darbe\/\"},\"author\":{\"name\":\"Antalya K\u00f6rfez\",\"@id\":\"https:\/\/denizcankizil.tr\/#\/schema\/person\/e1eb71bb4dd684d46563f0af307e1234\"},\"headline\":\"Antalya\u2019da m\u00fcze gerilimi! Kentin haf\u0131zas\u0131na vurulacak k\u00fclt\u00fcrel darbe\",\"datePublished\":\"2025-04-17T09:41:52+00:00\",\"mainEntityOfPage\":{\"@id\":\"https:\/\/denizcankizil.tr\/de\/haberler\/gundem\/antalyada-muze-gerilimi-kentin-hafizasina-vurulacak-kulturel-darbe\/\"},\"wordCount\":1143,\"publisher\":{\"@id\":\"https:\/\/denizcankizil.tr\/#organization\"},\"articleSection\":[\"G\u00fcndem\"],\"inLanguage\":\"uk\"},{\"@type\":\"WebPage\",\"@id\":\"https:\/\/denizcankizil.tr\/de\/haberler\/gundem\/antalyada-muze-gerilimi-kentin-hafizasina-vurulacak-kulturel-darbe\/\",\"url\":\"https:\/\/denizcankizil.tr\/de\/haberler\/gundem\/antalyada-muze-gerilimi-kentin-hafizasina-vurulacak-kulturel-darbe\/\",\"name\":\"Antalya\u2019da m\u00fcze gerilimi! Kentin haf\u0131zas\u0131na vurulacak k\u00fclt\u00fcrel darbe - Av. Deniz Can K\u0131z\u0131l\",\"isPartOf\":{\"@id\":\"https:\/\/denizcankizil.tr\/#website\"},\"datePublished\":\"2025-04-17T09:41:52+00:00\",\"breadcrumb\":{\"@id\":\"https:\/\/denizcankizil.tr\/de\/haberler\/gundem\/antalyada-muze-gerilimi-kentin-hafizasina-vurulacak-kulturel-darbe\/#breadcrumb\"},\"inLanguage\":\"uk\",\"potentialAction\":[{\"@type\":\"ReadAction\",\"target\":[\"https:\/\/denizcankizil.tr\/de\/haberler\/gundem\/antalyada-muze-gerilimi-kentin-hafizasina-vurulacak-kulturel-darbe\/\"]}]},{\"@type\":\"BreadcrumbList\",\"@id\":\"https:\/\/denizcankizil.tr\/de\/haberler\/gundem\/antalyada-muze-gerilimi-kentin-hafizasina-vurulacak-kulturel-darbe\/#breadcrumb\",\"itemListElement\":[{\"@type\":\"ListItem\",\"position\":1,\"name\":\"Home\",\"item\":\"https:\/\/denizcankizil.tr\/de\/\"},{\"@type\":\"ListItem\",\"position\":2,\"name\":\"Antalya\u2019da m\u00fcze gerilimi! Kentin haf\u0131zas\u0131na vurulacak k\u00fclt\u00fcrel darbe\"}]},{\"@type\":\"WebSite\",\"@id\":\"https:\/\/denizcankizil.tr\/#website\",\"url\":\"https:\/\/denizcankizil.tr\/\",\"name\":\"Av. Deniz Can K\u0131z\u0131l\",\"description\":\"Avukat Deniz Can K\u0131z\u0131l Antalya Barosu\",\"publisher\":{\"@id\":\"https:\/\/denizcankizil.tr\/#organization\"},\"potentialAction\":[{\"@type\":\"SearchAction\",\"target\":{\"@type\":\"EntryPoint\",\"urlTemplate\":\"https:\/\/denizcankizil.tr\/?s={search_term_string}\"},\"query-input\":{\"@type\":\"PropertyValueSpecification\",\"valueRequired\":true,\"valueName\":\"search_term_string\"}}],\"inLanguage\":\"uk\"},{\"@type\":\"Organization\",\"@id\":\"https:\/\/denizcankizil.tr\/#organization\",\"name\":\"Av. Deniz Can K\u0131z\u0131l\",\"url\":\"https:\/\/denizcankizil.tr\/\",\"logo\":{\"@type\":\"ImageObject\",\"inLanguage\":\"uk\",\"@id\":\"https:\/\/denizcankizil.tr\/#\/schema\/logo\/image\/\",\"url\":\"http:\/\/denizcankizil.tr\/wp-content\/uploads\/2024\/10\/siyah-logo-svg.svg\",\"contentUrl\":\"http:\/\/denizcankizil.tr\/wp-content\/uploads\/2024\/10\/siyah-logo-svg.svg\",\"width\":1080,\"height\":1080,\"caption\":\"Av. Deniz Can K\u0131z\u0131l\"},\"image\":{\"@id\":\"https:\/\/denizcankizil.tr\/#\/schema\/logo\/image\/\"}},{\"@type\":\"Person\",\"@id\":\"https:\/\/denizcankizil.tr\/#\/schema\/person\/e1eb71bb4dd684d46563f0af307e1234\",\"name\":\"Antalya K\u00f6rfez\",\"image\":{\"@type\":\"ImageObject\",\"inLanguage\":\"uk\",\"@id\":\"https:\/\/denizcankizil.tr\/#\/schema\/person\/image\/\",\"url\":\"https:\/\/secure.gravatar.com\/avatar\/42b01982558a48a0b501fdcab6a408d3717ea5919095ee2e67b0e521799c5905?s=96&d=mm&r=g\",\"contentUrl\":\"https:\/\/secure.gravatar.com\/avatar\/42b01982558a48a0b501fdcab6a408d3717ea5919095ee2e67b0e521799c5905?s=96&d=mm&r=g\",\"caption\":\"Antalya K\u00f6rfez\"},\"sameAs\":[\"http:\/\/www.antalyakorfez.com\"],\"url\":\"https:\/\/www.antalyakorfez.com\/antalyada-muze-gerilimi-kentin-hafizasina-vurulacak-kulturel-darbe\"}]}<\/script>\n<!-- \/ Yoast SEO Premium plugin. -->","yoast_head_json":{"title":"Antalya\u2019da m\u00fcze gerilimi! Kentin haf\u0131zas\u0131na vurulacak k\u00fclt\u00fcrel darbe - Av. Deniz Can K\u0131z\u0131l","robots":{"index":"index","follow":"follow","max-snippet":"max-snippet:-1","max-image-preview":"max-image-preview:large","max-video-preview":"max-video-preview:-1"},"canonical":"https:\/\/denizcankizil.tr\/uk\/haberler\/gundem\/antalyada-muze-gerilimi-kentin-hafizasina-vurulacak-kulturel-darbe\/","og_locale":"uk_UA","og_type":"article","og_title":"Antalya\u2019da m\u00fcze gerilimi! Kentin haf\u0131zas\u0131na vurulacak k\u00fclt\u00fcrel darbe","og_description":"Antalya\u2019da y\u0131k\u0131lmas\u0131 g\u00fcndemde olan Antalya Arkeoloji M\u00fczesi g\u00fcndemdeki yerini korumaya devam ediyor. Mimarlar Odas\u0131 Antalya \u015eubesi Antalya Arkeoloji M\u00fczesi\u2019ni korunmas\u0131na y\u00f6nelik \u00f6nemli bir \u00e7a\u011fr\u0131da bulundu. K\u00fclt\u00fcr ve Turizm Bakanl\u0131\u011f\u0131na da yaz\u0131l\u0131 olarak iletilen talepte Antalya Arkeoloji M\u00fczesi\u2019ni d\u00fcnyadaki say\u0131l\u0131 m\u00fczelerden birisi oldu\u011fu ve korunmas\u0131 gerekti\u011fi talep edildi. CHP\u2019li Co\u015far ise Antalya\u2019n\u0131n k\u00fclt\u00fcrel miras\u0131 ve kent haf\u0131zas\u0131n\u0131n bir par\u00e7as\u0131 olarak g\u00f6r\u00fclen Antalya Arkeoloji M\u00fczesi\u2019nin y\u0131k\u0131lma \u00e7abas\u0131n\u0131n AK Parti\u2019nin yeni rant projelerinin devam\u0131 oldu\u011funu belirtti. GEREKL\u0130 \u00d6ZEN\u0130N G\u00d6STER\u0130LMED\u0130 Mimarlar Odas\u0131 Antalya \u015eubesi taraf\u0131ndan yap\u0131lan yaz\u0131l\u0131 a\u00e7\u0131klamada, Antalya m\u00fczesine K\u00fclt\u00fcr ve Turizm Bakanl\u0131\u011f\u0131nca uzun y\u0131llard\u0131r gerekli \u00f6zenin g\u00f6sterilmedi\u011fine dikkat \u00e7ekildi. A\u00e7\u0131klamada, \u201cAncak bu d\u00f6nem bu g\u00fcnlerde kentte tart\u0131\u015f\u0131ld\u0131\u011f\u0131 gibi kentimizde bakanl\u0131k\u00e7a yeni bir m\u00fcze yap\u0131lmas\u0131 giri\u015fimleri taraf\u0131m\u0131zdan \u00f6nemli ve olumlu kar\u015f\u0131lanmakta. M\u00fczede Paleolitik \u00e7a\u011fdan g\u00fcn\u00fcm\u00fcze kadar olduk\u00e7a fazla d\u00f6nemlere ait eserlerin bulunmas\u0131 d\u00fcnyadaki \u00f6nemini art\u0131r\u0131yor. Bilindi\u011fi gibi Antalya antik kentlerinde kaz\u0131lar devam ediyor. Hatta kaz\u0131 \u00e7al\u0131\u015fmalar\u0131 ba\u015flamam\u0131\u015f antik kentler de bulunuyor\u201d denildi. M\u00dcZE ALANININ ARTIRILMASI GEREK\u0130YOR Kaz\u0131 \u00e7al\u0131\u015fmalar\u0131n devam etti\u011fi alanlarda \u00e7ok say\u0131da eserin \u00e7\u0131kar\u0131lma ihtimalinin oldu\u011funu de\u011ferlendiren Mimarlar Odas\u0131 Antalya \u015eubesi, \u201cDi\u011fer yandan Bakanl\u0131\u011f\u0131n giri\u015fimleri ile \u00fclkemizin topraklar\u0131ndan ka\u00e7\u0131r\u0131lan eserlerin, yap\u0131ld\u0131\u011f\u0131 ve bulundu\u011fu topraklara geri d\u00f6nd\u00fcr\u00fclmesi \u00e7al\u0131\u015fmalar\u0131n\u0131n devam edece\u011fi ve daha ka\u00e7\u0131r\u0131lm\u0131\u015f \u00f6nemli eserlerin geri al\u0131narak yeni Antalya m\u00fczesinde sergilenece\u011fi de d\u00fc\u015f\u00fcn\u00fclmektedir. &hellip;","og_url":"https:\/\/denizcankizil.tr\/uk\/haberler\/gundem\/antalyada-muze-gerilimi-kentin-hafizasina-vurulacak-kulturel-darbe\/","og_site_name":"Av. Deniz Can K\u0131z\u0131l","article_published_time":"2025-04-17T09:41:52+00:00","author":"Antalya K\u00f6rfez","twitter_card":"summary_large_image","twitter_misc":{"\u041d\u0430\u043f\u0438\u0441\u0430\u043d\u043e":"Antalya K\u00f6rfez","\u041f\u0440\u0438\u0431\u043b. \u0447\u0430\u0441 \u0447\u0438\u0442\u0430\u043d\u043d\u044f":"6 \u0445\u0432\u0438\u043b\u0438\u043d"},"schema":{"@context":"https:\/\/schema.org","@graph":[{"@type":"Article","@id":"https:\/\/denizcankizil.tr\/de\/haberler\/gundem\/antalyada-muze-gerilimi-kentin-hafizasina-vurulacak-kulturel-darbe\/#article","isPartOf":{"@id":"https:\/\/denizcankizil.tr\/de\/haberler\/gundem\/antalyada-muze-gerilimi-kentin-hafizasina-vurulacak-kulturel-darbe\/"},"author":{"name":"Antalya K\u00f6rfez","@id":"https:\/\/denizcankizil.tr\/#\/schema\/person\/e1eb71bb4dd684d46563f0af307e1234"},"headline":"Antalya\u2019da m\u00fcze gerilimi! Kentin haf\u0131zas\u0131na vurulacak k\u00fclt\u00fcrel darbe","datePublished":"2025-04-17T09:41:52+00:00","mainEntityOfPage":{"@id":"https:\/\/denizcankizil.tr\/de\/haberler\/gundem\/antalyada-muze-gerilimi-kentin-hafizasina-vurulacak-kulturel-darbe\/"},"wordCount":1143,"publisher":{"@id":"https:\/\/denizcankizil.tr\/#organization"},"articleSection":["G\u00fcndem"],"inLanguage":"uk"},{"@type":"WebPage","@id":"https:\/\/denizcankizil.tr\/de\/haberler\/gundem\/antalyada-muze-gerilimi-kentin-hafizasina-vurulacak-kulturel-darbe\/","url":"https:\/\/denizcankizil.tr\/de\/haberler\/gundem\/antalyada-muze-gerilimi-kentin-hafizasina-vurulacak-kulturel-darbe\/","name":"Antalya\u2019da m\u00fcze gerilimi! Kentin haf\u0131zas\u0131na vurulacak k\u00fclt\u00fcrel darbe - Av. Deniz Can K\u0131z\u0131l","isPartOf":{"@id":"https:\/\/denizcankizil.tr\/#website"},"datePublished":"2025-04-17T09:41:52+00:00","breadcrumb":{"@id":"https:\/\/denizcankizil.tr\/de\/haberler\/gundem\/antalyada-muze-gerilimi-kentin-hafizasina-vurulacak-kulturel-darbe\/#breadcrumb"},"inLanguage":"uk","potentialAction":[{"@type":"ReadAction","target":["https:\/\/denizcankizil.tr\/de\/haberler\/gundem\/antalyada-muze-gerilimi-kentin-hafizasina-vurulacak-kulturel-darbe\/"]}]},{"@type":"BreadcrumbList","@id":"https:\/\/denizcankizil.tr\/de\/haberler\/gundem\/antalyada-muze-gerilimi-kentin-hafizasina-vurulacak-kulturel-darbe\/#breadcrumb","itemListElement":[{"@type":"ListItem","position":1,"name":"Home","item":"https:\/\/denizcankizil.tr\/de\/"},{"@type":"ListItem","position":2,"name":"Antalya\u2019da m\u00fcze gerilimi! Kentin haf\u0131zas\u0131na vurulacak k\u00fclt\u00fcrel darbe"}]},{"@type":"WebSite","@id":"https:\/\/denizcankizil.tr\/#website","url":"https:\/\/denizcankizil.tr\/","name":"Av. Deniz Can K\u0131z\u0131l","description":"Avukat Deniz Can K\u0131z\u0131l Antalya Barosu","publisher":{"@id":"https:\/\/denizcankizil.tr\/#organization"},"potentialAction":[{"@type":"SearchAction","target":{"@type":"EntryPoint","urlTemplate":"https:\/\/denizcankizil.tr\/?s={search_term_string}"},"query-input":{"@type":"PropertyValueSpecification","valueRequired":true,"valueName":"search_term_string"}}],"inLanguage":"uk"},{"@type":"Organization","@id":"https:\/\/denizcankizil.tr\/#organization","name":"Av. Deniz Can K\u0131z\u0131l","url":"https:\/\/denizcankizil.tr\/","logo":{"@type":"ImageObject","inLanguage":"uk","@id":"https:\/\/denizcankizil.tr\/#\/schema\/logo\/image\/","url":"http:\/\/denizcankizil.tr\/wp-content\/uploads\/2024\/10\/siyah-logo-svg.svg","contentUrl":"http:\/\/denizcankizil.tr\/wp-content\/uploads\/2024\/10\/siyah-logo-svg.svg","width":1080,"height":1080,"caption":"Av. Deniz Can K\u0131z\u0131l"},"image":{"@id":"https:\/\/denizcankizil.tr\/#\/schema\/logo\/image\/"}},{"@type":"Person","@id":"https:\/\/denizcankizil.tr\/#\/schema\/person\/e1eb71bb4dd684d46563f0af307e1234","name":"Antalya K\u00f6rfez","image":{"@type":"ImageObject","inLanguage":"uk","@id":"https:\/\/denizcankizil.tr\/#\/schema\/person\/image\/","url":"https:\/\/secure.gravatar.com\/avatar\/42b01982558a48a0b501fdcab6a408d3717ea5919095ee2e67b0e521799c5905?s=96&d=mm&r=g","contentUrl":"https:\/\/secure.gravatar.com\/avatar\/42b01982558a48a0b501fdcab6a408d3717ea5919095ee2e67b0e521799c5905?s=96&d=mm&r=g","caption":"Antalya K\u00f6rfez"},"sameAs":["http:\/\/www.antalyakorfez.com"],"url":"https:\/\/www.antalyakorfez.com\/antalyada-muze-gerilimi-kentin-hafizasina-vurulacak-kulturel-darbe"}]}},"_links":{"self":[{"href":"http:\/\/denizcankizil.tr\/uk\/wp-json\/wp\/v2\/posts\/58397","targetHints":{"allow":["GET"]}}],"collection":[{"href":"http:\/\/denizcankizil.tr\/uk\/wp-json\/wp\/v2\/posts"}],"about":[{"href":"http:\/\/denizcankizil.tr\/uk\/wp-json\/wp\/v2\/types\/post"}],"author":[{"embeddable":true,"href":"http:\/\/denizcankizil.tr\/uk\/wp-json\/wp\/v2\/users\/5"}],"replies":[{"embeddable":true,"href":"http:\/\/denizcankizil.tr\/uk\/wp-json\/wp\/v2\/comments?post=58397"}],"version-history":[{"count":0,"href":"http:\/\/denizcankizil.tr\/uk\/wp-json\/wp\/v2\/posts\/58397\/revisions"}],"wp:attachment":[{"href":"http:\/\/denizcankizil.tr\/uk\/wp-json\/wp\/v2\/media?parent=58397"}],"wp:term":[{"taxonomy":"category","embeddable":true,"href":"http:\/\/denizcankizil.tr\/uk\/wp-json\/wp\/v2\/categories?post=58397"},{"taxonomy":"post_tag","embeddable":true,"href":"http:\/\/denizcankizil.tr\/uk\/wp-json\/wp\/v2\/tags?post=58397"}],"curies":[{"name":"wp","href":"https:\/\/api.w.org\/{rel}","templated":true}]}}