{"id":56650,"date":"2025-04-15T18:09:00","date_gmt":"2025-04-15T15:09:00","guid":{"rendered":"https:\/\/denizcankizil.tr\/uncategorized-tr\/kamu-kurum-ve-kuruluslarinda-gorev-yapanlar-ile-sigortali-olarak-calisanlarin-avukatlik-staji-hakkinda-yonetmelik-iptal-edildi\/"},"modified":"2025-04-15T18:09:00","modified_gmt":"2025-04-15T15:09:00","slug":"kamu-kurum-ve-kuruluslarinda-gorev-yapanlar-ile-sigortali-olarak-calisanlarin-avukatlik-staji-hakkinda-yonetmelik-iptal-edildi","status":"publish","type":"post","link":"http:\/\/denizcankizil.tr\/uk\/hukukihaber\/kamu-kurum-ve-kuruluslarinda-gorev-yapanlar-ile-sigortali-olarak-calisanlarin-avukatlik-staji-hakkinda-yonetmelik-iptal-edildi\/","title":{"rendered":"Kamu Kurum ve Kurulu\u015flar\u0131nda G\u00f6rev Yapanlar \u0130le Sigortal\u0131 Olarak \u00c7al\u0131\u015fanlar\u0131n Avukatl\u0131k Staj\u0131 Hakk\u0131nda Y\u00f6netmelik iptal edildi"},"content":{"rendered":"<p>22.06.2022 tarihli ve 31874 say\u0131l\u0131 Resm\u00ee Gazete\u2019de yay\u0131mlanarak y\u00fcr\u00fcrl\u00fc\u011fe giren \u201cKamu Kurum ve Kurulu\u015flar\u0131nda G\u00f6rev Yapanlar ile Sigortal\u0131 Olarak \u00c7al\u0131\u015fanlar\u0131n Avukatl\u0131k Staj\u0131 Hakk\u0131nda Y\u00f6netmelik\u201din tamam\u0131n\u0131n iptali istemiyle T\u00fcrkiye Barolar Birli\u011fi taraf\u0131ndan a\u00e7\u0131lan davada;<\/p>\n<p>Dan\u0131\u015ftay 8. Daire Ba\u015fkanl\u0131\u011f\u0131n\u0131n 12.02.2025 tarihli E.2022\/6028, K.2025\/684 say\u0131l\u0131 karar\u0131yla, Anayasa Mahkemesi taraf\u0131ndan dava konusu Y\u00f6netmelik\u2019in dayana\u011f\u0131 olan Avukatl\u0131k Kanunu\u2019nun 16. maddesindeki d\u00fczenlemenin iptaline karar verildi\u011fi, an\u0131lan kararla Adalet Bakanl\u0131\u011f\u0131na yetki veren dayanak h\u00fckm\u00fcn hukuka ayk\u0131r\u0131l\u0131\u011f\u0131n\u0131n Anayasa Mahkemesince ortaya kondu\u011fu, yetkili makam yerine bir ba\u015fka makam\u0131n d\u00fczenleyici i\u015flem tesis etmesinin i\u015flemi yetki y\u00f6n\u00fcnden hukuka ayk\u0131r\u0131 hale getirece\u011fi gerek\u00e7eleriyle dava konusu Y\u00f6netmelik\u2019in iptaline oybirli\u011fiyle karar verilmi\u015ftir.<\/p>\n<p>Dan\u0131\u015ftay\u00a0karar\u0131nda &#8220;\u0130dari i\u015flemin temel unsurlar\u0131ndan olan yetki, ayn\u0131 zamanda kamu d\u00fczenine ili\u015fkin oldu\u011fundan idari i\u015flemlerin. Anayasa ve yasalar\u0131n yetkili k\u0131ld\u0131\u011f\u0131 idare, makam ve kamu g\u00f6revlileri taraf\u0131ndan tesis edilmesi zorunlu olup, yetkili makam yerine bir ba\u015fka makam\u0131n bireysel ya da d\u00fczenleyici i\u015flem tesis etmesinin i\u015flemi yetki y\u00f6n\u00fcnden hukuka ayk\u0131r\u0131 hale getirece\u011fi a\u00e7\u0131kt\u0131r.<\/p>\n<p>Bu itibarla; an\u0131lan Anayasa Mahkemesi karar\u0131nda da belirtildi\u011fi \u00fczere yetkisiz makam olan Adalet Bakanl\u0131\u011f\u0131 taraf\u0131ndan y\u00fcr\u00fcrl\u00fc\u011fe konulmu\u015f olan ve dayanak h\u00fckm\u00fc iptal edilen Kamu Kurum ve Kurulu\u015flar\u0131nda G\u00f6rev Yapanlar ite Sigortal\u0131 Olarak \u00c7al\u0131\u015fanlar\u0131n Avukatl\u0131k Staj\u0131 Hakk\u0131nda Y\u00f6netmeli\u011fin iptali gerekmektedir.&#8221; denildi.<\/p>\n<p>&gt;&gt;\u00a0Karar\u0131 g\u00f6r\u00fcnt\u00fclemek i\u00e7in t\u0131klay\u0131n\u0131z<\/p>\n<p>\u200bDan\u0131\u015ftay 8. Daire&#8217;nin karar\u0131 ile Kamu Kurum ve Kurulu\u015flar\u0131nda G\u00f6rev Yapanlar \u0130le Sigortal\u0131 Olarak \u00c7al\u0131\u015fanlar\u0131n Avukatl\u0131k Staj\u0131 Hakk\u0131nda Y\u00f6netmelik, T\u00fcrkiye Barolar Birli\u011fi&#8217;nin ba\u015fvurusu \u00fczerine iptal edildi.\u00a0Hukuki Haber<\/p>","protected":false},"excerpt":{"rendered":"<p>22.06.2022 tarihli ve 31874 say\u0131l\u0131 Resm\u00ee Gazete\u2019de yay\u0131mlanarak y\u00fcr\u00fcrl\u00fc\u011fe giren \u201cKamu Kurum ve Kurulu\u015flar\u0131nda G\u00f6rev Yapanlar ile Sigortal\u0131 Olarak \u00c7al\u0131\u015fanlar\u0131n Avukatl\u0131k Staj\u0131 Hakk\u0131nda Y\u00f6netmelik\u201din tamam\u0131n\u0131n iptali istemiyle T\u00fcrkiye Barolar Birli\u011fi taraf\u0131ndan a\u00e7\u0131lan davada; Dan\u0131\u015ftay 8. Daire Ba\u015fkanl\u0131\u011f\u0131n\u0131n 12.02.2025 tarihli E.2022\/6028, K.2025\/684 say\u0131l\u0131 karar\u0131yla, Anayasa Mahkemesi taraf\u0131ndan dava konusu Y\u00f6netmelik\u2019in dayana\u011f\u0131 olan Avukatl\u0131k Kanunu\u2019nun 16. maddesindeki d\u00fczenlemenin iptaline karar verildi\u011fi, an\u0131lan kararla Adalet Bakanl\u0131\u011f\u0131na yetki veren dayanak h\u00fckm\u00fcn hukuka ayk\u0131r\u0131l\u0131\u011f\u0131n\u0131n Anayasa Mahkemesince ortaya kondu\u011fu, yetkili makam yerine bir ba\u015fka makam\u0131n d\u00fczenleyici i\u015flem tesis etmesinin i\u015flemi yetki y\u00f6n\u00fcnden hukuka ayk\u0131r\u0131 hale getirece\u011fi gerek\u00e7eleriyle dava konusu Y\u00f6netmelik\u2019in iptaline oybirli\u011fiyle karar verilmi\u015ftir. Dan\u0131\u015ftay\u00a0karar\u0131nda &#8220;\u0130dari i\u015flemin temel unsurlar\u0131ndan olan yetki, ayn\u0131 zamanda kamu d\u00fczenine ili\u015fkin oldu\u011fundan idari i\u015flemlerin. Anayasa ve yasalar\u0131n yetkili k\u0131ld\u0131\u011f\u0131 idare, makam ve kamu g\u00f6revlileri taraf\u0131ndan tesis edilmesi zorunlu olup, yetkili makam yerine bir ba\u015fka makam\u0131n bireysel ya da d\u00fczenleyici i\u015flem tesis etmesinin i\u015flemi yetki y\u00f6n\u00fcnden hukuka ayk\u0131r\u0131 hale getirece\u011fi a\u00e7\u0131kt\u0131r. Bu itibarla; an\u0131lan Anayasa Mahkemesi karar\u0131nda da belirtildi\u011fi \u00fczere yetkisiz makam olan Adalet Bakanl\u0131\u011f\u0131 taraf\u0131ndan y\u00fcr\u00fcrl\u00fc\u011fe konulmu\u015f olan ve dayanak h\u00fckm\u00fc iptal edilen Kamu Kurum ve Kurulu\u015flar\u0131nda G\u00f6rev Yapanlar ite Sigortal\u0131 Olarak \u00c7al\u0131\u015fanlar\u0131n Avukatl\u0131k Staj\u0131 Hakk\u0131nda Y\u00f6netmeli\u011fin iptali gerekmektedir.&#8221; denildi. &gt;&gt;\u00a0Karar\u0131 g\u00f6r\u00fcnt\u00fclemek i\u00e7in t\u0131klay\u0131n\u0131z \u200bDan\u0131\u015ftay 8. Daire&#8217;nin karar\u0131 ile Kamu Kurum &hellip;<\/p>","protected":false},"author":3,"featured_media":0,"comment_status":"","ping_status":"open","sticky":false,"template":"","format":"standard","meta":{"_acf_changed":false,"footnotes":""},"categories":[27],"tags":[],"class_list":["post-56650","post","type-post","status-publish","format-standard","has-post-thumbnail","hentry","category-hukukihaber"],"acf":[],"yoast_head":"<!-- This site is optimized with the Yoast SEO Premium plugin v26.6 (Yoast SEO v27.1.1) - https:\/\/yoast.com\/product\/yoast-seo-premium-wordpress\/ -->\n<title>Kamu Kurum ve Kurulu\u015flar\u0131nda G\u00f6rev Yapanlar \u0130le Sigortal\u0131 Olarak \u00c7al\u0131\u015fanlar\u0131n Avukatl\u0131k Staj\u0131 Hakk\u0131nda Y\u00f6netmelik iptal edildi - Av. Deniz Can K\u0131z\u0131l<\/title>\n<meta name=\"robots\" content=\"index, follow, max-snippet:-1, max-image-preview:large, max-video-preview:-1\" \/>\n<link rel=\"canonical\" href=\"https:\/\/denizcankizil.tr\/uk\/hukukihaber\/kamu-kurum-ve-kuruluslarinda-gorev-yapanlar-ile-sigortali-olarak-calisanlarin-avukatlik-staji-hakkinda-yonetmelik-iptal-edildi\/\" \/>\n<meta property=\"og:locale\" content=\"uk_UA\" \/>\n<meta property=\"og:type\" content=\"article\" \/>\n<meta property=\"og:title\" content=\"Kamu Kurum ve Kurulu\u015flar\u0131nda G\u00f6rev Yapanlar \u0130le Sigortal\u0131 Olarak \u00c7al\u0131\u015fanlar\u0131n Avukatl\u0131k Staj\u0131 Hakk\u0131nda Y\u00f6netmelik iptal edildi\" \/>\n<meta property=\"og:description\" content=\"22.06.2022 tarihli ve 31874 say\u0131l\u0131 Resm\u00ee Gazete\u2019de yay\u0131mlanarak y\u00fcr\u00fcrl\u00fc\u011fe giren \u201cKamu Kurum ve Kurulu\u015flar\u0131nda G\u00f6rev Yapanlar ile Sigortal\u0131 Olarak \u00c7al\u0131\u015fanlar\u0131n Avukatl\u0131k Staj\u0131 Hakk\u0131nda Y\u00f6netmelik\u201din tamam\u0131n\u0131n iptali istemiyle T\u00fcrkiye Barolar Birli\u011fi taraf\u0131ndan a\u00e7\u0131lan davada; Dan\u0131\u015ftay 8. Daire Ba\u015fkanl\u0131\u011f\u0131n\u0131n 12.02.2025 tarihli E.2022\/6028, K.2025\/684 say\u0131l\u0131 karar\u0131yla, Anayasa Mahkemesi taraf\u0131ndan dava konusu Y\u00f6netmelik\u2019in dayana\u011f\u0131 olan Avukatl\u0131k Kanunu\u2019nun 16. maddesindeki d\u00fczenlemenin iptaline karar verildi\u011fi, an\u0131lan kararla Adalet Bakanl\u0131\u011f\u0131na yetki veren dayanak h\u00fckm\u00fcn hukuka ayk\u0131r\u0131l\u0131\u011f\u0131n\u0131n Anayasa Mahkemesince ortaya kondu\u011fu, yetkili makam yerine bir ba\u015fka makam\u0131n d\u00fczenleyici i\u015flem tesis etmesinin i\u015flemi yetki y\u00f6n\u00fcnden hukuka ayk\u0131r\u0131 hale getirece\u011fi gerek\u00e7eleriyle dava konusu Y\u00f6netmelik\u2019in iptaline oybirli\u011fiyle karar verilmi\u015ftir. Dan\u0131\u015ftay\u00a0karar\u0131nda &#8220;\u0130dari i\u015flemin temel unsurlar\u0131ndan olan yetki, ayn\u0131 zamanda kamu d\u00fczenine ili\u015fkin oldu\u011fundan idari i\u015flemlerin. Anayasa ve yasalar\u0131n yetkili k\u0131ld\u0131\u011f\u0131 idare, makam ve kamu g\u00f6revlileri taraf\u0131ndan tesis edilmesi zorunlu olup, yetkili makam yerine bir ba\u015fka makam\u0131n bireysel ya da d\u00fczenleyici i\u015flem tesis etmesinin i\u015flemi yetki y\u00f6n\u00fcnden hukuka ayk\u0131r\u0131 hale getirece\u011fi a\u00e7\u0131kt\u0131r. Bu itibarla; an\u0131lan Anayasa Mahkemesi karar\u0131nda da belirtildi\u011fi \u00fczere yetkisiz makam olan Adalet Bakanl\u0131\u011f\u0131 taraf\u0131ndan y\u00fcr\u00fcrl\u00fc\u011fe konulmu\u015f olan ve dayanak h\u00fckm\u00fc iptal edilen Kamu Kurum ve Kurulu\u015flar\u0131nda G\u00f6rev Yapanlar ite Sigortal\u0131 Olarak \u00c7al\u0131\u015fanlar\u0131n Avukatl\u0131k Staj\u0131 Hakk\u0131nda Y\u00f6netmeli\u011fin iptali gerekmektedir.&#8221; denildi. &gt;&gt;\u00a0Karar\u0131 g\u00f6r\u00fcnt\u00fclemek i\u00e7in t\u0131klay\u0131n\u0131z \u200bDan\u0131\u015ftay 8. Daire&#8217;nin karar\u0131 ile Kamu Kurum &hellip;\" \/>\n<meta property=\"og:url\" content=\"https:\/\/denizcankizil.tr\/uk\/hukukihaber\/kamu-kurum-ve-kuruluslarinda-gorev-yapanlar-ile-sigortali-olarak-calisanlarin-avukatlik-staji-hakkinda-yonetmelik-iptal-edildi\/\" \/>\n<meta property=\"og:site_name\" content=\"Av. Deniz Can K\u0131z\u0131l\" \/>\n<meta property=\"article:published_time\" content=\"2025-04-15T15:09:00+00:00\" \/>\n<meta name=\"author\" content=\"Hukuki Haber.net\" \/>\n<meta name=\"twitter:card\" content=\"summary_large_image\" \/>\n<meta name=\"twitter:label1\" content=\"\u041d\u0430\u043f\u0438\u0441\u0430\u043d\u043e\" \/>\n\t<meta name=\"twitter:data1\" content=\"Hukuki Haber.net\" \/>\n\t<meta name=\"twitter:label2\" content=\"\u041f\u0440\u0438\u0431\u043b. \u0447\u0430\u0441 \u0447\u0438\u0442\u0430\u043d\u043d\u044f\" \/>\n\t<meta name=\"twitter:data2\" content=\"2 \u0445\u0432\u0438\u043b\u0438\u043d\u0438\" \/>\n<script type=\"application\/ld+json\" class=\"yoast-schema-graph\">{\"@context\":\"https:\/\/schema.org\",\"@graph\":[{\"@type\":\"Article\",\"@id\":\"https:\/\/denizcankizil.tr\/en\/hukukihaber\/kamu-kurum-ve-kuruluslarinda-gorev-yapanlar-ile-sigortali-olarak-calisanlarin-avukatlik-staji-hakkinda-yonetmelik-iptal-edildi\/#article\",\"isPartOf\":{\"@id\":\"https:\/\/denizcankizil.tr\/en\/hukukihaber\/kamu-kurum-ve-kuruluslarinda-gorev-yapanlar-ile-sigortali-olarak-calisanlarin-avukatlik-staji-hakkinda-yonetmelik-iptal-edildi\/\"},\"author\":{\"name\":\"Hukuki Haber.net\",\"@id\":\"https:\/\/denizcankizil.tr\/de\/#\/schema\/person\/001a271de994a0aa3f90eea084424822\"},\"headline\":\"Kamu Kurum ve Kurulu\u015flar\u0131nda G\u00f6rev Yapanlar \u0130le Sigortal\u0131 Olarak \u00c7al\u0131\u015fanlar\u0131n Avukatl\u0131k Staj\u0131 Hakk\u0131nda Y\u00f6netmelik iptal edildi\",\"datePublished\":\"2025-04-15T15:09:00+00:00\",\"mainEntityOfPage\":{\"@id\":\"https:\/\/denizcankizil.tr\/en\/hukukihaber\/kamu-kurum-ve-kuruluslarinda-gorev-yapanlar-ile-sigortali-olarak-calisanlarin-avukatlik-staji-hakkinda-yonetmelik-iptal-edildi\/\"},\"wordCount\":360,\"publisher\":{\"@id\":\"https:\/\/denizcankizil.tr\/de\/#organization\"},\"articleSection\":[\"Hukuki Haberler\"],\"inLanguage\":\"uk\"},{\"@type\":\"WebPage\",\"@id\":\"https:\/\/denizcankizil.tr\/en\/hukukihaber\/kamu-kurum-ve-kuruluslarinda-gorev-yapanlar-ile-sigortali-olarak-calisanlarin-avukatlik-staji-hakkinda-yonetmelik-iptal-edildi\/\",\"url\":\"https:\/\/denizcankizil.tr\/en\/hukukihaber\/kamu-kurum-ve-kuruluslarinda-gorev-yapanlar-ile-sigortali-olarak-calisanlarin-avukatlik-staji-hakkinda-yonetmelik-iptal-edildi\/\",\"name\":\"Kamu Kurum ve Kurulu\u015flar\u0131nda G\u00f6rev Yapanlar \u0130le Sigortal\u0131 Olarak \u00c7al\u0131\u015fanlar\u0131n Avukatl\u0131k Staj\u0131 Hakk\u0131nda Y\u00f6netmelik iptal edildi - Av. Deniz Can K\u0131z\u0131l\",\"isPartOf\":{\"@id\":\"https:\/\/denizcankizil.tr\/de\/#website\"},\"datePublished\":\"2025-04-15T15:09:00+00:00\",\"breadcrumb\":{\"@id\":\"https:\/\/denizcankizil.tr\/en\/hukukihaber\/kamu-kurum-ve-kuruluslarinda-gorev-yapanlar-ile-sigortali-olarak-calisanlarin-avukatlik-staji-hakkinda-yonetmelik-iptal-edildi\/#breadcrumb\"},\"inLanguage\":\"uk\",\"potentialAction\":[{\"@type\":\"ReadAction\",\"target\":[\"https:\/\/denizcankizil.tr\/en\/hukukihaber\/kamu-kurum-ve-kuruluslarinda-gorev-yapanlar-ile-sigortali-olarak-calisanlarin-avukatlik-staji-hakkinda-yonetmelik-iptal-edildi\/\"]}]},{\"@type\":\"BreadcrumbList\",\"@id\":\"https:\/\/denizcankizil.tr\/en\/hukukihaber\/kamu-kurum-ve-kuruluslarinda-gorev-yapanlar-ile-sigortali-olarak-calisanlarin-avukatlik-staji-hakkinda-yonetmelik-iptal-edildi\/#breadcrumb\",\"itemListElement\":[{\"@type\":\"ListItem\",\"position\":1,\"name\":\"Home\",\"item\":\"https:\/\/denizcankizil.tr\/de\/\"},{\"@type\":\"ListItem\",\"position\":2,\"name\":\"Kamu Kurum ve Kurulu\u015flar\u0131nda G\u00f6rev Yapanlar \u0130le Sigortal\u0131 Olarak \u00c7al\u0131\u015fanlar\u0131n Avukatl\u0131k Staj\u0131 Hakk\u0131nda Y\u00f6netmelik iptal edildi\"}]},{\"@type\":\"WebSite\",\"@id\":\"https:\/\/denizcankizil.tr\/de\/#website\",\"url\":\"https:\/\/denizcankizil.tr\/de\/\",\"name\":\"Av. Deniz Can K\u0131z\u0131l\",\"description\":\"Avukat Deniz Can K\u0131z\u0131l Antalya Barosu\",\"publisher\":{\"@id\":\"https:\/\/denizcankizil.tr\/de\/#organization\"},\"potentialAction\":[{\"@type\":\"SearchAction\",\"target\":{\"@type\":\"EntryPoint\",\"urlTemplate\":\"https:\/\/denizcankizil.tr\/de\/?s={search_term_string}\"},\"query-input\":{\"@type\":\"PropertyValueSpecification\",\"valueRequired\":true,\"valueName\":\"search_term_string\"}}],\"inLanguage\":\"uk\"},{\"@type\":\"Organization\",\"@id\":\"https:\/\/denizcankizil.tr\/de\/#organization\",\"name\":\"Av. Deniz Can K\u0131z\u0131l\",\"url\":\"https:\/\/denizcankizil.tr\/de\/\",\"logo\":{\"@type\":\"ImageObject\",\"inLanguage\":\"uk\",\"@id\":\"https:\/\/denizcankizil.tr\/de\/#\/schema\/logo\/image\/\",\"url\":\"http:\/\/denizcankizil.tr\/wp-content\/uploads\/2024\/10\/siyah-logo-svg.svg\",\"contentUrl\":\"http:\/\/denizcankizil.tr\/wp-content\/uploads\/2024\/10\/siyah-logo-svg.svg\",\"width\":1080,\"height\":1080,\"caption\":\"Av. Deniz Can K\u0131z\u0131l\"},\"image\":{\"@id\":\"https:\/\/denizcankizil.tr\/de\/#\/schema\/logo\/image\/\"}},{\"@type\":\"Person\",\"@id\":\"https:\/\/denizcankizil.tr\/de\/#\/schema\/person\/001a271de994a0aa3f90eea084424822\",\"name\":\"Hukuki Haber.net\",\"image\":{\"@type\":\"ImageObject\",\"inLanguage\":\"uk\",\"@id\":\"https:\/\/denizcankizil.tr\/de\/#\/schema\/person\/image\/\",\"url\":\"https:\/\/secure.gravatar.com\/avatar\/57d8a49151495586611a149d29fc42865b951dc053a84709a3172ccb5abf3118?s=96&d=mm&r=g\",\"contentUrl\":\"https:\/\/secure.gravatar.com\/avatar\/57d8a49151495586611a149d29fc42865b951dc053a84709a3172ccb5abf3118?s=96&d=mm&r=g\",\"caption\":\"Hukuki Haber.net\"},\"sameAs\":[\"http:\/\/www.hukukihaber.net\"],\"url\":\"https:\/\/www.hukukihaber.net\/kamu-kurum-ve-kuruluslarinda-gorev-yapanlar-ile-sigortali-olarak-calisanlarin-avukatlik-staji-hakkinda-yonetmelik-iptal-edildi\"}]}<\/script>\n<!-- \/ Yoast SEO Premium plugin. -->","yoast_head_json":{"title":"Kamu Kurum ve Kurulu\u015flar\u0131nda G\u00f6rev Yapanlar \u0130le Sigortal\u0131 Olarak \u00c7al\u0131\u015fanlar\u0131n Avukatl\u0131k Staj\u0131 Hakk\u0131nda Y\u00f6netmelik iptal edildi - Av. Deniz Can K\u0131z\u0131l","robots":{"index":"index","follow":"follow","max-snippet":"max-snippet:-1","max-image-preview":"max-image-preview:large","max-video-preview":"max-video-preview:-1"},"canonical":"https:\/\/denizcankizil.tr\/uk\/hukukihaber\/kamu-kurum-ve-kuruluslarinda-gorev-yapanlar-ile-sigortali-olarak-calisanlarin-avukatlik-staji-hakkinda-yonetmelik-iptal-edildi\/","og_locale":"uk_UA","og_type":"article","og_title":"Kamu Kurum ve Kurulu\u015flar\u0131nda G\u00f6rev Yapanlar \u0130le Sigortal\u0131 Olarak \u00c7al\u0131\u015fanlar\u0131n Avukatl\u0131k Staj\u0131 Hakk\u0131nda Y\u00f6netmelik iptal edildi","og_description":"22.06.2022 tarihli ve 31874 say\u0131l\u0131 Resm\u00ee Gazete\u2019de yay\u0131mlanarak y\u00fcr\u00fcrl\u00fc\u011fe giren \u201cKamu Kurum ve Kurulu\u015flar\u0131nda G\u00f6rev Yapanlar ile Sigortal\u0131 Olarak \u00c7al\u0131\u015fanlar\u0131n Avukatl\u0131k Staj\u0131 Hakk\u0131nda Y\u00f6netmelik\u201din tamam\u0131n\u0131n iptali istemiyle T\u00fcrkiye Barolar Birli\u011fi taraf\u0131ndan a\u00e7\u0131lan davada; Dan\u0131\u015ftay 8. Daire Ba\u015fkanl\u0131\u011f\u0131n\u0131n 12.02.2025 tarihli E.2022\/6028, K.2025\/684 say\u0131l\u0131 karar\u0131yla, Anayasa Mahkemesi taraf\u0131ndan dava konusu Y\u00f6netmelik\u2019in dayana\u011f\u0131 olan Avukatl\u0131k Kanunu\u2019nun 16. maddesindeki d\u00fczenlemenin iptaline karar verildi\u011fi, an\u0131lan kararla Adalet Bakanl\u0131\u011f\u0131na yetki veren dayanak h\u00fckm\u00fcn hukuka ayk\u0131r\u0131l\u0131\u011f\u0131n\u0131n Anayasa Mahkemesince ortaya kondu\u011fu, yetkili makam yerine bir ba\u015fka makam\u0131n d\u00fczenleyici i\u015flem tesis etmesinin i\u015flemi yetki y\u00f6n\u00fcnden hukuka ayk\u0131r\u0131 hale getirece\u011fi gerek\u00e7eleriyle dava konusu Y\u00f6netmelik\u2019in iptaline oybirli\u011fiyle karar verilmi\u015ftir. Dan\u0131\u015ftay\u00a0karar\u0131nda &#8220;\u0130dari i\u015flemin temel unsurlar\u0131ndan olan yetki, ayn\u0131 zamanda kamu d\u00fczenine ili\u015fkin oldu\u011fundan idari i\u015flemlerin. Anayasa ve yasalar\u0131n yetkili k\u0131ld\u0131\u011f\u0131 idare, makam ve kamu g\u00f6revlileri taraf\u0131ndan tesis edilmesi zorunlu olup, yetkili makam yerine bir ba\u015fka makam\u0131n bireysel ya da d\u00fczenleyici i\u015flem tesis etmesinin i\u015flemi yetki y\u00f6n\u00fcnden hukuka ayk\u0131r\u0131 hale getirece\u011fi a\u00e7\u0131kt\u0131r. Bu itibarla; an\u0131lan Anayasa Mahkemesi karar\u0131nda da belirtildi\u011fi \u00fczere yetkisiz makam olan Adalet Bakanl\u0131\u011f\u0131 taraf\u0131ndan y\u00fcr\u00fcrl\u00fc\u011fe konulmu\u015f olan ve dayanak h\u00fckm\u00fc iptal edilen Kamu Kurum ve Kurulu\u015flar\u0131nda G\u00f6rev Yapanlar ite Sigortal\u0131 Olarak \u00c7al\u0131\u015fanlar\u0131n Avukatl\u0131k Staj\u0131 Hakk\u0131nda Y\u00f6netmeli\u011fin iptali gerekmektedir.&#8221; denildi. &gt;&gt;\u00a0Karar\u0131 g\u00f6r\u00fcnt\u00fclemek i\u00e7in t\u0131klay\u0131n\u0131z \u200bDan\u0131\u015ftay 8. Daire&#8217;nin karar\u0131 ile Kamu Kurum &hellip;","og_url":"https:\/\/denizcankizil.tr\/uk\/hukukihaber\/kamu-kurum-ve-kuruluslarinda-gorev-yapanlar-ile-sigortali-olarak-calisanlarin-avukatlik-staji-hakkinda-yonetmelik-iptal-edildi\/","og_site_name":"Av. Deniz Can K\u0131z\u0131l","article_published_time":"2025-04-15T15:09:00+00:00","author":"Hukuki Haber.net","twitter_card":"summary_large_image","twitter_misc":{"\u041d\u0430\u043f\u0438\u0441\u0430\u043d\u043e":"Hukuki Haber.net","\u041f\u0440\u0438\u0431\u043b. \u0447\u0430\u0441 \u0447\u0438\u0442\u0430\u043d\u043d\u044f":"2 \u0445\u0432\u0438\u043b\u0438\u043d\u0438"},"schema":{"@context":"https:\/\/schema.org","@graph":[{"@type":"Article","@id":"https:\/\/denizcankizil.tr\/en\/hukukihaber\/kamu-kurum-ve-kuruluslarinda-gorev-yapanlar-ile-sigortali-olarak-calisanlarin-avukatlik-staji-hakkinda-yonetmelik-iptal-edildi\/#article","isPartOf":{"@id":"https:\/\/denizcankizil.tr\/en\/hukukihaber\/kamu-kurum-ve-kuruluslarinda-gorev-yapanlar-ile-sigortali-olarak-calisanlarin-avukatlik-staji-hakkinda-yonetmelik-iptal-edildi\/"},"author":{"name":"Hukuki Haber.net","@id":"https:\/\/denizcankizil.tr\/de\/#\/schema\/person\/001a271de994a0aa3f90eea084424822"},"headline":"Kamu Kurum ve Kurulu\u015flar\u0131nda G\u00f6rev Yapanlar \u0130le Sigortal\u0131 Olarak \u00c7al\u0131\u015fanlar\u0131n Avukatl\u0131k Staj\u0131 Hakk\u0131nda Y\u00f6netmelik iptal edildi","datePublished":"2025-04-15T15:09:00+00:00","mainEntityOfPage":{"@id":"https:\/\/denizcankizil.tr\/en\/hukukihaber\/kamu-kurum-ve-kuruluslarinda-gorev-yapanlar-ile-sigortali-olarak-calisanlarin-avukatlik-staji-hakkinda-yonetmelik-iptal-edildi\/"},"wordCount":360,"publisher":{"@id":"https:\/\/denizcankizil.tr\/de\/#organization"},"articleSection":["Hukuki Haberler"],"inLanguage":"uk"},{"@type":"WebPage","@id":"https:\/\/denizcankizil.tr\/en\/hukukihaber\/kamu-kurum-ve-kuruluslarinda-gorev-yapanlar-ile-sigortali-olarak-calisanlarin-avukatlik-staji-hakkinda-yonetmelik-iptal-edildi\/","url":"https:\/\/denizcankizil.tr\/en\/hukukihaber\/kamu-kurum-ve-kuruluslarinda-gorev-yapanlar-ile-sigortali-olarak-calisanlarin-avukatlik-staji-hakkinda-yonetmelik-iptal-edildi\/","name":"Kamu Kurum ve Kurulu\u015flar\u0131nda G\u00f6rev Yapanlar \u0130le Sigortal\u0131 Olarak \u00c7al\u0131\u015fanlar\u0131n Avukatl\u0131k Staj\u0131 Hakk\u0131nda Y\u00f6netmelik iptal edildi - Av. Deniz Can K\u0131z\u0131l","isPartOf":{"@id":"https:\/\/denizcankizil.tr\/de\/#website"},"datePublished":"2025-04-15T15:09:00+00:00","breadcrumb":{"@id":"https:\/\/denizcankizil.tr\/en\/hukukihaber\/kamu-kurum-ve-kuruluslarinda-gorev-yapanlar-ile-sigortali-olarak-calisanlarin-avukatlik-staji-hakkinda-yonetmelik-iptal-edildi\/#breadcrumb"},"inLanguage":"uk","potentialAction":[{"@type":"ReadAction","target":["https:\/\/denizcankizil.tr\/en\/hukukihaber\/kamu-kurum-ve-kuruluslarinda-gorev-yapanlar-ile-sigortali-olarak-calisanlarin-avukatlik-staji-hakkinda-yonetmelik-iptal-edildi\/"]}]},{"@type":"BreadcrumbList","@id":"https:\/\/denizcankizil.tr\/en\/hukukihaber\/kamu-kurum-ve-kuruluslarinda-gorev-yapanlar-ile-sigortali-olarak-calisanlarin-avukatlik-staji-hakkinda-yonetmelik-iptal-edildi\/#breadcrumb","itemListElement":[{"@type":"ListItem","position":1,"name":"Home","item":"https:\/\/denizcankizil.tr\/de\/"},{"@type":"ListItem","position":2,"name":"Kamu Kurum ve Kurulu\u015flar\u0131nda G\u00f6rev Yapanlar \u0130le Sigortal\u0131 Olarak \u00c7al\u0131\u015fanlar\u0131n Avukatl\u0131k Staj\u0131 Hakk\u0131nda Y\u00f6netmelik iptal edildi"}]},{"@type":"WebSite","@id":"https:\/\/denizcankizil.tr\/de\/#website","url":"https:\/\/denizcankizil.tr\/de\/","name":"Av. Deniz Can K\u0131z\u0131l","description":"Avukat Deniz Can K\u0131z\u0131l Antalya Barosu","publisher":{"@id":"https:\/\/denizcankizil.tr\/de\/#organization"},"potentialAction":[{"@type":"SearchAction","target":{"@type":"EntryPoint","urlTemplate":"https:\/\/denizcankizil.tr\/de\/?s={search_term_string}"},"query-input":{"@type":"PropertyValueSpecification","valueRequired":true,"valueName":"search_term_string"}}],"inLanguage":"uk"},{"@type":"Organization","@id":"https:\/\/denizcankizil.tr\/de\/#organization","name":"Av. Deniz Can K\u0131z\u0131l","url":"https:\/\/denizcankizil.tr\/de\/","logo":{"@type":"ImageObject","inLanguage":"uk","@id":"https:\/\/denizcankizil.tr\/de\/#\/schema\/logo\/image\/","url":"http:\/\/denizcankizil.tr\/wp-content\/uploads\/2024\/10\/siyah-logo-svg.svg","contentUrl":"http:\/\/denizcankizil.tr\/wp-content\/uploads\/2024\/10\/siyah-logo-svg.svg","width":1080,"height":1080,"caption":"Av. Deniz Can K\u0131z\u0131l"},"image":{"@id":"https:\/\/denizcankizil.tr\/de\/#\/schema\/logo\/image\/"}},{"@type":"Person","@id":"https:\/\/denizcankizil.tr\/de\/#\/schema\/person\/001a271de994a0aa3f90eea084424822","name":"Hukuki Haber.net","image":{"@type":"ImageObject","inLanguage":"uk","@id":"https:\/\/denizcankizil.tr\/de\/#\/schema\/person\/image\/","url":"https:\/\/secure.gravatar.com\/avatar\/57d8a49151495586611a149d29fc42865b951dc053a84709a3172ccb5abf3118?s=96&d=mm&r=g","contentUrl":"https:\/\/secure.gravatar.com\/avatar\/57d8a49151495586611a149d29fc42865b951dc053a84709a3172ccb5abf3118?s=96&d=mm&r=g","caption":"Hukuki Haber.net"},"sameAs":["http:\/\/www.hukukihaber.net"],"url":"https:\/\/www.hukukihaber.net\/kamu-kurum-ve-kuruluslarinda-gorev-yapanlar-ile-sigortali-olarak-calisanlarin-avukatlik-staji-hakkinda-yonetmelik-iptal-edildi"}]}},"_links":{"self":[{"href":"http:\/\/denizcankizil.tr\/uk\/wp-json\/wp\/v2\/posts\/56650","targetHints":{"allow":["GET"]}}],"collection":[{"href":"http:\/\/denizcankizil.tr\/uk\/wp-json\/wp\/v2\/posts"}],"about":[{"href":"http:\/\/denizcankizil.tr\/uk\/wp-json\/wp\/v2\/types\/post"}],"author":[{"embeddable":true,"href":"http:\/\/denizcankizil.tr\/uk\/wp-json\/wp\/v2\/users\/3"}],"replies":[{"embeddable":true,"href":"http:\/\/denizcankizil.tr\/uk\/wp-json\/wp\/v2\/comments?post=56650"}],"version-history":[{"count":0,"href":"http:\/\/denizcankizil.tr\/uk\/wp-json\/wp\/v2\/posts\/56650\/revisions"}],"wp:attachment":[{"href":"http:\/\/denizcankizil.tr\/uk\/wp-json\/wp\/v2\/media?parent=56650"}],"wp:term":[{"taxonomy":"category","embeddable":true,"href":"http:\/\/denizcankizil.tr\/uk\/wp-json\/wp\/v2\/categories?post=56650"},{"taxonomy":"post_tag","embeddable":true,"href":"http:\/\/denizcankizil.tr\/uk\/wp-json\/wp\/v2\/tags?post=56650"}],"curies":[{"name":"wp","href":"https:\/\/api.w.org\/{rel}","templated":true}]}}