{"id":53353,"date":"2025-04-12T11:41:13","date_gmt":"2025-04-12T08:41:13","guid":{"rendered":"https:\/\/denizcankizil.tr\/uncategorized-tr\/kamyonet-ile-motosiklet-carpisti\/"},"modified":"2025-04-12T11:41:13","modified_gmt":"2025-04-12T08:41:13","slug":"kamyonet-ile-motosiklet-carpisti","status":"publish","type":"post","link":"http:\/\/denizcankizil.tr\/uk\/haberler\/antalya\/kamyonet-ile-motosiklet-carpisti\/","title":{"rendered":"Kamyonet ile motosiklet \u00e7arp\u0131\u015ft\u0131"},"content":{"rendered":"<p>Kaza; Manavgat il\u00e7esi \u00d6rnek Mahallesi Yunus Emre Caddesinde meydana geldi. Alparslan T\u00fcrke\u015f Bulvar\u0131 istikametine seyir halindeki Ali Y.\u2019nin kulland\u0131\u011f\u0131 07 BZE 299 plakal\u0131 kamyonet ile Muammer \u015e.\u2019nin kulland\u0131\u011f\u0131 07 BRH 056 plakal\u0131 motosikletle \u00e7arp\u0131\u015ft\u0131. G\u00fcvenlik kameras\u0131na saniye saniyesine yans\u0131yan kazada yaralanan motosiklet s\u00fcr\u00fcc\u00fcs\u00fc ihbar \u00fczerine olay yerine gelen 112 Acil Sa\u011fl\u0131k ekiplerinin ilk m\u00fcdahalesinin ard\u0131ndan ambulansla hastaneye kald\u0131r\u0131ld\u0131. Trafik ekiplerinin yapt\u0131\u011f\u0131 kontrolde s\u00fcr\u00fcc\u00fc belgesi olmad\u0131\u011f\u0131 belirlenen motosiklet s\u00fcr\u00fcc\u00fcs\u00fcne 18 bin 677 TL, motosiklet sahibine ise 18 bin 677 TL olmak \u00fczere toplam 37 bin 354 TL para cezas\u0131 uyguland\u0131. Motosikletin \u00fczerindeki &#8216;\u0130mkans\u0131z olan her \u015fey kafam\u0131n g\u00fczelli\u011fine bakar&#8217; yaz\u0131s\u0131 dikkati \u00e7ekti.<\/p>\n<p>Kaynak: www.kanalv.com.tr Haber Sitesinden Al\u0131nm\u0131\u015ft\u0131r.<\/p>","protected":false},"excerpt":{"rendered":"<p>Kaza; Manavgat il\u00e7esi \u00d6rnek Mahallesi Yunus Emre Caddesinde meydana geldi. Alparslan T\u00fcrke\u015f Bulvar\u0131 istikametine seyir halindeki Ali Y.\u2019nin kulland\u0131\u011f\u0131 07 BZE 299 plakal\u0131 kamyonet ile Muammer \u015e.\u2019nin kulland\u0131\u011f\u0131 07 BRH 056 plakal\u0131 motosikletle \u00e7arp\u0131\u015ft\u0131. G\u00fcvenlik kameras\u0131na saniye saniyesine yans\u0131yan kazada yaralanan motosiklet s\u00fcr\u00fcc\u00fcs\u00fc ihbar \u00fczerine olay yerine gelen 112 Acil Sa\u011fl\u0131k ekiplerinin ilk m\u00fcdahalesinin ard\u0131ndan ambulansla hastaneye kald\u0131r\u0131ld\u0131. Trafik ekiplerinin yapt\u0131\u011f\u0131 kontrolde s\u00fcr\u00fcc\u00fc belgesi olmad\u0131\u011f\u0131 belirlenen motosiklet s\u00fcr\u00fcc\u00fcs\u00fcne 18 bin 677 TL, motosiklet sahibine ise 18 bin 677 TL olmak \u00fczere toplam 37 bin 354 TL para cezas\u0131 uyguland\u0131. Motosikletin \u00fczerindeki &#8216;\u0130mkans\u0131z olan her \u015fey kafam\u0131n g\u00fczelli\u011fine bakar&#8217; yaz\u0131s\u0131 dikkati \u00e7ekti. Kaynak: www.kanalv.com.tr Haber Sitesinden Al\u0131nm\u0131\u015ft\u0131r.<\/p>","protected":false},"author":4,"featured_media":0,"comment_status":"","ping_status":"open","sticky":false,"template":"","format":"standard","meta":{"_acf_changed":false,"footnotes":""},"categories":[26],"tags":[],"class_list":["post-53353","post","type-post","status-publish","format-standard","hentry","category-antalya"],"acf":[],"yoast_head":"<!-- This site is optimized with the Yoast SEO Premium plugin v26.6 (Yoast SEO v27.1.1) - https:\/\/yoast.com\/product\/yoast-seo-premium-wordpress\/ -->\n<title>Kamyonet ile motosiklet \u00e7arp\u0131\u015ft\u0131 - Av. Deniz Can K\u0131z\u0131l<\/title>\n<meta name=\"robots\" content=\"index, follow, max-snippet:-1, max-image-preview:large, max-video-preview:-1\" \/>\n<link rel=\"canonical\" href=\"http:\/\/denizcankizil.tr\/uk\/haberler\/antalya\/kamyonet-ile-motosiklet-carpisti\/\" \/>\n<meta property=\"og:locale\" content=\"uk_UA\" \/>\n<meta property=\"og:type\" content=\"article\" \/>\n<meta property=\"og:title\" content=\"Kamyonet ile motosiklet \u00e7arp\u0131\u015ft\u0131\" \/>\n<meta property=\"og:description\" content=\"Kaza; Manavgat il\u00e7esi \u00d6rnek Mahallesi Yunus Emre Caddesinde meydana geldi. Alparslan T\u00fcrke\u015f Bulvar\u0131 istikametine seyir halindeki Ali Y.\u2019nin kulland\u0131\u011f\u0131 07 BZE 299 plakal\u0131 kamyonet ile Muammer \u015e.\u2019nin kulland\u0131\u011f\u0131 07 BRH 056 plakal\u0131 motosikletle \u00e7arp\u0131\u015ft\u0131. G\u00fcvenlik kameras\u0131na saniye saniyesine yans\u0131yan kazada yaralanan motosiklet s\u00fcr\u00fcc\u00fcs\u00fc ihbar \u00fczerine olay yerine gelen 112 Acil Sa\u011fl\u0131k ekiplerinin ilk m\u00fcdahalesinin ard\u0131ndan ambulansla hastaneye kald\u0131r\u0131ld\u0131. Trafik ekiplerinin yapt\u0131\u011f\u0131 kontrolde s\u00fcr\u00fcc\u00fc belgesi olmad\u0131\u011f\u0131 belirlenen motosiklet s\u00fcr\u00fcc\u00fcs\u00fcne 18 bin 677 TL, motosiklet sahibine ise 18 bin 677 TL olmak \u00fczere toplam 37 bin 354 TL para cezas\u0131 uyguland\u0131. Motosikletin \u00fczerindeki &#8216;\u0130mkans\u0131z olan her \u015fey kafam\u0131n g\u00fczelli\u011fine bakar&#8217; yaz\u0131s\u0131 dikkati \u00e7ekti. Kaynak: www.kanalv.com.tr Haber Sitesinden Al\u0131nm\u0131\u015ft\u0131r.\" \/>\n<meta property=\"og:url\" content=\"http:\/\/denizcankizil.tr\/uk\/haberler\/antalya\/kamyonet-ile-motosiklet-carpisti\/\" \/>\n<meta property=\"og:site_name\" content=\"Av. Deniz Can K\u0131z\u0131l\" \/>\n<meta property=\"article:published_time\" content=\"2025-04-12T08:41:13+00:00\" \/>\n<meta name=\"author\" content=\"Av. Deniz Can K\u0131z\u0131l\" \/>\n<meta name=\"twitter:card\" content=\"summary_large_image\" \/>\n<meta name=\"twitter:label1\" content=\"\u041d\u0430\u043f\u0438\u0441\u0430\u043d\u043e\" \/>\n\t<meta name=\"twitter:data1\" content=\"Av. Deniz Can K\u0131z\u0131l\" \/>\n\t<meta name=\"twitter:label2\" content=\"\u041f\u0440\u0438\u0431\u043b. \u0447\u0430\u0441 \u0447\u0438\u0442\u0430\u043d\u043d\u044f\" \/>\n\t<meta name=\"twitter:data2\" content=\"1 \u0445\u0432\u0438\u043b\u0438\u043d\u0430\" \/>\n<script type=\"application\/ld+json\" class=\"yoast-schema-graph\">{\"@context\":\"https:\/\/schema.org\",\"@graph\":[{\"@type\":\"Article\",\"@id\":\"http:\/\/denizcankizil.tr\/uk\/haberler\/antalya\/kamyonet-ile-motosiklet-carpisti\/#article\",\"isPartOf\":{\"@id\":\"http:\/\/denizcankizil.tr\/uk\/haberler\/antalya\/kamyonet-ile-motosiklet-carpisti\/\"},\"author\":{\"name\":\"Av. Deniz Can K\u0131z\u0131l\",\"@id\":\"https:\/\/denizcankizil.tr\/#\/schema\/person\/5dc1b22991bd7ac833867c10afc9b0ff\"},\"headline\":\"Kamyonet ile motosiklet \u00e7arp\u0131\u015ft\u0131\",\"datePublished\":\"2025-04-12T08:41:13+00:00\",\"mainEntityOfPage\":{\"@id\":\"http:\/\/denizcankizil.tr\/uk\/haberler\/antalya\/kamyonet-ile-motosiklet-carpisti\/\"},\"wordCount\":133,\"publisher\":{\"@id\":\"https:\/\/denizcankizil.tr\/#organization\"},\"articleSection\":[\"Antalya\"],\"inLanguage\":\"uk\"},{\"@type\":\"WebPage\",\"@id\":\"http:\/\/denizcankizil.tr\/uk\/haberler\/antalya\/kamyonet-ile-motosiklet-carpisti\/\",\"url\":\"http:\/\/denizcankizil.tr\/uk\/haberler\/antalya\/kamyonet-ile-motosiklet-carpisti\/\",\"name\":\"Kamyonet ile motosiklet \u00e7arp\u0131\u015ft\u0131 - Av. Deniz Can K\u0131z\u0131l\",\"isPartOf\":{\"@id\":\"https:\/\/denizcankizil.tr\/#website\"},\"datePublished\":\"2025-04-12T08:41:13+00:00\",\"breadcrumb\":{\"@id\":\"http:\/\/denizcankizil.tr\/uk\/haberler\/antalya\/kamyonet-ile-motosiklet-carpisti\/#breadcrumb\"},\"inLanguage\":\"uk\",\"potentialAction\":[{\"@type\":\"ReadAction\",\"target\":[\"http:\/\/denizcankizil.tr\/uk\/haberler\/antalya\/kamyonet-ile-motosiklet-carpisti\/\"]}]},{\"@type\":\"BreadcrumbList\",\"@id\":\"http:\/\/denizcankizil.tr\/uk\/haberler\/antalya\/kamyonet-ile-motosiklet-carpisti\/#breadcrumb\",\"itemListElement\":[{\"@type\":\"ListItem\",\"position\":1,\"name\":\"Home\",\"item\":\"https:\/\/denizcankizil.tr\/de\/\"},{\"@type\":\"ListItem\",\"position\":2,\"name\":\"Kamyonet ile motosiklet \u00e7arp\u0131\u015ft\u0131\"}]},{\"@type\":\"WebSite\",\"@id\":\"https:\/\/denizcankizil.tr\/#website\",\"url\":\"https:\/\/denizcankizil.tr\/\",\"name\":\"Av. Deniz Can K\u0131z\u0131l\",\"description\":\"Avukat Deniz Can K\u0131z\u0131l Antalya Barosu\",\"publisher\":{\"@id\":\"https:\/\/denizcankizil.tr\/#organization\"},\"potentialAction\":[{\"@type\":\"SearchAction\",\"target\":{\"@type\":\"EntryPoint\",\"urlTemplate\":\"https:\/\/denizcankizil.tr\/?s={search_term_string}\"},\"query-input\":{\"@type\":\"PropertyValueSpecification\",\"valueRequired\":true,\"valueName\":\"search_term_string\"}}],\"inLanguage\":\"uk\"},{\"@type\":\"Organization\",\"@id\":\"https:\/\/denizcankizil.tr\/#organization\",\"name\":\"Av. Deniz Can K\u0131z\u0131l\",\"url\":\"https:\/\/denizcankizil.tr\/\",\"logo\":{\"@type\":\"ImageObject\",\"inLanguage\":\"uk\",\"@id\":\"https:\/\/denizcankizil.tr\/#\/schema\/logo\/image\/\",\"url\":\"http:\/\/denizcankizil.tr\/wp-content\/uploads\/2024\/10\/siyah-logo-svg.svg\",\"contentUrl\":\"http:\/\/denizcankizil.tr\/wp-content\/uploads\/2024\/10\/siyah-logo-svg.svg\",\"width\":1080,\"height\":1080,\"caption\":\"Av. Deniz Can K\u0131z\u0131l\"},\"image\":{\"@id\":\"https:\/\/denizcankizil.tr\/#\/schema\/logo\/image\/\"}},{\"@type\":\"Person\",\"@id\":\"https:\/\/denizcankizil.tr\/#\/schema\/person\/5dc1b22991bd7ac833867c10afc9b0ff\",\"name\":\"Av. Deniz Can K\u0131z\u0131l\",\"image\":{\"@type\":\"ImageObject\",\"inLanguage\":\"uk\",\"@id\":\"https:\/\/denizcankizil.tr\/#\/schema\/person\/image\/\",\"url\":\"https:\/\/secure.gravatar.com\/avatar\/a0b128fb9855c79efc976d5640eedb31dc35ec297594d6016d2cf7c60e975bb6?s=96&d=mm&r=g\",\"contentUrl\":\"https:\/\/secure.gravatar.com\/avatar\/a0b128fb9855c79efc976d5640eedb31dc35ec297594d6016d2cf7c60e975bb6?s=96&d=mm&r=g\",\"caption\":\"Av. Deniz Can K\u0131z\u0131l\"},\"sameAs\":[\"http:\/\/www.denizcankizil.tr\"],\"url\":\"http:\/\/denizcankizil.tr\/uk\/author\/denizcankizil\/\"}]}<\/script>\n<!-- \/ Yoast SEO Premium plugin. -->","yoast_head_json":{"title":"Kamyonet ile motosiklet \u00e7arp\u0131\u015ft\u0131 - Av. Deniz Can K\u0131z\u0131l","robots":{"index":"index","follow":"follow","max-snippet":"max-snippet:-1","max-image-preview":"max-image-preview:large","max-video-preview":"max-video-preview:-1"},"canonical":"http:\/\/denizcankizil.tr\/uk\/haberler\/antalya\/kamyonet-ile-motosiklet-carpisti\/","og_locale":"uk_UA","og_type":"article","og_title":"Kamyonet ile motosiklet \u00e7arp\u0131\u015ft\u0131","og_description":"Kaza; Manavgat il\u00e7esi \u00d6rnek Mahallesi Yunus Emre Caddesinde meydana geldi. Alparslan T\u00fcrke\u015f Bulvar\u0131 istikametine seyir halindeki Ali Y.\u2019nin kulland\u0131\u011f\u0131 07 BZE 299 plakal\u0131 kamyonet ile Muammer \u015e.\u2019nin kulland\u0131\u011f\u0131 07 BRH 056 plakal\u0131 motosikletle \u00e7arp\u0131\u015ft\u0131. G\u00fcvenlik kameras\u0131na saniye saniyesine yans\u0131yan kazada yaralanan motosiklet s\u00fcr\u00fcc\u00fcs\u00fc ihbar \u00fczerine olay yerine gelen 112 Acil Sa\u011fl\u0131k ekiplerinin ilk m\u00fcdahalesinin ard\u0131ndan ambulansla hastaneye kald\u0131r\u0131ld\u0131. Trafik ekiplerinin yapt\u0131\u011f\u0131 kontrolde s\u00fcr\u00fcc\u00fc belgesi olmad\u0131\u011f\u0131 belirlenen motosiklet s\u00fcr\u00fcc\u00fcs\u00fcne 18 bin 677 TL, motosiklet sahibine ise 18 bin 677 TL olmak \u00fczere toplam 37 bin 354 TL para cezas\u0131 uyguland\u0131. Motosikletin \u00fczerindeki &#8216;\u0130mkans\u0131z olan her \u015fey kafam\u0131n g\u00fczelli\u011fine bakar&#8217; yaz\u0131s\u0131 dikkati \u00e7ekti. Kaynak: www.kanalv.com.tr Haber Sitesinden Al\u0131nm\u0131\u015ft\u0131r.","og_url":"http:\/\/denizcankizil.tr\/uk\/haberler\/antalya\/kamyonet-ile-motosiklet-carpisti\/","og_site_name":"Av. Deniz Can K\u0131z\u0131l","article_published_time":"2025-04-12T08:41:13+00:00","author":"Av. Deniz Can K\u0131z\u0131l","twitter_card":"summary_large_image","twitter_misc":{"\u041d\u0430\u043f\u0438\u0441\u0430\u043d\u043e":"Av. Deniz Can K\u0131z\u0131l","\u041f\u0440\u0438\u0431\u043b. \u0447\u0430\u0441 \u0447\u0438\u0442\u0430\u043d\u043d\u044f":"1 \u0445\u0432\u0438\u043b\u0438\u043d\u0430"},"schema":{"@context":"https:\/\/schema.org","@graph":[{"@type":"Article","@id":"http:\/\/denizcankizil.tr\/uk\/haberler\/antalya\/kamyonet-ile-motosiklet-carpisti\/#article","isPartOf":{"@id":"http:\/\/denizcankizil.tr\/uk\/haberler\/antalya\/kamyonet-ile-motosiklet-carpisti\/"},"author":{"name":"Av. Deniz Can K\u0131z\u0131l","@id":"https:\/\/denizcankizil.tr\/#\/schema\/person\/5dc1b22991bd7ac833867c10afc9b0ff"},"headline":"Kamyonet ile motosiklet \u00e7arp\u0131\u015ft\u0131","datePublished":"2025-04-12T08:41:13+00:00","mainEntityOfPage":{"@id":"http:\/\/denizcankizil.tr\/uk\/haberler\/antalya\/kamyonet-ile-motosiklet-carpisti\/"},"wordCount":133,"publisher":{"@id":"https:\/\/denizcankizil.tr\/#organization"},"articleSection":["Antalya"],"inLanguage":"uk"},{"@type":"WebPage","@id":"http:\/\/denizcankizil.tr\/uk\/haberler\/antalya\/kamyonet-ile-motosiklet-carpisti\/","url":"http:\/\/denizcankizil.tr\/uk\/haberler\/antalya\/kamyonet-ile-motosiklet-carpisti\/","name":"Kamyonet ile motosiklet \u00e7arp\u0131\u015ft\u0131 - Av. Deniz Can K\u0131z\u0131l","isPartOf":{"@id":"https:\/\/denizcankizil.tr\/#website"},"datePublished":"2025-04-12T08:41:13+00:00","breadcrumb":{"@id":"http:\/\/denizcankizil.tr\/uk\/haberler\/antalya\/kamyonet-ile-motosiklet-carpisti\/#breadcrumb"},"inLanguage":"uk","potentialAction":[{"@type":"ReadAction","target":["http:\/\/denizcankizil.tr\/uk\/haberler\/antalya\/kamyonet-ile-motosiklet-carpisti\/"]}]},{"@type":"BreadcrumbList","@id":"http:\/\/denizcankizil.tr\/uk\/haberler\/antalya\/kamyonet-ile-motosiklet-carpisti\/#breadcrumb","itemListElement":[{"@type":"ListItem","position":1,"name":"Home","item":"https:\/\/denizcankizil.tr\/de\/"},{"@type":"ListItem","position":2,"name":"Kamyonet ile motosiklet \u00e7arp\u0131\u015ft\u0131"}]},{"@type":"WebSite","@id":"https:\/\/denizcankizil.tr\/#website","url":"https:\/\/denizcankizil.tr\/","name":"Av. Deniz Can K\u0131z\u0131l","description":"Avukat Deniz Can K\u0131z\u0131l Antalya Barosu","publisher":{"@id":"https:\/\/denizcankizil.tr\/#organization"},"potentialAction":[{"@type":"SearchAction","target":{"@type":"EntryPoint","urlTemplate":"https:\/\/denizcankizil.tr\/?s={search_term_string}"},"query-input":{"@type":"PropertyValueSpecification","valueRequired":true,"valueName":"search_term_string"}}],"inLanguage":"uk"},{"@type":"Organization","@id":"https:\/\/denizcankizil.tr\/#organization","name":"Av. Deniz Can K\u0131z\u0131l","url":"https:\/\/denizcankizil.tr\/","logo":{"@type":"ImageObject","inLanguage":"uk","@id":"https:\/\/denizcankizil.tr\/#\/schema\/logo\/image\/","url":"http:\/\/denizcankizil.tr\/wp-content\/uploads\/2024\/10\/siyah-logo-svg.svg","contentUrl":"http:\/\/denizcankizil.tr\/wp-content\/uploads\/2024\/10\/siyah-logo-svg.svg","width":1080,"height":1080,"caption":"Av. Deniz Can K\u0131z\u0131l"},"image":{"@id":"https:\/\/denizcankizil.tr\/#\/schema\/logo\/image\/"}},{"@type":"Person","@id":"https:\/\/denizcankizil.tr\/#\/schema\/person\/5dc1b22991bd7ac833867c10afc9b0ff","name":"Av. Deniz Can K\u0131z\u0131l","image":{"@type":"ImageObject","inLanguage":"uk","@id":"https:\/\/denizcankizil.tr\/#\/schema\/person\/image\/","url":"https:\/\/secure.gravatar.com\/avatar\/a0b128fb9855c79efc976d5640eedb31dc35ec297594d6016d2cf7c60e975bb6?s=96&d=mm&r=g","contentUrl":"https:\/\/secure.gravatar.com\/avatar\/a0b128fb9855c79efc976d5640eedb31dc35ec297594d6016d2cf7c60e975bb6?s=96&d=mm&r=g","caption":"Av. Deniz Can K\u0131z\u0131l"},"sameAs":["http:\/\/www.denizcankizil.tr"],"url":"http:\/\/denizcankizil.tr\/uk\/author\/denizcankizil\/"}]}},"_links":{"self":[{"href":"http:\/\/denizcankizil.tr\/uk\/wp-json\/wp\/v2\/posts\/53353","targetHints":{"allow":["GET"]}}],"collection":[{"href":"http:\/\/denizcankizil.tr\/uk\/wp-json\/wp\/v2\/posts"}],"about":[{"href":"http:\/\/denizcankizil.tr\/uk\/wp-json\/wp\/v2\/types\/post"}],"author":[{"embeddable":true,"href":"http:\/\/denizcankizil.tr\/uk\/wp-json\/wp\/v2\/users\/4"}],"replies":[{"embeddable":true,"href":"http:\/\/denizcankizil.tr\/uk\/wp-json\/wp\/v2\/comments?post=53353"}],"version-history":[{"count":0,"href":"http:\/\/denizcankizil.tr\/uk\/wp-json\/wp\/v2\/posts\/53353\/revisions"}],"wp:attachment":[{"href":"http:\/\/denizcankizil.tr\/uk\/wp-json\/wp\/v2\/media?parent=53353"}],"wp:term":[{"taxonomy":"category","embeddable":true,"href":"http:\/\/denizcankizil.tr\/uk\/wp-json\/wp\/v2\/categories?post=53353"},{"taxonomy":"post_tag","embeddable":true,"href":"http:\/\/denizcankizil.tr\/uk\/wp-json\/wp\/v2\/tags?post=53353"}],"curies":[{"name":"wp","href":"https:\/\/api.w.org\/{rel}","templated":true}]}}