{"id":48167,"date":"2025-04-07T12:41:37","date_gmt":"2025-04-07T09:41:37","guid":{"rendered":"https:\/\/denizcankizil.tr\/uncategorized-tr\/antalyada-o-yol-acildi\/"},"modified":"2025-04-07T12:41:37","modified_gmt":"2025-04-07T09:41:37","slug":"antalyada-o-yol-acildi","status":"publish","type":"post","link":"http:\/\/denizcankizil.tr\/uk\/haberler\/gundem\/antalyada-o-yol-acildi\/","title":{"rendered":"Antalya&#8217;da o yol a\u00e7\u0131ld\u0131!"},"content":{"rendered":"<p>Antalya B\u00fcy\u00fck\u015fehir Belediyesi, heyelan nedeniyle kapanan Alanya Ta\u015fatan Yolu\u2019nu gece yapt\u0131\u011f\u0131 \u00e7al\u0131\u015fmayla ula\u015f\u0131ma a\u00e7t\u0131.<\/p>\n<p>YOL G\u00dcVENL\u0130 HALE GET\u0130R\u0130LD\u0130\u00a0<\/p>\n<p>Antalya B\u00fcy\u00fck\u015fehir Belediyesi K\u0131rsal Hizmetler Dairesi Ba\u015fkanl\u0131\u011f\u0131 Alanya ekipleri, hafta sonu etkili olan \u015fiddetli ya\u011f\u0131\u015f ve f\u0131rt\u0131na nedeniyle bozulan yollardaki bak\u0131m onar\u0131m \u00e7al\u0131\u015fmalar\u0131n\u0131 s\u00fcrd\u00fcr\u00fcyor. Ya\u011f\u0131\u015flar nedeniyle Ta\u015fatan Yolu\u2019nda heyelan meydana geldi. B\u00fcy\u00fck kaya ve ta\u015flar\u0131n yola d\u00fc\u015fmesiyle yol trafi\u011fe kapand\u0131. Gece olay b\u00f6lgesine giden Alanya K\u0131rsal ekipleri, i\u015f makinesiyle yoldaki kaya ta\u015f ve topra\u011f\u0131 yo\u011fun bir \u00e7al\u0131\u015fman\u0131n ard\u0131ndan temizlendi. \u00c7al\u0131\u015fman\u0131n ard\u0131ndan yol g\u00fcvenli hale getirilerek tekrar trafi\u011fe a\u00e7\u0131ld\u0131.<\/p>\n<p>\u200bAntalya B\u00fcy\u00fck\u015fehir Belediye ekipleri, ge\u00e7ti\u011fimiz g\u00fcnlerde \u015fiddetli ya\u011f\u0131\u015f sonras\u0131 meydana gelen heyelan nedeniyle kapanan Ta\u015fatan Yolu&#8217;nu gece boyunca s\u00fcren \u00e7al\u0131\u015fmalarla yeniden ula\u015f\u0131ma a\u00e7t\u0131.\u00a0<\/p>\n<p>\u200bHaberin Al\u0131nt\u0131land\u0131\u011f\u0131 Kaynak: www.antalyakorfez.com<\/p>","protected":false},"excerpt":{"rendered":"<p>Antalya B\u00fcy\u00fck\u015fehir Belediyesi, heyelan nedeniyle kapanan Alanya Ta\u015fatan Yolu\u2019nu gece yapt\u0131\u011f\u0131 \u00e7al\u0131\u015fmayla ula\u015f\u0131ma a\u00e7t\u0131. YOL G\u00dcVENL\u0130 HALE GET\u0130R\u0130LD\u0130\u00a0 Antalya B\u00fcy\u00fck\u015fehir Belediyesi K\u0131rsal Hizmetler Dairesi Ba\u015fkanl\u0131\u011f\u0131 Alanya ekipleri, hafta sonu etkili olan \u015fiddetli ya\u011f\u0131\u015f ve f\u0131rt\u0131na nedeniyle bozulan yollardaki bak\u0131m onar\u0131m \u00e7al\u0131\u015fmalar\u0131n\u0131 s\u00fcrd\u00fcr\u00fcyor. Ya\u011f\u0131\u015flar nedeniyle Ta\u015fatan Yolu\u2019nda heyelan meydana geldi. B\u00fcy\u00fck kaya ve ta\u015flar\u0131n yola d\u00fc\u015fmesiyle yol trafi\u011fe kapand\u0131. Gece olay b\u00f6lgesine giden Alanya K\u0131rsal ekipleri, i\u015f makinesiyle yoldaki kaya ta\u015f ve topra\u011f\u0131 yo\u011fun bir \u00e7al\u0131\u015fman\u0131n ard\u0131ndan temizlendi. \u00c7al\u0131\u015fman\u0131n ard\u0131ndan yol g\u00fcvenli hale getirilerek tekrar trafi\u011fe a\u00e7\u0131ld\u0131. \u200bAntalya B\u00fcy\u00fck\u015fehir Belediye ekipleri, ge\u00e7ti\u011fimiz g\u00fcnlerde \u015fiddetli ya\u011f\u0131\u015f sonras\u0131 meydana gelen heyelan nedeniyle kapanan Ta\u015fatan Yolu&#8217;nu gece boyunca s\u00fcren \u00e7al\u0131\u015fmalarla yeniden ula\u015f\u0131ma a\u00e7t\u0131.\u00a0 \u200bHaberin Al\u0131nt\u0131land\u0131\u011f\u0131 Kaynak: www.antalyakorfez.com<\/p>","protected":false},"author":5,"featured_media":0,"comment_status":"","ping_status":"open","sticky":false,"template":"","format":"standard","meta":{"_acf_changed":false,"footnotes":""},"categories":[24],"tags":[],"class_list":["post-48167","post","type-post","status-publish","format-standard","has-post-thumbnail","hentry","category-gundem"],"acf":[],"yoast_head":"<!-- This site is optimized with the Yoast SEO Premium plugin v26.6 (Yoast SEO v27.1.1) - https:\/\/yoast.com\/product\/yoast-seo-premium-wordpress\/ -->\n<title>Antalya&#039;da o yol a\u00e7\u0131ld\u0131! - Av. Deniz Can K\u0131z\u0131l<\/title>\n<meta name=\"robots\" content=\"index, follow, max-snippet:-1, max-image-preview:large, max-video-preview:-1\" \/>\n<link rel=\"canonical\" href=\"http:\/\/denizcankizil.tr\/uk\/haberler\/gundem\/antalyada-o-yol-acildi\/\" \/>\n<meta property=\"og:locale\" content=\"uk_UA\" \/>\n<meta property=\"og:type\" content=\"article\" \/>\n<meta property=\"og:title\" content=\"Antalya&#039;da o yol a\u00e7\u0131ld\u0131!\" \/>\n<meta property=\"og:description\" content=\"Antalya B\u00fcy\u00fck\u015fehir Belediyesi, heyelan nedeniyle kapanan Alanya Ta\u015fatan Yolu\u2019nu gece yapt\u0131\u011f\u0131 \u00e7al\u0131\u015fmayla ula\u015f\u0131ma a\u00e7t\u0131. YOL G\u00dcVENL\u0130 HALE GET\u0130R\u0130LD\u0130\u00a0 Antalya B\u00fcy\u00fck\u015fehir Belediyesi K\u0131rsal Hizmetler Dairesi Ba\u015fkanl\u0131\u011f\u0131 Alanya ekipleri, hafta sonu etkili olan \u015fiddetli ya\u011f\u0131\u015f ve f\u0131rt\u0131na nedeniyle bozulan yollardaki bak\u0131m onar\u0131m \u00e7al\u0131\u015fmalar\u0131n\u0131 s\u00fcrd\u00fcr\u00fcyor. Ya\u011f\u0131\u015flar nedeniyle Ta\u015fatan Yolu\u2019nda heyelan meydana geldi. B\u00fcy\u00fck kaya ve ta\u015flar\u0131n yola d\u00fc\u015fmesiyle yol trafi\u011fe kapand\u0131. Gece olay b\u00f6lgesine giden Alanya K\u0131rsal ekipleri, i\u015f makinesiyle yoldaki kaya ta\u015f ve topra\u011f\u0131 yo\u011fun bir \u00e7al\u0131\u015fman\u0131n ard\u0131ndan temizlendi. \u00c7al\u0131\u015fman\u0131n ard\u0131ndan yol g\u00fcvenli hale getirilerek tekrar trafi\u011fe a\u00e7\u0131ld\u0131. \u200bAntalya B\u00fcy\u00fck\u015fehir Belediye ekipleri, ge\u00e7ti\u011fimiz g\u00fcnlerde \u015fiddetli ya\u011f\u0131\u015f sonras\u0131 meydana gelen heyelan nedeniyle kapanan Ta\u015fatan Yolu&#8217;nu gece boyunca s\u00fcren \u00e7al\u0131\u015fmalarla yeniden ula\u015f\u0131ma a\u00e7t\u0131.\u00a0 \u200bHaberin Al\u0131nt\u0131land\u0131\u011f\u0131 Kaynak: www.antalyakorfez.com\" \/>\n<meta property=\"og:url\" content=\"http:\/\/denizcankizil.tr\/uk\/haberler\/gundem\/antalyada-o-yol-acildi\/\" \/>\n<meta property=\"og:site_name\" content=\"Av. Deniz Can K\u0131z\u0131l\" \/>\n<meta property=\"article:published_time\" content=\"2025-04-07T09:41:37+00:00\" \/>\n<meta name=\"author\" content=\"Antalya K\u00f6rfez\" \/>\n<meta name=\"twitter:card\" content=\"summary_large_image\" \/>\n<meta name=\"twitter:label1\" content=\"\u041d\u0430\u043f\u0438\u0441\u0430\u043d\u043e\" \/>\n\t<meta name=\"twitter:data1\" content=\"Antalya K\u00f6rfez\" \/>\n\t<meta name=\"twitter:label2\" content=\"\u041f\u0440\u0438\u0431\u043b. \u0447\u0430\u0441 \u0447\u0438\u0442\u0430\u043d\u043d\u044f\" \/>\n\t<meta name=\"twitter:data2\" content=\"1 \u0445\u0432\u0438\u043b\u0438\u043d\u0430\" \/>\n<script type=\"application\/ld+json\" class=\"yoast-schema-graph\">{\"@context\":\"https:\/\/schema.org\",\"@graph\":[{\"@type\":\"Article\",\"@id\":\"http:\/\/denizcankizil.tr\/en\/haberler\/gundem\/antalyada-o-yol-acildi\/#article\",\"isPartOf\":{\"@id\":\"http:\/\/denizcankizil.tr\/en\/haberler\/gundem\/antalyada-o-yol-acildi\/\"},\"author\":{\"name\":\"Antalya K\u00f6rfez\",\"@id\":\"https:\/\/denizcankizil.tr\/#\/schema\/person\/e1eb71bb4dd684d46563f0af307e1234\"},\"headline\":\"Antalya&#8217;da o yol a\u00e7\u0131ld\u0131!\",\"datePublished\":\"2025-04-07T09:41:37+00:00\",\"mainEntityOfPage\":{\"@id\":\"http:\/\/denizcankizil.tr\/en\/haberler\/gundem\/antalyada-o-yol-acildi\/\"},\"wordCount\":181,\"publisher\":{\"@id\":\"https:\/\/denizcankizil.tr\/#organization\"},\"articleSection\":[\"G\u00fcndem\"],\"inLanguage\":\"uk\"},{\"@type\":\"WebPage\",\"@id\":\"http:\/\/denizcankizil.tr\/en\/haberler\/gundem\/antalyada-o-yol-acildi\/\",\"url\":\"http:\/\/denizcankizil.tr\/en\/haberler\/gundem\/antalyada-o-yol-acildi\/\",\"name\":\"Antalya'da o yol a\u00e7\u0131ld\u0131! - Av. Deniz Can K\u0131z\u0131l\",\"isPartOf\":{\"@id\":\"https:\/\/denizcankizil.tr\/#website\"},\"datePublished\":\"2025-04-07T09:41:37+00:00\",\"breadcrumb\":{\"@id\":\"http:\/\/denizcankizil.tr\/en\/haberler\/gundem\/antalyada-o-yol-acildi\/#breadcrumb\"},\"inLanguage\":\"uk\",\"potentialAction\":[{\"@type\":\"ReadAction\",\"target\":[\"http:\/\/denizcankizil.tr\/en\/haberler\/gundem\/antalyada-o-yol-acildi\/\"]}]},{\"@type\":\"BreadcrumbList\",\"@id\":\"http:\/\/denizcankizil.tr\/en\/haberler\/gundem\/antalyada-o-yol-acildi\/#breadcrumb\",\"itemListElement\":[{\"@type\":\"ListItem\",\"position\":1,\"name\":\"Home\",\"item\":\"https:\/\/denizcankizil.tr\/de\/\"},{\"@type\":\"ListItem\",\"position\":2,\"name\":\"Antalya&#8217;da o yol a\u00e7\u0131ld\u0131!\"}]},{\"@type\":\"WebSite\",\"@id\":\"https:\/\/denizcankizil.tr\/#website\",\"url\":\"https:\/\/denizcankizil.tr\/\",\"name\":\"Av. Deniz Can K\u0131z\u0131l\",\"description\":\"Avukat Deniz Can K\u0131z\u0131l Antalya Barosu\",\"publisher\":{\"@id\":\"https:\/\/denizcankizil.tr\/#organization\"},\"potentialAction\":[{\"@type\":\"SearchAction\",\"target\":{\"@type\":\"EntryPoint\",\"urlTemplate\":\"https:\/\/denizcankizil.tr\/?s={search_term_string}\"},\"query-input\":{\"@type\":\"PropertyValueSpecification\",\"valueRequired\":true,\"valueName\":\"search_term_string\"}}],\"inLanguage\":\"uk\"},{\"@type\":\"Organization\",\"@id\":\"https:\/\/denizcankizil.tr\/#organization\",\"name\":\"Av. Deniz Can K\u0131z\u0131l\",\"url\":\"https:\/\/denizcankizil.tr\/\",\"logo\":{\"@type\":\"ImageObject\",\"inLanguage\":\"uk\",\"@id\":\"https:\/\/denizcankizil.tr\/#\/schema\/logo\/image\/\",\"url\":\"http:\/\/denizcankizil.tr\/wp-content\/uploads\/2024\/10\/siyah-logo-svg.svg\",\"contentUrl\":\"http:\/\/denizcankizil.tr\/wp-content\/uploads\/2024\/10\/siyah-logo-svg.svg\",\"width\":1080,\"height\":1080,\"caption\":\"Av. Deniz Can K\u0131z\u0131l\"},\"image\":{\"@id\":\"https:\/\/denizcankizil.tr\/#\/schema\/logo\/image\/\"}},{\"@type\":\"Person\",\"@id\":\"https:\/\/denizcankizil.tr\/#\/schema\/person\/e1eb71bb4dd684d46563f0af307e1234\",\"name\":\"Antalya K\u00f6rfez\",\"image\":{\"@type\":\"ImageObject\",\"inLanguage\":\"uk\",\"@id\":\"https:\/\/denizcankizil.tr\/#\/schema\/person\/image\/\",\"url\":\"https:\/\/secure.gravatar.com\/avatar\/42b01982558a48a0b501fdcab6a408d3717ea5919095ee2e67b0e521799c5905?s=96&d=mm&r=g\",\"contentUrl\":\"https:\/\/secure.gravatar.com\/avatar\/42b01982558a48a0b501fdcab6a408d3717ea5919095ee2e67b0e521799c5905?s=96&d=mm&r=g\",\"caption\":\"Antalya K\u00f6rfez\"},\"sameAs\":[\"http:\/\/www.antalyakorfez.com\"],\"url\":\"https:\/\/www.antalyakorfez.com\/antalyada-o-yol-acildi\"}]}<\/script>\n<!-- \/ Yoast SEO Premium plugin. -->","yoast_head_json":{"title":"Antalya'da o yol a\u00e7\u0131ld\u0131! - Av. Deniz Can K\u0131z\u0131l","robots":{"index":"index","follow":"follow","max-snippet":"max-snippet:-1","max-image-preview":"max-image-preview:large","max-video-preview":"max-video-preview:-1"},"canonical":"http:\/\/denizcankizil.tr\/uk\/haberler\/gundem\/antalyada-o-yol-acildi\/","og_locale":"uk_UA","og_type":"article","og_title":"Antalya'da o yol a\u00e7\u0131ld\u0131!","og_description":"Antalya B\u00fcy\u00fck\u015fehir Belediyesi, heyelan nedeniyle kapanan Alanya Ta\u015fatan Yolu\u2019nu gece yapt\u0131\u011f\u0131 \u00e7al\u0131\u015fmayla ula\u015f\u0131ma a\u00e7t\u0131. YOL G\u00dcVENL\u0130 HALE GET\u0130R\u0130LD\u0130\u00a0 Antalya B\u00fcy\u00fck\u015fehir Belediyesi K\u0131rsal Hizmetler Dairesi Ba\u015fkanl\u0131\u011f\u0131 Alanya ekipleri, hafta sonu etkili olan \u015fiddetli ya\u011f\u0131\u015f ve f\u0131rt\u0131na nedeniyle bozulan yollardaki bak\u0131m onar\u0131m \u00e7al\u0131\u015fmalar\u0131n\u0131 s\u00fcrd\u00fcr\u00fcyor. Ya\u011f\u0131\u015flar nedeniyle Ta\u015fatan Yolu\u2019nda heyelan meydana geldi. B\u00fcy\u00fck kaya ve ta\u015flar\u0131n yola d\u00fc\u015fmesiyle yol trafi\u011fe kapand\u0131. Gece olay b\u00f6lgesine giden Alanya K\u0131rsal ekipleri, i\u015f makinesiyle yoldaki kaya ta\u015f ve topra\u011f\u0131 yo\u011fun bir \u00e7al\u0131\u015fman\u0131n ard\u0131ndan temizlendi. \u00c7al\u0131\u015fman\u0131n ard\u0131ndan yol g\u00fcvenli hale getirilerek tekrar trafi\u011fe a\u00e7\u0131ld\u0131. \u200bAntalya B\u00fcy\u00fck\u015fehir Belediye ekipleri, ge\u00e7ti\u011fimiz g\u00fcnlerde \u015fiddetli ya\u011f\u0131\u015f sonras\u0131 meydana gelen heyelan nedeniyle kapanan Ta\u015fatan Yolu&#8217;nu gece boyunca s\u00fcren \u00e7al\u0131\u015fmalarla yeniden ula\u015f\u0131ma a\u00e7t\u0131.\u00a0 \u200bHaberin Al\u0131nt\u0131land\u0131\u011f\u0131 Kaynak: www.antalyakorfez.com","og_url":"http:\/\/denizcankizil.tr\/uk\/haberler\/gundem\/antalyada-o-yol-acildi\/","og_site_name":"Av. Deniz Can K\u0131z\u0131l","article_published_time":"2025-04-07T09:41:37+00:00","author":"Antalya K\u00f6rfez","twitter_card":"summary_large_image","twitter_misc":{"\u041d\u0430\u043f\u0438\u0441\u0430\u043d\u043e":"Antalya K\u00f6rfez","\u041f\u0440\u0438\u0431\u043b. \u0447\u0430\u0441 \u0447\u0438\u0442\u0430\u043d\u043d\u044f":"1 \u0445\u0432\u0438\u043b\u0438\u043d\u0430"},"schema":{"@context":"https:\/\/schema.org","@graph":[{"@type":"Article","@id":"http:\/\/denizcankizil.tr\/en\/haberler\/gundem\/antalyada-o-yol-acildi\/#article","isPartOf":{"@id":"http:\/\/denizcankizil.tr\/en\/haberler\/gundem\/antalyada-o-yol-acildi\/"},"author":{"name":"Antalya K\u00f6rfez","@id":"https:\/\/denizcankizil.tr\/#\/schema\/person\/e1eb71bb4dd684d46563f0af307e1234"},"headline":"Antalya&#8217;da o yol a\u00e7\u0131ld\u0131!","datePublished":"2025-04-07T09:41:37+00:00","mainEntityOfPage":{"@id":"http:\/\/denizcankizil.tr\/en\/haberler\/gundem\/antalyada-o-yol-acildi\/"},"wordCount":181,"publisher":{"@id":"https:\/\/denizcankizil.tr\/#organization"},"articleSection":["G\u00fcndem"],"inLanguage":"uk"},{"@type":"WebPage","@id":"http:\/\/denizcankizil.tr\/en\/haberler\/gundem\/antalyada-o-yol-acildi\/","url":"http:\/\/denizcankizil.tr\/en\/haberler\/gundem\/antalyada-o-yol-acildi\/","name":"Antalya'da o yol a\u00e7\u0131ld\u0131! - Av. Deniz Can K\u0131z\u0131l","isPartOf":{"@id":"https:\/\/denizcankizil.tr\/#website"},"datePublished":"2025-04-07T09:41:37+00:00","breadcrumb":{"@id":"http:\/\/denizcankizil.tr\/en\/haberler\/gundem\/antalyada-o-yol-acildi\/#breadcrumb"},"inLanguage":"uk","potentialAction":[{"@type":"ReadAction","target":["http:\/\/denizcankizil.tr\/en\/haberler\/gundem\/antalyada-o-yol-acildi\/"]}]},{"@type":"BreadcrumbList","@id":"http:\/\/denizcankizil.tr\/en\/haberler\/gundem\/antalyada-o-yol-acildi\/#breadcrumb","itemListElement":[{"@type":"ListItem","position":1,"name":"Home","item":"https:\/\/denizcankizil.tr\/de\/"},{"@type":"ListItem","position":2,"name":"Antalya&#8217;da o yol a\u00e7\u0131ld\u0131!"}]},{"@type":"WebSite","@id":"https:\/\/denizcankizil.tr\/#website","url":"https:\/\/denizcankizil.tr\/","name":"Av. Deniz Can K\u0131z\u0131l","description":"Avukat Deniz Can K\u0131z\u0131l Antalya Barosu","publisher":{"@id":"https:\/\/denizcankizil.tr\/#organization"},"potentialAction":[{"@type":"SearchAction","target":{"@type":"EntryPoint","urlTemplate":"https:\/\/denizcankizil.tr\/?s={search_term_string}"},"query-input":{"@type":"PropertyValueSpecification","valueRequired":true,"valueName":"search_term_string"}}],"inLanguage":"uk"},{"@type":"Organization","@id":"https:\/\/denizcankizil.tr\/#organization","name":"Av. Deniz Can K\u0131z\u0131l","url":"https:\/\/denizcankizil.tr\/","logo":{"@type":"ImageObject","inLanguage":"uk","@id":"https:\/\/denizcankizil.tr\/#\/schema\/logo\/image\/","url":"http:\/\/denizcankizil.tr\/wp-content\/uploads\/2024\/10\/siyah-logo-svg.svg","contentUrl":"http:\/\/denizcankizil.tr\/wp-content\/uploads\/2024\/10\/siyah-logo-svg.svg","width":1080,"height":1080,"caption":"Av. Deniz Can K\u0131z\u0131l"},"image":{"@id":"https:\/\/denizcankizil.tr\/#\/schema\/logo\/image\/"}},{"@type":"Person","@id":"https:\/\/denizcankizil.tr\/#\/schema\/person\/e1eb71bb4dd684d46563f0af307e1234","name":"Antalya K\u00f6rfez","image":{"@type":"ImageObject","inLanguage":"uk","@id":"https:\/\/denizcankizil.tr\/#\/schema\/person\/image\/","url":"https:\/\/secure.gravatar.com\/avatar\/42b01982558a48a0b501fdcab6a408d3717ea5919095ee2e67b0e521799c5905?s=96&d=mm&r=g","contentUrl":"https:\/\/secure.gravatar.com\/avatar\/42b01982558a48a0b501fdcab6a408d3717ea5919095ee2e67b0e521799c5905?s=96&d=mm&r=g","caption":"Antalya K\u00f6rfez"},"sameAs":["http:\/\/www.antalyakorfez.com"],"url":"https:\/\/www.antalyakorfez.com\/antalyada-o-yol-acildi"}]}},"_links":{"self":[{"href":"http:\/\/denizcankizil.tr\/uk\/wp-json\/wp\/v2\/posts\/48167","targetHints":{"allow":["GET"]}}],"collection":[{"href":"http:\/\/denizcankizil.tr\/uk\/wp-json\/wp\/v2\/posts"}],"about":[{"href":"http:\/\/denizcankizil.tr\/uk\/wp-json\/wp\/v2\/types\/post"}],"author":[{"embeddable":true,"href":"http:\/\/denizcankizil.tr\/uk\/wp-json\/wp\/v2\/users\/5"}],"replies":[{"embeddable":true,"href":"http:\/\/denizcankizil.tr\/uk\/wp-json\/wp\/v2\/comments?post=48167"}],"version-history":[{"count":0,"href":"http:\/\/denizcankizil.tr\/uk\/wp-json\/wp\/v2\/posts\/48167\/revisions"}],"wp:attachment":[{"href":"http:\/\/denizcankizil.tr\/uk\/wp-json\/wp\/v2\/media?parent=48167"}],"wp:term":[{"taxonomy":"category","embeddable":true,"href":"http:\/\/denizcankizil.tr\/uk\/wp-json\/wp\/v2\/categories?post=48167"},{"taxonomy":"post_tag","embeddable":true,"href":"http:\/\/denizcankizil.tr\/uk\/wp-json\/wp\/v2\/tags?post=48167"}],"curies":[{"name":"wp","href":"https:\/\/api.w.org\/{rel}","templated":true}]}}