{"id":47017,"date":"2025-04-06T09:41:16","date_gmt":"2025-04-06T06:41:16","guid":{"rendered":"https:\/\/denizcankizil.tr\/uncategorized-tr\/2-yasindaki-cocugun-darbeldilmesine-sorusturma\/"},"modified":"2025-04-06T09:41:16","modified_gmt":"2025-04-06T06:41:16","slug":"2-yasindaki-cocugun-darbeldilmesine-sorusturma","status":"publish","type":"post","link":"http:\/\/denizcankizil.tr\/uk\/haberler\/antalya\/2-yasindaki-cocugun-darbeldilmesine-sorusturma\/","title":{"rendered":"2 ya\u015f\u0131ndaki \u00e7ocu\u011fun darbeldilmesine soru\u015fturma"},"content":{"rendered":"<p>Antalya&#8217;n\u0131n Muratpa\u015fa il\u00e7esindeki \u00f6zel bir kre\u015fte, 2 ya\u015f\u0131ndaki bir k\u0131z \u00e7ocu\u011fu uyku odas\u0131nda, ya\u015f\u0131 daha b\u00fcy\u00fck iki \u00e7ocuk taraf\u0131ndan yakla\u015f\u0131k 15 dakika boyunca darp edildi. Olay g\u00fcvenlik kameras\u0131 g\u00f6r\u00fcnt\u00fcleriyle ortaya \u00e7\u0131karken, aile hem kre\u015f y\u00f6netimi hem de olayda sorumlulu\u011fu bulunan personel hakk\u0131nda su\u00e7 duyurusunda bulundu.<br \/>\nAile ve Sosyal Hizmetler Bakanl\u0131\u011f\u0131ndan olayla ilgili yap\u0131lan a\u00e7\u0131klamada, ALO 183 \u015eiddetle M\u00fccadele Hatt\u0131&#8217;na gelen ihbar \u00fczerine Antalya \u0130l M\u00fcd\u00fcrl\u00fc\u011f\u00fc ekiplerince ivedilikle harekete ge\u00e7ildi\u011fi belirtilerek, &#8220;Kre\u015fte yap\u0131lan denetimin ard\u0131ndan ihmali bulunan yetkililer hakk\u0131nda su\u00e7 duyurusunda bulunulmas\u0131na ve muhakkik g\u00f6revlendirilmesine karar verilmi\u015ftir. Bakanl\u0131k olarak ihmali bulunan yetkililerin gereken cezay\u0131 almas\u0131 i\u00e7in s\u00fcreci titizlikle takip etmeye devam edece\u011fiz&#8221; denildi.<\/p>\n<p>Kaynak: www.kanalv.com.tr Haber Sitesinden Al\u0131nm\u0131\u015ft\u0131r.<\/p>","protected":false},"excerpt":{"rendered":"<p>Antalya&#8217;n\u0131n Muratpa\u015fa il\u00e7esindeki \u00f6zel bir kre\u015fte, 2 ya\u015f\u0131ndaki bir k\u0131z \u00e7ocu\u011fu uyku odas\u0131nda, ya\u015f\u0131 daha b\u00fcy\u00fck iki \u00e7ocuk taraf\u0131ndan yakla\u015f\u0131k 15 dakika boyunca darp edildi. Olay g\u00fcvenlik kameras\u0131 g\u00f6r\u00fcnt\u00fcleriyle ortaya \u00e7\u0131karken, aile hem kre\u015f y\u00f6netimi hem de olayda sorumlulu\u011fu bulunan personel hakk\u0131nda su\u00e7 duyurusunda bulundu. Aile ve Sosyal Hizmetler Bakanl\u0131\u011f\u0131ndan olayla ilgili yap\u0131lan a\u00e7\u0131klamada, ALO 183 \u015eiddetle M\u00fccadele Hatt\u0131&#8217;na gelen ihbar \u00fczerine Antalya \u0130l M\u00fcd\u00fcrl\u00fc\u011f\u00fc ekiplerince ivedilikle harekete ge\u00e7ildi\u011fi belirtilerek, &#8220;Kre\u015fte yap\u0131lan denetimin ard\u0131ndan ihmali bulunan yetkililer hakk\u0131nda su\u00e7 duyurusunda bulunulmas\u0131na ve muhakkik g\u00f6revlendirilmesine karar verilmi\u015ftir. Bakanl\u0131k olarak ihmali bulunan yetkililerin gereken cezay\u0131 almas\u0131 i\u00e7in s\u00fcreci titizlikle takip etmeye devam edece\u011fiz&#8221; denildi. Kaynak: www.kanalv.com.tr Haber Sitesinden Al\u0131nm\u0131\u015ft\u0131r.<\/p>","protected":false},"author":4,"featured_media":0,"comment_status":"","ping_status":"open","sticky":false,"template":"","format":"standard","meta":{"_acf_changed":false,"footnotes":""},"categories":[26],"tags":[],"class_list":["post-47017","post","type-post","status-publish","format-standard","hentry","category-antalya"],"acf":[],"yoast_head":"<!-- This site is optimized with the Yoast SEO Premium plugin v26.6 (Yoast SEO v27.1.1) - https:\/\/yoast.com\/product\/yoast-seo-premium-wordpress\/ -->\n<title>2 ya\u015f\u0131ndaki \u00e7ocu\u011fun darbeldilmesine soru\u015fturma - Av. Deniz Can K\u0131z\u0131l<\/title>\n<meta name=\"robots\" content=\"index, follow, max-snippet:-1, max-image-preview:large, max-video-preview:-1\" \/>\n<link rel=\"canonical\" href=\"https:\/\/denizcankizil.tr\/uk\/haberler\/antalya\/2-yasindaki-cocugun-darbeldilmesine-sorusturma\/\" \/>\n<meta property=\"og:locale\" content=\"uk_UA\" \/>\n<meta property=\"og:type\" content=\"article\" \/>\n<meta property=\"og:title\" content=\"2 ya\u015f\u0131ndaki \u00e7ocu\u011fun darbeldilmesine soru\u015fturma\" \/>\n<meta property=\"og:description\" content=\"Antalya&#8217;n\u0131n Muratpa\u015fa il\u00e7esindeki \u00f6zel bir kre\u015fte, 2 ya\u015f\u0131ndaki bir k\u0131z \u00e7ocu\u011fu uyku odas\u0131nda, ya\u015f\u0131 daha b\u00fcy\u00fck iki \u00e7ocuk taraf\u0131ndan yakla\u015f\u0131k 15 dakika boyunca darp edildi. Olay g\u00fcvenlik kameras\u0131 g\u00f6r\u00fcnt\u00fcleriyle ortaya \u00e7\u0131karken, aile hem kre\u015f y\u00f6netimi hem de olayda sorumlulu\u011fu bulunan personel hakk\u0131nda su\u00e7 duyurusunda bulundu. Aile ve Sosyal Hizmetler Bakanl\u0131\u011f\u0131ndan olayla ilgili yap\u0131lan a\u00e7\u0131klamada, ALO 183 \u015eiddetle M\u00fccadele Hatt\u0131&#8217;na gelen ihbar \u00fczerine Antalya \u0130l M\u00fcd\u00fcrl\u00fc\u011f\u00fc ekiplerince ivedilikle harekete ge\u00e7ildi\u011fi belirtilerek, &#8220;Kre\u015fte yap\u0131lan denetimin ard\u0131ndan ihmali bulunan yetkililer hakk\u0131nda su\u00e7 duyurusunda bulunulmas\u0131na ve muhakkik g\u00f6revlendirilmesine karar verilmi\u015ftir. Bakanl\u0131k olarak ihmali bulunan yetkililerin gereken cezay\u0131 almas\u0131 i\u00e7in s\u00fcreci titizlikle takip etmeye devam edece\u011fiz&#8221; denildi. Kaynak: www.kanalv.com.tr Haber Sitesinden Al\u0131nm\u0131\u015ft\u0131r.\" \/>\n<meta property=\"og:url\" content=\"https:\/\/denizcankizil.tr\/uk\/haberler\/antalya\/2-yasindaki-cocugun-darbeldilmesine-sorusturma\/\" \/>\n<meta property=\"og:site_name\" content=\"Av. Deniz Can K\u0131z\u0131l\" \/>\n<meta property=\"article:published_time\" content=\"2025-04-06T06:41:16+00:00\" \/>\n<meta name=\"author\" content=\"Av. Deniz Can K\u0131z\u0131l\" \/>\n<meta name=\"twitter:card\" content=\"summary_large_image\" \/>\n<meta name=\"twitter:label1\" content=\"\u041d\u0430\u043f\u0438\u0441\u0430\u043d\u043e\" \/>\n\t<meta name=\"twitter:data1\" content=\"Av. Deniz Can K\u0131z\u0131l\" \/>\n\t<meta name=\"twitter:label2\" content=\"\u041f\u0440\u0438\u0431\u043b. \u0447\u0430\u0441 \u0447\u0438\u0442\u0430\u043d\u043d\u044f\" \/>\n\t<meta name=\"twitter:data2\" content=\"1 \u0445\u0432\u0438\u043b\u0438\u043d\u0430\" \/>\n<script type=\"application\/ld+json\" class=\"yoast-schema-graph\">{\"@context\":\"https:\/\/schema.org\",\"@graph\":[{\"@type\":\"Article\",\"@id\":\"https:\/\/denizcankizil.tr\/ru\/haberler\/antalya\/2-yasindaki-cocugun-darbeldilmesine-sorusturma\/#article\",\"isPartOf\":{\"@id\":\"https:\/\/denizcankizil.tr\/ru\/haberler\/antalya\/2-yasindaki-cocugun-darbeldilmesine-sorusturma\/\"},\"author\":{\"name\":\"Av. Deniz Can K\u0131z\u0131l\",\"@id\":\"https:\/\/denizcankizil.tr\/de\/#\/schema\/person\/5dc1b22991bd7ac833867c10afc9b0ff\"},\"headline\":\"2 ya\u015f\u0131ndaki \u00e7ocu\u011fun darbeldilmesine soru\u015fturma\",\"datePublished\":\"2025-04-06T06:41:16+00:00\",\"mainEntityOfPage\":{\"@id\":\"https:\/\/denizcankizil.tr\/ru\/haberler\/antalya\/2-yasindaki-cocugun-darbeldilmesine-sorusturma\/\"},\"wordCount\":157,\"publisher\":{\"@id\":\"https:\/\/denizcankizil.tr\/de\/#organization\"},\"articleSection\":[\"Antalya\"],\"inLanguage\":\"uk\"},{\"@type\":\"WebPage\",\"@id\":\"https:\/\/denizcankizil.tr\/ru\/haberler\/antalya\/2-yasindaki-cocugun-darbeldilmesine-sorusturma\/\",\"url\":\"https:\/\/denizcankizil.tr\/ru\/haberler\/antalya\/2-yasindaki-cocugun-darbeldilmesine-sorusturma\/\",\"name\":\"2 ya\u015f\u0131ndaki \u00e7ocu\u011fun darbeldilmesine soru\u015fturma - Av. Deniz Can K\u0131z\u0131l\",\"isPartOf\":{\"@id\":\"https:\/\/denizcankizil.tr\/de\/#website\"},\"datePublished\":\"2025-04-06T06:41:16+00:00\",\"breadcrumb\":{\"@id\":\"https:\/\/denizcankizil.tr\/ru\/haberler\/antalya\/2-yasindaki-cocugun-darbeldilmesine-sorusturma\/#breadcrumb\"},\"inLanguage\":\"uk\",\"potentialAction\":[{\"@type\":\"ReadAction\",\"target\":[\"https:\/\/denizcankizil.tr\/ru\/haberler\/antalya\/2-yasindaki-cocugun-darbeldilmesine-sorusturma\/\"]}]},{\"@type\":\"BreadcrumbList\",\"@id\":\"https:\/\/denizcankizil.tr\/ru\/haberler\/antalya\/2-yasindaki-cocugun-darbeldilmesine-sorusturma\/#breadcrumb\",\"itemListElement\":[{\"@type\":\"ListItem\",\"position\":1,\"name\":\"Home\",\"item\":\"https:\/\/denizcankizil.tr\/de\/\"},{\"@type\":\"ListItem\",\"position\":2,\"name\":\"2 ya\u015f\u0131ndaki \u00e7ocu\u011fun darbeldilmesine soru\u015fturma\"}]},{\"@type\":\"WebSite\",\"@id\":\"https:\/\/denizcankizil.tr\/de\/#website\",\"url\":\"https:\/\/denizcankizil.tr\/de\/\",\"name\":\"Av. Deniz Can K\u0131z\u0131l\",\"description\":\"Avukat Deniz Can K\u0131z\u0131l Antalya Barosu\",\"publisher\":{\"@id\":\"https:\/\/denizcankizil.tr\/de\/#organization\"},\"potentialAction\":[{\"@type\":\"SearchAction\",\"target\":{\"@type\":\"EntryPoint\",\"urlTemplate\":\"https:\/\/denizcankizil.tr\/de\/?s={search_term_string}\"},\"query-input\":{\"@type\":\"PropertyValueSpecification\",\"valueRequired\":true,\"valueName\":\"search_term_string\"}}],\"inLanguage\":\"uk\"},{\"@type\":\"Organization\",\"@id\":\"https:\/\/denizcankizil.tr\/de\/#organization\",\"name\":\"Av. Deniz Can K\u0131z\u0131l\",\"url\":\"https:\/\/denizcankizil.tr\/de\/\",\"logo\":{\"@type\":\"ImageObject\",\"inLanguage\":\"uk\",\"@id\":\"https:\/\/denizcankizil.tr\/de\/#\/schema\/logo\/image\/\",\"url\":\"http:\/\/denizcankizil.tr\/wp-content\/uploads\/2024\/10\/siyah-logo-svg.svg\",\"contentUrl\":\"http:\/\/denizcankizil.tr\/wp-content\/uploads\/2024\/10\/siyah-logo-svg.svg\",\"width\":1080,\"height\":1080,\"caption\":\"Av. Deniz Can K\u0131z\u0131l\"},\"image\":{\"@id\":\"https:\/\/denizcankizil.tr\/de\/#\/schema\/logo\/image\/\"}},{\"@type\":\"Person\",\"@id\":\"https:\/\/denizcankizil.tr\/de\/#\/schema\/person\/5dc1b22991bd7ac833867c10afc9b0ff\",\"name\":\"Av. Deniz Can K\u0131z\u0131l\",\"image\":{\"@type\":\"ImageObject\",\"inLanguage\":\"uk\",\"@id\":\"https:\/\/denizcankizil.tr\/de\/#\/schema\/person\/image\/\",\"url\":\"https:\/\/secure.gravatar.com\/avatar\/a0b128fb9855c79efc976d5640eedb31dc35ec297594d6016d2cf7c60e975bb6?s=96&d=mm&r=g\",\"contentUrl\":\"https:\/\/secure.gravatar.com\/avatar\/a0b128fb9855c79efc976d5640eedb31dc35ec297594d6016d2cf7c60e975bb6?s=96&d=mm&r=g\",\"caption\":\"Av. Deniz Can K\u0131z\u0131l\"},\"sameAs\":[\"http:\/\/www.denizcankizil.tr\"],\"url\":\"http:\/\/denizcankizil.tr\/uk\/author\/denizcankizil\/\"}]}<\/script>\n<!-- \/ Yoast SEO Premium plugin. -->","yoast_head_json":{"title":"2 ya\u015f\u0131ndaki \u00e7ocu\u011fun darbeldilmesine soru\u015fturma - Av. Deniz Can K\u0131z\u0131l","robots":{"index":"index","follow":"follow","max-snippet":"max-snippet:-1","max-image-preview":"max-image-preview:large","max-video-preview":"max-video-preview:-1"},"canonical":"https:\/\/denizcankizil.tr\/uk\/haberler\/antalya\/2-yasindaki-cocugun-darbeldilmesine-sorusturma\/","og_locale":"uk_UA","og_type":"article","og_title":"2 ya\u015f\u0131ndaki \u00e7ocu\u011fun darbeldilmesine soru\u015fturma","og_description":"Antalya&#8217;n\u0131n Muratpa\u015fa il\u00e7esindeki \u00f6zel bir kre\u015fte, 2 ya\u015f\u0131ndaki bir k\u0131z \u00e7ocu\u011fu uyku odas\u0131nda, ya\u015f\u0131 daha b\u00fcy\u00fck iki \u00e7ocuk taraf\u0131ndan yakla\u015f\u0131k 15 dakika boyunca darp edildi. Olay g\u00fcvenlik kameras\u0131 g\u00f6r\u00fcnt\u00fcleriyle ortaya \u00e7\u0131karken, aile hem kre\u015f y\u00f6netimi hem de olayda sorumlulu\u011fu bulunan personel hakk\u0131nda su\u00e7 duyurusunda bulundu. Aile ve Sosyal Hizmetler Bakanl\u0131\u011f\u0131ndan olayla ilgili yap\u0131lan a\u00e7\u0131klamada, ALO 183 \u015eiddetle M\u00fccadele Hatt\u0131&#8217;na gelen ihbar \u00fczerine Antalya \u0130l M\u00fcd\u00fcrl\u00fc\u011f\u00fc ekiplerince ivedilikle harekete ge\u00e7ildi\u011fi belirtilerek, &#8220;Kre\u015fte yap\u0131lan denetimin ard\u0131ndan ihmali bulunan yetkililer hakk\u0131nda su\u00e7 duyurusunda bulunulmas\u0131na ve muhakkik g\u00f6revlendirilmesine karar verilmi\u015ftir. Bakanl\u0131k olarak ihmali bulunan yetkililerin gereken cezay\u0131 almas\u0131 i\u00e7in s\u00fcreci titizlikle takip etmeye devam edece\u011fiz&#8221; denildi. Kaynak: www.kanalv.com.tr Haber Sitesinden Al\u0131nm\u0131\u015ft\u0131r.","og_url":"https:\/\/denizcankizil.tr\/uk\/haberler\/antalya\/2-yasindaki-cocugun-darbeldilmesine-sorusturma\/","og_site_name":"Av. Deniz Can K\u0131z\u0131l","article_published_time":"2025-04-06T06:41:16+00:00","author":"Av. Deniz Can K\u0131z\u0131l","twitter_card":"summary_large_image","twitter_misc":{"\u041d\u0430\u043f\u0438\u0441\u0430\u043d\u043e":"Av. Deniz Can K\u0131z\u0131l","\u041f\u0440\u0438\u0431\u043b. \u0447\u0430\u0441 \u0447\u0438\u0442\u0430\u043d\u043d\u044f":"1 \u0445\u0432\u0438\u043b\u0438\u043d\u0430"},"schema":{"@context":"https:\/\/schema.org","@graph":[{"@type":"Article","@id":"https:\/\/denizcankizil.tr\/ru\/haberler\/antalya\/2-yasindaki-cocugun-darbeldilmesine-sorusturma\/#article","isPartOf":{"@id":"https:\/\/denizcankizil.tr\/ru\/haberler\/antalya\/2-yasindaki-cocugun-darbeldilmesine-sorusturma\/"},"author":{"name":"Av. Deniz Can K\u0131z\u0131l","@id":"https:\/\/denizcankizil.tr\/de\/#\/schema\/person\/5dc1b22991bd7ac833867c10afc9b0ff"},"headline":"2 ya\u015f\u0131ndaki \u00e7ocu\u011fun darbeldilmesine soru\u015fturma","datePublished":"2025-04-06T06:41:16+00:00","mainEntityOfPage":{"@id":"https:\/\/denizcankizil.tr\/ru\/haberler\/antalya\/2-yasindaki-cocugun-darbeldilmesine-sorusturma\/"},"wordCount":157,"publisher":{"@id":"https:\/\/denizcankizil.tr\/de\/#organization"},"articleSection":["Antalya"],"inLanguage":"uk"},{"@type":"WebPage","@id":"https:\/\/denizcankizil.tr\/ru\/haberler\/antalya\/2-yasindaki-cocugun-darbeldilmesine-sorusturma\/","url":"https:\/\/denizcankizil.tr\/ru\/haberler\/antalya\/2-yasindaki-cocugun-darbeldilmesine-sorusturma\/","name":"2 ya\u015f\u0131ndaki \u00e7ocu\u011fun darbeldilmesine soru\u015fturma - Av. Deniz Can K\u0131z\u0131l","isPartOf":{"@id":"https:\/\/denizcankizil.tr\/de\/#website"},"datePublished":"2025-04-06T06:41:16+00:00","breadcrumb":{"@id":"https:\/\/denizcankizil.tr\/ru\/haberler\/antalya\/2-yasindaki-cocugun-darbeldilmesine-sorusturma\/#breadcrumb"},"inLanguage":"uk","potentialAction":[{"@type":"ReadAction","target":["https:\/\/denizcankizil.tr\/ru\/haberler\/antalya\/2-yasindaki-cocugun-darbeldilmesine-sorusturma\/"]}]},{"@type":"BreadcrumbList","@id":"https:\/\/denizcankizil.tr\/ru\/haberler\/antalya\/2-yasindaki-cocugun-darbeldilmesine-sorusturma\/#breadcrumb","itemListElement":[{"@type":"ListItem","position":1,"name":"Home","item":"https:\/\/denizcankizil.tr\/de\/"},{"@type":"ListItem","position":2,"name":"2 ya\u015f\u0131ndaki \u00e7ocu\u011fun darbeldilmesine soru\u015fturma"}]},{"@type":"WebSite","@id":"https:\/\/denizcankizil.tr\/de\/#website","url":"https:\/\/denizcankizil.tr\/de\/","name":"Av. Deniz Can K\u0131z\u0131l","description":"Avukat Deniz Can K\u0131z\u0131l Antalya Barosu","publisher":{"@id":"https:\/\/denizcankizil.tr\/de\/#organization"},"potentialAction":[{"@type":"SearchAction","target":{"@type":"EntryPoint","urlTemplate":"https:\/\/denizcankizil.tr\/de\/?s={search_term_string}"},"query-input":{"@type":"PropertyValueSpecification","valueRequired":true,"valueName":"search_term_string"}}],"inLanguage":"uk"},{"@type":"Organization","@id":"https:\/\/denizcankizil.tr\/de\/#organization","name":"Av. Deniz Can K\u0131z\u0131l","url":"https:\/\/denizcankizil.tr\/de\/","logo":{"@type":"ImageObject","inLanguage":"uk","@id":"https:\/\/denizcankizil.tr\/de\/#\/schema\/logo\/image\/","url":"http:\/\/denizcankizil.tr\/wp-content\/uploads\/2024\/10\/siyah-logo-svg.svg","contentUrl":"http:\/\/denizcankizil.tr\/wp-content\/uploads\/2024\/10\/siyah-logo-svg.svg","width":1080,"height":1080,"caption":"Av. Deniz Can K\u0131z\u0131l"},"image":{"@id":"https:\/\/denizcankizil.tr\/de\/#\/schema\/logo\/image\/"}},{"@type":"Person","@id":"https:\/\/denizcankizil.tr\/de\/#\/schema\/person\/5dc1b22991bd7ac833867c10afc9b0ff","name":"Av. Deniz Can K\u0131z\u0131l","image":{"@type":"ImageObject","inLanguage":"uk","@id":"https:\/\/denizcankizil.tr\/de\/#\/schema\/person\/image\/","url":"https:\/\/secure.gravatar.com\/avatar\/a0b128fb9855c79efc976d5640eedb31dc35ec297594d6016d2cf7c60e975bb6?s=96&d=mm&r=g","contentUrl":"https:\/\/secure.gravatar.com\/avatar\/a0b128fb9855c79efc976d5640eedb31dc35ec297594d6016d2cf7c60e975bb6?s=96&d=mm&r=g","caption":"Av. Deniz Can K\u0131z\u0131l"},"sameAs":["http:\/\/www.denizcankizil.tr"],"url":"http:\/\/denizcankizil.tr\/uk\/author\/denizcankizil\/"}]}},"_links":{"self":[{"href":"http:\/\/denizcankizil.tr\/uk\/wp-json\/wp\/v2\/posts\/47017","targetHints":{"allow":["GET"]}}],"collection":[{"href":"http:\/\/denizcankizil.tr\/uk\/wp-json\/wp\/v2\/posts"}],"about":[{"href":"http:\/\/denizcankizil.tr\/uk\/wp-json\/wp\/v2\/types\/post"}],"author":[{"embeddable":true,"href":"http:\/\/denizcankizil.tr\/uk\/wp-json\/wp\/v2\/users\/4"}],"replies":[{"embeddable":true,"href":"http:\/\/denizcankizil.tr\/uk\/wp-json\/wp\/v2\/comments?post=47017"}],"version-history":[{"count":0,"href":"http:\/\/denizcankizil.tr\/uk\/wp-json\/wp\/v2\/posts\/47017\/revisions"}],"wp:attachment":[{"href":"http:\/\/denizcankizil.tr\/uk\/wp-json\/wp\/v2\/media?parent=47017"}],"wp:term":[{"taxonomy":"category","embeddable":true,"href":"http:\/\/denizcankizil.tr\/uk\/wp-json\/wp\/v2\/categories?post=47017"},{"taxonomy":"post_tag","embeddable":true,"href":"http:\/\/denizcankizil.tr\/uk\/wp-json\/wp\/v2\/tags?post=47017"}],"curies":[{"name":"wp","href":"https:\/\/api.w.org\/{rel}","templated":true}]}}