{"id":4665,"date":"2024-10-19T22:42:57","date_gmt":"2024-10-19T19:42:57","guid":{"rendered":"https:\/\/denizcankizil.tr\/uncategorized-tr\/ibbnin-anadolu-yakasindaki-yeni-tramvayi-icin-ced-sureci-basladi-kadikoy-rihtimindaki-otobus-duraklari-kalkacak\/"},"modified":"2024-10-19T22:43:08","modified_gmt":"2024-10-19T19:43:08","slug":"ibbnin-anadolu-yakasindaki-yeni-tramvayi-icin-ced-sureci-basladi-kadikoy-rihtimindaki-otobus-duraklari-kalkacak","status":"publish","type":"post","link":"http:\/\/denizcankizil.tr\/uk\/haberler\/gundem\/ibbnin-anadolu-yakasindaki-yeni-tramvayi-icin-ced-sureci-basladi-kadikoy-rihtimindaki-otobus-duraklari-kalkacak\/","title":{"rendered":"\u0130BB\u2019nin Anadolu Yakas\u0131\u2019ndaki yeni tramvay\u0131 i\u00e7in \u00c7ED s\u00fcreci ba\u015flad\u0131 Kad\u0131k\u00f6y R\u0131ht\u0131m\u0131\u2019ndaki otob\u00fcs duraklar\u0131 kalkacak."},"content":{"rendered":"<h1>Yeni Tramvay Hatt\u0131 Projesi: \u00dcsk\u00fcdar-Kad\u0131k\u00f6y-Maltepe Ba\u011flant\u0131s\u0131<\/h1>\n\n<p>\u0130stanbul B\u00fcy\u00fck\u015fehir Belediyesi (\u0130BB), \u00dcsk\u00fcdar ile Kad\u0131k\u00f6y ve Maltepe\u2019yi birbirine entegre edecek 21 kilometrelik yeni bir tramvay hatt\u0131 i\u00e7in \u00c7evresel Etki De\u011ferlendirmesi (\u00c7ED) ba\u015fvurusu ger\u00e7ekle\u015ftirdi. Bu projenin tamamlanmas\u0131 i\u00e7in \u00f6ng\u00f6r\u00fclen s\u00fcre \u00fc\u00e7 y\u0131l olarak belirlendi. Projenin toplam maliyetinin ise 8 milyar 45 milyon 647 bin 428 TL oldu\u011fu tahmin ediliyor.<\/p>\n\n<h2>Kad\u0131k\u00f6y R\u0131ht\u0131m Meydan\u0131&#8217;nda Yenilikler<\/h2>\n<p>Proje kapsam\u0131nda, Kad\u0131k\u00f6y R\u0131ht\u0131m Meydan\u0131&#8217;n\u0131n arka k\u0131sm\u0131ndaki otob\u00fcs duraklar\u0131 kald\u0131r\u0131lacak. Bu de\u011fi\u015fiklik, b\u00f6lgenin daha d\u00fczenli ve estetik bir g\u00f6r\u00fcn\u00fcme kavu\u015fmas\u0131n\u0131 sa\u011flayacak.<\/p>\n\n<h3>Projenin \u00d6nemi ve Beklentiler<\/h3>\n<p>Bu yeni tramvay hatt\u0131n\u0131n hayata ge\u00e7irilmesiyle birlikte, \u0130stanbul&#8217;un ula\u015f\u0131m a\u011f\u0131na \u00f6nemli bir katk\u0131da bulunulmas\u0131 hedefleniyor. \u00d6zellikle yo\u011fun n\u00fcfuslu b\u00f6lgeler aras\u0131nda sa\u011flanacak bu ba\u011flant\u0131lar, toplu ta\u015f\u0131ma sisteminin etkinli\u011fini art\u0131rarak trafik s\u0131k\u0131\u015f\u0131kl\u0131\u011f\u0131n\u0131 azaltmay\u0131 ama\u00e7l\u0131yor.<\/p>\n\n<p>B\u00f6lgedeki ula\u015f\u0131m\u0131n iyile\u015ftirilmesiyle birlikte, g\u00fcnl\u00fck yolcu say\u0131s\u0131n\u0131n artmas\u0131 bekleniyor. \u00d6rne\u011fin, mevcut veriler \u0131\u015f\u0131\u011f\u0131nda \u0130stanbul&#8217;da toplu ta\u015f\u0131ma kullan\u0131m\u0131n\u0131n son y\u0131llarda %15 oran\u0131nda artt\u0131\u011f\u0131 g\u00f6zlemlenmi\u015ftir.<\/p>\n\n<p><strong>Kaynak:<\/strong> www.iskenderun.org<\/p>","protected":false},"excerpt":{"rendered":"<p>Yeni Tramvay Hatt\u0131 Projesi: \u00dcsk\u00fcdar-Kad\u0131k\u00f6y-Maltepe Ba\u011flant\u0131s\u0131 \u0130stanbul B\u00fcy\u00fck\u015fehir Belediyesi (\u0130BB), \u00dcsk\u00fcdar ile Kad\u0131k\u00f6y ve Maltepe\u2019yi birbirine entegre edecek 21 kilometrelik yeni bir tramvay hatt\u0131 i\u00e7in \u00c7evresel Etki De\u011ferlendirmesi (\u00c7ED) ba\u015fvurusu ger\u00e7ekle\u015ftirdi. Bu projenin tamamlanmas\u0131 i\u00e7in \u00f6ng\u00f6r\u00fclen s\u00fcre \u00fc\u00e7 y\u0131l olarak belirlendi. Projenin toplam maliyetinin ise 8 milyar 45 milyon 647 bin 428 TL oldu\u011fu tahmin ediliyor. Kad\u0131k\u00f6y R\u0131ht\u0131m Meydan\u0131&#8217;nda Yenilikler Proje kapsam\u0131nda, Kad\u0131k\u00f6y R\u0131ht\u0131m Meydan\u0131&#8217;n\u0131n arka k\u0131sm\u0131ndaki otob\u00fcs duraklar\u0131 kald\u0131r\u0131lacak. Bu de\u011fi\u015fiklik, b\u00f6lgenin daha d\u00fczenli ve estetik bir g\u00f6r\u00fcn\u00fcme kavu\u015fmas\u0131n\u0131 sa\u011flayacak. Projenin \u00d6nemi ve Beklentiler Bu yeni tramvay hatt\u0131n\u0131n hayata ge\u00e7irilmesiyle birlikte, \u0130stanbul&#8217;un ula\u015f\u0131m a\u011f\u0131na \u00f6nemli bir katk\u0131da bulunulmas\u0131 hedefleniyor. \u00d6zellikle yo\u011fun n\u00fcfuslu b\u00f6lgeler aras\u0131nda sa\u011flanacak bu ba\u011flant\u0131lar, toplu ta\u015f\u0131ma sisteminin etkinli\u011fini art\u0131rarak trafik s\u0131k\u0131\u015f\u0131kl\u0131\u011f\u0131n\u0131 azaltmay\u0131 ama\u00e7l\u0131yor. B\u00f6lgedeki ula\u015f\u0131m\u0131n iyile\u015ftirilmesiyle birlikte, g\u00fcnl\u00fck yolcu say\u0131s\u0131n\u0131n artmas\u0131 bekleniyor. \u00d6rne\u011fin, mevcut veriler \u0131\u015f\u0131\u011f\u0131nda \u0130stanbul&#8217;da toplu ta\u015f\u0131ma kullan\u0131m\u0131n\u0131n son y\u0131llarda %15 oran\u0131nda artt\u0131\u011f\u0131 g\u00f6zlemlenmi\u015ftir. Kaynak: www.iskenderun.org<\/p>","protected":false},"author":0,"featured_media":0,"comment_status":"open","ping_status":"open","sticky":false,"template":"","format":"standard","meta":{"_acf_changed":false,"footnotes":""},"categories":[24,535],"tags":[],"class_list":["post-4665","post","type-post","status-publish","format-standard","has-post-thumbnail","hentry","category-gundem","category-uncategorized-tr"],"acf":[],"yoast_head":"<!-- This site is optimized with the Yoast SEO Premium plugin v26.6 (Yoast SEO v27.1.1) - https:\/\/yoast.com\/product\/yoast-seo-premium-wordpress\/ -->\n<title>\u0130BB\u2019nin Anadolu Yakas\u0131\u2019ndaki yeni tramvay\u0131 i\u00e7in \u00c7ED s\u00fcreci ba\u015flad\u0131 Kad\u0131k\u00f6y R\u0131ht\u0131m\u0131\u2019ndaki otob\u00fcs duraklar\u0131 kalkacak. - Av. Deniz Can K\u0131z\u0131l<\/title>\n<meta name=\"robots\" content=\"index, follow, max-snippet:-1, max-image-preview:large, max-video-preview:-1\" \/>\n<link rel=\"canonical\" href=\"http:\/\/denizcankizil.tr\/uk\/haberler\/gundem\/ibbnin-anadolu-yakasindaki-yeni-tramvayi-icin-ced-sureci-basladi-kadikoy-rihtimindaki-otobus-duraklari-kalkacak\/\" \/>\n<meta property=\"og:locale\" content=\"uk_UA\" \/>\n<meta property=\"og:type\" content=\"article\" \/>\n<meta property=\"og:title\" content=\"\u0130BB\u2019nin Anadolu Yakas\u0131\u2019ndaki yeni tramvay\u0131 i\u00e7in \u00c7ED s\u00fcreci ba\u015flad\u0131 Kad\u0131k\u00f6y R\u0131ht\u0131m\u0131\u2019ndaki otob\u00fcs duraklar\u0131 kalkacak.\" \/>\n<meta property=\"og:description\" content=\"Yeni Tramvay Hatt\u0131 Projesi: \u00dcsk\u00fcdar-Kad\u0131k\u00f6y-Maltepe Ba\u011flant\u0131s\u0131 \u0130stanbul B\u00fcy\u00fck\u015fehir Belediyesi (\u0130BB), \u00dcsk\u00fcdar ile Kad\u0131k\u00f6y ve Maltepe\u2019yi birbirine entegre edecek 21 kilometrelik yeni bir tramvay hatt\u0131 i\u00e7in \u00c7evresel Etki De\u011ferlendirmesi (\u00c7ED) ba\u015fvurusu ger\u00e7ekle\u015ftirdi. Bu projenin tamamlanmas\u0131 i\u00e7in \u00f6ng\u00f6r\u00fclen s\u00fcre \u00fc\u00e7 y\u0131l olarak belirlendi. Projenin toplam maliyetinin ise 8 milyar 45 milyon 647 bin 428 TL oldu\u011fu tahmin ediliyor. Kad\u0131k\u00f6y R\u0131ht\u0131m Meydan\u0131&#8217;nda Yenilikler Proje kapsam\u0131nda, Kad\u0131k\u00f6y R\u0131ht\u0131m Meydan\u0131&#8217;n\u0131n arka k\u0131sm\u0131ndaki otob\u00fcs duraklar\u0131 kald\u0131r\u0131lacak. Bu de\u011fi\u015fiklik, b\u00f6lgenin daha d\u00fczenli ve estetik bir g\u00f6r\u00fcn\u00fcme kavu\u015fmas\u0131n\u0131 sa\u011flayacak. Projenin \u00d6nemi ve Beklentiler Bu yeni tramvay hatt\u0131n\u0131n hayata ge\u00e7irilmesiyle birlikte, \u0130stanbul&#8217;un ula\u015f\u0131m a\u011f\u0131na \u00f6nemli bir katk\u0131da bulunulmas\u0131 hedefleniyor. \u00d6zellikle yo\u011fun n\u00fcfuslu b\u00f6lgeler aras\u0131nda sa\u011flanacak bu ba\u011flant\u0131lar, toplu ta\u015f\u0131ma sisteminin etkinli\u011fini art\u0131rarak trafik s\u0131k\u0131\u015f\u0131kl\u0131\u011f\u0131n\u0131 azaltmay\u0131 ama\u00e7l\u0131yor. B\u00f6lgedeki ula\u015f\u0131m\u0131n iyile\u015ftirilmesiyle birlikte, g\u00fcnl\u00fck yolcu say\u0131s\u0131n\u0131n artmas\u0131 bekleniyor. \u00d6rne\u011fin, mevcut veriler \u0131\u015f\u0131\u011f\u0131nda \u0130stanbul&#8217;da toplu ta\u015f\u0131ma kullan\u0131m\u0131n\u0131n son y\u0131llarda %15 oran\u0131nda artt\u0131\u011f\u0131 g\u00f6zlemlenmi\u015ftir. Kaynak: www.iskenderun.org\" \/>\n<meta property=\"og:url\" content=\"http:\/\/denizcankizil.tr\/uk\/haberler\/gundem\/ibbnin-anadolu-yakasindaki-yeni-tramvayi-icin-ced-sureci-basladi-kadikoy-rihtimindaki-otobus-duraklari-kalkacak\/\" \/>\n<meta property=\"og:site_name\" content=\"Av. Deniz Can K\u0131z\u0131l\" \/>\n<meta property=\"article:published_time\" content=\"2024-10-19T19:42:57+00:00\" \/>\n<meta property=\"article:modified_time\" content=\"2024-10-19T19:43:08+00:00\" \/>\n<meta name=\"twitter:card\" content=\"summary_large_image\" \/>\n<meta name=\"twitter:label1\" content=\"\u041f\u0440\u0438\u0431\u043b. \u0447\u0430\u0441 \u0447\u0438\u0442\u0430\u043d\u043d\u044f\" \/>\n\t<meta name=\"twitter:data1\" content=\"1 \u0445\u0432\u0438\u043b\u0438\u043d\u0430\" \/>\n<script type=\"application\/ld+json\" class=\"yoast-schema-graph\">{\"@context\":\"https:\/\/schema.org\",\"@graph\":[{\"@type\":\"Article\",\"@id\":\"http:\/\/denizcankizil.tr\/ru\/haberler\/gundem\/ibbnin-anadolu-yakasindaki-yeni-tramvayi-icin-ced-sureci-basladi-kadikoy-rihtimindaki-otobus-duraklari-kalkacak\/#article\",\"isPartOf\":{\"@id\":\"http:\/\/denizcankizil.tr\/ru\/haberler\/gundem\/ibbnin-anadolu-yakasindaki-yeni-tramvayi-icin-ced-sureci-basladi-kadikoy-rihtimindaki-otobus-duraklari-kalkacak\/\"},\"author\":{\"name\":\"\",\"@id\":\"\"},\"headline\":\"\u0130BB\u2019nin Anadolu Yakas\u0131\u2019ndaki yeni tramvay\u0131 i\u00e7in \u00c7ED s\u00fcreci ba\u015flad\u0131 Kad\u0131k\u00f6y R\u0131ht\u0131m\u0131\u2019ndaki otob\u00fcs duraklar\u0131 kalkacak.\",\"datePublished\":\"2024-10-19T19:42:57+00:00\",\"dateModified\":\"2024-10-19T19:43:08+00:00\",\"mainEntityOfPage\":{\"@id\":\"http:\/\/denizcankizil.tr\/ru\/haberler\/gundem\/ibbnin-anadolu-yakasindaki-yeni-tramvayi-icin-ced-sureci-basladi-kadikoy-rihtimindaki-otobus-duraklari-kalkacak\/\"},\"wordCount\":253,\"commentCount\":0,\"publisher\":{\"@id\":\"https:\/\/denizcankizil.tr\/de\/#organization\"},\"articleSection\":[\"G\u00fcndem\",\"Uncategorized\"],\"inLanguage\":\"uk\",\"potentialAction\":[{\"@type\":\"CommentAction\",\"name\":\"Comment\",\"target\":[\"http:\/\/denizcankizil.tr\/ru\/haberler\/gundem\/ibbnin-anadolu-yakasindaki-yeni-tramvayi-icin-ced-sureci-basladi-kadikoy-rihtimindaki-otobus-duraklari-kalkacak\/#respond\"]}]},{\"@type\":\"WebPage\",\"@id\":\"http:\/\/denizcankizil.tr\/ru\/haberler\/gundem\/ibbnin-anadolu-yakasindaki-yeni-tramvayi-icin-ced-sureci-basladi-kadikoy-rihtimindaki-otobus-duraklari-kalkacak\/\",\"url\":\"http:\/\/denizcankizil.tr\/ru\/haberler\/gundem\/ibbnin-anadolu-yakasindaki-yeni-tramvayi-icin-ced-sureci-basladi-kadikoy-rihtimindaki-otobus-duraklari-kalkacak\/\",\"name\":\"\u0130BB\u2019nin Anadolu Yakas\u0131\u2019ndaki yeni tramvay\u0131 i\u00e7in \u00c7ED s\u00fcreci ba\u015flad\u0131 Kad\u0131k\u00f6y R\u0131ht\u0131m\u0131\u2019ndaki otob\u00fcs duraklar\u0131 kalkacak. - Av. Deniz Can K\u0131z\u0131l\",\"isPartOf\":{\"@id\":\"https:\/\/denizcankizil.tr\/de\/#website\"},\"datePublished\":\"2024-10-19T19:42:57+00:00\",\"dateModified\":\"2024-10-19T19:43:08+00:00\",\"breadcrumb\":{\"@id\":\"http:\/\/denizcankizil.tr\/ru\/haberler\/gundem\/ibbnin-anadolu-yakasindaki-yeni-tramvayi-icin-ced-sureci-basladi-kadikoy-rihtimindaki-otobus-duraklari-kalkacak\/#breadcrumb\"},\"inLanguage\":\"uk\",\"potentialAction\":[{\"@type\":\"ReadAction\",\"target\":[\"http:\/\/denizcankizil.tr\/ru\/haberler\/gundem\/ibbnin-anadolu-yakasindaki-yeni-tramvayi-icin-ced-sureci-basladi-kadikoy-rihtimindaki-otobus-duraklari-kalkacak\/\"]}]},{\"@type\":\"BreadcrumbList\",\"@id\":\"http:\/\/denizcankizil.tr\/ru\/haberler\/gundem\/ibbnin-anadolu-yakasindaki-yeni-tramvayi-icin-ced-sureci-basladi-kadikoy-rihtimindaki-otobus-duraklari-kalkacak\/#breadcrumb\",\"itemListElement\":[{\"@type\":\"ListItem\",\"position\":1,\"name\":\"Home\",\"item\":\"https:\/\/denizcankizil.tr\/de\/\"},{\"@type\":\"ListItem\",\"position\":2,\"name\":\"\u0130BB\u2019nin Anadolu Yakas\u0131\u2019ndaki yeni tramvay\u0131 i\u00e7in \u00c7ED s\u00fcreci ba\u015flad\u0131 Kad\u0131k\u00f6y R\u0131ht\u0131m\u0131\u2019ndaki otob\u00fcs duraklar\u0131 kalkacak.\"}]},{\"@type\":\"WebSite\",\"@id\":\"https:\/\/denizcankizil.tr\/de\/#website\",\"url\":\"https:\/\/denizcankizil.tr\/de\/\",\"name\":\"Av. Deniz Can K\u0131z\u0131l\",\"description\":\"Avukat Deniz Can K\u0131z\u0131l Antalya Barosu\",\"publisher\":{\"@id\":\"https:\/\/denizcankizil.tr\/de\/#organization\"},\"potentialAction\":[{\"@type\":\"SearchAction\",\"target\":{\"@type\":\"EntryPoint\",\"urlTemplate\":\"https:\/\/denizcankizil.tr\/de\/?s={search_term_string}\"},\"query-input\":{\"@type\":\"PropertyValueSpecification\",\"valueRequired\":true,\"valueName\":\"search_term_string\"}}],\"inLanguage\":\"uk\"},{\"@type\":\"Organization\",\"@id\":\"https:\/\/denizcankizil.tr\/de\/#organization\",\"name\":\"Av. Deniz Can K\u0131z\u0131l\",\"url\":\"https:\/\/denizcankizil.tr\/de\/\",\"logo\":{\"@type\":\"ImageObject\",\"inLanguage\":\"uk\",\"@id\":\"https:\/\/denizcankizil.tr\/de\/#\/schema\/logo\/image\/\",\"url\":\"http:\/\/denizcankizil.tr\/wp-content\/uploads\/2024\/10\/siyah-logo-svg.svg\",\"contentUrl\":\"http:\/\/denizcankizil.tr\/wp-content\/uploads\/2024\/10\/siyah-logo-svg.svg\",\"width\":1080,\"height\":1080,\"caption\":\"Av. Deniz Can K\u0131z\u0131l\"},\"image\":{\"@id\":\"https:\/\/denizcankizil.tr\/de\/#\/schema\/logo\/image\/\"}}]}<\/script>\n<!-- \/ Yoast SEO Premium plugin. -->","yoast_head_json":{"title":"\u0130BB\u2019nin Anadolu Yakas\u0131\u2019ndaki yeni tramvay\u0131 i\u00e7in \u00c7ED s\u00fcreci ba\u015flad\u0131 Kad\u0131k\u00f6y R\u0131ht\u0131m\u0131\u2019ndaki otob\u00fcs duraklar\u0131 kalkacak. - Av. Deniz Can K\u0131z\u0131l","robots":{"index":"index","follow":"follow","max-snippet":"max-snippet:-1","max-image-preview":"max-image-preview:large","max-video-preview":"max-video-preview:-1"},"canonical":"http:\/\/denizcankizil.tr\/uk\/haberler\/gundem\/ibbnin-anadolu-yakasindaki-yeni-tramvayi-icin-ced-sureci-basladi-kadikoy-rihtimindaki-otobus-duraklari-kalkacak\/","og_locale":"uk_UA","og_type":"article","og_title":"\u0130BB\u2019nin Anadolu Yakas\u0131\u2019ndaki yeni tramvay\u0131 i\u00e7in \u00c7ED s\u00fcreci ba\u015flad\u0131 Kad\u0131k\u00f6y R\u0131ht\u0131m\u0131\u2019ndaki otob\u00fcs duraklar\u0131 kalkacak.","og_description":"Yeni Tramvay Hatt\u0131 Projesi: \u00dcsk\u00fcdar-Kad\u0131k\u00f6y-Maltepe Ba\u011flant\u0131s\u0131 \u0130stanbul B\u00fcy\u00fck\u015fehir Belediyesi (\u0130BB), \u00dcsk\u00fcdar ile Kad\u0131k\u00f6y ve Maltepe\u2019yi birbirine entegre edecek 21 kilometrelik yeni bir tramvay hatt\u0131 i\u00e7in \u00c7evresel Etki De\u011ferlendirmesi (\u00c7ED) ba\u015fvurusu ger\u00e7ekle\u015ftirdi. Bu projenin tamamlanmas\u0131 i\u00e7in \u00f6ng\u00f6r\u00fclen s\u00fcre \u00fc\u00e7 y\u0131l olarak belirlendi. Projenin toplam maliyetinin ise 8 milyar 45 milyon 647 bin 428 TL oldu\u011fu tahmin ediliyor. Kad\u0131k\u00f6y R\u0131ht\u0131m Meydan\u0131&#8217;nda Yenilikler Proje kapsam\u0131nda, Kad\u0131k\u00f6y R\u0131ht\u0131m Meydan\u0131&#8217;n\u0131n arka k\u0131sm\u0131ndaki otob\u00fcs duraklar\u0131 kald\u0131r\u0131lacak. Bu de\u011fi\u015fiklik, b\u00f6lgenin daha d\u00fczenli ve estetik bir g\u00f6r\u00fcn\u00fcme kavu\u015fmas\u0131n\u0131 sa\u011flayacak. Projenin \u00d6nemi ve Beklentiler Bu yeni tramvay hatt\u0131n\u0131n hayata ge\u00e7irilmesiyle birlikte, \u0130stanbul&#8217;un ula\u015f\u0131m a\u011f\u0131na \u00f6nemli bir katk\u0131da bulunulmas\u0131 hedefleniyor. \u00d6zellikle yo\u011fun n\u00fcfuslu b\u00f6lgeler aras\u0131nda sa\u011flanacak bu ba\u011flant\u0131lar, toplu ta\u015f\u0131ma sisteminin etkinli\u011fini art\u0131rarak trafik s\u0131k\u0131\u015f\u0131kl\u0131\u011f\u0131n\u0131 azaltmay\u0131 ama\u00e7l\u0131yor. B\u00f6lgedeki ula\u015f\u0131m\u0131n iyile\u015ftirilmesiyle birlikte, g\u00fcnl\u00fck yolcu say\u0131s\u0131n\u0131n artmas\u0131 bekleniyor. \u00d6rne\u011fin, mevcut veriler \u0131\u015f\u0131\u011f\u0131nda \u0130stanbul&#8217;da toplu ta\u015f\u0131ma kullan\u0131m\u0131n\u0131n son y\u0131llarda %15 oran\u0131nda artt\u0131\u011f\u0131 g\u00f6zlemlenmi\u015ftir. Kaynak: www.iskenderun.org","og_url":"http:\/\/denizcankizil.tr\/uk\/haberler\/gundem\/ibbnin-anadolu-yakasindaki-yeni-tramvayi-icin-ced-sureci-basladi-kadikoy-rihtimindaki-otobus-duraklari-kalkacak\/","og_site_name":"Av. Deniz Can K\u0131z\u0131l","article_published_time":"2024-10-19T19:42:57+00:00","article_modified_time":"2024-10-19T19:43:08+00:00","twitter_card":"summary_large_image","twitter_misc":{"\u041f\u0440\u0438\u0431\u043b. \u0447\u0430\u0441 \u0447\u0438\u0442\u0430\u043d\u043d\u044f":"1 \u0445\u0432\u0438\u043b\u0438\u043d\u0430"},"schema":{"@context":"https:\/\/schema.org","@graph":[{"@type":"Article","@id":"http:\/\/denizcankizil.tr\/ru\/haberler\/gundem\/ibbnin-anadolu-yakasindaki-yeni-tramvayi-icin-ced-sureci-basladi-kadikoy-rihtimindaki-otobus-duraklari-kalkacak\/#article","isPartOf":{"@id":"http:\/\/denizcankizil.tr\/ru\/haberler\/gundem\/ibbnin-anadolu-yakasindaki-yeni-tramvayi-icin-ced-sureci-basladi-kadikoy-rihtimindaki-otobus-duraklari-kalkacak\/"},"author":{"name":"","@id":""},"headline":"\u0130BB\u2019nin Anadolu Yakas\u0131\u2019ndaki yeni tramvay\u0131 i\u00e7in \u00c7ED s\u00fcreci ba\u015flad\u0131 Kad\u0131k\u00f6y R\u0131ht\u0131m\u0131\u2019ndaki otob\u00fcs duraklar\u0131 kalkacak.","datePublished":"2024-10-19T19:42:57+00:00","dateModified":"2024-10-19T19:43:08+00:00","mainEntityOfPage":{"@id":"http:\/\/denizcankizil.tr\/ru\/haberler\/gundem\/ibbnin-anadolu-yakasindaki-yeni-tramvayi-icin-ced-sureci-basladi-kadikoy-rihtimindaki-otobus-duraklari-kalkacak\/"},"wordCount":253,"commentCount":0,"publisher":{"@id":"https:\/\/denizcankizil.tr\/de\/#organization"},"articleSection":["G\u00fcndem","Uncategorized"],"inLanguage":"uk","potentialAction":[{"@type":"CommentAction","name":"Comment","target":["http:\/\/denizcankizil.tr\/ru\/haberler\/gundem\/ibbnin-anadolu-yakasindaki-yeni-tramvayi-icin-ced-sureci-basladi-kadikoy-rihtimindaki-otobus-duraklari-kalkacak\/#respond"]}]},{"@type":"WebPage","@id":"http:\/\/denizcankizil.tr\/ru\/haberler\/gundem\/ibbnin-anadolu-yakasindaki-yeni-tramvayi-icin-ced-sureci-basladi-kadikoy-rihtimindaki-otobus-duraklari-kalkacak\/","url":"http:\/\/denizcankizil.tr\/ru\/haberler\/gundem\/ibbnin-anadolu-yakasindaki-yeni-tramvayi-icin-ced-sureci-basladi-kadikoy-rihtimindaki-otobus-duraklari-kalkacak\/","name":"\u0130BB\u2019nin Anadolu Yakas\u0131\u2019ndaki yeni tramvay\u0131 i\u00e7in \u00c7ED s\u00fcreci ba\u015flad\u0131 Kad\u0131k\u00f6y R\u0131ht\u0131m\u0131\u2019ndaki otob\u00fcs duraklar\u0131 kalkacak. - Av. Deniz Can K\u0131z\u0131l","isPartOf":{"@id":"https:\/\/denizcankizil.tr\/de\/#website"},"datePublished":"2024-10-19T19:42:57+00:00","dateModified":"2024-10-19T19:43:08+00:00","breadcrumb":{"@id":"http:\/\/denizcankizil.tr\/ru\/haberler\/gundem\/ibbnin-anadolu-yakasindaki-yeni-tramvayi-icin-ced-sureci-basladi-kadikoy-rihtimindaki-otobus-duraklari-kalkacak\/#breadcrumb"},"inLanguage":"uk","potentialAction":[{"@type":"ReadAction","target":["http:\/\/denizcankizil.tr\/ru\/haberler\/gundem\/ibbnin-anadolu-yakasindaki-yeni-tramvayi-icin-ced-sureci-basladi-kadikoy-rihtimindaki-otobus-duraklari-kalkacak\/"]}]},{"@type":"BreadcrumbList","@id":"http:\/\/denizcankizil.tr\/ru\/haberler\/gundem\/ibbnin-anadolu-yakasindaki-yeni-tramvayi-icin-ced-sureci-basladi-kadikoy-rihtimindaki-otobus-duraklari-kalkacak\/#breadcrumb","itemListElement":[{"@type":"ListItem","position":1,"name":"Home","item":"https:\/\/denizcankizil.tr\/de\/"},{"@type":"ListItem","position":2,"name":"\u0130BB\u2019nin Anadolu Yakas\u0131\u2019ndaki yeni tramvay\u0131 i\u00e7in \u00c7ED s\u00fcreci ba\u015flad\u0131 Kad\u0131k\u00f6y R\u0131ht\u0131m\u0131\u2019ndaki otob\u00fcs duraklar\u0131 kalkacak."}]},{"@type":"WebSite","@id":"https:\/\/denizcankizil.tr\/de\/#website","url":"https:\/\/denizcankizil.tr\/de\/","name":"Av. Deniz Can K\u0131z\u0131l","description":"Avukat Deniz Can K\u0131z\u0131l Antalya Barosu","publisher":{"@id":"https:\/\/denizcankizil.tr\/de\/#organization"},"potentialAction":[{"@type":"SearchAction","target":{"@type":"EntryPoint","urlTemplate":"https:\/\/denizcankizil.tr\/de\/?s={search_term_string}"},"query-input":{"@type":"PropertyValueSpecification","valueRequired":true,"valueName":"search_term_string"}}],"inLanguage":"uk"},{"@type":"Organization","@id":"https:\/\/denizcankizil.tr\/de\/#organization","name":"Av. Deniz Can K\u0131z\u0131l","url":"https:\/\/denizcankizil.tr\/de\/","logo":{"@type":"ImageObject","inLanguage":"uk","@id":"https:\/\/denizcankizil.tr\/de\/#\/schema\/logo\/image\/","url":"http:\/\/denizcankizil.tr\/wp-content\/uploads\/2024\/10\/siyah-logo-svg.svg","contentUrl":"http:\/\/denizcankizil.tr\/wp-content\/uploads\/2024\/10\/siyah-logo-svg.svg","width":1080,"height":1080,"caption":"Av. Deniz Can K\u0131z\u0131l"},"image":{"@id":"https:\/\/denizcankizil.tr\/de\/#\/schema\/logo\/image\/"}}]}},"_links":{"self":[{"href":"http:\/\/denizcankizil.tr\/uk\/wp-json\/wp\/v2\/posts\/4665","targetHints":{"allow":["GET"]}}],"collection":[{"href":"http:\/\/denizcankizil.tr\/uk\/wp-json\/wp\/v2\/posts"}],"about":[{"href":"http:\/\/denizcankizil.tr\/uk\/wp-json\/wp\/v2\/types\/post"}],"replies":[{"embeddable":true,"href":"http:\/\/denizcankizil.tr\/uk\/wp-json\/wp\/v2\/comments?post=4665"}],"version-history":[{"count":1,"href":"http:\/\/denizcankizil.tr\/uk\/wp-json\/wp\/v2\/posts\/4665\/revisions"}],"predecessor-version":[{"id":4666,"href":"http:\/\/denizcankizil.tr\/uk\/wp-json\/wp\/v2\/posts\/4665\/revisions\/4666"}],"wp:attachment":[{"href":"http:\/\/denizcankizil.tr\/uk\/wp-json\/wp\/v2\/media?parent=4665"}],"wp:term":[{"taxonomy":"category","embeddable":true,"href":"http:\/\/denizcankizil.tr\/uk\/wp-json\/wp\/v2\/categories?post=4665"},{"taxonomy":"post_tag","embeddable":true,"href":"http:\/\/denizcankizil.tr\/uk\/wp-json\/wp\/v2\/tags?post=4665"}],"curies":[{"name":"wp","href":"https:\/\/api.w.org\/{rel}","templated":true}]}}