{"id":41598,"date":"2025-03-31T22:41:51","date_gmt":"2025-03-31T19:41:51","guid":{"rendered":"https:\/\/denizcankizil.tr\/uncategorized-tr\/istanbul-tabip-odasindan-iskence-ve-siddet-uyarisi-takip-ediyoruz\/"},"modified":"2025-03-31T22:41:51","modified_gmt":"2025-03-31T19:41:51","slug":"istanbul-tabip-odasindan-iskence-ve-siddet-uyarisi-takip-ediyoruz","status":"publish","type":"post","link":"http:\/\/denizcankizil.tr\/uk\/haberler\/gundem\/istanbul-tabip-odasindan-iskence-ve-siddet-uyarisi-takip-ediyoruz\/","title":{"rendered":"\u0130stanbul Tabip Odas\u0131&#8217;ndan i\u015fkence ve \u015fiddet uyar\u0131s\u0131: &#8220;Takip ediyoruz&#8221;"},"content":{"rendered":"<p>\u0130stanbul Tabip Odas\u0131, \u0130stanbul B\u00fcy\u00fck\u015fehir Belediye Ba\u015fkan\u0131 ve Cumhurba\u015fkan\u0131 aday\u0131 Ekrem \u0130mamo\u011flu&#8217;nun tutuklanmas\u0131 nedeniyle yap\u0131lan protestolara ili\u015fkin bir a\u00e7\u0131klama yapt\u0131. A\u00e7\u0131klamada, bar\u0131\u015f\u00e7\u0131l g\u00f6sterilerin Anayasa&#8217;n\u0131n 34. maddesiyle g\u00fcvence alt\u0131na al\u0131nan bir hak oldu\u011fu ifade edildi.\u00a0<\/p>\n<p>&#8220;G\u00d6ZALTINA ALINANLAR ARASINDA, TIP \u00d6\u011eRENC\u0130LER\u0130 DE VAR&#8221;<\/p>\n<p>Ekrem \u0130mamo\u011flu&#8217;nun tutuklanmas\u0131n\u0131n ard\u0131ndan ba\u015flayan protestolarda g\u00f6zalt\u0131na al\u0131nan vatanda\u015flar i\u00e7in\u00a0\u0130stanbul Tabip Odas\u0131&#8217;ndan a\u00e7\u0131klama geldi.\u00a0<\/p>\n<p>A\u00e7\u0131klamada \u015fu ifadeler yer ald\u0131:\u00a0<\/p>\n<p>&#8220;\u0130stanbul B\u00fcy\u00fck\u015fehir Belediye Ba\u015fkan\u0131 ve ana muhalefet partisi Cumhurba\u015fkan\u0131 aday\u0131 Ekrem \u0130mamo\u011flu\u2019nun diplomas\u0131n\u0131n iptal edilmesinin ard\u0131ndan ter\u00f6r ve yolsuzluk su\u00e7lamalar\u0131 gerek\u00e7esiyle g\u00f6zalt\u0131na al\u0131nmas\u0131 ve sonras\u0131nda da tutuklanmas\u0131na kar\u015f\u0131 bar\u0131\u015f\u00e7\u0131l muhalif g\u00f6steriler g\u00fcnlerdir devam ediyor.\u00a0\u00d6ncelikle s\u00f6ylenmesi gereken, \u00f6nceden izin al\u0131nmaks\u0131z\u0131n bar\u0131\u015f\u00e7\u0131l toplanma ve g\u00f6steri yapma hakk\u0131n\u0131n Anayasam\u0131zda (madde 34) a\u00e7\u0131k\u00e7a tan\u0131mlanan bir hak oldu\u011fu ger\u00e7e\u011fidir. Aralar\u0131nda hekimlerin ve t\u0131p \u00f6\u011frencilerinin de oldu\u011fu gen\u00e7lerin bu hakk\u0131 kulland\u0131klar\u0131 ve demokratik tepkilerini g\u00f6sterdikleri i\u00e7in hakaret, kaba dayak ve daha da \u00f6tesine giden, b\u00fct\u00fcn\u00fc i\u015fkence kapsam\u0131nda de\u011ferlendirilebilecek uygulamalara maruz b\u0131rak\u0131lmas\u0131 kabul edilemez.&#8221;\u00a0<\/p>\n<p>&#8220;\u0130\u015eKENCELERE D\u00d6NEN \u015e\u0130DDET\u0130 TAK\u0130P ED\u0130YORUZ&#8221;<\/p>\n<p>Protestoya kat\u0131lan \u00f6\u011frencilerin \u015fiddete u\u011frad\u0131\u011f\u0131n\u0131 ve i\u015fkence g\u00f6rd\u00fc\u011f\u00fc haberlerini takip ettiklerini belirten yetkililer, \u015funlar\u0131 s\u00f6yledi:<\/p>\n<p>&#8220;Ancak ne yaz\u0131k ki g\u00fcvenlik g\u00fc\u00e7lerinin yurtta\u015flar\u0131m\u0131za kar\u015f\u0131 giderek daha da artan bir \u015fekilde \u015fiddet uygulad\u0131\u011f\u0131, bu \u015fiddetin daha \u00e7ok gen\u00e7lere y\u00f6nelik olarak i\u015fkenceye d\u00f6n\u00fc\u015ft\u00fc\u011f\u00fc y\u00f6n\u00fcndeki iddialar\u0131 dikkatle takip ediyor ve g\u00f6r\u00fcnt\u00fcleri deh\u015fetle izliyoruz.\u00a0\u00d6ncelikle belirtelim ki i\u015fkence insanl\u0131k su\u00e7udur. T\u00fcrk Ceza Kanunu 94. Maddesine g\u00f6re zaman a\u015f\u0131m\u0131 i\u015flemeyecek \u015fekilde \u00fc\u00e7 y\u0131ldan on iki y\u0131la kadar hapis cezas\u0131n\u0131 gerektirir.\u00a0\u0130\u015fkence su\u00e7unun tespitinde ve ispat\u0131nda ba\u015fta g\u00f6zalt\u0131 giri\u015f-\u00e7\u0131k\u0131\u015f muayeneleri olmak \u00fczere biz hekimlerin d\u00fczenleyece\u011fi raporlar son derece kritik \u00f6neme sahiptir.&#8221;<\/p>\n<p>\u0130STANBUL TAB\u0130P ODASINDAN, HEK\u0130MLERE UYARI\u00a0<\/p>\n<p>Muayenelerde g\u00f6rev alan hekimlere \u00e7a\u011fr\u0131 yapan \u0130stanbul Tabip Odas\u0131 \u015fu uyar\u0131larda bulundu:<\/p>\n<p>&#8220;G\u00f6zalt\u0131 muayeneleri sa\u011fl\u0131k kurumlar\u0131nda yap\u0131l\u0131r. Karakollar, emniyet m\u00fcd\u00fcrl\u00fckleri, g\u00f6zalt\u0131 merkezleri gibi yerlerde g\u00f6zalt\u0131 muayenesi yapman\u0131z konusundaki s\u00f6zl\u00fc ya da yaz\u0131l\u0131 g\u00f6revlendirmeler kanun d\u0131\u015f\u0131 emir niteli\u011finde olup kesinlikle kabul etmeyiniz.\u00a0Muayene s\u0131ras\u0131nda emniyet g\u00fc\u00e7lerinin muayene odas\u0131nda bulunmas\u0131 ve kelep\u00e7eli muayene kesinlikle kabul edilemez. Bu t\u00fcr bir durumla kar\u015f\u0131la\u015ft\u0131\u011f\u0131n\u0131zda emniyet g\u00f6revlilerinden kelep\u00e7eyi \u00e7\u00f6zmesini ve oday\u0131 terk etmesini isteyiniz, kabul etmedi\u011fi takdirde idari yetkilinize bilgi vererek tutanak tutunuz. Muayenede mutlaka ayr\u0131nt\u0131l\u0131 olarak anamnez al\u0131n\u0131z, ki\u015finin b\u00fct\u00fcn v\u00fccudunu ayr\u0131nt\u0131l\u0131 olarak muayene ediniz, saptad\u0131\u011f\u0131n\u0131z b\u00fct\u00fcn bulgular\u0131 raporunuza ge\u00e7iriniz ve foto\u011fraflay\u0131n\u0131z.\u00a0Raporunuzu bir an \u00f6nce haz\u0131rlay\u0131p teslim etmek konusundaki bask\u0131lar\u0131 kabul etmeyiniz; gerekli g\u00f6rd\u00fc\u011f\u00fcn\u00fcz b\u00fct\u00fcn kons\u00fcltasyonlar\u0131 mutlaka isteyip sonucunu bekleyiniz.\u00a0Hekimlik bask\u0131 alt\u0131nda yap\u0131lamaz. G\u00f6rev yapt\u0131\u011f\u0131n\u0131z ortamda kendinizi herhangi bir \u015fekilde bask\u0131 alt\u0131nda hissetti\u011finizde idari sorumlunuza bilgi vererek g\u00f6rev yerinizi h\u0131zla terk edebilece\u011finizi unutmay\u0131n\u0131z.\u00a0 Muayeneler s\u0131ras\u0131nda, her ne mazeretle olursa olsun, yukar\u0131da sayd\u0131\u011f\u0131m\u0131z kurallara uyulmad\u0131\u011f\u0131 takdirde hakk\u0131n\u0131zda yasal i\u015flem yap\u0131labilece\u011fini hat\u0131rlat\u0131r\u0131z. \u0130stanbul Tabip Odas\u0131 olarak biz hi\u00e7bir hekimin ya\u015fanm\u0131\u015f bir insanl\u0131k su\u00e7unu yasak oldu\u011fu i\u00e7in de\u011fil, hekimlik de\u011ferleri gere\u011fi belgeleme sorumlulu\u011fundan ka\u00e7mayaca\u011f\u0131na dair inanc\u0131m\u0131z\u0131n tam oldu\u011funu ifade etmek isteriz.&#8221;<\/p>\n<p>\u200b\u0130stanbul Tabip Odas\u0131, Ekrem \u0130mamo\u011flu&#8217;nun tutuklanmas\u0131n\u0131n ard\u0131ndan ba\u015flayan protestolarda g\u00f6zalt\u0131na al\u0131nlara y\u00f6nelik i\u015fkence ve k\u00f6t\u00fc muamele iddialar\u0131na tepki g\u00f6sterdi. A\u00e7\u0131klamada, bar\u0131\u015f\u00e7\u0131l g\u00f6sterilerin anayasal bir hak oldu\u011fu vurgulan\u0131rken, g\u00f6zalt\u0131 muayenelerinde hekimlerin uymas\u0131 gereken kurallar hat\u0131rlat\u0131ld\u0131.\u00a0<\/p>\n<p>\u200bHaberin Al\u0131nt\u0131land\u0131\u011f\u0131 Kaynak: www.antalyakorfez.com<\/p>","protected":false},"excerpt":{"rendered":"<p>\u0130stanbul Tabip Odas\u0131, \u0130stanbul B\u00fcy\u00fck\u015fehir Belediye Ba\u015fkan\u0131 ve Cumhurba\u015fkan\u0131 aday\u0131 Ekrem \u0130mamo\u011flu&#8217;nun tutuklanmas\u0131 nedeniyle yap\u0131lan protestolara ili\u015fkin bir a\u00e7\u0131klama yapt\u0131. A\u00e7\u0131klamada, bar\u0131\u015f\u00e7\u0131l g\u00f6sterilerin Anayasa&#8217;n\u0131n 34. maddesiyle g\u00fcvence alt\u0131na al\u0131nan bir hak oldu\u011fu ifade edildi.\u00a0 &#8220;G\u00d6ZALTINA ALINANLAR ARASINDA, TIP \u00d6\u011eRENC\u0130LER\u0130 DE VAR&#8221; Ekrem \u0130mamo\u011flu&#8217;nun tutuklanmas\u0131n\u0131n ard\u0131ndan ba\u015flayan protestolarda g\u00f6zalt\u0131na al\u0131nan vatanda\u015flar i\u00e7in\u00a0\u0130stanbul Tabip Odas\u0131&#8217;ndan a\u00e7\u0131klama geldi.\u00a0 A\u00e7\u0131klamada \u015fu ifadeler yer ald\u0131:\u00a0 &#8220;\u0130stanbul B\u00fcy\u00fck\u015fehir Belediye Ba\u015fkan\u0131 ve ana muhalefet partisi Cumhurba\u015fkan\u0131 aday\u0131 Ekrem \u0130mamo\u011flu\u2019nun diplomas\u0131n\u0131n iptal edilmesinin ard\u0131ndan ter\u00f6r ve yolsuzluk su\u00e7lamalar\u0131 gerek\u00e7esiyle g\u00f6zalt\u0131na al\u0131nmas\u0131 ve sonras\u0131nda da tutuklanmas\u0131na kar\u015f\u0131 bar\u0131\u015f\u00e7\u0131l muhalif g\u00f6steriler g\u00fcnlerdir devam ediyor.\u00a0\u00d6ncelikle s\u00f6ylenmesi gereken, \u00f6nceden izin al\u0131nmaks\u0131z\u0131n bar\u0131\u015f\u00e7\u0131l toplanma ve g\u00f6steri yapma hakk\u0131n\u0131n Anayasam\u0131zda (madde 34) a\u00e7\u0131k\u00e7a tan\u0131mlanan bir hak oldu\u011fu ger\u00e7e\u011fidir. Aralar\u0131nda hekimlerin ve t\u0131p \u00f6\u011frencilerinin de oldu\u011fu gen\u00e7lerin bu hakk\u0131 kulland\u0131klar\u0131 ve demokratik tepkilerini g\u00f6sterdikleri i\u00e7in hakaret, kaba dayak ve daha da \u00f6tesine giden, b\u00fct\u00fcn\u00fc i\u015fkence kapsam\u0131nda de\u011ferlendirilebilecek uygulamalara maruz b\u0131rak\u0131lmas\u0131 kabul edilemez.&#8221;\u00a0 &#8220;\u0130\u015eKENCELERE D\u00d6NEN \u015e\u0130DDET\u0130 TAK\u0130P ED\u0130YORUZ&#8221; Protestoya kat\u0131lan \u00f6\u011frencilerin \u015fiddete u\u011frad\u0131\u011f\u0131n\u0131 ve i\u015fkence g\u00f6rd\u00fc\u011f\u00fc haberlerini takip ettiklerini belirten yetkililer, \u015funlar\u0131 s\u00f6yledi: &#8220;Ancak ne yaz\u0131k ki g\u00fcvenlik g\u00fc\u00e7lerinin yurtta\u015flar\u0131m\u0131za kar\u015f\u0131 giderek daha da artan bir \u015fekilde \u015fiddet uygulad\u0131\u011f\u0131, bu \u015fiddetin daha \u00e7ok gen\u00e7lere y\u00f6nelik olarak i\u015fkenceye d\u00f6n\u00fc\u015ft\u00fc\u011f\u00fc y\u00f6n\u00fcndeki iddialar\u0131 dikkatle takip ediyor ve g\u00f6r\u00fcnt\u00fcleri deh\u015fetle &hellip;<\/p>","protected":false},"author":5,"featured_media":0,"comment_status":"","ping_status":"open","sticky":false,"template":"","format":"standard","meta":{"_acf_changed":false,"footnotes":""},"categories":[24],"tags":[],"class_list":["post-41598","post","type-post","status-publish","format-standard","has-post-thumbnail","hentry","category-gundem"],"acf":[],"yoast_head":"<!-- This site is optimized with the Yoast SEO Premium plugin v26.6 (Yoast SEO v27.1.1) - https:\/\/yoast.com\/product\/yoast-seo-premium-wordpress\/ -->\n<title>\u0130stanbul Tabip Odas\u0131&#039;ndan i\u015fkence ve \u015fiddet uyar\u0131s\u0131: &quot;Takip ediyoruz&quot; - Av. Deniz Can K\u0131z\u0131l<\/title>\n<meta name=\"robots\" content=\"index, follow, max-snippet:-1, max-image-preview:large, max-video-preview:-1\" \/>\n<link rel=\"canonical\" href=\"http:\/\/denizcankizil.tr\/uk\/haberler\/gundem\/istanbul-tabip-odasindan-iskence-ve-siddet-uyarisi-takip-ediyoruz\/\" \/>\n<meta property=\"og:locale\" content=\"uk_UA\" \/>\n<meta property=\"og:type\" content=\"article\" \/>\n<meta property=\"og:title\" content=\"\u0130stanbul Tabip Odas\u0131&#039;ndan i\u015fkence ve \u015fiddet uyar\u0131s\u0131: &quot;Takip ediyoruz&quot;\" \/>\n<meta property=\"og:description\" content=\"\u0130stanbul Tabip Odas\u0131, \u0130stanbul B\u00fcy\u00fck\u015fehir Belediye Ba\u015fkan\u0131 ve Cumhurba\u015fkan\u0131 aday\u0131 Ekrem \u0130mamo\u011flu&#8217;nun tutuklanmas\u0131 nedeniyle yap\u0131lan protestolara ili\u015fkin bir a\u00e7\u0131klama yapt\u0131. A\u00e7\u0131klamada, bar\u0131\u015f\u00e7\u0131l g\u00f6sterilerin Anayasa&#8217;n\u0131n 34. maddesiyle g\u00fcvence alt\u0131na al\u0131nan bir hak oldu\u011fu ifade edildi.\u00a0 &#8220;G\u00d6ZALTINA ALINANLAR ARASINDA, TIP \u00d6\u011eRENC\u0130LER\u0130 DE VAR&#8221; Ekrem \u0130mamo\u011flu&#8217;nun tutuklanmas\u0131n\u0131n ard\u0131ndan ba\u015flayan protestolarda g\u00f6zalt\u0131na al\u0131nan vatanda\u015flar i\u00e7in\u00a0\u0130stanbul Tabip Odas\u0131&#8217;ndan a\u00e7\u0131klama geldi.\u00a0 A\u00e7\u0131klamada \u015fu ifadeler yer ald\u0131:\u00a0 &#8220;\u0130stanbul B\u00fcy\u00fck\u015fehir Belediye Ba\u015fkan\u0131 ve ana muhalefet partisi Cumhurba\u015fkan\u0131 aday\u0131 Ekrem \u0130mamo\u011flu\u2019nun diplomas\u0131n\u0131n iptal edilmesinin ard\u0131ndan ter\u00f6r ve yolsuzluk su\u00e7lamalar\u0131 gerek\u00e7esiyle g\u00f6zalt\u0131na al\u0131nmas\u0131 ve sonras\u0131nda da tutuklanmas\u0131na kar\u015f\u0131 bar\u0131\u015f\u00e7\u0131l muhalif g\u00f6steriler g\u00fcnlerdir devam ediyor.\u00a0\u00d6ncelikle s\u00f6ylenmesi gereken, \u00f6nceden izin al\u0131nmaks\u0131z\u0131n bar\u0131\u015f\u00e7\u0131l toplanma ve g\u00f6steri yapma hakk\u0131n\u0131n Anayasam\u0131zda (madde 34) a\u00e7\u0131k\u00e7a tan\u0131mlanan bir hak oldu\u011fu ger\u00e7e\u011fidir. Aralar\u0131nda hekimlerin ve t\u0131p \u00f6\u011frencilerinin de oldu\u011fu gen\u00e7lerin bu hakk\u0131 kulland\u0131klar\u0131 ve demokratik tepkilerini g\u00f6sterdikleri i\u00e7in hakaret, kaba dayak ve daha da \u00f6tesine giden, b\u00fct\u00fcn\u00fc i\u015fkence kapsam\u0131nda de\u011ferlendirilebilecek uygulamalara maruz b\u0131rak\u0131lmas\u0131 kabul edilemez.&#8221;\u00a0 &#8220;\u0130\u015eKENCELERE D\u00d6NEN \u015e\u0130DDET\u0130 TAK\u0130P ED\u0130YORUZ&#8221; Protestoya kat\u0131lan \u00f6\u011frencilerin \u015fiddete u\u011frad\u0131\u011f\u0131n\u0131 ve i\u015fkence g\u00f6rd\u00fc\u011f\u00fc haberlerini takip ettiklerini belirten yetkililer, \u015funlar\u0131 s\u00f6yledi: &#8220;Ancak ne yaz\u0131k ki g\u00fcvenlik g\u00fc\u00e7lerinin yurtta\u015flar\u0131m\u0131za kar\u015f\u0131 giderek daha da artan bir \u015fekilde \u015fiddet uygulad\u0131\u011f\u0131, bu \u015fiddetin daha \u00e7ok gen\u00e7lere y\u00f6nelik olarak i\u015fkenceye d\u00f6n\u00fc\u015ft\u00fc\u011f\u00fc y\u00f6n\u00fcndeki iddialar\u0131 dikkatle takip ediyor ve g\u00f6r\u00fcnt\u00fcleri deh\u015fetle &hellip;\" \/>\n<meta property=\"og:url\" content=\"http:\/\/denizcankizil.tr\/uk\/haberler\/gundem\/istanbul-tabip-odasindan-iskence-ve-siddet-uyarisi-takip-ediyoruz\/\" \/>\n<meta property=\"og:site_name\" content=\"Av. Deniz Can K\u0131z\u0131l\" \/>\n<meta property=\"article:published_time\" content=\"2025-03-31T19:41:51+00:00\" \/>\n<meta name=\"author\" content=\"Antalya K\u00f6rfez\" \/>\n<meta name=\"twitter:card\" content=\"summary_large_image\" \/>\n<meta name=\"twitter:label1\" content=\"\u041d\u0430\u043f\u0438\u0441\u0430\u043d\u043e\" \/>\n\t<meta name=\"twitter:data1\" content=\"Antalya K\u00f6rfez\" \/>\n\t<meta name=\"twitter:label2\" content=\"\u041f\u0440\u0438\u0431\u043b. \u0447\u0430\u0441 \u0447\u0438\u0442\u0430\u043d\u043d\u044f\" \/>\n\t<meta name=\"twitter:data2\" content=\"4 \u0445\u0432\u0438\u043b\u0438\u043d\u0438\" \/>\n<script type=\"application\/ld+json\" class=\"yoast-schema-graph\">{\"@context\":\"https:\/\/schema.org\",\"@graph\":[{\"@type\":\"Article\",\"@id\":\"http:\/\/denizcankizil.tr\/uk\/haberler\/gundem\/istanbul-tabip-odasindan-iskence-ve-siddet-uyarisi-takip-ediyoruz\/#article\",\"isPartOf\":{\"@id\":\"http:\/\/denizcankizil.tr\/uk\/haberler\/gundem\/istanbul-tabip-odasindan-iskence-ve-siddet-uyarisi-takip-ediyoruz\/\"},\"author\":{\"name\":\"Antalya K\u00f6rfez\",\"@id\":\"https:\/\/denizcankizil.tr\/#\/schema\/person\/e1eb71bb4dd684d46563f0af307e1234\"},\"headline\":\"\u0130stanbul Tabip Odas\u0131&#8217;ndan i\u015fkence ve \u015fiddet uyar\u0131s\u0131: &#8220;Takip ediyoruz&#8221;\",\"datePublished\":\"2025-03-31T19:41:51+00:00\",\"mainEntityOfPage\":{\"@id\":\"http:\/\/denizcankizil.tr\/uk\/haberler\/gundem\/istanbul-tabip-odasindan-iskence-ve-siddet-uyarisi-takip-ediyoruz\/\"},\"wordCount\":741,\"publisher\":{\"@id\":\"https:\/\/denizcankizil.tr\/#organization\"},\"articleSection\":[\"G\u00fcndem\"],\"inLanguage\":\"uk\"},{\"@type\":\"WebPage\",\"@id\":\"http:\/\/denizcankizil.tr\/uk\/haberler\/gundem\/istanbul-tabip-odasindan-iskence-ve-siddet-uyarisi-takip-ediyoruz\/\",\"url\":\"http:\/\/denizcankizil.tr\/uk\/haberler\/gundem\/istanbul-tabip-odasindan-iskence-ve-siddet-uyarisi-takip-ediyoruz\/\",\"name\":\"\u0130stanbul Tabip Odas\u0131'ndan i\u015fkence ve \u015fiddet uyar\u0131s\u0131: \\\"Takip ediyoruz\\\" - Av. Deniz Can K\u0131z\u0131l\",\"isPartOf\":{\"@id\":\"https:\/\/denizcankizil.tr\/#website\"},\"datePublished\":\"2025-03-31T19:41:51+00:00\",\"breadcrumb\":{\"@id\":\"http:\/\/denizcankizil.tr\/uk\/haberler\/gundem\/istanbul-tabip-odasindan-iskence-ve-siddet-uyarisi-takip-ediyoruz\/#breadcrumb\"},\"inLanguage\":\"uk\",\"potentialAction\":[{\"@type\":\"ReadAction\",\"target\":[\"http:\/\/denizcankizil.tr\/uk\/haberler\/gundem\/istanbul-tabip-odasindan-iskence-ve-siddet-uyarisi-takip-ediyoruz\/\"]}]},{\"@type\":\"BreadcrumbList\",\"@id\":\"http:\/\/denizcankizil.tr\/uk\/haberler\/gundem\/istanbul-tabip-odasindan-iskence-ve-siddet-uyarisi-takip-ediyoruz\/#breadcrumb\",\"itemListElement\":[{\"@type\":\"ListItem\",\"position\":1,\"name\":\"Home\",\"item\":\"https:\/\/denizcankizil.tr\/de\/\"},{\"@type\":\"ListItem\",\"position\":2,\"name\":\"\u0130stanbul Tabip Odas\u0131&#8217;ndan i\u015fkence ve \u015fiddet uyar\u0131s\u0131: &#8220;Takip ediyoruz&#8221;\"}]},{\"@type\":\"WebSite\",\"@id\":\"https:\/\/denizcankizil.tr\/#website\",\"url\":\"https:\/\/denizcankizil.tr\/\",\"name\":\"Av. Deniz Can K\u0131z\u0131l\",\"description\":\"Avukat Deniz Can K\u0131z\u0131l Antalya Barosu\",\"publisher\":{\"@id\":\"https:\/\/denizcankizil.tr\/#organization\"},\"potentialAction\":[{\"@type\":\"SearchAction\",\"target\":{\"@type\":\"EntryPoint\",\"urlTemplate\":\"https:\/\/denizcankizil.tr\/?s={search_term_string}\"},\"query-input\":{\"@type\":\"PropertyValueSpecification\",\"valueRequired\":true,\"valueName\":\"search_term_string\"}}],\"inLanguage\":\"uk\"},{\"@type\":\"Organization\",\"@id\":\"https:\/\/denizcankizil.tr\/#organization\",\"name\":\"Av. Deniz Can K\u0131z\u0131l\",\"url\":\"https:\/\/denizcankizil.tr\/\",\"logo\":{\"@type\":\"ImageObject\",\"inLanguage\":\"uk\",\"@id\":\"https:\/\/denizcankizil.tr\/#\/schema\/logo\/image\/\",\"url\":\"http:\/\/denizcankizil.tr\/wp-content\/uploads\/2024\/10\/siyah-logo-svg.svg\",\"contentUrl\":\"http:\/\/denizcankizil.tr\/wp-content\/uploads\/2024\/10\/siyah-logo-svg.svg\",\"width\":1080,\"height\":1080,\"caption\":\"Av. Deniz Can K\u0131z\u0131l\"},\"image\":{\"@id\":\"https:\/\/denizcankizil.tr\/#\/schema\/logo\/image\/\"}},{\"@type\":\"Person\",\"@id\":\"https:\/\/denizcankizil.tr\/#\/schema\/person\/e1eb71bb4dd684d46563f0af307e1234\",\"name\":\"Antalya K\u00f6rfez\",\"image\":{\"@type\":\"ImageObject\",\"inLanguage\":\"uk\",\"@id\":\"https:\/\/denizcankizil.tr\/#\/schema\/person\/image\/\",\"url\":\"https:\/\/secure.gravatar.com\/avatar\/42b01982558a48a0b501fdcab6a408d3717ea5919095ee2e67b0e521799c5905?s=96&d=mm&r=g\",\"contentUrl\":\"https:\/\/secure.gravatar.com\/avatar\/42b01982558a48a0b501fdcab6a408d3717ea5919095ee2e67b0e521799c5905?s=96&d=mm&r=g\",\"caption\":\"Antalya K\u00f6rfez\"},\"sameAs\":[\"http:\/\/www.antalyakorfez.com\"],\"url\":\"https:\/\/www.antalyakorfez.com\/istanbul-tabip-odasindan-iskence-ve-siddet-uyarisi-takip-ediyoruz\"}]}<\/script>\n<!-- \/ Yoast SEO Premium plugin. -->","yoast_head_json":{"title":"\u0130stanbul Tabip Odas\u0131'ndan i\u015fkence ve \u015fiddet uyar\u0131s\u0131: \"Takip ediyoruz\" - Av. Deniz Can K\u0131z\u0131l","robots":{"index":"index","follow":"follow","max-snippet":"max-snippet:-1","max-image-preview":"max-image-preview:large","max-video-preview":"max-video-preview:-1"},"canonical":"http:\/\/denizcankizil.tr\/uk\/haberler\/gundem\/istanbul-tabip-odasindan-iskence-ve-siddet-uyarisi-takip-ediyoruz\/","og_locale":"uk_UA","og_type":"article","og_title":"\u0130stanbul Tabip Odas\u0131'ndan i\u015fkence ve \u015fiddet uyar\u0131s\u0131: \"Takip ediyoruz\"","og_description":"\u0130stanbul Tabip Odas\u0131, \u0130stanbul B\u00fcy\u00fck\u015fehir Belediye Ba\u015fkan\u0131 ve Cumhurba\u015fkan\u0131 aday\u0131 Ekrem \u0130mamo\u011flu&#8217;nun tutuklanmas\u0131 nedeniyle yap\u0131lan protestolara ili\u015fkin bir a\u00e7\u0131klama yapt\u0131. A\u00e7\u0131klamada, bar\u0131\u015f\u00e7\u0131l g\u00f6sterilerin Anayasa&#8217;n\u0131n 34. maddesiyle g\u00fcvence alt\u0131na al\u0131nan bir hak oldu\u011fu ifade edildi.\u00a0 &#8220;G\u00d6ZALTINA ALINANLAR ARASINDA, TIP \u00d6\u011eRENC\u0130LER\u0130 DE VAR&#8221; Ekrem \u0130mamo\u011flu&#8217;nun tutuklanmas\u0131n\u0131n ard\u0131ndan ba\u015flayan protestolarda g\u00f6zalt\u0131na al\u0131nan vatanda\u015flar i\u00e7in\u00a0\u0130stanbul Tabip Odas\u0131&#8217;ndan a\u00e7\u0131klama geldi.\u00a0 A\u00e7\u0131klamada \u015fu ifadeler yer ald\u0131:\u00a0 &#8220;\u0130stanbul B\u00fcy\u00fck\u015fehir Belediye Ba\u015fkan\u0131 ve ana muhalefet partisi Cumhurba\u015fkan\u0131 aday\u0131 Ekrem \u0130mamo\u011flu\u2019nun diplomas\u0131n\u0131n iptal edilmesinin ard\u0131ndan ter\u00f6r ve yolsuzluk su\u00e7lamalar\u0131 gerek\u00e7esiyle g\u00f6zalt\u0131na al\u0131nmas\u0131 ve sonras\u0131nda da tutuklanmas\u0131na kar\u015f\u0131 bar\u0131\u015f\u00e7\u0131l muhalif g\u00f6steriler g\u00fcnlerdir devam ediyor.\u00a0\u00d6ncelikle s\u00f6ylenmesi gereken, \u00f6nceden izin al\u0131nmaks\u0131z\u0131n bar\u0131\u015f\u00e7\u0131l toplanma ve g\u00f6steri yapma hakk\u0131n\u0131n Anayasam\u0131zda (madde 34) a\u00e7\u0131k\u00e7a tan\u0131mlanan bir hak oldu\u011fu ger\u00e7e\u011fidir. Aralar\u0131nda hekimlerin ve t\u0131p \u00f6\u011frencilerinin de oldu\u011fu gen\u00e7lerin bu hakk\u0131 kulland\u0131klar\u0131 ve demokratik tepkilerini g\u00f6sterdikleri i\u00e7in hakaret, kaba dayak ve daha da \u00f6tesine giden, b\u00fct\u00fcn\u00fc i\u015fkence kapsam\u0131nda de\u011ferlendirilebilecek uygulamalara maruz b\u0131rak\u0131lmas\u0131 kabul edilemez.&#8221;\u00a0 &#8220;\u0130\u015eKENCELERE D\u00d6NEN \u015e\u0130DDET\u0130 TAK\u0130P ED\u0130YORUZ&#8221; Protestoya kat\u0131lan \u00f6\u011frencilerin \u015fiddete u\u011frad\u0131\u011f\u0131n\u0131 ve i\u015fkence g\u00f6rd\u00fc\u011f\u00fc haberlerini takip ettiklerini belirten yetkililer, \u015funlar\u0131 s\u00f6yledi: &#8220;Ancak ne yaz\u0131k ki g\u00fcvenlik g\u00fc\u00e7lerinin yurtta\u015flar\u0131m\u0131za kar\u015f\u0131 giderek daha da artan bir \u015fekilde \u015fiddet uygulad\u0131\u011f\u0131, bu \u015fiddetin daha \u00e7ok gen\u00e7lere y\u00f6nelik olarak i\u015fkenceye d\u00f6n\u00fc\u015ft\u00fc\u011f\u00fc y\u00f6n\u00fcndeki iddialar\u0131 dikkatle takip ediyor ve g\u00f6r\u00fcnt\u00fcleri deh\u015fetle &hellip;","og_url":"http:\/\/denizcankizil.tr\/uk\/haberler\/gundem\/istanbul-tabip-odasindan-iskence-ve-siddet-uyarisi-takip-ediyoruz\/","og_site_name":"Av. Deniz Can K\u0131z\u0131l","article_published_time":"2025-03-31T19:41:51+00:00","author":"Antalya K\u00f6rfez","twitter_card":"summary_large_image","twitter_misc":{"\u041d\u0430\u043f\u0438\u0441\u0430\u043d\u043e":"Antalya K\u00f6rfez","\u041f\u0440\u0438\u0431\u043b. \u0447\u0430\u0441 \u0447\u0438\u0442\u0430\u043d\u043d\u044f":"4 \u0445\u0432\u0438\u043b\u0438\u043d\u0438"},"schema":{"@context":"https:\/\/schema.org","@graph":[{"@type":"Article","@id":"http:\/\/denizcankizil.tr\/uk\/haberler\/gundem\/istanbul-tabip-odasindan-iskence-ve-siddet-uyarisi-takip-ediyoruz\/#article","isPartOf":{"@id":"http:\/\/denizcankizil.tr\/uk\/haberler\/gundem\/istanbul-tabip-odasindan-iskence-ve-siddet-uyarisi-takip-ediyoruz\/"},"author":{"name":"Antalya K\u00f6rfez","@id":"https:\/\/denizcankizil.tr\/#\/schema\/person\/e1eb71bb4dd684d46563f0af307e1234"},"headline":"\u0130stanbul Tabip Odas\u0131&#8217;ndan i\u015fkence ve \u015fiddet uyar\u0131s\u0131: &#8220;Takip ediyoruz&#8221;","datePublished":"2025-03-31T19:41:51+00:00","mainEntityOfPage":{"@id":"http:\/\/denizcankizil.tr\/uk\/haberler\/gundem\/istanbul-tabip-odasindan-iskence-ve-siddet-uyarisi-takip-ediyoruz\/"},"wordCount":741,"publisher":{"@id":"https:\/\/denizcankizil.tr\/#organization"},"articleSection":["G\u00fcndem"],"inLanguage":"uk"},{"@type":"WebPage","@id":"http:\/\/denizcankizil.tr\/uk\/haberler\/gundem\/istanbul-tabip-odasindan-iskence-ve-siddet-uyarisi-takip-ediyoruz\/","url":"http:\/\/denizcankizil.tr\/uk\/haberler\/gundem\/istanbul-tabip-odasindan-iskence-ve-siddet-uyarisi-takip-ediyoruz\/","name":"\u0130stanbul Tabip Odas\u0131'ndan i\u015fkence ve \u015fiddet uyar\u0131s\u0131: \"Takip ediyoruz\" - Av. Deniz Can K\u0131z\u0131l","isPartOf":{"@id":"https:\/\/denizcankizil.tr\/#website"},"datePublished":"2025-03-31T19:41:51+00:00","breadcrumb":{"@id":"http:\/\/denizcankizil.tr\/uk\/haberler\/gundem\/istanbul-tabip-odasindan-iskence-ve-siddet-uyarisi-takip-ediyoruz\/#breadcrumb"},"inLanguage":"uk","potentialAction":[{"@type":"ReadAction","target":["http:\/\/denizcankizil.tr\/uk\/haberler\/gundem\/istanbul-tabip-odasindan-iskence-ve-siddet-uyarisi-takip-ediyoruz\/"]}]},{"@type":"BreadcrumbList","@id":"http:\/\/denizcankizil.tr\/uk\/haberler\/gundem\/istanbul-tabip-odasindan-iskence-ve-siddet-uyarisi-takip-ediyoruz\/#breadcrumb","itemListElement":[{"@type":"ListItem","position":1,"name":"Home","item":"https:\/\/denizcankizil.tr\/de\/"},{"@type":"ListItem","position":2,"name":"\u0130stanbul Tabip Odas\u0131&#8217;ndan i\u015fkence ve \u015fiddet uyar\u0131s\u0131: &#8220;Takip ediyoruz&#8221;"}]},{"@type":"WebSite","@id":"https:\/\/denizcankizil.tr\/#website","url":"https:\/\/denizcankizil.tr\/","name":"Av. Deniz Can K\u0131z\u0131l","description":"Avukat Deniz Can K\u0131z\u0131l Antalya Barosu","publisher":{"@id":"https:\/\/denizcankizil.tr\/#organization"},"potentialAction":[{"@type":"SearchAction","target":{"@type":"EntryPoint","urlTemplate":"https:\/\/denizcankizil.tr\/?s={search_term_string}"},"query-input":{"@type":"PropertyValueSpecification","valueRequired":true,"valueName":"search_term_string"}}],"inLanguage":"uk"},{"@type":"Organization","@id":"https:\/\/denizcankizil.tr\/#organization","name":"Av. Deniz Can K\u0131z\u0131l","url":"https:\/\/denizcankizil.tr\/","logo":{"@type":"ImageObject","inLanguage":"uk","@id":"https:\/\/denizcankizil.tr\/#\/schema\/logo\/image\/","url":"http:\/\/denizcankizil.tr\/wp-content\/uploads\/2024\/10\/siyah-logo-svg.svg","contentUrl":"http:\/\/denizcankizil.tr\/wp-content\/uploads\/2024\/10\/siyah-logo-svg.svg","width":1080,"height":1080,"caption":"Av. Deniz Can K\u0131z\u0131l"},"image":{"@id":"https:\/\/denizcankizil.tr\/#\/schema\/logo\/image\/"}},{"@type":"Person","@id":"https:\/\/denizcankizil.tr\/#\/schema\/person\/e1eb71bb4dd684d46563f0af307e1234","name":"Antalya K\u00f6rfez","image":{"@type":"ImageObject","inLanguage":"uk","@id":"https:\/\/denizcankizil.tr\/#\/schema\/person\/image\/","url":"https:\/\/secure.gravatar.com\/avatar\/42b01982558a48a0b501fdcab6a408d3717ea5919095ee2e67b0e521799c5905?s=96&d=mm&r=g","contentUrl":"https:\/\/secure.gravatar.com\/avatar\/42b01982558a48a0b501fdcab6a408d3717ea5919095ee2e67b0e521799c5905?s=96&d=mm&r=g","caption":"Antalya K\u00f6rfez"},"sameAs":["http:\/\/www.antalyakorfez.com"],"url":"https:\/\/www.antalyakorfez.com\/istanbul-tabip-odasindan-iskence-ve-siddet-uyarisi-takip-ediyoruz"}]}},"_links":{"self":[{"href":"http:\/\/denizcankizil.tr\/uk\/wp-json\/wp\/v2\/posts\/41598","targetHints":{"allow":["GET"]}}],"collection":[{"href":"http:\/\/denizcankizil.tr\/uk\/wp-json\/wp\/v2\/posts"}],"about":[{"href":"http:\/\/denizcankizil.tr\/uk\/wp-json\/wp\/v2\/types\/post"}],"author":[{"embeddable":true,"href":"http:\/\/denizcankizil.tr\/uk\/wp-json\/wp\/v2\/users\/5"}],"replies":[{"embeddable":true,"href":"http:\/\/denizcankizil.tr\/uk\/wp-json\/wp\/v2\/comments?post=41598"}],"version-history":[{"count":0,"href":"http:\/\/denizcankizil.tr\/uk\/wp-json\/wp\/v2\/posts\/41598\/revisions"}],"wp:attachment":[{"href":"http:\/\/denizcankizil.tr\/uk\/wp-json\/wp\/v2\/media?parent=41598"}],"wp:term":[{"taxonomy":"category","embeddable":true,"href":"http:\/\/denizcankizil.tr\/uk\/wp-json\/wp\/v2\/categories?post=41598"},{"taxonomy":"post_tag","embeddable":true,"href":"http:\/\/denizcankizil.tr\/uk\/wp-json\/wp\/v2\/tags?post=41598"}],"curies":[{"name":"wp","href":"https:\/\/api.w.org\/{rel}","templated":true}]}}