{"id":41479,"date":"2025-03-31T20:41:15","date_gmt":"2025-03-31T17:41:15","guid":{"rendered":"https:\/\/denizcankizil.tr\/uncategorized-tr\/imamoglundan-boykot-cagrisina-destek\/"},"modified":"2025-03-31T20:41:15","modified_gmt":"2025-03-31T17:41:15","slug":"imamoglundan-boykot-cagrisina-destek","status":"publish","type":"post","link":"http:\/\/denizcankizil.tr\/uk\/haberler\/gundem\/imamoglundan-boykot-cagrisina-destek\/","title":{"rendered":"\u0130mamo\u011flu&#8217;ndan boykot \u00e7a\u011fr\u0131s\u0131na destek!"},"content":{"rendered":"<p>\u0130stanbul B\u00fcy\u00fck\u015fehir Belediyesi Ba\u015fkan\u0131 Ekrem \u0130mamo\u011flu, Cumhuriyet Halk Partisi (CHP) Genel Ba\u015fkan\u0131 \u00d6zg\u00fcr \u00d6zel&#8217;in boykot \u00e7a\u011fr\u0131s\u0131na destek verdi. \u0130mamo\u011flu&#8217;nun sosyal medya hesab\u0131ndan yapt\u0131\u011f\u0131 a\u00e7\u0131klamada, vatanda\u015flar\u0131n bu s\u00fcreci disiplinli ve \u00f6zverili amac\u0131n\u0131n medya ve i\u015f d\u00fcnyas\u0131na zarar vermek de\u011fil, onlar\u0131 \u00f6zg\u00fcrle\u015ftirmek oldu\u011funu vurgulad\u0131.<\/p>\n<p>&#8220;YA B\u0130R K\u0130\u015e\u0130N\u0130N G\u00dcN\u00dcM\u00dcNDE KALACAKLAR YA DA M\u0130LLET\u0130N YANINDA H\u0130ZALANACAKLAR&#8221;\u00a0<\/p>\n<p>\u0130mamo\u011flu, &#8220;Uzun y\u0131llard\u0131r bask\u0131c\u0131 ve antidemokratik iktidar\u0131n dayatmalar\u0131na maruz kalan medya ve i\u015f d\u00fcnyas\u0131 i\u00e7in art\u0131k bir tercih yapma zaman\u0131 geldi. Ya bir ki\u015finin g\u00fcd\u00fcm\u00fcnde kalmaya devam edecekler ya da milletin yan\u0131nda hizalanarak \u00f6zg\u00fcrle\u015fecekler&#8221; ifadelerini kulland\u0131.<\/p>\n<p>Vatanda\u015flardan g\u00fc\u00e7l\u00fc bir tepki bekledi\u011fini belirten \u0130BB Ba\u015fkan\u0131 \u0130mamo\u011flu, &#8220;Milletimizin sa\u011fduyusu ve dirayetine g\u00fcveniyorum&#8221; diyerek boykot s\u00fcrecine deste\u011fini yeniledi.\u00a0<\/p>\n<p>\u200b\u0130stanbul B\u00fcy\u00fck\u015fehir Belediyesi Ba\u015fkan\u0131 Ekrem \u0130mamo\u011flu, CHP Genel Ba\u015fkan\u0131 \u00d6zg\u00fcr \u00d6zel&#8217;in boykot \u00e7a\u011fr\u0131s\u0131na destek verdi.\u00a0<\/p>\n<p>\u200bHaberin Al\u0131nt\u0131land\u0131\u011f\u0131 Kaynak: www.antalyakorfez.com<\/p>","protected":false},"excerpt":{"rendered":"<p>\u0130stanbul B\u00fcy\u00fck\u015fehir Belediyesi Ba\u015fkan\u0131 Ekrem \u0130mamo\u011flu, Cumhuriyet Halk Partisi (CHP) Genel Ba\u015fkan\u0131 \u00d6zg\u00fcr \u00d6zel&#8217;in boykot \u00e7a\u011fr\u0131s\u0131na destek verdi. \u0130mamo\u011flu&#8217;nun sosyal medya hesab\u0131ndan yapt\u0131\u011f\u0131 a\u00e7\u0131klamada, vatanda\u015flar\u0131n bu s\u00fcreci disiplinli ve \u00f6zverili amac\u0131n\u0131n medya ve i\u015f d\u00fcnyas\u0131na zarar vermek de\u011fil, onlar\u0131 \u00f6zg\u00fcrle\u015ftirmek oldu\u011funu vurgulad\u0131. &#8220;YA B\u0130R K\u0130\u015e\u0130N\u0130N G\u00dcN\u00dcM\u00dcNDE KALACAKLAR YA DA M\u0130LLET\u0130N YANINDA H\u0130ZALANACAKLAR&#8221;\u00a0 \u0130mamo\u011flu, &#8220;Uzun y\u0131llard\u0131r bask\u0131c\u0131 ve antidemokratik iktidar\u0131n dayatmalar\u0131na maruz kalan medya ve i\u015f d\u00fcnyas\u0131 i\u00e7in art\u0131k bir tercih yapma zaman\u0131 geldi. Ya bir ki\u015finin g\u00fcd\u00fcm\u00fcnde kalmaya devam edecekler ya da milletin yan\u0131nda hizalanarak \u00f6zg\u00fcrle\u015fecekler&#8221; ifadelerini kulland\u0131. Vatanda\u015flardan g\u00fc\u00e7l\u00fc bir tepki bekledi\u011fini belirten \u0130BB Ba\u015fkan\u0131 \u0130mamo\u011flu, &#8220;Milletimizin sa\u011fduyusu ve dirayetine g\u00fcveniyorum&#8221; diyerek boykot s\u00fcrecine deste\u011fini yeniledi.\u00a0 \u200b\u0130stanbul B\u00fcy\u00fck\u015fehir Belediyesi Ba\u015fkan\u0131 Ekrem \u0130mamo\u011flu, CHP Genel Ba\u015fkan\u0131 \u00d6zg\u00fcr \u00d6zel&#8217;in boykot \u00e7a\u011fr\u0131s\u0131na destek verdi.\u00a0 \u200bHaberin Al\u0131nt\u0131land\u0131\u011f\u0131 Kaynak: www.antalyakorfez.com<\/p>","protected":false},"author":5,"featured_media":0,"comment_status":"","ping_status":"open","sticky":false,"template":"","format":"standard","meta":{"_acf_changed":false,"footnotes":""},"categories":[24],"tags":[],"class_list":["post-41479","post","type-post","status-publish","format-standard","has-post-thumbnail","hentry","category-gundem"],"acf":[],"yoast_head":"<!-- This site is optimized with the Yoast SEO Premium plugin v26.6 (Yoast SEO v27.1.1) - https:\/\/yoast.com\/product\/yoast-seo-premium-wordpress\/ -->\n<title>\u0130mamo\u011flu&#039;ndan boykot \u00e7a\u011fr\u0131s\u0131na destek! - Av. Deniz Can K\u0131z\u0131l<\/title>\n<meta name=\"robots\" content=\"index, follow, max-snippet:-1, max-image-preview:large, max-video-preview:-1\" \/>\n<link rel=\"canonical\" href=\"https:\/\/denizcankizil.tr\/uk\/haberler\/gundem\/imamoglundan-boykot-cagrisina-destek\/\" \/>\n<meta property=\"og:locale\" content=\"uk_UA\" \/>\n<meta property=\"og:type\" content=\"article\" \/>\n<meta property=\"og:title\" content=\"\u0130mamo\u011flu&#039;ndan boykot \u00e7a\u011fr\u0131s\u0131na destek!\" \/>\n<meta property=\"og:description\" content=\"\u0130stanbul B\u00fcy\u00fck\u015fehir Belediyesi Ba\u015fkan\u0131 Ekrem \u0130mamo\u011flu, Cumhuriyet Halk Partisi (CHP) Genel Ba\u015fkan\u0131 \u00d6zg\u00fcr \u00d6zel&#8217;in boykot \u00e7a\u011fr\u0131s\u0131na destek verdi. \u0130mamo\u011flu&#8217;nun sosyal medya hesab\u0131ndan yapt\u0131\u011f\u0131 a\u00e7\u0131klamada, vatanda\u015flar\u0131n bu s\u00fcreci disiplinli ve \u00f6zverili amac\u0131n\u0131n medya ve i\u015f d\u00fcnyas\u0131na zarar vermek de\u011fil, onlar\u0131 \u00f6zg\u00fcrle\u015ftirmek oldu\u011funu vurgulad\u0131. &#8220;YA B\u0130R K\u0130\u015e\u0130N\u0130N G\u00dcN\u00dcM\u00dcNDE KALACAKLAR YA DA M\u0130LLET\u0130N YANINDA H\u0130ZALANACAKLAR&#8221;\u00a0 \u0130mamo\u011flu, &#8220;Uzun y\u0131llard\u0131r bask\u0131c\u0131 ve antidemokratik iktidar\u0131n dayatmalar\u0131na maruz kalan medya ve i\u015f d\u00fcnyas\u0131 i\u00e7in art\u0131k bir tercih yapma zaman\u0131 geldi. Ya bir ki\u015finin g\u00fcd\u00fcm\u00fcnde kalmaya devam edecekler ya da milletin yan\u0131nda hizalanarak \u00f6zg\u00fcrle\u015fecekler&#8221; ifadelerini kulland\u0131. Vatanda\u015flardan g\u00fc\u00e7l\u00fc bir tepki bekledi\u011fini belirten \u0130BB Ba\u015fkan\u0131 \u0130mamo\u011flu, &#8220;Milletimizin sa\u011fduyusu ve dirayetine g\u00fcveniyorum&#8221; diyerek boykot s\u00fcrecine deste\u011fini yeniledi.\u00a0 \u200b\u0130stanbul B\u00fcy\u00fck\u015fehir Belediyesi Ba\u015fkan\u0131 Ekrem \u0130mamo\u011flu, CHP Genel Ba\u015fkan\u0131 \u00d6zg\u00fcr \u00d6zel&#8217;in boykot \u00e7a\u011fr\u0131s\u0131na destek verdi.\u00a0 \u200bHaberin Al\u0131nt\u0131land\u0131\u011f\u0131 Kaynak: www.antalyakorfez.com\" \/>\n<meta property=\"og:url\" content=\"https:\/\/denizcankizil.tr\/uk\/haberler\/gundem\/imamoglundan-boykot-cagrisina-destek\/\" \/>\n<meta property=\"og:site_name\" content=\"Av. Deniz Can K\u0131z\u0131l\" \/>\n<meta property=\"article:published_time\" content=\"2025-03-31T17:41:15+00:00\" \/>\n<meta name=\"author\" content=\"Antalya K\u00f6rfez\" \/>\n<meta name=\"twitter:card\" content=\"summary_large_image\" \/>\n<meta name=\"twitter:label1\" content=\"\u041d\u0430\u043f\u0438\u0441\u0430\u043d\u043e\" \/>\n\t<meta name=\"twitter:data1\" content=\"Antalya K\u00f6rfez\" \/>\n\t<meta name=\"twitter:label2\" content=\"\u041f\u0440\u0438\u0431\u043b. \u0447\u0430\u0441 \u0447\u0438\u0442\u0430\u043d\u043d\u044f\" \/>\n\t<meta name=\"twitter:data2\" content=\"1 \u0445\u0432\u0438\u043b\u0438\u043d\u0430\" \/>\n<script type=\"application\/ld+json\" class=\"yoast-schema-graph\">{\"@context\":\"https:\/\/schema.org\",\"@graph\":[{\"@type\":\"Article\",\"@id\":\"https:\/\/denizcankizil.tr\/de\/haberler\/gundem\/imamoglundan-boykot-cagrisina-destek\/#article\",\"isPartOf\":{\"@id\":\"https:\/\/denizcankizil.tr\/de\/haberler\/gundem\/imamoglundan-boykot-cagrisina-destek\/\"},\"author\":{\"name\":\"Antalya K\u00f6rfez\",\"@id\":\"https:\/\/denizcankizil.tr\/de\/#\/schema\/person\/e1eb71bb4dd684d46563f0af307e1234\"},\"headline\":\"\u0130mamo\u011flu&#8217;ndan boykot \u00e7a\u011fr\u0131s\u0131na destek!\",\"datePublished\":\"2025-03-31T17:41:15+00:00\",\"mainEntityOfPage\":{\"@id\":\"https:\/\/denizcankizil.tr\/de\/haberler\/gundem\/imamoglundan-boykot-cagrisina-destek\/\"},\"wordCount\":210,\"publisher\":{\"@id\":\"https:\/\/denizcankizil.tr\/de\/#organization\"},\"articleSection\":[\"G\u00fcndem\"],\"inLanguage\":\"uk\"},{\"@type\":\"WebPage\",\"@id\":\"https:\/\/denizcankizil.tr\/de\/haberler\/gundem\/imamoglundan-boykot-cagrisina-destek\/\",\"url\":\"https:\/\/denizcankizil.tr\/de\/haberler\/gundem\/imamoglundan-boykot-cagrisina-destek\/\",\"name\":\"\u0130mamo\u011flu'ndan boykot \u00e7a\u011fr\u0131s\u0131na destek! - Av. Deniz Can K\u0131z\u0131l\",\"isPartOf\":{\"@id\":\"https:\/\/denizcankizil.tr\/de\/#website\"},\"datePublished\":\"2025-03-31T17:41:15+00:00\",\"breadcrumb\":{\"@id\":\"https:\/\/denizcankizil.tr\/de\/haberler\/gundem\/imamoglundan-boykot-cagrisina-destek\/#breadcrumb\"},\"inLanguage\":\"uk\",\"potentialAction\":[{\"@type\":\"ReadAction\",\"target\":[\"https:\/\/denizcankizil.tr\/de\/haberler\/gundem\/imamoglundan-boykot-cagrisina-destek\/\"]}]},{\"@type\":\"BreadcrumbList\",\"@id\":\"https:\/\/denizcankizil.tr\/de\/haberler\/gundem\/imamoglundan-boykot-cagrisina-destek\/#breadcrumb\",\"itemListElement\":[{\"@type\":\"ListItem\",\"position\":1,\"name\":\"Home\",\"item\":\"https:\/\/denizcankizil.tr\/de\/\"},{\"@type\":\"ListItem\",\"position\":2,\"name\":\"\u0130mamo\u011flu&#8217;ndan boykot \u00e7a\u011fr\u0131s\u0131na destek!\"}]},{\"@type\":\"WebSite\",\"@id\":\"https:\/\/denizcankizil.tr\/de\/#website\",\"url\":\"https:\/\/denizcankizil.tr\/de\/\",\"name\":\"Av. Deniz Can K\u0131z\u0131l\",\"description\":\"Avukat Deniz Can K\u0131z\u0131l Antalya Barosu\",\"publisher\":{\"@id\":\"https:\/\/denizcankizil.tr\/de\/#organization\"},\"potentialAction\":[{\"@type\":\"SearchAction\",\"target\":{\"@type\":\"EntryPoint\",\"urlTemplate\":\"https:\/\/denizcankizil.tr\/de\/?s={search_term_string}\"},\"query-input\":{\"@type\":\"PropertyValueSpecification\",\"valueRequired\":true,\"valueName\":\"search_term_string\"}}],\"inLanguage\":\"uk\"},{\"@type\":\"Organization\",\"@id\":\"https:\/\/denizcankizil.tr\/de\/#organization\",\"name\":\"Av. Deniz Can K\u0131z\u0131l\",\"url\":\"https:\/\/denizcankizil.tr\/de\/\",\"logo\":{\"@type\":\"ImageObject\",\"inLanguage\":\"uk\",\"@id\":\"https:\/\/denizcankizil.tr\/de\/#\/schema\/logo\/image\/\",\"url\":\"http:\/\/denizcankizil.tr\/wp-content\/uploads\/2024\/10\/siyah-logo-svg.svg\",\"contentUrl\":\"http:\/\/denizcankizil.tr\/wp-content\/uploads\/2024\/10\/siyah-logo-svg.svg\",\"width\":1080,\"height\":1080,\"caption\":\"Av. Deniz Can K\u0131z\u0131l\"},\"image\":{\"@id\":\"https:\/\/denizcankizil.tr\/de\/#\/schema\/logo\/image\/\"}},{\"@type\":\"Person\",\"@id\":\"https:\/\/denizcankizil.tr\/de\/#\/schema\/person\/e1eb71bb4dd684d46563f0af307e1234\",\"name\":\"Antalya K\u00f6rfez\",\"image\":{\"@type\":\"ImageObject\",\"inLanguage\":\"uk\",\"@id\":\"https:\/\/denizcankizil.tr\/de\/#\/schema\/person\/image\/\",\"url\":\"https:\/\/secure.gravatar.com\/avatar\/42b01982558a48a0b501fdcab6a408d3717ea5919095ee2e67b0e521799c5905?s=96&d=mm&r=g\",\"contentUrl\":\"https:\/\/secure.gravatar.com\/avatar\/42b01982558a48a0b501fdcab6a408d3717ea5919095ee2e67b0e521799c5905?s=96&d=mm&r=g\",\"caption\":\"Antalya K\u00f6rfez\"},\"sameAs\":[\"http:\/\/www.antalyakorfez.com\"],\"url\":\"https:\/\/www.antalyakorfez.com\/imamoglundan-boykot-cagrisina-destek\"}]}<\/script>\n<!-- \/ Yoast SEO Premium plugin. -->","yoast_head_json":{"title":"\u0130mamo\u011flu'ndan boykot \u00e7a\u011fr\u0131s\u0131na destek! - Av. Deniz Can K\u0131z\u0131l","robots":{"index":"index","follow":"follow","max-snippet":"max-snippet:-1","max-image-preview":"max-image-preview:large","max-video-preview":"max-video-preview:-1"},"canonical":"https:\/\/denizcankizil.tr\/uk\/haberler\/gundem\/imamoglundan-boykot-cagrisina-destek\/","og_locale":"uk_UA","og_type":"article","og_title":"\u0130mamo\u011flu'ndan boykot \u00e7a\u011fr\u0131s\u0131na destek!","og_description":"\u0130stanbul B\u00fcy\u00fck\u015fehir Belediyesi Ba\u015fkan\u0131 Ekrem \u0130mamo\u011flu, Cumhuriyet Halk Partisi (CHP) Genel Ba\u015fkan\u0131 \u00d6zg\u00fcr \u00d6zel&#8217;in boykot \u00e7a\u011fr\u0131s\u0131na destek verdi. \u0130mamo\u011flu&#8217;nun sosyal medya hesab\u0131ndan yapt\u0131\u011f\u0131 a\u00e7\u0131klamada, vatanda\u015flar\u0131n bu s\u00fcreci disiplinli ve \u00f6zverili amac\u0131n\u0131n medya ve i\u015f d\u00fcnyas\u0131na zarar vermek de\u011fil, onlar\u0131 \u00f6zg\u00fcrle\u015ftirmek oldu\u011funu vurgulad\u0131. &#8220;YA B\u0130R K\u0130\u015e\u0130N\u0130N G\u00dcN\u00dcM\u00dcNDE KALACAKLAR YA DA M\u0130LLET\u0130N YANINDA H\u0130ZALANACAKLAR&#8221;\u00a0 \u0130mamo\u011flu, &#8220;Uzun y\u0131llard\u0131r bask\u0131c\u0131 ve antidemokratik iktidar\u0131n dayatmalar\u0131na maruz kalan medya ve i\u015f d\u00fcnyas\u0131 i\u00e7in art\u0131k bir tercih yapma zaman\u0131 geldi. Ya bir ki\u015finin g\u00fcd\u00fcm\u00fcnde kalmaya devam edecekler ya da milletin yan\u0131nda hizalanarak \u00f6zg\u00fcrle\u015fecekler&#8221; ifadelerini kulland\u0131. Vatanda\u015flardan g\u00fc\u00e7l\u00fc bir tepki bekledi\u011fini belirten \u0130BB Ba\u015fkan\u0131 \u0130mamo\u011flu, &#8220;Milletimizin sa\u011fduyusu ve dirayetine g\u00fcveniyorum&#8221; diyerek boykot s\u00fcrecine deste\u011fini yeniledi.\u00a0 \u200b\u0130stanbul B\u00fcy\u00fck\u015fehir Belediyesi Ba\u015fkan\u0131 Ekrem \u0130mamo\u011flu, CHP Genel Ba\u015fkan\u0131 \u00d6zg\u00fcr \u00d6zel&#8217;in boykot \u00e7a\u011fr\u0131s\u0131na destek verdi.\u00a0 \u200bHaberin Al\u0131nt\u0131land\u0131\u011f\u0131 Kaynak: www.antalyakorfez.com","og_url":"https:\/\/denizcankizil.tr\/uk\/haberler\/gundem\/imamoglundan-boykot-cagrisina-destek\/","og_site_name":"Av. Deniz Can K\u0131z\u0131l","article_published_time":"2025-03-31T17:41:15+00:00","author":"Antalya K\u00f6rfez","twitter_card":"summary_large_image","twitter_misc":{"\u041d\u0430\u043f\u0438\u0441\u0430\u043d\u043e":"Antalya K\u00f6rfez","\u041f\u0440\u0438\u0431\u043b. \u0447\u0430\u0441 \u0447\u0438\u0442\u0430\u043d\u043d\u044f":"1 \u0445\u0432\u0438\u043b\u0438\u043d\u0430"},"schema":{"@context":"https:\/\/schema.org","@graph":[{"@type":"Article","@id":"https:\/\/denizcankizil.tr\/de\/haberler\/gundem\/imamoglundan-boykot-cagrisina-destek\/#article","isPartOf":{"@id":"https:\/\/denizcankizil.tr\/de\/haberler\/gundem\/imamoglundan-boykot-cagrisina-destek\/"},"author":{"name":"Antalya K\u00f6rfez","@id":"https:\/\/denizcankizil.tr\/de\/#\/schema\/person\/e1eb71bb4dd684d46563f0af307e1234"},"headline":"\u0130mamo\u011flu&#8217;ndan boykot \u00e7a\u011fr\u0131s\u0131na destek!","datePublished":"2025-03-31T17:41:15+00:00","mainEntityOfPage":{"@id":"https:\/\/denizcankizil.tr\/de\/haberler\/gundem\/imamoglundan-boykot-cagrisina-destek\/"},"wordCount":210,"publisher":{"@id":"https:\/\/denizcankizil.tr\/de\/#organization"},"articleSection":["G\u00fcndem"],"inLanguage":"uk"},{"@type":"WebPage","@id":"https:\/\/denizcankizil.tr\/de\/haberler\/gundem\/imamoglundan-boykot-cagrisina-destek\/","url":"https:\/\/denizcankizil.tr\/de\/haberler\/gundem\/imamoglundan-boykot-cagrisina-destek\/","name":"\u0130mamo\u011flu'ndan boykot \u00e7a\u011fr\u0131s\u0131na destek! - Av. Deniz Can K\u0131z\u0131l","isPartOf":{"@id":"https:\/\/denizcankizil.tr\/de\/#website"},"datePublished":"2025-03-31T17:41:15+00:00","breadcrumb":{"@id":"https:\/\/denizcankizil.tr\/de\/haberler\/gundem\/imamoglundan-boykot-cagrisina-destek\/#breadcrumb"},"inLanguage":"uk","potentialAction":[{"@type":"ReadAction","target":["https:\/\/denizcankizil.tr\/de\/haberler\/gundem\/imamoglundan-boykot-cagrisina-destek\/"]}]},{"@type":"BreadcrumbList","@id":"https:\/\/denizcankizil.tr\/de\/haberler\/gundem\/imamoglundan-boykot-cagrisina-destek\/#breadcrumb","itemListElement":[{"@type":"ListItem","position":1,"name":"Home","item":"https:\/\/denizcankizil.tr\/de\/"},{"@type":"ListItem","position":2,"name":"\u0130mamo\u011flu&#8217;ndan boykot \u00e7a\u011fr\u0131s\u0131na destek!"}]},{"@type":"WebSite","@id":"https:\/\/denizcankizil.tr\/de\/#website","url":"https:\/\/denizcankizil.tr\/de\/","name":"Av. Deniz Can K\u0131z\u0131l","description":"Avukat Deniz Can K\u0131z\u0131l Antalya Barosu","publisher":{"@id":"https:\/\/denizcankizil.tr\/de\/#organization"},"potentialAction":[{"@type":"SearchAction","target":{"@type":"EntryPoint","urlTemplate":"https:\/\/denizcankizil.tr\/de\/?s={search_term_string}"},"query-input":{"@type":"PropertyValueSpecification","valueRequired":true,"valueName":"search_term_string"}}],"inLanguage":"uk"},{"@type":"Organization","@id":"https:\/\/denizcankizil.tr\/de\/#organization","name":"Av. Deniz Can K\u0131z\u0131l","url":"https:\/\/denizcankizil.tr\/de\/","logo":{"@type":"ImageObject","inLanguage":"uk","@id":"https:\/\/denizcankizil.tr\/de\/#\/schema\/logo\/image\/","url":"http:\/\/denizcankizil.tr\/wp-content\/uploads\/2024\/10\/siyah-logo-svg.svg","contentUrl":"http:\/\/denizcankizil.tr\/wp-content\/uploads\/2024\/10\/siyah-logo-svg.svg","width":1080,"height":1080,"caption":"Av. Deniz Can K\u0131z\u0131l"},"image":{"@id":"https:\/\/denizcankizil.tr\/de\/#\/schema\/logo\/image\/"}},{"@type":"Person","@id":"https:\/\/denizcankizil.tr\/de\/#\/schema\/person\/e1eb71bb4dd684d46563f0af307e1234","name":"Antalya K\u00f6rfez","image":{"@type":"ImageObject","inLanguage":"uk","@id":"https:\/\/denizcankizil.tr\/de\/#\/schema\/person\/image\/","url":"https:\/\/secure.gravatar.com\/avatar\/42b01982558a48a0b501fdcab6a408d3717ea5919095ee2e67b0e521799c5905?s=96&d=mm&r=g","contentUrl":"https:\/\/secure.gravatar.com\/avatar\/42b01982558a48a0b501fdcab6a408d3717ea5919095ee2e67b0e521799c5905?s=96&d=mm&r=g","caption":"Antalya K\u00f6rfez"},"sameAs":["http:\/\/www.antalyakorfez.com"],"url":"https:\/\/www.antalyakorfez.com\/imamoglundan-boykot-cagrisina-destek"}]}},"_links":{"self":[{"href":"http:\/\/denizcankizil.tr\/uk\/wp-json\/wp\/v2\/posts\/41479","targetHints":{"allow":["GET"]}}],"collection":[{"href":"http:\/\/denizcankizil.tr\/uk\/wp-json\/wp\/v2\/posts"}],"about":[{"href":"http:\/\/denizcankizil.tr\/uk\/wp-json\/wp\/v2\/types\/post"}],"author":[{"embeddable":true,"href":"http:\/\/denizcankizil.tr\/uk\/wp-json\/wp\/v2\/users\/5"}],"replies":[{"embeddable":true,"href":"http:\/\/denizcankizil.tr\/uk\/wp-json\/wp\/v2\/comments?post=41479"}],"version-history":[{"count":0,"href":"http:\/\/denizcankizil.tr\/uk\/wp-json\/wp\/v2\/posts\/41479\/revisions"}],"wp:attachment":[{"href":"http:\/\/denizcankizil.tr\/uk\/wp-json\/wp\/v2\/media?parent=41479"}],"wp:term":[{"taxonomy":"category","embeddable":true,"href":"http:\/\/denizcankizil.tr\/uk\/wp-json\/wp\/v2\/categories?post=41479"},{"taxonomy":"post_tag","embeddable":true,"href":"http:\/\/denizcankizil.tr\/uk\/wp-json\/wp\/v2\/tags?post=41479"}],"curies":[{"name":"wp","href":"https:\/\/api.w.org\/{rel}","templated":true}]}}