{"id":40053,"date":"2025-03-30T10:41:16","date_gmt":"2025-03-30T07:41:16","guid":{"rendered":"https:\/\/denizcankizil.tr\/uncategorized-tr\/unlu-baskan-vatandaslarla-bayramlasti\/"},"modified":"2025-03-30T10:41:16","modified_gmt":"2025-03-30T07:41:16","slug":"unlu-baskan-vatandaslarla-bayramlasti","status":"publish","type":"post","link":"http:\/\/denizcankizil.tr\/uk\/haberler\/gundem\/unlu-baskan-vatandaslarla-bayramlasti\/","title":{"rendered":"\u00dcnl\u00fc Ba\u015fkan, vatanda\u015flarla bayramla\u015ft\u0131"},"content":{"rendered":"<p>Mu\u011fla Marmaris Belediye Ba\u015fkan\u0131 Acar \u00dcnl\u00fc, Ramazan Bayram\u0131 \u00f6ncesinde mahalleleri ziyaret ederek vatanda\u015flar\u0131n bayram\u0131n\u0131 kutlad\u0131. \u0130lk olarak merkeze uzak mahalleleri ziyaret eden Ba\u015fkan \u00dcnl\u00fc\u2019ye CHP Marmaris \u0130l\u00e7e Ba\u015fkan\u0131 \u00d6mer Bozdemir, meclis \u00fcyeleri ve muhtarlar da e\u015flik etti. \u00c7etibeli, \u00c7aml\u0131, Karacas\u00f6\u011f\u00fct, Ye\u015filbelde, Turun\u00e7, Osmaniye\u2019yi ziyaret eden Ba\u015fkan \u00dcnl\u00fc ve beraberindekiler arife g\u00fcn\u00fc de Hisar\u00f6n\u00fc, Orhaniye, Turgut, Selimiye, Bozburun, S\u00f6\u011f\u00fct, Ta\u015fl\u0131ca mahalleleri ziyaret edildi. Camiavlu Mahallesi\u2019nde de pazaryerini ziyaret eden Ba\u015fkan \u00dcnl\u00fc, esnafa kolayl\u0131klar dilerken al\u0131\u015fveri\u015f yapmak i\u00e7in gelen vatanda\u015flara da iyi bayramlar dile\u011finde bulundu.\u00a0<\/p>\n<p>\u201cN\u0130CE BAYRAMLAR D\u0130L\u0130YORUM\u201d<\/p>\n<p>Gitti\u011fi t\u00fcm mahallelerde ilgiyle kar\u015f\u0131lanan Ba\u015fkan Acar \u00dcnl\u00fc, vatanda\u015flarla sohbet etti. Bayramlar\u0131n birlik, beraberlik ve dayan\u0131\u015fma duygular\u0131n\u0131n ya\u015fand\u0131\u011f\u0131 en \u00f6nemli g\u00fcnler oldu\u011funu ifade eden Ba\u015fkan \u00dcnl\u00fc, &#8220;Ne\u015feyle ge\u00e7irece\u011fimiz, hep beraber g\u00fclece\u011fimiz, sevin\u00e7leri payla\u015faca\u011f\u0131m\u0131z, birli\u011fimizin ve dirli\u011fimizin daim olaca\u011f\u0131 nice bayramlar diliyorum&#8221; diye konu\u015ftu. Yaz sezonuna haz\u0131rlanan esnafla da bir araya gelen Ba\u015fkan \u00dcnl\u00fc acil \u00e7\u00f6z\u00fclmesi gereken sorunlarla ilgili belediye ekiplerine talimatlar verdi.\u00a0<\/p>\n<p>B\u0130RL\u0130K VE BERABERL\u0130K MESAJI\u00a0<\/p>\n<p>Bayramlar\u0131n karde\u015flik, dostluk ve dayan\u0131\u015fma duygular\u0131n\u0131 per\u00e7inledi\u011fini dile getiren Ba\u015fkan Acar \u00dcnl\u00fc, &#8220;Bizleri konuk eden, sohbetlerini ve g\u00f6n\u00fcllerini payla\u015fan halk\u0131m\u0131za te\u015fekk\u00fcrlerimi sunuyor, hep birlikte daha nice g\u00fczel bayramlar diliyorum&#8221; diye konu\u015ftu.\u00a0<\/p>\n<p>\u00a0 \u00a0 \u00a0 \u00a0 \u00a0 \u00a0 \u00a0 \u00a0\u00a0<\/p>\n<p>\u200bMarmaris Belediye Ba\u015fkan\u0131 Acar \u00dcnl\u00fc, Ramazan Bayram\u0131\u2019nda mahalle sakinlerini ziyaret edip, vatanda\u015flarla tek tek bayramla\u015ft\u0131. Bayramlar\u0131n birlik ve dayan\u0131\u015fma duygular\u0131n\u0131n ya\u015fand\u0131\u011f\u0131 en \u00f6nemli g\u00fcnler oldu\u011funu ifade eden \u00dcnl\u00fc, &#8220;Hep birlikte daha nice g\u00fczel bayramlar diliyorum&#8221; dedi.\u00a0<\/p>\n<p>\u200bHaberin Al\u0131nt\u0131land\u0131\u011f\u0131 Kaynak: www.antalyakorfez.com<\/p>","protected":false},"excerpt":{"rendered":"<p>Mu\u011fla Marmaris Belediye Ba\u015fkan\u0131 Acar \u00dcnl\u00fc, Ramazan Bayram\u0131 \u00f6ncesinde mahalleleri ziyaret ederek vatanda\u015flar\u0131n bayram\u0131n\u0131 kutlad\u0131. \u0130lk olarak merkeze uzak mahalleleri ziyaret eden Ba\u015fkan \u00dcnl\u00fc\u2019ye CHP Marmaris \u0130l\u00e7e Ba\u015fkan\u0131 \u00d6mer Bozdemir, meclis \u00fcyeleri ve muhtarlar da e\u015flik etti. \u00c7etibeli, \u00c7aml\u0131, Karacas\u00f6\u011f\u00fct, Ye\u015filbelde, Turun\u00e7, Osmaniye\u2019yi ziyaret eden Ba\u015fkan \u00dcnl\u00fc ve beraberindekiler arife g\u00fcn\u00fc de Hisar\u00f6n\u00fc, Orhaniye, Turgut, Selimiye, Bozburun, S\u00f6\u011f\u00fct, Ta\u015fl\u0131ca mahalleleri ziyaret edildi. Camiavlu Mahallesi\u2019nde de pazaryerini ziyaret eden Ba\u015fkan \u00dcnl\u00fc, esnafa kolayl\u0131klar dilerken al\u0131\u015fveri\u015f yapmak i\u00e7in gelen vatanda\u015flara da iyi bayramlar dile\u011finde bulundu.\u00a0 \u201cN\u0130CE BAYRAMLAR D\u0130L\u0130YORUM\u201d Gitti\u011fi t\u00fcm mahallelerde ilgiyle kar\u015f\u0131lanan Ba\u015fkan Acar \u00dcnl\u00fc, vatanda\u015flarla sohbet etti. Bayramlar\u0131n birlik, beraberlik ve dayan\u0131\u015fma duygular\u0131n\u0131n ya\u015fand\u0131\u011f\u0131 en \u00f6nemli g\u00fcnler oldu\u011funu ifade eden Ba\u015fkan \u00dcnl\u00fc, &#8220;Ne\u015feyle ge\u00e7irece\u011fimiz, hep beraber g\u00fclece\u011fimiz, sevin\u00e7leri payla\u015faca\u011f\u0131m\u0131z, birli\u011fimizin ve dirli\u011fimizin daim olaca\u011f\u0131 nice bayramlar diliyorum&#8221; diye konu\u015ftu. Yaz sezonuna haz\u0131rlanan esnafla da bir araya gelen Ba\u015fkan \u00dcnl\u00fc acil \u00e7\u00f6z\u00fclmesi gereken sorunlarla ilgili belediye ekiplerine talimatlar verdi.\u00a0 B\u0130RL\u0130K VE BERABERL\u0130K MESAJI\u00a0 Bayramlar\u0131n karde\u015flik, dostluk ve dayan\u0131\u015fma duygular\u0131n\u0131 per\u00e7inledi\u011fini dile getiren Ba\u015fkan Acar \u00dcnl\u00fc, &#8220;Bizleri konuk eden, sohbetlerini ve g\u00f6n\u00fcllerini payla\u015fan halk\u0131m\u0131za te\u015fekk\u00fcrlerimi sunuyor, hep birlikte daha nice g\u00fczel bayramlar diliyorum&#8221; diye konu\u015ftu.\u00a0 \u00a0 \u00a0 \u00a0 \u00a0 \u00a0 \u00a0 \u00a0 \u00a0\u00a0 \u200bMarmaris Belediye Ba\u015fkan\u0131 Acar \u00dcnl\u00fc, Ramazan Bayram\u0131\u2019nda mahalle sakinlerini &hellip;<\/p>","protected":false},"author":5,"featured_media":0,"comment_status":"","ping_status":"open","sticky":false,"template":"","format":"standard","meta":{"_acf_changed":false,"footnotes":""},"categories":[24],"tags":[],"class_list":["post-40053","post","type-post","status-publish","format-standard","has-post-thumbnail","hentry","category-gundem"],"acf":[],"yoast_head":"<!-- This site is optimized with the Yoast SEO Premium plugin v26.6 (Yoast SEO v27.1.1) - https:\/\/yoast.com\/product\/yoast-seo-premium-wordpress\/ -->\n<title>\u00dcnl\u00fc Ba\u015fkan, vatanda\u015flarla bayramla\u015ft\u0131 - Av. Deniz Can K\u0131z\u0131l<\/title>\n<meta name=\"robots\" content=\"index, follow, max-snippet:-1, max-image-preview:large, max-video-preview:-1\" \/>\n<link rel=\"canonical\" href=\"https:\/\/denizcankizil.tr\/uk\/haberler\/gundem\/unlu-baskan-vatandaslarla-bayramlasti\/\" \/>\n<meta property=\"og:locale\" content=\"uk_UA\" \/>\n<meta property=\"og:type\" content=\"article\" \/>\n<meta property=\"og:title\" content=\"\u00dcnl\u00fc Ba\u015fkan, vatanda\u015flarla bayramla\u015ft\u0131\" \/>\n<meta property=\"og:description\" content=\"Mu\u011fla Marmaris Belediye Ba\u015fkan\u0131 Acar \u00dcnl\u00fc, Ramazan Bayram\u0131 \u00f6ncesinde mahalleleri ziyaret ederek vatanda\u015flar\u0131n bayram\u0131n\u0131 kutlad\u0131. \u0130lk olarak merkeze uzak mahalleleri ziyaret eden Ba\u015fkan \u00dcnl\u00fc\u2019ye CHP Marmaris \u0130l\u00e7e Ba\u015fkan\u0131 \u00d6mer Bozdemir, meclis \u00fcyeleri ve muhtarlar da e\u015flik etti. \u00c7etibeli, \u00c7aml\u0131, Karacas\u00f6\u011f\u00fct, Ye\u015filbelde, Turun\u00e7, Osmaniye\u2019yi ziyaret eden Ba\u015fkan \u00dcnl\u00fc ve beraberindekiler arife g\u00fcn\u00fc de Hisar\u00f6n\u00fc, Orhaniye, Turgut, Selimiye, Bozburun, S\u00f6\u011f\u00fct, Ta\u015fl\u0131ca mahalleleri ziyaret edildi. Camiavlu Mahallesi\u2019nde de pazaryerini ziyaret eden Ba\u015fkan \u00dcnl\u00fc, esnafa kolayl\u0131klar dilerken al\u0131\u015fveri\u015f yapmak i\u00e7in gelen vatanda\u015flara da iyi bayramlar dile\u011finde bulundu.\u00a0 \u201cN\u0130CE BAYRAMLAR D\u0130L\u0130YORUM\u201d Gitti\u011fi t\u00fcm mahallelerde ilgiyle kar\u015f\u0131lanan Ba\u015fkan Acar \u00dcnl\u00fc, vatanda\u015flarla sohbet etti. Bayramlar\u0131n birlik, beraberlik ve dayan\u0131\u015fma duygular\u0131n\u0131n ya\u015fand\u0131\u011f\u0131 en \u00f6nemli g\u00fcnler oldu\u011funu ifade eden Ba\u015fkan \u00dcnl\u00fc, &#8220;Ne\u015feyle ge\u00e7irece\u011fimiz, hep beraber g\u00fclece\u011fimiz, sevin\u00e7leri payla\u015faca\u011f\u0131m\u0131z, birli\u011fimizin ve dirli\u011fimizin daim olaca\u011f\u0131 nice bayramlar diliyorum&#8221; diye konu\u015ftu. Yaz sezonuna haz\u0131rlanan esnafla da bir araya gelen Ba\u015fkan \u00dcnl\u00fc acil \u00e7\u00f6z\u00fclmesi gereken sorunlarla ilgili belediye ekiplerine talimatlar verdi.\u00a0 B\u0130RL\u0130K VE BERABERL\u0130K MESAJI\u00a0 Bayramlar\u0131n karde\u015flik, dostluk ve dayan\u0131\u015fma duygular\u0131n\u0131 per\u00e7inledi\u011fini dile getiren Ba\u015fkan Acar \u00dcnl\u00fc, &#8220;Bizleri konuk eden, sohbetlerini ve g\u00f6n\u00fcllerini payla\u015fan halk\u0131m\u0131za te\u015fekk\u00fcrlerimi sunuyor, hep birlikte daha nice g\u00fczel bayramlar diliyorum&#8221; diye konu\u015ftu.\u00a0 \u00a0 \u00a0 \u00a0 \u00a0 \u00a0 \u00a0 \u00a0 \u00a0\u00a0 \u200bMarmaris Belediye Ba\u015fkan\u0131 Acar \u00dcnl\u00fc, Ramazan Bayram\u0131\u2019nda mahalle sakinlerini &hellip;\" \/>\n<meta property=\"og:url\" content=\"https:\/\/denizcankizil.tr\/uk\/haberler\/gundem\/unlu-baskan-vatandaslarla-bayramlasti\/\" \/>\n<meta property=\"og:site_name\" content=\"Av. Deniz Can K\u0131z\u0131l\" \/>\n<meta property=\"article:published_time\" content=\"2025-03-30T07:41:16+00:00\" \/>\n<meta name=\"author\" content=\"Antalya K\u00f6rfez\" \/>\n<meta name=\"twitter:card\" content=\"summary_large_image\" \/>\n<meta name=\"twitter:label1\" content=\"\u041d\u0430\u043f\u0438\u0441\u0430\u043d\u043e\" \/>\n\t<meta name=\"twitter:data1\" content=\"Antalya K\u00f6rfez\" \/>\n\t<meta name=\"twitter:label2\" content=\"\u041f\u0440\u0438\u0431\u043b. \u0447\u0430\u0441 \u0447\u0438\u0442\u0430\u043d\u043d\u044f\" \/>\n\t<meta name=\"twitter:data2\" content=\"2 \u0445\u0432\u0438\u043b\u0438\u043d\u0438\" \/>\n<script type=\"application\/ld+json\" class=\"yoast-schema-graph\">{\"@context\":\"https:\/\/schema.org\",\"@graph\":[{\"@type\":\"Article\",\"@id\":\"https:\/\/denizcankizil.tr\/ru\/haberler\/gundem\/unlu-baskan-vatandaslarla-bayramlasti\/#article\",\"isPartOf\":{\"@id\":\"https:\/\/denizcankizil.tr\/ru\/haberler\/gundem\/unlu-baskan-vatandaslarla-bayramlasti\/\"},\"author\":{\"name\":\"Antalya K\u00f6rfez\",\"@id\":\"https:\/\/denizcankizil.tr\/de\/#\/schema\/person\/e1eb71bb4dd684d46563f0af307e1234\"},\"headline\":\"\u00dcnl\u00fc Ba\u015fkan, vatanda\u015flarla bayramla\u015ft\u0131\",\"datePublished\":\"2025-03-30T07:41:16+00:00\",\"mainEntityOfPage\":{\"@id\":\"https:\/\/denizcankizil.tr\/ru\/haberler\/gundem\/unlu-baskan-vatandaslarla-bayramlasti\/\"},\"wordCount\":322,\"publisher\":{\"@id\":\"https:\/\/denizcankizil.tr\/de\/#organization\"},\"articleSection\":[\"G\u00fcndem\"],\"inLanguage\":\"uk\"},{\"@type\":\"WebPage\",\"@id\":\"https:\/\/denizcankizil.tr\/ru\/haberler\/gundem\/unlu-baskan-vatandaslarla-bayramlasti\/\",\"url\":\"https:\/\/denizcankizil.tr\/ru\/haberler\/gundem\/unlu-baskan-vatandaslarla-bayramlasti\/\",\"name\":\"\u00dcnl\u00fc Ba\u015fkan, vatanda\u015flarla bayramla\u015ft\u0131 - Av. Deniz Can K\u0131z\u0131l\",\"isPartOf\":{\"@id\":\"https:\/\/denizcankizil.tr\/de\/#website\"},\"datePublished\":\"2025-03-30T07:41:16+00:00\",\"breadcrumb\":{\"@id\":\"https:\/\/denizcankizil.tr\/ru\/haberler\/gundem\/unlu-baskan-vatandaslarla-bayramlasti\/#breadcrumb\"},\"inLanguage\":\"uk\",\"potentialAction\":[{\"@type\":\"ReadAction\",\"target\":[\"https:\/\/denizcankizil.tr\/ru\/haberler\/gundem\/unlu-baskan-vatandaslarla-bayramlasti\/\"]}]},{\"@type\":\"BreadcrumbList\",\"@id\":\"https:\/\/denizcankizil.tr\/ru\/haberler\/gundem\/unlu-baskan-vatandaslarla-bayramlasti\/#breadcrumb\",\"itemListElement\":[{\"@type\":\"ListItem\",\"position\":1,\"name\":\"Home\",\"item\":\"https:\/\/denizcankizil.tr\/de\/\"},{\"@type\":\"ListItem\",\"position\":2,\"name\":\"\u00dcnl\u00fc Ba\u015fkan, vatanda\u015flarla bayramla\u015ft\u0131\"}]},{\"@type\":\"WebSite\",\"@id\":\"https:\/\/denizcankizil.tr\/de\/#website\",\"url\":\"https:\/\/denizcankizil.tr\/de\/\",\"name\":\"Av. Deniz Can K\u0131z\u0131l\",\"description\":\"Avukat Deniz Can K\u0131z\u0131l Antalya Barosu\",\"publisher\":{\"@id\":\"https:\/\/denizcankizil.tr\/de\/#organization\"},\"potentialAction\":[{\"@type\":\"SearchAction\",\"target\":{\"@type\":\"EntryPoint\",\"urlTemplate\":\"https:\/\/denizcankizil.tr\/de\/?s={search_term_string}\"},\"query-input\":{\"@type\":\"PropertyValueSpecification\",\"valueRequired\":true,\"valueName\":\"search_term_string\"}}],\"inLanguage\":\"uk\"},{\"@type\":\"Organization\",\"@id\":\"https:\/\/denizcankizil.tr\/de\/#organization\",\"name\":\"Av. Deniz Can K\u0131z\u0131l\",\"url\":\"https:\/\/denizcankizil.tr\/de\/\",\"logo\":{\"@type\":\"ImageObject\",\"inLanguage\":\"uk\",\"@id\":\"https:\/\/denizcankizil.tr\/de\/#\/schema\/logo\/image\/\",\"url\":\"http:\/\/denizcankizil.tr\/wp-content\/uploads\/2024\/10\/siyah-logo-svg.svg\",\"contentUrl\":\"http:\/\/denizcankizil.tr\/wp-content\/uploads\/2024\/10\/siyah-logo-svg.svg\",\"width\":1080,\"height\":1080,\"caption\":\"Av. Deniz Can K\u0131z\u0131l\"},\"image\":{\"@id\":\"https:\/\/denizcankizil.tr\/de\/#\/schema\/logo\/image\/\"}},{\"@type\":\"Person\",\"@id\":\"https:\/\/denizcankizil.tr\/de\/#\/schema\/person\/e1eb71bb4dd684d46563f0af307e1234\",\"name\":\"Antalya K\u00f6rfez\",\"image\":{\"@type\":\"ImageObject\",\"inLanguage\":\"uk\",\"@id\":\"https:\/\/denizcankizil.tr\/de\/#\/schema\/person\/image\/\",\"url\":\"https:\/\/secure.gravatar.com\/avatar\/42b01982558a48a0b501fdcab6a408d3717ea5919095ee2e67b0e521799c5905?s=96&d=mm&r=g\",\"contentUrl\":\"https:\/\/secure.gravatar.com\/avatar\/42b01982558a48a0b501fdcab6a408d3717ea5919095ee2e67b0e521799c5905?s=96&d=mm&r=g\",\"caption\":\"Antalya K\u00f6rfez\"},\"sameAs\":[\"http:\/\/www.antalyakorfez.com\"],\"url\":\"https:\/\/www.antalyakorfez.com\/unlu-baskan-vatandaslarla-bayramlasti\"}]}<\/script>\n<!-- \/ Yoast SEO Premium plugin. -->","yoast_head_json":{"title":"\u00dcnl\u00fc Ba\u015fkan, vatanda\u015flarla bayramla\u015ft\u0131 - Av. Deniz Can K\u0131z\u0131l","robots":{"index":"index","follow":"follow","max-snippet":"max-snippet:-1","max-image-preview":"max-image-preview:large","max-video-preview":"max-video-preview:-1"},"canonical":"https:\/\/denizcankizil.tr\/uk\/haberler\/gundem\/unlu-baskan-vatandaslarla-bayramlasti\/","og_locale":"uk_UA","og_type":"article","og_title":"\u00dcnl\u00fc Ba\u015fkan, vatanda\u015flarla bayramla\u015ft\u0131","og_description":"Mu\u011fla Marmaris Belediye Ba\u015fkan\u0131 Acar \u00dcnl\u00fc, Ramazan Bayram\u0131 \u00f6ncesinde mahalleleri ziyaret ederek vatanda\u015flar\u0131n bayram\u0131n\u0131 kutlad\u0131. \u0130lk olarak merkeze uzak mahalleleri ziyaret eden Ba\u015fkan \u00dcnl\u00fc\u2019ye CHP Marmaris \u0130l\u00e7e Ba\u015fkan\u0131 \u00d6mer Bozdemir, meclis \u00fcyeleri ve muhtarlar da e\u015flik etti. \u00c7etibeli, \u00c7aml\u0131, Karacas\u00f6\u011f\u00fct, Ye\u015filbelde, Turun\u00e7, Osmaniye\u2019yi ziyaret eden Ba\u015fkan \u00dcnl\u00fc ve beraberindekiler arife g\u00fcn\u00fc de Hisar\u00f6n\u00fc, Orhaniye, Turgut, Selimiye, Bozburun, S\u00f6\u011f\u00fct, Ta\u015fl\u0131ca mahalleleri ziyaret edildi. Camiavlu Mahallesi\u2019nde de pazaryerini ziyaret eden Ba\u015fkan \u00dcnl\u00fc, esnafa kolayl\u0131klar dilerken al\u0131\u015fveri\u015f yapmak i\u00e7in gelen vatanda\u015flara da iyi bayramlar dile\u011finde bulundu.\u00a0 \u201cN\u0130CE BAYRAMLAR D\u0130L\u0130YORUM\u201d Gitti\u011fi t\u00fcm mahallelerde ilgiyle kar\u015f\u0131lanan Ba\u015fkan Acar \u00dcnl\u00fc, vatanda\u015flarla sohbet etti. Bayramlar\u0131n birlik, beraberlik ve dayan\u0131\u015fma duygular\u0131n\u0131n ya\u015fand\u0131\u011f\u0131 en \u00f6nemli g\u00fcnler oldu\u011funu ifade eden Ba\u015fkan \u00dcnl\u00fc, &#8220;Ne\u015feyle ge\u00e7irece\u011fimiz, hep beraber g\u00fclece\u011fimiz, sevin\u00e7leri payla\u015faca\u011f\u0131m\u0131z, birli\u011fimizin ve dirli\u011fimizin daim olaca\u011f\u0131 nice bayramlar diliyorum&#8221; diye konu\u015ftu. Yaz sezonuna haz\u0131rlanan esnafla da bir araya gelen Ba\u015fkan \u00dcnl\u00fc acil \u00e7\u00f6z\u00fclmesi gereken sorunlarla ilgili belediye ekiplerine talimatlar verdi.\u00a0 B\u0130RL\u0130K VE BERABERL\u0130K MESAJI\u00a0 Bayramlar\u0131n karde\u015flik, dostluk ve dayan\u0131\u015fma duygular\u0131n\u0131 per\u00e7inledi\u011fini dile getiren Ba\u015fkan Acar \u00dcnl\u00fc, &#8220;Bizleri konuk eden, sohbetlerini ve g\u00f6n\u00fcllerini payla\u015fan halk\u0131m\u0131za te\u015fekk\u00fcrlerimi sunuyor, hep birlikte daha nice g\u00fczel bayramlar diliyorum&#8221; diye konu\u015ftu.\u00a0 \u00a0 \u00a0 \u00a0 \u00a0 \u00a0 \u00a0 \u00a0 \u00a0\u00a0 \u200bMarmaris Belediye Ba\u015fkan\u0131 Acar \u00dcnl\u00fc, Ramazan Bayram\u0131\u2019nda mahalle sakinlerini &hellip;","og_url":"https:\/\/denizcankizil.tr\/uk\/haberler\/gundem\/unlu-baskan-vatandaslarla-bayramlasti\/","og_site_name":"Av. Deniz Can K\u0131z\u0131l","article_published_time":"2025-03-30T07:41:16+00:00","author":"Antalya K\u00f6rfez","twitter_card":"summary_large_image","twitter_misc":{"\u041d\u0430\u043f\u0438\u0441\u0430\u043d\u043e":"Antalya K\u00f6rfez","\u041f\u0440\u0438\u0431\u043b. \u0447\u0430\u0441 \u0447\u0438\u0442\u0430\u043d\u043d\u044f":"2 \u0445\u0432\u0438\u043b\u0438\u043d\u0438"},"schema":{"@context":"https:\/\/schema.org","@graph":[{"@type":"Article","@id":"https:\/\/denizcankizil.tr\/ru\/haberler\/gundem\/unlu-baskan-vatandaslarla-bayramlasti\/#article","isPartOf":{"@id":"https:\/\/denizcankizil.tr\/ru\/haberler\/gundem\/unlu-baskan-vatandaslarla-bayramlasti\/"},"author":{"name":"Antalya K\u00f6rfez","@id":"https:\/\/denizcankizil.tr\/de\/#\/schema\/person\/e1eb71bb4dd684d46563f0af307e1234"},"headline":"\u00dcnl\u00fc Ba\u015fkan, vatanda\u015flarla bayramla\u015ft\u0131","datePublished":"2025-03-30T07:41:16+00:00","mainEntityOfPage":{"@id":"https:\/\/denizcankizil.tr\/ru\/haberler\/gundem\/unlu-baskan-vatandaslarla-bayramlasti\/"},"wordCount":322,"publisher":{"@id":"https:\/\/denizcankizil.tr\/de\/#organization"},"articleSection":["G\u00fcndem"],"inLanguage":"uk"},{"@type":"WebPage","@id":"https:\/\/denizcankizil.tr\/ru\/haberler\/gundem\/unlu-baskan-vatandaslarla-bayramlasti\/","url":"https:\/\/denizcankizil.tr\/ru\/haberler\/gundem\/unlu-baskan-vatandaslarla-bayramlasti\/","name":"\u00dcnl\u00fc Ba\u015fkan, vatanda\u015flarla bayramla\u015ft\u0131 - Av. Deniz Can K\u0131z\u0131l","isPartOf":{"@id":"https:\/\/denizcankizil.tr\/de\/#website"},"datePublished":"2025-03-30T07:41:16+00:00","breadcrumb":{"@id":"https:\/\/denizcankizil.tr\/ru\/haberler\/gundem\/unlu-baskan-vatandaslarla-bayramlasti\/#breadcrumb"},"inLanguage":"uk","potentialAction":[{"@type":"ReadAction","target":["https:\/\/denizcankizil.tr\/ru\/haberler\/gundem\/unlu-baskan-vatandaslarla-bayramlasti\/"]}]},{"@type":"BreadcrumbList","@id":"https:\/\/denizcankizil.tr\/ru\/haberler\/gundem\/unlu-baskan-vatandaslarla-bayramlasti\/#breadcrumb","itemListElement":[{"@type":"ListItem","position":1,"name":"Home","item":"https:\/\/denizcankizil.tr\/de\/"},{"@type":"ListItem","position":2,"name":"\u00dcnl\u00fc Ba\u015fkan, vatanda\u015flarla bayramla\u015ft\u0131"}]},{"@type":"WebSite","@id":"https:\/\/denizcankizil.tr\/de\/#website","url":"https:\/\/denizcankizil.tr\/de\/","name":"Av. Deniz Can K\u0131z\u0131l","description":"Avukat Deniz Can K\u0131z\u0131l Antalya Barosu","publisher":{"@id":"https:\/\/denizcankizil.tr\/de\/#organization"},"potentialAction":[{"@type":"SearchAction","target":{"@type":"EntryPoint","urlTemplate":"https:\/\/denizcankizil.tr\/de\/?s={search_term_string}"},"query-input":{"@type":"PropertyValueSpecification","valueRequired":true,"valueName":"search_term_string"}}],"inLanguage":"uk"},{"@type":"Organization","@id":"https:\/\/denizcankizil.tr\/de\/#organization","name":"Av. Deniz Can K\u0131z\u0131l","url":"https:\/\/denizcankizil.tr\/de\/","logo":{"@type":"ImageObject","inLanguage":"uk","@id":"https:\/\/denizcankizil.tr\/de\/#\/schema\/logo\/image\/","url":"http:\/\/denizcankizil.tr\/wp-content\/uploads\/2024\/10\/siyah-logo-svg.svg","contentUrl":"http:\/\/denizcankizil.tr\/wp-content\/uploads\/2024\/10\/siyah-logo-svg.svg","width":1080,"height":1080,"caption":"Av. Deniz Can K\u0131z\u0131l"},"image":{"@id":"https:\/\/denizcankizil.tr\/de\/#\/schema\/logo\/image\/"}},{"@type":"Person","@id":"https:\/\/denizcankizil.tr\/de\/#\/schema\/person\/e1eb71bb4dd684d46563f0af307e1234","name":"Antalya K\u00f6rfez","image":{"@type":"ImageObject","inLanguage":"uk","@id":"https:\/\/denizcankizil.tr\/de\/#\/schema\/person\/image\/","url":"https:\/\/secure.gravatar.com\/avatar\/42b01982558a48a0b501fdcab6a408d3717ea5919095ee2e67b0e521799c5905?s=96&d=mm&r=g","contentUrl":"https:\/\/secure.gravatar.com\/avatar\/42b01982558a48a0b501fdcab6a408d3717ea5919095ee2e67b0e521799c5905?s=96&d=mm&r=g","caption":"Antalya K\u00f6rfez"},"sameAs":["http:\/\/www.antalyakorfez.com"],"url":"https:\/\/www.antalyakorfez.com\/unlu-baskan-vatandaslarla-bayramlasti"}]}},"_links":{"self":[{"href":"http:\/\/denizcankizil.tr\/uk\/wp-json\/wp\/v2\/posts\/40053","targetHints":{"allow":["GET"]}}],"collection":[{"href":"http:\/\/denizcankizil.tr\/uk\/wp-json\/wp\/v2\/posts"}],"about":[{"href":"http:\/\/denizcankizil.tr\/uk\/wp-json\/wp\/v2\/types\/post"}],"author":[{"embeddable":true,"href":"http:\/\/denizcankizil.tr\/uk\/wp-json\/wp\/v2\/users\/5"}],"replies":[{"embeddable":true,"href":"http:\/\/denizcankizil.tr\/uk\/wp-json\/wp\/v2\/comments?post=40053"}],"version-history":[{"count":0,"href":"http:\/\/denizcankizil.tr\/uk\/wp-json\/wp\/v2\/posts\/40053\/revisions"}],"wp:attachment":[{"href":"http:\/\/denizcankizil.tr\/uk\/wp-json\/wp\/v2\/media?parent=40053"}],"wp:term":[{"taxonomy":"category","embeddable":true,"href":"http:\/\/denizcankizil.tr\/uk\/wp-json\/wp\/v2\/categories?post=40053"},{"taxonomy":"post_tag","embeddable":true,"href":"http:\/\/denizcankizil.tr\/uk\/wp-json\/wp\/v2\/tags?post=40053"}],"curies":[{"name":"wp","href":"https:\/\/api.w.org\/{rel}","templated":true}]}}