{"id":38173,"date":"2025-03-28T14:42:40","date_gmt":"2025-03-28T11:42:40","guid":{"rendered":"https:\/\/denizcankizil.tr\/uncategorized-tr\/il-saglik-mudurunden-yasli-cifte-ziyaret\/"},"modified":"2025-03-28T14:42:40","modified_gmt":"2025-03-28T11:42:40","slug":"il-saglik-mudurunden-yasli-cifte-ziyaret","status":"publish","type":"post","link":"http:\/\/denizcankizil.tr\/uk\/haberler\/antalya\/il-saglik-mudurunden-yasli-cifte-ziyaret\/","title":{"rendered":"\u0130l Sa\u011fl\u0131k M\u00fcd\u00fcr\u00fcnden ya\u015fl\u0131 \u00e7ifte ziyaret"},"content":{"rendered":"<p>\u00d6zkan\u2019\u0131n yapt\u0131\u011f\u0131 ziyarette, D\u00f6\u015femealt\u0131 Devlet Hastanesi Evde Sa\u011fl\u0131k Hizmetleri ekibi de haz\u0131r bulunarak hastalar\u0131n genel sa\u011fl\u0131k kontrollerini ger\u00e7ekle\u015ftirdi. Yap\u0131lan muayenelerin ard\u0131ndan \u0130l Sa\u011fl\u0131k M\u00fcd\u00fcr\u00fc \u00d6zkan, Tevke \u00e7iftine \u00e7i\u00e7ek ve \u00e7e\u015fitli hediyeler takdim ederek bayramlar\u0131n\u0131 kutlad\u0131. Ziyaret, hasta yak\u0131nlar\u0131 ve sa\u011fl\u0131k ekibinin de kat\u0131l\u0131m\u0131yla s\u0131cak ve samimi bir ortamda ger\u00e7ekle\u015fti.<br \/>\n\u0130l Sa\u011fl\u0131k M\u00fcd\u00fcr\u00fc Prof. Dr. Behzat \u00d6zkan, evde sa\u011fl\u0131k hizmetlerinin, \u00f6zellikle ya\u015fl\u0131 ve kronik hastal\u0131\u011f\u0131 bulunan bireyler i\u00e7in b\u00fcy\u00fck bir \u00f6nem ta\u015f\u0131d\u0131\u011f\u0131n\u0131 belirterek, &#8220;Vatanda\u015flar\u0131m\u0131z\u0131n sa\u011fl\u0131k hizmetlerine kolay eri\u015fimini sa\u011flamak ve onlar\u0131n yan\u0131nda oldu\u011fumuzu hissettirmek bizim \u00f6ncelikli g\u00f6revlerimizden biridir. Evde Sa\u011fl\u0131k Hizmetleri kapsam\u0131nda y\u00fcr\u00fct\u00fclen \u00e7al\u0131\u015fmalarla, yata\u011fa ba\u011f\u0131ml\u0131 ve hareket k\u0131s\u0131tl\u0131l\u0131\u011f\u0131 bulunan hastalara en kaliteli sa\u011fl\u0131k hizmetini sunmaya devam edilece\u011fiz\u2019\u2019 dedi.<br \/>\n\u00d6zkan, \u2018\u2019Bayramlar, birlik ve beraberli\u011fin en g\u00fczel \u015fekilde ya\u015fand\u0131\u011f\u0131 \u00f6zel g\u00fcnlerdir. Bu vesileyle ba\u015fta t\u00fcm sa\u011fl\u0131k \u00e7al\u0131\u015fanlar\u0131m\u0131z olmak \u00fczere, hastalar\u0131m\u0131z\u0131n ve t\u00fcm vatanda\u015flar\u0131m\u0131z\u0131n M\u00fcbarek Ramazan Bayram\u0131n\u0131 en i\u00e7ten duygular\u0131mla kutluyorum\u2019\u2019 dedi.<\/p>\n<p>Kaynak: www.kanalv.com.tr Haber Sitesinden Al\u0131nm\u0131\u015ft\u0131r.<\/p>","protected":false},"excerpt":{"rendered":"<p>\u00d6zkan\u2019\u0131n yapt\u0131\u011f\u0131 ziyarette, D\u00f6\u015femealt\u0131 Devlet Hastanesi Evde Sa\u011fl\u0131k Hizmetleri ekibi de haz\u0131r bulunarak hastalar\u0131n genel sa\u011fl\u0131k kontrollerini ger\u00e7ekle\u015ftirdi. Yap\u0131lan muayenelerin ard\u0131ndan \u0130l Sa\u011fl\u0131k M\u00fcd\u00fcr\u00fc \u00d6zkan, Tevke \u00e7iftine \u00e7i\u00e7ek ve \u00e7e\u015fitli hediyeler takdim ederek bayramlar\u0131n\u0131 kutlad\u0131. Ziyaret, hasta yak\u0131nlar\u0131 ve sa\u011fl\u0131k ekibinin de kat\u0131l\u0131m\u0131yla s\u0131cak ve samimi bir ortamda ger\u00e7ekle\u015fti. \u0130l Sa\u011fl\u0131k M\u00fcd\u00fcr\u00fc Prof. Dr. Behzat \u00d6zkan, evde sa\u011fl\u0131k hizmetlerinin, \u00f6zellikle ya\u015fl\u0131 ve kronik hastal\u0131\u011f\u0131 bulunan bireyler i\u00e7in b\u00fcy\u00fck bir \u00f6nem ta\u015f\u0131d\u0131\u011f\u0131n\u0131 belirterek, &#8220;Vatanda\u015flar\u0131m\u0131z\u0131n sa\u011fl\u0131k hizmetlerine kolay eri\u015fimini sa\u011flamak ve onlar\u0131n yan\u0131nda oldu\u011fumuzu hissettirmek bizim \u00f6ncelikli g\u00f6revlerimizden biridir. Evde Sa\u011fl\u0131k Hizmetleri kapsam\u0131nda y\u00fcr\u00fct\u00fclen \u00e7al\u0131\u015fmalarla, yata\u011fa ba\u011f\u0131ml\u0131 ve hareket k\u0131s\u0131tl\u0131l\u0131\u011f\u0131 bulunan hastalara en kaliteli sa\u011fl\u0131k hizmetini sunmaya devam edilece\u011fiz\u2019\u2019 dedi. \u00d6zkan, \u2018\u2019Bayramlar, birlik ve beraberli\u011fin en g\u00fczel \u015fekilde ya\u015fand\u0131\u011f\u0131 \u00f6zel g\u00fcnlerdir. Bu vesileyle ba\u015fta t\u00fcm sa\u011fl\u0131k \u00e7al\u0131\u015fanlar\u0131m\u0131z olmak \u00fczere, hastalar\u0131m\u0131z\u0131n ve t\u00fcm vatanda\u015flar\u0131m\u0131z\u0131n M\u00fcbarek Ramazan Bayram\u0131n\u0131 en i\u00e7ten duygular\u0131mla kutluyorum\u2019\u2019 dedi. Kaynak: www.kanalv.com.tr Haber Sitesinden Al\u0131nm\u0131\u015ft\u0131r.<\/p>","protected":false},"author":4,"featured_media":38174,"comment_status":"","ping_status":"open","sticky":false,"template":"","format":"standard","meta":{"_acf_changed":false,"footnotes":""},"categories":[26],"tags":[],"class_list":["post-38173","post","type-post","status-publish","format-standard","has-post-thumbnail","hentry","category-antalya"],"acf":[],"yoast_head":"<!-- This site is optimized with the Yoast SEO Premium plugin v26.6 (Yoast SEO v27.1.1) - https:\/\/yoast.com\/product\/yoast-seo-premium-wordpress\/ -->\n<title>\u0130l Sa\u011fl\u0131k M\u00fcd\u00fcr\u00fcnden ya\u015fl\u0131 \u00e7ifte ziyaret - Av. Deniz Can K\u0131z\u0131l<\/title>\n<meta name=\"robots\" content=\"index, follow, max-snippet:-1, max-image-preview:large, max-video-preview:-1\" \/>\n<link rel=\"canonical\" href=\"http:\/\/denizcankizil.tr\/uk\/haberler\/antalya\/il-saglik-mudurunden-yasli-cifte-ziyaret\/\" \/>\n<meta property=\"og:locale\" content=\"uk_UA\" \/>\n<meta property=\"og:type\" content=\"article\" \/>\n<meta property=\"og:title\" content=\"\u0130l Sa\u011fl\u0131k M\u00fcd\u00fcr\u00fcnden ya\u015fl\u0131 \u00e7ifte ziyaret\" \/>\n<meta property=\"og:description\" content=\"\u00d6zkan\u2019\u0131n yapt\u0131\u011f\u0131 ziyarette, D\u00f6\u015femealt\u0131 Devlet Hastanesi Evde Sa\u011fl\u0131k Hizmetleri ekibi de haz\u0131r bulunarak hastalar\u0131n genel sa\u011fl\u0131k kontrollerini ger\u00e7ekle\u015ftirdi. Yap\u0131lan muayenelerin ard\u0131ndan \u0130l Sa\u011fl\u0131k M\u00fcd\u00fcr\u00fc \u00d6zkan, Tevke \u00e7iftine \u00e7i\u00e7ek ve \u00e7e\u015fitli hediyeler takdim ederek bayramlar\u0131n\u0131 kutlad\u0131. Ziyaret, hasta yak\u0131nlar\u0131 ve sa\u011fl\u0131k ekibinin de kat\u0131l\u0131m\u0131yla s\u0131cak ve samimi bir ortamda ger\u00e7ekle\u015fti. \u0130l Sa\u011fl\u0131k M\u00fcd\u00fcr\u00fc Prof. Dr. Behzat \u00d6zkan, evde sa\u011fl\u0131k hizmetlerinin, \u00f6zellikle ya\u015fl\u0131 ve kronik hastal\u0131\u011f\u0131 bulunan bireyler i\u00e7in b\u00fcy\u00fck bir \u00f6nem ta\u015f\u0131d\u0131\u011f\u0131n\u0131 belirterek, &#8220;Vatanda\u015flar\u0131m\u0131z\u0131n sa\u011fl\u0131k hizmetlerine kolay eri\u015fimini sa\u011flamak ve onlar\u0131n yan\u0131nda oldu\u011fumuzu hissettirmek bizim \u00f6ncelikli g\u00f6revlerimizden biridir. Evde Sa\u011fl\u0131k Hizmetleri kapsam\u0131nda y\u00fcr\u00fct\u00fclen \u00e7al\u0131\u015fmalarla, yata\u011fa ba\u011f\u0131ml\u0131 ve hareket k\u0131s\u0131tl\u0131l\u0131\u011f\u0131 bulunan hastalara en kaliteli sa\u011fl\u0131k hizmetini sunmaya devam edilece\u011fiz\u2019\u2019 dedi. \u00d6zkan, \u2018\u2019Bayramlar, birlik ve beraberli\u011fin en g\u00fczel \u015fekilde ya\u015fand\u0131\u011f\u0131 \u00f6zel g\u00fcnlerdir. Bu vesileyle ba\u015fta t\u00fcm sa\u011fl\u0131k \u00e7al\u0131\u015fanlar\u0131m\u0131z olmak \u00fczere, hastalar\u0131m\u0131z\u0131n ve t\u00fcm vatanda\u015flar\u0131m\u0131z\u0131n M\u00fcbarek Ramazan Bayram\u0131n\u0131 en i\u00e7ten duygular\u0131mla kutluyorum\u2019\u2019 dedi. Kaynak: www.kanalv.com.tr Haber Sitesinden Al\u0131nm\u0131\u015ft\u0131r.\" \/>\n<meta property=\"og:url\" content=\"http:\/\/denizcankizil.tr\/uk\/haberler\/antalya\/il-saglik-mudurunden-yasli-cifte-ziyaret\/\" \/>\n<meta property=\"og:site_name\" content=\"Av. Deniz Can K\u0131z\u0131l\" \/>\n<meta property=\"article:published_time\" content=\"2025-03-28T11:42:40+00:00\" \/>\n<meta property=\"og:image\" content=\"http:\/\/denizcankizil.tr\/wp-content\/uploads\/2025\/03\/5788-01-szes7v.jpeg\" \/>\n\t<meta property=\"og:image:width\" content=\"1280\" \/>\n\t<meta property=\"og:image:height\" content=\"720\" \/>\n\t<meta property=\"og:image:type\" content=\"image\/jpeg\" \/>\n<meta name=\"author\" content=\"Av. Deniz Can K\u0131z\u0131l\" \/>\n<meta name=\"twitter:card\" content=\"summary_large_image\" \/>\n<meta name=\"twitter:label1\" content=\"\u041d\u0430\u043f\u0438\u0441\u0430\u043d\u043e\" \/>\n\t<meta name=\"twitter:data1\" content=\"Av. Deniz Can K\u0131z\u0131l\" \/>\n\t<meta name=\"twitter:label2\" content=\"\u041f\u0440\u0438\u0431\u043b. \u0447\u0430\u0441 \u0447\u0438\u0442\u0430\u043d\u043d\u044f\" \/>\n\t<meta name=\"twitter:data2\" content=\"1 \u0445\u0432\u0438\u043b\u0438\u043d\u0430\" \/>\n<script type=\"application\/ld+json\" class=\"yoast-schema-graph\">{\"@context\":\"https:\/\/schema.org\",\"@graph\":[{\"@type\":\"Article\",\"@id\":\"http:\/\/denizcankizil.tr\/uk\/haberler\/antalya\/il-saglik-mudurunden-yasli-cifte-ziyaret\/#article\",\"isPartOf\":{\"@id\":\"http:\/\/denizcankizil.tr\/uk\/haberler\/antalya\/il-saglik-mudurunden-yasli-cifte-ziyaret\/\"},\"author\":{\"name\":\"Av. Deniz Can K\u0131z\u0131l\",\"@id\":\"https:\/\/denizcankizil.tr\/de\/#\/schema\/person\/5dc1b22991bd7ac833867c10afc9b0ff\"},\"headline\":\"\u0130l Sa\u011fl\u0131k M\u00fcd\u00fcr\u00fcnden ya\u015fl\u0131 \u00e7ifte ziyaret\",\"datePublished\":\"2025-03-28T11:42:40+00:00\",\"mainEntityOfPage\":{\"@id\":\"http:\/\/denizcankizil.tr\/uk\/haberler\/antalya\/il-saglik-mudurunden-yasli-cifte-ziyaret\/\"},\"wordCount\":252,\"publisher\":{\"@id\":\"https:\/\/denizcankizil.tr\/de\/#organization\"},\"image\":{\"@id\":\"http:\/\/denizcankizil.tr\/uk\/haberler\/antalya\/il-saglik-mudurunden-yasli-cifte-ziyaret\/#primaryimage\"},\"thumbnailUrl\":\"http:\/\/denizcankizil.tr\/wp-content\/uploads\/2025\/03\/5788-01-szes7v.jpeg\",\"articleSection\":[\"Antalya\"],\"inLanguage\":\"uk\"},{\"@type\":\"WebPage\",\"@id\":\"http:\/\/denizcankizil.tr\/uk\/haberler\/antalya\/il-saglik-mudurunden-yasli-cifte-ziyaret\/\",\"url\":\"http:\/\/denizcankizil.tr\/uk\/haberler\/antalya\/il-saglik-mudurunden-yasli-cifte-ziyaret\/\",\"name\":\"\u0130l Sa\u011fl\u0131k M\u00fcd\u00fcr\u00fcnden ya\u015fl\u0131 \u00e7ifte ziyaret - Av. Deniz Can K\u0131z\u0131l\",\"isPartOf\":{\"@id\":\"https:\/\/denizcankizil.tr\/de\/#website\"},\"primaryImageOfPage\":{\"@id\":\"http:\/\/denizcankizil.tr\/uk\/haberler\/antalya\/il-saglik-mudurunden-yasli-cifte-ziyaret\/#primaryimage\"},\"image\":{\"@id\":\"http:\/\/denizcankizil.tr\/uk\/haberler\/antalya\/il-saglik-mudurunden-yasli-cifte-ziyaret\/#primaryimage\"},\"thumbnailUrl\":\"http:\/\/denizcankizil.tr\/wp-content\/uploads\/2025\/03\/5788-01-szes7v.jpeg\",\"datePublished\":\"2025-03-28T11:42:40+00:00\",\"breadcrumb\":{\"@id\":\"http:\/\/denizcankizil.tr\/uk\/haberler\/antalya\/il-saglik-mudurunden-yasli-cifte-ziyaret\/#breadcrumb\"},\"inLanguage\":\"uk\",\"potentialAction\":[{\"@type\":\"ReadAction\",\"target\":[\"http:\/\/denizcankizil.tr\/uk\/haberler\/antalya\/il-saglik-mudurunden-yasli-cifte-ziyaret\/\"]}]},{\"@type\":\"ImageObject\",\"inLanguage\":\"uk\",\"@id\":\"http:\/\/denizcankizil.tr\/uk\/haberler\/antalya\/il-saglik-mudurunden-yasli-cifte-ziyaret\/#primaryimage\",\"url\":\"http:\/\/denizcankizil.tr\/wp-content\/uploads\/2025\/03\/5788-01-szes7v.jpeg\",\"contentUrl\":\"http:\/\/denizcankizil.tr\/wp-content\/uploads\/2025\/03\/5788-01-szes7v.jpeg\",\"width\":1280,\"height\":720},{\"@type\":\"BreadcrumbList\",\"@id\":\"http:\/\/denizcankizil.tr\/uk\/haberler\/antalya\/il-saglik-mudurunden-yasli-cifte-ziyaret\/#breadcrumb\",\"itemListElement\":[{\"@type\":\"ListItem\",\"position\":1,\"name\":\"Home\",\"item\":\"https:\/\/denizcankizil.tr\/de\/\"},{\"@type\":\"ListItem\",\"position\":2,\"name\":\"\u0130l Sa\u011fl\u0131k M\u00fcd\u00fcr\u00fcnden ya\u015fl\u0131 \u00e7ifte ziyaret\"}]},{\"@type\":\"WebSite\",\"@id\":\"https:\/\/denizcankizil.tr\/de\/#website\",\"url\":\"https:\/\/denizcankizil.tr\/de\/\",\"name\":\"Av. Deniz Can K\u0131z\u0131l\",\"description\":\"Avukat Deniz Can K\u0131z\u0131l Antalya Barosu\",\"publisher\":{\"@id\":\"https:\/\/denizcankizil.tr\/de\/#organization\"},\"potentialAction\":[{\"@type\":\"SearchAction\",\"target\":{\"@type\":\"EntryPoint\",\"urlTemplate\":\"https:\/\/denizcankizil.tr\/de\/?s={search_term_string}\"},\"query-input\":{\"@type\":\"PropertyValueSpecification\",\"valueRequired\":true,\"valueName\":\"search_term_string\"}}],\"inLanguage\":\"uk\"},{\"@type\":\"Organization\",\"@id\":\"https:\/\/denizcankizil.tr\/de\/#organization\",\"name\":\"Av. Deniz Can K\u0131z\u0131l\",\"url\":\"https:\/\/denizcankizil.tr\/de\/\",\"logo\":{\"@type\":\"ImageObject\",\"inLanguage\":\"uk\",\"@id\":\"https:\/\/denizcankizil.tr\/de\/#\/schema\/logo\/image\/\",\"url\":\"http:\/\/denizcankizil.tr\/wp-content\/uploads\/2024\/10\/siyah-logo-svg.svg\",\"contentUrl\":\"http:\/\/denizcankizil.tr\/wp-content\/uploads\/2024\/10\/siyah-logo-svg.svg\",\"width\":1080,\"height\":1080,\"caption\":\"Av. Deniz Can K\u0131z\u0131l\"},\"image\":{\"@id\":\"https:\/\/denizcankizil.tr\/de\/#\/schema\/logo\/image\/\"}},{\"@type\":\"Person\",\"@id\":\"https:\/\/denizcankizil.tr\/de\/#\/schema\/person\/5dc1b22991bd7ac833867c10afc9b0ff\",\"name\":\"Av. Deniz Can K\u0131z\u0131l\",\"image\":{\"@type\":\"ImageObject\",\"inLanguage\":\"uk\",\"@id\":\"https:\/\/denizcankizil.tr\/de\/#\/schema\/person\/image\/\",\"url\":\"https:\/\/secure.gravatar.com\/avatar\/a0b128fb9855c79efc976d5640eedb31dc35ec297594d6016d2cf7c60e975bb6?s=96&d=mm&r=g\",\"contentUrl\":\"https:\/\/secure.gravatar.com\/avatar\/a0b128fb9855c79efc976d5640eedb31dc35ec297594d6016d2cf7c60e975bb6?s=96&d=mm&r=g\",\"caption\":\"Av. Deniz Can K\u0131z\u0131l\"},\"sameAs\":[\"http:\/\/www.denizcankizil.tr\"],\"url\":\"http:\/\/denizcankizil.tr\/uk\/author\/denizcankizil\/\"}]}<\/script>\n<!-- \/ Yoast SEO Premium plugin. -->","yoast_head_json":{"title":"\u0130l Sa\u011fl\u0131k M\u00fcd\u00fcr\u00fcnden ya\u015fl\u0131 \u00e7ifte ziyaret - Av. Deniz Can K\u0131z\u0131l","robots":{"index":"index","follow":"follow","max-snippet":"max-snippet:-1","max-image-preview":"max-image-preview:large","max-video-preview":"max-video-preview:-1"},"canonical":"http:\/\/denizcankizil.tr\/uk\/haberler\/antalya\/il-saglik-mudurunden-yasli-cifte-ziyaret\/","og_locale":"uk_UA","og_type":"article","og_title":"\u0130l Sa\u011fl\u0131k M\u00fcd\u00fcr\u00fcnden ya\u015fl\u0131 \u00e7ifte ziyaret","og_description":"\u00d6zkan\u2019\u0131n yapt\u0131\u011f\u0131 ziyarette, D\u00f6\u015femealt\u0131 Devlet Hastanesi Evde Sa\u011fl\u0131k Hizmetleri ekibi de haz\u0131r bulunarak hastalar\u0131n genel sa\u011fl\u0131k kontrollerini ger\u00e7ekle\u015ftirdi. Yap\u0131lan muayenelerin ard\u0131ndan \u0130l Sa\u011fl\u0131k M\u00fcd\u00fcr\u00fc \u00d6zkan, Tevke \u00e7iftine \u00e7i\u00e7ek ve \u00e7e\u015fitli hediyeler takdim ederek bayramlar\u0131n\u0131 kutlad\u0131. Ziyaret, hasta yak\u0131nlar\u0131 ve sa\u011fl\u0131k ekibinin de kat\u0131l\u0131m\u0131yla s\u0131cak ve samimi bir ortamda ger\u00e7ekle\u015fti. \u0130l Sa\u011fl\u0131k M\u00fcd\u00fcr\u00fc Prof. Dr. Behzat \u00d6zkan, evde sa\u011fl\u0131k hizmetlerinin, \u00f6zellikle ya\u015fl\u0131 ve kronik hastal\u0131\u011f\u0131 bulunan bireyler i\u00e7in b\u00fcy\u00fck bir \u00f6nem ta\u015f\u0131d\u0131\u011f\u0131n\u0131 belirterek, &#8220;Vatanda\u015flar\u0131m\u0131z\u0131n sa\u011fl\u0131k hizmetlerine kolay eri\u015fimini sa\u011flamak ve onlar\u0131n yan\u0131nda oldu\u011fumuzu hissettirmek bizim \u00f6ncelikli g\u00f6revlerimizden biridir. Evde Sa\u011fl\u0131k Hizmetleri kapsam\u0131nda y\u00fcr\u00fct\u00fclen \u00e7al\u0131\u015fmalarla, yata\u011fa ba\u011f\u0131ml\u0131 ve hareket k\u0131s\u0131tl\u0131l\u0131\u011f\u0131 bulunan hastalara en kaliteli sa\u011fl\u0131k hizmetini sunmaya devam edilece\u011fiz\u2019\u2019 dedi. \u00d6zkan, \u2018\u2019Bayramlar, birlik ve beraberli\u011fin en g\u00fczel \u015fekilde ya\u015fand\u0131\u011f\u0131 \u00f6zel g\u00fcnlerdir. Bu vesileyle ba\u015fta t\u00fcm sa\u011fl\u0131k \u00e7al\u0131\u015fanlar\u0131m\u0131z olmak \u00fczere, hastalar\u0131m\u0131z\u0131n ve t\u00fcm vatanda\u015flar\u0131m\u0131z\u0131n M\u00fcbarek Ramazan Bayram\u0131n\u0131 en i\u00e7ten duygular\u0131mla kutluyorum\u2019\u2019 dedi. Kaynak: www.kanalv.com.tr Haber Sitesinden Al\u0131nm\u0131\u015ft\u0131r.","og_url":"http:\/\/denizcankizil.tr\/uk\/haberler\/antalya\/il-saglik-mudurunden-yasli-cifte-ziyaret\/","og_site_name":"Av. Deniz Can K\u0131z\u0131l","article_published_time":"2025-03-28T11:42:40+00:00","og_image":[{"width":1280,"height":720,"url":"http:\/\/denizcankizil.tr\/wp-content\/uploads\/2025\/03\/5788-01-szes7v.jpeg","type":"image\/jpeg"}],"author":"Av. Deniz Can K\u0131z\u0131l","twitter_card":"summary_large_image","twitter_misc":{"\u041d\u0430\u043f\u0438\u0441\u0430\u043d\u043e":"Av. Deniz Can K\u0131z\u0131l","\u041f\u0440\u0438\u0431\u043b. \u0447\u0430\u0441 \u0447\u0438\u0442\u0430\u043d\u043d\u044f":"1 \u0445\u0432\u0438\u043b\u0438\u043d\u0430"},"schema":{"@context":"https:\/\/schema.org","@graph":[{"@type":"Article","@id":"http:\/\/denizcankizil.tr\/uk\/haberler\/antalya\/il-saglik-mudurunden-yasli-cifte-ziyaret\/#article","isPartOf":{"@id":"http:\/\/denizcankizil.tr\/uk\/haberler\/antalya\/il-saglik-mudurunden-yasli-cifte-ziyaret\/"},"author":{"name":"Av. Deniz Can K\u0131z\u0131l","@id":"https:\/\/denizcankizil.tr\/de\/#\/schema\/person\/5dc1b22991bd7ac833867c10afc9b0ff"},"headline":"\u0130l Sa\u011fl\u0131k M\u00fcd\u00fcr\u00fcnden ya\u015fl\u0131 \u00e7ifte ziyaret","datePublished":"2025-03-28T11:42:40+00:00","mainEntityOfPage":{"@id":"http:\/\/denizcankizil.tr\/uk\/haberler\/antalya\/il-saglik-mudurunden-yasli-cifte-ziyaret\/"},"wordCount":252,"publisher":{"@id":"https:\/\/denizcankizil.tr\/de\/#organization"},"image":{"@id":"http:\/\/denizcankizil.tr\/uk\/haberler\/antalya\/il-saglik-mudurunden-yasli-cifte-ziyaret\/#primaryimage"},"thumbnailUrl":"http:\/\/denizcankizil.tr\/wp-content\/uploads\/2025\/03\/5788-01-szes7v.jpeg","articleSection":["Antalya"],"inLanguage":"uk"},{"@type":"WebPage","@id":"http:\/\/denizcankizil.tr\/uk\/haberler\/antalya\/il-saglik-mudurunden-yasli-cifte-ziyaret\/","url":"http:\/\/denizcankizil.tr\/uk\/haberler\/antalya\/il-saglik-mudurunden-yasli-cifte-ziyaret\/","name":"\u0130l Sa\u011fl\u0131k M\u00fcd\u00fcr\u00fcnden ya\u015fl\u0131 \u00e7ifte ziyaret - Av. Deniz Can K\u0131z\u0131l","isPartOf":{"@id":"https:\/\/denizcankizil.tr\/de\/#website"},"primaryImageOfPage":{"@id":"http:\/\/denizcankizil.tr\/uk\/haberler\/antalya\/il-saglik-mudurunden-yasli-cifte-ziyaret\/#primaryimage"},"image":{"@id":"http:\/\/denizcankizil.tr\/uk\/haberler\/antalya\/il-saglik-mudurunden-yasli-cifte-ziyaret\/#primaryimage"},"thumbnailUrl":"http:\/\/denizcankizil.tr\/wp-content\/uploads\/2025\/03\/5788-01-szes7v.jpeg","datePublished":"2025-03-28T11:42:40+00:00","breadcrumb":{"@id":"http:\/\/denizcankizil.tr\/uk\/haberler\/antalya\/il-saglik-mudurunden-yasli-cifte-ziyaret\/#breadcrumb"},"inLanguage":"uk","potentialAction":[{"@type":"ReadAction","target":["http:\/\/denizcankizil.tr\/uk\/haberler\/antalya\/il-saglik-mudurunden-yasli-cifte-ziyaret\/"]}]},{"@type":"ImageObject","inLanguage":"uk","@id":"http:\/\/denizcankizil.tr\/uk\/haberler\/antalya\/il-saglik-mudurunden-yasli-cifte-ziyaret\/#primaryimage","url":"http:\/\/denizcankizil.tr\/wp-content\/uploads\/2025\/03\/5788-01-szes7v.jpeg","contentUrl":"http:\/\/denizcankizil.tr\/wp-content\/uploads\/2025\/03\/5788-01-szes7v.jpeg","width":1280,"height":720},{"@type":"BreadcrumbList","@id":"http:\/\/denizcankizil.tr\/uk\/haberler\/antalya\/il-saglik-mudurunden-yasli-cifte-ziyaret\/#breadcrumb","itemListElement":[{"@type":"ListItem","position":1,"name":"Home","item":"https:\/\/denizcankizil.tr\/de\/"},{"@type":"ListItem","position":2,"name":"\u0130l Sa\u011fl\u0131k M\u00fcd\u00fcr\u00fcnden ya\u015fl\u0131 \u00e7ifte ziyaret"}]},{"@type":"WebSite","@id":"https:\/\/denizcankizil.tr\/de\/#website","url":"https:\/\/denizcankizil.tr\/de\/","name":"Av. Deniz Can K\u0131z\u0131l","description":"Avukat Deniz Can K\u0131z\u0131l Antalya Barosu","publisher":{"@id":"https:\/\/denizcankizil.tr\/de\/#organization"},"potentialAction":[{"@type":"SearchAction","target":{"@type":"EntryPoint","urlTemplate":"https:\/\/denizcankizil.tr\/de\/?s={search_term_string}"},"query-input":{"@type":"PropertyValueSpecification","valueRequired":true,"valueName":"search_term_string"}}],"inLanguage":"uk"},{"@type":"Organization","@id":"https:\/\/denizcankizil.tr\/de\/#organization","name":"Av. Deniz Can K\u0131z\u0131l","url":"https:\/\/denizcankizil.tr\/de\/","logo":{"@type":"ImageObject","inLanguage":"uk","@id":"https:\/\/denizcankizil.tr\/de\/#\/schema\/logo\/image\/","url":"http:\/\/denizcankizil.tr\/wp-content\/uploads\/2024\/10\/siyah-logo-svg.svg","contentUrl":"http:\/\/denizcankizil.tr\/wp-content\/uploads\/2024\/10\/siyah-logo-svg.svg","width":1080,"height":1080,"caption":"Av. Deniz Can K\u0131z\u0131l"},"image":{"@id":"https:\/\/denizcankizil.tr\/de\/#\/schema\/logo\/image\/"}},{"@type":"Person","@id":"https:\/\/denizcankizil.tr\/de\/#\/schema\/person\/5dc1b22991bd7ac833867c10afc9b0ff","name":"Av. Deniz Can K\u0131z\u0131l","image":{"@type":"ImageObject","inLanguage":"uk","@id":"https:\/\/denizcankizil.tr\/de\/#\/schema\/person\/image\/","url":"https:\/\/secure.gravatar.com\/avatar\/a0b128fb9855c79efc976d5640eedb31dc35ec297594d6016d2cf7c60e975bb6?s=96&d=mm&r=g","contentUrl":"https:\/\/secure.gravatar.com\/avatar\/a0b128fb9855c79efc976d5640eedb31dc35ec297594d6016d2cf7c60e975bb6?s=96&d=mm&r=g","caption":"Av. Deniz Can K\u0131z\u0131l"},"sameAs":["http:\/\/www.denizcankizil.tr"],"url":"http:\/\/denizcankizil.tr\/uk\/author\/denizcankizil\/"}]}},"_links":{"self":[{"href":"http:\/\/denizcankizil.tr\/uk\/wp-json\/wp\/v2\/posts\/38173","targetHints":{"allow":["GET"]}}],"collection":[{"href":"http:\/\/denizcankizil.tr\/uk\/wp-json\/wp\/v2\/posts"}],"about":[{"href":"http:\/\/denizcankizil.tr\/uk\/wp-json\/wp\/v2\/types\/post"}],"author":[{"embeddable":true,"href":"http:\/\/denizcankizil.tr\/uk\/wp-json\/wp\/v2\/users\/4"}],"replies":[{"embeddable":true,"href":"http:\/\/denizcankizil.tr\/uk\/wp-json\/wp\/v2\/comments?post=38173"}],"version-history":[{"count":0,"href":"http:\/\/denizcankizil.tr\/uk\/wp-json\/wp\/v2\/posts\/38173\/revisions"}],"wp:featuredmedia":[{"embeddable":true,"href":"http:\/\/denizcankizil.tr\/uk\/wp-json\/wp\/v2\/media\/38174"}],"wp:attachment":[{"href":"http:\/\/denizcankizil.tr\/uk\/wp-json\/wp\/v2\/media?parent=38173"}],"wp:term":[{"taxonomy":"category","embeddable":true,"href":"http:\/\/denizcankizil.tr\/uk\/wp-json\/wp\/v2\/categories?post=38173"},{"taxonomy":"post_tag","embeddable":true,"href":"http:\/\/denizcankizil.tr\/uk\/wp-json\/wp\/v2\/tags?post=38173"}],"curies":[{"name":"wp","href":"https:\/\/api.w.org\/{rel}","templated":true}]}}