{"id":37190,"date":"2025-03-27T09:41:35","date_gmt":"2025-03-27T06:41:35","guid":{"rendered":"https:\/\/denizcankizil.tr\/uncategorized-tr\/antalyada-polisin-megafonunu-alan-ogrenciden-sukunet-cagrisi\/"},"modified":"2025-03-27T09:41:35","modified_gmt":"2025-03-27T06:41:35","slug":"antalyada-polisin-megafonunu-alan-ogrenciden-sukunet-cagrisi","status":"publish","type":"post","link":"http:\/\/denizcankizil.tr\/uk\/haberler\/gundem\/antalyada-polisin-megafonunu-alan-ogrenciden-sukunet-cagrisi\/","title":{"rendered":"Antalya\u2019da polisin megafonunu alan \u00f6\u011frenciden \u2018s\u00fckunet\u2019 \u00e7a\u011fr\u0131s\u0131"},"content":{"rendered":"<p>\u0130stanbul B\u00fcy\u00fck\u015fehir Belediye (\u0130BB) Ba\u015fkan\u0131 Ekrem \u0130mamo\u011flu&#8217;nun tutuklanmas\u0131n\u0131 protesto eden grup, Antalya&#8217;da ak\u015fam saatlerinde Cumhuriyet Meydan\u0131\u2019nda toplanarak y\u00fcr\u00fcy\u00fc\u015fe ba\u015flad\u0131. Sloganlar atarak y\u00fcr\u00fcyen grup 1 haftad\u0131r polisle kar\u015f\u0131 kar\u015f\u0131ya geldi\u011fi Akdeniz \u00dcniversitesi \u00f6n\u00fcne geldi. Burada \u0130stiklal Mar\u015f\u0131 okuyan gruptan bir ki\u015fi, daha sonra polislerin yan\u0131na gelerek, polisle kar\u015f\u0131 kar\u015f\u0131ya gelmek istemediklerini bu nedenle duyuru yapmak i\u00e7in megafon istedi.<\/p>\n<p>\u201cT\u00dcRK\u0130YE\u2019N\u0130N KARANLI\u011eINI AYDINLATALIM\u201d<\/p>\n<p>Polisin verdi\u011fi megafonla grubun yan\u0131na giden ki\u015fi, \u201cT\u00fcrk polisi, T\u00fcrk genciyle kesinlikle \u00e7at\u0131\u015fmaya girmek istemiyor. Belirli kurallar dahilinde protesto yapmak i\u00e7in iznimiz var. Amac\u0131m\u0131z Antalya\u2019dan t\u00fcm T\u00fcrkiye\u2019ye \u0131\u015f\u0131k tutmak. T\u00fcrkiye\u2019de hi\u00e7bir gencin can\u0131 yans\u0131n istemiyoruz. Ta\u015fk\u0131nl\u0131k, provokasyon ve kanunsuz hareketleri ortadan kald\u0131rmay\u0131 ba\u015fard\u0131\u011f\u0131m\u0131z takdirde bunu hep birlikte sa\u011flayaca\u011f\u0131z. Provokasyona ge\u00e7it vermeyelim. T\u00fcrkiye\u2019nin karanl\u0131\u011f\u0131n\u0131 ayd\u0131nlatal\u0131m\u201d dedi. Gruptakiler sloganlar atarak belirlenen yerde bekleyi\u015fini s\u00fcrd\u00fcrd\u00fc.<\/p>\n<p>\u200bAntalya\u2019da, \u0130stanbul B\u00fcy\u00fck\u015fehir Belediye (\u0130BB) Ba\u015fkan\u0131 Ekrem \u0130mamo\u011flu&#8217;nun tutuklanmas\u0131n\u0131 protesto eden \u00f6\u011frencilerden biri, ekiplerle kar\u015f\u0131 kar\u015f\u0131ya gelmek istemediklerini s\u00f6yleyerek, polisten ald\u0131\u011f\u0131 megafonla duyuru yapt\u0131.\u00a0<\/p>\n<p>\u200bHaberin Al\u0131nt\u0131land\u0131\u011f\u0131 Kaynak: www.antalyakorfez.com<\/p>","protected":false},"excerpt":{"rendered":"<p>\u0130stanbul B\u00fcy\u00fck\u015fehir Belediye (\u0130BB) Ba\u015fkan\u0131 Ekrem \u0130mamo\u011flu&#8217;nun tutuklanmas\u0131n\u0131 protesto eden grup, Antalya&#8217;da ak\u015fam saatlerinde Cumhuriyet Meydan\u0131\u2019nda toplanarak y\u00fcr\u00fcy\u00fc\u015fe ba\u015flad\u0131. Sloganlar atarak y\u00fcr\u00fcyen grup 1 haftad\u0131r polisle kar\u015f\u0131 kar\u015f\u0131ya geldi\u011fi Akdeniz \u00dcniversitesi \u00f6n\u00fcne geldi. Burada \u0130stiklal Mar\u015f\u0131 okuyan gruptan bir ki\u015fi, daha sonra polislerin yan\u0131na gelerek, polisle kar\u015f\u0131 kar\u015f\u0131ya gelmek istemediklerini bu nedenle duyuru yapmak i\u00e7in megafon istedi. \u201cT\u00dcRK\u0130YE\u2019N\u0130N KARANLI\u011eINI AYDINLATALIM\u201d Polisin verdi\u011fi megafonla grubun yan\u0131na giden ki\u015fi, \u201cT\u00fcrk polisi, T\u00fcrk genciyle kesinlikle \u00e7at\u0131\u015fmaya girmek istemiyor. Belirli kurallar dahilinde protesto yapmak i\u00e7in iznimiz var. Amac\u0131m\u0131z Antalya\u2019dan t\u00fcm T\u00fcrkiye\u2019ye \u0131\u015f\u0131k tutmak. T\u00fcrkiye\u2019de hi\u00e7bir gencin can\u0131 yans\u0131n istemiyoruz. Ta\u015fk\u0131nl\u0131k, provokasyon ve kanunsuz hareketleri ortadan kald\u0131rmay\u0131 ba\u015fard\u0131\u011f\u0131m\u0131z takdirde bunu hep birlikte sa\u011flayaca\u011f\u0131z. Provokasyona ge\u00e7it vermeyelim. T\u00fcrkiye\u2019nin karanl\u0131\u011f\u0131n\u0131 ayd\u0131nlatal\u0131m\u201d dedi. Gruptakiler sloganlar atarak belirlenen yerde bekleyi\u015fini s\u00fcrd\u00fcrd\u00fc. \u200bAntalya\u2019da, \u0130stanbul B\u00fcy\u00fck\u015fehir Belediye (\u0130BB) Ba\u015fkan\u0131 Ekrem \u0130mamo\u011flu&#8217;nun tutuklanmas\u0131n\u0131 protesto eden \u00f6\u011frencilerden biri, ekiplerle kar\u015f\u0131 kar\u015f\u0131ya gelmek istemediklerini s\u00f6yleyerek, polisten ald\u0131\u011f\u0131 megafonla duyuru yapt\u0131.\u00a0 \u200bHaberin Al\u0131nt\u0131land\u0131\u011f\u0131 Kaynak: www.antalyakorfez.com<\/p>","protected":false},"author":5,"featured_media":0,"comment_status":"","ping_status":"open","sticky":false,"template":"","format":"standard","meta":{"_acf_changed":false,"footnotes":""},"categories":[24],"tags":[],"class_list":["post-37190","post","type-post","status-publish","format-standard","has-post-thumbnail","hentry","category-gundem"],"acf":[],"yoast_head":"<!-- This site is optimized with the Yoast SEO Premium plugin v26.6 (Yoast SEO v27.1.1) - https:\/\/yoast.com\/product\/yoast-seo-premium-wordpress\/ -->\n<title>Antalya\u2019da polisin megafonunu alan \u00f6\u011frenciden \u2018s\u00fckunet\u2019 \u00e7a\u011fr\u0131s\u0131 - Av. Deniz Can K\u0131z\u0131l<\/title>\n<meta name=\"robots\" content=\"index, follow, max-snippet:-1, max-image-preview:large, max-video-preview:-1\" \/>\n<link rel=\"canonical\" href=\"https:\/\/denizcankizil.tr\/uk\/haberler\/gundem\/antalyada-polisin-megafonunu-alan-ogrenciden-sukunet-cagrisi\/\" \/>\n<meta property=\"og:locale\" content=\"uk_UA\" \/>\n<meta property=\"og:type\" content=\"article\" \/>\n<meta property=\"og:title\" content=\"Antalya\u2019da polisin megafonunu alan \u00f6\u011frenciden \u2018s\u00fckunet\u2019 \u00e7a\u011fr\u0131s\u0131\" \/>\n<meta property=\"og:description\" content=\"\u0130stanbul B\u00fcy\u00fck\u015fehir Belediye (\u0130BB) Ba\u015fkan\u0131 Ekrem \u0130mamo\u011flu&#8217;nun tutuklanmas\u0131n\u0131 protesto eden grup, Antalya&#8217;da ak\u015fam saatlerinde Cumhuriyet Meydan\u0131\u2019nda toplanarak y\u00fcr\u00fcy\u00fc\u015fe ba\u015flad\u0131. Sloganlar atarak y\u00fcr\u00fcyen grup 1 haftad\u0131r polisle kar\u015f\u0131 kar\u015f\u0131ya geldi\u011fi Akdeniz \u00dcniversitesi \u00f6n\u00fcne geldi. Burada \u0130stiklal Mar\u015f\u0131 okuyan gruptan bir ki\u015fi, daha sonra polislerin yan\u0131na gelerek, polisle kar\u015f\u0131 kar\u015f\u0131ya gelmek istemediklerini bu nedenle duyuru yapmak i\u00e7in megafon istedi. \u201cT\u00dcRK\u0130YE\u2019N\u0130N KARANLI\u011eINI AYDINLATALIM\u201d Polisin verdi\u011fi megafonla grubun yan\u0131na giden ki\u015fi, \u201cT\u00fcrk polisi, T\u00fcrk genciyle kesinlikle \u00e7at\u0131\u015fmaya girmek istemiyor. Belirli kurallar dahilinde protesto yapmak i\u00e7in iznimiz var. Amac\u0131m\u0131z Antalya\u2019dan t\u00fcm T\u00fcrkiye\u2019ye \u0131\u015f\u0131k tutmak. T\u00fcrkiye\u2019de hi\u00e7bir gencin can\u0131 yans\u0131n istemiyoruz. Ta\u015fk\u0131nl\u0131k, provokasyon ve kanunsuz hareketleri ortadan kald\u0131rmay\u0131 ba\u015fard\u0131\u011f\u0131m\u0131z takdirde bunu hep birlikte sa\u011flayaca\u011f\u0131z. Provokasyona ge\u00e7it vermeyelim. T\u00fcrkiye\u2019nin karanl\u0131\u011f\u0131n\u0131 ayd\u0131nlatal\u0131m\u201d dedi. Gruptakiler sloganlar atarak belirlenen yerde bekleyi\u015fini s\u00fcrd\u00fcrd\u00fc. \u200bAntalya\u2019da, \u0130stanbul B\u00fcy\u00fck\u015fehir Belediye (\u0130BB) Ba\u015fkan\u0131 Ekrem \u0130mamo\u011flu&#8217;nun tutuklanmas\u0131n\u0131 protesto eden \u00f6\u011frencilerden biri, ekiplerle kar\u015f\u0131 kar\u015f\u0131ya gelmek istemediklerini s\u00f6yleyerek, polisten ald\u0131\u011f\u0131 megafonla duyuru yapt\u0131.\u00a0 \u200bHaberin Al\u0131nt\u0131land\u0131\u011f\u0131 Kaynak: www.antalyakorfez.com\" \/>\n<meta property=\"og:url\" content=\"https:\/\/denizcankizil.tr\/uk\/haberler\/gundem\/antalyada-polisin-megafonunu-alan-ogrenciden-sukunet-cagrisi\/\" \/>\n<meta property=\"og:site_name\" content=\"Av. Deniz Can K\u0131z\u0131l\" \/>\n<meta property=\"article:published_time\" content=\"2025-03-27T06:41:35+00:00\" \/>\n<meta name=\"author\" content=\"Antalya K\u00f6rfez\" \/>\n<meta name=\"twitter:card\" content=\"summary_large_image\" \/>\n<meta name=\"twitter:label1\" content=\"\u041d\u0430\u043f\u0438\u0441\u0430\u043d\u043e\" \/>\n\t<meta name=\"twitter:data1\" content=\"Antalya K\u00f6rfez\" \/>\n\t<meta name=\"twitter:label2\" content=\"\u041f\u0440\u0438\u0431\u043b. \u0447\u0430\u0441 \u0447\u0438\u0442\u0430\u043d\u043d\u044f\" \/>\n\t<meta name=\"twitter:data2\" content=\"1 \u0445\u0432\u0438\u043b\u0438\u043d\u0430\" \/>\n<script type=\"application\/ld+json\" class=\"yoast-schema-graph\">{\"@context\":\"https:\/\/schema.org\",\"@graph\":[{\"@type\":\"Article\",\"@id\":\"https:\/\/denizcankizil.tr\/ru\/haberler\/gundem\/antalyada-polisin-megafonunu-alan-ogrenciden-sukunet-cagrisi\/#article\",\"isPartOf\":{\"@id\":\"https:\/\/denizcankizil.tr\/ru\/haberler\/gundem\/antalyada-polisin-megafonunu-alan-ogrenciden-sukunet-cagrisi\/\"},\"author\":{\"name\":\"Antalya K\u00f6rfez\",\"@id\":\"https:\/\/denizcankizil.tr\/de\/#\/schema\/person\/e1eb71bb4dd684d46563f0af307e1234\"},\"headline\":\"Antalya\u2019da polisin megafonunu alan \u00f6\u011frenciden \u2018s\u00fckunet\u2019 \u00e7a\u011fr\u0131s\u0131\",\"datePublished\":\"2025-03-27T06:41:35+00:00\",\"mainEntityOfPage\":{\"@id\":\"https:\/\/denizcankizil.tr\/ru\/haberler\/gundem\/antalyada-polisin-megafonunu-alan-ogrenciden-sukunet-cagrisi\/\"},\"wordCount\":238,\"publisher\":{\"@id\":\"https:\/\/denizcankizil.tr\/de\/#organization\"},\"articleSection\":[\"G\u00fcndem\"],\"inLanguage\":\"uk\"},{\"@type\":\"WebPage\",\"@id\":\"https:\/\/denizcankizil.tr\/ru\/haberler\/gundem\/antalyada-polisin-megafonunu-alan-ogrenciden-sukunet-cagrisi\/\",\"url\":\"https:\/\/denizcankizil.tr\/ru\/haberler\/gundem\/antalyada-polisin-megafonunu-alan-ogrenciden-sukunet-cagrisi\/\",\"name\":\"Antalya\u2019da polisin megafonunu alan \u00f6\u011frenciden \u2018s\u00fckunet\u2019 \u00e7a\u011fr\u0131s\u0131 - Av. Deniz Can K\u0131z\u0131l\",\"isPartOf\":{\"@id\":\"https:\/\/denizcankizil.tr\/de\/#website\"},\"datePublished\":\"2025-03-27T06:41:35+00:00\",\"breadcrumb\":{\"@id\":\"https:\/\/denizcankizil.tr\/ru\/haberler\/gundem\/antalyada-polisin-megafonunu-alan-ogrenciden-sukunet-cagrisi\/#breadcrumb\"},\"inLanguage\":\"uk\",\"potentialAction\":[{\"@type\":\"ReadAction\",\"target\":[\"https:\/\/denizcankizil.tr\/ru\/haberler\/gundem\/antalyada-polisin-megafonunu-alan-ogrenciden-sukunet-cagrisi\/\"]}]},{\"@type\":\"BreadcrumbList\",\"@id\":\"https:\/\/denizcankizil.tr\/ru\/haberler\/gundem\/antalyada-polisin-megafonunu-alan-ogrenciden-sukunet-cagrisi\/#breadcrumb\",\"itemListElement\":[{\"@type\":\"ListItem\",\"position\":1,\"name\":\"Home\",\"item\":\"https:\/\/denizcankizil.tr\/de\/\"},{\"@type\":\"ListItem\",\"position\":2,\"name\":\"Antalya\u2019da polisin megafonunu alan \u00f6\u011frenciden \u2018s\u00fckunet\u2019 \u00e7a\u011fr\u0131s\u0131\"}]},{\"@type\":\"WebSite\",\"@id\":\"https:\/\/denizcankizil.tr\/de\/#website\",\"url\":\"https:\/\/denizcankizil.tr\/de\/\",\"name\":\"Av. Deniz Can K\u0131z\u0131l\",\"description\":\"Avukat Deniz Can K\u0131z\u0131l Antalya Barosu\",\"publisher\":{\"@id\":\"https:\/\/denizcankizil.tr\/de\/#organization\"},\"potentialAction\":[{\"@type\":\"SearchAction\",\"target\":{\"@type\":\"EntryPoint\",\"urlTemplate\":\"https:\/\/denizcankizil.tr\/de\/?s={search_term_string}\"},\"query-input\":{\"@type\":\"PropertyValueSpecification\",\"valueRequired\":true,\"valueName\":\"search_term_string\"}}],\"inLanguage\":\"uk\"},{\"@type\":\"Organization\",\"@id\":\"https:\/\/denizcankizil.tr\/de\/#organization\",\"name\":\"Av. Deniz Can K\u0131z\u0131l\",\"url\":\"https:\/\/denizcankizil.tr\/de\/\",\"logo\":{\"@type\":\"ImageObject\",\"inLanguage\":\"uk\",\"@id\":\"https:\/\/denizcankizil.tr\/de\/#\/schema\/logo\/image\/\",\"url\":\"http:\/\/denizcankizil.tr\/wp-content\/uploads\/2024\/10\/siyah-logo-svg.svg\",\"contentUrl\":\"http:\/\/denizcankizil.tr\/wp-content\/uploads\/2024\/10\/siyah-logo-svg.svg\",\"width\":1080,\"height\":1080,\"caption\":\"Av. Deniz Can K\u0131z\u0131l\"},\"image\":{\"@id\":\"https:\/\/denizcankizil.tr\/de\/#\/schema\/logo\/image\/\"}},{\"@type\":\"Person\",\"@id\":\"https:\/\/denizcankizil.tr\/de\/#\/schema\/person\/e1eb71bb4dd684d46563f0af307e1234\",\"name\":\"Antalya K\u00f6rfez\",\"image\":{\"@type\":\"ImageObject\",\"inLanguage\":\"uk\",\"@id\":\"https:\/\/denizcankizil.tr\/de\/#\/schema\/person\/image\/\",\"url\":\"https:\/\/secure.gravatar.com\/avatar\/42b01982558a48a0b501fdcab6a408d3717ea5919095ee2e67b0e521799c5905?s=96&d=mm&r=g\",\"contentUrl\":\"https:\/\/secure.gravatar.com\/avatar\/42b01982558a48a0b501fdcab6a408d3717ea5919095ee2e67b0e521799c5905?s=96&d=mm&r=g\",\"caption\":\"Antalya K\u00f6rfez\"},\"sameAs\":[\"http:\/\/www.antalyakorfez.com\"],\"url\":\"https:\/\/www.antalyakorfez.com\/antalyada-polisin-megafonunu-alan-ogrenciden-sukunet-cagrisi\"}]}<\/script>\n<!-- \/ Yoast SEO Premium plugin. -->","yoast_head_json":{"title":"Antalya\u2019da polisin megafonunu alan \u00f6\u011frenciden \u2018s\u00fckunet\u2019 \u00e7a\u011fr\u0131s\u0131 - Av. Deniz Can K\u0131z\u0131l","robots":{"index":"index","follow":"follow","max-snippet":"max-snippet:-1","max-image-preview":"max-image-preview:large","max-video-preview":"max-video-preview:-1"},"canonical":"https:\/\/denizcankizil.tr\/uk\/haberler\/gundem\/antalyada-polisin-megafonunu-alan-ogrenciden-sukunet-cagrisi\/","og_locale":"uk_UA","og_type":"article","og_title":"Antalya\u2019da polisin megafonunu alan \u00f6\u011frenciden \u2018s\u00fckunet\u2019 \u00e7a\u011fr\u0131s\u0131","og_description":"\u0130stanbul B\u00fcy\u00fck\u015fehir Belediye (\u0130BB) Ba\u015fkan\u0131 Ekrem \u0130mamo\u011flu&#8217;nun tutuklanmas\u0131n\u0131 protesto eden grup, Antalya&#8217;da ak\u015fam saatlerinde Cumhuriyet Meydan\u0131\u2019nda toplanarak y\u00fcr\u00fcy\u00fc\u015fe ba\u015flad\u0131. Sloganlar atarak y\u00fcr\u00fcyen grup 1 haftad\u0131r polisle kar\u015f\u0131 kar\u015f\u0131ya geldi\u011fi Akdeniz \u00dcniversitesi \u00f6n\u00fcne geldi. Burada \u0130stiklal Mar\u015f\u0131 okuyan gruptan bir ki\u015fi, daha sonra polislerin yan\u0131na gelerek, polisle kar\u015f\u0131 kar\u015f\u0131ya gelmek istemediklerini bu nedenle duyuru yapmak i\u00e7in megafon istedi. \u201cT\u00dcRK\u0130YE\u2019N\u0130N KARANLI\u011eINI AYDINLATALIM\u201d Polisin verdi\u011fi megafonla grubun yan\u0131na giden ki\u015fi, \u201cT\u00fcrk polisi, T\u00fcrk genciyle kesinlikle \u00e7at\u0131\u015fmaya girmek istemiyor. Belirli kurallar dahilinde protesto yapmak i\u00e7in iznimiz var. Amac\u0131m\u0131z Antalya\u2019dan t\u00fcm T\u00fcrkiye\u2019ye \u0131\u015f\u0131k tutmak. T\u00fcrkiye\u2019de hi\u00e7bir gencin can\u0131 yans\u0131n istemiyoruz. Ta\u015fk\u0131nl\u0131k, provokasyon ve kanunsuz hareketleri ortadan kald\u0131rmay\u0131 ba\u015fard\u0131\u011f\u0131m\u0131z takdirde bunu hep birlikte sa\u011flayaca\u011f\u0131z. Provokasyona ge\u00e7it vermeyelim. T\u00fcrkiye\u2019nin karanl\u0131\u011f\u0131n\u0131 ayd\u0131nlatal\u0131m\u201d dedi. Gruptakiler sloganlar atarak belirlenen yerde bekleyi\u015fini s\u00fcrd\u00fcrd\u00fc. \u200bAntalya\u2019da, \u0130stanbul B\u00fcy\u00fck\u015fehir Belediye (\u0130BB) Ba\u015fkan\u0131 Ekrem \u0130mamo\u011flu&#8217;nun tutuklanmas\u0131n\u0131 protesto eden \u00f6\u011frencilerden biri, ekiplerle kar\u015f\u0131 kar\u015f\u0131ya gelmek istemediklerini s\u00f6yleyerek, polisten ald\u0131\u011f\u0131 megafonla duyuru yapt\u0131.\u00a0 \u200bHaberin Al\u0131nt\u0131land\u0131\u011f\u0131 Kaynak: www.antalyakorfez.com","og_url":"https:\/\/denizcankizil.tr\/uk\/haberler\/gundem\/antalyada-polisin-megafonunu-alan-ogrenciden-sukunet-cagrisi\/","og_site_name":"Av. Deniz Can K\u0131z\u0131l","article_published_time":"2025-03-27T06:41:35+00:00","author":"Antalya K\u00f6rfez","twitter_card":"summary_large_image","twitter_misc":{"\u041d\u0430\u043f\u0438\u0441\u0430\u043d\u043e":"Antalya K\u00f6rfez","\u041f\u0440\u0438\u0431\u043b. \u0447\u0430\u0441 \u0447\u0438\u0442\u0430\u043d\u043d\u044f":"1 \u0445\u0432\u0438\u043b\u0438\u043d\u0430"},"schema":{"@context":"https:\/\/schema.org","@graph":[{"@type":"Article","@id":"https:\/\/denizcankizil.tr\/ru\/haberler\/gundem\/antalyada-polisin-megafonunu-alan-ogrenciden-sukunet-cagrisi\/#article","isPartOf":{"@id":"https:\/\/denizcankizil.tr\/ru\/haberler\/gundem\/antalyada-polisin-megafonunu-alan-ogrenciden-sukunet-cagrisi\/"},"author":{"name":"Antalya K\u00f6rfez","@id":"https:\/\/denizcankizil.tr\/de\/#\/schema\/person\/e1eb71bb4dd684d46563f0af307e1234"},"headline":"Antalya\u2019da polisin megafonunu alan \u00f6\u011frenciden \u2018s\u00fckunet\u2019 \u00e7a\u011fr\u0131s\u0131","datePublished":"2025-03-27T06:41:35+00:00","mainEntityOfPage":{"@id":"https:\/\/denizcankizil.tr\/ru\/haberler\/gundem\/antalyada-polisin-megafonunu-alan-ogrenciden-sukunet-cagrisi\/"},"wordCount":238,"publisher":{"@id":"https:\/\/denizcankizil.tr\/de\/#organization"},"articleSection":["G\u00fcndem"],"inLanguage":"uk"},{"@type":"WebPage","@id":"https:\/\/denizcankizil.tr\/ru\/haberler\/gundem\/antalyada-polisin-megafonunu-alan-ogrenciden-sukunet-cagrisi\/","url":"https:\/\/denizcankizil.tr\/ru\/haberler\/gundem\/antalyada-polisin-megafonunu-alan-ogrenciden-sukunet-cagrisi\/","name":"Antalya\u2019da polisin megafonunu alan \u00f6\u011frenciden \u2018s\u00fckunet\u2019 \u00e7a\u011fr\u0131s\u0131 - Av. Deniz Can K\u0131z\u0131l","isPartOf":{"@id":"https:\/\/denizcankizil.tr\/de\/#website"},"datePublished":"2025-03-27T06:41:35+00:00","breadcrumb":{"@id":"https:\/\/denizcankizil.tr\/ru\/haberler\/gundem\/antalyada-polisin-megafonunu-alan-ogrenciden-sukunet-cagrisi\/#breadcrumb"},"inLanguage":"uk","potentialAction":[{"@type":"ReadAction","target":["https:\/\/denizcankizil.tr\/ru\/haberler\/gundem\/antalyada-polisin-megafonunu-alan-ogrenciden-sukunet-cagrisi\/"]}]},{"@type":"BreadcrumbList","@id":"https:\/\/denizcankizil.tr\/ru\/haberler\/gundem\/antalyada-polisin-megafonunu-alan-ogrenciden-sukunet-cagrisi\/#breadcrumb","itemListElement":[{"@type":"ListItem","position":1,"name":"Home","item":"https:\/\/denizcankizil.tr\/de\/"},{"@type":"ListItem","position":2,"name":"Antalya\u2019da polisin megafonunu alan \u00f6\u011frenciden \u2018s\u00fckunet\u2019 \u00e7a\u011fr\u0131s\u0131"}]},{"@type":"WebSite","@id":"https:\/\/denizcankizil.tr\/de\/#website","url":"https:\/\/denizcankizil.tr\/de\/","name":"Av. Deniz Can K\u0131z\u0131l","description":"Avukat Deniz Can K\u0131z\u0131l Antalya Barosu","publisher":{"@id":"https:\/\/denizcankizil.tr\/de\/#organization"},"potentialAction":[{"@type":"SearchAction","target":{"@type":"EntryPoint","urlTemplate":"https:\/\/denizcankizil.tr\/de\/?s={search_term_string}"},"query-input":{"@type":"PropertyValueSpecification","valueRequired":true,"valueName":"search_term_string"}}],"inLanguage":"uk"},{"@type":"Organization","@id":"https:\/\/denizcankizil.tr\/de\/#organization","name":"Av. Deniz Can K\u0131z\u0131l","url":"https:\/\/denizcankizil.tr\/de\/","logo":{"@type":"ImageObject","inLanguage":"uk","@id":"https:\/\/denizcankizil.tr\/de\/#\/schema\/logo\/image\/","url":"http:\/\/denizcankizil.tr\/wp-content\/uploads\/2024\/10\/siyah-logo-svg.svg","contentUrl":"http:\/\/denizcankizil.tr\/wp-content\/uploads\/2024\/10\/siyah-logo-svg.svg","width":1080,"height":1080,"caption":"Av. Deniz Can K\u0131z\u0131l"},"image":{"@id":"https:\/\/denizcankizil.tr\/de\/#\/schema\/logo\/image\/"}},{"@type":"Person","@id":"https:\/\/denizcankizil.tr\/de\/#\/schema\/person\/e1eb71bb4dd684d46563f0af307e1234","name":"Antalya K\u00f6rfez","image":{"@type":"ImageObject","inLanguage":"uk","@id":"https:\/\/denizcankizil.tr\/de\/#\/schema\/person\/image\/","url":"https:\/\/secure.gravatar.com\/avatar\/42b01982558a48a0b501fdcab6a408d3717ea5919095ee2e67b0e521799c5905?s=96&d=mm&r=g","contentUrl":"https:\/\/secure.gravatar.com\/avatar\/42b01982558a48a0b501fdcab6a408d3717ea5919095ee2e67b0e521799c5905?s=96&d=mm&r=g","caption":"Antalya K\u00f6rfez"},"sameAs":["http:\/\/www.antalyakorfez.com"],"url":"https:\/\/www.antalyakorfez.com\/antalyada-polisin-megafonunu-alan-ogrenciden-sukunet-cagrisi"}]}},"_links":{"self":[{"href":"http:\/\/denizcankizil.tr\/uk\/wp-json\/wp\/v2\/posts\/37190","targetHints":{"allow":["GET"]}}],"collection":[{"href":"http:\/\/denizcankizil.tr\/uk\/wp-json\/wp\/v2\/posts"}],"about":[{"href":"http:\/\/denizcankizil.tr\/uk\/wp-json\/wp\/v2\/types\/post"}],"author":[{"embeddable":true,"href":"http:\/\/denizcankizil.tr\/uk\/wp-json\/wp\/v2\/users\/5"}],"replies":[{"embeddable":true,"href":"http:\/\/denizcankizil.tr\/uk\/wp-json\/wp\/v2\/comments?post=37190"}],"version-history":[{"count":0,"href":"http:\/\/denizcankizil.tr\/uk\/wp-json\/wp\/v2\/posts\/37190\/revisions"}],"wp:attachment":[{"href":"http:\/\/denizcankizil.tr\/uk\/wp-json\/wp\/v2\/media?parent=37190"}],"wp:term":[{"taxonomy":"category","embeddable":true,"href":"http:\/\/denizcankizil.tr\/uk\/wp-json\/wp\/v2\/categories?post=37190"},{"taxonomy":"post_tag","embeddable":true,"href":"http:\/\/denizcankizil.tr\/uk\/wp-json\/wp\/v2\/tags?post=37190"}],"curies":[{"name":"wp","href":"https:\/\/api.w.org\/{rel}","templated":true}]}}