{"id":37145,"date":"2025-03-26T16:41:30","date_gmt":"2025-03-26T13:41:30","guid":{"rendered":"https:\/\/denizcankizil.tr\/uncategorized-tr\/tutuklu-ekrem-imamoglunun-yerine-vekalet-edecek-isim-belli-oldu\/"},"modified":"2025-03-26T16:41:30","modified_gmt":"2025-03-26T13:41:30","slug":"tutuklu-ekrem-imamoglunun-yerine-vekalet-edecek-isim-belli-oldu","status":"publish","type":"post","link":"http:\/\/denizcankizil.tr\/uk\/haberler\/gundem\/tutuklu-ekrem-imamoglunun-yerine-vekalet-edecek-isim-belli-oldu\/","title":{"rendered":"Tutuklu Ekrem \u0130mamo\u011flu&#8217;nun yerine vekalet edecek isim belli oldu"},"content":{"rendered":"<p>\u0130stanbul B\u00fcy\u00fck\u015fehir Belediye (\u0130BB) Ba\u015fkan\u0131 Ekrem \u0130mamo\u011flu\u2019nun tutuklanarak \u0130\u00e7i\u015fleri Bakanl\u0131\u011f\u0131 taraf\u0131ndan g\u00f6revden uzakla\u015ft\u0131r\u0131lmas\u0131n\u0131n ard\u0131ndan, \u0130mamo\u011flu&#8217;nun yerine ge\u00e7ecek isim \u0130BB Meclisi&#8217;nce netle\u015fti. Belediye Meclisi, yeni ba\u015fkan vekilini belirlemek i\u00e7in bug\u00fcn saat 13.00\u2019te topland\u0131.<\/p>\n<p>\u0130MAMO\u011eLU&#8217;NUN KOLTU\u011eUNA NUR\u0130 ASLAN OTURACAK\u00a0<\/p>\n<p>\u0130BB Meclisi&#8217;nden \u00e7\u0131kan oylama sonucuna g\u00f6re; \u0130mamo\u011flu\u2019nun koltu\u011funa vekalet edecek ki\u015fi Nuri Aslan oldu. Nuri Aslan 20 Mart&#8217;tan beri \u0130BB Ba\u015fkan vekilli\u011fi g\u00f6revini y\u00fcr\u00fct\u00fcyor. \u0130stanbul B\u00fcy\u00fck\u015fehir Belediye Meclisi&#8217;nde mevcut durumda 314 \u00fcye var. Bu \u00fcyelerin 185&#8217;i CHP&#8217;den, 120&#8217;si AKP&#8217;den, 7&#8217;si MHP&#8217;den, 2&#8217;si de BBP&#8217;den. Ba\u015fkanvekilli\u011fi koltu\u011fu i\u00e7in CHP\u2019nin aday\u0131 Nuri Aslan ile AKP\u2019nin aday\u0131 Zeynel Abidin Okul k\u0131yas\u0131ya bir yar\u0131\u015ft\u0131.<\/p>\n<p>\u0130SM\u0130 KUL\u0130SLERDE GE\u00c7T\u0130\u00a0<\/p>\n<p>CHP kulislerinde \u0130mamo\u011flu\u2019nun yerine ge\u00e7ecek isimler birka\u00e7 g\u00fcn \u00f6nceden tart\u0131\u015f\u0131lmaya ba\u015flanm\u0131\u015ft\u0131. Belediye meclisinde \u00e7o\u011funlu\u011fu elinde bulunduran CHP grubunun, \u0130BB Ba\u015fkan Vekilli\u011fi i\u00e7in Nuri Aslan\u2019\u0131n aday g\u00f6sterilmesi konusunda uzla\u015ft\u0131\u011f\u0131 iddia edilmi\u015fti. Aslan, daha \u00f6nce \u0130mamo\u011flu taraf\u0131ndan vekaleten yetkilendirilmi\u015fti.<\/p>\n<p>NUR\u0130 ASLAN K\u0130MD\u0130R?<\/p>\n<p>1969 y\u0131l\u0131nda Sivas\u2019ta do\u011fan Nuri Aslan, ilk ve orta\u00f6\u011fretimini \u0130stanbul\u2019da tamamlad\u0131. 1990 y\u0131l\u0131nda Y\u0131ld\u0131z Teknik \u00dcniversitesi M\u00fchendislik Fak\u00fcltesi Gemi \u0130n\u015faat\u0131 ve Gemi Makineleri M\u00fchendisli\u011fi B\u00f6l\u00fcm\u00fc\u2019nden mezun oldu. \u00d6zel sekt\u00f6rde \u00fcst d\u00fczey y\u00f6neticilik g\u00f6revlerinde bulundu. 1999-2004 y\u0131llar\u0131 aras\u0131nda K\u00fc\u00e7\u00fck\u00e7ekmece Belediyesi Meclis \u00dcyeli\u011fi yapt\u0131. 2009-2017 aras\u0131nda K\u0131z\u0131lay K\u00fc\u00e7\u00fck\u00e7ekmece Ba\u015fkan Vekilli\u011fi, 2014-2018\u2019de BEYS\u0130AD Y\u00f6netim Kurulu Ba\u015fkanl\u0131\u011f\u0131, 2014-2021\u2019de \u0130S\u0130FED Y\u00f6netim Kurulu \u00dcyeli\u011fi g\u00f6revlerinde bulundu. Ayn\u0131 zamanda 2009-2020 y\u0131llar\u0131 aras\u0131nda Sivas Koyulhisar ve K\u00f6yleri Hizmet Vakf\u0131 (KODAV) Ba\u015fkan Vekilli\u011fi ve 2011-2019 aras\u0131nda Beylikd\u00fcz\u00fc Kent Konseyi Y\u00fcr\u00fctme Kurulu \u00fcyeli\u011fi yapt\u0131.<\/p>\n<p>\u200b23 Mart tarihinde tutuklanan \u0130BB Ba\u015fkan\u0131 Ekrem \u0130mamo\u011flu&#8217;nun yerine vekalet edecek isim belli oldu. Bug\u00fcn belediye meclisinde yap\u0131lan se\u00e7im sonucunda \u0130mamo\u011flu&#8217;nun koltu\u011funa Nuri Aslan oturacak.\u00a0<\/p>\n<p>\u200bHaberin Al\u0131nt\u0131land\u0131\u011f\u0131 Kaynak: www.antalyakorfez.com<\/p>","protected":false},"excerpt":{"rendered":"<p>\u0130stanbul B\u00fcy\u00fck\u015fehir Belediye (\u0130BB) Ba\u015fkan\u0131 Ekrem \u0130mamo\u011flu\u2019nun tutuklanarak \u0130\u00e7i\u015fleri Bakanl\u0131\u011f\u0131 taraf\u0131ndan g\u00f6revden uzakla\u015ft\u0131r\u0131lmas\u0131n\u0131n ard\u0131ndan, \u0130mamo\u011flu&#8217;nun yerine ge\u00e7ecek isim \u0130BB Meclisi&#8217;nce netle\u015fti. Belediye Meclisi, yeni ba\u015fkan vekilini belirlemek i\u00e7in bug\u00fcn saat 13.00\u2019te topland\u0131. \u0130MAMO\u011eLU&#8217;NUN KOLTU\u011eUNA NUR\u0130 ASLAN OTURACAK\u00a0 \u0130BB Meclisi&#8217;nden \u00e7\u0131kan oylama sonucuna g\u00f6re; \u0130mamo\u011flu\u2019nun koltu\u011funa vekalet edecek ki\u015fi Nuri Aslan oldu. Nuri Aslan 20 Mart&#8217;tan beri \u0130BB Ba\u015fkan vekilli\u011fi g\u00f6revini y\u00fcr\u00fct\u00fcyor. \u0130stanbul B\u00fcy\u00fck\u015fehir Belediye Meclisi&#8217;nde mevcut durumda 314 \u00fcye var. Bu \u00fcyelerin 185&#8217;i CHP&#8217;den, 120&#8217;si AKP&#8217;den, 7&#8217;si MHP&#8217;den, 2&#8217;si de BBP&#8217;den. Ba\u015fkanvekilli\u011fi koltu\u011fu i\u00e7in CHP\u2019nin aday\u0131 Nuri Aslan ile AKP\u2019nin aday\u0131 Zeynel Abidin Okul k\u0131yas\u0131ya bir yar\u0131\u015ft\u0131. \u0130SM\u0130 KUL\u0130SLERDE GE\u00c7T\u0130\u00a0 CHP kulislerinde \u0130mamo\u011flu\u2019nun yerine ge\u00e7ecek isimler birka\u00e7 g\u00fcn \u00f6nceden tart\u0131\u015f\u0131lmaya ba\u015flanm\u0131\u015ft\u0131. Belediye meclisinde \u00e7o\u011funlu\u011fu elinde bulunduran CHP grubunun, \u0130BB Ba\u015fkan Vekilli\u011fi i\u00e7in Nuri Aslan\u2019\u0131n aday g\u00f6sterilmesi konusunda uzla\u015ft\u0131\u011f\u0131 iddia edilmi\u015fti. Aslan, daha \u00f6nce \u0130mamo\u011flu taraf\u0131ndan vekaleten yetkilendirilmi\u015fti. NUR\u0130 ASLAN K\u0130MD\u0130R? 1969 y\u0131l\u0131nda Sivas\u2019ta do\u011fan Nuri Aslan, ilk ve orta\u00f6\u011fretimini \u0130stanbul\u2019da tamamlad\u0131. 1990 y\u0131l\u0131nda Y\u0131ld\u0131z Teknik \u00dcniversitesi M\u00fchendislik Fak\u00fcltesi Gemi \u0130n\u015faat\u0131 ve Gemi Makineleri M\u00fchendisli\u011fi B\u00f6l\u00fcm\u00fc\u2019nden mezun oldu. \u00d6zel sekt\u00f6rde \u00fcst d\u00fczey y\u00f6neticilik g\u00f6revlerinde bulundu. 1999-2004 y\u0131llar\u0131 aras\u0131nda K\u00fc\u00e7\u00fck\u00e7ekmece Belediyesi Meclis \u00dcyeli\u011fi yapt\u0131. 2009-2017 aras\u0131nda K\u0131z\u0131lay K\u00fc\u00e7\u00fck\u00e7ekmece Ba\u015fkan Vekilli\u011fi, 2014-2018\u2019de BEYS\u0130AD Y\u00f6netim Kurulu Ba\u015fkanl\u0131\u011f\u0131, 2014-2021\u2019de \u0130S\u0130FED Y\u00f6netim Kurulu \u00dcyeli\u011fi g\u00f6revlerinde bulundu. &hellip;<\/p>","protected":false},"author":5,"featured_media":0,"comment_status":"","ping_status":"open","sticky":false,"template":"","format":"standard","meta":{"_acf_changed":false,"footnotes":""},"categories":[24],"tags":[],"class_list":["post-37145","post","type-post","status-publish","format-standard","has-post-thumbnail","hentry","category-gundem"],"acf":[],"yoast_head":"<!-- This site is optimized with the Yoast SEO Premium plugin v26.6 (Yoast SEO v27.1.1) - https:\/\/yoast.com\/product\/yoast-seo-premium-wordpress\/ -->\n<title>Tutuklu Ekrem \u0130mamo\u011flu&#039;nun yerine vekalet edecek isim belli oldu - Av. Deniz Can K\u0131z\u0131l<\/title>\n<meta name=\"robots\" content=\"index, follow, max-snippet:-1, max-image-preview:large, max-video-preview:-1\" \/>\n<link rel=\"canonical\" href=\"http:\/\/denizcankizil.tr\/uk\/haberler\/gundem\/tutuklu-ekrem-imamoglunun-yerine-vekalet-edecek-isim-belli-oldu\/\" \/>\n<meta property=\"og:locale\" content=\"uk_UA\" \/>\n<meta property=\"og:type\" content=\"article\" \/>\n<meta property=\"og:title\" content=\"Tutuklu Ekrem \u0130mamo\u011flu&#039;nun yerine vekalet edecek isim belli oldu\" \/>\n<meta property=\"og:description\" content=\"\u0130stanbul B\u00fcy\u00fck\u015fehir Belediye (\u0130BB) Ba\u015fkan\u0131 Ekrem \u0130mamo\u011flu\u2019nun tutuklanarak \u0130\u00e7i\u015fleri Bakanl\u0131\u011f\u0131 taraf\u0131ndan g\u00f6revden uzakla\u015ft\u0131r\u0131lmas\u0131n\u0131n ard\u0131ndan, \u0130mamo\u011flu&#8217;nun yerine ge\u00e7ecek isim \u0130BB Meclisi&#8217;nce netle\u015fti. Belediye Meclisi, yeni ba\u015fkan vekilini belirlemek i\u00e7in bug\u00fcn saat 13.00\u2019te topland\u0131. \u0130MAMO\u011eLU&#8217;NUN KOLTU\u011eUNA NUR\u0130 ASLAN OTURACAK\u00a0 \u0130BB Meclisi&#8217;nden \u00e7\u0131kan oylama sonucuna g\u00f6re; \u0130mamo\u011flu\u2019nun koltu\u011funa vekalet edecek ki\u015fi Nuri Aslan oldu. Nuri Aslan 20 Mart&#8217;tan beri \u0130BB Ba\u015fkan vekilli\u011fi g\u00f6revini y\u00fcr\u00fct\u00fcyor. \u0130stanbul B\u00fcy\u00fck\u015fehir Belediye Meclisi&#8217;nde mevcut durumda 314 \u00fcye var. Bu \u00fcyelerin 185&#8217;i CHP&#8217;den, 120&#8217;si AKP&#8217;den, 7&#8217;si MHP&#8217;den, 2&#8217;si de BBP&#8217;den. Ba\u015fkanvekilli\u011fi koltu\u011fu i\u00e7in CHP\u2019nin aday\u0131 Nuri Aslan ile AKP\u2019nin aday\u0131 Zeynel Abidin Okul k\u0131yas\u0131ya bir yar\u0131\u015ft\u0131. \u0130SM\u0130 KUL\u0130SLERDE GE\u00c7T\u0130\u00a0 CHP kulislerinde \u0130mamo\u011flu\u2019nun yerine ge\u00e7ecek isimler birka\u00e7 g\u00fcn \u00f6nceden tart\u0131\u015f\u0131lmaya ba\u015flanm\u0131\u015ft\u0131. Belediye meclisinde \u00e7o\u011funlu\u011fu elinde bulunduran CHP grubunun, \u0130BB Ba\u015fkan Vekilli\u011fi i\u00e7in Nuri Aslan\u2019\u0131n aday g\u00f6sterilmesi konusunda uzla\u015ft\u0131\u011f\u0131 iddia edilmi\u015fti. Aslan, daha \u00f6nce \u0130mamo\u011flu taraf\u0131ndan vekaleten yetkilendirilmi\u015fti. NUR\u0130 ASLAN K\u0130MD\u0130R? 1969 y\u0131l\u0131nda Sivas\u2019ta do\u011fan Nuri Aslan, ilk ve orta\u00f6\u011fretimini \u0130stanbul\u2019da tamamlad\u0131. 1990 y\u0131l\u0131nda Y\u0131ld\u0131z Teknik \u00dcniversitesi M\u00fchendislik Fak\u00fcltesi Gemi \u0130n\u015faat\u0131 ve Gemi Makineleri M\u00fchendisli\u011fi B\u00f6l\u00fcm\u00fc\u2019nden mezun oldu. \u00d6zel sekt\u00f6rde \u00fcst d\u00fczey y\u00f6neticilik g\u00f6revlerinde bulundu. 1999-2004 y\u0131llar\u0131 aras\u0131nda K\u00fc\u00e7\u00fck\u00e7ekmece Belediyesi Meclis \u00dcyeli\u011fi yapt\u0131. 2009-2017 aras\u0131nda K\u0131z\u0131lay K\u00fc\u00e7\u00fck\u00e7ekmece Ba\u015fkan Vekilli\u011fi, 2014-2018\u2019de BEYS\u0130AD Y\u00f6netim Kurulu Ba\u015fkanl\u0131\u011f\u0131, 2014-2021\u2019de \u0130S\u0130FED Y\u00f6netim Kurulu \u00dcyeli\u011fi g\u00f6revlerinde bulundu. &hellip;\" \/>\n<meta property=\"og:url\" content=\"http:\/\/denizcankizil.tr\/uk\/haberler\/gundem\/tutuklu-ekrem-imamoglunun-yerine-vekalet-edecek-isim-belli-oldu\/\" \/>\n<meta property=\"og:site_name\" content=\"Av. Deniz Can K\u0131z\u0131l\" \/>\n<meta property=\"article:published_time\" content=\"2025-03-26T13:41:30+00:00\" \/>\n<meta name=\"author\" content=\"Antalya K\u00f6rfez\" \/>\n<meta name=\"twitter:card\" content=\"summary_large_image\" \/>\n<meta name=\"twitter:label1\" content=\"\u041d\u0430\u043f\u0438\u0441\u0430\u043d\u043e\" \/>\n\t<meta name=\"twitter:data1\" content=\"Antalya K\u00f6rfez\" \/>\n\t<meta name=\"twitter:label2\" content=\"\u041f\u0440\u0438\u0431\u043b. \u0447\u0430\u0441 \u0447\u0438\u0442\u0430\u043d\u043d\u044f\" \/>\n\t<meta name=\"twitter:data2\" content=\"2 \u0445\u0432\u0438\u043b\u0438\u043d\u0438\" \/>\n<script type=\"application\/ld+json\" class=\"yoast-schema-graph\">{\"@context\":\"https:\/\/schema.org\",\"@graph\":[{\"@type\":\"Article\",\"@id\":\"http:\/\/denizcankizil.tr\/uk\/haberler\/gundem\/tutuklu-ekrem-imamoglunun-yerine-vekalet-edecek-isim-belli-oldu\/#article\",\"isPartOf\":{\"@id\":\"http:\/\/denizcankizil.tr\/uk\/haberler\/gundem\/tutuklu-ekrem-imamoglunun-yerine-vekalet-edecek-isim-belli-oldu\/\"},\"author\":{\"name\":\"Antalya K\u00f6rfez\",\"@id\":\"https:\/\/denizcankizil.tr\/de\/#\/schema\/person\/e1eb71bb4dd684d46563f0af307e1234\"},\"headline\":\"Tutuklu Ekrem \u0130mamo\u011flu&#8217;nun yerine vekalet edecek isim belli oldu\",\"datePublished\":\"2025-03-26T13:41:30+00:00\",\"mainEntityOfPage\":{\"@id\":\"http:\/\/denizcankizil.tr\/uk\/haberler\/gundem\/tutuklu-ekrem-imamoglunun-yerine-vekalet-edecek-isim-belli-oldu\/\"},\"wordCount\":404,\"publisher\":{\"@id\":\"https:\/\/denizcankizil.tr\/de\/#organization\"},\"articleSection\":[\"G\u00fcndem\"],\"inLanguage\":\"uk\"},{\"@type\":\"WebPage\",\"@id\":\"http:\/\/denizcankizil.tr\/uk\/haberler\/gundem\/tutuklu-ekrem-imamoglunun-yerine-vekalet-edecek-isim-belli-oldu\/\",\"url\":\"http:\/\/denizcankizil.tr\/uk\/haberler\/gundem\/tutuklu-ekrem-imamoglunun-yerine-vekalet-edecek-isim-belli-oldu\/\",\"name\":\"Tutuklu Ekrem \u0130mamo\u011flu'nun yerine vekalet edecek isim belli oldu - Av. Deniz Can K\u0131z\u0131l\",\"isPartOf\":{\"@id\":\"https:\/\/denizcankizil.tr\/de\/#website\"},\"datePublished\":\"2025-03-26T13:41:30+00:00\",\"breadcrumb\":{\"@id\":\"http:\/\/denizcankizil.tr\/uk\/haberler\/gundem\/tutuklu-ekrem-imamoglunun-yerine-vekalet-edecek-isim-belli-oldu\/#breadcrumb\"},\"inLanguage\":\"uk\",\"potentialAction\":[{\"@type\":\"ReadAction\",\"target\":[\"http:\/\/denizcankizil.tr\/uk\/haberler\/gundem\/tutuklu-ekrem-imamoglunun-yerine-vekalet-edecek-isim-belli-oldu\/\"]}]},{\"@type\":\"BreadcrumbList\",\"@id\":\"http:\/\/denizcankizil.tr\/uk\/haberler\/gundem\/tutuklu-ekrem-imamoglunun-yerine-vekalet-edecek-isim-belli-oldu\/#breadcrumb\",\"itemListElement\":[{\"@type\":\"ListItem\",\"position\":1,\"name\":\"Home\",\"item\":\"https:\/\/denizcankizil.tr\/de\/\"},{\"@type\":\"ListItem\",\"position\":2,\"name\":\"Tutuklu Ekrem \u0130mamo\u011flu&#8217;nun yerine vekalet edecek isim belli oldu\"}]},{\"@type\":\"WebSite\",\"@id\":\"https:\/\/denizcankizil.tr\/de\/#website\",\"url\":\"https:\/\/denizcankizil.tr\/de\/\",\"name\":\"Av. Deniz Can K\u0131z\u0131l\",\"description\":\"Avukat Deniz Can K\u0131z\u0131l Antalya Barosu\",\"publisher\":{\"@id\":\"https:\/\/denizcankizil.tr\/de\/#organization\"},\"potentialAction\":[{\"@type\":\"SearchAction\",\"target\":{\"@type\":\"EntryPoint\",\"urlTemplate\":\"https:\/\/denizcankizil.tr\/de\/?s={search_term_string}\"},\"query-input\":{\"@type\":\"PropertyValueSpecification\",\"valueRequired\":true,\"valueName\":\"search_term_string\"}}],\"inLanguage\":\"uk\"},{\"@type\":\"Organization\",\"@id\":\"https:\/\/denizcankizil.tr\/de\/#organization\",\"name\":\"Av. Deniz Can K\u0131z\u0131l\",\"url\":\"https:\/\/denizcankizil.tr\/de\/\",\"logo\":{\"@type\":\"ImageObject\",\"inLanguage\":\"uk\",\"@id\":\"https:\/\/denizcankizil.tr\/de\/#\/schema\/logo\/image\/\",\"url\":\"http:\/\/denizcankizil.tr\/wp-content\/uploads\/2024\/10\/siyah-logo-svg.svg\",\"contentUrl\":\"http:\/\/denizcankizil.tr\/wp-content\/uploads\/2024\/10\/siyah-logo-svg.svg\",\"width\":1080,\"height\":1080,\"caption\":\"Av. Deniz Can K\u0131z\u0131l\"},\"image\":{\"@id\":\"https:\/\/denizcankizil.tr\/de\/#\/schema\/logo\/image\/\"}},{\"@type\":\"Person\",\"@id\":\"https:\/\/denizcankizil.tr\/de\/#\/schema\/person\/e1eb71bb4dd684d46563f0af307e1234\",\"name\":\"Antalya K\u00f6rfez\",\"image\":{\"@type\":\"ImageObject\",\"inLanguage\":\"uk\",\"@id\":\"https:\/\/denizcankizil.tr\/de\/#\/schema\/person\/image\/\",\"url\":\"https:\/\/secure.gravatar.com\/avatar\/42b01982558a48a0b501fdcab6a408d3717ea5919095ee2e67b0e521799c5905?s=96&d=mm&r=g\",\"contentUrl\":\"https:\/\/secure.gravatar.com\/avatar\/42b01982558a48a0b501fdcab6a408d3717ea5919095ee2e67b0e521799c5905?s=96&d=mm&r=g\",\"caption\":\"Antalya K\u00f6rfez\"},\"sameAs\":[\"http:\/\/www.antalyakorfez.com\"],\"url\":\"https:\/\/www.antalyakorfez.com\/tutuklu-ekrem-imamoglunun-yerine-vekalet-edecek-isim-belli-oldu\"}]}<\/script>\n<!-- \/ Yoast SEO Premium plugin. -->","yoast_head_json":{"title":"Tutuklu Ekrem \u0130mamo\u011flu'nun yerine vekalet edecek isim belli oldu - Av. Deniz Can K\u0131z\u0131l","robots":{"index":"index","follow":"follow","max-snippet":"max-snippet:-1","max-image-preview":"max-image-preview:large","max-video-preview":"max-video-preview:-1"},"canonical":"http:\/\/denizcankizil.tr\/uk\/haberler\/gundem\/tutuklu-ekrem-imamoglunun-yerine-vekalet-edecek-isim-belli-oldu\/","og_locale":"uk_UA","og_type":"article","og_title":"Tutuklu Ekrem \u0130mamo\u011flu'nun yerine vekalet edecek isim belli oldu","og_description":"\u0130stanbul B\u00fcy\u00fck\u015fehir Belediye (\u0130BB) Ba\u015fkan\u0131 Ekrem \u0130mamo\u011flu\u2019nun tutuklanarak \u0130\u00e7i\u015fleri Bakanl\u0131\u011f\u0131 taraf\u0131ndan g\u00f6revden uzakla\u015ft\u0131r\u0131lmas\u0131n\u0131n ard\u0131ndan, \u0130mamo\u011flu&#8217;nun yerine ge\u00e7ecek isim \u0130BB Meclisi&#8217;nce netle\u015fti. Belediye Meclisi, yeni ba\u015fkan vekilini belirlemek i\u00e7in bug\u00fcn saat 13.00\u2019te topland\u0131. \u0130MAMO\u011eLU&#8217;NUN KOLTU\u011eUNA NUR\u0130 ASLAN OTURACAK\u00a0 \u0130BB Meclisi&#8217;nden \u00e7\u0131kan oylama sonucuna g\u00f6re; \u0130mamo\u011flu\u2019nun koltu\u011funa vekalet edecek ki\u015fi Nuri Aslan oldu. Nuri Aslan 20 Mart&#8217;tan beri \u0130BB Ba\u015fkan vekilli\u011fi g\u00f6revini y\u00fcr\u00fct\u00fcyor. \u0130stanbul B\u00fcy\u00fck\u015fehir Belediye Meclisi&#8217;nde mevcut durumda 314 \u00fcye var. Bu \u00fcyelerin 185&#8217;i CHP&#8217;den, 120&#8217;si AKP&#8217;den, 7&#8217;si MHP&#8217;den, 2&#8217;si de BBP&#8217;den. Ba\u015fkanvekilli\u011fi koltu\u011fu i\u00e7in CHP\u2019nin aday\u0131 Nuri Aslan ile AKP\u2019nin aday\u0131 Zeynel Abidin Okul k\u0131yas\u0131ya bir yar\u0131\u015ft\u0131. \u0130SM\u0130 KUL\u0130SLERDE GE\u00c7T\u0130\u00a0 CHP kulislerinde \u0130mamo\u011flu\u2019nun yerine ge\u00e7ecek isimler birka\u00e7 g\u00fcn \u00f6nceden tart\u0131\u015f\u0131lmaya ba\u015flanm\u0131\u015ft\u0131. Belediye meclisinde \u00e7o\u011funlu\u011fu elinde bulunduran CHP grubunun, \u0130BB Ba\u015fkan Vekilli\u011fi i\u00e7in Nuri Aslan\u2019\u0131n aday g\u00f6sterilmesi konusunda uzla\u015ft\u0131\u011f\u0131 iddia edilmi\u015fti. Aslan, daha \u00f6nce \u0130mamo\u011flu taraf\u0131ndan vekaleten yetkilendirilmi\u015fti. NUR\u0130 ASLAN K\u0130MD\u0130R? 1969 y\u0131l\u0131nda Sivas\u2019ta do\u011fan Nuri Aslan, ilk ve orta\u00f6\u011fretimini \u0130stanbul\u2019da tamamlad\u0131. 1990 y\u0131l\u0131nda Y\u0131ld\u0131z Teknik \u00dcniversitesi M\u00fchendislik Fak\u00fcltesi Gemi \u0130n\u015faat\u0131 ve Gemi Makineleri M\u00fchendisli\u011fi B\u00f6l\u00fcm\u00fc\u2019nden mezun oldu. \u00d6zel sekt\u00f6rde \u00fcst d\u00fczey y\u00f6neticilik g\u00f6revlerinde bulundu. 1999-2004 y\u0131llar\u0131 aras\u0131nda K\u00fc\u00e7\u00fck\u00e7ekmece Belediyesi Meclis \u00dcyeli\u011fi yapt\u0131. 2009-2017 aras\u0131nda K\u0131z\u0131lay K\u00fc\u00e7\u00fck\u00e7ekmece Ba\u015fkan Vekilli\u011fi, 2014-2018\u2019de BEYS\u0130AD Y\u00f6netim Kurulu Ba\u015fkanl\u0131\u011f\u0131, 2014-2021\u2019de \u0130S\u0130FED Y\u00f6netim Kurulu \u00dcyeli\u011fi g\u00f6revlerinde bulundu. &hellip;","og_url":"http:\/\/denizcankizil.tr\/uk\/haberler\/gundem\/tutuklu-ekrem-imamoglunun-yerine-vekalet-edecek-isim-belli-oldu\/","og_site_name":"Av. Deniz Can K\u0131z\u0131l","article_published_time":"2025-03-26T13:41:30+00:00","author":"Antalya K\u00f6rfez","twitter_card":"summary_large_image","twitter_misc":{"\u041d\u0430\u043f\u0438\u0441\u0430\u043d\u043e":"Antalya K\u00f6rfez","\u041f\u0440\u0438\u0431\u043b. \u0447\u0430\u0441 \u0447\u0438\u0442\u0430\u043d\u043d\u044f":"2 \u0445\u0432\u0438\u043b\u0438\u043d\u0438"},"schema":{"@context":"https:\/\/schema.org","@graph":[{"@type":"Article","@id":"http:\/\/denizcankizil.tr\/uk\/haberler\/gundem\/tutuklu-ekrem-imamoglunun-yerine-vekalet-edecek-isim-belli-oldu\/#article","isPartOf":{"@id":"http:\/\/denizcankizil.tr\/uk\/haberler\/gundem\/tutuklu-ekrem-imamoglunun-yerine-vekalet-edecek-isim-belli-oldu\/"},"author":{"name":"Antalya K\u00f6rfez","@id":"https:\/\/denizcankizil.tr\/de\/#\/schema\/person\/e1eb71bb4dd684d46563f0af307e1234"},"headline":"Tutuklu Ekrem \u0130mamo\u011flu&#8217;nun yerine vekalet edecek isim belli oldu","datePublished":"2025-03-26T13:41:30+00:00","mainEntityOfPage":{"@id":"http:\/\/denizcankizil.tr\/uk\/haberler\/gundem\/tutuklu-ekrem-imamoglunun-yerine-vekalet-edecek-isim-belli-oldu\/"},"wordCount":404,"publisher":{"@id":"https:\/\/denizcankizil.tr\/de\/#organization"},"articleSection":["G\u00fcndem"],"inLanguage":"uk"},{"@type":"WebPage","@id":"http:\/\/denizcankizil.tr\/uk\/haberler\/gundem\/tutuklu-ekrem-imamoglunun-yerine-vekalet-edecek-isim-belli-oldu\/","url":"http:\/\/denizcankizil.tr\/uk\/haberler\/gundem\/tutuklu-ekrem-imamoglunun-yerine-vekalet-edecek-isim-belli-oldu\/","name":"Tutuklu Ekrem \u0130mamo\u011flu'nun yerine vekalet edecek isim belli oldu - Av. Deniz Can K\u0131z\u0131l","isPartOf":{"@id":"https:\/\/denizcankizil.tr\/de\/#website"},"datePublished":"2025-03-26T13:41:30+00:00","breadcrumb":{"@id":"http:\/\/denizcankizil.tr\/uk\/haberler\/gundem\/tutuklu-ekrem-imamoglunun-yerine-vekalet-edecek-isim-belli-oldu\/#breadcrumb"},"inLanguage":"uk","potentialAction":[{"@type":"ReadAction","target":["http:\/\/denizcankizil.tr\/uk\/haberler\/gundem\/tutuklu-ekrem-imamoglunun-yerine-vekalet-edecek-isim-belli-oldu\/"]}]},{"@type":"BreadcrumbList","@id":"http:\/\/denizcankizil.tr\/uk\/haberler\/gundem\/tutuklu-ekrem-imamoglunun-yerine-vekalet-edecek-isim-belli-oldu\/#breadcrumb","itemListElement":[{"@type":"ListItem","position":1,"name":"Home","item":"https:\/\/denizcankizil.tr\/de\/"},{"@type":"ListItem","position":2,"name":"Tutuklu Ekrem \u0130mamo\u011flu&#8217;nun yerine vekalet edecek isim belli oldu"}]},{"@type":"WebSite","@id":"https:\/\/denizcankizil.tr\/de\/#website","url":"https:\/\/denizcankizil.tr\/de\/","name":"Av. Deniz Can K\u0131z\u0131l","description":"Avukat Deniz Can K\u0131z\u0131l Antalya Barosu","publisher":{"@id":"https:\/\/denizcankizil.tr\/de\/#organization"},"potentialAction":[{"@type":"SearchAction","target":{"@type":"EntryPoint","urlTemplate":"https:\/\/denizcankizil.tr\/de\/?s={search_term_string}"},"query-input":{"@type":"PropertyValueSpecification","valueRequired":true,"valueName":"search_term_string"}}],"inLanguage":"uk"},{"@type":"Organization","@id":"https:\/\/denizcankizil.tr\/de\/#organization","name":"Av. Deniz Can K\u0131z\u0131l","url":"https:\/\/denizcankizil.tr\/de\/","logo":{"@type":"ImageObject","inLanguage":"uk","@id":"https:\/\/denizcankizil.tr\/de\/#\/schema\/logo\/image\/","url":"http:\/\/denizcankizil.tr\/wp-content\/uploads\/2024\/10\/siyah-logo-svg.svg","contentUrl":"http:\/\/denizcankizil.tr\/wp-content\/uploads\/2024\/10\/siyah-logo-svg.svg","width":1080,"height":1080,"caption":"Av. Deniz Can K\u0131z\u0131l"},"image":{"@id":"https:\/\/denizcankizil.tr\/de\/#\/schema\/logo\/image\/"}},{"@type":"Person","@id":"https:\/\/denizcankizil.tr\/de\/#\/schema\/person\/e1eb71bb4dd684d46563f0af307e1234","name":"Antalya K\u00f6rfez","image":{"@type":"ImageObject","inLanguage":"uk","@id":"https:\/\/denizcankizil.tr\/de\/#\/schema\/person\/image\/","url":"https:\/\/secure.gravatar.com\/avatar\/42b01982558a48a0b501fdcab6a408d3717ea5919095ee2e67b0e521799c5905?s=96&d=mm&r=g","contentUrl":"https:\/\/secure.gravatar.com\/avatar\/42b01982558a48a0b501fdcab6a408d3717ea5919095ee2e67b0e521799c5905?s=96&d=mm&r=g","caption":"Antalya K\u00f6rfez"},"sameAs":["http:\/\/www.antalyakorfez.com"],"url":"https:\/\/www.antalyakorfez.com\/tutuklu-ekrem-imamoglunun-yerine-vekalet-edecek-isim-belli-oldu"}]}},"_links":{"self":[{"href":"http:\/\/denizcankizil.tr\/uk\/wp-json\/wp\/v2\/posts\/37145","targetHints":{"allow":["GET"]}}],"collection":[{"href":"http:\/\/denizcankizil.tr\/uk\/wp-json\/wp\/v2\/posts"}],"about":[{"href":"http:\/\/denizcankizil.tr\/uk\/wp-json\/wp\/v2\/types\/post"}],"author":[{"embeddable":true,"href":"http:\/\/denizcankizil.tr\/uk\/wp-json\/wp\/v2\/users\/5"}],"replies":[{"embeddable":true,"href":"http:\/\/denizcankizil.tr\/uk\/wp-json\/wp\/v2\/comments?post=37145"}],"version-history":[{"count":0,"href":"http:\/\/denizcankizil.tr\/uk\/wp-json\/wp\/v2\/posts\/37145\/revisions"}],"wp:attachment":[{"href":"http:\/\/denizcankizil.tr\/uk\/wp-json\/wp\/v2\/media?parent=37145"}],"wp:term":[{"taxonomy":"category","embeddable":true,"href":"http:\/\/denizcankizil.tr\/uk\/wp-json\/wp\/v2\/categories?post=37145"},{"taxonomy":"post_tag","embeddable":true,"href":"http:\/\/denizcankizil.tr\/uk\/wp-json\/wp\/v2\/tags?post=37145"}],"curies":[{"name":"wp","href":"https:\/\/api.w.org\/{rel}","templated":true}]}}