{"id":36977,"date":"2025-03-25T16:41:48","date_gmt":"2025-03-25T13:41:48","guid":{"rendered":"https:\/\/denizcankizil.tr\/uncategorized-tr\/antalya-halk-et-ramazan-bayraminda-acik-olacak-mi\/"},"modified":"2025-03-25T16:41:48","modified_gmt":"2025-03-25T13:41:48","slug":"antalya-halk-et-ramazan-bayraminda-acik-olacak-mi","status":"publish","type":"post","link":"http:\/\/denizcankizil.tr\/uk\/haberler\/gundem\/antalya-halk-et-ramazan-bayraminda-acik-olacak-mi\/","title":{"rendered":"Antalya Halk Et Ramazan Bayram\u0131\u2019nda a\u00e7\u0131k olacak m\u0131?"},"content":{"rendered":"<p>Antalya B\u00fcy\u00fck\u015fehir Belediyesi i\u015ftiraklerinden olan ANET b\u00fcnyesinde hizmet veren Halk Et ma\u011fazalar\u0131 vatanda\u015flar\u0131n ucuz ve kaliteli etle bulu\u015fmas\u0131n\u0131 sa\u011fl\u0131yor. Kentin 7 il\u00e7esinde hizmet veren Halk Et Mobil TIR\u2019lar\u0131n\u0131n bu haftaki duraklar\u0131 belli olurken vatanda\u015flar, Ramazan Bayram\u0131 boyunca i\u015fletmenin hizmet verip vermeyece\u011fini merak ediyordu. Konuyla alakal\u0131 resmi kaynaklardan a\u00e7\u0131klama geldi.\u00a0<\/p>\n<p>HALK ET RAMAZAN BAYRAMI\u2019NDA A\u00c7IK OLACAK MI? \u00a0<\/p>\n<p>Antalya\u2019n\u0131n Kemer, Elmal\u0131, Korkuteli, Demre, Kumluca, Finike ve Ka\u015f il\u00e7esinde haftan\u0131n 7 g\u00fcn\u00fc boyunca hizmet veren Halk Et Mobil TIR\u2019lar\u0131 Ramazan Bayram\u0131\u2019nda kapal\u0131 olacak. Her hafta farkl\u0131 bir il\u00e7eyi hizmet veren TIR\u2019lar, 29 Mart 2025 Cumartesini g\u00fcn\u00fc yani arife (arefe) g\u00fcn\u00fc a\u00e7\u0131k olacak. Fakat Ramazan Bayram\u0131\u2019n\u0131n ilk g\u00fcn\u00fc olan 30 Mart g\u00fcn\u00fc i\u015fletme kapal\u0131 olacak. 31 Mart ve 1 Nisan tarihlerinde de (bayram\u0131n 1\u2019nci ve 2\u2019nci g\u00fcn\u00fc) Halk Et Mobil TIR\u2019lar\u0131 hizmet vermeyecek. \u00a0\u00a0<\/p>\n<p>HALK ET\u2019\u0130N BU HAFTAK\u0130 DURAKLARI\u00a0<\/p>\n<p>Halk Et\u2019in 24 Mart 2025 Pazartesi g\u00fcn\u00fcnden 29 Mart Cumartesi g\u00fcn\u00fcne kadar ki duraklar\u0131 belli oldu. \u0130\u015fletmenin bu haftaki ilk dura\u011f\u0131 Kemer olacak. Kemer\u2019in ard\u0131ndan Halk Et, s\u0131ras\u0131yla Antalya&#8217;n\u0131n Elmal\u0131, Korkuteli, Demre, Kumluca ve Finike il\u00e7elerinde hizmet verecek. Halk Et, hafta i\u00e7i saat 10.00 ile 18.00, pazar g\u00fcn\u00fc ise 10.00 ile 17.00 aras\u0131nda a\u00e7\u0131k olacak. 30 Mart ve 1 Nisan Ramazan Bayram\u0131 tatilinde ise i\u015fletme kapal\u0131 olacak.\u00a0<\/p>\n<p>Halk Et Mobil Sat\u0131\u015f Ma\u011fazalar\u0131m\u0131za davetlisiniz. \ud83d\udce3<\/p>\n<p>\u0130l\u00e7elerimizde de kaliteli ve sa\u011fl\u0131kl\u0131 eti vatanda\u015flar\u0131m\u0131zla bulu\u015fturmaya devam ediyoruz. #B\u00fcy\u00fck\u015fehir\u00c7al\u0131\u015f\u0131yorAntalyaKazan\u0131yor pic.twitter.com\/cDMWgyBMIL<br \/>\n\u2014 ANTALYA B\u00dcY\u00dcK\u015eEH\u0130R (@ANTALYABB) March 25, 2025<\/p>\n<p>\u200bAntalya B\u00fcy\u00fck\u015fehir Belediyesi b\u00fcnyesinde hizmet veren Halk Et Mobil TIR\u2019lar\u0131n\u0131n Ramazan Bayram\u0131\u2019nda a\u00e7\u0131k olup olmayaca\u011f\u0131 merak konusu oldu. Konuyla alakal\u0131 resmi kaynaklardan a\u00e7\u0131klama yap\u0131ld\u0131. \u0130\u015fte detaylar\u2026\u00a0<\/p>\n<p>\u200bHaberin Al\u0131nt\u0131land\u0131\u011f\u0131 Kaynak: www.antalyakorfez.com<\/p>","protected":false},"excerpt":{"rendered":"<p>Antalya B\u00fcy\u00fck\u015fehir Belediyesi i\u015ftiraklerinden olan ANET b\u00fcnyesinde hizmet veren Halk Et ma\u011fazalar\u0131 vatanda\u015flar\u0131n ucuz ve kaliteli etle bulu\u015fmas\u0131n\u0131 sa\u011fl\u0131yor. Kentin 7 il\u00e7esinde hizmet veren Halk Et Mobil TIR\u2019lar\u0131n\u0131n bu haftaki duraklar\u0131 belli olurken vatanda\u015flar, Ramazan Bayram\u0131 boyunca i\u015fletmenin hizmet verip vermeyece\u011fini merak ediyordu. Konuyla alakal\u0131 resmi kaynaklardan a\u00e7\u0131klama geldi.\u00a0 HALK ET RAMAZAN BAYRAMI\u2019NDA A\u00c7IK OLACAK MI? \u00a0 Antalya\u2019n\u0131n Kemer, Elmal\u0131, Korkuteli, Demre, Kumluca, Finike ve Ka\u015f il\u00e7esinde haftan\u0131n 7 g\u00fcn\u00fc boyunca hizmet veren Halk Et Mobil TIR\u2019lar\u0131 Ramazan Bayram\u0131\u2019nda kapal\u0131 olacak. Her hafta farkl\u0131 bir il\u00e7eyi hizmet veren TIR\u2019lar, 29 Mart 2025 Cumartesini g\u00fcn\u00fc yani arife (arefe) g\u00fcn\u00fc a\u00e7\u0131k olacak. Fakat Ramazan Bayram\u0131\u2019n\u0131n ilk g\u00fcn\u00fc olan 30 Mart g\u00fcn\u00fc i\u015fletme kapal\u0131 olacak. 31 Mart ve 1 Nisan tarihlerinde de (bayram\u0131n 1\u2019nci ve 2\u2019nci g\u00fcn\u00fc) Halk Et Mobil TIR\u2019lar\u0131 hizmet vermeyecek. \u00a0\u00a0 HALK ET\u2019\u0130N BU HAFTAK\u0130 DURAKLARI\u00a0 Halk Et\u2019in 24 Mart 2025 Pazartesi g\u00fcn\u00fcnden 29 Mart Cumartesi g\u00fcn\u00fcne kadar ki duraklar\u0131 belli oldu. \u0130\u015fletmenin bu haftaki ilk dura\u011f\u0131 Kemer olacak. Kemer\u2019in ard\u0131ndan Halk Et, s\u0131ras\u0131yla Antalya&#8217;n\u0131n Elmal\u0131, Korkuteli, Demre, Kumluca ve Finike il\u00e7elerinde hizmet verecek. Halk Et, hafta i\u00e7i saat 10.00 ile 18.00, pazar g\u00fcn\u00fc ise 10.00 ile 17.00 aras\u0131nda a\u00e7\u0131k olacak. 30 Mart ve 1 Nisan Ramazan Bayram\u0131 tatilinde ise &hellip;<\/p>","protected":false},"author":5,"featured_media":0,"comment_status":"","ping_status":"open","sticky":false,"template":"","format":"standard","meta":{"_acf_changed":false,"footnotes":""},"categories":[24],"tags":[],"class_list":["post-36977","post","type-post","status-publish","format-standard","has-post-thumbnail","hentry","category-gundem"],"acf":[],"yoast_head":"<!-- This site is optimized with the Yoast SEO Premium plugin v26.6 (Yoast SEO v27.1.1) - https:\/\/yoast.com\/product\/yoast-seo-premium-wordpress\/ -->\n<title>Antalya Halk Et Ramazan Bayram\u0131\u2019nda a\u00e7\u0131k olacak m\u0131? - Av. Deniz Can K\u0131z\u0131l<\/title>\n<meta name=\"robots\" content=\"index, follow, max-snippet:-1, max-image-preview:large, max-video-preview:-1\" \/>\n<link rel=\"canonical\" href=\"http:\/\/denizcankizil.tr\/uk\/haberler\/gundem\/antalya-halk-et-ramazan-bayraminda-acik-olacak-mi\/\" \/>\n<meta property=\"og:locale\" content=\"uk_UA\" \/>\n<meta property=\"og:type\" content=\"article\" \/>\n<meta property=\"og:title\" content=\"Antalya Halk Et Ramazan Bayram\u0131\u2019nda a\u00e7\u0131k olacak m\u0131?\" \/>\n<meta property=\"og:description\" content=\"Antalya B\u00fcy\u00fck\u015fehir Belediyesi i\u015ftiraklerinden olan ANET b\u00fcnyesinde hizmet veren Halk Et ma\u011fazalar\u0131 vatanda\u015flar\u0131n ucuz ve kaliteli etle bulu\u015fmas\u0131n\u0131 sa\u011fl\u0131yor. Kentin 7 il\u00e7esinde hizmet veren Halk Et Mobil TIR\u2019lar\u0131n\u0131n bu haftaki duraklar\u0131 belli olurken vatanda\u015flar, Ramazan Bayram\u0131 boyunca i\u015fletmenin hizmet verip vermeyece\u011fini merak ediyordu. Konuyla alakal\u0131 resmi kaynaklardan a\u00e7\u0131klama geldi.\u00a0 HALK ET RAMAZAN BAYRAMI\u2019NDA A\u00c7IK OLACAK MI? \u00a0 Antalya\u2019n\u0131n Kemer, Elmal\u0131, Korkuteli, Demre, Kumluca, Finike ve Ka\u015f il\u00e7esinde haftan\u0131n 7 g\u00fcn\u00fc boyunca hizmet veren Halk Et Mobil TIR\u2019lar\u0131 Ramazan Bayram\u0131\u2019nda kapal\u0131 olacak. Her hafta farkl\u0131 bir il\u00e7eyi hizmet veren TIR\u2019lar, 29 Mart 2025 Cumartesini g\u00fcn\u00fc yani arife (arefe) g\u00fcn\u00fc a\u00e7\u0131k olacak. Fakat Ramazan Bayram\u0131\u2019n\u0131n ilk g\u00fcn\u00fc olan 30 Mart g\u00fcn\u00fc i\u015fletme kapal\u0131 olacak. 31 Mart ve 1 Nisan tarihlerinde de (bayram\u0131n 1\u2019nci ve 2\u2019nci g\u00fcn\u00fc) Halk Et Mobil TIR\u2019lar\u0131 hizmet vermeyecek. \u00a0\u00a0 HALK ET\u2019\u0130N BU HAFTAK\u0130 DURAKLARI\u00a0 Halk Et\u2019in 24 Mart 2025 Pazartesi g\u00fcn\u00fcnden 29 Mart Cumartesi g\u00fcn\u00fcne kadar ki duraklar\u0131 belli oldu. \u0130\u015fletmenin bu haftaki ilk dura\u011f\u0131 Kemer olacak. Kemer\u2019in ard\u0131ndan Halk Et, s\u0131ras\u0131yla Antalya&#8217;n\u0131n Elmal\u0131, Korkuteli, Demre, Kumluca ve Finike il\u00e7elerinde hizmet verecek. Halk Et, hafta i\u00e7i saat 10.00 ile 18.00, pazar g\u00fcn\u00fc ise 10.00 ile 17.00 aras\u0131nda a\u00e7\u0131k olacak. 30 Mart ve 1 Nisan Ramazan Bayram\u0131 tatilinde ise &hellip;\" \/>\n<meta property=\"og:url\" content=\"http:\/\/denizcankizil.tr\/uk\/haberler\/gundem\/antalya-halk-et-ramazan-bayraminda-acik-olacak-mi\/\" \/>\n<meta property=\"og:site_name\" content=\"Av. Deniz Can K\u0131z\u0131l\" \/>\n<meta property=\"article:published_time\" content=\"2025-03-25T13:41:48+00:00\" \/>\n<meta name=\"author\" content=\"Antalya K\u00f6rfez\" \/>\n<meta name=\"twitter:card\" content=\"summary_large_image\" \/>\n<meta name=\"twitter:label1\" content=\"\u041d\u0430\u043f\u0438\u0441\u0430\u043d\u043e\" \/>\n\t<meta name=\"twitter:data1\" content=\"Antalya K\u00f6rfez\" \/>\n\t<meta name=\"twitter:label2\" content=\"\u041f\u0440\u0438\u0431\u043b. \u0447\u0430\u0441 \u0447\u0438\u0442\u0430\u043d\u043d\u044f\" \/>\n\t<meta name=\"twitter:data2\" content=\"2 \u0445\u0432\u0438\u043b\u0438\u043d\u0438\" \/>\n<script type=\"application\/ld+json\" class=\"yoast-schema-graph\">{\"@context\":\"https:\/\/schema.org\",\"@graph\":[{\"@type\":\"Article\",\"@id\":\"http:\/\/denizcankizil.tr\/uk\/haberler\/gundem\/antalya-halk-et-ramazan-bayraminda-acik-olacak-mi\/#article\",\"isPartOf\":{\"@id\":\"http:\/\/denizcankizil.tr\/uk\/haberler\/gundem\/antalya-halk-et-ramazan-bayraminda-acik-olacak-mi\/\"},\"author\":{\"name\":\"Antalya K\u00f6rfez\",\"@id\":\"https:\/\/denizcankizil.tr\/de\/#\/schema\/person\/e1eb71bb4dd684d46563f0af307e1234\"},\"headline\":\"Antalya Halk Et Ramazan Bayram\u0131\u2019nda a\u00e7\u0131k olacak m\u0131?\",\"datePublished\":\"2025-03-25T13:41:48+00:00\",\"mainEntityOfPage\":{\"@id\":\"http:\/\/denizcankizil.tr\/uk\/haberler\/gundem\/antalya-halk-et-ramazan-bayraminda-acik-olacak-mi\/\"},\"wordCount\":345,\"publisher\":{\"@id\":\"https:\/\/denizcankizil.tr\/de\/#organization\"},\"articleSection\":[\"G\u00fcndem\"],\"inLanguage\":\"uk\"},{\"@type\":\"WebPage\",\"@id\":\"http:\/\/denizcankizil.tr\/uk\/haberler\/gundem\/antalya-halk-et-ramazan-bayraminda-acik-olacak-mi\/\",\"url\":\"http:\/\/denizcankizil.tr\/uk\/haberler\/gundem\/antalya-halk-et-ramazan-bayraminda-acik-olacak-mi\/\",\"name\":\"Antalya Halk Et Ramazan Bayram\u0131\u2019nda a\u00e7\u0131k olacak m\u0131? - Av. Deniz Can K\u0131z\u0131l\",\"isPartOf\":{\"@id\":\"https:\/\/denizcankizil.tr\/de\/#website\"},\"datePublished\":\"2025-03-25T13:41:48+00:00\",\"breadcrumb\":{\"@id\":\"http:\/\/denizcankizil.tr\/uk\/haberler\/gundem\/antalya-halk-et-ramazan-bayraminda-acik-olacak-mi\/#breadcrumb\"},\"inLanguage\":\"uk\",\"potentialAction\":[{\"@type\":\"ReadAction\",\"target\":[\"http:\/\/denizcankizil.tr\/uk\/haberler\/gundem\/antalya-halk-et-ramazan-bayraminda-acik-olacak-mi\/\"]}]},{\"@type\":\"BreadcrumbList\",\"@id\":\"http:\/\/denizcankizil.tr\/uk\/haberler\/gundem\/antalya-halk-et-ramazan-bayraminda-acik-olacak-mi\/#breadcrumb\",\"itemListElement\":[{\"@type\":\"ListItem\",\"position\":1,\"name\":\"Home\",\"item\":\"https:\/\/denizcankizil.tr\/de\/\"},{\"@type\":\"ListItem\",\"position\":2,\"name\":\"Antalya Halk Et Ramazan Bayram\u0131\u2019nda a\u00e7\u0131k olacak m\u0131?\"}]},{\"@type\":\"WebSite\",\"@id\":\"https:\/\/denizcankizil.tr\/de\/#website\",\"url\":\"https:\/\/denizcankizil.tr\/de\/\",\"name\":\"Av. Deniz Can K\u0131z\u0131l\",\"description\":\"Avukat Deniz Can K\u0131z\u0131l Antalya Barosu\",\"publisher\":{\"@id\":\"https:\/\/denizcankizil.tr\/de\/#organization\"},\"potentialAction\":[{\"@type\":\"SearchAction\",\"target\":{\"@type\":\"EntryPoint\",\"urlTemplate\":\"https:\/\/denizcankizil.tr\/de\/?s={search_term_string}\"},\"query-input\":{\"@type\":\"PropertyValueSpecification\",\"valueRequired\":true,\"valueName\":\"search_term_string\"}}],\"inLanguage\":\"uk\"},{\"@type\":\"Organization\",\"@id\":\"https:\/\/denizcankizil.tr\/de\/#organization\",\"name\":\"Av. Deniz Can K\u0131z\u0131l\",\"url\":\"https:\/\/denizcankizil.tr\/de\/\",\"logo\":{\"@type\":\"ImageObject\",\"inLanguage\":\"uk\",\"@id\":\"https:\/\/denizcankizil.tr\/de\/#\/schema\/logo\/image\/\",\"url\":\"http:\/\/denizcankizil.tr\/wp-content\/uploads\/2024\/10\/siyah-logo-svg.svg\",\"contentUrl\":\"http:\/\/denizcankizil.tr\/wp-content\/uploads\/2024\/10\/siyah-logo-svg.svg\",\"width\":1080,\"height\":1080,\"caption\":\"Av. Deniz Can K\u0131z\u0131l\"},\"image\":{\"@id\":\"https:\/\/denizcankizil.tr\/de\/#\/schema\/logo\/image\/\"}},{\"@type\":\"Person\",\"@id\":\"https:\/\/denizcankizil.tr\/de\/#\/schema\/person\/e1eb71bb4dd684d46563f0af307e1234\",\"name\":\"Antalya K\u00f6rfez\",\"image\":{\"@type\":\"ImageObject\",\"inLanguage\":\"uk\",\"@id\":\"https:\/\/denizcankizil.tr\/de\/#\/schema\/person\/image\/\",\"url\":\"https:\/\/secure.gravatar.com\/avatar\/42b01982558a48a0b501fdcab6a408d3717ea5919095ee2e67b0e521799c5905?s=96&d=mm&r=g\",\"contentUrl\":\"https:\/\/secure.gravatar.com\/avatar\/42b01982558a48a0b501fdcab6a408d3717ea5919095ee2e67b0e521799c5905?s=96&d=mm&r=g\",\"caption\":\"Antalya K\u00f6rfez\"},\"sameAs\":[\"http:\/\/www.antalyakorfez.com\"],\"url\":\"https:\/\/www.antalyakorfez.com\/antalya-halk-et-ramazan-bayraminda-acik-olacak-mi\"}]}<\/script>\n<!-- \/ Yoast SEO Premium plugin. -->","yoast_head_json":{"title":"Antalya Halk Et Ramazan Bayram\u0131\u2019nda a\u00e7\u0131k olacak m\u0131? - Av. Deniz Can K\u0131z\u0131l","robots":{"index":"index","follow":"follow","max-snippet":"max-snippet:-1","max-image-preview":"max-image-preview:large","max-video-preview":"max-video-preview:-1"},"canonical":"http:\/\/denizcankizil.tr\/uk\/haberler\/gundem\/antalya-halk-et-ramazan-bayraminda-acik-olacak-mi\/","og_locale":"uk_UA","og_type":"article","og_title":"Antalya Halk Et Ramazan Bayram\u0131\u2019nda a\u00e7\u0131k olacak m\u0131?","og_description":"Antalya B\u00fcy\u00fck\u015fehir Belediyesi i\u015ftiraklerinden olan ANET b\u00fcnyesinde hizmet veren Halk Et ma\u011fazalar\u0131 vatanda\u015flar\u0131n ucuz ve kaliteli etle bulu\u015fmas\u0131n\u0131 sa\u011fl\u0131yor. Kentin 7 il\u00e7esinde hizmet veren Halk Et Mobil TIR\u2019lar\u0131n\u0131n bu haftaki duraklar\u0131 belli olurken vatanda\u015flar, Ramazan Bayram\u0131 boyunca i\u015fletmenin hizmet verip vermeyece\u011fini merak ediyordu. Konuyla alakal\u0131 resmi kaynaklardan a\u00e7\u0131klama geldi.\u00a0 HALK ET RAMAZAN BAYRAMI\u2019NDA A\u00c7IK OLACAK MI? \u00a0 Antalya\u2019n\u0131n Kemer, Elmal\u0131, Korkuteli, Demre, Kumluca, Finike ve Ka\u015f il\u00e7esinde haftan\u0131n 7 g\u00fcn\u00fc boyunca hizmet veren Halk Et Mobil TIR\u2019lar\u0131 Ramazan Bayram\u0131\u2019nda kapal\u0131 olacak. Her hafta farkl\u0131 bir il\u00e7eyi hizmet veren TIR\u2019lar, 29 Mart 2025 Cumartesini g\u00fcn\u00fc yani arife (arefe) g\u00fcn\u00fc a\u00e7\u0131k olacak. Fakat Ramazan Bayram\u0131\u2019n\u0131n ilk g\u00fcn\u00fc olan 30 Mart g\u00fcn\u00fc i\u015fletme kapal\u0131 olacak. 31 Mart ve 1 Nisan tarihlerinde de (bayram\u0131n 1\u2019nci ve 2\u2019nci g\u00fcn\u00fc) Halk Et Mobil TIR\u2019lar\u0131 hizmet vermeyecek. \u00a0\u00a0 HALK ET\u2019\u0130N BU HAFTAK\u0130 DURAKLARI\u00a0 Halk Et\u2019in 24 Mart 2025 Pazartesi g\u00fcn\u00fcnden 29 Mart Cumartesi g\u00fcn\u00fcne kadar ki duraklar\u0131 belli oldu. \u0130\u015fletmenin bu haftaki ilk dura\u011f\u0131 Kemer olacak. Kemer\u2019in ard\u0131ndan Halk Et, s\u0131ras\u0131yla Antalya&#8217;n\u0131n Elmal\u0131, Korkuteli, Demre, Kumluca ve Finike il\u00e7elerinde hizmet verecek. Halk Et, hafta i\u00e7i saat 10.00 ile 18.00, pazar g\u00fcn\u00fc ise 10.00 ile 17.00 aras\u0131nda a\u00e7\u0131k olacak. 30 Mart ve 1 Nisan Ramazan Bayram\u0131 tatilinde ise &hellip;","og_url":"http:\/\/denizcankizil.tr\/uk\/haberler\/gundem\/antalya-halk-et-ramazan-bayraminda-acik-olacak-mi\/","og_site_name":"Av. Deniz Can K\u0131z\u0131l","article_published_time":"2025-03-25T13:41:48+00:00","author":"Antalya K\u00f6rfez","twitter_card":"summary_large_image","twitter_misc":{"\u041d\u0430\u043f\u0438\u0441\u0430\u043d\u043e":"Antalya K\u00f6rfez","\u041f\u0440\u0438\u0431\u043b. \u0447\u0430\u0441 \u0447\u0438\u0442\u0430\u043d\u043d\u044f":"2 \u0445\u0432\u0438\u043b\u0438\u043d\u0438"},"schema":{"@context":"https:\/\/schema.org","@graph":[{"@type":"Article","@id":"http:\/\/denizcankizil.tr\/uk\/haberler\/gundem\/antalya-halk-et-ramazan-bayraminda-acik-olacak-mi\/#article","isPartOf":{"@id":"http:\/\/denizcankizil.tr\/uk\/haberler\/gundem\/antalya-halk-et-ramazan-bayraminda-acik-olacak-mi\/"},"author":{"name":"Antalya K\u00f6rfez","@id":"https:\/\/denizcankizil.tr\/de\/#\/schema\/person\/e1eb71bb4dd684d46563f0af307e1234"},"headline":"Antalya Halk Et Ramazan Bayram\u0131\u2019nda a\u00e7\u0131k olacak m\u0131?","datePublished":"2025-03-25T13:41:48+00:00","mainEntityOfPage":{"@id":"http:\/\/denizcankizil.tr\/uk\/haberler\/gundem\/antalya-halk-et-ramazan-bayraminda-acik-olacak-mi\/"},"wordCount":345,"publisher":{"@id":"https:\/\/denizcankizil.tr\/de\/#organization"},"articleSection":["G\u00fcndem"],"inLanguage":"uk"},{"@type":"WebPage","@id":"http:\/\/denizcankizil.tr\/uk\/haberler\/gundem\/antalya-halk-et-ramazan-bayraminda-acik-olacak-mi\/","url":"http:\/\/denizcankizil.tr\/uk\/haberler\/gundem\/antalya-halk-et-ramazan-bayraminda-acik-olacak-mi\/","name":"Antalya Halk Et Ramazan Bayram\u0131\u2019nda a\u00e7\u0131k olacak m\u0131? - Av. Deniz Can K\u0131z\u0131l","isPartOf":{"@id":"https:\/\/denizcankizil.tr\/de\/#website"},"datePublished":"2025-03-25T13:41:48+00:00","breadcrumb":{"@id":"http:\/\/denizcankizil.tr\/uk\/haberler\/gundem\/antalya-halk-et-ramazan-bayraminda-acik-olacak-mi\/#breadcrumb"},"inLanguage":"uk","potentialAction":[{"@type":"ReadAction","target":["http:\/\/denizcankizil.tr\/uk\/haberler\/gundem\/antalya-halk-et-ramazan-bayraminda-acik-olacak-mi\/"]}]},{"@type":"BreadcrumbList","@id":"http:\/\/denizcankizil.tr\/uk\/haberler\/gundem\/antalya-halk-et-ramazan-bayraminda-acik-olacak-mi\/#breadcrumb","itemListElement":[{"@type":"ListItem","position":1,"name":"Home","item":"https:\/\/denizcankizil.tr\/de\/"},{"@type":"ListItem","position":2,"name":"Antalya Halk Et Ramazan Bayram\u0131\u2019nda a\u00e7\u0131k olacak m\u0131?"}]},{"@type":"WebSite","@id":"https:\/\/denizcankizil.tr\/de\/#website","url":"https:\/\/denizcankizil.tr\/de\/","name":"Av. Deniz Can K\u0131z\u0131l","description":"Avukat Deniz Can K\u0131z\u0131l Antalya Barosu","publisher":{"@id":"https:\/\/denizcankizil.tr\/de\/#organization"},"potentialAction":[{"@type":"SearchAction","target":{"@type":"EntryPoint","urlTemplate":"https:\/\/denizcankizil.tr\/de\/?s={search_term_string}"},"query-input":{"@type":"PropertyValueSpecification","valueRequired":true,"valueName":"search_term_string"}}],"inLanguage":"uk"},{"@type":"Organization","@id":"https:\/\/denizcankizil.tr\/de\/#organization","name":"Av. Deniz Can K\u0131z\u0131l","url":"https:\/\/denizcankizil.tr\/de\/","logo":{"@type":"ImageObject","inLanguage":"uk","@id":"https:\/\/denizcankizil.tr\/de\/#\/schema\/logo\/image\/","url":"http:\/\/denizcankizil.tr\/wp-content\/uploads\/2024\/10\/siyah-logo-svg.svg","contentUrl":"http:\/\/denizcankizil.tr\/wp-content\/uploads\/2024\/10\/siyah-logo-svg.svg","width":1080,"height":1080,"caption":"Av. Deniz Can K\u0131z\u0131l"},"image":{"@id":"https:\/\/denizcankizil.tr\/de\/#\/schema\/logo\/image\/"}},{"@type":"Person","@id":"https:\/\/denizcankizil.tr\/de\/#\/schema\/person\/e1eb71bb4dd684d46563f0af307e1234","name":"Antalya K\u00f6rfez","image":{"@type":"ImageObject","inLanguage":"uk","@id":"https:\/\/denizcankizil.tr\/de\/#\/schema\/person\/image\/","url":"https:\/\/secure.gravatar.com\/avatar\/42b01982558a48a0b501fdcab6a408d3717ea5919095ee2e67b0e521799c5905?s=96&d=mm&r=g","contentUrl":"https:\/\/secure.gravatar.com\/avatar\/42b01982558a48a0b501fdcab6a408d3717ea5919095ee2e67b0e521799c5905?s=96&d=mm&r=g","caption":"Antalya K\u00f6rfez"},"sameAs":["http:\/\/www.antalyakorfez.com"],"url":"https:\/\/www.antalyakorfez.com\/antalya-halk-et-ramazan-bayraminda-acik-olacak-mi"}]}},"_links":{"self":[{"href":"http:\/\/denizcankizil.tr\/uk\/wp-json\/wp\/v2\/posts\/36977","targetHints":{"allow":["GET"]}}],"collection":[{"href":"http:\/\/denizcankizil.tr\/uk\/wp-json\/wp\/v2\/posts"}],"about":[{"href":"http:\/\/denizcankizil.tr\/uk\/wp-json\/wp\/v2\/types\/post"}],"author":[{"embeddable":true,"href":"http:\/\/denizcankizil.tr\/uk\/wp-json\/wp\/v2\/users\/5"}],"replies":[{"embeddable":true,"href":"http:\/\/denizcankizil.tr\/uk\/wp-json\/wp\/v2\/comments?post=36977"}],"version-history":[{"count":0,"href":"http:\/\/denizcankizil.tr\/uk\/wp-json\/wp\/v2\/posts\/36977\/revisions"}],"wp:attachment":[{"href":"http:\/\/denizcankizil.tr\/uk\/wp-json\/wp\/v2\/media?parent=36977"}],"wp:term":[{"taxonomy":"category","embeddable":true,"href":"http:\/\/denizcankizil.tr\/uk\/wp-json\/wp\/v2\/categories?post=36977"},{"taxonomy":"post_tag","embeddable":true,"href":"http:\/\/denizcankizil.tr\/uk\/wp-json\/wp\/v2\/tags?post=36977"}],"curies":[{"name":"wp","href":"https:\/\/api.w.org\/{rel}","templated":true}]}}