{"id":36811,"date":"2025-03-24T16:42:14","date_gmt":"2025-03-24T13:42:14","guid":{"rendered":"https:\/\/denizcankizil.tr\/uncategorized-tr\/hatay-barosundan-iskenderunda-aciklama\/"},"modified":"2025-03-24T16:42:14","modified_gmt":"2025-03-24T13:42:14","slug":"hatay-barosundan-iskenderunda-aciklama","status":"publish","type":"post","link":"http:\/\/denizcankizil.tr\/uk\/haberler\/gundem\/hatay-barosundan-iskenderunda-aciklama\/","title":{"rendered":"Hatay Barosundan \u0130skenderun&#8217;da a\u00e7\u0131klama!"},"content":{"rendered":"<p>Bas\u0131n a\u00e7\u0131klamas\u0131n\u0131 \u0130skenderun Adliyesi \u00f6n\u00fcnde c\u00fcbbeleriyle kat\u0131l\u0131m sa\u011flayan meslekta\u015flar\u0131yla birlikte yapan Av. Hatay Tut, \u0130stanbul 2. Asliye Hukuk Mahkemesi\u2019nde g\u00f6r\u00fclen davan\u0131n usul ve yasalara ayk\u0131r\u0131 oldu\u011funu s\u00f6yledi.<\/p>\n<p>Baro Ba\u015fkan\u0131 Tut, \u0130stanbul Barosu\u2019na y\u00f6nelik a\u00e7\u0131lan davan\u0131n, Avukatl\u0131k Kanunu\u2019nun 76. maddesinde barolara y\u00fcklenen g\u00f6rev ve sorumluluklar \u00e7er\u00e7evesinde, s\u00f6z konusu a\u00e7\u0131klaman\u0131n hedef g\u00f6sterilerek a\u00e7\u0131ld\u0131\u011f\u0131n\u0131 ve ba\u015fkan ile y\u00f6netim hakk\u0131nda ceza soru\u015fturmas\u0131 ba\u015flat\u0131ld\u0131\u011f\u0131n\u0131 ifade etti.<\/p>\n<p>Davan\u0131n s\u00fcrecini yak\u0131ndan takip ettiklerini ve t\u00fcm duru\u015fmalara kat\u0131ld\u0131klar\u0131n\u0131 vurgulayan Baro Ba\u015fkan\u0131 Av. Hatay Tut &#8220;Yarg\u0131lama maalesef hukukilikten ve objektiflikten uzak bir \u015fekilde yap\u0131lm\u0131\u015f ve akabinde y\u00f6netimin g\u00f6revden al\u0131nmas\u0131na karar verilmi\u015ftir. Avukatlar\u0131n, yarg\u0131n\u0131n kurucu unsuru ve ba\u011f\u0131ms\u0131z oldu\u011fu g\u00f6z ard\u0131 edilmektedir. Ya\u015fanan hukuksuzluklar\u0131n \u00f6n\u00fcne ge\u00e7ebilmek ancak barolar arac\u0131l\u0131\u011f\u0131yla m\u00fcmk\u00fcn olabilir&#8221; dedi.<\/p>\n<p>Ayr\u0131ca, \u0130stanbul Barosu\u2019nun, T\u00fcrkiye\u2019nin savunma hakk\u0131 m\u00fccadelesinde \u00f6nemli bir yer tuttu\u011funun alt\u0131n\u0131 \u00e7izen Baro Ba\u015fkan\u0131 Av. Hatay Tut, s\u00f6z konusu mahkeme karar\u0131n\u0131n ifade \u00f6zg\u00fcrl\u00fc\u011f\u00fc ihlali anlam\u0131na geldi\u011fini ve savunma makam\u0131n\u0131n susturulmas\u0131na y\u00f6nelik yeni bir giri\u015fim olarak de\u011ferlendirdiklerini kaydetti.<\/p>\n<p>\u0130stanbul Barosu\u2019nun yan\u0131nda yer alarak hukukun \u00fcst\u00fcnl\u00fc\u011f\u00fc m\u00fccadelesini s\u00fcrd\u00fcreceklerini yineleyen Baro Ba\u015fkan\u0131 Av. Hatay Tut, \u0130stanbul \u00dcniversitesi y\u00f6netim kurulunun 28 ki\u015finin diplomas\u0131n\u0131 hukuksuz bir \u015fekilde iptal etmesini ve ard\u0131ndan ger\u00e7ekle\u015fen g\u00f6zalt\u0131 operasyonlar\u0131na da dikkat \u00e7ekti.<\/p>\n<p>Bu s\u00fcre\u00e7te, Anayasa\u2019n\u0131n 36. maddesinde d\u00fczenlenen adil yarg\u0131lanma hakk\u0131 ile 38. maddede belirtilen masumiyet karinesinin ihlal edildi\u011fini ifade eden Tut, g\u00f6zalt\u0131 s\u00fcreci boyunca \u015f\u00fcphelilerin avukatlar\u0131n\u0131n dosyaya eri\u015fim sa\u011flanmadan, dosyan\u0131n bas\u0131na s\u0131zd\u0131r\u0131ld\u0131\u011f\u0131n\u0131 ve \u015f\u00fcphelilerin su\u00e7lu ilan edildiklerini dile getirerek &#8220;Bu durum, Anayasa ve Avrupa \u0130nsan Haklar\u0131 S\u00f6zle\u015fmesi\u2019ne a\u00e7\u0131k\u00e7a ayk\u0131r\u0131d\u0131r. Siyaset kurumu i\u00e7erisindeki rekabetin hukuki g\u00fcvenlik ilkesine zarar vermemesi gerektir. \u00dclkemiz i\u00e7in en b\u00fcy\u00fck tehdit, yurtta\u015flar\u0131n hukuk g\u00fcvencesinin ortadan kald\u0131r\u0131lmas\u0131 ve hukuk devleti ilkesinin a\u015f\u0131nd\u0131r\u0131lmas\u0131d\u0131r. Hatay Barosu olarak, insan haklar\u0131 ve hukukun \u00fcst\u00fcnl\u00fc\u011f\u00fcn\u00fc savunma g\u00f6revlerini yerine getirmeye devam edece\u011fiz. Adaletsizli\u011fin kar\u015f\u0131s\u0131nda duracak, her ko\u015fulda hukuk devletini savunmaya devam edece\u011fiz&#8221; \u015feklinde konu\u015ftu.<\/p>\n<p>\u200bHatay Baro Ba\u015fkan\u0131 Av. Hatay Tut, \u0130stanbul Cumhuriyet Ba\u015fsavc\u0131l\u0131\u011f\u0131 taraf\u0131ndan \u0130stanbul Barosu\u2019nun ba\u015fkan ve y\u00f6netiminin g\u00f6revden al\u0131nmas\u0131 talebiyle a\u00e7\u0131lan davaya ili\u015fkin \u0130skenderun\u2019da a\u00e7\u0131klamalarda bulundu.\u00a0<\/p>\n<p>\u200bHaberin Al\u0131nt\u0131land\u0131\u011f\u0131 Kaynak: www.iskenderun.org<\/p>","protected":false},"excerpt":{"rendered":"<p>Bas\u0131n a\u00e7\u0131klamas\u0131n\u0131 \u0130skenderun Adliyesi \u00f6n\u00fcnde c\u00fcbbeleriyle kat\u0131l\u0131m sa\u011flayan meslekta\u015flar\u0131yla birlikte yapan Av. Hatay Tut, \u0130stanbul 2. Asliye Hukuk Mahkemesi\u2019nde g\u00f6r\u00fclen davan\u0131n usul ve yasalara ayk\u0131r\u0131 oldu\u011funu s\u00f6yledi. Baro Ba\u015fkan\u0131 Tut, \u0130stanbul Barosu\u2019na y\u00f6nelik a\u00e7\u0131lan davan\u0131n, Avukatl\u0131k Kanunu\u2019nun 76. maddesinde barolara y\u00fcklenen g\u00f6rev ve sorumluluklar \u00e7er\u00e7evesinde, s\u00f6z konusu a\u00e7\u0131klaman\u0131n hedef g\u00f6sterilerek a\u00e7\u0131ld\u0131\u011f\u0131n\u0131 ve ba\u015fkan ile y\u00f6netim hakk\u0131nda ceza soru\u015fturmas\u0131 ba\u015flat\u0131ld\u0131\u011f\u0131n\u0131 ifade etti. Davan\u0131n s\u00fcrecini yak\u0131ndan takip ettiklerini ve t\u00fcm duru\u015fmalara kat\u0131ld\u0131klar\u0131n\u0131 vurgulayan Baro Ba\u015fkan\u0131 Av. Hatay Tut &#8220;Yarg\u0131lama maalesef hukukilikten ve objektiflikten uzak bir \u015fekilde yap\u0131lm\u0131\u015f ve akabinde y\u00f6netimin g\u00f6revden al\u0131nmas\u0131na karar verilmi\u015ftir. Avukatlar\u0131n, yarg\u0131n\u0131n kurucu unsuru ve ba\u011f\u0131ms\u0131z oldu\u011fu g\u00f6z ard\u0131 edilmektedir. Ya\u015fanan hukuksuzluklar\u0131n \u00f6n\u00fcne ge\u00e7ebilmek ancak barolar arac\u0131l\u0131\u011f\u0131yla m\u00fcmk\u00fcn olabilir&#8221; dedi. Ayr\u0131ca, \u0130stanbul Barosu\u2019nun, T\u00fcrkiye\u2019nin savunma hakk\u0131 m\u00fccadelesinde \u00f6nemli bir yer tuttu\u011funun alt\u0131n\u0131 \u00e7izen Baro Ba\u015fkan\u0131 Av. Hatay Tut, s\u00f6z konusu mahkeme karar\u0131n\u0131n ifade \u00f6zg\u00fcrl\u00fc\u011f\u00fc ihlali anlam\u0131na geldi\u011fini ve savunma makam\u0131n\u0131n susturulmas\u0131na y\u00f6nelik yeni bir giri\u015fim olarak de\u011ferlendirdiklerini kaydetti. \u0130stanbul Barosu\u2019nun yan\u0131nda yer alarak hukukun \u00fcst\u00fcnl\u00fc\u011f\u00fc m\u00fccadelesini s\u00fcrd\u00fcreceklerini yineleyen Baro Ba\u015fkan\u0131 Av. Hatay Tut, \u0130stanbul \u00dcniversitesi y\u00f6netim kurulunun 28 ki\u015finin diplomas\u0131n\u0131 hukuksuz bir \u015fekilde iptal etmesini ve ard\u0131ndan ger\u00e7ekle\u015fen g\u00f6zalt\u0131 operasyonlar\u0131na da dikkat \u00e7ekti. Bu s\u00fcre\u00e7te, Anayasa\u2019n\u0131n 36. maddesinde d\u00fczenlenen adil yarg\u0131lanma hakk\u0131 ile 38. maddede belirtilen masumiyet karinesinin &hellip;<\/p>","protected":false},"author":1,"featured_media":0,"comment_status":"","ping_status":"open","sticky":false,"template":"","format":"standard","meta":{"_acf_changed":false,"footnotes":""},"categories":[24],"tags":[],"class_list":["post-36811","post","type-post","status-publish","format-standard","has-post-thumbnail","hentry","category-gundem"],"acf":[],"yoast_head":"<!-- This site is optimized with the Yoast SEO Premium plugin v26.6 (Yoast SEO v27.1.1) - https:\/\/yoast.com\/product\/yoast-seo-premium-wordpress\/ -->\n<title>Hatay Barosundan \u0130skenderun&#039;da a\u00e7\u0131klama! - Av. Deniz Can K\u0131z\u0131l<\/title>\n<meta name=\"robots\" content=\"index, follow, max-snippet:-1, max-image-preview:large, max-video-preview:-1\" \/>\n<link rel=\"canonical\" href=\"http:\/\/denizcankizil.tr\/uk\/haberler\/gundem\/hatay-barosundan-iskenderunda-aciklama\/\" \/>\n<meta property=\"og:locale\" content=\"uk_UA\" \/>\n<meta property=\"og:type\" content=\"article\" \/>\n<meta property=\"og:title\" content=\"Hatay Barosundan \u0130skenderun&#039;da a\u00e7\u0131klama!\" \/>\n<meta property=\"og:description\" content=\"Bas\u0131n a\u00e7\u0131klamas\u0131n\u0131 \u0130skenderun Adliyesi \u00f6n\u00fcnde c\u00fcbbeleriyle kat\u0131l\u0131m sa\u011flayan meslekta\u015flar\u0131yla birlikte yapan Av. Hatay Tut, \u0130stanbul 2. Asliye Hukuk Mahkemesi\u2019nde g\u00f6r\u00fclen davan\u0131n usul ve yasalara ayk\u0131r\u0131 oldu\u011funu s\u00f6yledi. Baro Ba\u015fkan\u0131 Tut, \u0130stanbul Barosu\u2019na y\u00f6nelik a\u00e7\u0131lan davan\u0131n, Avukatl\u0131k Kanunu\u2019nun 76. maddesinde barolara y\u00fcklenen g\u00f6rev ve sorumluluklar \u00e7er\u00e7evesinde, s\u00f6z konusu a\u00e7\u0131klaman\u0131n hedef g\u00f6sterilerek a\u00e7\u0131ld\u0131\u011f\u0131n\u0131 ve ba\u015fkan ile y\u00f6netim hakk\u0131nda ceza soru\u015fturmas\u0131 ba\u015flat\u0131ld\u0131\u011f\u0131n\u0131 ifade etti. Davan\u0131n s\u00fcrecini yak\u0131ndan takip ettiklerini ve t\u00fcm duru\u015fmalara kat\u0131ld\u0131klar\u0131n\u0131 vurgulayan Baro Ba\u015fkan\u0131 Av. Hatay Tut &#8220;Yarg\u0131lama maalesef hukukilikten ve objektiflikten uzak bir \u015fekilde yap\u0131lm\u0131\u015f ve akabinde y\u00f6netimin g\u00f6revden al\u0131nmas\u0131na karar verilmi\u015ftir. Avukatlar\u0131n, yarg\u0131n\u0131n kurucu unsuru ve ba\u011f\u0131ms\u0131z oldu\u011fu g\u00f6z ard\u0131 edilmektedir. Ya\u015fanan hukuksuzluklar\u0131n \u00f6n\u00fcne ge\u00e7ebilmek ancak barolar arac\u0131l\u0131\u011f\u0131yla m\u00fcmk\u00fcn olabilir&#8221; dedi. Ayr\u0131ca, \u0130stanbul Barosu\u2019nun, T\u00fcrkiye\u2019nin savunma hakk\u0131 m\u00fccadelesinde \u00f6nemli bir yer tuttu\u011funun alt\u0131n\u0131 \u00e7izen Baro Ba\u015fkan\u0131 Av. Hatay Tut, s\u00f6z konusu mahkeme karar\u0131n\u0131n ifade \u00f6zg\u00fcrl\u00fc\u011f\u00fc ihlali anlam\u0131na geldi\u011fini ve savunma makam\u0131n\u0131n susturulmas\u0131na y\u00f6nelik yeni bir giri\u015fim olarak de\u011ferlendirdiklerini kaydetti. \u0130stanbul Barosu\u2019nun yan\u0131nda yer alarak hukukun \u00fcst\u00fcnl\u00fc\u011f\u00fc m\u00fccadelesini s\u00fcrd\u00fcreceklerini yineleyen Baro Ba\u015fkan\u0131 Av. Hatay Tut, \u0130stanbul \u00dcniversitesi y\u00f6netim kurulunun 28 ki\u015finin diplomas\u0131n\u0131 hukuksuz bir \u015fekilde iptal etmesini ve ard\u0131ndan ger\u00e7ekle\u015fen g\u00f6zalt\u0131 operasyonlar\u0131na da dikkat \u00e7ekti. Bu s\u00fcre\u00e7te, Anayasa\u2019n\u0131n 36. maddesinde d\u00fczenlenen adil yarg\u0131lanma hakk\u0131 ile 38. maddede belirtilen masumiyet karinesinin &hellip;\" \/>\n<meta property=\"og:url\" content=\"http:\/\/denizcankizil.tr\/uk\/haberler\/gundem\/hatay-barosundan-iskenderunda-aciklama\/\" \/>\n<meta property=\"og:site_name\" content=\"Av. Deniz Can K\u0131z\u0131l\" \/>\n<meta property=\"article:published_time\" content=\"2025-03-24T13:42:14+00:00\" \/>\n<meta name=\"author\" content=\"admin\" \/>\n<meta name=\"twitter:card\" content=\"summary_large_image\" \/>\n<meta name=\"twitter:label1\" content=\"\u041d\u0430\u043f\u0438\u0441\u0430\u043d\u043e\" \/>\n\t<meta name=\"twitter:data1\" content=\"admin\" \/>\n\t<meta name=\"twitter:label2\" content=\"\u041f\u0440\u0438\u0431\u043b. \u0447\u0430\u0441 \u0447\u0438\u0442\u0430\u043d\u043d\u044f\" \/>\n\t<meta name=\"twitter:data2\" content=\"2 \u0445\u0432\u0438\u043b\u0438\u043d\u0438\" \/>\n<script type=\"application\/ld+json\" class=\"yoast-schema-graph\">{\"@context\":\"https:\/\/schema.org\",\"@graph\":[{\"@type\":\"Article\",\"@id\":\"http:\/\/denizcankizil.tr\/uk\/haberler\/gundem\/hatay-barosundan-iskenderunda-aciklama\/#article\",\"isPartOf\":{\"@id\":\"http:\/\/denizcankizil.tr\/uk\/haberler\/gundem\/hatay-barosundan-iskenderunda-aciklama\/\"},\"author\":{\"name\":\"admin\",\"@id\":\"https:\/\/denizcankizil.tr\/de\/#\/schema\/person\/be3c05fe6a12686905512445d8185489\"},\"headline\":\"Hatay Barosundan \u0130skenderun&#8217;da a\u00e7\u0131klama!\",\"datePublished\":\"2025-03-24T13:42:14+00:00\",\"mainEntityOfPage\":{\"@id\":\"http:\/\/denizcankizil.tr\/uk\/haberler\/gundem\/hatay-barosundan-iskenderunda-aciklama\/\"},\"wordCount\":489,\"publisher\":{\"@id\":\"https:\/\/denizcankizil.tr\/de\/#organization\"},\"articleSection\":[\"G\u00fcndem\"],\"inLanguage\":\"uk\"},{\"@type\":\"WebPage\",\"@id\":\"http:\/\/denizcankizil.tr\/uk\/haberler\/gundem\/hatay-barosundan-iskenderunda-aciklama\/\",\"url\":\"http:\/\/denizcankizil.tr\/uk\/haberler\/gundem\/hatay-barosundan-iskenderunda-aciklama\/\",\"name\":\"Hatay Barosundan \u0130skenderun'da a\u00e7\u0131klama! - Av. Deniz Can K\u0131z\u0131l\",\"isPartOf\":{\"@id\":\"https:\/\/denizcankizil.tr\/de\/#website\"},\"datePublished\":\"2025-03-24T13:42:14+00:00\",\"breadcrumb\":{\"@id\":\"http:\/\/denizcankizil.tr\/uk\/haberler\/gundem\/hatay-barosundan-iskenderunda-aciklama\/#breadcrumb\"},\"inLanguage\":\"uk\",\"potentialAction\":[{\"@type\":\"ReadAction\",\"target\":[\"http:\/\/denizcankizil.tr\/uk\/haberler\/gundem\/hatay-barosundan-iskenderunda-aciklama\/\"]}]},{\"@type\":\"BreadcrumbList\",\"@id\":\"http:\/\/denizcankizil.tr\/uk\/haberler\/gundem\/hatay-barosundan-iskenderunda-aciklama\/#breadcrumb\",\"itemListElement\":[{\"@type\":\"ListItem\",\"position\":1,\"name\":\"Home\",\"item\":\"https:\/\/denizcankizil.tr\/de\/\"},{\"@type\":\"ListItem\",\"position\":2,\"name\":\"Hatay Barosundan \u0130skenderun&#8217;da a\u00e7\u0131klama!\"}]},{\"@type\":\"WebSite\",\"@id\":\"https:\/\/denizcankizil.tr\/de\/#website\",\"url\":\"https:\/\/denizcankizil.tr\/de\/\",\"name\":\"Av. Deniz Can K\u0131z\u0131l\",\"description\":\"Avukat Deniz Can K\u0131z\u0131l Antalya Barosu\",\"publisher\":{\"@id\":\"https:\/\/denizcankizil.tr\/de\/#organization\"},\"potentialAction\":[{\"@type\":\"SearchAction\",\"target\":{\"@type\":\"EntryPoint\",\"urlTemplate\":\"https:\/\/denizcankizil.tr\/de\/?s={search_term_string}\"},\"query-input\":{\"@type\":\"PropertyValueSpecification\",\"valueRequired\":true,\"valueName\":\"search_term_string\"}}],\"inLanguage\":\"uk\"},{\"@type\":\"Organization\",\"@id\":\"https:\/\/denizcankizil.tr\/de\/#organization\",\"name\":\"Av. Deniz Can K\u0131z\u0131l\",\"url\":\"https:\/\/denizcankizil.tr\/de\/\",\"logo\":{\"@type\":\"ImageObject\",\"inLanguage\":\"uk\",\"@id\":\"https:\/\/denizcankizil.tr\/de\/#\/schema\/logo\/image\/\",\"url\":\"http:\/\/denizcankizil.tr\/wp-content\/uploads\/2024\/10\/siyah-logo-svg.svg\",\"contentUrl\":\"http:\/\/denizcankizil.tr\/wp-content\/uploads\/2024\/10\/siyah-logo-svg.svg\",\"width\":1080,\"height\":1080,\"caption\":\"Av. Deniz Can K\u0131z\u0131l\"},\"image\":{\"@id\":\"https:\/\/denizcankizil.tr\/de\/#\/schema\/logo\/image\/\"}},{\"@type\":\"Person\",\"@id\":\"https:\/\/denizcankizil.tr\/de\/#\/schema\/person\/be3c05fe6a12686905512445d8185489\",\"name\":\"admin\",\"image\":{\"@type\":\"ImageObject\",\"inLanguage\":\"uk\",\"@id\":\"https:\/\/denizcankizil.tr\/de\/#\/schema\/person\/image\/\",\"url\":\"https:\/\/secure.gravatar.com\/avatar\/c1fce94c830dc79107e174f890d7210541c4a63e8e5d816341794a2151c9d58c?s=96&d=mm&r=g\",\"contentUrl\":\"https:\/\/secure.gravatar.com\/avatar\/c1fce94c830dc79107e174f890d7210541c4a63e8e5d816341794a2151c9d58c?s=96&d=mm&r=g\",\"caption\":\"admin\"},\"sameAs\":[\"http:\/\/denizcankizil.tr\"],\"url\":\"https:\/\/www.iskenderun.org\/hatay-barosundan-iskenderunda-aciklama\"}]}<\/script>\n<!-- \/ Yoast SEO Premium plugin. -->","yoast_head_json":{"title":"Hatay Barosundan \u0130skenderun'da a\u00e7\u0131klama! - Av. Deniz Can K\u0131z\u0131l","robots":{"index":"index","follow":"follow","max-snippet":"max-snippet:-1","max-image-preview":"max-image-preview:large","max-video-preview":"max-video-preview:-1"},"canonical":"http:\/\/denizcankizil.tr\/uk\/haberler\/gundem\/hatay-barosundan-iskenderunda-aciklama\/","og_locale":"uk_UA","og_type":"article","og_title":"Hatay Barosundan \u0130skenderun'da a\u00e7\u0131klama!","og_description":"Bas\u0131n a\u00e7\u0131klamas\u0131n\u0131 \u0130skenderun Adliyesi \u00f6n\u00fcnde c\u00fcbbeleriyle kat\u0131l\u0131m sa\u011flayan meslekta\u015flar\u0131yla birlikte yapan Av. Hatay Tut, \u0130stanbul 2. Asliye Hukuk Mahkemesi\u2019nde g\u00f6r\u00fclen davan\u0131n usul ve yasalara ayk\u0131r\u0131 oldu\u011funu s\u00f6yledi. Baro Ba\u015fkan\u0131 Tut, \u0130stanbul Barosu\u2019na y\u00f6nelik a\u00e7\u0131lan davan\u0131n, Avukatl\u0131k Kanunu\u2019nun 76. maddesinde barolara y\u00fcklenen g\u00f6rev ve sorumluluklar \u00e7er\u00e7evesinde, s\u00f6z konusu a\u00e7\u0131klaman\u0131n hedef g\u00f6sterilerek a\u00e7\u0131ld\u0131\u011f\u0131n\u0131 ve ba\u015fkan ile y\u00f6netim hakk\u0131nda ceza soru\u015fturmas\u0131 ba\u015flat\u0131ld\u0131\u011f\u0131n\u0131 ifade etti. Davan\u0131n s\u00fcrecini yak\u0131ndan takip ettiklerini ve t\u00fcm duru\u015fmalara kat\u0131ld\u0131klar\u0131n\u0131 vurgulayan Baro Ba\u015fkan\u0131 Av. Hatay Tut &#8220;Yarg\u0131lama maalesef hukukilikten ve objektiflikten uzak bir \u015fekilde yap\u0131lm\u0131\u015f ve akabinde y\u00f6netimin g\u00f6revden al\u0131nmas\u0131na karar verilmi\u015ftir. Avukatlar\u0131n, yarg\u0131n\u0131n kurucu unsuru ve ba\u011f\u0131ms\u0131z oldu\u011fu g\u00f6z ard\u0131 edilmektedir. Ya\u015fanan hukuksuzluklar\u0131n \u00f6n\u00fcne ge\u00e7ebilmek ancak barolar arac\u0131l\u0131\u011f\u0131yla m\u00fcmk\u00fcn olabilir&#8221; dedi. Ayr\u0131ca, \u0130stanbul Barosu\u2019nun, T\u00fcrkiye\u2019nin savunma hakk\u0131 m\u00fccadelesinde \u00f6nemli bir yer tuttu\u011funun alt\u0131n\u0131 \u00e7izen Baro Ba\u015fkan\u0131 Av. Hatay Tut, s\u00f6z konusu mahkeme karar\u0131n\u0131n ifade \u00f6zg\u00fcrl\u00fc\u011f\u00fc ihlali anlam\u0131na geldi\u011fini ve savunma makam\u0131n\u0131n susturulmas\u0131na y\u00f6nelik yeni bir giri\u015fim olarak de\u011ferlendirdiklerini kaydetti. \u0130stanbul Barosu\u2019nun yan\u0131nda yer alarak hukukun \u00fcst\u00fcnl\u00fc\u011f\u00fc m\u00fccadelesini s\u00fcrd\u00fcreceklerini yineleyen Baro Ba\u015fkan\u0131 Av. Hatay Tut, \u0130stanbul \u00dcniversitesi y\u00f6netim kurulunun 28 ki\u015finin diplomas\u0131n\u0131 hukuksuz bir \u015fekilde iptal etmesini ve ard\u0131ndan ger\u00e7ekle\u015fen g\u00f6zalt\u0131 operasyonlar\u0131na da dikkat \u00e7ekti. Bu s\u00fcre\u00e7te, Anayasa\u2019n\u0131n 36. maddesinde d\u00fczenlenen adil yarg\u0131lanma hakk\u0131 ile 38. maddede belirtilen masumiyet karinesinin &hellip;","og_url":"http:\/\/denizcankizil.tr\/uk\/haberler\/gundem\/hatay-barosundan-iskenderunda-aciklama\/","og_site_name":"Av. Deniz Can K\u0131z\u0131l","article_published_time":"2025-03-24T13:42:14+00:00","author":"admin","twitter_card":"summary_large_image","twitter_misc":{"\u041d\u0430\u043f\u0438\u0441\u0430\u043d\u043e":"admin","\u041f\u0440\u0438\u0431\u043b. \u0447\u0430\u0441 \u0447\u0438\u0442\u0430\u043d\u043d\u044f":"2 \u0445\u0432\u0438\u043b\u0438\u043d\u0438"},"schema":{"@context":"https:\/\/schema.org","@graph":[{"@type":"Article","@id":"http:\/\/denizcankizil.tr\/uk\/haberler\/gundem\/hatay-barosundan-iskenderunda-aciklama\/#article","isPartOf":{"@id":"http:\/\/denizcankizil.tr\/uk\/haberler\/gundem\/hatay-barosundan-iskenderunda-aciklama\/"},"author":{"name":"admin","@id":"https:\/\/denizcankizil.tr\/de\/#\/schema\/person\/be3c05fe6a12686905512445d8185489"},"headline":"Hatay Barosundan \u0130skenderun&#8217;da a\u00e7\u0131klama!","datePublished":"2025-03-24T13:42:14+00:00","mainEntityOfPage":{"@id":"http:\/\/denizcankizil.tr\/uk\/haberler\/gundem\/hatay-barosundan-iskenderunda-aciklama\/"},"wordCount":489,"publisher":{"@id":"https:\/\/denizcankizil.tr\/de\/#organization"},"articleSection":["G\u00fcndem"],"inLanguage":"uk"},{"@type":"WebPage","@id":"http:\/\/denizcankizil.tr\/uk\/haberler\/gundem\/hatay-barosundan-iskenderunda-aciklama\/","url":"http:\/\/denizcankizil.tr\/uk\/haberler\/gundem\/hatay-barosundan-iskenderunda-aciklama\/","name":"Hatay Barosundan \u0130skenderun'da a\u00e7\u0131klama! - Av. Deniz Can K\u0131z\u0131l","isPartOf":{"@id":"https:\/\/denizcankizil.tr\/de\/#website"},"datePublished":"2025-03-24T13:42:14+00:00","breadcrumb":{"@id":"http:\/\/denizcankizil.tr\/uk\/haberler\/gundem\/hatay-barosundan-iskenderunda-aciklama\/#breadcrumb"},"inLanguage":"uk","potentialAction":[{"@type":"ReadAction","target":["http:\/\/denizcankizil.tr\/uk\/haberler\/gundem\/hatay-barosundan-iskenderunda-aciklama\/"]}]},{"@type":"BreadcrumbList","@id":"http:\/\/denizcankizil.tr\/uk\/haberler\/gundem\/hatay-barosundan-iskenderunda-aciklama\/#breadcrumb","itemListElement":[{"@type":"ListItem","position":1,"name":"Home","item":"https:\/\/denizcankizil.tr\/de\/"},{"@type":"ListItem","position":2,"name":"Hatay Barosundan \u0130skenderun&#8217;da a\u00e7\u0131klama!"}]},{"@type":"WebSite","@id":"https:\/\/denizcankizil.tr\/de\/#website","url":"https:\/\/denizcankizil.tr\/de\/","name":"Av. Deniz Can K\u0131z\u0131l","description":"Avukat Deniz Can K\u0131z\u0131l Antalya Barosu","publisher":{"@id":"https:\/\/denizcankizil.tr\/de\/#organization"},"potentialAction":[{"@type":"SearchAction","target":{"@type":"EntryPoint","urlTemplate":"https:\/\/denizcankizil.tr\/de\/?s={search_term_string}"},"query-input":{"@type":"PropertyValueSpecification","valueRequired":true,"valueName":"search_term_string"}}],"inLanguage":"uk"},{"@type":"Organization","@id":"https:\/\/denizcankizil.tr\/de\/#organization","name":"Av. Deniz Can K\u0131z\u0131l","url":"https:\/\/denizcankizil.tr\/de\/","logo":{"@type":"ImageObject","inLanguage":"uk","@id":"https:\/\/denizcankizil.tr\/de\/#\/schema\/logo\/image\/","url":"http:\/\/denizcankizil.tr\/wp-content\/uploads\/2024\/10\/siyah-logo-svg.svg","contentUrl":"http:\/\/denizcankizil.tr\/wp-content\/uploads\/2024\/10\/siyah-logo-svg.svg","width":1080,"height":1080,"caption":"Av. Deniz Can K\u0131z\u0131l"},"image":{"@id":"https:\/\/denizcankizil.tr\/de\/#\/schema\/logo\/image\/"}},{"@type":"Person","@id":"https:\/\/denizcankizil.tr\/de\/#\/schema\/person\/be3c05fe6a12686905512445d8185489","name":"\u0430\u0434\u043c\u0456\u043d","image":{"@type":"ImageObject","inLanguage":"uk","@id":"https:\/\/denizcankizil.tr\/de\/#\/schema\/person\/image\/","url":"https:\/\/secure.gravatar.com\/avatar\/c1fce94c830dc79107e174f890d7210541c4a63e8e5d816341794a2151c9d58c?s=96&d=mm&r=g","contentUrl":"https:\/\/secure.gravatar.com\/avatar\/c1fce94c830dc79107e174f890d7210541c4a63e8e5d816341794a2151c9d58c?s=96&d=mm&r=g","caption":"admin"},"sameAs":["http:\/\/denizcankizil.tr"],"url":"https:\/\/www.iskenderun.org\/hatay-barosundan-iskenderunda-aciklama"}]}},"_links":{"self":[{"href":"http:\/\/denizcankizil.tr\/uk\/wp-json\/wp\/v2\/posts\/36811","targetHints":{"allow":["GET"]}}],"collection":[{"href":"http:\/\/denizcankizil.tr\/uk\/wp-json\/wp\/v2\/posts"}],"about":[{"href":"http:\/\/denizcankizil.tr\/uk\/wp-json\/wp\/v2\/types\/post"}],"author":[{"embeddable":true,"href":"http:\/\/denizcankizil.tr\/uk\/wp-json\/wp\/v2\/users\/1"}],"replies":[{"embeddable":true,"href":"http:\/\/denizcankizil.tr\/uk\/wp-json\/wp\/v2\/comments?post=36811"}],"version-history":[{"count":0,"href":"http:\/\/denizcankizil.tr\/uk\/wp-json\/wp\/v2\/posts\/36811\/revisions"}],"wp:attachment":[{"href":"http:\/\/denizcankizil.tr\/uk\/wp-json\/wp\/v2\/media?parent=36811"}],"wp:term":[{"taxonomy":"category","embeddable":true,"href":"http:\/\/denizcankizil.tr\/uk\/wp-json\/wp\/v2\/categories?post=36811"},{"taxonomy":"post_tag","embeddable":true,"href":"http:\/\/denizcankizil.tr\/uk\/wp-json\/wp\/v2\/tags?post=36811"}],"curies":[{"name":"wp","href":"https:\/\/api.w.org\/{rel}","templated":true}]}}