{"id":36745,"date":"2025-03-24T11:42:15","date_gmt":"2025-03-24T08:42:15","guid":{"rendered":"https:\/\/denizcankizil.tr\/uncategorized-tr\/iyi-partili-a-sefik-cirkin-dedigimiz-cikti\/"},"modified":"2025-03-24T11:42:15","modified_gmt":"2025-03-24T08:42:15","slug":"iyi-partili-a-sefik-cirkin-dedigimiz-cikti","status":"publish","type":"post","link":"http:\/\/denizcankizil.tr\/uk\/haberler\/gundem\/iyi-partili-a-sefik-cirkin-dedigimiz-cikti\/","title":{"rendered":"\u0130Y\u0130 Partili A. \u015eefik \u00c7irkin: \u201cDedi\u011fimiz \u00e7\u0131kt\u0131!\u201d"},"content":{"rendered":"<p>Kendi Sosyal Medya hesab\u0131ndan bir payla\u015f\u0131mda bulunan \u0130Y\u0130 Partili A. \u015eefik \u00c7irkin \u201cDedi\u011fimiz \u00e7\u0131kt\u0131 ve Ekrem \u0130mamo\u011flu\u2019nun ter\u00f6rle iltisak\u0131 su\u00e7lamas\u0131n\u0131n alt\u0131n\u0131 dolduramad\u0131lar, bu y\u00fczden o su\u00e7tan tutuklanamad\u0131. Tutuklasalar, mecburen \u2018kayyum\u2019 atanacakt\u0131. Belki de piyasalardaki depremi g\u00f6r\u00fcnce bundan vazge\u00e7menin form\u00fcl\u00fc bulundu\u201d diye konu\u015ftu.<\/p>\n<p>\u0130mamo\u011flu&#8217;nun, mali su\u00e7lardan tutuklanarak g\u00f6revden ge\u00e7ici olarak uzakla\u015ft\u0131r\u0131ld\u0131\u011f\u0131na i\u015faret eden \u0130Y\u0130 Partili \u015eefik \u00c7irkin, \u201cBu kadar yanl\u0131\u015f\u0131n i\u00e7inde en az\u0131ndan kayyum atanmayacak do\u011fru bir i\u015f yap\u0131ld\u0131\u201d dedi.<\/p>\n<p>\u00c7irkin, payla\u015f\u0131m\u0131nda Belediye Ba\u015fkanl\u0131\u011f\u0131 se\u00e7iminde, \u0130stanbul halk\u0131n\u0131n yine CHP&#8217;yi se\u00e7ece\u011fini \u00f6ng\u00f6rd\u00fc\u011f\u00fcn\u00fc de s\u00f6zlerine ekledi.<\/p>\n<p>Ekonomik durumu da ele\u015ftiren \u00c7irkin, \u201cBorsada a\u00e7\u0131\u011fa sat\u0131\u015f durduruldu, yani ola\u011fan\u00fcst\u00fc \u00f6nlemler almak zorunda kald\u0131lar. Kat\u0131l\u0131m\u0131n az olmas\u0131 beklenen CHP&#8217;nin Cumhurba\u015fkanl\u0131\u011f\u0131 \u00f6n se\u00e7iminde \u00fcyelerimin kat\u0131l\u0131m\u0131 patlama yapt\u0131. Toplamda 15 milyon gibi rekor bir kat\u0131l\u0131m oldu. Bu, siyasi tarihin en b\u00fcy\u00fck \u00f6n se\u00e7imi oldu. CHP moral ald\u0131, iktidar ise \u015fa\u015fk\u0131n. H\u00fck\u00fcmetin ald\u0131\u011f\u0131 ekonomik tedbirler etkisiz kald\u0131 ve borsada b\u00fcy\u00fck zarar ya\u015fand\u0131, Ekonomi salland\u0131, h\u00fck\u00fcmetin ald\u0131\u011f\u0131 ekonomik tedbirler havaya u\u00e7tu. Zaten zar zor idare eden millet daha da peri\u015fan oldu. Sokaklar gerildi, gen\u00e7ler soka\u011fa d\u00f6k\u00fcld\u00fc. Ekonomik su\u00e7lamalar da hukuken ge\u00e7erli de\u011fil ve amac\u0131 ne olursa olsun ba\u015far\u0131ya ula\u015fmad\u0131. Bu saatten sonra Ekrem \u0130mamo\u011flu aday olsa da olmasa da, h\u00fck\u00fcmetin i\u015fi art\u0131k \u00e7ok zor, h\u00fck\u00fcmete \u00e7a\u011fr\u0131da bulunuyorum: toplum patlamak \u00fczere. Mesele sadece \u0130mamo\u011flu de\u011fil, bu bir avu\u00e7 az\u0131nl\u0131\u011fa kar\u015f\u0131 \u00e7o\u011funlu\u011fun tepkisi. Yolsuzluk operasyonlar\u0131n\u0131n tek tarafl\u0131 ve siyasi ama\u00e7la yap\u0131lmas\u0131na kar\u015f\u0131 bir tepki\u201d \u015feklinde konu\u015ftu.<\/p>\n<p>H\u00fck\u00fcmetin ba\u015fta ekonomik sorunlar olmak \u00fczere, milletin ve devletin sorunlar\u0131na acil \u00e7areler bulmas\u0131 gerekti\u011finin alt\u0131n\u0131 \u00e7izen \u0130Y\u0130 Partili \u00c7irkin ayr\u0131ca, iktidar yanl\u0131s\u0131 bas\u0131n\u0131n CHP&#8217;ye kurultay yapt\u0131r\u0131lmayaca\u011f\u0131na dair a\u00e7\u0131klamalar\u0131na da de\u011finerek \u015funlar\u0131 s\u00f6yledi: \u201cAllah saklas\u0131n, yeni bir kriz kap\u0131da demektir e\u011fer do\u011fruysa. Umar\u0131z duyulanlar yaland\u0131r. Sakin ve millet odakl\u0131 bir siyaset umudu ta\u015f\u0131yoruz. Sokaklar\u0131n tahrik edilmemesi ve gen\u00e7lerin demokratik taleplerinin kirli eller taraf\u0131ndan kirletilmemesi gerekiyor\u201d<\/p>\n<p>\u200b\u0130Y\u0130 Parti Hatay Milletvekili A. \u015eefik \u00c7irkin, \u0130BB Ba\u015fkan\u0131 Ekrem \u0130mamo\u011flu&#8217;nun ter\u00f6rle iltisak\u0131 su\u00e7lamas\u0131yla ilgili geli\u015fmeleri de\u011ferlendirdi.\u00a0<\/p>\n<p>\u200bHaberin Al\u0131nt\u0131land\u0131\u011f\u0131 Kaynak: www.iskenderun.org<\/p>","protected":false},"excerpt":{"rendered":"<p>Kendi Sosyal Medya hesab\u0131ndan bir payla\u015f\u0131mda bulunan \u0130Y\u0130 Partili A. \u015eefik \u00c7irkin \u201cDedi\u011fimiz \u00e7\u0131kt\u0131 ve Ekrem \u0130mamo\u011flu\u2019nun ter\u00f6rle iltisak\u0131 su\u00e7lamas\u0131n\u0131n alt\u0131n\u0131 dolduramad\u0131lar, bu y\u00fczden o su\u00e7tan tutuklanamad\u0131. Tutuklasalar, mecburen \u2018kayyum\u2019 atanacakt\u0131. Belki de piyasalardaki depremi g\u00f6r\u00fcnce bundan vazge\u00e7menin form\u00fcl\u00fc bulundu\u201d diye konu\u015ftu. \u0130mamo\u011flu&#8217;nun, mali su\u00e7lardan tutuklanarak g\u00f6revden ge\u00e7ici olarak uzakla\u015ft\u0131r\u0131ld\u0131\u011f\u0131na i\u015faret eden \u0130Y\u0130 Partili \u015eefik \u00c7irkin, \u201cBu kadar yanl\u0131\u015f\u0131n i\u00e7inde en az\u0131ndan kayyum atanmayacak do\u011fru bir i\u015f yap\u0131ld\u0131\u201d dedi. \u00c7irkin, payla\u015f\u0131m\u0131nda Belediye Ba\u015fkanl\u0131\u011f\u0131 se\u00e7iminde, \u0130stanbul halk\u0131n\u0131n yine CHP&#8217;yi se\u00e7ece\u011fini \u00f6ng\u00f6rd\u00fc\u011f\u00fcn\u00fc de s\u00f6zlerine ekledi. Ekonomik durumu da ele\u015ftiren \u00c7irkin, \u201cBorsada a\u00e7\u0131\u011fa sat\u0131\u015f durduruldu, yani ola\u011fan\u00fcst\u00fc \u00f6nlemler almak zorunda kald\u0131lar. Kat\u0131l\u0131m\u0131n az olmas\u0131 beklenen CHP&#8217;nin Cumhurba\u015fkanl\u0131\u011f\u0131 \u00f6n se\u00e7iminde \u00fcyelerimin kat\u0131l\u0131m\u0131 patlama yapt\u0131. Toplamda 15 milyon gibi rekor bir kat\u0131l\u0131m oldu. Bu, siyasi tarihin en b\u00fcy\u00fck \u00f6n se\u00e7imi oldu. CHP moral ald\u0131, iktidar ise \u015fa\u015fk\u0131n. H\u00fck\u00fcmetin ald\u0131\u011f\u0131 ekonomik tedbirler etkisiz kald\u0131 ve borsada b\u00fcy\u00fck zarar ya\u015fand\u0131, Ekonomi salland\u0131, h\u00fck\u00fcmetin ald\u0131\u011f\u0131 ekonomik tedbirler havaya u\u00e7tu. Zaten zar zor idare eden millet daha da peri\u015fan oldu. Sokaklar gerildi, gen\u00e7ler soka\u011fa d\u00f6k\u00fcld\u00fc. Ekonomik su\u00e7lamalar da hukuken ge\u00e7erli de\u011fil ve amac\u0131 ne olursa olsun ba\u015far\u0131ya ula\u015fmad\u0131. Bu saatten sonra Ekrem \u0130mamo\u011flu aday olsa da olmasa da, h\u00fck\u00fcmetin i\u015fi art\u0131k \u00e7ok zor, h\u00fck\u00fcmete \u00e7a\u011fr\u0131da bulunuyorum: toplum patlamak \u00fczere. &hellip;<\/p>","protected":false},"author":1,"featured_media":0,"comment_status":"","ping_status":"open","sticky":false,"template":"","format":"standard","meta":{"_acf_changed":false,"footnotes":""},"categories":[24],"tags":[],"class_list":["post-36745","post","type-post","status-publish","format-standard","has-post-thumbnail","hentry","category-gundem"],"acf":[],"yoast_head":"<!-- This site is optimized with the Yoast SEO Premium plugin v26.6 (Yoast SEO v27.1.1) - https:\/\/yoast.com\/product\/yoast-seo-premium-wordpress\/ -->\n<title>\u0130Y\u0130 Partili A. \u015eefik \u00c7irkin: \u201cDedi\u011fimiz \u00e7\u0131kt\u0131!\u201d - Av. Deniz Can K\u0131z\u0131l<\/title>\n<meta name=\"robots\" content=\"index, follow, max-snippet:-1, max-image-preview:large, max-video-preview:-1\" \/>\n<link rel=\"canonical\" href=\"http:\/\/denizcankizil.tr\/uk\/haberler\/gundem\/iyi-partili-a-sefik-cirkin-dedigimiz-cikti\/\" \/>\n<meta property=\"og:locale\" content=\"uk_UA\" \/>\n<meta property=\"og:type\" content=\"article\" \/>\n<meta property=\"og:title\" content=\"\u0130Y\u0130 Partili A. \u015eefik \u00c7irkin: \u201cDedi\u011fimiz \u00e7\u0131kt\u0131!\u201d\" \/>\n<meta property=\"og:description\" content=\"Kendi Sosyal Medya hesab\u0131ndan bir payla\u015f\u0131mda bulunan \u0130Y\u0130 Partili A. \u015eefik \u00c7irkin \u201cDedi\u011fimiz \u00e7\u0131kt\u0131 ve Ekrem \u0130mamo\u011flu\u2019nun ter\u00f6rle iltisak\u0131 su\u00e7lamas\u0131n\u0131n alt\u0131n\u0131 dolduramad\u0131lar, bu y\u00fczden o su\u00e7tan tutuklanamad\u0131. Tutuklasalar, mecburen \u2018kayyum\u2019 atanacakt\u0131. Belki de piyasalardaki depremi g\u00f6r\u00fcnce bundan vazge\u00e7menin form\u00fcl\u00fc bulundu\u201d diye konu\u015ftu. \u0130mamo\u011flu&#8217;nun, mali su\u00e7lardan tutuklanarak g\u00f6revden ge\u00e7ici olarak uzakla\u015ft\u0131r\u0131ld\u0131\u011f\u0131na i\u015faret eden \u0130Y\u0130 Partili \u015eefik \u00c7irkin, \u201cBu kadar yanl\u0131\u015f\u0131n i\u00e7inde en az\u0131ndan kayyum atanmayacak do\u011fru bir i\u015f yap\u0131ld\u0131\u201d dedi. \u00c7irkin, payla\u015f\u0131m\u0131nda Belediye Ba\u015fkanl\u0131\u011f\u0131 se\u00e7iminde, \u0130stanbul halk\u0131n\u0131n yine CHP&#8217;yi se\u00e7ece\u011fini \u00f6ng\u00f6rd\u00fc\u011f\u00fcn\u00fc de s\u00f6zlerine ekledi. Ekonomik durumu da ele\u015ftiren \u00c7irkin, \u201cBorsada a\u00e7\u0131\u011fa sat\u0131\u015f durduruldu, yani ola\u011fan\u00fcst\u00fc \u00f6nlemler almak zorunda kald\u0131lar. Kat\u0131l\u0131m\u0131n az olmas\u0131 beklenen CHP&#8217;nin Cumhurba\u015fkanl\u0131\u011f\u0131 \u00f6n se\u00e7iminde \u00fcyelerimin kat\u0131l\u0131m\u0131 patlama yapt\u0131. Toplamda 15 milyon gibi rekor bir kat\u0131l\u0131m oldu. Bu, siyasi tarihin en b\u00fcy\u00fck \u00f6n se\u00e7imi oldu. CHP moral ald\u0131, iktidar ise \u015fa\u015fk\u0131n. H\u00fck\u00fcmetin ald\u0131\u011f\u0131 ekonomik tedbirler etkisiz kald\u0131 ve borsada b\u00fcy\u00fck zarar ya\u015fand\u0131, Ekonomi salland\u0131, h\u00fck\u00fcmetin ald\u0131\u011f\u0131 ekonomik tedbirler havaya u\u00e7tu. Zaten zar zor idare eden millet daha da peri\u015fan oldu. Sokaklar gerildi, gen\u00e7ler soka\u011fa d\u00f6k\u00fcld\u00fc. Ekonomik su\u00e7lamalar da hukuken ge\u00e7erli de\u011fil ve amac\u0131 ne olursa olsun ba\u015far\u0131ya ula\u015fmad\u0131. Bu saatten sonra Ekrem \u0130mamo\u011flu aday olsa da olmasa da, h\u00fck\u00fcmetin i\u015fi art\u0131k \u00e7ok zor, h\u00fck\u00fcmete \u00e7a\u011fr\u0131da bulunuyorum: toplum patlamak \u00fczere. &hellip;\" \/>\n<meta property=\"og:url\" content=\"http:\/\/denizcankizil.tr\/uk\/haberler\/gundem\/iyi-partili-a-sefik-cirkin-dedigimiz-cikti\/\" \/>\n<meta property=\"og:site_name\" content=\"Av. Deniz Can K\u0131z\u0131l\" \/>\n<meta property=\"article:published_time\" content=\"2025-03-24T08:42:15+00:00\" \/>\n<meta name=\"author\" content=\"admin\" \/>\n<meta name=\"twitter:card\" content=\"summary_large_image\" \/>\n<meta name=\"twitter:label1\" content=\"\u041d\u0430\u043f\u0438\u0441\u0430\u043d\u043e\" \/>\n\t<meta name=\"twitter:data1\" content=\"admin\" \/>\n\t<meta name=\"twitter:label2\" content=\"\u041f\u0440\u0438\u0431\u043b. \u0447\u0430\u0441 \u0447\u0438\u0442\u0430\u043d\u043d\u044f\" \/>\n\t<meta name=\"twitter:data2\" content=\"2 \u0445\u0432\u0438\u043b\u0438\u043d\u0438\" \/>\n<script type=\"application\/ld+json\" class=\"yoast-schema-graph\">{\"@context\":\"https:\/\/schema.org\",\"@graph\":[{\"@type\":\"Article\",\"@id\":\"http:\/\/denizcankizil.tr\/uk\/haberler\/gundem\/iyi-partili-a-sefik-cirkin-dedigimiz-cikti\/#article\",\"isPartOf\":{\"@id\":\"http:\/\/denizcankizil.tr\/uk\/haberler\/gundem\/iyi-partili-a-sefik-cirkin-dedigimiz-cikti\/\"},\"author\":{\"name\":\"admin\",\"@id\":\"https:\/\/denizcankizil.tr\/de\/#\/schema\/person\/be3c05fe6a12686905512445d8185489\"},\"headline\":\"\u0130Y\u0130 Partili A. \u015eefik \u00c7irkin: \u201cDedi\u011fimiz \u00e7\u0131kt\u0131!\u201d\",\"datePublished\":\"2025-03-24T08:42:15+00:00\",\"mainEntityOfPage\":{\"@id\":\"http:\/\/denizcankizil.tr\/uk\/haberler\/gundem\/iyi-partili-a-sefik-cirkin-dedigimiz-cikti\/\"},\"wordCount\":461,\"publisher\":{\"@id\":\"https:\/\/denizcankizil.tr\/de\/#organization\"},\"articleSection\":[\"G\u00fcndem\"],\"inLanguage\":\"uk\"},{\"@type\":\"WebPage\",\"@id\":\"http:\/\/denizcankizil.tr\/uk\/haberler\/gundem\/iyi-partili-a-sefik-cirkin-dedigimiz-cikti\/\",\"url\":\"http:\/\/denizcankizil.tr\/uk\/haberler\/gundem\/iyi-partili-a-sefik-cirkin-dedigimiz-cikti\/\",\"name\":\"\u0130Y\u0130 Partili A. \u015eefik \u00c7irkin: \u201cDedi\u011fimiz \u00e7\u0131kt\u0131!\u201d - Av. Deniz Can K\u0131z\u0131l\",\"isPartOf\":{\"@id\":\"https:\/\/denizcankizil.tr\/de\/#website\"},\"datePublished\":\"2025-03-24T08:42:15+00:00\",\"breadcrumb\":{\"@id\":\"http:\/\/denizcankizil.tr\/uk\/haberler\/gundem\/iyi-partili-a-sefik-cirkin-dedigimiz-cikti\/#breadcrumb\"},\"inLanguage\":\"uk\",\"potentialAction\":[{\"@type\":\"ReadAction\",\"target\":[\"http:\/\/denizcankizil.tr\/uk\/haberler\/gundem\/iyi-partili-a-sefik-cirkin-dedigimiz-cikti\/\"]}]},{\"@type\":\"BreadcrumbList\",\"@id\":\"http:\/\/denizcankizil.tr\/uk\/haberler\/gundem\/iyi-partili-a-sefik-cirkin-dedigimiz-cikti\/#breadcrumb\",\"itemListElement\":[{\"@type\":\"ListItem\",\"position\":1,\"name\":\"Home\",\"item\":\"https:\/\/denizcankizil.tr\/de\/\"},{\"@type\":\"ListItem\",\"position\":2,\"name\":\"\u0130Y\u0130 Partili A. \u015eefik \u00c7irkin: \u201cDedi\u011fimiz \u00e7\u0131kt\u0131!\u201d\"}]},{\"@type\":\"WebSite\",\"@id\":\"https:\/\/denizcankizil.tr\/de\/#website\",\"url\":\"https:\/\/denizcankizil.tr\/de\/\",\"name\":\"Av. Deniz Can K\u0131z\u0131l\",\"description\":\"Avukat Deniz Can K\u0131z\u0131l Antalya Barosu\",\"publisher\":{\"@id\":\"https:\/\/denizcankizil.tr\/de\/#organization\"},\"potentialAction\":[{\"@type\":\"SearchAction\",\"target\":{\"@type\":\"EntryPoint\",\"urlTemplate\":\"https:\/\/denizcankizil.tr\/de\/?s={search_term_string}\"},\"query-input\":{\"@type\":\"PropertyValueSpecification\",\"valueRequired\":true,\"valueName\":\"search_term_string\"}}],\"inLanguage\":\"uk\"},{\"@type\":\"Organization\",\"@id\":\"https:\/\/denizcankizil.tr\/de\/#organization\",\"name\":\"Av. Deniz Can K\u0131z\u0131l\",\"url\":\"https:\/\/denizcankizil.tr\/de\/\",\"logo\":{\"@type\":\"ImageObject\",\"inLanguage\":\"uk\",\"@id\":\"https:\/\/denizcankizil.tr\/de\/#\/schema\/logo\/image\/\",\"url\":\"http:\/\/denizcankizil.tr\/wp-content\/uploads\/2024\/10\/siyah-logo-svg.svg\",\"contentUrl\":\"http:\/\/denizcankizil.tr\/wp-content\/uploads\/2024\/10\/siyah-logo-svg.svg\",\"width\":1080,\"height\":1080,\"caption\":\"Av. Deniz Can K\u0131z\u0131l\"},\"image\":{\"@id\":\"https:\/\/denizcankizil.tr\/de\/#\/schema\/logo\/image\/\"}},{\"@type\":\"Person\",\"@id\":\"https:\/\/denizcankizil.tr\/de\/#\/schema\/person\/be3c05fe6a12686905512445d8185489\",\"name\":\"admin\",\"image\":{\"@type\":\"ImageObject\",\"inLanguage\":\"uk\",\"@id\":\"https:\/\/denizcankizil.tr\/de\/#\/schema\/person\/image\/\",\"url\":\"https:\/\/secure.gravatar.com\/avatar\/c1fce94c830dc79107e174f890d7210541c4a63e8e5d816341794a2151c9d58c?s=96&d=mm&r=g\",\"contentUrl\":\"https:\/\/secure.gravatar.com\/avatar\/c1fce94c830dc79107e174f890d7210541c4a63e8e5d816341794a2151c9d58c?s=96&d=mm&r=g\",\"caption\":\"admin\"},\"sameAs\":[\"http:\/\/denizcankizil.tr\"],\"url\":\"https:\/\/www.iskenderun.org\/iyi-partili-a-sefik-cirkin-dedigimiz-cikti\"}]}<\/script>\n<!-- \/ Yoast SEO Premium plugin. -->","yoast_head_json":{"title":"\u0130Y\u0130 Partili A. \u015eefik \u00c7irkin: \u201cDedi\u011fimiz \u00e7\u0131kt\u0131!\u201d - Av. Deniz Can K\u0131z\u0131l","robots":{"index":"index","follow":"follow","max-snippet":"max-snippet:-1","max-image-preview":"max-image-preview:large","max-video-preview":"max-video-preview:-1"},"canonical":"http:\/\/denizcankizil.tr\/uk\/haberler\/gundem\/iyi-partili-a-sefik-cirkin-dedigimiz-cikti\/","og_locale":"uk_UA","og_type":"article","og_title":"\u0130Y\u0130 Partili A. \u015eefik \u00c7irkin: \u201cDedi\u011fimiz \u00e7\u0131kt\u0131!\u201d","og_description":"Kendi Sosyal Medya hesab\u0131ndan bir payla\u015f\u0131mda bulunan \u0130Y\u0130 Partili A. \u015eefik \u00c7irkin \u201cDedi\u011fimiz \u00e7\u0131kt\u0131 ve Ekrem \u0130mamo\u011flu\u2019nun ter\u00f6rle iltisak\u0131 su\u00e7lamas\u0131n\u0131n alt\u0131n\u0131 dolduramad\u0131lar, bu y\u00fczden o su\u00e7tan tutuklanamad\u0131. Tutuklasalar, mecburen \u2018kayyum\u2019 atanacakt\u0131. Belki de piyasalardaki depremi g\u00f6r\u00fcnce bundan vazge\u00e7menin form\u00fcl\u00fc bulundu\u201d diye konu\u015ftu. \u0130mamo\u011flu&#8217;nun, mali su\u00e7lardan tutuklanarak g\u00f6revden ge\u00e7ici olarak uzakla\u015ft\u0131r\u0131ld\u0131\u011f\u0131na i\u015faret eden \u0130Y\u0130 Partili \u015eefik \u00c7irkin, \u201cBu kadar yanl\u0131\u015f\u0131n i\u00e7inde en az\u0131ndan kayyum atanmayacak do\u011fru bir i\u015f yap\u0131ld\u0131\u201d dedi. \u00c7irkin, payla\u015f\u0131m\u0131nda Belediye Ba\u015fkanl\u0131\u011f\u0131 se\u00e7iminde, \u0130stanbul halk\u0131n\u0131n yine CHP&#8217;yi se\u00e7ece\u011fini \u00f6ng\u00f6rd\u00fc\u011f\u00fcn\u00fc de s\u00f6zlerine ekledi. Ekonomik durumu da ele\u015ftiren \u00c7irkin, \u201cBorsada a\u00e7\u0131\u011fa sat\u0131\u015f durduruldu, yani ola\u011fan\u00fcst\u00fc \u00f6nlemler almak zorunda kald\u0131lar. Kat\u0131l\u0131m\u0131n az olmas\u0131 beklenen CHP&#8217;nin Cumhurba\u015fkanl\u0131\u011f\u0131 \u00f6n se\u00e7iminde \u00fcyelerimin kat\u0131l\u0131m\u0131 patlama yapt\u0131. Toplamda 15 milyon gibi rekor bir kat\u0131l\u0131m oldu. Bu, siyasi tarihin en b\u00fcy\u00fck \u00f6n se\u00e7imi oldu. CHP moral ald\u0131, iktidar ise \u015fa\u015fk\u0131n. H\u00fck\u00fcmetin ald\u0131\u011f\u0131 ekonomik tedbirler etkisiz kald\u0131 ve borsada b\u00fcy\u00fck zarar ya\u015fand\u0131, Ekonomi salland\u0131, h\u00fck\u00fcmetin ald\u0131\u011f\u0131 ekonomik tedbirler havaya u\u00e7tu. Zaten zar zor idare eden millet daha da peri\u015fan oldu. Sokaklar gerildi, gen\u00e7ler soka\u011fa d\u00f6k\u00fcld\u00fc. Ekonomik su\u00e7lamalar da hukuken ge\u00e7erli de\u011fil ve amac\u0131 ne olursa olsun ba\u015far\u0131ya ula\u015fmad\u0131. Bu saatten sonra Ekrem \u0130mamo\u011flu aday olsa da olmasa da, h\u00fck\u00fcmetin i\u015fi art\u0131k \u00e7ok zor, h\u00fck\u00fcmete \u00e7a\u011fr\u0131da bulunuyorum: toplum patlamak \u00fczere. &hellip;","og_url":"http:\/\/denizcankizil.tr\/uk\/haberler\/gundem\/iyi-partili-a-sefik-cirkin-dedigimiz-cikti\/","og_site_name":"Av. Deniz Can K\u0131z\u0131l","article_published_time":"2025-03-24T08:42:15+00:00","author":"admin","twitter_card":"summary_large_image","twitter_misc":{"\u041d\u0430\u043f\u0438\u0441\u0430\u043d\u043e":"admin","\u041f\u0440\u0438\u0431\u043b. \u0447\u0430\u0441 \u0447\u0438\u0442\u0430\u043d\u043d\u044f":"2 \u0445\u0432\u0438\u043b\u0438\u043d\u0438"},"schema":{"@context":"https:\/\/schema.org","@graph":[{"@type":"Article","@id":"http:\/\/denizcankizil.tr\/uk\/haberler\/gundem\/iyi-partili-a-sefik-cirkin-dedigimiz-cikti\/#article","isPartOf":{"@id":"http:\/\/denizcankizil.tr\/uk\/haberler\/gundem\/iyi-partili-a-sefik-cirkin-dedigimiz-cikti\/"},"author":{"name":"admin","@id":"https:\/\/denizcankizil.tr\/de\/#\/schema\/person\/be3c05fe6a12686905512445d8185489"},"headline":"\u0130Y\u0130 Partili A. \u015eefik \u00c7irkin: \u201cDedi\u011fimiz \u00e7\u0131kt\u0131!\u201d","datePublished":"2025-03-24T08:42:15+00:00","mainEntityOfPage":{"@id":"http:\/\/denizcankizil.tr\/uk\/haberler\/gundem\/iyi-partili-a-sefik-cirkin-dedigimiz-cikti\/"},"wordCount":461,"publisher":{"@id":"https:\/\/denizcankizil.tr\/de\/#organization"},"articleSection":["G\u00fcndem"],"inLanguage":"uk"},{"@type":"WebPage","@id":"http:\/\/denizcankizil.tr\/uk\/haberler\/gundem\/iyi-partili-a-sefik-cirkin-dedigimiz-cikti\/","url":"http:\/\/denizcankizil.tr\/uk\/haberler\/gundem\/iyi-partili-a-sefik-cirkin-dedigimiz-cikti\/","name":"\u0130Y\u0130 Partili A. \u015eefik \u00c7irkin: \u201cDedi\u011fimiz \u00e7\u0131kt\u0131!\u201d - Av. Deniz Can K\u0131z\u0131l","isPartOf":{"@id":"https:\/\/denizcankizil.tr\/de\/#website"},"datePublished":"2025-03-24T08:42:15+00:00","breadcrumb":{"@id":"http:\/\/denizcankizil.tr\/uk\/haberler\/gundem\/iyi-partili-a-sefik-cirkin-dedigimiz-cikti\/#breadcrumb"},"inLanguage":"uk","potentialAction":[{"@type":"ReadAction","target":["http:\/\/denizcankizil.tr\/uk\/haberler\/gundem\/iyi-partili-a-sefik-cirkin-dedigimiz-cikti\/"]}]},{"@type":"BreadcrumbList","@id":"http:\/\/denizcankizil.tr\/uk\/haberler\/gundem\/iyi-partili-a-sefik-cirkin-dedigimiz-cikti\/#breadcrumb","itemListElement":[{"@type":"ListItem","position":1,"name":"Home","item":"https:\/\/denizcankizil.tr\/de\/"},{"@type":"ListItem","position":2,"name":"\u0130Y\u0130 Partili A. \u015eefik \u00c7irkin: \u201cDedi\u011fimiz \u00e7\u0131kt\u0131!\u201d"}]},{"@type":"WebSite","@id":"https:\/\/denizcankizil.tr\/de\/#website","url":"https:\/\/denizcankizil.tr\/de\/","name":"Av. Deniz Can K\u0131z\u0131l","description":"Avukat Deniz Can K\u0131z\u0131l Antalya Barosu","publisher":{"@id":"https:\/\/denizcankizil.tr\/de\/#organization"},"potentialAction":[{"@type":"SearchAction","target":{"@type":"EntryPoint","urlTemplate":"https:\/\/denizcankizil.tr\/de\/?s={search_term_string}"},"query-input":{"@type":"PropertyValueSpecification","valueRequired":true,"valueName":"search_term_string"}}],"inLanguage":"uk"},{"@type":"Organization","@id":"https:\/\/denizcankizil.tr\/de\/#organization","name":"Av. Deniz Can K\u0131z\u0131l","url":"https:\/\/denizcankizil.tr\/de\/","logo":{"@type":"ImageObject","inLanguage":"uk","@id":"https:\/\/denizcankizil.tr\/de\/#\/schema\/logo\/image\/","url":"http:\/\/denizcankizil.tr\/wp-content\/uploads\/2024\/10\/siyah-logo-svg.svg","contentUrl":"http:\/\/denizcankizil.tr\/wp-content\/uploads\/2024\/10\/siyah-logo-svg.svg","width":1080,"height":1080,"caption":"Av. Deniz Can K\u0131z\u0131l"},"image":{"@id":"https:\/\/denizcankizil.tr\/de\/#\/schema\/logo\/image\/"}},{"@type":"Person","@id":"https:\/\/denizcankizil.tr\/de\/#\/schema\/person\/be3c05fe6a12686905512445d8185489","name":"\u0430\u0434\u043c\u0456\u043d","image":{"@type":"ImageObject","inLanguage":"uk","@id":"https:\/\/denizcankizil.tr\/de\/#\/schema\/person\/image\/","url":"https:\/\/secure.gravatar.com\/avatar\/c1fce94c830dc79107e174f890d7210541c4a63e8e5d816341794a2151c9d58c?s=96&d=mm&r=g","contentUrl":"https:\/\/secure.gravatar.com\/avatar\/c1fce94c830dc79107e174f890d7210541c4a63e8e5d816341794a2151c9d58c?s=96&d=mm&r=g","caption":"admin"},"sameAs":["http:\/\/denizcankizil.tr"],"url":"https:\/\/www.iskenderun.org\/iyi-partili-a-sefik-cirkin-dedigimiz-cikti"}]}},"_links":{"self":[{"href":"http:\/\/denizcankizil.tr\/uk\/wp-json\/wp\/v2\/posts\/36745","targetHints":{"allow":["GET"]}}],"collection":[{"href":"http:\/\/denizcankizil.tr\/uk\/wp-json\/wp\/v2\/posts"}],"about":[{"href":"http:\/\/denizcankizil.tr\/uk\/wp-json\/wp\/v2\/types\/post"}],"author":[{"embeddable":true,"href":"http:\/\/denizcankizil.tr\/uk\/wp-json\/wp\/v2\/users\/1"}],"replies":[{"embeddable":true,"href":"http:\/\/denizcankizil.tr\/uk\/wp-json\/wp\/v2\/comments?post=36745"}],"version-history":[{"count":0,"href":"http:\/\/denizcankizil.tr\/uk\/wp-json\/wp\/v2\/posts\/36745\/revisions"}],"wp:attachment":[{"href":"http:\/\/denizcankizil.tr\/uk\/wp-json\/wp\/v2\/media?parent=36745"}],"wp:term":[{"taxonomy":"category","embeddable":true,"href":"http:\/\/denizcankizil.tr\/uk\/wp-json\/wp\/v2\/categories?post=36745"},{"taxonomy":"post_tag","embeddable":true,"href":"http:\/\/denizcankizil.tr\/uk\/wp-json\/wp\/v2\/tags?post=36745"}],"curies":[{"name":"wp","href":"https:\/\/api.w.org\/{rel}","templated":true}]}}