{"id":36388,"date":"2025-03-20T13:41:34","date_gmt":"2025-03-20T10:41:34","guid":{"rendered":"https:\/\/denizcankizil.tr\/uncategorized-tr\/caliskandan-emekli-ikramiyesine-sert-tepki\/"},"modified":"2025-03-20T13:41:34","modified_gmt":"2025-03-20T10:41:34","slug":"caliskandan-emekli-ikramiyesine-sert-tepki","status":"publish","type":"post","link":"http:\/\/denizcankizil.tr\/uk\/haberler\/gundem\/caliskandan-emekli-ikramiyesine-sert-tepki\/","title":{"rendered":"\u00c7al\u0131\u015fkan\u2019dan Emekli \u0130kramiyesine Sert Tepki"},"content":{"rendered":"<p>A\u00e7\u0131klanan rakam\u0131n yetersiz ve kabul edilemez oldu\u011funu\u00a0belirten \u00c7al\u0131\u015fkan,\u00a0&#8220;Emeklilerimiz zaten zor \u015fartlar alt\u0131nda ya\u015fam m\u00fccadelesi veriyor, bu rakam onlara yap\u0131lan bir haks\u0131zl\u0131kt\u0131r!&#8221;\u00a0dedi.<\/p>\n<p>&#8220;MECL\u0130S\u2019E SAYGISIZLIK, EMEKL\u0130YE HAKSIZLIK!&#8221;<\/p>\n<p>Milletvekili \u00c7al\u0131\u015fkan,\u00a0ikramiye miktar\u0131n\u0131n \u00f6nceden duyurulmas\u0131n\u0131 Meclis\u2019e kar\u015f\u0131 bir sayg\u0131s\u0131zl\u0131k olarak de\u011ferlendirdi\u00a0ve \u015fu ifadeleri kulland\u0131: &#8220;Emekli ayl\u0131klar\u0131 ve bayram ikramiyeleri yasayla belirlenir. Ancak ikramiye miktar\u0131n\u0131n Meclis\u2019ten \u00f6nce a\u00e7\u0131klanmas\u0131, yasama organ\u0131n\u0131 hi\u00e7e saymak demektir. Ayr\u0131ca a\u00e7\u0131klanan 4 bin liral\u0131k rakam, artan hayat pahal\u0131l\u0131\u011f\u0131 g\u00f6z \u00f6n\u00fcnde bulunduruldu\u011funda asla yeterli de\u011fildir.&#8221;<\/p>\n<p>&#8220;EMEKL\u0130LER\u0130 TORUNLARINA MAHCUP ETMEY\u0130N!&#8221;<\/p>\n<p>Son bir y\u0131lda\u00a0elektrik, su, do\u011fal gaz ve g\u0131da fiyatlar\u0131ndaki art\u0131\u015fa\u00a0dikkat \u00e7eken \u00c7al\u0131\u015fkan, ikramiyenin\u00a0asgari \u00fccret seviyesine \u00e7\u0131kar\u0131lmas\u0131 gerekti\u011fini\u00a0vurgulad\u0131: &#8220;\u00c7o\u011fu asgari \u00fccretin alt\u0131nda maa\u015f alan emeklilerimize Ramazan ay\u0131nda reva g\u00f6r\u00fclen bu ikramiye kabul edilemez. En az\u0131ndan bayramda emeklilerimizi sevindirin, torunlar\u0131na mahcup etmeyin, y\u00fczlerini e\u011fdirmeyin. Maa\u015flar\u0131na zam yapmad\u0131n\u0131z, bari bu \u015fekilde telafi edin!&#8221;<\/p>\n<p>&#8220;\u0130KRAM\u0130YE EN AZ ASGAR\u0130 \u00dcCRET OLMALI!&#8221;<\/p>\n<p>\u00c7al\u0131\u015fkan,\u00a0emeklilerin hak ettikleri ya\u015fam standard\u0131na ula\u015fmalar\u0131 i\u00e7in daha adil bir d\u00fczenleme yap\u0131lmas\u0131 gerekti\u011fini\u00a0belirterek,\u00a0&#8220;Bu ikramiye en az bir asgari \u00fccret olmal\u0131d\u0131r!&#8221;\u00a0\u00e7a\u011fr\u0131s\u0131nda bulundu.\u00a0Meclis\u2019in bu konuda gereken ad\u0131mlar\u0131 atmas\u0131 gerekti\u011fini\u00a0s\u00f6yleyen \u00c7al\u0131\u015fkan, emeklilerin daha fazla ma\u011fdur edilmemesi i\u00e7in konunun takip\u00e7isi olacaklar\u0131n\u0131 ifade etti.<\/p>\n<p>\u200b&#8221;B\u00fcy\u00fck Bir Hayal K\u0131r\u0131kl\u0131\u011f\u0131!\u201d<br \/>\nSaadet Partisi Hatay Milletvekili\u00a0Do\u00e7. Dr. Necmettin \u00c7al\u0131\u015fkan, h\u00fck\u00fcmetin emeklilere verilecek bayram ikramiyesine ili\u015fkin yapt\u0131\u011f\u0131 a\u00e7\u0131klamaya sert tepki g\u00f6sterdi.\u00a0<\/p>\n<p>\u200bHaberin Al\u0131nt\u0131land\u0131\u011f\u0131 Kaynak: www.iskenderun.org<\/p>","protected":false},"excerpt":{"rendered":"<p>A\u00e7\u0131klanan rakam\u0131n yetersiz ve kabul edilemez oldu\u011funu\u00a0belirten \u00c7al\u0131\u015fkan,\u00a0&#8220;Emeklilerimiz zaten zor \u015fartlar alt\u0131nda ya\u015fam m\u00fccadelesi veriyor, bu rakam onlara yap\u0131lan bir haks\u0131zl\u0131kt\u0131r!&#8221;\u00a0dedi. &#8220;MECL\u0130S\u2019E SAYGISIZLIK, EMEKL\u0130YE HAKSIZLIK!&#8221; Milletvekili \u00c7al\u0131\u015fkan,\u00a0ikramiye miktar\u0131n\u0131n \u00f6nceden duyurulmas\u0131n\u0131 Meclis\u2019e kar\u015f\u0131 bir sayg\u0131s\u0131zl\u0131k olarak de\u011ferlendirdi\u00a0ve \u015fu ifadeleri kulland\u0131: &#8220;Emekli ayl\u0131klar\u0131 ve bayram ikramiyeleri yasayla belirlenir. Ancak ikramiye miktar\u0131n\u0131n Meclis\u2019ten \u00f6nce a\u00e7\u0131klanmas\u0131, yasama organ\u0131n\u0131 hi\u00e7e saymak demektir. Ayr\u0131ca a\u00e7\u0131klanan 4 bin liral\u0131k rakam, artan hayat pahal\u0131l\u0131\u011f\u0131 g\u00f6z \u00f6n\u00fcnde bulunduruldu\u011funda asla yeterli de\u011fildir.&#8221; &#8220;EMEKL\u0130LER\u0130 TORUNLARINA MAHCUP ETMEY\u0130N!&#8221; Son bir y\u0131lda\u00a0elektrik, su, do\u011fal gaz ve g\u0131da fiyatlar\u0131ndaki art\u0131\u015fa\u00a0dikkat \u00e7eken \u00c7al\u0131\u015fkan, ikramiyenin\u00a0asgari \u00fccret seviyesine \u00e7\u0131kar\u0131lmas\u0131 gerekti\u011fini\u00a0vurgulad\u0131: &#8220;\u00c7o\u011fu asgari \u00fccretin alt\u0131nda maa\u015f alan emeklilerimize Ramazan ay\u0131nda reva g\u00f6r\u00fclen bu ikramiye kabul edilemez. En az\u0131ndan bayramda emeklilerimizi sevindirin, torunlar\u0131na mahcup etmeyin, y\u00fczlerini e\u011fdirmeyin. Maa\u015flar\u0131na zam yapmad\u0131n\u0131z, bari bu \u015fekilde telafi edin!&#8221; &#8220;\u0130KRAM\u0130YE EN AZ ASGAR\u0130 \u00dcCRET OLMALI!&#8221; \u00c7al\u0131\u015fkan,\u00a0emeklilerin hak ettikleri ya\u015fam standard\u0131na ula\u015fmalar\u0131 i\u00e7in daha adil bir d\u00fczenleme yap\u0131lmas\u0131 gerekti\u011fini\u00a0belirterek,\u00a0&#8220;Bu ikramiye en az bir asgari \u00fccret olmal\u0131d\u0131r!&#8221;\u00a0\u00e7a\u011fr\u0131s\u0131nda bulundu.\u00a0Meclis\u2019in bu konuda gereken ad\u0131mlar\u0131 atmas\u0131 gerekti\u011fini\u00a0s\u00f6yleyen \u00c7al\u0131\u015fkan, emeklilerin daha fazla ma\u011fdur edilmemesi i\u00e7in konunun takip\u00e7isi olacaklar\u0131n\u0131 ifade etti. \u200b&#8221;B\u00fcy\u00fck Bir Hayal K\u0131r\u0131kl\u0131\u011f\u0131!\u201d Saadet Partisi Hatay Milletvekili\u00a0Do\u00e7. Dr. Necmettin \u00c7al\u0131\u015fkan, h\u00fck\u00fcmetin emeklilere verilecek bayram ikramiyesine ili\u015fkin yapt\u0131\u011f\u0131 a\u00e7\u0131klamaya sert tepki g\u00f6sterdi.\u00a0 \u200bHaberin Al\u0131nt\u0131land\u0131\u011f\u0131 Kaynak: www.iskenderun.org<\/p>","protected":false},"author":1,"featured_media":0,"comment_status":"","ping_status":"open","sticky":false,"template":"","format":"standard","meta":{"_acf_changed":false,"footnotes":""},"categories":[24],"tags":[],"class_list":["post-36388","post","type-post","status-publish","format-standard","has-post-thumbnail","hentry","category-gundem"],"acf":[],"yoast_head":"<!-- This site is optimized with the Yoast SEO Premium plugin v26.6 (Yoast SEO v27.1.1) - https:\/\/yoast.com\/product\/yoast-seo-premium-wordpress\/ -->\n<title>\u00c7al\u0131\u015fkan\u2019dan Emekli \u0130kramiyesine Sert Tepki - Av. Deniz Can K\u0131z\u0131l<\/title>\n<meta name=\"robots\" content=\"index, follow, max-snippet:-1, max-image-preview:large, max-video-preview:-1\" \/>\n<link rel=\"canonical\" href=\"http:\/\/denizcankizil.tr\/uk\/haberler\/gundem\/caliskandan-emekli-ikramiyesine-sert-tepki\/\" \/>\n<meta property=\"og:locale\" content=\"uk_UA\" \/>\n<meta property=\"og:type\" content=\"article\" \/>\n<meta property=\"og:title\" content=\"\u00c7al\u0131\u015fkan\u2019dan Emekli \u0130kramiyesine Sert Tepki\" \/>\n<meta property=\"og:description\" content=\"A\u00e7\u0131klanan rakam\u0131n yetersiz ve kabul edilemez oldu\u011funu\u00a0belirten \u00c7al\u0131\u015fkan,\u00a0&#8220;Emeklilerimiz zaten zor \u015fartlar alt\u0131nda ya\u015fam m\u00fccadelesi veriyor, bu rakam onlara yap\u0131lan bir haks\u0131zl\u0131kt\u0131r!&#8221;\u00a0dedi. &#8220;MECL\u0130S\u2019E SAYGISIZLIK, EMEKL\u0130YE HAKSIZLIK!&#8221; Milletvekili \u00c7al\u0131\u015fkan,\u00a0ikramiye miktar\u0131n\u0131n \u00f6nceden duyurulmas\u0131n\u0131 Meclis\u2019e kar\u015f\u0131 bir sayg\u0131s\u0131zl\u0131k olarak de\u011ferlendirdi\u00a0ve \u015fu ifadeleri kulland\u0131: &#8220;Emekli ayl\u0131klar\u0131 ve bayram ikramiyeleri yasayla belirlenir. Ancak ikramiye miktar\u0131n\u0131n Meclis\u2019ten \u00f6nce a\u00e7\u0131klanmas\u0131, yasama organ\u0131n\u0131 hi\u00e7e saymak demektir. Ayr\u0131ca a\u00e7\u0131klanan 4 bin liral\u0131k rakam, artan hayat pahal\u0131l\u0131\u011f\u0131 g\u00f6z \u00f6n\u00fcnde bulunduruldu\u011funda asla yeterli de\u011fildir.&#8221; &#8220;EMEKL\u0130LER\u0130 TORUNLARINA MAHCUP ETMEY\u0130N!&#8221; Son bir y\u0131lda\u00a0elektrik, su, do\u011fal gaz ve g\u0131da fiyatlar\u0131ndaki art\u0131\u015fa\u00a0dikkat \u00e7eken \u00c7al\u0131\u015fkan, ikramiyenin\u00a0asgari \u00fccret seviyesine \u00e7\u0131kar\u0131lmas\u0131 gerekti\u011fini\u00a0vurgulad\u0131: &#8220;\u00c7o\u011fu asgari \u00fccretin alt\u0131nda maa\u015f alan emeklilerimize Ramazan ay\u0131nda reva g\u00f6r\u00fclen bu ikramiye kabul edilemez. En az\u0131ndan bayramda emeklilerimizi sevindirin, torunlar\u0131na mahcup etmeyin, y\u00fczlerini e\u011fdirmeyin. Maa\u015flar\u0131na zam yapmad\u0131n\u0131z, bari bu \u015fekilde telafi edin!&#8221; &#8220;\u0130KRAM\u0130YE EN AZ ASGAR\u0130 \u00dcCRET OLMALI!&#8221; \u00c7al\u0131\u015fkan,\u00a0emeklilerin hak ettikleri ya\u015fam standard\u0131na ula\u015fmalar\u0131 i\u00e7in daha adil bir d\u00fczenleme yap\u0131lmas\u0131 gerekti\u011fini\u00a0belirterek,\u00a0&#8220;Bu ikramiye en az bir asgari \u00fccret olmal\u0131d\u0131r!&#8221;\u00a0\u00e7a\u011fr\u0131s\u0131nda bulundu.\u00a0Meclis\u2019in bu konuda gereken ad\u0131mlar\u0131 atmas\u0131 gerekti\u011fini\u00a0s\u00f6yleyen \u00c7al\u0131\u015fkan, emeklilerin daha fazla ma\u011fdur edilmemesi i\u00e7in konunun takip\u00e7isi olacaklar\u0131n\u0131 ifade etti. \u200b&#8221;B\u00fcy\u00fck Bir Hayal K\u0131r\u0131kl\u0131\u011f\u0131!\u201d Saadet Partisi Hatay Milletvekili\u00a0Do\u00e7. Dr. Necmettin \u00c7al\u0131\u015fkan, h\u00fck\u00fcmetin emeklilere verilecek bayram ikramiyesine ili\u015fkin yapt\u0131\u011f\u0131 a\u00e7\u0131klamaya sert tepki g\u00f6sterdi.\u00a0 \u200bHaberin Al\u0131nt\u0131land\u0131\u011f\u0131 Kaynak: www.iskenderun.org\" \/>\n<meta property=\"og:url\" content=\"http:\/\/denizcankizil.tr\/uk\/haberler\/gundem\/caliskandan-emekli-ikramiyesine-sert-tepki\/\" \/>\n<meta property=\"og:site_name\" content=\"Av. Deniz Can K\u0131z\u0131l\" \/>\n<meta property=\"article:published_time\" content=\"2025-03-20T10:41:34+00:00\" \/>\n<meta name=\"author\" content=\"admin\" \/>\n<meta name=\"twitter:card\" content=\"summary_large_image\" \/>\n<meta name=\"twitter:label1\" content=\"\u041d\u0430\u043f\u0438\u0441\u0430\u043d\u043e\" \/>\n\t<meta name=\"twitter:data1\" content=\"admin\" \/>\n\t<meta name=\"twitter:label2\" content=\"\u041f\u0440\u0438\u0431\u043b. \u0447\u0430\u0441 \u0447\u0438\u0442\u0430\u043d\u043d\u044f\" \/>\n\t<meta name=\"twitter:data2\" content=\"2 \u0445\u0432\u0438\u043b\u0438\u043d\u0438\" \/>\n<script type=\"application\/ld+json\" class=\"yoast-schema-graph\">{\"@context\":\"https:\/\/schema.org\",\"@graph\":[{\"@type\":\"Article\",\"@id\":\"http:\/\/denizcankizil.tr\/ru\/haberler\/gundem\/caliskandan-emekli-ikramiyesine-sert-tepki\/#article\",\"isPartOf\":{\"@id\":\"http:\/\/denizcankizil.tr\/ru\/haberler\/gundem\/caliskandan-emekli-ikramiyesine-sert-tepki\/\"},\"author\":{\"name\":\"admin\",\"@id\":\"https:\/\/denizcankizil.tr\/de\/#\/schema\/person\/be3c05fe6a12686905512445d8185489\"},\"headline\":\"\u00c7al\u0131\u015fkan\u2019dan Emekli \u0130kramiyesine Sert Tepki\",\"datePublished\":\"2025-03-20T10:41:34+00:00\",\"mainEntityOfPage\":{\"@id\":\"http:\/\/denizcankizil.tr\/ru\/haberler\/gundem\/caliskandan-emekli-ikramiyesine-sert-tepki\/\"},\"wordCount\":317,\"publisher\":{\"@id\":\"https:\/\/denizcankizil.tr\/de\/#organization\"},\"articleSection\":[\"G\u00fcndem\"],\"inLanguage\":\"uk\"},{\"@type\":\"WebPage\",\"@id\":\"http:\/\/denizcankizil.tr\/ru\/haberler\/gundem\/caliskandan-emekli-ikramiyesine-sert-tepki\/\",\"url\":\"http:\/\/denizcankizil.tr\/ru\/haberler\/gundem\/caliskandan-emekli-ikramiyesine-sert-tepki\/\",\"name\":\"\u00c7al\u0131\u015fkan\u2019dan Emekli \u0130kramiyesine Sert Tepki - Av. Deniz Can K\u0131z\u0131l\",\"isPartOf\":{\"@id\":\"https:\/\/denizcankizil.tr\/de\/#website\"},\"datePublished\":\"2025-03-20T10:41:34+00:00\",\"breadcrumb\":{\"@id\":\"http:\/\/denizcankizil.tr\/ru\/haberler\/gundem\/caliskandan-emekli-ikramiyesine-sert-tepki\/#breadcrumb\"},\"inLanguage\":\"uk\",\"potentialAction\":[{\"@type\":\"ReadAction\",\"target\":[\"http:\/\/denizcankizil.tr\/ru\/haberler\/gundem\/caliskandan-emekli-ikramiyesine-sert-tepki\/\"]}]},{\"@type\":\"BreadcrumbList\",\"@id\":\"http:\/\/denizcankizil.tr\/ru\/haberler\/gundem\/caliskandan-emekli-ikramiyesine-sert-tepki\/#breadcrumb\",\"itemListElement\":[{\"@type\":\"ListItem\",\"position\":1,\"name\":\"Home\",\"item\":\"https:\/\/denizcankizil.tr\/de\/\"},{\"@type\":\"ListItem\",\"position\":2,\"name\":\"\u00c7al\u0131\u015fkan\u2019dan Emekli \u0130kramiyesine Sert Tepki\"}]},{\"@type\":\"WebSite\",\"@id\":\"https:\/\/denizcankizil.tr\/de\/#website\",\"url\":\"https:\/\/denizcankizil.tr\/de\/\",\"name\":\"Av. Deniz Can K\u0131z\u0131l\",\"description\":\"Avukat Deniz Can K\u0131z\u0131l Antalya Barosu\",\"publisher\":{\"@id\":\"https:\/\/denizcankizil.tr\/de\/#organization\"},\"potentialAction\":[{\"@type\":\"SearchAction\",\"target\":{\"@type\":\"EntryPoint\",\"urlTemplate\":\"https:\/\/denizcankizil.tr\/de\/?s={search_term_string}\"},\"query-input\":{\"@type\":\"PropertyValueSpecification\",\"valueRequired\":true,\"valueName\":\"search_term_string\"}}],\"inLanguage\":\"uk\"},{\"@type\":\"Organization\",\"@id\":\"https:\/\/denizcankizil.tr\/de\/#organization\",\"name\":\"Av. Deniz Can K\u0131z\u0131l\",\"url\":\"https:\/\/denizcankizil.tr\/de\/\",\"logo\":{\"@type\":\"ImageObject\",\"inLanguage\":\"uk\",\"@id\":\"https:\/\/denizcankizil.tr\/de\/#\/schema\/logo\/image\/\",\"url\":\"http:\/\/denizcankizil.tr\/wp-content\/uploads\/2024\/10\/siyah-logo-svg.svg\",\"contentUrl\":\"http:\/\/denizcankizil.tr\/wp-content\/uploads\/2024\/10\/siyah-logo-svg.svg\",\"width\":1080,\"height\":1080,\"caption\":\"Av. Deniz Can K\u0131z\u0131l\"},\"image\":{\"@id\":\"https:\/\/denizcankizil.tr\/de\/#\/schema\/logo\/image\/\"}},{\"@type\":\"Person\",\"@id\":\"https:\/\/denizcankizil.tr\/de\/#\/schema\/person\/be3c05fe6a12686905512445d8185489\",\"name\":\"admin\",\"image\":{\"@type\":\"ImageObject\",\"inLanguage\":\"uk\",\"@id\":\"https:\/\/denizcankizil.tr\/de\/#\/schema\/person\/image\/\",\"url\":\"https:\/\/secure.gravatar.com\/avatar\/c1fce94c830dc79107e174f890d7210541c4a63e8e5d816341794a2151c9d58c?s=96&d=mm&r=g\",\"contentUrl\":\"https:\/\/secure.gravatar.com\/avatar\/c1fce94c830dc79107e174f890d7210541c4a63e8e5d816341794a2151c9d58c?s=96&d=mm&r=g\",\"caption\":\"admin\"},\"sameAs\":[\"http:\/\/denizcankizil.tr\"],\"url\":\"https:\/\/www.iskenderun.org\/caliskandan-emekli-ikramiyesine-sert-tepki\"}]}<\/script>\n<!-- \/ Yoast SEO Premium plugin. -->","yoast_head_json":{"title":"\u00c7al\u0131\u015fkan\u2019dan Emekli \u0130kramiyesine Sert Tepki - Av. Deniz Can K\u0131z\u0131l","robots":{"index":"index","follow":"follow","max-snippet":"max-snippet:-1","max-image-preview":"max-image-preview:large","max-video-preview":"max-video-preview:-1"},"canonical":"http:\/\/denizcankizil.tr\/uk\/haberler\/gundem\/caliskandan-emekli-ikramiyesine-sert-tepki\/","og_locale":"uk_UA","og_type":"article","og_title":"\u00c7al\u0131\u015fkan\u2019dan Emekli \u0130kramiyesine Sert Tepki","og_description":"A\u00e7\u0131klanan rakam\u0131n yetersiz ve kabul edilemez oldu\u011funu\u00a0belirten \u00c7al\u0131\u015fkan,\u00a0&#8220;Emeklilerimiz zaten zor \u015fartlar alt\u0131nda ya\u015fam m\u00fccadelesi veriyor, bu rakam onlara yap\u0131lan bir haks\u0131zl\u0131kt\u0131r!&#8221;\u00a0dedi. &#8220;MECL\u0130S\u2019E SAYGISIZLIK, EMEKL\u0130YE HAKSIZLIK!&#8221; Milletvekili \u00c7al\u0131\u015fkan,\u00a0ikramiye miktar\u0131n\u0131n \u00f6nceden duyurulmas\u0131n\u0131 Meclis\u2019e kar\u015f\u0131 bir sayg\u0131s\u0131zl\u0131k olarak de\u011ferlendirdi\u00a0ve \u015fu ifadeleri kulland\u0131: &#8220;Emekli ayl\u0131klar\u0131 ve bayram ikramiyeleri yasayla belirlenir. Ancak ikramiye miktar\u0131n\u0131n Meclis\u2019ten \u00f6nce a\u00e7\u0131klanmas\u0131, yasama organ\u0131n\u0131 hi\u00e7e saymak demektir. Ayr\u0131ca a\u00e7\u0131klanan 4 bin liral\u0131k rakam, artan hayat pahal\u0131l\u0131\u011f\u0131 g\u00f6z \u00f6n\u00fcnde bulunduruldu\u011funda asla yeterli de\u011fildir.&#8221; &#8220;EMEKL\u0130LER\u0130 TORUNLARINA MAHCUP ETMEY\u0130N!&#8221; Son bir y\u0131lda\u00a0elektrik, su, do\u011fal gaz ve g\u0131da fiyatlar\u0131ndaki art\u0131\u015fa\u00a0dikkat \u00e7eken \u00c7al\u0131\u015fkan, ikramiyenin\u00a0asgari \u00fccret seviyesine \u00e7\u0131kar\u0131lmas\u0131 gerekti\u011fini\u00a0vurgulad\u0131: &#8220;\u00c7o\u011fu asgari \u00fccretin alt\u0131nda maa\u015f alan emeklilerimize Ramazan ay\u0131nda reva g\u00f6r\u00fclen bu ikramiye kabul edilemez. En az\u0131ndan bayramda emeklilerimizi sevindirin, torunlar\u0131na mahcup etmeyin, y\u00fczlerini e\u011fdirmeyin. Maa\u015flar\u0131na zam yapmad\u0131n\u0131z, bari bu \u015fekilde telafi edin!&#8221; &#8220;\u0130KRAM\u0130YE EN AZ ASGAR\u0130 \u00dcCRET OLMALI!&#8221; \u00c7al\u0131\u015fkan,\u00a0emeklilerin hak ettikleri ya\u015fam standard\u0131na ula\u015fmalar\u0131 i\u00e7in daha adil bir d\u00fczenleme yap\u0131lmas\u0131 gerekti\u011fini\u00a0belirterek,\u00a0&#8220;Bu ikramiye en az bir asgari \u00fccret olmal\u0131d\u0131r!&#8221;\u00a0\u00e7a\u011fr\u0131s\u0131nda bulundu.\u00a0Meclis\u2019in bu konuda gereken ad\u0131mlar\u0131 atmas\u0131 gerekti\u011fini\u00a0s\u00f6yleyen \u00c7al\u0131\u015fkan, emeklilerin daha fazla ma\u011fdur edilmemesi i\u00e7in konunun takip\u00e7isi olacaklar\u0131n\u0131 ifade etti. \u200b&#8221;B\u00fcy\u00fck Bir Hayal K\u0131r\u0131kl\u0131\u011f\u0131!\u201d Saadet Partisi Hatay Milletvekili\u00a0Do\u00e7. Dr. Necmettin \u00c7al\u0131\u015fkan, h\u00fck\u00fcmetin emeklilere verilecek bayram ikramiyesine ili\u015fkin yapt\u0131\u011f\u0131 a\u00e7\u0131klamaya sert tepki g\u00f6sterdi.\u00a0 \u200bHaberin Al\u0131nt\u0131land\u0131\u011f\u0131 Kaynak: www.iskenderun.org","og_url":"http:\/\/denizcankizil.tr\/uk\/haberler\/gundem\/caliskandan-emekli-ikramiyesine-sert-tepki\/","og_site_name":"Av. Deniz Can K\u0131z\u0131l","article_published_time":"2025-03-20T10:41:34+00:00","author":"admin","twitter_card":"summary_large_image","twitter_misc":{"\u041d\u0430\u043f\u0438\u0441\u0430\u043d\u043e":"admin","\u041f\u0440\u0438\u0431\u043b. \u0447\u0430\u0441 \u0447\u0438\u0442\u0430\u043d\u043d\u044f":"2 \u0445\u0432\u0438\u043b\u0438\u043d\u0438"},"schema":{"@context":"https:\/\/schema.org","@graph":[{"@type":"Article","@id":"http:\/\/denizcankizil.tr\/ru\/haberler\/gundem\/caliskandan-emekli-ikramiyesine-sert-tepki\/#article","isPartOf":{"@id":"http:\/\/denizcankizil.tr\/ru\/haberler\/gundem\/caliskandan-emekli-ikramiyesine-sert-tepki\/"},"author":{"name":"admin","@id":"https:\/\/denizcankizil.tr\/de\/#\/schema\/person\/be3c05fe6a12686905512445d8185489"},"headline":"\u00c7al\u0131\u015fkan\u2019dan Emekli \u0130kramiyesine Sert Tepki","datePublished":"2025-03-20T10:41:34+00:00","mainEntityOfPage":{"@id":"http:\/\/denizcankizil.tr\/ru\/haberler\/gundem\/caliskandan-emekli-ikramiyesine-sert-tepki\/"},"wordCount":317,"publisher":{"@id":"https:\/\/denizcankizil.tr\/de\/#organization"},"articleSection":["G\u00fcndem"],"inLanguage":"uk"},{"@type":"WebPage","@id":"http:\/\/denizcankizil.tr\/ru\/haberler\/gundem\/caliskandan-emekli-ikramiyesine-sert-tepki\/","url":"http:\/\/denizcankizil.tr\/ru\/haberler\/gundem\/caliskandan-emekli-ikramiyesine-sert-tepki\/","name":"\u00c7al\u0131\u015fkan\u2019dan Emekli \u0130kramiyesine Sert Tepki - Av. Deniz Can K\u0131z\u0131l","isPartOf":{"@id":"https:\/\/denizcankizil.tr\/de\/#website"},"datePublished":"2025-03-20T10:41:34+00:00","breadcrumb":{"@id":"http:\/\/denizcankizil.tr\/ru\/haberler\/gundem\/caliskandan-emekli-ikramiyesine-sert-tepki\/#breadcrumb"},"inLanguage":"uk","potentialAction":[{"@type":"ReadAction","target":["http:\/\/denizcankizil.tr\/ru\/haberler\/gundem\/caliskandan-emekli-ikramiyesine-sert-tepki\/"]}]},{"@type":"BreadcrumbList","@id":"http:\/\/denizcankizil.tr\/ru\/haberler\/gundem\/caliskandan-emekli-ikramiyesine-sert-tepki\/#breadcrumb","itemListElement":[{"@type":"ListItem","position":1,"name":"Home","item":"https:\/\/denizcankizil.tr\/de\/"},{"@type":"ListItem","position":2,"name":"\u00c7al\u0131\u015fkan\u2019dan Emekli \u0130kramiyesine Sert Tepki"}]},{"@type":"WebSite","@id":"https:\/\/denizcankizil.tr\/de\/#website","url":"https:\/\/denizcankizil.tr\/de\/","name":"Av. Deniz Can K\u0131z\u0131l","description":"Avukat Deniz Can K\u0131z\u0131l Antalya Barosu","publisher":{"@id":"https:\/\/denizcankizil.tr\/de\/#organization"},"potentialAction":[{"@type":"SearchAction","target":{"@type":"EntryPoint","urlTemplate":"https:\/\/denizcankizil.tr\/de\/?s={search_term_string}"},"query-input":{"@type":"PropertyValueSpecification","valueRequired":true,"valueName":"search_term_string"}}],"inLanguage":"uk"},{"@type":"Organization","@id":"https:\/\/denizcankizil.tr\/de\/#organization","name":"Av. Deniz Can K\u0131z\u0131l","url":"https:\/\/denizcankizil.tr\/de\/","logo":{"@type":"ImageObject","inLanguage":"uk","@id":"https:\/\/denizcankizil.tr\/de\/#\/schema\/logo\/image\/","url":"http:\/\/denizcankizil.tr\/wp-content\/uploads\/2024\/10\/siyah-logo-svg.svg","contentUrl":"http:\/\/denizcankizil.tr\/wp-content\/uploads\/2024\/10\/siyah-logo-svg.svg","width":1080,"height":1080,"caption":"Av. Deniz Can K\u0131z\u0131l"},"image":{"@id":"https:\/\/denizcankizil.tr\/de\/#\/schema\/logo\/image\/"}},{"@type":"Person","@id":"https:\/\/denizcankizil.tr\/de\/#\/schema\/person\/be3c05fe6a12686905512445d8185489","name":"\u0430\u0434\u043c\u0456\u043d","image":{"@type":"ImageObject","inLanguage":"uk","@id":"https:\/\/denizcankizil.tr\/de\/#\/schema\/person\/image\/","url":"https:\/\/secure.gravatar.com\/avatar\/c1fce94c830dc79107e174f890d7210541c4a63e8e5d816341794a2151c9d58c?s=96&d=mm&r=g","contentUrl":"https:\/\/secure.gravatar.com\/avatar\/c1fce94c830dc79107e174f890d7210541c4a63e8e5d816341794a2151c9d58c?s=96&d=mm&r=g","caption":"admin"},"sameAs":["http:\/\/denizcankizil.tr"],"url":"https:\/\/www.iskenderun.org\/caliskandan-emekli-ikramiyesine-sert-tepki"}]}},"_links":{"self":[{"href":"http:\/\/denizcankizil.tr\/uk\/wp-json\/wp\/v2\/posts\/36388","targetHints":{"allow":["GET"]}}],"collection":[{"href":"http:\/\/denizcankizil.tr\/uk\/wp-json\/wp\/v2\/posts"}],"about":[{"href":"http:\/\/denizcankizil.tr\/uk\/wp-json\/wp\/v2\/types\/post"}],"author":[{"embeddable":true,"href":"http:\/\/denizcankizil.tr\/uk\/wp-json\/wp\/v2\/users\/1"}],"replies":[{"embeddable":true,"href":"http:\/\/denizcankizil.tr\/uk\/wp-json\/wp\/v2\/comments?post=36388"}],"version-history":[{"count":0,"href":"http:\/\/denizcankizil.tr\/uk\/wp-json\/wp\/v2\/posts\/36388\/revisions"}],"wp:attachment":[{"href":"http:\/\/denizcankizil.tr\/uk\/wp-json\/wp\/v2\/media?parent=36388"}],"wp:term":[{"taxonomy":"category","embeddable":true,"href":"http:\/\/denizcankizil.tr\/uk\/wp-json\/wp\/v2\/categories?post=36388"},{"taxonomy":"post_tag","embeddable":true,"href":"http:\/\/denizcankizil.tr\/uk\/wp-json\/wp\/v2\/tags?post=36388"}],"curies":[{"name":"wp","href":"https:\/\/api.w.org\/{rel}","templated":true}]}}