{"id":36264,"date":"2025-03-19T10:42:14","date_gmt":"2025-03-19T07:42:14","guid":{"rendered":"https:\/\/denizcankizil.tr\/uncategorized-tr\/chp-antalya-milletvekillerinden-imamoglu-tepkisi\/"},"modified":"2025-03-19T10:42:14","modified_gmt":"2025-03-19T07:42:14","slug":"chp-antalya-milletvekillerinden-imamoglu-tepkisi","status":"publish","type":"post","link":"http:\/\/denizcankizil.tr\/uk\/haberler\/gundem\/chp-antalya-milletvekillerinden-imamoglu-tepkisi\/","title":{"rendered":"CHP Antalya milletvekillerinden \u0130mamo\u011flu tepkisi"},"content":{"rendered":"<p>\u0130stanbul B\u00fcy\u00fck\u015fehir Belediye Ba\u015fkan\u0131 Ekrem \u0130mamo\u011flu ve bas\u0131n dan\u0131\u015fman\u0131 Murat Ongun ile birlikte 105 ki\u015fi hakk\u0131nda sabah saatlerinde g\u00f6zalt\u0131 karar\u0131 verildi. \u0130mamo\u011flu&#8217;nun evine sabah saatlerinde polis g\u00f6nderilirken operasyonun, Medya A.\u015e. ve Kent Uzla\u015f\u0131s\u0131 ile ilgili oldu\u011fu kaydedildi. \u0130mamo\u011flu\u2019nun g\u00f6zalt\u0131na al\u0131nmas\u0131yla birlikte CHP Antalya Milletvekilleri Aliye Co\u015far, Aykut Kaya\u00a0ve Mustafa Erdem\u2019den a\u00e7\u0131klamalar geldi. Co\u015far ve Erdem, g\u00f6zalt\u0131 karar\u0131n\u0131n hukuksuzluk i\u00e7erdi\u011fini ifade ederek demokrasiye darbe vurulmak istendi\u011fini, g\u00f6zalt\u0131 karar\u0131n\u0131n korkakl\u0131k ve acizli\u011fin bir g\u00f6stergesi oldu\u011funu belirtti.<\/p>\n<p>\u201cS\u00dcREC\u0130 APARAT G\u0130B\u0130 KULLANAN AKLIYLA M\u00dcCADELE EDECE\u011e\u0130M\u201d<\/p>\n<p>\u0130stanbul B\u00fcy\u00fck\u015fehir Belediyesi\u2019ne sabah saatlerinde b\u00fcy\u00fck bir operasyon d\u00fczenlenirken, \u0130stanbul B\u00fcy\u00fck\u015fehir Belediye Ba\u015fkan\u0131 Ekrem \u0130mamo\u011flu ile birlikte 105 ki\u015fi g\u00f6zalt\u0131na al\u0131nd\u0131. \u0130mamo\u011flu, g\u00f6zalt\u0131na al\u0131nd\u0131\u011f\u0131 anlarda \u00e7ekti\u011fi bir videoyu payla\u015farak, \u201c\u00dcz\u00fclerek s\u00f6yl\u00fcyorum milletimizin iradesini gasp etmeye \u00e7al\u0131\u015fan bir avu\u00e7 ak\u0131l, benim sevgili polislerimi bu \u00fclkenin emniyet g\u00fc\u00e7lerini k\u00f6t\u00fcl\u00fc\u011fe alet ederek, 16 milyon \u0130stanbullunun konutunun kap\u0131s\u0131na y\u00fczlerce polis y\u0131\u011fm\u0131\u015ft\u0131r. B\u00fcy\u00fck bir zorbal\u0131kla kar\u015f\u0131 kar\u015f\u0131yay\u0131z ama y\u0131lmayaca\u011f\u0131m\u0131 bilmenizi istiyorum. Hepinizi \u00e7ok seviyorum. Ben kendimi milletime emanet ediyorum. Dimdik ayakta olaca\u011f\u0131m\u0131 b\u00fct\u00fcn milletim bilsin. O ki\u015fiye ve onun b\u00fct\u00fcn bu s\u00fcreci aparat gibi kullanan akl\u0131yla m\u00fccadeleye devam edece\u011fim\u201d dedi.<\/p>\n<p>\u201cG\u00d6ZALTI KARARI KORKAKLI\u011eIN VE AC\u0130ZL\u0130\u011e\u0130N G\u00d6STERGES\u0130D\u0130R\u201d <\/p>\n<p>\u0130stanbul B\u00fcy\u00fck\u015fehir Belediye Ba\u015fkan\u0131 Ekrem \u0130mamo\u011flu\u2019nun bu videosunu payla\u015fan Cumhuriyet Halk Partisi (CHP) Antalya Milletvekili Aliye Co\u015far, \u201c\u0130BB Ba\u015fkan\u0131m\u0131z Ekrem \u0130mamo\u011flu&#8217;na kar\u015f\u0131 yap\u0131lan bu hukuksuz uygulama milletin iradesine ve demokrasiye a\u00e7\u0131k\u00e7a darbedir. Bask\u0131lar ve g\u00f6zalt\u0131lar korkakl\u0131\u011f\u0131n ve acizli\u011fin g\u00f6stergesidir. Milletin iradesinin \u00fcst\u00fcnde hi\u00e7bir g\u00fc\u00e7 yoktur\u201d ifadelerini kulland\u0131.<\/p>\n<p>\u201cHALKIN \u0130RADES\u0130NE DARBED\u0130R\u201d <\/p>\n<p>Cumhuriyet Halk Partisi (CHP) Antalya Milletvekili Mustafa Erdem ise, bu g\u00f6zalt\u0131 karar\u0131 ile birlikte halk\u0131n iradesine kar\u015f\u0131 \u00e7\u0131k\u0131ld\u0131\u011f\u0131n\u0131 belirterek, \u201cMilletin yerine karar vermek, halk\u0131n iradesinin yerine ge\u00e7mek ya da ona engel olmak i\u00e7in g\u00fc\u00e7 kullanmak darbedir. \u015eu anda bir sonraki cumhurba\u015fkan\u0131n\u0131 milletin belirlemesine engel olmak \u00fczere bir g\u00fc\u00e7 devrededir. Bir sonraki cumhurba\u015fkan\u0131m\u0131za darbe giri\u015fimi ile kar\u015f\u0131 kar\u015f\u0131yay\u0131z. Milletimiz devletini sever ama birileri taraf\u0131ndan devlet milletin kar\u015f\u0131s\u0131na dikilirse millet buna izin vermez. Esas g\u00fc\u00e7 millettir ve en sonunda millet kazan\u0131r. Yine \u00f6yle olacak. Teslim olmayaca\u011f\u0131z. En sonunda yine milletin dedi\u011fi olacak ve T\u00fcrkiye kazanacak\u201d dedi.\u00a0<\/p>\n<p>&#8220;S\u0130YASET, ME\u015eRU\u0130YET\u0130N\u0130 M\u0130LLETTEN ALIR!&#8221;<\/p>\n<p>CHP Antalya Milletvekili Aykut Kaya, Ekrem \u0130mamo\u011flu\u2019nun g\u00f6zalt\u0131na al\u0131nmas\u0131n\u0131n ard\u0131ndan yapt\u0131\u011f\u0131 a\u00e7\u0131klamada; \u201cSiyaset, me\u015fruiyetini milletten al\u0131r\u201d dedi. Kaya a\u00e7\u0131klamas\u0131nda; \u201cCumhurba\u015fkan\u0131 aday\u0131m\u0131z Say\u0131n Ekrem \u0130mamo\u011flu da, bizler de kendimizi milletimize teslim ettik. Milli iradeyi gasp etmeye kalk\u0131\u015fanlar bilmelidir ki; bizlere boyun e\u011fdiremezler. Milletin verdi\u011fi yetkiyi hi\u00e7bir kurul, hi\u00e7bir vesayet anlay\u0131\u015f\u0131 geri alamaz. O yetki, bu milletin y\u00fcre\u011finde m\u00fch\u00fcrl\u00fcd\u00fcr. Ve biz, o m\u00fch\u00fcrle yolumuza kararl\u0131l\u0131kla devam edece\u011fiz\u201d diye konu\u015ftu.<\/p>\n<p>\u200b\u0130stanbul Belediye Ba\u015fkan\u0131 Ekrem \u0130mamo\u011flu\u2019nun bu sabah saatlerinde g\u00f6zalt\u0131na al\u0131nmas\u0131n\u0131n ard\u0131ndan CHP Antalya milletvekillerinden pe\u015f pe\u015fe a\u00e7\u0131klama geldi.\u00a0<\/p>\n<p>\u200bHaberin Al\u0131nt\u0131land\u0131\u011f\u0131 Kaynak: www.antalyakorfez.com<\/p>","protected":false},"excerpt":{"rendered":"<p>\u0130stanbul B\u00fcy\u00fck\u015fehir Belediye Ba\u015fkan\u0131 Ekrem \u0130mamo\u011flu ve bas\u0131n dan\u0131\u015fman\u0131 Murat Ongun ile birlikte 105 ki\u015fi hakk\u0131nda sabah saatlerinde g\u00f6zalt\u0131 karar\u0131 verildi. \u0130mamo\u011flu&#8217;nun evine sabah saatlerinde polis g\u00f6nderilirken operasyonun, Medya A.\u015e. ve Kent Uzla\u015f\u0131s\u0131 ile ilgili oldu\u011fu kaydedildi. \u0130mamo\u011flu\u2019nun g\u00f6zalt\u0131na al\u0131nmas\u0131yla birlikte CHP Antalya Milletvekilleri Aliye Co\u015far, Aykut Kaya\u00a0ve Mustafa Erdem\u2019den a\u00e7\u0131klamalar geldi. Co\u015far ve Erdem, g\u00f6zalt\u0131 karar\u0131n\u0131n hukuksuzluk i\u00e7erdi\u011fini ifade ederek demokrasiye darbe vurulmak istendi\u011fini, g\u00f6zalt\u0131 karar\u0131n\u0131n korkakl\u0131k ve acizli\u011fin bir g\u00f6stergesi oldu\u011funu belirtti. \u201cS\u00dcREC\u0130 APARAT G\u0130B\u0130 KULLANAN AKLIYLA M\u00dcCADELE EDECE\u011e\u0130M\u201d \u0130stanbul B\u00fcy\u00fck\u015fehir Belediyesi\u2019ne sabah saatlerinde b\u00fcy\u00fck bir operasyon d\u00fczenlenirken, \u0130stanbul B\u00fcy\u00fck\u015fehir Belediye Ba\u015fkan\u0131 Ekrem \u0130mamo\u011flu ile birlikte 105 ki\u015fi g\u00f6zalt\u0131na al\u0131nd\u0131. \u0130mamo\u011flu, g\u00f6zalt\u0131na al\u0131nd\u0131\u011f\u0131 anlarda \u00e7ekti\u011fi bir videoyu payla\u015farak, \u201c\u00dcz\u00fclerek s\u00f6yl\u00fcyorum milletimizin iradesini gasp etmeye \u00e7al\u0131\u015fan bir avu\u00e7 ak\u0131l, benim sevgili polislerimi bu \u00fclkenin emniyet g\u00fc\u00e7lerini k\u00f6t\u00fcl\u00fc\u011fe alet ederek, 16 milyon \u0130stanbullunun konutunun kap\u0131s\u0131na y\u00fczlerce polis y\u0131\u011fm\u0131\u015ft\u0131r. B\u00fcy\u00fck bir zorbal\u0131kla kar\u015f\u0131 kar\u015f\u0131yay\u0131z ama y\u0131lmayaca\u011f\u0131m\u0131 bilmenizi istiyorum. Hepinizi \u00e7ok seviyorum. Ben kendimi milletime emanet ediyorum. Dimdik ayakta olaca\u011f\u0131m\u0131 b\u00fct\u00fcn milletim bilsin. O ki\u015fiye ve onun b\u00fct\u00fcn bu s\u00fcreci aparat gibi kullanan akl\u0131yla m\u00fccadeleye devam edece\u011fim\u201d dedi. \u201cG\u00d6ZALTI KARARI KORKAKLI\u011eIN VE AC\u0130ZL\u0130\u011e\u0130N G\u00d6STERGES\u0130D\u0130R\u201d \u0130stanbul B\u00fcy\u00fck\u015fehir Belediye Ba\u015fkan\u0131 Ekrem \u0130mamo\u011flu\u2019nun bu videosunu payla\u015fan Cumhuriyet Halk Partisi (CHP) Antalya Milletvekili Aliye Co\u015far, \u201c\u0130BB &hellip;<\/p>","protected":false},"author":5,"featured_media":0,"comment_status":"","ping_status":"open","sticky":false,"template":"","format":"standard","meta":{"_acf_changed":false,"footnotes":""},"categories":[24],"tags":[],"class_list":["post-36264","post","type-post","status-publish","format-standard","has-post-thumbnail","hentry","category-gundem"],"acf":[],"yoast_head":"<!-- This site is optimized with the Yoast SEO Premium plugin v26.6 (Yoast SEO v27.1.1) - https:\/\/yoast.com\/product\/yoast-seo-premium-wordpress\/ -->\n<title>CHP Antalya milletvekillerinden \u0130mamo\u011flu tepkisi - Av. Deniz Can K\u0131z\u0131l<\/title>\n<meta name=\"robots\" content=\"index, follow, max-snippet:-1, max-image-preview:large, max-video-preview:-1\" \/>\n<link rel=\"canonical\" href=\"https:\/\/denizcankizil.tr\/uk\/haberler\/gundem\/chp-antalya-milletvekillerinden-imamoglu-tepkisi\/\" \/>\n<meta property=\"og:locale\" content=\"uk_UA\" \/>\n<meta property=\"og:type\" content=\"article\" \/>\n<meta property=\"og:title\" content=\"CHP Antalya milletvekillerinden \u0130mamo\u011flu tepkisi\" \/>\n<meta property=\"og:description\" content=\"\u0130stanbul B\u00fcy\u00fck\u015fehir Belediye Ba\u015fkan\u0131 Ekrem \u0130mamo\u011flu ve bas\u0131n dan\u0131\u015fman\u0131 Murat Ongun ile birlikte 105 ki\u015fi hakk\u0131nda sabah saatlerinde g\u00f6zalt\u0131 karar\u0131 verildi. \u0130mamo\u011flu&#8217;nun evine sabah saatlerinde polis g\u00f6nderilirken operasyonun, Medya A.\u015e. ve Kent Uzla\u015f\u0131s\u0131 ile ilgili oldu\u011fu kaydedildi. \u0130mamo\u011flu\u2019nun g\u00f6zalt\u0131na al\u0131nmas\u0131yla birlikte CHP Antalya Milletvekilleri Aliye Co\u015far, Aykut Kaya\u00a0ve Mustafa Erdem\u2019den a\u00e7\u0131klamalar geldi. Co\u015far ve Erdem, g\u00f6zalt\u0131 karar\u0131n\u0131n hukuksuzluk i\u00e7erdi\u011fini ifade ederek demokrasiye darbe vurulmak istendi\u011fini, g\u00f6zalt\u0131 karar\u0131n\u0131n korkakl\u0131k ve acizli\u011fin bir g\u00f6stergesi oldu\u011funu belirtti. \u201cS\u00dcREC\u0130 APARAT G\u0130B\u0130 KULLANAN AKLIYLA M\u00dcCADELE EDECE\u011e\u0130M\u201d \u0130stanbul B\u00fcy\u00fck\u015fehir Belediyesi\u2019ne sabah saatlerinde b\u00fcy\u00fck bir operasyon d\u00fczenlenirken, \u0130stanbul B\u00fcy\u00fck\u015fehir Belediye Ba\u015fkan\u0131 Ekrem \u0130mamo\u011flu ile birlikte 105 ki\u015fi g\u00f6zalt\u0131na al\u0131nd\u0131. \u0130mamo\u011flu, g\u00f6zalt\u0131na al\u0131nd\u0131\u011f\u0131 anlarda \u00e7ekti\u011fi bir videoyu payla\u015farak, \u201c\u00dcz\u00fclerek s\u00f6yl\u00fcyorum milletimizin iradesini gasp etmeye \u00e7al\u0131\u015fan bir avu\u00e7 ak\u0131l, benim sevgili polislerimi bu \u00fclkenin emniyet g\u00fc\u00e7lerini k\u00f6t\u00fcl\u00fc\u011fe alet ederek, 16 milyon \u0130stanbullunun konutunun kap\u0131s\u0131na y\u00fczlerce polis y\u0131\u011fm\u0131\u015ft\u0131r. B\u00fcy\u00fck bir zorbal\u0131kla kar\u015f\u0131 kar\u015f\u0131yay\u0131z ama y\u0131lmayaca\u011f\u0131m\u0131 bilmenizi istiyorum. Hepinizi \u00e7ok seviyorum. Ben kendimi milletime emanet ediyorum. Dimdik ayakta olaca\u011f\u0131m\u0131 b\u00fct\u00fcn milletim bilsin. O ki\u015fiye ve onun b\u00fct\u00fcn bu s\u00fcreci aparat gibi kullanan akl\u0131yla m\u00fccadeleye devam edece\u011fim\u201d dedi. \u201cG\u00d6ZALTI KARARI KORKAKLI\u011eIN VE AC\u0130ZL\u0130\u011e\u0130N G\u00d6STERGES\u0130D\u0130R\u201d \u0130stanbul B\u00fcy\u00fck\u015fehir Belediye Ba\u015fkan\u0131 Ekrem \u0130mamo\u011flu\u2019nun bu videosunu payla\u015fan Cumhuriyet Halk Partisi (CHP) Antalya Milletvekili Aliye Co\u015far, \u201c\u0130BB &hellip;\" \/>\n<meta property=\"og:url\" content=\"https:\/\/denizcankizil.tr\/uk\/haberler\/gundem\/chp-antalya-milletvekillerinden-imamoglu-tepkisi\/\" \/>\n<meta property=\"og:site_name\" content=\"Av. Deniz Can K\u0131z\u0131l\" \/>\n<meta property=\"article:published_time\" content=\"2025-03-19T07:42:14+00:00\" \/>\n<meta name=\"author\" content=\"Antalya K\u00f6rfez\" \/>\n<meta name=\"twitter:card\" content=\"summary_large_image\" \/>\n<meta name=\"twitter:label1\" content=\"\u041d\u0430\u043f\u0438\u0441\u0430\u043d\u043e\" \/>\n\t<meta name=\"twitter:data1\" content=\"Antalya K\u00f6rfez\" \/>\n\t<meta name=\"twitter:label2\" content=\"\u041f\u0440\u0438\u0431\u043b. \u0447\u0430\u0441 \u0447\u0438\u0442\u0430\u043d\u043d\u044f\" \/>\n\t<meta name=\"twitter:data2\" content=\"3 \u0445\u0432\u0438\u043b\u0438\u043d\u0438\" \/>\n<script type=\"application\/ld+json\" class=\"yoast-schema-graph\">{\"@context\":\"https:\/\/schema.org\",\"@graph\":[{\"@type\":\"Article\",\"@id\":\"https:\/\/denizcankizil.tr\/ru\/haberler\/gundem\/chp-antalya-milletvekillerinden-imamoglu-tepkisi\/#article\",\"isPartOf\":{\"@id\":\"https:\/\/denizcankizil.tr\/ru\/haberler\/gundem\/chp-antalya-milletvekillerinden-imamoglu-tepkisi\/\"},\"author\":{\"name\":\"Antalya K\u00f6rfez\",\"@id\":\"https:\/\/denizcankizil.tr\/de\/#\/schema\/person\/e1eb71bb4dd684d46563f0af307e1234\"},\"headline\":\"CHP Antalya milletvekillerinden \u0130mamo\u011flu tepkisi\",\"datePublished\":\"2025-03-19T07:42:14+00:00\",\"mainEntityOfPage\":{\"@id\":\"https:\/\/denizcankizil.tr\/ru\/haberler\/gundem\/chp-antalya-milletvekillerinden-imamoglu-tepkisi\/\"},\"wordCount\":629,\"publisher\":{\"@id\":\"https:\/\/denizcankizil.tr\/de\/#organization\"},\"articleSection\":[\"G\u00fcndem\"],\"inLanguage\":\"uk\"},{\"@type\":\"WebPage\",\"@id\":\"https:\/\/denizcankizil.tr\/ru\/haberler\/gundem\/chp-antalya-milletvekillerinden-imamoglu-tepkisi\/\",\"url\":\"https:\/\/denizcankizil.tr\/ru\/haberler\/gundem\/chp-antalya-milletvekillerinden-imamoglu-tepkisi\/\",\"name\":\"CHP Antalya milletvekillerinden \u0130mamo\u011flu tepkisi - Av. Deniz Can K\u0131z\u0131l\",\"isPartOf\":{\"@id\":\"https:\/\/denizcankizil.tr\/de\/#website\"},\"datePublished\":\"2025-03-19T07:42:14+00:00\",\"breadcrumb\":{\"@id\":\"https:\/\/denizcankizil.tr\/ru\/haberler\/gundem\/chp-antalya-milletvekillerinden-imamoglu-tepkisi\/#breadcrumb\"},\"inLanguage\":\"uk\",\"potentialAction\":[{\"@type\":\"ReadAction\",\"target\":[\"https:\/\/denizcankizil.tr\/ru\/haberler\/gundem\/chp-antalya-milletvekillerinden-imamoglu-tepkisi\/\"]}]},{\"@type\":\"BreadcrumbList\",\"@id\":\"https:\/\/denizcankizil.tr\/ru\/haberler\/gundem\/chp-antalya-milletvekillerinden-imamoglu-tepkisi\/#breadcrumb\",\"itemListElement\":[{\"@type\":\"ListItem\",\"position\":1,\"name\":\"Home\",\"item\":\"https:\/\/denizcankizil.tr\/de\/\"},{\"@type\":\"ListItem\",\"position\":2,\"name\":\"CHP Antalya milletvekillerinden \u0130mamo\u011flu tepkisi\"}]},{\"@type\":\"WebSite\",\"@id\":\"https:\/\/denizcankizil.tr\/de\/#website\",\"url\":\"https:\/\/denizcankizil.tr\/de\/\",\"name\":\"Av. Deniz Can K\u0131z\u0131l\",\"description\":\"Avukat Deniz Can K\u0131z\u0131l Antalya Barosu\",\"publisher\":{\"@id\":\"https:\/\/denizcankizil.tr\/de\/#organization\"},\"potentialAction\":[{\"@type\":\"SearchAction\",\"target\":{\"@type\":\"EntryPoint\",\"urlTemplate\":\"https:\/\/denizcankizil.tr\/de\/?s={search_term_string}\"},\"query-input\":{\"@type\":\"PropertyValueSpecification\",\"valueRequired\":true,\"valueName\":\"search_term_string\"}}],\"inLanguage\":\"uk\"},{\"@type\":\"Organization\",\"@id\":\"https:\/\/denizcankizil.tr\/de\/#organization\",\"name\":\"Av. Deniz Can K\u0131z\u0131l\",\"url\":\"https:\/\/denizcankizil.tr\/de\/\",\"logo\":{\"@type\":\"ImageObject\",\"inLanguage\":\"uk\",\"@id\":\"https:\/\/denizcankizil.tr\/de\/#\/schema\/logo\/image\/\",\"url\":\"http:\/\/denizcankizil.tr\/wp-content\/uploads\/2024\/10\/siyah-logo-svg.svg\",\"contentUrl\":\"http:\/\/denizcankizil.tr\/wp-content\/uploads\/2024\/10\/siyah-logo-svg.svg\",\"width\":1080,\"height\":1080,\"caption\":\"Av. Deniz Can K\u0131z\u0131l\"},\"image\":{\"@id\":\"https:\/\/denizcankizil.tr\/de\/#\/schema\/logo\/image\/\"}},{\"@type\":\"Person\",\"@id\":\"https:\/\/denizcankizil.tr\/de\/#\/schema\/person\/e1eb71bb4dd684d46563f0af307e1234\",\"name\":\"Antalya K\u00f6rfez\",\"image\":{\"@type\":\"ImageObject\",\"inLanguage\":\"uk\",\"@id\":\"https:\/\/denizcankizil.tr\/de\/#\/schema\/person\/image\/\",\"url\":\"https:\/\/secure.gravatar.com\/avatar\/42b01982558a48a0b501fdcab6a408d3717ea5919095ee2e67b0e521799c5905?s=96&d=mm&r=g\",\"contentUrl\":\"https:\/\/secure.gravatar.com\/avatar\/42b01982558a48a0b501fdcab6a408d3717ea5919095ee2e67b0e521799c5905?s=96&d=mm&r=g\",\"caption\":\"Antalya K\u00f6rfez\"},\"sameAs\":[\"http:\/\/www.antalyakorfez.com\"],\"url\":\"https:\/\/www.antalyakorfez.com\/chp-antalya-milletvekillerinden-imamoglu-tepkisi\"}]}<\/script>\n<!-- \/ Yoast SEO Premium plugin. -->","yoast_head_json":{"title":"CHP Antalya milletvekillerinden \u0130mamo\u011flu tepkisi - Av. Deniz Can K\u0131z\u0131l","robots":{"index":"index","follow":"follow","max-snippet":"max-snippet:-1","max-image-preview":"max-image-preview:large","max-video-preview":"max-video-preview:-1"},"canonical":"https:\/\/denizcankizil.tr\/uk\/haberler\/gundem\/chp-antalya-milletvekillerinden-imamoglu-tepkisi\/","og_locale":"uk_UA","og_type":"article","og_title":"CHP Antalya milletvekillerinden \u0130mamo\u011flu tepkisi","og_description":"\u0130stanbul B\u00fcy\u00fck\u015fehir Belediye Ba\u015fkan\u0131 Ekrem \u0130mamo\u011flu ve bas\u0131n dan\u0131\u015fman\u0131 Murat Ongun ile birlikte 105 ki\u015fi hakk\u0131nda sabah saatlerinde g\u00f6zalt\u0131 karar\u0131 verildi. \u0130mamo\u011flu&#8217;nun evine sabah saatlerinde polis g\u00f6nderilirken operasyonun, Medya A.\u015e. ve Kent Uzla\u015f\u0131s\u0131 ile ilgili oldu\u011fu kaydedildi. \u0130mamo\u011flu\u2019nun g\u00f6zalt\u0131na al\u0131nmas\u0131yla birlikte CHP Antalya Milletvekilleri Aliye Co\u015far, Aykut Kaya\u00a0ve Mustafa Erdem\u2019den a\u00e7\u0131klamalar geldi. Co\u015far ve Erdem, g\u00f6zalt\u0131 karar\u0131n\u0131n hukuksuzluk i\u00e7erdi\u011fini ifade ederek demokrasiye darbe vurulmak istendi\u011fini, g\u00f6zalt\u0131 karar\u0131n\u0131n korkakl\u0131k ve acizli\u011fin bir g\u00f6stergesi oldu\u011funu belirtti. \u201cS\u00dcREC\u0130 APARAT G\u0130B\u0130 KULLANAN AKLIYLA M\u00dcCADELE EDECE\u011e\u0130M\u201d \u0130stanbul B\u00fcy\u00fck\u015fehir Belediyesi\u2019ne sabah saatlerinde b\u00fcy\u00fck bir operasyon d\u00fczenlenirken, \u0130stanbul B\u00fcy\u00fck\u015fehir Belediye Ba\u015fkan\u0131 Ekrem \u0130mamo\u011flu ile birlikte 105 ki\u015fi g\u00f6zalt\u0131na al\u0131nd\u0131. \u0130mamo\u011flu, g\u00f6zalt\u0131na al\u0131nd\u0131\u011f\u0131 anlarda \u00e7ekti\u011fi bir videoyu payla\u015farak, \u201c\u00dcz\u00fclerek s\u00f6yl\u00fcyorum milletimizin iradesini gasp etmeye \u00e7al\u0131\u015fan bir avu\u00e7 ak\u0131l, benim sevgili polislerimi bu \u00fclkenin emniyet g\u00fc\u00e7lerini k\u00f6t\u00fcl\u00fc\u011fe alet ederek, 16 milyon \u0130stanbullunun konutunun kap\u0131s\u0131na y\u00fczlerce polis y\u0131\u011fm\u0131\u015ft\u0131r. B\u00fcy\u00fck bir zorbal\u0131kla kar\u015f\u0131 kar\u015f\u0131yay\u0131z ama y\u0131lmayaca\u011f\u0131m\u0131 bilmenizi istiyorum. Hepinizi \u00e7ok seviyorum. Ben kendimi milletime emanet ediyorum. Dimdik ayakta olaca\u011f\u0131m\u0131 b\u00fct\u00fcn milletim bilsin. O ki\u015fiye ve onun b\u00fct\u00fcn bu s\u00fcreci aparat gibi kullanan akl\u0131yla m\u00fccadeleye devam edece\u011fim\u201d dedi. \u201cG\u00d6ZALTI KARARI KORKAKLI\u011eIN VE AC\u0130ZL\u0130\u011e\u0130N G\u00d6STERGES\u0130D\u0130R\u201d \u0130stanbul B\u00fcy\u00fck\u015fehir Belediye Ba\u015fkan\u0131 Ekrem \u0130mamo\u011flu\u2019nun bu videosunu payla\u015fan Cumhuriyet Halk Partisi (CHP) Antalya Milletvekili Aliye Co\u015far, \u201c\u0130BB &hellip;","og_url":"https:\/\/denizcankizil.tr\/uk\/haberler\/gundem\/chp-antalya-milletvekillerinden-imamoglu-tepkisi\/","og_site_name":"Av. Deniz Can K\u0131z\u0131l","article_published_time":"2025-03-19T07:42:14+00:00","author":"Antalya K\u00f6rfez","twitter_card":"summary_large_image","twitter_misc":{"\u041d\u0430\u043f\u0438\u0441\u0430\u043d\u043e":"Antalya K\u00f6rfez","\u041f\u0440\u0438\u0431\u043b. \u0447\u0430\u0441 \u0447\u0438\u0442\u0430\u043d\u043d\u044f":"3 \u0445\u0432\u0438\u043b\u0438\u043d\u0438"},"schema":{"@context":"https:\/\/schema.org","@graph":[{"@type":"Article","@id":"https:\/\/denizcankizil.tr\/ru\/haberler\/gundem\/chp-antalya-milletvekillerinden-imamoglu-tepkisi\/#article","isPartOf":{"@id":"https:\/\/denizcankizil.tr\/ru\/haberler\/gundem\/chp-antalya-milletvekillerinden-imamoglu-tepkisi\/"},"author":{"name":"Antalya K\u00f6rfez","@id":"https:\/\/denizcankizil.tr\/de\/#\/schema\/person\/e1eb71bb4dd684d46563f0af307e1234"},"headline":"CHP Antalya milletvekillerinden \u0130mamo\u011flu tepkisi","datePublished":"2025-03-19T07:42:14+00:00","mainEntityOfPage":{"@id":"https:\/\/denizcankizil.tr\/ru\/haberler\/gundem\/chp-antalya-milletvekillerinden-imamoglu-tepkisi\/"},"wordCount":629,"publisher":{"@id":"https:\/\/denizcankizil.tr\/de\/#organization"},"articleSection":["G\u00fcndem"],"inLanguage":"uk"},{"@type":"WebPage","@id":"https:\/\/denizcankizil.tr\/ru\/haberler\/gundem\/chp-antalya-milletvekillerinden-imamoglu-tepkisi\/","url":"https:\/\/denizcankizil.tr\/ru\/haberler\/gundem\/chp-antalya-milletvekillerinden-imamoglu-tepkisi\/","name":"CHP Antalya milletvekillerinden \u0130mamo\u011flu tepkisi - Av. Deniz Can K\u0131z\u0131l","isPartOf":{"@id":"https:\/\/denizcankizil.tr\/de\/#website"},"datePublished":"2025-03-19T07:42:14+00:00","breadcrumb":{"@id":"https:\/\/denizcankizil.tr\/ru\/haberler\/gundem\/chp-antalya-milletvekillerinden-imamoglu-tepkisi\/#breadcrumb"},"inLanguage":"uk","potentialAction":[{"@type":"ReadAction","target":["https:\/\/denizcankizil.tr\/ru\/haberler\/gundem\/chp-antalya-milletvekillerinden-imamoglu-tepkisi\/"]}]},{"@type":"BreadcrumbList","@id":"https:\/\/denizcankizil.tr\/ru\/haberler\/gundem\/chp-antalya-milletvekillerinden-imamoglu-tepkisi\/#breadcrumb","itemListElement":[{"@type":"ListItem","position":1,"name":"Home","item":"https:\/\/denizcankizil.tr\/de\/"},{"@type":"ListItem","position":2,"name":"CHP Antalya milletvekillerinden \u0130mamo\u011flu tepkisi"}]},{"@type":"WebSite","@id":"https:\/\/denizcankizil.tr\/de\/#website","url":"https:\/\/denizcankizil.tr\/de\/","name":"Av. Deniz Can K\u0131z\u0131l","description":"Avukat Deniz Can K\u0131z\u0131l Antalya Barosu","publisher":{"@id":"https:\/\/denizcankizil.tr\/de\/#organization"},"potentialAction":[{"@type":"SearchAction","target":{"@type":"EntryPoint","urlTemplate":"https:\/\/denizcankizil.tr\/de\/?s={search_term_string}"},"query-input":{"@type":"PropertyValueSpecification","valueRequired":true,"valueName":"search_term_string"}}],"inLanguage":"uk"},{"@type":"Organization","@id":"https:\/\/denizcankizil.tr\/de\/#organization","name":"Av. Deniz Can K\u0131z\u0131l","url":"https:\/\/denizcankizil.tr\/de\/","logo":{"@type":"ImageObject","inLanguage":"uk","@id":"https:\/\/denizcankizil.tr\/de\/#\/schema\/logo\/image\/","url":"http:\/\/denizcankizil.tr\/wp-content\/uploads\/2024\/10\/siyah-logo-svg.svg","contentUrl":"http:\/\/denizcankizil.tr\/wp-content\/uploads\/2024\/10\/siyah-logo-svg.svg","width":1080,"height":1080,"caption":"Av. Deniz Can K\u0131z\u0131l"},"image":{"@id":"https:\/\/denizcankizil.tr\/de\/#\/schema\/logo\/image\/"}},{"@type":"Person","@id":"https:\/\/denizcankizil.tr\/de\/#\/schema\/person\/e1eb71bb4dd684d46563f0af307e1234","name":"Antalya K\u00f6rfez","image":{"@type":"ImageObject","inLanguage":"uk","@id":"https:\/\/denizcankizil.tr\/de\/#\/schema\/person\/image\/","url":"https:\/\/secure.gravatar.com\/avatar\/42b01982558a48a0b501fdcab6a408d3717ea5919095ee2e67b0e521799c5905?s=96&d=mm&r=g","contentUrl":"https:\/\/secure.gravatar.com\/avatar\/42b01982558a48a0b501fdcab6a408d3717ea5919095ee2e67b0e521799c5905?s=96&d=mm&r=g","caption":"Antalya K\u00f6rfez"},"sameAs":["http:\/\/www.antalyakorfez.com"],"url":"https:\/\/www.antalyakorfez.com\/chp-antalya-milletvekillerinden-imamoglu-tepkisi"}]}},"_links":{"self":[{"href":"http:\/\/denizcankizil.tr\/uk\/wp-json\/wp\/v2\/posts\/36264","targetHints":{"allow":["GET"]}}],"collection":[{"href":"http:\/\/denizcankizil.tr\/uk\/wp-json\/wp\/v2\/posts"}],"about":[{"href":"http:\/\/denizcankizil.tr\/uk\/wp-json\/wp\/v2\/types\/post"}],"author":[{"embeddable":true,"href":"http:\/\/denizcankizil.tr\/uk\/wp-json\/wp\/v2\/users\/5"}],"replies":[{"embeddable":true,"href":"http:\/\/denizcankizil.tr\/uk\/wp-json\/wp\/v2\/comments?post=36264"}],"version-history":[{"count":0,"href":"http:\/\/denizcankizil.tr\/uk\/wp-json\/wp\/v2\/posts\/36264\/revisions"}],"wp:attachment":[{"href":"http:\/\/denizcankizil.tr\/uk\/wp-json\/wp\/v2\/media?parent=36264"}],"wp:term":[{"taxonomy":"category","embeddable":true,"href":"http:\/\/denizcankizil.tr\/uk\/wp-json\/wp\/v2\/categories?post=36264"},{"taxonomy":"post_tag","embeddable":true,"href":"http:\/\/denizcankizil.tr\/uk\/wp-json\/wp\/v2\/tags?post=36264"}],"curies":[{"name":"wp","href":"https:\/\/api.w.org\/{rel}","templated":true}]}}