{"id":36237,"date":"2025-03-18T19:41:16","date_gmt":"2025-03-18T16:41:16","guid":{"rendered":"https:\/\/denizcankizil.tr\/uncategorized-tr\/31-yillik-diplomasi-iptal-edildi-ekrem-imamoglundan-ilk-tepki\/"},"modified":"2025-03-18T19:41:16","modified_gmt":"2025-03-18T16:41:16","slug":"31-yillik-diplomasi-iptal-edildi-ekrem-imamoglundan-ilk-tepki","status":"publish","type":"post","link":"http:\/\/denizcankizil.tr\/uk\/haberler\/gundem\/31-yillik-diplomasi-iptal-edildi-ekrem-imamoglundan-ilk-tepki\/","title":{"rendered":"31 y\u0131ll\u0131k diplomas\u0131 iptal edildi: Ekrem \u0130mamo\u011flu\u2019ndan ilk tepki"},"content":{"rendered":"<p>\u0130stanbul B\u00fcy\u00fck\u015fehir Belediye Ba\u015fkan\u0131 Ekrem \u0130mamo\u011flu, \u0130stanbul \u00dcniversitesi&#8217;nin diplomas\u0131n\u0131 iptal etmesine ili\u015fkin ilk a\u00e7\u0131klamay\u0131 yapt\u0131. \u0130mamo\u011flu, &#8220;\u0130stanbul \u00dcniversitesi Y\u00f6netim Kurulu&#8217;nun karar\u0131 hukuksuzdur. B\u00f6yle bir karar alma yetkileri yoktur&#8221; dedi.<\/p>\n<p>\u0130MAMO\u011eLU\u2019NDAN SERT A\u00c7IKLAMA<\/p>\n<p>CHP\u2019nin Cumhurba\u015fkanl\u0131\u011f\u0131 yar\u0131\u015f\u0131ndaki iddial\u0131 aday\u0131 \u0130mamo\u011flu\u2019nun \u00fcniversite diplomas\u0131 iptal edildi. \u0130mamo\u011flu, diplomas\u0131 hakk\u0131ndaki karara sosyal medya hesab\u0131ndan yapt\u0131\u011f\u0131 payla\u015f\u0131mla sert tepki g\u00f6sterdi.\u00a0<\/p>\n<p>KARAR HUKUKSUZDUR<\/p>\n<p>\u0130mamo\u011flu, \u015funlar\u0131 belirtti: &#8220;\u0130stanbul \u00dcniversitesi Y\u00f6netim Kurulu&#8217;nun karar\u0131 hukuksuzdur. B\u00f6yle bir karar alma yetkileri yoktur. Yetki, sadece \u0130\u015fletme Fak\u00fcltesi Y\u00f6netim Kurulu\u2019ndad\u0131r. Bu karar\u0131 alanlar\u0131n tarih ve adalet \u00f6n\u00fcnde hesap verecekleri g\u00fcnler yak\u0131nd\u0131r. Adalete, hukuka ve demokrasiye susam\u0131\u015f milletimizin y\u00fcr\u00fcy\u00fc\u015f\u00fc durdurulamayacak. Kurtulu\u015f Yok Tek Ba\u015f\u0131na!&#8221;<\/p>\n<p>\u00d6ZG\u00dcR \u00d6ZEL: TAR\u0130HE KARA B\u0130R LEKE<\/p>\n<p>Cumhuriyet Halk Partisi Genel Ba\u015fkan\u0131 \u00d6zg\u00fcr \u00d6zel, konuya ili\u015fkin ilk a\u00e7\u0131klamas\u0131nda \u015funlar\u0131 s\u00f6yledi: &#8220;Bu al\u0131nan karar, hem karar\u0131 alanlar\u0131n \u0130stanbul \u00dcniversitesi gibi 1453 y\u0131l\u0131ndan beri faaliyette olan bir kurumun tarihine bir kara leke olarak ge\u00e7mi\u015ftir.\u00a0 Ama kimse enseyi karartmas\u0131n. Sonu\u00e7ta bu bir idari i\u015flem ve ne bask\u0131larla bu karar\u0131n ald\u0131\u011f\u0131n\u0131 biliyoruz.\u00a0 \u0130dari yarg\u0131 bak\u0131m\u0131ndan zaman ge\u00e7irilmeden hak aranacak. Karar\u0131n iptal edilece\u011fine ben inan\u0131yorum. Ayr\u0131ca Anayasa Mahkemesi yine benzer bir konuda ki\u015finin kendi hilesi olmamas\u0131ndan dolay\u0131 iptal edilen diploman\u0131n geri verilmesine hem de bir ay s\u00fcre i\u00e7erisinde bu i\u015flemin yap\u0131lmas\u0131 i\u00e7in verdi\u011fi bir karar.\u00a0 Ekrem Ba\u015fkan\u2019dan \u00f6nceki y\u0131l bir\u00e7ok ki\u015fiye bu imkan sa\u011flanm\u0131\u015f. 28 ki\u015fiyle ilgili toplu bir karar al\u0131n\u0131yor.\u00a0 Biz bunun idari yarg\u0131dan d\u00f6nece\u011fine inan\u0131yoruz. En k\u00f6t\u00fc ihtimal Anayasa Mahkemesi\u2019nin yerle\u015fik uygulamalar\u0131 var. Kimse enseyi karartmas\u0131n.\u00a0 Buna cevab\u0131 ben Genel Ba\u015fkan olarak bu kadar veriyorum 1 milyon 750 bin \u00fcyemiz, Pazar g\u00fcn\u00fc sand\u0131k ba\u015f\u0131na daha b\u00fcy\u00fck bir inan\u00e7la, daha b\u00fcy\u00fck bir \u015fevkle, daha b\u00fcy\u00fck bir motivasyonla giderek Cumhurba\u015fkan\u0131 adaylar\u0131n\u0131n arkas\u0131nda duracakt\u0131r.\u00a0 Cumhurba\u015fkan\u0131 aday\u0131m\u0131z\u0131 belirleyece\u011fiz. Hep birlikte arkas\u0131nda olaca\u011f\u0131z. Bizi bu organize k\u00f6t\u00fcl\u00fck \u00e7etesi yenemeyecek.&#8221;<\/p>\n<p>\u200b\u0130stanbul B\u00fcy\u00fck\u015fehir Belediye Ba\u015fkan\u0131 Ekrem \u0130mamo\u011flu\u2019nun 31 y\u0131ll\u0131k lisans diplomas\u0131 iptal edildi. \u0130stanbul \u00dcniversitesi taraf\u0131ndan iptal edilen diplomas\u0131 i\u00e7in sert a\u00e7\u0131klamada bulunan \u0130mamo\u011flu, karar\u0131n hukuksuz oldu\u011funu s\u00f6yledi.\u00a0<\/p>\n<p>\u200bHaberin Al\u0131nt\u0131land\u0131\u011f\u0131 Kaynak: www.antalyakorfez.com<\/p>","protected":false},"excerpt":{"rendered":"<p>\u0130stanbul B\u00fcy\u00fck\u015fehir Belediye Ba\u015fkan\u0131 Ekrem \u0130mamo\u011flu, \u0130stanbul \u00dcniversitesi&#8217;nin diplomas\u0131n\u0131 iptal etmesine ili\u015fkin ilk a\u00e7\u0131klamay\u0131 yapt\u0131. \u0130mamo\u011flu, &#8220;\u0130stanbul \u00dcniversitesi Y\u00f6netim Kurulu&#8217;nun karar\u0131 hukuksuzdur. B\u00f6yle bir karar alma yetkileri yoktur&#8221; dedi. \u0130MAMO\u011eLU\u2019NDAN SERT A\u00c7IKLAMA CHP\u2019nin Cumhurba\u015fkanl\u0131\u011f\u0131 yar\u0131\u015f\u0131ndaki iddial\u0131 aday\u0131 \u0130mamo\u011flu\u2019nun \u00fcniversite diplomas\u0131 iptal edildi. \u0130mamo\u011flu, diplomas\u0131 hakk\u0131ndaki karara sosyal medya hesab\u0131ndan yapt\u0131\u011f\u0131 payla\u015f\u0131mla sert tepki g\u00f6sterdi.\u00a0 KARAR HUKUKSUZDUR \u0130mamo\u011flu, \u015funlar\u0131 belirtti: &#8220;\u0130stanbul \u00dcniversitesi Y\u00f6netim Kurulu&#8217;nun karar\u0131 hukuksuzdur. B\u00f6yle bir karar alma yetkileri yoktur. Yetki, sadece \u0130\u015fletme Fak\u00fcltesi Y\u00f6netim Kurulu\u2019ndad\u0131r. Bu karar\u0131 alanlar\u0131n tarih ve adalet \u00f6n\u00fcnde hesap verecekleri g\u00fcnler yak\u0131nd\u0131r. Adalete, hukuka ve demokrasiye susam\u0131\u015f milletimizin y\u00fcr\u00fcy\u00fc\u015f\u00fc durdurulamayacak. Kurtulu\u015f Yok Tek Ba\u015f\u0131na!&#8221; \u00d6ZG\u00dcR \u00d6ZEL: TAR\u0130HE KARA B\u0130R LEKE Cumhuriyet Halk Partisi Genel Ba\u015fkan\u0131 \u00d6zg\u00fcr \u00d6zel, konuya ili\u015fkin ilk a\u00e7\u0131klamas\u0131nda \u015funlar\u0131 s\u00f6yledi: &#8220;Bu al\u0131nan karar, hem karar\u0131 alanlar\u0131n \u0130stanbul \u00dcniversitesi gibi 1453 y\u0131l\u0131ndan beri faaliyette olan bir kurumun tarihine bir kara leke olarak ge\u00e7mi\u015ftir.\u00a0 Ama kimse enseyi karartmas\u0131n. Sonu\u00e7ta bu bir idari i\u015flem ve ne bask\u0131larla bu karar\u0131n ald\u0131\u011f\u0131n\u0131 biliyoruz.\u00a0 \u0130dari yarg\u0131 bak\u0131m\u0131ndan zaman ge\u00e7irilmeden hak aranacak. Karar\u0131n iptal edilece\u011fine ben inan\u0131yorum. Ayr\u0131ca Anayasa Mahkemesi yine benzer bir konuda ki\u015finin kendi hilesi olmamas\u0131ndan dolay\u0131 iptal edilen diploman\u0131n geri verilmesine hem de bir ay s\u00fcre i\u00e7erisinde bu i\u015flemin yap\u0131lmas\u0131 i\u00e7in verdi\u011fi bir karar.\u00a0 Ekrem &hellip;<\/p>","protected":false},"author":5,"featured_media":0,"comment_status":"","ping_status":"open","sticky":false,"template":"","format":"standard","meta":{"_acf_changed":false,"footnotes":""},"categories":[24],"tags":[],"class_list":["post-36237","post","type-post","status-publish","format-standard","has-post-thumbnail","hentry","category-gundem"],"acf":[],"yoast_head":"<!-- This site is optimized with the Yoast SEO Premium plugin v26.6 (Yoast SEO v27.1.1) - https:\/\/yoast.com\/product\/yoast-seo-premium-wordpress\/ -->\n<title>31 y\u0131ll\u0131k diplomas\u0131 iptal edildi: Ekrem \u0130mamo\u011flu\u2019ndan ilk tepki - Av. Deniz Can K\u0131z\u0131l<\/title>\n<meta name=\"robots\" content=\"index, follow, max-snippet:-1, max-image-preview:large, max-video-preview:-1\" \/>\n<link rel=\"canonical\" href=\"http:\/\/denizcankizil.tr\/uk\/haberler\/gundem\/31-yillik-diplomasi-iptal-edildi-ekrem-imamoglundan-ilk-tepki\/\" \/>\n<meta property=\"og:locale\" content=\"uk_UA\" \/>\n<meta property=\"og:type\" content=\"article\" \/>\n<meta property=\"og:title\" content=\"31 y\u0131ll\u0131k diplomas\u0131 iptal edildi: Ekrem \u0130mamo\u011flu\u2019ndan ilk tepki\" \/>\n<meta property=\"og:description\" content=\"\u0130stanbul B\u00fcy\u00fck\u015fehir Belediye Ba\u015fkan\u0131 Ekrem \u0130mamo\u011flu, \u0130stanbul \u00dcniversitesi&#8217;nin diplomas\u0131n\u0131 iptal etmesine ili\u015fkin ilk a\u00e7\u0131klamay\u0131 yapt\u0131. \u0130mamo\u011flu, &#8220;\u0130stanbul \u00dcniversitesi Y\u00f6netim Kurulu&#8217;nun karar\u0131 hukuksuzdur. B\u00f6yle bir karar alma yetkileri yoktur&#8221; dedi. \u0130MAMO\u011eLU\u2019NDAN SERT A\u00c7IKLAMA CHP\u2019nin Cumhurba\u015fkanl\u0131\u011f\u0131 yar\u0131\u015f\u0131ndaki iddial\u0131 aday\u0131 \u0130mamo\u011flu\u2019nun \u00fcniversite diplomas\u0131 iptal edildi. \u0130mamo\u011flu, diplomas\u0131 hakk\u0131ndaki karara sosyal medya hesab\u0131ndan yapt\u0131\u011f\u0131 payla\u015f\u0131mla sert tepki g\u00f6sterdi.\u00a0 KARAR HUKUKSUZDUR \u0130mamo\u011flu, \u015funlar\u0131 belirtti: &#8220;\u0130stanbul \u00dcniversitesi Y\u00f6netim Kurulu&#8217;nun karar\u0131 hukuksuzdur. B\u00f6yle bir karar alma yetkileri yoktur. Yetki, sadece \u0130\u015fletme Fak\u00fcltesi Y\u00f6netim Kurulu\u2019ndad\u0131r. Bu karar\u0131 alanlar\u0131n tarih ve adalet \u00f6n\u00fcnde hesap verecekleri g\u00fcnler yak\u0131nd\u0131r. Adalete, hukuka ve demokrasiye susam\u0131\u015f milletimizin y\u00fcr\u00fcy\u00fc\u015f\u00fc durdurulamayacak. Kurtulu\u015f Yok Tek Ba\u015f\u0131na!&#8221; \u00d6ZG\u00dcR \u00d6ZEL: TAR\u0130HE KARA B\u0130R LEKE Cumhuriyet Halk Partisi Genel Ba\u015fkan\u0131 \u00d6zg\u00fcr \u00d6zel, konuya ili\u015fkin ilk a\u00e7\u0131klamas\u0131nda \u015funlar\u0131 s\u00f6yledi: &#8220;Bu al\u0131nan karar, hem karar\u0131 alanlar\u0131n \u0130stanbul \u00dcniversitesi gibi 1453 y\u0131l\u0131ndan beri faaliyette olan bir kurumun tarihine bir kara leke olarak ge\u00e7mi\u015ftir.\u00a0 Ama kimse enseyi karartmas\u0131n. Sonu\u00e7ta bu bir idari i\u015flem ve ne bask\u0131larla bu karar\u0131n ald\u0131\u011f\u0131n\u0131 biliyoruz.\u00a0 \u0130dari yarg\u0131 bak\u0131m\u0131ndan zaman ge\u00e7irilmeden hak aranacak. Karar\u0131n iptal edilece\u011fine ben inan\u0131yorum. Ayr\u0131ca Anayasa Mahkemesi yine benzer bir konuda ki\u015finin kendi hilesi olmamas\u0131ndan dolay\u0131 iptal edilen diploman\u0131n geri verilmesine hem de bir ay s\u00fcre i\u00e7erisinde bu i\u015flemin yap\u0131lmas\u0131 i\u00e7in verdi\u011fi bir karar.\u00a0 Ekrem &hellip;\" \/>\n<meta property=\"og:url\" content=\"http:\/\/denizcankizil.tr\/uk\/haberler\/gundem\/31-yillik-diplomasi-iptal-edildi-ekrem-imamoglundan-ilk-tepki\/\" \/>\n<meta property=\"og:site_name\" content=\"Av. Deniz Can K\u0131z\u0131l\" \/>\n<meta property=\"article:published_time\" content=\"2025-03-18T16:41:16+00:00\" \/>\n<meta name=\"author\" content=\"Antalya K\u00f6rfez\" \/>\n<meta name=\"twitter:card\" content=\"summary_large_image\" \/>\n<meta name=\"twitter:label1\" content=\"\u041d\u0430\u043f\u0438\u0441\u0430\u043d\u043e\" \/>\n\t<meta name=\"twitter:data1\" content=\"Antalya K\u00f6rfez\" \/>\n\t<meta name=\"twitter:label2\" content=\"\u041f\u0440\u0438\u0431\u043b. \u0447\u0430\u0441 \u0447\u0438\u0442\u0430\u043d\u043d\u044f\" \/>\n\t<meta name=\"twitter:data2\" content=\"2 \u0445\u0432\u0438\u043b\u0438\u043d\u0438\" \/>\n<script type=\"application\/ld+json\" class=\"yoast-schema-graph\">{\"@context\":\"https:\/\/schema.org\",\"@graph\":[{\"@type\":\"Article\",\"@id\":\"http:\/\/denizcankizil.tr\/uk\/haberler\/gundem\/31-yillik-diplomasi-iptal-edildi-ekrem-imamoglundan-ilk-tepki\/#article\",\"isPartOf\":{\"@id\":\"http:\/\/denizcankizil.tr\/uk\/haberler\/gundem\/31-yillik-diplomasi-iptal-edildi-ekrem-imamoglundan-ilk-tepki\/\"},\"author\":{\"name\":\"Antalya K\u00f6rfez\",\"@id\":\"https:\/\/denizcankizil.tr\/de\/#\/schema\/person\/e1eb71bb4dd684d46563f0af307e1234\"},\"headline\":\"31 y\u0131ll\u0131k diplomas\u0131 iptal edildi: Ekrem \u0130mamo\u011flu\u2019ndan ilk tepki\",\"datePublished\":\"2025-03-18T16:41:16+00:00\",\"mainEntityOfPage\":{\"@id\":\"http:\/\/denizcankizil.tr\/uk\/haberler\/gundem\/31-yillik-diplomasi-iptal-edildi-ekrem-imamoglundan-ilk-tepki\/\"},\"wordCount\":458,\"publisher\":{\"@id\":\"https:\/\/denizcankizil.tr\/de\/#organization\"},\"articleSection\":[\"G\u00fcndem\"],\"inLanguage\":\"uk\"},{\"@type\":\"WebPage\",\"@id\":\"http:\/\/denizcankizil.tr\/uk\/haberler\/gundem\/31-yillik-diplomasi-iptal-edildi-ekrem-imamoglundan-ilk-tepki\/\",\"url\":\"http:\/\/denizcankizil.tr\/uk\/haberler\/gundem\/31-yillik-diplomasi-iptal-edildi-ekrem-imamoglundan-ilk-tepki\/\",\"name\":\"31 y\u0131ll\u0131k diplomas\u0131 iptal edildi: Ekrem \u0130mamo\u011flu\u2019ndan ilk tepki - Av. Deniz Can K\u0131z\u0131l\",\"isPartOf\":{\"@id\":\"https:\/\/denizcankizil.tr\/de\/#website\"},\"datePublished\":\"2025-03-18T16:41:16+00:00\",\"breadcrumb\":{\"@id\":\"http:\/\/denizcankizil.tr\/uk\/haberler\/gundem\/31-yillik-diplomasi-iptal-edildi-ekrem-imamoglundan-ilk-tepki\/#breadcrumb\"},\"inLanguage\":\"uk\",\"potentialAction\":[{\"@type\":\"ReadAction\",\"target\":[\"http:\/\/denizcankizil.tr\/uk\/haberler\/gundem\/31-yillik-diplomasi-iptal-edildi-ekrem-imamoglundan-ilk-tepki\/\"]}]},{\"@type\":\"BreadcrumbList\",\"@id\":\"http:\/\/denizcankizil.tr\/uk\/haberler\/gundem\/31-yillik-diplomasi-iptal-edildi-ekrem-imamoglundan-ilk-tepki\/#breadcrumb\",\"itemListElement\":[{\"@type\":\"ListItem\",\"position\":1,\"name\":\"Home\",\"item\":\"https:\/\/denizcankizil.tr\/de\/\"},{\"@type\":\"ListItem\",\"position\":2,\"name\":\"31 y\u0131ll\u0131k diplomas\u0131 iptal edildi: Ekrem \u0130mamo\u011flu\u2019ndan ilk tepki\"}]},{\"@type\":\"WebSite\",\"@id\":\"https:\/\/denizcankizil.tr\/de\/#website\",\"url\":\"https:\/\/denizcankizil.tr\/de\/\",\"name\":\"Av. Deniz Can K\u0131z\u0131l\",\"description\":\"Avukat Deniz Can K\u0131z\u0131l Antalya Barosu\",\"publisher\":{\"@id\":\"https:\/\/denizcankizil.tr\/de\/#organization\"},\"potentialAction\":[{\"@type\":\"SearchAction\",\"target\":{\"@type\":\"EntryPoint\",\"urlTemplate\":\"https:\/\/denizcankizil.tr\/de\/?s={search_term_string}\"},\"query-input\":{\"@type\":\"PropertyValueSpecification\",\"valueRequired\":true,\"valueName\":\"search_term_string\"}}],\"inLanguage\":\"uk\"},{\"@type\":\"Organization\",\"@id\":\"https:\/\/denizcankizil.tr\/de\/#organization\",\"name\":\"Av. Deniz Can K\u0131z\u0131l\",\"url\":\"https:\/\/denizcankizil.tr\/de\/\",\"logo\":{\"@type\":\"ImageObject\",\"inLanguage\":\"uk\",\"@id\":\"https:\/\/denizcankizil.tr\/de\/#\/schema\/logo\/image\/\",\"url\":\"http:\/\/denizcankizil.tr\/wp-content\/uploads\/2024\/10\/siyah-logo-svg.svg\",\"contentUrl\":\"http:\/\/denizcankizil.tr\/wp-content\/uploads\/2024\/10\/siyah-logo-svg.svg\",\"width\":1080,\"height\":1080,\"caption\":\"Av. Deniz Can K\u0131z\u0131l\"},\"image\":{\"@id\":\"https:\/\/denizcankizil.tr\/de\/#\/schema\/logo\/image\/\"}},{\"@type\":\"Person\",\"@id\":\"https:\/\/denizcankizil.tr\/de\/#\/schema\/person\/e1eb71bb4dd684d46563f0af307e1234\",\"name\":\"Antalya K\u00f6rfez\",\"image\":{\"@type\":\"ImageObject\",\"inLanguage\":\"uk\",\"@id\":\"https:\/\/denizcankizil.tr\/de\/#\/schema\/person\/image\/\",\"url\":\"https:\/\/secure.gravatar.com\/avatar\/42b01982558a48a0b501fdcab6a408d3717ea5919095ee2e67b0e521799c5905?s=96&d=mm&r=g\",\"contentUrl\":\"https:\/\/secure.gravatar.com\/avatar\/42b01982558a48a0b501fdcab6a408d3717ea5919095ee2e67b0e521799c5905?s=96&d=mm&r=g\",\"caption\":\"Antalya K\u00f6rfez\"},\"sameAs\":[\"http:\/\/www.antalyakorfez.com\"],\"url\":\"https:\/\/www.antalyakorfez.com\/31-yillik-diplomasi-iptal-edildi-ekrem-imamoglundan-ilk-tepki\"}]}<\/script>\n<!-- \/ Yoast SEO Premium plugin. -->","yoast_head_json":{"title":"31 y\u0131ll\u0131k diplomas\u0131 iptal edildi: Ekrem \u0130mamo\u011flu\u2019ndan ilk tepki - Av. Deniz Can K\u0131z\u0131l","robots":{"index":"index","follow":"follow","max-snippet":"max-snippet:-1","max-image-preview":"max-image-preview:large","max-video-preview":"max-video-preview:-1"},"canonical":"http:\/\/denizcankizil.tr\/uk\/haberler\/gundem\/31-yillik-diplomasi-iptal-edildi-ekrem-imamoglundan-ilk-tepki\/","og_locale":"uk_UA","og_type":"article","og_title":"31 y\u0131ll\u0131k diplomas\u0131 iptal edildi: Ekrem \u0130mamo\u011flu\u2019ndan ilk tepki","og_description":"\u0130stanbul B\u00fcy\u00fck\u015fehir Belediye Ba\u015fkan\u0131 Ekrem \u0130mamo\u011flu, \u0130stanbul \u00dcniversitesi&#8217;nin diplomas\u0131n\u0131 iptal etmesine ili\u015fkin ilk a\u00e7\u0131klamay\u0131 yapt\u0131. \u0130mamo\u011flu, &#8220;\u0130stanbul \u00dcniversitesi Y\u00f6netim Kurulu&#8217;nun karar\u0131 hukuksuzdur. B\u00f6yle bir karar alma yetkileri yoktur&#8221; dedi. \u0130MAMO\u011eLU\u2019NDAN SERT A\u00c7IKLAMA CHP\u2019nin Cumhurba\u015fkanl\u0131\u011f\u0131 yar\u0131\u015f\u0131ndaki iddial\u0131 aday\u0131 \u0130mamo\u011flu\u2019nun \u00fcniversite diplomas\u0131 iptal edildi. \u0130mamo\u011flu, diplomas\u0131 hakk\u0131ndaki karara sosyal medya hesab\u0131ndan yapt\u0131\u011f\u0131 payla\u015f\u0131mla sert tepki g\u00f6sterdi.\u00a0 KARAR HUKUKSUZDUR \u0130mamo\u011flu, \u015funlar\u0131 belirtti: &#8220;\u0130stanbul \u00dcniversitesi Y\u00f6netim Kurulu&#8217;nun karar\u0131 hukuksuzdur. B\u00f6yle bir karar alma yetkileri yoktur. Yetki, sadece \u0130\u015fletme Fak\u00fcltesi Y\u00f6netim Kurulu\u2019ndad\u0131r. Bu karar\u0131 alanlar\u0131n tarih ve adalet \u00f6n\u00fcnde hesap verecekleri g\u00fcnler yak\u0131nd\u0131r. Adalete, hukuka ve demokrasiye susam\u0131\u015f milletimizin y\u00fcr\u00fcy\u00fc\u015f\u00fc durdurulamayacak. Kurtulu\u015f Yok Tek Ba\u015f\u0131na!&#8221; \u00d6ZG\u00dcR \u00d6ZEL: TAR\u0130HE KARA B\u0130R LEKE Cumhuriyet Halk Partisi Genel Ba\u015fkan\u0131 \u00d6zg\u00fcr \u00d6zel, konuya ili\u015fkin ilk a\u00e7\u0131klamas\u0131nda \u015funlar\u0131 s\u00f6yledi: &#8220;Bu al\u0131nan karar, hem karar\u0131 alanlar\u0131n \u0130stanbul \u00dcniversitesi gibi 1453 y\u0131l\u0131ndan beri faaliyette olan bir kurumun tarihine bir kara leke olarak ge\u00e7mi\u015ftir.\u00a0 Ama kimse enseyi karartmas\u0131n. Sonu\u00e7ta bu bir idari i\u015flem ve ne bask\u0131larla bu karar\u0131n ald\u0131\u011f\u0131n\u0131 biliyoruz.\u00a0 \u0130dari yarg\u0131 bak\u0131m\u0131ndan zaman ge\u00e7irilmeden hak aranacak. Karar\u0131n iptal edilece\u011fine ben inan\u0131yorum. Ayr\u0131ca Anayasa Mahkemesi yine benzer bir konuda ki\u015finin kendi hilesi olmamas\u0131ndan dolay\u0131 iptal edilen diploman\u0131n geri verilmesine hem de bir ay s\u00fcre i\u00e7erisinde bu i\u015flemin yap\u0131lmas\u0131 i\u00e7in verdi\u011fi bir karar.\u00a0 Ekrem &hellip;","og_url":"http:\/\/denizcankizil.tr\/uk\/haberler\/gundem\/31-yillik-diplomasi-iptal-edildi-ekrem-imamoglundan-ilk-tepki\/","og_site_name":"Av. Deniz Can K\u0131z\u0131l","article_published_time":"2025-03-18T16:41:16+00:00","author":"Antalya K\u00f6rfez","twitter_card":"summary_large_image","twitter_misc":{"\u041d\u0430\u043f\u0438\u0441\u0430\u043d\u043e":"Antalya K\u00f6rfez","\u041f\u0440\u0438\u0431\u043b. \u0447\u0430\u0441 \u0447\u0438\u0442\u0430\u043d\u043d\u044f":"2 \u0445\u0432\u0438\u043b\u0438\u043d\u0438"},"schema":{"@context":"https:\/\/schema.org","@graph":[{"@type":"Article","@id":"http:\/\/denizcankizil.tr\/uk\/haberler\/gundem\/31-yillik-diplomasi-iptal-edildi-ekrem-imamoglundan-ilk-tepki\/#article","isPartOf":{"@id":"http:\/\/denizcankizil.tr\/uk\/haberler\/gundem\/31-yillik-diplomasi-iptal-edildi-ekrem-imamoglundan-ilk-tepki\/"},"author":{"name":"Antalya K\u00f6rfez","@id":"https:\/\/denizcankizil.tr\/de\/#\/schema\/person\/e1eb71bb4dd684d46563f0af307e1234"},"headline":"31 y\u0131ll\u0131k diplomas\u0131 iptal edildi: Ekrem \u0130mamo\u011flu\u2019ndan ilk tepki","datePublished":"2025-03-18T16:41:16+00:00","mainEntityOfPage":{"@id":"http:\/\/denizcankizil.tr\/uk\/haberler\/gundem\/31-yillik-diplomasi-iptal-edildi-ekrem-imamoglundan-ilk-tepki\/"},"wordCount":458,"publisher":{"@id":"https:\/\/denizcankizil.tr\/de\/#organization"},"articleSection":["G\u00fcndem"],"inLanguage":"uk"},{"@type":"WebPage","@id":"http:\/\/denizcankizil.tr\/uk\/haberler\/gundem\/31-yillik-diplomasi-iptal-edildi-ekrem-imamoglundan-ilk-tepki\/","url":"http:\/\/denizcankizil.tr\/uk\/haberler\/gundem\/31-yillik-diplomasi-iptal-edildi-ekrem-imamoglundan-ilk-tepki\/","name":"31 y\u0131ll\u0131k diplomas\u0131 iptal edildi: Ekrem \u0130mamo\u011flu\u2019ndan ilk tepki - Av. Deniz Can K\u0131z\u0131l","isPartOf":{"@id":"https:\/\/denizcankizil.tr\/de\/#website"},"datePublished":"2025-03-18T16:41:16+00:00","breadcrumb":{"@id":"http:\/\/denizcankizil.tr\/uk\/haberler\/gundem\/31-yillik-diplomasi-iptal-edildi-ekrem-imamoglundan-ilk-tepki\/#breadcrumb"},"inLanguage":"uk","potentialAction":[{"@type":"ReadAction","target":["http:\/\/denizcankizil.tr\/uk\/haberler\/gundem\/31-yillik-diplomasi-iptal-edildi-ekrem-imamoglundan-ilk-tepki\/"]}]},{"@type":"BreadcrumbList","@id":"http:\/\/denizcankizil.tr\/uk\/haberler\/gundem\/31-yillik-diplomasi-iptal-edildi-ekrem-imamoglundan-ilk-tepki\/#breadcrumb","itemListElement":[{"@type":"ListItem","position":1,"name":"Home","item":"https:\/\/denizcankizil.tr\/de\/"},{"@type":"ListItem","position":2,"name":"31 y\u0131ll\u0131k diplomas\u0131 iptal edildi: Ekrem \u0130mamo\u011flu\u2019ndan ilk tepki"}]},{"@type":"WebSite","@id":"https:\/\/denizcankizil.tr\/de\/#website","url":"https:\/\/denizcankizil.tr\/de\/","name":"Av. Deniz Can K\u0131z\u0131l","description":"Avukat Deniz Can K\u0131z\u0131l Antalya Barosu","publisher":{"@id":"https:\/\/denizcankizil.tr\/de\/#organization"},"potentialAction":[{"@type":"SearchAction","target":{"@type":"EntryPoint","urlTemplate":"https:\/\/denizcankizil.tr\/de\/?s={search_term_string}"},"query-input":{"@type":"PropertyValueSpecification","valueRequired":true,"valueName":"search_term_string"}}],"inLanguage":"uk"},{"@type":"Organization","@id":"https:\/\/denizcankizil.tr\/de\/#organization","name":"Av. Deniz Can K\u0131z\u0131l","url":"https:\/\/denizcankizil.tr\/de\/","logo":{"@type":"ImageObject","inLanguage":"uk","@id":"https:\/\/denizcankizil.tr\/de\/#\/schema\/logo\/image\/","url":"http:\/\/denizcankizil.tr\/wp-content\/uploads\/2024\/10\/siyah-logo-svg.svg","contentUrl":"http:\/\/denizcankizil.tr\/wp-content\/uploads\/2024\/10\/siyah-logo-svg.svg","width":1080,"height":1080,"caption":"Av. Deniz Can K\u0131z\u0131l"},"image":{"@id":"https:\/\/denizcankizil.tr\/de\/#\/schema\/logo\/image\/"}},{"@type":"Person","@id":"https:\/\/denizcankizil.tr\/de\/#\/schema\/person\/e1eb71bb4dd684d46563f0af307e1234","name":"Antalya K\u00f6rfez","image":{"@type":"ImageObject","inLanguage":"uk","@id":"https:\/\/denizcankizil.tr\/de\/#\/schema\/person\/image\/","url":"https:\/\/secure.gravatar.com\/avatar\/42b01982558a48a0b501fdcab6a408d3717ea5919095ee2e67b0e521799c5905?s=96&d=mm&r=g","contentUrl":"https:\/\/secure.gravatar.com\/avatar\/42b01982558a48a0b501fdcab6a408d3717ea5919095ee2e67b0e521799c5905?s=96&d=mm&r=g","caption":"Antalya K\u00f6rfez"},"sameAs":["http:\/\/www.antalyakorfez.com"],"url":"https:\/\/www.antalyakorfez.com\/31-yillik-diplomasi-iptal-edildi-ekrem-imamoglundan-ilk-tepki"}]}},"_links":{"self":[{"href":"http:\/\/denizcankizil.tr\/uk\/wp-json\/wp\/v2\/posts\/36237","targetHints":{"allow":["GET"]}}],"collection":[{"href":"http:\/\/denizcankizil.tr\/uk\/wp-json\/wp\/v2\/posts"}],"about":[{"href":"http:\/\/denizcankizil.tr\/uk\/wp-json\/wp\/v2\/types\/post"}],"author":[{"embeddable":true,"href":"http:\/\/denizcankizil.tr\/uk\/wp-json\/wp\/v2\/users\/5"}],"replies":[{"embeddable":true,"href":"http:\/\/denizcankizil.tr\/uk\/wp-json\/wp\/v2\/comments?post=36237"}],"version-history":[{"count":0,"href":"http:\/\/denizcankizil.tr\/uk\/wp-json\/wp\/v2\/posts\/36237\/revisions"}],"wp:attachment":[{"href":"http:\/\/denizcankizil.tr\/uk\/wp-json\/wp\/v2\/media?parent=36237"}],"wp:term":[{"taxonomy":"category","embeddable":true,"href":"http:\/\/denizcankizil.tr\/uk\/wp-json\/wp\/v2\/categories?post=36237"},{"taxonomy":"post_tag","embeddable":true,"href":"http:\/\/denizcankizil.tr\/uk\/wp-json\/wp\/v2\/tags?post=36237"}],"curies":[{"name":"wp","href":"https:\/\/api.w.org\/{rel}","templated":true}]}}