{"id":36104,"date":"2025-03-17T16:41:29","date_gmt":"2025-03-17T13:41:29","guid":{"rendered":"https:\/\/denizcankizil.tr\/uncategorized-tr\/muhittin-bocek-ataturk-sadece-komutan-degildir\/"},"modified":"2025-03-17T16:41:29","modified_gmt":"2025-03-17T13:41:29","slug":"muhittin-bocek-ataturk-sadece-komutan-degildir","status":"publish","type":"post","link":"http:\/\/denizcankizil.tr\/uk\/haberler\/gundem\/muhittin-bocek-ataturk-sadece-komutan-degildir\/","title":{"rendered":"Muhittin B\u00f6cek: Atat\u00fcrk sadece komutan de\u011fildir"},"content":{"rendered":"<p>Antalya B\u00fcy\u00fck\u015fehir Belediye Ba\u015fkan\u0131 Muhittin B\u00f6cek, 18 Mart \u00c7anakkale Zaferi ve \u015eehitleri Anma G\u00fcn\u00fc dolay\u0131s\u0131yla a\u00e7\u0131klamalarda bulundu. Ba\u015fkan B\u00f6cek, Gazi Mustafa Kemal Atat\u00fcrk&#8217;\u00fcn sadece askeri bir komut de\u011fil, ayn\u0131 zamanda T\u00fcrk milletinin ba\u011f\u0131ms\u0131zl\u0131k i\u00e7in verdi\u011fi amans\u0131z m\u00fccadelenin sembol\u00fc oldu\u011funu ifade etti. \u00a0<\/p>\n<p>STRATEJ\u0130 VE ASKER\u0130 DEHA<\/p>\n<p>18 Mart \u00c7anakkale Zaferi ve \u015eehitleri Anma G\u00fcn\u00fc&#8217;n\u00fcn yaln\u0131zca askeri bir ba\u015far\u0131 de\u011fil, ayn\u0131 zamanda T\u00fcrk Milleti\u2019nin ba\u011f\u0131ms\u0131zl\u0131k ve \u00f6zg\u00fcrl\u00fck u\u011fruna verdi\u011fi b\u00fcy\u00fck m\u00fccadelenin simgesi oldu\u011funu belirten Antalya B\u00fcy\u00fck\u015fehir Belediye Ba\u015fkan\u0131 Muhittin B\u00f6cek, &#8220;Milletin birlik ve beraberlik i\u00e7inde verdi\u011fi \u015fanl\u0131 bir m\u00fccadele olan \u00c7anakkale Zaferi, insanl\u0131k tarihinde benzerine az rastlan\u0131r bir kahramanl\u0131k destan\u0131d\u0131r. T\u00fcrkiye Cumhuriyeti&#8217;ne giden yolda Kurtulu\u015f Sava\u015f\u0131&#8217;ndan \u00f6nce T\u00fcrk Milleti\u2019nin en \u00f6nemli m\u00fccadelesi olan \u00c7anakkale Sava\u015f\u0131&#8217;nda, Gazi Mustafa Kemal Atat\u00fcrk&#8217;\u00fcn g\u00f6sterdi\u011fi liderlik, strateji ve askeri deha \u00c7anakkale\u2019yi ge\u00e7ilmez k\u0131lm\u0131\u015ft\u0131r. \u00d6l\u00fcm\u00fcn ka\u00e7\u0131n\u0131lmaz oldu\u011fu siperlerde \u015fehit olaca\u011f\u0131n\u0131 bile bile sars\u0131lmadan, korkusuzca, bir ad\u0131m bile geriye gitmeden \u00e7arp\u0131\u015fan vatan evlatlar\u0131 hem sava\u015f\u0131n hem de bir milletin kaderini de\u011fi\u015ftirmi\u015ftir&#8221; ifadelerini kaydetti.<\/p>\n<p>B\u0130R ADIM GER\u0130 G\u0130TMEK YOKTUR<\/p>\n<p>\u00c7anakkale&#8217;de T\u00fcrk kuvvetlerinin ba\u015f\u0131nda yer alarak zaferin mimar\u0131 olan Atat\u00fcrk\u2019\u00fcn, &#8220;Ben size taarruzu de\u011fil, \u00f6lmeyi emrediyorum!&#8221; emrini hat\u0131rlatan Ba\u015fkan B\u00f6cek, &#8220;Sadece askeri bir komut de\u011fil, ayn\u0131 zamanda T\u00fcrk milletinin ba\u011f\u0131ms\u0131zl\u0131k i\u00e7in verdi\u011fi amans\u0131z m\u00fccadelenin sembol\u00fcd\u00fcr. Askerlerine sava\u015fmay\u0131 de\u011fil \u00f6lmeyi emreden Gazi Mustafa Kemal, \u201cBenimle beraber burada muharebe eden askerler kesin olarak bilmelidir ki, bize verilen namus g\u00f6revini eksiksiz yapmak i\u00e7in bir ad\u0131m geri gitmek yoktur. Uyku, dinlenme araman\u0131n, bu dinlenmeden yaln\u0131z bizim de\u011fil, b\u00fct\u00fcn milletimizin sonsuza kadar mahrum kalmas\u0131na sebep olaca\u011f\u0131n\u0131 hepinize hat\u0131rlat\u0131r\u0131m\u201d diyerek sava\u015f\u0131n vatan\u0131n ve milletin kaderi i\u00e7in ne denli \u00f6nemli oldu\u011funu anlatm\u0131\u015ft\u0131r&#8221; a\u00e7\u0131klamas\u0131nda bulundu.\u00a0<\/p>\n<p>\u200bAntalya B\u00fcy\u00fck\u015fehir Belediye Ba\u015fkan\u0131 Muhittin B\u00f6cek, 18 Mart \u00c7anakkale Zaferi ve \u015eehitleri Anma G\u00fcn\u00fc dolay\u0131s\u0131yla yapt\u0131\u011f\u0131 a\u00e7\u0131klamada Gazi Mustafa Kemal Atat\u00fcrk&#8217;\u00fcn sadece askeri bir komut de\u011fil, ayn\u0131 zamanda T\u00fcrk milletinin ba\u011f\u0131ms\u0131zl\u0131k i\u00e7in verdi\u011fi amans\u0131z m\u00fccadelenin sembol\u00fc oldu\u011funu ifade etti.\u00a0<\/p>\n<p>\u200bHaberin Al\u0131nt\u0131land\u0131\u011f\u0131 Kaynak: www.antalyakorfez.com<\/p>","protected":false},"excerpt":{"rendered":"<p>Antalya B\u00fcy\u00fck\u015fehir Belediye Ba\u015fkan\u0131 Muhittin B\u00f6cek, 18 Mart \u00c7anakkale Zaferi ve \u015eehitleri Anma G\u00fcn\u00fc dolay\u0131s\u0131yla a\u00e7\u0131klamalarda bulundu. Ba\u015fkan B\u00f6cek, Gazi Mustafa Kemal Atat\u00fcrk&#8217;\u00fcn sadece askeri bir komut de\u011fil, ayn\u0131 zamanda T\u00fcrk milletinin ba\u011f\u0131ms\u0131zl\u0131k i\u00e7in verdi\u011fi amans\u0131z m\u00fccadelenin sembol\u00fc oldu\u011funu ifade etti. \u00a0 STRATEJ\u0130 VE ASKER\u0130 DEHA 18 Mart \u00c7anakkale Zaferi ve \u015eehitleri Anma G\u00fcn\u00fc&#8217;n\u00fcn yaln\u0131zca askeri bir ba\u015far\u0131 de\u011fil, ayn\u0131 zamanda T\u00fcrk Milleti\u2019nin ba\u011f\u0131ms\u0131zl\u0131k ve \u00f6zg\u00fcrl\u00fck u\u011fruna verdi\u011fi b\u00fcy\u00fck m\u00fccadelenin simgesi oldu\u011funu belirten Antalya B\u00fcy\u00fck\u015fehir Belediye Ba\u015fkan\u0131 Muhittin B\u00f6cek, &#8220;Milletin birlik ve beraberlik i\u00e7inde verdi\u011fi \u015fanl\u0131 bir m\u00fccadele olan \u00c7anakkale Zaferi, insanl\u0131k tarihinde benzerine az rastlan\u0131r bir kahramanl\u0131k destan\u0131d\u0131r. T\u00fcrkiye Cumhuriyeti&#8217;ne giden yolda Kurtulu\u015f Sava\u015f\u0131&#8217;ndan \u00f6nce T\u00fcrk Milleti\u2019nin en \u00f6nemli m\u00fccadelesi olan \u00c7anakkale Sava\u015f\u0131&#8217;nda, Gazi Mustafa Kemal Atat\u00fcrk&#8217;\u00fcn g\u00f6sterdi\u011fi liderlik, strateji ve askeri deha \u00c7anakkale\u2019yi ge\u00e7ilmez k\u0131lm\u0131\u015ft\u0131r. \u00d6l\u00fcm\u00fcn ka\u00e7\u0131n\u0131lmaz oldu\u011fu siperlerde \u015fehit olaca\u011f\u0131n\u0131 bile bile sars\u0131lmadan, korkusuzca, bir ad\u0131m bile geriye gitmeden \u00e7arp\u0131\u015fan vatan evlatlar\u0131 hem sava\u015f\u0131n hem de bir milletin kaderini de\u011fi\u015ftirmi\u015ftir&#8221; ifadelerini kaydetti. B\u0130R ADIM GER\u0130 G\u0130TMEK YOKTUR \u00c7anakkale&#8217;de T\u00fcrk kuvvetlerinin ba\u015f\u0131nda yer alarak zaferin mimar\u0131 olan Atat\u00fcrk\u2019\u00fcn, &#8220;Ben size taarruzu de\u011fil, \u00f6lmeyi emrediyorum!&#8221; emrini hat\u0131rlatan Ba\u015fkan B\u00f6cek, &#8220;Sadece askeri bir komut de\u011fil, ayn\u0131 zamanda T\u00fcrk milletinin ba\u011f\u0131ms\u0131zl\u0131k i\u00e7in verdi\u011fi amans\u0131z m\u00fccadelenin sembol\u00fcd\u00fcr. Askerlerine sava\u015fmay\u0131 de\u011fil \u00f6lmeyi emreden &hellip;<\/p>","protected":false},"author":5,"featured_media":0,"comment_status":"","ping_status":"open","sticky":false,"template":"","format":"standard","meta":{"_acf_changed":false,"footnotes":""},"categories":[24],"tags":[],"class_list":["post-36104","post","type-post","status-publish","format-standard","has-post-thumbnail","hentry","category-gundem"],"acf":[],"yoast_head":"<!-- This site is optimized with the Yoast SEO Premium plugin v26.6 (Yoast SEO v27.1.1) - https:\/\/yoast.com\/product\/yoast-seo-premium-wordpress\/ -->\n<title>Muhittin B\u00f6cek: Atat\u00fcrk sadece komutan de\u011fildir - Av. Deniz Can K\u0131z\u0131l<\/title>\n<meta name=\"robots\" content=\"index, follow, max-snippet:-1, max-image-preview:large, max-video-preview:-1\" \/>\n<link rel=\"canonical\" href=\"http:\/\/denizcankizil.tr\/uk\/haberler\/gundem\/muhittin-bocek-ataturk-sadece-komutan-degildir\/\" \/>\n<meta property=\"og:locale\" content=\"uk_UA\" \/>\n<meta property=\"og:type\" content=\"article\" \/>\n<meta property=\"og:title\" content=\"Muhittin B\u00f6cek: Atat\u00fcrk sadece komutan de\u011fildir\" \/>\n<meta property=\"og:description\" content=\"Antalya B\u00fcy\u00fck\u015fehir Belediye Ba\u015fkan\u0131 Muhittin B\u00f6cek, 18 Mart \u00c7anakkale Zaferi ve \u015eehitleri Anma G\u00fcn\u00fc dolay\u0131s\u0131yla a\u00e7\u0131klamalarda bulundu. Ba\u015fkan B\u00f6cek, Gazi Mustafa Kemal Atat\u00fcrk&#8217;\u00fcn sadece askeri bir komut de\u011fil, ayn\u0131 zamanda T\u00fcrk milletinin ba\u011f\u0131ms\u0131zl\u0131k i\u00e7in verdi\u011fi amans\u0131z m\u00fccadelenin sembol\u00fc oldu\u011funu ifade etti. \u00a0 STRATEJ\u0130 VE ASKER\u0130 DEHA 18 Mart \u00c7anakkale Zaferi ve \u015eehitleri Anma G\u00fcn\u00fc&#8217;n\u00fcn yaln\u0131zca askeri bir ba\u015far\u0131 de\u011fil, ayn\u0131 zamanda T\u00fcrk Milleti\u2019nin ba\u011f\u0131ms\u0131zl\u0131k ve \u00f6zg\u00fcrl\u00fck u\u011fruna verdi\u011fi b\u00fcy\u00fck m\u00fccadelenin simgesi oldu\u011funu belirten Antalya B\u00fcy\u00fck\u015fehir Belediye Ba\u015fkan\u0131 Muhittin B\u00f6cek, &#8220;Milletin birlik ve beraberlik i\u00e7inde verdi\u011fi \u015fanl\u0131 bir m\u00fccadele olan \u00c7anakkale Zaferi, insanl\u0131k tarihinde benzerine az rastlan\u0131r bir kahramanl\u0131k destan\u0131d\u0131r. T\u00fcrkiye Cumhuriyeti&#8217;ne giden yolda Kurtulu\u015f Sava\u015f\u0131&#8217;ndan \u00f6nce T\u00fcrk Milleti\u2019nin en \u00f6nemli m\u00fccadelesi olan \u00c7anakkale Sava\u015f\u0131&#8217;nda, Gazi Mustafa Kemal Atat\u00fcrk&#8217;\u00fcn g\u00f6sterdi\u011fi liderlik, strateji ve askeri deha \u00c7anakkale\u2019yi ge\u00e7ilmez k\u0131lm\u0131\u015ft\u0131r. \u00d6l\u00fcm\u00fcn ka\u00e7\u0131n\u0131lmaz oldu\u011fu siperlerde \u015fehit olaca\u011f\u0131n\u0131 bile bile sars\u0131lmadan, korkusuzca, bir ad\u0131m bile geriye gitmeden \u00e7arp\u0131\u015fan vatan evlatlar\u0131 hem sava\u015f\u0131n hem de bir milletin kaderini de\u011fi\u015ftirmi\u015ftir&#8221; ifadelerini kaydetti. B\u0130R ADIM GER\u0130 G\u0130TMEK YOKTUR \u00c7anakkale&#8217;de T\u00fcrk kuvvetlerinin ba\u015f\u0131nda yer alarak zaferin mimar\u0131 olan Atat\u00fcrk\u2019\u00fcn, &#8220;Ben size taarruzu de\u011fil, \u00f6lmeyi emrediyorum!&#8221; emrini hat\u0131rlatan Ba\u015fkan B\u00f6cek, &#8220;Sadece askeri bir komut de\u011fil, ayn\u0131 zamanda T\u00fcrk milletinin ba\u011f\u0131ms\u0131zl\u0131k i\u00e7in verdi\u011fi amans\u0131z m\u00fccadelenin sembol\u00fcd\u00fcr. Askerlerine sava\u015fmay\u0131 de\u011fil \u00f6lmeyi emreden &hellip;\" \/>\n<meta property=\"og:url\" content=\"http:\/\/denizcankizil.tr\/uk\/haberler\/gundem\/muhittin-bocek-ataturk-sadece-komutan-degildir\/\" \/>\n<meta property=\"og:site_name\" content=\"Av. Deniz Can K\u0131z\u0131l\" \/>\n<meta property=\"article:published_time\" content=\"2025-03-17T13:41:29+00:00\" \/>\n<meta name=\"author\" content=\"Antalya K\u00f6rfez\" \/>\n<meta name=\"twitter:card\" content=\"summary_large_image\" \/>\n<meta name=\"twitter:label1\" content=\"\u041d\u0430\u043f\u0438\u0441\u0430\u043d\u043e\" \/>\n\t<meta name=\"twitter:data1\" content=\"Antalya K\u00f6rfez\" \/>\n\t<meta name=\"twitter:label2\" content=\"\u041f\u0440\u0438\u0431\u043b. \u0447\u0430\u0441 \u0447\u0438\u0442\u0430\u043d\u043d\u044f\" \/>\n\t<meta name=\"twitter:data2\" content=\"2 \u0445\u0432\u0438\u043b\u0438\u043d\u0438\" \/>\n<script type=\"application\/ld+json\" class=\"yoast-schema-graph\">{\"@context\":\"https:\/\/schema.org\",\"@graph\":[{\"@type\":\"Article\",\"@id\":\"http:\/\/denizcankizil.tr\/uk\/haberler\/gundem\/muhittin-bocek-ataturk-sadece-komutan-degildir\/#article\",\"isPartOf\":{\"@id\":\"http:\/\/denizcankizil.tr\/uk\/haberler\/gundem\/muhittin-bocek-ataturk-sadece-komutan-degildir\/\"},\"author\":{\"name\":\"Antalya K\u00f6rfez\",\"@id\":\"https:\/\/denizcankizil.tr\/de\/#\/schema\/person\/e1eb71bb4dd684d46563f0af307e1234\"},\"headline\":\"Muhittin B\u00f6cek: Atat\u00fcrk sadece komutan de\u011fildir\",\"datePublished\":\"2025-03-17T13:41:29+00:00\",\"mainEntityOfPage\":{\"@id\":\"http:\/\/denizcankizil.tr\/uk\/haberler\/gundem\/muhittin-bocek-ataturk-sadece-komutan-degildir\/\"},\"wordCount\":459,\"publisher\":{\"@id\":\"https:\/\/denizcankizil.tr\/de\/#organization\"},\"articleSection\":[\"G\u00fcndem\"],\"inLanguage\":\"uk\"},{\"@type\":\"WebPage\",\"@id\":\"http:\/\/denizcankizil.tr\/uk\/haberler\/gundem\/muhittin-bocek-ataturk-sadece-komutan-degildir\/\",\"url\":\"http:\/\/denizcankizil.tr\/uk\/haberler\/gundem\/muhittin-bocek-ataturk-sadece-komutan-degildir\/\",\"name\":\"Muhittin B\u00f6cek: Atat\u00fcrk sadece komutan de\u011fildir - Av. Deniz Can K\u0131z\u0131l\",\"isPartOf\":{\"@id\":\"https:\/\/denizcankizil.tr\/de\/#website\"},\"datePublished\":\"2025-03-17T13:41:29+00:00\",\"breadcrumb\":{\"@id\":\"http:\/\/denizcankizil.tr\/uk\/haberler\/gundem\/muhittin-bocek-ataturk-sadece-komutan-degildir\/#breadcrumb\"},\"inLanguage\":\"uk\",\"potentialAction\":[{\"@type\":\"ReadAction\",\"target\":[\"http:\/\/denizcankizil.tr\/uk\/haberler\/gundem\/muhittin-bocek-ataturk-sadece-komutan-degildir\/\"]}]},{\"@type\":\"BreadcrumbList\",\"@id\":\"http:\/\/denizcankizil.tr\/uk\/haberler\/gundem\/muhittin-bocek-ataturk-sadece-komutan-degildir\/#breadcrumb\",\"itemListElement\":[{\"@type\":\"ListItem\",\"position\":1,\"name\":\"Home\",\"item\":\"https:\/\/denizcankizil.tr\/de\/\"},{\"@type\":\"ListItem\",\"position\":2,\"name\":\"Muhittin B\u00f6cek: Atat\u00fcrk sadece komutan de\u011fildir\"}]},{\"@type\":\"WebSite\",\"@id\":\"https:\/\/denizcankizil.tr\/de\/#website\",\"url\":\"https:\/\/denizcankizil.tr\/de\/\",\"name\":\"Av. Deniz Can K\u0131z\u0131l\",\"description\":\"Avukat Deniz Can K\u0131z\u0131l Antalya Barosu\",\"publisher\":{\"@id\":\"https:\/\/denizcankizil.tr\/de\/#organization\"},\"potentialAction\":[{\"@type\":\"SearchAction\",\"target\":{\"@type\":\"EntryPoint\",\"urlTemplate\":\"https:\/\/denizcankizil.tr\/de\/?s={search_term_string}\"},\"query-input\":{\"@type\":\"PropertyValueSpecification\",\"valueRequired\":true,\"valueName\":\"search_term_string\"}}],\"inLanguage\":\"uk\"},{\"@type\":\"Organization\",\"@id\":\"https:\/\/denizcankizil.tr\/de\/#organization\",\"name\":\"Av. Deniz Can K\u0131z\u0131l\",\"url\":\"https:\/\/denizcankizil.tr\/de\/\",\"logo\":{\"@type\":\"ImageObject\",\"inLanguage\":\"uk\",\"@id\":\"https:\/\/denizcankizil.tr\/de\/#\/schema\/logo\/image\/\",\"url\":\"http:\/\/denizcankizil.tr\/wp-content\/uploads\/2024\/10\/siyah-logo-svg.svg\",\"contentUrl\":\"http:\/\/denizcankizil.tr\/wp-content\/uploads\/2024\/10\/siyah-logo-svg.svg\",\"width\":1080,\"height\":1080,\"caption\":\"Av. Deniz Can K\u0131z\u0131l\"},\"image\":{\"@id\":\"https:\/\/denizcankizil.tr\/de\/#\/schema\/logo\/image\/\"}},{\"@type\":\"Person\",\"@id\":\"https:\/\/denizcankizil.tr\/de\/#\/schema\/person\/e1eb71bb4dd684d46563f0af307e1234\",\"name\":\"Antalya K\u00f6rfez\",\"image\":{\"@type\":\"ImageObject\",\"inLanguage\":\"uk\",\"@id\":\"https:\/\/denizcankizil.tr\/de\/#\/schema\/person\/image\/\",\"url\":\"https:\/\/secure.gravatar.com\/avatar\/42b01982558a48a0b501fdcab6a408d3717ea5919095ee2e67b0e521799c5905?s=96&d=mm&r=g\",\"contentUrl\":\"https:\/\/secure.gravatar.com\/avatar\/42b01982558a48a0b501fdcab6a408d3717ea5919095ee2e67b0e521799c5905?s=96&d=mm&r=g\",\"caption\":\"Antalya K\u00f6rfez\"},\"sameAs\":[\"http:\/\/www.antalyakorfez.com\"],\"url\":\"https:\/\/www.antalyakorfez.com\/muhittin-bocek-ataturk-sadece-komutan-degildir\"}]}<\/script>\n<!-- \/ Yoast SEO Premium plugin. -->","yoast_head_json":{"title":"Muhittin B\u00f6cek: Atat\u00fcrk sadece komutan de\u011fildir - Av. Deniz Can K\u0131z\u0131l","robots":{"index":"index","follow":"follow","max-snippet":"max-snippet:-1","max-image-preview":"max-image-preview:large","max-video-preview":"max-video-preview:-1"},"canonical":"http:\/\/denizcankizil.tr\/uk\/haberler\/gundem\/muhittin-bocek-ataturk-sadece-komutan-degildir\/","og_locale":"uk_UA","og_type":"article","og_title":"Muhittin B\u00f6cek: Atat\u00fcrk sadece komutan de\u011fildir","og_description":"Antalya B\u00fcy\u00fck\u015fehir Belediye Ba\u015fkan\u0131 Muhittin B\u00f6cek, 18 Mart \u00c7anakkale Zaferi ve \u015eehitleri Anma G\u00fcn\u00fc dolay\u0131s\u0131yla a\u00e7\u0131klamalarda bulundu. Ba\u015fkan B\u00f6cek, Gazi Mustafa Kemal Atat\u00fcrk&#8217;\u00fcn sadece askeri bir komut de\u011fil, ayn\u0131 zamanda T\u00fcrk milletinin ba\u011f\u0131ms\u0131zl\u0131k i\u00e7in verdi\u011fi amans\u0131z m\u00fccadelenin sembol\u00fc oldu\u011funu ifade etti. \u00a0 STRATEJ\u0130 VE ASKER\u0130 DEHA 18 Mart \u00c7anakkale Zaferi ve \u015eehitleri Anma G\u00fcn\u00fc&#8217;n\u00fcn yaln\u0131zca askeri bir ba\u015far\u0131 de\u011fil, ayn\u0131 zamanda T\u00fcrk Milleti\u2019nin ba\u011f\u0131ms\u0131zl\u0131k ve \u00f6zg\u00fcrl\u00fck u\u011fruna verdi\u011fi b\u00fcy\u00fck m\u00fccadelenin simgesi oldu\u011funu belirten Antalya B\u00fcy\u00fck\u015fehir Belediye Ba\u015fkan\u0131 Muhittin B\u00f6cek, &#8220;Milletin birlik ve beraberlik i\u00e7inde verdi\u011fi \u015fanl\u0131 bir m\u00fccadele olan \u00c7anakkale Zaferi, insanl\u0131k tarihinde benzerine az rastlan\u0131r bir kahramanl\u0131k destan\u0131d\u0131r. T\u00fcrkiye Cumhuriyeti&#8217;ne giden yolda Kurtulu\u015f Sava\u015f\u0131&#8217;ndan \u00f6nce T\u00fcrk Milleti\u2019nin en \u00f6nemli m\u00fccadelesi olan \u00c7anakkale Sava\u015f\u0131&#8217;nda, Gazi Mustafa Kemal Atat\u00fcrk&#8217;\u00fcn g\u00f6sterdi\u011fi liderlik, strateji ve askeri deha \u00c7anakkale\u2019yi ge\u00e7ilmez k\u0131lm\u0131\u015ft\u0131r. \u00d6l\u00fcm\u00fcn ka\u00e7\u0131n\u0131lmaz oldu\u011fu siperlerde \u015fehit olaca\u011f\u0131n\u0131 bile bile sars\u0131lmadan, korkusuzca, bir ad\u0131m bile geriye gitmeden \u00e7arp\u0131\u015fan vatan evlatlar\u0131 hem sava\u015f\u0131n hem de bir milletin kaderini de\u011fi\u015ftirmi\u015ftir&#8221; ifadelerini kaydetti. B\u0130R ADIM GER\u0130 G\u0130TMEK YOKTUR \u00c7anakkale&#8217;de T\u00fcrk kuvvetlerinin ba\u015f\u0131nda yer alarak zaferin mimar\u0131 olan Atat\u00fcrk\u2019\u00fcn, &#8220;Ben size taarruzu de\u011fil, \u00f6lmeyi emrediyorum!&#8221; emrini hat\u0131rlatan Ba\u015fkan B\u00f6cek, &#8220;Sadece askeri bir komut de\u011fil, ayn\u0131 zamanda T\u00fcrk milletinin ba\u011f\u0131ms\u0131zl\u0131k i\u00e7in verdi\u011fi amans\u0131z m\u00fccadelenin sembol\u00fcd\u00fcr. Askerlerine sava\u015fmay\u0131 de\u011fil \u00f6lmeyi emreden &hellip;","og_url":"http:\/\/denizcankizil.tr\/uk\/haberler\/gundem\/muhittin-bocek-ataturk-sadece-komutan-degildir\/","og_site_name":"Av. Deniz Can K\u0131z\u0131l","article_published_time":"2025-03-17T13:41:29+00:00","author":"Antalya K\u00f6rfez","twitter_card":"summary_large_image","twitter_misc":{"\u041d\u0430\u043f\u0438\u0441\u0430\u043d\u043e":"Antalya K\u00f6rfez","\u041f\u0440\u0438\u0431\u043b. \u0447\u0430\u0441 \u0447\u0438\u0442\u0430\u043d\u043d\u044f":"2 \u0445\u0432\u0438\u043b\u0438\u043d\u0438"},"schema":{"@context":"https:\/\/schema.org","@graph":[{"@type":"Article","@id":"http:\/\/denizcankizil.tr\/uk\/haberler\/gundem\/muhittin-bocek-ataturk-sadece-komutan-degildir\/#article","isPartOf":{"@id":"http:\/\/denizcankizil.tr\/uk\/haberler\/gundem\/muhittin-bocek-ataturk-sadece-komutan-degildir\/"},"author":{"name":"Antalya K\u00f6rfez","@id":"https:\/\/denizcankizil.tr\/de\/#\/schema\/person\/e1eb71bb4dd684d46563f0af307e1234"},"headline":"Muhittin B\u00f6cek: Atat\u00fcrk sadece komutan de\u011fildir","datePublished":"2025-03-17T13:41:29+00:00","mainEntityOfPage":{"@id":"http:\/\/denizcankizil.tr\/uk\/haberler\/gundem\/muhittin-bocek-ataturk-sadece-komutan-degildir\/"},"wordCount":459,"publisher":{"@id":"https:\/\/denizcankizil.tr\/de\/#organization"},"articleSection":["G\u00fcndem"],"inLanguage":"uk"},{"@type":"WebPage","@id":"http:\/\/denizcankizil.tr\/uk\/haberler\/gundem\/muhittin-bocek-ataturk-sadece-komutan-degildir\/","url":"http:\/\/denizcankizil.tr\/uk\/haberler\/gundem\/muhittin-bocek-ataturk-sadece-komutan-degildir\/","name":"Muhittin B\u00f6cek: Atat\u00fcrk sadece komutan de\u011fildir - Av. Deniz Can K\u0131z\u0131l","isPartOf":{"@id":"https:\/\/denizcankizil.tr\/de\/#website"},"datePublished":"2025-03-17T13:41:29+00:00","breadcrumb":{"@id":"http:\/\/denizcankizil.tr\/uk\/haberler\/gundem\/muhittin-bocek-ataturk-sadece-komutan-degildir\/#breadcrumb"},"inLanguage":"uk","potentialAction":[{"@type":"ReadAction","target":["http:\/\/denizcankizil.tr\/uk\/haberler\/gundem\/muhittin-bocek-ataturk-sadece-komutan-degildir\/"]}]},{"@type":"BreadcrumbList","@id":"http:\/\/denizcankizil.tr\/uk\/haberler\/gundem\/muhittin-bocek-ataturk-sadece-komutan-degildir\/#breadcrumb","itemListElement":[{"@type":"ListItem","position":1,"name":"Home","item":"https:\/\/denizcankizil.tr\/de\/"},{"@type":"ListItem","position":2,"name":"Muhittin B\u00f6cek: Atat\u00fcrk sadece komutan de\u011fildir"}]},{"@type":"WebSite","@id":"https:\/\/denizcankizil.tr\/de\/#website","url":"https:\/\/denizcankizil.tr\/de\/","name":"Av. Deniz Can K\u0131z\u0131l","description":"Avukat Deniz Can K\u0131z\u0131l Antalya Barosu","publisher":{"@id":"https:\/\/denizcankizil.tr\/de\/#organization"},"potentialAction":[{"@type":"SearchAction","target":{"@type":"EntryPoint","urlTemplate":"https:\/\/denizcankizil.tr\/de\/?s={search_term_string}"},"query-input":{"@type":"PropertyValueSpecification","valueRequired":true,"valueName":"search_term_string"}}],"inLanguage":"uk"},{"@type":"Organization","@id":"https:\/\/denizcankizil.tr\/de\/#organization","name":"Av. Deniz Can K\u0131z\u0131l","url":"https:\/\/denizcankizil.tr\/de\/","logo":{"@type":"ImageObject","inLanguage":"uk","@id":"https:\/\/denizcankizil.tr\/de\/#\/schema\/logo\/image\/","url":"http:\/\/denizcankizil.tr\/wp-content\/uploads\/2024\/10\/siyah-logo-svg.svg","contentUrl":"http:\/\/denizcankizil.tr\/wp-content\/uploads\/2024\/10\/siyah-logo-svg.svg","width":1080,"height":1080,"caption":"Av. Deniz Can K\u0131z\u0131l"},"image":{"@id":"https:\/\/denizcankizil.tr\/de\/#\/schema\/logo\/image\/"}},{"@type":"Person","@id":"https:\/\/denizcankizil.tr\/de\/#\/schema\/person\/e1eb71bb4dd684d46563f0af307e1234","name":"Antalya K\u00f6rfez","image":{"@type":"ImageObject","inLanguage":"uk","@id":"https:\/\/denizcankizil.tr\/de\/#\/schema\/person\/image\/","url":"https:\/\/secure.gravatar.com\/avatar\/42b01982558a48a0b501fdcab6a408d3717ea5919095ee2e67b0e521799c5905?s=96&d=mm&r=g","contentUrl":"https:\/\/secure.gravatar.com\/avatar\/42b01982558a48a0b501fdcab6a408d3717ea5919095ee2e67b0e521799c5905?s=96&d=mm&r=g","caption":"Antalya K\u00f6rfez"},"sameAs":["http:\/\/www.antalyakorfez.com"],"url":"https:\/\/www.antalyakorfez.com\/muhittin-bocek-ataturk-sadece-komutan-degildir"}]}},"_links":{"self":[{"href":"http:\/\/denizcankizil.tr\/uk\/wp-json\/wp\/v2\/posts\/36104","targetHints":{"allow":["GET"]}}],"collection":[{"href":"http:\/\/denizcankizil.tr\/uk\/wp-json\/wp\/v2\/posts"}],"about":[{"href":"http:\/\/denizcankizil.tr\/uk\/wp-json\/wp\/v2\/types\/post"}],"author":[{"embeddable":true,"href":"http:\/\/denizcankizil.tr\/uk\/wp-json\/wp\/v2\/users\/5"}],"replies":[{"embeddable":true,"href":"http:\/\/denizcankizil.tr\/uk\/wp-json\/wp\/v2\/comments?post=36104"}],"version-history":[{"count":0,"href":"http:\/\/denizcankizil.tr\/uk\/wp-json\/wp\/v2\/posts\/36104\/revisions"}],"wp:attachment":[{"href":"http:\/\/denizcankizil.tr\/uk\/wp-json\/wp\/v2\/media?parent=36104"}],"wp:term":[{"taxonomy":"category","embeddable":true,"href":"http:\/\/denizcankizil.tr\/uk\/wp-json\/wp\/v2\/categories?post=36104"},{"taxonomy":"post_tag","embeddable":true,"href":"http:\/\/denizcankizil.tr\/uk\/wp-json\/wp\/v2\/tags?post=36104"}],"curies":[{"name":"wp","href":"https:\/\/api.w.org\/{rel}","templated":true}]}}