{"id":35556,"date":"2025-03-13T09:41:14","date_gmt":"2025-03-13T06:41:14","guid":{"rendered":"https:\/\/denizcankizil.tr\/uncategorized-tr\/antalya-barosu-yonetimi-kumlucaya-cikartma-yapti-bozaner-suc-duyurusunda-bulundu\/"},"modified":"2025-03-16T00:43:43","modified_gmt":"2025-03-15T21:43:43","slug":"antalya-barosu-yonetimi-kumlucaya-cikartma-yapti-bozaner-suc-duyurusunda-bulundu","status":"publish","type":"post","link":"http:\/\/denizcankizil.tr\/uk\/haberler\/gundem\/antalya-barosu-yonetimi-kumlucaya-cikartma-yapti-bozaner-suc-duyurusunda-bulundu\/","title":{"rendered":"Antalya Barosu y\u00f6netimi Kumluca\u2019ya \u00e7\u0131kartma yapt\u0131! Bozaner, su\u00e7 duyurusunda bulundu"},"content":{"rendered":"<p>Antalya Barosu Ba\u015fkan\u0131 Ali \u00c7a\u011fda\u015f Bozaner, Ma\u011fdur vekili olarak hukuki yard\u0131mda bulunmak i\u00e7in gitti\u011fi Kumluca Mavikent Jandarma Karakolu\u2019nda s\u00f6z konusu soru\u015fturma dosyas\u0131n\u0131n \u015f\u00fcphelisi haline getirilen avukata destek verdi. Avukat meslekta\u015flar\u0131n\u0131n her zaman yanlar\u0131nda olacaklar\u0131n\u0131 kaydeden Bozaner, ya\u015fanan durumun yak\u0131ndan takip edilece\u011fini anlatt\u0131. Bozaner; \u201cMa\u011fdur vekili olarak hukuki yard\u0131mda bulunmak i\u00e7in gitti\u011fi Kumluca Mavikent Jandarma Karakolu\u2019nda s\u00f6z konusu soru\u015fturma dosyas\u0131n\u0131n \u015f\u00fcphelisi haline getirilen meslekta\u015f\u0131m\u0131za ya\u015fatt\u0131r\u0131lan olaylara ili\u015fkin Kumluca Cumhuriyet Ba\u015fsavc\u0131l\u0131\u011f\u0131na su\u00e7 duyurusunda bulunuldu ve bas\u0131n a\u00e7\u0131klamas\u0131 yap\u0131ld\u0131\u201d dedi.\u00a0<\/p>\n<p>\u00c7OK VAH\u0130M B\u0130R DURUM\u2026<\/p>\n<p>Antalya Barosu Ba\u015fkan\u0131 Ali \u00c7a\u011fda\u015f Bozaner, konunun takip\u00e7isi olacaklar\u0131n\u0131 a\u00e7\u0131klad\u0131. Bozaner, Kumluca \u0130l\u00e7esinde g\u00f6rev yapan avukatlarla da bir toplant\u0131 ger\u00e7ekle\u015ftirdi. \u0130l\u00e7ede avukatlar\u0131 ilgilendiren sorunlar\u0131n masaya yat\u0131r\u0131ld\u0131\u011f\u0131n\u0131 ve sorunlar kar\u015f\u0131s\u0131nda \u00e7\u00f6z\u00fcm \u00fcreteceklerini dile getiren Antalya Barosu Ba\u015fkan\u0131 Ali \u00c7a\u011fda\u015f Bozaner, \u201cBaro Ba\u015fkan\u0131m\u0131z ve Y\u00f6netim Kurulumuz, Kumluca il\u00e7emizdeki meslekta\u015flar\u0131m\u0131zla bir araya gelerek s\u00fcregelen aksakl\u0131klarla ilgili g\u00f6r\u00fc\u015ft\u00fc, kar\u015f\u0131l\u0131kl\u0131 \u00f6neriler ile yap\u0131lmas\u0131 gerekenler belirlendi. Bizi g\u00fczel bir \u015fekilde a\u011f\u0131rlayan ve bas\u0131n a\u00e7\u0131klamas\u0131na kat\u0131larak dayan\u0131\u015fma g\u00f6steren meslekta\u015flar\u0131m\u0131za te\u015fekk\u00fcr ederiz\u201d diye konu\u015ftu.<\/p>\n<p>\u200bAntalya Barosu Ba\u015fkan\u0131 Ali \u00c7a\u011fda\u015f Bozaner, ma\u011fdur vekili olarak hukuki yard\u0131mda bulunmak i\u00e7in gitti\u011fi Kumluca Mavikent Jandarma Karakolu\u2019nda s\u00f6z konusu soru\u015fturma dosyas\u0131n\u0131n \u015f\u00fcphelisi haline getirilen avukata destek verdi. Y\u00f6netim Kuruluyla birlikte Kumluca il\u00e7esine \u00e7\u0131kartma yapan Bozaner, konuyla ilgili Cumhuriyet Ba\u015fsavc\u0131l\u0131\u011f\u0131na su\u00e7 duyurusunda bulundu\u00a0<\/p>\n<p>\u200bHaberin Al\u0131nt\u0131land\u0131\u011f\u0131 Kaynak: www.antalyakorfez.com<\/p>","protected":false},"excerpt":{"rendered":"<p>Antalya Barosu Ba\u015fkan\u0131 Ali \u00c7a\u011fda\u015f Bozaner, Ma\u011fdur vekili olarak hukuki yard\u0131mda bulunmak i\u00e7in gitti\u011fi Kumluca Mavikent Jandarma Karakolu\u2019nda s\u00f6z konusu soru\u015fturma dosyas\u0131n\u0131n \u015f\u00fcphelisi haline getirilen avukata destek verdi. Avukat meslekta\u015flar\u0131n\u0131n her zaman yanlar\u0131nda olacaklar\u0131n\u0131 kaydeden Bozaner, ya\u015fanan durumun yak\u0131ndan takip edilece\u011fini anlatt\u0131. Bozaner; \u201cMa\u011fdur vekili olarak hukuki yard\u0131mda bulunmak i\u00e7in gitti\u011fi Kumluca Mavikent Jandarma Karakolu\u2019nda s\u00f6z konusu soru\u015fturma dosyas\u0131n\u0131n \u015f\u00fcphelisi haline getirilen meslekta\u015f\u0131m\u0131za ya\u015fatt\u0131r\u0131lan olaylara ili\u015fkin Kumluca Cumhuriyet Ba\u015fsavc\u0131l\u0131\u011f\u0131na su\u00e7 duyurusunda bulunuldu ve bas\u0131n a\u00e7\u0131klamas\u0131 yap\u0131ld\u0131\u201d dedi.\u00a0 \u00c7OK VAH\u0130M B\u0130R DURUM\u2026 Antalya Barosu Ba\u015fkan\u0131 Ali \u00c7a\u011fda\u015f Bozaner, konunun takip\u00e7isi olacaklar\u0131n\u0131 a\u00e7\u0131klad\u0131. Bozaner, Kumluca \u0130l\u00e7esinde g\u00f6rev yapan avukatlarla da bir toplant\u0131 ger\u00e7ekle\u015ftirdi. \u0130l\u00e7ede avukatlar\u0131 ilgilendiren sorunlar\u0131n masaya yat\u0131r\u0131ld\u0131\u011f\u0131n\u0131 ve sorunlar kar\u015f\u0131s\u0131nda \u00e7\u00f6z\u00fcm \u00fcreteceklerini dile getiren Antalya Barosu Ba\u015fkan\u0131 Ali \u00c7a\u011fda\u015f Bozaner, \u201cBaro Ba\u015fkan\u0131m\u0131z ve Y\u00f6netim Kurulumuz, Kumluca il\u00e7emizdeki meslekta\u015flar\u0131m\u0131zla bir araya gelerek s\u00fcregelen aksakl\u0131klarla ilgili g\u00f6r\u00fc\u015ft\u00fc, kar\u015f\u0131l\u0131kl\u0131 \u00f6neriler ile yap\u0131lmas\u0131 gerekenler belirlendi. Bizi g\u00fczel bir \u015fekilde a\u011f\u0131rlayan ve bas\u0131n a\u00e7\u0131klamas\u0131na kat\u0131larak dayan\u0131\u015fma g\u00f6steren meslekta\u015flar\u0131m\u0131za te\u015fekk\u00fcr ederiz\u201d diye konu\u015ftu. \u200bAntalya Barosu Ba\u015fkan\u0131 Ali \u00c7a\u011fda\u015f Bozaner, ma\u011fdur vekili olarak hukuki yard\u0131mda bulunmak i\u00e7in gitti\u011fi Kumluca Mavikent Jandarma Karakolu\u2019nda s\u00f6z konusu soru\u015fturma dosyas\u0131n\u0131n \u015f\u00fcphelisi haline getirilen avukata destek verdi. Y\u00f6netim Kuruluyla birlikte Kumluca il\u00e7esine \u00e7\u0131kartma yapan Bozaner, konuyla ilgili Cumhuriyet Ba\u015fsavc\u0131l\u0131\u011f\u0131na su\u00e7 duyurusunda bulundu\u00a0 &hellip;<\/p>","protected":false},"author":5,"featured_media":0,"comment_status":"closed","ping_status":"open","sticky":false,"template":"","format":"standard","meta":{"_acf_changed":false,"footnotes":""},"categories":[24],"tags":[],"class_list":["post-35556","post","type-post","status-publish","format-standard","has-post-thumbnail","hentry","category-gundem"],"acf":[],"yoast_head":"<!-- This site is optimized with the Yoast SEO Premium plugin v26.6 (Yoast SEO v27.1.1) - https:\/\/yoast.com\/product\/yoast-seo-premium-wordpress\/ -->\n<title>Antalya Barosu y\u00f6netimi Kumluca\u2019ya \u00e7\u0131kartma yapt\u0131! Bozaner, su\u00e7 duyurusunda bulundu - Av. Deniz Can K\u0131z\u0131l<\/title>\n<meta name=\"robots\" content=\"index, follow, max-snippet:-1, max-image-preview:large, max-video-preview:-1\" \/>\n<link rel=\"canonical\" href=\"https:\/\/denizcankizil.tr\/uk\/haberler\/gundem\/antalya-barosu-yonetimi-kumlucaya-cikartma-yapti-bozaner-suc-duyurusunda-bulundu\/\" \/>\n<meta property=\"og:locale\" content=\"uk_UA\" \/>\n<meta property=\"og:type\" content=\"article\" \/>\n<meta property=\"og:title\" content=\"Antalya Barosu y\u00f6netimi Kumluca\u2019ya \u00e7\u0131kartma yapt\u0131! Bozaner, su\u00e7 duyurusunda bulundu\" \/>\n<meta property=\"og:description\" content=\"Antalya Barosu Ba\u015fkan\u0131 Ali \u00c7a\u011fda\u015f Bozaner, Ma\u011fdur vekili olarak hukuki yard\u0131mda bulunmak i\u00e7in gitti\u011fi Kumluca Mavikent Jandarma Karakolu\u2019nda s\u00f6z konusu soru\u015fturma dosyas\u0131n\u0131n \u015f\u00fcphelisi haline getirilen avukata destek verdi. Avukat meslekta\u015flar\u0131n\u0131n her zaman yanlar\u0131nda olacaklar\u0131n\u0131 kaydeden Bozaner, ya\u015fanan durumun yak\u0131ndan takip edilece\u011fini anlatt\u0131. Bozaner; \u201cMa\u011fdur vekili olarak hukuki yard\u0131mda bulunmak i\u00e7in gitti\u011fi Kumluca Mavikent Jandarma Karakolu\u2019nda s\u00f6z konusu soru\u015fturma dosyas\u0131n\u0131n \u015f\u00fcphelisi haline getirilen meslekta\u015f\u0131m\u0131za ya\u015fatt\u0131r\u0131lan olaylara ili\u015fkin Kumluca Cumhuriyet Ba\u015fsavc\u0131l\u0131\u011f\u0131na su\u00e7 duyurusunda bulunuldu ve bas\u0131n a\u00e7\u0131klamas\u0131 yap\u0131ld\u0131\u201d dedi.\u00a0 \u00c7OK VAH\u0130M B\u0130R DURUM\u2026 Antalya Barosu Ba\u015fkan\u0131 Ali \u00c7a\u011fda\u015f Bozaner, konunun takip\u00e7isi olacaklar\u0131n\u0131 a\u00e7\u0131klad\u0131. Bozaner, Kumluca \u0130l\u00e7esinde g\u00f6rev yapan avukatlarla da bir toplant\u0131 ger\u00e7ekle\u015ftirdi. \u0130l\u00e7ede avukatlar\u0131 ilgilendiren sorunlar\u0131n masaya yat\u0131r\u0131ld\u0131\u011f\u0131n\u0131 ve sorunlar kar\u015f\u0131s\u0131nda \u00e7\u00f6z\u00fcm \u00fcreteceklerini dile getiren Antalya Barosu Ba\u015fkan\u0131 Ali \u00c7a\u011fda\u015f Bozaner, \u201cBaro Ba\u015fkan\u0131m\u0131z ve Y\u00f6netim Kurulumuz, Kumluca il\u00e7emizdeki meslekta\u015flar\u0131m\u0131zla bir araya gelerek s\u00fcregelen aksakl\u0131klarla ilgili g\u00f6r\u00fc\u015ft\u00fc, kar\u015f\u0131l\u0131kl\u0131 \u00f6neriler ile yap\u0131lmas\u0131 gerekenler belirlendi. Bizi g\u00fczel bir \u015fekilde a\u011f\u0131rlayan ve bas\u0131n a\u00e7\u0131klamas\u0131na kat\u0131larak dayan\u0131\u015fma g\u00f6steren meslekta\u015flar\u0131m\u0131za te\u015fekk\u00fcr ederiz\u201d diye konu\u015ftu. \u200bAntalya Barosu Ba\u015fkan\u0131 Ali \u00c7a\u011fda\u015f Bozaner, ma\u011fdur vekili olarak hukuki yard\u0131mda bulunmak i\u00e7in gitti\u011fi Kumluca Mavikent Jandarma Karakolu\u2019nda s\u00f6z konusu soru\u015fturma dosyas\u0131n\u0131n \u015f\u00fcphelisi haline getirilen avukata destek verdi. Y\u00f6netim Kuruluyla birlikte Kumluca il\u00e7esine \u00e7\u0131kartma yapan Bozaner, konuyla ilgili Cumhuriyet Ba\u015fsavc\u0131l\u0131\u011f\u0131na su\u00e7 duyurusunda bulundu\u00a0 &hellip;\" \/>\n<meta property=\"og:url\" content=\"https:\/\/denizcankizil.tr\/uk\/haberler\/gundem\/antalya-barosu-yonetimi-kumlucaya-cikartma-yapti-bozaner-suc-duyurusunda-bulundu\/\" \/>\n<meta property=\"og:site_name\" content=\"Av. Deniz Can K\u0131z\u0131l\" \/>\n<meta property=\"article:published_time\" content=\"2025-03-13T06:41:14+00:00\" \/>\n<meta property=\"article:modified_time\" content=\"2025-03-15T21:43:43+00:00\" \/>\n<meta name=\"author\" content=\"Antalya K\u00f6rfez\" \/>\n<meta name=\"twitter:card\" content=\"summary_large_image\" \/>\n<meta name=\"twitter:label1\" content=\"\u041d\u0430\u043f\u0438\u0441\u0430\u043d\u043e\" \/>\n\t<meta name=\"twitter:data1\" content=\"Antalya K\u00f6rfez\" \/>\n\t<meta name=\"twitter:label2\" content=\"\u041f\u0440\u0438\u0431\u043b. \u0447\u0430\u0441 \u0447\u0438\u0442\u0430\u043d\u043d\u044f\" \/>\n\t<meta name=\"twitter:data2\" content=\"2 \u0445\u0432\u0438\u043b\u0438\u043d\u0438\" \/>\n<script type=\"application\/ld+json\" class=\"yoast-schema-graph\">{\"@context\":\"https:\/\/schema.org\",\"@graph\":[{\"@type\":\"Article\",\"@id\":\"https:\/\/denizcankizil.tr\/en\/haberler\/gundem\/antalya-barosu-yonetimi-kumlucaya-cikartma-yapti-bozaner-suc-duyurusunda-bulundu\/#article\",\"isPartOf\":{\"@id\":\"https:\/\/denizcankizil.tr\/en\/haberler\/gundem\/antalya-barosu-yonetimi-kumlucaya-cikartma-yapti-bozaner-suc-duyurusunda-bulundu\/\"},\"author\":{\"name\":\"Antalya K\u00f6rfez\",\"@id\":\"https:\/\/denizcankizil.tr\/de\/#\/schema\/person\/e1eb71bb4dd684d46563f0af307e1234\"},\"headline\":\"Antalya Barosu y\u00f6netimi Kumluca\u2019ya \u00e7\u0131kartma yapt\u0131! Bozaner, su\u00e7 duyurusunda bulundu\",\"datePublished\":\"2025-03-13T06:41:14+00:00\",\"dateModified\":\"2025-03-15T21:43:43+00:00\",\"mainEntityOfPage\":{\"@id\":\"https:\/\/denizcankizil.tr\/en\/haberler\/gundem\/antalya-barosu-yonetimi-kumlucaya-cikartma-yapti-bozaner-suc-duyurusunda-bulundu\/\"},\"wordCount\":326,\"publisher\":{\"@id\":\"https:\/\/denizcankizil.tr\/de\/#organization\"},\"articleSection\":[\"G\u00fcndem\"],\"inLanguage\":\"uk\"},{\"@type\":\"WebPage\",\"@id\":\"https:\/\/denizcankizil.tr\/en\/haberler\/gundem\/antalya-barosu-yonetimi-kumlucaya-cikartma-yapti-bozaner-suc-duyurusunda-bulundu\/\",\"url\":\"https:\/\/denizcankizil.tr\/en\/haberler\/gundem\/antalya-barosu-yonetimi-kumlucaya-cikartma-yapti-bozaner-suc-duyurusunda-bulundu\/\",\"name\":\"Antalya Barosu y\u00f6netimi Kumluca\u2019ya \u00e7\u0131kartma yapt\u0131! Bozaner, su\u00e7 duyurusunda bulundu - Av. Deniz Can K\u0131z\u0131l\",\"isPartOf\":{\"@id\":\"https:\/\/denizcankizil.tr\/de\/#website\"},\"datePublished\":\"2025-03-13T06:41:14+00:00\",\"dateModified\":\"2025-03-15T21:43:43+00:00\",\"breadcrumb\":{\"@id\":\"https:\/\/denizcankizil.tr\/en\/haberler\/gundem\/antalya-barosu-yonetimi-kumlucaya-cikartma-yapti-bozaner-suc-duyurusunda-bulundu\/#breadcrumb\"},\"inLanguage\":\"uk\",\"potentialAction\":[{\"@type\":\"ReadAction\",\"target\":[\"https:\/\/denizcankizil.tr\/en\/haberler\/gundem\/antalya-barosu-yonetimi-kumlucaya-cikartma-yapti-bozaner-suc-duyurusunda-bulundu\/\"]}]},{\"@type\":\"BreadcrumbList\",\"@id\":\"https:\/\/denizcankizil.tr\/en\/haberler\/gundem\/antalya-barosu-yonetimi-kumlucaya-cikartma-yapti-bozaner-suc-duyurusunda-bulundu\/#breadcrumb\",\"itemListElement\":[{\"@type\":\"ListItem\",\"position\":1,\"name\":\"Home\",\"item\":\"https:\/\/denizcankizil.tr\/de\/\"},{\"@type\":\"ListItem\",\"position\":2,\"name\":\"Antalya Barosu y\u00f6netimi Kumluca\u2019ya \u00e7\u0131kartma yapt\u0131! Bozaner, su\u00e7 duyurusunda bulundu\"}]},{\"@type\":\"WebSite\",\"@id\":\"https:\/\/denizcankizil.tr\/de\/#website\",\"url\":\"https:\/\/denizcankizil.tr\/de\/\",\"name\":\"Av. Deniz Can K\u0131z\u0131l\",\"description\":\"Avukat Deniz Can K\u0131z\u0131l Antalya Barosu\",\"publisher\":{\"@id\":\"https:\/\/denizcankizil.tr\/de\/#organization\"},\"potentialAction\":[{\"@type\":\"SearchAction\",\"target\":{\"@type\":\"EntryPoint\",\"urlTemplate\":\"https:\/\/denizcankizil.tr\/de\/?s={search_term_string}\"},\"query-input\":{\"@type\":\"PropertyValueSpecification\",\"valueRequired\":true,\"valueName\":\"search_term_string\"}}],\"inLanguage\":\"uk\"},{\"@type\":\"Organization\",\"@id\":\"https:\/\/denizcankizil.tr\/de\/#organization\",\"name\":\"Av. Deniz Can K\u0131z\u0131l\",\"url\":\"https:\/\/denizcankizil.tr\/de\/\",\"logo\":{\"@type\":\"ImageObject\",\"inLanguage\":\"uk\",\"@id\":\"https:\/\/denizcankizil.tr\/de\/#\/schema\/logo\/image\/\",\"url\":\"http:\/\/denizcankizil.tr\/wp-content\/uploads\/2024\/10\/siyah-logo-svg.svg\",\"contentUrl\":\"http:\/\/denizcankizil.tr\/wp-content\/uploads\/2024\/10\/siyah-logo-svg.svg\",\"width\":1080,\"height\":1080,\"caption\":\"Av. Deniz Can K\u0131z\u0131l\"},\"image\":{\"@id\":\"https:\/\/denizcankizil.tr\/de\/#\/schema\/logo\/image\/\"}},{\"@type\":\"Person\",\"@id\":\"https:\/\/denizcankizil.tr\/de\/#\/schema\/person\/e1eb71bb4dd684d46563f0af307e1234\",\"name\":\"Antalya K\u00f6rfez\",\"image\":{\"@type\":\"ImageObject\",\"inLanguage\":\"uk\",\"@id\":\"https:\/\/denizcankizil.tr\/de\/#\/schema\/person\/image\/\",\"url\":\"https:\/\/secure.gravatar.com\/avatar\/42b01982558a48a0b501fdcab6a408d3717ea5919095ee2e67b0e521799c5905?s=96&d=mm&r=g\",\"contentUrl\":\"https:\/\/secure.gravatar.com\/avatar\/42b01982558a48a0b501fdcab6a408d3717ea5919095ee2e67b0e521799c5905?s=96&d=mm&r=g\",\"caption\":\"Antalya K\u00f6rfez\"},\"sameAs\":[\"http:\/\/www.antalyakorfez.com\"],\"url\":\"https:\/\/www.antalyakorfez.com\/antalya-barosu-yonetimi-kumlucaya-cikartma-yapti-bozaner-suc-duyurusunda-bulundu\"}]}<\/script>\n<!-- \/ Yoast SEO Premium plugin. -->","yoast_head_json":{"title":"Antalya Barosu y\u00f6netimi Kumluca\u2019ya \u00e7\u0131kartma yapt\u0131! Bozaner, su\u00e7 duyurusunda bulundu - Av. Deniz Can K\u0131z\u0131l","robots":{"index":"index","follow":"follow","max-snippet":"max-snippet:-1","max-image-preview":"max-image-preview:large","max-video-preview":"max-video-preview:-1"},"canonical":"https:\/\/denizcankizil.tr\/uk\/haberler\/gundem\/antalya-barosu-yonetimi-kumlucaya-cikartma-yapti-bozaner-suc-duyurusunda-bulundu\/","og_locale":"uk_UA","og_type":"article","og_title":"Antalya Barosu y\u00f6netimi Kumluca\u2019ya \u00e7\u0131kartma yapt\u0131! Bozaner, su\u00e7 duyurusunda bulundu","og_description":"Antalya Barosu Ba\u015fkan\u0131 Ali \u00c7a\u011fda\u015f Bozaner, Ma\u011fdur vekili olarak hukuki yard\u0131mda bulunmak i\u00e7in gitti\u011fi Kumluca Mavikent Jandarma Karakolu\u2019nda s\u00f6z konusu soru\u015fturma dosyas\u0131n\u0131n \u015f\u00fcphelisi haline getirilen avukata destek verdi. Avukat meslekta\u015flar\u0131n\u0131n her zaman yanlar\u0131nda olacaklar\u0131n\u0131 kaydeden Bozaner, ya\u015fanan durumun yak\u0131ndan takip edilece\u011fini anlatt\u0131. Bozaner; \u201cMa\u011fdur vekili olarak hukuki yard\u0131mda bulunmak i\u00e7in gitti\u011fi Kumluca Mavikent Jandarma Karakolu\u2019nda s\u00f6z konusu soru\u015fturma dosyas\u0131n\u0131n \u015f\u00fcphelisi haline getirilen meslekta\u015f\u0131m\u0131za ya\u015fatt\u0131r\u0131lan olaylara ili\u015fkin Kumluca Cumhuriyet Ba\u015fsavc\u0131l\u0131\u011f\u0131na su\u00e7 duyurusunda bulunuldu ve bas\u0131n a\u00e7\u0131klamas\u0131 yap\u0131ld\u0131\u201d dedi.\u00a0 \u00c7OK VAH\u0130M B\u0130R DURUM\u2026 Antalya Barosu Ba\u015fkan\u0131 Ali \u00c7a\u011fda\u015f Bozaner, konunun takip\u00e7isi olacaklar\u0131n\u0131 a\u00e7\u0131klad\u0131. Bozaner, Kumluca \u0130l\u00e7esinde g\u00f6rev yapan avukatlarla da bir toplant\u0131 ger\u00e7ekle\u015ftirdi. \u0130l\u00e7ede avukatlar\u0131 ilgilendiren sorunlar\u0131n masaya yat\u0131r\u0131ld\u0131\u011f\u0131n\u0131 ve sorunlar kar\u015f\u0131s\u0131nda \u00e7\u00f6z\u00fcm \u00fcreteceklerini dile getiren Antalya Barosu Ba\u015fkan\u0131 Ali \u00c7a\u011fda\u015f Bozaner, \u201cBaro Ba\u015fkan\u0131m\u0131z ve Y\u00f6netim Kurulumuz, Kumluca il\u00e7emizdeki meslekta\u015flar\u0131m\u0131zla bir araya gelerek s\u00fcregelen aksakl\u0131klarla ilgili g\u00f6r\u00fc\u015ft\u00fc, kar\u015f\u0131l\u0131kl\u0131 \u00f6neriler ile yap\u0131lmas\u0131 gerekenler belirlendi. Bizi g\u00fczel bir \u015fekilde a\u011f\u0131rlayan ve bas\u0131n a\u00e7\u0131klamas\u0131na kat\u0131larak dayan\u0131\u015fma g\u00f6steren meslekta\u015flar\u0131m\u0131za te\u015fekk\u00fcr ederiz\u201d diye konu\u015ftu. \u200bAntalya Barosu Ba\u015fkan\u0131 Ali \u00c7a\u011fda\u015f Bozaner, ma\u011fdur vekili olarak hukuki yard\u0131mda bulunmak i\u00e7in gitti\u011fi Kumluca Mavikent Jandarma Karakolu\u2019nda s\u00f6z konusu soru\u015fturma dosyas\u0131n\u0131n \u015f\u00fcphelisi haline getirilen avukata destek verdi. Y\u00f6netim Kuruluyla birlikte Kumluca il\u00e7esine \u00e7\u0131kartma yapan Bozaner, konuyla ilgili Cumhuriyet Ba\u015fsavc\u0131l\u0131\u011f\u0131na su\u00e7 duyurusunda bulundu\u00a0 &hellip;","og_url":"https:\/\/denizcankizil.tr\/uk\/haberler\/gundem\/antalya-barosu-yonetimi-kumlucaya-cikartma-yapti-bozaner-suc-duyurusunda-bulundu\/","og_site_name":"Av. Deniz Can K\u0131z\u0131l","article_published_time":"2025-03-13T06:41:14+00:00","article_modified_time":"2025-03-15T21:43:43+00:00","author":"Antalya K\u00f6rfez","twitter_card":"summary_large_image","twitter_misc":{"\u041d\u0430\u043f\u0438\u0441\u0430\u043d\u043e":"Antalya K\u00f6rfez","\u041f\u0440\u0438\u0431\u043b. \u0447\u0430\u0441 \u0447\u0438\u0442\u0430\u043d\u043d\u044f":"2 \u0445\u0432\u0438\u043b\u0438\u043d\u0438"},"schema":{"@context":"https:\/\/schema.org","@graph":[{"@type":"Article","@id":"https:\/\/denizcankizil.tr\/en\/haberler\/gundem\/antalya-barosu-yonetimi-kumlucaya-cikartma-yapti-bozaner-suc-duyurusunda-bulundu\/#article","isPartOf":{"@id":"https:\/\/denizcankizil.tr\/en\/haberler\/gundem\/antalya-barosu-yonetimi-kumlucaya-cikartma-yapti-bozaner-suc-duyurusunda-bulundu\/"},"author":{"name":"Antalya K\u00f6rfez","@id":"https:\/\/denizcankizil.tr\/de\/#\/schema\/person\/e1eb71bb4dd684d46563f0af307e1234"},"headline":"Antalya Barosu y\u00f6netimi Kumluca\u2019ya \u00e7\u0131kartma yapt\u0131! Bozaner, su\u00e7 duyurusunda bulundu","datePublished":"2025-03-13T06:41:14+00:00","dateModified":"2025-03-15T21:43:43+00:00","mainEntityOfPage":{"@id":"https:\/\/denizcankizil.tr\/en\/haberler\/gundem\/antalya-barosu-yonetimi-kumlucaya-cikartma-yapti-bozaner-suc-duyurusunda-bulundu\/"},"wordCount":326,"publisher":{"@id":"https:\/\/denizcankizil.tr\/de\/#organization"},"articleSection":["G\u00fcndem"],"inLanguage":"uk"},{"@type":"WebPage","@id":"https:\/\/denizcankizil.tr\/en\/haberler\/gundem\/antalya-barosu-yonetimi-kumlucaya-cikartma-yapti-bozaner-suc-duyurusunda-bulundu\/","url":"https:\/\/denizcankizil.tr\/en\/haberler\/gundem\/antalya-barosu-yonetimi-kumlucaya-cikartma-yapti-bozaner-suc-duyurusunda-bulundu\/","name":"Antalya Barosu y\u00f6netimi Kumluca\u2019ya \u00e7\u0131kartma yapt\u0131! Bozaner, su\u00e7 duyurusunda bulundu - Av. Deniz Can K\u0131z\u0131l","isPartOf":{"@id":"https:\/\/denizcankizil.tr\/de\/#website"},"datePublished":"2025-03-13T06:41:14+00:00","dateModified":"2025-03-15T21:43:43+00:00","breadcrumb":{"@id":"https:\/\/denizcankizil.tr\/en\/haberler\/gundem\/antalya-barosu-yonetimi-kumlucaya-cikartma-yapti-bozaner-suc-duyurusunda-bulundu\/#breadcrumb"},"inLanguage":"uk","potentialAction":[{"@type":"ReadAction","target":["https:\/\/denizcankizil.tr\/en\/haberler\/gundem\/antalya-barosu-yonetimi-kumlucaya-cikartma-yapti-bozaner-suc-duyurusunda-bulundu\/"]}]},{"@type":"BreadcrumbList","@id":"https:\/\/denizcankizil.tr\/en\/haberler\/gundem\/antalya-barosu-yonetimi-kumlucaya-cikartma-yapti-bozaner-suc-duyurusunda-bulundu\/#breadcrumb","itemListElement":[{"@type":"ListItem","position":1,"name":"Home","item":"https:\/\/denizcankizil.tr\/de\/"},{"@type":"ListItem","position":2,"name":"Antalya Barosu y\u00f6netimi Kumluca\u2019ya \u00e7\u0131kartma yapt\u0131! Bozaner, su\u00e7 duyurusunda bulundu"}]},{"@type":"WebSite","@id":"https:\/\/denizcankizil.tr\/de\/#website","url":"https:\/\/denizcankizil.tr\/de\/","name":"Av. Deniz Can K\u0131z\u0131l","description":"Avukat Deniz Can K\u0131z\u0131l Antalya Barosu","publisher":{"@id":"https:\/\/denizcankizil.tr\/de\/#organization"},"potentialAction":[{"@type":"SearchAction","target":{"@type":"EntryPoint","urlTemplate":"https:\/\/denizcankizil.tr\/de\/?s={search_term_string}"},"query-input":{"@type":"PropertyValueSpecification","valueRequired":true,"valueName":"search_term_string"}}],"inLanguage":"uk"},{"@type":"Organization","@id":"https:\/\/denizcankizil.tr\/de\/#organization","name":"Av. Deniz Can K\u0131z\u0131l","url":"https:\/\/denizcankizil.tr\/de\/","logo":{"@type":"ImageObject","inLanguage":"uk","@id":"https:\/\/denizcankizil.tr\/de\/#\/schema\/logo\/image\/","url":"http:\/\/denizcankizil.tr\/wp-content\/uploads\/2024\/10\/siyah-logo-svg.svg","contentUrl":"http:\/\/denizcankizil.tr\/wp-content\/uploads\/2024\/10\/siyah-logo-svg.svg","width":1080,"height":1080,"caption":"Av. Deniz Can K\u0131z\u0131l"},"image":{"@id":"https:\/\/denizcankizil.tr\/de\/#\/schema\/logo\/image\/"}},{"@type":"Person","@id":"https:\/\/denizcankizil.tr\/de\/#\/schema\/person\/e1eb71bb4dd684d46563f0af307e1234","name":"Antalya K\u00f6rfez","image":{"@type":"ImageObject","inLanguage":"uk","@id":"https:\/\/denizcankizil.tr\/de\/#\/schema\/person\/image\/","url":"https:\/\/secure.gravatar.com\/avatar\/42b01982558a48a0b501fdcab6a408d3717ea5919095ee2e67b0e521799c5905?s=96&d=mm&r=g","contentUrl":"https:\/\/secure.gravatar.com\/avatar\/42b01982558a48a0b501fdcab6a408d3717ea5919095ee2e67b0e521799c5905?s=96&d=mm&r=g","caption":"Antalya K\u00f6rfez"},"sameAs":["http:\/\/www.antalyakorfez.com"],"url":"https:\/\/www.antalyakorfez.com\/antalya-barosu-yonetimi-kumlucaya-cikartma-yapti-bozaner-suc-duyurusunda-bulundu"}]}},"_links":{"self":[{"href":"http:\/\/denizcankizil.tr\/uk\/wp-json\/wp\/v2\/posts\/35556","targetHints":{"allow":["GET"]}}],"collection":[{"href":"http:\/\/denizcankizil.tr\/uk\/wp-json\/wp\/v2\/posts"}],"about":[{"href":"http:\/\/denizcankizil.tr\/uk\/wp-json\/wp\/v2\/types\/post"}],"author":[{"embeddable":true,"href":"http:\/\/denizcankizil.tr\/uk\/wp-json\/wp\/v2\/users\/5"}],"replies":[{"embeddable":true,"href":"http:\/\/denizcankizil.tr\/uk\/wp-json\/wp\/v2\/comments?post=35556"}],"version-history":[{"count":1,"href":"http:\/\/denizcankizil.tr\/uk\/wp-json\/wp\/v2\/posts\/35556\/revisions"}],"predecessor-version":[{"id":35931,"href":"http:\/\/denizcankizil.tr\/uk\/wp-json\/wp\/v2\/posts\/35556\/revisions\/35931"}],"wp:attachment":[{"href":"http:\/\/denizcankizil.tr\/uk\/wp-json\/wp\/v2\/media?parent=35556"}],"wp:term":[{"taxonomy":"category","embeddable":true,"href":"http:\/\/denizcankizil.tr\/uk\/wp-json\/wp\/v2\/categories?post=35556"},{"taxonomy":"post_tag","embeddable":true,"href":"http:\/\/denizcankizil.tr\/uk\/wp-json\/wp\/v2\/tags?post=35556"}],"curies":[{"name":"wp","href":"https:\/\/api.w.org\/{rel}","templated":true}]}}