{"id":3534,"date":"2024-10-16T21:45:28","date_gmt":"2024-10-16T18:45:28","guid":{"rendered":"https:\/\/denizcankizil.tr\/uncategorized\/zeytinburnu-belediyesi-ve-koc-universitesi-hastanesi-saglik-elde-baslar-projesiyle-5-bin-ilkokul-ogrencisine-el-yikama-egitimi-vermeyi-hedefliyor\/"},"modified":"2024-10-16T21:45:28","modified_gmt":"2024-10-16T18:45:28","slug":"zeytinburnu-belediyesi-ve-koc-universitesi-hastanesi-saglik-elde-baslar-projesiyle-5-bin-ilkokul-ogrencisine-el-yikama-egitimi-vermeyi-hedefliyor","status":"publish","type":"post","link":"http:\/\/denizcankizil.tr\/uk\/haberler\/gundem\/zeytinburnu-belediyesi-ve-koc-universitesi-hastanesi-saglik-elde-baslar-projesiyle-5-bin-ilkokul-ogrencisine-el-yikama-egitimi-vermeyi-hedefliyor\/","title":{"rendered":"Zeytinburnu Belediyesi ve Ko\u00e7 \u00dcniversitesi Hastanesi, \u201cSa\u011fl\u0131k Elde Ba\u015flar\u201d projesiyle 5 bin ilkokul \u00f6\u011frencisine el y\u0131kama e\u011fitimi vermeyi hedefliyor."},"content":{"rendered":"<p>Ko\u00e7 \u00dcniversitesi Hastanesi \u201c15 Ekim D\u00fcnya El Y\u0131kama G\u00fcn\u00fc\u201d kapsam\u0131nda Zeytinburnu Belediyesi ve \u0130l\u00e7e Milli E\u011fitim M\u00fcd\u00fcrl\u00fc\u011f\u00fc\u2019n\u00fcn i\u015fbirli\u011fiyle hayata ge\u00e7irilen \u201cSa\u011fl\u0131k Elde Ba\u015flar\u201d Projesi 8. y\u0131l\u0131nda da bilin\u00e7lendirme \u00e7al\u0131\u015fmalar\u0131na devam ediyor. Etkinlik kapsam\u0131nda, Zeytinburnu b\u00f6lgesinde 15 okuldan toplam 5 bin \u00f6\u011frenciye el y\u0131kama e\u011fitimleri verilmesi hedefleniyor.<\/p>\n<p>\u200bKo\u00e7 \u00dcniversitesi Hastanesi \u201c15 Ekim D\u00fcnya El Y\u0131kama G\u00fcn\u00fc\u201d kapsam\u0131nda Zeytinburnu Belediyesi ve \u0130l\u00e7e Milli E\u011fitim M\u00fcd\u00fcrl\u00fc\u011f\u00fc\u2019n\u00fcn i\u015fbirli\u011fiyle hayata ge\u00e7irilen \u201cSa\u011fl\u0131k Elde Ba\u015flar\u201d Projesi 8. y\u0131l\u0131nda da bilin\u00e7lendirme \u00e7al\u0131\u015fmalar\u0131na devam ediyor. Etkinlik kapsam\u0131nda, Zeytinburnu b\u00f6lgesinde 15 okuldan toplam 5 bin \u00f6\u011frenciye el y\u0131kama e\u011fitimleri verilmesi hedefleniyor.\u00a0<\/p>\n<p>\u200bHaberin Al\u0131nt\u0131land\u0131\u011f\u0131 Kaynak: www.iskenderun.org<\/p>","protected":false},"excerpt":{"rendered":"<p>Ko\u00e7 \u00dcniversitesi Hastanesi \u201c15 Ekim D\u00fcnya El Y\u0131kama G\u00fcn\u00fc\u201d kapsam\u0131nda Zeytinburnu Belediyesi ve \u0130l\u00e7e Milli E\u011fitim M\u00fcd\u00fcrl\u00fc\u011f\u00fc\u2019n\u00fcn i\u015fbirli\u011fiyle hayata ge\u00e7irilen \u201cSa\u011fl\u0131k Elde Ba\u015flar\u201d Projesi 8. y\u0131l\u0131nda da bilin\u00e7lendirme \u00e7al\u0131\u015fmalar\u0131na devam ediyor. Etkinlik kapsam\u0131nda, Zeytinburnu b\u00f6lgesinde 15 okuldan toplam 5 bin \u00f6\u011frenciye el y\u0131kama e\u011fitimleri verilmesi hedefleniyor. \u200bKo\u00e7 \u00dcniversitesi Hastanesi \u201c15 Ekim D\u00fcnya El Y\u0131kama G\u00fcn\u00fc\u201d kapsam\u0131nda Zeytinburnu Belediyesi ve \u0130l\u00e7e Milli E\u011fitim M\u00fcd\u00fcrl\u00fc\u011f\u00fc\u2019n\u00fcn i\u015fbirli\u011fiyle hayata ge\u00e7irilen \u201cSa\u011fl\u0131k Elde Ba\u015flar\u201d Projesi 8. y\u0131l\u0131nda da bilin\u00e7lendirme \u00e7al\u0131\u015fmalar\u0131na devam ediyor. Etkinlik kapsam\u0131nda, Zeytinburnu b\u00f6lgesinde 15 okuldan toplam 5 bin \u00f6\u011frenciye el y\u0131kama e\u011fitimleri verilmesi hedefleniyor.\u00a0 \u200bHaberin Al\u0131nt\u0131land\u0131\u011f\u0131 Kaynak: www.iskenderun.org<\/p>","protected":false},"author":0,"featured_media":0,"comment_status":"open","ping_status":"open","sticky":false,"template":"","format":"standard","meta":{"_acf_changed":false,"footnotes":""},"categories":[24],"tags":[],"class_list":["post-3534","post","type-post","status-publish","format-standard","has-post-thumbnail","hentry","category-gundem"],"acf":[],"yoast_head":"<!-- This site is optimized with the Yoast SEO Premium plugin v26.6 (Yoast SEO v27.1.1) - https:\/\/yoast.com\/product\/yoast-seo-premium-wordpress\/ -->\n<title>Zeytinburnu Belediyesi ve Ko\u00e7 \u00dcniversitesi Hastanesi, \u201cSa\u011fl\u0131k Elde Ba\u015flar\u201d projesiyle 5 bin ilkokul \u00f6\u011frencisine el y\u0131kama e\u011fitimi vermeyi hedefliyor. - Av. Deniz Can K\u0131z\u0131l<\/title>\n<meta name=\"robots\" content=\"index, follow, max-snippet:-1, max-image-preview:large, max-video-preview:-1\" \/>\n<link rel=\"canonical\" href=\"http:\/\/denizcankizil.tr\/uk\/haberler\/gundem\/zeytinburnu-belediyesi-ve-koc-universitesi-hastanesi-saglik-elde-baslar-projesiyle-5-bin-ilkokul-ogrencisine-el-yikama-egitimi-vermeyi-hedefliyor\/\" \/>\n<meta property=\"og:locale\" content=\"uk_UA\" \/>\n<meta property=\"og:type\" content=\"article\" \/>\n<meta property=\"og:title\" content=\"Zeytinburnu Belediyesi ve Ko\u00e7 \u00dcniversitesi Hastanesi, \u201cSa\u011fl\u0131k Elde Ba\u015flar\u201d projesiyle 5 bin ilkokul \u00f6\u011frencisine el y\u0131kama e\u011fitimi vermeyi hedefliyor.\" \/>\n<meta property=\"og:description\" content=\"Ko\u00e7 \u00dcniversitesi Hastanesi \u201c15 Ekim D\u00fcnya El Y\u0131kama G\u00fcn\u00fc\u201d kapsam\u0131nda Zeytinburnu Belediyesi ve \u0130l\u00e7e Milli E\u011fitim M\u00fcd\u00fcrl\u00fc\u011f\u00fc\u2019n\u00fcn i\u015fbirli\u011fiyle hayata ge\u00e7irilen \u201cSa\u011fl\u0131k Elde Ba\u015flar\u201d Projesi 8. y\u0131l\u0131nda da bilin\u00e7lendirme \u00e7al\u0131\u015fmalar\u0131na devam ediyor. Etkinlik kapsam\u0131nda, Zeytinburnu b\u00f6lgesinde 15 okuldan toplam 5 bin \u00f6\u011frenciye el y\u0131kama e\u011fitimleri verilmesi hedefleniyor. \u200bKo\u00e7 \u00dcniversitesi Hastanesi \u201c15 Ekim D\u00fcnya El Y\u0131kama G\u00fcn\u00fc\u201d kapsam\u0131nda Zeytinburnu Belediyesi ve \u0130l\u00e7e Milli E\u011fitim M\u00fcd\u00fcrl\u00fc\u011f\u00fc\u2019n\u00fcn i\u015fbirli\u011fiyle hayata ge\u00e7irilen \u201cSa\u011fl\u0131k Elde Ba\u015flar\u201d Projesi 8. y\u0131l\u0131nda da bilin\u00e7lendirme \u00e7al\u0131\u015fmalar\u0131na devam ediyor. Etkinlik kapsam\u0131nda, Zeytinburnu b\u00f6lgesinde 15 okuldan toplam 5 bin \u00f6\u011frenciye el y\u0131kama e\u011fitimleri verilmesi hedefleniyor.\u00a0 \u200bHaberin Al\u0131nt\u0131land\u0131\u011f\u0131 Kaynak: www.iskenderun.org\" \/>\n<meta property=\"og:url\" content=\"http:\/\/denizcankizil.tr\/uk\/haberler\/gundem\/zeytinburnu-belediyesi-ve-koc-universitesi-hastanesi-saglik-elde-baslar-projesiyle-5-bin-ilkokul-ogrencisine-el-yikama-egitimi-vermeyi-hedefliyor\/\" \/>\n<meta property=\"og:site_name\" content=\"Av. Deniz Can K\u0131z\u0131l\" \/>\n<meta property=\"article:published_time\" content=\"2024-10-16T18:45:28+00:00\" \/>\n<meta name=\"twitter:card\" content=\"summary_large_image\" \/>\n<meta name=\"twitter:label1\" content=\"\u041f\u0440\u0438\u0431\u043b. \u0447\u0430\u0441 \u0447\u0438\u0442\u0430\u043d\u043d\u044f\" \/>\n\t<meta name=\"twitter:data1\" content=\"1 \u0445\u0432\u0438\u043b\u0438\u043d\u0430\" \/>\n<script type=\"application\/ld+json\" class=\"yoast-schema-graph\">{\"@context\":\"https:\/\/schema.org\",\"@graph\":[{\"@type\":\"Article\",\"@id\":\"http:\/\/denizcankizil.tr\/haberler\/gundem\/zeytinburnu-belediyesi-ve-koc-universitesi-hastanesi-saglik-elde-baslar-projesiyle-5-bin-ilkokul-ogrencisine-el-yikama-egitimi-vermeyi-hedefliyor\/#article\",\"isPartOf\":{\"@id\":\"http:\/\/denizcankizil.tr\/haberler\/gundem\/zeytinburnu-belediyesi-ve-koc-universitesi-hastanesi-saglik-elde-baslar-projesiyle-5-bin-ilkokul-ogrencisine-el-yikama-egitimi-vermeyi-hedefliyor\/\"},\"author\":{\"name\":\"\",\"@id\":\"\"},\"headline\":\"Zeytinburnu Belediyesi ve Ko\u00e7 \u00dcniversitesi Hastanesi, \u201cSa\u011fl\u0131k Elde Ba\u015flar\u201d projesiyle 5 bin ilkokul \u00f6\u011frencisine el y\u0131kama e\u011fitimi vermeyi hedefliyor.\",\"datePublished\":\"2024-10-16T18:45:28+00:00\",\"mainEntityOfPage\":{\"@id\":\"http:\/\/denizcankizil.tr\/haberler\/gundem\/zeytinburnu-belediyesi-ve-koc-universitesi-hastanesi-saglik-elde-baslar-projesiyle-5-bin-ilkokul-ogrencisine-el-yikama-egitimi-vermeyi-hedefliyor\/\"},\"wordCount\":165,\"commentCount\":0,\"publisher\":{\"@id\":\"https:\/\/denizcankizil.tr\/de\/#organization\"},\"articleSection\":[\"G\u00fcndem\"],\"inLanguage\":\"uk\",\"potentialAction\":[{\"@type\":\"CommentAction\",\"name\":\"Comment\",\"target\":[\"http:\/\/denizcankizil.tr\/haberler\/gundem\/zeytinburnu-belediyesi-ve-koc-universitesi-hastanesi-saglik-elde-baslar-projesiyle-5-bin-ilkokul-ogrencisine-el-yikama-egitimi-vermeyi-hedefliyor\/#respond\"]}]},{\"@type\":\"WebPage\",\"@id\":\"http:\/\/denizcankizil.tr\/haberler\/gundem\/zeytinburnu-belediyesi-ve-koc-universitesi-hastanesi-saglik-elde-baslar-projesiyle-5-bin-ilkokul-ogrencisine-el-yikama-egitimi-vermeyi-hedefliyor\/\",\"url\":\"http:\/\/denizcankizil.tr\/haberler\/gundem\/zeytinburnu-belediyesi-ve-koc-universitesi-hastanesi-saglik-elde-baslar-projesiyle-5-bin-ilkokul-ogrencisine-el-yikama-egitimi-vermeyi-hedefliyor\/\",\"name\":\"Zeytinburnu Belediyesi ve Ko\u00e7 \u00dcniversitesi Hastanesi, \u201cSa\u011fl\u0131k Elde Ba\u015flar\u201d projesiyle 5 bin ilkokul \u00f6\u011frencisine el y\u0131kama e\u011fitimi vermeyi hedefliyor. - Av. Deniz Can K\u0131z\u0131l\",\"isPartOf\":{\"@id\":\"https:\/\/denizcankizil.tr\/de\/#website\"},\"datePublished\":\"2024-10-16T18:45:28+00:00\",\"breadcrumb\":{\"@id\":\"http:\/\/denizcankizil.tr\/haberler\/gundem\/zeytinburnu-belediyesi-ve-koc-universitesi-hastanesi-saglik-elde-baslar-projesiyle-5-bin-ilkokul-ogrencisine-el-yikama-egitimi-vermeyi-hedefliyor\/#breadcrumb\"},\"inLanguage\":\"uk\",\"potentialAction\":[{\"@type\":\"ReadAction\",\"target\":[\"http:\/\/denizcankizil.tr\/haberler\/gundem\/zeytinburnu-belediyesi-ve-koc-universitesi-hastanesi-saglik-elde-baslar-projesiyle-5-bin-ilkokul-ogrencisine-el-yikama-egitimi-vermeyi-hedefliyor\/\"]}]},{\"@type\":\"BreadcrumbList\",\"@id\":\"http:\/\/denizcankizil.tr\/haberler\/gundem\/zeytinburnu-belediyesi-ve-koc-universitesi-hastanesi-saglik-elde-baslar-projesiyle-5-bin-ilkokul-ogrencisine-el-yikama-egitimi-vermeyi-hedefliyor\/#breadcrumb\",\"itemListElement\":[{\"@type\":\"ListItem\",\"position\":1,\"name\":\"Home\",\"item\":\"https:\/\/denizcankizil.tr\/de\/\"},{\"@type\":\"ListItem\",\"position\":2,\"name\":\"Zeytinburnu Belediyesi ve Ko\u00e7 \u00dcniversitesi Hastanesi, \u201cSa\u011fl\u0131k Elde Ba\u015flar\u201d projesiyle 5 bin ilkokul \u00f6\u011frencisine el y\u0131kama e\u011fitimi vermeyi hedefliyor.\"}]},{\"@type\":\"WebSite\",\"@id\":\"https:\/\/denizcankizil.tr\/de\/#website\",\"url\":\"https:\/\/denizcankizil.tr\/de\/\",\"name\":\"Av. Deniz Can K\u0131z\u0131l\",\"description\":\"Avukat Deniz Can K\u0131z\u0131l Antalya Barosu\",\"publisher\":{\"@id\":\"https:\/\/denizcankizil.tr\/de\/#organization\"},\"potentialAction\":[{\"@type\":\"SearchAction\",\"target\":{\"@type\":\"EntryPoint\",\"urlTemplate\":\"https:\/\/denizcankizil.tr\/de\/?s={search_term_string}\"},\"query-input\":{\"@type\":\"PropertyValueSpecification\",\"valueRequired\":true,\"valueName\":\"search_term_string\"}}],\"inLanguage\":\"uk\"},{\"@type\":\"Organization\",\"@id\":\"https:\/\/denizcankizil.tr\/de\/#organization\",\"name\":\"Av. Deniz Can K\u0131z\u0131l\",\"url\":\"https:\/\/denizcankizil.tr\/de\/\",\"logo\":{\"@type\":\"ImageObject\",\"inLanguage\":\"uk\",\"@id\":\"https:\/\/denizcankizil.tr\/de\/#\/schema\/logo\/image\/\",\"url\":\"http:\/\/denizcankizil.tr\/wp-content\/uploads\/2024\/10\/siyah-logo-svg.svg\",\"contentUrl\":\"http:\/\/denizcankizil.tr\/wp-content\/uploads\/2024\/10\/siyah-logo-svg.svg\",\"width\":1080,\"height\":1080,\"caption\":\"Av. Deniz Can K\u0131z\u0131l\"},\"image\":{\"@id\":\"https:\/\/denizcankizil.tr\/de\/#\/schema\/logo\/image\/\"}}]}<\/script>\n<!-- \/ Yoast SEO Premium plugin. -->","yoast_head_json":{"title":"Zeytinburnu Belediyesi ve Ko\u00e7 \u00dcniversitesi Hastanesi, \u201cSa\u011fl\u0131k Elde Ba\u015flar\u201d projesiyle 5 bin ilkokul \u00f6\u011frencisine el y\u0131kama e\u011fitimi vermeyi hedefliyor. - Av. Deniz Can K\u0131z\u0131l","robots":{"index":"index","follow":"follow","max-snippet":"max-snippet:-1","max-image-preview":"max-image-preview:large","max-video-preview":"max-video-preview:-1"},"canonical":"http:\/\/denizcankizil.tr\/uk\/haberler\/gundem\/zeytinburnu-belediyesi-ve-koc-universitesi-hastanesi-saglik-elde-baslar-projesiyle-5-bin-ilkokul-ogrencisine-el-yikama-egitimi-vermeyi-hedefliyor\/","og_locale":"uk_UA","og_type":"article","og_title":"Zeytinburnu Belediyesi ve Ko\u00e7 \u00dcniversitesi Hastanesi, \u201cSa\u011fl\u0131k Elde Ba\u015flar\u201d projesiyle 5 bin ilkokul \u00f6\u011frencisine el y\u0131kama e\u011fitimi vermeyi hedefliyor.","og_description":"Ko\u00e7 \u00dcniversitesi Hastanesi \u201c15 Ekim D\u00fcnya El Y\u0131kama G\u00fcn\u00fc\u201d kapsam\u0131nda Zeytinburnu Belediyesi ve \u0130l\u00e7e Milli E\u011fitim M\u00fcd\u00fcrl\u00fc\u011f\u00fc\u2019n\u00fcn i\u015fbirli\u011fiyle hayata ge\u00e7irilen \u201cSa\u011fl\u0131k Elde Ba\u015flar\u201d Projesi 8. y\u0131l\u0131nda da bilin\u00e7lendirme \u00e7al\u0131\u015fmalar\u0131na devam ediyor. Etkinlik kapsam\u0131nda, Zeytinburnu b\u00f6lgesinde 15 okuldan toplam 5 bin \u00f6\u011frenciye el y\u0131kama e\u011fitimleri verilmesi hedefleniyor. \u200bKo\u00e7 \u00dcniversitesi Hastanesi \u201c15 Ekim D\u00fcnya El Y\u0131kama G\u00fcn\u00fc\u201d kapsam\u0131nda Zeytinburnu Belediyesi ve \u0130l\u00e7e Milli E\u011fitim M\u00fcd\u00fcrl\u00fc\u011f\u00fc\u2019n\u00fcn i\u015fbirli\u011fiyle hayata ge\u00e7irilen \u201cSa\u011fl\u0131k Elde Ba\u015flar\u201d Projesi 8. y\u0131l\u0131nda da bilin\u00e7lendirme \u00e7al\u0131\u015fmalar\u0131na devam ediyor. Etkinlik kapsam\u0131nda, Zeytinburnu b\u00f6lgesinde 15 okuldan toplam 5 bin \u00f6\u011frenciye el y\u0131kama e\u011fitimleri verilmesi hedefleniyor.\u00a0 \u200bHaberin Al\u0131nt\u0131land\u0131\u011f\u0131 Kaynak: www.iskenderun.org","og_url":"http:\/\/denizcankizil.tr\/uk\/haberler\/gundem\/zeytinburnu-belediyesi-ve-koc-universitesi-hastanesi-saglik-elde-baslar-projesiyle-5-bin-ilkokul-ogrencisine-el-yikama-egitimi-vermeyi-hedefliyor\/","og_site_name":"Av. Deniz Can K\u0131z\u0131l","article_published_time":"2024-10-16T18:45:28+00:00","twitter_card":"summary_large_image","twitter_misc":{"\u041f\u0440\u0438\u0431\u043b. \u0447\u0430\u0441 \u0447\u0438\u0442\u0430\u043d\u043d\u044f":"1 \u0445\u0432\u0438\u043b\u0438\u043d\u0430"},"schema":{"@context":"https:\/\/schema.org","@graph":[{"@type":"Article","@id":"http:\/\/denizcankizil.tr\/haberler\/gundem\/zeytinburnu-belediyesi-ve-koc-universitesi-hastanesi-saglik-elde-baslar-projesiyle-5-bin-ilkokul-ogrencisine-el-yikama-egitimi-vermeyi-hedefliyor\/#article","isPartOf":{"@id":"http:\/\/denizcankizil.tr\/haberler\/gundem\/zeytinburnu-belediyesi-ve-koc-universitesi-hastanesi-saglik-elde-baslar-projesiyle-5-bin-ilkokul-ogrencisine-el-yikama-egitimi-vermeyi-hedefliyor\/"},"author":{"name":"","@id":""},"headline":"Zeytinburnu Belediyesi ve Ko\u00e7 \u00dcniversitesi Hastanesi, \u201cSa\u011fl\u0131k Elde Ba\u015flar\u201d projesiyle 5 bin ilkokul \u00f6\u011frencisine el y\u0131kama e\u011fitimi vermeyi hedefliyor.","datePublished":"2024-10-16T18:45:28+00:00","mainEntityOfPage":{"@id":"http:\/\/denizcankizil.tr\/haberler\/gundem\/zeytinburnu-belediyesi-ve-koc-universitesi-hastanesi-saglik-elde-baslar-projesiyle-5-bin-ilkokul-ogrencisine-el-yikama-egitimi-vermeyi-hedefliyor\/"},"wordCount":165,"commentCount":0,"publisher":{"@id":"https:\/\/denizcankizil.tr\/de\/#organization"},"articleSection":["G\u00fcndem"],"inLanguage":"uk","potentialAction":[{"@type":"CommentAction","name":"Comment","target":["http:\/\/denizcankizil.tr\/haberler\/gundem\/zeytinburnu-belediyesi-ve-koc-universitesi-hastanesi-saglik-elde-baslar-projesiyle-5-bin-ilkokul-ogrencisine-el-yikama-egitimi-vermeyi-hedefliyor\/#respond"]}]},{"@type":"WebPage","@id":"http:\/\/denizcankizil.tr\/haberler\/gundem\/zeytinburnu-belediyesi-ve-koc-universitesi-hastanesi-saglik-elde-baslar-projesiyle-5-bin-ilkokul-ogrencisine-el-yikama-egitimi-vermeyi-hedefliyor\/","url":"http:\/\/denizcankizil.tr\/haberler\/gundem\/zeytinburnu-belediyesi-ve-koc-universitesi-hastanesi-saglik-elde-baslar-projesiyle-5-bin-ilkokul-ogrencisine-el-yikama-egitimi-vermeyi-hedefliyor\/","name":"Zeytinburnu Belediyesi ve Ko\u00e7 \u00dcniversitesi Hastanesi, \u201cSa\u011fl\u0131k Elde Ba\u015flar\u201d projesiyle 5 bin ilkokul \u00f6\u011frencisine el y\u0131kama e\u011fitimi vermeyi hedefliyor. - Av. Deniz Can K\u0131z\u0131l","isPartOf":{"@id":"https:\/\/denizcankizil.tr\/de\/#website"},"datePublished":"2024-10-16T18:45:28+00:00","breadcrumb":{"@id":"http:\/\/denizcankizil.tr\/haberler\/gundem\/zeytinburnu-belediyesi-ve-koc-universitesi-hastanesi-saglik-elde-baslar-projesiyle-5-bin-ilkokul-ogrencisine-el-yikama-egitimi-vermeyi-hedefliyor\/#breadcrumb"},"inLanguage":"uk","potentialAction":[{"@type":"ReadAction","target":["http:\/\/denizcankizil.tr\/haberler\/gundem\/zeytinburnu-belediyesi-ve-koc-universitesi-hastanesi-saglik-elde-baslar-projesiyle-5-bin-ilkokul-ogrencisine-el-yikama-egitimi-vermeyi-hedefliyor\/"]}]},{"@type":"BreadcrumbList","@id":"http:\/\/denizcankizil.tr\/haberler\/gundem\/zeytinburnu-belediyesi-ve-koc-universitesi-hastanesi-saglik-elde-baslar-projesiyle-5-bin-ilkokul-ogrencisine-el-yikama-egitimi-vermeyi-hedefliyor\/#breadcrumb","itemListElement":[{"@type":"ListItem","position":1,"name":"Home","item":"https:\/\/denizcankizil.tr\/de\/"},{"@type":"ListItem","position":2,"name":"Zeytinburnu Belediyesi ve Ko\u00e7 \u00dcniversitesi Hastanesi, \u201cSa\u011fl\u0131k Elde Ba\u015flar\u201d projesiyle 5 bin ilkokul \u00f6\u011frencisine el y\u0131kama e\u011fitimi vermeyi hedefliyor."}]},{"@type":"WebSite","@id":"https:\/\/denizcankizil.tr\/de\/#website","url":"https:\/\/denizcankizil.tr\/de\/","name":"Av. Deniz Can K\u0131z\u0131l","description":"Avukat Deniz Can K\u0131z\u0131l Antalya Barosu","publisher":{"@id":"https:\/\/denizcankizil.tr\/de\/#organization"},"potentialAction":[{"@type":"SearchAction","target":{"@type":"EntryPoint","urlTemplate":"https:\/\/denizcankizil.tr\/de\/?s={search_term_string}"},"query-input":{"@type":"PropertyValueSpecification","valueRequired":true,"valueName":"search_term_string"}}],"inLanguage":"uk"},{"@type":"Organization","@id":"https:\/\/denizcankizil.tr\/de\/#organization","name":"Av. Deniz Can K\u0131z\u0131l","url":"https:\/\/denizcankizil.tr\/de\/","logo":{"@type":"ImageObject","inLanguage":"uk","@id":"https:\/\/denizcankizil.tr\/de\/#\/schema\/logo\/image\/","url":"http:\/\/denizcankizil.tr\/wp-content\/uploads\/2024\/10\/siyah-logo-svg.svg","contentUrl":"http:\/\/denizcankizil.tr\/wp-content\/uploads\/2024\/10\/siyah-logo-svg.svg","width":1080,"height":1080,"caption":"Av. Deniz Can K\u0131z\u0131l"},"image":{"@id":"https:\/\/denizcankizil.tr\/de\/#\/schema\/logo\/image\/"}}]}},"_links":{"self":[{"href":"http:\/\/denizcankizil.tr\/uk\/wp-json\/wp\/v2\/posts\/3534","targetHints":{"allow":["GET"]}}],"collection":[{"href":"http:\/\/denizcankizil.tr\/uk\/wp-json\/wp\/v2\/posts"}],"about":[{"href":"http:\/\/denizcankizil.tr\/uk\/wp-json\/wp\/v2\/types\/post"}],"replies":[{"embeddable":true,"href":"http:\/\/denizcankizil.tr\/uk\/wp-json\/wp\/v2\/comments?post=3534"}],"version-history":[{"count":0,"href":"http:\/\/denizcankizil.tr\/uk\/wp-json\/wp\/v2\/posts\/3534\/revisions"}],"wp:attachment":[{"href":"http:\/\/denizcankizil.tr\/uk\/wp-json\/wp\/v2\/media?parent=3534"}],"wp:term":[{"taxonomy":"category","embeddable":true,"href":"http:\/\/denizcankizil.tr\/uk\/wp-json\/wp\/v2\/categories?post=3534"},{"taxonomy":"post_tag","embeddable":true,"href":"http:\/\/denizcankizil.tr\/uk\/wp-json\/wp\/v2\/tags?post=3534"}],"curies":[{"name":"wp","href":"https:\/\/api.w.org\/{rel}","templated":true}]}}