{"id":35176,"date":"2025-03-09T17:41:30","date_gmt":"2025-03-09T14:41:30","guid":{"rendered":"https:\/\/denizcankizil.tr\/uncategorized-tr\/bakan-yerlikaya-o-talimati-bir-kez-daha-tekrarladi\/"},"modified":"2025-03-09T17:41:30","modified_gmt":"2025-03-09T14:41:30","slug":"bakan-yerlikaya-o-talimati-bir-kez-daha-tekrarladi","status":"publish","type":"post","link":"http:\/\/denizcankizil.tr\/uk\/haberler\/gundem\/bakan-yerlikaya-o-talimati-bir-kez-daha-tekrarladi\/","title":{"rendered":"Bakan Yerlikaya o talimat\u0131 bir kez daha tekrarlad\u0131!"},"content":{"rendered":"<p>\u0130\u00e7i\u015fleri Bakan\u0131 Ali Yerlikaya, 30 b\u00fcy\u00fck\u015fehirde, b\u00fcy\u00fck\u015fehir belediye ba\u015fkan\u0131, 51 ilde k\u0131rsal kesimde il \u00f6zel idaresi olmas\u0131 dolay\u0131s\u0131yla Kars&#8217;tan &#8216;sahipsiz k\u00f6pekler&#8217; ile ilgili talimat verdi.ANKARA (\u0130GFA) &#8211; \u0130\u00e7i\u015fleri Bakan\u0131 Ali Yerlikaya, sahipsiz k\u00f6peklerle ilgili Kars&#8217;tan verdi\u011fi talimat\u0131 bug\u00fcn sosyal medya hesab\u0131ndan payla\u015ft\u0131.<br \/>\n\u0130\u00e7i\u015fleri Bakan\u0131 Ali Yerlikaya, Konya&#8217;da 2 ya\u015f\u0131ndaki bebe\u011fin k\u00f6pek sald\u0131r\u0131s\u0131nda \u00f6lmesine ili\u015fkin, &#8220;2025&#8217;te, gerekli b\u00fct\u00fcn kanunlar ortadayken, sahipsiz k\u00f6pekler taraf\u0131ndan 2 ya\u015f\u0131ndaki bir bebe\u011fin vah\u015fice katledilmesini kabul edemeyiz.&#8221; diyerek verdi\u011fi talimat\u0131 bir kez daha kamuoyuna duyurdu.<br \/>\n\u201cSAH\u0130PS\u0130Z K\u00d6PEKLERLE \u0130LG\u0130L\u0130 A\u00c7IKLAMAMIZ\u201d30 b\u00fcy\u00fck\u015fehirde, b\u00fcy\u00fck\u015fehir belediye ba\u015fkan\u0131, 51 ilde k\u0131rsal kesimde il \u00f6zel idaresi olmas\u0131 hasebiyle buradan sesleniyorum ve d\u00fcn de talimat verdim. 51 valimiz ve \u00f6zel idare olarak ve il belediyeleri ve n\u00fcfusu 25 bin ve \u00fczeri olan b\u00fct\u00fcn\u2026 pic.twitter.com\/3MxqZ8OPnD\u2014 Ali Yerlikaya (@AliYerlikaya) March 9, 2025<br \/>\n&#8220;\u0130NSAN\u0130 VE V\u0130CDAN\u0130 DURU\u015eLA KANUNU B\u0130Z\u0130M UYGULAMAMIZ LAZIM&#8221;<br \/>\n51 vali ve \u00f6zel idare olarak ve il belediyeleri ve n\u00fcfusu 25 bin ve \u00fczeri olan b\u00fct\u00fcn il\u00e7e belediyeleriyle birlikte bu sorumlulu\u011fu kanunun kendilerinden istedi\u011fi, milletin \u00e7\u0131kard\u0131\u011f\u0131 kanungere\u011fini yapmak zorunda olduklar\u0131n\u0131 belirten Bakan Yerlikaya, &#8220;Hayvanlar\u0131 biz seviyoruz. Hepimiz seviyoruz. Benim evimde \u00fc\u00e7 tane kedim var. Ama sorumlulu\u011fun a\u011f\u0131rl\u0131\u011f\u0131n\u0131n ne kadar b\u00fcy\u00fck oldu\u011funu g\u00f6rd\u00fcm&#8221; dedi..<br \/>\nBakan Yerlikaya, &#8220;\u0130\u00e7i\u015fleri Bakan\u0131 olarak, valilerimin hepsi,ayn\u0131 \u015fekilde onlar\u0131n uhdesindeki ilgili m\u00fcd\u00fcrl\u00fckler, belediye ba\u015fkanlar\u0131, b\u00fcy\u00fck\u015fehir, il\u00e7e belediye, il belediye fark etmez. Hepsi beraber oturacaklar. Ya bu i\u015fi yapacaklar ya da biz yasal olarak hukuk bana ne yetki veriyorsa ben de bunu sonuna kadar kullanaca\u011f\u0131m ki, bir daha 2 ya\u015f\u0131nda bir Rana&#8217;m\u0131z hayat\u0131n\u0131n bahar\u0131nda sabi \u00e7ocuk mezara girmesin&#8221; diye konu\u015ftu.<\/p>\n<p>\u200b\u0130\u00e7i\u015fleri Bakan\u0131 Ali Yerlikaya, 30 b\u00fcy\u00fck\u015fehirde, b\u00fcy\u00fck\u015fehir belediye ba\u015fkan\u0131, 51 ilde k\u0131rsal kesimde il \u00f6zel idaresi olmas\u0131 dolay\u0131s\u0131yla Kars&#8217;tan &#8216;sahipsiz k\u00f6pekler&#8217; ile ilgili talimat verdi.ANKARA (\u0130GFA) &#8211; \u0130\u00e7i\u015fleri Bakan\u0131 Ali Yerlikaya, sahipsiz k\u00f6peklerle ilgili Kars&#8217;tan verdi\u011fi talimat\u0131 bug\u00fcn sosyal medya hesab\u0131ndan payla\u015ft\u0131.<br \/>\n\u0130\u00e7i\u015fleri Bakan\u0131 Ali Yerlikaya, Konya&#8217;da 2 ya\u015f\u0131ndaki bebe\u011fin k\u00f6pek sald\u0131r\u0131s\u0131nda \u00f6lmesine ili\u015fkin, &#8220;2025&#8217;te, gerekli b\u00fct\u00fcn kanunlar ortadayken, sahipsiz k\u00f6pekler taraf\u0131ndan 2 ya\u015f\u0131ndaki bir bebe\u011fin vah\u015fice katledilmesini kabul edemeyiz.&#8221; diyerek verdi\u011fi talimat\u0131 bir kez daha kamuoyuna duyurdu.<br \/>\n\u201cSAH\u0130PS\u0130Z K\u00d6PEKLERLE \u0130LG\u0130L\u0130 A\u00c7IKLAMAMIZ\u201d30 b\u00fcy\u00fck\u015fehirde, b\u00fcy\u00fck\u015fehir belediye ba\u015fkan\u0131, 51 ilde k\u0131rsal kesimde il \u00f6zel idaresi olmas\u0131 hasebiyle buradan sesleniyorum ve d\u00fcn de talimat verdim. 51 valimiz ve \u00f6zel idare olarak ve il belediyeleri ve n\u00fcfusu 25 bin ve \u00fczeri olan b\u00fct\u00fcn\u2026 pic.twitter.com\/3MxqZ8OPnD\u2014 Ali Yerlikaya (@AliYerlikaya) March 9, 2025<br \/>\n&#8220;\u0130NSAN\u0130 VE V\u0130CDAN\u0130 DURU\u015eLA KANUNU B\u0130Z\u0130M UYGULAMAMIZ LAZIM&#8221;<br \/>\n51 vali ve \u00f6zel idare olarak ve il belediyeleri ve n\u00fcfusu 25 bin ve \u00fczeri olan b\u00fct\u00fcn il\u00e7e belediyeleriyle birlikte bu sorumlulu\u011fu kanunun kendilerinden istedi\u011fi, milletin \u00e7\u0131kard\u0131\u011f\u0131 kanungere\u011fini yapmak zorunda olduklar\u0131n\u0131 belirten Bakan Yerlikaya, &#8220;Hayvanlar\u0131 biz seviyoruz. Hepimiz seviyoruz. Benim evimde \u00fc\u00e7 tane kedim var. Ama sorumlulu\u011fun a\u011f\u0131rl\u0131\u011f\u0131n\u0131n ne kadar b\u00fcy\u00fck oldu\u011funu g\u00f6rd\u00fcm&#8221; dedi..<br \/>\nBakan Yerlikaya, &#8220;\u0130\u00e7i\u015fleri Bakan\u0131 olarak, valilerimin hepsi,ayn\u0131 \u015fekilde onlar\u0131n uhdesindeki ilgili m\u00fcd\u00fcrl\u00fckler, belediye ba\u015fkanlar\u0131, b\u00fcy\u00fck\u015fehir, il\u00e7e belediye, il belediye fark etmez. Hepsi beraber oturacaklar. Ya bu i\u015fi yapacaklar ya da biz yasal olarak hukuk bana ne yetki veriyorsa ben de bunu sonuna kadar kullanaca\u011f\u0131m ki, bir daha 2 ya\u015f\u0131nda bir Rana&#8217;m\u0131z hayat\u0131n\u0131n bahar\u0131nda sabi \u00e7ocuk mezara girmesin&#8221; diye konu\u015ftu.\u00a0<\/p>\n<p>\u200bHaberin Al\u0131nt\u0131land\u0131\u011f\u0131 Kaynak: www.iskenderun.org<\/p>","protected":false},"excerpt":{"rendered":"<p>\u0130\u00e7i\u015fleri Bakan\u0131 Ali Yerlikaya, 30 b\u00fcy\u00fck\u015fehirde, b\u00fcy\u00fck\u015fehir belediye ba\u015fkan\u0131, 51 ilde k\u0131rsal kesimde il \u00f6zel idaresi olmas\u0131 dolay\u0131s\u0131yla Kars&#8217;tan &#8216;sahipsiz k\u00f6pekler&#8217; ile ilgili talimat verdi.ANKARA (\u0130GFA) &#8211; \u0130\u00e7i\u015fleri Bakan\u0131 Ali Yerlikaya, sahipsiz k\u00f6peklerle ilgili Kars&#8217;tan verdi\u011fi talimat\u0131 bug\u00fcn sosyal medya hesab\u0131ndan payla\u015ft\u0131. \u0130\u00e7i\u015fleri Bakan\u0131 Ali Yerlikaya, Konya&#8217;da 2 ya\u015f\u0131ndaki bebe\u011fin k\u00f6pek sald\u0131r\u0131s\u0131nda \u00f6lmesine ili\u015fkin, &#8220;2025&#8217;te, gerekli b\u00fct\u00fcn kanunlar ortadayken, sahipsiz k\u00f6pekler taraf\u0131ndan 2 ya\u015f\u0131ndaki bir bebe\u011fin vah\u015fice katledilmesini kabul edemeyiz.&#8221; diyerek verdi\u011fi talimat\u0131 bir kez daha kamuoyuna duyurdu. \u201cSAH\u0130PS\u0130Z K\u00d6PEKLERLE \u0130LG\u0130L\u0130 A\u00c7IKLAMAMIZ\u201d30 b\u00fcy\u00fck\u015fehirde, b\u00fcy\u00fck\u015fehir belediye ba\u015fkan\u0131, 51 ilde k\u0131rsal kesimde il \u00f6zel idaresi olmas\u0131 hasebiyle buradan sesleniyorum ve d\u00fcn de talimat verdim. 51 valimiz ve \u00f6zel idare olarak ve il belediyeleri ve n\u00fcfusu 25 bin ve \u00fczeri olan b\u00fct\u00fcn\u2026 pic.twitter.com\/3MxqZ8OPnD\u2014 Ali Yerlikaya (@AliYerlikaya) March 9, 2025 &#8220;\u0130NSAN\u0130 VE V\u0130CDAN\u0130 DURU\u015eLA KANUNU B\u0130Z\u0130M UYGULAMAMIZ LAZIM&#8221; 51 vali ve \u00f6zel idare olarak ve il belediyeleri ve n\u00fcfusu 25 bin ve \u00fczeri olan b\u00fct\u00fcn il\u00e7e belediyeleriyle birlikte bu sorumlulu\u011fu kanunun kendilerinden istedi\u011fi, milletin \u00e7\u0131kard\u0131\u011f\u0131 kanungere\u011fini yapmak zorunda olduklar\u0131n\u0131 belirten Bakan Yerlikaya, &#8220;Hayvanlar\u0131 biz seviyoruz. Hepimiz seviyoruz. Benim evimde \u00fc\u00e7 tane kedim var. Ama sorumlulu\u011fun a\u011f\u0131rl\u0131\u011f\u0131n\u0131n ne kadar b\u00fcy\u00fck oldu\u011funu g\u00f6rd\u00fcm&#8221; dedi.. Bakan Yerlikaya, &#8220;\u0130\u00e7i\u015fleri Bakan\u0131 olarak, valilerimin hepsi,ayn\u0131 \u015fekilde onlar\u0131n uhdesindeki ilgili m\u00fcd\u00fcrl\u00fckler, &hellip;<\/p>","protected":false},"author":1,"featured_media":0,"comment_status":"open","ping_status":"open","sticky":false,"template":"","format":"standard","meta":{"_acf_changed":false,"footnotes":""},"categories":[24],"tags":[],"class_list":["post-35176","post","type-post","status-publish","format-standard","has-post-thumbnail","hentry","category-gundem"],"acf":[],"yoast_head":"<!-- This site is optimized with the Yoast SEO Premium plugin v26.6 (Yoast SEO v27.1.1) - https:\/\/yoast.com\/product\/yoast-seo-premium-wordpress\/ -->\n<title>Bakan Yerlikaya o talimat\u0131 bir kez daha tekrarlad\u0131! - Av. Deniz Can K\u0131z\u0131l<\/title>\n<meta name=\"robots\" content=\"index, follow, max-snippet:-1, max-image-preview:large, max-video-preview:-1\" \/>\n<link rel=\"canonical\" href=\"http:\/\/denizcankizil.tr\/uk\/haberler\/gundem\/bakan-yerlikaya-o-talimati-bir-kez-daha-tekrarladi\/\" \/>\n<meta property=\"og:locale\" content=\"uk_UA\" \/>\n<meta property=\"og:type\" content=\"article\" \/>\n<meta property=\"og:title\" content=\"Bakan Yerlikaya o talimat\u0131 bir kez daha tekrarlad\u0131!\" \/>\n<meta property=\"og:description\" content=\"\u0130\u00e7i\u015fleri Bakan\u0131 Ali Yerlikaya, 30 b\u00fcy\u00fck\u015fehirde, b\u00fcy\u00fck\u015fehir belediye ba\u015fkan\u0131, 51 ilde k\u0131rsal kesimde il \u00f6zel idaresi olmas\u0131 dolay\u0131s\u0131yla Kars&#8217;tan &#8216;sahipsiz k\u00f6pekler&#8217; ile ilgili talimat verdi.ANKARA (\u0130GFA) &#8211; \u0130\u00e7i\u015fleri Bakan\u0131 Ali Yerlikaya, sahipsiz k\u00f6peklerle ilgili Kars&#8217;tan verdi\u011fi talimat\u0131 bug\u00fcn sosyal medya hesab\u0131ndan payla\u015ft\u0131. \u0130\u00e7i\u015fleri Bakan\u0131 Ali Yerlikaya, Konya&#8217;da 2 ya\u015f\u0131ndaki bebe\u011fin k\u00f6pek sald\u0131r\u0131s\u0131nda \u00f6lmesine ili\u015fkin, &#8220;2025&#8217;te, gerekli b\u00fct\u00fcn kanunlar ortadayken, sahipsiz k\u00f6pekler taraf\u0131ndan 2 ya\u015f\u0131ndaki bir bebe\u011fin vah\u015fice katledilmesini kabul edemeyiz.&#8221; diyerek verdi\u011fi talimat\u0131 bir kez daha kamuoyuna duyurdu. \u201cSAH\u0130PS\u0130Z K\u00d6PEKLERLE \u0130LG\u0130L\u0130 A\u00c7IKLAMAMIZ\u201d30 b\u00fcy\u00fck\u015fehirde, b\u00fcy\u00fck\u015fehir belediye ba\u015fkan\u0131, 51 ilde k\u0131rsal kesimde il \u00f6zel idaresi olmas\u0131 hasebiyle buradan sesleniyorum ve d\u00fcn de talimat verdim. 51 valimiz ve \u00f6zel idare olarak ve il belediyeleri ve n\u00fcfusu 25 bin ve \u00fczeri olan b\u00fct\u00fcn\u2026 pic.twitter.com\/3MxqZ8OPnD\u2014 Ali Yerlikaya (@AliYerlikaya) March 9, 2025 &#8220;\u0130NSAN\u0130 VE V\u0130CDAN\u0130 DURU\u015eLA KANUNU B\u0130Z\u0130M UYGULAMAMIZ LAZIM&#8221; 51 vali ve \u00f6zel idare olarak ve il belediyeleri ve n\u00fcfusu 25 bin ve \u00fczeri olan b\u00fct\u00fcn il\u00e7e belediyeleriyle birlikte bu sorumlulu\u011fu kanunun kendilerinden istedi\u011fi, milletin \u00e7\u0131kard\u0131\u011f\u0131 kanungere\u011fini yapmak zorunda olduklar\u0131n\u0131 belirten Bakan Yerlikaya, &#8220;Hayvanlar\u0131 biz seviyoruz. Hepimiz seviyoruz. Benim evimde \u00fc\u00e7 tane kedim var. Ama sorumlulu\u011fun a\u011f\u0131rl\u0131\u011f\u0131n\u0131n ne kadar b\u00fcy\u00fck oldu\u011funu g\u00f6rd\u00fcm&#8221; dedi.. Bakan Yerlikaya, &#8220;\u0130\u00e7i\u015fleri Bakan\u0131 olarak, valilerimin hepsi,ayn\u0131 \u015fekilde onlar\u0131n uhdesindeki ilgili m\u00fcd\u00fcrl\u00fckler, &hellip;\" \/>\n<meta property=\"og:url\" content=\"http:\/\/denizcankizil.tr\/uk\/haberler\/gundem\/bakan-yerlikaya-o-talimati-bir-kez-daha-tekrarladi\/\" \/>\n<meta property=\"og:site_name\" content=\"Av. Deniz Can K\u0131z\u0131l\" \/>\n<meta property=\"article:published_time\" content=\"2025-03-09T14:41:30+00:00\" \/>\n<meta name=\"author\" content=\"admin\" \/>\n<meta name=\"twitter:card\" content=\"summary_large_image\" \/>\n<meta name=\"twitter:label1\" content=\"\u041d\u0430\u043f\u0438\u0441\u0430\u043d\u043e\" \/>\n\t<meta name=\"twitter:data1\" content=\"admin\" \/>\n\t<meta name=\"twitter:label2\" content=\"\u041f\u0440\u0438\u0431\u043b. \u0447\u0430\u0441 \u0447\u0438\u0442\u0430\u043d\u043d\u044f\" \/>\n\t<meta name=\"twitter:data2\" content=\"3 \u0445\u0432\u0438\u043b\u0438\u043d\u0438\" \/>\n<script type=\"application\/ld+json\" class=\"yoast-schema-graph\">{\"@context\":\"https:\/\/schema.org\",\"@graph\":[{\"@type\":\"Article\",\"@id\":\"http:\/\/denizcankizil.tr\/uk\/haberler\/gundem\/bakan-yerlikaya-o-talimati-bir-kez-daha-tekrarladi\/#article\",\"isPartOf\":{\"@id\":\"http:\/\/denizcankizil.tr\/uk\/haberler\/gundem\/bakan-yerlikaya-o-talimati-bir-kez-daha-tekrarladi\/\"},\"author\":{\"name\":\"admin\",\"@id\":\"https:\/\/denizcankizil.tr\/de\/#\/schema\/person\/be3c05fe6a12686905512445d8185489\"},\"headline\":\"Bakan Yerlikaya o talimat\u0131 bir kez daha tekrarlad\u0131!\",\"datePublished\":\"2025-03-09T14:41:30+00:00\",\"mainEntityOfPage\":{\"@id\":\"http:\/\/denizcankizil.tr\/uk\/haberler\/gundem\/bakan-yerlikaya-o-talimati-bir-kez-daha-tekrarladi\/\"},\"wordCount\":684,\"commentCount\":0,\"publisher\":{\"@id\":\"https:\/\/denizcankizil.tr\/de\/#organization\"},\"articleSection\":[\"G\u00fcndem\"],\"inLanguage\":\"uk\",\"potentialAction\":[{\"@type\":\"CommentAction\",\"name\":\"Comment\",\"target\":[\"http:\/\/denizcankizil.tr\/uk\/haberler\/gundem\/bakan-yerlikaya-o-talimati-bir-kez-daha-tekrarladi\/#respond\"]}]},{\"@type\":\"WebPage\",\"@id\":\"http:\/\/denizcankizil.tr\/uk\/haberler\/gundem\/bakan-yerlikaya-o-talimati-bir-kez-daha-tekrarladi\/\",\"url\":\"http:\/\/denizcankizil.tr\/uk\/haberler\/gundem\/bakan-yerlikaya-o-talimati-bir-kez-daha-tekrarladi\/\",\"name\":\"Bakan Yerlikaya o talimat\u0131 bir kez daha tekrarlad\u0131! - Av. Deniz Can K\u0131z\u0131l\",\"isPartOf\":{\"@id\":\"https:\/\/denizcankizil.tr\/de\/#website\"},\"datePublished\":\"2025-03-09T14:41:30+00:00\",\"breadcrumb\":{\"@id\":\"http:\/\/denizcankizil.tr\/uk\/haberler\/gundem\/bakan-yerlikaya-o-talimati-bir-kez-daha-tekrarladi\/#breadcrumb\"},\"inLanguage\":\"uk\",\"potentialAction\":[{\"@type\":\"ReadAction\",\"target\":[\"http:\/\/denizcankizil.tr\/uk\/haberler\/gundem\/bakan-yerlikaya-o-talimati-bir-kez-daha-tekrarladi\/\"]}]},{\"@type\":\"BreadcrumbList\",\"@id\":\"http:\/\/denizcankizil.tr\/uk\/haberler\/gundem\/bakan-yerlikaya-o-talimati-bir-kez-daha-tekrarladi\/#breadcrumb\",\"itemListElement\":[{\"@type\":\"ListItem\",\"position\":1,\"name\":\"Home\",\"item\":\"https:\/\/denizcankizil.tr\/de\/\"},{\"@type\":\"ListItem\",\"position\":2,\"name\":\"Bakan Yerlikaya o talimat\u0131 bir kez daha tekrarlad\u0131!\"}]},{\"@type\":\"WebSite\",\"@id\":\"https:\/\/denizcankizil.tr\/de\/#website\",\"url\":\"https:\/\/denizcankizil.tr\/de\/\",\"name\":\"Av. Deniz Can K\u0131z\u0131l\",\"description\":\"Avukat Deniz Can K\u0131z\u0131l Antalya Barosu\",\"publisher\":{\"@id\":\"https:\/\/denizcankizil.tr\/de\/#organization\"},\"potentialAction\":[{\"@type\":\"SearchAction\",\"target\":{\"@type\":\"EntryPoint\",\"urlTemplate\":\"https:\/\/denizcankizil.tr\/de\/?s={search_term_string}\"},\"query-input\":{\"@type\":\"PropertyValueSpecification\",\"valueRequired\":true,\"valueName\":\"search_term_string\"}}],\"inLanguage\":\"uk\"},{\"@type\":\"Organization\",\"@id\":\"https:\/\/denizcankizil.tr\/de\/#organization\",\"name\":\"Av. Deniz Can K\u0131z\u0131l\",\"url\":\"https:\/\/denizcankizil.tr\/de\/\",\"logo\":{\"@type\":\"ImageObject\",\"inLanguage\":\"uk\",\"@id\":\"https:\/\/denizcankizil.tr\/de\/#\/schema\/logo\/image\/\",\"url\":\"http:\/\/denizcankizil.tr\/wp-content\/uploads\/2024\/10\/siyah-logo-svg.svg\",\"contentUrl\":\"http:\/\/denizcankizil.tr\/wp-content\/uploads\/2024\/10\/siyah-logo-svg.svg\",\"width\":1080,\"height\":1080,\"caption\":\"Av. Deniz Can K\u0131z\u0131l\"},\"image\":{\"@id\":\"https:\/\/denizcankizil.tr\/de\/#\/schema\/logo\/image\/\"}},{\"@type\":\"Person\",\"@id\":\"https:\/\/denizcankizil.tr\/de\/#\/schema\/person\/be3c05fe6a12686905512445d8185489\",\"name\":\"admin\",\"image\":{\"@type\":\"ImageObject\",\"inLanguage\":\"uk\",\"@id\":\"https:\/\/denizcankizil.tr\/de\/#\/schema\/person\/image\/\",\"url\":\"https:\/\/secure.gravatar.com\/avatar\/c1fce94c830dc79107e174f890d7210541c4a63e8e5d816341794a2151c9d58c?s=96&d=mm&r=g\",\"contentUrl\":\"https:\/\/secure.gravatar.com\/avatar\/c1fce94c830dc79107e174f890d7210541c4a63e8e5d816341794a2151c9d58c?s=96&d=mm&r=g\",\"caption\":\"admin\"},\"sameAs\":[\"http:\/\/denizcankizil.tr\"],\"url\":\"https:\/\/www.iskenderun.org\/bakan-yerlikaya-o-talimati-bir-kez-daha-tekrarladi\"}]}<\/script>\n<!-- \/ Yoast SEO Premium plugin. -->","yoast_head_json":{"title":"Bakan Yerlikaya o talimat\u0131 bir kez daha tekrarlad\u0131! - Av. Deniz Can K\u0131z\u0131l","robots":{"index":"index","follow":"follow","max-snippet":"max-snippet:-1","max-image-preview":"max-image-preview:large","max-video-preview":"max-video-preview:-1"},"canonical":"http:\/\/denizcankizil.tr\/uk\/haberler\/gundem\/bakan-yerlikaya-o-talimati-bir-kez-daha-tekrarladi\/","og_locale":"uk_UA","og_type":"article","og_title":"Bakan Yerlikaya o talimat\u0131 bir kez daha tekrarlad\u0131!","og_description":"\u0130\u00e7i\u015fleri Bakan\u0131 Ali Yerlikaya, 30 b\u00fcy\u00fck\u015fehirde, b\u00fcy\u00fck\u015fehir belediye ba\u015fkan\u0131, 51 ilde k\u0131rsal kesimde il \u00f6zel idaresi olmas\u0131 dolay\u0131s\u0131yla Kars&#8217;tan &#8216;sahipsiz k\u00f6pekler&#8217; ile ilgili talimat verdi.ANKARA (\u0130GFA) &#8211; \u0130\u00e7i\u015fleri Bakan\u0131 Ali Yerlikaya, sahipsiz k\u00f6peklerle ilgili Kars&#8217;tan verdi\u011fi talimat\u0131 bug\u00fcn sosyal medya hesab\u0131ndan payla\u015ft\u0131. \u0130\u00e7i\u015fleri Bakan\u0131 Ali Yerlikaya, Konya&#8217;da 2 ya\u015f\u0131ndaki bebe\u011fin k\u00f6pek sald\u0131r\u0131s\u0131nda \u00f6lmesine ili\u015fkin, &#8220;2025&#8217;te, gerekli b\u00fct\u00fcn kanunlar ortadayken, sahipsiz k\u00f6pekler taraf\u0131ndan 2 ya\u015f\u0131ndaki bir bebe\u011fin vah\u015fice katledilmesini kabul edemeyiz.&#8221; diyerek verdi\u011fi talimat\u0131 bir kez daha kamuoyuna duyurdu. \u201cSAH\u0130PS\u0130Z K\u00d6PEKLERLE \u0130LG\u0130L\u0130 A\u00c7IKLAMAMIZ\u201d30 b\u00fcy\u00fck\u015fehirde, b\u00fcy\u00fck\u015fehir belediye ba\u015fkan\u0131, 51 ilde k\u0131rsal kesimde il \u00f6zel idaresi olmas\u0131 hasebiyle buradan sesleniyorum ve d\u00fcn de talimat verdim. 51 valimiz ve \u00f6zel idare olarak ve il belediyeleri ve n\u00fcfusu 25 bin ve \u00fczeri olan b\u00fct\u00fcn\u2026 pic.twitter.com\/3MxqZ8OPnD\u2014 Ali Yerlikaya (@AliYerlikaya) March 9, 2025 &#8220;\u0130NSAN\u0130 VE V\u0130CDAN\u0130 DURU\u015eLA KANUNU B\u0130Z\u0130M UYGULAMAMIZ LAZIM&#8221; 51 vali ve \u00f6zel idare olarak ve il belediyeleri ve n\u00fcfusu 25 bin ve \u00fczeri olan b\u00fct\u00fcn il\u00e7e belediyeleriyle birlikte bu sorumlulu\u011fu kanunun kendilerinden istedi\u011fi, milletin \u00e7\u0131kard\u0131\u011f\u0131 kanungere\u011fini yapmak zorunda olduklar\u0131n\u0131 belirten Bakan Yerlikaya, &#8220;Hayvanlar\u0131 biz seviyoruz. Hepimiz seviyoruz. Benim evimde \u00fc\u00e7 tane kedim var. Ama sorumlulu\u011fun a\u011f\u0131rl\u0131\u011f\u0131n\u0131n ne kadar b\u00fcy\u00fck oldu\u011funu g\u00f6rd\u00fcm&#8221; dedi.. Bakan Yerlikaya, &#8220;\u0130\u00e7i\u015fleri Bakan\u0131 olarak, valilerimin hepsi,ayn\u0131 \u015fekilde onlar\u0131n uhdesindeki ilgili m\u00fcd\u00fcrl\u00fckler, &hellip;","og_url":"http:\/\/denizcankizil.tr\/uk\/haberler\/gundem\/bakan-yerlikaya-o-talimati-bir-kez-daha-tekrarladi\/","og_site_name":"Av. Deniz Can K\u0131z\u0131l","article_published_time":"2025-03-09T14:41:30+00:00","author":"admin","twitter_card":"summary_large_image","twitter_misc":{"\u041d\u0430\u043f\u0438\u0441\u0430\u043d\u043e":"admin","\u041f\u0440\u0438\u0431\u043b. \u0447\u0430\u0441 \u0447\u0438\u0442\u0430\u043d\u043d\u044f":"3 \u0445\u0432\u0438\u043b\u0438\u043d\u0438"},"schema":{"@context":"https:\/\/schema.org","@graph":[{"@type":"Article","@id":"http:\/\/denizcankizil.tr\/uk\/haberler\/gundem\/bakan-yerlikaya-o-talimati-bir-kez-daha-tekrarladi\/#article","isPartOf":{"@id":"http:\/\/denizcankizil.tr\/uk\/haberler\/gundem\/bakan-yerlikaya-o-talimati-bir-kez-daha-tekrarladi\/"},"author":{"name":"admin","@id":"https:\/\/denizcankizil.tr\/de\/#\/schema\/person\/be3c05fe6a12686905512445d8185489"},"headline":"Bakan Yerlikaya o talimat\u0131 bir kez daha tekrarlad\u0131!","datePublished":"2025-03-09T14:41:30+00:00","mainEntityOfPage":{"@id":"http:\/\/denizcankizil.tr\/uk\/haberler\/gundem\/bakan-yerlikaya-o-talimati-bir-kez-daha-tekrarladi\/"},"wordCount":684,"commentCount":0,"publisher":{"@id":"https:\/\/denizcankizil.tr\/de\/#organization"},"articleSection":["G\u00fcndem"],"inLanguage":"uk","potentialAction":[{"@type":"CommentAction","name":"Comment","target":["http:\/\/denizcankizil.tr\/uk\/haberler\/gundem\/bakan-yerlikaya-o-talimati-bir-kez-daha-tekrarladi\/#respond"]}]},{"@type":"WebPage","@id":"http:\/\/denizcankizil.tr\/uk\/haberler\/gundem\/bakan-yerlikaya-o-talimati-bir-kez-daha-tekrarladi\/","url":"http:\/\/denizcankizil.tr\/uk\/haberler\/gundem\/bakan-yerlikaya-o-talimati-bir-kez-daha-tekrarladi\/","name":"Bakan Yerlikaya o talimat\u0131 bir kez daha tekrarlad\u0131! - Av. Deniz Can K\u0131z\u0131l","isPartOf":{"@id":"https:\/\/denizcankizil.tr\/de\/#website"},"datePublished":"2025-03-09T14:41:30+00:00","breadcrumb":{"@id":"http:\/\/denizcankizil.tr\/uk\/haberler\/gundem\/bakan-yerlikaya-o-talimati-bir-kez-daha-tekrarladi\/#breadcrumb"},"inLanguage":"uk","potentialAction":[{"@type":"ReadAction","target":["http:\/\/denizcankizil.tr\/uk\/haberler\/gundem\/bakan-yerlikaya-o-talimati-bir-kez-daha-tekrarladi\/"]}]},{"@type":"BreadcrumbList","@id":"http:\/\/denizcankizil.tr\/uk\/haberler\/gundem\/bakan-yerlikaya-o-talimati-bir-kez-daha-tekrarladi\/#breadcrumb","itemListElement":[{"@type":"ListItem","position":1,"name":"Home","item":"https:\/\/denizcankizil.tr\/de\/"},{"@type":"ListItem","position":2,"name":"Bakan Yerlikaya o talimat\u0131 bir kez daha tekrarlad\u0131!"}]},{"@type":"WebSite","@id":"https:\/\/denizcankizil.tr\/de\/#website","url":"https:\/\/denizcankizil.tr\/de\/","name":"Av. Deniz Can K\u0131z\u0131l","description":"Avukat Deniz Can K\u0131z\u0131l Antalya Barosu","publisher":{"@id":"https:\/\/denizcankizil.tr\/de\/#organization"},"potentialAction":[{"@type":"SearchAction","target":{"@type":"EntryPoint","urlTemplate":"https:\/\/denizcankizil.tr\/de\/?s={search_term_string}"},"query-input":{"@type":"PropertyValueSpecification","valueRequired":true,"valueName":"search_term_string"}}],"inLanguage":"uk"},{"@type":"Organization","@id":"https:\/\/denizcankizil.tr\/de\/#organization","name":"Av. Deniz Can K\u0131z\u0131l","url":"https:\/\/denizcankizil.tr\/de\/","logo":{"@type":"ImageObject","inLanguage":"uk","@id":"https:\/\/denizcankizil.tr\/de\/#\/schema\/logo\/image\/","url":"http:\/\/denizcankizil.tr\/wp-content\/uploads\/2024\/10\/siyah-logo-svg.svg","contentUrl":"http:\/\/denizcankizil.tr\/wp-content\/uploads\/2024\/10\/siyah-logo-svg.svg","width":1080,"height":1080,"caption":"Av. Deniz Can K\u0131z\u0131l"},"image":{"@id":"https:\/\/denizcankizil.tr\/de\/#\/schema\/logo\/image\/"}},{"@type":"Person","@id":"https:\/\/denizcankizil.tr\/de\/#\/schema\/person\/be3c05fe6a12686905512445d8185489","name":"\u0430\u0434\u043c\u0456\u043d","image":{"@type":"ImageObject","inLanguage":"uk","@id":"https:\/\/denizcankizil.tr\/de\/#\/schema\/person\/image\/","url":"https:\/\/secure.gravatar.com\/avatar\/c1fce94c830dc79107e174f890d7210541c4a63e8e5d816341794a2151c9d58c?s=96&d=mm&r=g","contentUrl":"https:\/\/secure.gravatar.com\/avatar\/c1fce94c830dc79107e174f890d7210541c4a63e8e5d816341794a2151c9d58c?s=96&d=mm&r=g","caption":"admin"},"sameAs":["http:\/\/denizcankizil.tr"],"url":"https:\/\/www.iskenderun.org\/bakan-yerlikaya-o-talimati-bir-kez-daha-tekrarladi"}]}},"_links":{"self":[{"href":"http:\/\/denizcankizil.tr\/uk\/wp-json\/wp\/v2\/posts\/35176","targetHints":{"allow":["GET"]}}],"collection":[{"href":"http:\/\/denizcankizil.tr\/uk\/wp-json\/wp\/v2\/posts"}],"about":[{"href":"http:\/\/denizcankizil.tr\/uk\/wp-json\/wp\/v2\/types\/post"}],"author":[{"embeddable":true,"href":"http:\/\/denizcankizil.tr\/uk\/wp-json\/wp\/v2\/users\/1"}],"replies":[{"embeddable":true,"href":"http:\/\/denizcankizil.tr\/uk\/wp-json\/wp\/v2\/comments?post=35176"}],"version-history":[{"count":0,"href":"http:\/\/denizcankizil.tr\/uk\/wp-json\/wp\/v2\/posts\/35176\/revisions"}],"wp:attachment":[{"href":"http:\/\/denizcankizil.tr\/uk\/wp-json\/wp\/v2\/media?parent=35176"}],"wp:term":[{"taxonomy":"category","embeddable":true,"href":"http:\/\/denizcankizil.tr\/uk\/wp-json\/wp\/v2\/categories?post=35176"},{"taxonomy":"post_tag","embeddable":true,"href":"http:\/\/denizcankizil.tr\/uk\/wp-json\/wp\/v2\/tags?post=35176"}],"curies":[{"name":"wp","href":"https:\/\/api.w.org\/{rel}","templated":true}]}}