{"id":35143,"date":"2025-03-08T18:41:28","date_gmt":"2025-03-08T15:41:28","guid":{"rendered":"https:\/\/denizcankizil.tr\/uncategorized-tr\/kadin-esnaflari-gezdiler\/"},"modified":"2025-03-08T18:41:28","modified_gmt":"2025-03-08T15:41:28","slug":"kadin-esnaflari-gezdiler","status":"publish","type":"post","link":"http:\/\/denizcankizil.tr\/uk\/haberler\/gundem\/kadin-esnaflari-gezdiler\/","title":{"rendered":"Kad\u0131n Esnaflar\u0131 Gezdiler"},"content":{"rendered":"<p>\u00a0\u00a0\u00a0\u00a0\u00a0\u00a0\u00a0\u00a0\u00a0\u00a0\u00a0 8 Mart D\u00fcnya Kad\u0131nlar G\u00fcn\u00fc\u2019ndeki kutlamay\u0131 D\u00f6rtyol\u2019a ay\u0131ran Saadet Partisi \u0130l Kad\u0131n Kollar\u0131 Ba\u015fkan\u0131 Halime \u00d6ks\u00fcz, \u00fcyeleriyle birlikte kad\u0131n esnaflar\u0131 gezdi, \u00e7i\u00e7ek verdi. Cadde bulunan kad\u0131nlar\u0131n da g\u00fcn\u00fcn\u00fc kutlayan Ba\u015fkan \u00d6ks\u00fcz, bir s\u00fcre sohbet etti.<\/p>\n<p>Saadet Partisi Hatay Kad\u0131n Kollar\u0131 ba\u015fkan\u0131 Halime \u00d6ks\u00fcz \u201cHayat\u0131n her alan\u0131nda de\u011fer katan, emek veren ve toplumun temel dire\u011fi olan t\u00fcm kad\u0131nlara \u015f\u00fckranlar\u0131m\u0131z\u0131 sunuyor; 8 Mart D\u00fcnya Kad\u0131nlar G\u00fcn\u00fc&#8217;n\u00fc kutluyoruz.\u201d ifadelerini kulland\u0131.<\/p>\n<p>\u200bSaadet Partisi Hatay Kad\u0131n Kollar\u0131, 8 Mart d\u00fcnya Kad\u0131nlar G\u00fcn\u00fc m\u00fcnasebetiyle D\u00f6rtyol \u0130l\u00e7esinde esnafa ve vatanda\u015flara \u00e7i\u00e7ek da\u011f\u0131tt\u0131.\u00a0<\/p>\n<p>\u200bHaberin Al\u0131nt\u0131land\u0131\u011f\u0131 Kaynak: www.iskenderun.org<\/p>","protected":false},"excerpt":{"rendered":"<p>\u00a0\u00a0\u00a0\u00a0\u00a0\u00a0\u00a0\u00a0\u00a0\u00a0\u00a0 8 Mart D\u00fcnya Kad\u0131nlar G\u00fcn\u00fc\u2019ndeki kutlamay\u0131 D\u00f6rtyol\u2019a ay\u0131ran Saadet Partisi \u0130l Kad\u0131n Kollar\u0131 Ba\u015fkan\u0131 Halime \u00d6ks\u00fcz, \u00fcyeleriyle birlikte kad\u0131n esnaflar\u0131 gezdi, \u00e7i\u00e7ek verdi. Cadde bulunan kad\u0131nlar\u0131n da g\u00fcn\u00fcn\u00fc kutlayan Ba\u015fkan \u00d6ks\u00fcz, bir s\u00fcre sohbet etti. Saadet Partisi Hatay Kad\u0131n Kollar\u0131 ba\u015fkan\u0131 Halime \u00d6ks\u00fcz \u201cHayat\u0131n her alan\u0131nda de\u011fer katan, emek veren ve toplumun temel dire\u011fi olan t\u00fcm kad\u0131nlara \u015f\u00fckranlar\u0131m\u0131z\u0131 sunuyor; 8 Mart D\u00fcnya Kad\u0131nlar G\u00fcn\u00fc&#8217;n\u00fc kutluyoruz.\u201d ifadelerini kulland\u0131. \u200bSaadet Partisi Hatay Kad\u0131n Kollar\u0131, 8 Mart d\u00fcnya Kad\u0131nlar G\u00fcn\u00fc m\u00fcnasebetiyle D\u00f6rtyol \u0130l\u00e7esinde esnafa ve vatanda\u015flara \u00e7i\u00e7ek da\u011f\u0131tt\u0131.\u00a0 \u200bHaberin Al\u0131nt\u0131land\u0131\u011f\u0131 Kaynak: www.iskenderun.org<\/p>","protected":false},"author":1,"featured_media":0,"comment_status":"open","ping_status":"open","sticky":false,"template":"","format":"standard","meta":{"_acf_changed":false,"footnotes":""},"categories":[24],"tags":[],"class_list":["post-35143","post","type-post","status-publish","format-standard","has-post-thumbnail","hentry","category-gundem"],"acf":[],"yoast_head":"<!-- This site is optimized with the Yoast SEO Premium plugin v26.6 (Yoast SEO v27.1.1) - https:\/\/yoast.com\/product\/yoast-seo-premium-wordpress\/ -->\n<title>Kad\u0131n Esnaflar\u0131 Gezdiler - Av. Deniz Can K\u0131z\u0131l<\/title>\n<meta name=\"robots\" content=\"index, follow, max-snippet:-1, max-image-preview:large, max-video-preview:-1\" \/>\n<link rel=\"canonical\" href=\"http:\/\/denizcankizil.tr\/uk\/haberler\/gundem\/kadin-esnaflari-gezdiler\/\" \/>\n<meta property=\"og:locale\" content=\"uk_UA\" \/>\n<meta property=\"og:type\" content=\"article\" \/>\n<meta property=\"og:title\" content=\"Kad\u0131n Esnaflar\u0131 Gezdiler\" \/>\n<meta property=\"og:description\" content=\"\u00a0\u00a0\u00a0\u00a0\u00a0\u00a0\u00a0\u00a0\u00a0\u00a0\u00a0 8 Mart D\u00fcnya Kad\u0131nlar G\u00fcn\u00fc\u2019ndeki kutlamay\u0131 D\u00f6rtyol\u2019a ay\u0131ran Saadet Partisi \u0130l Kad\u0131n Kollar\u0131 Ba\u015fkan\u0131 Halime \u00d6ks\u00fcz, \u00fcyeleriyle birlikte kad\u0131n esnaflar\u0131 gezdi, \u00e7i\u00e7ek verdi. Cadde bulunan kad\u0131nlar\u0131n da g\u00fcn\u00fcn\u00fc kutlayan Ba\u015fkan \u00d6ks\u00fcz, bir s\u00fcre sohbet etti. Saadet Partisi Hatay Kad\u0131n Kollar\u0131 ba\u015fkan\u0131 Halime \u00d6ks\u00fcz \u201cHayat\u0131n her alan\u0131nda de\u011fer katan, emek veren ve toplumun temel dire\u011fi olan t\u00fcm kad\u0131nlara \u015f\u00fckranlar\u0131m\u0131z\u0131 sunuyor; 8 Mart D\u00fcnya Kad\u0131nlar G\u00fcn\u00fc&#8217;n\u00fc kutluyoruz.\u201d ifadelerini kulland\u0131. \u200bSaadet Partisi Hatay Kad\u0131n Kollar\u0131, 8 Mart d\u00fcnya Kad\u0131nlar G\u00fcn\u00fc m\u00fcnasebetiyle D\u00f6rtyol \u0130l\u00e7esinde esnafa ve vatanda\u015flara \u00e7i\u00e7ek da\u011f\u0131tt\u0131.\u00a0 \u200bHaberin Al\u0131nt\u0131land\u0131\u011f\u0131 Kaynak: www.iskenderun.org\" \/>\n<meta property=\"og:url\" content=\"http:\/\/denizcankizil.tr\/uk\/haberler\/gundem\/kadin-esnaflari-gezdiler\/\" \/>\n<meta property=\"og:site_name\" content=\"Av. Deniz Can K\u0131z\u0131l\" \/>\n<meta property=\"article:published_time\" content=\"2025-03-08T15:41:28+00:00\" \/>\n<meta name=\"author\" content=\"admin\" \/>\n<meta name=\"twitter:card\" content=\"summary_large_image\" \/>\n<meta name=\"twitter:label1\" content=\"\u041d\u0430\u043f\u0438\u0441\u0430\u043d\u043e\" \/>\n\t<meta name=\"twitter:data1\" content=\"admin\" \/>\n\t<meta name=\"twitter:label2\" content=\"\u041f\u0440\u0438\u0431\u043b. \u0447\u0430\u0441 \u0447\u0438\u0442\u0430\u043d\u043d\u044f\" \/>\n\t<meta name=\"twitter:data2\" content=\"1 \u0445\u0432\u0438\u043b\u0438\u043d\u0430\" \/>\n<script type=\"application\/ld+json\" class=\"yoast-schema-graph\">{\"@context\":\"https:\/\/schema.org\",\"@graph\":[{\"@type\":\"Article\",\"@id\":\"http:\/\/denizcankizil.tr\/uk\/haberler\/gundem\/kadin-esnaflari-gezdiler\/#article\",\"isPartOf\":{\"@id\":\"http:\/\/denizcankizil.tr\/uk\/haberler\/gundem\/kadin-esnaflari-gezdiler\/\"},\"author\":{\"name\":\"admin\",\"@id\":\"https:\/\/denizcankizil.tr\/de\/#\/schema\/person\/be3c05fe6a12686905512445d8185489\"},\"headline\":\"Kad\u0131n Esnaflar\u0131 Gezdiler\",\"datePublished\":\"2025-03-08T15:41:28+00:00\",\"mainEntityOfPage\":{\"@id\":\"http:\/\/denizcankizil.tr\/uk\/haberler\/gundem\/kadin-esnaflari-gezdiler\/\"},\"wordCount\":138,\"commentCount\":0,\"publisher\":{\"@id\":\"https:\/\/denizcankizil.tr\/de\/#organization\"},\"articleSection\":[\"G\u00fcndem\"],\"inLanguage\":\"uk\",\"potentialAction\":[{\"@type\":\"CommentAction\",\"name\":\"Comment\",\"target\":[\"http:\/\/denizcankizil.tr\/uk\/haberler\/gundem\/kadin-esnaflari-gezdiler\/#respond\"]}]},{\"@type\":\"WebPage\",\"@id\":\"http:\/\/denizcankizil.tr\/uk\/haberler\/gundem\/kadin-esnaflari-gezdiler\/\",\"url\":\"http:\/\/denizcankizil.tr\/uk\/haberler\/gundem\/kadin-esnaflari-gezdiler\/\",\"name\":\"Kad\u0131n Esnaflar\u0131 Gezdiler - Av. Deniz Can K\u0131z\u0131l\",\"isPartOf\":{\"@id\":\"https:\/\/denizcankizil.tr\/de\/#website\"},\"datePublished\":\"2025-03-08T15:41:28+00:00\",\"breadcrumb\":{\"@id\":\"http:\/\/denizcankizil.tr\/uk\/haberler\/gundem\/kadin-esnaflari-gezdiler\/#breadcrumb\"},\"inLanguage\":\"uk\",\"potentialAction\":[{\"@type\":\"ReadAction\",\"target\":[\"http:\/\/denizcankizil.tr\/uk\/haberler\/gundem\/kadin-esnaflari-gezdiler\/\"]}]},{\"@type\":\"BreadcrumbList\",\"@id\":\"http:\/\/denizcankizil.tr\/uk\/haberler\/gundem\/kadin-esnaflari-gezdiler\/#breadcrumb\",\"itemListElement\":[{\"@type\":\"ListItem\",\"position\":1,\"name\":\"Home\",\"item\":\"https:\/\/denizcankizil.tr\/de\/\"},{\"@type\":\"ListItem\",\"position\":2,\"name\":\"Kad\u0131n Esnaflar\u0131 Gezdiler\"}]},{\"@type\":\"WebSite\",\"@id\":\"https:\/\/denizcankizil.tr\/de\/#website\",\"url\":\"https:\/\/denizcankizil.tr\/de\/\",\"name\":\"Av. Deniz Can K\u0131z\u0131l\",\"description\":\"Avukat Deniz Can K\u0131z\u0131l Antalya Barosu\",\"publisher\":{\"@id\":\"https:\/\/denizcankizil.tr\/de\/#organization\"},\"potentialAction\":[{\"@type\":\"SearchAction\",\"target\":{\"@type\":\"EntryPoint\",\"urlTemplate\":\"https:\/\/denizcankizil.tr\/de\/?s={search_term_string}\"},\"query-input\":{\"@type\":\"PropertyValueSpecification\",\"valueRequired\":true,\"valueName\":\"search_term_string\"}}],\"inLanguage\":\"uk\"},{\"@type\":\"Organization\",\"@id\":\"https:\/\/denizcankizil.tr\/de\/#organization\",\"name\":\"Av. Deniz Can K\u0131z\u0131l\",\"url\":\"https:\/\/denizcankizil.tr\/de\/\",\"logo\":{\"@type\":\"ImageObject\",\"inLanguage\":\"uk\",\"@id\":\"https:\/\/denizcankizil.tr\/de\/#\/schema\/logo\/image\/\",\"url\":\"http:\/\/denizcankizil.tr\/wp-content\/uploads\/2024\/10\/siyah-logo-svg.svg\",\"contentUrl\":\"http:\/\/denizcankizil.tr\/wp-content\/uploads\/2024\/10\/siyah-logo-svg.svg\",\"width\":1080,\"height\":1080,\"caption\":\"Av. Deniz Can K\u0131z\u0131l\"},\"image\":{\"@id\":\"https:\/\/denizcankizil.tr\/de\/#\/schema\/logo\/image\/\"}},{\"@type\":\"Person\",\"@id\":\"https:\/\/denizcankizil.tr\/de\/#\/schema\/person\/be3c05fe6a12686905512445d8185489\",\"name\":\"admin\",\"image\":{\"@type\":\"ImageObject\",\"inLanguage\":\"uk\",\"@id\":\"https:\/\/denizcankizil.tr\/de\/#\/schema\/person\/image\/\",\"url\":\"https:\/\/secure.gravatar.com\/avatar\/c1fce94c830dc79107e174f890d7210541c4a63e8e5d816341794a2151c9d58c?s=96&d=mm&r=g\",\"contentUrl\":\"https:\/\/secure.gravatar.com\/avatar\/c1fce94c830dc79107e174f890d7210541c4a63e8e5d816341794a2151c9d58c?s=96&d=mm&r=g\",\"caption\":\"admin\"},\"sameAs\":[\"http:\/\/denizcankizil.tr\"],\"url\":\"https:\/\/www.iskenderun.org\/kadin-esnaflari-gezdiler\"}]}<\/script>\n<!-- \/ Yoast SEO Premium plugin. -->","yoast_head_json":{"title":"Kad\u0131n Esnaflar\u0131 Gezdiler - Av. Deniz Can K\u0131z\u0131l","robots":{"index":"index","follow":"follow","max-snippet":"max-snippet:-1","max-image-preview":"max-image-preview:large","max-video-preview":"max-video-preview:-1"},"canonical":"http:\/\/denizcankizil.tr\/uk\/haberler\/gundem\/kadin-esnaflari-gezdiler\/","og_locale":"uk_UA","og_type":"article","og_title":"Kad\u0131n Esnaflar\u0131 Gezdiler","og_description":"\u00a0\u00a0\u00a0\u00a0\u00a0\u00a0\u00a0\u00a0\u00a0\u00a0\u00a0 8 Mart D\u00fcnya Kad\u0131nlar G\u00fcn\u00fc\u2019ndeki kutlamay\u0131 D\u00f6rtyol\u2019a ay\u0131ran Saadet Partisi \u0130l Kad\u0131n Kollar\u0131 Ba\u015fkan\u0131 Halime \u00d6ks\u00fcz, \u00fcyeleriyle birlikte kad\u0131n esnaflar\u0131 gezdi, \u00e7i\u00e7ek verdi. Cadde bulunan kad\u0131nlar\u0131n da g\u00fcn\u00fcn\u00fc kutlayan Ba\u015fkan \u00d6ks\u00fcz, bir s\u00fcre sohbet etti. Saadet Partisi Hatay Kad\u0131n Kollar\u0131 ba\u015fkan\u0131 Halime \u00d6ks\u00fcz \u201cHayat\u0131n her alan\u0131nda de\u011fer katan, emek veren ve toplumun temel dire\u011fi olan t\u00fcm kad\u0131nlara \u015f\u00fckranlar\u0131m\u0131z\u0131 sunuyor; 8 Mart D\u00fcnya Kad\u0131nlar G\u00fcn\u00fc&#8217;n\u00fc kutluyoruz.\u201d ifadelerini kulland\u0131. \u200bSaadet Partisi Hatay Kad\u0131n Kollar\u0131, 8 Mart d\u00fcnya Kad\u0131nlar G\u00fcn\u00fc m\u00fcnasebetiyle D\u00f6rtyol \u0130l\u00e7esinde esnafa ve vatanda\u015flara \u00e7i\u00e7ek da\u011f\u0131tt\u0131.\u00a0 \u200bHaberin Al\u0131nt\u0131land\u0131\u011f\u0131 Kaynak: www.iskenderun.org","og_url":"http:\/\/denizcankizil.tr\/uk\/haberler\/gundem\/kadin-esnaflari-gezdiler\/","og_site_name":"Av. Deniz Can K\u0131z\u0131l","article_published_time":"2025-03-08T15:41:28+00:00","author":"admin","twitter_card":"summary_large_image","twitter_misc":{"\u041d\u0430\u043f\u0438\u0441\u0430\u043d\u043e":"admin","\u041f\u0440\u0438\u0431\u043b. \u0447\u0430\u0441 \u0447\u0438\u0442\u0430\u043d\u043d\u044f":"1 \u0445\u0432\u0438\u043b\u0438\u043d\u0430"},"schema":{"@context":"https:\/\/schema.org","@graph":[{"@type":"Article","@id":"http:\/\/denizcankizil.tr\/uk\/haberler\/gundem\/kadin-esnaflari-gezdiler\/#article","isPartOf":{"@id":"http:\/\/denizcankizil.tr\/uk\/haberler\/gundem\/kadin-esnaflari-gezdiler\/"},"author":{"name":"admin","@id":"https:\/\/denizcankizil.tr\/de\/#\/schema\/person\/be3c05fe6a12686905512445d8185489"},"headline":"Kad\u0131n Esnaflar\u0131 Gezdiler","datePublished":"2025-03-08T15:41:28+00:00","mainEntityOfPage":{"@id":"http:\/\/denizcankizil.tr\/uk\/haberler\/gundem\/kadin-esnaflari-gezdiler\/"},"wordCount":138,"commentCount":0,"publisher":{"@id":"https:\/\/denizcankizil.tr\/de\/#organization"},"articleSection":["G\u00fcndem"],"inLanguage":"uk","potentialAction":[{"@type":"CommentAction","name":"Comment","target":["http:\/\/denizcankizil.tr\/uk\/haberler\/gundem\/kadin-esnaflari-gezdiler\/#respond"]}]},{"@type":"WebPage","@id":"http:\/\/denizcankizil.tr\/uk\/haberler\/gundem\/kadin-esnaflari-gezdiler\/","url":"http:\/\/denizcankizil.tr\/uk\/haberler\/gundem\/kadin-esnaflari-gezdiler\/","name":"Kad\u0131n Esnaflar\u0131 Gezdiler - Av. Deniz Can K\u0131z\u0131l","isPartOf":{"@id":"https:\/\/denizcankizil.tr\/de\/#website"},"datePublished":"2025-03-08T15:41:28+00:00","breadcrumb":{"@id":"http:\/\/denizcankizil.tr\/uk\/haberler\/gundem\/kadin-esnaflari-gezdiler\/#breadcrumb"},"inLanguage":"uk","potentialAction":[{"@type":"ReadAction","target":["http:\/\/denizcankizil.tr\/uk\/haberler\/gundem\/kadin-esnaflari-gezdiler\/"]}]},{"@type":"BreadcrumbList","@id":"http:\/\/denizcankizil.tr\/uk\/haberler\/gundem\/kadin-esnaflari-gezdiler\/#breadcrumb","itemListElement":[{"@type":"ListItem","position":1,"name":"Home","item":"https:\/\/denizcankizil.tr\/de\/"},{"@type":"ListItem","position":2,"name":"Kad\u0131n Esnaflar\u0131 Gezdiler"}]},{"@type":"WebSite","@id":"https:\/\/denizcankizil.tr\/de\/#website","url":"https:\/\/denizcankizil.tr\/de\/","name":"Av. Deniz Can K\u0131z\u0131l","description":"Avukat Deniz Can K\u0131z\u0131l Antalya Barosu","publisher":{"@id":"https:\/\/denizcankizil.tr\/de\/#organization"},"potentialAction":[{"@type":"SearchAction","target":{"@type":"EntryPoint","urlTemplate":"https:\/\/denizcankizil.tr\/de\/?s={search_term_string}"},"query-input":{"@type":"PropertyValueSpecification","valueRequired":true,"valueName":"search_term_string"}}],"inLanguage":"uk"},{"@type":"Organization","@id":"https:\/\/denizcankizil.tr\/de\/#organization","name":"Av. Deniz Can K\u0131z\u0131l","url":"https:\/\/denizcankizil.tr\/de\/","logo":{"@type":"ImageObject","inLanguage":"uk","@id":"https:\/\/denizcankizil.tr\/de\/#\/schema\/logo\/image\/","url":"http:\/\/denizcankizil.tr\/wp-content\/uploads\/2024\/10\/siyah-logo-svg.svg","contentUrl":"http:\/\/denizcankizil.tr\/wp-content\/uploads\/2024\/10\/siyah-logo-svg.svg","width":1080,"height":1080,"caption":"Av. Deniz Can K\u0131z\u0131l"},"image":{"@id":"https:\/\/denizcankizil.tr\/de\/#\/schema\/logo\/image\/"}},{"@type":"Person","@id":"https:\/\/denizcankizil.tr\/de\/#\/schema\/person\/be3c05fe6a12686905512445d8185489","name":"\u0430\u0434\u043c\u0456\u043d","image":{"@type":"ImageObject","inLanguage":"uk","@id":"https:\/\/denizcankizil.tr\/de\/#\/schema\/person\/image\/","url":"https:\/\/secure.gravatar.com\/avatar\/c1fce94c830dc79107e174f890d7210541c4a63e8e5d816341794a2151c9d58c?s=96&d=mm&r=g","contentUrl":"https:\/\/secure.gravatar.com\/avatar\/c1fce94c830dc79107e174f890d7210541c4a63e8e5d816341794a2151c9d58c?s=96&d=mm&r=g","caption":"admin"},"sameAs":["http:\/\/denizcankizil.tr"],"url":"https:\/\/www.iskenderun.org\/kadin-esnaflari-gezdiler"}]}},"_links":{"self":[{"href":"http:\/\/denizcankizil.tr\/uk\/wp-json\/wp\/v2\/posts\/35143","targetHints":{"allow":["GET"]}}],"collection":[{"href":"http:\/\/denizcankizil.tr\/uk\/wp-json\/wp\/v2\/posts"}],"about":[{"href":"http:\/\/denizcankizil.tr\/uk\/wp-json\/wp\/v2\/types\/post"}],"author":[{"embeddable":true,"href":"http:\/\/denizcankizil.tr\/uk\/wp-json\/wp\/v2\/users\/1"}],"replies":[{"embeddable":true,"href":"http:\/\/denizcankizil.tr\/uk\/wp-json\/wp\/v2\/comments?post=35143"}],"version-history":[{"count":0,"href":"http:\/\/denizcankizil.tr\/uk\/wp-json\/wp\/v2\/posts\/35143\/revisions"}],"wp:attachment":[{"href":"http:\/\/denizcankizil.tr\/uk\/wp-json\/wp\/v2\/media?parent=35143"}],"wp:term":[{"taxonomy":"category","embeddable":true,"href":"http:\/\/denizcankizil.tr\/uk\/wp-json\/wp\/v2\/categories?post=35143"},{"taxonomy":"post_tag","embeddable":true,"href":"http:\/\/denizcankizil.tr\/uk\/wp-json\/wp\/v2\/tags?post=35143"}],"curies":[{"name":"wp","href":"https:\/\/api.w.org\/{rel}","templated":true}]}}