{"id":34957,"date":"2025-03-07T09:41:38","date_gmt":"2025-03-07T06:41:38","guid":{"rendered":"https:\/\/denizcankizil.tr\/uncategorized-tr\/mebden-yapay-zeka-hamlesi\/"},"modified":"2025-03-07T09:41:38","modified_gmt":"2025-03-07T06:41:38","slug":"mebden-yapay-zeka-hamlesi","status":"publish","type":"post","link":"http:\/\/denizcankizil.tr\/uk\/haberler\/gundem\/mebden-yapay-zeka-hamlesi\/","title":{"rendered":"MEB&#8217;den &#8216;yapay zek\u00e2&#8217; hamlesi"},"content":{"rendered":"<p>Mill\u00ee E\u011fitim Bakanl\u0131\u011f\u0131 e\u011fitimde dijital d\u00f6n\u00fc\u015f\u00fcm hamlesini daha ileriye ta\u015f\u0131mak amac\u0131yla yeni \u00e7al\u0131\u015fmaya imza att\u0131. E\u011fitim alan\u0131ndaki dijitalle\u015fme ve veriye dayal\u0131 karar alma s\u00fcre\u00e7lerini g\u00fc\u00e7lendirmek amac\u0131yla Yenilik ve E\u011fitim Teknolojileri (YE\u011e\u0130TEK) Genel M\u00fcd\u00fcrl\u00fc\u011f\u00fc b\u00fcnyesinde &#8220;Yapay Zek\u00e2 ve B\u00fcy\u00fck Veri Uygulamalar\u0131 Daire Ba\u015fkanl\u0131\u011f\u0131&#8221; kuruldu.ANKARA (\u0130GFA) &#8211; Milli E\u011fitim Bakanl\u0131\u011f\u0131 b\u00fcnyesindeki yeni birim, yapay zek\u00e2 uygulamalar\u0131n\u0131n e\u011fitimdeki kullan\u0131m alanlar\u0131n\u0131 belirleyerek stratejiler geli\u015ftirecek ve yapay zek\u00e2 okuryazarl\u0131\u011f\u0131n\u0131 art\u0131racak e\u011fitim programlar\u0131 ile materyaller haz\u0131rlayacak.\u00a0<br \/>\nBakanl\u0131\u011f\u0131n resmi internet sitesinde yer alan habere g\u00f6re YE\u011e\u0130TEK b\u00fcnyesinde yeni kurulan Yapay Zek\u00e2 ve B\u00fcy\u00fck Veri Uygulamalar\u0131 Daire Ba\u015fkanl\u0131\u011f\u0131, e\u011fitim alan\u0131ndaki dijitalle\u015fme ve veriye dayal\u0131 karar alma s\u00fcre\u00e7lerini g\u00fc\u00e7lendirmeyi hedefliyor.<br \/>\nYAPAY ZEK\u00c2 VE B\u00dcY\u00dcK VER\u0130 \u0130LE E\u011e\u0130T\u0130MDE D\u0130J\u0130TAL D\u00d6N\u00dc\u015e\u00dcM<br \/>\nYapay Zek\u00e2 ve B\u00fcy\u00fck Veri Uygulamalar\u0131 Daire Ba\u015fkanl\u0131\u011f\u0131, yapay zek\u00e2 uygulamalar\u0131n\u0131n geli\u015ftirilmesi, uygulanmas\u0131 ve de\u011ferlendirilmesi s\u00fcre\u00e7lerini y\u00f6netecek.<br \/>\nAyn\u0131 zamanda e\u011fitimde yapay zek\u00e2 kullan\u0131m\u0131na y\u00f6nelik etik standartlar\u0131n belirlenmesi i\u00e7in \u00e7al\u0131\u015fmalar y\u00fcr\u00fctecek.\u00a0 Bunun yan\u0131 s\u0131ra, bilgi teknolojileri alan\u0131nda ulusal ve uluslararas\u0131 projelere de \u00f6nc\u00fcl\u00fck edecek olan Ba\u015fkanl\u0131k, yapay zek\u00e2n\u0131n e\u011fitimde g\u00fcvenli ve etkin kullan\u0131m\u0131n\u0131 da te\u015fvik edecek.<br \/>\nBa\u015fkanl\u0131k ayr\u0131ca \u00f6\u011fretmenlik mesle\u011fine katk\u0131 sunacak uygulamalar geli\u015ftirilecek, farkl\u0131 veri t\u00fcrlerinin ortak formata d\u00f6n\u00fc\u015ft\u00fcr\u00fclmesi ve veri s\u00f6zl\u00fc\u011f\u00fc olu\u015fturulmas\u0131 sa\u011flanacak. Bunun yan\u0131 s\u0131ra bilgi y\u00f6netim sistemlerinde kullan\u0131lacak makine \u00f6\u011frenmesi uygulamalar\u0131 da hayata ge\u00e7irilecek.<br \/>\n\u00d6\u011fretmen, \u00f6\u011frenci ve velilerin yapay zek\u00e2 destekli sistemleri g\u00fcvenli bir \u015fekilde kullanabilmesini sa\u011flamak amac\u0131yla ara\u015ft\u0131rma ve geli\u015ftirme \u00e7al\u0131\u015fmalar\u0131 yap\u0131lacak.<br \/>\nAyr\u0131ca, e\u011fitimde yapay zek\u00e2 kullan\u0131m\u0131n\u0131 g\u00fcvenli hale getirmek i\u00e7in \u00e7al\u0131\u015fmalar y\u00fcr\u00fct\u00fcl\u00fcrken veri g\u00fcvenli\u011fi ve gizlili\u011fi konusunda d\u00fczenlemeler yap\u0131lacak. Verilerin do\u011frulu\u011fu ve b\u00fct\u00fcnl\u00fc\u011f\u00fc sa\u011flanarak e\u011fitim s\u00fcre\u00e7lerine entegre edilen veri analiz mod\u00fclleri iyile\u015ftirilecek ve Bakanl\u0131k birimlerinin ihtiya\u00e7lar\u0131 kar\u015f\u0131lanacak.<br \/>\nMill\u00ee E\u011fitim Bakanl\u0131\u011f\u0131, kaliteyi art\u0131racak &#8220;yapay zek\u00e2 ve b\u00fcy\u00fck veri&#8221; hamlesiyle dijital d\u00f6n\u00fc\u015f\u00fcm\u00fc destekleyerek gelece\u011fin \u00f6\u011frenme deneyimini \u015fekillendirecek.<\/p>\n<p>\u200bMill\u00ee E\u011fitim Bakanl\u0131\u011f\u0131 e\u011fitimde dijital d\u00f6n\u00fc\u015f\u00fcm hamlesini daha ileriye ta\u015f\u0131mak amac\u0131yla yeni \u00e7al\u0131\u015fmaya imza att\u0131. E\u011fitim alan\u0131ndaki dijitalle\u015fme ve veriye dayal\u0131 karar alma s\u00fcre\u00e7lerini g\u00fc\u00e7lendirmek amac\u0131yla Yenilik ve E\u011fitim Teknolojileri (YE\u011e\u0130TEK) Genel M\u00fcd\u00fcrl\u00fc\u011f\u00fc b\u00fcnyesinde &#8220;Yapay Zek\u00e2 ve B\u00fcy\u00fck Veri Uygulamalar\u0131 Daire Ba\u015fkanl\u0131\u011f\u0131&#8221; kuruldu.ANKARA (\u0130GFA) &#8211; Milli E\u011fitim Bakanl\u0131\u011f\u0131 b\u00fcnyesindeki yeni birim, yapay zek\u00e2 uygulamalar\u0131n\u0131n e\u011fitimdeki kullan\u0131m alanlar\u0131n\u0131 belirleyerek stratejiler geli\u015ftirecek ve yapay zek\u00e2 okuryazarl\u0131\u011f\u0131n\u0131 art\u0131racak e\u011fitim programlar\u0131 ile materyaller haz\u0131rlayacak.\u00a0<br \/>\nBakanl\u0131\u011f\u0131n resmi internet sitesinde yer alan habere g\u00f6re YE\u011e\u0130TEK b\u00fcnyesinde yeni kurulan Yapay Zek\u00e2 ve B\u00fcy\u00fck Veri Uygulamalar\u0131 Daire Ba\u015fkanl\u0131\u011f\u0131, e\u011fitim alan\u0131ndaki dijitalle\u015fme ve veriye dayal\u0131 karar alma s\u00fcre\u00e7lerini g\u00fc\u00e7lendirmeyi hedefliyor.<br \/>\nYAPAY ZEK\u00c2 VE B\u00dcY\u00dcK VER\u0130 \u0130LE E\u011e\u0130T\u0130MDE D\u0130J\u0130TAL D\u00d6N\u00dc\u015e\u00dcM<br \/>\nYapay Zek\u00e2 ve B\u00fcy\u00fck Veri Uygulamalar\u0131 Daire Ba\u015fkanl\u0131\u011f\u0131, yapay zek\u00e2 uygulamalar\u0131n\u0131n geli\u015ftirilmesi, uygulanmas\u0131 ve de\u011ferlendirilmesi s\u00fcre\u00e7lerini y\u00f6netecek.<br \/>\nAyn\u0131 zamanda e\u011fitimde yapay zek\u00e2 kullan\u0131m\u0131na y\u00f6nelik etik standartlar\u0131n belirlenmesi i\u00e7in \u00e7al\u0131\u015fmalar y\u00fcr\u00fctecek.\u00a0 Bunun yan\u0131 s\u0131ra, bilgi teknolojileri alan\u0131nda ulusal ve uluslararas\u0131 projelere de \u00f6nc\u00fcl\u00fck edecek olan Ba\u015fkanl\u0131k, yapay zek\u00e2n\u0131n e\u011fitimde g\u00fcvenli ve etkin kullan\u0131m\u0131n\u0131 da te\u015fvik edecek.<br \/>\nBa\u015fkanl\u0131k ayr\u0131ca \u00f6\u011fretmenlik mesle\u011fine katk\u0131 sunacak uygulamalar geli\u015ftirilecek, farkl\u0131 veri t\u00fcrlerinin ortak formata d\u00f6n\u00fc\u015ft\u00fcr\u00fclmesi ve veri s\u00f6zl\u00fc\u011f\u00fc olu\u015fturulmas\u0131 sa\u011flanacak. Bunun yan\u0131 s\u0131ra bilgi y\u00f6netim sistemlerinde kullan\u0131lacak makine \u00f6\u011frenmesi uygulamalar\u0131 da hayata ge\u00e7irilecek.<br \/>\n\u00d6\u011fretmen, \u00f6\u011frenci ve velilerin yapay zek\u00e2 destekli sistemleri g\u00fcvenli bir \u015fekilde kullanabilmesini sa\u011flamak amac\u0131yla ara\u015ft\u0131rma ve geli\u015ftirme \u00e7al\u0131\u015fmalar\u0131 yap\u0131lacak.<br \/>\nAyr\u0131ca, e\u011fitimde yapay zek\u00e2 kullan\u0131m\u0131n\u0131 g\u00fcvenli hale getirmek i\u00e7in \u00e7al\u0131\u015fmalar y\u00fcr\u00fct\u00fcl\u00fcrken veri g\u00fcvenli\u011fi ve gizlili\u011fi konusunda d\u00fczenlemeler yap\u0131lacak. Verilerin do\u011frulu\u011fu ve b\u00fct\u00fcnl\u00fc\u011f\u00fc sa\u011flanarak e\u011fitim s\u00fcre\u00e7lerine entegre edilen veri analiz mod\u00fclleri iyile\u015ftirilecek ve Bakanl\u0131k birimlerinin ihtiya\u00e7lar\u0131 kar\u015f\u0131lanacak.<br \/>\nMill\u00ee E\u011fitim Bakanl\u0131\u011f\u0131, kaliteyi art\u0131racak &#8220;yapay zek\u00e2 ve b\u00fcy\u00fck veri&#8221; hamlesiyle dijital d\u00f6n\u00fc\u015f\u00fcm\u00fc destekleyerek gelece\u011fin \u00f6\u011frenme deneyimini \u015fekillendirecek.\u00a0<\/p>\n<p>\u200bHaberin Al\u0131nt\u0131land\u0131\u011f\u0131 Kaynak: www.iskenderun.org<\/p>","protected":false},"excerpt":{"rendered":"<p>Mill\u00ee E\u011fitim Bakanl\u0131\u011f\u0131 e\u011fitimde dijital d\u00f6n\u00fc\u015f\u00fcm hamlesini daha ileriye ta\u015f\u0131mak amac\u0131yla yeni \u00e7al\u0131\u015fmaya imza att\u0131. E\u011fitim alan\u0131ndaki dijitalle\u015fme ve veriye dayal\u0131 karar alma s\u00fcre\u00e7lerini g\u00fc\u00e7lendirmek amac\u0131yla Yenilik ve E\u011fitim Teknolojileri (YE\u011e\u0130TEK) Genel M\u00fcd\u00fcrl\u00fc\u011f\u00fc b\u00fcnyesinde &#8220;Yapay Zek\u00e2 ve B\u00fcy\u00fck Veri Uygulamalar\u0131 Daire Ba\u015fkanl\u0131\u011f\u0131&#8221; kuruldu.ANKARA (\u0130GFA) &#8211; Milli E\u011fitim Bakanl\u0131\u011f\u0131 b\u00fcnyesindeki yeni birim, yapay zek\u00e2 uygulamalar\u0131n\u0131n e\u011fitimdeki kullan\u0131m alanlar\u0131n\u0131 belirleyerek stratejiler geli\u015ftirecek ve yapay zek\u00e2 okuryazarl\u0131\u011f\u0131n\u0131 art\u0131racak e\u011fitim programlar\u0131 ile materyaller haz\u0131rlayacak.\u00a0 Bakanl\u0131\u011f\u0131n resmi internet sitesinde yer alan habere g\u00f6re YE\u011e\u0130TEK b\u00fcnyesinde yeni kurulan Yapay Zek\u00e2 ve B\u00fcy\u00fck Veri Uygulamalar\u0131 Daire Ba\u015fkanl\u0131\u011f\u0131, e\u011fitim alan\u0131ndaki dijitalle\u015fme ve veriye dayal\u0131 karar alma s\u00fcre\u00e7lerini g\u00fc\u00e7lendirmeyi hedefliyor. YAPAY ZEK\u00c2 VE B\u00dcY\u00dcK VER\u0130 \u0130LE E\u011e\u0130T\u0130MDE D\u0130J\u0130TAL D\u00d6N\u00dc\u015e\u00dcM Yapay Zek\u00e2 ve B\u00fcy\u00fck Veri Uygulamalar\u0131 Daire Ba\u015fkanl\u0131\u011f\u0131, yapay zek\u00e2 uygulamalar\u0131n\u0131n geli\u015ftirilmesi, uygulanmas\u0131 ve de\u011ferlendirilmesi s\u00fcre\u00e7lerini y\u00f6netecek. Ayn\u0131 zamanda e\u011fitimde yapay zek\u00e2 kullan\u0131m\u0131na y\u00f6nelik etik standartlar\u0131n belirlenmesi i\u00e7in \u00e7al\u0131\u015fmalar y\u00fcr\u00fctecek.\u00a0 Bunun yan\u0131 s\u0131ra, bilgi teknolojileri alan\u0131nda ulusal ve uluslararas\u0131 projelere de \u00f6nc\u00fcl\u00fck edecek olan Ba\u015fkanl\u0131k, yapay zek\u00e2n\u0131n e\u011fitimde g\u00fcvenli ve etkin kullan\u0131m\u0131n\u0131 da te\u015fvik edecek. Ba\u015fkanl\u0131k ayr\u0131ca \u00f6\u011fretmenlik mesle\u011fine katk\u0131 sunacak uygulamalar geli\u015ftirilecek, farkl\u0131 veri t\u00fcrlerinin ortak formata d\u00f6n\u00fc\u015ft\u00fcr\u00fclmesi ve veri s\u00f6zl\u00fc\u011f\u00fc olu\u015fturulmas\u0131 sa\u011flanacak. Bunun yan\u0131 s\u0131ra bilgi y\u00f6netim sistemlerinde kullan\u0131lacak makine \u00f6\u011frenmesi uygulamalar\u0131 da hayata ge\u00e7irilecek. \u00d6\u011fretmen, \u00f6\u011frenci ve &hellip;<\/p>","protected":false},"author":1,"featured_media":0,"comment_status":"open","ping_status":"open","sticky":false,"template":"","format":"standard","meta":{"_acf_changed":false,"footnotes":""},"categories":[24],"tags":[],"class_list":["post-34957","post","type-post","status-publish","format-standard","has-post-thumbnail","hentry","category-gundem"],"acf":[],"yoast_head":"<!-- This site is optimized with the Yoast SEO Premium plugin v26.6 (Yoast SEO v27.1.1) - https:\/\/yoast.com\/product\/yoast-seo-premium-wordpress\/ -->\n<title>MEB&#039;den &#039;yapay zek\u00e2&#039; hamlesi - Av. Deniz Can K\u0131z\u0131l<\/title>\n<meta name=\"robots\" content=\"index, follow, max-snippet:-1, max-image-preview:large, max-video-preview:-1\" \/>\n<link rel=\"canonical\" href=\"http:\/\/denizcankizil.tr\/uk\/haberler\/gundem\/mebden-yapay-zeka-hamlesi\/\" \/>\n<meta property=\"og:locale\" content=\"uk_UA\" \/>\n<meta property=\"og:type\" content=\"article\" \/>\n<meta property=\"og:title\" content=\"MEB&#039;den &#039;yapay zek\u00e2&#039; hamlesi\" \/>\n<meta property=\"og:description\" content=\"Mill\u00ee E\u011fitim Bakanl\u0131\u011f\u0131 e\u011fitimde dijital d\u00f6n\u00fc\u015f\u00fcm hamlesini daha ileriye ta\u015f\u0131mak amac\u0131yla yeni \u00e7al\u0131\u015fmaya imza att\u0131. E\u011fitim alan\u0131ndaki dijitalle\u015fme ve veriye dayal\u0131 karar alma s\u00fcre\u00e7lerini g\u00fc\u00e7lendirmek amac\u0131yla Yenilik ve E\u011fitim Teknolojileri (YE\u011e\u0130TEK) Genel M\u00fcd\u00fcrl\u00fc\u011f\u00fc b\u00fcnyesinde &#8220;Yapay Zek\u00e2 ve B\u00fcy\u00fck Veri Uygulamalar\u0131 Daire Ba\u015fkanl\u0131\u011f\u0131&#8221; kuruldu.ANKARA (\u0130GFA) &#8211; Milli E\u011fitim Bakanl\u0131\u011f\u0131 b\u00fcnyesindeki yeni birim, yapay zek\u00e2 uygulamalar\u0131n\u0131n e\u011fitimdeki kullan\u0131m alanlar\u0131n\u0131 belirleyerek stratejiler geli\u015ftirecek ve yapay zek\u00e2 okuryazarl\u0131\u011f\u0131n\u0131 art\u0131racak e\u011fitim programlar\u0131 ile materyaller haz\u0131rlayacak.\u00a0 Bakanl\u0131\u011f\u0131n resmi internet sitesinde yer alan habere g\u00f6re YE\u011e\u0130TEK b\u00fcnyesinde yeni kurulan Yapay Zek\u00e2 ve B\u00fcy\u00fck Veri Uygulamalar\u0131 Daire Ba\u015fkanl\u0131\u011f\u0131, e\u011fitim alan\u0131ndaki dijitalle\u015fme ve veriye dayal\u0131 karar alma s\u00fcre\u00e7lerini g\u00fc\u00e7lendirmeyi hedefliyor. YAPAY ZEK\u00c2 VE B\u00dcY\u00dcK VER\u0130 \u0130LE E\u011e\u0130T\u0130MDE D\u0130J\u0130TAL D\u00d6N\u00dc\u015e\u00dcM Yapay Zek\u00e2 ve B\u00fcy\u00fck Veri Uygulamalar\u0131 Daire Ba\u015fkanl\u0131\u011f\u0131, yapay zek\u00e2 uygulamalar\u0131n\u0131n geli\u015ftirilmesi, uygulanmas\u0131 ve de\u011ferlendirilmesi s\u00fcre\u00e7lerini y\u00f6netecek. Ayn\u0131 zamanda e\u011fitimde yapay zek\u00e2 kullan\u0131m\u0131na y\u00f6nelik etik standartlar\u0131n belirlenmesi i\u00e7in \u00e7al\u0131\u015fmalar y\u00fcr\u00fctecek.\u00a0 Bunun yan\u0131 s\u0131ra, bilgi teknolojileri alan\u0131nda ulusal ve uluslararas\u0131 projelere de \u00f6nc\u00fcl\u00fck edecek olan Ba\u015fkanl\u0131k, yapay zek\u00e2n\u0131n e\u011fitimde g\u00fcvenli ve etkin kullan\u0131m\u0131n\u0131 da te\u015fvik edecek. Ba\u015fkanl\u0131k ayr\u0131ca \u00f6\u011fretmenlik mesle\u011fine katk\u0131 sunacak uygulamalar geli\u015ftirilecek, farkl\u0131 veri t\u00fcrlerinin ortak formata d\u00f6n\u00fc\u015ft\u00fcr\u00fclmesi ve veri s\u00f6zl\u00fc\u011f\u00fc olu\u015fturulmas\u0131 sa\u011flanacak. Bunun yan\u0131 s\u0131ra bilgi y\u00f6netim sistemlerinde kullan\u0131lacak makine \u00f6\u011frenmesi uygulamalar\u0131 da hayata ge\u00e7irilecek. \u00d6\u011fretmen, \u00f6\u011frenci ve &hellip;\" \/>\n<meta property=\"og:url\" content=\"http:\/\/denizcankizil.tr\/uk\/haberler\/gundem\/mebden-yapay-zeka-hamlesi\/\" \/>\n<meta property=\"og:site_name\" content=\"Av. Deniz Can K\u0131z\u0131l\" \/>\n<meta property=\"article:published_time\" content=\"2025-03-07T06:41:38+00:00\" \/>\n<meta name=\"author\" content=\"admin\" \/>\n<meta name=\"twitter:card\" content=\"summary_large_image\" \/>\n<meta name=\"twitter:label1\" content=\"\u041d\u0430\u043f\u0438\u0441\u0430\u043d\u043e\" \/>\n\t<meta name=\"twitter:data1\" content=\"admin\" \/>\n\t<meta name=\"twitter:label2\" content=\"\u041f\u0440\u0438\u0431\u043b. \u0447\u0430\u0441 \u0447\u0438\u0442\u0430\u043d\u043d\u044f\" \/>\n\t<meta name=\"twitter:data2\" content=\"4 \u0445\u0432\u0438\u043b\u0438\u043d\u0438\" \/>\n<script type=\"application\/ld+json\" class=\"yoast-schema-graph\">{\"@context\":\"https:\/\/schema.org\",\"@graph\":[{\"@type\":\"Article\",\"@id\":\"http:\/\/denizcankizil.tr\/uk\/haberler\/gundem\/mebden-yapay-zeka-hamlesi\/#article\",\"isPartOf\":{\"@id\":\"http:\/\/denizcankizil.tr\/uk\/haberler\/gundem\/mebden-yapay-zeka-hamlesi\/\"},\"author\":{\"name\":\"admin\",\"@id\":\"https:\/\/denizcankizil.tr\/#\/schema\/person\/be3c05fe6a12686905512445d8185489\"},\"headline\":\"MEB&#8217;den &#8216;yapay zek\u00e2&#8217; hamlesi\",\"datePublished\":\"2025-03-07T06:41:38+00:00\",\"mainEntityOfPage\":{\"@id\":\"http:\/\/denizcankizil.tr\/uk\/haberler\/gundem\/mebden-yapay-zeka-hamlesi\/\"},\"wordCount\":851,\"commentCount\":0,\"publisher\":{\"@id\":\"https:\/\/denizcankizil.tr\/#organization\"},\"articleSection\":[\"G\u00fcndem\"],\"inLanguage\":\"uk\",\"potentialAction\":[{\"@type\":\"CommentAction\",\"name\":\"Comment\",\"target\":[\"http:\/\/denizcankizil.tr\/uk\/haberler\/gundem\/mebden-yapay-zeka-hamlesi\/#respond\"]}]},{\"@type\":\"WebPage\",\"@id\":\"http:\/\/denizcankizil.tr\/uk\/haberler\/gundem\/mebden-yapay-zeka-hamlesi\/\",\"url\":\"http:\/\/denizcankizil.tr\/uk\/haberler\/gundem\/mebden-yapay-zeka-hamlesi\/\",\"name\":\"MEB'den 'yapay zek\u00e2' hamlesi - Av. Deniz Can K\u0131z\u0131l\",\"isPartOf\":{\"@id\":\"https:\/\/denizcankizil.tr\/#website\"},\"datePublished\":\"2025-03-07T06:41:38+00:00\",\"breadcrumb\":{\"@id\":\"http:\/\/denizcankizil.tr\/uk\/haberler\/gundem\/mebden-yapay-zeka-hamlesi\/#breadcrumb\"},\"inLanguage\":\"uk\",\"potentialAction\":[{\"@type\":\"ReadAction\",\"target\":[\"http:\/\/denizcankizil.tr\/uk\/haberler\/gundem\/mebden-yapay-zeka-hamlesi\/\"]}]},{\"@type\":\"BreadcrumbList\",\"@id\":\"http:\/\/denizcankizil.tr\/uk\/haberler\/gundem\/mebden-yapay-zeka-hamlesi\/#breadcrumb\",\"itemListElement\":[{\"@type\":\"ListItem\",\"position\":1,\"name\":\"Home\",\"item\":\"https:\/\/denizcankizil.tr\/de\/\"},{\"@type\":\"ListItem\",\"position\":2,\"name\":\"MEB&#8217;den &#8216;yapay zek\u00e2&#8217; hamlesi\"}]},{\"@type\":\"WebSite\",\"@id\":\"https:\/\/denizcankizil.tr\/#website\",\"url\":\"https:\/\/denizcankizil.tr\/\",\"name\":\"Av. Deniz Can K\u0131z\u0131l\",\"description\":\"Avukat Deniz Can K\u0131z\u0131l Antalya Barosu\",\"publisher\":{\"@id\":\"https:\/\/denizcankizil.tr\/#organization\"},\"potentialAction\":[{\"@type\":\"SearchAction\",\"target\":{\"@type\":\"EntryPoint\",\"urlTemplate\":\"https:\/\/denizcankizil.tr\/?s={search_term_string}\"},\"query-input\":{\"@type\":\"PropertyValueSpecification\",\"valueRequired\":true,\"valueName\":\"search_term_string\"}}],\"inLanguage\":\"uk\"},{\"@type\":\"Organization\",\"@id\":\"https:\/\/denizcankizil.tr\/#organization\",\"name\":\"Av. Deniz Can K\u0131z\u0131l\",\"url\":\"https:\/\/denizcankizil.tr\/\",\"logo\":{\"@type\":\"ImageObject\",\"inLanguage\":\"uk\",\"@id\":\"https:\/\/denizcankizil.tr\/#\/schema\/logo\/image\/\",\"url\":\"http:\/\/denizcankizil.tr\/wp-content\/uploads\/2024\/10\/siyah-logo-svg.svg\",\"contentUrl\":\"http:\/\/denizcankizil.tr\/wp-content\/uploads\/2024\/10\/siyah-logo-svg.svg\",\"width\":1080,\"height\":1080,\"caption\":\"Av. Deniz Can K\u0131z\u0131l\"},\"image\":{\"@id\":\"https:\/\/denizcankizil.tr\/#\/schema\/logo\/image\/\"}},{\"@type\":\"Person\",\"@id\":\"https:\/\/denizcankizil.tr\/#\/schema\/person\/be3c05fe6a12686905512445d8185489\",\"name\":\"admin\",\"image\":{\"@type\":\"ImageObject\",\"inLanguage\":\"uk\",\"@id\":\"https:\/\/denizcankizil.tr\/#\/schema\/person\/image\/\",\"url\":\"https:\/\/secure.gravatar.com\/avatar\/c1fce94c830dc79107e174f890d7210541c4a63e8e5d816341794a2151c9d58c?s=96&d=mm&r=g\",\"contentUrl\":\"https:\/\/secure.gravatar.com\/avatar\/c1fce94c830dc79107e174f890d7210541c4a63e8e5d816341794a2151c9d58c?s=96&d=mm&r=g\",\"caption\":\"admin\"},\"sameAs\":[\"http:\/\/denizcankizil.tr\"],\"url\":\"https:\/\/www.iskenderun.org\/mebden-yapay-zeka-hamlesi\"}]}<\/script>\n<!-- \/ Yoast SEO Premium plugin. -->","yoast_head_json":{"title":"MEB'den 'yapay zek\u00e2' hamlesi - Av. Deniz Can K\u0131z\u0131l","robots":{"index":"index","follow":"follow","max-snippet":"max-snippet:-1","max-image-preview":"max-image-preview:large","max-video-preview":"max-video-preview:-1"},"canonical":"http:\/\/denizcankizil.tr\/uk\/haberler\/gundem\/mebden-yapay-zeka-hamlesi\/","og_locale":"uk_UA","og_type":"article","og_title":"MEB'den 'yapay zek\u00e2' hamlesi","og_description":"Mill\u00ee E\u011fitim Bakanl\u0131\u011f\u0131 e\u011fitimde dijital d\u00f6n\u00fc\u015f\u00fcm hamlesini daha ileriye ta\u015f\u0131mak amac\u0131yla yeni \u00e7al\u0131\u015fmaya imza att\u0131. E\u011fitim alan\u0131ndaki dijitalle\u015fme ve veriye dayal\u0131 karar alma s\u00fcre\u00e7lerini g\u00fc\u00e7lendirmek amac\u0131yla Yenilik ve E\u011fitim Teknolojileri (YE\u011e\u0130TEK) Genel M\u00fcd\u00fcrl\u00fc\u011f\u00fc b\u00fcnyesinde &#8220;Yapay Zek\u00e2 ve B\u00fcy\u00fck Veri Uygulamalar\u0131 Daire Ba\u015fkanl\u0131\u011f\u0131&#8221; kuruldu.ANKARA (\u0130GFA) &#8211; Milli E\u011fitim Bakanl\u0131\u011f\u0131 b\u00fcnyesindeki yeni birim, yapay zek\u00e2 uygulamalar\u0131n\u0131n e\u011fitimdeki kullan\u0131m alanlar\u0131n\u0131 belirleyerek stratejiler geli\u015ftirecek ve yapay zek\u00e2 okuryazarl\u0131\u011f\u0131n\u0131 art\u0131racak e\u011fitim programlar\u0131 ile materyaller haz\u0131rlayacak.\u00a0 Bakanl\u0131\u011f\u0131n resmi internet sitesinde yer alan habere g\u00f6re YE\u011e\u0130TEK b\u00fcnyesinde yeni kurulan Yapay Zek\u00e2 ve B\u00fcy\u00fck Veri Uygulamalar\u0131 Daire Ba\u015fkanl\u0131\u011f\u0131, e\u011fitim alan\u0131ndaki dijitalle\u015fme ve veriye dayal\u0131 karar alma s\u00fcre\u00e7lerini g\u00fc\u00e7lendirmeyi hedefliyor. YAPAY ZEK\u00c2 VE B\u00dcY\u00dcK VER\u0130 \u0130LE E\u011e\u0130T\u0130MDE D\u0130J\u0130TAL D\u00d6N\u00dc\u015e\u00dcM Yapay Zek\u00e2 ve B\u00fcy\u00fck Veri Uygulamalar\u0131 Daire Ba\u015fkanl\u0131\u011f\u0131, yapay zek\u00e2 uygulamalar\u0131n\u0131n geli\u015ftirilmesi, uygulanmas\u0131 ve de\u011ferlendirilmesi s\u00fcre\u00e7lerini y\u00f6netecek. Ayn\u0131 zamanda e\u011fitimde yapay zek\u00e2 kullan\u0131m\u0131na y\u00f6nelik etik standartlar\u0131n belirlenmesi i\u00e7in \u00e7al\u0131\u015fmalar y\u00fcr\u00fctecek.\u00a0 Bunun yan\u0131 s\u0131ra, bilgi teknolojileri alan\u0131nda ulusal ve uluslararas\u0131 projelere de \u00f6nc\u00fcl\u00fck edecek olan Ba\u015fkanl\u0131k, yapay zek\u00e2n\u0131n e\u011fitimde g\u00fcvenli ve etkin kullan\u0131m\u0131n\u0131 da te\u015fvik edecek. Ba\u015fkanl\u0131k ayr\u0131ca \u00f6\u011fretmenlik mesle\u011fine katk\u0131 sunacak uygulamalar geli\u015ftirilecek, farkl\u0131 veri t\u00fcrlerinin ortak formata d\u00f6n\u00fc\u015ft\u00fcr\u00fclmesi ve veri s\u00f6zl\u00fc\u011f\u00fc olu\u015fturulmas\u0131 sa\u011flanacak. Bunun yan\u0131 s\u0131ra bilgi y\u00f6netim sistemlerinde kullan\u0131lacak makine \u00f6\u011frenmesi uygulamalar\u0131 da hayata ge\u00e7irilecek. \u00d6\u011fretmen, \u00f6\u011frenci ve &hellip;","og_url":"http:\/\/denizcankizil.tr\/uk\/haberler\/gundem\/mebden-yapay-zeka-hamlesi\/","og_site_name":"Av. Deniz Can K\u0131z\u0131l","article_published_time":"2025-03-07T06:41:38+00:00","author":"admin","twitter_card":"summary_large_image","twitter_misc":{"\u041d\u0430\u043f\u0438\u0441\u0430\u043d\u043e":"admin","\u041f\u0440\u0438\u0431\u043b. \u0447\u0430\u0441 \u0447\u0438\u0442\u0430\u043d\u043d\u044f":"4 \u0445\u0432\u0438\u043b\u0438\u043d\u0438"},"schema":{"@context":"https:\/\/schema.org","@graph":[{"@type":"Article","@id":"http:\/\/denizcankizil.tr\/uk\/haberler\/gundem\/mebden-yapay-zeka-hamlesi\/#article","isPartOf":{"@id":"http:\/\/denizcankizil.tr\/uk\/haberler\/gundem\/mebden-yapay-zeka-hamlesi\/"},"author":{"name":"admin","@id":"https:\/\/denizcankizil.tr\/#\/schema\/person\/be3c05fe6a12686905512445d8185489"},"headline":"MEB&#8217;den &#8216;yapay zek\u00e2&#8217; hamlesi","datePublished":"2025-03-07T06:41:38+00:00","mainEntityOfPage":{"@id":"http:\/\/denizcankizil.tr\/uk\/haberler\/gundem\/mebden-yapay-zeka-hamlesi\/"},"wordCount":851,"commentCount":0,"publisher":{"@id":"https:\/\/denizcankizil.tr\/#organization"},"articleSection":["G\u00fcndem"],"inLanguage":"uk","potentialAction":[{"@type":"CommentAction","name":"Comment","target":["http:\/\/denizcankizil.tr\/uk\/haberler\/gundem\/mebden-yapay-zeka-hamlesi\/#respond"]}]},{"@type":"WebPage","@id":"http:\/\/denizcankizil.tr\/uk\/haberler\/gundem\/mebden-yapay-zeka-hamlesi\/","url":"http:\/\/denizcankizil.tr\/uk\/haberler\/gundem\/mebden-yapay-zeka-hamlesi\/","name":"MEB'den 'yapay zek\u00e2' hamlesi - Av. Deniz Can K\u0131z\u0131l","isPartOf":{"@id":"https:\/\/denizcankizil.tr\/#website"},"datePublished":"2025-03-07T06:41:38+00:00","breadcrumb":{"@id":"http:\/\/denizcankizil.tr\/uk\/haberler\/gundem\/mebden-yapay-zeka-hamlesi\/#breadcrumb"},"inLanguage":"uk","potentialAction":[{"@type":"ReadAction","target":["http:\/\/denizcankizil.tr\/uk\/haberler\/gundem\/mebden-yapay-zeka-hamlesi\/"]}]},{"@type":"BreadcrumbList","@id":"http:\/\/denizcankizil.tr\/uk\/haberler\/gundem\/mebden-yapay-zeka-hamlesi\/#breadcrumb","itemListElement":[{"@type":"ListItem","position":1,"name":"Home","item":"https:\/\/denizcankizil.tr\/de\/"},{"@type":"ListItem","position":2,"name":"MEB&#8217;den &#8216;yapay zek\u00e2&#8217; hamlesi"}]},{"@type":"WebSite","@id":"https:\/\/denizcankizil.tr\/#website","url":"https:\/\/denizcankizil.tr\/","name":"Av. Deniz Can K\u0131z\u0131l","description":"Avukat Deniz Can K\u0131z\u0131l Antalya Barosu","publisher":{"@id":"https:\/\/denizcankizil.tr\/#organization"},"potentialAction":[{"@type":"SearchAction","target":{"@type":"EntryPoint","urlTemplate":"https:\/\/denizcankizil.tr\/?s={search_term_string}"},"query-input":{"@type":"PropertyValueSpecification","valueRequired":true,"valueName":"search_term_string"}}],"inLanguage":"uk"},{"@type":"Organization","@id":"https:\/\/denizcankizil.tr\/#organization","name":"Av. Deniz Can K\u0131z\u0131l","url":"https:\/\/denizcankizil.tr\/","logo":{"@type":"ImageObject","inLanguage":"uk","@id":"https:\/\/denizcankizil.tr\/#\/schema\/logo\/image\/","url":"http:\/\/denizcankizil.tr\/wp-content\/uploads\/2024\/10\/siyah-logo-svg.svg","contentUrl":"http:\/\/denizcankizil.tr\/wp-content\/uploads\/2024\/10\/siyah-logo-svg.svg","width":1080,"height":1080,"caption":"Av. Deniz Can K\u0131z\u0131l"},"image":{"@id":"https:\/\/denizcankizil.tr\/#\/schema\/logo\/image\/"}},{"@type":"Person","@id":"https:\/\/denizcankizil.tr\/#\/schema\/person\/be3c05fe6a12686905512445d8185489","name":"\u0430\u0434\u043c\u0456\u043d","image":{"@type":"ImageObject","inLanguage":"uk","@id":"https:\/\/denizcankizil.tr\/#\/schema\/person\/image\/","url":"https:\/\/secure.gravatar.com\/avatar\/c1fce94c830dc79107e174f890d7210541c4a63e8e5d816341794a2151c9d58c?s=96&d=mm&r=g","contentUrl":"https:\/\/secure.gravatar.com\/avatar\/c1fce94c830dc79107e174f890d7210541c4a63e8e5d816341794a2151c9d58c?s=96&d=mm&r=g","caption":"admin"},"sameAs":["http:\/\/denizcankizil.tr"],"url":"https:\/\/www.iskenderun.org\/mebden-yapay-zeka-hamlesi"}]}},"_links":{"self":[{"href":"http:\/\/denizcankizil.tr\/uk\/wp-json\/wp\/v2\/posts\/34957","targetHints":{"allow":["GET"]}}],"collection":[{"href":"http:\/\/denizcankizil.tr\/uk\/wp-json\/wp\/v2\/posts"}],"about":[{"href":"http:\/\/denizcankizil.tr\/uk\/wp-json\/wp\/v2\/types\/post"}],"author":[{"embeddable":true,"href":"http:\/\/denizcankizil.tr\/uk\/wp-json\/wp\/v2\/users\/1"}],"replies":[{"embeddable":true,"href":"http:\/\/denizcankizil.tr\/uk\/wp-json\/wp\/v2\/comments?post=34957"}],"version-history":[{"count":0,"href":"http:\/\/denizcankizil.tr\/uk\/wp-json\/wp\/v2\/posts\/34957\/revisions"}],"wp:attachment":[{"href":"http:\/\/denizcankizil.tr\/uk\/wp-json\/wp\/v2\/media?parent=34957"}],"wp:term":[{"taxonomy":"category","embeddable":true,"href":"http:\/\/denizcankizil.tr\/uk\/wp-json\/wp\/v2\/categories?post=34957"},{"taxonomy":"post_tag","embeddable":true,"href":"http:\/\/denizcankizil.tr\/uk\/wp-json\/wp\/v2\/tags?post=34957"}],"curies":[{"name":"wp","href":"https:\/\/api.w.org\/{rel}","templated":true}]}}