{"id":34815,"date":"2025-03-05T17:40:00","date_gmt":"2025-03-05T14:40:00","guid":{"rendered":"https:\/\/denizcankizil.tr\/uncategorized-tr\/avukatlik-burolarinda-is-sagligi-ve-guvenligi-yukumluluklerinde-degisiklige-gidildi\/"},"modified":"2025-03-05T17:40:00","modified_gmt":"2025-03-05T14:40:00","slug":"avukatlik-burolarinda-is-sagligi-ve-guvenligi-yukumluluklerinde-degisiklige-gidildi","status":"publish","type":"post","link":"http:\/\/denizcankizil.tr\/uk\/hukukihaber\/avukatlik-burolarinda-is-sagligi-ve-guvenligi-yukumluluklerinde-degisiklige-gidildi\/","title":{"rendered":"AVUKATLIK B\u00dcROLARINDA \u0130\u015e SA\u011eLI\u011eI VE G\u00dcVENL\u0130\u011e\u0130 Y\u00dcK\u00dcML\u00dcL\u00dcKLER\u0130NDE DE\u011e\u0130\u015e\u0130KL\u0130\u011eE G\u0130D\u0130LD\u0130"},"content":{"rendered":"<p>50&#8217;den az \u00e7al\u0131\u015fan\u0131 bulunan avukatl\u0131k b\u00fcrolar\u0131nda i\u015f sa\u011fl\u0131\u011f\u0131 ve g\u00fcvenli\u011fi hizmetleri i\u00e7in d\u0131\u015far\u0131dan hizmet almayan veya b\u00fcnyesinde uzman \u00e7al\u0131\u015ft\u0131rmayan avukatl\u0131k b\u00fcrolar\u0131nda, \u0130\u015f Sa\u011fl\u0131\u011f\u0131 ve G\u00fcvenli\u011fi Hizmetlerine \u0130li\u015fkin Y\u00f6netmelik\u2019te belirtilen e\u011fitimi tamamlayarak s\u0131navda ba\u015far\u0131l\u0131 olmalar\u0131 ko\u015fuluyla, i\u015f sa\u011fl\u0131\u011f\u0131 ve g\u00fcvenli\u011fi hizmetlerini kendileri veya i\u015fveren vekilleri arac\u0131l\u0131\u011f\u0131yla y\u00fcr\u00fctebilece\u011fine ve s\u0131nav ko\u015fulunu sa\u011flamak \u00fczere sertifika programlar\u0131na ili\u015fkin hususlar daha \u00f6nce duyurulmu\u015ftu.<\/p>\n<p>Resmi Gazete\u2019de yay\u0131mlanan Y\u00f6netmelik de\u011fi\u015fiklikleri uyar\u0131nca;<\/p>\n<p>&#8211; Az tehlikeli s\u0131n\u0131fta yer alan avukat b\u00fcrolar\u0131 i\u00e7in de zorunlu olan i\u015f sa\u011fl\u0131\u011f\u0131 ve g\u00fcvenli\u011fi e\u011fitimi sonras\u0131nda s\u0131navda ba\u015far\u0131l\u0131 olma \u015fart\u0131 kald\u0131r\u0131lm\u0131\u015f, e\u011fitimi tamamlama belgesi yeterli g\u00f6r\u00fclm\u00fc\u015ft\u00fcr. (Ek-1 md.2)<\/p>\n<p>&#8211; Y\u00f6netmelikte belirtilen e\u011fitimi tamamlayan avukatlar ve i\u015f yerinde hizmet akdi ile \u00e7al\u0131\u015fan i\u015fveren vekili ba\u011fl\u0131 \u00e7al\u0131\u015fan avukatlar, i\u015f sa\u011fl\u0131\u011f\u0131 ve g\u00fcvenli\u011fi mevzuat\u0131nda i\u015f g\u00fcvenli\u011fi uzman\u0131 veya i\u015fyeri hekimine verilen g\u00f6revleri, i\u015fe giri\u015f ve periyodik muayeneler ve tetkikler hari\u00e7 olmak \u00fczere, i\u015f g\u00fcvenli\u011fi uzman\u0131 veya i\u015f yeri hekimi g\u00f6revlendirme \u015fart\u0131 olmaks\u0131z\u0131n y\u00fcr\u00fctebileceklerdir. (Ek-1 md.2)<\/p>\n<p>&#8211; Az tehlikeli s\u0131n\u0131fta yer alan 10\u2019dan az \u00e7al\u0131\u015fan\u0131 bulunan i\u015fyerlerinde ilk defa ve tekrar verilecek temel e\u011fitimlerin uzaktan e\u011fitim y\u00f6ntemi kullan\u0131larak verilmesine imk\u00e2n sa\u011flanm\u0131\u015f; 10 ve \u00fczeri \u00e7al\u0131\u015fan\u0131 bulunan ve az tehlikeli s\u0131n\u0131fta yer alan \u00f6zel i\u015fyerlerinde ilk defa verilecek temel e\u011fitimler hari\u00e7 \u00e7al\u0131\u015fanlara tekrar verilecek temel e\u011fitimlerin belirli \u015fartlar\u0131 sa\u011flamas\u0131 halinde uzaktan e\u011fitim y\u00f6ntemi kullan\u0131larak verilebilece\u011fi d\u00fczenlenmi\u015ftir. (Ek-2 md.2)<\/p>\n<p>&#8211; S\u00f6z konusu e\u011fitimlerin kamu kurumu niteli\u011finde meslek kurulu\u015flar\u0131 taraf\u0131ndan Bakanl\u0131kla protokol yap\u0131lmak kayd\u0131 ile verilebilece\u011fi d\u00fczenlenmi\u015ftir. (Ek-1 md.5)<\/p>\n<p>&#8211; Ayr\u0131ca \u0130\u015f Sa\u011fl\u0131\u011f\u0131 ve G\u00fcvenli\u011fi Kanunu kapsam\u0131nda al\u0131nmas\u0131 gereken sa\u011fl\u0131k raporlar\u0131n\u0131n i\u015fyeri hekiminden al\u0131naca\u011f\u0131, 50\u2019den az \u00e7al\u0131\u015fan\u0131 bulunan ve az tehlikeli i\u015fyerleri i\u00e7in ise \u00e7al\u0131\u015fan sa\u011fl\u0131\u011f\u0131 merkezinden (\u00c7ASMER), aile hekimlerinden veya di\u011fer kamu sa\u011fl\u0131k hizmeti sunucular\u0131ndan da al\u0131nabilece\u011fi d\u00fczenlenmi\u015ftir. (Ek-1 md.4)<\/p>\n<p>&#8212;&#8212;&#8211;<\/p>\n<p>Ek-1\u00a0<\/p>\n<p>\u00c7al\u0131\u015fma ve Sosyal G\u00fcvenlik Bakanl\u0131\u011f\u0131ndan:<\/p>\n<p>\u0130\u015eYERLER\u0130NDE \u0130\u015eVEREN VEYA \u0130\u015eVEREN VEK\u0130L\u0130 TARAFINDAN Y\u00dcR\u00dcT\u00dcLECEK \u0130\u015e SA\u011eLI\u011eI VE G\u00dcVENL\u0130\u011e\u0130 H\u0130ZMETLER\u0130NE \u0130L\u0130\u015eK\u0130N Y\u00d6NETMEL\u0130KTE DE\u011e\u0130\u015e\u0130KL\u0130K YAPILMASINA DA\u0130R Y\u00d6NETMEL\u0130K<\/p>\n<p>MADDE 1-\u00a029\/6\/2015 tarihli ve 29401 say\u0131l\u0131 Resm\u00ee Gazete\u2019de yay\u0131mlanan \u0130\u015fyerlerinde \u0130\u015fveren veya \u0130\u015fveren Vekili Taraf\u0131ndan Y\u00fcr\u00fct\u00fclecek \u0130\u015f Sa\u011fl\u0131\u011f\u0131 ve G\u00fcvenli\u011fi Hizmetlerine \u0130li\u015fkin Y\u00f6netmeli\u011fin 3 \u00fcnc\u00fc maddesi a\u015fa\u011f\u0131daki \u015fekilde de\u011fi\u015ftirilmi\u015ftir.<\/p>\n<p>\u201cMADDE 3-\u00a0(1) Bu Y\u00f6netmelik; 20\/6\/2012 tarihli ve 6331 say\u0131l\u0131 \u0130\u015f Sa\u011fl\u0131\u011f\u0131 ve G\u00fcvenli\u011fi Kanununun 6 nc\u0131 ve 30 uncu maddeleri ile 1 say\u0131l\u0131 Cumhurba\u015fkanl\u0131\u011f\u0131 Te\u015fkilat\u0131 Hakk\u0131nda Cumhurba\u015fkanl\u0131\u011f\u0131 Kararnamesinin 86 nc\u0131, 90 \u0131nc\u0131 ve 508 inci maddelerine dayan\u0131larak haz\u0131rlanm\u0131\u015ft\u0131r.\u201d<\/p>\n<p>MADDE 2-\u00a0Ayn\u0131 Y\u00f6netmeli\u011fin 5 inci maddesinin birinci f\u0131kras\u0131nda yer alan \u201ctamamlayarak s\u0131navda ba\u015far\u0131l\u0131 olan\u201d ibaresi \u201ctamamlayan\u201d \u015feklinde de\u011fi\u015ftirilmi\u015f, ayn\u0131 f\u0131kraya \u201ctetkikler hari\u00e7 olmak \u00fczere\u201d ibaresinden sonra gelmek \u00fczere \u201ci\u015f g\u00fcvenli\u011fi uzman\u0131 veya i\u015fyeri hekimi g\u00f6revlendirme \u015fart\u0131 olmaks\u0131z\u0131n\u201d ibaresi eklenmi\u015f, ayn\u0131 maddenin be\u015finci f\u0131kras\u0131nda yer alan \u201ctamamlayarak s\u0131navda ba\u015far\u0131l\u0131 olan\u201d ibaresi \u201ctamamlayan\u201d \u015feklinde de\u011fi\u015ftirilmi\u015f ve ayn\u0131 maddenin sekizinci f\u0131kras\u0131 a\u015fa\u011f\u0131daki \u015fekilde de\u011fi\u015ftirilmi\u015ftir.<\/p>\n<p>\u201c(8) EK-3\u2019te yer alan \u201c\u0130\u015f Sa\u011fl\u0131\u011f\u0131 ve G\u00fcvenli\u011fi Hizmetlerinin Y\u00fcr\u00fct\u00fcm\u00fcne \u0130li\u015fkin \u0130\u015fveren veya \u0130\u015fveren Vekili E\u011fitimi Tamamlama Belgesi\u201d bulunan i\u015fverenler, toplam \u00e7al\u0131\u015fan say\u0131s\u0131n\u0131n 50\u2019den az olmas\u0131 \u015fart\u0131yla kendilerine ait az tehlikeli s\u0131n\u0131fta yer alan ayn\u0131 il s\u0131n\u0131rlar\u0131 i\u00e7erisindeki birden fazla i\u015fyerinin i\u015f sa\u011fl\u0131\u011f\u0131 ve g\u00fcvenli\u011fi hizmetlerini \u00fcstlenebilir. Bu belgeye sahip i\u015fveren vekilleri ise tam s\u00fcreli hizmet akdi ile \u00e7al\u0131\u015ft\u0131klar\u0131 yaln\u0131zca tek bir i\u015fyerinin i\u015f sa\u011fl\u0131\u011f\u0131 ve g\u00fcvenli\u011fi hizmetlerini \u00fcstlenebilir.\u201d<\/p>\n<p>MADDE 3-\u00a0Ayn\u0131 Y\u00f6netmeli\u011fin 6 nc\u0131 maddesinin birinci f\u0131kras\u0131nda yer alan \u201ctamamlayarak s\u0131navda ba\u015far\u0131l\u0131 olan\u201d ibaresi \u201ctamamlayan\u201d \u015feklinde de\u011fi\u015ftirilmi\u015ftir.<\/p>\n<p>MADDE 4-\u00a0Ayn\u0131 Y\u00f6netmeli\u011fin 7 nci maddesinin ikinci f\u0131kras\u0131 a\u015fa\u011f\u0131daki \u015fekilde de\u011fi\u015ftirilmi\u015ftir.<\/p>\n<p>\u201c(2) Kanun kapsam\u0131nda al\u0131nmas\u0131 gereken sa\u011fl\u0131k raporlar\u0131 i\u015fyeri hekiminden al\u0131n\u0131r. 50\u2019den az \u00e7al\u0131\u015fan\u0131 bulunan ve az tehlikeli i\u015fyerleri i\u00e7in ise \u00e7al\u0131\u015fan sa\u011fl\u0131\u011f\u0131 merkezinden (\u00c7ASMER), aile hekimlerinden veya di\u011fer kamu sa\u011fl\u0131k hizmeti sunucular\u0131ndan da al\u0131nabilir.\u201d<\/p>\n<p>MADDE 5-\u00a0Ayn\u0131 Y\u00f6netmeli\u011fin 10 uncu maddesinin birinci f\u0131kras\u0131 a\u015fa\u011f\u0131daki \u015fekilde de\u011fi\u015ftirilmi\u015f ve ayn\u0131 maddenin ikinci f\u0131kras\u0131 y\u00fcr\u00fcrl\u00fckten kald\u0131r\u0131lm\u0131\u015ft\u0131r.<\/p>\n<p>\u201c(1) E\u011fitimler; \u00fcniversiteler, kamu kurum ve kurulu\u015flar\u0131, kamu kurumu niteli\u011finde meslek kurulu\u015flar\u0131 veya i\u015f\u00e7i ve i\u015fveren kurulu\u015flar\u0131 taraf\u0131ndan Bakanl\u0131kla protokol yapmak suretiyle verilir.\u201d<\/p>\n<p>MADDE 6-\u00a0Ayn\u0131 Y\u00f6netmeli\u011fin 14 \u00fcnc\u00fc maddesi ba\u015fl\u0131\u011f\u0131 ile birlikte a\u015fa\u011f\u0131daki \u015fekilde de\u011fi\u015ftirilmi\u015ftir.<\/p>\n<p>\u201cE\u011fitimin tamamlanmas\u0131, belgelendirme ve \u00fccretler<\/p>\n<p>MADDE 14- (1) Bakanl\u0131kla protokol yapan ve bu \u00e7er\u00e7evede e\u011fitim veren kurum ve kurulu\u015flar, e\u011fitimi tamamlayan adaylar i\u00e7in EK-3\u2019teki \u00f6rne\u011fine uygun olarak \u201c\u0130\u015f Sa\u011fl\u0131\u011f\u0131 ve G\u00fcvenli\u011fi Hizmetlerinin Y\u00fcr\u00fct\u00fcm\u00fcne \u0130li\u015fkin \u0130\u015fveren veya \u0130\u015fveren Vekili E\u011fitimi Tamamlama Belgesi\u201d d\u00fczenler ve bu ki\u015fileri Genel M\u00fcd\u00fcrl\u00fc\u011fe bildirir.<\/p>\n<p>(2) E\u011fitim ve belgelendirmeyi kapsayan \u00fccret, net asgari \u00fccretin 1\/10\u2019unu ge\u00e7memek ko\u015fuluyla Bakanl\u0131kla yap\u0131lan protokolde belirlenir ve kat\u0131l\u0131mc\u0131lar taraf\u0131ndan \u00f6denir.\u201d<\/p>\n<p>MADDE 7-\u00a0Ayn\u0131 Y\u00f6netmeli\u011fin 17 nci maddesi y\u00fcr\u00fcrl\u00fckten kald\u0131r\u0131lm\u0131\u015ft\u0131r.<\/p>\n<p>MADDE 8-\u00a0Ayn\u0131 Y\u00f6netmeli\u011fin ge\u00e7ici 1 inci maddesi y\u00fcr\u00fcrl\u00fckten kald\u0131r\u0131lm\u0131\u015ft\u0131r.<\/p>\n<p>MADDE 9-\u00a0Ayn\u0131 Y\u00f6netmeli\u011fin ge\u00e7ici 2 nci maddesine a\u015fa\u011f\u0131daki f\u0131kra eklenmi\u015ftir.<\/p>\n<p>\u201c(2) Bu f\u0131kran\u0131n y\u00fcr\u00fcrl\u00fc\u011fe girdi\u011fi tarih itibar\u0131yla bu Y\u00f6netmelik kapsam\u0131nda Bakanl\u0131kla protokol yapan ve bu \u00e7er\u00e7evede e\u011fitim veren kurum ve kurulu\u015flarca d\u00fczenlenen e\u011fitimi tamamlayan ve bu f\u0131kray\u0131 ihdas eden Y\u00f6netmelik ile y\u00fcr\u00fcrl\u00fckten kald\u0131r\u0131lan EK-2\u2019deki \u00f6rne\u011fine uygun \u201c\u0130\u015f Sa\u011fl\u0131\u011f\u0131 ve G\u00fcvenli\u011fi Hizmetlerinin Y\u00fcr\u00fct\u00fcm\u00fcne \u0130li\u015fkin \u0130\u015fveren veya \u0130\u015fveren Vekili S\u0131nav\u0131na Kat\u0131l\u0131m Hakk\u0131 Belgesi\u201d alan adaylara, 31\/12\/2025 tarihine kadar ba\u015fvurmalar\u0131 halinde \u201c\u0130\u015f Sa\u011fl\u0131\u011f\u0131 ve G\u00fcvenli\u011fi Hizmetlerinin Y\u00fcr\u00fct\u00fcm\u00fcne \u0130li\u015fkin \u0130\u015fveren veya \u0130\u015fveren Vekili E\u011fitimi Tamamlama Belgesi\u201d EK-3\u2019teki \u00f6rne\u011fine uygun olarak Genel M\u00fcd\u00fcrl\u00fck\u00e7e verilir.\u201d<\/p>\n<p>MADDE 10-\u00a0Ayn\u0131 Y\u00f6netmeli\u011fin ge\u00e7ici 3 \u00fcnc\u00fc maddesi y\u00fcr\u00fcrl\u00fckten kald\u0131r\u0131lm\u0131\u015ft\u0131r.<\/p>\n<p>MADDE 11-\u00a0Ayn\u0131 Y\u00f6netmeli\u011fin EK-3\u2019\u00fc ekteki \u015fekilde de\u011fi\u015ftirilmi\u015f ve EK-2\u2019si ve EK-4\u2019\u00fc y\u00fcr\u00fcrl\u00fckten kald\u0131r\u0131lm\u0131\u015ft\u0131r.<\/p>\n<p>MADDE 12-\u00a0Bu Y\u00f6netmelik yay\u0131m\u0131 tarihinde y\u00fcr\u00fcrl\u00fc\u011fe girer.<\/p>\n<p>MADDE 13-\u00a0Bu Y\u00f6netmelik h\u00fck\u00fcmlerini \u00c7al\u0131\u015fma ve Sosyal G\u00fcvenlik Bakan\u0131 y\u00fcr\u00fct\u00fcr.<\/p>\n<p>Eki i\u00e7in t\u0131klay\u0131n\u0131z<\/p>\n<p>&#8212;-<\/p>\n<p>Ek-2<\/p>\n<p>\u00c7al\u0131\u015fma ve Sosyal G\u00fcvenlik Bakanl\u0131\u011f\u0131ndan:<\/p>\n<p>\u00c7ALI\u015eANLARIN \u0130\u015e SA\u011eLI\u011eI VE G\u00dcVENL\u0130\u011e\u0130 E\u011e\u0130T\u0130MLER\u0130N\u0130N USUL VE ESASLARI HAKKINDA Y\u00d6NETMEL\u0130KTE DE\u011e\u0130\u015e\u0130KL\u0130K YAPILMASINA DA\u0130R Y\u00d6NETMEL\u0130K<\/p>\n<p>MADDE 1-\u00a015\/5\/2013 tarihli ve 28648 say\u0131l\u0131 Resm\u00ee Gazete\u2019de yay\u0131mlanan \u00c7al\u0131\u015fanlar\u0131n \u0130\u015f Sa\u011fl\u0131\u011f\u0131 ve G\u00fcvenli\u011fi E\u011fitimlerinin Usul ve Esaslar\u0131 Hakk\u0131nda Y\u00f6netmeli\u011fin 3 \u00fcnc\u00fc maddesinde yer alan \u201c9\/1\/1985 tarihli ve 3146 say\u0131l\u0131 \u00c7al\u0131\u015fma ve Sosyal G\u00fcvenlik Bakanl\u0131\u011f\u0131n\u0131n Te\u015fkilat ve G\u00f6revleri Hakk\u0131nda Kanunun 2 nci ve 12 nci\u201d ibaresi \u201c1 say\u0131l\u0131 Cumhurba\u015fkanl\u0131\u011f\u0131 Te\u015fkilat\u0131 Hakk\u0131nda Cumhurba\u015fkanl\u0131\u011f\u0131 Kararnamesinin 86 nc\u0131, 90 \u0131nc\u0131 ve 508 inci\u201d \u015feklinde de\u011fi\u015ftirilmi\u015ftir.<\/p>\n<p>MADDE 2-\u00a0Ayn\u0131 Y\u00f6netmeli\u011fin 12 nci maddesinin yedinci f\u0131kras\u0131 a\u015fa\u011f\u0131daki \u015fekilde de\u011fi\u015ftirilmi\u015ftir.<\/p>\n<p>\u201c(7) Az tehlikeli s\u0131n\u0131fta yer alan kamu kurumlar\u0131 ile 10\u2019dan az \u00e7al\u0131\u015fan\u0131 bulunan ve az tehlikeli s\u0131n\u0131fta yer alan i\u015fyerlerinde ilk defa verilecek temel e\u011fitimler ve tekrar verilecek temel e\u011fitimler uzaktan e\u011fitim y\u00f6ntemi kullan\u0131larak verilebilir. 10 ve \u00fczeri \u00e7al\u0131\u015fan\u0131 bulunan ve az tehlikeli s\u0131n\u0131fta yer alan \u00f6zel i\u015fyerleri ile tehlikeli ve \u00e7ok tehlikeli s\u0131n\u0131fta yer alan i\u015fyerlerinde ilk defa verilecek temel e\u011fitimler hari\u00e7 \u00e7al\u0131\u015fanlara tekrar verilecek temel e\u011fitimler i\u015fveren taraf\u0131ndan i\u015fe ve i\u015fyerine \u00f6zg\u00fc i\u00e7eri\u011fin haz\u0131rlanmas\u0131 ve gerekli uzaktan e\u011fitim y\u00f6netim sisteminin sa\u011flanmas\u0131 halinde uzaktan e\u011fitim y\u00f6ntemi kullan\u0131larak verilebilir.\u201d<\/p>\n<p>MADDE 3-\u00a0Ayn\u0131 Y\u00f6netmeli\u011fin 15\/A maddesinin birinci f\u0131kras\u0131n\u0131n (b) ve (\u00e7) bentleri a\u015fa\u011f\u0131daki \u015fekilde de\u011fi\u015ftirilmi\u015ftir.<\/p>\n<p>\u201cb) Uzaktan e\u011fitim y\u00f6netim sistemi ile verilen e\u011fitimler, az tehlikeli s\u0131n\u0131fta yer alan kamu kurumlar\u0131 ile 10\u2019dan az \u00e7al\u0131\u015fan\u0131 bulunan ve az tehlikeli s\u0131n\u0131fta yer alan i\u015fyerlerinde senkron veya asenkron; 10 ve \u00fczeri \u00e7al\u0131\u015fan\u0131 bulunan ve az tehlikeli s\u0131n\u0131fta yer alan \u00f6zel i\u015fyerleri ile tehlikeli ve \u00e7ok tehlikeli s\u0131n\u0131fta yer alan i\u015fyerlerinde ise senkron yap\u0131da olur.\u201d<\/p>\n<p>\u201c\u00e7) Az tehlikeli s\u0131n\u0131fta yer alan kamu kurumlar\u0131 ile 10\u2019dan az \u00e7al\u0131\u015fan\u0131 bulunan ve az tehlikeli s\u0131n\u0131fta yer alan i\u015fyerlerinde verilecek temel e\u011fitim program\u0131n\u0131n i\u00e7eri\u011fi i\u015fe \u00f6zg\u00fc olarak haz\u0131rlan\u0131r. 10 ve \u00fczeri \u00e7al\u0131\u015fan\u0131 bulunan ve az tehlikeli s\u0131n\u0131fta yer alan \u00f6zel i\u015fyerleri ile tehlikeli ve \u00e7ok tehlikeli s\u0131n\u0131fta yer alan i\u015fyerlerinde verilecek temel e\u011fitim program\u0131n\u0131n i\u00e7eri\u011fi ise kat\u0131l\u0131mc\u0131lar\u0131n e\u011fitim seviyelerine uygun, i\u015fe ve i\u015fyerine \u00f6zg\u00fc, \u00e7al\u0131\u015fanlar\u0131n bildikleri, tan\u0131d\u0131klar\u0131 i\u015f ve \u00e7al\u0131\u015fma ortam\u0131 \u00f6geleri kullan\u0131larak haz\u0131rlan\u0131r.\u201d<\/p>\n<p>MADDE 4-\u00a0Bu Y\u00f6netmelik yay\u0131m\u0131 tarihinde y\u00fcr\u00fcrl\u00fc\u011fe girer.<\/p>\n<p>MADDE 5-\u00a0Bu Y\u00f6netmelik h\u00fck\u00fcmlerini \u00c7al\u0131\u015fma ve Sosyal G\u00fcvenlik Bakan\u0131 y\u00fcr\u00fct\u00fcr.<\/p>\n<p>&#8212;<\/p>\n<p>\u200b50&#8217;den az \u00e7al\u0131\u015fan\u0131 bulunan avukatl\u0131k b\u00fcrolar\u0131nda i\u015f sa\u011fl\u0131\u011f\u0131 ve g\u00fcvenli\u011fi hizmetleri i\u00e7in d\u0131\u015far\u0131dan hizmet almayan veya b\u00fcnyesinde uzman \u00e7al\u0131\u015ft\u0131rmayan avukatl\u0131k b\u00fcrolar\u0131nda, \u0130\u015f Sa\u011fl\u0131\u011f\u0131 ve G\u00fcvenli\u011fi Hizmetlerine \u0130li\u015fkin Y\u00f6netmelik\u2019te belirtilen e\u011fitimi tamamlayarak s\u0131navda ba\u015far\u0131l\u0131 olmalar\u0131 ko\u015fuluyla, i\u015f sa\u011fl\u0131\u011f\u0131 ve g\u00fcvenli\u011fi hizmetlerini kendileri y\u00fcr\u00fctebilecek.\u00a0Hukuki Haber<\/p>","protected":false},"excerpt":{"rendered":"<p>50&#8217;den az \u00e7al\u0131\u015fan\u0131 bulunan avukatl\u0131k b\u00fcrolar\u0131nda i\u015f sa\u011fl\u0131\u011f\u0131 ve g\u00fcvenli\u011fi hizmetleri i\u00e7in d\u0131\u015far\u0131dan hizmet almayan veya b\u00fcnyesinde uzman \u00e7al\u0131\u015ft\u0131rmayan avukatl\u0131k b\u00fcrolar\u0131nda, \u0130\u015f Sa\u011fl\u0131\u011f\u0131 ve G\u00fcvenli\u011fi Hizmetlerine \u0130li\u015fkin Y\u00f6netmelik\u2019te belirtilen e\u011fitimi tamamlayarak s\u0131navda ba\u015far\u0131l\u0131 olmalar\u0131 ko\u015fuluyla, i\u015f sa\u011fl\u0131\u011f\u0131 ve g\u00fcvenli\u011fi hizmetlerini kendileri veya i\u015fveren vekilleri arac\u0131l\u0131\u011f\u0131yla y\u00fcr\u00fctebilece\u011fine ve s\u0131nav ko\u015fulunu sa\u011flamak \u00fczere sertifika programlar\u0131na ili\u015fkin hususlar daha \u00f6nce duyurulmu\u015ftu. Resmi Gazete\u2019de yay\u0131mlanan Y\u00f6netmelik de\u011fi\u015fiklikleri uyar\u0131nca; &#8211; Az tehlikeli s\u0131n\u0131fta yer alan avukat b\u00fcrolar\u0131 i\u00e7in de zorunlu olan i\u015f sa\u011fl\u0131\u011f\u0131 ve g\u00fcvenli\u011fi e\u011fitimi sonras\u0131nda s\u0131navda ba\u015far\u0131l\u0131 olma \u015fart\u0131 kald\u0131r\u0131lm\u0131\u015f, e\u011fitimi tamamlama belgesi yeterli g\u00f6r\u00fclm\u00fc\u015ft\u00fcr. (Ek-1 md.2) &#8211; Y\u00f6netmelikte belirtilen e\u011fitimi tamamlayan avukatlar ve i\u015f yerinde hizmet akdi ile \u00e7al\u0131\u015fan i\u015fveren vekili ba\u011fl\u0131 \u00e7al\u0131\u015fan avukatlar, i\u015f sa\u011fl\u0131\u011f\u0131 ve g\u00fcvenli\u011fi mevzuat\u0131nda i\u015f g\u00fcvenli\u011fi uzman\u0131 veya i\u015fyeri hekimine verilen g\u00f6revleri, i\u015fe giri\u015f ve periyodik muayeneler ve tetkikler hari\u00e7 olmak \u00fczere, i\u015f g\u00fcvenli\u011fi uzman\u0131 veya i\u015f yeri hekimi g\u00f6revlendirme \u015fart\u0131 olmaks\u0131z\u0131n y\u00fcr\u00fctebileceklerdir. (Ek-1 md.2) &#8211; Az tehlikeli s\u0131n\u0131fta yer alan 10\u2019dan az \u00e7al\u0131\u015fan\u0131 bulunan i\u015fyerlerinde ilk defa ve tekrar verilecek temel e\u011fitimlerin uzaktan e\u011fitim y\u00f6ntemi kullan\u0131larak verilmesine imk\u00e2n sa\u011flanm\u0131\u015f; 10 ve \u00fczeri \u00e7al\u0131\u015fan\u0131 bulunan ve az tehlikeli s\u0131n\u0131fta yer alan \u00f6zel i\u015fyerlerinde ilk defa verilecek temel e\u011fitimler hari\u00e7 \u00e7al\u0131\u015fanlara tekrar verilecek temel e\u011fitimlerin belirli \u015fartlar\u0131 sa\u011flamas\u0131 &hellip;<\/p>","protected":false},"author":3,"featured_media":0,"comment_status":"open","ping_status":"open","sticky":false,"template":"","format":"standard","meta":{"_acf_changed":false,"footnotes":""},"categories":[27],"tags":[],"class_list":["post-34815","post","type-post","status-publish","format-standard","has-post-thumbnail","hentry","category-hukukihaber"],"acf":[],"yoast_head":"<!-- This site is optimized with the Yoast SEO Premium plugin v26.6 (Yoast SEO v27.1.1) - https:\/\/yoast.com\/product\/yoast-seo-premium-wordpress\/ -->\n<title>AVUKATLIK B\u00dcROLARINDA \u0130\u015e SA\u011eLI\u011eI VE G\u00dcVENL\u0130\u011e\u0130 Y\u00dcK\u00dcML\u00dcL\u00dcKLER\u0130NDE DE\u011e\u0130\u015e\u0130KL\u0130\u011eE G\u0130D\u0130LD\u0130 - Av. Deniz Can K\u0131z\u0131l<\/title>\n<meta name=\"robots\" content=\"index, follow, max-snippet:-1, max-image-preview:large, max-video-preview:-1\" \/>\n<link rel=\"canonical\" href=\"http:\/\/denizcankizil.tr\/uk\/hukukihaber\/avukatlik-burolarinda-is-sagligi-ve-guvenligi-yukumluluklerinde-degisiklige-gidildi\/\" \/>\n<meta property=\"og:locale\" content=\"uk_UA\" \/>\n<meta property=\"og:type\" content=\"article\" \/>\n<meta property=\"og:title\" content=\"AVUKATLIK B\u00dcROLARINDA \u0130\u015e SA\u011eLI\u011eI VE G\u00dcVENL\u0130\u011e\u0130 Y\u00dcK\u00dcML\u00dcL\u00dcKLER\u0130NDE DE\u011e\u0130\u015e\u0130KL\u0130\u011eE G\u0130D\u0130LD\u0130\" \/>\n<meta property=\"og:description\" content=\"50&#8217;den az \u00e7al\u0131\u015fan\u0131 bulunan avukatl\u0131k b\u00fcrolar\u0131nda i\u015f sa\u011fl\u0131\u011f\u0131 ve g\u00fcvenli\u011fi hizmetleri i\u00e7in d\u0131\u015far\u0131dan hizmet almayan veya b\u00fcnyesinde uzman \u00e7al\u0131\u015ft\u0131rmayan avukatl\u0131k b\u00fcrolar\u0131nda, \u0130\u015f Sa\u011fl\u0131\u011f\u0131 ve G\u00fcvenli\u011fi Hizmetlerine \u0130li\u015fkin Y\u00f6netmelik\u2019te belirtilen e\u011fitimi tamamlayarak s\u0131navda ba\u015far\u0131l\u0131 olmalar\u0131 ko\u015fuluyla, i\u015f sa\u011fl\u0131\u011f\u0131 ve g\u00fcvenli\u011fi hizmetlerini kendileri veya i\u015fveren vekilleri arac\u0131l\u0131\u011f\u0131yla y\u00fcr\u00fctebilece\u011fine ve s\u0131nav ko\u015fulunu sa\u011flamak \u00fczere sertifika programlar\u0131na ili\u015fkin hususlar daha \u00f6nce duyurulmu\u015ftu. Resmi Gazete\u2019de yay\u0131mlanan Y\u00f6netmelik de\u011fi\u015fiklikleri uyar\u0131nca; &#8211; Az tehlikeli s\u0131n\u0131fta yer alan avukat b\u00fcrolar\u0131 i\u00e7in de zorunlu olan i\u015f sa\u011fl\u0131\u011f\u0131 ve g\u00fcvenli\u011fi e\u011fitimi sonras\u0131nda s\u0131navda ba\u015far\u0131l\u0131 olma \u015fart\u0131 kald\u0131r\u0131lm\u0131\u015f, e\u011fitimi tamamlama belgesi yeterli g\u00f6r\u00fclm\u00fc\u015ft\u00fcr. (Ek-1 md.2) &#8211; Y\u00f6netmelikte belirtilen e\u011fitimi tamamlayan avukatlar ve i\u015f yerinde hizmet akdi ile \u00e7al\u0131\u015fan i\u015fveren vekili ba\u011fl\u0131 \u00e7al\u0131\u015fan avukatlar, i\u015f sa\u011fl\u0131\u011f\u0131 ve g\u00fcvenli\u011fi mevzuat\u0131nda i\u015f g\u00fcvenli\u011fi uzman\u0131 veya i\u015fyeri hekimine verilen g\u00f6revleri, i\u015fe giri\u015f ve periyodik muayeneler ve tetkikler hari\u00e7 olmak \u00fczere, i\u015f g\u00fcvenli\u011fi uzman\u0131 veya i\u015f yeri hekimi g\u00f6revlendirme \u015fart\u0131 olmaks\u0131z\u0131n y\u00fcr\u00fctebileceklerdir. (Ek-1 md.2) &#8211; Az tehlikeli s\u0131n\u0131fta yer alan 10\u2019dan az \u00e7al\u0131\u015fan\u0131 bulunan i\u015fyerlerinde ilk defa ve tekrar verilecek temel e\u011fitimlerin uzaktan e\u011fitim y\u00f6ntemi kullan\u0131larak verilmesine imk\u00e2n sa\u011flanm\u0131\u015f; 10 ve \u00fczeri \u00e7al\u0131\u015fan\u0131 bulunan ve az tehlikeli s\u0131n\u0131fta yer alan \u00f6zel i\u015fyerlerinde ilk defa verilecek temel e\u011fitimler hari\u00e7 \u00e7al\u0131\u015fanlara tekrar verilecek temel e\u011fitimlerin belirli \u015fartlar\u0131 sa\u011flamas\u0131 &hellip;\" \/>\n<meta property=\"og:url\" content=\"http:\/\/denizcankizil.tr\/uk\/hukukihaber\/avukatlik-burolarinda-is-sagligi-ve-guvenligi-yukumluluklerinde-degisiklige-gidildi\/\" \/>\n<meta property=\"og:site_name\" content=\"Av. Deniz Can K\u0131z\u0131l\" \/>\n<meta property=\"article:published_time\" content=\"2025-03-05T14:40:00+00:00\" \/>\n<meta name=\"author\" content=\"Hukuki Haber.net\" \/>\n<meta name=\"twitter:card\" content=\"summary_large_image\" \/>\n<meta name=\"twitter:label1\" content=\"\u041d\u0430\u043f\u0438\u0441\u0430\u043d\u043e\" \/>\n\t<meta name=\"twitter:data1\" content=\"Hukuki Haber.net\" \/>\n\t<meta name=\"twitter:label2\" content=\"\u041f\u0440\u0438\u0431\u043b. \u0447\u0430\u0441 \u0447\u0438\u0442\u0430\u043d\u043d\u044f\" \/>\n\t<meta name=\"twitter:data2\" content=\"9 \u0445\u0432\u0438\u043b\u0438\u043d\" \/>\n<script type=\"application\/ld+json\" class=\"yoast-schema-graph\">{\"@context\":\"https:\/\/schema.org\",\"@graph\":[{\"@type\":\"Article\",\"@id\":\"http:\/\/denizcankizil.tr\/uk\/hukukihaber\/avukatlik-burolarinda-is-sagligi-ve-guvenligi-yukumluluklerinde-degisiklige-gidildi\/#article\",\"isPartOf\":{\"@id\":\"http:\/\/denizcankizil.tr\/uk\/hukukihaber\/avukatlik-burolarinda-is-sagligi-ve-guvenligi-yukumluluklerinde-degisiklige-gidildi\/\"},\"author\":{\"name\":\"Hukuki Haber.net\",\"@id\":\"https:\/\/denizcankizil.tr\/de\/#\/schema\/person\/001a271de994a0aa3f90eea084424822\"},\"headline\":\"AVUKATLIK B\u00dcROLARINDA \u0130\u015e SA\u011eLI\u011eI VE G\u00dcVENL\u0130\u011e\u0130 Y\u00dcK\u00dcML\u00dcL\u00dcKLER\u0130NDE DE\u011e\u0130\u015e\u0130KL\u0130\u011eE G\u0130D\u0130LD\u0130\",\"datePublished\":\"2025-03-05T14:40:00+00:00\",\"mainEntityOfPage\":{\"@id\":\"http:\/\/denizcankizil.tr\/uk\/hukukihaber\/avukatlik-burolarinda-is-sagligi-ve-guvenligi-yukumluluklerinde-degisiklige-gidildi\/\"},\"wordCount\":1879,\"commentCount\":0,\"publisher\":{\"@id\":\"https:\/\/denizcankizil.tr\/de\/#organization\"},\"articleSection\":[\"Hukuki Haberler\"],\"inLanguage\":\"uk\",\"potentialAction\":[{\"@type\":\"CommentAction\",\"name\":\"Comment\",\"target\":[\"http:\/\/denizcankizil.tr\/uk\/hukukihaber\/avukatlik-burolarinda-is-sagligi-ve-guvenligi-yukumluluklerinde-degisiklige-gidildi\/#respond\"]}]},{\"@type\":\"WebPage\",\"@id\":\"http:\/\/denizcankizil.tr\/uk\/hukukihaber\/avukatlik-burolarinda-is-sagligi-ve-guvenligi-yukumluluklerinde-degisiklige-gidildi\/\",\"url\":\"http:\/\/denizcankizil.tr\/uk\/hukukihaber\/avukatlik-burolarinda-is-sagligi-ve-guvenligi-yukumluluklerinde-degisiklige-gidildi\/\",\"name\":\"AVUKATLIK B\u00dcROLARINDA \u0130\u015e SA\u011eLI\u011eI VE G\u00dcVENL\u0130\u011e\u0130 Y\u00dcK\u00dcML\u00dcL\u00dcKLER\u0130NDE DE\u011e\u0130\u015e\u0130KL\u0130\u011eE G\u0130D\u0130LD\u0130 - Av. Deniz Can K\u0131z\u0131l\",\"isPartOf\":{\"@id\":\"https:\/\/denizcankizil.tr\/de\/#website\"},\"datePublished\":\"2025-03-05T14:40:00+00:00\",\"breadcrumb\":{\"@id\":\"http:\/\/denizcankizil.tr\/uk\/hukukihaber\/avukatlik-burolarinda-is-sagligi-ve-guvenligi-yukumluluklerinde-degisiklige-gidildi\/#breadcrumb\"},\"inLanguage\":\"uk\",\"potentialAction\":[{\"@type\":\"ReadAction\",\"target\":[\"http:\/\/denizcankizil.tr\/uk\/hukukihaber\/avukatlik-burolarinda-is-sagligi-ve-guvenligi-yukumluluklerinde-degisiklige-gidildi\/\"]}]},{\"@type\":\"BreadcrumbList\",\"@id\":\"http:\/\/denizcankizil.tr\/uk\/hukukihaber\/avukatlik-burolarinda-is-sagligi-ve-guvenligi-yukumluluklerinde-degisiklige-gidildi\/#breadcrumb\",\"itemListElement\":[{\"@type\":\"ListItem\",\"position\":1,\"name\":\"Home\",\"item\":\"https:\/\/denizcankizil.tr\/de\/\"},{\"@type\":\"ListItem\",\"position\":2,\"name\":\"AVUKATLIK B\u00dcROLARINDA \u0130\u015e SA\u011eLI\u011eI VE G\u00dcVENL\u0130\u011e\u0130 Y\u00dcK\u00dcML\u00dcL\u00dcKLER\u0130NDE DE\u011e\u0130\u015e\u0130KL\u0130\u011eE G\u0130D\u0130LD\u0130\"}]},{\"@type\":\"WebSite\",\"@id\":\"https:\/\/denizcankizil.tr\/de\/#website\",\"url\":\"https:\/\/denizcankizil.tr\/de\/\",\"name\":\"Av. Deniz Can K\u0131z\u0131l\",\"description\":\"Avukat Deniz Can K\u0131z\u0131l Antalya Barosu\",\"publisher\":{\"@id\":\"https:\/\/denizcankizil.tr\/de\/#organization\"},\"potentialAction\":[{\"@type\":\"SearchAction\",\"target\":{\"@type\":\"EntryPoint\",\"urlTemplate\":\"https:\/\/denizcankizil.tr\/de\/?s={search_term_string}\"},\"query-input\":{\"@type\":\"PropertyValueSpecification\",\"valueRequired\":true,\"valueName\":\"search_term_string\"}}],\"inLanguage\":\"uk\"},{\"@type\":\"Organization\",\"@id\":\"https:\/\/denizcankizil.tr\/de\/#organization\",\"name\":\"Av. Deniz Can K\u0131z\u0131l\",\"url\":\"https:\/\/denizcankizil.tr\/de\/\",\"logo\":{\"@type\":\"ImageObject\",\"inLanguage\":\"uk\",\"@id\":\"https:\/\/denizcankizil.tr\/de\/#\/schema\/logo\/image\/\",\"url\":\"http:\/\/denizcankizil.tr\/wp-content\/uploads\/2024\/10\/siyah-logo-svg.svg\",\"contentUrl\":\"http:\/\/denizcankizil.tr\/wp-content\/uploads\/2024\/10\/siyah-logo-svg.svg\",\"width\":1080,\"height\":1080,\"caption\":\"Av. Deniz Can K\u0131z\u0131l\"},\"image\":{\"@id\":\"https:\/\/denizcankizil.tr\/de\/#\/schema\/logo\/image\/\"}},{\"@type\":\"Person\",\"@id\":\"https:\/\/denizcankizil.tr\/de\/#\/schema\/person\/001a271de994a0aa3f90eea084424822\",\"name\":\"Hukuki Haber.net\",\"image\":{\"@type\":\"ImageObject\",\"inLanguage\":\"uk\",\"@id\":\"https:\/\/denizcankizil.tr\/de\/#\/schema\/person\/image\/\",\"url\":\"https:\/\/secure.gravatar.com\/avatar\/57d8a49151495586611a149d29fc42865b951dc053a84709a3172ccb5abf3118?s=96&d=mm&r=g\",\"contentUrl\":\"https:\/\/secure.gravatar.com\/avatar\/57d8a49151495586611a149d29fc42865b951dc053a84709a3172ccb5abf3118?s=96&d=mm&r=g\",\"caption\":\"Hukuki Haber.net\"},\"sameAs\":[\"http:\/\/www.hukukihaber.net\"],\"url\":\"https:\/\/www.hukukihaber.net\/avukatlik-burolarinda-is-sagligi-ve-guvenligi-yukumluluklerinde-degisiklige-gidildi\"}]}<\/script>\n<!-- \/ Yoast SEO Premium plugin. -->","yoast_head_json":{"title":"AVUKATLIK B\u00dcROLARINDA \u0130\u015e SA\u011eLI\u011eI VE G\u00dcVENL\u0130\u011e\u0130 Y\u00dcK\u00dcML\u00dcL\u00dcKLER\u0130NDE DE\u011e\u0130\u015e\u0130KL\u0130\u011eE G\u0130D\u0130LD\u0130 - Av. Deniz Can K\u0131z\u0131l","robots":{"index":"index","follow":"follow","max-snippet":"max-snippet:-1","max-image-preview":"max-image-preview:large","max-video-preview":"max-video-preview:-1"},"canonical":"http:\/\/denizcankizil.tr\/uk\/hukukihaber\/avukatlik-burolarinda-is-sagligi-ve-guvenligi-yukumluluklerinde-degisiklige-gidildi\/","og_locale":"uk_UA","og_type":"article","og_title":"AVUKATLIK B\u00dcROLARINDA \u0130\u015e SA\u011eLI\u011eI VE G\u00dcVENL\u0130\u011e\u0130 Y\u00dcK\u00dcML\u00dcL\u00dcKLER\u0130NDE DE\u011e\u0130\u015e\u0130KL\u0130\u011eE G\u0130D\u0130LD\u0130","og_description":"50&#8217;den az \u00e7al\u0131\u015fan\u0131 bulunan avukatl\u0131k b\u00fcrolar\u0131nda i\u015f sa\u011fl\u0131\u011f\u0131 ve g\u00fcvenli\u011fi hizmetleri i\u00e7in d\u0131\u015far\u0131dan hizmet almayan veya b\u00fcnyesinde uzman \u00e7al\u0131\u015ft\u0131rmayan avukatl\u0131k b\u00fcrolar\u0131nda, \u0130\u015f Sa\u011fl\u0131\u011f\u0131 ve G\u00fcvenli\u011fi Hizmetlerine \u0130li\u015fkin Y\u00f6netmelik\u2019te belirtilen e\u011fitimi tamamlayarak s\u0131navda ba\u015far\u0131l\u0131 olmalar\u0131 ko\u015fuluyla, i\u015f sa\u011fl\u0131\u011f\u0131 ve g\u00fcvenli\u011fi hizmetlerini kendileri veya i\u015fveren vekilleri arac\u0131l\u0131\u011f\u0131yla y\u00fcr\u00fctebilece\u011fine ve s\u0131nav ko\u015fulunu sa\u011flamak \u00fczere sertifika programlar\u0131na ili\u015fkin hususlar daha \u00f6nce duyurulmu\u015ftu. Resmi Gazete\u2019de yay\u0131mlanan Y\u00f6netmelik de\u011fi\u015fiklikleri uyar\u0131nca; &#8211; Az tehlikeli s\u0131n\u0131fta yer alan avukat b\u00fcrolar\u0131 i\u00e7in de zorunlu olan i\u015f sa\u011fl\u0131\u011f\u0131 ve g\u00fcvenli\u011fi e\u011fitimi sonras\u0131nda s\u0131navda ba\u015far\u0131l\u0131 olma \u015fart\u0131 kald\u0131r\u0131lm\u0131\u015f, e\u011fitimi tamamlama belgesi yeterli g\u00f6r\u00fclm\u00fc\u015ft\u00fcr. (Ek-1 md.2) &#8211; Y\u00f6netmelikte belirtilen e\u011fitimi tamamlayan avukatlar ve i\u015f yerinde hizmet akdi ile \u00e7al\u0131\u015fan i\u015fveren vekili ba\u011fl\u0131 \u00e7al\u0131\u015fan avukatlar, i\u015f sa\u011fl\u0131\u011f\u0131 ve g\u00fcvenli\u011fi mevzuat\u0131nda i\u015f g\u00fcvenli\u011fi uzman\u0131 veya i\u015fyeri hekimine verilen g\u00f6revleri, i\u015fe giri\u015f ve periyodik muayeneler ve tetkikler hari\u00e7 olmak \u00fczere, i\u015f g\u00fcvenli\u011fi uzman\u0131 veya i\u015f yeri hekimi g\u00f6revlendirme \u015fart\u0131 olmaks\u0131z\u0131n y\u00fcr\u00fctebileceklerdir. (Ek-1 md.2) &#8211; Az tehlikeli s\u0131n\u0131fta yer alan 10\u2019dan az \u00e7al\u0131\u015fan\u0131 bulunan i\u015fyerlerinde ilk defa ve tekrar verilecek temel e\u011fitimlerin uzaktan e\u011fitim y\u00f6ntemi kullan\u0131larak verilmesine imk\u00e2n sa\u011flanm\u0131\u015f; 10 ve \u00fczeri \u00e7al\u0131\u015fan\u0131 bulunan ve az tehlikeli s\u0131n\u0131fta yer alan \u00f6zel i\u015fyerlerinde ilk defa verilecek temel e\u011fitimler hari\u00e7 \u00e7al\u0131\u015fanlara tekrar verilecek temel e\u011fitimlerin belirli \u015fartlar\u0131 sa\u011flamas\u0131 &hellip;","og_url":"http:\/\/denizcankizil.tr\/uk\/hukukihaber\/avukatlik-burolarinda-is-sagligi-ve-guvenligi-yukumluluklerinde-degisiklige-gidildi\/","og_site_name":"Av. Deniz Can K\u0131z\u0131l","article_published_time":"2025-03-05T14:40:00+00:00","author":"Hukuki Haber.net","twitter_card":"summary_large_image","twitter_misc":{"\u041d\u0430\u043f\u0438\u0441\u0430\u043d\u043e":"Hukuki Haber.net","\u041f\u0440\u0438\u0431\u043b. \u0447\u0430\u0441 \u0447\u0438\u0442\u0430\u043d\u043d\u044f":"9 \u0445\u0432\u0438\u043b\u0438\u043d"},"schema":{"@context":"https:\/\/schema.org","@graph":[{"@type":"Article","@id":"http:\/\/denizcankizil.tr\/uk\/hukukihaber\/avukatlik-burolarinda-is-sagligi-ve-guvenligi-yukumluluklerinde-degisiklige-gidildi\/#article","isPartOf":{"@id":"http:\/\/denizcankizil.tr\/uk\/hukukihaber\/avukatlik-burolarinda-is-sagligi-ve-guvenligi-yukumluluklerinde-degisiklige-gidildi\/"},"author":{"name":"Hukuki Haber.net","@id":"https:\/\/denizcankizil.tr\/de\/#\/schema\/person\/001a271de994a0aa3f90eea084424822"},"headline":"AVUKATLIK B\u00dcROLARINDA \u0130\u015e SA\u011eLI\u011eI VE G\u00dcVENL\u0130\u011e\u0130 Y\u00dcK\u00dcML\u00dcL\u00dcKLER\u0130NDE DE\u011e\u0130\u015e\u0130KL\u0130\u011eE G\u0130D\u0130LD\u0130","datePublished":"2025-03-05T14:40:00+00:00","mainEntityOfPage":{"@id":"http:\/\/denizcankizil.tr\/uk\/hukukihaber\/avukatlik-burolarinda-is-sagligi-ve-guvenligi-yukumluluklerinde-degisiklige-gidildi\/"},"wordCount":1879,"commentCount":0,"publisher":{"@id":"https:\/\/denizcankizil.tr\/de\/#organization"},"articleSection":["Hukuki Haberler"],"inLanguage":"uk","potentialAction":[{"@type":"CommentAction","name":"Comment","target":["http:\/\/denizcankizil.tr\/uk\/hukukihaber\/avukatlik-burolarinda-is-sagligi-ve-guvenligi-yukumluluklerinde-degisiklige-gidildi\/#respond"]}]},{"@type":"WebPage","@id":"http:\/\/denizcankizil.tr\/uk\/hukukihaber\/avukatlik-burolarinda-is-sagligi-ve-guvenligi-yukumluluklerinde-degisiklige-gidildi\/","url":"http:\/\/denizcankizil.tr\/uk\/hukukihaber\/avukatlik-burolarinda-is-sagligi-ve-guvenligi-yukumluluklerinde-degisiklige-gidildi\/","name":"AVUKATLIK B\u00dcROLARINDA \u0130\u015e SA\u011eLI\u011eI VE G\u00dcVENL\u0130\u011e\u0130 Y\u00dcK\u00dcML\u00dcL\u00dcKLER\u0130NDE DE\u011e\u0130\u015e\u0130KL\u0130\u011eE G\u0130D\u0130LD\u0130 - Av. Deniz Can K\u0131z\u0131l","isPartOf":{"@id":"https:\/\/denizcankizil.tr\/de\/#website"},"datePublished":"2025-03-05T14:40:00+00:00","breadcrumb":{"@id":"http:\/\/denizcankizil.tr\/uk\/hukukihaber\/avukatlik-burolarinda-is-sagligi-ve-guvenligi-yukumluluklerinde-degisiklige-gidildi\/#breadcrumb"},"inLanguage":"uk","potentialAction":[{"@type":"ReadAction","target":["http:\/\/denizcankizil.tr\/uk\/hukukihaber\/avukatlik-burolarinda-is-sagligi-ve-guvenligi-yukumluluklerinde-degisiklige-gidildi\/"]}]},{"@type":"BreadcrumbList","@id":"http:\/\/denizcankizil.tr\/uk\/hukukihaber\/avukatlik-burolarinda-is-sagligi-ve-guvenligi-yukumluluklerinde-degisiklige-gidildi\/#breadcrumb","itemListElement":[{"@type":"ListItem","position":1,"name":"Home","item":"https:\/\/denizcankizil.tr\/de\/"},{"@type":"ListItem","position":2,"name":"AVUKATLIK B\u00dcROLARINDA \u0130\u015e SA\u011eLI\u011eI VE G\u00dcVENL\u0130\u011e\u0130 Y\u00dcK\u00dcML\u00dcL\u00dcKLER\u0130NDE DE\u011e\u0130\u015e\u0130KL\u0130\u011eE G\u0130D\u0130LD\u0130"}]},{"@type":"WebSite","@id":"https:\/\/denizcankizil.tr\/de\/#website","url":"https:\/\/denizcankizil.tr\/de\/","name":"Av. Deniz Can K\u0131z\u0131l","description":"Avukat Deniz Can K\u0131z\u0131l Antalya Barosu","publisher":{"@id":"https:\/\/denizcankizil.tr\/de\/#organization"},"potentialAction":[{"@type":"SearchAction","target":{"@type":"EntryPoint","urlTemplate":"https:\/\/denizcankizil.tr\/de\/?s={search_term_string}"},"query-input":{"@type":"PropertyValueSpecification","valueRequired":true,"valueName":"search_term_string"}}],"inLanguage":"uk"},{"@type":"Organization","@id":"https:\/\/denizcankizil.tr\/de\/#organization","name":"Av. Deniz Can K\u0131z\u0131l","url":"https:\/\/denizcankizil.tr\/de\/","logo":{"@type":"ImageObject","inLanguage":"uk","@id":"https:\/\/denizcankizil.tr\/de\/#\/schema\/logo\/image\/","url":"http:\/\/denizcankizil.tr\/wp-content\/uploads\/2024\/10\/siyah-logo-svg.svg","contentUrl":"http:\/\/denizcankizil.tr\/wp-content\/uploads\/2024\/10\/siyah-logo-svg.svg","width":1080,"height":1080,"caption":"Av. Deniz Can K\u0131z\u0131l"},"image":{"@id":"https:\/\/denizcankizil.tr\/de\/#\/schema\/logo\/image\/"}},{"@type":"Person","@id":"https:\/\/denizcankizil.tr\/de\/#\/schema\/person\/001a271de994a0aa3f90eea084424822","name":"Hukuki Haber.net","image":{"@type":"ImageObject","inLanguage":"uk","@id":"https:\/\/denizcankizil.tr\/de\/#\/schema\/person\/image\/","url":"https:\/\/secure.gravatar.com\/avatar\/57d8a49151495586611a149d29fc42865b951dc053a84709a3172ccb5abf3118?s=96&d=mm&r=g","contentUrl":"https:\/\/secure.gravatar.com\/avatar\/57d8a49151495586611a149d29fc42865b951dc053a84709a3172ccb5abf3118?s=96&d=mm&r=g","caption":"Hukuki Haber.net"},"sameAs":["http:\/\/www.hukukihaber.net"],"url":"https:\/\/www.hukukihaber.net\/avukatlik-burolarinda-is-sagligi-ve-guvenligi-yukumluluklerinde-degisiklige-gidildi"}]}},"_links":{"self":[{"href":"http:\/\/denizcankizil.tr\/uk\/wp-json\/wp\/v2\/posts\/34815","targetHints":{"allow":["GET"]}}],"collection":[{"href":"http:\/\/denizcankizil.tr\/uk\/wp-json\/wp\/v2\/posts"}],"about":[{"href":"http:\/\/denizcankizil.tr\/uk\/wp-json\/wp\/v2\/types\/post"}],"author":[{"embeddable":true,"href":"http:\/\/denizcankizil.tr\/uk\/wp-json\/wp\/v2\/users\/3"}],"replies":[{"embeddable":true,"href":"http:\/\/denizcankizil.tr\/uk\/wp-json\/wp\/v2\/comments?post=34815"}],"version-history":[{"count":0,"href":"http:\/\/denizcankizil.tr\/uk\/wp-json\/wp\/v2\/posts\/34815\/revisions"}],"wp:attachment":[{"href":"http:\/\/denizcankizil.tr\/uk\/wp-json\/wp\/v2\/media?parent=34815"}],"wp:term":[{"taxonomy":"category","embeddable":true,"href":"http:\/\/denizcankizil.tr\/uk\/wp-json\/wp\/v2\/categories?post=34815"},{"taxonomy":"post_tag","embeddable":true,"href":"http:\/\/denizcankizil.tr\/uk\/wp-json\/wp\/v2\/tags?post=34815"}],"curies":[{"name":"wp","href":"https:\/\/api.w.org\/{rel}","templated":true}]}}